{"id":186422,"date":"2019-09-03T08:54:41","date_gmt":"2019-09-03T06:54:41","guid":{"rendered":"http:\/\/somos.vicencianos.org\/?p=186422"},"modified":"2019-06-08T13:46:51","modified_gmt":"2019-06-08T11:46:51","slug":"enciclica-laudato-si-06","status":"publish","type":"post","link":"http:\/\/vincentians.com\/es\/enciclica-laudato-si-06\/","title":{"rendered":"Enc\u00edclica \u00abLaudato Si\u00bb 06"},"content":{"rendered":"<h2>Cap\u00edtulo quinto: Algunas l\u00edneas de orientaci\u00f3n y acci\u00f3n<\/h2>\n<p>163. He intentado analizar la situaci\u00f3n actual de la humanidad, tanto en las grietas que se observan en el planeta que habitamos, como en las causas m\u00e1s profundamente humanas de la degradaci\u00f3n ambiental. Si bien esa contemplaci\u00f3n de la realidad en s\u00ed misma ya nos indica la necesidad de un cambio de rumbo y nos sugiere algunas acciones, intentemos ahora delinear grandes caminos de di\u00e1logo que nos ayuden a salir de la espiral de autodestrucci\u00f3n en la que nos estamos sumergiendo.<\/p>\n<h3><b>I. Di\u00e1logo sobre el medio ambiente en la pol\u00edtica internacional<\/b><\/h3>\n<p>164. Desde mediados del siglo pasado, y superando muchas dificultades, se ha ido afirmando la tendencia a concebir el planeta como patria y la humanidad como pueblo que habita una casa de todos. Un mundo interdependiente no significa \u00fanicamente entender que las consecuencias perjudiciales de los estilos de vida, producci\u00f3n y consumo afectan a todos, sino principalmente procurar que las soluciones se propongan desde una perspectiva global y no s\u00f3lo en defensa de los intereses de algunos pa\u00edses. La interdependencia nos obliga a pensar en <i>un solo mundo, en un proyecto com\u00fan. <\/i>Pero la misma inteligencia que se utiliz\u00f3 para un enorme desarrollo tecnol\u00f3gico no logra encontrar formas eficientes de gesti\u00f3n internacional en orden a resolver las graves dificultades ambientales y sociales. Para afrontar los problemas de fondo, que no pueden ser resueltos por acciones de pa\u00edses aislados, es indispensable un consenso mundial que lleve, por ejemplo, a programar una agricultura sostenible y diversificada, a desarrollar formas renovables y poco contaminantes de energ\u00eda, a fomentar una mayor eficiencia energ\u00e9tica, a promover una gesti\u00f3n m\u00e1s adecuada de los recursos forestales y marinos, a asegurar a todos el acceso al agua potable.<\/p>\n<p>165. Sabemos que la tecnolog\u00eda basada en combustibles f\u00f3siles muy contaminantes \u2013sobre todo el carb\u00f3n, pero aun el petr\u00f3leo y, en menor medida, el gas\u2013 necesita ser reemplazada progresivamente y sin demora. Mientras no haya un amplio desarrollo de energ\u00edas renovables, que deber\u00eda estar ya en marcha, es leg\u00edtimo optar por lo menos malo o acudir a soluciones transitorias. Sin embargo, en la comunidad internacional no se logran acuerdos suficientes sobre la responsabilidad de quienes deben soportar los costos de la transici\u00f3n energ\u00e9tica. En las \u00faltimas d\u00e9cadas, las cuestiones ambientales han generado un gran debate p\u00fablico que ha hecho crecer en la sociedad civil espacios de mucho compromiso y de entrega generosa. La pol\u00edtica y la empresa reaccionan con lentitud, lejos de estar a la altura de los desaf\u00edos mundiales. En este sentido se puede decir que, mientras la humanidad del per\u00edodo post-industrial quiz\u00e1s sea recordada como una de las m\u00e1s irresponsables de la historia, es de esperar que la humanidad de comienzos del siglo XXI pueda ser recordada por haber asumido con generosidad sus graves responsabilidades.<\/p>\n<p>166. El movimiento ecol\u00f3gico mundial ha hecho ya un largo recorrido, enriquecido por el esfuerzo de muchas organizaciones de la sociedad civil. No ser\u00eda posible aqu\u00ed mencionarlas a todas ni recorrer la historia de sus aportes. Pero, gracias a tanta entrega, las cuestiones ambientales han estado cada vez m\u00e1s presentes en la agenda p\u00fablica y se han convertido en una invitaci\u00f3n constante a pensar a largo plazo. No obstante, las Cumbres mundiales sobre el ambiente de los \u00faltimos a\u00f1os no respondieron a las expectativas porque, por falta de decisi\u00f3n pol\u00edtica, no alcanzaron acuerdos ambientales globales realmente significativos y eficaces.<\/p>\n<p>167. Cabe destacar la Cumbre de la Tierra, celebrada en 1992 en R\u00edo de Janeiro. All\u00ed se proclam\u00f3 que \u00ablos seres humanos constituyen el centro de las preocupaciones relacionadas con el desarrollo sostenible\u00bb<span id='easy-footnote-1-186422' class='easy-footnote-margin-adjust'><\/span><span class='easy-footnote'><a href='http:\/\/vincentians.com\/es\/enciclica-laudato-si-06\/#easy-footnote-bottom-1-186422' title='&lt;i&gt;Declaraci\u00f3n de R\u00edo sobre el medio ambiente y el desarrollo &lt;\/i&gt;(14 junio 1992), Principio 1.'><sup>1<\/sup><\/a><\/span>. Retomando contenidos de la Declaraci\u00f3n de Estocolmo (1972), consagr\u00f3 la cooperaci\u00f3n internacional para cuidar el ecosistema de toda la tierra, la obligaci\u00f3n por parte de quien contamina de hacerse cargo econ\u00f3micamente de ello, el deber de evaluar el impacto ambiental de toda obra o proyecto. Propuso el objetivo de estabilizar las concentraciones de gases de efecto invernadero en la atm\u00f3sfera para revertir el calentamiento global. Tambi\u00e9n elabor\u00f3 una agenda con un programa de acci\u00f3n y un convenio sobre diversidad biol\u00f3gica, declar\u00f3 principios en materia forestal. Si bien aquella cumbre fue verdaderamente superadora y prof\u00e9tica para su \u00e9poca, los acuerdos han tenido un bajo nivel de implementaci\u00f3n porque no se establecieron adecuados mecanismos de control, de revisi\u00f3n peri\u00f3dica y de sanci\u00f3n de los incumplimientos. Los principios enunciados siguen reclamando caminos eficaces y \u00e1giles de ejecuci\u00f3n pr\u00e1ctica.<\/p>\n<p>168. Como experiencias positivas se pueden mencionar, por ejemplo, el Convenio de Basilea sobre los desechos peligrosos, con un sistema de notificaci\u00f3n, est\u00e1ndares y controles; tambi\u00e9n la Convenci\u00f3n vinculante que regula el comercio internacional de especies amenazadas de fauna y flora silvestre, que incluye misiones de verificaci\u00f3n del cumplimiento efectivo. Gracias a la Convenci\u00f3n de Viena para la protecci\u00f3n de la capa de ozono y a su implementaci\u00f3n mediante el Protocolo de Montreal y sus enmiendas, el problema del adelgazamiento de esa capa parece haber entrado en una fase de soluci\u00f3n.<\/p>\n<p>169. En el cuidado de la diversidad biol\u00f3gica y en lo relacionado con la desertificaci\u00f3n, los avances han sido mucho menos significativos. En lo relacionado con el cambio clim\u00e1tico, los avances son lamentablemente muy escasos. La reducci\u00f3n de gases de efecto invernadero requiere honestidad, valent\u00eda y responsabilidad, sobre todo de los pa\u00edses m\u00e1s poderosos y m\u00e1s contaminantes. La Conferencia de las Naciones Unidas sobre el desarrollo sostenible denominada Rio+20 (R\u00edo de Janeiro 2012) emiti\u00f3 una extensa e ineficaz Declaraci\u00f3n final. Las negociaciones internacionales no pueden avanzar significativamente por las posiciones de los pa\u00edses que privilegian sus intereses nacionales sobre el bien com\u00fan global. Quienes sufrir\u00e1n las consecuencias que nosotros intentamos disimular recordar\u00e1n esta falta de conciencia y de responsabilidad. Mientras se elaboraba esta Enc\u00edclica, el debate ha adquirido una particular intensidad. Los creyentes no podemos dejar de pedirle a Dios por el avance positivo en las discusiones actuales, de manera que las generaciones futuras no sufran las consecuencias de imprudentes retardos.<\/p>\n<p>170. Algunas de las estrategias de baja emisi\u00f3n de gases contaminantes buscan la internacionalizaci\u00f3n de los costos ambientales, con el peligro de imponer a los pa\u00edses de menores recursos pesados compromisos de reducci\u00f3n de emisiones comparables a los de los pa\u00edses m\u00e1s industrializados. La imposici\u00f3n de estas medidas perjudica a los pa\u00edses m\u00e1s necesitados de desarrollo. De este modo, se agrega una nueva injusticia envuelta en el ropaje del cuidado del ambiente. Como siempre, el hilo se corta por lo m\u00e1s d\u00e9bil. Dado que los efectos del cambio clim\u00e1tico se har\u00e1n sentir durante mucho tiempo, aun cuando ahora se tomen medidas estrictas, algunos pa\u00edses con escasos recursos necesitar\u00e1n ayuda para adaptarse a efectos que ya se est\u00e1n produciendo y que afectan sus econom\u00edas. Sigue siendo cierto que hay responsabilidades comunes pero diferenciadas, sencillamente porque, como han dicho los Obispos de Bolivia, \u00ablos pa\u00edses que se han beneficiado por un alto grado de industrializaci\u00f3n, a costa de una enorme emisi\u00f3n de gases invernaderos, tienen mayor responsabilidad en aportar a la soluci\u00f3n de los problemas que han causado\u00bb<span id='easy-footnote-2-186422' class='easy-footnote-margin-adjust'><\/span><span class='easy-footnote'><a href='http:\/\/vincentians.com\/es\/enciclica-laudato-si-06\/#easy-footnote-bottom-2-186422' title='Conferencia Episcopal Boliviana, Carta pastoral sobre medio ambiente y desarrollo humano en Bolivia &lt;i&gt;El universo, don de Dios para la vida &lt;\/i&gt;(2012), 86.'><sup>2<\/sup><\/a><\/span>.<\/p>\n<p>171. La estrategia de compraventa de \u00ab bonos de carbono \u00bb puede dar lugar a una nueva forma de especulaci\u00f3n, y no servir para reducir la emisi\u00f3n global de gases contaminantes. Este sistema parece ser una soluci\u00f3n r\u00e1pida y f\u00e1cil, con la apariencia de cierto compromiso con el medio ambiente, pero que de ninguna manera implica un cambio radical a la altura de las circunstancias. M\u00e1s bien puede convertirse en un recurso diversivo que permita sostener el sobreconsumo de algunos pa\u00edses y sectores.<\/p>\n<p>172. Los pa\u00edses pobres necesitan tener como prioridad la erradicaci\u00f3n de la miseria y el desarrollo social de sus habitantes, aunque deban analizar el nivel escandaloso de consumo de algunos sectores privilegiados de su poblaci\u00f3n y controlar mejor la corrupci\u00f3n. Tambi\u00e9n es verdad que deben desarrollar formas menos contaminantes de producci\u00f3n de energ\u00eda, pero para ello requieren contar con la ayuda de los pa\u00edses que han crecido mucho a costa de la contaminaci\u00f3n actual del planeta. El aprovechamiento directo de la abundante energ\u00eda solar requiere que se establezcan mecanismos y subsidios de modo que los pa\u00edses en desarrollo puedan acceder a transferencia de tecnolog\u00edas, asistencia t\u00e9cnica y recursos financieros, pero siempre prestando atenci\u00f3n a las condiciones concretas, ya que \u00abno siempre es adecuadamente evaluada la compatibilidad de los sistemas con el contexto para el cual fueron dise\u00f1ados\u00bb<span id='easy-footnote-3-186422' class='easy-footnote-margin-adjust'><\/span><span class='easy-footnote'><a href='http:\/\/vincentians.com\/es\/enciclica-laudato-si-06\/#easy-footnote-bottom-3-186422' title='Consejo Pontificio Justicia y Paz, &lt;i&gt;Energ\u00eda, justicia y paz, &lt;\/i&gt;IV, 1, Ciudad del Vaticano 2013, 57.'><sup>3<\/sup><\/a><\/span>.Los costos ser\u00edan bajos si se los compara con los riesgos del cambio clim\u00e1tico. De todos modos, es ante todo una decisi\u00f3n \u00e9tica, fundada en la solidaridad de todos los pueblos.<\/p>\n<p>173. Urgen acuerdos internacionales que se cumplan, dada la fragilidad de las instancias locales para intervenir de modo eficaz. Las relaciones entre Estados deben resguardar la soberan\u00eda de cada uno, pero tambi\u00e9n establecer caminos consensuados para evitar cat\u00e1strofes locales que terminar\u00edan afectando a todos. Hacen falta marcos regulatorios globales que impongan obligaciones y que impidan acciones intolerables, como el hecho de que pa\u00edses poderosos expulsen a otros pa\u00edses residuos e industrias altamente contaminantes.<\/p>\n<p>174. Mencionemos tambi\u00e9n el sistema de gobernanza de los oc\u00e9anos. Pues, si bien hubo diversas convenciones internacionales y regionales, la fragmentaci\u00f3n y la ausencia de severos mecanismos de reglamentaci\u00f3n, control y sanci\u00f3n terminan minando todos los esfuerzos. El creciente problema de los residuos marinos y la protecci\u00f3n de las \u00e1reas marinas m\u00e1s all\u00e1 de las fronteras nacionales contin\u00faa planteando un desaf\u00edo especial. En definitiva, necesitamos un acuerdo sobre los reg\u00edmenes de gobernanza para toda la gama de los llamados \u00abbienes comunes globales\u00bb.<\/p>\n<p>175. La misma l\u00f3gica que dificulta tomar decisiones dr\u00e1sticas para invertir la tendencia al calentamiento global es la que no permite cumplir con el objetivo de erradicar la pobreza. Necesitamos una reacci\u00f3n global m\u00e1s responsable, que implica encarar al mismo tiempo la reducci\u00f3n de la contaminaci\u00f3n y el desarrollo de los pa\u00edses y regiones pobres. El siglo XXI, mientras mantiene un sistema de gobernanza propio de \u00e9pocas pasadas, es escenario de un debilitamiento de poder de los Estados nacionales, sobre todo porque la dimensi\u00f3n econ\u00f3mico-financiera, de caracter\u00edsticas transnacionales, tiende a predominar sobre la pol\u00edtica. En este contexto, se vuelve indispensable la maduraci\u00f3n de instituciones internacionales m\u00e1s fuertes y eficazmente organizadas, con autoridades designadas equitativamente por acuerdo entre los gobiernos nacionales, y dotadas de poder para sancionar. Como afirmaba Benedicto XVI en la l\u00ednea ya desarrollada por la doctrina social de la Iglesia, \u00abpara gobernar la econom\u00eda mundial, para sanear las econom\u00edas afectadas por la crisis, para prevenir su empeoramiento y mayores desequilibrios consiguientes, para lograr un oportuno desarme integral, la seguridad alimenticia y la paz, para garantizar la salvaguardia del ambiente y regular los flujos migratorios, urge la presencia de una verdadera Autoridad pol\u00edtica mundial, como fue ya esbozada por mi Predecesor, [san] Juan XXIII\u00bb<span id='easy-footnote-4-186422' class='easy-footnote-margin-adjust'><\/span><span class='easy-footnote'><a href='http:\/\/vincentians.com\/es\/enciclica-laudato-si-06\/#easy-footnote-bottom-4-186422' title='Benedicto XVI, Carta enc. &lt;i&gt; Caritas in veritate &lt;\/i&gt;(29 junio 2009), 67: &lt;i&gt;AAS &lt;\/i&gt;101 (2009), 700.'><sup>4<\/sup><\/a><\/span>. En esta perspectiva, la diplomacia adquiere una importancia in\u00e9dita, en orden a promover estrategias internacionales que se anticipen a los problemas m\u00e1s graves que terminan afectando a todos.<\/p>\n<h3><b>II. Di\u00e1logo hacia nuevas pol\u00edticas nacionales y locales<\/b><\/h3>\n<p>176. No s\u00f3lo hay ganadores y perdedores entre los pa\u00edses, sino tambi\u00e9n dentro de los pa\u00edses pobres, donde deben identificarse diversas responsabilidades. Por eso, las cuestiones relacionadas con el ambiente y con el desarrollo econ\u00f3mico ya no se pueden plantear s\u00f3lo desde las diferencias entre los pa\u00edses, sino que requieren prestar atenci\u00f3n a las pol\u00edticas nacionales y locales.<\/p>\n<p>177. Ante la posibilidad de una utilizaci\u00f3n irresponsable de las capacidades humanas, son funciones impostergables de cada Estado planificar, coordinar, vigilar y sancionar dentro de su propio territorio. La sociedad, \u00bfc\u00f3mo ordena y custodia su devenir en un contexto de constantes innovaciones tecnol\u00f3gicas? Un factor que act\u00faa como moderador ejecutivo es el derecho, que establece las reglas para las conductas admitidas a la luz del bien com\u00fan. Los l\u00edmites que debe imponer una sociedad sana, madura y soberana se asocian con: previsi\u00f3n y precauci\u00f3n, regulaciones adecuadas, vigilancia de la aplicaci\u00f3n de las normas, control de la corrupci\u00f3n, acciones de control operativo sobre los efectos emergentes no deseados de los procesos productivos, e intervenci\u00f3n oportuna ante riesgos inciertos o potenciales. Hay una creciente jurisprudencia orientada a disminuir los efectos contaminantes de los emprendimientos empresariales. Pero el marco pol\u00edtico e institucional no existe s\u00f3lo para evitar malas pr\u00e1cticas, sino tambi\u00e9n para alentar las mejores pr\u00e1cticas, para estimular la creatividad que busca nuevos caminos, para facilitar las iniciativas personales y colectivas.<\/p>\n<p>178. El drama del inmediatismo pol\u00edtico, sostenido tambi\u00e9n por poblaciones consumistas, provoca la necesidad de producir crecimiento a corto plazo. Respondiendo a intereses electorales, los gobiernos no se exponen f\u00e1cilmente a irritar a la poblaci\u00f3n con medidas que puedan afectar al nivel de consumo o poner en riesgo inversiones extranjeras. La miop\u00eda de la construcci\u00f3n de poder detiene la integraci\u00f3n de la agenda ambiental con mirada amplia en la agenda p\u00fablica de los gobiernos. Se olvida as\u00ed que \u00abel tiempo es superior al espacio\u00bb<span id='easy-footnote-5-186422' class='easy-footnote-margin-adjust'><\/span><span class='easy-footnote'><a href='http:\/\/vincentians.com\/es\/enciclica-laudato-si-06\/#easy-footnote-bottom-5-186422' title='Exhort. ap. &lt;i&gt; Evangelii gaudium &lt;\/i&gt;(24 noviembre 2013), 222: &lt;i&gt;AAS &lt;\/i&gt;105 (2013), 1111.'><sup>5<\/sup><\/a><\/span>, que siempre somos m\u00e1s fecundos cuando nos preocupamos por generar procesos m\u00e1s que por dominar espacios de poder. La grandeza pol\u00edtica se muestra cuando, en momentos dif\u00edciles, se obra por grandes principios y pensando en el bien com\u00fan a largo plazo. Al poder pol\u00edtico le cuesta mucho asumir este deber en un proyecto de naci\u00f3n.<\/p>\n<p>179. En algunos lugares, se est\u00e1n desarrollando cooperativas para la explotaci\u00f3n de energ\u00edas renovables que permiten el autoabastecimiento local e incluso la venta de excedentes. Este sencillo ejemplo indica que, mientras el orden mundial existente se muestra impotente para asumir responsabilidades, la instancia local puede hacer una diferencia. Pues all\u00ed se puede generar una mayor responsabilidad, un fuerte sentido comunitario, una especial capacidad de cuidado y una creatividad m\u00e1s generosa, un entra\u00f1able amor a la propia tierra, as\u00ed como se piensa en lo que se deja a los hijos y a los nietos. Estos valores tienen un arraigo muy hondo en las poblaciones abor\u00edgenes. Dado que el derecho a veces se muestra insuficiente debido a la corrupci\u00f3n, se requiere una decisi\u00f3n pol\u00edtica presionada por la poblaci\u00f3n. La sociedad, a trav\u00e9s de organismos no gubernamentales y asociaciones intermedias, debe obligar a los gobiernos a desarrollar normativas, procedimientos y controles m\u00e1s rigurosos. Si los ciudadanos no controlan al poder pol\u00edtico \u2013nacional, regional y municipal\u2013, tampoco es posible un control de los da\u00f1os ambientales. Por otra parte, las legislaciones de los municipios pueden ser m\u00e1s eficaces si hay acuerdos entre poblaciones vecinas para sostener las mismas pol\u00edticas ambientales.<\/p>\n<p>180. No se puede pensar en recetas uniformes, porque hay problemas y l\u00edmites espec\u00edficos de cada pa\u00eds o regi\u00f3n. Tambi\u00e9n es verdad que el realismo pol\u00edtico puede exigir medidas y tecnolog\u00edas de transici\u00f3n, siempre que est\u00e9n acompa\u00f1adas del dise\u00f1o y la aceptaci\u00f3n de compromisos graduales vinculantes. Pero en los \u00e1mbitos nacionales y locales siempre hay mucho por hacer, como promover las formas de ahorro de energ\u00eda. Esto implica favorecer formas de producci\u00f3n industrial con m\u00e1xima eficiencia energ\u00e9tica y menos cantidad de materia prima, quitando del mercado los productos que son poco eficaces desde el punto de vista energ\u00e9tico o que son m\u00e1s contaminantes. Tambi\u00e9n podemos mencionar una buena gesti\u00f3n del transporte o formas de construcci\u00f3n y de saneamiento de edificios que reduzcan su consumo energ\u00e9tico y su nivel de contaminaci\u00f3n. Por otra parte, la acci\u00f3n pol\u00edtica local puede orientarse a la modificaci\u00f3n del consumo, al desarrollo de una econom\u00eda de residuos y de reciclaje, a la protecci\u00f3n de especies y a la programaci\u00f3n de una agricultura diversificada con rotaci\u00f3n de cultivos. Es posible alentar el mejoramiento agr\u00edcola de regiones pobres mediante inversiones en infraestructuras rurales, en la organizaci\u00f3n del mercado local o nacional, en sistemas de riego, en el desarrollo de t\u00e9cnicas agr\u00edcolas sostenibles. Se pueden facilitar formas de cooperaci\u00f3n o de organizaci\u00f3n comunitaria que defiendan los intereses de los peque\u00f1os productores y preserven los ecosistemas locales de la depredaci\u00f3n. \u00a1Es tanto lo que s\u00ed se puede hacer!<\/p>\n<p>181. Es indispensable la continuidad, porque no se pueden modificar las pol\u00edticas relacionadas con el cambio clim\u00e1tico y la protecci\u00f3n del ambiente cada vez que cambia un gobierno. Los resultados requieren mucho tiempo, y suponen costos inmediatos con efectos que no podr\u00e1n ser mostrados dentro del actual per\u00edodo de gobierno. Por eso, sin la presi\u00f3n de la poblaci\u00f3n y de las instituciones siempre habr\u00e1 resistencia a intervenir, m\u00e1s a\u00fan cuando haya urgencias que resolver. Que un pol\u00edtico asuma estas responsabilidades con los costos que implican, no responde a la l\u00f3gica eficientista e inmediatista de la econom\u00eda y de la pol\u00edtica actual, pero si se atreve a hacerlo, volver\u00e1 a reconocer la dignidad que Dios le ha dado como humano y dejar\u00e1 tras su paso por esta historia un testimonio de generosa responsabilidad. Hay que conceder un lugar preponderante a una sana pol\u00edtica, capaz de reformar las instituciones, coordinarlas y dotarlas de mejores pr\u00e1cticas, que permitan superar presiones e inercias viciosas. Sin embargo, hay que agregar que los mejores mecanismos terminan sucumbiendo cuando faltan los grandes fines, los valores, una comprensi\u00f3n humanista y rica de sentido que otorguen a cada sociedad una orientaci\u00f3n noble y generosa.<\/p>\n<h3><b>III. Di\u00e1logo y transparencia en los procesos decisionales <\/b><\/h3>\n<p>182. La previsi\u00f3n del impacto ambiental de los emprendimientos y proyectos requiere procesos pol\u00edticos transparentes y sujetos al di\u00e1logo, mientras la corrupci\u00f3n, que esconde el verdadero impacto ambiental de un proyecto a cambio de favores, suele llevar a acuerdos espurios que evitan informar y debatir ampliamente.<\/p>\n<p>183. Un estudio del impacto ambiental no deber\u00eda ser posterior a la elaboraci\u00f3n de un proyecto productivo o de cualquier pol\u00edtica, plan o programa a desarrollarse. Tiene que insertarse desde el principio y elaborarse de modo interdisciplinario, transparente e independiente de toda presi\u00f3n econ\u00f3mica o pol\u00edtica. Debe conectarse con el an\u00e1lisis de las condiciones de trabajo y de los posibles efectos en la salud f\u00edsica y mental de las personas, en la econom\u00eda local, en la seguridad. Los resultados econ\u00f3micos podr\u00e1n as\u00ed deducirse de manera m\u00e1s realista, teniendo en cuenta los escenarios posibles y eventualmente previendo la necesidad de una inversi\u00f3n mayor para resolver efectos indeseables que puedan ser corregidos. Siempre es necesario alcanzar consensos entre los distintos actores sociales, que pueden aportar diferentes perspectivas, soluciones y alternativas. Pero en la mesa de discusi\u00f3n deben tener un lugar privilegiado los habitantes locales, quienes se preguntan por lo que quieren para ellos y para sus hijos, y pueden considerar los fines que trascienden el inter\u00e9s econ\u00f3mico inmediato. Hay que dejar de pensar en \u00abintervenciones\u00bb sobre el ambiente para dar lugar a pol\u00edticas pensadas y discutidas por todas las partes interesadas. La participaci\u00f3n requiere que todos sean adecuadamente informados de los diversos aspectos y de los diferentes riesgos y posibilidades, y no se reduce a la decisi\u00f3n inicial sobre un proyecto, sino que implica tambi\u00e9n acciones de seguimiento o monitorizaci\u00f3n constante. Hace falta sinceridad y verdad en las discusiones cient\u00edficas y pol\u00edticas, sin reducirse a considerar qu\u00e9 est\u00e1 permitido o no por la legislaci\u00f3n.<\/p>\n<p>184. Cuando aparecen eventuales riesgos para el ambiente que afecten al bien com\u00fan presente y futuro, esta situaci\u00f3n exige \u00abque las decisiones se basen en una comparaci\u00f3n entre los riesgos y los beneficios hipot\u00e9ticos que comporta cada decisi\u00f3n alternativa posible\u00bb<span id='easy-footnote-6-186422' class='easy-footnote-margin-adjust'><\/span><span class='easy-footnote'><a href='http:\/\/vincentians.com\/es\/enciclica-laudato-si-06\/#easy-footnote-bottom-6-186422' title='Consejo Pontificio Justicia y Paz, &lt;i&gt; Compendio de la Doctrina Social de la Iglesia&lt;\/i&gt;, 469.'><sup>6<\/sup><\/a><\/span>. Esto vale sobre todo si un proyecto puede producir un incremento de utilizaci\u00f3n de recursos naturales, de emisiones o vertidos, de generaci\u00f3n de residuos, o una modificaci\u00f3n significativa en el paisaje, en el h\u00e1bitat de especies protegidas o en un espacio p\u00fablico. Algunos proyectos, no suficientemente analizados, pueden afectar profundamente la calidad de vida de un lugar debido a cuestiones tan diversas entre s\u00ed como una contaminaci\u00f3n ac\u00fastica no prevista, la reducci\u00f3n de la amplitud visual, la p\u00e9rdida de valores culturales, los efectos del uso de energ\u00eda nuclear. La cultura consumista, que da prioridad al corto plazo y al inter\u00e9s privado, puede alentar tr\u00e1mites demasiado r\u00e1pidos o consentir el ocultamiento de informaci\u00f3n.<\/p>\n<p>185. En toda discusi\u00f3n acerca de un emprendimiento, una serie de preguntas deber\u00edan plantearse en orden a discernir si aportar\u00e1 a un verdadero desarrollo integral: \u00bfPara qu\u00e9? \u00bfPor qu\u00e9? \u00bfD\u00f3nde? \u00bfCu\u00e1ndo? \u00bfDe qu\u00e9 manera? \u00bfPara qui\u00e9n? \u00bfCu\u00e1les son los riesgos? \u00bfA qu\u00e9 costo? \u00bfQui\u00e9n paga los costos y c\u00f3mo lo har\u00e1? En este examen hay cuestiones que deben tener prioridad. Por ejemplo, sabemos que el agua es un recurso escaso e indispensable y es un derecho fundamental que condiciona el ejercicio de otros derechos humanos. Eso es indudable y supera todo an\u00e1lisis de impacto ambiental de una regi\u00f3n.<\/p>\n<p>186. En la Declaraci\u00f3n de R\u00edo de 1992, se sostiene que, \u00abcuando haya peligro de da\u00f1o grave o irreversible, la falta de certeza cient\u00edfica absoluta no deber\u00e1 utilizarse como raz\u00f3n para postergar la adopci\u00f3n de medidas eficaces\u00bb<span id='easy-footnote-7-186422' class='easy-footnote-margin-adjust'><\/span><span class='easy-footnote'><a href='http:\/\/vincentians.com\/es\/enciclica-laudato-si-06\/#easy-footnote-bottom-7-186422' title='&lt;i&gt;Declaraci\u00f3n de R\u00edo sobre el medio ambiente y el desarrollo &lt;\/i&gt;(14 junio 1992), Principio 15.'><sup>7<\/sup><\/a><\/span> que impidan la degradaci\u00f3n del medio ambiente. Este principio precautorio permite la protecci\u00f3n de los m\u00e1s d\u00e9biles, que disponen de pocos medios para defenderse y para aportar pruebas irrefutables. Si la informaci\u00f3n objetiva lleva a prever un da\u00f1o grave e irreversible, aunque no haya una comprobaci\u00f3n indiscutible, cualquier proyecto deber\u00eda detenerse o modificarse. As\u00ed se invierte el peso de la prueba, ya que en estos casos hay que aportar una demostraci\u00f3n objetiva y contundente de que la actividad propuesta no va a generar da\u00f1os graves al ambiente o a quienes lo habitan.<\/p>\n<p>187. Esto no implica oponerse a cualquier innovaci\u00f3n tecnol\u00f3gica que permita mejorar la calidad de vida de una poblaci\u00f3n. Pero en todo caso debe quedar en pie que la rentabilidad no puede ser el \u00fanico criterio a tener en cuenta y que, en el momento en que aparezcan nuevos elementos de juicio a partir de la evoluci\u00f3n de la informaci\u00f3n, deber\u00eda haber una nueva evaluaci\u00f3n con participaci\u00f3n de todas las partes interesadas. El resultado de la discusi\u00f3n podr\u00eda ser la decisi\u00f3n de no avanzar en un proyecto, pero tambi\u00e9n podr\u00eda ser su modificaci\u00f3n o el desarrollo de propuestas alternativas.<\/p>\n<p>188. Hay discusiones sobre cuestiones relacionadas con el ambiente donde es dif\u00edcil alcanzar consensos. Una vez m\u00e1s expreso que la Iglesia no pretende definir las cuestiones cient\u00edficas ni sustituir a la pol\u00edtica, pero invito a un debate honesto y transparente, para que las necesidades particulares o las ideolog\u00edas no afecten al bien com\u00fan.<\/p>\n<h3><b>IV. Pol\u00edtica y econom\u00eda en di\u00e1logo para la plenitud humana<\/b><\/h3>\n<p>La pol\u00edtica no debe someterse a la econom\u00eda y \u00e9sta no debe someterse a los dict\u00e1menes y al paradigma eficientista de la tecnocracia. Hoy, pensando en el bien com\u00fan, necesitamos imperiosamente que la pol\u00edtica y la econom\u00eda, en di\u00e1logo, se coloquen decididamente al servicio de la vida, especialmente de la vida humana. La salvaci\u00f3n de los bancos a toda costa, haciendo pagar el precio a la poblaci\u00f3n, sin la firme decisi\u00f3n de revisar y reformar el entero sistema, reafirma un dominio absoluto de las finanzas que no tiene futuro y que s\u00f3lo podr\u00e1 generar nuevas crisis despu\u00e9s de una larga, costosa y aparente curaci\u00f3n. La crisis financiera de 2007-2008 era la ocasi\u00f3n para el desarrollo de una nueva econom\u00eda m\u00e1s atenta a los principios \u00e9ticos y para una nueva regulaci\u00f3n de la actividad financiera especulativa y de la riqueza ficticia. Pero no hubo una reacci\u00f3n que llevara a repensar los criterios obsoletos que siguen rigiendo al mundo. La producci\u00f3n no es siempre racional, y suele estar atada a variables econ\u00f3micas que fijan a los productos un valor que no coincide con su valor real. Eso lleva muchas veces a una sobreproducci\u00f3n de algunas mercanc\u00edas, con un impacto ambiental innecesario, que al mismo tiempo perjudica a muchas econom\u00edas regionales<span id='easy-footnote-8-186422' class='easy-footnote-margin-adjust'><\/span><span class='easy-footnote'><a href='http:\/\/vincentians.com\/es\/enciclica-laudato-si-06\/#easy-footnote-bottom-8-186422' title='Cf. Conferencia del Episcopado Mexicano. Comisi\u00f3n Episcopal para la Pastoral Social, &lt;i&gt;Jesucristo, vida y esperanza de los ind\u00edgenas y campesinos &lt;\/i&gt;(14 enero 2008).'><sup>8<\/sup><\/a><\/span>. La burbuja financiera tambi\u00e9n suele ser una burbuja productiva. En definitiva, lo que no se afronta con energ\u00eda es el problema de la econom\u00eda real, la que hace posible que se diversifique y mejore la producci\u00f3n, que las empresas funcionen adecuadamente, que las peque\u00f1as y medianas empresas se desarrollen y creen empleo.<\/p>\n<p>190. En este contexto, siempre hay que recordar que \u00abla protecci\u00f3n ambiental no puede asegurarse s\u00f3lo en base al c\u00e1lculo financiero de costos y beneficios. El ambiente es uno de esos bienes que los mecanismos del mercado no son capaces de defender o de promover adecuadamente\u00bb<span id='easy-footnote-9-186422' class='easy-footnote-margin-adjust'><\/span><span class='easy-footnote'><a href='http:\/\/vincentians.com\/es\/enciclica-laudato-si-06\/#easy-footnote-bottom-9-186422' title='Consejo Pontificio Justicia y Paz, &lt;i&gt; Compendio de la Doctrina Social de la Iglesia&lt;\/i&gt;, 470.'><sup>9<\/sup><\/a><\/span>. Una vez m\u00e1s, conviene evitar una concepci\u00f3n m\u00e1gica del mercado, que tiende a pensar que los problemas se resuelven s\u00f3lo con el crecimiento de los beneficios de las empresas o de los individuos. \u00bfEs realista esperar que quien se obsesiona por el m\u00e1ximo beneficio se detenga a pensar en los efectos ambientales que dejar\u00e1 a las pr\u00f3ximas generaciones? Dentro del esquema del r\u00e9dito no hay lugar para pensar en los ritmos de la naturaleza, en sus tiempos de degradaci\u00f3n y de regeneraci\u00f3n, y en la complejidad de los ecosistemas, que pueden ser gravemente alterados por la intervenci\u00f3n humana. Adem\u00e1s, cuando se habla de biodiversidad, a lo sumo se piensa en ella como un dep\u00f3sito de recursos econ\u00f3micos que podr\u00eda ser explotado, pero no se considera seriamente el valor real de las cosas, su significado para las personas y las culturas, los intereses y necesidades de los pobres.<\/p>\n<p>191. Cuando se plantean estas cuestiones, algunos reaccionan acusando a los dem\u00e1s de pretender detener irracionalmente el progreso y el desarrollo humano. Pero tenemos que convencernos de que desacelerar un determinado ritmo de producci\u00f3n y de consumo puede dar lugar a otro modo de progreso y desarrollo. Los esfuerzos para un uso sostenible de los recursos naturales no son un gasto in\u00fatil, sino una inversi\u00f3n que podr\u00e1 ofrecer otros beneficios econ\u00f3micos a medio plazo. Si no tenemos estrechez de miras, podemos descubrir que la diversificaci\u00f3n de una producci\u00f3n m\u00e1s innovativa y con menor impacto ambiental, puede ser muy rentable. Se trata de abrir camino a oportunidades diferentes, que no implican detener la creatividad humana y su sue\u00f1o de progreso, sino orientar esa energ\u00eda con cauces nuevos.<\/p>\n<p>192. Por ejemplo, un camino de desarrollo productivo m\u00e1s creativo y mejor orientado podr\u00eda corregir el hecho de que haya una inversi\u00f3n tecnol\u00f3gica excesiva para el consumo y poca para resolver problemas pendientes de la humanidad; podr\u00eda generar formas inteligentes y rentables de reutilizaci\u00f3n, refuncionalizaci\u00f3n y reciclado; podr\u00eda mejorar la eficiencia energ\u00e9tica de las ciudades. La diversificaci\u00f3n productiva da ampl\u00edsimas posibilidades a la inteligencia humana para crear e innovar, a la vez que protege el ambiente y crea m\u00e1s fuentes de trabajo. Esta ser\u00eda una creatividad capaz de hacer florecer nuevamente la nobleza del ser humano, porque es m\u00e1s digno usar la inteligencia, con audacia y responsabilidad, para encontrar formas de desarrollo sostenible y equitativo, en el marco de una noci\u00f3n m\u00e1s amplia de lo que es la calidad de vida. En cambio, es m\u00e1s indigno, superficial y menos creativo insistir en crear formas de expolio de la naturaleza s\u00f3lo para ofrecer nuevas posibilidades de consumo y de r\u00e9dito inmediato.<\/p>\n<p>193. De todos modos, si en algunos casos el desarrollo sostenible implicar\u00e1 nuevas formas de crecer, en otros casos, frente al crecimiento voraz e irresponsable que se produjo durante muchas d\u00e9cadas, hay que pensar tambi\u00e9n en detener un poco la marcha, en poner algunos l\u00edmites racionales e incluso en volver atr\u00e1s antes que sea tarde. Sabemos que es insostenible el comportamiento de aquellos que consumen y destruyen m\u00e1s y m\u00e1s, mientras otros todav\u00eda no pueden vivir de acuerdo con su dignidad humana. Por eso ha llegado la hora de aceptar cierto decrecimiento en algunas partes del mundo aportando recursos para que se pueda crecer sanamente en otras partes. Dec\u00eda Benedicto XVI que \u00abes necesario que las sociedades tecnol\u00f3gicamente avanzadas est\u00e9n dispuestas a favorecer comportamientos caracterizados por la sobriedad, disminuyendo el propio consumo de energ\u00eda y mejorando las condiciones de su uso\u00bb<span id='easy-footnote-10-186422' class='easy-footnote-margin-adjust'><\/span><span class='easy-footnote'><a href='http:\/\/vincentians.com\/es\/enciclica-laudato-si-06\/#easy-footnote-bottom-10-186422' title='&lt;i&gt; Mensaje para la Jornada Mundial de la Paz 2010&lt;\/i&gt;, 9: &lt;i&gt;AAS &lt;\/i&gt;102 (2010), 46.'><sup>10<\/sup><\/a><\/span>.<\/p>\n<p>194. Para que surjan nuevos modelos de progreso, necesitamos \u00abcambiar el modelo de desarrollo global\u00bb<span id='easy-footnote-11-186422' class='easy-footnote-margin-adjust'><\/span><span class='easy-footnote'><a href='http:\/\/vincentians.com\/es\/enciclica-laudato-si-06\/#easy-footnote-bottom-11-186422' title='&lt;i&gt;Ib\u00edd&lt;\/i&gt;.'><sup>11<\/sup><\/a><\/span>, lo cual implica reflexionar responsablemente \u00absobre el sentido de la econom\u00eda y su finalidad, para corregir sus disfunciones y distorsiones\u00bb<span id='easy-footnote-12-186422' class='easy-footnote-margin-adjust'><\/span><span class='easy-footnote'><a href='http:\/\/vincentians.com\/es\/enciclica-laudato-si-06\/#easy-footnote-bottom-12-186422' title='&lt;i&gt;Ib\u00edd.&lt;\/i&gt;, 5: p. 43.'><sup>12<\/sup><\/a><\/span>. No basta conciliar, en un t\u00e9rmino medio, el cuidado de la naturaleza con la renta financiera, o la preservaci\u00f3n del ambiente con el progreso. En este tema los t\u00e9rminos medios son s\u00f3lo una peque\u00f1a demora en el derrumbe. Simplemente se trata de redefinir el progreso. Un desarrollo tecnol\u00f3gico y econ\u00f3mico que no deja un mundo mejor y una calidad de vida integralmente superior no puede considerarse progreso. Por otra parte, muchas veces la calidad real de la vida de las personas disminuye \u2013por el deterioro del ambiente, la baja calidad de los mismos productos alimenticios o el agotamiento de algunos recursos\u2013 en el contexto de un crecimiento de la econom\u00eda. En este marco, el discurso del crecimiento sostenible suele convertirse en un recurso diversivo y exculpatorio que absorbe valores del discurso ecologista dentro de la l\u00f3gica de las finanzas y de la tecnocracia, y la responsabilidad social y ambiental de las empresas suele reducirse a una serie de acciones de marketing e imagen.<\/p>\n<p>195. El principio de maximizaci\u00f3n de la ganancia, que tiende a aislarse de toda otra consideraci\u00f3n, es una distorsi\u00f3n conceptual de la econom\u00eda: si aumenta la producci\u00f3n, interesa poco que se produzca a costa de los recursos futuros o de la salud del ambiente; si la tala de un bosque aumenta la producci\u00f3n, nadie mide en ese c\u00e1lculo la p\u00e9rdida que implica desertificar un territorio, da\u00f1ar la biodiversidad o aumentar la contaminaci\u00f3n. Es decir, las empresas obtienen ganancias calculando y pagando una parte \u00ednfima de los costos. S\u00f3lo podr\u00eda considerarse \u00e9tico un comportamiento en el cual \u00ablos costes econ\u00f3micos y sociales que se derivan del uso de los recursos ambientales comunes se reconozcan de manera transparente y sean sufragados totalmente por aquellos que se benefician, y no por otros o por las futuras generaciones\u00bb<span id='easy-footnote-13-186422' class='easy-footnote-margin-adjust'><\/span><span class='easy-footnote'><a href='http:\/\/vincentians.com\/es\/enciclica-laudato-si-06\/#easy-footnote-bottom-13-186422' title='Benedicto XVI, Carta enc. &lt;i&gt; Caritas in veritate &lt;\/i&gt;(29 junio 2009), 50: &lt;i&gt;AAS &lt;\/i&gt;101 (2009), 686.'><sup>13<\/sup><\/a><\/span>. La racionalidad instrumental, que s\u00f3lo aporta un an\u00e1lisis est\u00e1tico de la realidad en funci\u00f3n de necesidades actuales, est\u00e1 presente tanto cuando quien asigna los recursos es el mercado como cuando lo hace un Estado planificador.<\/p>\n<p>196. \u00bfQu\u00e9 ocurre con la pol\u00edtica? Recordemos el principio de subsidiariedad, que otorga libertad para el desarrollo de las capacidades presentes en todos los niveles, pero al mismo tiempo exige m\u00e1s responsabilidad por el bien com\u00fan a quien tiene m\u00e1s poder. Es verdad que hoy algunos sectores econ\u00f3micos ejercen m\u00e1s poder que los mismos Estados. Pero no se puede justificar una econom\u00eda sin pol\u00edtica, que ser\u00eda incapaz de propiciar otra l\u00f3gica que rija los diversos aspectos de la crisis actual. La l\u00f3gica que no permite prever una preocupaci\u00f3n sincera por el ambiente es la misma que vuelve imprevisible una preocupaci\u00f3n por integrar a los m\u00e1s fr\u00e1giles, porque \u00aben el vigente modelo \u201cexitista\u201d y \u201cprivatista\u201d no parece tener sentido invertir para que los lentos, d\u00e9biles o menos dotados puedan abrirse camino en la vida\u00bb<span id='easy-footnote-14-186422' class='easy-footnote-margin-adjust'><\/span><span class='easy-footnote'><a href='http:\/\/vincentians.com\/es\/enciclica-laudato-si-06\/#easy-footnote-bottom-14-186422' title='Exhort. ap. &lt;i&gt; Evangelii gaudium &lt;\/i&gt;(24 noviembre 2013), 209: &lt;i&gt;AAS &lt;\/i&gt;105 (2013), 1107.'><sup>14<\/sup><\/a><\/span>.<\/p>\n<p>197. Necesitamos una pol\u00edtica que piense con visi\u00f3n amplia, y que lleve adelante un replanteo integral, incorporando en un di\u00e1logo interdisciplinario los diversos aspectos de la crisis. Muchas veces la misma pol\u00edtica es responsable de su propio descr\u00e9dito, por la corrupci\u00f3n y por la falta de buenas pol\u00edticas p\u00fablicas. Si el Estado no cumple su rol en una regi\u00f3n, algunos grupos econ\u00f3micos pueden aparecer como benefactores y detentar el poder real, sinti\u00e9ndose autorizados a no cumplir ciertas normas, hasta dar lugar a diversas formas de criminalidad organizada, trata de personas, narcotr\u00e1fico y violencia muy dif\u00edciles de erradicar. Si la pol\u00edtica no es capaz de romper una l\u00f3gica perversa, y tambi\u00e9n queda subsumida en discursos empobrecidos, seguiremos sin afrontar los grandes problemas de la humanidad. Una estrategia de cambio real exige repensar la totalidad de los procesos, ya que no basta con incluir consideraciones ecol\u00f3gicas superficiales mientras no se cuestione la l\u00f3gica subyacente en la cultura actual. Una sana pol\u00edtica deber\u00eda ser capaz de asumir este desaf\u00edo.<\/p>\n<p>198. La pol\u00edtica y la econom\u00eda tienden a culparse mutuamente por lo que se refiere a la pobreza y a la degradaci\u00f3n del ambiente. Pero lo que se espera es que reconozcan sus propios errores y encuentren formas de interacci\u00f3n orientadas al bien com\u00fan. Mientras unos se desesperan s\u00f3lo por el r\u00e9dito econ\u00f3mico y otros se obsesionan s\u00f3lo por conservar o acrecentar el poder, lo que tenemos son guerras o acuerdos espurios donde lo que menos interesa a las dos partes es preservar el ambiente y cuidar a los m\u00e1s d\u00e9biles. Aqu\u00ed tambi\u00e9n vale que \u00abla unidad es superior al conflicto\u00bb<span id='easy-footnote-15-186422' class='easy-footnote-margin-adjust'><\/span><span class='easy-footnote'><a href='http:\/\/vincentians.com\/es\/enciclica-laudato-si-06\/#easy-footnote-bottom-15-186422' title='&lt;i&gt;Ib\u00edd.&lt;\/i&gt;, 228: p. 1113.'><sup>15<\/sup><\/a><\/span>.<\/p>\n<h3><b>V. Las religiones en el di\u00e1logo con las ciencias<\/b><\/h3>\n<p>199. No se puede sostener que las ciencias emp\u00edricas explican completamente la vida, el entramado de todas las criaturas y el conjunto de la realidad. Eso ser\u00eda sobrepasar indebidamente sus confines metodol\u00f3gicos limitados. Si se reflexiona con ese marco cerrado, desaparecen la sensibilidad est\u00e9tica, la poes\u00eda, y aun la capacidad de la raz\u00f3n para percibir el sentido y la finalidad de las cosas<span id='easy-footnote-16-186422' class='easy-footnote-margin-adjust'><\/span><span class='easy-footnote'><a href='http:\/\/vincentians.com\/es\/enciclica-laudato-si-06\/#easy-footnote-bottom-16-186422' title='Cf. Carta enc. &lt;i&gt;Lumen fidei &lt;\/i&gt;(29 junio 2013), 34: &lt;i&gt;AAS &lt;\/i&gt;105 (2013), 577: \u00abLa luz de la fe, unida a la verdad del amor, no es ajena al mundo material, porque el amor se vive siempre en cuerpo y alma; la luz de la fe es una luz encarnada, que procede de la vida luminosa de Jes\u00fas. Ilumina incluso la materia, conf\u00eda en su ordenamiento, sabe que en ella se abre un camino de armon\u00eda y de comprensi\u00f3n cada vez m\u00e1s amplio. La mirada de la ciencia se beneficia as\u00ed de la fe: esta invita al cient\u00edfico a estar abierto a la realidad, en toda su riqueza inagotable. La fe despierta el sentido cr\u00edtico, en cuanto que no permite que la investigaci\u00f3n se conforme con sus f\u00f3rmulas y la ayuda a darse cuenta de que la naturaleza no se reduce a ellas. Invitando a maravillarse ante el misterio de la creaci\u00f3n, la fe ensancha los horizontes de la raz\u00f3n para iluminar mejor el mundo que se presenta a los estudios de la ciencia\u00bb.'><sup>16<\/sup><\/a><\/span>. Quiero recordar que \u00ablos textos religiosos cl\u00e1sicos pueden ofrecer un significado para todas las \u00e9pocas, tienen una fuerza motivadora que abre siempre nuevos horizontes [\u2026] \u00bfEs razonable y culto relegarlos a la oscuridad, s\u00f3lo por haber surgido en el contexto de una creencia religiosa?\u00bb<span id='easy-footnote-17-186422' class='easy-footnote-margin-adjust'><\/span><span class='easy-footnote'><a href='http:\/\/vincentians.com\/es\/enciclica-laudato-si-06\/#easy-footnote-bottom-17-186422' title='Exhort. ap. &lt;i&gt; Evangelii gaudium &lt;\/i&gt;(24 noviembre 2013), 256: &lt;i&gt;AAS &lt;\/i&gt;105 (2013), 1123.'><sup>17<\/sup><\/a><\/span>. En realidad, es ingenuo pensar que los principios \u00e9ticos puedan presentarse de un modo puramente abstracto, desligados de todo contexto, y el hecho de que aparezcan con un lenguaje religioso no les quita valor alguno en el debate p\u00fablico. Los principios \u00e9ticos que la raz\u00f3n es capaz de percibir pueden reaparecer siempre bajo distintos ropajes y expresados con lenguajes diversos, incluso religiosos.<\/p>\n<p>200. Por otra parte, cualquier soluci\u00f3n t\u00e9cnica que pretendan aportar las ciencias ser\u00e1 impotente para resolver los graves problemas del mundo si la humanidad pierde su rumbo, si se olvidan las grandes motivaciones que hacen posible la convivencia, el sacrificio, la bondad. En todo caso, habr\u00e1 que interpelar a los creyentes a ser coherentes con su propia fe y a no contradecirla con sus acciones, habr\u00e1 que reclamarles que vuelvan a abrirse a la gracia de Dios y a beber en lo m\u00e1s hondo de sus propias convicciones sobre el amor, la justicia y la paz. Si una mala comprensi\u00f3n de nuestros propios principios a veces nos ha llevado a justificar el maltrato a la naturaleza o el dominio desp\u00f3tico del ser humano sobre lo creado o las guerras, la injusticia y la violencia, los creyentes podemos reconocer que de esa manera hemos sido infieles al tesoro de sabidur\u00eda que deb\u00edamos custodiar. Muchas veces los l\u00edmites culturales de diversas \u00e9pocas han condicionado esa conciencia del propio acervo \u00e9tico y espiritual, pero es precisamente el regreso a sus fuentes lo que permite a las religiones responder mejor a las necesidades actuales.<\/p>\n<p>201. La mayor parte de los habitantes del planeta se declaran creyentes, y esto deber\u00eda provocar a las religiones a entrar en un di\u00e1logo entre ellas orientado al cuidado de la naturaleza, a la defensa de los pobres, a la construcci\u00f3n de redes de respeto y de fraternidad. Es imperioso tambi\u00e9n un di\u00e1logo entre las ciencias mismas, porque cada una suele encerrarse en los l\u00edmites de su propio lenguaje, y la especializaci\u00f3n tiende a convertirse en aislamiento y en absolutizaci\u00f3n del propio saber. Esto impide afrontar adecuadamente los problemas del medio ambiente. Tambi\u00e9n se vuelve necesario un di\u00e1logo abierto y amable entre los diferentes movimientos ecologistas, donde no faltan las luchas ideol\u00f3gicas. La gravedad de la crisis ecol\u00f3gica nos exige a todos pensar en el bien com\u00fan y avanzar en un camino de di\u00e1logo que requiere paciencia, ascesis y generosidad, recordando siempre que \u00abla realidad es superior a la idea\u00bb<span id='easy-footnote-18-186422' class='easy-footnote-margin-adjust'><\/span><span class='easy-footnote'><a href='http:\/\/vincentians.com\/es\/enciclica-laudato-si-06\/#easy-footnote-bottom-18-186422' title='&lt;i&gt;Ib\u00edd.&lt;\/i&gt;, 231: p. 1114.'><sup>18<\/sup><\/a><\/span><a title=\"\" href=\".\/#_ftn143\" name=\"_ftnref143\"><\/a>.<\/p>\n<h2>Enc\u00edclica \u00abLaudato Si\u00bb, del Santo Padre Francisco, sobre el cuidado de la casa com\u00fan:<\/h2>\n<table border=\"0\" align=\"center\">\n<tbody>\n<tr>\n<td>Descarga en formato PDF<em>:<\/em><\/td>\n<\/tr>\n<tr>\n<td><a href=\"http:\/\/vicencianos.org\/download\/376\/\" target=\"_blank\" rel=\"noopener noreferrer\"><img data-recalc-dims=\"1\" loading=\"lazy\" decoding=\"async\" class=\"aligncenter size-full wp-image-8098\" src=\"https:\/\/i0.wp.com\/vicencianos.org\/wp-content\/2010\/12\/pdf1.png?resize=256%2C256\" alt=\"pdf\" width=\"256\" height=\"256\" \/><\/a><\/td>\n<\/tr>\n<\/tbody>\n<\/table>\n","protected":false},"excerpt":{"rendered":"<p>Cap\u00edtulo quinto: Algunas l\u00edneas de orientaci\u00f3n y acci\u00f3n 163. He intentado analizar la situaci\u00f3n actual de la humanidad, tanto en las grietas que se observan en el planeta que habitamos, como en las causas m\u00e1s &#8230; <a href=\"http:\/\/vincentians.com\/es\/enciclica-laudato-si-06\/\" class=\"more-link\">Read More<\/a><\/p>\n","protected":false},"author":4,"featured_media":400152,"comment_status":"open","ping_status":"closed","sticky":false,"template":"","format":"standard","meta":{"jetpack_post_was_ever_published":false,"_jetpack_newsletter_access":"","_jetpack_dont_email_post_to_subs":false,"_jetpack_newsletter_tier_id":0,"_jetpack_memberships_contains_paywalled_content":false,"_jetpack_memberships_contains_paid_content":false,"footnotes":"","jetpack_publicize_message":"","jetpack_publicize_feature_enabled":true,"jetpack_social_post_already_shared":true,"jetpack_social_options":{"image_generator_settings":{"template":"highway","default_image_id":0,"font":"","enabled":false},"version":2}},"categories":[100],"tags":[172],"class_list":["post-186422","post","type-post","status-publish","format-standard","has-post-thumbnail","hentry","category-documentos-pontificios","tag-pobreza"],"yoast_head":"<!-- This site is optimized with the Yoast SEO plugin v26.3 - https:\/\/yoast.com\/wordpress\/plugins\/seo\/ -->\n<title>Enc\u00edclica &quot;Laudato Si&quot; 06 - Somos Vicencianos<\/title>\n<meta name=\"robots\" content=\"index, follow, max-snippet:-1, max-image-preview:large, max-video-preview:-1\" \/>\n<link rel=\"canonical\" href=\"http:\/\/vincentians.com\/es\/enciclica-laudato-si-06\/\" \/>\n<meta property=\"og:locale\" content=\"es_ES\" \/>\n<meta property=\"og:type\" content=\"article\" \/>\n<meta property=\"og:title\" content=\"Enc\u00edclica &quot;Laudato Si&quot; 06 - Somos Vicencianos\" \/>\n<meta property=\"og:description\" content=\"Cap\u00edtulo quinto: Algunas l\u00edneas de orientaci\u00f3n y acci\u00f3n 163. He intentado analizar la situaci\u00f3n actual de la humanidad, tanto en las grietas que se observan en el planeta que habitamos, como en las causas m\u00e1s ... Read More\" \/>\n<meta property=\"og:url\" content=\"http:\/\/vincentians.com\/es\/enciclica-laudato-si-06\/\" \/>\n<meta property=\"og:site_name\" content=\"Somos Vicencianos\" \/>\n<meta property=\"article:publisher\" content=\"https:\/\/www.facebook.com\/WeAreVincentians\/\" \/>\n<meta property=\"article:author\" content=\"https:\/\/www.facebook.com\/JavierChento\" \/>\n<meta property=\"article:published_time\" content=\"2019-09-03T06:54:41+00:00\" \/>\n<meta property=\"og:image\" content=\"https:\/\/i0.wp.com\/vincentians.com\/es\/wp-content\/uploads\/sites\/11\/2016\/10\/ranquines.jpg?fit=1200%2C630\" \/>\n\t<meta property=\"og:image:width\" content=\"1200\" \/>\n\t<meta property=\"og:image:height\" content=\"630\" \/>\n\t<meta property=\"og:image:type\" content=\"image\/jpeg\" \/>\n<meta name=\"author\" content=\"Francisco Javier Fern\u00e1ndez Chento\" \/>\n<meta name=\"twitter:card\" content=\"summary_large_image\" \/>\n<meta name=\"twitter:creator\" content=\"@https:\/\/twitter.com\/javierchento\" \/>\n<meta name=\"twitter:site\" content=\"@WeVincentians\" \/>\n<meta name=\"twitter:label1\" content=\"Escrito por\" \/>\n\t<meta name=\"twitter:data1\" content=\"Francisco Javier Fern\u00e1ndez Chento\" \/>\n\t<meta name=\"twitter:label2\" content=\"Tiempo de lectura\" \/>\n\t<meta name=\"twitter:data2\" content=\"34 minutos\" \/>\n<script type=\"application\/ld+json\" class=\"yoast-schema-graph\">{\"@context\":\"https:\/\/schema.org\",\"@graph\":[{\"@type\":\"Article\",\"@id\":\"http:\/\/vincentians.com\/es\/enciclica-laudato-si-06\/#article\",\"isPartOf\":{\"@id\":\"http:\/\/vincentians.com\/es\/enciclica-laudato-si-06\/\"},\"author\":{\"name\":\"Francisco Javier Fern\u00e1ndez Chento\",\"@id\":\"https:\/\/vincentians.com\/es\/#\/schema\/person\/9623ef4d9aa3b2dfb8c061f1499288f2\"},\"headline\":\"Enc\u00edclica \u00abLaudato Si\u00bb 06\",\"datePublished\":\"2019-09-03T06:54:41+00:00\",\"mainEntityOfPage\":{\"@id\":\"http:\/\/vincentians.com\/es\/enciclica-laudato-si-06\/\"},\"wordCount\":6746,\"commentCount\":1,\"publisher\":{\"@id\":\"https:\/\/vincentians.com\/es\/#organization\"},\"image\":{\"@id\":\"http:\/\/vincentians.com\/es\/enciclica-laudato-si-06\/#primaryimage\"},\"thumbnailUrl\":\"https:\/\/i0.wp.com\/vincentians.com\/es\/wp-content\/uploads\/sites\/11\/2016\/10\/ranquines.jpg?fit=1200%2C630\",\"keywords\":[\"Pobreza\"],\"articleSection\":[\"Documentos Pontificios\"],\"inLanguage\":\"es\",\"potentialAction\":[{\"@type\":\"CommentAction\",\"name\":\"Comment\",\"target\":[\"http:\/\/vincentians.com\/es\/enciclica-laudato-si-06\/#respond\"]}]},{\"@type\":\"WebPage\",\"@id\":\"http:\/\/vincentians.com\/es\/enciclica-laudato-si-06\/\",\"url\":\"http:\/\/vincentians.com\/es\/enciclica-laudato-si-06\/\",\"name\":\"Enc\u00edclica \\\"Laudato Si\\\" 06 - Somos Vicencianos\",\"isPartOf\":{\"@id\":\"https:\/\/vincentians.com\/es\/#website\"},\"primaryImageOfPage\":{\"@id\":\"http:\/\/vincentians.com\/es\/enciclica-laudato-si-06\/#primaryimage\"},\"image\":{\"@id\":\"http:\/\/vincentians.com\/es\/enciclica-laudato-si-06\/#primaryimage\"},\"thumbnailUrl\":\"https:\/\/i0.wp.com\/vincentians.com\/es\/wp-content\/uploads\/sites\/11\/2016\/10\/ranquines.jpg?fit=1200%2C630\",\"datePublished\":\"2019-09-03T06:54:41+00:00\",\"breadcrumb\":{\"@id\":\"http:\/\/vincentians.com\/es\/enciclica-laudato-si-06\/#breadcrumb\"},\"inLanguage\":\"es\",\"potentialAction\":[{\"@type\":\"ReadAction\",\"target\":[\"http:\/\/vincentians.com\/es\/enciclica-laudato-si-06\/\"]}]},{\"@type\":\"ImageObject\",\"inLanguage\":\"es\",\"@id\":\"http:\/\/vincentians.com\/es\/enciclica-laudato-si-06\/#primaryimage\",\"url\":\"https:\/\/i0.wp.com\/vincentians.com\/es\/wp-content\/uploads\/sites\/11\/2016\/10\/ranquines.jpg?fit=1200%2C630\",\"contentUrl\":\"https:\/\/i0.wp.com\/vincentians.com\/es\/wp-content\/uploads\/sites\/11\/2016\/10\/ranquines.jpg?fit=1200%2C630\",\"width\":1200,\"height\":630},{\"@type\":\"BreadcrumbList\",\"@id\":\"http:\/\/vincentians.com\/es\/enciclica-laudato-si-06\/#breadcrumb\",\"itemListElement\":[{\"@type\":\"ListItem\",\"position\":1,\"name\":\"Portada\",\"item\":\"https:\/\/vincentians.com\/es\/\"},{\"@type\":\"ListItem\",\"position\":2,\"name\":\"Enc\u00edclica \u00abLaudato Si\u00bb 06\"}]},{\"@type\":\"WebSite\",\"@id\":\"https:\/\/vincentians.com\/es\/#website\",\"url\":\"https:\/\/vincentians.com\/es\/\",\"name\":\"Somos Vicencianos\",\"description\":\"Know more to serve more\",\"publisher\":{\"@id\":\"https:\/\/vincentians.com\/es\/#organization\"},\"potentialAction\":[{\"@type\":\"SearchAction\",\"target\":{\"@type\":\"EntryPoint\",\"urlTemplate\":\"https:\/\/vincentians.com\/es\/?s={search_term_string}\"},\"query-input\":{\"@type\":\"PropertyValueSpecification\",\"valueRequired\":true,\"valueName\":\"search_term_string\"}}],\"inLanguage\":\"es\"},{\"@type\":\"Organization\",\"@id\":\"https:\/\/vincentians.com\/es\/#organization\",\"name\":\"The Vincentian Network\",\"url\":\"https:\/\/vincentians.com\/es\/\",\"logo\":{\"@type\":\"ImageObject\",\"inLanguage\":\"es\",\"@id\":\"https:\/\/vincentians.com\/es\/#\/schema\/logo\/image\/\",\"url\":\"https:\/\/i1.wp.com\/vincentians.com\/es\/wp-content\/uploads\/sites\/11\/2016\/06\/Vincentian-Network-logo-big.png?fit=778%2C778\",\"contentUrl\":\"https:\/\/i1.wp.com\/vincentians.com\/es\/wp-content\/uploads\/sites\/11\/2016\/06\/Vincentian-Network-logo-big.png?fit=778%2C778\",\"width\":778,\"height\":778,\"caption\":\"The Vincentian Network\"},\"image\":{\"@id\":\"https:\/\/vincentians.com\/es\/#\/schema\/logo\/image\/\"},\"sameAs\":[\"https:\/\/www.facebook.com\/WeAreVincentians\/\",\"https:\/\/x.com\/WeVincentians\"]},{\"@type\":\"Person\",\"@id\":\"https:\/\/vincentians.com\/es\/#\/schema\/person\/9623ef4d9aa3b2dfb8c061f1499288f2\",\"name\":\"Francisco Javier Fern\u00e1ndez Chento\",\"image\":{\"@type\":\"ImageObject\",\"inLanguage\":\"es\",\"@id\":\"https:\/\/vincentians.com\/es\/#\/schema\/person\/image\/\",\"url\":\"https:\/\/secure.gravatar.com\/avatar\/497d5cde87b4c3d097d0315953521681ba2cd523ee66e5077c3711f7021e65de?s=96&d=mm&r=g\",\"contentUrl\":\"https:\/\/secure.gravatar.com\/avatar\/497d5cde87b4c3d097d0315953521681ba2cd523ee66e5077c3711f7021e65de?s=96&d=mm&r=g\",\"caption\":\"Francisco Javier Fern\u00e1ndez Chento\"},\"description\":\"Director General y cofundador de La Red de Formaci\u00f3n Vicenciana. Javier es laico vicenciano, afiliado a la Congregaci\u00f3n de la Misi\u00f3n y miembro del Equipo de Misiones Populares de la provincia can\u00f3nica de Zaragoza (Espa\u00f1a) de la Congregaci\u00f3n de la Misi\u00f3n. Graduado en la Universidad Oberta de Catalunya con cuatro grados (Asistente de direcci\u00f3n, Gesti\u00f3n Administrativa, Recursos Humanos y Contabilidad Avanzada). Bil\u00edng\u00fce Espa\u00f1ol\/Ingl\u00e9s. gestiona y mantiene varias p\u00e1ginas web cristianas y vicencianas, incluida including La Red de Formaci\u00f3n Vicenciana, de la que es cofundador. Actualmente es responsable del \u00e1rea de Espa\u00f1ol de .famvin, la Red de Noticias de la Familia Vicenciana. Tambi\u00e9n es m\u00fasico cat\u00f3lico y ha editado varios discos. Es Director General y cofundador de Trovador, una reconocida compa\u00f1\u00eda discogr\u00e1fica critiana de Espa\u00f1a. Trabaja en las Tecnolog\u00edas de la Informaci\u00f3n, ofreciendo servicios de alojamiento, dise\u00f1o y mantenimiento Web, as\u00ed como asesoramiento, formaci\u00f3n y soluciones inform\u00e1ticas, gesti\u00f3n documental y digitalizaci\u00f3n de textos, edici\u00f3n y maquetaci\u00f3n de libros, revistas, flyers, etc.\",\"sameAs\":[\"http:\/\/chento.org\",\"https:\/\/www.facebook.com\/JavierChento\",\"https:\/\/x.com\/https:\/\/twitter.com\/javierchento\"],\"url\":\"http:\/\/vincentians.com\/es\/author\/chento\/\"}]}<\/script>\n<!-- \/ Yoast SEO plugin. -->","yoast_head_json":{"title":"Enc\u00edclica \"Laudato Si\" 06 - Somos Vicencianos","robots":{"index":"index","follow":"follow","max-snippet":"max-snippet:-1","max-image-preview":"max-image-preview:large","max-video-preview":"max-video-preview:-1"},"canonical":"http:\/\/vincentians.com\/es\/enciclica-laudato-si-06\/","og_locale":"es_ES","og_type":"article","og_title":"Enc\u00edclica \"Laudato Si\" 06 - Somos Vicencianos","og_description":"Cap\u00edtulo quinto: Algunas l\u00edneas de orientaci\u00f3n y acci\u00f3n 163. He intentado analizar la situaci\u00f3n actual de la humanidad, tanto en las grietas que se observan en el planeta que habitamos, como en las causas m\u00e1s ... Read More","og_url":"http:\/\/vincentians.com\/es\/enciclica-laudato-si-06\/","og_site_name":"Somos Vicencianos","article_publisher":"https:\/\/www.facebook.com\/WeAreVincentians\/","article_author":"https:\/\/www.facebook.com\/JavierChento","article_published_time":"2019-09-03T06:54:41+00:00","og_image":[{"width":1200,"height":630,"url":"https:\/\/i0.wp.com\/vincentians.com\/es\/wp-content\/uploads\/sites\/11\/2016\/10\/ranquines.jpg?fit=1200%2C630","type":"image\/jpeg"}],"author":"Francisco Javier Fern\u00e1ndez Chento","twitter_card":"summary_large_image","twitter_creator":"@https:\/\/twitter.com\/javierchento","twitter_site":"@WeVincentians","twitter_misc":{"Escrito por":"Francisco Javier Fern\u00e1ndez Chento","Tiempo de lectura":"34 minutos"},"schema":{"@context":"https:\/\/schema.org","@graph":[{"@type":"Article","@id":"http:\/\/vincentians.com\/es\/enciclica-laudato-si-06\/#article","isPartOf":{"@id":"http:\/\/vincentians.com\/es\/enciclica-laudato-si-06\/"},"author":{"name":"Francisco Javier Fern\u00e1ndez Chento","@id":"https:\/\/vincentians.com\/es\/#\/schema\/person\/9623ef4d9aa3b2dfb8c061f1499288f2"},"headline":"Enc\u00edclica \u00abLaudato Si\u00bb 06","datePublished":"2019-09-03T06:54:41+00:00","mainEntityOfPage":{"@id":"http:\/\/vincentians.com\/es\/enciclica-laudato-si-06\/"},"wordCount":6746,"commentCount":1,"publisher":{"@id":"https:\/\/vincentians.com\/es\/#organization"},"image":{"@id":"http:\/\/vincentians.com\/es\/enciclica-laudato-si-06\/#primaryimage"},"thumbnailUrl":"https:\/\/i0.wp.com\/vincentians.com\/es\/wp-content\/uploads\/sites\/11\/2016\/10\/ranquines.jpg?fit=1200%2C630","keywords":["Pobreza"],"articleSection":["Documentos Pontificios"],"inLanguage":"es","potentialAction":[{"@type":"CommentAction","name":"Comment","target":["http:\/\/vincentians.com\/es\/enciclica-laudato-si-06\/#respond"]}]},{"@type":"WebPage","@id":"http:\/\/vincentians.com\/es\/enciclica-laudato-si-06\/","url":"http:\/\/vincentians.com\/es\/enciclica-laudato-si-06\/","name":"Enc\u00edclica \"Laudato Si\" 06 - Somos Vicencianos","isPartOf":{"@id":"https:\/\/vincentians.com\/es\/#website"},"primaryImageOfPage":{"@id":"http:\/\/vincentians.com\/es\/enciclica-laudato-si-06\/#primaryimage"},"image":{"@id":"http:\/\/vincentians.com\/es\/enciclica-laudato-si-06\/#primaryimage"},"thumbnailUrl":"https:\/\/i0.wp.com\/vincentians.com\/es\/wp-content\/uploads\/sites\/11\/2016\/10\/ranquines.jpg?fit=1200%2C630","datePublished":"2019-09-03T06:54:41+00:00","breadcrumb":{"@id":"http:\/\/vincentians.com\/es\/enciclica-laudato-si-06\/#breadcrumb"},"inLanguage":"es","potentialAction":[{"@type":"ReadAction","target":["http:\/\/vincentians.com\/es\/enciclica-laudato-si-06\/"]}]},{"@type":"ImageObject","inLanguage":"es","@id":"http:\/\/vincentians.com\/es\/enciclica-laudato-si-06\/#primaryimage","url":"https:\/\/i0.wp.com\/vincentians.com\/es\/wp-content\/uploads\/sites\/11\/2016\/10\/ranquines.jpg?fit=1200%2C630","contentUrl":"https:\/\/i0.wp.com\/vincentians.com\/es\/wp-content\/uploads\/sites\/11\/2016\/10\/ranquines.jpg?fit=1200%2C630","width":1200,"height":630},{"@type":"BreadcrumbList","@id":"http:\/\/vincentians.com\/es\/enciclica-laudato-si-06\/#breadcrumb","itemListElement":[{"@type":"ListItem","position":1,"name":"Portada","item":"https:\/\/vincentians.com\/es\/"},{"@type":"ListItem","position":2,"name":"Enc\u00edclica \u00abLaudato Si\u00bb 06"}]},{"@type":"WebSite","@id":"https:\/\/vincentians.com\/es\/#website","url":"https:\/\/vincentians.com\/es\/","name":"Somos Vicencianos","description":"Know more to serve more","publisher":{"@id":"https:\/\/vincentians.com\/es\/#organization"},"potentialAction":[{"@type":"SearchAction","target":{"@type":"EntryPoint","urlTemplate":"https:\/\/vincentians.com\/es\/?s={search_term_string}"},"query-input":{"@type":"PropertyValueSpecification","valueRequired":true,"valueName":"search_term_string"}}],"inLanguage":"es"},{"@type":"Organization","@id":"https:\/\/vincentians.com\/es\/#organization","name":"The Vincentian Network","url":"https:\/\/vincentians.com\/es\/","logo":{"@type":"ImageObject","inLanguage":"es","@id":"https:\/\/vincentians.com\/es\/#\/schema\/logo\/image\/","url":"https:\/\/i1.wp.com\/vincentians.com\/es\/wp-content\/uploads\/sites\/11\/2016\/06\/Vincentian-Network-logo-big.png?fit=778%2C778","contentUrl":"https:\/\/i1.wp.com\/vincentians.com\/es\/wp-content\/uploads\/sites\/11\/2016\/06\/Vincentian-Network-logo-big.png?fit=778%2C778","width":778,"height":778,"caption":"The Vincentian Network"},"image":{"@id":"https:\/\/vincentians.com\/es\/#\/schema\/logo\/image\/"},"sameAs":["https:\/\/www.facebook.com\/WeAreVincentians\/","https:\/\/x.com\/WeVincentians"]},{"@type":"Person","@id":"https:\/\/vincentians.com\/es\/#\/schema\/person\/9623ef4d9aa3b2dfb8c061f1499288f2","name":"Francisco Javier Fern\u00e1ndez Chento","image":{"@type":"ImageObject","inLanguage":"es","@id":"https:\/\/vincentians.com\/es\/#\/schema\/person\/image\/","url":"https:\/\/secure.gravatar.com\/avatar\/497d5cde87b4c3d097d0315953521681ba2cd523ee66e5077c3711f7021e65de?s=96&d=mm&r=g","contentUrl":"https:\/\/secure.gravatar.com\/avatar\/497d5cde87b4c3d097d0315953521681ba2cd523ee66e5077c3711f7021e65de?s=96&d=mm&r=g","caption":"Francisco Javier Fern\u00e1ndez Chento"},"description":"Director General y cofundador de La Red de Formaci\u00f3n Vicenciana. Javier es laico vicenciano, afiliado a la Congregaci\u00f3n de la Misi\u00f3n y miembro del Equipo de Misiones Populares de la provincia can\u00f3nica de Zaragoza (Espa\u00f1a) de la Congregaci\u00f3n de la Misi\u00f3n. Graduado en la Universidad Oberta de Catalunya con cuatro grados (Asistente de direcci\u00f3n, Gesti\u00f3n Administrativa, Recursos Humanos y Contabilidad Avanzada). Bil\u00edng\u00fce Espa\u00f1ol\/Ingl\u00e9s. gestiona y mantiene varias p\u00e1ginas web cristianas y vicencianas, incluida including La Red de Formaci\u00f3n Vicenciana, de la que es cofundador. Actualmente es responsable del \u00e1rea de Espa\u00f1ol de .famvin, la Red de Noticias de la Familia Vicenciana. Tambi\u00e9n es m\u00fasico cat\u00f3lico y ha editado varios discos. Es Director General y cofundador de Trovador, una reconocida compa\u00f1\u00eda discogr\u00e1fica critiana de Espa\u00f1a. Trabaja en las Tecnolog\u00edas de la Informaci\u00f3n, ofreciendo servicios de alojamiento, dise\u00f1o y mantenimiento Web, as\u00ed como asesoramiento, formaci\u00f3n y soluciones inform\u00e1ticas, gesti\u00f3n documental y digitalizaci\u00f3n de textos, edici\u00f3n y maquetaci\u00f3n de libros, revistas, flyers, etc.","sameAs":["http:\/\/chento.org","https:\/\/www.facebook.com\/JavierChento","https:\/\/x.com\/https:\/\/twitter.com\/javierchento"],"url":"http:\/\/vincentians.com\/es\/author\/chento\/"}]}},"jetpack_publicize_connections":[],"jetpack_featured_media_url":"https:\/\/i0.wp.com\/vincentians.com\/es\/wp-content\/uploads\/sites\/11\/2016\/10\/ranquines.jpg?fit=1200%2C630","jetpack_sharing_enabled":true,"jetpack_shortlink":"https:\/\/wp.me\/p7ETMF-MuO","jetpack-related-posts":[{"id":184893,"url":"http:\/\/vincentians.com\/es\/enciclica-laudato-si-05\/","url_meta":{"origin":186422,"position":0},"title":"Enc\u00edclica \u00abLaudato Si\u00bb 05","author":"Francisco Javier Fern\u00e1ndez Chento","date":"23\/06\/2015","format":false,"excerpt":"Cap\u00edtulo cuarto: Una ecolog\u00eda integral 137. Dado que todo est\u00e1 \u00edntimamente relacionado, y que los problemas actuales requieren una mirada que tenga en cuenta todos los factores de la crisis mundial, propongo que nos detengamos ahora a pensar en los distintos aspectos de una ecolog\u00eda integral, que incorpore claramente las\u2026","rel":"","context":"En \u00abDocumentos Pontificios\u00bb","block_context":{"text":"Documentos Pontificios","link":"http:\/\/vincentians.com\/es\/category\/formacion-cristiana\/documentos-pontificios\/"},"img":{"alt_text":"laudato si","src":"https:\/\/i0.wp.com\/vicencianos.org\/wp-content\/2015\/06\/laudato-si1-1024x773.jpg?resize=350%2C200","width":350,"height":200,"srcset":"https:\/\/i0.wp.com\/vicencianos.org\/wp-content\/2015\/06\/laudato-si1-1024x773.jpg?resize=350%2C200 1x, https:\/\/i0.wp.com\/vicencianos.org\/wp-content\/2015\/06\/laudato-si1-1024x773.jpg?resize=525%2C300 1.5x, https:\/\/i0.wp.com\/vicencianos.org\/wp-content\/2015\/06\/laudato-si1-1024x773.jpg?resize=700%2C400 2x"},"classes":[]},{"id":122928,"url":"http:\/\/vincentians.com\/es\/el-mundo-reto-para-el-laicado-reto-para-todos\/","url_meta":{"origin":186422,"position":1},"title":"El Mundo: reto para el laicado, reto para todos","author":"Francisco Javier Fern\u00e1ndez Chento","date":"29\/09\/2022","format":false,"excerpt":"Chechenia, Ruanda, Bosnia, Liberia, Albania\u2026 Basta esta cita para sentirnos acosados por los fantasmas m\u00e1s espantosos del ser humano: ego\u00eds\u00admo, intolerancia, guerra, hambre, explotaci\u00f3n, xeno\u00adfobia, pobreza, desigualdad, represi\u00f3n\u2026 revolo\u00adtean sobre nuestras cabezas sembrando semillas de desaliento e impotencia. Qu\u00e9 podemos hacer, nos preguntamos resignados mientras cambiamos de cadena mental intentando\u2026","rel":"","context":"En \u00abFormaci\u00f3n Cristiana\u00bb","block_context":{"text":"Formaci\u00f3n Cristiana","link":"http:\/\/vincentians.com\/es\/category\/formacion-cristiana\/"},"img":{"alt_text":"","src":"https:\/\/i0.wp.com\/vincentians.com\/es\/wp-content\/uploads\/sites\/11\/2013\/04\/Cuba4.png?fit=1200%2C715&resize=350%2C200","width":350,"height":200,"srcset":"https:\/\/i0.wp.com\/vincentians.com\/es\/wp-content\/uploads\/sites\/11\/2013\/04\/Cuba4.png?fit=1200%2C715&resize=350%2C200 1x, https:\/\/i0.wp.com\/vincentians.com\/es\/wp-content\/uploads\/sites\/11\/2013\/04\/Cuba4.png?fit=1200%2C715&resize=525%2C300 1.5x, https:\/\/i0.wp.com\/vincentians.com\/es\/wp-content\/uploads\/sites\/11\/2013\/04\/Cuba4.png?fit=1200%2C715&resize=700%2C400 2x, https:\/\/i0.wp.com\/vincentians.com\/es\/wp-content\/uploads\/sites\/11\/2013\/04\/Cuba4.png?fit=1200%2C715&resize=1050%2C600 3x"},"classes":[]},{"id":181742,"url":"http:\/\/vincentians.com\/es\/enciclica-laudato-si-02\/","url_meta":{"origin":186422,"position":2},"title":"Enc\u00edclica \u00abLaudato Si\u00bb 02","author":"Francisco Javier Fern\u00e1ndez Chento","date":"20\/06\/2015","format":false,"excerpt":"Cap\u00edtulo primero: Lo que le est\u00e1 pasando a nuestra casa 17. Las reflexiones teol\u00f3gicas o filos\u00f3ficas sobre la situaci\u00f3n de la humanidad y del mundo pueden sonar a mensaje repetido y abstracto si no se presentan nuevamente a partir de una confrontaci\u00f3n con el contexto actual, en lo que tiene\u2026","rel":"","context":"En \u00abDocumentos Pontificios\u00bb","block_context":{"text":"Documentos Pontificios","link":"http:\/\/vincentians.com\/es\/category\/formacion-cristiana\/documentos-pontificios\/"},"img":{"alt_text":"laudato si","src":"https:\/\/i0.wp.com\/vicencianos.org\/wp-content\/2015\/06\/laudato-si1-1024x773.jpg?resize=350%2C200","width":350,"height":200,"srcset":"https:\/\/i0.wp.com\/vicencianos.org\/wp-content\/2015\/06\/laudato-si1-1024x773.jpg?resize=350%2C200 1x, https:\/\/i0.wp.com\/vicencianos.org\/wp-content\/2015\/06\/laudato-si1-1024x773.jpg?resize=525%2C300 1.5x, https:\/\/i0.wp.com\/vicencianos.org\/wp-content\/2015\/06\/laudato-si1-1024x773.jpg?resize=700%2C400 2x"},"classes":[]},{"id":181443,"url":"http:\/\/vincentians.com\/es\/enciclica-laudato-si-01\/","url_meta":{"origin":186422,"position":3},"title":"Enc\u00edclica \u00abLaudato Si\u00bb 01","author":"Francisco Javier Fern\u00e1ndez Chento","date":"19\/06\/2015","format":false,"excerpt":"CARTA ENC\u00cdCLICA LAUDATO SI\u2019 DEL SANTO PADRE FRANCISCO SOBRE EL CUIDADO DE LA CASA COM\u00daN 1. \u00abLaudato si\u2019, mi\u2019 Signore\u00bb \u2013 \u00abAlabado seas, mi Se\u00f1or\u00bb, cantaba san Francisco de As\u00eds. En ese hermoso c\u00e1ntico nos recordaba que nuestra casa com\u00fan es tambi\u00e9n como una hermana, con la cual compartimos la\u2026","rel":"","context":"En \u00abDocumentos Pontificios\u00bb","block_context":{"text":"Documentos Pontificios","link":"http:\/\/vincentians.com\/es\/category\/formacion-cristiana\/documentos-pontificios\/"},"img":{"alt_text":"laudato si","src":"https:\/\/i0.wp.com\/vicencianos.org\/wp-content\/2015\/06\/laudato-si1-1024x773.jpg?resize=350%2C200","width":350,"height":200,"srcset":"https:\/\/i0.wp.com\/vicencianos.org\/wp-content\/2015\/06\/laudato-si1-1024x773.jpg?resize=350%2C200 1x, https:\/\/i0.wp.com\/vicencianos.org\/wp-content\/2015\/06\/laudato-si1-1024x773.jpg?resize=525%2C300 1.5x, https:\/\/i0.wp.com\/vicencianos.org\/wp-content\/2015\/06\/laudato-si1-1024x773.jpg?resize=700%2C400 2x"},"classes":[]},{"id":141171,"url":"http:\/\/vincentians.com\/es\/el-desafio-ecologico\/","url_meta":{"origin":186422,"position":4},"title":"El desaf\u00edo ecol\u00f3gico","author":"Francisco Javier Fern\u00e1ndez Chento","date":"14\/03\/2015","format":false,"excerpt":"En otro tiempo, los hombres gir\u00e1bamos en torno a la naturaleza que se elevaba ante nosotros inmutable y terminada, de forma que todo parec\u00eda eterno. Las cosas eran como eran: como una \u201cb\u00f3veda\u201d o un gran c\u00edrculo perfecto donde los hombres se limitaban a residir de un modo pasivo. Ahora,\u2026","rel":"","context":"En \u00abCambio sist\u00e9mico\u00bb","block_context":{"text":"Cambio sist\u00e9mico","link":"http:\/\/vincentians.com\/es\/category\/formacion-vicenciana\/cambio-sistemico\/"},"img":{"alt_text":"asd","src":"https:\/\/i0.wp.com\/vicencianos.org\/wp-content\/2015\/03\/asd6.jpg?resize=350%2C200","width":350,"height":200},"classes":[]},{"id":120169,"url":"http:\/\/vincentians.com\/es\/la-primacia-de-la-caridad-en-el-carisma-vicenciano\/","url_meta":{"origin":186422,"position":5},"title":"La primac\u00eda de la caridad en el carisma vicenciano","author":"Francisco Javier Fern\u00e1ndez Chento","date":"20\/06\/2015","format":false,"excerpt":"Salir del peque\u00f1o mundo en el que vivimos e intentar vernos a trav\u00e9s de los ojos de los dem\u00e1s, es un ejercicio muy \u00fatil y un modo de practicar la humildad. El planeta tierra no es sino un peque\u00f1o lunar en el universo. Su inter\u00e9s para nosotros estriba en el\u2026","rel":"","context":"En \u00abFormaci\u00f3n Vicenciana\u00bb","block_context":{"text":"Formaci\u00f3n Vicenciana","link":"http:\/\/vincentians.com\/es\/category\/formacion-vicenciana\/"},"img":{"alt_text":"vicente","src":"https:\/\/i0.wp.com\/vicencianos.org\/wp-content\/2013\/04\/vicente-300x203.jpg?resize=350%2C200","width":350,"height":200},"classes":[]}],"_links":{"self":[{"href":"http:\/\/vincentians.com\/es\/wp-json\/wp\/v2\/posts\/186422","targetHints":{"allow":["GET"]}}],"collection":[{"href":"http:\/\/vincentians.com\/es\/wp-json\/wp\/v2\/posts"}],"about":[{"href":"http:\/\/vincentians.com\/es\/wp-json\/wp\/v2\/types\/post"}],"author":[{"embeddable":true,"href":"http:\/\/vincentians.com\/es\/wp-json\/wp\/v2\/users\/4"}],"replies":[{"embeddable":true,"href":"http:\/\/vincentians.com\/es\/wp-json\/wp\/v2\/comments?post=186422"}],"version-history":[{"count":1,"href":"http:\/\/vincentians.com\/es\/wp-json\/wp\/v2\/posts\/186422\/revisions"}],"predecessor-version":[{"id":402437,"href":"http:\/\/vincentians.com\/es\/wp-json\/wp\/v2\/posts\/186422\/revisions\/402437"}],"wp:featuredmedia":[{"embeddable":true,"href":"http:\/\/vincentians.com\/es\/wp-json\/wp\/v2\/media\/400152"}],"wp:attachment":[{"href":"http:\/\/vincentians.com\/es\/wp-json\/wp\/v2\/media?parent=186422"}],"wp:term":[{"taxonomy":"category","embeddable":true,"href":"http:\/\/vincentians.com\/es\/wp-json\/wp\/v2\/categories?post=186422"},{"taxonomy":"post_tag","embeddable":true,"href":"http:\/\/vincentians.com\/es\/wp-json\/wp\/v2\/tags?post=186422"}],"curies":[{"name":"wp","href":"https:\/\/api.w.org\/{rel}","templated":true}]}}