{"id":18236,"date":"2013-11-03T08:08:02","date_gmt":"2013-11-03T07:08:02","guid":{"rendered":"http:\/\/somos.vicencianos.org\/blog\/?p=18236"},"modified":"2013-11-03T08:08:02","modified_gmt":"2013-11-03T07:08:02","slug":"jose-maria-vilaseca","status":"publish","type":"post","link":"http:\/\/vincentians.com\/es\/jose-maria-vilaseca\/","title":{"rendered":"Jos\u00e9 Mar\u00eda Vilaseca"},"content":{"rendered":"<h2><strong>Primeros a\u00f1os<\/strong><\/h2>\n<p><a href=\"https:\/\/i0.wp.com\/vicencianos.org\/wp-content\/2013\/11\/vilaseca.jpg\"><img data-recalc-dims=\"1\" loading=\"lazy\" decoding=\"async\" class=\"alignright size-full wp-image-129516\" alt=\"vilaseca\" src=\"https:\/\/i0.wp.com\/vicencianos.org\/wp-content\/2013\/11\/vilaseca.jpg?resize=259%2C266\" width=\"259\" height=\"266\" \/><\/a>Naci\u00f3 el 19 de enero de 1831 en Igualada, Espa\u00f1a; fue bautizado el mismo d\u00eda con el nombre de Jos\u00e9 Jaime Sebasti\u00e1n.<\/p>\n<p>Vivi\u00f3 su infancia en igualada en el seno de una familia ligada al sistema artesanal; el ambiente que respir\u00f3 en los primeros a\u00f1os de su vida fue el tes\u00f3n, la constancia y la laboriosidad del catal\u00e1n y un arraigado cristianismo en medio de una sociedad que se enfrentaba en los cambios econ\u00f3micos, pol\u00edticos y sociales del siglo XIX.<\/p>\n<h2><strong>Adolescente<\/strong><\/h2>\n<p>En Barcelona concluy\u00f3 sus estudios medios, pues su familia se hab\u00eda trasladado a ese lugar en busca de mejores fuentes de trabajo. Su padre ingres\u00f3 al engranaje del sistema industrial como supervisor de una f\u00e1brica de hilados y ah\u00ed mismo el adolescente Jos\u00e9 Jaime trabj\u00f3, teniendo a su cargo una m\u00e1quina de hilar. Su vida estaba proyectada para que se desarrollara en el ambiente de la industria; por las noches estudiaba dibujo lineal y matem\u00e1ticas en las escuelas que la Junta de Comercio de Barcelona patrocinaba; su padre quer\u00eda que llegara a ser una buen mec\u00e1nico.<\/p>\n<h2><strong>Joven\u2026\u00bfmec\u00e1nico o sacerdote?<\/strong><\/h2>\n<p>Durante su permanencia en este lugar frecuenta la Asociaci\u00f3n de San Luis Gonzaga. Este grupo de j\u00f3venes con sus motivaciones espirituales y apost\u00f3licas, despert\u00f3 en \u00e9l aspiraciones que lo pondr\u00edan en un camino muy distinto al que se ten\u00eda proyectado: la vocaci\u00f3n sacerdotal. As\u00ed, en 1847, impulsado con esa inclinaci\u00f3n, dej\u00f3 su trabajo en la f\u00e1brica de hilados y solicit\u00f3 su ingreso como sacrist\u00e1n en la parroquia de Santa Ana donde era p\u00e1rroco el Pbro. Santago Canals Lin\u00e1s, antiguo religioso Pa\u00fal, quien lo form\u00f3 en la ciencia y en la virtud; y tom\u00f3 como confesor y director al Pbro. Agust\u00edn Cruz quien le ayud\u00f3 a ingresar al Seminario en Barcelona como alumno externo.<\/p>\n<p>Su ingreso al Seminario no s\u00f3lo represent\u00f3 para Jos\u00e9 Jaime la realizaci\u00f3n de su ideal, sino tambi\u00e9n el descubrimiento de su vocaci\u00f3n misionera, gracias a la invitaci\u00f3n del P. Armengol, religioso Pa\u00fal, quien buscaba religiosos para M\u00e9xico.<\/p>\n<h2><strong>Discernimiento y decisi\u00f3n<\/strong><\/h2>\n<p>En el proceso de discernimiento de esta vocaci\u00f3n, su director espiritual le puso un per\u00edodo de maduraci\u00f3n que dur\u00f3 tres a\u00f1os; durante este tiempo maniest\u00f3 con claridad su decisi\u00f3n, su constancia y, sobre todo, su esp\u00edritu de fe. Despu\u00e9s de haber renunciado a su herencia en favor de una hermanomenor, a finales de 1852 parti\u00f3 para M\u00e9xico con un ideal claro: ser misionero.<\/p>\n<h2><strong>Misionero Vicentino<\/strong><\/h2>\n<p>Ingres\u00f3 al noviciado el 2 de abril de 1853 y profes\u00f3 como religioso en la Congregaci\u00f3n de la Misi\u00f3n el 3 de abril de 1855. Como expresi\u00f3n de su amor a la Madre de Dios, a\u00f1adi\u00f3n a su nombre el de Mar\u00eda. Recibi\u00f3 la ordenaci\u00f3n sacerdotal el 20 de diciembre de 1856, poniendo a San Jos\u00e9 como padrino de su primera Eucarist\u00eda.<\/p>\n<h2><strong>Primeros ministerios<\/strong><\/h2>\n<p>Comenz\u00f3 su ejercicio de su ministerio sacerdotal en una \u00e9poca dif\u00edcil para la Iglesia en M\u00e9xico: en 1857 fue jurada la Constituci\u00f3n pol\u00edtica del nuevo Estado mexicana y a partir de ese a\u00f1o comienza una persecusi\u00f3n contra la Iglesia; se oficializa la separaci\u00f3n Iglesia-Estado; se declara una educaci\u00f3n laica y abiertamente anticat\u00f3lica. Los diez primeros a\u00f1os de su sacerdocia se dedic\u00f3 a las misiones populares.<\/p>\n<h2><strong>Principios espirituales<\/strong><\/h2>\n<p>Ya desde el noviciado hab\u00eda inciado unos apuntes personales que llam\u00f3 su vademecum: una biblioteca abundante con los principales temas para el ejercicio de su ministerio. Sus primeras publicaciones est\u00e1n intimamente ligadas a su actividad misionera. Este esp\u00edritu evangelizador lo llev\u00f3 a establecer en 1869 la Biblioteca Religiosa.<\/p>\n<h2><strong>Devoci\u00f3n a San Jos\u00e9<\/strong><\/h2>\n<p>El 8 de diciembre de 1870, el Papa Pio IX proclamaba a San Jos\u00e9 Patrono de la Iglesia Unviersal. Aunque ya era gran devoto, en marzo de 1871 predic\u00f3 el mes de San Jos\u00e9 en la capilla de San Vicente . Esta experiencia fue el punto de arranque de un trabajo intenso para propagar la figura de San Jos\u00e9; fue el momento en que el P. Vilaseca sinti\u00f3 la devoci\u00f3n josefina como un regalo de Mar\u00eda. Al finalizar la predicaci\u00f3n del mes se propuso a editar una revista que difundiera la figura de San Jos\u00e9: El Propagador de la devoci\u00f3n al Se\u00f1or San Jos\u00e9 y a la Sagrada Familia. Un a\u00f1o m\u00e1s tarde public\u00f3: \u00bfQiu\u00e9n es Jos\u00e9? Estableci\u00f3 la Asociaci\u00f3n de los devotos del Se\u00f1or San Jos\u00e9 y en 1872 a\u00f1ade a El Propagador el bolet\u00edn titulado El Sacerdocio Cat\u00f3lico, con el fin de promover las vocaciones consagradas.<\/p>\n<h2><strong>Fundaciones<\/strong><\/h2>\n<p>La apremiante escasez de sacerdotes, los problemas de los seminarios, el abandono de los pueblos, constatado en su actividad misionera, motivaron al P. Vilaseca para proponer a sus superiores la creaci\u00f3n de un centro de estudios aclesi\u00e1sticos en la Arquidi\u00f3cesis de M\u00e9xico. As\u00ed, con la anuencia del Arzobispo de M\u00e9xico y el apoyo de sus superiores, fund\u00f3 el Colegio Clerical del Se\u00f1or San Jos\u00e9, el 19 de septiembre de 1872, para formar pastores que se dedicaran a la atenci\u00f3n de las parroquias, y no se perdiera en fruto de las misiones. El mismo d\u00eda fund\u00f3 la Congregaci\u00f3n de los Misioneros de San Jos\u00e9 cuyo fin consiste en la promoci\u00f3n del culto y devoci\u00f3n a San Jos\u00e9 y en la evangelizaci\u00f3n, preferentemente de los pobre e ind\u00edgenas, mediante la educaci\u00f3n de la juventud, las misiones y otros ministerios de acuerdo al propio esp\u00edritu y carisma.<\/p>\n<p>Tres d\u00edas m\u00e1s tarde, fund\u00f3 la Congregaci\u00f3n de Hermanas Josefinas, con la ayuda de la se\u00f1orita Ces\u00e1rea Ruiz de Esparza y D\u00e1valos, para la educaci\u00f3n de la juventud, la atenci\u00f3n a los enfermos y otras formas de caridad.<\/p>\n<h2><strong>Actividades<\/strong><\/h2>\n<p>El P. Vilaseca se dedic\u00f3 a la formaci\u00f3n de sus hijos mediante la relaci\u00f3n personal con ellos, el ejemplo de su vida, las instrucciones que les daba, sus escritos, etc., en los cuales dej\u00f3 un verdadero patrimonio espiritual.<\/p>\n<p>Tambi\u00e9n impuls\u00f3 las misiones populares, en las que participaron los alumnos y sacerdotes del Colegio Clerical y los primeros Misioneros Josefinos. Estableci\u00f3 las misiones entre los ind\u00edgenas tarahumaras, yaquis, huicholes y lacandones. Fund\u00f3 colegios y escuelas para la instrucci\u00f3n de la ni\u00f1ez y juventud.<\/p>\n<h2><strong>Dificultades\u2026 \u00a1ventajas!<\/strong><\/h2>\n<p>Entre las adversidades que viv\u00f3, est\u00e1 la experiencia de la c\u00e1rcel y de la expulsi\u00f3n del pa\u00eds (1873); en enero de 1875 regres\u00f3 a M\u00e9xico, por una gracia especial\u00edsima de San Jos\u00e9. Tambi\u00e9n los superiores de la Congregaci\u00f3n de la Misi\u00f3n, le plantearon una disyuntiva dif\u00edcil: abandonar las obras josefinas o la Congregaci\u00f3n de la Misi\u00f3n; para resolverla, consult\u00f3 al Arzobispo Ilmo. Dr. D. Pelagio Antonio de Labastida y D\u00e1valos, y despu\u00e9s de tres d\u00edas de oraci\u00f3n, ante la imegen de San Jos\u00e9, con los alumnos del Clerical, apoyado con la oraci\u00f3n de las Hijos de Mar\u00eda Josefinas y de sus alumnas, decidi\u00f3, como fruto de su discernimiento, y siguiendo la indicaci\u00f3n del Arzobispo, dedicarse plenamente a sus misioneros, a las hijas de Mar\u00eda Josefinas y dem\u00e1s obras que hab\u00eda fundado. Profes\u00f3 como Misionero Josefino el 25 de enero de 1877.<\/p>\n<p>En 1885, por orden del Arzobispo de M\u00e9xico, entreg\u00f3 el Colegio Clerical. Desde entonces pudo dedicarse plenamente a la atenci\u00f3n de sus obras josefinas y a la formaci\u00f3n de sus misioneros, establecidos en la Ribera de Santa Mar\u00eda, casa madre de los Misioneros Josefinos desde 1877.<\/p>\n<h2><strong>Aprobaci\u00f3n Pontificia<\/strong><\/h2>\n<p>La Congregaci\u00f3n de los Misioneros de San Jos\u00e9 recibi\u00f3 el Decretum Laudis el 20 de agosto de 1897, y la Aprobaci\u00f3n definitiva el 27 de abril de 1903 y de las las Hermanas Josefinas el 18 de mayo del mismo a\u00f1o.<\/p>\n<h2><strong>Pascua del P. Vilaseca<\/strong><\/h2>\n<p>El Siervo de Dios Jos\u00e9 Mar\u00eda Vilaseca, expir\u00f3, en olor de santidad, el 3 de abril de 1910, en el Hospital Escand\u00f3n de la coudad de M\u00e9xico. Culmin\u00f3 su misi\u00f3n diciendo: \u00abJes\u00fas, Mar\u00eda y Jos\u00e9, v\u00e1monos\u00bb. Sus restos descansan en el templo de la Sagrada Familia que \u00e9l mand\u00f3 contruir en 1899.<\/p>\n","protected":false},"excerpt":{"rendered":"<p>Primeros a\u00f1os Naci\u00f3 el 19 de enero de 1831 en Igualada, Espa\u00f1a; fue bautizado el mismo d\u00eda con el nombre de Jos\u00e9 Jaime Sebasti\u00e1n. Vivi\u00f3 su infancia en igualada en el seno de una familia &#8230; <a href=\"http:\/\/vincentians.com\/es\/jose-maria-vilaseca\/\" class=\"more-link\">Read More<\/a><\/p>\n","protected":false},"author":4,"featured_media":129516,"comment_status":"open","ping_status":"open","sticky":false,"template":"","format":"standard","meta":{"jetpack_post_was_ever_published":false,"_jetpack_newsletter_access":"","_jetpack_dont_email_post_to_subs":false,"_jetpack_newsletter_tier_id":0,"_jetpack_memberships_contains_paywalled_content":false,"_jetpack_memberships_contains_paid_content":false,"footnotes":"","jetpack_publicize_message":"","jetpack_publicize_feature_enabled":true,"jetpack_social_post_already_shared":true,"jetpack_social_options":{"image_generator_settings":{"template":"highway","default_image_id":0,"font":"","enabled":false},"version":2}},"categories":[343],"tags":[176],"class_list":["post-18236","post","type-post","status-publish","format-standard","has-post-thumbnail","hentry","category-jose-maria-vilaseca","tag-misiones-populares"],"yoast_head":"<!-- This site is optimized with the Yoast SEO plugin v26.3 - https:\/\/yoast.com\/wordpress\/plugins\/seo\/ -->\n<title>Jos\u00e9 Mar\u00eda Vilaseca - Somos Vicencianos<\/title>\n<meta name=\"robots\" content=\"index, follow, max-snippet:-1, max-image-preview:large, max-video-preview:-1\" \/>\n<link rel=\"canonical\" href=\"http:\/\/vincentians.com\/es\/jose-maria-vilaseca\/\" \/>\n<meta property=\"og:locale\" content=\"es_ES\" \/>\n<meta property=\"og:type\" content=\"article\" \/>\n<meta property=\"og:title\" content=\"Jos\u00e9 Mar\u00eda Vilaseca - Somos Vicencianos\" \/>\n<meta property=\"og:description\" content=\"Primeros a\u00f1os Naci\u00f3 el 19 de enero de 1831 en Igualada, Espa\u00f1a; fue bautizado el mismo d\u00eda con el nombre de Jos\u00e9 Jaime Sebasti\u00e1n. Vivi\u00f3 su infancia en igualada en el seno de una familia ... Read More\" \/>\n<meta property=\"og:url\" content=\"http:\/\/vincentians.com\/es\/jose-maria-vilaseca\/\" \/>\n<meta property=\"og:site_name\" content=\"Somos Vicencianos\" \/>\n<meta property=\"article:publisher\" content=\"https:\/\/www.facebook.com\/WeAreVincentians\/\" \/>\n<meta property=\"article:author\" content=\"https:\/\/www.facebook.com\/JavierChento\" \/>\n<meta property=\"article:published_time\" content=\"2013-11-03T07:08:02+00:00\" \/>\n<meta name=\"author\" content=\"Francisco Javier Fern\u00e1ndez Chento\" \/>\n<meta name=\"twitter:card\" content=\"summary_large_image\" \/>\n<meta name=\"twitter:creator\" content=\"@https:\/\/twitter.com\/javierchento\" \/>\n<meta name=\"twitter:site\" content=\"@WeVincentians\" \/>\n<meta name=\"twitter:label1\" content=\"Escrito por\" \/>\n\t<meta name=\"twitter:data1\" content=\"Francisco Javier Fern\u00e1ndez Chento\" \/>\n\t<meta name=\"twitter:label2\" content=\"Tiempo de lectura\" \/>\n\t<meta name=\"twitter:data2\" content=\"7 minutos\" \/>\n<script type=\"application\/ld+json\" class=\"yoast-schema-graph\">{\"@context\":\"https:\/\/schema.org\",\"@graph\":[{\"@type\":\"Article\",\"@id\":\"http:\/\/vincentians.com\/es\/jose-maria-vilaseca\/#article\",\"isPartOf\":{\"@id\":\"http:\/\/vincentians.com\/es\/jose-maria-vilaseca\/\"},\"author\":{\"name\":\"Francisco Javier Fern\u00e1ndez Chento\",\"@id\":\"http:\/\/vincentians.com\/es\/#\/schema\/person\/9623ef4d9aa3b2dfb8c061f1499288f2\"},\"headline\":\"Jos\u00e9 Mar\u00eda Vilaseca\",\"datePublished\":\"2013-11-03T07:08:02+00:00\",\"mainEntityOfPage\":{\"@id\":\"http:\/\/vincentians.com\/es\/jose-maria-vilaseca\/\"},\"wordCount\":1402,\"commentCount\":0,\"publisher\":{\"@id\":\"http:\/\/vincentians.com\/es\/#organization\"},\"image\":{\"@id\":\"http:\/\/vincentians.com\/es\/jose-maria-vilaseca\/#primaryimage\"},\"thumbnailUrl\":\"\",\"keywords\":[\"Misiones Populares\"],\"articleSection\":[\"Jos\u00e9 Mar\u00eda Vilaseca\"],\"inLanguage\":\"es\",\"potentialAction\":[{\"@type\":\"CommentAction\",\"name\":\"Comment\",\"target\":[\"http:\/\/vincentians.com\/es\/jose-maria-vilaseca\/#respond\"]}]},{\"@type\":\"WebPage\",\"@id\":\"http:\/\/vincentians.com\/es\/jose-maria-vilaseca\/\",\"url\":\"http:\/\/vincentians.com\/es\/jose-maria-vilaseca\/\",\"name\":\"Jos\u00e9 Mar\u00eda Vilaseca - Somos Vicencianos\",\"isPartOf\":{\"@id\":\"http:\/\/vincentians.com\/es\/#website\"},\"primaryImageOfPage\":{\"@id\":\"http:\/\/vincentians.com\/es\/jose-maria-vilaseca\/#primaryimage\"},\"image\":{\"@id\":\"http:\/\/vincentians.com\/es\/jose-maria-vilaseca\/#primaryimage\"},\"thumbnailUrl\":\"\",\"datePublished\":\"2013-11-03T07:08:02+00:00\",\"breadcrumb\":{\"@id\":\"http:\/\/vincentians.com\/es\/jose-maria-vilaseca\/#breadcrumb\"},\"inLanguage\":\"es\",\"potentialAction\":[{\"@type\":\"ReadAction\",\"target\":[\"http:\/\/vincentians.com\/es\/jose-maria-vilaseca\/\"]}]},{\"@type\":\"ImageObject\",\"inLanguage\":\"es\",\"@id\":\"http:\/\/vincentians.com\/es\/jose-maria-vilaseca\/#primaryimage\",\"url\":\"\",\"contentUrl\":\"\"},{\"@type\":\"BreadcrumbList\",\"@id\":\"http:\/\/vincentians.com\/es\/jose-maria-vilaseca\/#breadcrumb\",\"itemListElement\":[{\"@type\":\"ListItem\",\"position\":1,\"name\":\"Portada\",\"item\":\"http:\/\/vincentians.com\/es\/\"},{\"@type\":\"ListItem\",\"position\":2,\"name\":\"Jos\u00e9 Mar\u00eda Vilaseca\"}]},{\"@type\":\"WebSite\",\"@id\":\"http:\/\/vincentians.com\/es\/#website\",\"url\":\"http:\/\/vincentians.com\/es\/\",\"name\":\"Somos Vicencianos\",\"description\":\"Know more to serve more\",\"publisher\":{\"@id\":\"http:\/\/vincentians.com\/es\/#organization\"},\"potentialAction\":[{\"@type\":\"SearchAction\",\"target\":{\"@type\":\"EntryPoint\",\"urlTemplate\":\"http:\/\/vincentians.com\/es\/?s={search_term_string}\"},\"query-input\":{\"@type\":\"PropertyValueSpecification\",\"valueRequired\":true,\"valueName\":\"search_term_string\"}}],\"inLanguage\":\"es\"},{\"@type\":\"Organization\",\"@id\":\"http:\/\/vincentians.com\/es\/#organization\",\"name\":\"The Vincentian Network\",\"url\":\"http:\/\/vincentians.com\/es\/\",\"logo\":{\"@type\":\"ImageObject\",\"inLanguage\":\"es\",\"@id\":\"http:\/\/vincentians.com\/es\/#\/schema\/logo\/image\/\",\"url\":\"https:\/\/i1.wp.com\/vincentians.com\/es\/wp-content\/uploads\/sites\/11\/2016\/06\/Vincentian-Network-logo-big.png?fit=778%2C778\",\"contentUrl\":\"https:\/\/i1.wp.com\/vincentians.com\/es\/wp-content\/uploads\/sites\/11\/2016\/06\/Vincentian-Network-logo-big.png?fit=778%2C778\",\"width\":778,\"height\":778,\"caption\":\"The Vincentian Network\"},\"image\":{\"@id\":\"http:\/\/vincentians.com\/es\/#\/schema\/logo\/image\/\"},\"sameAs\":[\"https:\/\/www.facebook.com\/WeAreVincentians\/\",\"https:\/\/x.com\/WeVincentians\"]},{\"@type\":\"Person\",\"@id\":\"http:\/\/vincentians.com\/es\/#\/schema\/person\/9623ef4d9aa3b2dfb8c061f1499288f2\",\"name\":\"Francisco Javier Fern\u00e1ndez Chento\",\"image\":{\"@type\":\"ImageObject\",\"inLanguage\":\"es\",\"@id\":\"http:\/\/vincentians.com\/es\/#\/schema\/person\/image\/\",\"url\":\"https:\/\/secure.gravatar.com\/avatar\/497d5cde87b4c3d097d0315953521681ba2cd523ee66e5077c3711f7021e65de?s=96&d=mm&r=g\",\"contentUrl\":\"https:\/\/secure.gravatar.com\/avatar\/497d5cde87b4c3d097d0315953521681ba2cd523ee66e5077c3711f7021e65de?s=96&d=mm&r=g\",\"caption\":\"Francisco Javier Fern\u00e1ndez Chento\"},\"description\":\"Director General y cofundador de La Red de Formaci\u00f3n Vicenciana. Javier es laico vicenciano, afiliado a la Congregaci\u00f3n de la Misi\u00f3n y miembro del Equipo de Misiones Populares de la provincia can\u00f3nica de Zaragoza (Espa\u00f1a) de la Congregaci\u00f3n de la Misi\u00f3n. Graduado en la Universidad Oberta de Catalunya con cuatro grados (Asistente de direcci\u00f3n, Gesti\u00f3n Administrativa, Recursos Humanos y Contabilidad Avanzada). Bil\u00edng\u00fce Espa\u00f1ol\/Ingl\u00e9s. gestiona y mantiene varias p\u00e1ginas web cristianas y vicencianas, incluida including La Red de Formaci\u00f3n Vicenciana, de la que es cofundador. Actualmente es responsable del \u00e1rea de Espa\u00f1ol de .famvin, la Red de Noticias de la Familia Vicenciana. Tambi\u00e9n es m\u00fasico cat\u00f3lico y ha editado varios discos. Es Director General y cofundador de Trovador, una reconocida compa\u00f1\u00eda discogr\u00e1fica critiana de Espa\u00f1a. Trabaja en las Tecnolog\u00edas de la Informaci\u00f3n, ofreciendo servicios de alojamiento, dise\u00f1o y mantenimiento Web, as\u00ed como asesoramiento, formaci\u00f3n y soluciones inform\u00e1ticas, gesti\u00f3n documental y digitalizaci\u00f3n de textos, edici\u00f3n y maquetaci\u00f3n de libros, revistas, flyers, etc.\",\"sameAs\":[\"http:\/\/chento.org\",\"https:\/\/www.facebook.com\/JavierChento\",\"https:\/\/x.com\/https:\/\/twitter.com\/javierchento\"],\"url\":\"http:\/\/vincentians.com\/es\/author\/chento\/\"}]}<\/script>\n<!-- \/ Yoast SEO plugin. -->","yoast_head_json":{"title":"Jos\u00e9 Mar\u00eda Vilaseca - Somos Vicencianos","robots":{"index":"index","follow":"follow","max-snippet":"max-snippet:-1","max-image-preview":"max-image-preview:large","max-video-preview":"max-video-preview:-1"},"canonical":"http:\/\/vincentians.com\/es\/jose-maria-vilaseca\/","og_locale":"es_ES","og_type":"article","og_title":"Jos\u00e9 Mar\u00eda Vilaseca - Somos Vicencianos","og_description":"Primeros a\u00f1os Naci\u00f3 el 19 de enero de 1831 en Igualada, Espa\u00f1a; fue bautizado el mismo d\u00eda con el nombre de Jos\u00e9 Jaime Sebasti\u00e1n. Vivi\u00f3 su infancia en igualada en el seno de una familia ... Read More","og_url":"http:\/\/vincentians.com\/es\/jose-maria-vilaseca\/","og_site_name":"Somos Vicencianos","article_publisher":"https:\/\/www.facebook.com\/WeAreVincentians\/","article_author":"https:\/\/www.facebook.com\/JavierChento","article_published_time":"2013-11-03T07:08:02+00:00","author":"Francisco Javier Fern\u00e1ndez Chento","twitter_card":"summary_large_image","twitter_creator":"@https:\/\/twitter.com\/javierchento","twitter_site":"@WeVincentians","twitter_misc":{"Escrito por":"Francisco Javier Fern\u00e1ndez Chento","Tiempo de lectura":"7 minutos"},"schema":{"@context":"https:\/\/schema.org","@graph":[{"@type":"Article","@id":"http:\/\/vincentians.com\/es\/jose-maria-vilaseca\/#article","isPartOf":{"@id":"http:\/\/vincentians.com\/es\/jose-maria-vilaseca\/"},"author":{"name":"Francisco Javier Fern\u00e1ndez Chento","@id":"http:\/\/vincentians.com\/es\/#\/schema\/person\/9623ef4d9aa3b2dfb8c061f1499288f2"},"headline":"Jos\u00e9 Mar\u00eda Vilaseca","datePublished":"2013-11-03T07:08:02+00:00","mainEntityOfPage":{"@id":"http:\/\/vincentians.com\/es\/jose-maria-vilaseca\/"},"wordCount":1402,"commentCount":0,"publisher":{"@id":"http:\/\/vincentians.com\/es\/#organization"},"image":{"@id":"http:\/\/vincentians.com\/es\/jose-maria-vilaseca\/#primaryimage"},"thumbnailUrl":"","keywords":["Misiones Populares"],"articleSection":["Jos\u00e9 Mar\u00eda Vilaseca"],"inLanguage":"es","potentialAction":[{"@type":"CommentAction","name":"Comment","target":["http:\/\/vincentians.com\/es\/jose-maria-vilaseca\/#respond"]}]},{"@type":"WebPage","@id":"http:\/\/vincentians.com\/es\/jose-maria-vilaseca\/","url":"http:\/\/vincentians.com\/es\/jose-maria-vilaseca\/","name":"Jos\u00e9 Mar\u00eda Vilaseca - Somos Vicencianos","isPartOf":{"@id":"http:\/\/vincentians.com\/es\/#website"},"primaryImageOfPage":{"@id":"http:\/\/vincentians.com\/es\/jose-maria-vilaseca\/#primaryimage"},"image":{"@id":"http:\/\/vincentians.com\/es\/jose-maria-vilaseca\/#primaryimage"},"thumbnailUrl":"","datePublished":"2013-11-03T07:08:02+00:00","breadcrumb":{"@id":"http:\/\/vincentians.com\/es\/jose-maria-vilaseca\/#breadcrumb"},"inLanguage":"es","potentialAction":[{"@type":"ReadAction","target":["http:\/\/vincentians.com\/es\/jose-maria-vilaseca\/"]}]},{"@type":"ImageObject","inLanguage":"es","@id":"http:\/\/vincentians.com\/es\/jose-maria-vilaseca\/#primaryimage","url":"","contentUrl":""},{"@type":"BreadcrumbList","@id":"http:\/\/vincentians.com\/es\/jose-maria-vilaseca\/#breadcrumb","itemListElement":[{"@type":"ListItem","position":1,"name":"Portada","item":"http:\/\/vincentians.com\/es\/"},{"@type":"ListItem","position":2,"name":"Jos\u00e9 Mar\u00eda Vilaseca"}]},{"@type":"WebSite","@id":"http:\/\/vincentians.com\/es\/#website","url":"http:\/\/vincentians.com\/es\/","name":"Somos Vicencianos","description":"Know more to serve more","publisher":{"@id":"http:\/\/vincentians.com\/es\/#organization"},"potentialAction":[{"@type":"SearchAction","target":{"@type":"EntryPoint","urlTemplate":"http:\/\/vincentians.com\/es\/?s={search_term_string}"},"query-input":{"@type":"PropertyValueSpecification","valueRequired":true,"valueName":"search_term_string"}}],"inLanguage":"es"},{"@type":"Organization","@id":"http:\/\/vincentians.com\/es\/#organization","name":"The Vincentian Network","url":"http:\/\/vincentians.com\/es\/","logo":{"@type":"ImageObject","inLanguage":"es","@id":"http:\/\/vincentians.com\/es\/#\/schema\/logo\/image\/","url":"https:\/\/i1.wp.com\/vincentians.com\/es\/wp-content\/uploads\/sites\/11\/2016\/06\/Vincentian-Network-logo-big.png?fit=778%2C778","contentUrl":"https:\/\/i1.wp.com\/vincentians.com\/es\/wp-content\/uploads\/sites\/11\/2016\/06\/Vincentian-Network-logo-big.png?fit=778%2C778","width":778,"height":778,"caption":"The Vincentian Network"},"image":{"@id":"http:\/\/vincentians.com\/es\/#\/schema\/logo\/image\/"},"sameAs":["https:\/\/www.facebook.com\/WeAreVincentians\/","https:\/\/x.com\/WeVincentians"]},{"@type":"Person","@id":"http:\/\/vincentians.com\/es\/#\/schema\/person\/9623ef4d9aa3b2dfb8c061f1499288f2","name":"Francisco Javier Fern\u00e1ndez Chento","image":{"@type":"ImageObject","inLanguage":"es","@id":"http:\/\/vincentians.com\/es\/#\/schema\/person\/image\/","url":"https:\/\/secure.gravatar.com\/avatar\/497d5cde87b4c3d097d0315953521681ba2cd523ee66e5077c3711f7021e65de?s=96&d=mm&r=g","contentUrl":"https:\/\/secure.gravatar.com\/avatar\/497d5cde87b4c3d097d0315953521681ba2cd523ee66e5077c3711f7021e65de?s=96&d=mm&r=g","caption":"Francisco Javier Fern\u00e1ndez Chento"},"description":"Director General y cofundador de La Red de Formaci\u00f3n Vicenciana. Javier es laico vicenciano, afiliado a la Congregaci\u00f3n de la Misi\u00f3n y miembro del Equipo de Misiones Populares de la provincia can\u00f3nica de Zaragoza (Espa\u00f1a) de la Congregaci\u00f3n de la Misi\u00f3n. Graduado en la Universidad Oberta de Catalunya con cuatro grados (Asistente de direcci\u00f3n, Gesti\u00f3n Administrativa, Recursos Humanos y Contabilidad Avanzada). Bil\u00edng\u00fce Espa\u00f1ol\/Ingl\u00e9s. gestiona y mantiene varias p\u00e1ginas web cristianas y vicencianas, incluida including La Red de Formaci\u00f3n Vicenciana, de la que es cofundador. Actualmente es responsable del \u00e1rea de Espa\u00f1ol de .famvin, la Red de Noticias de la Familia Vicenciana. Tambi\u00e9n es m\u00fasico cat\u00f3lico y ha editado varios discos. Es Director General y cofundador de Trovador, una reconocida compa\u00f1\u00eda discogr\u00e1fica critiana de Espa\u00f1a. Trabaja en las Tecnolog\u00edas de la Informaci\u00f3n, ofreciendo servicios de alojamiento, dise\u00f1o y mantenimiento Web, as\u00ed como asesoramiento, formaci\u00f3n y soluciones inform\u00e1ticas, gesti\u00f3n documental y digitalizaci\u00f3n de textos, edici\u00f3n y maquetaci\u00f3n de libros, revistas, flyers, etc.","sameAs":["http:\/\/chento.org","https:\/\/www.facebook.com\/JavierChento","https:\/\/x.com\/https:\/\/twitter.com\/javierchento"],"url":"http:\/\/vincentians.com\/es\/author\/chento\/"}]}},"jetpack_publicize_connections":[],"jetpack_featured_media_url":"","jetpack_sharing_enabled":true,"jetpack_shortlink":"https:\/\/wp.me\/p7ETMF-4K8","jetpack-related-posts":[{"id":18231,"url":"http:\/\/vincentians.com\/es\/hermanas-josefinas-de-mexico\/","url_meta":{"origin":18236,"position":0},"title":"Hermanas Josefinas de M\u00e9xico","author":"Francisco Javier Fern\u00e1ndez Chento","date":"15\/03\/2023","format":false,"excerpt":"Congregaci\u00f3n religiosa laical de derecho pontificio fundada en la ciudad de M\u00e9xico el 22 de septiembre de 1872 por el sacerdote Jos\u00e9 Mar\u00eda Vilaseca y sor Ces\u00e1rea Ruiz de Esparza y D\u00e1valos. Recibi\u00f3 la aprobaci\u00f3n diocesana el 8 de diciembre de 1876; la temporal y el decretum laudis, en septiembre\u2026","rel":"","context":"En \u00abHermanas Josefinas\u00bb","block_context":{"text":"Hermanas Josefinas","link":"http:\/\/vincentians.com\/es\/category\/la-familia-vicenciana\/ramas\/hermanas-josefinas\/"},"img":{"alt_text":"","src":"https:\/\/i0.wp.com\/vincentians.com\/es\/wp-content\/uploads\/sites\/11\/2013\/04\/hijas-caridaqd.jpg?fit=1200%2C675&resize=350%2C200","width":350,"height":200,"srcset":"https:\/\/i0.wp.com\/vincentians.com\/es\/wp-content\/uploads\/sites\/11\/2013\/04\/hijas-caridaqd.jpg?fit=1200%2C675&resize=350%2C200 1x, https:\/\/i0.wp.com\/vincentians.com\/es\/wp-content\/uploads\/sites\/11\/2013\/04\/hijas-caridaqd.jpg?fit=1200%2C675&resize=525%2C300 1.5x, https:\/\/i0.wp.com\/vincentians.com\/es\/wp-content\/uploads\/sites\/11\/2013\/04\/hijas-caridaqd.jpg?fit=1200%2C675&resize=700%2C400 2x, https:\/\/i0.wp.com\/vincentians.com\/es\/wp-content\/uploads\/sites\/11\/2013\/04\/hijas-caridaqd.jpg?fit=1200%2C675&resize=1050%2C600 3x"},"classes":[]},{"id":18224,"url":"http:\/\/vincentians.com\/es\/cesarea-ruiz-de-esparza-y-davalos-fundadora-de-las-hermanas-josefinas\/","url_meta":{"origin":18236,"position":1},"title":"Ces\u00e1rea Ruiz de Esparza y D\u00e1valos, fundadora de las Hermanas Josefinas","author":"Francisco Javier Fern\u00e1ndez Chento","date":"21\/12\/2023","format":false,"excerpt":"Nacimiento y primeros a\u00f1os Ces\u00e1rea Ruiz de Esparza y D\u00e1valos llega al mundo. La Providencia le ha preparado un c\u00e1lido hogar en la tranquila y se\u00f1orial ciudad de Aguascalientes. Las dificultades asoman a su existencia con el mismo nacimiento, donde peligra tanto su vida como la de Do\u00f1a Bruna, su\u2026","rel":"","context":"En \u00abHermanas Josefinas\u00bb","block_context":{"text":"Hermanas Josefinas","link":"http:\/\/vincentians.com\/es\/category\/la-familia-vicenciana\/ramas\/hermanas-josefinas\/"},"img":{"alt_text":"","src":"https:\/\/i0.wp.com\/vincentians.com\/es\/wp-content\/uploads\/sites\/11\/2013\/04\/Entorno-de-San-Vicente-1-Berceau.jpg?fit=640%2C433&resize=350%2C200","width":350,"height":200,"srcset":"https:\/\/i0.wp.com\/vincentians.com\/es\/wp-content\/uploads\/sites\/11\/2013\/04\/Entorno-de-San-Vicente-1-Berceau.jpg?fit=640%2C433&resize=350%2C200 1x, https:\/\/i0.wp.com\/vincentians.com\/es\/wp-content\/uploads\/sites\/11\/2013\/04\/Entorno-de-San-Vicente-1-Berceau.jpg?fit=640%2C433&resize=525%2C300 1.5x"},"classes":[]},{"id":141165,"url":"http:\/\/vincentians.com\/es\/hno-coadjutor-jaime-vidal-gimenez-1873-1950-2\/","url_meta":{"origin":18236,"position":2},"title":"Hno. Coadjutor Jaime Vidal Gim\u00e9nez (1873-1950)","author":"Mitxel Olabu\u00e9naga","date":"05\/04\/2015","format":false,"excerpt":"Habl\u00f3 en primer lugar el H. To\u00adm\u00e1s Mercadal, y dijo haber obser\u00advado -que nuestro -finado era muy amante de las cosas de la Congrega\u00adci\u00f3n. Que se alegr\u00e9 mucho cuando le destinaron a acompa\u00f1ar a los misio\u00adneros en las misiones de esta isla de Mallorca. Que en ellas fue ejemplar para\u2026","rel":"","context":"En \u00abBiograf\u00edas de Misioneros Pa\u00fales\u00bb","block_context":{"text":"Biograf\u00edas de Misioneros Pa\u00fales","link":"http:\/\/vincentians.com\/es\/category\/la-familia-vicenciana\/biografias-vicencianas\/biografias-de-misioneros-paules\/"},"img":{"alt_text":"","src":"https:\/\/i0.wp.com\/vincentians.com\/es\/wp-content\/uploads\/sites\/11\/2016\/07\/bio-cm.jpg?fit=1200%2C630&resize=350%2C200","width":350,"height":200,"srcset":"https:\/\/i0.wp.com\/vincentians.com\/es\/wp-content\/uploads\/sites\/11\/2016\/07\/bio-cm.jpg?fit=1200%2C630&resize=350%2C200 1x, https:\/\/i0.wp.com\/vincentians.com\/es\/wp-content\/uploads\/sites\/11\/2016\/07\/bio-cm.jpg?fit=1200%2C630&resize=525%2C300 1.5x, https:\/\/i0.wp.com\/vincentians.com\/es\/wp-content\/uploads\/sites\/11\/2016\/07\/bio-cm.jpg?fit=1200%2C630&resize=700%2C400 2x, https:\/\/i0.wp.com\/vincentians.com\/es\/wp-content\/uploads\/sites\/11\/2016\/07\/bio-cm.jpg?fit=1200%2C630&resize=1050%2C600 3x"},"classes":[]},{"id":131221,"url":"http:\/\/vincentians.com\/es\/hno-coadjutor-jaime-vidal-gimenez-1873-1950\/","url_meta":{"origin":18236,"position":3},"title":"Hno. Coadjutor Jaime Vidal Gim\u00e9nez (1873-1950)","author":"Mitxel Olabu\u00e9naga","date":"03\/09\/2014","format":false,"excerpt":"Naci\u00f3 el Hermano Vidal en Igualada (Barcelona) el 16 de diciembre de 1873, y entr\u00f3 en el Seminario Interno, de Madrid, el 6 de marzo de 1891, emitiendo los santos votos en la misma Casa el 7 de marzo de 1893. En 1914 estaba en la Casa de C\u00e1diz, y\u2026","rel":"","context":"En \u00abBiograf\u00edas de Misioneros Pa\u00fales\u00bb","block_context":{"text":"Biograf\u00edas de Misioneros Pa\u00fales","link":"http:\/\/vincentians.com\/es\/category\/la-familia-vicenciana\/biografias-vicencianas\/biografias-de-misioneros-paules\/"},"img":{"alt_text":"","src":"https:\/\/i0.wp.com\/vincentians.com\/es\/wp-content\/uploads\/sites\/11\/2016\/07\/bio-cm.jpg?fit=1200%2C630&resize=350%2C200","width":350,"height":200,"srcset":"https:\/\/i0.wp.com\/vincentians.com\/es\/wp-content\/uploads\/sites\/11\/2016\/07\/bio-cm.jpg?fit=1200%2C630&resize=350%2C200 1x, https:\/\/i0.wp.com\/vincentians.com\/es\/wp-content\/uploads\/sites\/11\/2016\/07\/bio-cm.jpg?fit=1200%2C630&resize=525%2C300 1.5x, https:\/\/i0.wp.com\/vincentians.com\/es\/wp-content\/uploads\/sites\/11\/2016\/07\/bio-cm.jpg?fit=1200%2C630&resize=700%2C400 2x, https:\/\/i0.wp.com\/vincentians.com\/es\/wp-content\/uploads\/sites\/11\/2016\/07\/bio-cm.jpg?fit=1200%2C630&resize=1050%2C600 3x"},"classes":[]},{"id":50964,"url":"http:\/\/vincentians.com\/es\/hijas-de-maria-religiosas-y-santas\/","url_meta":{"origin":18236,"position":4},"title":"Hijas de Mar\u00eda, religiosas y santas","author":"Francisco Javier Fern\u00e1ndez Chento","date":"08\/03\/2015","format":false,"excerpt":"I: Las vocaciones a la vida religiosa. La Asociaci\u00f3n, por la fuerza de la vida interior de sus miembros, dio numerosas vocaciones que ingresaron a los m\u00e1s diversos Institutos religiosos. De la Asociaci\u00f3n salieron tambi\u00e9n varias Congregaciones religiosas que reconocen como fundadora a una Hija de Mar\u00eda, la que a\u2026","rel":"","context":"En \u00abAsociaci\u00f3n de la Medalla Milagrosa\u00bb","block_context":{"text":"Asociaci\u00f3n de la Medalla Milagrosa","link":"http:\/\/vincentians.com\/es\/category\/la-familia-vicenciana\/ramas\/asociacion-de-la-medalla-milagrosa\/"},"img":{"alt_text":"medallamilagrosa","src":"https:\/\/i0.wp.com\/vicencianos.org\/wp-content\/2015\/03\/medallamilagrosa-300x195.jpg?resize=350%2C200","width":350,"height":200},"classes":[]},{"id":115398,"url":"http:\/\/vincentians.com\/es\/el-instituto-nacional-de-ensenanza-media-de-figueras-ii\/","url_meta":{"origin":18236,"position":5},"title":"El Instituto Nacional de Ense\u00f1anza Media de Figueras (II)","author":"Mitxel Olabu\u00e9naga","date":"07\/10\/2018","format":false,"excerpt":"Fundaci\u00f3n del Colegio de Humanidades Con motivo de la revoluci\u00f3n de 1835 figuraba entre los emi\u00adgrados que se hab\u00edan visto obligados a fijar su residencia en Fran\u00adcia el Rdo. P. D. Julian Gonz\u00e1lez de Soto. Pertenec\u00eda el Padre Gonzalez de Soto a la Compa\u00f1\u00eda de San Vicente de Pa\u00fal, y\u2026","rel":"","context":"En \u00abHistoria de la Congregaci\u00f3n de la Misi\u00f3n en Espa\u00f1a\u00bb","block_context":{"text":"Historia de la Congregaci\u00f3n de la Misi\u00f3n en Espa\u00f1a","link":"http:\/\/vincentians.com\/es\/category\/historia-de-la-familia-vicenciana\/historia-de-la-congregacion-de-la-mision-en-espana\/"},"img":{"alt_text":"","src":"https:\/\/i0.wp.com\/vincentians.com\/es\/wp-content\/uploads\/sites\/11\/2016\/09\/espiritu-de-jesus.jpg?fit=1200%2C630&resize=350%2C200","width":350,"height":200,"srcset":"https:\/\/i0.wp.com\/vincentians.com\/es\/wp-content\/uploads\/sites\/11\/2016\/09\/espiritu-de-jesus.jpg?fit=1200%2C630&resize=350%2C200 1x, https:\/\/i0.wp.com\/vincentians.com\/es\/wp-content\/uploads\/sites\/11\/2016\/09\/espiritu-de-jesus.jpg?fit=1200%2C630&resize=525%2C300 1.5x, https:\/\/i0.wp.com\/vincentians.com\/es\/wp-content\/uploads\/sites\/11\/2016\/09\/espiritu-de-jesus.jpg?fit=1200%2C630&resize=700%2C400 2x, https:\/\/i0.wp.com\/vincentians.com\/es\/wp-content\/uploads\/sites\/11\/2016\/09\/espiritu-de-jesus.jpg?fit=1200%2C630&resize=1050%2C600 3x"},"classes":[]}],"_links":{"self":[{"href":"http:\/\/vincentians.com\/es\/wp-json\/wp\/v2\/posts\/18236","targetHints":{"allow":["GET"]}}],"collection":[{"href":"http:\/\/vincentians.com\/es\/wp-json\/wp\/v2\/posts"}],"about":[{"href":"http:\/\/vincentians.com\/es\/wp-json\/wp\/v2\/types\/post"}],"author":[{"embeddable":true,"href":"http:\/\/vincentians.com\/es\/wp-json\/wp\/v2\/users\/4"}],"replies":[{"embeddable":true,"href":"http:\/\/vincentians.com\/es\/wp-json\/wp\/v2\/comments?post=18236"}],"version-history":[{"count":0,"href":"http:\/\/vincentians.com\/es\/wp-json\/wp\/v2\/posts\/18236\/revisions"}],"wp:featuredmedia":[{"embeddable":true,"href":"http:\/\/vincentians.com\/es\/wp-json\/"}],"wp:attachment":[{"href":"http:\/\/vincentians.com\/es\/wp-json\/wp\/v2\/media?parent=18236"}],"wp:term":[{"taxonomy":"category","embeddable":true,"href":"http:\/\/vincentians.com\/es\/wp-json\/wp\/v2\/categories?post=18236"},{"taxonomy":"post_tag","embeddable":true,"href":"http:\/\/vincentians.com\/es\/wp-json\/wp\/v2\/tags?post=18236"}],"curies":[{"name":"wp","href":"https:\/\/api.w.org\/{rel}","templated":true}]}}