{"id":18214,"date":"2010-04-22T00:01:36","date_gmt":"2010-04-21T22:01:36","guid":{"rendered":"http:\/\/somos.vicencianos.org\/escritosdenuestrossantosybeatos\/2010\/04\/22\/regis-clet-carta-20-a-pablo-song-c-m\/"},"modified":"2010-04-22T00:01:36","modified_gmt":"2010-04-21T22:01:36","slug":"regis-clet-carta-20-a-pablo-song-c-m","status":"publish","type":"post","link":"http:\/\/vincentians.com\/es\/regis-clet-carta-20-a-pablo-song-c-m\/","title":{"rendered":"R\u00e9gis Clet, Carta 20: A Pablo Song, C.M."},"content":{"rendered":"<p>En el castillo,<span id='easy-footnote-1-18214' class='easy-footnote-margin-adjust'><\/span><span class='easy-footnote'><a href='http:\/\/vincentians.com\/es\/regis-clet-carta-20-a-pablo-song-c-m\/#easy-footnote-bottom-1-18214' title='Se trata del legendario \u00abcastillo de paja\u00bb, sito en el valle de  Tch&amp;#8217;a-yuen-kel\u00fa, en el territo\u00adrio monta\u00f1oso al oeste &lt;em&gt;de &lt;\/em&gt;Ku-tch&amp;#8217;eng  hsien, que dista algunos kil\u00f3metros del mercado de Koan\u00ad-ying-t&amp;#8217;ang. He  aqu\u00ed lo que dice san Juan-Gabriel Perboyre sobre Tch&amp;#8217;a-yuen-kel\u00fa:&lt;\/p&gt;\n&lt;p&gt;\u00abCuando llegas a esta residencia, te ves sepultado en profunda  soledad, no adviertes en torno a ti m\u00e1s que las altas monta\u00f1as que te  rodean y ci\u00f1en en un espacio bastante angosto, donde la naturaleza  parece vivir ella sola, ni oyes m\u00e1s que el zumbido de los insectos o el  canto de las aves; durante la noche, m\u00e1s silenciosa a\u00fan que el d\u00eda, el  rumor de un torrente que se precipita a tu lado, te induce a hacer  serias reflexiones sobre el fluir constante y la incalculable rapidez de  ese otro torrente que llaman vida humana.&lt;\/p&gt;\n&lt;p&gt;No habiendo divisado  casas, te sientes gratamente sorprendido, hacia las nueve de la noche,  al oir de diversos lados el canto de la oraci\u00f3n, y te extra\u00f1as a\u00fan m\u00e1s  el domingo por la ma\u00f1ana, vi\u00e9ndote saludado por 400 \u00f3 300 personas,  llegadas para oir misa y escuchar la palabra de Dios, recitar el rosario  y hacer el viacrucis. \u00bfDe d\u00f3nde salen? De peque\u00f1as caba\u00f1as ocultas bajo  los \u00e1rboles, en las sinuosidades de las monta\u00f1as: y a\u00fan muchos que  vienen de lejos, han franqueado antes del alba las altas barreras que  les separaban del lugar del sacrificio\u00bb. (Cfr. Las &lt;em&gt;Cartas del  Bienaventurado Juan-Gabriel Perboyre, &lt;\/em&gt;Pek\u00edn 1940, p. 186).'><sup>1<\/sup><\/a><\/span> a 6 de noviembre de 1805<span id='easy-footnote-2-18214' class='easy-footnote-margin-adjust'><\/span><span class='easy-footnote'><a href='http:\/\/vincentians.com\/es\/regis-clet-carta-20-a-pablo-song-c-m\/#easy-footnote-bottom-2-18214' title='CARTA 20. Casa Madre, original. (Baros, n. 14).'><sup>2<\/sup><\/a><\/span>\n<p>Padre y querido hermano,<\/p>\n<p>Despu\u00e9s de madura reflexi\u00f3n, no puedo acceder a ir para participar de su trabajo en Tien-chen; por consiguiente, para su confesi\u00f3n y la m\u00eda, venga como dice a hacerme una visita. Diga, le ruego, a la virgen Yuen King-ta que se vuelva para recibirme ma\u00f1ana en su casa, y a\u00f1ada que si no me recibe ma\u00f1ana, me marchar\u00e9 a Chang-yuen-lao, a donde me invitan con insistencia para que administre esa cristiandad&#8230; Una vez tomada esta determinaci\u00f3n, es bastante in\u00fatil que vengan 3 \u00f3 4 cristianos hoy a llevar mi equipaje, porque ciertamente volver\u00e1n con las manos vac\u00edas.<\/p>\n<p>Con todo afecto del coraz\u00f3n, soy en el Se\u00f1or, su humilde y obediente servidor,<\/p>\n<p>Clet, i. s. d. l. M.<\/p>\n","protected":false},"excerpt":{"rendered":"<p>En el castillo, a 6 de noviembre de 1805 Padre y querido hermano, Despu\u00e9s de madura reflexi\u00f3n, no puedo acceder a ir para participar de su trabajo en Tien-chen; por consiguiente, para su confesi\u00f3n y &#8230; <a href=\"http:\/\/vincentians.com\/es\/regis-clet-carta-20-a-pablo-song-c-m\/\" class=\"more-link\">Read More<\/a><\/p>\n","protected":false},"author":4,"featured_media":393752,"comment_status":"open","ping_status":"open","sticky":false,"template":"","format":"standard","meta":{"jetpack_post_was_ever_published":false,"_jetpack_newsletter_access":"","_jetpack_dont_email_post_to_subs":false,"_jetpack_newsletter_tier_id":0,"_jetpack_memberships_contains_paywalled_content":false,"_jetpack_memberships_contains_paid_content":false,"footnotes":"","jetpack_publicize_message":"","jetpack_publicize_feature_enabled":true,"jetpack_social_post_already_shared":true,"jetpack_social_options":{"image_generator_settings":{"template":"highway","default_image_id":0,"font":"","enabled":false},"version":2}},"categories":[211],"tags":[196],"class_list":["post-18214","post","type-post","status-publish","format-standard","has-post-thumbnail","hentry","category-escritos-de-francisco-regis-clet","tag-perboyre"],"yoast_head":"<!-- This site is optimized with the Yoast SEO plugin v26.3 - https:\/\/yoast.com\/wordpress\/plugins\/seo\/ -->\n<title>R\u00e9gis Clet, Carta 20: A Pablo Song, C.M. - Somos Vicencianos<\/title>\n<meta name=\"robots\" content=\"index, follow, max-snippet:-1, max-image-preview:large, max-video-preview:-1\" \/>\n<link rel=\"canonical\" href=\"http:\/\/vincentians.com\/es\/regis-clet-carta-20-a-pablo-song-c-m\/\" \/>\n<meta property=\"og:locale\" content=\"es_ES\" \/>\n<meta property=\"og:type\" content=\"article\" \/>\n<meta property=\"og:title\" content=\"R\u00e9gis Clet, Carta 20: A Pablo Song, C.M. - Somos Vicencianos\" \/>\n<meta property=\"og:description\" content=\"En el castillo, a 6 de noviembre de 1805 Padre y querido hermano, Despu\u00e9s de madura reflexi\u00f3n, no puedo acceder a ir para participar de su trabajo en Tien-chen; por consiguiente, para su confesi\u00f3n y ... Read More\" \/>\n<meta property=\"og:url\" content=\"http:\/\/vincentians.com\/es\/regis-clet-carta-20-a-pablo-song-c-m\/\" \/>\n<meta property=\"og:site_name\" content=\"Somos Vicencianos\" \/>\n<meta property=\"article:publisher\" content=\"https:\/\/www.facebook.com\/WeAreVincentians\/\" \/>\n<meta property=\"article:author\" content=\"https:\/\/www.facebook.com\/JavierChento\" \/>\n<meta property=\"article:published_time\" content=\"2010-04-21T22:01:36+00:00\" \/>\n<meta property=\"og:image\" content=\"https:\/\/i0.wp.com\/vincentians.com\/es\/wp-content\/uploads\/sites\/11\/2016\/07\/escritos-regis-clet.jpg?fit=1200%2C630\" \/>\n\t<meta property=\"og:image:width\" content=\"1200\" \/>\n\t<meta property=\"og:image:height\" content=\"630\" \/>\n\t<meta property=\"og:image:type\" content=\"image\/jpeg\" \/>\n<meta name=\"author\" content=\"Francisco Javier Fern\u00e1ndez Chento\" \/>\n<meta name=\"twitter:card\" content=\"summary_large_image\" \/>\n<meta name=\"twitter:creator\" content=\"@https:\/\/twitter.com\/javierchento\" \/>\n<meta name=\"twitter:site\" content=\"@WeVincentians\" \/>\n<meta name=\"twitter:label1\" content=\"Escrito por\" \/>\n\t<meta name=\"twitter:data1\" content=\"Francisco Javier Fern\u00e1ndez Chento\" \/>\n\t<meta name=\"twitter:label2\" content=\"Tiempo de lectura\" \/>\n\t<meta name=\"twitter:data2\" content=\"2 minutos\" \/>\n<script type=\"application\/ld+json\" class=\"yoast-schema-graph\">{\"@context\":\"https:\/\/schema.org\",\"@graph\":[{\"@type\":\"Article\",\"@id\":\"http:\/\/vincentians.com\/es\/regis-clet-carta-20-a-pablo-song-c-m\/#article\",\"isPartOf\":{\"@id\":\"http:\/\/vincentians.com\/es\/regis-clet-carta-20-a-pablo-song-c-m\/\"},\"author\":{\"name\":\"Francisco Javier Fern\u00e1ndez Chento\",\"@id\":\"http:\/\/vincentians.com\/es\/#\/schema\/person\/9623ef4d9aa3b2dfb8c061f1499288f2\"},\"headline\":\"R\u00e9gis Clet, Carta 20: A Pablo Song, C.M.\",\"datePublished\":\"2010-04-21T22:01:36+00:00\",\"mainEntityOfPage\":{\"@id\":\"http:\/\/vincentians.com\/es\/regis-clet-carta-20-a-pablo-song-c-m\/\"},\"wordCount\":418,\"commentCount\":0,\"publisher\":{\"@id\":\"http:\/\/vincentians.com\/es\/#organization\"},\"image\":{\"@id\":\"http:\/\/vincentians.com\/es\/regis-clet-carta-20-a-pablo-song-c-m\/#primaryimage\"},\"thumbnailUrl\":\"https:\/\/i0.wp.com\/vincentians.com\/es\/wp-content\/uploads\/sites\/11\/2016\/07\/escritos-regis-clet.jpg?fit=1200%2C630\",\"keywords\":[\"Perboyre\"],\"articleSection\":[\"Escritos de Francisco R\u00e9gis Clet\"],\"inLanguage\":\"es\",\"potentialAction\":[{\"@type\":\"CommentAction\",\"name\":\"Comment\",\"target\":[\"http:\/\/vincentians.com\/es\/regis-clet-carta-20-a-pablo-song-c-m\/#respond\"]}]},{\"@type\":\"WebPage\",\"@id\":\"http:\/\/vincentians.com\/es\/regis-clet-carta-20-a-pablo-song-c-m\/\",\"url\":\"http:\/\/vincentians.com\/es\/regis-clet-carta-20-a-pablo-song-c-m\/\",\"name\":\"R\u00e9gis Clet, Carta 20: A Pablo Song, C.M. - Somos Vicencianos\",\"isPartOf\":{\"@id\":\"http:\/\/vincentians.com\/es\/#website\"},\"primaryImageOfPage\":{\"@id\":\"http:\/\/vincentians.com\/es\/regis-clet-carta-20-a-pablo-song-c-m\/#primaryimage\"},\"image\":{\"@id\":\"http:\/\/vincentians.com\/es\/regis-clet-carta-20-a-pablo-song-c-m\/#primaryimage\"},\"thumbnailUrl\":\"https:\/\/i0.wp.com\/vincentians.com\/es\/wp-content\/uploads\/sites\/11\/2016\/07\/escritos-regis-clet.jpg?fit=1200%2C630\",\"datePublished\":\"2010-04-21T22:01:36+00:00\",\"breadcrumb\":{\"@id\":\"http:\/\/vincentians.com\/es\/regis-clet-carta-20-a-pablo-song-c-m\/#breadcrumb\"},\"inLanguage\":\"es\",\"potentialAction\":[{\"@type\":\"ReadAction\",\"target\":[\"http:\/\/vincentians.com\/es\/regis-clet-carta-20-a-pablo-song-c-m\/\"]}]},{\"@type\":\"ImageObject\",\"inLanguage\":\"es\",\"@id\":\"http:\/\/vincentians.com\/es\/regis-clet-carta-20-a-pablo-song-c-m\/#primaryimage\",\"url\":\"https:\/\/i0.wp.com\/vincentians.com\/es\/wp-content\/uploads\/sites\/11\/2016\/07\/escritos-regis-clet.jpg?fit=1200%2C630\",\"contentUrl\":\"https:\/\/i0.wp.com\/vincentians.com\/es\/wp-content\/uploads\/sites\/11\/2016\/07\/escritos-regis-clet.jpg?fit=1200%2C630\",\"width\":1200,\"height\":630},{\"@type\":\"BreadcrumbList\",\"@id\":\"http:\/\/vincentians.com\/es\/regis-clet-carta-20-a-pablo-song-c-m\/#breadcrumb\",\"itemListElement\":[{\"@type\":\"ListItem\",\"position\":1,\"name\":\"Portada\",\"item\":\"http:\/\/vincentians.com\/es\/\"},{\"@type\":\"ListItem\",\"position\":2,\"name\":\"R\u00e9gis Clet, Carta 20: A Pablo Song, C.M.\"}]},{\"@type\":\"WebSite\",\"@id\":\"http:\/\/vincentians.com\/es\/#website\",\"url\":\"http:\/\/vincentians.com\/es\/\",\"name\":\"Somos Vicencianos\",\"description\":\"Know more to serve more\",\"publisher\":{\"@id\":\"http:\/\/vincentians.com\/es\/#organization\"},\"potentialAction\":[{\"@type\":\"SearchAction\",\"target\":{\"@type\":\"EntryPoint\",\"urlTemplate\":\"http:\/\/vincentians.com\/es\/?s={search_term_string}\"},\"query-input\":{\"@type\":\"PropertyValueSpecification\",\"valueRequired\":true,\"valueName\":\"search_term_string\"}}],\"inLanguage\":\"es\"},{\"@type\":\"Organization\",\"@id\":\"http:\/\/vincentians.com\/es\/#organization\",\"name\":\"The Vincentian Network\",\"url\":\"http:\/\/vincentians.com\/es\/\",\"logo\":{\"@type\":\"ImageObject\",\"inLanguage\":\"es\",\"@id\":\"http:\/\/vincentians.com\/es\/#\/schema\/logo\/image\/\",\"url\":\"https:\/\/i1.wp.com\/vincentians.com\/es\/wp-content\/uploads\/sites\/11\/2016\/06\/Vincentian-Network-logo-big.png?fit=778%2C778\",\"contentUrl\":\"https:\/\/i1.wp.com\/vincentians.com\/es\/wp-content\/uploads\/sites\/11\/2016\/06\/Vincentian-Network-logo-big.png?fit=778%2C778\",\"width\":778,\"height\":778,\"caption\":\"The Vincentian Network\"},\"image\":{\"@id\":\"http:\/\/vincentians.com\/es\/#\/schema\/logo\/image\/\"},\"sameAs\":[\"https:\/\/www.facebook.com\/WeAreVincentians\/\",\"https:\/\/x.com\/WeVincentians\"]},{\"@type\":\"Person\",\"@id\":\"http:\/\/vincentians.com\/es\/#\/schema\/person\/9623ef4d9aa3b2dfb8c061f1499288f2\",\"name\":\"Francisco Javier Fern\u00e1ndez Chento\",\"image\":{\"@type\":\"ImageObject\",\"inLanguage\":\"es\",\"@id\":\"http:\/\/vincentians.com\/es\/#\/schema\/person\/image\/\",\"url\":\"https:\/\/secure.gravatar.com\/avatar\/497d5cde87b4c3d097d0315953521681ba2cd523ee66e5077c3711f7021e65de?s=96&d=mm&r=g\",\"contentUrl\":\"https:\/\/secure.gravatar.com\/avatar\/497d5cde87b4c3d097d0315953521681ba2cd523ee66e5077c3711f7021e65de?s=96&d=mm&r=g\",\"caption\":\"Francisco Javier Fern\u00e1ndez Chento\"},\"description\":\"Director General y cofundador de La Red de Formaci\u00f3n Vicenciana. Javier es laico vicenciano, afiliado a la Congregaci\u00f3n de la Misi\u00f3n y miembro del Equipo de Misiones Populares de la provincia can\u00f3nica de Zaragoza (Espa\u00f1a) de la Congregaci\u00f3n de la Misi\u00f3n. Graduado en la Universidad Oberta de Catalunya con cuatro grados (Asistente de direcci\u00f3n, Gesti\u00f3n Administrativa, Recursos Humanos y Contabilidad Avanzada). Bil\u00edng\u00fce Espa\u00f1ol\/Ingl\u00e9s. gestiona y mantiene varias p\u00e1ginas web cristianas y vicencianas, incluida including La Red de Formaci\u00f3n Vicenciana, de la que es cofundador. Actualmente es responsable del \u00e1rea de Espa\u00f1ol de .famvin, la Red de Noticias de la Familia Vicenciana. Tambi\u00e9n es m\u00fasico cat\u00f3lico y ha editado varios discos. Es Director General y cofundador de Trovador, una reconocida compa\u00f1\u00eda discogr\u00e1fica critiana de Espa\u00f1a. Trabaja en las Tecnolog\u00edas de la Informaci\u00f3n, ofreciendo servicios de alojamiento, dise\u00f1o y mantenimiento Web, as\u00ed como asesoramiento, formaci\u00f3n y soluciones inform\u00e1ticas, gesti\u00f3n documental y digitalizaci\u00f3n de textos, edici\u00f3n y maquetaci\u00f3n de libros, revistas, flyers, etc.\",\"sameAs\":[\"http:\/\/chento.org\",\"https:\/\/www.facebook.com\/JavierChento\",\"https:\/\/x.com\/https:\/\/twitter.com\/javierchento\"],\"url\":\"http:\/\/vincentians.com\/es\/author\/chento\/\"}]}<\/script>\n<!-- \/ Yoast SEO plugin. -->","yoast_head_json":{"title":"R\u00e9gis Clet, Carta 20: A Pablo Song, C.M. - Somos Vicencianos","robots":{"index":"index","follow":"follow","max-snippet":"max-snippet:-1","max-image-preview":"max-image-preview:large","max-video-preview":"max-video-preview:-1"},"canonical":"http:\/\/vincentians.com\/es\/regis-clet-carta-20-a-pablo-song-c-m\/","og_locale":"es_ES","og_type":"article","og_title":"R\u00e9gis Clet, Carta 20: A Pablo Song, C.M. - Somos Vicencianos","og_description":"En el castillo, a 6 de noviembre de 1805 Padre y querido hermano, Despu\u00e9s de madura reflexi\u00f3n, no puedo acceder a ir para participar de su trabajo en Tien-chen; por consiguiente, para su confesi\u00f3n y ... Read More","og_url":"http:\/\/vincentians.com\/es\/regis-clet-carta-20-a-pablo-song-c-m\/","og_site_name":"Somos Vicencianos","article_publisher":"https:\/\/www.facebook.com\/WeAreVincentians\/","article_author":"https:\/\/www.facebook.com\/JavierChento","article_published_time":"2010-04-21T22:01:36+00:00","og_image":[{"width":1200,"height":630,"url":"https:\/\/i0.wp.com\/vincentians.com\/es\/wp-content\/uploads\/sites\/11\/2016\/07\/escritos-regis-clet.jpg?fit=1200%2C630","type":"image\/jpeg"}],"author":"Francisco Javier Fern\u00e1ndez Chento","twitter_card":"summary_large_image","twitter_creator":"@https:\/\/twitter.com\/javierchento","twitter_site":"@WeVincentians","twitter_misc":{"Escrito por":"Francisco Javier Fern\u00e1ndez Chento","Tiempo de lectura":"2 minutos"},"schema":{"@context":"https:\/\/schema.org","@graph":[{"@type":"Article","@id":"http:\/\/vincentians.com\/es\/regis-clet-carta-20-a-pablo-song-c-m\/#article","isPartOf":{"@id":"http:\/\/vincentians.com\/es\/regis-clet-carta-20-a-pablo-song-c-m\/"},"author":{"name":"Francisco Javier Fern\u00e1ndez Chento","@id":"http:\/\/vincentians.com\/es\/#\/schema\/person\/9623ef4d9aa3b2dfb8c061f1499288f2"},"headline":"R\u00e9gis Clet, Carta 20: A Pablo Song, C.M.","datePublished":"2010-04-21T22:01:36+00:00","mainEntityOfPage":{"@id":"http:\/\/vincentians.com\/es\/regis-clet-carta-20-a-pablo-song-c-m\/"},"wordCount":418,"commentCount":0,"publisher":{"@id":"http:\/\/vincentians.com\/es\/#organization"},"image":{"@id":"http:\/\/vincentians.com\/es\/regis-clet-carta-20-a-pablo-song-c-m\/#primaryimage"},"thumbnailUrl":"https:\/\/i0.wp.com\/vincentians.com\/es\/wp-content\/uploads\/sites\/11\/2016\/07\/escritos-regis-clet.jpg?fit=1200%2C630","keywords":["Perboyre"],"articleSection":["Escritos de Francisco R\u00e9gis Clet"],"inLanguage":"es","potentialAction":[{"@type":"CommentAction","name":"Comment","target":["http:\/\/vincentians.com\/es\/regis-clet-carta-20-a-pablo-song-c-m\/#respond"]}]},{"@type":"WebPage","@id":"http:\/\/vincentians.com\/es\/regis-clet-carta-20-a-pablo-song-c-m\/","url":"http:\/\/vincentians.com\/es\/regis-clet-carta-20-a-pablo-song-c-m\/","name":"R\u00e9gis Clet, Carta 20: A Pablo Song, C.M. - Somos Vicencianos","isPartOf":{"@id":"http:\/\/vincentians.com\/es\/#website"},"primaryImageOfPage":{"@id":"http:\/\/vincentians.com\/es\/regis-clet-carta-20-a-pablo-song-c-m\/#primaryimage"},"image":{"@id":"http:\/\/vincentians.com\/es\/regis-clet-carta-20-a-pablo-song-c-m\/#primaryimage"},"thumbnailUrl":"https:\/\/i0.wp.com\/vincentians.com\/es\/wp-content\/uploads\/sites\/11\/2016\/07\/escritos-regis-clet.jpg?fit=1200%2C630","datePublished":"2010-04-21T22:01:36+00:00","breadcrumb":{"@id":"http:\/\/vincentians.com\/es\/regis-clet-carta-20-a-pablo-song-c-m\/#breadcrumb"},"inLanguage":"es","potentialAction":[{"@type":"ReadAction","target":["http:\/\/vincentians.com\/es\/regis-clet-carta-20-a-pablo-song-c-m\/"]}]},{"@type":"ImageObject","inLanguage":"es","@id":"http:\/\/vincentians.com\/es\/regis-clet-carta-20-a-pablo-song-c-m\/#primaryimage","url":"https:\/\/i0.wp.com\/vincentians.com\/es\/wp-content\/uploads\/sites\/11\/2016\/07\/escritos-regis-clet.jpg?fit=1200%2C630","contentUrl":"https:\/\/i0.wp.com\/vincentians.com\/es\/wp-content\/uploads\/sites\/11\/2016\/07\/escritos-regis-clet.jpg?fit=1200%2C630","width":1200,"height":630},{"@type":"BreadcrumbList","@id":"http:\/\/vincentians.com\/es\/regis-clet-carta-20-a-pablo-song-c-m\/#breadcrumb","itemListElement":[{"@type":"ListItem","position":1,"name":"Portada","item":"http:\/\/vincentians.com\/es\/"},{"@type":"ListItem","position":2,"name":"R\u00e9gis Clet, Carta 20: A Pablo Song, C.M."}]},{"@type":"WebSite","@id":"http:\/\/vincentians.com\/es\/#website","url":"http:\/\/vincentians.com\/es\/","name":"Somos Vicencianos","description":"Know more to serve more","publisher":{"@id":"http:\/\/vincentians.com\/es\/#organization"},"potentialAction":[{"@type":"SearchAction","target":{"@type":"EntryPoint","urlTemplate":"http:\/\/vincentians.com\/es\/?s={search_term_string}"},"query-input":{"@type":"PropertyValueSpecification","valueRequired":true,"valueName":"search_term_string"}}],"inLanguage":"es"},{"@type":"Organization","@id":"http:\/\/vincentians.com\/es\/#organization","name":"The Vincentian Network","url":"http:\/\/vincentians.com\/es\/","logo":{"@type":"ImageObject","inLanguage":"es","@id":"http:\/\/vincentians.com\/es\/#\/schema\/logo\/image\/","url":"https:\/\/i1.wp.com\/vincentians.com\/es\/wp-content\/uploads\/sites\/11\/2016\/06\/Vincentian-Network-logo-big.png?fit=778%2C778","contentUrl":"https:\/\/i1.wp.com\/vincentians.com\/es\/wp-content\/uploads\/sites\/11\/2016\/06\/Vincentian-Network-logo-big.png?fit=778%2C778","width":778,"height":778,"caption":"The Vincentian Network"},"image":{"@id":"http:\/\/vincentians.com\/es\/#\/schema\/logo\/image\/"},"sameAs":["https:\/\/www.facebook.com\/WeAreVincentians\/","https:\/\/x.com\/WeVincentians"]},{"@type":"Person","@id":"http:\/\/vincentians.com\/es\/#\/schema\/person\/9623ef4d9aa3b2dfb8c061f1499288f2","name":"Francisco Javier Fern\u00e1ndez Chento","image":{"@type":"ImageObject","inLanguage":"es","@id":"http:\/\/vincentians.com\/es\/#\/schema\/person\/image\/","url":"https:\/\/secure.gravatar.com\/avatar\/497d5cde87b4c3d097d0315953521681ba2cd523ee66e5077c3711f7021e65de?s=96&d=mm&r=g","contentUrl":"https:\/\/secure.gravatar.com\/avatar\/497d5cde87b4c3d097d0315953521681ba2cd523ee66e5077c3711f7021e65de?s=96&d=mm&r=g","caption":"Francisco Javier Fern\u00e1ndez Chento"},"description":"Director General y cofundador de La Red de Formaci\u00f3n Vicenciana. Javier es laico vicenciano, afiliado a la Congregaci\u00f3n de la Misi\u00f3n y miembro del Equipo de Misiones Populares de la provincia can\u00f3nica de Zaragoza (Espa\u00f1a) de la Congregaci\u00f3n de la Misi\u00f3n. Graduado en la Universidad Oberta de Catalunya con cuatro grados (Asistente de direcci\u00f3n, Gesti\u00f3n Administrativa, Recursos Humanos y Contabilidad Avanzada). Bil\u00edng\u00fce Espa\u00f1ol\/Ingl\u00e9s. gestiona y mantiene varias p\u00e1ginas web cristianas y vicencianas, incluida including La Red de Formaci\u00f3n Vicenciana, de la que es cofundador. Actualmente es responsable del \u00e1rea de Espa\u00f1ol de .famvin, la Red de Noticias de la Familia Vicenciana. Tambi\u00e9n es m\u00fasico cat\u00f3lico y ha editado varios discos. Es Director General y cofundador de Trovador, una reconocida compa\u00f1\u00eda discogr\u00e1fica critiana de Espa\u00f1a. Trabaja en las Tecnolog\u00edas de la Informaci\u00f3n, ofreciendo servicios de alojamiento, dise\u00f1o y mantenimiento Web, as\u00ed como asesoramiento, formaci\u00f3n y soluciones inform\u00e1ticas, gesti\u00f3n documental y digitalizaci\u00f3n de textos, edici\u00f3n y maquetaci\u00f3n de libros, revistas, flyers, etc.","sameAs":["http:\/\/chento.org","https:\/\/www.facebook.com\/JavierChento","https:\/\/x.com\/https:\/\/twitter.com\/javierchento"],"url":"http:\/\/vincentians.com\/es\/author\/chento\/"}]}},"jetpack_publicize_connections":[],"jetpack_featured_media_url":"https:\/\/i0.wp.com\/vincentians.com\/es\/wp-content\/uploads\/sites\/11\/2016\/07\/escritos-regis-clet.jpg?fit=1200%2C630","jetpack_sharing_enabled":true,"jetpack_shortlink":"https:\/\/wp.me\/p7ETMF-4JM","jetpack-related-posts":[{"id":34093,"url":"http:\/\/vincentians.com\/es\/regis-clet-carta-39-a-pablo-song-c-m\/","url_meta":{"origin":18214,"position":0},"title":"R\u00e9gis Clet, Carta 39: A Pablo Song, C.M.","author":"Francisco Javier Fern\u00e1ndez Chento","date":"24\/04\/2011","format":false,"excerpt":"Tcha-yuen-ke\u00fa, 30 de la 2\u00aa luna de 1809 14 de abril de 1809 Padre y muy querido hermano, Ocho o diez d\u00edas antes de Pascua, lleg\u00f3 el hermano Uang a nuestra casa con Yuen Lorenzo y su hijo. Al primero nos lo manda el Padre Ghislain para guardar y llevar\u2026","rel":"","context":"En \u00abEscritos de Francisco R\u00e9gis Clet\u00bb","block_context":{"text":"Escritos de Francisco R\u00e9gis Clet","link":"http:\/\/vincentians.com\/es\/category\/escritos\/escritos-de-francisco-regis-clet\/"},"img":{"alt_text":"","src":"https:\/\/i0.wp.com\/vincentians.com\/es\/wp-content\/uploads\/sites\/11\/2016\/07\/escritos-regis-clet.jpg?fit=1200%2C630&resize=350%2C200","width":350,"height":200,"srcset":"https:\/\/i0.wp.com\/vincentians.com\/es\/wp-content\/uploads\/sites\/11\/2016\/07\/escritos-regis-clet.jpg?fit=1200%2C630&resize=350%2C200 1x, https:\/\/i0.wp.com\/vincentians.com\/es\/wp-content\/uploads\/sites\/11\/2016\/07\/escritos-regis-clet.jpg?fit=1200%2C630&resize=525%2C300 1.5x, https:\/\/i0.wp.com\/vincentians.com\/es\/wp-content\/uploads\/sites\/11\/2016\/07\/escritos-regis-clet.jpg?fit=1200%2C630&resize=700%2C400 2x, https:\/\/i0.wp.com\/vincentians.com\/es\/wp-content\/uploads\/sites\/11\/2016\/07\/escritos-regis-clet.jpg?fit=1200%2C630&resize=1050%2C600 3x"},"classes":[]},{"id":36871,"url":"http:\/\/vincentians.com\/es\/regis-clet-carta-46-a-pablo-song-c-m\/","url_meta":{"origin":18214,"position":1},"title":"R\u00e9gis Clet, Carta 46: A Pablo Song, C.M.","author":"Francisco Javier Fern\u00e1ndez Chento","date":"01\/05\/2011","format":false,"excerpt":"Hacia finales de abril, 1810 (CARTA 46. Casa Madre, original (Baros n.39).) Padre y querido hermano, Tiene en la cristiandad que va a hacer (visitar) el caso de un matri\u00admonio secreto desde hace largos a\u00f1os, que se trata de hacer p\u00fablico para obviar el esc\u00e1ndalo que las partes han dado\u2026","rel":"","context":"En \u00abEscritos de Francisco R\u00e9gis Clet\u00bb","block_context":{"text":"Escritos de Francisco R\u00e9gis Clet","link":"http:\/\/vincentians.com\/es\/category\/escritos\/escritos-de-francisco-regis-clet\/"},"img":{"alt_text":"","src":"https:\/\/i0.wp.com\/vincentians.com\/es\/wp-content\/uploads\/sites\/11\/2016\/07\/escritos-regis-clet.jpg?fit=1200%2C630&resize=350%2C200","width":350,"height":200,"srcset":"https:\/\/i0.wp.com\/vincentians.com\/es\/wp-content\/uploads\/sites\/11\/2016\/07\/escritos-regis-clet.jpg?fit=1200%2C630&resize=350%2C200 1x, https:\/\/i0.wp.com\/vincentians.com\/es\/wp-content\/uploads\/sites\/11\/2016\/07\/escritos-regis-clet.jpg?fit=1200%2C630&resize=525%2C300 1.5x, https:\/\/i0.wp.com\/vincentians.com\/es\/wp-content\/uploads\/sites\/11\/2016\/07\/escritos-regis-clet.jpg?fit=1200%2C630&resize=700%2C400 2x, https:\/\/i0.wp.com\/vincentians.com\/es\/wp-content\/uploads\/sites\/11\/2016\/07\/escritos-regis-clet.jpg?fit=1200%2C630&resize=1050%2C600 3x"},"classes":[]},{"id":36892,"url":"http:\/\/vincentians.com\/es\/regis-clet-carta-66-a-luis-lamiot-c-m-en-u-tchang\/","url_meta":{"origin":18214,"position":2},"title":"R\u00e9gis Clet, Carta 66: A Luis Lamiot, C.M., En U-Tchang","author":"Francisco Javier Fern\u00e1ndez Chento","date":"21\/05\/2011","format":false,"excerpt":"Desde las prisiones de U-tch'ang-seng, antes del 14 de enero de 1820 J.M.J. Padre, S\u00e9 que ha recibido el escrito que el Ta-gin fu yuen ha enviado al emperador con relaci\u00f3n a usted, al Padre Chen y a m\u00ed. Le ruego me lo comunique. No tema asustarme, si pronuncia contra\u2026","rel":"","context":"En \u00abEscritos de Francisco R\u00e9gis Clet\u00bb","block_context":{"text":"Escritos de Francisco R\u00e9gis Clet","link":"http:\/\/vincentians.com\/es\/category\/escritos\/escritos-de-francisco-regis-clet\/"},"img":{"alt_text":"","src":"https:\/\/i0.wp.com\/vincentians.com\/es\/wp-content\/uploads\/sites\/11\/2016\/07\/escritos-regis-clet.jpg?fit=1200%2C630&resize=350%2C200","width":350,"height":200,"srcset":"https:\/\/i0.wp.com\/vincentians.com\/es\/wp-content\/uploads\/sites\/11\/2016\/07\/escritos-regis-clet.jpg?fit=1200%2C630&resize=350%2C200 1x, https:\/\/i0.wp.com\/vincentians.com\/es\/wp-content\/uploads\/sites\/11\/2016\/07\/escritos-regis-clet.jpg?fit=1200%2C630&resize=525%2C300 1.5x, https:\/\/i0.wp.com\/vincentians.com\/es\/wp-content\/uploads\/sites\/11\/2016\/07\/escritos-regis-clet.jpg?fit=1200%2C630&resize=700%2C400 2x, https:\/\/i0.wp.com\/vincentians.com\/es\/wp-content\/uploads\/sites\/11\/2016\/07\/escritos-regis-clet.jpg?fit=1200%2C630&resize=1050%2C600 3x"},"classes":[]},{"id":18210,"url":"http:\/\/vincentians.com\/es\/regis-clet-carta-16-a-su-hermano-francisco-cartujo\/","url_meta":{"origin":18214,"position":3},"title":"R\u00e9gis Clet, Carta 16: A Su Hermano Francisco, Cartujo","author":"Francisco Javier Fern\u00e1ndez Chento","date":"18\/04\/2010","format":false,"excerpt":"Hacia 1802 Muy querido hermano, Recib\u00ed, este a\u00f1o de 1801 que corre, tu carta del 2 de mayo de 1799. No concibo c\u00f3mo no has recibido t\u00fa las m\u00edas; es la tercera vez que me pongo a escribir para darte noticias m\u00edas e informarme de las tuyas. No he recibido\u2026","rel":"","context":"En \u00abEscritos de Francisco R\u00e9gis Clet\u00bb","block_context":{"text":"Escritos de Francisco R\u00e9gis Clet","link":"http:\/\/vincentians.com\/es\/category\/escritos\/escritos-de-francisco-regis-clet\/"},"img":{"alt_text":"","src":"https:\/\/i0.wp.com\/vincentians.com\/es\/wp-content\/uploads\/sites\/11\/2016\/07\/escritos-regis-clet.jpg?fit=1200%2C630&resize=350%2C200","width":350,"height":200,"srcset":"https:\/\/i0.wp.com\/vincentians.com\/es\/wp-content\/uploads\/sites\/11\/2016\/07\/escritos-regis-clet.jpg?fit=1200%2C630&resize=350%2C200 1x, https:\/\/i0.wp.com\/vincentians.com\/es\/wp-content\/uploads\/sites\/11\/2016\/07\/escritos-regis-clet.jpg?fit=1200%2C630&resize=525%2C300 1.5x, https:\/\/i0.wp.com\/vincentians.com\/es\/wp-content\/uploads\/sites\/11\/2016\/07\/escritos-regis-clet.jpg?fit=1200%2C630&resize=700%2C400 2x, https:\/\/i0.wp.com\/vincentians.com\/es\/wp-content\/uploads\/sites\/11\/2016\/07\/escritos-regis-clet.jpg?fit=1200%2C630&resize=1050%2C600 3x"},"classes":[]},{"id":34085,"url":"http:\/\/vincentians.com\/es\/regis-clet-carta-45-a-pablo-song-c-m\/","url_meta":{"origin":18214,"position":4},"title":"R\u00e9gis Clet, Carta 45: A Pablo Song, C.M.","author":"Francisco Javier Fern\u00e1ndez Chento","date":"30\/04\/2011","format":false,"excerpt":"Hacia enero de 1810 Padre y muy querido hermano, Su correo emprendi\u00f3 el vuelo hacia Sze-tchuen. Me pareci\u00f3 llovi\u00addo del cielo por la Providencia, el d\u00eda mismo que me dispon\u00eda a enviar\u00adle a alguien para que viniera a m\u00ed lo antes posible, con el fin de encar\u00adgarle del importante asunto\u2026","rel":"","context":"En \u00abEscritos de Francisco R\u00e9gis Clet\u00bb","block_context":{"text":"Escritos de Francisco R\u00e9gis Clet","link":"http:\/\/vincentians.com\/es\/category\/escritos\/escritos-de-francisco-regis-clet\/"},"img":{"alt_text":"","src":"https:\/\/i0.wp.com\/vincentians.com\/es\/wp-content\/uploads\/sites\/11\/2016\/07\/escritos-regis-clet.jpg?fit=1200%2C630&resize=350%2C200","width":350,"height":200,"srcset":"https:\/\/i0.wp.com\/vincentians.com\/es\/wp-content\/uploads\/sites\/11\/2016\/07\/escritos-regis-clet.jpg?fit=1200%2C630&resize=350%2C200 1x, https:\/\/i0.wp.com\/vincentians.com\/es\/wp-content\/uploads\/sites\/11\/2016\/07\/escritos-regis-clet.jpg?fit=1200%2C630&resize=525%2C300 1.5x, https:\/\/i0.wp.com\/vincentians.com\/es\/wp-content\/uploads\/sites\/11\/2016\/07\/escritos-regis-clet.jpg?fit=1200%2C630&resize=700%2C400 2x, https:\/\/i0.wp.com\/vincentians.com\/es\/wp-content\/uploads\/sites\/11\/2016\/07\/escritos-regis-clet.jpg?fit=1200%2C630&resize=1050%2C600 3x"},"classes":[]},{"id":33464,"url":"http:\/\/vincentians.com\/es\/regis-clet-carta-27-a-pablo-song-c-m\/","url_meta":{"origin":18214,"position":5},"title":"R\u00e9gis Clet, Carta 27: A Pablo Song, C.M.","author":"Francisco Javier Fern\u00e1ndez Chento","date":"12\/04\/2011","format":false,"excerpt":"22 de agosto de 1807 Padre y muy querido hermano, Todav\u00eda le escribo esta carta desde He-tan-k\u00e9u. Un obst\u00e1culo suce\u00adde a otro y retrasa mi salida hacia Yao-ping. La administraci\u00f3n de una cristiandad que no entraba en mis c\u00e1lculos; luego la enfermedad; y ahora son las lluvias continuas, que han\u2026","rel":"","context":"En \u00abEscritos de Francisco R\u00e9gis Clet\u00bb","block_context":{"text":"Escritos de Francisco R\u00e9gis Clet","link":"http:\/\/vincentians.com\/es\/category\/escritos\/escritos-de-francisco-regis-clet\/"},"img":{"alt_text":"","src":"https:\/\/i0.wp.com\/vincentians.com\/es\/wp-content\/uploads\/sites\/11\/2016\/07\/escritos-regis-clet.jpg?fit=1200%2C630&resize=350%2C200","width":350,"height":200,"srcset":"https:\/\/i0.wp.com\/vincentians.com\/es\/wp-content\/uploads\/sites\/11\/2016\/07\/escritos-regis-clet.jpg?fit=1200%2C630&resize=350%2C200 1x, https:\/\/i0.wp.com\/vincentians.com\/es\/wp-content\/uploads\/sites\/11\/2016\/07\/escritos-regis-clet.jpg?fit=1200%2C630&resize=525%2C300 1.5x, https:\/\/i0.wp.com\/vincentians.com\/es\/wp-content\/uploads\/sites\/11\/2016\/07\/escritos-regis-clet.jpg?fit=1200%2C630&resize=700%2C400 2x, https:\/\/i0.wp.com\/vincentians.com\/es\/wp-content\/uploads\/sites\/11\/2016\/07\/escritos-regis-clet.jpg?fit=1200%2C630&resize=1050%2C600 3x"},"classes":[]}],"_links":{"self":[{"href":"http:\/\/vincentians.com\/es\/wp-json\/wp\/v2\/posts\/18214","targetHints":{"allow":["GET"]}}],"collection":[{"href":"http:\/\/vincentians.com\/es\/wp-json\/wp\/v2\/posts"}],"about":[{"href":"http:\/\/vincentians.com\/es\/wp-json\/wp\/v2\/types\/post"}],"author":[{"embeddable":true,"href":"http:\/\/vincentians.com\/es\/wp-json\/wp\/v2\/users\/4"}],"replies":[{"embeddable":true,"href":"http:\/\/vincentians.com\/es\/wp-json\/wp\/v2\/comments?post=18214"}],"version-history":[{"count":0,"href":"http:\/\/vincentians.com\/es\/wp-json\/wp\/v2\/posts\/18214\/revisions"}],"wp:featuredmedia":[{"embeddable":true,"href":"http:\/\/vincentians.com\/es\/wp-json\/wp\/v2\/media\/393752"}],"wp:attachment":[{"href":"http:\/\/vincentians.com\/es\/wp-json\/wp\/v2\/media?parent=18214"}],"wp:term":[{"taxonomy":"category","embeddable":true,"href":"http:\/\/vincentians.com\/es\/wp-json\/wp\/v2\/categories?post=18214"},{"taxonomy":"post_tag","embeddable":true,"href":"http:\/\/vincentians.com\/es\/wp-json\/wp\/v2\/tags?post=18214"}],"curies":[{"name":"wp","href":"https:\/\/api.w.org\/{rel}","templated":true}]}}