{"id":18081,"date":"2010-04-16T00:01:39","date_gmt":"2010-04-15T22:01:39","guid":{"rendered":"http:\/\/www.vicencianos.org\/web\/2010\/04\/16\/regis-clet-carta-14-a-claudio-francisco-letondal-en-macao\/"},"modified":"2010-04-16T00:01:39","modified_gmt":"2010-04-15T22:01:39","slug":"regis-clet-carta-14-a-claudio-francisco-letondal-en-macao","status":"publish","type":"post","link":"http:\/\/vincentians.com\/es\/regis-clet-carta-14-a-claudio-francisco-letondal-en-macao\/","title":{"rendered":"R\u00e9gis Clet, Carta 14: A Claudio-Francisco Letondal, En Macao"},"content":{"rendered":"<p>Padre,<span id='easy-footnote-1-18081' class='easy-footnote-margin-adjust'><\/span><span class='easy-footnote'><a href='http:\/\/vincentians.com\/es\/regis-clet-carta-14-a-claudio-francisco-letondal-en-macao\/#easy-footnote-bottom-1-18081' title='CARTA 14. Misiones Extranjeras, original.'><sup>1<\/sup><\/a><\/span>\n<p>Acabo de recibir cuatro cartas, de usted, de Mons. de Fokien,<span id='easy-footnote-2-18081' class='easy-footnote-margin-adjust'><\/span><span class='easy-footnote'><a href='http:\/\/vincentians.com\/es\/regis-clet-carta-14-a-claudio-francisco-letondal-en-macao\/#easy-footnote-bottom-2-18081' title='Monse\u00f1or de Fo-kien. cfr. Carta  10, nota 2.'><sup>2<\/sup><\/a><\/span> del Padre Marchini y del Padre Villat, todas con fecha de enero de 1796: son sin duda las que yo dec\u00eda el a\u00f1o pasado que no hab\u00eda recibido. Sin cartas y sin noticias, segu\u00eda confiando en que Dios, cuya misericordia sobrepasa la justicia, hab\u00eda enfundado la espada que pesaba hace varios a\u00f1os sobre nuestra patria; un dulce error me tranquilizaba; pero ahora mi ilusi\u00f3n ha desaparecido, y por las noticias antiguas y recien\u00adtes veo con claridad que la justicia de Dios no est\u00e1 satisfecha a\u00fan. Como casi toda Europa ha pecado, es preciso tambi\u00e9n que casi toda Europa beba el vino de la c\u00f3lera del Se\u00f1or. Lo m\u00e1s triste es que estos males alcancen un estado de consistencia que no deje sino una tenue esperanza de verlos acabar. Por m\u00e1s que hagan los fil\u00f3sofos, nada podr\u00e1n contra la c\u00e1tedra de Pedro. Podr\u00e1n privar al Papa de su poder temporal, pero no le podr\u00e1n privar del espiritual, su poder emanado del Cielo est\u00e1 al abrigo de sus golpes. San Pedro no ten\u00eda ni ciudades ni castillos, y por eso no era menos Papa. Le\u00f3n X, si no me equivoco, dec\u00eda: No estamos en el tiempo en que el Papa pueda decir <em>argentum el aurum non habeo<\/em>, y le respond\u00edan: tampoco estamos en el tiempo en que el Papa pueda decir a un paral\u00edtico <em>surge et ambula. <\/em>El gran mal no es que el Papa no sea ya soberano, sino que la ciudad santa haya lle\u00adgado a ser una Babilonia, y que la falta de fe sea tal que d\u00e9 lugar a creer que nos acercamos casi al fin del mundo. Dichosos de nosotros que, por un favor de Dios, no merecido, conservarnos este precioso dep\u00f3si\u00adto y que tenemos entre infieles una facilidad de conservarlo que no se tiene en un pa\u00eds completamente cristiano. Debemos incluso agradecer a Dios por habernos puesto a salvo de la tentaci\u00f3n de perder la fe, por\u00adque \u00bfsabemos acaso si habr\u00edamos tenido la fuerza de conservarla en medio de los grandes peligros de perderla? Yo no me atrevo a echar de menos la ocasi\u00f3n del martirio que habr\u00eda tenido qued\u00e1ndome en Euro\u00adpa, pues creo que Dios me trasplant\u00f3 a China para poner mi debilidad a salvo de una horrible ca\u00edda. Si Dios quiere hacer de m\u00ed un m\u00e1rtir, sabr\u00e1 bien presentarme la ocasi\u00f3n.<\/p>\n<p>Aqu\u00ed gozamos de tranquilidad. Los rebeldes que se extienden por todo Hu-Kuang nos producen, una o dos veces al a\u00f1o, alguna alarma, pero no se acercan lo suficiente a nuestras monta\u00f1as para asustarnos. El a\u00f1o pasado devastaron una cristiandad en Fang-Hien, pero s\u00f3lo mataron a un cristiano: parece una tormenta que destruye a su paso cuanto encuentra. La aspereza de nuestros montes, o m\u00e1s bien la pro\u00adtecci\u00f3n de Dios nos permite gozar de paz en el libre ejercicio de nues\u00adtra santa religi\u00f3n, sin o\u00edr retumbar en nuestros o\u00eddos la palabra libertad o m\u00e1s bien libertinaje. As\u00ed que nada de especial en el ejercicio de mi ministerio. Los dos recorremos nuestras cristiandades sin problemas, las administramos como siempre. El sacerdote que administra es com\u00fan: la obra es com\u00fan, no soy un santo de milagros, el pueblo es como el sacerdote. En mis regiones pocas conversiones de infieles. Muchos llegan a escuchar las instrucciones y luego se acab\u00f3. Para unos veinte adultos bautizados durante el a\u00f1o no merece la pena mencio\u00adnarlo. Que Dios d\u00e9 a China este don de la fe que Europa arroja de su seno. Pero nos hacen falta obreros. El Padre Raux se glor\u00eda de recibir alguno este a\u00f1o; yo, vistas bien las cosas, no me atrevo a gloriarme. Las rutas de tierra y mar parecen cerradas todas por la guerra univer\u00adsal; por lo dem\u00e1s Dios est\u00e1 por encima de todo.<\/p>\n<p>Sigo agradeciendo sus buenos oficios, y me siento dichoso porque no espera otra recompensa que en el Cielo. A m\u00ed s\u00f3lo me rodean cris\u00adtianos pobres, para cuyas necesidades no bastar\u00edan miles de ta\u00e9ls. El invierno es para ellos un duro per\u00edodo, con sus casas abiertas por todos los lados, sus vestidos son harapos, y se ven reducidos, durante tres o cuatro meses del a\u00f1o, a buscar en el campo ciertas plantas salvajes, a menudo sin el condimento del aceite ni la sal. Quiera el Cielo que sean tan ricos en la fe como pobres en bienes temporales. Yo apenas nece\u00adsito nada. \u00bfUn misionero que vive entre los pobres puede en concien\u00adcia pensar en delicadezas? Casi me averg\u00fcenzo de comerme una galli\u00adna en presencia de un cristiano que no tiene m\u00e1s que una hierba ins\u00edpida que llevarse a la boca. Gracias por el chocolate, pero de nada me ha servido, ha sido presa de los gusanos; la causa ha sido todo el tiempo que ha estado en Siang-Tan; por eso si en adelante recibe una caridad parecida para m\u00ed, c\u00f3masela a mi intenci\u00f3n, le sentar\u00e1 bien y a m\u00ed tambi\u00e9n por el placer que tendr\u00e9 por ello. Si el se\u00f1or Piron<span id='easy-footnote-3-18081' class='easy-footnote-margin-adjust'><\/span><span class='easy-footnote'><a href='http:\/\/vincentians.com\/es\/regis-clet-carta-14-a-claudio-francisco-letondal-en-macao\/#easy-footnote-bottom-3-18081' title='El se\u00f1or Piron era el sobrecargo de la Compa\u00f1\u00eda Francesa en Cant\u00f3n y  prest\u00f3 grandes ser\u00advicios a los misioneros; en 1804 dirigi\u00f3 una memoria  al gobierno franc\u00e9s a favor de la misi\u00f3n francesa de Pek\u00edn. Los Padres  Richenet y Dumazel, C.M., permanecieron en su casa durante su estancia  en Cant\u00f3n. El Padre Richenet escrib\u00eda el 25 de enero de 1805: \u00abLa muerte  del se\u00f1or Piron (ocurrida al final de 1804) es una gran p\u00e9rdida para la  Misi\u00f3n: era un protector y bienhechor general\u00bb &lt;em&gt;(M\u00e9moires. &lt;\/em&gt;II.  Tables).'><sup>3<\/sup><\/a><\/span> est\u00e1 a\u00fan en Macao, dele las gracias de mi parte por su buen recuerdo, y mani\u00adfi\u00e9stele mi profundo respeto, mi afecto y gratitud a la que mi pobreza no me permite responder. Necesito vino, no para beber, cosa que ni me he atrevido a hacer con las doce botellas enviadas a este efecto, por temor de una \u00e9poca en la que llegue a prohibirse todo paso de vino, lo que puede suceder el momento menos pensado. Pero a m\u00ed me gusta m\u00e1s el vino de Espa\u00f1a que el de Portugal; por lo dem\u00e1s, todos son bue\u00adnos con tal de que sean aut\u00e9nticos&#8230;<\/p>\n<p>Estaba en esta parte de mi carta, cuando mis correos me contaron que se hab\u00eda ido de Macao; me sorprend\u00ed y lo sent\u00ed por las Misiones y por m\u00ed en particular, que le quiero <em>totis medullis <\/em>y no podr\u00e9 olvidar los servicios de todo orden que no ha cesado de prestarme desde mi llega\u00adda a Macao. Presento mis quejas por su partida al Padre Villat, amigo suyo, y simpatizo con la sensibilidad que ha debido producir en \u00e9l su separaci\u00f3n. \u00bfA d\u00f3nde ha ido?, \u00bfvolver\u00e1 o ha vuelto ya? Trabajaba usted tan bien. \u00bfD\u00f3nde se encontrar\u00e1 a alguien que le sustituya?, \u00bfquiz\u00e1 haya deseado visitar su patria?, \u00bfy en este momento qu\u00e9 tiene de amable y atrayente? Yo no veo otro atractivo que la esperanza del martirio, pero no nos es permitido buscar la ocasi\u00f3n. S\u00f3lo se nos permite aprovecharnos de la que se nos presenta. Y si ha regresado me alegro con toda mi alma, y le ruego que me d\u00e9 noticias suyas de las que me he visto privado el \u00faltimo a\u00f1o, seg\u00fan parece, debido a su ausencia. Le ruego tambi\u00e9n que ayude, como usted pueda, a nuestros correos para hacer unas compras cuya nota les he entregado&#8230; Si no est\u00e1 ya en Macao, le informo que los tres misioneros<span id='easy-footnote-4-18081' class='easy-footnote-margin-adjust'><\/span><span class='easy-footnote'><a href='http:\/\/vincentians.com\/es\/regis-clet-carta-14-a-claudio-francisco-letondal-en-macao\/#easy-footnote-bottom-4-18081' title='Los tres misioneros del tribunal de astronom\u00eda eran; Jos\u00e9 Bernardo de  Almeida, antiguo jesuita; Mons. Alejandro de Gouv\u00e9a, obispo de Pek\u00edn;  Nicol\u00e1s Jos\u00e9 Raux, Sacerdote de la Misi\u00f3n.'><sup>4<\/sup><\/a><\/span> del tribunal de astronom\u00eda, al que pertenece el Padre Raux, han sido invitados dos veces a hacer la ceremonia del <em>Ko-te\u00fa <\/em>ante el ata\u00fad del Emperador difunto, a lo que se han negado generosamente, diciendo que no les estaba permitido; todo qued\u00f3 en nada, y contin\u00faan asistiendo al tribunal como siempre. El Emperador ha vuelto a llamar a Palacio a los artistas europeos que, como sabe, hab\u00edan sido despedidos, por el emperador anterior, a sus casas respectivas&#8230; En mi cant\u00f3n hace poco que nos han amenazado con una persecuci\u00f3n. Algunos infieles han difundido malignamente el rumor de que los cristianos, en tal fecha fija, alzar\u00edan el estandarte de la revuelta: esta calumnia de lo m\u00e1s absurdo, teniendo en cuenta el reducido n\u00famero de cristianos con relaci\u00f3n al de los paganos, adquie\u00adre cr\u00e9dito y provoca grandes rumores. El mandar\u00edn del lugar llama a cristianos, que declaran que siendo tan pocos en n\u00famero, ser\u00eda una locura por su parte revolucionarse y que ser\u00eda sin duda correr hacia la muerte. Tres calumniadores convictos son apresados y castigados con la muerte, como perturbadores de la paz p\u00fablica. As\u00ed concluy\u00f3 el asun\u00adto sin ning\u00fan cristiano enviado a prisi\u00f3n.<\/p>\n<p>Con los sentimientos de respeto y afecto que conoce, tengo el honor de ser, Padre, su muy humilde y obediente servidor,<\/p>\n<p>Clet, S. d. l. M.<\/p>\n<p>P. S. Presente a Mons. de Caradre mis sentimientos de respeto y de profunda veneraci\u00f3n.<\/p>\n","protected":false},"excerpt":{"rendered":"<p>Padre, Acabo de recibir cuatro cartas, de usted, de Mons. de Fokien, del Padre Marchini y del Padre Villat, todas con fecha de enero de 1796: son sin duda las que yo dec\u00eda el a\u00f1o &#8230; <a href=\"http:\/\/vincentians.com\/es\/regis-clet-carta-14-a-claudio-francisco-letondal-en-macao\/\" class=\"more-link\">Read More<\/a><\/p>\n","protected":false},"author":4,"featured_media":393752,"comment_status":"open","ping_status":"open","sticky":false,"template":"","format":"standard","meta":{"jetpack_post_was_ever_published":false,"_jetpack_newsletter_access":"","_jetpack_dont_email_post_to_subs":false,"_jetpack_newsletter_tier_id":0,"_jetpack_memberships_contains_paywalled_content":false,"_jetpack_memberships_contains_paid_content":false,"footnotes":"","jetpack_publicize_message":"","jetpack_publicize_feature_enabled":true,"jetpack_social_post_already_shared":true,"jetpack_social_options":{"image_generator_settings":{"template":"highway","default_image_id":0,"font":"","enabled":false},"version":2}},"categories":[211],"tags":[],"class_list":["post-18081","post","type-post","status-publish","format-standard","has-post-thumbnail","hentry","category-escritos-de-francisco-regis-clet"],"yoast_head":"<!-- This site is optimized with the Yoast SEO plugin v26.3 - https:\/\/yoast.com\/wordpress\/plugins\/seo\/ -->\n<title>R\u00e9gis Clet, Carta 14: A Claudio-Francisco Letondal, En Macao - Somos Vicencianos<\/title>\n<meta name=\"robots\" content=\"index, follow, max-snippet:-1, max-image-preview:large, max-video-preview:-1\" \/>\n<link rel=\"canonical\" href=\"http:\/\/vincentians.com\/es\/regis-clet-carta-14-a-claudio-francisco-letondal-en-macao\/\" \/>\n<meta property=\"og:locale\" content=\"es_ES\" \/>\n<meta property=\"og:type\" content=\"article\" \/>\n<meta property=\"og:title\" content=\"R\u00e9gis Clet, Carta 14: A Claudio-Francisco Letondal, En Macao - Somos Vicencianos\" \/>\n<meta property=\"og:description\" content=\"Padre, Acabo de recibir cuatro cartas, de usted, de Mons. de Fokien, del Padre Marchini y del Padre Villat, todas con fecha de enero de 1796: son sin duda las que yo dec\u00eda el a\u00f1o ... Read More\" \/>\n<meta property=\"og:url\" content=\"http:\/\/vincentians.com\/es\/regis-clet-carta-14-a-claudio-francisco-letondal-en-macao\/\" \/>\n<meta property=\"og:site_name\" content=\"Somos Vicencianos\" \/>\n<meta property=\"article:publisher\" content=\"https:\/\/www.facebook.com\/WeAreVincentians\/\" \/>\n<meta property=\"article:author\" content=\"https:\/\/www.facebook.com\/JavierChento\" \/>\n<meta property=\"article:published_time\" content=\"2010-04-15T22:01:39+00:00\" \/>\n<meta property=\"og:image\" content=\"https:\/\/i0.wp.com\/vincentians.com\/es\/wp-content\/uploads\/sites\/11\/2016\/07\/escritos-regis-clet.jpg?fit=1200%2C630\" \/>\n\t<meta property=\"og:image:width\" content=\"1200\" \/>\n\t<meta property=\"og:image:height\" content=\"630\" \/>\n\t<meta property=\"og:image:type\" content=\"image\/jpeg\" \/>\n<meta name=\"author\" content=\"Francisco Javier Fern\u00e1ndez Chento\" \/>\n<meta name=\"twitter:card\" content=\"summary_large_image\" \/>\n<meta name=\"twitter:creator\" content=\"@https:\/\/twitter.com\/javierchento\" \/>\n<meta name=\"twitter:site\" content=\"@WeVincentians\" \/>\n<meta name=\"twitter:label1\" content=\"Escrito por\" \/>\n\t<meta name=\"twitter:data1\" content=\"Francisco Javier Fern\u00e1ndez Chento\" \/>\n\t<meta name=\"twitter:label2\" content=\"Tiempo de lectura\" \/>\n\t<meta name=\"twitter:data2\" content=\"8 minutos\" \/>\n<script type=\"application\/ld+json\" class=\"yoast-schema-graph\">{\"@context\":\"https:\/\/schema.org\",\"@graph\":[{\"@type\":\"Article\",\"@id\":\"http:\/\/vincentians.com\/es\/regis-clet-carta-14-a-claudio-francisco-letondal-en-macao\/#article\",\"isPartOf\":{\"@id\":\"http:\/\/vincentians.com\/es\/regis-clet-carta-14-a-claudio-francisco-letondal-en-macao\/\"},\"author\":{\"name\":\"Francisco Javier Fern\u00e1ndez Chento\",\"@id\":\"http:\/\/vincentians.com\/es\/#\/schema\/person\/9623ef4d9aa3b2dfb8c061f1499288f2\"},\"headline\":\"R\u00e9gis Clet, Carta 14: A Claudio-Francisco Letondal, En Macao\",\"datePublished\":\"2010-04-15T22:01:39+00:00\",\"mainEntityOfPage\":{\"@id\":\"http:\/\/vincentians.com\/es\/regis-clet-carta-14-a-claudio-francisco-letondal-en-macao\/\"},\"wordCount\":1647,\"commentCount\":0,\"publisher\":{\"@id\":\"http:\/\/vincentians.com\/es\/#organization\"},\"image\":{\"@id\":\"http:\/\/vincentians.com\/es\/regis-clet-carta-14-a-claudio-francisco-letondal-en-macao\/#primaryimage\"},\"thumbnailUrl\":\"https:\/\/i0.wp.com\/vincentians.com\/es\/wp-content\/uploads\/sites\/11\/2016\/07\/escritos-regis-clet.jpg?fit=1200%2C630\",\"articleSection\":[\"Escritos de Francisco R\u00e9gis Clet\"],\"inLanguage\":\"es\",\"potentialAction\":[{\"@type\":\"CommentAction\",\"name\":\"Comment\",\"target\":[\"http:\/\/vincentians.com\/es\/regis-clet-carta-14-a-claudio-francisco-letondal-en-macao\/#respond\"]}]},{\"@type\":\"WebPage\",\"@id\":\"http:\/\/vincentians.com\/es\/regis-clet-carta-14-a-claudio-francisco-letondal-en-macao\/\",\"url\":\"http:\/\/vincentians.com\/es\/regis-clet-carta-14-a-claudio-francisco-letondal-en-macao\/\",\"name\":\"R\u00e9gis Clet, Carta 14: A Claudio-Francisco Letondal, En Macao - Somos Vicencianos\",\"isPartOf\":{\"@id\":\"http:\/\/vincentians.com\/es\/#website\"},\"primaryImageOfPage\":{\"@id\":\"http:\/\/vincentians.com\/es\/regis-clet-carta-14-a-claudio-francisco-letondal-en-macao\/#primaryimage\"},\"image\":{\"@id\":\"http:\/\/vincentians.com\/es\/regis-clet-carta-14-a-claudio-francisco-letondal-en-macao\/#primaryimage\"},\"thumbnailUrl\":\"https:\/\/i0.wp.com\/vincentians.com\/es\/wp-content\/uploads\/sites\/11\/2016\/07\/escritos-regis-clet.jpg?fit=1200%2C630\",\"datePublished\":\"2010-04-15T22:01:39+00:00\",\"breadcrumb\":{\"@id\":\"http:\/\/vincentians.com\/es\/regis-clet-carta-14-a-claudio-francisco-letondal-en-macao\/#breadcrumb\"},\"inLanguage\":\"es\",\"potentialAction\":[{\"@type\":\"ReadAction\",\"target\":[\"http:\/\/vincentians.com\/es\/regis-clet-carta-14-a-claudio-francisco-letondal-en-macao\/\"]}]},{\"@type\":\"ImageObject\",\"inLanguage\":\"es\",\"@id\":\"http:\/\/vincentians.com\/es\/regis-clet-carta-14-a-claudio-francisco-letondal-en-macao\/#primaryimage\",\"url\":\"https:\/\/i0.wp.com\/vincentians.com\/es\/wp-content\/uploads\/sites\/11\/2016\/07\/escritos-regis-clet.jpg?fit=1200%2C630\",\"contentUrl\":\"https:\/\/i0.wp.com\/vincentians.com\/es\/wp-content\/uploads\/sites\/11\/2016\/07\/escritos-regis-clet.jpg?fit=1200%2C630\",\"width\":1200,\"height\":630},{\"@type\":\"BreadcrumbList\",\"@id\":\"http:\/\/vincentians.com\/es\/regis-clet-carta-14-a-claudio-francisco-letondal-en-macao\/#breadcrumb\",\"itemListElement\":[{\"@type\":\"ListItem\",\"position\":1,\"name\":\"Portada\",\"item\":\"http:\/\/vincentians.com\/es\/\"},{\"@type\":\"ListItem\",\"position\":2,\"name\":\"R\u00e9gis Clet, Carta 14: A Claudio-Francisco Letondal, En Macao\"}]},{\"@type\":\"WebSite\",\"@id\":\"http:\/\/vincentians.com\/es\/#website\",\"url\":\"http:\/\/vincentians.com\/es\/\",\"name\":\"Somos Vicencianos\",\"description\":\"Know more to serve more\",\"publisher\":{\"@id\":\"http:\/\/vincentians.com\/es\/#organization\"},\"potentialAction\":[{\"@type\":\"SearchAction\",\"target\":{\"@type\":\"EntryPoint\",\"urlTemplate\":\"http:\/\/vincentians.com\/es\/?s={search_term_string}\"},\"query-input\":{\"@type\":\"PropertyValueSpecification\",\"valueRequired\":true,\"valueName\":\"search_term_string\"}}],\"inLanguage\":\"es\"},{\"@type\":\"Organization\",\"@id\":\"http:\/\/vincentians.com\/es\/#organization\",\"name\":\"The Vincentian Network\",\"url\":\"http:\/\/vincentians.com\/es\/\",\"logo\":{\"@type\":\"ImageObject\",\"inLanguage\":\"es\",\"@id\":\"http:\/\/vincentians.com\/es\/#\/schema\/logo\/image\/\",\"url\":\"https:\/\/i1.wp.com\/vincentians.com\/es\/wp-content\/uploads\/sites\/11\/2016\/06\/Vincentian-Network-logo-big.png?fit=778%2C778\",\"contentUrl\":\"https:\/\/i1.wp.com\/vincentians.com\/es\/wp-content\/uploads\/sites\/11\/2016\/06\/Vincentian-Network-logo-big.png?fit=778%2C778\",\"width\":778,\"height\":778,\"caption\":\"The Vincentian Network\"},\"image\":{\"@id\":\"http:\/\/vincentians.com\/es\/#\/schema\/logo\/image\/\"},\"sameAs\":[\"https:\/\/www.facebook.com\/WeAreVincentians\/\",\"https:\/\/x.com\/WeVincentians\"]},{\"@type\":\"Person\",\"@id\":\"http:\/\/vincentians.com\/es\/#\/schema\/person\/9623ef4d9aa3b2dfb8c061f1499288f2\",\"name\":\"Francisco Javier Fern\u00e1ndez Chento\",\"image\":{\"@type\":\"ImageObject\",\"inLanguage\":\"es\",\"@id\":\"http:\/\/vincentians.com\/es\/#\/schema\/person\/image\/\",\"url\":\"https:\/\/secure.gravatar.com\/avatar\/497d5cde87b4c3d097d0315953521681ba2cd523ee66e5077c3711f7021e65de?s=96&d=mm&r=g\",\"contentUrl\":\"https:\/\/secure.gravatar.com\/avatar\/497d5cde87b4c3d097d0315953521681ba2cd523ee66e5077c3711f7021e65de?s=96&d=mm&r=g\",\"caption\":\"Francisco Javier Fern\u00e1ndez Chento\"},\"description\":\"Director General y cofundador de La Red de Formaci\u00f3n Vicenciana. Javier es laico vicenciano, afiliado a la Congregaci\u00f3n de la Misi\u00f3n y miembro del Equipo de Misiones Populares de la provincia can\u00f3nica de Zaragoza (Espa\u00f1a) de la Congregaci\u00f3n de la Misi\u00f3n. Graduado en la Universidad Oberta de Catalunya con cuatro grados (Asistente de direcci\u00f3n, Gesti\u00f3n Administrativa, Recursos Humanos y Contabilidad Avanzada). Bil\u00edng\u00fce Espa\u00f1ol\/Ingl\u00e9s. gestiona y mantiene varias p\u00e1ginas web cristianas y vicencianas, incluida including La Red de Formaci\u00f3n Vicenciana, de la que es cofundador. Actualmente es responsable del \u00e1rea de Espa\u00f1ol de .famvin, la Red de Noticias de la Familia Vicenciana. Tambi\u00e9n es m\u00fasico cat\u00f3lico y ha editado varios discos. Es Director General y cofundador de Trovador, una reconocida compa\u00f1\u00eda discogr\u00e1fica critiana de Espa\u00f1a. Trabaja en las Tecnolog\u00edas de la Informaci\u00f3n, ofreciendo servicios de alojamiento, dise\u00f1o y mantenimiento Web, as\u00ed como asesoramiento, formaci\u00f3n y soluciones inform\u00e1ticas, gesti\u00f3n documental y digitalizaci\u00f3n de textos, edici\u00f3n y maquetaci\u00f3n de libros, revistas, flyers, etc.\",\"sameAs\":[\"http:\/\/chento.org\",\"https:\/\/www.facebook.com\/JavierChento\",\"https:\/\/x.com\/https:\/\/twitter.com\/javierchento\"],\"url\":\"http:\/\/vincentians.com\/es\/author\/chento\/\"}]}<\/script>\n<!-- \/ Yoast SEO plugin. -->","yoast_head_json":{"title":"R\u00e9gis Clet, Carta 14: A Claudio-Francisco Letondal, En Macao - Somos Vicencianos","robots":{"index":"index","follow":"follow","max-snippet":"max-snippet:-1","max-image-preview":"max-image-preview:large","max-video-preview":"max-video-preview:-1"},"canonical":"http:\/\/vincentians.com\/es\/regis-clet-carta-14-a-claudio-francisco-letondal-en-macao\/","og_locale":"es_ES","og_type":"article","og_title":"R\u00e9gis Clet, Carta 14: A Claudio-Francisco Letondal, En Macao - Somos Vicencianos","og_description":"Padre, Acabo de recibir cuatro cartas, de usted, de Mons. de Fokien, del Padre Marchini y del Padre Villat, todas con fecha de enero de 1796: son sin duda las que yo dec\u00eda el a\u00f1o ... Read More","og_url":"http:\/\/vincentians.com\/es\/regis-clet-carta-14-a-claudio-francisco-letondal-en-macao\/","og_site_name":"Somos Vicencianos","article_publisher":"https:\/\/www.facebook.com\/WeAreVincentians\/","article_author":"https:\/\/www.facebook.com\/JavierChento","article_published_time":"2010-04-15T22:01:39+00:00","og_image":[{"width":1200,"height":630,"url":"https:\/\/i0.wp.com\/vincentians.com\/es\/wp-content\/uploads\/sites\/11\/2016\/07\/escritos-regis-clet.jpg?fit=1200%2C630","type":"image\/jpeg"}],"author":"Francisco Javier Fern\u00e1ndez Chento","twitter_card":"summary_large_image","twitter_creator":"@https:\/\/twitter.com\/javierchento","twitter_site":"@WeVincentians","twitter_misc":{"Escrito por":"Francisco Javier Fern\u00e1ndez Chento","Tiempo de lectura":"8 minutos"},"schema":{"@context":"https:\/\/schema.org","@graph":[{"@type":"Article","@id":"http:\/\/vincentians.com\/es\/regis-clet-carta-14-a-claudio-francisco-letondal-en-macao\/#article","isPartOf":{"@id":"http:\/\/vincentians.com\/es\/regis-clet-carta-14-a-claudio-francisco-letondal-en-macao\/"},"author":{"name":"Francisco Javier Fern\u00e1ndez Chento","@id":"http:\/\/vincentians.com\/es\/#\/schema\/person\/9623ef4d9aa3b2dfb8c061f1499288f2"},"headline":"R\u00e9gis Clet, Carta 14: A Claudio-Francisco Letondal, En Macao","datePublished":"2010-04-15T22:01:39+00:00","mainEntityOfPage":{"@id":"http:\/\/vincentians.com\/es\/regis-clet-carta-14-a-claudio-francisco-letondal-en-macao\/"},"wordCount":1647,"commentCount":0,"publisher":{"@id":"http:\/\/vincentians.com\/es\/#organization"},"image":{"@id":"http:\/\/vincentians.com\/es\/regis-clet-carta-14-a-claudio-francisco-letondal-en-macao\/#primaryimage"},"thumbnailUrl":"https:\/\/i0.wp.com\/vincentians.com\/es\/wp-content\/uploads\/sites\/11\/2016\/07\/escritos-regis-clet.jpg?fit=1200%2C630","articleSection":["Escritos de Francisco R\u00e9gis Clet"],"inLanguage":"es","potentialAction":[{"@type":"CommentAction","name":"Comment","target":["http:\/\/vincentians.com\/es\/regis-clet-carta-14-a-claudio-francisco-letondal-en-macao\/#respond"]}]},{"@type":"WebPage","@id":"http:\/\/vincentians.com\/es\/regis-clet-carta-14-a-claudio-francisco-letondal-en-macao\/","url":"http:\/\/vincentians.com\/es\/regis-clet-carta-14-a-claudio-francisco-letondal-en-macao\/","name":"R\u00e9gis Clet, Carta 14: A Claudio-Francisco Letondal, En Macao - Somos Vicencianos","isPartOf":{"@id":"http:\/\/vincentians.com\/es\/#website"},"primaryImageOfPage":{"@id":"http:\/\/vincentians.com\/es\/regis-clet-carta-14-a-claudio-francisco-letondal-en-macao\/#primaryimage"},"image":{"@id":"http:\/\/vincentians.com\/es\/regis-clet-carta-14-a-claudio-francisco-letondal-en-macao\/#primaryimage"},"thumbnailUrl":"https:\/\/i0.wp.com\/vincentians.com\/es\/wp-content\/uploads\/sites\/11\/2016\/07\/escritos-regis-clet.jpg?fit=1200%2C630","datePublished":"2010-04-15T22:01:39+00:00","breadcrumb":{"@id":"http:\/\/vincentians.com\/es\/regis-clet-carta-14-a-claudio-francisco-letondal-en-macao\/#breadcrumb"},"inLanguage":"es","potentialAction":[{"@type":"ReadAction","target":["http:\/\/vincentians.com\/es\/regis-clet-carta-14-a-claudio-francisco-letondal-en-macao\/"]}]},{"@type":"ImageObject","inLanguage":"es","@id":"http:\/\/vincentians.com\/es\/regis-clet-carta-14-a-claudio-francisco-letondal-en-macao\/#primaryimage","url":"https:\/\/i0.wp.com\/vincentians.com\/es\/wp-content\/uploads\/sites\/11\/2016\/07\/escritos-regis-clet.jpg?fit=1200%2C630","contentUrl":"https:\/\/i0.wp.com\/vincentians.com\/es\/wp-content\/uploads\/sites\/11\/2016\/07\/escritos-regis-clet.jpg?fit=1200%2C630","width":1200,"height":630},{"@type":"BreadcrumbList","@id":"http:\/\/vincentians.com\/es\/regis-clet-carta-14-a-claudio-francisco-letondal-en-macao\/#breadcrumb","itemListElement":[{"@type":"ListItem","position":1,"name":"Portada","item":"http:\/\/vincentians.com\/es\/"},{"@type":"ListItem","position":2,"name":"R\u00e9gis Clet, Carta 14: A Claudio-Francisco Letondal, En Macao"}]},{"@type":"WebSite","@id":"http:\/\/vincentians.com\/es\/#website","url":"http:\/\/vincentians.com\/es\/","name":"Somos Vicencianos","description":"Know more to serve more","publisher":{"@id":"http:\/\/vincentians.com\/es\/#organization"},"potentialAction":[{"@type":"SearchAction","target":{"@type":"EntryPoint","urlTemplate":"http:\/\/vincentians.com\/es\/?s={search_term_string}"},"query-input":{"@type":"PropertyValueSpecification","valueRequired":true,"valueName":"search_term_string"}}],"inLanguage":"es"},{"@type":"Organization","@id":"http:\/\/vincentians.com\/es\/#organization","name":"The Vincentian Network","url":"http:\/\/vincentians.com\/es\/","logo":{"@type":"ImageObject","inLanguage":"es","@id":"http:\/\/vincentians.com\/es\/#\/schema\/logo\/image\/","url":"https:\/\/i1.wp.com\/vincentians.com\/es\/wp-content\/uploads\/sites\/11\/2016\/06\/Vincentian-Network-logo-big.png?fit=778%2C778","contentUrl":"https:\/\/i1.wp.com\/vincentians.com\/es\/wp-content\/uploads\/sites\/11\/2016\/06\/Vincentian-Network-logo-big.png?fit=778%2C778","width":778,"height":778,"caption":"The Vincentian Network"},"image":{"@id":"http:\/\/vincentians.com\/es\/#\/schema\/logo\/image\/"},"sameAs":["https:\/\/www.facebook.com\/WeAreVincentians\/","https:\/\/x.com\/WeVincentians"]},{"@type":"Person","@id":"http:\/\/vincentians.com\/es\/#\/schema\/person\/9623ef4d9aa3b2dfb8c061f1499288f2","name":"Francisco Javier Fern\u00e1ndez Chento","image":{"@type":"ImageObject","inLanguage":"es","@id":"http:\/\/vincentians.com\/es\/#\/schema\/person\/image\/","url":"https:\/\/secure.gravatar.com\/avatar\/497d5cde87b4c3d097d0315953521681ba2cd523ee66e5077c3711f7021e65de?s=96&d=mm&r=g","contentUrl":"https:\/\/secure.gravatar.com\/avatar\/497d5cde87b4c3d097d0315953521681ba2cd523ee66e5077c3711f7021e65de?s=96&d=mm&r=g","caption":"Francisco Javier Fern\u00e1ndez Chento"},"description":"Director General y cofundador de La Red de Formaci\u00f3n Vicenciana. Javier es laico vicenciano, afiliado a la Congregaci\u00f3n de la Misi\u00f3n y miembro del Equipo de Misiones Populares de la provincia can\u00f3nica de Zaragoza (Espa\u00f1a) de la Congregaci\u00f3n de la Misi\u00f3n. Graduado en la Universidad Oberta de Catalunya con cuatro grados (Asistente de direcci\u00f3n, Gesti\u00f3n Administrativa, Recursos Humanos y Contabilidad Avanzada). Bil\u00edng\u00fce Espa\u00f1ol\/Ingl\u00e9s. gestiona y mantiene varias p\u00e1ginas web cristianas y vicencianas, incluida including La Red de Formaci\u00f3n Vicenciana, de la que es cofundador. Actualmente es responsable del \u00e1rea de Espa\u00f1ol de .famvin, la Red de Noticias de la Familia Vicenciana. Tambi\u00e9n es m\u00fasico cat\u00f3lico y ha editado varios discos. Es Director General y cofundador de Trovador, una reconocida compa\u00f1\u00eda discogr\u00e1fica critiana de Espa\u00f1a. Trabaja en las Tecnolog\u00edas de la Informaci\u00f3n, ofreciendo servicios de alojamiento, dise\u00f1o y mantenimiento Web, as\u00ed como asesoramiento, formaci\u00f3n y soluciones inform\u00e1ticas, gesti\u00f3n documental y digitalizaci\u00f3n de textos, edici\u00f3n y maquetaci\u00f3n de libros, revistas, flyers, etc.","sameAs":["http:\/\/chento.org","https:\/\/www.facebook.com\/JavierChento","https:\/\/x.com\/https:\/\/twitter.com\/javierchento"],"url":"http:\/\/vincentians.com\/es\/author\/chento\/"}]}},"jetpack_publicize_connections":[],"jetpack_featured_media_url":"https:\/\/i0.wp.com\/vincentians.com\/es\/wp-content\/uploads\/sites\/11\/2016\/07\/escritos-regis-clet.jpg?fit=1200%2C630","jetpack_sharing_enabled":true,"jetpack_shortlink":"https:\/\/wp.me\/p7ETMF-4HD","jetpack-related-posts":[{"id":120073,"url":"http:\/\/vincentians.com\/es\/luisa-de-marillac-carta-0703-a-sor-maturina-guerin\/","url_meta":{"origin":18081,"position":0},"title":"Luisa de Marillac, Carta 0703: A Sor Maturina Gu\u00e9rin","author":"Francisco Javier Fern\u00e1ndez Chento","date":"30\/04\/2013","format":false,"excerpt":"(en La F\u00e8re) Hoy. 15 de Diciembre de 1659 Mi querida Hermana: Estoy preocupada por si ha recibido una larga contestaci\u00f3n que le envi\u00e9 a su primera y extensa carta. Y otra casi al mismo tiempo. \u00a1Cu\u00e1nto me extra\u00f1an muchas cosas de las que me dice!, sobre todo la pretensi\u00f3n\u2026","rel":"","context":"En \u00abEscritos de Luisa de Marillac\u00bb","block_context":{"text":"Escritos de Luisa de Marillac","link":"http:\/\/vincentians.com\/es\/category\/escritos\/escritos-de-luisa-de-marillac\/"},"img":{"alt_text":"","src":"https:\/\/i0.wp.com\/vincentians.com\/es\/wp-content\/uploads\/sites\/11\/2016\/07\/escritos-luisa-de-marillac.jpg?fit=1200%2C630&resize=350%2C200","width":350,"height":200,"srcset":"https:\/\/i0.wp.com\/vincentians.com\/es\/wp-content\/uploads\/sites\/11\/2016\/07\/escritos-luisa-de-marillac.jpg?fit=1200%2C630&resize=350%2C200 1x, https:\/\/i0.wp.com\/vincentians.com\/es\/wp-content\/uploads\/sites\/11\/2016\/07\/escritos-luisa-de-marillac.jpg?fit=1200%2C630&resize=525%2C300 1.5x, https:\/\/i0.wp.com\/vincentians.com\/es\/wp-content\/uploads\/sites\/11\/2016\/07\/escritos-luisa-de-marillac.jpg?fit=1200%2C630&resize=700%2C400 2x, https:\/\/i0.wp.com\/vincentians.com\/es\/wp-content\/uploads\/sites\/11\/2016\/07\/escritos-luisa-de-marillac.jpg?fit=1200%2C630&resize=1050%2C600 3x"},"classes":[]},{"id":36892,"url":"http:\/\/vincentians.com\/es\/regis-clet-carta-66-a-luis-lamiot-c-m-en-u-tchang\/","url_meta":{"origin":18081,"position":1},"title":"R\u00e9gis Clet, Carta 66: A Luis Lamiot, C.M., En U-Tchang","author":"Francisco Javier Fern\u00e1ndez Chento","date":"21\/05\/2011","format":false,"excerpt":"Desde las prisiones de U-tch'ang-seng, antes del 14 de enero de 1820 J.M.J. Padre, S\u00e9 que ha recibido el escrito que el Ta-gin fu yuen ha enviado al emperador con relaci\u00f3n a usted, al Padre Chen y a m\u00ed. Le ruego me lo comunique. No tema asustarme, si pronuncia contra\u2026","rel":"","context":"En \u00abEscritos de Francisco R\u00e9gis Clet\u00bb","block_context":{"text":"Escritos de Francisco R\u00e9gis Clet","link":"http:\/\/vincentians.com\/es\/category\/escritos\/escritos-de-francisco-regis-clet\/"},"img":{"alt_text":"","src":"https:\/\/i0.wp.com\/vincentians.com\/es\/wp-content\/uploads\/sites\/11\/2016\/07\/escritos-regis-clet.jpg?fit=1200%2C630&resize=350%2C200","width":350,"height":200,"srcset":"https:\/\/i0.wp.com\/vincentians.com\/es\/wp-content\/uploads\/sites\/11\/2016\/07\/escritos-regis-clet.jpg?fit=1200%2C630&resize=350%2C200 1x, https:\/\/i0.wp.com\/vincentians.com\/es\/wp-content\/uploads\/sites\/11\/2016\/07\/escritos-regis-clet.jpg?fit=1200%2C630&resize=525%2C300 1.5x, https:\/\/i0.wp.com\/vincentians.com\/es\/wp-content\/uploads\/sites\/11\/2016\/07\/escritos-regis-clet.jpg?fit=1200%2C630&resize=700%2C400 2x, https:\/\/i0.wp.com\/vincentians.com\/es\/wp-content\/uploads\/sites\/11\/2016\/07\/escritos-regis-clet.jpg?fit=1200%2C630&resize=1050%2C600 3x"},"classes":[]},{"id":34094,"url":"http:\/\/vincentians.com\/es\/regis-clet-carta-40-a-pablo-song-c-m\/","url_meta":{"origin":18081,"position":2},"title":"R\u00e9gis Clet, Carta 40: A Pablo Song, C.M.","author":"Francisco Javier Fern\u00e1ndez Chento","date":"25\/04\/2011","format":false,"excerpt":"Lao-tsien-chan, 26 de junio de 1809 Padre y muy querido hermano, Breve carta y breve respuesta. Nos encargamos de cumplir con las misas cuya nota me da. Pero tendr\u00e1 la bondad de reservarnos el hono\u00adrario: porque aqu\u00ed somos muy pobres. Hemos recibido poco dinero de Pek\u00edn; tenemos que construir una\u2026","rel":"","context":"En \u00abEscritos de Francisco R\u00e9gis Clet\u00bb","block_context":{"text":"Escritos de Francisco R\u00e9gis Clet","link":"http:\/\/vincentians.com\/es\/category\/escritos\/escritos-de-francisco-regis-clet\/"},"img":{"alt_text":"","src":"https:\/\/i0.wp.com\/vincentians.com\/es\/wp-content\/uploads\/sites\/11\/2016\/07\/escritos-regis-clet.jpg?fit=1200%2C630&resize=350%2C200","width":350,"height":200,"srcset":"https:\/\/i0.wp.com\/vincentians.com\/es\/wp-content\/uploads\/sites\/11\/2016\/07\/escritos-regis-clet.jpg?fit=1200%2C630&resize=350%2C200 1x, https:\/\/i0.wp.com\/vincentians.com\/es\/wp-content\/uploads\/sites\/11\/2016\/07\/escritos-regis-clet.jpg?fit=1200%2C630&resize=525%2C300 1.5x, https:\/\/i0.wp.com\/vincentians.com\/es\/wp-content\/uploads\/sites\/11\/2016\/07\/escritos-regis-clet.jpg?fit=1200%2C630&resize=700%2C400 2x, https:\/\/i0.wp.com\/vincentians.com\/es\/wp-content\/uploads\/sites\/11\/2016\/07\/escritos-regis-clet.jpg?fit=1200%2C630&resize=1050%2C600 3x"},"classes":[]},{"id":103904,"url":"http:\/\/vincentians.com\/es\/luisa-de-marillac-carta-0638-a-las-hermanas-del-hospital-general\/","url_meta":{"origin":18081,"position":3},"title":"Luisa de Marillac, Carta 0638: A las Hermanas del Hospital General","author":"Francisco Javier Fern\u00e1ndez Chento","date":"14\/09\/2012","format":false,"excerpt":"Nantes Hoy, 13 de julio de 1658 Mis queridas Hermanas: He recibido dos paquetes de cartas que han dirigido ustedes a Sor Enriqueta y con ellas he visto quer\u00edan ahorrarme un poco de trabajo no d\u00e1ndome a mi directamente tanta noticia. Si les parece bien voy a imitarlas no escribiendo\u2026","rel":"","context":"En \u00abEscritos de Luisa de Marillac\u00bb","block_context":{"text":"Escritos de Luisa de Marillac","link":"http:\/\/vincentians.com\/es\/category\/escritos\/escritos-de-luisa-de-marillac\/"},"img":{"alt_text":"","src":"https:\/\/i0.wp.com\/vincentians.com\/es\/wp-content\/uploads\/sites\/11\/2016\/07\/escritos-luisa-de-marillac.jpg?fit=1200%2C630&resize=350%2C200","width":350,"height":200,"srcset":"https:\/\/i0.wp.com\/vincentians.com\/es\/wp-content\/uploads\/sites\/11\/2016\/07\/escritos-luisa-de-marillac.jpg?fit=1200%2C630&resize=350%2C200 1x, https:\/\/i0.wp.com\/vincentians.com\/es\/wp-content\/uploads\/sites\/11\/2016\/07\/escritos-luisa-de-marillac.jpg?fit=1200%2C630&resize=525%2C300 1.5x, https:\/\/i0.wp.com\/vincentians.com\/es\/wp-content\/uploads\/sites\/11\/2016\/07\/escritos-luisa-de-marillac.jpg?fit=1200%2C630&resize=700%2C400 2x, https:\/\/i0.wp.com\/vincentians.com\/es\/wp-content\/uploads\/sites\/11\/2016\/07\/escritos-luisa-de-marillac.jpg?fit=1200%2C630&resize=1050%2C600 3x"},"classes":[]},{"id":17739,"url":"http:\/\/vincentians.com\/es\/regis-clet-carta-11-a-nicolas-raux-en-pekin\/","url_meta":{"origin":18081,"position":4},"title":"R\u00e9gis Clet, Carta 11: A Nicol\u00e1s Raux, En Pek\u00edn","author":"Francisco Javier Fern\u00e1ndez Chento","date":"13\/04\/2010","format":false,"excerpt":"1798? Me escribe (el Padre Clet) que, bien pensado delante de Dios, se mantiene firme e invariable esperando la voluntad de Dios en medio de sus cristianos.","rel":"","context":"En \u00abEscritos de Francisco R\u00e9gis Clet\u00bb","block_context":{"text":"Escritos de Francisco R\u00e9gis Clet","link":"http:\/\/vincentians.com\/es\/category\/escritos\/escritos-de-francisco-regis-clet\/"},"img":{"alt_text":"","src":"https:\/\/i0.wp.com\/vincentians.com\/es\/wp-content\/uploads\/sites\/11\/2016\/07\/escritos-regis-clet.jpg?fit=1200%2C630&resize=350%2C200","width":350,"height":200,"srcset":"https:\/\/i0.wp.com\/vincentians.com\/es\/wp-content\/uploads\/sites\/11\/2016\/07\/escritos-regis-clet.jpg?fit=1200%2C630&resize=350%2C200 1x, https:\/\/i0.wp.com\/vincentians.com\/es\/wp-content\/uploads\/sites\/11\/2016\/07\/escritos-regis-clet.jpg?fit=1200%2C630&resize=525%2C300 1.5x, https:\/\/i0.wp.com\/vincentians.com\/es\/wp-content\/uploads\/sites\/11\/2016\/07\/escritos-regis-clet.jpg?fit=1200%2C630&resize=700%2C400 2x, https:\/\/i0.wp.com\/vincentians.com\/es\/wp-content\/uploads\/sites\/11\/2016\/07\/escritos-regis-clet.jpg?fit=1200%2C630&resize=1050%2C600 3x"},"classes":[]},{"id":33472,"url":"http:\/\/vincentians.com\/es\/regis-clet-carta-31-pablo-song-al-bienaventurado-clet\/","url_meta":{"origin":18081,"position":5},"title":"R\u00e9gis Clet, Carta 31: Pablo Song al bienaventurado Clet","author":"Francisco Javier Fern\u00e1ndez Chento","date":"16\/04\/2011","format":false,"excerpt":"[Diciembre de 1807] Padre y querido hermano, La gracia de Nuestro Se\u00f1or est\u00e9 siempre con nosotros. Recibir su carta ha sido para m\u00ed ocasi\u00f3n de un gran placer, y aprue\u00adbo de buen grado el sentimiento que usted me ha comunicado; entre tanto preparo todo lo necesario a la salida de\u2026","rel":"","context":"En \u00abEscritos de Francisco R\u00e9gis Clet\u00bb","block_context":{"text":"Escritos de Francisco R\u00e9gis Clet","link":"http:\/\/vincentians.com\/es\/category\/escritos\/escritos-de-francisco-regis-clet\/"},"img":{"alt_text":"","src":"https:\/\/i0.wp.com\/vincentians.com\/es\/wp-content\/uploads\/sites\/11\/2016\/07\/escritos-regis-clet.jpg?fit=1200%2C630&resize=350%2C200","width":350,"height":200,"srcset":"https:\/\/i0.wp.com\/vincentians.com\/es\/wp-content\/uploads\/sites\/11\/2016\/07\/escritos-regis-clet.jpg?fit=1200%2C630&resize=350%2C200 1x, https:\/\/i0.wp.com\/vincentians.com\/es\/wp-content\/uploads\/sites\/11\/2016\/07\/escritos-regis-clet.jpg?fit=1200%2C630&resize=525%2C300 1.5x, https:\/\/i0.wp.com\/vincentians.com\/es\/wp-content\/uploads\/sites\/11\/2016\/07\/escritos-regis-clet.jpg?fit=1200%2C630&resize=700%2C400 2x, https:\/\/i0.wp.com\/vincentians.com\/es\/wp-content\/uploads\/sites\/11\/2016\/07\/escritos-regis-clet.jpg?fit=1200%2C630&resize=1050%2C600 3x"},"classes":[]}],"_links":{"self":[{"href":"http:\/\/vincentians.com\/es\/wp-json\/wp\/v2\/posts\/18081","targetHints":{"allow":["GET"]}}],"collection":[{"href":"http:\/\/vincentians.com\/es\/wp-json\/wp\/v2\/posts"}],"about":[{"href":"http:\/\/vincentians.com\/es\/wp-json\/wp\/v2\/types\/post"}],"author":[{"embeddable":true,"href":"http:\/\/vincentians.com\/es\/wp-json\/wp\/v2\/users\/4"}],"replies":[{"embeddable":true,"href":"http:\/\/vincentians.com\/es\/wp-json\/wp\/v2\/comments?post=18081"}],"version-history":[{"count":0,"href":"http:\/\/vincentians.com\/es\/wp-json\/wp\/v2\/posts\/18081\/revisions"}],"wp:featuredmedia":[{"embeddable":true,"href":"http:\/\/vincentians.com\/es\/wp-json\/wp\/v2\/media\/393752"}],"wp:attachment":[{"href":"http:\/\/vincentians.com\/es\/wp-json\/wp\/v2\/media?parent=18081"}],"wp:term":[{"taxonomy":"category","embeddable":true,"href":"http:\/\/vincentians.com\/es\/wp-json\/wp\/v2\/categories?post=18081"},{"taxonomy":"post_tag","embeddable":true,"href":"http:\/\/vincentians.com\/es\/wp-json\/wp\/v2\/tags?post=18081"}],"curies":[{"name":"wp","href":"https:\/\/api.w.org\/{rel}","templated":true}]}}