{"id":17951,"date":"2018-05-15T08:00:02","date_gmt":"2018-05-15T06:00:02","guid":{"rendered":"http:\/\/somos.vicencianos.org\/blog\/?p=17951"},"modified":"2018-04-30T10:18:44","modified_gmt":"2018-04-30T08:18:44","slug":"la-mision","status":"publish","type":"post","link":"http:\/\/vincentians.com\/es\/la-mision\/","title":{"rendered":"La Misi\u00f3n"},"content":{"rendered":"<p>Nuestro nombre es \u00abCongregaci\u00f3n de la Misi\u00f3n\u00bb. San Vicente nos dice que el uso popular, \u00abreflejando el benepl\u00e1cito de la Providencia\u00bb, nos lo ha dado.<span id='easy-footnote-1-17951' class='easy-footnote-margin-adjust'><\/span><span class='easy-footnote'><a href='http:\/\/vincentians.com\/es\/la-mision\/#easy-footnote-bottom-1-17951' title='&lt;em&gt;Reglas Comunes &lt;\/em&gt;XI, 10 (de aqu\u00ed en adelante RC) \u00abEl nombre Misioneros, o Sacerdotes de la Misi\u00f3n, indica claramente que el trabajo de las misiones debe ser para nosotros el primero y principal de entre los trabajos por el pr\u00f3jimo\u00bb'><sup>1<\/sup><\/a><\/span> El nombre evidencia nuestra vocaci\u00f3n, somos misioneros.<\/p>\n<p>Es importante se\u00f1alar desde el principio que nuestro nombre no es \u00abCongregaci\u00f3n de las Misiones\u00bb.<span id='easy-footnote-2-17951' class='easy-footnote-margin-adjust'><\/span><span class='easy-footnote'><a href='http:\/\/vincentians.com\/es\/la-mision\/#easy-footnote-bottom-2-17951' title='&lt;em&gt;Ibid.)&lt;\/em&gt;'><sup>2<\/sup><\/a><\/span> Con otras palabras, \u00abla misi\u00f3n no se identifica con \u00ablas misiones populares\u00bb. Aunque San Vicente siempre resalta la importancia de las misiones populares, pone tambi\u00e9n muy claro que \u00abla misi\u00f3n\u00bb se puede llevar a cabo de muchas otras maneras.<span id='easy-footnote-3-17951' class='easy-footnote-margin-adjust'><\/span><span class='easy-footnote'><a href='http:\/\/vincentians.com\/es\/la-mision\/#easy-footnote-bottom-3-17951' title='SV XI, 56, XI, 391-ss.'><sup>3<\/sup><\/a><\/span>\n<p>Vicente estaba convencido de que la Compa\u00f1\u00eda est\u00e1 llamada, en lo m\u00e1s profundo de su ser, a continuar la misi\u00f3n de Jes\u00fas. Cristo, el Evangelizador de los Pobres, fue, para \u00e9l, el fundamento de lo que somos, de lo que hacemos y de c\u00f3mo lo hacemos. Las palabras del Se\u00f1or, \u00abhe sido enviado a predicar la buena noticia a los pobres\u00bb<span id='easy-footnote-4-17951' class='easy-footnote-margin-adjust'><\/span><span class='easy-footnote'><a href='http:\/\/vincentians.com\/es\/la-mision\/#easy-footnote-bottom-4-17951' title='Lc 4, 18.'><sup>4<\/sup><\/a><\/span> estaban repetidamente en los labios de Vicente.<\/p>\n<p style=\"padding-left: 30px\"><em>\u00bfNo nos sentiremos felices nosotros por estar en la Misi\u00f3n con el mismo fin que comprometi\u00f3 a Dios a hacerse hombre? Y si le preguntase a un misionero, \u00bfno ser\u00eda para \u00e9l un gran honor decir como nuestro Se\u00f1or: Misit me evangelizare pauperibus? Yo estoy aqu\u00ed para catequizar, instruir, confesar, asistir a los pobres.<\/em><span id='easy-footnote-5-17951' class='easy-footnote-margin-adjust'><\/span><span class='easy-footnote'><a href='http:\/\/vincentians.com\/es\/la-mision\/#easy-footnote-bottom-5-17951' title='SV XI, 34.'><sup>5<\/sup><\/a><\/span>\n<p>En otro lugar dice a la Compa\u00f1\u00eda: \u00ab\u00a1Oh!, qu\u00e9 felices ser\u00e1n los que puedan decir, en la hora de su muerte, aquellas hermosas palabras de nuestro Se\u00f1or: <em>Evangelizare pauperibus misit me Dominus\u00bb.<\/em><span id='easy-footnote-6-17951' class='easy-footnote-margin-adjust'><\/span><span class='easy-footnote'><a href='http:\/\/vincentians.com\/es\/la-mision\/#easy-footnote-bottom-6-17951' title='SV XI, 56.'><sup>6<\/sup><\/a><\/span>\n<p>Recientemente he escrito con cierta amplitud sobre \u00abSer Misionero hoy\u00bb.<span id='easy-footnote-7-17951' class='easy-footnote-margin-adjust'><\/span><span class='easy-footnote'><a href='http:\/\/vincentians.com\/es\/la-mision\/#easy-footnote-bottom-7-17951' title='Robert P. Maloney. &lt;em&gt;Escucha el clamor de los Pobres&lt;\/em&gt;. CEME 1996.'><sup>7<\/sup><\/a><\/span> Deseo en este art\u00edculo fijarme en la <em>misi\u00f3n hoy.<\/em> Lo har\u00e9 en tres apartados: 1) sus caracter\u00edsticas; 2) algunos medios contempor\u00e1neos de actualizarla; 3) algunas consecuencias en la vida del misionero.<\/p>\n<h2><strong>I. Caracter\u00edsticas de \u00abLa Misi\u00f3n\u00bb<\/strong><\/h2>\n<p>Les ofrezco aqu\u00ed cuatro caracter\u00edsticas, aunque soy muy consciente de que existen muchas otras. He elegido estas cuatro, no s\u00f3lo porque son fundamentales hist\u00f3ricamente, sino tambi\u00e9n porque me parecen particularmente urgentes en el contexto actual.<\/p>\n<h3>1 <em>Movilidad<\/em><\/h3>\n<p>No puede estar m\u00e1s claro en el Nuevo testamento. Jes\u00fas viene del padre y vuelve al Padre,<span id='easy-footnote-8-17951' class='easy-footnote-margin-adjust'><\/span><span class='easy-footnote'><a href='http:\/\/vincentians.com\/es\/la-mision\/#easy-footnote-bottom-8-17951' title='Jn 16, 28; cf. Jn 1, 1, Jn 14, 28.'><sup>8<\/sup><\/a><\/span> fuente de toda misi\u00f3n. Se compromete en un ministerio itinerante. Da a sus seguidores el mandato. \u00abId por todo el mundo y proclamad la Buena Nueva a toda la creaci\u00f3n.\u00bb<span id='easy-footnote-9-17951' class='easy-footnote-margin-adjust'><\/span><span class='easy-footnote'><a href='http:\/\/vincentians.com\/es\/la-mision\/#easy-footnote-bottom-9-17951' title='Mc 16, 15'><sup>9<\/sup><\/a><\/span> La Misi\u00f3n forma parte del mismo ser de Jes\u00fas y del ser de la Iglesia.<\/p>\n<p>San Vicente es muy elocuente sobre la necesidad de la movilidad en los misioneros. \u00abImaginemos que \u00c9l nos dice: \u00abSalid, misioneros, salid, \u00bftodav\u00eda est\u00e1is aqu\u00ed, habiendo tantas almas que os esperan, y cuya salvaci\u00f3n depende quiz\u00e1s de vuestras predicaciones y catecismos?\u00bb.<span id='easy-footnote-10-17951' class='easy-footnote-margin-adjust'><\/span><span class='easy-footnote'><a href='http:\/\/vincentians.com\/es\/la-mision\/#easy-footnote-bottom-10-17951' title='SV XI, 56.'><sup>10<\/sup><\/a><\/span> Presenta a la vista de la Compa\u00f1\u00eda a los grandes misioneros de otras comunidades que han ido a las Indias, al Jap\u00f3n, al Canad\u00e1 para llevar a cabo la obra que Jesucristo empez\u00f3 en la tierra y que no abandon\u00f3 desde el primer instante de su vocaci\u00f3n\u00bb.<span id='easy-footnote-11-17951' class='easy-footnote-margin-adjust'><\/span><span class='easy-footnote'><a href='http:\/\/vincentians.com\/es\/la-mision\/#easy-footnote-bottom-11-17951' title='&lt;em&gt;Ibid.&lt;\/em&gt;'><sup>11<\/sup><\/a><\/span>\n<p>\u00c9l, por supuesto, sab\u00eda perfectamente que algunas cosas retendr\u00edan a los misioneros, particularmente el deseo de tener riquezas, placeres, honores.<span id='easy-footnote-12-17951' class='easy-footnote-margin-adjust'><\/span><span class='easy-footnote'><a href='http:\/\/vincentians.com\/es\/la-mision\/#easy-footnote-bottom-12-17951' title='SV XI, 639.'><sup>12<\/sup><\/a><\/span> Por ello vio en los votos una fuerza liberadora en la vida del misionero. \u00a1Quienes compromet\u00edan toda su vida al servicio de los pobres en castidad, pobreza y obediencia eran verdaderamente libres! \u00a1Practicaban la movilidad!<\/p>\n<p style=\"padding-left: 30px\"><em>Los que se alejan del afecto a los bienes de la tierra, del ansia de placeres y de su propia voluntad, se convierten en hijos de Dios y gozan de una perfecta libertad, porque la libertad s\u00f3lo se encuentra en el amor de Dios. Esas personas, hermanos m\u00edos, son libres, carecen de leyes, vuelan libres por doquier, sin poder detenerse, sin ser nunca esclavas del demonio ni de sus placeres. \u00a1Bendita libertad la de los hijos de Dios!.<\/em><span id='easy-footnote-13-17951' class='easy-footnote-margin-adjust'><\/span><span class='easy-footnote'><a href='http:\/\/vincentians.com\/es\/la-mision\/#easy-footnote-bottom-13-17951' title='SV XI, 585.'><sup>13<\/sup><\/a><\/span>\n<h3>2. <em>Universalidad<\/em><\/h3>\n<p>Como Karl Rahner se\u00f1alaba frecuentemente, el Catolicismo s\u00f3lo ha comenzado a ser realmente una \u00abIglesia-mundial\u00bb<span id='easy-footnote-14-17951' class='easy-footnote-margin-adjust'><\/span><span class='easy-footnote'><a href='http:\/\/vincentians.com\/es\/la-mision\/#easy-footnote-bottom-14-17951' title='Karl Rahner, &lt;em&gt;\u00abThe Abiding Significance of the Second Vatican Council\u00bb, &lt;\/em&gt; en &lt;em&gt;Theological Investigations &lt;\/em&gt;XX, 90-102; cf. tambi\u00e9n&lt;em&gt; \u00abThe future of the Church and the Church of the Future\u00bb, &lt;\/em&gt;en&lt;em&gt; Theological Investigations&lt;\/em&gt; XX, 103-14.'><sup>14<\/sup><\/a><\/span> en el siglo XX. Al vivir en Roma lo compruebo de un modo especial, ya que tenemos comunicaciones rapid\u00edsimas con casi todas las provincias del mundo. En la Congregaci\u00f3n, a nivel mundial, se ven enormes diferencias y \u00abcaras\u00bb muy diversas, ej. la disminuci\u00f3n del n\u00famero de vocaciones al sacerdocio en Europa occidental y en los Estados Unidos; el incremento del n\u00famero de vocaciones en Europa oriental, Asia y Am\u00e9rica Latina. Al mismo tiempo, con la apertura de nuevas misiones en lugares remotos como Tanzania, las Islas Salom\u00f3n, Albania, el Altiplano de Bolivia, Mozambique, China, Charkib en Ucrania y Siberia, la Congregaci\u00f3n est\u00e1 siendo a\u00fan m\u00e1s internacional.<\/p>\n<p>Mientras que, inmediatamente despu\u00e9s del Vaticano II, se dio gran \u00e9nfasis a la<em> identidad provincial<\/em>, gobierno y normas, hoy se la revitalizado en la Congregaci\u00f3n la conciencia de nuestra naturaleza misionera universal. Este es verdaderamente el modo en que San Vicente concibi\u00f3 la Congregaci\u00f3n. En una \u00e9poca en que el viajar era muy dif\u00edcil y la mayor\u00eda mor\u00edan a pocas millas de su lugar de nacimiento, \u00e9l envi\u00f3 misioneros a Polonia, Italia, Argelia, Madagascar, Irlanda, Escocia, a las Islas H\u00e9bridas y a las Orkneys. \u00c9l mismo, en su ancianidad, anhelaba partir hacia las Indias.<span id='easy-footnote-15-17951' class='easy-footnote-margin-adjust'><\/span><span class='easy-footnote'><a href='http:\/\/vincentians.com\/es\/la-mision\/#easy-footnote-bottom-15-17951' title='SV XI, 281.'><sup>15<\/sup><\/a><\/span>\n<h3>3. <em>Evangelizadora<\/em><\/h3>\n<p>El centro de nuestra misi\u00f3n es la evangelizaci\u00f3n, que, en la tradici\u00f3n Cat\u00f3lica, ha tenido siempre un concepto amplio.<span id='easy-footnote-16-17951' class='easy-footnote-margin-adjust'><\/span><span class='easy-footnote'><a href='http:\/\/vincentians.com\/es\/la-mision\/#easy-footnote-bottom-16-17951' title='Cf. Avery Dulles, \u00abSeven Essentials of Evangelization\u00bb, en &lt;em&gt;Origins &lt;\/em&gt;25 (# &lt;em&gt;23;&lt;\/em&gt; Noviembre 23, 1995) 397-400.'><sup>16<\/sup><\/a><\/span> Como Pablo VI se\u00f1al\u00f3: \u00abLa Evangelizaci\u00f3n es un proceso complejo compuesto de varios elementos: la renovaci\u00f3n de la humanidad, testimonio, proclamaci\u00f3n expl\u00edcita, adhesi\u00f3n interior, entrada en la comunidad, aceptaci\u00f3n de los signos, iniciativa apost\u00f3lica. Estos elementos pueden parecer contradictorios, y en realidad excluyentes entre s\u00ed. De hecho, son complementarios y mutuamente enriquecedores. Cada uno debe ser siempre contemplado en relaci\u00f3n con los otros\u00bb.<span id='easy-footnote-17-17951' class='easy-footnote-margin-adjust'><\/span><span class='easy-footnote'><a href='http:\/\/vincentians.com\/es\/la-mision\/#easy-footnote-bottom-17-17951' title='&lt;em&gt;Evangelii Nuntiandi, 24.&lt;\/em&gt;'><sup>17<\/sup><\/a><\/span>\n<p>San Vicente nos dijo que primero debemos actuar y despu\u00e9s ense\u00f1ar. La evangelizaci\u00f3n, para \u00e9l, lleva consigo no s\u00f3lo el predicar, sino tambi\u00e9n la acci\u00f3n. Por ello, una y otra vez habl\u00f3 de evangelizaci\u00f3n por la \u00abpalabra y las obras\u00bb. \u00c9l llama a la Congregaci\u00f3n de la Misi\u00f3n y a las Hijas de la Caridad, a servir a los pobres \u00abespiritual y corporalmente\u00bb. Cuando habla a los miembros de la Congregaci\u00f3n, nos advierte:<span id='easy-footnote-18-17951' class='easy-footnote-margin-adjust'><\/span><span class='easy-footnote'><a href='http:\/\/vincentians.com\/es\/la-mision\/#easy-footnote-bottom-18-17951' title='SV XI, 391.'><sup>18<\/sup><\/a><\/span>\n<p style=\"padding-left: 30px\"><em>De modo que, si hay algunos entre nosotros que crean que est\u00e1n en la Misi\u00f3n para evangelizar a los pobres y no para cuidarlos, para remediar sus necesidades espirituales y no las temporales, les dir\u00e9 que tenemos que asistirles y hacer que les asistan de todas las maneras, nosotros y los dem\u00e1s&#8230; Hacer \u00e9sto es evangelizar de palabra y de obra.<\/em><\/p>\n<p>Del mismo modo, pero procediendo de otra direcci\u00f3n, dice a las Hijas de la Caridad una y otra vez que su trabajo deben ir acompa\u00f1ado de palabras de fe.<span id='easy-footnote-19-17951' class='easy-footnote-margin-adjust'><\/span><span class='easy-footnote'><a href='http:\/\/vincentians.com\/es\/la-mision\/#easy-footnote-bottom-19-17951' title='SV IX, 73, 534\/35, XI, 253.'><sup>19<\/sup><\/a><\/span>\n<p>Primero actuar. Despu\u00e9s ense\u00f1ar. Esta es la regla de San Vicente para una evangelizaci\u00f3n \u00abefectiva\u00bb. Con otras palabras, San Vicente ve la promoci\u00f3n humana y la predicaci\u00f3n como complementarias una a la otra, y como parte integral del proceso evangelizador.<\/p>\n<p>A la luz de las ense\u00f1anzas de San Vicente, nuestra evangelizaci\u00f3n ser\u00e1 completamente din\u00e1mica cuando proclamemos la buena nueva:<\/p>\n<p style=\"padding-left: 30px\">a. por medio del lenguaje de las obras:<span id='easy-footnote-20-17951' class='easy-footnote-margin-adjust'><\/span><span class='easy-footnote'><a href='http:\/\/vincentians.com\/es\/la-mision\/#easy-footnote-bottom-20-17951' title='SV II, 9.'><sup>20<\/sup><\/a><\/span> haciendo obras de justicia y caridad que son un signo de que el reino de Dios est\u00e1 realmente entre nosotros: alimentando a los hambrientos, dando de beber a los sedientos, ayudando a conocer las causas de su hambre y sed y las formas de aliviarles;<\/p>\n<p style=\"padding-left: 30px\">b. por medio del lenguaje de la palabra: anunciando con profunda convicci\u00f3n la presencia del Se\u00f1or, su amor, su ofrecimiento de perd\u00f3n a todos;<\/p>\n<p style=\"padding-left: 30px\">c. por medio del lenguaje de relaciones: estando <em>con<\/em> los pobres, trabajando <em>con<\/em> ellos, formando una comunidad que muestra el amor del Se\u00f1or a todos.<\/p>\n<h3>4. <em> Comprende la organizaci\u00f3n y formaci\u00f3n de otros para el servicio de los pobres.<\/em><\/h3>\n<p>San Vicente fue categ\u00f3rico en esto. Los misioneros, deb\u00edan fundar las Cofrad\u00edas de la Caridad adonde quiera que fueran.<span id='easy-footnote-21-17951' class='easy-footnote-margin-adjust'><\/span><span class='easy-footnote'><a href='http:\/\/vincentians.com\/es\/la-mision\/#easy-footnote-bottom-21-17951' title='RC I, 2.'><sup>21<\/sup><\/a><\/span> Pocos santos son tan concretos como Vicente de Pa\u00fal. \u00c9l sab\u00eda que para una efectiva evangelizaci\u00f3n de los pobres se requer\u00eda organizaci\u00f3n. Para conseguir este fin, Vicente fund\u00f3 dos comunidades y form\u00f3 numerosos grupos laicos.<\/p>\n<p>\u00c9l utiliz\u00f3 la misma destreza organizativa para la formaci\u00f3n del clero, que San Vicente describe a veces como \u00abcasi igual\u00bb<span id='easy-footnote-22-17951' class='easy-footnote-margin-adjust'><\/span><span class='easy-footnote'><a href='http:\/\/vincentians.com\/es\/la-mision\/#easy-footnote-bottom-22-17951' title='CR XI, 12.'><sup>22<\/sup><\/a><\/span> y a veces como \u00abigual\u00bb<span id='easy-footnote-23-17951' class='easy-footnote-margin-adjust'><\/span><span class='easy-footnote'><a href='http:\/\/vincentians.com\/es\/la-mision\/#easy-footnote-bottom-23-17951' title='SV V, 463, VII, 476.'><sup>23<\/sup><\/a><\/span> a la de la misi\u00f3n. \u00c9l cre\u00eda que los pobres s\u00f3lo ser\u00edan bien servidos si hab\u00eda buenos sacerdotes dedicados a su ministerio, y, con este fin, organiz\u00f3 retiros para los ordenandos y sacerdotes, as\u00ed como las Conferencias de los Martes, adem\u00e1s de fundar 20 seminarios.<\/p>\n<p>Pero \u00e9l no se par\u00f3 ah\u00ed. Organiz\u00f3 todos los recursos que pudo encontrar al servicio de los pobres, clero y laicos, j\u00f3venes y mayores, hombres y mujeres, ricos y pobres. La semilla de sus dotes organizativas continu\u00f3 extendi\u00e9ndose incluso despu\u00e9s de su muerte.<\/p>\n<p>Un estudio reciente<span id='easy-footnote-24-17951' class='easy-footnote-margin-adjust'><\/span><span class='easy-footnote'><a href='http:\/\/vincentians.com\/es\/la-mision\/#easy-footnote-bottom-24-17951' title='Betty Ann McNeil, &lt;em&gt;Monograf\u00eda 1: The Vincentian Family Tree,&lt;\/em&gt; ser\u00e1 publicado por Vincentian Studies Institute.'><sup>24<\/sup><\/a><\/span> se\u00f1ala que m\u00e1s de 165 grupos comparten el carisma vicenciano. Actualmente hay 250.000 miembros de AIC (Damas de la Caridad), 900.000 miembros de las Conferencias de San Vicente de Pa\u00fal, 200.000 miembros de diversos grupos de Juventud Mariana Vicenciana; solamente en Espa\u00f1a hay 46.000 y 7.000 en M\u00e9jico.<\/p>\n<h2><strong>II. Actualizando la Misi\u00f3n hoy<\/strong><\/h2>\n<p>La misi\u00f3n de cada grupo debe ser \u00abactualizada\u00bb en cada \u00e9poca;<span id='easy-footnote-25-17951' class='easy-footnote-margin-adjust'><\/span><span class='easy-footnote'><a href='http:\/\/vincentians.com\/es\/la-mision\/#easy-footnote-bottom-25-17951' title='Para una reflexi\u00f3n interesante sobre este asunto, cf. A Sylvestre: \u00abPriest of the Mission for what purpose? &lt;em&gt;Vincentiana&lt;\/em&gt; XXXIV (#6; Noviembre-Diciembre 1995) 363-73).'><sup>25<\/sup><\/a><\/span> de otro modo, el grupo permanece est\u00e1tico, y finalmente se marchita y muere.<span id='easy-footnote-26-17951' class='easy-footnote-margin-adjust'><\/span><span class='easy-footnote'><a href='http:\/\/vincentians.com\/es\/la-mision\/#easy-footnote-bottom-26-17951' title='Bastantes empresas est\u00e1n aprendiendo a su costa esta lecci\u00f3n. Incluso algunas que fueron en un tiempo prosperas est\u00e1n ahora experimentando dolores de muerte porque no se ajustaron a las condiciones econ\u00f3micas r\u00e1pidamente cambiantes.'><sup>26<\/sup><\/a><\/span>\n<p>Las cambiantes circunstancias de la sociedad exigen que la Iglesia ajuste continuamente su visi\u00f3n misionera y sus pr\u00e1cticas. Los papas recientes, especialmente Pablo VI en <em>Evangelii Nuntiandi<\/em> y Juan Pablo II en <em>Redemptoris Missio<\/em> nos han recordado los nuevos retos con que se enfrentan quienes est\u00e1n comprometidos en la misi\u00f3n evangelizadora. Hablan de:<\/p>\n<ul>\n<li>los \u00abnuevos areopagi\u00bb,<span id='easy-footnote-27-17951' class='easy-footnote-margin-adjust'><\/span><span class='easy-footnote'><a href='http:\/\/vincentians.com\/es\/la-mision\/#easy-footnote-bottom-27-17951' title='&lt;em&gt;Tertio Millennio Adveniente, 57.&lt;\/em&gt;'><sup>27<\/sup><\/a><\/span> es decir, nuevos sectores en los que el evangelio debe ser proclamado _ como en el mundo de la comunicaci\u00f3n, de la ciencia, y de las relaciones internacionales _ particularmente cuando la Iglesia trata de promover la paz, el desarrollo humano y la liberaci\u00f3n de los pueblos.<span id='easy-footnote-28-17951' class='easy-footnote-margin-adjust'><\/span><span class='easy-footnote'><a href='http:\/\/vincentians.com\/es\/la-mision\/#easy-footnote-bottom-28-17951' title='&lt;em&gt;Redemptoris Missio, 37.&lt;\/em&gt;'><sup>28<\/sup><\/a><\/span><\/li>\n<li>nuevos medios de comunicaci\u00f3n disponibles para evangelizar y catequizar, predicar y ense\u00f1ar, pero que tambi\u00e9n forman parte de la nueva \u00abcultura de los medios de comunicaci\u00f3n\u00bb que est\u00e1, ella misma, muy necesitada de evangelizaci\u00f3n.<span id='easy-footnote-29-17951' class='easy-footnote-margin-adjust'><\/span><span class='easy-footnote'><a href='http:\/\/vincentians.com\/es\/la-mision\/#easy-footnote-bottom-29-17951' title='&lt;em&gt;Evangelii Nuntiandi, 45; Redemptoris Missio, 47.&lt;\/em&gt;'><sup>29<\/sup><\/a><\/span><\/li>\n<li>nuevas formas de pobreza, diferentes de las de otras \u00e9pocas, que interpelan a los misioneros cuando intentan encarnar la opci\u00f3n preferencial de la Iglesia por los Pobres.<span id='easy-footnote-30-17951' class='easy-footnote-margin-adjust'><\/span><span class='easy-footnote'><a href='http:\/\/vincentians.com\/es\/la-mision\/#easy-footnote-bottom-30-17951' title='&lt;em&gt;Tertio Millennio Adveniente, 51; Sollicitudo Rei Socialis, 42.&lt;\/em&gt;'><sup>30<\/sup><\/a><\/span><\/li>\n<li>una nueva evangelizaci\u00f3n, nueva en su ardor, sus m\u00e9todos, y sus expresiones.<span id='easy-footnote-31-17951' class='easy-footnote-margin-adjust'><\/span><span class='easy-footnote'><a href='http:\/\/vincentians.com\/es\/la-mision\/#easy-footnote-bottom-31-17951' title='Juan Pablo II, Discurso a la 19 Asamblea Ordinaria del CELAM, Hait\u00ed, 9 de Marzo de 1983; discurso dado en Santo Domingo, 12 de Octubre de 1984; cf. &lt;em&gt;Evangelii Nuntianndi, 63; Centesimus Annus, 5; Tertio Millennio Adveniente, 45.&lt;\/em&gt;'><sup>31<\/sup><\/a><\/span><\/li>\n<\/ul>\n<p>El mismo San Vicente nos da la clave para actualizar nuestra misi\u00f3n. De hecho, repite una y otra vez: <em>\u00e9l me ha enviado a predicar la buena nueva a los pobres.<\/em><span id='easy-footnote-32-17951' class='easy-footnote-margin-adjust'><\/span><span class='easy-footnote'><a href='http:\/\/vincentians.com\/es\/la-mision\/#easy-footnote-bottom-32-17951' title='Lc. 4,18.'><sup>32<\/sup><\/a><\/span> Nuestras Constituciones establecen el mismo principio fundamental con absoluta claridad: \u00ab<em>El fin de La Congregaci\u00f3n de la Misi\u00f3n es seguir a Cristo evangelizador de los pobres.<\/em><span id='easy-footnote-33-17951' class='easy-footnote-margin-adjust'><\/span><span class='easy-footnote'><a href='http:\/\/vincentians.com\/es\/la-mision\/#easy-footnote-bottom-33-17951' title='Constituciones 1 (de ahora en adelante C.).'><sup>33<\/sup><\/a><\/span> Todo lo que hagamos debemos hacerlo a esta luz. Todas las actualizaciones, directa o indirectamente, deben ser expresiones de esta declaraci\u00f3n constitucional b\u00e1sica.<\/p>\n<p>El art\u00edculo 12 de nuestras constituciones, las L\u00edneas de Acci\u00f3n de la Asamblea General de 1986 y el documento, \u00abLos Visitadores al Servicio de la Misi\u00f3n\u00bb (n. 16), nos proponen una exigente metodolog\u00eda pastoral cuando predicamos la buena nueva a los pobres:<\/p>\n<ul>\n<li>trabajar en el mundo de los pobres, no s\u00f3lo con algunas personas aisladas (L\u00edneas de Acci\u00f3n, 4 y 11);<\/li>\n<li>trabajar a nivel de estructuras, no s\u00f3lo respondiendo a situaciones concretas (L\u00edneas de Acci\u00f3n, 6 y 11);<\/li>\n<li>trabajar haciendo frente a la injusticia, no s\u00f3lo para atender a las necesidades de determinados pobres (L\u00edneas de Acci\u00f3n, 4 y 11):<\/li>\n<li>trabajar con grupos (peque\u00f1as comunidades), a fin de que los pobres sean sujeto y no simplemente un objeto, de evangelizaci\u00f3n (L\u00edneas de Acci\u00f3n, 5 y 11).<span id='easy-footnote-34-17951' class='easy-footnote-margin-adjust'><\/span><span class='easy-footnote'><a href='http:\/\/vincentians.com\/es\/la-mision\/#easy-footnote-bottom-34-17951' title='Cf. &lt;em&gt;Vincentiana &lt;\/em&gt;XXXIV, 41.'><sup>34<\/sup><\/a><\/span><\/li>\n<\/ul>\n<p>Perm\u00edtanme reflexionar brevemente sobre algunos de los principales medios contempor\u00e1neos de actualizar la misi\u00f3n.<\/p>\n<h3>1. <em> Dando misiones populares<\/em><\/h3>\n<p>Incluso si, como se se\u00f1ala m\u00e1s arriba, es importante evitar el error de identificar \u00abla misi\u00f3n\u00bb con \u00ablas misiones\u00bb, sin embargo San Vicente ve\u00eda el trabajo de las misiones como \u00abel primero y principal de entre los trabajos por el pr\u00f3jimo\u00bb.<span id='easy-footnote-35-17951' class='easy-footnote-margin-adjust'><\/span><span class='easy-footnote'><a href='http:\/\/vincentians.com\/es\/la-mision\/#easy-footnote-bottom-35-17951' title='RC XI, 10.'><sup>35<\/sup><\/a><\/span> Hoy, en algunos pa\u00edses, las misiones populares tienen menos atracci\u00f3n, y aparentemente menos eficacia, que en otros tiempos. En la mayor parte del mundo, sin embargo, son todav\u00eda un medio eficaz de evangelizaci\u00f3n. Por ello, es importante que este trabajo se renueve en la Congregaci\u00f3n. En la Congregaci\u00f3n ha habido ya algunos esfuerzos muy creativos en este sentido.<span id='easy-footnote-36-17951' class='easy-footnote-margin-adjust'><\/span><span class='easy-footnote'><a href='http:\/\/vincentians.com\/es\/la-mision\/#easy-footnote-bottom-36-17951' title='Recientemente, equipos misioneros de hasta 1000 miembros han sido preparados para una di\u00f3cesis e incluso para un pa\u00eds, con un \u00e9xito considerable. Cf. T. Sendlein, \u00abAn experience of the Vincentian Spirit in the Panamian National Mission\u00bb, &lt;em&gt;Vincentiana &lt;\/em&gt;XXXIX (1995) 311-224.'><sup>36<\/sup><\/a><\/span> Estas misiones renovadas tienen diversas caracter\u00edsticas distintivas:<\/p>\n<p style=\"padding-left: 30px\">a) un tiempo importante de preparaci\u00f3n (la pre-misi\u00f3n),<\/p>\n<p style=\"padding-left: 30px\">b) la organizaci\u00f3n y formaci\u00f3n de un equipo misionero, teniendo con frecuencia un buen n\u00famero de sacerdotes, di\u00e1conos, hermanas, hermanos y laicos hombres y mujeres,<\/p>\n<p style=\"padding-left: 30px\">c) un per\u00edodo de tiempo de misi\u00f3n (el tiempo var\u00eda)<\/p>\n<p style=\"padding-left: 30px\">d) catequesis y reflexi\u00f3n sobre la palabra de Dios con peque\u00f1os grupos,<\/p>\n<p style=\"padding-left: 30px\">e) participaci\u00f3n en la misi\u00f3n del clero y laicos <em>locales.<\/em><\/p>\n<p style=\"padding-left: 30px\">f) organizaci\u00f3n de obras de caridad en el \u00e1rea de la misi\u00f3n.<\/p>\n<p style=\"padding-left: 30px\">g) seguimiento.<\/p>\n<h3>2. <em>Formando al clero<\/em><\/h3>\n<p>San Vicente lo vio, con absoluta claridad, como parte de nuestra misi\u00f3n. \u00abAl principio\u00bb, dec\u00eda a los cohermanos el 6 de Diciembre de 1658, \u00abla Compa\u00f1\u00eda estaba s\u00f3lo ocupada de s\u00ed misma y de los pobres, pero en la plenitud de los tiempos \u00c9l nos llam\u00f3 a contribuir a que hubiera buenos sacerdotes&#8230;\u00bb<span id='easy-footnote-37-17951' class='easy-footnote-margin-adjust'><\/span><span class='easy-footnote'><a href='http:\/\/vincentians.com\/es\/la-mision\/#easy-footnote-bottom-37-17951' title='SV XI, 390.'><sup>37<\/sup><\/a><\/span>\n<p>En los \u00faltimos a\u00f1os, con el cambio de circunstancias y la disminuci\u00f3n del n\u00famero de vocaciones en Europa occidental y en los Estados Unidos, este trabajo ha sufrido considerablemente. Sin embargo, todav\u00eda existen muchas posibilidades para tomar parte en el mismo:<\/p>\n<p style=\"padding-left: 30px\">a) en seminarios diocesanos en el propio pa\u00eds,<\/p>\n<p style=\"padding-left: 30px\">b) formando equipos \u00abnacionales\u00bb de personal para los seminarios diocesanos de otros pa\u00edses.<\/p>\n<p style=\"padding-left: 30px\">c) formando equipos \u00abinternacionales\u00bb de personal para los seminarios diocesanos de otros pa\u00edses.<\/p>\n<p style=\"padding-left: 30px\">d) proporcionando directores espirituales y confesores para los seminarios o para las di\u00f3cesis.<\/p>\n<p style=\"padding-left: 30px\">e) dirigiendo ejercicios para los seminaristas y sacerdotes.<\/p>\n<p style=\"padding-left: 30px\">f) ofreciendo programas de formaci\u00f3n permanente para los sacerdotes.<\/p>\n<p style=\"padding-left: 30px\">g) ofreciendo hospitalidad.<\/p>\n<h3>3. <em>Tomando parte en misiones \u00abad gentes\u00bb<\/em><\/h3>\n<p>Existen pocos temas en los que San Vicente fuera m\u00e1s expl\u00edcito. Dijo a los miembros de la Congregaci\u00f3n de la Misi\u00f3n: \u00abPid\u00e1mosle a Dios que d\u00e9 a la Compa\u00f1\u00eda ese esp\u00edritu, ese coraz\u00f3n, ese coraz\u00f3n que nos hace ir a cualquier parte, ese coraz\u00f3n del Hijo de Dios, el coraz\u00f3n de nuestro Se\u00f1or&#8230;\u00bb<span id='easy-footnote-38-17951' class='easy-footnote-margin-adjust'><\/span><span class='easy-footnote'><a href='http:\/\/vincentians.com\/es\/la-mision\/#easy-footnote-bottom-38-17951' title='SV XI, 190.'><sup>38<\/sup><\/a><\/span>\n<p>Actualmente en la Congregaci\u00f3n muchas provincias promueven una misi\u00f3n \u00abad gentes\u00bb o comparten la responsasabilidad con otras.<span id='easy-footnote-39-17951' class='easy-footnote-margin-adjust'><\/span><span class='easy-footnote'><a href='http:\/\/vincentians.com\/es\/la-mision\/#easy-footnote-bottom-39-17951' title='Para una relaci\u00f3n completa de todas las misiones de la Congregaci\u00f3n de la Misi\u00f3n y de las Hijas de la Caridad, cf. Jos\u00e9 Ignacio Fern\u00e1ndez, \u00abLa extensi\u00f3n misionera actual de ambas congregaciones: Congregaci\u00f3n de la Misi\u00f3n y Compa\u00f1\u00eda de las Hijas de la Caridad\u00bb en &lt;em&gt;San Vicente y La Misi\u00f3n ad Gentes &lt;\/em&gt;(Salamanca: CEME, 1995) 253-287).'><sup>39<\/sup><\/a><\/span> Hay tambi\u00e9n un resurgir del inter\u00e9s en las misiones, habiendo muchos cohermanos que se ofrecen a formar parte de un nuevo equipo misionero internacional.<\/p>\n<p>Uno de los mayores retos hoy en las misiones <em>Ad gentes <\/em>es la inculturaci\u00f3n, que las Hijas de la Caridad han elegido como tema de su pr\u00f3xima Asamblea General. Los Misioneros deben buscar modos de fomentar la inculturaci\u00f3n m\u00e1s completa del evangelio, a fin de que la cristiandad y las culturas locales se relacionen rec\u00edprocamente a un nivel profundo, enriqueci\u00e9ndose ambas y purific\u00e1ndose una a la otra. Esto exige del misionero la habilidad de escuchar y dialogar cuando intenta discernir los valores que existen en las diversas culturas, as\u00ed como las tendencias culturales que est\u00e1n en contra de la promoci\u00f3n integral de la persona humana.<\/p>\n<p>La inculturaci\u00f3n presentar\u00e1 tambi\u00e9n importantes interrogantes en nuestros propios programas de formaci\u00f3n. En nuestras misiones, donde frecuentemente hay numerosas vocaciones, los responsables de la formaci\u00f3n, deben, en di\u00e1logo con cristianos maduros dentro de la cultura local, concretizar c\u00f3mo se expresan en esa cultura la sencillez, humildad, mansedumbre, mortificaci\u00f3n y celo. Los programas de formaci\u00f3n deben tambi\u00e9n abordar resueltamente los modos en que nuestros votos pueden ser presentados y vividos en esas culturas locales.<\/p>\n<h3>4. <em>En el servicio a las Hijas de la Caridad<\/em><\/h3>\n<p>San Vicente fue categ\u00f3rico en asegurar que este ministerio formaba parte de nuestra misi\u00f3n:<\/p>\n<p style=\"padding-left: 30px\"><em>\u00bfNo vino el Hijo de Dios a predicar el evangelio a los pobres, a ordenar a los sacerdotes, etc.? S\u00ed. \u00bfNo consinti\u00f3 tener mujeres asociadas con \u00e9l? S\u00ed. \u00bfNo las gui\u00f3<\/em> <em>hacia la perfecci\u00f3n y hacia los pobres? S\u00ed. Si Nuestro Se\u00f1or, que hizo todas las cosas para nuestra instrucci\u00f3n, lo hizo as\u00ed, \u00bfno debemos pensar que estamos haciendo lo que debemos hacer sigui\u00e9ndole a \u00e9l?<\/em><\/p>\n<p>La Congregaci\u00f3n ejerce este ministerio especialmente ofreciendo a las Hijas de la Caridad buenos Directores Provinciales y Espirituales.<span id='easy-footnote-40-17951' class='easy-footnote-margin-adjust'><\/span><span class='easy-footnote'><a href='http:\/\/vincentians.com\/es\/la-mision\/#easy-footnote-bottom-40-17951' title='C 17.'><sup>40<\/sup><\/a><\/span> Con frecuencia somos tambi\u00e9n llamados a predicar ejercicios. Al ser las Hijas de la Caridad una fuerza enorme al servicio de los m\u00e1s abandonados, nuestro ministerio con ellas puede tener un fruto importante en las vidas de los pobres. Ayudando en la formaci\u00f3n de las Hijas de la Caridad (y otros grupos que sirven a los m\u00e1s abandonados), aunque es un servicio indirecto a los pobres, puede ser un modo muy efectivo de multiplicar y enriquecer las energ\u00edas de quienes sirven directamente a las necesidades espirituales y corporales de los pobres.<\/p>\n<h3>5. <em>Organizando grupos, especialmente de j\u00f3venes, para servir a los pobres.<\/em><\/h3>\n<p>Como he dicho m\u00e1s arriba, San Vicente tuvo una capacidad extraordinaria como organizador. Exhorto a la Congregaci\u00f3n a organizar como \u00e9l lo hizo.<\/p>\n<p>El ministerio con los j\u00f3venes es enormemente importante hoy. Son la Iglesia del futuro. Varios estudios recientes se\u00f1alan que los j\u00f3venes buscan:<span id='easy-footnote-41-17951' class='easy-footnote-margin-adjust'><\/span><span class='easy-footnote'><a href='http:\/\/vincentians.com\/es\/la-mision\/#easy-footnote-bottom-41-17951' title='Cf. Albert di Ianni, \u00abReligious Vocations: New Signs of the Times, \u00ab&lt;em&gt;Review for Religious &lt;\/em&gt;52 (#5; Septiembre-Octubre 1993) 745-763. Tambi\u00e9n D. Nygren y M. Ukeritis, &lt;em&gt;The future of Religious Orders in the United States&lt;\/em&gt; (Connecticut: Praeger Press, 1993) 251.'><sup>41<\/sup><\/a><\/span>\n<ul>\n<li>fines concretos religiosos<\/li>\n<li>vida comunitaria intensa y solidaridad<\/li>\n<li>servicio expl\u00edcito y universal a los m\u00e1s necesitados.<\/li>\n<\/ul>\n<p>Deseo animar a los miembros de la Congregaci\u00f3n de la Misi\u00f3n de todo el mundo a reunir a los j\u00f3venes para compartir nuestra misi\u00f3n Vicenciana en el servicio a los pobres. Esto puede concretarse en grupos de Juventud Mariana Vicenciana, u otras formas, dependiendo de la cultura local y de sus posibilidades, pero les urjo a todos a hacer de \u00e9sta una de las actualizaciones contempor\u00e1neas de la misi\u00f3n. Como \u00ablas Caridades\u00bb se extendieron por toda Francia en el tiempo de San Vicente, permitan florecer a los diversos y variados grupos de juventud Vicenciana all\u00ed donde los miembros de la Congregaci\u00f3n de la Misi\u00f3n y la Compa\u00f1\u00eda de las Hijas de la Caridad prestan su servicio.<\/p>\n<p>Del mismo modo, dondequiera que estemos, debemos ser de los primeros en organizar unidades locales de las Conferencias de San Vicente de Pa\u00fal y de la Asociaci\u00f3n Internacional de Caridades (AIC), y ofrecerles la formaci\u00f3n y acompa\u00f1amiento que con frecuencia piden insistentemente de nosotros.<\/p>\n<h3>6. <em>Organizando comunidades de base cristianas entre los pobres.<\/em><\/h3>\n<p>San Vicente reconoci\u00f3 la importancia de las comunidades de fe. Tuvo cuidado de proveer un reglamento para las diversos grupos que fund\u00f3, con un modo de vida que guiara sus trabajos.<\/p>\n<p>Hoy, como ha sido evidente desde el tiempo de la <em>Evangelii Nuntiandi,<\/em><span id='easy-footnote-42-17951' class='easy-footnote-margin-adjust'><\/span><span class='easy-footnote'><a href='http:\/\/vincentians.com\/es\/la-mision\/#easy-footnote-bottom-42-17951' title='&lt;em&gt;Evangelii Nuntiandi,&lt;\/em&gt; 58.'><sup>42<\/sup><\/a><\/span> e incluso antes,<span id='easy-footnote-43-17951' class='easy-footnote-margin-adjust'><\/span><span class='easy-footnote'><a href='http:\/\/vincentians.com\/es\/la-mision\/#easy-footnote-bottom-43-17951' title='Medell\u00edn, \u00abConclusiones\u00bb, 6.13, 14; 13.33.'><sup>43<\/sup><\/a><\/span> las comunidades cristianas de base tienen un lugar especial en la actividad evangelizadora de la Iglesia. Son los beneficiarios de la evangelizaci\u00f3n, y a la vez, evangelizadores. Tales comunidades pueden ser un lugar primordial para escuchar y reflexionar sobre la palabra de Dios, as\u00ed como para organizar los m\u00e9todos de caridad pr\u00e1ctica que ser\u00e1n de ayuda para afrontar las necesidades reales de los pobres.<\/p>\n<h3>7. <em>Parroquias misioneras, algunas cuestiones<\/em><\/h3>\n<p>Conf\u00edo que el lector perdone el desatino del Superior General al suscitar importantes cuestiones sobre la obra en la que tantos cohermanos est\u00e1n ocupados.<\/p>\n<p>No dudo de que hay en la Congregaci\u00f3n aut\u00e9nticas parroquias misioneras, que son una verdadera actualizaci\u00f3n de \u00abla misi\u00f3n\u00bb. Sin embargo, el Estatuto 10 indica un n\u00famero de condiciones para comprobar si las parroquias son realmente una manifestaci\u00f3n de nuestra misi\u00f3n: a) que el apostolado que ejercemos est\u00e9 de acuerdo con el fin y la naturaleza de nuestro instituto; b) que el reducido n\u00famero de sacerdotes en el lugar requiera nuestra presencia; c) que la parroquia, en su mayor parte, est\u00e9 formada de los realmente pobres, o; d) que est\u00e9 incorporada a un seminario donde los cohermanos reciben formaci\u00f3n pastoral.<\/p>\n<p>Un reciente estudio en los Estados Unidos hace esta observaci\u00f3n:<\/p>\n<p style=\"padding-left: 30px\"><em>La inserci\u00f3n de miembros de congregaciones religiosas en puestos diocesanos y parroquiales, cada vez m\u00e1s extendida, hasta el punto en que tales compromisos toman precedencia a otros en las vidas de sus Congregaciones, es un fen\u00f3meno en aumento en los Estados Unidos. Esta tendencia, que se conoce como asimilaci\u00f3n parroquial, ha tenido un efecto tremendo en la mayor\u00eda de las congregaciones religiosas&#8230; Puede f\u00e1cilmente llevar a comprometer la funci\u00f3n prof\u00e9tica de los miembros de la vida religiosa<\/em>\u00ab.<span id='easy-footnote-44-17951' class='easy-footnote-margin-adjust'><\/span><span class='easy-footnote'><a href='http:\/\/vincentians.com\/es\/la-mision\/#easy-footnote-bottom-44-17951' title='D. Nygren y M. Ukeritis, &lt;em&gt;op. cit. &lt;\/em&gt;250.'><sup>44<\/sup><\/a><\/span>\n<p>Este fen\u00f3meno no est\u00e1 limitado a los Estados Unidos. Nuestras recientes estad\u00edsticas indican que 1074 cohermanos est\u00e1n en ministerios parroquiales, un porcentaje muy alto (31%) del n\u00famero total de nuestros miembros. El n\u00famero de misioneros dedicados a las obras fundacionales de la comunidad, las misiones populares y los seminarios, es en comparaci\u00f3n muy peque\u00f1o.<\/p>\n<p>Esto me lleva a preguntar si es leg\u00edtimo para la Congregaci\u00f3n de la Misi\u00f3n estar tan intensamente dedicada a ministerios parroquiales y si un n\u00famero considerable de nuestras parroquias est\u00e1n, o no, dentro de los criterios se\u00f1alados en nuestro Estatuto 10.<\/p>\n<p>Perm\u00edtanme sugerirles las siguientes caracter\u00edsticas como base para evaluar si una parroquia es verdaderamente \u00abVicenciana\u00bb y \u00abmisionera:\u00bb<\/p>\n<p style=\"padding-left: 30px\">a. est\u00e1 entre los realmente pobres:<\/p>\n<p style=\"padding-left: 30px\">b. el clero diocesano tiene falta de personal para esa parroquia;<\/p>\n<p style=\"padding-left: 30px\">c. nuestro compromiso all\u00ed est\u00e1 limitado temporalmente (esperemos, que con un contrato claro).<\/p>\n<p style=\"padding-left: 30px\">d. tenemos fines concretos misioneros para ser realizados durante ese tiempo;<\/p>\n<p style=\"padding-left: 30px\">e. entre ellos se encuentra la preparaci\u00f3n de la formaci\u00f3n pastoral en el futuro, particularmente con la formaci\u00f3n de l\u00edderes en los diversos ministerios;<\/p>\n<p style=\"padding-left: 30px\">f. funcionan en la parroquia obras de caridad pr\u00e1ctica organizada al servicio de los necesitados.<\/p>\n<p style=\"padding-left: 30px\">g. se forman grupos laicos Vicencianos (Juventud Mariana Vicenciana, Conferencias de San Vicente de Pa\u00fal, AIC, la Asociaci\u00f3n de la Medalla Milagrosa, etc.)<\/p>\n<p style=\"padding-left: 30px\">h. se ofrece instrucci\u00f3n sistem\u00e1ticamente sobre la ense\u00f1anza social de la Iglesia.<\/p>\n<p style=\"padding-left: 30px\">i. el \u00abestilo\u00bb del ministerio es sencillo y humilde;<\/p>\n<p style=\"padding-left: 30px\">j. es una parroquia <em>evangelizadora<\/em>, con gran \u00e9nfasis en la palabra de Dios.<\/p>\n<h2><strong>III. Implicaciones para los Misioneros<\/strong><\/h2>\n<p>San Vicente b\u00e1sicamente dice que nuestra misi\u00f3n es la misma de Jes\u00fas, que \u00abse describe a s\u00ed mismo como el Evangelizador de los Pobres\u00bb.<span id='easy-footnote-45-17951' class='easy-footnote-margin-adjust'><\/span><span class='easy-footnote'><a href='http:\/\/vincentians.com\/es\/la-mision\/#easy-footnote-bottom-45-17951' title='SV XI, 725. Aunque alg\u00fan lector puede dudar de este texto (en el que llama a Cristo \u00abel Evangelizador de los Pobres\u00bb), atribuido a San Vicente por Abelly, su primer bi\u00f3grafo (1664), expresa la &lt;em&gt;ipsissima verba&lt;\/em&gt; del santo, la idea misma, sin embargo, a m\u00ed me parece indiscutible, dado el continuo recurso a Lucas 4,18.'><sup>45<\/sup><\/a><\/span> Esto lleva consigo toda una espiritualidad en la que el evangelizador es antes evangelizado.<span id='easy-footnote-46-17951' class='easy-footnote-margin-adjust'><\/span><span class='easy-footnote'><a href='http:\/\/vincentians.com\/es\/la-mision\/#easy-footnote-bottom-46-17951' title='Cf. &lt;em&gt;Evangelii Nuntiandi, 15.&lt;\/em&gt;'><sup>46<\/sup><\/a><\/span> En la introducci\u00f3n de las Reglas Comunes se\u00f1ala: \u00abNos pareci\u00f3 que aquellos que han sido llamados a continuar la misi\u00f3n de Cristo, misi\u00f3n que consiste sobre todo en evangelizar a los pobres, deber\u00edan llenarse de los sentimiento y afectos de Cristo mismo; m\u00e1s a\u00fan, deber\u00edan llenarse de su mismo esp\u00edritu y seguir fielmente sus huellas\u00bb.<span id='easy-footnote-47-17951' class='easy-footnote-margin-adjust'><\/span><span class='easy-footnote'><a href='http:\/\/vincentians.com\/es\/la-mision\/#easy-footnote-bottom-47-17951' title='RC, Introducci\u00f3n.'><sup>47<\/sup><\/a><\/span> Con otras palabras, \u00e9l quiere que tengamos el esp\u00edritu y el coraz\u00f3n de Cristo.<\/p>\n<p>San Vicente escribe en una de sus cartas que la mente y el coraz\u00f3n de Jes\u00fas est\u00e1n totalmente centrados en dos direcciones, que absorben totalmente su vida \u00absu amor filial al Padre y su caridad al pr\u00f3jimo\u00bb.<span id='easy-footnote-48-17951' class='easy-footnote-margin-adjust'><\/span><span class='easy-footnote'><a href='http:\/\/vincentians.com\/es\/la-mision\/#easy-footnote-bottom-48-17951' title='SV VI, 370. En la versi\u00f3n francesa dice \u00ab&amp;#8230; la religi\u00f3n para con su Padre\u00bb.'><sup>48<\/sup><\/a><\/span> Recientemente le\u00ed un estudio Cristol\u00f3gico que me impresion\u00f3 enormemente. Los autores dec\u00edan: \u00abHemos visto que la relaci\u00f3n de Jes\u00fas con su Padre era el centro de su ser. Ninguna otra cosa compet\u00eda con su fidelidad. Lo m\u00e1s cercano a rivalizar con su amor a Dios fue su preocupaci\u00f3n por ayudar a los seres humanos, sus pr\u00f3jimos, especialmente a aquellos que sufr\u00edan.\u00bb<span id='easy-footnote-49-17951' class='easy-footnote-margin-adjust'><\/span><span class='easy-footnote'><a href='http:\/\/vincentians.com\/es\/la-mision\/#easy-footnote-bottom-49-17951' title='Denise Lardner Carmody y John Tully Carmody, &lt;em&gt;In the Path of the Masters&lt;\/em&gt; (Nueva York. Paragon House, 1994) 119.'><sup>49<\/sup><\/a><\/span> Esta es precisamente la percepci\u00f3n que San Vicente ten\u00eda del evangelio. Perm\u00edtanme sugerirles que estos deben ser los dos amores exclusivos que cautiven totalmente la vida del Misionero.<\/p>\n<h3>1. <em>Relaci\u00f3n filial con Dios<\/em><\/h3>\n<p>\u00abD\u00e9monos a Dios\u00bb dec\u00eda San Vicente repetidamente a los Misioneros, as\u00ed como a las Hijas de la Caridad.<span id='easy-footnote-50-17951' class='easy-footnote-margin-adjust'><\/span><span class='easy-footnote'><a href='http:\/\/vincentians.com\/es\/la-mision\/#easy-footnote-bottom-50-17951' title='SV XII, 431-432, 442-443.'><sup>50<\/sup><\/a><\/span> \u00c9l ten\u00eda una profunda confianza en un Dios todo amor, en cuyas manos pod\u00eda ponerse \u00e9l y sus obras. En el diario escrito por Juan Gicquel cuenta c\u00f3mo Vicente, el 7 de Junio de 1660, s\u00f3lo cuatro meses antes de su muerte, dijo a los PP. Almer\u00e1s, Berthe y Gicquel: \u00abConsumirse por Dios, no tener bienes ni fuerzas m\u00e1s que para gastarlos por Dios, es lo que Nuestro Se\u00f1or hizo, que se consumi\u00f3 por amor a su Padre\u00bb.<span id='easy-footnote-51-17951' class='easy-footnote-margin-adjust'><\/span><span class='easy-footnote'><a href='http:\/\/vincentians.com\/es\/la-mision\/#easy-footnote-bottom-51-17951' title='SV X 222'><sup>51<\/sup><\/a><\/span>\n<p>San Vicente quiso que el amor a Dios lo abarcara todo. Escribe a Pierre Escart: \u00ab&#8230; mis deseos infinitos de que busquemos por encima de todo despojarnos del afecto a todo cuanto no es Dios, y que no nos aficion\u00e9monos a las cosas m\u00e1s que por Dios y seg\u00fan Dios, y que procuremos establecer primeramente su reino en nosotros, y luego en los dem\u00e1s. Es lo que tambi\u00e9n, le ruego que pida a Dios para mi&#8230;\u00bb<span id='easy-footnote-52-17951' class='easy-footnote-margin-adjust'><\/span><span class='easy-footnote'><a href='http:\/\/vincentians.com\/es\/la-mision\/#easy-footnote-bottom-52-17951' title='SV II, 89.'><sup>52<\/sup><\/a><\/span>\n<p>La relaci\u00f3n filial del misionero con Dios se manifiesta especialmente de dos formas:<\/p>\n<h3>a. <em> devoci\u00f3n a la providencia<\/em><\/h3>\n<p>Para San Vicente, Dios nos ama profundamente como un Padre y una Madre.<span id='easy-footnote-53-17951' class='easy-footnote-margin-adjust'><\/span><span class='easy-footnote'><a href='http:\/\/vincentians.com\/es\/la-mision\/#easy-footnote-bottom-53-17951' title='SV V, 511.'><sup>53<\/sup><\/a><\/span> \u00c9l ejercita una continua providencia en nuestras vidas. En una carta a Bernard Codoing, Vicente pone gran \u00e9nfasis en la necesidad de abandonarnos a la acci\u00f3n de Dios en nuestras vidas: \u00abLo dem\u00e1s ya ir\u00e1 llegando a su debido tiempo. La gracia tiene sus ocasiones. Pong\u00e1monos en manos de la providencia de Dios y no nos empe\u00f1emos en ir por delante de ella. Si Dios quiere darme alg\u00fan consuelo en nuestra vocaci\u00f3n, es \u00e9ste precisamente: que creo que al parecer hemos procurado seguir en todas las cosas a la providencia&#8230;\u00bb<span id='easy-footnote-54-17951' class='easy-footnote-margin-adjust'><\/span><span class='easy-footnote'><a href='http:\/\/vincentians.com\/es\/la-mision\/#easy-footnote-bottom-54-17951' title='SV II, 381.'><sup>54<\/sup><\/a><\/span> As\u00ed mismo escribe a Santa Luisa de Marillac: \u00abDios, hija m\u00eda, tiene grandes tesoros ocultos en su santa Providencia; \u00a1y c\u00f3mo honran maravillosamente a Nuestro Se\u00f1or los que la siguen y no se adelantan a ella!\u00bb.<span id='easy-footnote-55-17951' class='easy-footnote-margin-adjust'><\/span><span class='easy-footnote'><a href='http:\/\/vincentians.com\/es\/la-mision\/#easy-footnote-bottom-55-17951' title='SV I, 131'><sup>55<\/sup><\/a><\/span>\n<p>La confianza en la providencia se manifiesta en la vida del misionero por la capacidad de ver los acontecimientos concretos en un plano m\u00e1s amplio, esperando con paciencia, con perseverancia. Pero se honra tambi\u00e9n a la providencia, como San Vicente lo se\u00f1ala,<span id='easy-footnote-56-17951' class='easy-footnote-margin-adjust'><\/span><span class='easy-footnote'><a href='http:\/\/vincentians.com\/es\/la-mision\/#easy-footnote-bottom-56-17951' title='SV V, 374.'><sup>56<\/sup><\/a><\/span> usando los medios que Dios pone a nuestra disposici\u00f3n para cumplir sus fines. Si un misionero tiene la tentaci\u00f3n de interpretar las ense\u00f1anzas de San Vicente sobre la providencia demasiado pasivamente, puede recordar las palabras del fundador a Edme Jolly:<span id='easy-footnote-57-17951' class='easy-footnote-margin-adjust'><\/span><span class='easy-footnote'><a href='http:\/\/vincentians.com\/es\/la-mision\/#easy-footnote-bottom-57-17951' title='SV VII, 267.'><sup>57<\/sup><\/a><\/span> Es Vd. uno de los hombres que honran m\u00e1s en el mundo la providencia de Dios con la preparaci\u00f3n de los remedios contra los males venideros. Se lo agradezco muy humildemente y pido a Nuestro Se\u00f1or que le siga aumentando sus luces para derramarlas sobre la compa\u00f1\u00eda\u00bb. Le dice a Marc Cogl\u00e9e en 1652 que le gusta seguir la m\u00e1xima \u00abde servirse de todos los medios l\u00edcitos y posibles para la gloria de Dios, como si Dios no tuviera que ayudarnos, con tal de que todo se espere de su divina Providencia, como si no tuvi\u00e9ramos ning\u00fan medio humano\u00bb.<span id='easy-footnote-58-17951' class='easy-footnote-margin-adjust'><\/span><span class='easy-footnote'><a href='http:\/\/vincentians.com\/es\/la-mision\/#easy-footnote-bottom-58-17951' title='SV IV, 346.'><sup>58<\/sup><\/a><\/span>\n<h4>b. <em>fidelidad a la<\/em> <em>oraci\u00f3n<\/em><\/h4>\n<p>San Vicente invita a sus seguidores a estar siempre en oraci\u00f3n ante el Se\u00f1or. La oraci\u00f3n es para Vicente, fuente de todo lo que el misionero hace. \u00abDadme un hombre de oraci\u00f3n y ser\u00e1 capaz de todo.\u00bb<span id='easy-footnote-59-17951' class='easy-footnote-margin-adjust'><\/span><span class='easy-footnote'><a href='http:\/\/vincentians.com\/es\/la-mision\/#easy-footnote-bottom-59-17951' title='SV XI, 778.'><sup>59<\/sup><\/a><\/span>Vicente reconoce que Jes\u00fas, en medio de su actividad misionera, est\u00e1 siempre unido a su Padre,<span id='easy-footnote-60-17951' class='easy-footnote-margin-adjust'><\/span><span class='easy-footnote'><a href='http:\/\/vincentians.com\/es\/la-mision\/#easy-footnote-bottom-60-17951' title='Jn 7,2, 7, 33, 17, 13, 17, 21. La relaci\u00f3n especial de Jes\u00fas con su Padre es tambi\u00e9n un tema de Lucas: cf. 2, 49, 3, 22, 9, 35, 10, 21-22, 23, 46.'><sup>60<\/sup><\/a><\/span> que es el autor de todo el bien que Jes\u00fas hace.<span id='easy-footnote-61-17951' class='easy-footnote-margin-adjust'><\/span><span class='easy-footnote'><a href='http:\/\/vincentians.com\/es\/la-mision\/#easy-footnote-bottom-61-17951' title='SV XII, 412.'><sup>61<\/sup><\/a><\/span> Jes\u00fas busca constantemente la voluntad del Padre.<\/p>\n<p>En este mismo sentido, San Vicente dice a las Hijas de la Caridad, \u00ab&#8230; Nuestro Se\u00f1or era hombre de grand\u00edsima la oraci\u00f3n\u00bb.<span id='easy-footnote-62-17951' class='easy-footnote-margin-adjust'><\/span><span class='easy-footnote'><a href='http:\/\/vincentians.com\/es\/la-mision\/#easy-footnote-bottom-62-17951' title='SV IX, 380.'><sup>62<\/sup><\/a><\/span> En la Reglas de los misioneros, se\u00f1ala: \u00abAunque no podamos imitar del todo a Cristo, quien, adem\u00e1s de orar de d\u00eda, pasaba la noche en oraci\u00f3n, le imitaremos seg\u00fan lo permita nuestra debilidad\u00bb.<span id='easy-footnote-63-17951' class='easy-footnote-margin-adjust'><\/span><span class='easy-footnote'><a href='http:\/\/vincentians.com\/es\/la-mision\/#easy-footnote-bottom-63-17951' title='RC X, 7.'><sup>63<\/sup><\/a><\/span>\n<p>Vicente est\u00e1 absolutamente convencido de la importancia de la uni\u00f3n entre la acci\u00f3n y la contemplaci\u00f3n que \u00e9l ve en Cristo. Dice a sus seguidores que la estabilidad vocacional y la vitalidad permanente de sus obras depende de la oraci\u00f3n.<span id='easy-footnote-64-17951' class='easy-footnote-margin-adjust'><\/span><span class='easy-footnote'><a href='http:\/\/vincentians.com\/es\/la-mision\/#easy-footnote-bottom-64-17951' title='SV XI, 778.'><sup>64<\/sup><\/a><\/span> El esp\u00edritu misionero, por consiguiente, implica ser, con las palabras de las Constituciones y seg\u00fan el ejemplo del mismo San Vicente, \u00abcontemplativo en la acci\u00f3n y ap\u00f3stol en la oraci\u00f3n\u00bb.<span id='easy-footnote-65-17951' class='easy-footnote-margin-adjust'><\/span><span class='easy-footnote'><a href='http:\/\/vincentians.com\/es\/la-mision\/#easy-footnote-bottom-65-17951' title='C. 42.'><sup>65<\/sup><\/a><\/span> Para San Vicente, este es el \u00fanico camino para la efectividad apost\u00f3lica: \u00abBien, pongamos mucho inter\u00e9s en esta pr\u00e1ctica de la oraci\u00f3n, ya que por ella nos vienen todos los bienes. Si perseveramos en nuestra vocaci\u00f3n, es gracias a la oraci\u00f3n; si tenemos \u00e9xito en nuestras tareas, es gracias a la oraci\u00f3n, si no caemos en el pecado, es gracias a la oraci\u00f3n, si permanecemos en la caridad, si nos salvamos, todo esto es gracias a Dios y a la oraci\u00f3n\u00bb.<span id='easy-footnote-66-17951' class='easy-footnote-margin-adjust'><\/span><span class='easy-footnote'><a href='http:\/\/vincentians.com\/es\/la-mision\/#easy-footnote-bottom-66-17951' title='SV XI, 285.'><sup>66<\/sup><\/a><\/span>\n<h3>2. <em>Su caridad hacia el pr\u00f3jimo<\/em><\/h3>\n<p>El amor de los misioneros debe ser a la vez \u00abafectivo y efectivo\u00bb.<span id='easy-footnote-67-17951' class='easy-footnote-margin-adjust'><\/span><span class='easy-footnote'><a href='http:\/\/vincentians.com\/es\/la-mision\/#easy-footnote-bottom-67-17951' title='SV IX, 432, 533, 540, XI, 733.'><sup>67<\/sup><\/a><\/span> Su ministerio a los pobres debe ser \u00abespiritual y corporal\u00bb.<span id='easy-footnote-68-17951' class='easy-footnote-margin-adjust'><\/span><span class='easy-footnote'><a href='http:\/\/vincentians.com\/es\/la-mision\/#easy-footnote-bottom-68-17951' title='SV IX, 73, 533, XI, 253.'><sup>68<\/sup><\/a><\/span> La visi\u00f3n de San Vicente sobre la actividad evangelizadora de Jes\u00fas es muy amplia.<span id='easy-footnote-69-17951' class='easy-footnote-margin-adjust'><\/span><span class='easy-footnote'><a href='http:\/\/vincentians.com\/es\/la-mision\/#easy-footnote-bottom-69-17951' title='Cf. &lt;em&gt;Evangelii Nuntiandi&lt;\/em&gt; 30-39; Congregazione per la Dottrina della Fede, &lt;em&gt;Instruzione su &lt;\/em&gt;\u00ab&lt;em&gt;Libert\u00e0 cristiana e liberazione,\u00bb &lt;\/em&gt;(Marzo 22, 1986) 99. Aunque Vicente era muy consciente de la necesidad de enfrentarse a los problemas sociales de su tiempo con soluciones estructuradas (ej. por medio de las sociedades que fund\u00f3) sin embargo, \u00e9l, como la mayor\u00eda de sus contempor\u00e1neos, no ten\u00eda conciencia de lo que podemos llamar \u00abestructuras sociales pecaminosas\u00bb. En general, aceptaba el orden pol\u00edtico y social existente (como hizo San Pablo, por ejemplo, referente a la esclavitud). Sin embargo, en este contexto \u00e9l vio la necesidad de la acci\u00f3n pol\u00edtica al atender a las necesidades de los pobres y us\u00f3 su influencia en la corte y en el Consejo de Conciencia con este fin. Cf. Luigi Mezzadri, &lt;em&gt;San Vincenzo de Paul&lt;\/em&gt; (Edizioni Paoline: Milan, 1986) 69-79, 83-86.'><sup>69<\/sup><\/a><\/span> Esto est\u00e1 muy claro en el mandato que da a los diversos grupos por \u00e9l fundados: las Cofrad\u00edas de la Caridad, la Congregaci\u00f3n de la Misi\u00f3n, y las Hijas de la Caridad. Hoy, la uni\u00f3n entre evangelizaci\u00f3n y promoci\u00f3n humana, tan del esp\u00edritu de san Vicente, es uno de los ejes principales de la ense\u00f1anza social de la Iglesia.<span id='easy-footnote-70-17951' class='easy-footnote-margin-adjust'><\/span><span class='easy-footnote'><a href='http:\/\/vincentians.com\/es\/la-mision\/#easy-footnote-bottom-70-17951' title='Cf. S\u00ednodo de los Obispos, 1971, &lt;em&gt;Justicia en el Mundo, &lt;\/em&gt;en AAS LXIII (1971) 924: \u00ab&amp;#8230;acci\u00f3n en favor de la justicia y participaci\u00f3n en la transformaci\u00f3n del mundo son elementos integrales en la predicaci\u00f3n del evangelio\u00bb. Cf. tambi\u00e9n &lt;em&gt;Centesimus Annus, 5.&lt;\/em&gt;'><sup>70<\/sup><\/a><\/span>\n<p>Pero el \u00abmodo Vicenciano\u00bb de amar tiene tambi\u00e9n sus caracter\u00edsticas especiales. San Vicente se\u00f1ala que, en la evangelizaci\u00f3n de los pobres, los misioneros deben sobresalir por las cinco virtudes:<span id='easy-footnote-71-17951' class='easy-footnote-margin-adjust'><\/span><span class='easy-footnote'><a href='http:\/\/vincentians.com\/es\/la-mision\/#easy-footnote-bottom-71-17951' title='SV XI, 586: \u00abEsa es la fuerza y el poder de las m\u00e1ximas evang\u00e9licas, entre las cuales -ya que son muchas en n\u00famero- he escogido especialmente las que son m\u00e1s propias del misionero\u00bb Adem\u00e1s mirando a los acontecimientos de la vida de Jes\u00fas, San Vicente ve en el Nuevo Testamento una serie de m\u00e1ximas o dichos, de los que Jes\u00fas es el \u00abautor\u00bb. Pide a sus seguidores hacer lo que Jes\u00fas hizo y practicar lo que ense\u00f1\u00f3, ya mand\u00e1ndolo directamente o a trav\u00e9s de estas m\u00e1ximas.'><sup>71<\/sup><\/a><\/span> sencillez, humildad, mansedumbre, mortificaci\u00f3n y celo.<\/p>\n<p>En la conferencia del 2 de Agosto de 1659, San Vicente dice a los miembros de la Congregaci\u00f3n de la Misi\u00f3n que estas virtudes deben ser \u00ablas potencias del alma de la Congregaci\u00f3n entera\u00bb.<span id='easy-footnote-72-17951' class='easy-footnote-margin-adjust'><\/span><span class='easy-footnote'><a href='http:\/\/vincentians.com\/es\/la-mision\/#easy-footnote-bottom-72-17951' title='RC II, 14; SV XI, 591.'><sup>72<\/sup><\/a><\/span> En las conferencias a las Hijas de la Caridad, se centra en l\u00f2a sencillez y en la humildad, adem\u00e1s de en la caridad. Estas virtudes misioneras son tan importantes que se puede dedicar todo un art\u00edculo a cada una.<span id='easy-footnote-73-17951' class='easy-footnote-margin-adjust'><\/span><span class='easy-footnote'><a href='http:\/\/vincentians.com\/es\/la-mision\/#easy-footnote-bottom-73-17951' title='Para obtener una interesante informaci\u00f3n sobre este tema, as\u00ed como para una m\u00e1s amplia bibliograf\u00eda, el lector puede consultar: J.P. Renouard. \u00abL&amp;#8217;Esprit de la Congr\u00e9gation: Les Vertus Fondamentales,\u00bb &lt;em&gt;Vincentiana XXVIII &lt;\/em&gt;(1984) 599-615; cf. tambi\u00e9n T. Davitt, \u00abThe Five Charateristic Virtues\u00bb, &lt;em&gt;Colloque &lt;\/em&gt;XIV (Oto\u00f1o 1986) 109-120. Cf. tambi\u00e9n Christian Sens, \u00abComme Pr\u00eatre Missionaire\u00bb, en &lt;em&gt;Monsieur Vincent, T\u00e9moin de L&amp;#8217;Evangile &lt;\/em&gt; (Toulouse, 1990) 133-151, esp. 140f; R.P. Maloney, \u00abLas cinco virtudes caracter\u00edsticas, ayer y hoy, en \u00abEl Camino de Vicente de Pa\u00fal\u00bb CEME 1993. Cf. tambi\u00e9n B. H\u00e4ring, &lt;em&gt;Timely and Untimely Virtues&lt;\/em&gt; (Londres: St. Paul&amp;#8217;s, 1993).'><sup>73<\/sup><\/a><\/span> Aqu\u00ed, las tratar\u00e9 s\u00f3lo brevemente, como San Vicente las vio en Cristo y como las propuso a quienes entregaban sus vidas a Dios en el servicio a los pobres.<\/p>\n<h4>a. <em>Sencillez<\/em><\/h4>\n<p>Jes\u00fas,<span id='easy-footnote-74-17951' class='easy-footnote-margin-adjust'><\/span><span class='easy-footnote'><a href='http:\/\/vincentians.com\/es\/la-mision\/#easy-footnote-bottom-74-17951' title='SV IV, 451.'><sup>74<\/sup><\/a><\/span> el misionero del Padre, es absolutamente sencillo. Dice la verdad.<span id='easy-footnote-75-17951' class='easy-footnote-margin-adjust'><\/span><span class='easy-footnote'><a href='http:\/\/vincentians.com\/es\/la-mision\/#easy-footnote-bottom-75-17951' title='RC II, 4; SV XI, 463.'><sup>75<\/sup><\/a><\/span> Dice las cosas llanamente como son,<span id='easy-footnote-76-17951' class='easy-footnote-margin-adjust'><\/span><span class='easy-footnote'><a href='http:\/\/vincentians.com\/es\/la-mision\/#easy-footnote-bottom-76-17951' title='SV I, 200.'><sup>76<\/sup><\/a><\/span> sin ocultar o esconder nada.<span id='easy-footnote-77-17951' class='easy-footnote-margin-adjust'><\/span><span class='easy-footnote'><a href='http:\/\/vincentians.com\/es\/la-mision\/#easy-footnote-bottom-77-17951' title='SV, I, 310.'><sup>77<\/sup><\/a><\/span> Con la mira puesta s\u00f3lo en Dios.<span id='easy-footnote-78-17951' class='easy-footnote-margin-adjust'><\/span><span class='easy-footnote'><a href='http:\/\/vincentians.com\/es\/la-mision\/#easy-footnote-bottom-78-17951' title='RC II, 4; SV I,'><sup>78<\/sup><\/a><\/span> San Vicente est\u00e1 tan convencido de la importancia de la sencillez, como \u00e9l la ve en Jes\u00fas, y la llama \u00abmi evangelio\u00bb<span id='easy-footnote-79-17951' class='easy-footnote-margin-adjust'><\/span><span class='easy-footnote'><a href='http:\/\/vincentians.com\/es\/la-mision\/#easy-footnote-bottom-79-17951' title='SV IX, 546.'><sup>79<\/sup><\/a><\/span> \u00abla virtud que m\u00e1s amo\u00bb.<span id='easy-footnote-80-17951' class='easy-footnote-margin-adjust'><\/span><span class='easy-footnote'><a href='http:\/\/vincentians.com\/es\/la-mision\/#easy-footnote-bottom-80-17951' title='SV I, 310.'><sup>80<\/sup><\/a><\/span> \u00ab\u00bfSaben Vds. d\u00f3nde mora el Se\u00f1or?\u00bb pregunta. \u00abEn los sencillos de coraz\u00f3n\u00bb.<span id='easy-footnote-81-17951' class='easy-footnote-margin-adjust'><\/span><span class='easy-footnote'><a href='http:\/\/vincentians.com\/es\/la-mision\/#easy-footnote-bottom-81-17951' title='SV X, 726.'><sup>81<\/sup><\/a><\/span>\n<p>Hoy, igual que en el tiempo de San Vicente, sencillez significa decir la verdad. Es una cualidad important\u00edsima para el misionero. Es tambi\u00e9n una disciplina dif\u00edcil, especialmente cuando nuestra comodidad est\u00e1 en juego o cuando la verdad es humillante. Pero tal autenticidad, o transparencia, es muy atractiva al hombre y a la mujer modernos a quienes estamos llamados a servir.<\/p>\n<p>La sencillez tiene tambi\u00e9n algunos significados relacionados. Incluye testimonio de la verdad, o de la autenticidad personal que hace que la vida del misionero est\u00e9 de acuerdo con sus palabras. Lleva consigo la b\u00fasqueda de la verdad como un caminante, m\u00e1s bien que como posey\u00e9ndola como \u00abdue\u00f1o\u00bb. Como en tiempos de San Vicente, la sencillez significa tambi\u00e9n pureza de intenci\u00f3n, practicar la verdad con obras de justicia y caridad, desarrollando un estilo de vida sencillo y usando un lenguaje sencillo, especialmente en la predicaci\u00f3n.<\/p>\n<h4>b <em> Humildad<\/em><\/h4>\n<p>Jes\u00fas,<span id='easy-footnote-82-17951' class='easy-footnote-margin-adjust'><\/span><span class='easy-footnote'><a href='http:\/\/vincentians.com\/es\/la-mision\/#easy-footnote-bottom-82-17951' title='SV XI, 745.'><sup>82<\/sup><\/a><\/span> el misionero del Padre, nos ense\u00f1a la humildad \u00abcon su palabra y ejemplo\u00bb.<span id='easy-footnote-83-17951' class='easy-footnote-margin-adjust'><\/span><span class='easy-footnote'><a href='http:\/\/vincentians.com\/es\/la-mision\/#easy-footnote-bottom-83-17951' title='RC II,7.'><sup>83<\/sup><\/a><\/span> La humildad incluye nuestro reconocimiento de que todo el bien viene de Dios.<span id='easy-footnote-84-17951' class='easy-footnote-margin-adjust'><\/span><span class='easy-footnote'><a href='http:\/\/vincentians.com\/es\/la-mision\/#easy-footnote-bottom-84-17951' title='RC I, 235.'><sup>84<\/sup><\/a><\/span> Lleva consigo un reconocimiento de nuestra peque\u00f1ez y nuestras faltas,<span id='easy-footnote-85-17951' class='easy-footnote-margin-adjust'><\/span><span class='easy-footnote'><a href='http:\/\/vincentians.com\/es\/la-mision\/#easy-footnote-bottom-85-17951' title='RC II, 7.'><sup>85<\/sup><\/a><\/span> acompa\u00f1ados de una gran confianza en Dios.<span id='easy-footnote-86-17951' class='easy-footnote-margin-adjust'><\/span><span class='easy-footnote'><a href='http:\/\/vincentians.com\/es\/la-mision\/#easy-footnote-bottom-86-17951' title='SV III, 256, V, 152.'><sup>86<\/sup><\/a><\/span> Vicente urge a los misioneros a contemplar \u00abese admirable original de la humildad, Nuestro Se\u00f1or Jesucristo\u00bb.<span id='easy-footnote-87-17951' class='easy-footnote-margin-adjust'><\/span><span class='easy-footnote'><a href='http:\/\/vincentians.com\/es\/la-mision\/#easy-footnote-bottom-87-17951' title='SV XI, 274.'><sup>87<\/sup><\/a><\/span> \u00c9l se maravillaba de c\u00f3mo el Hijo de Dios \u00abse anonad\u00f3 a s\u00ed mismo\u00bb (Fil 2, 7).<span id='easy-footnote-88-17951' class='easy-footnote-margin-adjust'><\/span><span class='easy-footnote'><a href='http:\/\/vincentians.com\/es\/la-mision\/#easy-footnote-bottom-88-17951' title='SV XI, 411.'><sup>88<\/sup><\/a><\/span>\n<p>Hoy, como en tiempos de San Vicente, la humildad es reconocer nuestra condici\u00f3n de criaturas y de redimidas, ambos dones del amor de Dios. Se demuestra en nuestra gratitud por los dones, viendo todo como gracia. La humildad se concretiza en el misionero en su \u00abactitud de siervo\u00bb, su deseo de llevar a cabo incluso tareas serviles al servicio de los pobres. Se manifiesta tambi\u00e9n en nuestro deseo de ser evangelizados por los pobres que, como dice San Vicente, son \u00abnuestros se\u00f1ores y maestros\u00bb.<\/p>\n<h4>c. <em> Mansedumbre<\/em><\/h4>\n<p>Jes\u00fas mismo nos dice que es manso, escribe San Vicente.<span id='easy-footnote-89-17951' class='easy-footnote-margin-adjust'><\/span><span class='easy-footnote'><a href='http:\/\/vincentians.com\/es\/la-mision\/#easy-footnote-bottom-89-17951' title='RC II, 6.'><sup>89<\/sup><\/a><\/span> Para San Vicente esta virtud misionera consiste en la habilidad de controlar los movimientos de c\u00f3lera,<span id='easy-footnote-90-17951' class='easy-footnote-margin-adjust'><\/span><span class='easy-footnote'><a href='http:\/\/vincentians.com\/es\/la-mision\/#easy-footnote-bottom-90-17951' title='SV XI, 475.'><sup>90<\/sup><\/a><\/span> reprimi\u00e9ndolos y encontrando medios para expresarlos apropiadamente<span id='easy-footnote-91-17951' class='easy-footnote-margin-adjust'><\/span><span class='easy-footnote'><a href='http:\/\/vincentians.com\/es\/la-mision\/#easy-footnote-bottom-91-17951' title='SV XI, 476.'><sup>91<\/sup><\/a><\/span>, basados en el amor.<span id='easy-footnote-92-17951' class='easy-footnote-margin-adjust'><\/span><span class='easy-footnote'><a href='http:\/\/vincentians.com\/es\/la-mision\/#easy-footnote-bottom-92-17951' title='SV XI, 477.'><sup>92<\/sup><\/a><\/span>\n<p>Hoy, como en tiempos de San Vicente, la mansedumbre permite al misionero controlar la c\u00f3lera positivamente. Al ser la c\u00f3lera una energ\u00eda natural que emerge espont\u00e1neamente en nosotros cuando percibimos algo malo, se puede ser usar bien o mal. Quienes se dedican al servicio del evangelio sienten el ambiguo poder de la c\u00f3lera, igual que todos los dem\u00e1s hombres y mujeres. Pero San Vicente nos asegura que la c\u00f3lera puede ser transformada y expresada positivamente. Su propia indignaci\u00f3n ante la suerte de los pobres fue una fuerza poderosa para llevarle a establecer las Cofrad\u00edas de la Caridad, los Misioneros y las Hijas de la Caridad.<\/p>\n<p>San Vicente est\u00e1 convencido de que los mansos son accesibles y amables.<span id='easy-footnote-93-17951' class='easy-footnote-margin-adjust'><\/span><span class='easy-footnote'><a href='http:\/\/vincentians.com\/es\/la-mision\/#easy-footnote-bottom-93-17951' title='SV XI, 477.'><sup>93<\/sup><\/a><\/span> Saben c\u00f3mo combinar el amor y la firmeza.<span id='easy-footnote-94-17951' class='easy-footnote-margin-adjust'><\/span><span class='easy-footnote'><a href='http:\/\/vincentians.com\/es\/la-mision\/#easy-footnote-bottom-94-17951' title='SV VII, 198.'><sup>94<\/sup><\/a><\/span> El 1 de Noviembre de 1637 escribe a Santa Luisa de Marillac: \u00abSi la dulzura de su esp\u00edritu necesita un poco de vinagre, p\u00eddale prestado un poco de su esp\u00edritu a Nuestro Se\u00f1or. \u00a1Oh, se\u00f1orita, qu\u00e9 bien sab\u00eda \u00c9l buscar el agridulce cuando era menester\u00bb.<span id='easy-footnote-95-17951' class='easy-footnote-margin-adjust'><\/span><span class='easy-footnote'><a href='http:\/\/vincentians.com\/es\/la-mision\/#easy-footnote-bottom-95-17951' title='SV I, 408.'><sup>95<\/sup><\/a><\/span>\n<p>El ejemplo de San Vicente nos demuestra tambi\u00e9n que el misionero puede crecer y desarrollar en s\u00ed la mansedumbre y la cercan\u00eda. \u00c9l confiesa que su natural era serio, pero que \u00abme dirig\u00ed a Dios pidi\u00e9ndole insistentemente que cambiara mi humor seco y repulsivo, y me diera un car\u00e1cter manso y benigno; y por la gracia de Nuestro Se\u00f1or, con un poco de atenci\u00f3n que puse por mi parte para reprimir los hervores de la naturaleza, he quitado un poco de mi humor negro\u00bb.<span id='easy-footnote-96-17951' class='easy-footnote-margin-adjust'><\/span><span class='easy-footnote'><a href='http:\/\/vincentians.com\/es\/la-mision\/#easy-footnote-bottom-96-17951' title='Abelly III, 667.'><sup>96<\/sup><\/a><\/span>\n<h4><em>d. Mortificaci\u00f3n<\/em><\/h4>\n<p>Jes\u00fas es el ejemplo de sacrificio para el misionero. \u00abPadres, tengamos siempre este ejemplo antes nuestros ojos y no perdamos nunca de vista la mortificaci\u00f3n de Nuestro Se\u00f1or, ya que estamos obligados a mortificarnos, para poder seguirle\u00bb.<span id='easy-footnote-97-17951' class='easy-footnote-margin-adjust'><\/span><span class='easy-footnote'><a href='http:\/\/vincentians.com\/es\/la-mision\/#easy-footnote-bottom-97-17951' title='SV XI, 524.'><sup>97<\/sup><\/a><\/span> Vicente define la mortificaci\u00f3n o sacrificio, como la sujeci\u00f3n de la pasi\u00f3n a la raz\u00f3n.<span id='easy-footnote-98-17951' class='easy-footnote-margin-adjust'><\/span><span class='easy-footnote'><a href='http:\/\/vincentians.com\/es\/la-mision\/#easy-footnote-bottom-98-17951' title='SV X, 694.'><sup>98<\/sup><\/a><\/span> Tiene un lugar prominente en sus conferencias, donde la describe con bastante detalle.<span id='easy-footnote-99-17951' class='easy-footnote-margin-adjust'><\/span><span class='easy-footnote'><a href='http:\/\/vincentians.com\/es\/la-mision\/#easy-footnote-bottom-99-17951' title='SV IX, 41, 699, 770, 846, 848, 874, 968; XI, 514.'><sup>99<\/sup><\/a><\/span> Para motivar a los misioneros a practicarla, cita diferentes pasajes del Nuevo Testamento que la recomiendan.<span id='easy-footnote-100-17951' class='easy-footnote-margin-adjust'><\/span><span class='easy-footnote'><a href='http:\/\/vincentians.com\/es\/la-mision\/#easy-footnote-bottom-100-17951' title='Cf. SV IX, 169; XI 771, 967.'><sup>100<\/sup><\/a><\/span>\n<p>Hoy la mortificaci\u00f3n tiende a ser incomprendida, y en consecuencia es bastante impopular, quiz\u00e1s debido a la presentaci\u00f3n err\u00f3nea que de ella han hecho muchos escritores de espiritualidad. Pero es un valor misionero muy importante. El \u00abascetismo funcional\u00bb contempor\u00e1neo<span id='easy-footnote-101-17951' class='easy-footnote-margin-adjust'><\/span><span class='easy-footnote'><a href='http:\/\/vincentians.com\/es\/la-mision\/#easy-footnote-bottom-101-17951' title='K. Rahner, &lt;em&gt;Theological Investigations III, 54.&lt;\/em&gt;'><sup>101<\/sup><\/a><\/span> acent\u00faa que la mortificaci\u00f3n es el renunciamiento a una cosa buena por otra. Lleva consigo la definici\u00f3n de nuestras metas misioneras y canaliza nuestras limitadas energ\u00edas hacia ellas. Concretamente, puede llevar consigo cosas como: responder prontamente a las llamadas de la comunidad, particularmente al aceptar una misi\u00f3n; ser fiel a las exigencias de la misi\u00f3n d\u00e1ndoles preferencia cuando est\u00e9n en conflicto con otros fines m\u00e1s agradables; trabajando intensamente al servicio de los pobres; levant\u00e1ndose prontamente por la ma\u00f1ana para favorecer la oraci\u00f3n comunitaria; ser desprendido en obtener o aceptar las cosas materiales; ser moderado en el comer y beber; tener un sentido cr\u00edtico en el uso de la televisi\u00f3n, la radio, el cine y otros medios; refrenarse en decir palabras cr\u00edticas o que dividan; no pedir privilegios; buscar estar con quienes son menos agradables al igual que con quienes nos sentimos m\u00e1s atra\u00eddos; dar generosamente nuestro tiempo para tomar parte en procesos de toma de decisiones.<\/p>\n<h4>e.<em> Celo<\/em><\/h4>\n<p>El celo es el amor ardiente del misionero que colma el coraz\u00f3n de Jes\u00fas. \u00abPid\u00e1mosle a Dios que d\u00e9 a la compa\u00f1\u00eda ese esp\u00edritu, ese coraz\u00f3n que nos hace ir a cualquier parte, ese coraz\u00f3n del Hijo de Dios, el coraz\u00f3n de nuestro Se\u00f1or&#8230;\u00bb<span id='easy-footnote-102-17951' class='easy-footnote-margin-adjust'><\/span><span class='easy-footnote'><a href='http:\/\/vincentians.com\/es\/la-mision\/#easy-footnote-bottom-102-17951' title='SV XI, 190.'><sup>102<\/sup><\/a><\/span> Ese fuego permite a los misioneros ir a todas las partes y hacer cualquier cosa.<span id='easy-footnote-103-17951' class='easy-footnote-margin-adjust'><\/span><span class='easy-footnote'><a href='http:\/\/vincentians.com\/es\/la-mision\/#easy-footnote-bottom-103-17951' title='SV XI, 123. \u00abSi, la Misi\u00f3n lo puede todo, porque tenemos en nosotros el germen de la omnipotencia de Jesucristo&amp;#8230;\u00bb'><sup>103<\/sup><\/a><\/span> El lema de la misi\u00f3n de las Hijas de la Caridad es \u00abEl amor de Cristo nos apremia\u00bb.<span id='easy-footnote-104-17951' class='easy-footnote-margin-adjust'><\/span><span class='easy-footnote'><a href='http:\/\/vincentians.com\/es\/la-mision\/#easy-footnote-bottom-104-17951' title='2 Cor 5, 14.'><sup>104<\/sup><\/a><\/span>\n<p>El celo es la virtud de la acci\u00f3n misionera. \u00abSi el amor de Dios es el fuego, el celo es la llama. Si el amor es el sol, el celo es sus rayos\u00bb.<span id='easy-footnote-105-17951' class='easy-footnote-margin-adjust'><\/span><span class='easy-footnote'><a href='http:\/\/vincentians.com\/es\/la-mision\/#easy-footnote-bottom-105-17951' title='SV XI, 590'><sup>105<\/sup><\/a><\/span> Aspira a \u00abextender el reino de Dios\u00bb.<span id='easy-footnote-106-17951' class='easy-footnote-margin-adjust'><\/span><span class='easy-footnote'><a href='http:\/\/vincentians.com\/es\/la-mision\/#easy-footnote-bottom-106-17951' title='SV XI, 590.'><sup>106<\/sup><\/a><\/span> Es amor pr\u00e1ctico. \u00abAmemos a Dios, hermanos m\u00edos\u00bb, dice San Vicente a los misioneros, \u00abAmemos a Dios, pero que sea a costa de nuestros brazos, que sea con el sudor de la frente. Pero muchas veces los actos de amor de Dios, de complacencia, de benevolencia, y otros semejantes afectos y pr\u00e1cticas interiores de un coraz\u00f3n amante, aunque muy buenos y deseables, resultan sin embargo muy sospechosos, cuando no se llega a la pr\u00e1ctica del amor efectivo\u00bb.<span id='easy-footnote-107-17951' class='easy-footnote-margin-adjust'><\/span><span class='easy-footnote'><a href='http:\/\/vincentians.com\/es\/la-mision\/#easy-footnote-bottom-107-17951' title='SV XI, 733.'><sup>107<\/sup><\/a><\/span>\n<p>El celo misionero se muestra hoy en la \u00abdisponibilidad\u00bb, un deseo de ir a cualquier parte en el servicio al evangelio. Es un amor que es \u00abinfinitamente inventivo\u00bb,<span id='easy-footnote-108-17951' class='easy-footnote-margin-adjust'><\/span><span class='easy-footnote'><a href='http:\/\/vincentians.com\/es\/la-mision\/#easy-footnote-bottom-108-17951' title='SV XI, 65.'><sup>108<\/sup><\/a><\/span> y por lo tanto creativo, perseverante, fiel. Como consecuencia, especialmente en estos tiempos de cambios r\u00e1pidos, el celo misionero est\u00e1 dispuesto a comprometerse en la formaci\u00f3n permanente a fin de adaptarse a nuevas obras, o a nuevas circunstancias, a nuevas \u00abedades\u00bb en la vida (como una \u00absegunda carrera\u00bb o \u00abretiro\u00bb). El celo, al ser contagioso y extenderse, se manifiesta como un entusiasmo en buscar otros trabajadores para la mies.<\/p>\n<p>Una \u00faltima palabra. La misi\u00f3n, si ha de permanecer completamente viva, debe por una parte estar firmemente enraizada en la tradici\u00f3n Vicenciana y a la vez renovarse e inculturarse continuamente en cada \u00e9poca hist\u00f3rica. Las formas concretas con que se presente la misi\u00f3n pueden, y a veces deben, variar profundamente de edad en edad. Por esta raz\u00f3n la Congregaci\u00f3n, con una meditaci\u00f3n colmada de fe en los evangelios y una creatividad atenta a las necesidades de los pobres y de aquellos que les sirven, debe permanecer en un estado de renovaci\u00f3n continua.<span id='easy-footnote-109-17951' class='easy-footnote-margin-adjust'><\/span><span class='easy-footnote'><a href='http:\/\/vincentians.com\/es\/la-mision\/#easy-footnote-bottom-109-17951' title='C 2.'><sup>109<\/sup><\/a><\/span>\n","protected":false},"excerpt":{"rendered":"<p>Nuestro nombre es \u00abCongregaci\u00f3n de la Misi\u00f3n\u00bb. San Vicente nos dice que el uso popular, \u00abreflejando el benepl\u00e1cito de la Providencia\u00bb, nos lo ha dado. El nombre evidencia nuestra vocaci\u00f3n, somos misioneros. Es importante se\u00f1alar &#8230; <a href=\"http:\/\/vincentians.com\/es\/la-mision\/\" class=\"more-link\">Read More<\/a><\/p>\n","protected":false},"author":4,"featured_media":400013,"comment_status":"open","ping_status":"open","sticky":false,"template":"","format":"standard","meta":{"jetpack_post_was_ever_published":false,"_jetpack_newsletter_access":"","_jetpack_dont_email_post_to_subs":false,"_jetpack_newsletter_tier_id":0,"_jetpack_memberships_contains_paywalled_content":false,"_jetpack_memberships_contains_paid_content":false,"footnotes":"","jetpack_publicize_message":"","jetpack_publicize_feature_enabled":true,"jetpack_social_post_already_shared":true,"jetpack_social_options":{"image_generator_settings":{"template":"highway","default_image_id":0,"font":"","enabled":false},"version":2}},"categories":[16,28],"tags":[218,230,168,177,176,147],"class_list":["post-17951","post","type-post","status-publish","format-standard","has-post-thumbnail","hentry","category-congregacion-de-la-mision","category-formacion-vicenciana","tag-abelly","tag-almeras","tag-argel","tag-jolly","tag-misiones-populares","tag-santo-domingo"],"yoast_head":"<!-- This site is optimized with the Yoast SEO plugin v26.3 - https:\/\/yoast.com\/wordpress\/plugins\/seo\/ -->\n<title>La Misi\u00f3n - Somos Vicencianos<\/title>\n<meta name=\"robots\" content=\"index, follow, max-snippet:-1, max-image-preview:large, max-video-preview:-1\" \/>\n<link rel=\"canonical\" href=\"http:\/\/vincentians.com\/es\/la-mision\/\" \/>\n<meta property=\"og:locale\" content=\"es_ES\" \/>\n<meta property=\"og:type\" content=\"article\" \/>\n<meta property=\"og:title\" content=\"La Misi\u00f3n - Somos Vicencianos\" \/>\n<meta property=\"og:description\" content=\"Nuestro nombre es \u00abCongregaci\u00f3n de la Misi\u00f3n\u00bb. San Vicente nos dice que el uso popular, \u00abreflejando el benepl\u00e1cito de la Providencia\u00bb, nos lo ha dado. El nombre evidencia nuestra vocaci\u00f3n, somos misioneros. Es importante se\u00f1alar ... Read More\" \/>\n<meta property=\"og:url\" content=\"http:\/\/vincentians.com\/es\/la-mision\/\" \/>\n<meta property=\"og:site_name\" content=\"Somos Vicencianos\" \/>\n<meta property=\"article:publisher\" content=\"https:\/\/www.facebook.com\/WeAreVincentians\/\" \/>\n<meta property=\"article:author\" content=\"https:\/\/www.facebook.com\/JavierChento\" \/>\n<meta property=\"article:published_time\" content=\"2018-05-15T06:00:02+00:00\" \/>\n<meta property=\"og:image\" content=\"https:\/\/i0.wp.com\/vincentians.com\/es\/wp-content\/uploads\/sites\/11\/2015\/04\/tres-descubrimientos-de-Vicente-de-Paul.jpg?fit=1200%2C630\" \/>\n\t<meta property=\"og:image:width\" content=\"1200\" \/>\n\t<meta property=\"og:image:height\" content=\"630\" \/>\n\t<meta property=\"og:image:type\" content=\"image\/jpeg\" \/>\n<meta name=\"author\" content=\"Francisco Javier Fern\u00e1ndez Chento\" \/>\n<meta name=\"twitter:card\" content=\"summary_large_image\" \/>\n<meta name=\"twitter:creator\" content=\"@https:\/\/twitter.com\/javierchento\" \/>\n<meta name=\"twitter:site\" content=\"@WeVincentians\" \/>\n<meta name=\"twitter:label1\" content=\"Escrito por\" \/>\n\t<meta name=\"twitter:data1\" content=\"Francisco Javier Fern\u00e1ndez Chento\" \/>\n\t<meta name=\"twitter:label2\" content=\"Tiempo de lectura\" \/>\n\t<meta name=\"twitter:data2\" content=\"40 minutos\" \/>\n<script type=\"application\/ld+json\" class=\"yoast-schema-graph\">{\"@context\":\"https:\/\/schema.org\",\"@graph\":[{\"@type\":\"Article\",\"@id\":\"http:\/\/vincentians.com\/es\/la-mision\/#article\",\"isPartOf\":{\"@id\":\"http:\/\/vincentians.com\/es\/la-mision\/\"},\"author\":{\"name\":\"Francisco Javier Fern\u00e1ndez Chento\",\"@id\":\"http:\/\/vincentians.com\/es\/#\/schema\/person\/9623ef4d9aa3b2dfb8c061f1499288f2\"},\"headline\":\"La Misi\u00f3n\",\"datePublished\":\"2018-05-15T06:00:02+00:00\",\"mainEntityOfPage\":{\"@id\":\"http:\/\/vincentians.com\/es\/la-mision\/\"},\"wordCount\":7939,\"commentCount\":0,\"publisher\":{\"@id\":\"http:\/\/vincentians.com\/es\/#organization\"},\"image\":{\"@id\":\"http:\/\/vincentians.com\/es\/la-mision\/#primaryimage\"},\"thumbnailUrl\":\"https:\/\/i0.wp.com\/vincentians.com\/es\/wp-content\/uploads\/sites\/11\/2015\/04\/tres-descubrimientos-de-Vicente-de-Paul.jpg?fit=1200%2C630\",\"keywords\":[\"Abelly\",\"Almer\u00e1s\",\"Argel\",\"Jolly\",\"Misiones Populares\",\"Santo Domingo\"],\"articleSection\":[\"Congregaci\u00f3n de la Misi\u00f3n\",\"Formaci\u00f3n Vicenciana\"],\"inLanguage\":\"es\",\"potentialAction\":[{\"@type\":\"CommentAction\",\"name\":\"Comment\",\"target\":[\"http:\/\/vincentians.com\/es\/la-mision\/#respond\"]}]},{\"@type\":\"WebPage\",\"@id\":\"http:\/\/vincentians.com\/es\/la-mision\/\",\"url\":\"http:\/\/vincentians.com\/es\/la-mision\/\",\"name\":\"La Misi\u00f3n - Somos Vicencianos\",\"isPartOf\":{\"@id\":\"http:\/\/vincentians.com\/es\/#website\"},\"primaryImageOfPage\":{\"@id\":\"http:\/\/vincentians.com\/es\/la-mision\/#primaryimage\"},\"image\":{\"@id\":\"http:\/\/vincentians.com\/es\/la-mision\/#primaryimage\"},\"thumbnailUrl\":\"https:\/\/i0.wp.com\/vincentians.com\/es\/wp-content\/uploads\/sites\/11\/2015\/04\/tres-descubrimientos-de-Vicente-de-Paul.jpg?fit=1200%2C630\",\"datePublished\":\"2018-05-15T06:00:02+00:00\",\"breadcrumb\":{\"@id\":\"http:\/\/vincentians.com\/es\/la-mision\/#breadcrumb\"},\"inLanguage\":\"es\",\"potentialAction\":[{\"@type\":\"ReadAction\",\"target\":[\"http:\/\/vincentians.com\/es\/la-mision\/\"]}]},{\"@type\":\"ImageObject\",\"inLanguage\":\"es\",\"@id\":\"http:\/\/vincentians.com\/es\/la-mision\/#primaryimage\",\"url\":\"https:\/\/i0.wp.com\/vincentians.com\/es\/wp-content\/uploads\/sites\/11\/2015\/04\/tres-descubrimientos-de-Vicente-de-Paul.jpg?fit=1200%2C630\",\"contentUrl\":\"https:\/\/i0.wp.com\/vincentians.com\/es\/wp-content\/uploads\/sites\/11\/2015\/04\/tres-descubrimientos-de-Vicente-de-Paul.jpg?fit=1200%2C630\",\"width\":1200,\"height\":630},{\"@type\":\"BreadcrumbList\",\"@id\":\"http:\/\/vincentians.com\/es\/la-mision\/#breadcrumb\",\"itemListElement\":[{\"@type\":\"ListItem\",\"position\":1,\"name\":\"Portada\",\"item\":\"http:\/\/vincentians.com\/es\/\"},{\"@type\":\"ListItem\",\"position\":2,\"name\":\"La Misi\u00f3n\"}]},{\"@type\":\"WebSite\",\"@id\":\"http:\/\/vincentians.com\/es\/#website\",\"url\":\"http:\/\/vincentians.com\/es\/\",\"name\":\"Somos Vicencianos\",\"description\":\"Know more to serve more\",\"publisher\":{\"@id\":\"http:\/\/vincentians.com\/es\/#organization\"},\"potentialAction\":[{\"@type\":\"SearchAction\",\"target\":{\"@type\":\"EntryPoint\",\"urlTemplate\":\"http:\/\/vincentians.com\/es\/?s={search_term_string}\"},\"query-input\":{\"@type\":\"PropertyValueSpecification\",\"valueRequired\":true,\"valueName\":\"search_term_string\"}}],\"inLanguage\":\"es\"},{\"@type\":\"Organization\",\"@id\":\"http:\/\/vincentians.com\/es\/#organization\",\"name\":\"The Vincentian Network\",\"url\":\"http:\/\/vincentians.com\/es\/\",\"logo\":{\"@type\":\"ImageObject\",\"inLanguage\":\"es\",\"@id\":\"http:\/\/vincentians.com\/es\/#\/schema\/logo\/image\/\",\"url\":\"https:\/\/i1.wp.com\/vincentians.com\/es\/wp-content\/uploads\/sites\/11\/2016\/06\/Vincentian-Network-logo-big.png?fit=778%2C778\",\"contentUrl\":\"https:\/\/i1.wp.com\/vincentians.com\/es\/wp-content\/uploads\/sites\/11\/2016\/06\/Vincentian-Network-logo-big.png?fit=778%2C778\",\"width\":778,\"height\":778,\"caption\":\"The Vincentian Network\"},\"image\":{\"@id\":\"http:\/\/vincentians.com\/es\/#\/schema\/logo\/image\/\"},\"sameAs\":[\"https:\/\/www.facebook.com\/WeAreVincentians\/\",\"https:\/\/x.com\/WeVincentians\"]},{\"@type\":\"Person\",\"@id\":\"http:\/\/vincentians.com\/es\/#\/schema\/person\/9623ef4d9aa3b2dfb8c061f1499288f2\",\"name\":\"Francisco Javier Fern\u00e1ndez Chento\",\"image\":{\"@type\":\"ImageObject\",\"inLanguage\":\"es\",\"@id\":\"http:\/\/vincentians.com\/es\/#\/schema\/person\/image\/\",\"url\":\"https:\/\/secure.gravatar.com\/avatar\/497d5cde87b4c3d097d0315953521681ba2cd523ee66e5077c3711f7021e65de?s=96&d=mm&r=g\",\"contentUrl\":\"https:\/\/secure.gravatar.com\/avatar\/497d5cde87b4c3d097d0315953521681ba2cd523ee66e5077c3711f7021e65de?s=96&d=mm&r=g\",\"caption\":\"Francisco Javier Fern\u00e1ndez Chento\"},\"description\":\"Director General y cofundador de La Red de Formaci\u00f3n Vicenciana. Javier es laico vicenciano, afiliado a la Congregaci\u00f3n de la Misi\u00f3n y miembro del Equipo de Misiones Populares de la provincia can\u00f3nica de Zaragoza (Espa\u00f1a) de la Congregaci\u00f3n de la Misi\u00f3n. Graduado en la Universidad Oberta de Catalunya con cuatro grados (Asistente de direcci\u00f3n, Gesti\u00f3n Administrativa, Recursos Humanos y Contabilidad Avanzada). Bil\u00edng\u00fce Espa\u00f1ol\/Ingl\u00e9s. gestiona y mantiene varias p\u00e1ginas web cristianas y vicencianas, incluida including La Red de Formaci\u00f3n Vicenciana, de la que es cofundador. Actualmente es responsable del \u00e1rea de Espa\u00f1ol de .famvin, la Red de Noticias de la Familia Vicenciana. Tambi\u00e9n es m\u00fasico cat\u00f3lico y ha editado varios discos. Es Director General y cofundador de Trovador, una reconocida compa\u00f1\u00eda discogr\u00e1fica critiana de Espa\u00f1a. Trabaja en las Tecnolog\u00edas de la Informaci\u00f3n, ofreciendo servicios de alojamiento, dise\u00f1o y mantenimiento Web, as\u00ed como asesoramiento, formaci\u00f3n y soluciones inform\u00e1ticas, gesti\u00f3n documental y digitalizaci\u00f3n de textos, edici\u00f3n y maquetaci\u00f3n de libros, revistas, flyers, etc.\",\"sameAs\":[\"http:\/\/chento.org\",\"https:\/\/www.facebook.com\/JavierChento\",\"https:\/\/x.com\/https:\/\/twitter.com\/javierchento\"],\"url\":\"http:\/\/vincentians.com\/es\/author\/chento\/\"}]}<\/script>\n<!-- \/ Yoast SEO plugin. -->","yoast_head_json":{"title":"La Misi\u00f3n - Somos Vicencianos","robots":{"index":"index","follow":"follow","max-snippet":"max-snippet:-1","max-image-preview":"max-image-preview:large","max-video-preview":"max-video-preview:-1"},"canonical":"http:\/\/vincentians.com\/es\/la-mision\/","og_locale":"es_ES","og_type":"article","og_title":"La Misi\u00f3n - Somos Vicencianos","og_description":"Nuestro nombre es \u00abCongregaci\u00f3n de la Misi\u00f3n\u00bb. San Vicente nos dice que el uso popular, \u00abreflejando el benepl\u00e1cito de la Providencia\u00bb, nos lo ha dado. El nombre evidencia nuestra vocaci\u00f3n, somos misioneros. Es importante se\u00f1alar ... Read More","og_url":"http:\/\/vincentians.com\/es\/la-mision\/","og_site_name":"Somos Vicencianos","article_publisher":"https:\/\/www.facebook.com\/WeAreVincentians\/","article_author":"https:\/\/www.facebook.com\/JavierChento","article_published_time":"2018-05-15T06:00:02+00:00","og_image":[{"width":1200,"height":630,"url":"https:\/\/i0.wp.com\/vincentians.com\/es\/wp-content\/uploads\/sites\/11\/2015\/04\/tres-descubrimientos-de-Vicente-de-Paul.jpg?fit=1200%2C630","type":"image\/jpeg"}],"author":"Francisco Javier Fern\u00e1ndez Chento","twitter_card":"summary_large_image","twitter_creator":"@https:\/\/twitter.com\/javierchento","twitter_site":"@WeVincentians","twitter_misc":{"Escrito por":"Francisco Javier Fern\u00e1ndez Chento","Tiempo de lectura":"40 minutos"},"schema":{"@context":"https:\/\/schema.org","@graph":[{"@type":"Article","@id":"http:\/\/vincentians.com\/es\/la-mision\/#article","isPartOf":{"@id":"http:\/\/vincentians.com\/es\/la-mision\/"},"author":{"name":"Francisco Javier Fern\u00e1ndez Chento","@id":"http:\/\/vincentians.com\/es\/#\/schema\/person\/9623ef4d9aa3b2dfb8c061f1499288f2"},"headline":"La Misi\u00f3n","datePublished":"2018-05-15T06:00:02+00:00","mainEntityOfPage":{"@id":"http:\/\/vincentians.com\/es\/la-mision\/"},"wordCount":7939,"commentCount":0,"publisher":{"@id":"http:\/\/vincentians.com\/es\/#organization"},"image":{"@id":"http:\/\/vincentians.com\/es\/la-mision\/#primaryimage"},"thumbnailUrl":"https:\/\/i0.wp.com\/vincentians.com\/es\/wp-content\/uploads\/sites\/11\/2015\/04\/tres-descubrimientos-de-Vicente-de-Paul.jpg?fit=1200%2C630","keywords":["Abelly","Almer\u00e1s","Argel","Jolly","Misiones Populares","Santo Domingo"],"articleSection":["Congregaci\u00f3n de la Misi\u00f3n","Formaci\u00f3n Vicenciana"],"inLanguage":"es","potentialAction":[{"@type":"CommentAction","name":"Comment","target":["http:\/\/vincentians.com\/es\/la-mision\/#respond"]}]},{"@type":"WebPage","@id":"http:\/\/vincentians.com\/es\/la-mision\/","url":"http:\/\/vincentians.com\/es\/la-mision\/","name":"La Misi\u00f3n - Somos Vicencianos","isPartOf":{"@id":"http:\/\/vincentians.com\/es\/#website"},"primaryImageOfPage":{"@id":"http:\/\/vincentians.com\/es\/la-mision\/#primaryimage"},"image":{"@id":"http:\/\/vincentians.com\/es\/la-mision\/#primaryimage"},"thumbnailUrl":"https:\/\/i0.wp.com\/vincentians.com\/es\/wp-content\/uploads\/sites\/11\/2015\/04\/tres-descubrimientos-de-Vicente-de-Paul.jpg?fit=1200%2C630","datePublished":"2018-05-15T06:00:02+00:00","breadcrumb":{"@id":"http:\/\/vincentians.com\/es\/la-mision\/#breadcrumb"},"inLanguage":"es","potentialAction":[{"@type":"ReadAction","target":["http:\/\/vincentians.com\/es\/la-mision\/"]}]},{"@type":"ImageObject","inLanguage":"es","@id":"http:\/\/vincentians.com\/es\/la-mision\/#primaryimage","url":"https:\/\/i0.wp.com\/vincentians.com\/es\/wp-content\/uploads\/sites\/11\/2015\/04\/tres-descubrimientos-de-Vicente-de-Paul.jpg?fit=1200%2C630","contentUrl":"https:\/\/i0.wp.com\/vincentians.com\/es\/wp-content\/uploads\/sites\/11\/2015\/04\/tres-descubrimientos-de-Vicente-de-Paul.jpg?fit=1200%2C630","width":1200,"height":630},{"@type":"BreadcrumbList","@id":"http:\/\/vincentians.com\/es\/la-mision\/#breadcrumb","itemListElement":[{"@type":"ListItem","position":1,"name":"Portada","item":"http:\/\/vincentians.com\/es\/"},{"@type":"ListItem","position":2,"name":"La Misi\u00f3n"}]},{"@type":"WebSite","@id":"http:\/\/vincentians.com\/es\/#website","url":"http:\/\/vincentians.com\/es\/","name":"Somos Vicencianos","description":"Know more to serve more","publisher":{"@id":"http:\/\/vincentians.com\/es\/#organization"},"potentialAction":[{"@type":"SearchAction","target":{"@type":"EntryPoint","urlTemplate":"http:\/\/vincentians.com\/es\/?s={search_term_string}"},"query-input":{"@type":"PropertyValueSpecification","valueRequired":true,"valueName":"search_term_string"}}],"inLanguage":"es"},{"@type":"Organization","@id":"http:\/\/vincentians.com\/es\/#organization","name":"The Vincentian Network","url":"http:\/\/vincentians.com\/es\/","logo":{"@type":"ImageObject","inLanguage":"es","@id":"http:\/\/vincentians.com\/es\/#\/schema\/logo\/image\/","url":"https:\/\/i1.wp.com\/vincentians.com\/es\/wp-content\/uploads\/sites\/11\/2016\/06\/Vincentian-Network-logo-big.png?fit=778%2C778","contentUrl":"https:\/\/i1.wp.com\/vincentians.com\/es\/wp-content\/uploads\/sites\/11\/2016\/06\/Vincentian-Network-logo-big.png?fit=778%2C778","width":778,"height":778,"caption":"The Vincentian Network"},"image":{"@id":"http:\/\/vincentians.com\/es\/#\/schema\/logo\/image\/"},"sameAs":["https:\/\/www.facebook.com\/WeAreVincentians\/","https:\/\/x.com\/WeVincentians"]},{"@type":"Person","@id":"http:\/\/vincentians.com\/es\/#\/schema\/person\/9623ef4d9aa3b2dfb8c061f1499288f2","name":"Francisco Javier Fern\u00e1ndez Chento","image":{"@type":"ImageObject","inLanguage":"es","@id":"http:\/\/vincentians.com\/es\/#\/schema\/person\/image\/","url":"https:\/\/secure.gravatar.com\/avatar\/497d5cde87b4c3d097d0315953521681ba2cd523ee66e5077c3711f7021e65de?s=96&d=mm&r=g","contentUrl":"https:\/\/secure.gravatar.com\/avatar\/497d5cde87b4c3d097d0315953521681ba2cd523ee66e5077c3711f7021e65de?s=96&d=mm&r=g","caption":"Francisco Javier Fern\u00e1ndez Chento"},"description":"Director General y cofundador de La Red de Formaci\u00f3n Vicenciana. Javier es laico vicenciano, afiliado a la Congregaci\u00f3n de la Misi\u00f3n y miembro del Equipo de Misiones Populares de la provincia can\u00f3nica de Zaragoza (Espa\u00f1a) de la Congregaci\u00f3n de la Misi\u00f3n. Graduado en la Universidad Oberta de Catalunya con cuatro grados (Asistente de direcci\u00f3n, Gesti\u00f3n Administrativa, Recursos Humanos y Contabilidad Avanzada). Bil\u00edng\u00fce Espa\u00f1ol\/Ingl\u00e9s. gestiona y mantiene varias p\u00e1ginas web cristianas y vicencianas, incluida including La Red de Formaci\u00f3n Vicenciana, de la que es cofundador. Actualmente es responsable del \u00e1rea de Espa\u00f1ol de .famvin, la Red de Noticias de la Familia Vicenciana. Tambi\u00e9n es m\u00fasico cat\u00f3lico y ha editado varios discos. Es Director General y cofundador de Trovador, una reconocida compa\u00f1\u00eda discogr\u00e1fica critiana de Espa\u00f1a. Trabaja en las Tecnolog\u00edas de la Informaci\u00f3n, ofreciendo servicios de alojamiento, dise\u00f1o y mantenimiento Web, as\u00ed como asesoramiento, formaci\u00f3n y soluciones inform\u00e1ticas, gesti\u00f3n documental y digitalizaci\u00f3n de textos, edici\u00f3n y maquetaci\u00f3n de libros, revistas, flyers, etc.","sameAs":["http:\/\/chento.org","https:\/\/www.facebook.com\/JavierChento","https:\/\/x.com\/https:\/\/twitter.com\/javierchento"],"url":"http:\/\/vincentians.com\/es\/author\/chento\/"}]}},"jetpack_publicize_connections":[],"jetpack_featured_media_url":"https:\/\/i0.wp.com\/vincentians.com\/es\/wp-content\/uploads\/sites\/11\/2015\/04\/tres-descubrimientos-de-Vicente-de-Paul.jpg?fit=1200%2C630","jetpack_sharing_enabled":true,"jetpack_shortlink":"https:\/\/wp.me\/p7ETMF-4Fx","jetpack-related-posts":[{"id":119820,"url":"http:\/\/vincentians.com\/es\/mision-e-identidad-de-la-congregacion-de-la-mision\/","url_meta":{"origin":17951,"position":0},"title":"Misi\u00f3n e identidad de la Congregaci\u00f3n de la Misi\u00f3n","author":"Francisco Javier Fern\u00e1ndez Chento","date":"29\/05\/2015","format":false,"excerpt":"I. Introducci\u00f3n: el movimiento misionero en el siglo XVII \"La expansi\u00f3n del cristianismo alcanz\u00f3 en el siglo XVII franc\u00e9s un vigor extraordinario que puede medirse especial\u00admente a trav\u00e9s de los informes de las misiones del interior o parroquiales. Estos informes permiten localizar a los \"margi\u00adnados\" del cristianismo, dirigir una mirada\u2026","rel":"","context":"En \u00abCongregaci\u00f3n de la Misi\u00f3n\u00bb","block_context":{"text":"Congregaci\u00f3n de la Misi\u00f3n","link":"http:\/\/vincentians.com\/es\/category\/la-familia-vicenciana\/ramas\/congregacion-de-la-mision\/"},"img":{"alt_text":"logocm","src":"https:\/\/i0.wp.com\/vicencianos.org\/wp-content\/2011\/12\/logocm-245x300.png?resize=350%2C200","width":350,"height":200},"classes":[]},{"id":398638,"url":"http:\/\/vincentians.com\/es\/aportacion-del-carisma-vicenciano-la-mision-la-iglesia-2\/","url_meta":{"origin":17951,"position":1},"title":"Aportaci\u00f3n del carisma vicenciano a la Misi\u00f3n de la Iglesia (2)","author":"Francisco Javier Fern\u00e1ndez Chento","date":"05\/08\/2016","format":false,"excerpt":"2.- La vida cristiana a partir de la Teolog\u00eda de la Misi\u00f3n: continuadores de la Misi\u00f3n del Hijo. Acabo de hacer referencia a la teolog\u00eda de la Misi\u00f3n como punto de partida para las nuevas formas de vida en la Iglesia de las que la Congregaci\u00f3n de la Misi\u00f3n y\u2026","rel":"","context":"En \u00abFormaci\u00f3n Vicenciana\u00bb","block_context":{"text":"Formaci\u00f3n Vicenciana","link":"http:\/\/vincentians.com\/es\/category\/formacion-vicenciana\/"},"img":{"alt_text":"","src":"https:\/\/i0.wp.com\/vincentians.com\/es\/wp-content\/uploads\/sites\/11\/2016\/06\/contributions-charism.jpg?fit=1200%2C630&resize=350%2C200","width":350,"height":200,"srcset":"https:\/\/i0.wp.com\/vincentians.com\/es\/wp-content\/uploads\/sites\/11\/2016\/06\/contributions-charism.jpg?fit=1200%2C630&resize=350%2C200 1x, https:\/\/i0.wp.com\/vincentians.com\/es\/wp-content\/uploads\/sites\/11\/2016\/06\/contributions-charism.jpg?fit=1200%2C630&resize=525%2C300 1.5x, https:\/\/i0.wp.com\/vincentians.com\/es\/wp-content\/uploads\/sites\/11\/2016\/06\/contributions-charism.jpg?fit=1200%2C630&resize=700%2C400 2x, https:\/\/i0.wp.com\/vincentians.com\/es\/wp-content\/uploads\/sites\/11\/2016\/06\/contributions-charism.jpg?fit=1200%2C630&resize=1050%2C600 3x"},"classes":[]},{"id":120719,"url":"http:\/\/vincentians.com\/es\/mision-ad-gentes-en-la-familia-vicenciana\/","url_meta":{"origin":17951,"position":2},"title":"Misi\u00f3n Ad Gentes en la Familia Vicenciana","author":"Francisco Javier Fern\u00e1ndez Chento","date":"19\/10\/2022","format":false,"excerpt":"Propuesta Mi propuesta para el tema de la misi\u00f3n ad gentes es muy sencilla. El compromiso con \"misiones ad gentes\", est\u00e1 en los funda\u00admentos de nuestra propia espiritualidad y carisma. Forma parte de nuestro ser. Una caracter\u00edstica a la que no hemos prestado excesiva atenci\u00f3n. Pero aunque no la hemos\u2026","rel":"","context":"En \u00abMisiones \u00abAd gentes\u00bb\u00bb","block_context":{"text":"Misiones \u00abAd gentes\u00bb","link":"http:\/\/vincentians.com\/es\/category\/servicios-y-ministerios\/misiones-ad-gentes\/"},"img":{"alt_text":"","src":"https:\/\/i0.wp.com\/vincentians.com\/es\/wp-content\/uploads\/sites\/11\/2015\/02\/St_Vincent_De_Paul_-bible-1.jpg?fit=1200%2C630&resize=350%2C200","width":350,"height":200,"srcset":"https:\/\/i0.wp.com\/vincentians.com\/es\/wp-content\/uploads\/sites\/11\/2015\/02\/St_Vincent_De_Paul_-bible-1.jpg?fit=1200%2C630&resize=350%2C200 1x, https:\/\/i0.wp.com\/vincentians.com\/es\/wp-content\/uploads\/sites\/11\/2015\/02\/St_Vincent_De_Paul_-bible-1.jpg?fit=1200%2C630&resize=525%2C300 1.5x, https:\/\/i0.wp.com\/vincentians.com\/es\/wp-content\/uploads\/sites\/11\/2015\/02\/St_Vincent_De_Paul_-bible-1.jpg?fit=1200%2C630&resize=700%2C400 2x, https:\/\/i0.wp.com\/vincentians.com\/es\/wp-content\/uploads\/sites\/11\/2015\/02\/St_Vincent_De_Paul_-bible-1.jpg?fit=1200%2C630&resize=1050%2C600 3x"},"classes":[]},{"id":119814,"url":"http:\/\/vincentians.com\/es\/ayer-y-hoy-de-las-misiones-vicencianas-en-espana-vision-historica-1965-1978\/","url_meta":{"origin":17951,"position":3},"title":"Ayer y hoy de las Misiones Vicencianas en Espa\u00f1a. Visi\u00f3n hist\u00f3rica: 1965-1978","author":"Francisco Javier Fern\u00e1ndez Chento","date":"05\/04\/2022","format":false,"excerpt":"El contenido de la presente \"comunicaci\u00f3n\" se circunscribe tan s\u00f3lo a los a\u00f1os que se indican en el ep\u00edgrafe. Por consi\u00adguiente, todos los hechos misioneros que en ella se describan no se remontar\u00e1n, ni por detr\u00e1s ni por delante, a ninguna otra \u00e9poca hist\u00f3rica que no sea la enunciada en\u2026","rel":"","context":"En \u00abMisiones \u00abAd gentes\u00bb\u00bb","block_context":{"text":"Misiones \u00abAd gentes\u00bb","link":"http:\/\/vincentians.com\/es\/category\/servicios-y-ministerios\/misiones-ad-gentes\/"},"img":{"alt_text":"","src":"https:\/\/i0.wp.com\/vincentians.com\/es\/wp-content\/uploads\/sites\/11\/2016\/07\/espiritualidad-vicenciana.jpg?fit=1200%2C630&resize=350%2C200","width":350,"height":200,"srcset":"https:\/\/i0.wp.com\/vincentians.com\/es\/wp-content\/uploads\/sites\/11\/2016\/07\/espiritualidad-vicenciana.jpg?fit=1200%2C630&resize=350%2C200 1x, https:\/\/i0.wp.com\/vincentians.com\/es\/wp-content\/uploads\/sites\/11\/2016\/07\/espiritualidad-vicenciana.jpg?fit=1200%2C630&resize=525%2C300 1.5x, https:\/\/i0.wp.com\/vincentians.com\/es\/wp-content\/uploads\/sites\/11\/2016\/07\/espiritualidad-vicenciana.jpg?fit=1200%2C630&resize=700%2C400 2x, https:\/\/i0.wp.com\/vincentians.com\/es\/wp-content\/uploads\/sites\/11\/2016\/07\/espiritualidad-vicenciana.jpg?fit=1200%2C630&resize=1050%2C600 3x"},"classes":[]},{"id":136767,"url":"http:\/\/vincentians.com\/es\/misioneros-populares\/","url_meta":{"origin":17951,"position":4},"title":"Misioneros populares","author":"Francisco Javier Fern\u00e1ndez Chento","date":"31\/01\/2015","format":false,"excerpt":"\u00abAl encontrarlo le dijeron: Todo el mundo te busca. El les respondi\u00f3: V\u00e1monos a otra parte, a las aldeas cercanas, que voy a predicar tambi\u00e9n all\u00ed; para eso he salido\u00bb. (Mc 1,37-38). \u00abSe han de promover con empe\u00f1o las misiones populares, tan entra\u00f1ablemente queri\u00addas por el Fundador. Emprenderemos, pues, la\u2026","rel":"","context":"En \u00abEspiritualidad vicenciana\u00bb","block_context":{"text":"Espiritualidad vicenciana","link":"http:\/\/vincentians.com\/es\/category\/espiritualidad\/espiritualidad-vicenciana\/"},"img":{"alt_text":"Peral","src":"https:\/\/i0.wp.com\/vicencianos.org\/wp-content\/2014\/12\/Peral-300x223.jpg?resize=350%2C200","width":350,"height":200},"classes":[]},{"id":109321,"url":"http:\/\/vincentians.com\/es\/la-congregacion-de-la-mision-secular-o-religiosa\/","url_meta":{"origin":17951,"position":5},"title":"La Congregaci\u00f3n de la Misi\u00f3n \u00bfSecular o Religiosa?","author":"Francisco Javier Fern\u00e1ndez Chento","date":"02\/06\/2021","format":false,"excerpt":"Nuestra Compa\u00f1\u00eda \u00bfes secular o regular? Dicho de otro modo: nosotros \u00bfsomos seculares o religiosos? Pensar\u00e1n algunos que aqu\u00ed se trata s\u00f3lo de una pol\u00e9mica de palabras. Falso. La respuesta que demos a la cuesti\u00f3n condicionar\u00e1 m\u00e1s de una de las opciones que adoptemos en vistas al futuro de la\u2026","rel":"","context":"En \u00abFormaci\u00f3n Vicenciana\u00bb","block_context":{"text":"Formaci\u00f3n Vicenciana","link":"http:\/\/vincentians.com\/es\/category\/formacion-vicenciana\/"},"img":{"alt_text":"","src":"https:\/\/i0.wp.com\/vincentians.com\/es\/wp-content\/uploads\/sites\/11\/2016\/09\/espiritu-de-jesus.jpg?fit=1200%2C630&resize=350%2C200","width":350,"height":200,"srcset":"https:\/\/i0.wp.com\/vincentians.com\/es\/wp-content\/uploads\/sites\/11\/2016\/09\/espiritu-de-jesus.jpg?fit=1200%2C630&resize=350%2C200 1x, https:\/\/i0.wp.com\/vincentians.com\/es\/wp-content\/uploads\/sites\/11\/2016\/09\/espiritu-de-jesus.jpg?fit=1200%2C630&resize=525%2C300 1.5x, https:\/\/i0.wp.com\/vincentians.com\/es\/wp-content\/uploads\/sites\/11\/2016\/09\/espiritu-de-jesus.jpg?fit=1200%2C630&resize=700%2C400 2x, https:\/\/i0.wp.com\/vincentians.com\/es\/wp-content\/uploads\/sites\/11\/2016\/09\/espiritu-de-jesus.jpg?fit=1200%2C630&resize=1050%2C600 3x"},"classes":[]}],"_links":{"self":[{"href":"http:\/\/vincentians.com\/es\/wp-json\/wp\/v2\/posts\/17951","targetHints":{"allow":["GET"]}}],"collection":[{"href":"http:\/\/vincentians.com\/es\/wp-json\/wp\/v2\/posts"}],"about":[{"href":"http:\/\/vincentians.com\/es\/wp-json\/wp\/v2\/types\/post"}],"author":[{"embeddable":true,"href":"http:\/\/vincentians.com\/es\/wp-json\/wp\/v2\/users\/4"}],"replies":[{"embeddable":true,"href":"http:\/\/vincentians.com\/es\/wp-json\/wp\/v2\/comments?post=17951"}],"version-history":[{"count":1,"href":"http:\/\/vincentians.com\/es\/wp-json\/wp\/v2\/posts\/17951\/revisions"}],"predecessor-version":[{"id":401751,"href":"http:\/\/vincentians.com\/es\/wp-json\/wp\/v2\/posts\/17951\/revisions\/401751"}],"wp:featuredmedia":[{"embeddable":true,"href":"http:\/\/vincentians.com\/es\/wp-json\/wp\/v2\/media\/400013"}],"wp:attachment":[{"href":"http:\/\/vincentians.com\/es\/wp-json\/wp\/v2\/media?parent=17951"}],"wp:term":[{"taxonomy":"category","embeddable":true,"href":"http:\/\/vincentians.com\/es\/wp-json\/wp\/v2\/categories?post=17951"},{"taxonomy":"post_tag","embeddable":true,"href":"http:\/\/vincentians.com\/es\/wp-json\/wp\/v2\/tags?post=17951"}],"curies":[{"name":"wp","href":"https:\/\/api.w.org\/{rel}","templated":true}]}}