{"id":179094,"date":"2015-06-17T01:02:16","date_gmt":"2015-06-16T23:02:16","guid":{"rendered":"http:\/\/somos.vicencianos.org\/?p=179094"},"modified":"2016-07-24T10:28:07","modified_gmt":"2016-07-24T08:28:07","slug":"12o-domingo-de-t-o-reflexion-de-la-s-s-v-p-en-espana","status":"publish","type":"post","link":"http:\/\/vincentians.com\/es\/12o-domingo-de-t-o-reflexion-de-la-s-s-v-p-en-espana\/","title":{"rendered":"12\u00ba Domingo de T.O. (reflexi\u00f3n de la S.S.V.P. en Espa\u00f1a)"},"content":{"rendered":"<p><em><a href=\"https:\/\/i0.wp.com\/vicencianos.org\/wp-content\/2013\/12\/ssvp.jpg\"><img data-recalc-dims=\"1\" loading=\"lazy\" decoding=\"async\" class=\"alignright size-medium wp-image-133533\" src=\"https:\/\/i0.wp.com\/vicencianos.org\/wp-content\/2013\/12\/ssvp-300x281.jpg?resize=300%2C281\" alt=\"ssvp\" width=\"300\" height=\"281\" \/><\/a>\u201cNo se puede esperar mucho de un hombre al que no le gusta tratar con Dios. Si uno no cumple como debe con sus tareas en el servicio de nuestro Se\u00f1or, es porque no se ha unido a \u00e9l y no le ha pedido la ayuda de su gracia con una perfecta confianza\u201d (SVdeP III,50<\/em>)<\/p>\n<p>El Se\u00f1or recuerda a su siervo Job, que \u00c9l es el \u00fanico due\u00f1o de la creaci\u00f3n. En el Evangelio Jes\u00fas aprovecha la ocasi\u00f3n de aplacar la tempestad en medio del lago, para que sus disc\u00edpulos mediten en el origen divino de su Maestro. Y, San Pablo nos revela que el amor de Cristo lo ha conquistado por completo y ha hecho de \u00e9l una nueva creatura, con una visi\u00f3n renovada del mundo: todo lo viejo ha pasado. Ya todo es nuevo.<\/p>\n<p>En la primera Lectura vemos c\u00f3mo el Se\u00f1or le contesta a Job desde un torbellino, una forma muy com\u00fan en el Antiguo Testamento para las apariciones de Dios. Le muestra lo que el Se\u00f1or es capaz de hacer por el ser humano, hasta frenar el mar para que no irrumpa contra \u00c9l. Las comunidades cristianas, entre ellas nuestras Conferencias, crecen en medio de dificultades y conflictos; se encuentran asediadas por muchas amenazas internas y externas; son como una peque\u00f1a barca navegando en alta mar, en aguas turbulentas, cunde la desesperaci\u00f3n y el desencanto. Job, es el s\u00edmbolo de la paciencia y la resistencia. Se siente asediado por todas partes. Dios lo interpela haci\u00e9ndole caer en cuenta que \u00c9l es el Se\u00f1or de la historia. Las dificultades de la vida no podr\u00e1n derrotar a quien pone toda su confianza en Dios.<\/p>\n<p>En la carta a los Corintios, se nos expone la nueva humanidad que a trav\u00e9s de la muerte de Cristo recobra la vida plena. Cristo muri\u00f3 por todos para que todos tengamos vida por medio de \u00c9l. El amor de Cristo ha sido tan grande que nos ha rescatado de la muerte y de la esclavitud del pecado, y nos ha hecho part\u00edcipes de la vida nueva. Lo antiguo, ha sido superado por la muerte y resurrecci\u00f3n del Se\u00f1or.<\/p>\n<p>San Marcos, en su Evangelio, llamado el \u201crelato de la tempestad\u201d, presenta las dificultades por las que atravesaba la Iglesia primitiva en el contexto del imperio romano. El mar, es s\u00edmbolo de peligro; es una amenaza para quienes viven cerca de \u00e9l, porque saben que por all\u00ed vienen los perseguidores. La comunidad es esa peque\u00f1a nave que navega a la deriva. La fe de muchos naufraga ante las amenazas y las presiones del medio. Entonces, es cuando hay que recordar que Jes\u00fas no ha abandonado la barca. \u00c9l navega con ellos. Es capaz de derrotar la tempestad. La certeza de la presencia de Jes\u00fas, fortalece la fr\u00e1gil fe de la comunidad.<\/p>\n<p>Hoy, nos sentimos amenazados de muchas formas. La injusticia, la violencia y la corrupci\u00f3n por una parte. El consumismo, el relativismo y el sensualismo por otra. Sentimos la tentaci\u00f3n de ceder. F\u00e1cilmente, caemos en el pesimismo y la resignaci\u00f3n. Desistimos de todo esfuerzo y dejamos que la historia empuje la barca a su propio viento. El ambiente nos ahoga y nos sentimos perdidos, desorientados o perplejos.<\/p>\n<p>El Evangelio nos dice que lo importante no es \u201cno tener miedo, sino tener fe\u201d. Ante la tempestad, los disc\u00edpulos se llenaron de miedo, ante los sufrimientos de su pasi\u00f3n de la muerte que le esperaba en la cruz, Jes\u00fas tuvo miedo, tanto, que empez\u00f3 a sudar sangre. Ante el diagn\u00f3stico de un c\u00e1ncer, ante un desempleo que se prolonga, ante un proyecto de negocio que se viene abajo, ante un hijo que va de mal en peor, ante tantos problemas de la vida, los cristianos tenemos miedo. Es de lo m\u00e1s natural. El mensaje del Evangelio es que tengamos fe, que no dejemos de confiar en Dios, a\u00fan en las peores circunstancias, porque en nuestra enfermedad, en nuestro desempleo, en nuestros apuros econ\u00f3micos o familiares, Dios sigue con nosotros y es capaz de \u201ccallar y enmudecer\u201d nuestras propias tempestades. S\u00f3lo la certeza de que Jes\u00fas camina con nosotros nos puede ayudar a vencer los miedos y las incertidumbres y a \u201cremar m\u00e1s adentro, hacia aguas profundas\u201d<\/p>\n<p><em>\u00abSon inagotables los tesoros de la providencia de Dios \u2026 Nuestra desconfianza los deshonra\u201d (SVdeP III,13)<\/em><\/p>\n","protected":false},"excerpt":{"rendered":"<p>\u201cNo se puede esperar mucho de un hombre al que no le gusta tratar con Dios. Si uno no cumple como debe con sus tareas en el servicio de nuestro Se\u00f1or, es porque no se &#8230; <a href=\"http:\/\/vincentians.com\/es\/12o-domingo-de-t-o-reflexion-de-la-s-s-v-p-en-espana\/\" class=\"more-link\">Read More<\/a><\/p>\n","protected":false},"author":4,"featured_media":388408,"comment_status":"open","ping_status":"open","sticky":false,"template":"","format":"standard","meta":{"jetpack_post_was_ever_published":false,"_jetpack_newsletter_access":"","_jetpack_dont_email_post_to_subs":false,"_jetpack_newsletter_tier_id":0,"_jetpack_memberships_contains_paywalled_content":false,"_jetpack_memberships_contains_paid_content":false,"footnotes":"","jetpack_publicize_message":"","jetpack_publicize_feature_enabled":true,"jetpack_social_post_already_shared":true,"jetpack_social_options":{"image_generator_settings":{"template":"highway","default_image_id":0,"font":"","enabled":false},"version":2}},"categories":[93],"tags":[],"class_list":["post-179094","post","type-post","status-publish","format-standard","has-post-thumbnail","hentry","category-homilias-y-reflexiones-ano-b"],"yoast_head":"<!-- This site is optimized with the Yoast SEO plugin v26.3 - https:\/\/yoast.com\/wordpress\/plugins\/seo\/ -->\n<title>12\u00ba Domingo de T.O. (reflexi\u00f3n de la S.S.V.P. en Espa\u00f1a) - Somos Vicencianos<\/title>\n<meta name=\"robots\" content=\"index, follow, max-snippet:-1, max-image-preview:large, max-video-preview:-1\" \/>\n<link rel=\"canonical\" href=\"http:\/\/vincentians.com\/es\/12o-domingo-de-t-o-reflexion-de-la-s-s-v-p-en-espana\/\" \/>\n<meta property=\"og:locale\" content=\"es_ES\" \/>\n<meta property=\"og:type\" content=\"article\" \/>\n<meta property=\"og:title\" content=\"12\u00ba Domingo de T.O. (reflexi\u00f3n de la S.S.V.P. en Espa\u00f1a) - Somos Vicencianos\" \/>\n<meta property=\"og:description\" content=\"\u201cNo se puede esperar mucho de un hombre al que no le gusta tratar con Dios. Si uno no cumple como debe con sus tareas en el servicio de nuestro Se\u00f1or, es porque no se ... Read More\" \/>\n<meta property=\"og:url\" content=\"http:\/\/vincentians.com\/es\/12o-domingo-de-t-o-reflexion-de-la-s-s-v-p-en-espana\/\" \/>\n<meta property=\"og:site_name\" content=\"Somos Vicencianos\" \/>\n<meta property=\"article:publisher\" content=\"https:\/\/www.facebook.com\/WeAreVincentians\/\" \/>\n<meta property=\"article:author\" content=\"https:\/\/www.facebook.com\/JavierChento\" \/>\n<meta property=\"article:published_time\" content=\"2015-06-16T23:02:16+00:00\" \/>\n<meta property=\"article:modified_time\" content=\"2016-07-24T08:28:07+00:00\" \/>\n<meta property=\"og:image\" content=\"https:\/\/i0.wp.com\/vincentians.com\/es\/wp-content\/uploads\/sites\/11\/2016\/07\/reflexiones-palabra-de-dios.jpg?fit=1200%2C630\" \/>\n\t<meta property=\"og:image:width\" content=\"1200\" \/>\n\t<meta property=\"og:image:height\" content=\"630\" \/>\n\t<meta property=\"og:image:type\" content=\"image\/jpeg\" \/>\n<meta name=\"author\" content=\"Francisco Javier Fern\u00e1ndez Chento\" \/>\n<meta name=\"twitter:card\" content=\"summary_large_image\" \/>\n<meta name=\"twitter:creator\" content=\"@https:\/\/twitter.com\/javierchento\" \/>\n<meta name=\"twitter:site\" content=\"@WeVincentians\" \/>\n<meta name=\"twitter:label1\" content=\"Escrito por\" \/>\n\t<meta name=\"twitter:data1\" content=\"Francisco Javier Fern\u00e1ndez Chento\" \/>\n\t<meta name=\"twitter:label2\" content=\"Tiempo de lectura\" \/>\n\t<meta name=\"twitter:data2\" content=\"4 minutos\" \/>\n<script type=\"application\/ld+json\" class=\"yoast-schema-graph\">{\"@context\":\"https:\/\/schema.org\",\"@graph\":[{\"@type\":\"Article\",\"@id\":\"http:\/\/vincentians.com\/es\/12o-domingo-de-t-o-reflexion-de-la-s-s-v-p-en-espana\/#article\",\"isPartOf\":{\"@id\":\"http:\/\/vincentians.com\/es\/12o-domingo-de-t-o-reflexion-de-la-s-s-v-p-en-espana\/\"},\"author\":{\"name\":\"Francisco Javier Fern\u00e1ndez Chento\",\"@id\":\"http:\/\/vincentians.com\/es\/#\/schema\/person\/9623ef4d9aa3b2dfb8c061f1499288f2\"},\"headline\":\"12\u00ba Domingo de T.O. (reflexi\u00f3n de la S.S.V.P. en Espa\u00f1a)\",\"datePublished\":\"2015-06-16T23:02:16+00:00\",\"dateModified\":\"2016-07-24T08:28:07+00:00\",\"mainEntityOfPage\":{\"@id\":\"http:\/\/vincentians.com\/es\/12o-domingo-de-t-o-reflexion-de-la-s-s-v-p-en-espana\/\"},\"wordCount\":771,\"commentCount\":0,\"publisher\":{\"@id\":\"http:\/\/vincentians.com\/es\/#organization\"},\"image\":{\"@id\":\"http:\/\/vincentians.com\/es\/12o-domingo-de-t-o-reflexion-de-la-s-s-v-p-en-espana\/#primaryimage\"},\"thumbnailUrl\":\"https:\/\/i0.wp.com\/vincentians.com\/es\/wp-content\/uploads\/sites\/11\/2016\/07\/reflexiones-palabra-de-dios.jpg?fit=1200%2C630\",\"articleSection\":[\"Homil\u00edas y reflexiones, A\u00f1o B\"],\"inLanguage\":\"es\",\"potentialAction\":[{\"@type\":\"CommentAction\",\"name\":\"Comment\",\"target\":[\"http:\/\/vincentians.com\/es\/12o-domingo-de-t-o-reflexion-de-la-s-s-v-p-en-espana\/#respond\"]}]},{\"@type\":\"WebPage\",\"@id\":\"http:\/\/vincentians.com\/es\/12o-domingo-de-t-o-reflexion-de-la-s-s-v-p-en-espana\/\",\"url\":\"http:\/\/vincentians.com\/es\/12o-domingo-de-t-o-reflexion-de-la-s-s-v-p-en-espana\/\",\"name\":\"12\u00ba Domingo de T.O. (reflexi\u00f3n de la S.S.V.P. en Espa\u00f1a) - Somos Vicencianos\",\"isPartOf\":{\"@id\":\"http:\/\/vincentians.com\/es\/#website\"},\"primaryImageOfPage\":{\"@id\":\"http:\/\/vincentians.com\/es\/12o-domingo-de-t-o-reflexion-de-la-s-s-v-p-en-espana\/#primaryimage\"},\"image\":{\"@id\":\"http:\/\/vincentians.com\/es\/12o-domingo-de-t-o-reflexion-de-la-s-s-v-p-en-espana\/#primaryimage\"},\"thumbnailUrl\":\"https:\/\/i0.wp.com\/vincentians.com\/es\/wp-content\/uploads\/sites\/11\/2016\/07\/reflexiones-palabra-de-dios.jpg?fit=1200%2C630\",\"datePublished\":\"2015-06-16T23:02:16+00:00\",\"dateModified\":\"2016-07-24T08:28:07+00:00\",\"breadcrumb\":{\"@id\":\"http:\/\/vincentians.com\/es\/12o-domingo-de-t-o-reflexion-de-la-s-s-v-p-en-espana\/#breadcrumb\"},\"inLanguage\":\"es\",\"potentialAction\":[{\"@type\":\"ReadAction\",\"target\":[\"http:\/\/vincentians.com\/es\/12o-domingo-de-t-o-reflexion-de-la-s-s-v-p-en-espana\/\"]}]},{\"@type\":\"ImageObject\",\"inLanguage\":\"es\",\"@id\":\"http:\/\/vincentians.com\/es\/12o-domingo-de-t-o-reflexion-de-la-s-s-v-p-en-espana\/#primaryimage\",\"url\":\"https:\/\/i0.wp.com\/vincentians.com\/es\/wp-content\/uploads\/sites\/11\/2016\/07\/reflexiones-palabra-de-dios.jpg?fit=1200%2C630\",\"contentUrl\":\"https:\/\/i0.wp.com\/vincentians.com\/es\/wp-content\/uploads\/sites\/11\/2016\/07\/reflexiones-palabra-de-dios.jpg?fit=1200%2C630\",\"width\":1200,\"height\":630},{\"@type\":\"BreadcrumbList\",\"@id\":\"http:\/\/vincentians.com\/es\/12o-domingo-de-t-o-reflexion-de-la-s-s-v-p-en-espana\/#breadcrumb\",\"itemListElement\":[{\"@type\":\"ListItem\",\"position\":1,\"name\":\"Portada\",\"item\":\"http:\/\/vincentians.com\/es\/\"},{\"@type\":\"ListItem\",\"position\":2,\"name\":\"12\u00ba Domingo de T.O. (reflexi\u00f3n de la S.S.V.P. en Espa\u00f1a)\"}]},{\"@type\":\"WebSite\",\"@id\":\"http:\/\/vincentians.com\/es\/#website\",\"url\":\"http:\/\/vincentians.com\/es\/\",\"name\":\"Somos Vicencianos\",\"description\":\"Know more to serve more\",\"publisher\":{\"@id\":\"http:\/\/vincentians.com\/es\/#organization\"},\"potentialAction\":[{\"@type\":\"SearchAction\",\"target\":{\"@type\":\"EntryPoint\",\"urlTemplate\":\"http:\/\/vincentians.com\/es\/?s={search_term_string}\"},\"query-input\":{\"@type\":\"PropertyValueSpecification\",\"valueRequired\":true,\"valueName\":\"search_term_string\"}}],\"inLanguage\":\"es\"},{\"@type\":\"Organization\",\"@id\":\"http:\/\/vincentians.com\/es\/#organization\",\"name\":\"The Vincentian Network\",\"url\":\"http:\/\/vincentians.com\/es\/\",\"logo\":{\"@type\":\"ImageObject\",\"inLanguage\":\"es\",\"@id\":\"http:\/\/vincentians.com\/es\/#\/schema\/logo\/image\/\",\"url\":\"https:\/\/i1.wp.com\/vincentians.com\/es\/wp-content\/uploads\/sites\/11\/2016\/06\/Vincentian-Network-logo-big.png?fit=778%2C778\",\"contentUrl\":\"https:\/\/i1.wp.com\/vincentians.com\/es\/wp-content\/uploads\/sites\/11\/2016\/06\/Vincentian-Network-logo-big.png?fit=778%2C778\",\"width\":778,\"height\":778,\"caption\":\"The Vincentian Network\"},\"image\":{\"@id\":\"http:\/\/vincentians.com\/es\/#\/schema\/logo\/image\/\"},\"sameAs\":[\"https:\/\/www.facebook.com\/WeAreVincentians\/\",\"https:\/\/x.com\/WeVincentians\"]},{\"@type\":\"Person\",\"@id\":\"http:\/\/vincentians.com\/es\/#\/schema\/person\/9623ef4d9aa3b2dfb8c061f1499288f2\",\"name\":\"Francisco Javier Fern\u00e1ndez Chento\",\"image\":{\"@type\":\"ImageObject\",\"inLanguage\":\"es\",\"@id\":\"http:\/\/vincentians.com\/es\/#\/schema\/person\/image\/\",\"url\":\"https:\/\/secure.gravatar.com\/avatar\/497d5cde87b4c3d097d0315953521681ba2cd523ee66e5077c3711f7021e65de?s=96&d=mm&r=g\",\"contentUrl\":\"https:\/\/secure.gravatar.com\/avatar\/497d5cde87b4c3d097d0315953521681ba2cd523ee66e5077c3711f7021e65de?s=96&d=mm&r=g\",\"caption\":\"Francisco Javier Fern\u00e1ndez Chento\"},\"description\":\"Director General y cofundador de La Red de Formaci\u00f3n Vicenciana. Javier es laico vicenciano, afiliado a la Congregaci\u00f3n de la Misi\u00f3n y miembro del Equipo de Misiones Populares de la provincia can\u00f3nica de Zaragoza (Espa\u00f1a) de la Congregaci\u00f3n de la Misi\u00f3n. Graduado en la Universidad Oberta de Catalunya con cuatro grados (Asistente de direcci\u00f3n, Gesti\u00f3n Administrativa, Recursos Humanos y Contabilidad Avanzada). Bil\u00edng\u00fce Espa\u00f1ol\/Ingl\u00e9s. gestiona y mantiene varias p\u00e1ginas web cristianas y vicencianas, incluida including La Red de Formaci\u00f3n Vicenciana, de la que es cofundador. Actualmente es responsable del \u00e1rea de Espa\u00f1ol de .famvin, la Red de Noticias de la Familia Vicenciana. Tambi\u00e9n es m\u00fasico cat\u00f3lico y ha editado varios discos. Es Director General y cofundador de Trovador, una reconocida compa\u00f1\u00eda discogr\u00e1fica critiana de Espa\u00f1a. Trabaja en las Tecnolog\u00edas de la Informaci\u00f3n, ofreciendo servicios de alojamiento, dise\u00f1o y mantenimiento Web, as\u00ed como asesoramiento, formaci\u00f3n y soluciones inform\u00e1ticas, gesti\u00f3n documental y digitalizaci\u00f3n de textos, edici\u00f3n y maquetaci\u00f3n de libros, revistas, flyers, etc.\",\"sameAs\":[\"http:\/\/chento.org\",\"https:\/\/www.facebook.com\/JavierChento\",\"https:\/\/x.com\/https:\/\/twitter.com\/javierchento\"],\"url\":\"http:\/\/vincentians.com\/es\/author\/chento\/\"}]}<\/script>\n<!-- \/ Yoast SEO plugin. -->","yoast_head_json":{"title":"12\u00ba Domingo de T.O. (reflexi\u00f3n de la S.S.V.P. en Espa\u00f1a) - Somos Vicencianos","robots":{"index":"index","follow":"follow","max-snippet":"max-snippet:-1","max-image-preview":"max-image-preview:large","max-video-preview":"max-video-preview:-1"},"canonical":"http:\/\/vincentians.com\/es\/12o-domingo-de-t-o-reflexion-de-la-s-s-v-p-en-espana\/","og_locale":"es_ES","og_type":"article","og_title":"12\u00ba Domingo de T.O. (reflexi\u00f3n de la S.S.V.P. en Espa\u00f1a) - Somos Vicencianos","og_description":"\u201cNo se puede esperar mucho de un hombre al que no le gusta tratar con Dios. Si uno no cumple como debe con sus tareas en el servicio de nuestro Se\u00f1or, es porque no se ... Read More","og_url":"http:\/\/vincentians.com\/es\/12o-domingo-de-t-o-reflexion-de-la-s-s-v-p-en-espana\/","og_site_name":"Somos Vicencianos","article_publisher":"https:\/\/www.facebook.com\/WeAreVincentians\/","article_author":"https:\/\/www.facebook.com\/JavierChento","article_published_time":"2015-06-16T23:02:16+00:00","article_modified_time":"2016-07-24T08:28:07+00:00","og_image":[{"width":1200,"height":630,"url":"https:\/\/i0.wp.com\/vincentians.com\/es\/wp-content\/uploads\/sites\/11\/2016\/07\/reflexiones-palabra-de-dios.jpg?fit=1200%2C630","type":"image\/jpeg"}],"author":"Francisco Javier Fern\u00e1ndez Chento","twitter_card":"summary_large_image","twitter_creator":"@https:\/\/twitter.com\/javierchento","twitter_site":"@WeVincentians","twitter_misc":{"Escrito por":"Francisco Javier Fern\u00e1ndez Chento","Tiempo de lectura":"4 minutos"},"schema":{"@context":"https:\/\/schema.org","@graph":[{"@type":"Article","@id":"http:\/\/vincentians.com\/es\/12o-domingo-de-t-o-reflexion-de-la-s-s-v-p-en-espana\/#article","isPartOf":{"@id":"http:\/\/vincentians.com\/es\/12o-domingo-de-t-o-reflexion-de-la-s-s-v-p-en-espana\/"},"author":{"name":"Francisco Javier Fern\u00e1ndez Chento","@id":"http:\/\/vincentians.com\/es\/#\/schema\/person\/9623ef4d9aa3b2dfb8c061f1499288f2"},"headline":"12\u00ba Domingo de T.O. (reflexi\u00f3n de la S.S.V.P. en Espa\u00f1a)","datePublished":"2015-06-16T23:02:16+00:00","dateModified":"2016-07-24T08:28:07+00:00","mainEntityOfPage":{"@id":"http:\/\/vincentians.com\/es\/12o-domingo-de-t-o-reflexion-de-la-s-s-v-p-en-espana\/"},"wordCount":771,"commentCount":0,"publisher":{"@id":"http:\/\/vincentians.com\/es\/#organization"},"image":{"@id":"http:\/\/vincentians.com\/es\/12o-domingo-de-t-o-reflexion-de-la-s-s-v-p-en-espana\/#primaryimage"},"thumbnailUrl":"https:\/\/i0.wp.com\/vincentians.com\/es\/wp-content\/uploads\/sites\/11\/2016\/07\/reflexiones-palabra-de-dios.jpg?fit=1200%2C630","articleSection":["Homil\u00edas y reflexiones, A\u00f1o B"],"inLanguage":"es","potentialAction":[{"@type":"CommentAction","name":"Comment","target":["http:\/\/vincentians.com\/es\/12o-domingo-de-t-o-reflexion-de-la-s-s-v-p-en-espana\/#respond"]}]},{"@type":"WebPage","@id":"http:\/\/vincentians.com\/es\/12o-domingo-de-t-o-reflexion-de-la-s-s-v-p-en-espana\/","url":"http:\/\/vincentians.com\/es\/12o-domingo-de-t-o-reflexion-de-la-s-s-v-p-en-espana\/","name":"12\u00ba Domingo de T.O. (reflexi\u00f3n de la S.S.V.P. en Espa\u00f1a) - Somos Vicencianos","isPartOf":{"@id":"http:\/\/vincentians.com\/es\/#website"},"primaryImageOfPage":{"@id":"http:\/\/vincentians.com\/es\/12o-domingo-de-t-o-reflexion-de-la-s-s-v-p-en-espana\/#primaryimage"},"image":{"@id":"http:\/\/vincentians.com\/es\/12o-domingo-de-t-o-reflexion-de-la-s-s-v-p-en-espana\/#primaryimage"},"thumbnailUrl":"https:\/\/i0.wp.com\/vincentians.com\/es\/wp-content\/uploads\/sites\/11\/2016\/07\/reflexiones-palabra-de-dios.jpg?fit=1200%2C630","datePublished":"2015-06-16T23:02:16+00:00","dateModified":"2016-07-24T08:28:07+00:00","breadcrumb":{"@id":"http:\/\/vincentians.com\/es\/12o-domingo-de-t-o-reflexion-de-la-s-s-v-p-en-espana\/#breadcrumb"},"inLanguage":"es","potentialAction":[{"@type":"ReadAction","target":["http:\/\/vincentians.com\/es\/12o-domingo-de-t-o-reflexion-de-la-s-s-v-p-en-espana\/"]}]},{"@type":"ImageObject","inLanguage":"es","@id":"http:\/\/vincentians.com\/es\/12o-domingo-de-t-o-reflexion-de-la-s-s-v-p-en-espana\/#primaryimage","url":"https:\/\/i0.wp.com\/vincentians.com\/es\/wp-content\/uploads\/sites\/11\/2016\/07\/reflexiones-palabra-de-dios.jpg?fit=1200%2C630","contentUrl":"https:\/\/i0.wp.com\/vincentians.com\/es\/wp-content\/uploads\/sites\/11\/2016\/07\/reflexiones-palabra-de-dios.jpg?fit=1200%2C630","width":1200,"height":630},{"@type":"BreadcrumbList","@id":"http:\/\/vincentians.com\/es\/12o-domingo-de-t-o-reflexion-de-la-s-s-v-p-en-espana\/#breadcrumb","itemListElement":[{"@type":"ListItem","position":1,"name":"Portada","item":"http:\/\/vincentians.com\/es\/"},{"@type":"ListItem","position":2,"name":"12\u00ba Domingo de T.O. (reflexi\u00f3n de la S.S.V.P. en Espa\u00f1a)"}]},{"@type":"WebSite","@id":"http:\/\/vincentians.com\/es\/#website","url":"http:\/\/vincentians.com\/es\/","name":"Somos Vicencianos","description":"Know more to serve more","publisher":{"@id":"http:\/\/vincentians.com\/es\/#organization"},"potentialAction":[{"@type":"SearchAction","target":{"@type":"EntryPoint","urlTemplate":"http:\/\/vincentians.com\/es\/?s={search_term_string}"},"query-input":{"@type":"PropertyValueSpecification","valueRequired":true,"valueName":"search_term_string"}}],"inLanguage":"es"},{"@type":"Organization","@id":"http:\/\/vincentians.com\/es\/#organization","name":"The Vincentian Network","url":"http:\/\/vincentians.com\/es\/","logo":{"@type":"ImageObject","inLanguage":"es","@id":"http:\/\/vincentians.com\/es\/#\/schema\/logo\/image\/","url":"https:\/\/i1.wp.com\/vincentians.com\/es\/wp-content\/uploads\/sites\/11\/2016\/06\/Vincentian-Network-logo-big.png?fit=778%2C778","contentUrl":"https:\/\/i1.wp.com\/vincentians.com\/es\/wp-content\/uploads\/sites\/11\/2016\/06\/Vincentian-Network-logo-big.png?fit=778%2C778","width":778,"height":778,"caption":"The Vincentian Network"},"image":{"@id":"http:\/\/vincentians.com\/es\/#\/schema\/logo\/image\/"},"sameAs":["https:\/\/www.facebook.com\/WeAreVincentians\/","https:\/\/x.com\/WeVincentians"]},{"@type":"Person","@id":"http:\/\/vincentians.com\/es\/#\/schema\/person\/9623ef4d9aa3b2dfb8c061f1499288f2","name":"Francisco Javier Fern\u00e1ndez Chento","image":{"@type":"ImageObject","inLanguage":"es","@id":"http:\/\/vincentians.com\/es\/#\/schema\/person\/image\/","url":"https:\/\/secure.gravatar.com\/avatar\/497d5cde87b4c3d097d0315953521681ba2cd523ee66e5077c3711f7021e65de?s=96&d=mm&r=g","contentUrl":"https:\/\/secure.gravatar.com\/avatar\/497d5cde87b4c3d097d0315953521681ba2cd523ee66e5077c3711f7021e65de?s=96&d=mm&r=g","caption":"Francisco Javier Fern\u00e1ndez Chento"},"description":"Director General y cofundador de La Red de Formaci\u00f3n Vicenciana. Javier es laico vicenciano, afiliado a la Congregaci\u00f3n de la Misi\u00f3n y miembro del Equipo de Misiones Populares de la provincia can\u00f3nica de Zaragoza (Espa\u00f1a) de la Congregaci\u00f3n de la Misi\u00f3n. Graduado en la Universidad Oberta de Catalunya con cuatro grados (Asistente de direcci\u00f3n, Gesti\u00f3n Administrativa, Recursos Humanos y Contabilidad Avanzada). Bil\u00edng\u00fce Espa\u00f1ol\/Ingl\u00e9s. gestiona y mantiene varias p\u00e1ginas web cristianas y vicencianas, incluida including La Red de Formaci\u00f3n Vicenciana, de la que es cofundador. Actualmente es responsable del \u00e1rea de Espa\u00f1ol de .famvin, la Red de Noticias de la Familia Vicenciana. Tambi\u00e9n es m\u00fasico cat\u00f3lico y ha editado varios discos. Es Director General y cofundador de Trovador, una reconocida compa\u00f1\u00eda discogr\u00e1fica critiana de Espa\u00f1a. Trabaja en las Tecnolog\u00edas de la Informaci\u00f3n, ofreciendo servicios de alojamiento, dise\u00f1o y mantenimiento Web, as\u00ed como asesoramiento, formaci\u00f3n y soluciones inform\u00e1ticas, gesti\u00f3n documental y digitalizaci\u00f3n de textos, edici\u00f3n y maquetaci\u00f3n de libros, revistas, flyers, etc.","sameAs":["http:\/\/chento.org","https:\/\/www.facebook.com\/JavierChento","https:\/\/x.com\/https:\/\/twitter.com\/javierchento"],"url":"http:\/\/vincentians.com\/es\/author\/chento\/"}]}},"jetpack_publicize_connections":[],"jetpack_featured_media_url":"https:\/\/i0.wp.com\/vincentians.com\/es\/wp-content\/uploads\/sites\/11\/2016\/07\/reflexiones-palabra-de-dios.jpg?fit=1200%2C630","jetpack_sharing_enabled":true,"jetpack_shortlink":"https:\/\/wp.me\/p7ETMF-KAC","jetpack-related-posts":[{"id":1273,"url":"http:\/\/vincentians.com\/es\/5o-domingo-de-t-o-reflexion-de-jose-cervantes-gabarron\/","url_meta":{"origin":179094,"position":0},"title":"5\u00ba Domingo de T.O. (reflexi\u00f3n de Jos\u00e9 Cervantes Gabarr\u00f3n)","author":"Francisco Javier Fern\u00e1ndez Chento","date":"04\/02\/2012","format":false,"excerpt":"Hacen falta mediadores Los textos b\u00edblicos de este domingo en la Iglesia, tanto el del libro de Job (Job 7,1-7) como el del evangelio de Marcos (Mc 1,29-39), relatan situaciones humanas de sufrimiento ocasionado por desgracias y enfermedades que son exponentes del mundo del dolor. En el encuentro de Jes\u00fas\u2026","rel":"","context":"En \u00abHomil\u00edas y reflexiones, A\u00f1o B\u00bb","block_context":{"text":"Homil\u00edas y reflexiones, A\u00f1o B","link":"http:\/\/vincentians.com\/es\/category\/homilias-y-reflexiones-a-la-palabra-de-dios\/homilias-y-reflexiones-ano-b\/"},"img":{"alt_text":"","src":"https:\/\/i0.wp.com\/vincentians.com\/es\/wp-content\/uploads\/sites\/11\/2016\/07\/reflexiones-palabra-de-dios.jpg?fit=1200%2C630&resize=350%2C200","width":350,"height":200,"srcset":"https:\/\/i0.wp.com\/vincentians.com\/es\/wp-content\/uploads\/sites\/11\/2016\/07\/reflexiones-palabra-de-dios.jpg?fit=1200%2C630&resize=350%2C200 1x, https:\/\/i0.wp.com\/vincentians.com\/es\/wp-content\/uploads\/sites\/11\/2016\/07\/reflexiones-palabra-de-dios.jpg?fit=1200%2C630&resize=525%2C300 1.5x, https:\/\/i0.wp.com\/vincentians.com\/es\/wp-content\/uploads\/sites\/11\/2016\/07\/reflexiones-palabra-de-dios.jpg?fit=1200%2C630&resize=700%2C400 2x, https:\/\/i0.wp.com\/vincentians.com\/es\/wp-content\/uploads\/sites\/11\/2016\/07\/reflexiones-palabra-de-dios.jpg?fit=1200%2C630&resize=1050%2C600 3x"},"classes":[]},{"id":177269,"url":"http:\/\/vincentians.com\/es\/12o-domingo-de-t-o-reflexion-de-jose-roman-flecha\/","url_meta":{"origin":179094,"position":1},"title":"12\u00ba Domingo de T.O. (reflexi\u00f3n de Jos\u00e9 Rom\u00e1n Flecha)","author":"Francisco Javier Fern\u00e1ndez Chento","date":"16\/06\/2015","format":false,"excerpt":"EL VIENTO Y EL MAR Domingo 12\u00ba del Tiempo Ordinario. B. 21 de junio de 2015 \u201cHasta aqu\u00ed llegar\u00e1s y no pasar\u00e1s, aqu\u00ed se romper\u00e1 la arrogancia de tus olas\u201d. Con esas \u00f3rdenes terminantes Dios ha puesto l\u00edmite a los mares, seg\u00fan \u00e9l mismo recuerda a Job (Job 38,11). Pero\u2026","rel":"","context":"En \u00abHomil\u00edas y reflexiones, A\u00f1o B\u00bb","block_context":{"text":"Homil\u00edas y reflexiones, A\u00f1o B","link":"http:\/\/vincentians.com\/es\/category\/homilias-y-reflexiones-a-la-palabra-de-dios\/homilias-y-reflexiones-ano-b\/"},"img":{"alt_text":"","src":"https:\/\/i0.wp.com\/vincentians.com\/es\/wp-content\/uploads\/sites\/11\/2016\/07\/reflexiones-palabra-de-dios.jpg?fit=1200%2C630&resize=350%2C200","width":350,"height":200,"srcset":"https:\/\/i0.wp.com\/vincentians.com\/es\/wp-content\/uploads\/sites\/11\/2016\/07\/reflexiones-palabra-de-dios.jpg?fit=1200%2C630&resize=350%2C200 1x, https:\/\/i0.wp.com\/vincentians.com\/es\/wp-content\/uploads\/sites\/11\/2016\/07\/reflexiones-palabra-de-dios.jpg?fit=1200%2C630&resize=525%2C300 1.5x, https:\/\/i0.wp.com\/vincentians.com\/es\/wp-content\/uploads\/sites\/11\/2016\/07\/reflexiones-palabra-de-dios.jpg?fit=1200%2C630&resize=700%2C400 2x, https:\/\/i0.wp.com\/vincentians.com\/es\/wp-content\/uploads\/sites\/11\/2016\/07\/reflexiones-palabra-de-dios.jpg?fit=1200%2C630&resize=1050%2C600 3x"},"classes":[]},{"id":1262,"url":"http:\/\/vincentians.com\/es\/5o-domingo-de-t-o-reflexion-de-jose-roman-flecha-2\/","url_meta":{"origin":179094,"position":2},"title":"5\u00ba Domingo de T.O. (reflexi\u00f3n de Jos\u00e9 Rom\u00e1n Flecha)","author":"Francisco Javier Fern\u00e1ndez Chento","date":"31\/01\/2012","format":false,"excerpt":"ORACI\u00d3N Y CURACI\u00d3N Domingo 5\u00ba del Tiempo Ordinario. B 5 de febrero de 2012 \u201cAl acostarme pienso: \u00bfcu\u00e1ndo me levantar\u00e9? Se alarga la noche y me harto de dar vueltas hasta el alba\u201d. Esas palabras que se leen hoy en el libro de Job (Job 7, 1-7) han sido repetidas\u2026","rel":"","context":"En \u00abHomil\u00edas y reflexiones, A\u00f1o B\u00bb","block_context":{"text":"Homil\u00edas y reflexiones, A\u00f1o B","link":"http:\/\/vincentians.com\/es\/category\/homilias-y-reflexiones-a-la-palabra-de-dios\/homilias-y-reflexiones-ano-b\/"},"img":{"alt_text":"","src":"https:\/\/i0.wp.com\/vincentians.com\/es\/wp-content\/uploads\/sites\/11\/2016\/07\/reflexiones-palabra-de-dios.jpg?fit=1200%2C630&resize=350%2C200","width":350,"height":200,"srcset":"https:\/\/i0.wp.com\/vincentians.com\/es\/wp-content\/uploads\/sites\/11\/2016\/07\/reflexiones-palabra-de-dios.jpg?fit=1200%2C630&resize=350%2C200 1x, https:\/\/i0.wp.com\/vincentians.com\/es\/wp-content\/uploads\/sites\/11\/2016\/07\/reflexiones-palabra-de-dios.jpg?fit=1200%2C630&resize=525%2C300 1.5x, https:\/\/i0.wp.com\/vincentians.com\/es\/wp-content\/uploads\/sites\/11\/2016\/07\/reflexiones-palabra-de-dios.jpg?fit=1200%2C630&resize=700%2C400 2x, https:\/\/i0.wp.com\/vincentians.com\/es\/wp-content\/uploads\/sites\/11\/2016\/07\/reflexiones-palabra-de-dios.jpg?fit=1200%2C630&resize=1050%2C600 3x"},"classes":[]},{"id":137659,"url":"http:\/\/vincentians.com\/es\/5o-domingo-de-t-o-reflexion-de-jose-roman-flecha\/","url_meta":{"origin":179094,"position":3},"title":"5\u00ba Domingo de T.O. (reflexi\u00f3n de Jos\u00e9 Rom\u00e1n Flecha)","author":"Francisco Javier Fern\u00e1ndez Chento","date":"02\/02\/2015","format":false,"excerpt":"JES\u00daS Y LOS ENFERMOS Domingo 5\u00ba del Tiempo Ordinario. B. 8 de febrero de 2015 \u201cMis d\u00edas corren m\u00e1s que la lanzadera y se consumen sin esperanza. Recuerdo que mi vida es un soplo y que mis ojos no ver\u00e1n m\u00e1s la dicha\u201d (Job, 1, 6-7). Con estas lamentaciones de\u2026","rel":"","context":"En \u00abHomil\u00edas y reflexiones, A\u00f1o B\u00bb","block_context":{"text":"Homil\u00edas y reflexiones, A\u00f1o B","link":"http:\/\/vincentians.com\/es\/category\/homilias-y-reflexiones-a-la-palabra-de-dios\/homilias-y-reflexiones-ano-b\/"},"img":{"alt_text":"","src":"https:\/\/i0.wp.com\/vincentians.com\/es\/wp-content\/uploads\/sites\/11\/2016\/07\/reflexiones-palabra-de-dios.jpg?fit=1200%2C630&resize=350%2C200","width":350,"height":200,"srcset":"https:\/\/i0.wp.com\/vincentians.com\/es\/wp-content\/uploads\/sites\/11\/2016\/07\/reflexiones-palabra-de-dios.jpg?fit=1200%2C630&resize=350%2C200 1x, https:\/\/i0.wp.com\/vincentians.com\/es\/wp-content\/uploads\/sites\/11\/2016\/07\/reflexiones-palabra-de-dios.jpg?fit=1200%2C630&resize=525%2C300 1.5x, https:\/\/i0.wp.com\/vincentians.com\/es\/wp-content\/uploads\/sites\/11\/2016\/07\/reflexiones-palabra-de-dios.jpg?fit=1200%2C630&resize=700%2C400 2x, https:\/\/i0.wp.com\/vincentians.com\/es\/wp-content\/uploads\/sites\/11\/2016\/07\/reflexiones-palabra-de-dios.jpg?fit=1200%2C630&resize=1050%2C600 3x"},"classes":[]},{"id":1276,"url":"http:\/\/vincentians.com\/es\/5o-domingo-de-t-o-reflexion-de-mario-yepez-c-m\/","url_meta":{"origin":179094,"position":4},"title":"5\u00ba domingo de T.O. (reflexi\u00f3n de Mario Y\u00e9pez, C.M.)","author":"Francisco Javier Fern\u00e1ndez Chento","date":"05\/02\/2012","format":false,"excerpt":"Tan pronto leo y escucho el libro de Job siento el inevitable desaf\u00edo de contrastar mi vida cotidiana con el deseo de sentirme feliz con ella y, sobre todo, si con el desarrollo de la misma confirmo mi fe en Dios. Cada vez me voy convenciendo que es en lo\u2026","rel":"","context":"En \u00abHomil\u00edas y reflexiones, A\u00f1o B\u00bb","block_context":{"text":"Homil\u00edas y reflexiones, A\u00f1o B","link":"http:\/\/vincentians.com\/es\/category\/homilias-y-reflexiones-a-la-palabra-de-dios\/homilias-y-reflexiones-ano-b\/"},"img":{"alt_text":"","src":"https:\/\/i0.wp.com\/vincentians.com\/es\/wp-content\/uploads\/sites\/11\/2016\/07\/reflexiones-palabra-de-dios.jpg?fit=1200%2C630&resize=350%2C200","width":350,"height":200,"srcset":"https:\/\/i0.wp.com\/vincentians.com\/es\/wp-content\/uploads\/sites\/11\/2016\/07\/reflexiones-palabra-de-dios.jpg?fit=1200%2C630&resize=350%2C200 1x, https:\/\/i0.wp.com\/vincentians.com\/es\/wp-content\/uploads\/sites\/11\/2016\/07\/reflexiones-palabra-de-dios.jpg?fit=1200%2C630&resize=525%2C300 1.5x, https:\/\/i0.wp.com\/vincentians.com\/es\/wp-content\/uploads\/sites\/11\/2016\/07\/reflexiones-palabra-de-dios.jpg?fit=1200%2C630&resize=700%2C400 2x, https:\/\/i0.wp.com\/vincentians.com\/es\/wp-content\/uploads\/sites\/11\/2016\/07\/reflexiones-palabra-de-dios.jpg?fit=1200%2C630&resize=1050%2C600 3x"},"classes":[]},{"id":4178,"url":"http:\/\/vincentians.com\/es\/luisa-de-marillac-carta-0030-al-senor-abad-de-vaux\/","url_meta":{"origin":179094,"position":5},"title":"Luisa de Marillac, Carta 0030: Al se\u00f1or Abad de Vaux","author":"Francisco Javier Fern\u00e1ndez Chento","date":"06\/01\/2010","format":false,"excerpt":"Angers La Chapelle, en esta fiesta de Santa Ana (26 de julio de 1640) Se\u00f1or: Me he dado cuenta de que con frecuencia tiene usted que salir fuera de la ciudad y me parece que hay cierto desorden en nuestras Hermanas; no s\u00e9 si el se\u00f1or Lamberto habr\u00e1 ido por\u2026","rel":"","context":"En \u00abEscritos de Luisa de Marillac\u00bb","block_context":{"text":"Escritos de Luisa de Marillac","link":"http:\/\/vincentians.com\/es\/category\/escritos\/escritos-de-luisa-de-marillac\/"},"img":{"alt_text":"","src":"https:\/\/i0.wp.com\/vincentians.com\/es\/wp-content\/uploads\/sites\/11\/2016\/07\/escritos-luisa-de-marillac.jpg?fit=1200%2C630&resize=350%2C200","width":350,"height":200,"srcset":"https:\/\/i0.wp.com\/vincentians.com\/es\/wp-content\/uploads\/sites\/11\/2016\/07\/escritos-luisa-de-marillac.jpg?fit=1200%2C630&resize=350%2C200 1x, https:\/\/i0.wp.com\/vincentians.com\/es\/wp-content\/uploads\/sites\/11\/2016\/07\/escritos-luisa-de-marillac.jpg?fit=1200%2C630&resize=525%2C300 1.5x, https:\/\/i0.wp.com\/vincentians.com\/es\/wp-content\/uploads\/sites\/11\/2016\/07\/escritos-luisa-de-marillac.jpg?fit=1200%2C630&resize=700%2C400 2x, https:\/\/i0.wp.com\/vincentians.com\/es\/wp-content\/uploads\/sites\/11\/2016\/07\/escritos-luisa-de-marillac.jpg?fit=1200%2C630&resize=1050%2C600 3x"},"classes":[]}],"_links":{"self":[{"href":"http:\/\/vincentians.com\/es\/wp-json\/wp\/v2\/posts\/179094","targetHints":{"allow":["GET"]}}],"collection":[{"href":"http:\/\/vincentians.com\/es\/wp-json\/wp\/v2\/posts"}],"about":[{"href":"http:\/\/vincentians.com\/es\/wp-json\/wp\/v2\/types\/post"}],"author":[{"embeddable":true,"href":"http:\/\/vincentians.com\/es\/wp-json\/wp\/v2\/users\/4"}],"replies":[{"embeddable":true,"href":"http:\/\/vincentians.com\/es\/wp-json\/wp\/v2\/comments?post=179094"}],"version-history":[{"count":0,"href":"http:\/\/vincentians.com\/es\/wp-json\/wp\/v2\/posts\/179094\/revisions"}],"wp:featuredmedia":[{"embeddable":true,"href":"http:\/\/vincentians.com\/es\/wp-json\/wp\/v2\/media\/388408"}],"wp:attachment":[{"href":"http:\/\/vincentians.com\/es\/wp-json\/wp\/v2\/media?parent=179094"}],"wp:term":[{"taxonomy":"category","embeddable":true,"href":"http:\/\/vincentians.com\/es\/wp-json\/wp\/v2\/categories?post=179094"},{"taxonomy":"post_tag","embeddable":true,"href":"http:\/\/vincentians.com\/es\/wp-json\/wp\/v2\/tags?post=179094"}],"curies":[{"name":"wp","href":"https:\/\/api.w.org\/{rel}","templated":true}]}}