{"id":17711,"date":"2015-04-27T08:00:41","date_gmt":"2015-04-27T06:00:41","guid":{"rendered":"http:\/\/somos.vicencianos.org\/blog\/?p=17711"},"modified":"2015-04-27T08:00:41","modified_gmt":"2015-04-27T06:00:41","slug":"99-martires-de-angers-en-la-revolucion-francesa-1794","status":"publish","type":"post","link":"http:\/\/vincentians.com\/es\/99-martires-de-angers-en-la-revolucion-francesa-1794\/","title":{"rendered":"99 m\u00e1rtires de Angers en la Revoluci\u00f3n Francesa (1794)"},"content":{"rendered":"<div id=\"attachment_28965\" style=\"width: 212px\" class=\"wp-caption alignright\"><a href=\"https:\/\/i0.wp.com\/vicencianos.org\/wp-content\/2011\/01\/angers.jpg\"><img data-recalc-dims=\"1\" loading=\"lazy\" decoding=\"async\" aria-describedby=\"caption-attachment-28965\" class=\"size-full wp-image-28965\" title=\"M\u00e1rtires de Angers\" src=\"https:\/\/i0.wp.com\/vicencianos.org\/wp-content\/2011\/01\/angers.jpg?resize=202%2C249\" alt=\"M\u00e1rtires de Angers\" width=\"202\" height=\"249\" \/><\/a><p id=\"caption-attachment-28965\" class=\"wp-caption-text\">M\u00e1rtires de Angers<\/p><\/div>\n<p>Hombres y mujeres, consagrados y laicos, m\u00e1rtires de la Revoluci\u00f3n Francesa en la di\u00f3cesis de Angers en 1794, elevados a los altares por el Papa Juan Pablo II el 19 de febrero de 1984.<\/p>\n<p><em>Verdaderos cristianos que dan testimonio, con su negativa a odiar a sus verdugos y con su perd\u00f3n, su deseo de paz para todos: \u00abHe rogado al buen Dios por la paz y la unidad de todo el mundo\u00bb (Marie Cassin). Estos \u00faltimos momentos manifiestan la profundidad de su fe. Algunas cantaaban himnos y salmos hasta llegar al lugar del suplicio \u00abpidieron algunos minutos para rendir a Dios el ssacrificio de sus vidas, y lo hac\u00edan con tanto fervor que hasta sus verdugos quedaban at\u00f3nitos\u00bb. La hermana Marie-Anne, Hija de la Caridad, conforta as\u00ed a su hermana: \u00abtendremos la dicha de ver a Dios y poseerlo por toda la eternidad, yseremos por \u00e9l pose\u00edadas sin temor a ser separadas\u00bb. Son testimonios del Abad Gruget citados por el Papa Juan Pablo II en la misa de beatificaci\u00f3n de este grupo de mujeres que elev\u00f3 a los altares, junto con otros m\u00e1rtires de la Revoluci\u00f3n Francesa en la di\u00f3cesis de Angers, el 19 de febrero de 1984.<\/em><\/p>\n<p>Esta es la lista completa de los beatificados en esa misma ceremonia: se han dejado en italiano los nombres, tal como figuran en la lista del sitio vaticano, los dem\u00e1s t\u00e9rminos se han traducido.<\/p>\n<ol>\n<li>Guglielmo REPIN, m\u00e1rtir, sacerdote secular, nacido en Thouarc\u00e9, Francia, el 26 de agosto de 1709, muerto en Angers, Francia, el 2 de enero de 1794.<\/li>\n<li>Gabriella ANDROUIN, laica, nacida en Saint- Lambert-du-Lattay, Francia, el 6 de septiembre de 1755, muerta en Avrill\u00e9, Francia, el 1 de febrero de 1794.<\/li>\n<li>Pierina ANDROUIN, laica, nacida en Saint-Lambert- du-Lattay, Francia, el 31 de agosto de 1760, muerta en Avrill\u00e9, Francia, el 1 de febrero de 1794.<\/li>\n<li>Susanna ANDROUIN, laica, nacida en Saint- Lambert-du-Lattay, Francia, el 16 de marzo de 1757, muerta en Avrill\u00e9, Francia, el 1 de febrero de 1794.<\/li>\n<li>Lorenzo BATARD, sacerdote secular, nacido en Chalonnes-sur-Loire, Francia, el 4 de febrero de 1744, muerto en Angers, Francia, el 2 de enero de 1794.<\/li>\n<li>Vittoria BAUDUCEAU, casada con REVEILLERE, comerciante, nacida en Thouars, Francia, el 20 de septiembre de 1745, muerta en Avrill\u00e9, Francia, el 1 de febrero de 1794.<\/li>\n<li>Odilia BAUMGARTEN, Hija de la Caridad de San Vicente de Pa\u00fal, nacida en Gondrexange, Francia, el 15 de noviembre de 1750, muerta en Avrill\u00e9, Francia, el 1 de febrero de 1794.<\/li>\n<li>Francesca BELLANGER, laica, nacida en Angers, Francia, el 24 de junio de 1735, muerta en Avrill\u00e9, Francia, el 1 de febrero de 1794.<\/li>\n<li>Luisa BESSAY DE LA VOUTE, laica, noble, nacida en Saint-Mars-des-Pr\u00e9s, Francia, el 22 de agosto de 1721, muerta en Avrill\u00e9, Francia, el 10 de febrero de 1794.<\/li>\n<li>Pierina BESSON, laica, nacida en Les Essarts, Francia, intorno al 1743, muerta en Avrill\u00e9, Francia, el 1 de febrero de 1794.<\/li>\n<li>Maddalena BLOND, laica, campesina, nacida en Angers, Francia, intomo al 1764, muerta en Avrill\u00e9, Francia, el 1 de febrero de 1794.<\/li>\n<li>Francesca BONNEAU, laica, nacida en Saint-L\u00e9ger-des-Sois, Francia, intomo al 1764, muerta en Avrill\u00e9 el 1 de febrero de 1794.<\/li>\n<li>Renata BOURGEAIS, viuda de JURET, laica, campesina, nacida en Montjean, Francia, el 12 de noviembre de 1751, muerta en Avrill\u00e9, Francia, el 16 de abril de 1794.<\/li>\n<li>Giovanna BOURIGAULT, laica, campesina, nacida en Chaudefonts, Francia, el 24 de octubre de 1757, muerta en Avrill\u00e9, Francia, el 1 de febrero de 1794.<\/li>\n<li>Pierina BOURIGAULT, laica, campesina, nacida en Montjean, Francia, el 12 de noviembre de 1751, muerta en Avrill\u00e9, Francia, el 16 de abril de 1794.<\/li>\n<li>Maddalena CADY, laica, campesina, nacida en Chalonnes-sur-Loire, Francia, el 7 de abril de 1756, muerta en Avrill\u00e9 el 14 de abril de 1794.<\/li>\n<li>Renata CAILLEAU, casada con GIRAULT, campesina, nacida en Saint-Aubin-de-Luign\u00e9, Francia, el 6 de junio de 1762, muerta en Avrill\u00e9, Francia, el 1 de febrero de 1794.<\/li>\n<li>Maria CASSIN, laica, campesina, nacida en Chanteloup, Francia, el 21 de enero de 1750, muerta en Avrill\u00e9, Francia, el 1 de febrero de 1794.<\/li>\n<li>Francesco Luigi CHARTIER, sacerdote secular, nacido en Marign\u00e9 (Mayenne), Francia, el 6 de junio de 1762, muerto en Angers, Francia, el 22 de marzo de 1794.<\/li>\n<li>Maria Giovanna CHAUVIGNE, casada con RORTEAU, artesana, nacida en La Jumelli\u00e9re, Francia, el 21 de febrero de 1755, muerta en Avrill\u00e9, Francia, el 1 de febrero de 1794.<\/li>\n<li>Simona CHAUVIGNE, casada con CHARBONNEAU, artesana, nacida en Chaudefonds, Francia, el 12 de marzo de 1728, muerta en Avrill\u00e9, Francia, el 1 de febrero de 1794.<\/li>\n<li>Caterina COTTENCEAU, laica, artesana, nacida en Bressuire, Francia, intorno al 1733, muerta en Avrill\u00e9, Francia, el 1de febrero de 1794.<\/li>\n<li>Carlotta DAVY, laica, artesana, nacida en Chalonnes-sur-Loire, Francia, el 19 de octubre de 1760, muerta en Avrill\u00e9, Francia, el 1de febrero de 1794.<\/li>\n<li>Luisa Amata DEAN DE LUIGNE, laica, noble, nacida en Argenton, Francia, el 17 de noviembre de 1757, muerta en Avrill\u00e9, Francia, el 1 de febrero de 1794.<\/li>\n<li>Maria DE LA DIVE, viuda de DU VERDIER, noble, nacida en Samt-Crespin-sur-Moine, Francia, el 18 de mayo de 1723, muerta en Angers, Francia, el 26 de enero de 1794.<\/li>\n<li>Pietro DELEPINE, laico, artesano, nacido en Marign\u00e9 (Maine-et-Loire), Francia, el 24 de mayo de 1732, muerto en Awill\u00e9, Francia, el 16 de abril de 1794.<\/li>\n<li>Anna Francesca DE VTLLENUEVE, laica, noble, nacida en Seiches, Francia, l&#8217;Il de septiembre de 1741, muerta en Avrill\u00e9, Francia, el 1 de febrero de 1794.<\/li>\n<li>Caterina DU VERDIER DE LA SORINIERE, laica, noble, nacida en Chemill\u00e9, Francia, el 29 de julio de 1758, muerta en Avrill\u00e9, Francia, el 10 de febrero de 1794.<\/li>\n<li>Maria Lnisa DU VERDIER DE LA SORINIERE, laica, noble, nacida en Chemill\u00e9, Francia, el 27 de junio de 1765, muerta en Avrill\u00e9, Francia, el 10 de febrero de 1794.<\/li>\n<li>Rosalia DU VERDIER DE LA SORINIERE, noble, monja del Calvario, nacida en Chemill\u00e9, Francia, el 12 de agosto de 1745, muerta en Angers, Francia, el 27 de enero de 1794.<\/li>\n<li>Andrea FARDEAU, sacerdote secular, nacido en Soucelles, Francia, el 19 de noviembre de 1761, muerto en Angers, Francia, el 24 de agosto de 1794.<\/li>\n<li>Maria FASSEUSE, laica, artesana, nacida en Bouesse, Francia, hacia el 1741, muerta en Avrill\u00e9, Francia, el 1 de febrero de 1794.<\/li>\n<li>Renata Maria FEILLATREAU, viuda de DUMONT, artesana, nacida en Angers, Francia, 1&#8217;8 de febrero de 1751, muerta en Angers, el 28 de marzo de 1794.<\/li>\n<li>Maria FORESTBER, laica, campesina, nacida en Montjean, Francia, el 6 de enero de 1768, muerta en Avrill\u00e9, Francia, el 16 de abril de 1794.<\/li>\n<li>Giovanna FOUCARD, viuda de CHALONNEAU, artesana, nacida en Chalomies-sur-Loire, Francia, el 12 de septiembre de 1747, muerta en Avrill\u00e9, Francia, el 1 de febrero de 1794.<\/li>\n<li>Antonio FOURNIER, laico, artesano, nacido en La Poitevini\u00e9re, Francia, el 26 de enero de 1736, muerto en Avrill\u00e9, Francia, el 12 de enero de 1794.<\/li>\n<li>Pietro FREMOND, laico, contadino, nacido en Chaudefonds, Francia, el 16 de septiembre de 1754, muerto en Avrill\u00e9, Francia, el 10 de febrero de 1794.<\/li>\n<li>Maria GALLARD, casada con QUESSON, nacida en Saint-Laurent-de-la-Plaine) Francia, intorno 1740, muerta en Avrill\u00e9, Francia, el 1 de febrero de 1794.<\/li>\n<li>Maria GASNIER, casada con MERCIER, artesana, nacida en M\u00e9nil, Francia, 1&#8217;8 de noviembre de 1756, muerta en Avrill\u00e9, Francia,&#8217; el 1 de febrero de 1794.<\/li>\n<li>Maria GINGCENEAU, viuda de COUEFFARD, campesina, nacida en Le Mesnil, Francia, intorno al 1729, muerta en Avrill\u00e9, Francia, el 16 de abril de 1794.<\/li>\n<li>Giovanna GOURDON, viuda de MOREAU, campesina, nacida en Sainte-Christine, Francia, 1&#8217;8 de octubre de 1733, muerta en Avrill\u00e9, Francia, el 16 de abril de 1794.<\/li>\n<li>Maria GRILLARD, laica, artesana, nacida en Cholet, Francia, il5de octubre de 1753, muerta en Avrill\u00e9, Francia, el l\u00b0de febrero de 1794.<\/li>\n<li>Renata GRILLARD, laica, artesana, nacida en Cholet, Francia, el 10 de febrero de 1766, muerta en Avrill\u00e9, Francia, el 1 de febrero de 1794.<\/li>\n<li>Pierina GRILLE, laica, artesana, nacida en Rochefort-sur-Loire, Francia, el 6 de febrero de 1742, muerta en Avrill\u00e9, Francia el 1de febrero de 1794.<\/li>\n<li>Giovanna GRUGET, viuda de DOLY, comerciante, nacida en Beaupr\u00e9au, Francia, el 29 de abril de 1730, muerta en Avrill\u00e9, Francia, el 1de febrero de 1794.<\/li>\n<li>Vittoria GUSTEAU, laica, campesina, nacida en Chatillon, Francia, intomo al 1746, muerta en Avrill\u00e9, Francia, el 18 de enero de 1794.<\/li>\n<li>Maria Anna HACHER DU BOIS, laica, sierva, nacida en Jallais, Francia, el 3 de abril de 1765, muerta en Avrill\u00e9, Francia, el 10 de febrero de 1794.<\/li>\n<li>Anna HAMABD, laica, artesana, nacida en Saint-Cl\u00e9ment-de-la-Place, Francia, intomo al 1743, muerta en Avrill\u00e9, Francia, el 1de febrero de 1794.<\/li>\n<li>Giacomo LAIGNEAU DE LANGELLERIE, sacerdote secular, nacido en La Fl\u00e9che, Francia, el 19 de abril de 1747, muerto en Angers, Francia, el 14 de octubre de 1794.<\/li>\n<li>Giovanni Michele LANGEVIN, sacerdote secular, nacido en Ingrandes-sur-Loire, Francia, el 28 de septiembre de 1731, muerto en Angers, Francia, el 30 de octubre de 1793.<\/li>\n<li>Maria LARDETJX, laica, enfermera, nacida en Freign\u00e9, Francia, intomo al 1749, muerta en Avrill\u00e9, Francia, el l\u00e9de abril de 1794.<\/li>\n<li>Pierina LAURENT, laica, campesina, nacida en Louvainea,Francia, el 2 de septiembre de 1746, muerta en Avrill\u00e9, Francia, el 16 de abril de 17694.<\/li>\n<li>Giacomo LEDOYEN, sacerdote secular, nacido en Rochefort-sur-Loire, Francia, el 3 de abril de 1760, muerto en Angers, Francia, el 5 de enero de 1794.<\/li>\n<li>Pierina LEDOYEN, laica, campesina, nacida en Saint-Aubin-de-Luign\u00e9, el 16 de septiembre de 1764, muerta en Avrill\u00e9, Francia, el 1de febrero de 1794.<\/li>\n<li>Giovanna Maria LEDUC, casada con PAQUIER, campesina, nacida en Chalonnes-sur-Loire, Francia, el 10 de febrero de 1754, muerta en Avrill\u00e9, Francia, el 16 de abril de 1794.<\/li>\n<li>Giovanni Battista LEGO, sacerdote secular, nacido en La Fl\u00e9che, Francia, el 13 de mayo de 1766, muerto en Angers, Francia, el 1 de enero de 1794.<\/li>\n<li>Renato LEGO, sacerdote secular, nacido en La Fl\u00e9che, Francia, el 5 de octubre de 1764, muerto en Angers, Francia, el 1 de enero de 1794.<\/li>\n<li>Maria LENEE, casada con LEPAGE VARANCE, nacida en Saumur, Francia, intomo al 1729, muerta en Avrill\u00e9, Francia, el 1 de febrero de 1794.<\/li>\n<li>Maria LEROY, casada con BREVET, laica, artesana, nacida probablemente en Saint-Laurent-de-la-Plaine, Francia, intorno al 1756, muerta en Avrill\u00e9, Francia, el 1 de febrero de 1794.<\/li>\n<li>Maria LEROY, laica, obrera, nacida en Montilliers, Francia, el 19 de mayo de 1771, muerta en Avrill\u00e9, Francia, el 1 de febrero de 1794.<\/li>\n<li>Carlotta LUCAS, laica, maestra, nacida en Chalonnes-sur-Loire, el 1 de abril de 1752, muerta en Avrill\u00e9, Francia, el 18 de enero de 1794.<\/li>\n<li>Renata MARTIN, casada con L. MARTIN, laica, campesina, nacida probablemente en Chalonnes-sur-Loire, Francia, intomo al 1753, muerta en Avrill\u00e9, Francia, el 1 de febrero de 1794.<\/li>\n<li>Anna MAUGRAIN, laica, comerciante, nacida en Rochefort-sur-Loire, Francia, el 12 de abril de 1760, muerta en Avrill\u00e9, Francia, el 16 de abril de 1794.<\/li>\n<li>Giovanni MENARD, laico, obrero, nacido en Andign\u00e9, Francia, el 16 de noviembre de 1736, muerto en Avrill\u00e9, Francia, el 16 de abril de 1794.<\/li>\n<li>Francesca MICHAU, laica, obrera, nacida probablemente en La Pommeraye, Francia, intomo al 1766, muerta en Avrill\u00e9, Francia, el 1 de febrero de 1794.<\/li>\n<li>Francesca MICHENEAU, viuda de GELLOT, laica, obrera, nacida en Chanteloup, Francia, el 19 de mayo de 1737, muerta en Avrill\u00e9, Francia, el 16 de abril de 1794.<\/li>\n<li>Giacomina MONNIER, laica, campesina, nacida en Saint-Melaine, Francia, l&#8217;il de enero de 1726, muerta en Avrill\u00e9, Francia el 1 de febrero de 1794.<\/li>\n<li>Giuseppe MOREAU, sacerdote secular, nacido en Saint-Laurent-de-la-Plaine, Francia, el 21 de octubre de 1763, muerto en Angers Francia, el 18 de abril de 1794.<\/li>\n<li>Giovanna ONILLON, viuda de L. ONILLON, campesina, nacida en Montjean, Francia, el 19 de abril de 1753, muerta en Avrill\u00e9, Francia el 16 de abril de 1794.<\/li>\n<li>Francesca PAGIS, casada con ROULLEAU, laica, nacida en Gouis, Francia, el 14 de octubre de 1732, muerta en Avrill\u00e9&#8217; Francia, el 1 de febrero de 1794.<\/li>\n<li>Francesco PELTIER, sacerdote secular, nacido en Savenni\u00e9res, Francia, el 26 de abril de 1728, muerto en Angers, Francia, el 5 de enero de 1794.<\/li>\n<li>Maddalena PERROTIN, viuda de ROUSSEAU, laica, campesina, nacida en Sain-Germain-des-Pr\u00e9s, Francia, el 30 de marzo de 1744,muerta en Avrill\u00e9, Francia, el 1 de febrero de 1794.<\/li>\n<li>Pierina PHELYPPEAUX, casada con SAILLAND, laica, noble, nacida en Saumur, Francia, el 13 de mayo de 1740, muerta en Avrill\u00e9, Francia, el 1 de febrero de 1794.<\/li>\n<li>Maria PICHERY, viuda de DELAHAYE, laica, artesana, nacida en Chalonnes-sur-Loire, Francia, el 30 de julio de 1754, muerta en Avrill\u00e9, Francia, el 1 de febrero de 1794.<\/li>\n<li>Monica PICHERY, laica, comerciante, nacida en Chalonnes-sur-Loire, Francia, el 4 de abril de 1762, muerta en Avrill\u00e9, Francia, el 18 de enero de 1794.<\/li>\n<li>Maria PIOU, casada con SUPIOT, laica, campesina, nacida en Montrevault, Francia, el 19 de mayo de 1755, muerta en Avrill\u00e9 Francia el 16 de abril de 1794.<\/li>\n<li>Luisa POIKIER, casada con BARRE, laica, artesana, nacida en Le Longeron, Francia, el 22 de febrero de 1754, muerta en Avrill\u00e9 Francia el 10 de febrero de 1794.<\/li>\n<li>Pierina Renata POTIER, viuda de TURPAULT, laica, comerciante, nacida en Cl\u00e9r\u00e9-sur-Layon, Francia, el 26 de abril de 1750, muerta en Avrill\u00e9, Francia, el 16 de abril de 1794.<\/li>\n<li>Maria Genoveffa POULAIN DE LA FORESTRIE, laica, noble, nacida en Le-Lion-d&#8217;Angers, Francia, el 3 de enero de 1741, muerta en Avrill\u00e9, Francia, el 16 de abril de 1794.<\/li>\n<li>Marta POULAIN DE LA FORESTRIE, laica, noble, nacida en Le-Lion-d&#8217;Angers, Francia, el 2 de octubre de 1743, muerta en Avrill\u00e9, Francia, el 16 de abril de 1794.<\/li>\n<li>Felicita PRICET, laica, campesina, nacida en Ch\u00e1tillon, Francia, intomo al 1746, muerta en Avrill\u00e9, Francia, el 18 de enero de 1794.<\/li>\n<li>Rosa QUENION, laica, nacida en Moz\u00e9-sur-Louet, Francia, el 20 de enero de 1764, muerta en Avrill\u00e9, Francia, el 1 de febrero de 1794.<\/li>\n<li>Luisa RALLIER DE LA TERTINIERE, viuda de DEAN DE LUIGNE, noble, nacida en Ch\u00e1teau-Gontier, el 24 de abril de 1732, muerta en Avrill\u00e9, Francia, el 1 de febrero de 1794.<\/li>\n<li>Renata RIGAULT, casada con PAPIN, nacida en Saint-Plorent-le-Vieil, Francia, el 14 de mayo de 1750, muerta en Avrill\u00e9 Francia, el 16 de abril de 1794.<\/li>\n<li>Margherita RIVIERE, casada con HUAU, laica, comerciante, nacida en La-Fem\u00e9re-de-Fl\u00e9e, Francia, el 21 de agosto de 1756, muerta en Avrill\u00e9, Francia, el 1 de febrero de 1794.<\/li>\n<li>Margherita ROBIN, laica, obrera, nacida en Montjean, Francia, el 2 de diciembre de 1725, muerta en Avrill\u00e9, Francia, el 16 de abril de 1994.<\/li>\n<li>Maria ROCHARD, laica, nacida en Montjean, Francia, el 29 de abril de 1763, muerta en Avrill\u00e9, Francia, el 16 de abril de 1794.<\/li>\n<li>Maria ROGER, viuda de CHARTIER, hostelera, nacida en Montjean, Francia, el 14 de enero de 1727, muerta en Avrill\u00e9, Francia el 16 de abril de 1794.<\/li>\n<li>Maria ROUAULT, viuda de BOUJU, laica, campesina, nacida en Vezins, Francia, el 26 de octubre de 1744, muerta en Avrill\u00e9 Francia el 1 de febrero de 1794.<\/li>\n<li>Giovanna Maria SAILLAND D&#8217;EPINATZ, laica, noble, nacida en Samur, Francia, el 3 de julio de 1769, muerta en Avrill\u00e9 Francia, el 1 de febrero de 1794.<\/li>\n<li>Maddalena SAILLAND D&#8217;EPINATZ, laica, noble, nacida en Samur, Francia, el 9 de agosto de 1770, muerta en Avrill\u00e9, Francia el 1 de febrero de 1794.<\/li>\n<li>Pierina Giovanna SAILLAND D&#8217;EPINATZ, laica, noble, nacida en Samur, Francia, el 4 de marzo de 1768, muerta en Avrill\u00e9, Francia, el 1 de febrero de 1794.<\/li>\n<li>Maddalena SALLE, laica, campesina, nacida en Ch\u00e2teauneuf-sur-Sarthe, Francia, intorno al 1752, muerta en Avrill\u00e9, Francia el 16 de abril de 1794.<\/li>\n<li>Renata SEICHET, viuda de DACY, laica, campesina nacida en Beausse, Francia, el 28 de diciembre de 1753, muerta en Avrill\u00e9 Francia, el 16 de abril de 1794.<\/li>\n<li>Francesca SUHARD, viuda de MENARD, laica, campesina nacida en Sainte-Gemmes-d&#8217;Andign\u00e9, Francia, el 5 de febrero de 1731, muerta en Avrill\u00e9, Francia, el 16 de abril de 1794.<\/li>\n<li>Pietro TESSIER, sacerdote secular, nacido en Angers Francia, l&#8217;11 de mayo de 1766, muerto en Angers, Francia, el 5 de enero de 1794.<\/li>\n<li>Giovanna THOMAS, viuda de DELAUNAY, comerciante, nacida en Neuvy-en-Mauges, Francia, intorno al 1730, muerta en Avrill\u00e9, Francia, el 16 de abril de 1794.<\/li>\n<li>Maria Anna VAILLOT, Hija de la Caridad de San Vicente de Pa\u00fal, nacida en Fontainebleau, Francia, el 13 de mayo de 1734, muerta en Avrill\u00e9, Francia, el 1 de febrero de 1794.<\/li>\n<li>Renata VALIN, laica, artesana, nacida en Chaudefonds, l&#8217;8 de marzo de 1760, muerta en Avrill\u00e9, Francia, el 1 de febrero de 1794.<\/li>\n<\/ol>\n<p>Tumba: \u00abCampo de los m\u00e1rtires\u00bb, junto a la parroquia de S. Maurilio, Chalonnes, Francia.<\/p>\n<p>Breve de beatificaci\u00f3n: AAS, LXXVII (1985), pp. 278-280.<\/p>\n","protected":false},"excerpt":{"rendered":"<p>Hombres y mujeres, consagrados y laicos, m\u00e1rtires de la Revoluci\u00f3n Francesa en la di\u00f3cesis de Angers en 1794, elevados a los altares por el Papa Juan Pablo II el 19 de febrero de 1984. Verdaderos &#8230; <a href=\"http:\/\/vincentians.com\/es\/99-martires-de-angers-en-la-revolucion-francesa-1794\/\" class=\"more-link\">Read More<\/a><\/p>\n","protected":false},"author":4,"featured_media":143944,"comment_status":"open","ping_status":"open","sticky":false,"template":"","format":"standard","meta":{"jetpack_post_was_ever_published":false,"_jetpack_newsletter_access":"","_jetpack_dont_email_post_to_subs":false,"_jetpack_newsletter_tier_id":0,"_jetpack_memberships_contains_paywalled_content":false,"_jetpack_memberships_contains_paid_content":false,"footnotes":"","jetpack_publicize_message":"","jetpack_publicize_feature_enabled":true,"jetpack_social_post_already_shared":true,"jetpack_social_options":{"image_generator_settings":{"template":"highway","default_image_id":0,"font":"","enabled":false},"version":2}},"categories":[312],"tags":[173,144],"class_list":["post-17711","post","type-post","status-publish","format-standard","has-post-thumbnail","hentry","category-maria-ana-vaillot-y-odilia-baumgarten","tag-chatillon-les-dombes","tag-lambert"],"yoast_head":"<!-- This site is optimized with the Yoast SEO plugin v26.3 - https:\/\/yoast.com\/wordpress\/plugins\/seo\/ -->\n<title>99 m\u00e1rtires de Angers en la Revoluci\u00f3n Francesa (1794) - Somos Vicencianos<\/title>\n<meta name=\"robots\" content=\"index, follow, max-snippet:-1, max-image-preview:large, max-video-preview:-1\" \/>\n<link rel=\"canonical\" href=\"https:\/\/vincentians.com\/es\/99-martires-de-angers-en-la-revolucion-francesa-1794\/\" \/>\n<meta property=\"og:locale\" content=\"es_ES\" \/>\n<meta property=\"og:type\" content=\"article\" \/>\n<meta property=\"og:title\" content=\"99 m\u00e1rtires de Angers en la Revoluci\u00f3n Francesa (1794) - Somos Vicencianos\" \/>\n<meta property=\"og:description\" content=\"Hombres y mujeres, consagrados y laicos, m\u00e1rtires de la Revoluci\u00f3n Francesa en la di\u00f3cesis de Angers en 1794, elevados a los altares por el Papa Juan Pablo II el 19 de febrero de 1984. Verdaderos ... Read More\" \/>\n<meta property=\"og:url\" content=\"https:\/\/vincentians.com\/es\/99-martires-de-angers-en-la-revolucion-francesa-1794\/\" \/>\n<meta property=\"og:site_name\" content=\"Somos Vicencianos\" \/>\n<meta property=\"article:publisher\" content=\"https:\/\/www.facebook.com\/WeAreVincentians\/\" \/>\n<meta property=\"article:author\" content=\"https:\/\/www.facebook.com\/JavierChento\" \/>\n<meta property=\"article:published_time\" content=\"2015-04-27T06:00:41+00:00\" \/>\n<meta name=\"author\" content=\"Francisco Javier Fern\u00e1ndez Chento\" \/>\n<meta name=\"twitter:card\" content=\"summary_large_image\" \/>\n<meta name=\"twitter:creator\" content=\"@https:\/\/twitter.com\/javierchento\" \/>\n<meta name=\"twitter:site\" content=\"@WeVincentians\" \/>\n<meta name=\"twitter:label1\" content=\"Escrito por\" \/>\n\t<meta name=\"twitter:data1\" content=\"Francisco Javier Fern\u00e1ndez Chento\" \/>\n\t<meta name=\"twitter:label2\" content=\"Tiempo de lectura\" \/>\n\t<meta name=\"twitter:data2\" content=\"12 minutos\" \/>\n<script type=\"application\/ld+json\" class=\"yoast-schema-graph\">{\"@context\":\"https:\/\/schema.org\",\"@graph\":[{\"@type\":\"Article\",\"@id\":\"https:\/\/vincentians.com\/es\/99-martires-de-angers-en-la-revolucion-francesa-1794\/#article\",\"isPartOf\":{\"@id\":\"https:\/\/vincentians.com\/es\/99-martires-de-angers-en-la-revolucion-francesa-1794\/\"},\"author\":{\"name\":\"Francisco Javier Fern\u00e1ndez Chento\",\"@id\":\"https:\/\/vincentians.com\/es\/#\/schema\/person\/9623ef4d9aa3b2dfb8c061f1499288f2\"},\"headline\":\"99 m\u00e1rtires de Angers en la Revoluci\u00f3n Francesa (1794)\",\"datePublished\":\"2015-04-27T06:00:41+00:00\",\"mainEntityOfPage\":{\"@id\":\"https:\/\/vincentians.com\/es\/99-martires-de-angers-en-la-revolucion-francesa-1794\/\"},\"wordCount\":2410,\"commentCount\":0,\"publisher\":{\"@id\":\"https:\/\/vincentians.com\/es\/#organization\"},\"image\":{\"@id\":\"https:\/\/vincentians.com\/es\/99-martires-de-angers-en-la-revolucion-francesa-1794\/#primaryimage\"},\"thumbnailUrl\":\"\",\"keywords\":[\"Chatillon\",\"Lambert\"],\"articleSection\":[\"Mar\u00eda Ana Vaillot y Odilia Baumgarten\"],\"inLanguage\":\"es\",\"potentialAction\":[{\"@type\":\"CommentAction\",\"name\":\"Comment\",\"target\":[\"https:\/\/vincentians.com\/es\/99-martires-de-angers-en-la-revolucion-francesa-1794\/#respond\"]}]},{\"@type\":\"WebPage\",\"@id\":\"https:\/\/vincentians.com\/es\/99-martires-de-angers-en-la-revolucion-francesa-1794\/\",\"url\":\"https:\/\/vincentians.com\/es\/99-martires-de-angers-en-la-revolucion-francesa-1794\/\",\"name\":\"99 m\u00e1rtires de Angers en la Revoluci\u00f3n Francesa (1794) - Somos Vicencianos\",\"isPartOf\":{\"@id\":\"https:\/\/vincentians.com\/es\/#website\"},\"primaryImageOfPage\":{\"@id\":\"https:\/\/vincentians.com\/es\/99-martires-de-angers-en-la-revolucion-francesa-1794\/#primaryimage\"},\"image\":{\"@id\":\"https:\/\/vincentians.com\/es\/99-martires-de-angers-en-la-revolucion-francesa-1794\/#primaryimage\"},\"thumbnailUrl\":\"\",\"datePublished\":\"2015-04-27T06:00:41+00:00\",\"breadcrumb\":{\"@id\":\"https:\/\/vincentians.com\/es\/99-martires-de-angers-en-la-revolucion-francesa-1794\/#breadcrumb\"},\"inLanguage\":\"es\",\"potentialAction\":[{\"@type\":\"ReadAction\",\"target\":[\"https:\/\/vincentians.com\/es\/99-martires-de-angers-en-la-revolucion-francesa-1794\/\"]}]},{\"@type\":\"ImageObject\",\"inLanguage\":\"es\",\"@id\":\"https:\/\/vincentians.com\/es\/99-martires-de-angers-en-la-revolucion-francesa-1794\/#primaryimage\",\"url\":\"\",\"contentUrl\":\"\"},{\"@type\":\"BreadcrumbList\",\"@id\":\"https:\/\/vincentians.com\/es\/99-martires-de-angers-en-la-revolucion-francesa-1794\/#breadcrumb\",\"itemListElement\":[{\"@type\":\"ListItem\",\"position\":1,\"name\":\"Portada\",\"item\":\"https:\/\/vincentians.com\/es\/\"},{\"@type\":\"ListItem\",\"position\":2,\"name\":\"99 m\u00e1rtires de Angers en la Revoluci\u00f3n Francesa (1794)\"}]},{\"@type\":\"WebSite\",\"@id\":\"https:\/\/vincentians.com\/es\/#website\",\"url\":\"https:\/\/vincentians.com\/es\/\",\"name\":\"Somos Vicencianos\",\"description\":\"Know more to serve more\",\"publisher\":{\"@id\":\"https:\/\/vincentians.com\/es\/#organization\"},\"potentialAction\":[{\"@type\":\"SearchAction\",\"target\":{\"@type\":\"EntryPoint\",\"urlTemplate\":\"https:\/\/vincentians.com\/es\/?s={search_term_string}\"},\"query-input\":{\"@type\":\"PropertyValueSpecification\",\"valueRequired\":true,\"valueName\":\"search_term_string\"}}],\"inLanguage\":\"es\"},{\"@type\":\"Organization\",\"@id\":\"https:\/\/vincentians.com\/es\/#organization\",\"name\":\"The Vincentian Network\",\"url\":\"https:\/\/vincentians.com\/es\/\",\"logo\":{\"@type\":\"ImageObject\",\"inLanguage\":\"es\",\"@id\":\"https:\/\/vincentians.com\/es\/#\/schema\/logo\/image\/\",\"url\":\"https:\/\/i1.wp.com\/vincentians.com\/es\/wp-content\/uploads\/sites\/11\/2016\/06\/Vincentian-Network-logo-big.png?fit=778%2C778\",\"contentUrl\":\"https:\/\/i1.wp.com\/vincentians.com\/es\/wp-content\/uploads\/sites\/11\/2016\/06\/Vincentian-Network-logo-big.png?fit=778%2C778\",\"width\":778,\"height\":778,\"caption\":\"The Vincentian Network\"},\"image\":{\"@id\":\"https:\/\/vincentians.com\/es\/#\/schema\/logo\/image\/\"},\"sameAs\":[\"https:\/\/www.facebook.com\/WeAreVincentians\/\",\"https:\/\/x.com\/WeVincentians\"]},{\"@type\":\"Person\",\"@id\":\"https:\/\/vincentians.com\/es\/#\/schema\/person\/9623ef4d9aa3b2dfb8c061f1499288f2\",\"name\":\"Francisco Javier Fern\u00e1ndez Chento\",\"image\":{\"@type\":\"ImageObject\",\"inLanguage\":\"es\",\"@id\":\"https:\/\/vincentians.com\/es\/#\/schema\/person\/image\/\",\"url\":\"https:\/\/secure.gravatar.com\/avatar\/497d5cde87b4c3d097d0315953521681ba2cd523ee66e5077c3711f7021e65de?s=96&d=mm&r=g\",\"contentUrl\":\"https:\/\/secure.gravatar.com\/avatar\/497d5cde87b4c3d097d0315953521681ba2cd523ee66e5077c3711f7021e65de?s=96&d=mm&r=g\",\"caption\":\"Francisco Javier Fern\u00e1ndez Chento\"},\"description\":\"Director General y cofundador de La Red de Formaci\u00f3n Vicenciana. Javier es laico vicenciano, afiliado a la Congregaci\u00f3n de la Misi\u00f3n y miembro del Equipo de Misiones Populares de la provincia can\u00f3nica de Zaragoza (Espa\u00f1a) de la Congregaci\u00f3n de la Misi\u00f3n. Graduado en la Universidad Oberta de Catalunya con cuatro grados (Asistente de direcci\u00f3n, Gesti\u00f3n Administrativa, Recursos Humanos y Contabilidad Avanzada). Bil\u00edng\u00fce Espa\u00f1ol\/Ingl\u00e9s. gestiona y mantiene varias p\u00e1ginas web cristianas y vicencianas, incluida including La Red de Formaci\u00f3n Vicenciana, de la que es cofundador. Actualmente es responsable del \u00e1rea de Espa\u00f1ol de .famvin, la Red de Noticias de la Familia Vicenciana. Tambi\u00e9n es m\u00fasico cat\u00f3lico y ha editado varios discos. Es Director General y cofundador de Trovador, una reconocida compa\u00f1\u00eda discogr\u00e1fica critiana de Espa\u00f1a. Trabaja en las Tecnolog\u00edas de la Informaci\u00f3n, ofreciendo servicios de alojamiento, dise\u00f1o y mantenimiento Web, as\u00ed como asesoramiento, formaci\u00f3n y soluciones inform\u00e1ticas, gesti\u00f3n documental y digitalizaci\u00f3n de textos, edici\u00f3n y maquetaci\u00f3n de libros, revistas, flyers, etc.\",\"sameAs\":[\"http:\/\/chento.org\",\"https:\/\/www.facebook.com\/JavierChento\",\"https:\/\/x.com\/https:\/\/twitter.com\/javierchento\"],\"url\":\"http:\/\/vincentians.com\/es\/author\/chento\/\"}]}<\/script>\n<!-- \/ Yoast SEO plugin. -->","yoast_head_json":{"title":"99 m\u00e1rtires de Angers en la Revoluci\u00f3n Francesa (1794) - Somos Vicencianos","robots":{"index":"index","follow":"follow","max-snippet":"max-snippet:-1","max-image-preview":"max-image-preview:large","max-video-preview":"max-video-preview:-1"},"canonical":"https:\/\/vincentians.com\/es\/99-martires-de-angers-en-la-revolucion-francesa-1794\/","og_locale":"es_ES","og_type":"article","og_title":"99 m\u00e1rtires de Angers en la Revoluci\u00f3n Francesa (1794) - Somos Vicencianos","og_description":"Hombres y mujeres, consagrados y laicos, m\u00e1rtires de la Revoluci\u00f3n Francesa en la di\u00f3cesis de Angers en 1794, elevados a los altares por el Papa Juan Pablo II el 19 de febrero de 1984. Verdaderos ... Read More","og_url":"https:\/\/vincentians.com\/es\/99-martires-de-angers-en-la-revolucion-francesa-1794\/","og_site_name":"Somos Vicencianos","article_publisher":"https:\/\/www.facebook.com\/WeAreVincentians\/","article_author":"https:\/\/www.facebook.com\/JavierChento","article_published_time":"2015-04-27T06:00:41+00:00","author":"Francisco Javier Fern\u00e1ndez Chento","twitter_card":"summary_large_image","twitter_creator":"@https:\/\/twitter.com\/javierchento","twitter_site":"@WeVincentians","twitter_misc":{"Escrito por":"Francisco Javier Fern\u00e1ndez Chento","Tiempo de lectura":"12 minutos"},"schema":{"@context":"https:\/\/schema.org","@graph":[{"@type":"Article","@id":"https:\/\/vincentians.com\/es\/99-martires-de-angers-en-la-revolucion-francesa-1794\/#article","isPartOf":{"@id":"https:\/\/vincentians.com\/es\/99-martires-de-angers-en-la-revolucion-francesa-1794\/"},"author":{"name":"Francisco Javier Fern\u00e1ndez Chento","@id":"https:\/\/vincentians.com\/es\/#\/schema\/person\/9623ef4d9aa3b2dfb8c061f1499288f2"},"headline":"99 m\u00e1rtires de Angers en la Revoluci\u00f3n Francesa (1794)","datePublished":"2015-04-27T06:00:41+00:00","mainEntityOfPage":{"@id":"https:\/\/vincentians.com\/es\/99-martires-de-angers-en-la-revolucion-francesa-1794\/"},"wordCount":2410,"commentCount":0,"publisher":{"@id":"https:\/\/vincentians.com\/es\/#organization"},"image":{"@id":"https:\/\/vincentians.com\/es\/99-martires-de-angers-en-la-revolucion-francesa-1794\/#primaryimage"},"thumbnailUrl":"","keywords":["Chatillon","Lambert"],"articleSection":["Mar\u00eda Ana Vaillot y Odilia Baumgarten"],"inLanguage":"es","potentialAction":[{"@type":"CommentAction","name":"Comment","target":["https:\/\/vincentians.com\/es\/99-martires-de-angers-en-la-revolucion-francesa-1794\/#respond"]}]},{"@type":"WebPage","@id":"https:\/\/vincentians.com\/es\/99-martires-de-angers-en-la-revolucion-francesa-1794\/","url":"https:\/\/vincentians.com\/es\/99-martires-de-angers-en-la-revolucion-francesa-1794\/","name":"99 m\u00e1rtires de Angers en la Revoluci\u00f3n Francesa (1794) - Somos Vicencianos","isPartOf":{"@id":"https:\/\/vincentians.com\/es\/#website"},"primaryImageOfPage":{"@id":"https:\/\/vincentians.com\/es\/99-martires-de-angers-en-la-revolucion-francesa-1794\/#primaryimage"},"image":{"@id":"https:\/\/vincentians.com\/es\/99-martires-de-angers-en-la-revolucion-francesa-1794\/#primaryimage"},"thumbnailUrl":"","datePublished":"2015-04-27T06:00:41+00:00","breadcrumb":{"@id":"https:\/\/vincentians.com\/es\/99-martires-de-angers-en-la-revolucion-francesa-1794\/#breadcrumb"},"inLanguage":"es","potentialAction":[{"@type":"ReadAction","target":["https:\/\/vincentians.com\/es\/99-martires-de-angers-en-la-revolucion-francesa-1794\/"]}]},{"@type":"ImageObject","inLanguage":"es","@id":"https:\/\/vincentians.com\/es\/99-martires-de-angers-en-la-revolucion-francesa-1794\/#primaryimage","url":"","contentUrl":""},{"@type":"BreadcrumbList","@id":"https:\/\/vincentians.com\/es\/99-martires-de-angers-en-la-revolucion-francesa-1794\/#breadcrumb","itemListElement":[{"@type":"ListItem","position":1,"name":"Portada","item":"https:\/\/vincentians.com\/es\/"},{"@type":"ListItem","position":2,"name":"99 m\u00e1rtires de Angers en la Revoluci\u00f3n Francesa (1794)"}]},{"@type":"WebSite","@id":"https:\/\/vincentians.com\/es\/#website","url":"https:\/\/vincentians.com\/es\/","name":"Somos Vicencianos","description":"Know more to serve more","publisher":{"@id":"https:\/\/vincentians.com\/es\/#organization"},"potentialAction":[{"@type":"SearchAction","target":{"@type":"EntryPoint","urlTemplate":"https:\/\/vincentians.com\/es\/?s={search_term_string}"},"query-input":{"@type":"PropertyValueSpecification","valueRequired":true,"valueName":"search_term_string"}}],"inLanguage":"es"},{"@type":"Organization","@id":"https:\/\/vincentians.com\/es\/#organization","name":"The Vincentian Network","url":"https:\/\/vincentians.com\/es\/","logo":{"@type":"ImageObject","inLanguage":"es","@id":"https:\/\/vincentians.com\/es\/#\/schema\/logo\/image\/","url":"https:\/\/i1.wp.com\/vincentians.com\/es\/wp-content\/uploads\/sites\/11\/2016\/06\/Vincentian-Network-logo-big.png?fit=778%2C778","contentUrl":"https:\/\/i1.wp.com\/vincentians.com\/es\/wp-content\/uploads\/sites\/11\/2016\/06\/Vincentian-Network-logo-big.png?fit=778%2C778","width":778,"height":778,"caption":"The Vincentian Network"},"image":{"@id":"https:\/\/vincentians.com\/es\/#\/schema\/logo\/image\/"},"sameAs":["https:\/\/www.facebook.com\/WeAreVincentians\/","https:\/\/x.com\/WeVincentians"]},{"@type":"Person","@id":"https:\/\/vincentians.com\/es\/#\/schema\/person\/9623ef4d9aa3b2dfb8c061f1499288f2","name":"Francisco Javier Fern\u00e1ndez Chento","image":{"@type":"ImageObject","inLanguage":"es","@id":"https:\/\/vincentians.com\/es\/#\/schema\/person\/image\/","url":"https:\/\/secure.gravatar.com\/avatar\/497d5cde87b4c3d097d0315953521681ba2cd523ee66e5077c3711f7021e65de?s=96&d=mm&r=g","contentUrl":"https:\/\/secure.gravatar.com\/avatar\/497d5cde87b4c3d097d0315953521681ba2cd523ee66e5077c3711f7021e65de?s=96&d=mm&r=g","caption":"Francisco Javier Fern\u00e1ndez Chento"},"description":"Director General y cofundador de La Red de Formaci\u00f3n Vicenciana. Javier es laico vicenciano, afiliado a la Congregaci\u00f3n de la Misi\u00f3n y miembro del Equipo de Misiones Populares de la provincia can\u00f3nica de Zaragoza (Espa\u00f1a) de la Congregaci\u00f3n de la Misi\u00f3n. Graduado en la Universidad Oberta de Catalunya con cuatro grados (Asistente de direcci\u00f3n, Gesti\u00f3n Administrativa, Recursos Humanos y Contabilidad Avanzada). Bil\u00edng\u00fce Espa\u00f1ol\/Ingl\u00e9s. gestiona y mantiene varias p\u00e1ginas web cristianas y vicencianas, incluida including La Red de Formaci\u00f3n Vicenciana, de la que es cofundador. Actualmente es responsable del \u00e1rea de Espa\u00f1ol de .famvin, la Red de Noticias de la Familia Vicenciana. Tambi\u00e9n es m\u00fasico cat\u00f3lico y ha editado varios discos. Es Director General y cofundador de Trovador, una reconocida compa\u00f1\u00eda discogr\u00e1fica critiana de Espa\u00f1a. Trabaja en las Tecnolog\u00edas de la Informaci\u00f3n, ofreciendo servicios de alojamiento, dise\u00f1o y mantenimiento Web, as\u00ed como asesoramiento, formaci\u00f3n y soluciones inform\u00e1ticas, gesti\u00f3n documental y digitalizaci\u00f3n de textos, edici\u00f3n y maquetaci\u00f3n de libros, revistas, flyers, etc.","sameAs":["http:\/\/chento.org","https:\/\/www.facebook.com\/JavierChento","https:\/\/x.com\/https:\/\/twitter.com\/javierchento"],"url":"http:\/\/vincentians.com\/es\/author\/chento\/"}]}},"jetpack_publicize_connections":[],"jetpack_featured_media_url":"","jetpack_sharing_enabled":true,"jetpack_shortlink":"https:\/\/wp.me\/p7ETMF-4BF","jetpack-related-posts":[{"id":30043,"url":"http:\/\/vincentians.com\/es\/las-martires-de-angers\/","url_meta":{"origin":17711,"position":0},"title":"Las m\u00e1rtires de Angers","author":"Francisco Javier Fern\u00e1ndez Chento","date":"09\/08\/2021","format":false,"excerpt":"Sor Mar\u00eda Ana Vaillot Hija de la Caridad, Virgen y M\u00e1rtir (1734 - 1794) Fiesta el dia 01 de Febrero Maria Ana Vaillot naci\u00f3 en Fontenebleau y fue bautizada el 13 de mayo de 1734 por el P. Francisco Brunet, Sacerdote de la Misi\u00f3n. Fue hija \u00fanica pues dos a\u00f1os\u2026","rel":"","context":"En \u00abMar\u00eda Ana Vaillot y Odilia Baumgarten\u00bb","block_context":{"text":"Mar\u00eda Ana Vaillot y Odilia Baumgarten","link":"http:\/\/vincentians.com\/es\/category\/la-familia-vicenciana\/la-familia-vicenciana-en-los-altares\/beatos\/maria-ana-vaillot-y-odilia-baumgarten\/"},"img":{"alt_text":"","src":"https:\/\/i0.wp.com\/vincentians.com\/es\/wp-content\/uploads\/sites\/11\/2011\/11\/HIjas-Caridad.jpg?fit=1200%2C600&resize=350%2C200","width":350,"height":200,"srcset":"https:\/\/i0.wp.com\/vincentians.com\/es\/wp-content\/uploads\/sites\/11\/2011\/11\/HIjas-Caridad.jpg?fit=1200%2C600&resize=350%2C200 1x, https:\/\/i0.wp.com\/vincentians.com\/es\/wp-content\/uploads\/sites\/11\/2011\/11\/HIjas-Caridad.jpg?fit=1200%2C600&resize=525%2C300 1.5x, https:\/\/i0.wp.com\/vincentians.com\/es\/wp-content\/uploads\/sites\/11\/2011\/11\/HIjas-Caridad.jpg?fit=1200%2C600&resize=700%2C400 2x, https:\/\/i0.wp.com\/vincentians.com\/es\/wp-content\/uploads\/sites\/11\/2011\/11\/HIjas-Caridad.jpg?fit=1200%2C600&resize=1050%2C600 3x"},"classes":[]},{"id":28968,"url":"http:\/\/vincentians.com\/es\/beatas-martires-de-angers-sor-ana-maria-vaillot-y-sor-otilia-baumgarten\/","url_meta":{"origin":17711,"position":1},"title":"Beatas m\u00e1rtires de Angers, Sor Ana Mar\u00eda Vaillot y Sor Otilia Baumgarten","author":"Francisco Javier Fern\u00e1ndez Chento","date":"21\/10\/2024","format":false,"excerpt":"El 1 de febrero de 1794 fueron fusiladas en Angers por haberse negado a prestar el juramento cism\u00e1tico. En un campo situado a las afueras de la ciudad fueron ejecutadas juntamente con otras noventa y siete personas. El largo cortejo de los condenados iba precedido por un grupo de sujetos\u2026","rel":"","context":"En \u00abMar\u00eda Ana Vaillot y Odilia Baumgarten\u00bb","block_context":{"text":"Mar\u00eda Ana Vaillot y Odilia Baumgarten","link":"http:\/\/vincentians.com\/es\/category\/la-familia-vicenciana\/la-familia-vicenciana-en-los-altares\/beatos\/maria-ana-vaillot-y-odilia-baumgarten\/"},"img":{"alt_text":"","src":"https:\/\/i0.wp.com\/vincentians.com\/es\/wp-content\/uploads\/sites\/11\/2013\/01\/c.jpg?fit=979%2C739&resize=350%2C200","width":350,"height":200,"srcset":"https:\/\/i0.wp.com\/vincentians.com\/es\/wp-content\/uploads\/sites\/11\/2013\/01\/c.jpg?fit=979%2C739&resize=350%2C200 1x, https:\/\/i0.wp.com\/vincentians.com\/es\/wp-content\/uploads\/sites\/11\/2013\/01\/c.jpg?fit=979%2C739&resize=525%2C300 1.5x, https:\/\/i0.wp.com\/vincentians.com\/es\/wp-content\/uploads\/sites\/11\/2013\/01\/c.jpg?fit=979%2C739&resize=700%2C400 2x"},"classes":[]},{"id":72988,"url":"http:\/\/vincentians.com\/es\/las-hijas-de-la-caridad-martires-de-la-fe-i\/","url_meta":{"origin":17711,"position":2},"title":"Las Hijas de la Caridad. M\u00e1rtires de la Fe (I)","author":"Mitxel Olabu\u00e9naga","date":"06\/01\/2019","format":false,"excerpt":"Hablando del Martirio a sus Misioneros, en noviembre de 1656, San Vicente les dec\u00eda: \"Deber\u00edamos pedirle muchas veces a Dios esta gracia y esta disposici\u00f3n, de estar prontos a exponer nuestras vidas por su gloria y por la salvaci\u00f3n del pr\u00f3jimo, todos los que aqu\u00ed estamos...\" (S\u00edg. XI\/3, p.258). Repetidas\u2026","rel":"","context":"En \u00abBiograf\u00edas de Hijas de la Caridad\u00bb","block_context":{"text":"Biograf\u00edas de Hijas de la Caridad","link":"http:\/\/vincentians.com\/es\/category\/la-familia-vicenciana\/biografias-vicencianas\/biografias-de-hijas-de-la-caridad\/"},"img":{"alt_text":"","src":"https:\/\/i0.wp.com\/vincentians.com\/es\/wp-content\/uploads\/sites\/11\/2016\/07\/bio-hc.jpg?fit=1200%2C630&resize=350%2C200","width":350,"height":200,"srcset":"https:\/\/i0.wp.com\/vincentians.com\/es\/wp-content\/uploads\/sites\/11\/2016\/07\/bio-hc.jpg?fit=1200%2C630&resize=350%2C200 1x, https:\/\/i0.wp.com\/vincentians.com\/es\/wp-content\/uploads\/sites\/11\/2016\/07\/bio-hc.jpg?fit=1200%2C630&resize=525%2C300 1.5x, https:\/\/i0.wp.com\/vincentians.com\/es\/wp-content\/uploads\/sites\/11\/2016\/07\/bio-hc.jpg?fit=1200%2C630&resize=700%2C400 2x, https:\/\/i0.wp.com\/vincentians.com\/es\/wp-content\/uploads\/sites\/11\/2016\/07\/bio-hc.jpg?fit=1200%2C630&resize=1050%2C600 3x"},"classes":[]},{"id":42191,"url":"http:\/\/vincentians.com\/es\/beatas-maria-magdalena-fontaine-y-companeras-las-martires-de-arras\/","url_meta":{"origin":17711,"position":3},"title":"Beatas Mar\u00eda Magdalena Fontaine y compa\u00f1eras, las m\u00e1rtires de Arras","author":"Francisco Javier Fern\u00e1ndez Chento","date":"26\/06\/2019","format":false,"excerpt":"Mar\u00eda Magdalena Fontaine y tres compa\u00f1eras: Mar\u00eda Francisca Lanel, Teresa Magdalena Fantou y Juana Gerard son conocidas como las m\u00e1rtires de Cambrai, pues all\u00ed murieron v\u00edctimas de la Revoluci\u00f3n Francesa, el 26 de junio de 1794, mientras ejerc\u00edan su misi\u00f3n de servicio al pobre. Cuando comenz\u00f3 la Revoluci\u00f3n Francesa, en\u2026","rel":"","context":"En \u00abMar\u00eda Magdalena Fontaine y Compa\u00f1eras\u00bb","block_context":{"text":"Mar\u00eda Magdalena Fontaine y Compa\u00f1eras","link":"http:\/\/vincentians.com\/es\/category\/la-familia-vicenciana\/la-familia-vicenciana-en-los-altares\/beatos\/maria-magdalena-fontaine-y-companeras\/"},"img":{"alt_text":"","src":"https:\/\/i0.wp.com\/vincentians.com\/es\/wp-content\/uploads\/sites\/11\/2017\/10\/hijas-caridad1.jpg?fit=846%2C446&resize=350%2C200","width":350,"height":200,"srcset":"https:\/\/i0.wp.com\/vincentians.com\/es\/wp-content\/uploads\/sites\/11\/2017\/10\/hijas-caridad1.jpg?fit=846%2C446&resize=350%2C200 1x, https:\/\/i0.wp.com\/vincentians.com\/es\/wp-content\/uploads\/sites\/11\/2017\/10\/hijas-caridad1.jpg?fit=846%2C446&resize=525%2C300 1.5x, https:\/\/i0.wp.com\/vincentians.com\/es\/wp-content\/uploads\/sites\/11\/2017\/10\/hijas-caridad1.jpg?fit=846%2C446&resize=700%2C400 2x"},"classes":[]},{"id":45543,"url":"http:\/\/vincentians.com\/es\/beatas-maria-ana-vaillot-y-odilia-baumgarten\/","url_meta":{"origin":17711,"position":4},"title":"Beatas Mar\u00eda Ana Vaillot y Odilia Baumgarten","author":"Francisco Javier Fern\u00e1ndez Chento","date":"01\/02\/2015","format":false,"excerpt":"Hijas de la Caridad del Hospital San Juan, de Angers, fueron ejecutadas durante la Revoluci\u00f3n Francesa, el 1 de febrero de 1794, junto con otros muchos m\u00e1rtires. Mar\u00eda Ana Vaillot naci\u00f3 en Fontainebleau el 13 de mayo de 1736 y entr\u00f3 en la Compa\u00f1\u00eda de las Hijas de la Caridad\u2026","rel":"","context":"En \u00abMar\u00eda Ana Vaillot y Odilia Baumgarten\u00bb","block_context":{"text":"Mar\u00eda Ana Vaillot y Odilia Baumgarten","link":"http:\/\/vincentians.com\/es\/category\/la-familia-vicenciana\/la-familia-vicenciana-en-los-altares\/beatos\/maria-ana-vaillot-y-odilia-baumgarten\/"},"img":{"alt_text":"AnaVaillot","src":"https:\/\/i0.wp.com\/vicencianos.org\/wp-content\/2014\/02\/AnaVaillot-234x300.jpg?resize=350%2C200","width":350,"height":200},"classes":[]},{"id":119592,"url":"http:\/\/vincentians.com\/es\/las-hijas-de-la-caridad-durante-la-revolucion-francesa\/","url_meta":{"origin":17711,"position":5},"title":"Las Hijas de la Caridad durante la Revoluci\u00f3n Francesa","author":"Mitxel Olabu\u00e9naga","date":"07\/01\/2022","format":false,"excerpt":"A partir del 27 de noviembre de 1790, todos los eclesi\u00e1sticos deben prestar juramento a la Constituci\u00f3n civil del Clero. Las Hermanas se niegan a participar en las misas de los sacerdotes juramentados. A\u00f1o 1791 9 de abril de 1791 En Saint-Malo, las Hermanas son expulsadas y se marchan con\u2026","rel":"","context":"En \u00abHistoria de las Hijas de la Caridad\u00bb","block_context":{"text":"Historia de las Hijas de la Caridad","link":"http:\/\/vincentians.com\/es\/category\/historia-de-la-familia-vicenciana\/historia-de-las-hijas-de-la-caridad\/"},"img":{"alt_text":"","src":"https:\/\/i0.wp.com\/vincentians.com\/es\/wp-content\/uploads\/sites\/11\/2013\/04\/hijas-caridad1.jpg?fit=846%2C446&resize=350%2C200","width":350,"height":200,"srcset":"https:\/\/i0.wp.com\/vincentians.com\/es\/wp-content\/uploads\/sites\/11\/2013\/04\/hijas-caridad1.jpg?fit=846%2C446&resize=350%2C200 1x, https:\/\/i0.wp.com\/vincentians.com\/es\/wp-content\/uploads\/sites\/11\/2013\/04\/hijas-caridad1.jpg?fit=846%2C446&resize=525%2C300 1.5x, https:\/\/i0.wp.com\/vincentians.com\/es\/wp-content\/uploads\/sites\/11\/2013\/04\/hijas-caridad1.jpg?fit=846%2C446&resize=700%2C400 2x"},"classes":[]}],"_links":{"self":[{"href":"http:\/\/vincentians.com\/es\/wp-json\/wp\/v2\/posts\/17711","targetHints":{"allow":["GET"]}}],"collection":[{"href":"http:\/\/vincentians.com\/es\/wp-json\/wp\/v2\/posts"}],"about":[{"href":"http:\/\/vincentians.com\/es\/wp-json\/wp\/v2\/types\/post"}],"author":[{"embeddable":true,"href":"http:\/\/vincentians.com\/es\/wp-json\/wp\/v2\/users\/4"}],"replies":[{"embeddable":true,"href":"http:\/\/vincentians.com\/es\/wp-json\/wp\/v2\/comments?post=17711"}],"version-history":[{"count":0,"href":"http:\/\/vincentians.com\/es\/wp-json\/wp\/v2\/posts\/17711\/revisions"}],"wp:featuredmedia":[{"embeddable":true,"href":"http:\/\/vincentians.com\/es\/wp-json\/"}],"wp:attachment":[{"href":"http:\/\/vincentians.com\/es\/wp-json\/wp\/v2\/media?parent=17711"}],"wp:term":[{"taxonomy":"category","embeddable":true,"href":"http:\/\/vincentians.com\/es\/wp-json\/wp\/v2\/categories?post=17711"},{"taxonomy":"post_tag","embeddable":true,"href":"http:\/\/vincentians.com\/es\/wp-json\/wp\/v2\/tags?post=17711"}],"curies":[{"name":"wp","href":"https:\/\/api.w.org\/{rel}","templated":true}]}}