{"id":1765,"date":"2012-07-14T18:22:08","date_gmt":"2012-07-14T16:22:08","guid":{"rendered":"http:\/\/somos.vicencianos.org\/comentarios\/?p=1765"},"modified":"2016-07-24T10:29:49","modified_gmt":"2016-07-24T08:29:49","slug":"15o-domingo-de-tiempo-ordinario-reflexion-de-mario-yepez-c-m","status":"publish","type":"post","link":"http:\/\/vincentians.com\/es\/15o-domingo-de-tiempo-ordinario-reflexion-de-mario-yepez-c-m\/","title":{"rendered":"15\u00ba Domingo de Tiempo Ordinario (reflexi\u00f3n de Mario Y\u00e9pez, C.M.)"},"content":{"rendered":"<p><img data-recalc-dims=\"1\" loading=\"lazy\" decoding=\"async\" class=\"alignright size-full wp-image-95\" title=\"padre-mario\" src=\"https:\/\/i0.wp.com\/vicencianos.org\/comentarios\/files\/2010\/12\/padre-mario.jpg?resize=224%2C239\" alt=\"\" width=\"224\" height=\"239\" \/>Uno de los temas m\u00e1s vibrantes en el contexto de la monarqu\u00eda en Israel fue el rol de los profetas, hombres que de por s\u00ed alcanzaron un renombre p\u00fablico por su vinculaci\u00f3n con Dios o con la voluntad de Dios muy necesario para regir los destinos del gobierno y la prosperidad de Israel. El problema se gener\u00f3 cuando el perfil carism\u00e1tico del profetismo empez\u00f3 a convertirse en una especie de instituci\u00f3n obligatoria, como parte incluso del consejo del reino. Este conflicto se repite muchas veces en los escritos del Antiguo Testamento y Am\u00f3s ser\u00e1 uno de los que pondr\u00e1 en el tapete la verdadera esencia del profetismo.<\/p>\n<p>El profeta Am\u00f3s, probablemente habitante de la tierra de Jud\u00e1, es llamado para ejercer su ministerio prof\u00e9tico en el reino de Israel (Am 7,12). Esto ya de por s\u00ed encerraba un gran problema para Am\u00f3s, puesto que no pertenec\u00eda a las tribus del norte. Y es justamente lo que intenta reflejar este pasaje donde el sacerdote de Betel, Amas\u00edas, le ordena que pr\u00e1cticamente regrese de d\u00f3nde vino. Am\u00f3s plantea claramente por qu\u00e9 profetiza: \u00e9l no asume su profetismo como una profesi\u00f3n, \u00e9l ya tiene sus ocupaciones propias (pastor y cultivador de sic\u00f3moros &#8211; Am 7,14); y le hace ver a Amas\u00edas que hay una voluntad superior que le anima a continuar su ministerio purificando la verdadera naturaleza de la vocaci\u00f3n al servicio del pueblo. Por ello, molesta al rey y a los intereses del sacerdocio cism\u00e1tico de Betel que parece s\u00ed est\u00e1 emparentado con la institucionalidad de quedar bien con el rey desorientando del verdadero culto al pueblo (Am 7,13). La fortaleza de Am\u00f3s no se enmarca en una lucha de poder, sino en la b\u00fasqueda de la voluntad de Dios, del discernimiento de su acci\u00f3n en favor de su pueblo. No se enfrenta al sacerdote porque tenga un conflicto personal con \u00e9l; es llamado por Dios a guiar al pueblo en la verdad y \u00e9sta muchas veces duele, afecta, desestabiliza; es que es la Palabra de Dios (Am 7,15).<\/p>\n<p>Es esta b\u00fasqueda de la voluntad de Dios, la que nos presenta san Pablo en su exhortaci\u00f3n a los efesios como un plan misterioso de redenci\u00f3n que se nos ha manifestado portentosamente en Cristo (Ef 1,9). Y en ello, solo nos queda bendecir y alabar la gloria del Padre, porque en su Hijo, el Amado (Ef 1,6), nos ha elegido para ser santos (Ef 1,4), para ser sus hijos por adopci\u00f3n (Ef 1,5). Cristo se convierte en el Mediador seguro de este plan de redenci\u00f3n y de esta manera al recibir esta buena noticia de salvaci\u00f3n (Ef 1,13) somos marcados a una dignidad que a\u00fan no conocemos pero que pregustamos de alguna forma hasta el momento oportuno donde toda la creaci\u00f3n sea recapitulado en Cristo (Ef 1,10). Sin duda, una maravillosa reflexi\u00f3n del misterioso plan de redenci\u00f3n del Padre que redunda en la fidelidad de los santos unidos en Cristo en el discernimiento cotidiano de esta voluntad salv\u00edfica que sobreabunda en gracia.<\/p>\n<p>El evangelista Marcos nos relata este primer env\u00edo de sus disc\u00edpulos en medio de una controversia inicial: la lucha contra el poder del mal. Marcos insiste en la manifestaci\u00f3n del poder de Dios en Jes\u00fas con la expulsi\u00f3n de los esp\u00edritus impuros, las sanaciones de las enfermedades y la ense\u00f1anza. Se van suscitando dos reacciones: la de asombro por parte del pueblo y de sus propios disc\u00edpulos y la de rechazo y resistencia por parte de las autoridades religiosas jud\u00edas. No parece ser el momento indicado, pero es preciso que el disc\u00edpulo vaya experimentando la tarea misionera, de caminar con lo indispensable (Mc 6,9), de compartir la suerte del que anuncia mensajes de paz obviamente con el riesgo de que quiz\u00e1 no sea escuchado (Mc 6,10); aunque sin llegar todav\u00eda a tocar propiamente el tema del conflicto mayor, que sobrevendr\u00e1 luego con el dilema de la cruz. Por ello quiz\u00e1 el evangelista quiera resaltar la euforia de este primer env\u00edo, exagerando incluso en el quehacer del disc\u00edpulo en algo que no estaba precisado en el autoridad encomendada por Jes\u00fas (cf Mc 6,7 con 6,13); pero que es parte justamente de este deseo inicial de hacer lo que hace Jes\u00fas.<\/p>\n<p>No es f\u00e1cil discernir la voluntad de Dios en tiempos de conflicto. Nos resulta siempre muy oscuro hacer el esfuerzo de encontrar juntos lo que Dios nos pide. No est\u00e1 mal motivarnos a emprender proyectos que nos beneficien y que ayuden tambi\u00e9n a los dem\u00e1s; pero a veces es necesario, guardar momentos de pausa, para saber si realmente esto que vamos haciendo realmente nos ayuda a ser mejores personas, a ser santos. Por ello, el tema no est\u00e1 tanto en los protagonismos, sino en lo que nos pueda ayudar a discernir mejor la voluntad de Dios. La cerraz\u00f3n y la terquedad; la intolerancia y la violencia nunca ayudar\u00e1n a ello; pero tampoco el des\u00e1nimo y el conformismo. Hay un deseo divino latente; y en Cristo todo esto cobra sentido. Nosotros los cristianismo tenemos la exigencia porque conocemos esta verdad; no hagamos de esto un patrimonio de pocos,<\/p>\n<p>ayudemos, provoquemos el di\u00e1logo y seamos colaboradores en las buenas ideas de hacer esta realidad cada vez m\u00e1s cercana a la realidad del Reino. A\u00fan a pesar de ello, aunque nuestras fuerzas se agoten en ello, hay una esperanza de saber que la semilla del evangelio anunciada por el mundo, har\u00e1 posible que se contin\u00fae. Este es nuestro ministerio y vocaci\u00f3n. Para esto hemos sido llamados. No olvides que tambi\u00e9n a trav\u00e9s de ti, como dice el salmo de este domingo: \u00abDios habla de paz a su pueblo y a sus fieles\u00bb.<\/p>\n<p>Que este deseo de paz y salud de parte de Dios sea de verdad nuestra motivaci\u00f3n para orientar siempre nuestras decisiones.<\/p>\n<p>&nbsp;<\/p>\n","protected":false},"excerpt":{"rendered":"<p>Uno de los temas m\u00e1s vibrantes en el contexto de la monarqu\u00eda en Israel fue el rol de los profetas, hombres que de por s\u00ed alcanzaron un renombre p\u00fablico por su vinculaci\u00f3n con Dios o &#8230; <a href=\"http:\/\/vincentians.com\/es\/15o-domingo-de-tiempo-ordinario-reflexion-de-mario-yepez-c-m\/\" class=\"more-link\">Read More<\/a><\/p>\n","protected":false},"author":4,"featured_media":388408,"comment_status":"open","ping_status":"open","sticky":false,"template":"","format":"standard","meta":{"jetpack_post_was_ever_published":false,"_jetpack_newsletter_access":"","_jetpack_dont_email_post_to_subs":false,"_jetpack_newsletter_tier_id":0,"_jetpack_memberships_contains_paywalled_content":false,"_jetpack_memberships_contains_paid_content":false,"footnotes":"","jetpack_publicize_message":"","jetpack_publicize_feature_enabled":true,"jetpack_social_post_already_shared":true,"jetpack_social_options":{"image_generator_settings":{"template":"highway","default_image_id":0,"font":"","enabled":false},"version":2}},"categories":[93],"tags":[],"class_list":["post-1765","post","type-post","status-publish","format-standard","has-post-thumbnail","hentry","category-homilias-y-reflexiones-ano-b"],"yoast_head":"<!-- This site is optimized with the Yoast SEO plugin v26.3 - https:\/\/yoast.com\/wordpress\/plugins\/seo\/ -->\n<title>15\u00ba Domingo de Tiempo Ordinario (reflexi\u00f3n de Mario Y\u00e9pez, C.M.) - Somos Vicencianos<\/title>\n<meta name=\"robots\" content=\"index, follow, max-snippet:-1, max-image-preview:large, max-video-preview:-1\" \/>\n<link rel=\"canonical\" href=\"http:\/\/vincentians.com\/es\/15o-domingo-de-tiempo-ordinario-reflexion-de-mario-yepez-c-m\/\" \/>\n<meta property=\"og:locale\" content=\"es_ES\" \/>\n<meta property=\"og:type\" content=\"article\" \/>\n<meta property=\"og:title\" content=\"15\u00ba Domingo de Tiempo Ordinario (reflexi\u00f3n de Mario Y\u00e9pez, C.M.) - Somos Vicencianos\" \/>\n<meta property=\"og:description\" content=\"Uno de los temas m\u00e1s vibrantes en el contexto de la monarqu\u00eda en Israel fue el rol de los profetas, hombres que de por s\u00ed alcanzaron un renombre p\u00fablico por su vinculaci\u00f3n con Dios o ... Read More\" \/>\n<meta property=\"og:url\" content=\"http:\/\/vincentians.com\/es\/15o-domingo-de-tiempo-ordinario-reflexion-de-mario-yepez-c-m\/\" \/>\n<meta property=\"og:site_name\" content=\"Somos Vicencianos\" \/>\n<meta property=\"article:publisher\" content=\"https:\/\/www.facebook.com\/WeAreVincentians\/\" \/>\n<meta property=\"article:author\" content=\"https:\/\/www.facebook.com\/JavierChento\" \/>\n<meta property=\"article:published_time\" content=\"2012-07-14T16:22:08+00:00\" \/>\n<meta property=\"article:modified_time\" content=\"2016-07-24T08:29:49+00:00\" \/>\n<meta property=\"og:image\" content=\"https:\/\/i0.wp.com\/vincentians.com\/es\/wp-content\/uploads\/sites\/11\/2016\/07\/reflexiones-palabra-de-dios.jpg?fit=1200%2C630\" \/>\n\t<meta property=\"og:image:width\" content=\"1200\" \/>\n\t<meta property=\"og:image:height\" content=\"630\" \/>\n\t<meta property=\"og:image:type\" content=\"image\/jpeg\" \/>\n<meta name=\"author\" content=\"Francisco Javier Fern\u00e1ndez Chento\" \/>\n<meta name=\"twitter:card\" content=\"summary_large_image\" \/>\n<meta name=\"twitter:creator\" content=\"@https:\/\/twitter.com\/javierchento\" \/>\n<meta name=\"twitter:site\" content=\"@WeVincentians\" \/>\n<meta name=\"twitter:label1\" content=\"Escrito por\" \/>\n\t<meta name=\"twitter:data1\" content=\"Francisco Javier Fern\u00e1ndez Chento\" \/>\n\t<meta name=\"twitter:label2\" content=\"Tiempo de lectura\" \/>\n\t<meta name=\"twitter:data2\" content=\"5 minutos\" \/>\n<script type=\"application\/ld+json\" class=\"yoast-schema-graph\">{\"@context\":\"https:\/\/schema.org\",\"@graph\":[{\"@type\":\"Article\",\"@id\":\"http:\/\/vincentians.com\/es\/15o-domingo-de-tiempo-ordinario-reflexion-de-mario-yepez-c-m\/#article\",\"isPartOf\":{\"@id\":\"http:\/\/vincentians.com\/es\/15o-domingo-de-tiempo-ordinario-reflexion-de-mario-yepez-c-m\/\"},\"author\":{\"name\":\"Francisco Javier Fern\u00e1ndez Chento\",\"@id\":\"https:\/\/vincentians.com\/es\/#\/schema\/person\/9623ef4d9aa3b2dfb8c061f1499288f2\"},\"headline\":\"15\u00ba Domingo de Tiempo Ordinario (reflexi\u00f3n de Mario Y\u00e9pez, C.M.)\",\"datePublished\":\"2012-07-14T16:22:08+00:00\",\"dateModified\":\"2016-07-24T08:29:49+00:00\",\"mainEntityOfPage\":{\"@id\":\"http:\/\/vincentians.com\/es\/15o-domingo-de-tiempo-ordinario-reflexion-de-mario-yepez-c-m\/\"},\"wordCount\":1020,\"commentCount\":0,\"publisher\":{\"@id\":\"https:\/\/vincentians.com\/es\/#organization\"},\"image\":{\"@id\":\"http:\/\/vincentians.com\/es\/15o-domingo-de-tiempo-ordinario-reflexion-de-mario-yepez-c-m\/#primaryimage\"},\"thumbnailUrl\":\"https:\/\/i0.wp.com\/vincentians.com\/es\/wp-content\/uploads\/sites\/11\/2016\/07\/reflexiones-palabra-de-dios.jpg?fit=1200%2C630\",\"articleSection\":[\"Homil\u00edas y reflexiones, A\u00f1o B\"],\"inLanguage\":\"es\",\"potentialAction\":[{\"@type\":\"CommentAction\",\"name\":\"Comment\",\"target\":[\"http:\/\/vincentians.com\/es\/15o-domingo-de-tiempo-ordinario-reflexion-de-mario-yepez-c-m\/#respond\"]}]},{\"@type\":\"WebPage\",\"@id\":\"http:\/\/vincentians.com\/es\/15o-domingo-de-tiempo-ordinario-reflexion-de-mario-yepez-c-m\/\",\"url\":\"http:\/\/vincentians.com\/es\/15o-domingo-de-tiempo-ordinario-reflexion-de-mario-yepez-c-m\/\",\"name\":\"15\u00ba Domingo de Tiempo Ordinario (reflexi\u00f3n de Mario Y\u00e9pez, C.M.) - Somos Vicencianos\",\"isPartOf\":{\"@id\":\"https:\/\/vincentians.com\/es\/#website\"},\"primaryImageOfPage\":{\"@id\":\"http:\/\/vincentians.com\/es\/15o-domingo-de-tiempo-ordinario-reflexion-de-mario-yepez-c-m\/#primaryimage\"},\"image\":{\"@id\":\"http:\/\/vincentians.com\/es\/15o-domingo-de-tiempo-ordinario-reflexion-de-mario-yepez-c-m\/#primaryimage\"},\"thumbnailUrl\":\"https:\/\/i0.wp.com\/vincentians.com\/es\/wp-content\/uploads\/sites\/11\/2016\/07\/reflexiones-palabra-de-dios.jpg?fit=1200%2C630\",\"datePublished\":\"2012-07-14T16:22:08+00:00\",\"dateModified\":\"2016-07-24T08:29:49+00:00\",\"breadcrumb\":{\"@id\":\"http:\/\/vincentians.com\/es\/15o-domingo-de-tiempo-ordinario-reflexion-de-mario-yepez-c-m\/#breadcrumb\"},\"inLanguage\":\"es\",\"potentialAction\":[{\"@type\":\"ReadAction\",\"target\":[\"http:\/\/vincentians.com\/es\/15o-domingo-de-tiempo-ordinario-reflexion-de-mario-yepez-c-m\/\"]}]},{\"@type\":\"ImageObject\",\"inLanguage\":\"es\",\"@id\":\"http:\/\/vincentians.com\/es\/15o-domingo-de-tiempo-ordinario-reflexion-de-mario-yepez-c-m\/#primaryimage\",\"url\":\"https:\/\/i0.wp.com\/vincentians.com\/es\/wp-content\/uploads\/sites\/11\/2016\/07\/reflexiones-palabra-de-dios.jpg?fit=1200%2C630\",\"contentUrl\":\"https:\/\/i0.wp.com\/vincentians.com\/es\/wp-content\/uploads\/sites\/11\/2016\/07\/reflexiones-palabra-de-dios.jpg?fit=1200%2C630\",\"width\":1200,\"height\":630},{\"@type\":\"BreadcrumbList\",\"@id\":\"http:\/\/vincentians.com\/es\/15o-domingo-de-tiempo-ordinario-reflexion-de-mario-yepez-c-m\/#breadcrumb\",\"itemListElement\":[{\"@type\":\"ListItem\",\"position\":1,\"name\":\"Portada\",\"item\":\"https:\/\/vincentians.com\/es\/\"},{\"@type\":\"ListItem\",\"position\":2,\"name\":\"15\u00ba Domingo de Tiempo Ordinario (reflexi\u00f3n de Mario Y\u00e9pez, C.M.)\"}]},{\"@type\":\"WebSite\",\"@id\":\"https:\/\/vincentians.com\/es\/#website\",\"url\":\"https:\/\/vincentians.com\/es\/\",\"name\":\"Somos Vicencianos\",\"description\":\"Know more to serve more\",\"publisher\":{\"@id\":\"https:\/\/vincentians.com\/es\/#organization\"},\"potentialAction\":[{\"@type\":\"SearchAction\",\"target\":{\"@type\":\"EntryPoint\",\"urlTemplate\":\"https:\/\/vincentians.com\/es\/?s={search_term_string}\"},\"query-input\":{\"@type\":\"PropertyValueSpecification\",\"valueRequired\":true,\"valueName\":\"search_term_string\"}}],\"inLanguage\":\"es\"},{\"@type\":\"Organization\",\"@id\":\"https:\/\/vincentians.com\/es\/#organization\",\"name\":\"The Vincentian Network\",\"url\":\"https:\/\/vincentians.com\/es\/\",\"logo\":{\"@type\":\"ImageObject\",\"inLanguage\":\"es\",\"@id\":\"https:\/\/vincentians.com\/es\/#\/schema\/logo\/image\/\",\"url\":\"https:\/\/i1.wp.com\/vincentians.com\/es\/wp-content\/uploads\/sites\/11\/2016\/06\/Vincentian-Network-logo-big.png?fit=778%2C778\",\"contentUrl\":\"https:\/\/i1.wp.com\/vincentians.com\/es\/wp-content\/uploads\/sites\/11\/2016\/06\/Vincentian-Network-logo-big.png?fit=778%2C778\",\"width\":778,\"height\":778,\"caption\":\"The Vincentian Network\"},\"image\":{\"@id\":\"https:\/\/vincentians.com\/es\/#\/schema\/logo\/image\/\"},\"sameAs\":[\"https:\/\/www.facebook.com\/WeAreVincentians\/\",\"https:\/\/x.com\/WeVincentians\"]},{\"@type\":\"Person\",\"@id\":\"https:\/\/vincentians.com\/es\/#\/schema\/person\/9623ef4d9aa3b2dfb8c061f1499288f2\",\"name\":\"Francisco Javier Fern\u00e1ndez Chento\",\"image\":{\"@type\":\"ImageObject\",\"inLanguage\":\"es\",\"@id\":\"https:\/\/vincentians.com\/es\/#\/schema\/person\/image\/\",\"url\":\"https:\/\/secure.gravatar.com\/avatar\/497d5cde87b4c3d097d0315953521681ba2cd523ee66e5077c3711f7021e65de?s=96&d=mm&r=g\",\"contentUrl\":\"https:\/\/secure.gravatar.com\/avatar\/497d5cde87b4c3d097d0315953521681ba2cd523ee66e5077c3711f7021e65de?s=96&d=mm&r=g\",\"caption\":\"Francisco Javier Fern\u00e1ndez Chento\"},\"description\":\"Director General y cofundador de La Red de Formaci\u00f3n Vicenciana. Javier es laico vicenciano, afiliado a la Congregaci\u00f3n de la Misi\u00f3n y miembro del Equipo de Misiones Populares de la provincia can\u00f3nica de Zaragoza (Espa\u00f1a) de la Congregaci\u00f3n de la Misi\u00f3n. Graduado en la Universidad Oberta de Catalunya con cuatro grados (Asistente de direcci\u00f3n, Gesti\u00f3n Administrativa, Recursos Humanos y Contabilidad Avanzada). Bil\u00edng\u00fce Espa\u00f1ol\/Ingl\u00e9s. gestiona y mantiene varias p\u00e1ginas web cristianas y vicencianas, incluida including La Red de Formaci\u00f3n Vicenciana, de la que es cofundador. Actualmente es responsable del \u00e1rea de Espa\u00f1ol de .famvin, la Red de Noticias de la Familia Vicenciana. Tambi\u00e9n es m\u00fasico cat\u00f3lico y ha editado varios discos. Es Director General y cofundador de Trovador, una reconocida compa\u00f1\u00eda discogr\u00e1fica critiana de Espa\u00f1a. Trabaja en las Tecnolog\u00edas de la Informaci\u00f3n, ofreciendo servicios de alojamiento, dise\u00f1o y mantenimiento Web, as\u00ed como asesoramiento, formaci\u00f3n y soluciones inform\u00e1ticas, gesti\u00f3n documental y digitalizaci\u00f3n de textos, edici\u00f3n y maquetaci\u00f3n de libros, revistas, flyers, etc.\",\"sameAs\":[\"http:\/\/chento.org\",\"https:\/\/www.facebook.com\/JavierChento\",\"https:\/\/x.com\/https:\/\/twitter.com\/javierchento\"],\"url\":\"http:\/\/vincentians.com\/es\/author\/chento\/\"}]}<\/script>\n<!-- \/ Yoast SEO plugin. -->","yoast_head_json":{"title":"15\u00ba Domingo de Tiempo Ordinario (reflexi\u00f3n de Mario Y\u00e9pez, C.M.) - Somos Vicencianos","robots":{"index":"index","follow":"follow","max-snippet":"max-snippet:-1","max-image-preview":"max-image-preview:large","max-video-preview":"max-video-preview:-1"},"canonical":"http:\/\/vincentians.com\/es\/15o-domingo-de-tiempo-ordinario-reflexion-de-mario-yepez-c-m\/","og_locale":"es_ES","og_type":"article","og_title":"15\u00ba Domingo de Tiempo Ordinario (reflexi\u00f3n de Mario Y\u00e9pez, C.M.) - Somos Vicencianos","og_description":"Uno de los temas m\u00e1s vibrantes en el contexto de la monarqu\u00eda en Israel fue el rol de los profetas, hombres que de por s\u00ed alcanzaron un renombre p\u00fablico por su vinculaci\u00f3n con Dios o ... Read More","og_url":"http:\/\/vincentians.com\/es\/15o-domingo-de-tiempo-ordinario-reflexion-de-mario-yepez-c-m\/","og_site_name":"Somos Vicencianos","article_publisher":"https:\/\/www.facebook.com\/WeAreVincentians\/","article_author":"https:\/\/www.facebook.com\/JavierChento","article_published_time":"2012-07-14T16:22:08+00:00","article_modified_time":"2016-07-24T08:29:49+00:00","og_image":[{"width":1200,"height":630,"url":"https:\/\/i0.wp.com\/vincentians.com\/es\/wp-content\/uploads\/sites\/11\/2016\/07\/reflexiones-palabra-de-dios.jpg?fit=1200%2C630","type":"image\/jpeg"}],"author":"Francisco Javier Fern\u00e1ndez Chento","twitter_card":"summary_large_image","twitter_creator":"@https:\/\/twitter.com\/javierchento","twitter_site":"@WeVincentians","twitter_misc":{"Escrito por":"Francisco Javier Fern\u00e1ndez Chento","Tiempo de lectura":"5 minutos"},"schema":{"@context":"https:\/\/schema.org","@graph":[{"@type":"Article","@id":"http:\/\/vincentians.com\/es\/15o-domingo-de-tiempo-ordinario-reflexion-de-mario-yepez-c-m\/#article","isPartOf":{"@id":"http:\/\/vincentians.com\/es\/15o-domingo-de-tiempo-ordinario-reflexion-de-mario-yepez-c-m\/"},"author":{"name":"Francisco Javier Fern\u00e1ndez Chento","@id":"https:\/\/vincentians.com\/es\/#\/schema\/person\/9623ef4d9aa3b2dfb8c061f1499288f2"},"headline":"15\u00ba Domingo de Tiempo Ordinario (reflexi\u00f3n de Mario Y\u00e9pez, C.M.)","datePublished":"2012-07-14T16:22:08+00:00","dateModified":"2016-07-24T08:29:49+00:00","mainEntityOfPage":{"@id":"http:\/\/vincentians.com\/es\/15o-domingo-de-tiempo-ordinario-reflexion-de-mario-yepez-c-m\/"},"wordCount":1020,"commentCount":0,"publisher":{"@id":"https:\/\/vincentians.com\/es\/#organization"},"image":{"@id":"http:\/\/vincentians.com\/es\/15o-domingo-de-tiempo-ordinario-reflexion-de-mario-yepez-c-m\/#primaryimage"},"thumbnailUrl":"https:\/\/i0.wp.com\/vincentians.com\/es\/wp-content\/uploads\/sites\/11\/2016\/07\/reflexiones-palabra-de-dios.jpg?fit=1200%2C630","articleSection":["Homil\u00edas y reflexiones, A\u00f1o B"],"inLanguage":"es","potentialAction":[{"@type":"CommentAction","name":"Comment","target":["http:\/\/vincentians.com\/es\/15o-domingo-de-tiempo-ordinario-reflexion-de-mario-yepez-c-m\/#respond"]}]},{"@type":"WebPage","@id":"http:\/\/vincentians.com\/es\/15o-domingo-de-tiempo-ordinario-reflexion-de-mario-yepez-c-m\/","url":"http:\/\/vincentians.com\/es\/15o-domingo-de-tiempo-ordinario-reflexion-de-mario-yepez-c-m\/","name":"15\u00ba Domingo de Tiempo Ordinario (reflexi\u00f3n de Mario Y\u00e9pez, C.M.) - Somos Vicencianos","isPartOf":{"@id":"https:\/\/vincentians.com\/es\/#website"},"primaryImageOfPage":{"@id":"http:\/\/vincentians.com\/es\/15o-domingo-de-tiempo-ordinario-reflexion-de-mario-yepez-c-m\/#primaryimage"},"image":{"@id":"http:\/\/vincentians.com\/es\/15o-domingo-de-tiempo-ordinario-reflexion-de-mario-yepez-c-m\/#primaryimage"},"thumbnailUrl":"https:\/\/i0.wp.com\/vincentians.com\/es\/wp-content\/uploads\/sites\/11\/2016\/07\/reflexiones-palabra-de-dios.jpg?fit=1200%2C630","datePublished":"2012-07-14T16:22:08+00:00","dateModified":"2016-07-24T08:29:49+00:00","breadcrumb":{"@id":"http:\/\/vincentians.com\/es\/15o-domingo-de-tiempo-ordinario-reflexion-de-mario-yepez-c-m\/#breadcrumb"},"inLanguage":"es","potentialAction":[{"@type":"ReadAction","target":["http:\/\/vincentians.com\/es\/15o-domingo-de-tiempo-ordinario-reflexion-de-mario-yepez-c-m\/"]}]},{"@type":"ImageObject","inLanguage":"es","@id":"http:\/\/vincentians.com\/es\/15o-domingo-de-tiempo-ordinario-reflexion-de-mario-yepez-c-m\/#primaryimage","url":"https:\/\/i0.wp.com\/vincentians.com\/es\/wp-content\/uploads\/sites\/11\/2016\/07\/reflexiones-palabra-de-dios.jpg?fit=1200%2C630","contentUrl":"https:\/\/i0.wp.com\/vincentians.com\/es\/wp-content\/uploads\/sites\/11\/2016\/07\/reflexiones-palabra-de-dios.jpg?fit=1200%2C630","width":1200,"height":630},{"@type":"BreadcrumbList","@id":"http:\/\/vincentians.com\/es\/15o-domingo-de-tiempo-ordinario-reflexion-de-mario-yepez-c-m\/#breadcrumb","itemListElement":[{"@type":"ListItem","position":1,"name":"Portada","item":"https:\/\/vincentians.com\/es\/"},{"@type":"ListItem","position":2,"name":"15\u00ba Domingo de Tiempo Ordinario (reflexi\u00f3n de Mario Y\u00e9pez, C.M.)"}]},{"@type":"WebSite","@id":"https:\/\/vincentians.com\/es\/#website","url":"https:\/\/vincentians.com\/es\/","name":"Somos Vicencianos","description":"Know more to serve more","publisher":{"@id":"https:\/\/vincentians.com\/es\/#organization"},"potentialAction":[{"@type":"SearchAction","target":{"@type":"EntryPoint","urlTemplate":"https:\/\/vincentians.com\/es\/?s={search_term_string}"},"query-input":{"@type":"PropertyValueSpecification","valueRequired":true,"valueName":"search_term_string"}}],"inLanguage":"es"},{"@type":"Organization","@id":"https:\/\/vincentians.com\/es\/#organization","name":"The Vincentian Network","url":"https:\/\/vincentians.com\/es\/","logo":{"@type":"ImageObject","inLanguage":"es","@id":"https:\/\/vincentians.com\/es\/#\/schema\/logo\/image\/","url":"https:\/\/i1.wp.com\/vincentians.com\/es\/wp-content\/uploads\/sites\/11\/2016\/06\/Vincentian-Network-logo-big.png?fit=778%2C778","contentUrl":"https:\/\/i1.wp.com\/vincentians.com\/es\/wp-content\/uploads\/sites\/11\/2016\/06\/Vincentian-Network-logo-big.png?fit=778%2C778","width":778,"height":778,"caption":"The Vincentian Network"},"image":{"@id":"https:\/\/vincentians.com\/es\/#\/schema\/logo\/image\/"},"sameAs":["https:\/\/www.facebook.com\/WeAreVincentians\/","https:\/\/x.com\/WeVincentians"]},{"@type":"Person","@id":"https:\/\/vincentians.com\/es\/#\/schema\/person\/9623ef4d9aa3b2dfb8c061f1499288f2","name":"Francisco Javier Fern\u00e1ndez Chento","image":{"@type":"ImageObject","inLanguage":"es","@id":"https:\/\/vincentians.com\/es\/#\/schema\/person\/image\/","url":"https:\/\/secure.gravatar.com\/avatar\/497d5cde87b4c3d097d0315953521681ba2cd523ee66e5077c3711f7021e65de?s=96&d=mm&r=g","contentUrl":"https:\/\/secure.gravatar.com\/avatar\/497d5cde87b4c3d097d0315953521681ba2cd523ee66e5077c3711f7021e65de?s=96&d=mm&r=g","caption":"Francisco Javier Fern\u00e1ndez Chento"},"description":"Director General y cofundador de La Red de Formaci\u00f3n Vicenciana. Javier es laico vicenciano, afiliado a la Congregaci\u00f3n de la Misi\u00f3n y miembro del Equipo de Misiones Populares de la provincia can\u00f3nica de Zaragoza (Espa\u00f1a) de la Congregaci\u00f3n de la Misi\u00f3n. Graduado en la Universidad Oberta de Catalunya con cuatro grados (Asistente de direcci\u00f3n, Gesti\u00f3n Administrativa, Recursos Humanos y Contabilidad Avanzada). Bil\u00edng\u00fce Espa\u00f1ol\/Ingl\u00e9s. gestiona y mantiene varias p\u00e1ginas web cristianas y vicencianas, incluida including La Red de Formaci\u00f3n Vicenciana, de la que es cofundador. Actualmente es responsable del \u00e1rea de Espa\u00f1ol de .famvin, la Red de Noticias de la Familia Vicenciana. Tambi\u00e9n es m\u00fasico cat\u00f3lico y ha editado varios discos. Es Director General y cofundador de Trovador, una reconocida compa\u00f1\u00eda discogr\u00e1fica critiana de Espa\u00f1a. Trabaja en las Tecnolog\u00edas de la Informaci\u00f3n, ofreciendo servicios de alojamiento, dise\u00f1o y mantenimiento Web, as\u00ed como asesoramiento, formaci\u00f3n y soluciones inform\u00e1ticas, gesti\u00f3n documental y digitalizaci\u00f3n de textos, edici\u00f3n y maquetaci\u00f3n de libros, revistas, flyers, etc.","sameAs":["http:\/\/chento.org","https:\/\/www.facebook.com\/JavierChento","https:\/\/x.com\/https:\/\/twitter.com\/javierchento"],"url":"http:\/\/vincentians.com\/es\/author\/chento\/"}]}},"jetpack_publicize_connections":[],"jetpack_featured_media_url":"https:\/\/i0.wp.com\/vincentians.com\/es\/wp-content\/uploads\/sites\/11\/2016\/07\/reflexiones-palabra-de-dios.jpg?fit=1200%2C630","jetpack_sharing_enabled":true,"jetpack_shortlink":"https:\/\/wp.me\/p7ETMF-st","jetpack-related-posts":[{"id":135785,"url":"http:\/\/vincentians.com\/es\/15o-domingo-de-tiempo-ordinario-reflexion-de-jose-cervantes-gabarron\/","url_meta":{"origin":1765,"position":0},"title":"15\u00ba Domingo de Tiempo Ordinario (reflexi\u00f3n de Jos\u00e9 Cervantes Gabarr\u00f3n)","author":"Francisco Javier Fern\u00e1ndez Chento","date":"15\/07\/2012","format":false,"excerpt":"Profetas y misioneros con autoridad Jos\u00e9 Cervantes Gabarr\u00f3n, sacerdote misionero y profesor de Sagrada Escritura.La palabra de este domingo nos presenta el env\u00edo misionero de los Doce disc\u00edpulos de Jes\u00fas (Mc 6, 7-13) y la llamada a la vida prof\u00e9tica de Am\u00f3s en el Antiguo Testamento. El texto evang\u00e9lico pone\u2026","rel":"","context":"En \u00abHomil\u00edas y reflexiones, A\u00f1o B\u00bb","block_context":{"text":"Homil\u00edas y reflexiones, A\u00f1o B","link":"http:\/\/vincentians.com\/es\/category\/homilias-y-reflexiones-a-la-palabra-de-dios\/homilias-y-reflexiones-ano-b\/"},"img":{"alt_text":"","src":"https:\/\/i0.wp.com\/vincentians.com\/es\/wp-content\/uploads\/sites\/11\/2016\/07\/reflexiones-palabra-de-dios.jpg?fit=1200%2C630&resize=350%2C200","width":350,"height":200,"srcset":"https:\/\/i0.wp.com\/vincentians.com\/es\/wp-content\/uploads\/sites\/11\/2016\/07\/reflexiones-palabra-de-dios.jpg?fit=1200%2C630&resize=350%2C200 1x, https:\/\/i0.wp.com\/vincentians.com\/es\/wp-content\/uploads\/sites\/11\/2016\/07\/reflexiones-palabra-de-dios.jpg?fit=1200%2C630&resize=525%2C300 1.5x, https:\/\/i0.wp.com\/vincentians.com\/es\/wp-content\/uploads\/sites\/11\/2016\/07\/reflexiones-palabra-de-dios.jpg?fit=1200%2C630&resize=700%2C400 2x, https:\/\/i0.wp.com\/vincentians.com\/es\/wp-content\/uploads\/sites\/11\/2016\/07\/reflexiones-palabra-de-dios.jpg?fit=1200%2C630&resize=1050%2C600 3x"},"classes":[]},{"id":209987,"url":"http:\/\/vincentians.com\/es\/15o-domingo-de-t-o-reflexion-de-mario-yepez-c-m\/","url_meta":{"origin":1765,"position":1},"title":"15\u00ba Domingo de T.O. (reflexi\u00f3n de Mario Y\u00e9pez, C.M.)","author":"Francisco Javier Fern\u00e1ndez Chento","date":"10\/07\/2015","format":false,"excerpt":"Palabra que confronta Uno de los temas m\u00e1s vibrantes en el contexto de la monarqu\u00eda en Israel fue el rol de los profetas, hombres que de por s\u00ed alcanzaron un renombre p\u00fablico por su vinculaci\u00f3n con Dios o con la voluntad de Dios muy necesario para regir los destinos del\u2026","rel":"","context":"En \u00abHomil\u00edas y reflexiones, A\u00f1o B\u00bb","block_context":{"text":"Homil\u00edas y reflexiones, A\u00f1o B","link":"http:\/\/vincentians.com\/es\/category\/homilias-y-reflexiones-a-la-palabra-de-dios\/homilias-y-reflexiones-ano-b\/"},"img":{"alt_text":"","src":"https:\/\/i0.wp.com\/vincentians.com\/es\/wp-content\/uploads\/sites\/11\/2016\/07\/reflexiones-palabra-de-dios.jpg?fit=1200%2C630&resize=350%2C200","width":350,"height":200,"srcset":"https:\/\/i0.wp.com\/vincentians.com\/es\/wp-content\/uploads\/sites\/11\/2016\/07\/reflexiones-palabra-de-dios.jpg?fit=1200%2C630&resize=350%2C200 1x, https:\/\/i0.wp.com\/vincentians.com\/es\/wp-content\/uploads\/sites\/11\/2016\/07\/reflexiones-palabra-de-dios.jpg?fit=1200%2C630&resize=525%2C300 1.5x, https:\/\/i0.wp.com\/vincentians.com\/es\/wp-content\/uploads\/sites\/11\/2016\/07\/reflexiones-palabra-de-dios.jpg?fit=1200%2C630&resize=700%2C400 2x, https:\/\/i0.wp.com\/vincentians.com\/es\/wp-content\/uploads\/sites\/11\/2016\/07\/reflexiones-palabra-de-dios.jpg?fit=1200%2C630&resize=1050%2C600 3x"},"classes":[]},{"id":1753,"url":"http:\/\/vincentians.com\/es\/15o-domingo-de-tiempo-ordinario-reflexion-de-jose-roman-flecha\/","url_meta":{"origin":1765,"position":2},"title":"15\u00ba Domingo de Tiempo Ordinario (reflexi\u00f3n de Jos\u00e9 Rom\u00e1n Flecha)","author":"Francisco Javier Fern\u00e1ndez Chento","date":"11\/07\/2012","format":false,"excerpt":"ELEGIDOS Y ENVIADOS Domingo 15 del Tiempo Ordinario, B 15 de julio de 2012 Siempre nos llama la atenci\u00f3n el episodio de la profec\u00eda de Am\u00f3s que se lee en la celebraci\u00f3n de este domingo XV del tiempo ordinario (Am 7,12-15). Amas\u00edas, el sacerdote de Betel, se enfrenta con malos\u2026","rel":"","context":"En \u00abHomil\u00edas y reflexiones, A\u00f1o B\u00bb","block_context":{"text":"Homil\u00edas y reflexiones, A\u00f1o B","link":"http:\/\/vincentians.com\/es\/category\/homilias-y-reflexiones-a-la-palabra-de-dios\/homilias-y-reflexiones-ano-b\/"},"img":{"alt_text":"","src":"","width":0,"height":0},"classes":[]},{"id":209984,"url":"http:\/\/vincentians.com\/es\/15o-domingo-de-t-o-reflexion-de-jose-cervantes-gabarron\/","url_meta":{"origin":1765,"position":3},"title":"15\u00ba Domingo de T.O. (reflexi\u00f3n de Jos\u00e9 Cervantes Gabarr\u00f3n)","author":"Francisco Javier Fern\u00e1ndez Chento","date":"11\/07\/2015","format":false,"excerpt":"El papa de la alegr\u00eda y de los pobres contra la l\u00f3gica del descarte El papa Francisco ha pasado casi dos d\u00edas en Bolivia en su peregrinar misionero por los tres pa\u00edses de la periferia pobre de Am\u00e9rica del Sur. Para la Iglesia y para todo el pa\u00eds el mensaje\u2026","rel":"","context":"En \u00abHomil\u00edas y reflexiones, A\u00f1o B\u00bb","block_context":{"text":"Homil\u00edas y reflexiones, A\u00f1o B","link":"http:\/\/vincentians.com\/es\/category\/homilias-y-reflexiones-a-la-palabra-de-dios\/homilias-y-reflexiones-ano-b\/"},"img":{"alt_text":"","src":"https:\/\/i0.wp.com\/vincentians.com\/es\/wp-content\/uploads\/sites\/11\/2016\/07\/reflexiones-palabra-de-dios.jpg?fit=1200%2C630&resize=350%2C200","width":350,"height":200,"srcset":"https:\/\/i0.wp.com\/vincentians.com\/es\/wp-content\/uploads\/sites\/11\/2016\/07\/reflexiones-palabra-de-dios.jpg?fit=1200%2C630&resize=350%2C200 1x, https:\/\/i0.wp.com\/vincentians.com\/es\/wp-content\/uploads\/sites\/11\/2016\/07\/reflexiones-palabra-de-dios.jpg?fit=1200%2C630&resize=525%2C300 1.5x, https:\/\/i0.wp.com\/vincentians.com\/es\/wp-content\/uploads\/sites\/11\/2016\/07\/reflexiones-palabra-de-dios.jpg?fit=1200%2C630&resize=700%2C400 2x, https:\/\/i0.wp.com\/vincentians.com\/es\/wp-content\/uploads\/sites\/11\/2016\/07\/reflexiones-palabra-de-dios.jpg?fit=1200%2C630&resize=1050%2C600 3x"},"classes":[]},{"id":137396,"url":"http:\/\/vincentians.com\/es\/4o-domingo-de-t-o-reflexion-de-la-s-s-v-p-en-espana\/","url_meta":{"origin":1765,"position":4},"title":"4\u00ba Domingo de T.O. (reflexi\u00f3n de la S.S.V.P. en Espa\u00f1a)","author":"Francisco Javier Fern\u00e1ndez Chento","date":"30\/01\/2015","format":false,"excerpt":"\u00abSe trata de extender el reino de Cristo, de ampliarlo, de pensar y vivir el Evangelio en el mundo entero\u00bb (Beato Federico Ozanam) El pasaje de la primera Lectura figura en la secci\u00f3n que dedica el Deuteronomio a las instituciones y los ministerios del pueblo elegido. Despu\u00e9s de haber hablado\u2026","rel":"","context":"En \u00abHomil\u00edas y reflexiones, A\u00f1o B\u00bb","block_context":{"text":"Homil\u00edas y reflexiones, A\u00f1o B","link":"http:\/\/vincentians.com\/es\/category\/homilias-y-reflexiones-a-la-palabra-de-dios\/homilias-y-reflexiones-ano-b\/"},"img":{"alt_text":"","src":"https:\/\/i0.wp.com\/vincentians.com\/es\/wp-content\/uploads\/sites\/11\/2016\/07\/reflexiones-palabra-de-dios.jpg?fit=1200%2C630&resize=350%2C200","width":350,"height":200,"srcset":"https:\/\/i0.wp.com\/vincentians.com\/es\/wp-content\/uploads\/sites\/11\/2016\/07\/reflexiones-palabra-de-dios.jpg?fit=1200%2C630&resize=350%2C200 1x, https:\/\/i0.wp.com\/vincentians.com\/es\/wp-content\/uploads\/sites\/11\/2016\/07\/reflexiones-palabra-de-dios.jpg?fit=1200%2C630&resize=525%2C300 1.5x, https:\/\/i0.wp.com\/vincentians.com\/es\/wp-content\/uploads\/sites\/11\/2016\/07\/reflexiones-palabra-de-dios.jpg?fit=1200%2C630&resize=700%2C400 2x, https:\/\/i0.wp.com\/vincentians.com\/es\/wp-content\/uploads\/sites\/11\/2016\/07\/reflexiones-palabra-de-dios.jpg?fit=1200%2C630&resize=1050%2C600 3x"},"classes":[]},{"id":196508,"url":"http:\/\/vincentians.com\/es\/14o-domingo-de-t-o-reflexion-de-la-s-s-v-p-en-espana\/","url_meta":{"origin":1765,"position":5},"title":"14\u00ba Domingo de T.O. (reflexi\u00f3n de la S.S.V.P. en Espa\u00f1a)","author":"Francisco Javier Fern\u00e1ndez Chento","date":"02\/07\/2015","format":false,"excerpt":"\u201cLa caridad es el centro que une a la comunidad con Dios y con los dem\u00e1s.\u201d (SVdeP) El texto de Marcos corresponde a una segunda parte de su Evangelio que describe los grupos que acompa\u00f1an a Jes\u00fas o se relacionan con \u00c9l. La muchedumbre, los parientes, los escribas, los enfermos\u2026","rel":"","context":"En \u00abHomil\u00edas y reflexiones, A\u00f1o B\u00bb","block_context":{"text":"Homil\u00edas y reflexiones, A\u00f1o B","link":"http:\/\/vincentians.com\/es\/category\/homilias-y-reflexiones-a-la-palabra-de-dios\/homilias-y-reflexiones-ano-b\/"},"img":{"alt_text":"","src":"https:\/\/i0.wp.com\/vincentians.com\/es\/wp-content\/uploads\/sites\/11\/2016\/07\/reflexiones-palabra-de-dios.jpg?fit=1200%2C630&resize=350%2C200","width":350,"height":200,"srcset":"https:\/\/i0.wp.com\/vincentians.com\/es\/wp-content\/uploads\/sites\/11\/2016\/07\/reflexiones-palabra-de-dios.jpg?fit=1200%2C630&resize=350%2C200 1x, https:\/\/i0.wp.com\/vincentians.com\/es\/wp-content\/uploads\/sites\/11\/2016\/07\/reflexiones-palabra-de-dios.jpg?fit=1200%2C630&resize=525%2C300 1.5x, https:\/\/i0.wp.com\/vincentians.com\/es\/wp-content\/uploads\/sites\/11\/2016\/07\/reflexiones-palabra-de-dios.jpg?fit=1200%2C630&resize=700%2C400 2x, https:\/\/i0.wp.com\/vincentians.com\/es\/wp-content\/uploads\/sites\/11\/2016\/07\/reflexiones-palabra-de-dios.jpg?fit=1200%2C630&resize=1050%2C600 3x"},"classes":[]}],"_links":{"self":[{"href":"http:\/\/vincentians.com\/es\/wp-json\/wp\/v2\/posts\/1765","targetHints":{"allow":["GET"]}}],"collection":[{"href":"http:\/\/vincentians.com\/es\/wp-json\/wp\/v2\/posts"}],"about":[{"href":"http:\/\/vincentians.com\/es\/wp-json\/wp\/v2\/types\/post"}],"author":[{"embeddable":true,"href":"http:\/\/vincentians.com\/es\/wp-json\/wp\/v2\/users\/4"}],"replies":[{"embeddable":true,"href":"http:\/\/vincentians.com\/es\/wp-json\/wp\/v2\/comments?post=1765"}],"version-history":[{"count":0,"href":"http:\/\/vincentians.com\/es\/wp-json\/wp\/v2\/posts\/1765\/revisions"}],"wp:featuredmedia":[{"embeddable":true,"href":"http:\/\/vincentians.com\/es\/wp-json\/wp\/v2\/media\/388408"}],"wp:attachment":[{"href":"http:\/\/vincentians.com\/es\/wp-json\/wp\/v2\/media?parent=1765"}],"wp:term":[{"taxonomy":"category","embeddable":true,"href":"http:\/\/vincentians.com\/es\/wp-json\/wp\/v2\/categories?post=1765"},{"taxonomy":"post_tag","embeddable":true,"href":"http:\/\/vincentians.com\/es\/wp-json\/wp\/v2\/tags?post=1765"}],"curies":[{"name":"wp","href":"https:\/\/api.w.org\/{rel}","templated":true}]}}