{"id":17597,"date":"2013-12-01T02:21:54","date_gmt":"2013-12-01T01:21:54","guid":{"rendered":"http:\/\/somos.vicencianos.org\/blog\/?p=17597"},"modified":"2016-07-27T12:10:17","modified_gmt":"2016-07-27T10:10:17","slug":"jose-maria-roman-fuentes-c-m","status":"publish","type":"post","link":"http:\/\/vincentians.com\/es\/jose-maria-roman-fuentes-c-m\/","title":{"rendered":"Jos\u00e9 Mar\u00eda Rom\u00e1n Fuentes, C.M."},"content":{"rendered":"<p><a href=\"https:\/\/i0.wp.com\/vicencianos.org\/wp-content\/2013\/12\/roman.jpg\"><img data-recalc-dims=\"1\" loading=\"lazy\" decoding=\"async\" class=\"alignright size-medium wp-image-125983\" alt=\"roman\" src=\"https:\/\/i0.wp.com\/vicencianos.org\/wp-content\/2013\/12\/roman-258x300.jpg?resize=258%2C300\" width=\"258\" height=\"300\" \/><\/a>Los hombres somos de visi\u00f3n corta. Esto explica que, al contemplar la realidad, lo hagamos con limitaciones. As\u00ed, nos resulta imposible ver una gigantesca catedral con el microscopio de nuestra retina. Lo que ser\u00eda muy apropiado para analizar una piedrecita se torna desproporcionado para contemplar un enorme mosaico.<\/p>\n<p>En el momento en que me propuse contemplar la figura de Jos\u00e9 Mar\u00eda Rom\u00e1n, record\u00e9 esta frase de un gran artista, Fray Ang\u00e9lico: <em>\u00abQuien quiera retratar a Cristo debe haber vivido con \u00e9l\u00bb. <\/em>\u00a1Jos\u00e9 Mar\u00eda Rom\u00e1n Fuentes! Me va a ser dif\u00edcil reflejarlo. No solamente porque no he vivido con \u00e9l sino porque es un prisma con demasiadas caras para abarcarlo con una sola mirada.<\/p>\n<p>Me reducir\u00e9 a dar vueltas y revueltas a esas sus m\u00faltiples facetas: Personalidad, talento, oficios (profesor, bibliotecario, archivero, visitador\u2026) Contemplar\u00e9 \u00fanicamente unas aristas: Su talante, su funci\u00f3n de misionero y condici\u00f3n de experto en vicencianismo.<\/p>\n<p>Por supuesto, <em>\u00abme va a resultar imposible separar su talento de su condici\u00f3n de investigador perspicaz y cr\u00edtico y de su vivencia humana y misionera\u00bb.<\/em> Para la disecci\u00f3n, me servir\u00e9 de material extra\u00eddo de laboratorios extra\u00f1os. Es decir, me fiar\u00e9 de quienes convivieron con \u00e9l mucho m\u00e1s tiempo que yo.<\/p>\n<p><strong>a.- La personalidad <\/strong><\/p>\n<p>Nacido en Andaluc\u00eda, a los pocos a\u00f1os, abandon\u00f3 su Santa Fe natal. Pues, ya hab\u00eda heredado la luminosa claridad de aquella tierra. Los Rom\u00e1n-Fuentes eran funcionarios del estado: \u00c9l empleado de correos, y ella maestra. En realidad, lo que Jos\u00e9 Mar\u00eda recuerda del terru\u00f1o son sus t\u00edpicos \u00abpiononos\u00bb.<\/p>\n<p>Dicen los que le conocieron que <em>\u00abera un don Quijote sin lanza\u00bb. <\/em>O sea, que t\u00fa pod\u00edas ser un alborotado molino de viento al que \u00e9l se acercaba envuelto en su armadura de andante guerrero. Pero, por dentro, no pasaba de ser un Alonso Quijano \u00abel bueno\u00bb.<\/p>\n<p><strong>b.- El misionero pa\u00fal. <\/strong><\/p>\n<p>\u00bfIngresa en la C. M. porque su hermano Alberto estaba en Cuenca? El hecho es que llega a Murgu\u00eda con dos a\u00f1os de bachillerato aprobados y sin ese aire rural tan com\u00fan a los dem\u00e1s internos. La \u00fanica materia, en la que accede con desventaja, es el lat\u00edn. Pero, bien pronto se pone al d\u00eda e incluso supera al resto Jos\u00e9 Mar\u00eda Rom\u00e1n destaca por su \u00ab<em>talento\u00bb<\/em> y por su<em> \u00bb talante\u00bb.<\/em> La mejor valoraci\u00f3n de su capacidad intelectual la hizo el tribunal de examinadores de la universidad central de Madrid: <em>\u00abSu tesis revela una cabeza clara\u2026 Estoy deseando verla en las librer\u00edas porque adem\u00e1s est\u00e1 adornada con un impecable decoro expresivo\u00bb. <\/em><\/p>\n<p>Esa condici\u00f3n de estar siempre en la cumbre \u00bfgenera un talante especial? Hasta tenerle confianza no era f\u00e1cil acercarse a Jos\u00e9 Mar\u00eda Rom\u00e1n. De haber nacido toro, se habr\u00eda lanzado en tromba a todos los trapos. \u00bfFue esa la clave de sus \u00e9xitos? Cuando le daba que una cosa era as\u00ed; era as\u00ed. Y se propon\u00eda lograrla<\/p>\n<p><strong>c.- El experto en vicencianismo. <\/strong><\/p>\n<p>No se cumplieron los deseos del catedr\u00e1tico. La tesis de Rom\u00e1n nunca se public\u00f3. En su lugar, nos ha dejado un regalo much\u00edsimo <em>\u00abmas precioso y preciado: La Biograf\u00eda de san Vicente de Pa\u00fal\u00bb<\/em>, un t\u00edtulo con el que Jos\u00e9 Mar\u00eda Rom\u00e1n<em>\u00bb ha entrado en el cat\u00e1logo de Pa\u00fales eminentes de todos los tiempos\u00bb. <\/em><\/p>\n<p><em>\u00abTesoro de valor incalculable, para toda la Congregaci\u00f3n. Y, en particular, para los que intenten cada d\u00eda ahondar en el conocimiento del esp\u00edritu y de las obras de san Vicente\u00bb \u00abComo historiador profesional, Jos\u00e9 Mar\u00eda Rom\u00e1n est\u00e1 capacitado para aplicar los m\u00e9todos de la cr\u00edtica hist\u00f3rica a la vida y obra de san Vicente\u00bb <\/em><\/p>\n<p>Tan honrado era que no encontraremos en su obra una sola afirmaci\u00f3n gratuita. No es exagerado afirmar que dominaba el pasado como la clave del presente que examinaba con detenimiento. \u00ab<em>Desgraciadamente, no lleg\u00f3 a dar a luz, como hubiera sido su deseo, la<strong> \u00abHistoria General de la Congregaci\u00f3n de la Misi\u00f3n<\/strong>\u00ab, ni tampoco la <strong>\u00abHistoria de la Congregaci\u00f3n en Espa\u00f1a\u00bb. <\/strong><\/em><\/p>\n","protected":false},"excerpt":{"rendered":"<p>Los hombres somos de visi\u00f3n corta. Esto explica que, al contemplar la realidad, lo hagamos con limitaciones. As\u00ed, nos resulta imposible ver una gigantesca catedral con el microscopio de nuestra retina. Lo que ser\u00eda muy &#8230; <a href=\"http:\/\/vincentians.com\/es\/jose-maria-roman-fuentes-c-m\/\" class=\"more-link\">Read More<\/a><\/p>\n","protected":false},"author":5,"featured_media":391249,"comment_status":"open","ping_status":"open","sticky":false,"template":"","format":"standard","meta":{"rs_blank_template":"","rs_page_bg_color":"","slide_template_v7":"","_jetpack_newsletter_access":"","_jetpack_dont_email_post_to_subs":false,"_jetpack_newsletter_tier_id":0,"_jetpack_memberships_contains_paywalled_content":false,"_jetpack_feature_clip_id":0,"_jetpack_memberships_contains_paid_content":false,"footnotes":"","jetpack_publicize_message":"","jetpack_publicize_feature_enabled":true,"jetpack_social_post_already_shared":true,"jetpack_social_options":{"image_generator_settings":{"template":"highway","default_image_id":0,"font":"","enabled":false},"version":2},"jetpack_post_was_ever_published":false},"categories":[19],"tags":[],"class_list":["post-17597","post","type-post","status-publish","format-standard","has-post-thumbnail","hentry","category-biografias-de-misioneros-paules"],"yoast_head":"<!-- This site is optimized with the Yoast SEO plugin v27.9 - https:\/\/yoast.com\/product\/yoast-seo-wordpress\/ -->\n<title>Jos\u00e9 Mar\u00eda Rom\u00e1n Fuentes, C.M. - Somos Vicencianos<\/title>\n<meta name=\"robots\" content=\"index, follow, max-snippet:-1, max-image-preview:large, max-video-preview:-1\" \/>\n<link rel=\"canonical\" href=\"http:\/\/vincentians.com\/es\/jose-maria-roman-fuentes-c-m\/\" \/>\n<meta property=\"og:locale\" content=\"es_ES\" \/>\n<meta property=\"og:type\" content=\"article\" \/>\n<meta property=\"og:title\" content=\"Jos\u00e9 Mar\u00eda Rom\u00e1n Fuentes, C.M. - Somos Vicencianos\" \/>\n<meta property=\"og:description\" content=\"Los hombres somos de visi\u00f3n corta. Esto explica que, al contemplar la realidad, lo hagamos con limitaciones. As\u00ed, nos resulta imposible ver una gigantesca catedral con el microscopio de nuestra retina. Lo que ser\u00eda muy ... Read More\" \/>\n<meta property=\"og:url\" content=\"http:\/\/vincentians.com\/es\/jose-maria-roman-fuentes-c-m\/\" \/>\n<meta property=\"og:site_name\" content=\"Somos Vicencianos\" \/>\n<meta property=\"article:publisher\" content=\"https:\/\/www.facebook.com\/WeAreVincentians\/\" \/>\n<meta property=\"article:published_time\" content=\"2013-12-01T01:21:54+00:00\" \/>\n<meta property=\"article:modified_time\" content=\"2016-07-27T10:10:17+00:00\" \/>\n<meta property=\"og:image\" content=\"https:\/\/i0.wp.com\/vincentians.com\/es\/wp-content\/uploads\/sites\/11\/2016\/07\/bio-cm.jpg?fit=1200%2C630\" \/>\n\t<meta property=\"og:image:width\" content=\"1200\" \/>\n\t<meta property=\"og:image:height\" content=\"630\" \/>\n\t<meta property=\"og:image:type\" content=\"image\/jpeg\" \/>\n<meta name=\"author\" content=\"Mitxel Olabu\u00e9naga\" \/>\n<meta name=\"twitter:card\" content=\"summary_large_image\" \/>\n<meta name=\"twitter:creator\" content=\"@WeVincentians\" \/>\n<meta name=\"twitter:site\" content=\"@WeVincentians\" \/>\n<meta name=\"twitter:label1\" content=\"Escrito por\" \/>\n\t<meta name=\"twitter:data1\" content=\"Mitxel Olabu\u00e9naga\" \/>\n\t<meta name=\"twitter:label2\" content=\"Tiempo de lectura\" \/>\n\t<meta name=\"twitter:data2\" content=\"4 minutos\" \/>\n<script type=\"application\/ld+json\" class=\"yoast-schema-graph\">{\"@context\":\"https:\\\/\\\/schema.org\",\"@graph\":[{\"@type\":\"Article\",\"@id\":\"http:\\\/\\\/vincentians.com\\\/es\\\/jose-maria-roman-fuentes-c-m\\\/#article\",\"isPartOf\":{\"@id\":\"http:\\\/\\\/vincentians.com\\\/es\\\/jose-maria-roman-fuentes-c-m\\\/\"},\"author\":{\"name\":\"Mitxel Olabu\u00e9naga\",\"@id\":\"http:\\\/\\\/vincentians.com\\\/es\\\/#\\\/schema\\\/person\\\/7c2670b4445a7ca9d164ea6acdb31859\"},\"headline\":\"Jos\u00e9 Mar\u00eda Rom\u00e1n Fuentes, C.M.\",\"datePublished\":\"2013-12-01T01:21:54+00:00\",\"dateModified\":\"2016-07-27T10:10:17+00:00\",\"mainEntityOfPage\":{\"@id\":\"http:\\\/\\\/vincentians.com\\\/es\\\/jose-maria-roman-fuentes-c-m\\\/\"},\"wordCount\":718,\"commentCount\":0,\"publisher\":{\"@id\":\"http:\\\/\\\/vincentians.com\\\/es\\\/#organization\"},\"image\":{\"@id\":\"http:\\\/\\\/vincentians.com\\\/es\\\/jose-maria-roman-fuentes-c-m\\\/#primaryimage\"},\"thumbnailUrl\":\"https:\\\/\\\/i0.wp.com\\\/vincentians.com\\\/es\\\/wp-content\\\/uploads\\\/sites\\\/11\\\/2016\\\/07\\\/bio-cm.jpg?fit=1200%2C630\",\"articleSection\":[\"Biograf\u00edas de Misioneros Pa\u00fales\"],\"inLanguage\":\"es\",\"potentialAction\":[{\"@type\":\"CommentAction\",\"name\":\"Comment\",\"target\":[\"http:\\\/\\\/vincentians.com\\\/es\\\/jose-maria-roman-fuentes-c-m\\\/#respond\"]}]},{\"@type\":\"WebPage\",\"@id\":\"http:\\\/\\\/vincentians.com\\\/es\\\/jose-maria-roman-fuentes-c-m\\\/\",\"url\":\"http:\\\/\\\/vincentians.com\\\/es\\\/jose-maria-roman-fuentes-c-m\\\/\",\"name\":\"Jos\u00e9 Mar\u00eda Rom\u00e1n Fuentes, C.M. - Somos Vicencianos\",\"isPartOf\":{\"@id\":\"http:\\\/\\\/vincentians.com\\\/es\\\/#website\"},\"primaryImageOfPage\":{\"@id\":\"http:\\\/\\\/vincentians.com\\\/es\\\/jose-maria-roman-fuentes-c-m\\\/#primaryimage\"},\"image\":{\"@id\":\"http:\\\/\\\/vincentians.com\\\/es\\\/jose-maria-roman-fuentes-c-m\\\/#primaryimage\"},\"thumbnailUrl\":\"https:\\\/\\\/i0.wp.com\\\/vincentians.com\\\/es\\\/wp-content\\\/uploads\\\/sites\\\/11\\\/2016\\\/07\\\/bio-cm.jpg?fit=1200%2C630\",\"datePublished\":\"2013-12-01T01:21:54+00:00\",\"dateModified\":\"2016-07-27T10:10:17+00:00\",\"breadcrumb\":{\"@id\":\"http:\\\/\\\/vincentians.com\\\/es\\\/jose-maria-roman-fuentes-c-m\\\/#breadcrumb\"},\"inLanguage\":\"es\",\"potentialAction\":[{\"@type\":\"ReadAction\",\"target\":[\"http:\\\/\\\/vincentians.com\\\/es\\\/jose-maria-roman-fuentes-c-m\\\/\"]}]},{\"@type\":\"ImageObject\",\"inLanguage\":\"es\",\"@id\":\"http:\\\/\\\/vincentians.com\\\/es\\\/jose-maria-roman-fuentes-c-m\\\/#primaryimage\",\"url\":\"https:\\\/\\\/i0.wp.com\\\/vincentians.com\\\/es\\\/wp-content\\\/uploads\\\/sites\\\/11\\\/2016\\\/07\\\/bio-cm.jpg?fit=1200%2C630\",\"contentUrl\":\"https:\\\/\\\/i0.wp.com\\\/vincentians.com\\\/es\\\/wp-content\\\/uploads\\\/sites\\\/11\\\/2016\\\/07\\\/bio-cm.jpg?fit=1200%2C630\",\"width\":1200,\"height\":630},{\"@type\":\"BreadcrumbList\",\"@id\":\"http:\\\/\\\/vincentians.com\\\/es\\\/jose-maria-roman-fuentes-c-m\\\/#breadcrumb\",\"itemListElement\":[{\"@type\":\"ListItem\",\"position\":1,\"name\":\"Portada\",\"item\":\"http:\\\/\\\/vincentians.com\\\/es\\\/\"},{\"@type\":\"ListItem\",\"position\":2,\"name\":\"Jos\u00e9 Mar\u00eda Rom\u00e1n Fuentes, C.M.\"}]},{\"@type\":\"WebSite\",\"@id\":\"http:\\\/\\\/vincentians.com\\\/es\\\/#website\",\"url\":\"http:\\\/\\\/vincentians.com\\\/es\\\/\",\"name\":\"Somos Vicencianos\",\"description\":\"Know more to serve more\",\"publisher\":{\"@id\":\"http:\\\/\\\/vincentians.com\\\/es\\\/#organization\"},\"potentialAction\":[{\"@type\":\"SearchAction\",\"target\":{\"@type\":\"EntryPoint\",\"urlTemplate\":\"http:\\\/\\\/vincentians.com\\\/es\\\/?s={search_term_string}\"},\"query-input\":{\"@type\":\"PropertyValueSpecification\",\"valueRequired\":true,\"valueName\":\"search_term_string\"}}],\"inLanguage\":\"es\"},{\"@type\":\"Organization\",\"@id\":\"http:\\\/\\\/vincentians.com\\\/es\\\/#organization\",\"name\":\"The Vincentian Network\",\"url\":\"http:\\\/\\\/vincentians.com\\\/es\\\/\",\"logo\":{\"@type\":\"ImageObject\",\"inLanguage\":\"es\",\"@id\":\"http:\\\/\\\/vincentians.com\\\/es\\\/#\\\/schema\\\/logo\\\/image\\\/\",\"url\":\"https:\\\/\\\/i1.wp.com\\\/vincentians.com\\\/es\\\/wp-content\\\/uploads\\\/sites\\\/11\\\/2016\\\/06\\\/Vincentian-Network-logo-big.png?fit=778%2C778\",\"contentUrl\":\"https:\\\/\\\/i1.wp.com\\\/vincentians.com\\\/es\\\/wp-content\\\/uploads\\\/sites\\\/11\\\/2016\\\/06\\\/Vincentian-Network-logo-big.png?fit=778%2C778\",\"width\":778,\"height\":778,\"caption\":\"The Vincentian Network\"},\"image\":{\"@id\":\"http:\\\/\\\/vincentians.com\\\/es\\\/#\\\/schema\\\/logo\\\/image\\\/\"},\"sameAs\":[\"https:\\\/\\\/www.facebook.com\\\/WeAreVincentians\\\/\",\"https:\\\/\\\/x.com\\\/WeVincentians\"]},{\"@type\":\"Person\",\"@id\":\"http:\\\/\\\/vincentians.com\\\/es\\\/#\\\/schema\\\/person\\\/7c2670b4445a7ca9d164ea6acdb31859\",\"name\":\"Mitxel Olabu\u00e9naga\",\"image\":{\"@type\":\"ImageObject\",\"inLanguage\":\"es\",\"@id\":\"https:\\\/\\\/secure.gravatar.com\\\/avatar\\\/34137ec2e2b8939cbbed975731e71f3f4f1defc7266ded337a5ce0f925426877?s=96&d=mm&r=g\",\"url\":\"https:\\\/\\\/secure.gravatar.com\\\/avatar\\\/34137ec2e2b8939cbbed975731e71f3f4f1defc7266ded337a5ce0f925426877?s=96&d=mm&r=g\",\"contentUrl\":\"https:\\\/\\\/secure.gravatar.com\\\/avatar\\\/34137ec2e2b8939cbbed975731e71f3f4f1defc7266ded337a5ce0f925426877?s=96&d=mm&r=g\",\"caption\":\"Mitxel Olabu\u00e9naga\"},\"url\":\"http:\\\/\\\/vincentians.com\\\/es\\\/author\\\/mitxel\\\/\"}]}<\/script>\n<!-- \/ Yoast SEO plugin. -->","yoast_head_json":{"title":"Jos\u00e9 Mar\u00eda Rom\u00e1n Fuentes, C.M. - Somos Vicencianos","robots":{"index":"index","follow":"follow","max-snippet":"max-snippet:-1","max-image-preview":"max-image-preview:large","max-video-preview":"max-video-preview:-1"},"canonical":"http:\/\/vincentians.com\/es\/jose-maria-roman-fuentes-c-m\/","og_locale":"es_ES","og_type":"article","og_title":"Jos\u00e9 Mar\u00eda Rom\u00e1n Fuentes, C.M. - Somos Vicencianos","og_description":"Los hombres somos de visi\u00f3n corta. Esto explica que, al contemplar la realidad, lo hagamos con limitaciones. As\u00ed, nos resulta imposible ver una gigantesca catedral con el microscopio de nuestra retina. Lo que ser\u00eda muy ... Read More","og_url":"http:\/\/vincentians.com\/es\/jose-maria-roman-fuentes-c-m\/","og_site_name":"Somos Vicencianos","article_publisher":"https:\/\/www.facebook.com\/WeAreVincentians\/","article_published_time":"2013-12-01T01:21:54+00:00","article_modified_time":"2016-07-27T10:10:17+00:00","og_image":[{"width":1200,"height":630,"url":"https:\/\/i0.wp.com\/vincentians.com\/es\/wp-content\/uploads\/sites\/11\/2016\/07\/bio-cm.jpg?fit=1200%2C630","type":"image\/jpeg"}],"author":"Mitxel Olabu\u00e9naga","twitter_card":"summary_large_image","twitter_creator":"@WeVincentians","twitter_site":"@WeVincentians","twitter_misc":{"Escrito por":"Mitxel Olabu\u00e9naga","Tiempo de lectura":"4 minutos"},"schema":{"@context":"https:\/\/schema.org","@graph":[{"@type":"Article","@id":"http:\/\/vincentians.com\/es\/jose-maria-roman-fuentes-c-m\/#article","isPartOf":{"@id":"http:\/\/vincentians.com\/es\/jose-maria-roman-fuentes-c-m\/"},"author":{"name":"Mitxel Olabu\u00e9naga","@id":"http:\/\/vincentians.com\/es\/#\/schema\/person\/7c2670b4445a7ca9d164ea6acdb31859"},"headline":"Jos\u00e9 Mar\u00eda Rom\u00e1n Fuentes, C.M.","datePublished":"2013-12-01T01:21:54+00:00","dateModified":"2016-07-27T10:10:17+00:00","mainEntityOfPage":{"@id":"http:\/\/vincentians.com\/es\/jose-maria-roman-fuentes-c-m\/"},"wordCount":718,"commentCount":0,"publisher":{"@id":"http:\/\/vincentians.com\/es\/#organization"},"image":{"@id":"http:\/\/vincentians.com\/es\/jose-maria-roman-fuentes-c-m\/#primaryimage"},"thumbnailUrl":"https:\/\/i0.wp.com\/vincentians.com\/es\/wp-content\/uploads\/sites\/11\/2016\/07\/bio-cm.jpg?fit=1200%2C630","articleSection":["Biograf\u00edas de Misioneros Pa\u00fales"],"inLanguage":"es","potentialAction":[{"@type":"CommentAction","name":"Comment","target":["http:\/\/vincentians.com\/es\/jose-maria-roman-fuentes-c-m\/#respond"]}]},{"@type":"WebPage","@id":"http:\/\/vincentians.com\/es\/jose-maria-roman-fuentes-c-m\/","url":"http:\/\/vincentians.com\/es\/jose-maria-roman-fuentes-c-m\/","name":"Jos\u00e9 Mar\u00eda Rom\u00e1n Fuentes, C.M. - Somos Vicencianos","isPartOf":{"@id":"http:\/\/vincentians.com\/es\/#website"},"primaryImageOfPage":{"@id":"http:\/\/vincentians.com\/es\/jose-maria-roman-fuentes-c-m\/#primaryimage"},"image":{"@id":"http:\/\/vincentians.com\/es\/jose-maria-roman-fuentes-c-m\/#primaryimage"},"thumbnailUrl":"https:\/\/i0.wp.com\/vincentians.com\/es\/wp-content\/uploads\/sites\/11\/2016\/07\/bio-cm.jpg?fit=1200%2C630","datePublished":"2013-12-01T01:21:54+00:00","dateModified":"2016-07-27T10:10:17+00:00","breadcrumb":{"@id":"http:\/\/vincentians.com\/es\/jose-maria-roman-fuentes-c-m\/#breadcrumb"},"inLanguage":"es","potentialAction":[{"@type":"ReadAction","target":["http:\/\/vincentians.com\/es\/jose-maria-roman-fuentes-c-m\/"]}]},{"@type":"ImageObject","inLanguage":"es","@id":"http:\/\/vincentians.com\/es\/jose-maria-roman-fuentes-c-m\/#primaryimage","url":"https:\/\/i0.wp.com\/vincentians.com\/es\/wp-content\/uploads\/sites\/11\/2016\/07\/bio-cm.jpg?fit=1200%2C630","contentUrl":"https:\/\/i0.wp.com\/vincentians.com\/es\/wp-content\/uploads\/sites\/11\/2016\/07\/bio-cm.jpg?fit=1200%2C630","width":1200,"height":630},{"@type":"BreadcrumbList","@id":"http:\/\/vincentians.com\/es\/jose-maria-roman-fuentes-c-m\/#breadcrumb","itemListElement":[{"@type":"ListItem","position":1,"name":"Portada","item":"http:\/\/vincentians.com\/es\/"},{"@type":"ListItem","position":2,"name":"Jos\u00e9 Mar\u00eda Rom\u00e1n Fuentes, C.M."}]},{"@type":"WebSite","@id":"http:\/\/vincentians.com\/es\/#website","url":"http:\/\/vincentians.com\/es\/","name":"Somos Vicencianos","description":"Know more to serve more","publisher":{"@id":"http:\/\/vincentians.com\/es\/#organization"},"potentialAction":[{"@type":"SearchAction","target":{"@type":"EntryPoint","urlTemplate":"http:\/\/vincentians.com\/es\/?s={search_term_string}"},"query-input":{"@type":"PropertyValueSpecification","valueRequired":true,"valueName":"search_term_string"}}],"inLanguage":"es"},{"@type":"Organization","@id":"http:\/\/vincentians.com\/es\/#organization","name":"The Vincentian Network","url":"http:\/\/vincentians.com\/es\/","logo":{"@type":"ImageObject","inLanguage":"es","@id":"http:\/\/vincentians.com\/es\/#\/schema\/logo\/image\/","url":"https:\/\/i1.wp.com\/vincentians.com\/es\/wp-content\/uploads\/sites\/11\/2016\/06\/Vincentian-Network-logo-big.png?fit=778%2C778","contentUrl":"https:\/\/i1.wp.com\/vincentians.com\/es\/wp-content\/uploads\/sites\/11\/2016\/06\/Vincentian-Network-logo-big.png?fit=778%2C778","width":778,"height":778,"caption":"The Vincentian Network"},"image":{"@id":"http:\/\/vincentians.com\/es\/#\/schema\/logo\/image\/"},"sameAs":["https:\/\/www.facebook.com\/WeAreVincentians\/","https:\/\/x.com\/WeVincentians"]},{"@type":"Person","@id":"http:\/\/vincentians.com\/es\/#\/schema\/person\/7c2670b4445a7ca9d164ea6acdb31859","name":"Mitxel Olabu\u00e9naga","image":{"@type":"ImageObject","inLanguage":"es","@id":"https:\/\/secure.gravatar.com\/avatar\/34137ec2e2b8939cbbed975731e71f3f4f1defc7266ded337a5ce0f925426877?s=96&d=mm&r=g","url":"https:\/\/secure.gravatar.com\/avatar\/34137ec2e2b8939cbbed975731e71f3f4f1defc7266ded337a5ce0f925426877?s=96&d=mm&r=g","contentUrl":"https:\/\/secure.gravatar.com\/avatar\/34137ec2e2b8939cbbed975731e71f3f4f1defc7266ded337a5ce0f925426877?s=96&d=mm&r=g","caption":"Mitxel Olabu\u00e9naga"},"url":"http:\/\/vincentians.com\/es\/author\/mitxel\/"}]}},"jetpack_publicize_connections":[],"jetpack_featured_media_url":"https:\/\/i0.wp.com\/vincentians.com\/es\/wp-content\/uploads\/sites\/11\/2016\/07\/bio-cm.jpg?fit=1200%2C630","jetpack_sharing_enabled":true,"jetpack_shortlink":"https:\/\/wp.me\/p7ETMF-4zP","jetpack-related-posts":[{"id":386810,"url":"http:\/\/vincentians.com\/es\/santa-virgen-maria-madre-de-dios-reflexion-de-la-s-s-v-p-en-estados-unidos\/","url_meta":{"origin":17597,"position":0},"title":"Santa Virgen Mar\u00eda, Madre de Dios (reflexi\u00f3n de la S.S.V.P. en Estados Unidos)","author":"Francisco Javier Fern\u00e1ndez Chento","date":"01\/01\/2016","format":false,"excerpt":"Evangelio: (San Lucas 2:16-21) Fueron apresuradamente y hallaron a Mar\u00eda y a Jos\u00e9 con el reci\u00e9n nacido acostado en el pesebre. Entonces contaron lo que los \u00e1ngeles les hab\u00edan dicho del ni\u00f1o. Todos los que escucharon a los pastores quedaron maravillados de lo que dec\u00edan. Mar\u00eda, por su parte, guardaba\u2026","rel":"","context":"En \u00abHomil\u00edas y reflexiones, A\u00f1o C\u00bb","block_context":{"text":"Homil\u00edas y reflexiones, A\u00f1o C","link":"http:\/\/vincentians.com\/es\/category\/homilias-y-reflexiones-a-la-palabra-de-dios\/homilias-y-reflexiones-ano-c\/"},"img":{"alt_text":"","src":"https:\/\/i0.wp.com\/vincentians.com\/es\/wp-content\/uploads\/sites\/11\/2016\/07\/reflexiones-palabra-de-dios.jpg?fit=1200%2C630&resize=350%2C200","width":350,"height":200,"srcset":"https:\/\/i0.wp.com\/vincentians.com\/es\/wp-content\/uploads\/sites\/11\/2016\/07\/reflexiones-palabra-de-dios.jpg?fit=1200%2C630&resize=350%2C200 1x, https:\/\/i0.wp.com\/vincentians.com\/es\/wp-content\/uploads\/sites\/11\/2016\/07\/reflexiones-palabra-de-dios.jpg?fit=1200%2C630&resize=525%2C300 1.5x, https:\/\/i0.wp.com\/vincentians.com\/es\/wp-content\/uploads\/sites\/11\/2016\/07\/reflexiones-palabra-de-dios.jpg?fit=1200%2C630&resize=700%2C400 2x, https:\/\/i0.wp.com\/vincentians.com\/es\/wp-content\/uploads\/sites\/11\/2016\/07\/reflexiones-palabra-de-dios.jpg?fit=1200%2C630&resize=1050%2C600 3x"},"classes":[]},{"id":93426,"url":"http:\/\/vincentians.com\/es\/jose-maria-alcacer\/","url_meta":{"origin":17597,"position":1},"title":"Jos\u00e9 Mar\u00eda Alc\u00e1cer","author":"Mitxel Olabu\u00e9naga","date":"08\/07\/2012","format":false,"excerpt":"(Madrid, 16.09.1994). Hoy se ha celebrado en la Bas\u00edlica de la Milagrosa, la Misa de funeral por P. Jos\u00e9 Mar\u00eda Alc\u00e1cer, en la que han concelebrado m\u00e1s de 50 sacerdotes, llegados de las diversas casas de la Provincia de Madrid, de las Provincias de Salamanca y Zaragoza y varios Misioneros\u2026","rel":"","context":"En \u00abBiograf\u00edas de Misioneros Pa\u00fales\u00bb","block_context":{"text":"Biograf\u00edas de Misioneros Pa\u00fales","link":"http:\/\/vincentians.com\/es\/category\/la-familia-vicenciana\/biografias-vicencianas\/biografias-de-misioneros-paules\/"},"img":{"alt_text":"","src":"https:\/\/i0.wp.com\/vincentians.com\/es\/wp-content\/uploads\/sites\/11\/2016\/07\/bio-cm.jpg?fit=1200%2C630&resize=350%2C200","width":350,"height":200,"srcset":"https:\/\/i0.wp.com\/vincentians.com\/es\/wp-content\/uploads\/sites\/11\/2016\/07\/bio-cm.jpg?fit=1200%2C630&resize=350%2C200 1x, https:\/\/i0.wp.com\/vincentians.com\/es\/wp-content\/uploads\/sites\/11\/2016\/07\/bio-cm.jpg?fit=1200%2C630&resize=525%2C300 1.5x, https:\/\/i0.wp.com\/vincentians.com\/es\/wp-content\/uploads\/sites\/11\/2016\/07\/bio-cm.jpg?fit=1200%2C630&resize=700%2C400 2x, https:\/\/i0.wp.com\/vincentians.com\/es\/wp-content\/uploads\/sites\/11\/2016\/07\/bio-cm.jpg?fit=1200%2C630&resize=1050%2C600 3x"},"classes":[]},{"id":24101,"url":"http:\/\/vincentians.com\/es\/maria-contemplativa\/","url_meta":{"origin":17597,"position":2},"title":"Mar\u00eda contemplativa","author":"Francisco Javier Fern\u00e1ndez Chento","date":"03\/08\/2013","format":false,"excerpt":"Mar\u00eda guardaba todas esas cosas\u2026 y les daba vueltas en su coraz\u00f3n. (Lc 2,19) Pocas escenas nos producen mayor sensaci\u00f3n de ternura que contemplar a la Madre arrullando al Ni\u00f1o con mimo. Miles de veces se ha reproducido la escena, tratando de verla desde todas las culturas y desde todas\u2026","rel":"","context":"En \u00abEspiritualidad vicenciana\u00bb","block_context":{"text":"Espiritualidad vicenciana","link":"http:\/\/vincentians.com\/es\/category\/espiritualidad\/espiritualidad-vicenciana\/"},"img":{"alt_text":"","src":"https:\/\/i0.wp.com\/vicencianos.org\/wp-content\/2010\/12\/marianacimiento.jpg?resize=350%2C200","width":350,"height":200},"classes":[]},{"id":4449,"url":"http:\/\/vincentians.com\/es\/la-inmaculada-concepcion-reflexion-de-jose-roman-flecha\/","url_meta":{"origin":17597,"position":3},"title":"La Inmaculada Concepci\u00f3n (reflexi\u00f3n de Jos\u00e9 Rom\u00e1n Flecha)","author":"Francisco Javier Fern\u00e1ndez Chento","date":"02\/12\/2013","format":false,"excerpt":"DONDE LA GRACIA EST\u00c1 Inmaculada Concepci\u00f3n de Santa Mar\u00eda Virgen 8 de diciembre \u201cReina y Madre, Virgen pura, que sol y cielo pis\u00e1is, a vos sola no alcanz\u00f3 la triste herencia de Ad\u00e1n. \u00bfC\u00f3mo en vos, Reina de todos, si llena de gracia est\u00e1is, pudo caber igual parte de la\u2026","rel":"","context":"En \u00abHomil\u00edas y reflexiones, A\u00f1o A\u00bb","block_context":{"text":"Homil\u00edas y reflexiones, A\u00f1o A","link":"http:\/\/vincentians.com\/es\/category\/homilias-y-reflexiones-a-la-palabra-de-dios\/homilias-y-reflexiones-ano-a\/"},"img":{"alt_text":"","src":"https:\/\/i0.wp.com\/vincentians.com\/es\/wp-content\/uploads\/sites\/11\/2016\/07\/reflexiones-palabra-de-dios.jpg?fit=1200%2C630&resize=350%2C200","width":350,"height":200,"srcset":"https:\/\/i0.wp.com\/vincentians.com\/es\/wp-content\/uploads\/sites\/11\/2016\/07\/reflexiones-palabra-de-dios.jpg?fit=1200%2C630&resize=350%2C200 1x, https:\/\/i0.wp.com\/vincentians.com\/es\/wp-content\/uploads\/sites\/11\/2016\/07\/reflexiones-palabra-de-dios.jpg?fit=1200%2C630&resize=525%2C300 1.5x, https:\/\/i0.wp.com\/vincentians.com\/es\/wp-content\/uploads\/sites\/11\/2016\/07\/reflexiones-palabra-de-dios.jpg?fit=1200%2C630&resize=700%2C400 2x, https:\/\/i0.wp.com\/vincentians.com\/es\/wp-content\/uploads\/sites\/11\/2016\/07\/reflexiones-palabra-de-dios.jpg?fit=1200%2C630&resize=1050%2C600 3x"},"classes":[]},{"id":125275,"url":"http:\/\/vincentians.com\/es\/la-llamada-a-la-reforma-los-tiempos-de-trento-desde-1545-a-1650\/","url_meta":{"origin":17597,"position":4},"title":"La llamada a la Reforma: Los tiempos de Trento (desde 1545 a 1650)","author":"Francisco Javier Fern\u00e1ndez Chento","date":"14\/11\/2013","format":false,"excerpt":"HECHOS HUMANOS HECHOS EDUCATIVOS HECHOS DE IGLESIA 1547. Batalla de M\u00fchlberg.1548. Dieta de Augsburgo. \"Interim\" de Carlos V sobre la situaci\u00f3n religiosa.1547. Muere Enrique VIII, despu\u00e9s de 56 a\u00f1os de reinado. Muere Francisco I de Francia.1552. Tratado de Passeau. Se anula el \"Interim\". 1553. Mar\u00eda Tudor sube al trono ingl\u00e9s.\u2026","rel":"","context":"En \u00abEn tiempos de Vicente de Pa\u00fal\u00bb","block_context":{"text":"En tiempos de Vicente de Pa\u00fal","link":"http:\/\/vincentians.com\/es\/category\/historia-de-la-familia-vicenciana\/en-tiempos-de-vicente-de-paul\/"},"img":{"alt_text":"concilio-trento-sesion-2","src":"https:\/\/i0.wp.com\/vicencianos.org\/wp-content\/2013\/11\/concilio-trento-sesion-2-300x206.jpg?resize=350%2C200","width":350,"height":200},"classes":[]},{"id":144779,"url":"http:\/\/vincentians.com\/es\/en-la-escuela-de-maria-inmaculada-sierva-y-madre\/","url_meta":{"origin":17597,"position":5},"title":"En la escuela de Mar\u00eda Inmaculada, Sierva y Madre","author":"Francisco Javier Fern\u00e1ndez Chento","date":"10\/05\/2015","format":false,"excerpt":"Introducci\u00f3n Una de las 7 \u00faltimas palabras de Jes\u00fas en la Cruz que forman parte de su testamento espiritual, es: \u201cAh\u00ed tienes a tu madre\u201d, una palabra extraordinaria que Jes\u00fas dice al disc\u00edpulo amado, es decir a la Iglesia. Jes\u00fas conf\u00eda la Iglesia a su madre y su madre a\u2026","rel":"","context":"En \u00abVirgen Mar\u00eda\u00bb","block_context":{"text":"Virgen Mar\u00eda","link":"http:\/\/vincentians.com\/es\/category\/espiritualidad\/virgen-maria\/"},"img":{"alt_text":"our-mother-mary-inmaculate","src":"https:\/\/i0.wp.com\/vicencianos.org\/wp-content\/2015\/05\/our-mother-mary-inmaculate-300x216.jpg?resize=350%2C200","width":350,"height":200},"classes":[]}],"_links":{"self":[{"href":"http:\/\/vincentians.com\/es\/wp-json\/wp\/v2\/posts\/17597","targetHints":{"allow":["GET"]}}],"collection":[{"href":"http:\/\/vincentians.com\/es\/wp-json\/wp\/v2\/posts"}],"about":[{"href":"http:\/\/vincentians.com\/es\/wp-json\/wp\/v2\/types\/post"}],"author":[{"embeddable":true,"href":"http:\/\/vincentians.com\/es\/wp-json\/wp\/v2\/users\/5"}],"replies":[{"embeddable":true,"href":"http:\/\/vincentians.com\/es\/wp-json\/wp\/v2\/comments?post=17597"}],"version-history":[{"count":0,"href":"http:\/\/vincentians.com\/es\/wp-json\/wp\/v2\/posts\/17597\/revisions"}],"wp:featuredmedia":[{"embeddable":true,"href":"http:\/\/vincentians.com\/es\/wp-json\/wp\/v2\/media\/391249"}],"wp:attachment":[{"href":"http:\/\/vincentians.com\/es\/wp-json\/wp\/v2\/media?parent=17597"}],"wp:term":[{"taxonomy":"category","embeddable":true,"href":"http:\/\/vincentians.com\/es\/wp-json\/wp\/v2\/categories?post=17597"},{"taxonomy":"post_tag","embeddable":true,"href":"http:\/\/vincentians.com\/es\/wp-json\/wp\/v2\/tags?post=17597"}],"curies":[{"name":"wp","href":"https:\/\/api.w.org\/{rel}","templated":true}]}}