{"id":1747,"date":"2012-07-07T14:13:39","date_gmt":"2012-07-07T12:13:39","guid":{"rendered":"http:\/\/somos.vicencianos.org\/comentarios\/?p=1747"},"modified":"2016-07-24T10:29:50","modified_gmt":"2016-07-24T08:29:50","slug":"14o-domingo-de-tiempo-ordinario-reflexion-de-jose-cervantes-gabarron","status":"publish","type":"post","link":"http:\/\/vincentians.com\/es\/14o-domingo-de-tiempo-ordinario-reflexion-de-jose-cervantes-gabarron\/","title":{"rendered":"14\u00ba Domingo de Tiempo Ordinario (reflexi\u00f3n de Jos\u00e9 Cervantes Gabarr\u00f3n)"},"content":{"rendered":"<h2><strong><em><strong><em><strong><em><strong><em><strong><em><\/em><\/strong><\/em><\/strong><\/em><\/strong><\/em><\/strong><\/em><\/strong><strong><em><strong><em><strong><em><strong><em><strong><em><strong><em><strong><em><strong><em><strong><em><strong><em><strong><em><strong><em>La fuerza en la debilidad<\/em><\/strong><\/em><\/strong><\/em><\/strong><\/em><\/strong><\/em><\/strong><\/em><\/strong><\/em><\/strong><\/em><\/strong><\/em><\/strong><\/em><\/strong><\/em><\/strong><\/em><\/strong><\/h2>\n<dl id=\"attachment_911\" class=\"wp-caption alignright\" style=\"width: 220px\">\n<dt class=\"wp-caption-dt\"><a href=\"https:\/\/i0.wp.com\/vicencianos.org\/comentarios\/files\/2011\/10\/Jose_Cervantes.jpg\"><img data-recalc-dims=\"1\" loading=\"lazy\" decoding=\"async\" class=\"size-medium wp-image-911\" title=\"Jose_Cervantes\" src=\"https:\/\/i0.wp.com\/vicencianos.org\/comentarios\/files\/2011\/10\/Jose_Cervantes-210x300.jpg?resize=210%2C300\" alt=\"\" width=\"210\" height=\"300\" \/><\/a><\/dt>\n<dd class=\"wp-caption-dd\">Jos\u00e9 Cervantes Gabarr\u00f3n, sacerdote misionero y profesor de Sagrada Escritura.<\/dd>\n<\/dl>\n<p>Contra toda soberbia humana, Pablo reconoce que Dios le ha revelado hasta tres veces que le basta su gracia. Y por ello la m\u00e1s significativa y parad\u00f3jica manifestaci\u00f3n de Dios es la revelaci\u00f3n de su fuerza en la debilidad, la cual encuentra su exponente m\u00e1ximo en la potencia del crucificado. En esta clave se deben interpretar las tres lecturas b\u00edblicas de este domingo que subrayan el car\u00e1cter prof\u00e9tico de los textos de Ezequiel, Pablo y Marcos (Ez 2,2-5; 2Cor 12,7-10; Mc 6,1-6). El profeta es el que proclama p\u00fablicamente la palabra de Dios en medio del mundo, incluso en medio de la obstinaci\u00f3n, cerraz\u00f3n e incredulidad de las gentes. Por ello el destino de todos los profetas es la persecuci\u00f3n y el desprecio por causa de la fidelidad a la Palabra de Dios hasta la experimentar la muerte como v\u00edctimas de la sociedad y de los que ostentan los poderes del mundo. Sin embargo la potencia de toda cruz en la historia est\u00e1 impulsada por aquel que desde la cruz y por amor tira de todos hacia Dios y cuya palabra creadora y regeneradora de vida nueva est\u00e1 siempre viva y es imparable.<\/p>\n<p>En el evangelio de Marcos se plantea muchas veces la cuesti\u00f3n de la identidad de Jes\u00fas. Hoy escuchamos el texto de Mc 6,1-6, donde se aborda abiertamente la misma cuesti\u00f3n reconociendo a Jes\u00fas como hijo de Mar\u00eda.<\/p>\n<p>En la primera parte del Evangelio de Marcos, desde 1,1 hasta 8,26, se desarrolla la identidad de Jes\u00fas como Mes\u00edas, como mensajero del reino de Dios, que a partir de sus obras prodigiosas, los milagros, y con la autoridad y credibilidad de su palabra culminar\u00e1 con la proclamaci\u00f3n mesi\u00e1nica por parte de Pedro en Cesarea de Filipo. En el bautismo de Jes\u00fas, cuando \u00e9l sale del agua y se desgarran los cielos, se escucha una voz celeste: \u201c<em>t\u00fa eres mi Hijo, en ti me complazco\u201d<\/em>. Es la voz de Dios, que lo acredita como hijo. Sin embargo, al empezar su actividad se cuestiona la identidad de Jes\u00fas, primero, por parte de los escribas y, despu\u00e9s, por parte de sus propios familiares que lo tachan de loco.<\/p>\n<p>M\u00e1s adelante son los vecinos de su tierra quienes se plantean su identidad: <em>\u201c\u00bfDe d\u00f3nde le viene esto, y qu\u00e9 sabidur\u00eda es la que se le ha dado, y qu\u00e9 prodigios se realizan con sus manos? \u00bfNo es \u00e9ste el carpintero, el hijo de Mar\u00eda, hermano de Santiago y de Joset y de Judas y de Sim\u00f3n? Y \u00bfno est\u00e1n sus hermanas aqu\u00ed entre nosotros?\u201d (Mc 6,2-3).<\/em><\/p>\n<p>En la cultura mediterr\u00e1nea, y particularmente en especialmente en aquella sociedad del siglo I, se comprend\u00eda la identidad personal a partir del origen del individuo. La familia, el pueblo y la fama son las se\u00f1as de identidad del individuo, las cuales otorgan a la persona una gran seguridad desde una perspectiva social. Aqu\u00ed es significativo que a Jes\u00fas se le llame \u201c<em>el hijo de Mar\u00eda\u201d<\/em>. No era nada normal llamar a uno por el nombre de la madre, ni siquiera aunque hubiera muerto el padre. A partir de esta denominaci\u00f3n se puede deducir, por tanto, que Jes\u00fas no ten\u00eda padre conocido o reconocido, lo cual era algo humillante.<\/p>\n<p>No hay que olvidar que en Israel s\u00f3lo el padre transmite el apellido, la herencia cultural y religiosa, el patrimonio de los antepasados. Ni tampoco hay que olvidar que la condici\u00f3n humana (en el sentido de naturaleza, especie, raza) era atribuida a la madre. As\u00ed, Hijo de Hombre (equivalente a decir Hijo de Humano) une a su pretensi\u00f3n de autoridad su condici\u00f3n de hijo de su madre (no de su padre). Jes\u00fas se llama a s\u00ed mismo Hijo de Hombre (Mc 2,10.28; 8,31) antes de que el evangelista cuente lo que dicen sus vecinos. De ello puede inferirse que \u00e9l reivindica su condici\u00f3n humana, ligada a la madre, antes de que los otros lo califiquen as\u00ed. De esta manera es \u00e9l quien va defini\u00e9ndose y mostrando su identidad, en lugar de ser definido o determinado por lo que los dem\u00e1s digan. Su pretensi\u00f3n de autoridad resulta entonces m\u00e1s parad\u00f3jica, pues sin un apellido en el que iba incluida la herencia cultural y religiosa Jes\u00fas es s\u00f3lo eso, un Hijo de Humano.<\/p>\n<p>El desprecio en su tierra a Jes\u00fas, el Humano Hijo de Mar\u00eda, se constata en los cuatro evangelios, aunque el evangelio de Lucas es quien m\u00e1s lo desarrolla en su presentaci\u00f3n prof\u00e9tica como enviado por Dios para anunciar a los pobres la Buena Noticia de la libertad y de la gracia (Lc 4,16-30). En Marcos tambi\u00e9n se pone de manifiesto que Jes\u00fas es el profeta despreciado por su gente y por su pueblo. Ni la sabidur\u00eda reconocida en la ense\u00f1anza de Jes\u00fas, ni los milagros realizados hasta ahora han sido suficientes a los vecinos y parientes de Jes\u00fas para entender ni siquiera vislumbrar m\u00ednimamente qui\u00e9n es \u00e9l.<\/p>\n<p>Despu\u00e9s de esto Jes\u00fas constata su incredulidad. La incredulidad consiste en estar cerrados a la manifestaci\u00f3n sorprendente de Dios en la humanidad de Jes\u00fas, mientras que la fe aut\u00e9ntica consiste en estar dispuestos a reconocer que Jes\u00fas es verdaderamente Hombre e Hijo de Dios, tal como se revela al pie de la cruz por parte del centuri\u00f3n pagano (Mc 15,39). Acoger esta revelaci\u00f3n con todas las consecuencias es convertirse en seguidor y disc\u00edpulo de Jes\u00fas. Acoger la humanidad de Jes\u00fas, comprender el misterio de su persona en la sencillez de su actuar, percibir su autoridad y fuerza en la confrontaci\u00f3n con todo mal de este mundo, y quedar atrapados por la solidaridad extrema con la que Jes\u00fas se hace presente en todos los que sufren en esta tierra, en todos los crucificados del mundo, es creer en \u00c9l y creer que Este Hombre es el Hijo de Dios.<\/p>\n<p>El Dios desconcertante que cambi\u00f3 el rumbo de la vida de Pablo y que le capacit\u00f3 para experimentar su fuerza en la debilidad es el que a todos nosotros puede cambiarnos la mentalidad para pasar de la incredulidad a la fe. Basta que abramos el coraz\u00f3n y la conciencia para contemplar la profundidad del misterio de que el Hijo de Mar\u00eda es el Hijo de Dios.\u00a0 Lo crean o no, lo perciba o no este mundo secularizado y confundido, los creyentes en misi\u00f3n permanente esto es lo que anunciamos: un Mes\u00edas Crucificado, potencia de Dios para salvar el mundo. Basta entender que la fuerza se realiza en la debilidad (2 Cor 12,7-10). Por eso Pablo se abre a esta gracia.<\/p>\n","protected":false},"excerpt":{"rendered":"<p>La fuerza en la debilidad Jos\u00e9 Cervantes Gabarr\u00f3n, sacerdote misionero y profesor de Sagrada Escritura. Contra toda soberbia humana, Pablo reconoce que Dios le ha revelado hasta tres veces que le basta su gracia. Y &#8230; <a href=\"http:\/\/vincentians.com\/es\/14o-domingo-de-tiempo-ordinario-reflexion-de-jose-cervantes-gabarron\/\" class=\"more-link\">Read More<\/a><\/p>\n","protected":false},"author":4,"featured_media":388408,"comment_status":"open","ping_status":"open","sticky":false,"template":"","format":"standard","meta":{"jetpack_post_was_ever_published":false,"_jetpack_newsletter_access":"","_jetpack_dont_email_post_to_subs":false,"_jetpack_newsletter_tier_id":0,"_jetpack_memberships_contains_paywalled_content":false,"_jetpack_memberships_contains_paid_content":false,"footnotes":"","jetpack_publicize_message":"","jetpack_publicize_feature_enabled":true,"jetpack_social_post_already_shared":true,"jetpack_social_options":{"image_generator_settings":{"template":"highway","default_image_id":0,"font":"","enabled":false},"version":2}},"categories":[93],"tags":[],"class_list":["post-1747","post","type-post","status-publish","format-standard","has-post-thumbnail","hentry","category-homilias-y-reflexiones-ano-b"],"yoast_head":"<!-- This site is optimized with the Yoast SEO plugin v26.3 - https:\/\/yoast.com\/wordpress\/plugins\/seo\/ -->\n<title>14\u00ba Domingo de Tiempo Ordinario (reflexi\u00f3n de Jos\u00e9 Cervantes Gabarr\u00f3n) - Somos Vicencianos<\/title>\n<meta name=\"robots\" content=\"index, follow, max-snippet:-1, max-image-preview:large, max-video-preview:-1\" \/>\n<link rel=\"canonical\" href=\"http:\/\/vincentians.com\/es\/14o-domingo-de-tiempo-ordinario-reflexion-de-jose-cervantes-gabarron\/\" \/>\n<meta property=\"og:locale\" content=\"es_ES\" \/>\n<meta property=\"og:type\" content=\"article\" \/>\n<meta property=\"og:title\" content=\"14\u00ba Domingo de Tiempo Ordinario (reflexi\u00f3n de Jos\u00e9 Cervantes Gabarr\u00f3n) - Somos Vicencianos\" \/>\n<meta property=\"og:description\" content=\"La fuerza en la debilidad Jos\u00e9 Cervantes Gabarr\u00f3n, sacerdote misionero y profesor de Sagrada Escritura. Contra toda soberbia humana, Pablo reconoce que Dios le ha revelado hasta tres veces que le basta su gracia. Y ... Read More\" \/>\n<meta property=\"og:url\" content=\"http:\/\/vincentians.com\/es\/14o-domingo-de-tiempo-ordinario-reflexion-de-jose-cervantes-gabarron\/\" \/>\n<meta property=\"og:site_name\" content=\"Somos Vicencianos\" \/>\n<meta property=\"article:publisher\" content=\"https:\/\/www.facebook.com\/WeAreVincentians\/\" \/>\n<meta property=\"article:author\" content=\"https:\/\/www.facebook.com\/JavierChento\" \/>\n<meta property=\"article:published_time\" content=\"2012-07-07T12:13:39+00:00\" \/>\n<meta property=\"article:modified_time\" content=\"2016-07-24T08:29:50+00:00\" \/>\n<meta property=\"og:image\" content=\"https:\/\/i0.wp.com\/vincentians.com\/es\/wp-content\/uploads\/sites\/11\/2016\/07\/reflexiones-palabra-de-dios.jpg?fit=1200%2C630\" \/>\n\t<meta property=\"og:image:width\" content=\"1200\" \/>\n\t<meta property=\"og:image:height\" content=\"630\" \/>\n\t<meta property=\"og:image:type\" content=\"image\/jpeg\" \/>\n<meta name=\"author\" content=\"Francisco Javier Fern\u00e1ndez Chento\" \/>\n<meta name=\"twitter:card\" content=\"summary_large_image\" \/>\n<meta name=\"twitter:creator\" content=\"@https:\/\/twitter.com\/javierchento\" \/>\n<meta name=\"twitter:site\" content=\"@WeVincentians\" \/>\n<meta name=\"twitter:label1\" content=\"Escrito por\" \/>\n\t<meta name=\"twitter:data1\" content=\"Francisco Javier Fern\u00e1ndez Chento\" \/>\n\t<meta name=\"twitter:label2\" content=\"Tiempo de lectura\" \/>\n\t<meta name=\"twitter:data2\" content=\"6 minutos\" \/>\n<script type=\"application\/ld+json\" class=\"yoast-schema-graph\">{\"@context\":\"https:\/\/schema.org\",\"@graph\":[{\"@type\":\"Article\",\"@id\":\"http:\/\/vincentians.com\/es\/14o-domingo-de-tiempo-ordinario-reflexion-de-jose-cervantes-gabarron\/#article\",\"isPartOf\":{\"@id\":\"http:\/\/vincentians.com\/es\/14o-domingo-de-tiempo-ordinario-reflexion-de-jose-cervantes-gabarron\/\"},\"author\":{\"name\":\"Francisco Javier Fern\u00e1ndez Chento\",\"@id\":\"http:\/\/vincentians.com\/es\/#\/schema\/person\/9623ef4d9aa3b2dfb8c061f1499288f2\"},\"headline\":\"14\u00ba Domingo de Tiempo Ordinario (reflexi\u00f3n de Jos\u00e9 Cervantes Gabarr\u00f3n)\",\"datePublished\":\"2012-07-07T12:13:39+00:00\",\"dateModified\":\"2016-07-24T08:29:50+00:00\",\"mainEntityOfPage\":{\"@id\":\"http:\/\/vincentians.com\/es\/14o-domingo-de-tiempo-ordinario-reflexion-de-jose-cervantes-gabarron\/\"},\"wordCount\":1180,\"commentCount\":0,\"publisher\":{\"@id\":\"http:\/\/vincentians.com\/es\/#organization\"},\"image\":{\"@id\":\"http:\/\/vincentians.com\/es\/14o-domingo-de-tiempo-ordinario-reflexion-de-jose-cervantes-gabarron\/#primaryimage\"},\"thumbnailUrl\":\"https:\/\/i0.wp.com\/vincentians.com\/es\/wp-content\/uploads\/sites\/11\/2016\/07\/reflexiones-palabra-de-dios.jpg?fit=1200%2C630\",\"articleSection\":[\"Homil\u00edas y reflexiones, A\u00f1o B\"],\"inLanguage\":\"es\",\"potentialAction\":[{\"@type\":\"CommentAction\",\"name\":\"Comment\",\"target\":[\"http:\/\/vincentians.com\/es\/14o-domingo-de-tiempo-ordinario-reflexion-de-jose-cervantes-gabarron\/#respond\"]}]},{\"@type\":\"WebPage\",\"@id\":\"http:\/\/vincentians.com\/es\/14o-domingo-de-tiempo-ordinario-reflexion-de-jose-cervantes-gabarron\/\",\"url\":\"http:\/\/vincentians.com\/es\/14o-domingo-de-tiempo-ordinario-reflexion-de-jose-cervantes-gabarron\/\",\"name\":\"14\u00ba Domingo de Tiempo Ordinario (reflexi\u00f3n de Jos\u00e9 Cervantes Gabarr\u00f3n) - Somos Vicencianos\",\"isPartOf\":{\"@id\":\"http:\/\/vincentians.com\/es\/#website\"},\"primaryImageOfPage\":{\"@id\":\"http:\/\/vincentians.com\/es\/14o-domingo-de-tiempo-ordinario-reflexion-de-jose-cervantes-gabarron\/#primaryimage\"},\"image\":{\"@id\":\"http:\/\/vincentians.com\/es\/14o-domingo-de-tiempo-ordinario-reflexion-de-jose-cervantes-gabarron\/#primaryimage\"},\"thumbnailUrl\":\"https:\/\/i0.wp.com\/vincentians.com\/es\/wp-content\/uploads\/sites\/11\/2016\/07\/reflexiones-palabra-de-dios.jpg?fit=1200%2C630\",\"datePublished\":\"2012-07-07T12:13:39+00:00\",\"dateModified\":\"2016-07-24T08:29:50+00:00\",\"breadcrumb\":{\"@id\":\"http:\/\/vincentians.com\/es\/14o-domingo-de-tiempo-ordinario-reflexion-de-jose-cervantes-gabarron\/#breadcrumb\"},\"inLanguage\":\"es\",\"potentialAction\":[{\"@type\":\"ReadAction\",\"target\":[\"http:\/\/vincentians.com\/es\/14o-domingo-de-tiempo-ordinario-reflexion-de-jose-cervantes-gabarron\/\"]}]},{\"@type\":\"ImageObject\",\"inLanguage\":\"es\",\"@id\":\"http:\/\/vincentians.com\/es\/14o-domingo-de-tiempo-ordinario-reflexion-de-jose-cervantes-gabarron\/#primaryimage\",\"url\":\"https:\/\/i0.wp.com\/vincentians.com\/es\/wp-content\/uploads\/sites\/11\/2016\/07\/reflexiones-palabra-de-dios.jpg?fit=1200%2C630\",\"contentUrl\":\"https:\/\/i0.wp.com\/vincentians.com\/es\/wp-content\/uploads\/sites\/11\/2016\/07\/reflexiones-palabra-de-dios.jpg?fit=1200%2C630\",\"width\":1200,\"height\":630},{\"@type\":\"BreadcrumbList\",\"@id\":\"http:\/\/vincentians.com\/es\/14o-domingo-de-tiempo-ordinario-reflexion-de-jose-cervantes-gabarron\/#breadcrumb\",\"itemListElement\":[{\"@type\":\"ListItem\",\"position\":1,\"name\":\"Portada\",\"item\":\"http:\/\/vincentians.com\/es\/\"},{\"@type\":\"ListItem\",\"position\":2,\"name\":\"14\u00ba Domingo de Tiempo Ordinario (reflexi\u00f3n de Jos\u00e9 Cervantes Gabarr\u00f3n)\"}]},{\"@type\":\"WebSite\",\"@id\":\"http:\/\/vincentians.com\/es\/#website\",\"url\":\"http:\/\/vincentians.com\/es\/\",\"name\":\"Somos Vicencianos\",\"description\":\"Know more to serve more\",\"publisher\":{\"@id\":\"http:\/\/vincentians.com\/es\/#organization\"},\"potentialAction\":[{\"@type\":\"SearchAction\",\"target\":{\"@type\":\"EntryPoint\",\"urlTemplate\":\"http:\/\/vincentians.com\/es\/?s={search_term_string}\"},\"query-input\":{\"@type\":\"PropertyValueSpecification\",\"valueRequired\":true,\"valueName\":\"search_term_string\"}}],\"inLanguage\":\"es\"},{\"@type\":\"Organization\",\"@id\":\"http:\/\/vincentians.com\/es\/#organization\",\"name\":\"The Vincentian Network\",\"url\":\"http:\/\/vincentians.com\/es\/\",\"logo\":{\"@type\":\"ImageObject\",\"inLanguage\":\"es\",\"@id\":\"http:\/\/vincentians.com\/es\/#\/schema\/logo\/image\/\",\"url\":\"https:\/\/i1.wp.com\/vincentians.com\/es\/wp-content\/uploads\/sites\/11\/2016\/06\/Vincentian-Network-logo-big.png?fit=778%2C778\",\"contentUrl\":\"https:\/\/i1.wp.com\/vincentians.com\/es\/wp-content\/uploads\/sites\/11\/2016\/06\/Vincentian-Network-logo-big.png?fit=778%2C778\",\"width\":778,\"height\":778,\"caption\":\"The Vincentian Network\"},\"image\":{\"@id\":\"http:\/\/vincentians.com\/es\/#\/schema\/logo\/image\/\"},\"sameAs\":[\"https:\/\/www.facebook.com\/WeAreVincentians\/\",\"https:\/\/x.com\/WeVincentians\"]},{\"@type\":\"Person\",\"@id\":\"http:\/\/vincentians.com\/es\/#\/schema\/person\/9623ef4d9aa3b2dfb8c061f1499288f2\",\"name\":\"Francisco Javier Fern\u00e1ndez Chento\",\"image\":{\"@type\":\"ImageObject\",\"inLanguage\":\"es\",\"@id\":\"http:\/\/vincentians.com\/es\/#\/schema\/person\/image\/\",\"url\":\"https:\/\/secure.gravatar.com\/avatar\/497d5cde87b4c3d097d0315953521681ba2cd523ee66e5077c3711f7021e65de?s=96&d=mm&r=g\",\"contentUrl\":\"https:\/\/secure.gravatar.com\/avatar\/497d5cde87b4c3d097d0315953521681ba2cd523ee66e5077c3711f7021e65de?s=96&d=mm&r=g\",\"caption\":\"Francisco Javier Fern\u00e1ndez Chento\"},\"description\":\"Director General y cofundador de La Red de Formaci\u00f3n Vicenciana. Javier es laico vicenciano, afiliado a la Congregaci\u00f3n de la Misi\u00f3n y miembro del Equipo de Misiones Populares de la provincia can\u00f3nica de Zaragoza (Espa\u00f1a) de la Congregaci\u00f3n de la Misi\u00f3n. Graduado en la Universidad Oberta de Catalunya con cuatro grados (Asistente de direcci\u00f3n, Gesti\u00f3n Administrativa, Recursos Humanos y Contabilidad Avanzada). Bil\u00edng\u00fce Espa\u00f1ol\/Ingl\u00e9s. gestiona y mantiene varias p\u00e1ginas web cristianas y vicencianas, incluida including La Red de Formaci\u00f3n Vicenciana, de la que es cofundador. Actualmente es responsable del \u00e1rea de Espa\u00f1ol de .famvin, la Red de Noticias de la Familia Vicenciana. Tambi\u00e9n es m\u00fasico cat\u00f3lico y ha editado varios discos. Es Director General y cofundador de Trovador, una reconocida compa\u00f1\u00eda discogr\u00e1fica critiana de Espa\u00f1a. Trabaja en las Tecnolog\u00edas de la Informaci\u00f3n, ofreciendo servicios de alojamiento, dise\u00f1o y mantenimiento Web, as\u00ed como asesoramiento, formaci\u00f3n y soluciones inform\u00e1ticas, gesti\u00f3n documental y digitalizaci\u00f3n de textos, edici\u00f3n y maquetaci\u00f3n de libros, revistas, flyers, etc.\",\"sameAs\":[\"http:\/\/chento.org\",\"https:\/\/www.facebook.com\/JavierChento\",\"https:\/\/x.com\/https:\/\/twitter.com\/javierchento\"],\"url\":\"http:\/\/vincentians.com\/es\/author\/chento\/\"}]}<\/script>\n<!-- \/ Yoast SEO plugin. -->","yoast_head_json":{"title":"14\u00ba Domingo de Tiempo Ordinario (reflexi\u00f3n de Jos\u00e9 Cervantes Gabarr\u00f3n) - Somos Vicencianos","robots":{"index":"index","follow":"follow","max-snippet":"max-snippet:-1","max-image-preview":"max-image-preview:large","max-video-preview":"max-video-preview:-1"},"canonical":"http:\/\/vincentians.com\/es\/14o-domingo-de-tiempo-ordinario-reflexion-de-jose-cervantes-gabarron\/","og_locale":"es_ES","og_type":"article","og_title":"14\u00ba Domingo de Tiempo Ordinario (reflexi\u00f3n de Jos\u00e9 Cervantes Gabarr\u00f3n) - Somos Vicencianos","og_description":"La fuerza en la debilidad Jos\u00e9 Cervantes Gabarr\u00f3n, sacerdote misionero y profesor de Sagrada Escritura. Contra toda soberbia humana, Pablo reconoce que Dios le ha revelado hasta tres veces que le basta su gracia. Y ... Read More","og_url":"http:\/\/vincentians.com\/es\/14o-domingo-de-tiempo-ordinario-reflexion-de-jose-cervantes-gabarron\/","og_site_name":"Somos Vicencianos","article_publisher":"https:\/\/www.facebook.com\/WeAreVincentians\/","article_author":"https:\/\/www.facebook.com\/JavierChento","article_published_time":"2012-07-07T12:13:39+00:00","article_modified_time":"2016-07-24T08:29:50+00:00","og_image":[{"width":1200,"height":630,"url":"https:\/\/i0.wp.com\/vincentians.com\/es\/wp-content\/uploads\/sites\/11\/2016\/07\/reflexiones-palabra-de-dios.jpg?fit=1200%2C630","type":"image\/jpeg"}],"author":"Francisco Javier Fern\u00e1ndez Chento","twitter_card":"summary_large_image","twitter_creator":"@https:\/\/twitter.com\/javierchento","twitter_site":"@WeVincentians","twitter_misc":{"Escrito por":"Francisco Javier Fern\u00e1ndez Chento","Tiempo de lectura":"6 minutos"},"schema":{"@context":"https:\/\/schema.org","@graph":[{"@type":"Article","@id":"http:\/\/vincentians.com\/es\/14o-domingo-de-tiempo-ordinario-reflexion-de-jose-cervantes-gabarron\/#article","isPartOf":{"@id":"http:\/\/vincentians.com\/es\/14o-domingo-de-tiempo-ordinario-reflexion-de-jose-cervantes-gabarron\/"},"author":{"name":"Francisco Javier Fern\u00e1ndez Chento","@id":"http:\/\/vincentians.com\/es\/#\/schema\/person\/9623ef4d9aa3b2dfb8c061f1499288f2"},"headline":"14\u00ba Domingo de Tiempo Ordinario (reflexi\u00f3n de Jos\u00e9 Cervantes Gabarr\u00f3n)","datePublished":"2012-07-07T12:13:39+00:00","dateModified":"2016-07-24T08:29:50+00:00","mainEntityOfPage":{"@id":"http:\/\/vincentians.com\/es\/14o-domingo-de-tiempo-ordinario-reflexion-de-jose-cervantes-gabarron\/"},"wordCount":1180,"commentCount":0,"publisher":{"@id":"http:\/\/vincentians.com\/es\/#organization"},"image":{"@id":"http:\/\/vincentians.com\/es\/14o-domingo-de-tiempo-ordinario-reflexion-de-jose-cervantes-gabarron\/#primaryimage"},"thumbnailUrl":"https:\/\/i0.wp.com\/vincentians.com\/es\/wp-content\/uploads\/sites\/11\/2016\/07\/reflexiones-palabra-de-dios.jpg?fit=1200%2C630","articleSection":["Homil\u00edas y reflexiones, A\u00f1o B"],"inLanguage":"es","potentialAction":[{"@type":"CommentAction","name":"Comment","target":["http:\/\/vincentians.com\/es\/14o-domingo-de-tiempo-ordinario-reflexion-de-jose-cervantes-gabarron\/#respond"]}]},{"@type":"WebPage","@id":"http:\/\/vincentians.com\/es\/14o-domingo-de-tiempo-ordinario-reflexion-de-jose-cervantes-gabarron\/","url":"http:\/\/vincentians.com\/es\/14o-domingo-de-tiempo-ordinario-reflexion-de-jose-cervantes-gabarron\/","name":"14\u00ba Domingo de Tiempo Ordinario (reflexi\u00f3n de Jos\u00e9 Cervantes Gabarr\u00f3n) - Somos Vicencianos","isPartOf":{"@id":"http:\/\/vincentians.com\/es\/#website"},"primaryImageOfPage":{"@id":"http:\/\/vincentians.com\/es\/14o-domingo-de-tiempo-ordinario-reflexion-de-jose-cervantes-gabarron\/#primaryimage"},"image":{"@id":"http:\/\/vincentians.com\/es\/14o-domingo-de-tiempo-ordinario-reflexion-de-jose-cervantes-gabarron\/#primaryimage"},"thumbnailUrl":"https:\/\/i0.wp.com\/vincentians.com\/es\/wp-content\/uploads\/sites\/11\/2016\/07\/reflexiones-palabra-de-dios.jpg?fit=1200%2C630","datePublished":"2012-07-07T12:13:39+00:00","dateModified":"2016-07-24T08:29:50+00:00","breadcrumb":{"@id":"http:\/\/vincentians.com\/es\/14o-domingo-de-tiempo-ordinario-reflexion-de-jose-cervantes-gabarron\/#breadcrumb"},"inLanguage":"es","potentialAction":[{"@type":"ReadAction","target":["http:\/\/vincentians.com\/es\/14o-domingo-de-tiempo-ordinario-reflexion-de-jose-cervantes-gabarron\/"]}]},{"@type":"ImageObject","inLanguage":"es","@id":"http:\/\/vincentians.com\/es\/14o-domingo-de-tiempo-ordinario-reflexion-de-jose-cervantes-gabarron\/#primaryimage","url":"https:\/\/i0.wp.com\/vincentians.com\/es\/wp-content\/uploads\/sites\/11\/2016\/07\/reflexiones-palabra-de-dios.jpg?fit=1200%2C630","contentUrl":"https:\/\/i0.wp.com\/vincentians.com\/es\/wp-content\/uploads\/sites\/11\/2016\/07\/reflexiones-palabra-de-dios.jpg?fit=1200%2C630","width":1200,"height":630},{"@type":"BreadcrumbList","@id":"http:\/\/vincentians.com\/es\/14o-domingo-de-tiempo-ordinario-reflexion-de-jose-cervantes-gabarron\/#breadcrumb","itemListElement":[{"@type":"ListItem","position":1,"name":"Portada","item":"http:\/\/vincentians.com\/es\/"},{"@type":"ListItem","position":2,"name":"14\u00ba Domingo de Tiempo Ordinario (reflexi\u00f3n de Jos\u00e9 Cervantes Gabarr\u00f3n)"}]},{"@type":"WebSite","@id":"http:\/\/vincentians.com\/es\/#website","url":"http:\/\/vincentians.com\/es\/","name":"Somos Vicencianos","description":"Know more to serve more","publisher":{"@id":"http:\/\/vincentians.com\/es\/#organization"},"potentialAction":[{"@type":"SearchAction","target":{"@type":"EntryPoint","urlTemplate":"http:\/\/vincentians.com\/es\/?s={search_term_string}"},"query-input":{"@type":"PropertyValueSpecification","valueRequired":true,"valueName":"search_term_string"}}],"inLanguage":"es"},{"@type":"Organization","@id":"http:\/\/vincentians.com\/es\/#organization","name":"The Vincentian Network","url":"http:\/\/vincentians.com\/es\/","logo":{"@type":"ImageObject","inLanguage":"es","@id":"http:\/\/vincentians.com\/es\/#\/schema\/logo\/image\/","url":"https:\/\/i1.wp.com\/vincentians.com\/es\/wp-content\/uploads\/sites\/11\/2016\/06\/Vincentian-Network-logo-big.png?fit=778%2C778","contentUrl":"https:\/\/i1.wp.com\/vincentians.com\/es\/wp-content\/uploads\/sites\/11\/2016\/06\/Vincentian-Network-logo-big.png?fit=778%2C778","width":778,"height":778,"caption":"The Vincentian Network"},"image":{"@id":"http:\/\/vincentians.com\/es\/#\/schema\/logo\/image\/"},"sameAs":["https:\/\/www.facebook.com\/WeAreVincentians\/","https:\/\/x.com\/WeVincentians"]},{"@type":"Person","@id":"http:\/\/vincentians.com\/es\/#\/schema\/person\/9623ef4d9aa3b2dfb8c061f1499288f2","name":"Francisco Javier Fern\u00e1ndez Chento","image":{"@type":"ImageObject","inLanguage":"es","@id":"http:\/\/vincentians.com\/es\/#\/schema\/person\/image\/","url":"https:\/\/secure.gravatar.com\/avatar\/497d5cde87b4c3d097d0315953521681ba2cd523ee66e5077c3711f7021e65de?s=96&d=mm&r=g","contentUrl":"https:\/\/secure.gravatar.com\/avatar\/497d5cde87b4c3d097d0315953521681ba2cd523ee66e5077c3711f7021e65de?s=96&d=mm&r=g","caption":"Francisco Javier Fern\u00e1ndez Chento"},"description":"Director General y cofundador de La Red de Formaci\u00f3n Vicenciana. Javier es laico vicenciano, afiliado a la Congregaci\u00f3n de la Misi\u00f3n y miembro del Equipo de Misiones Populares de la provincia can\u00f3nica de Zaragoza (Espa\u00f1a) de la Congregaci\u00f3n de la Misi\u00f3n. Graduado en la Universidad Oberta de Catalunya con cuatro grados (Asistente de direcci\u00f3n, Gesti\u00f3n Administrativa, Recursos Humanos y Contabilidad Avanzada). Bil\u00edng\u00fce Espa\u00f1ol\/Ingl\u00e9s. gestiona y mantiene varias p\u00e1ginas web cristianas y vicencianas, incluida including La Red de Formaci\u00f3n Vicenciana, de la que es cofundador. Actualmente es responsable del \u00e1rea de Espa\u00f1ol de .famvin, la Red de Noticias de la Familia Vicenciana. Tambi\u00e9n es m\u00fasico cat\u00f3lico y ha editado varios discos. Es Director General y cofundador de Trovador, una reconocida compa\u00f1\u00eda discogr\u00e1fica critiana de Espa\u00f1a. Trabaja en las Tecnolog\u00edas de la Informaci\u00f3n, ofreciendo servicios de alojamiento, dise\u00f1o y mantenimiento Web, as\u00ed como asesoramiento, formaci\u00f3n y soluciones inform\u00e1ticas, gesti\u00f3n documental y digitalizaci\u00f3n de textos, edici\u00f3n y maquetaci\u00f3n de libros, revistas, flyers, etc.","sameAs":["http:\/\/chento.org","https:\/\/www.facebook.com\/JavierChento","https:\/\/x.com\/https:\/\/twitter.com\/javierchento"],"url":"http:\/\/vincentians.com\/es\/author\/chento\/"}]}},"jetpack_publicize_connections":[],"jetpack_featured_media_url":"https:\/\/i0.wp.com\/vincentians.com\/es\/wp-content\/uploads\/sites\/11\/2016\/07\/reflexiones-palabra-de-dios.jpg?fit=1200%2C630","jetpack_sharing_enabled":true,"jetpack_shortlink":"https:\/\/wp.me\/p7ETMF-sb","jetpack-related-posts":[{"id":132420,"url":"http:\/\/vincentians.com\/es\/natividad-del-senor-reflexion-de-jose-cervantes-gabarron\/","url_meta":{"origin":1747,"position":0},"title":"Natividad del Se\u00f1or (reflexi\u00f3n de Jos\u00e9 Cervantes Gabarr\u00f3n)","author":"Francisco Javier Fern\u00e1ndez Chento","date":"23\/12\/2011","format":false,"excerpt":"La Navidad, regalo de Dios Acerca del nacimiento de Jes\u00fas que hoy celebramos, hay acuerdo entre los especialistas en admitir como hist\u00f3ricamente cierto que Jes\u00fas naci\u00f3 durante el reinado de Herodes el Grande (37-4 a.C.), en la era del emperador Augusto (37 a.C.-14 d.C.), pero no se puede precisar el\u2026","rel":"","context":"En \u00abHomil\u00edas y reflexiones, A\u00f1o B\u00bb","block_context":{"text":"Homil\u00edas y reflexiones, A\u00f1o B","link":"http:\/\/vincentians.com\/es\/category\/homilias-y-reflexiones-a-la-palabra-de-dios\/homilias-y-reflexiones-ano-b\/"},"img":{"alt_text":"","src":"https:\/\/i0.wp.com\/vincentians.com\/es\/wp-content\/uploads\/sites\/11\/2016\/07\/reflexiones-palabra-de-dios.jpg?fit=1200%2C630&resize=350%2C200","width":350,"height":200,"srcset":"https:\/\/i0.wp.com\/vincentians.com\/es\/wp-content\/uploads\/sites\/11\/2016\/07\/reflexiones-palabra-de-dios.jpg?fit=1200%2C630&resize=350%2C200 1x, https:\/\/i0.wp.com\/vincentians.com\/es\/wp-content\/uploads\/sites\/11\/2016\/07\/reflexiones-palabra-de-dios.jpg?fit=1200%2C630&resize=525%2C300 1.5x, https:\/\/i0.wp.com\/vincentians.com\/es\/wp-content\/uploads\/sites\/11\/2016\/07\/reflexiones-palabra-de-dios.jpg?fit=1200%2C630&resize=700%2C400 2x, https:\/\/i0.wp.com\/vincentians.com\/es\/wp-content\/uploads\/sites\/11\/2016\/07\/reflexiones-palabra-de-dios.jpg?fit=1200%2C630&resize=1050%2C600 3x"},"classes":[]},{"id":132433,"url":"http:\/\/vincentians.com\/es\/4o-domingo-de-cuaresma-reflexion-de-jose-cervantes-gabarron-2\/","url_meta":{"origin":1747,"position":1},"title":"4\u00ba Domingo de Cuaresma (reflexi\u00f3n de Jos\u00e9 Cervantes Gabarr\u00f3n)","author":"Francisco Javier Fern\u00e1ndez Chento","date":"17\/03\/2012","format":false,"excerpt":"El amor da la vida \"Dios, rico en misericordia, por el gran amor con que nos am\u00f3, estando nosotros muertos por los pecados, nos ha hecho vivir con Cristo\" (Ef 2,4). \"Tanto am\u00f3 Dios al mundo que le dio a su \u00fanico Hijo para que todo el que crea en\u2026","rel":"","context":"En \u00abHomil\u00edas y reflexiones, A\u00f1o B\u00bb","block_context":{"text":"Homil\u00edas y reflexiones, A\u00f1o B","link":"http:\/\/vincentians.com\/es\/category\/homilias-y-reflexiones-a-la-palabra-de-dios\/homilias-y-reflexiones-ano-b\/"},"img":{"alt_text":"","src":"https:\/\/i0.wp.com\/vincentians.com\/es\/wp-content\/uploads\/sites\/11\/2016\/07\/reflexiones-palabra-de-dios.jpg?fit=1200%2C630&resize=350%2C200","width":350,"height":200,"srcset":"https:\/\/i0.wp.com\/vincentians.com\/es\/wp-content\/uploads\/sites\/11\/2016\/07\/reflexiones-palabra-de-dios.jpg?fit=1200%2C630&resize=350%2C200 1x, https:\/\/i0.wp.com\/vincentians.com\/es\/wp-content\/uploads\/sites\/11\/2016\/07\/reflexiones-palabra-de-dios.jpg?fit=1200%2C630&resize=525%2C300 1.5x, https:\/\/i0.wp.com\/vincentians.com\/es\/wp-content\/uploads\/sites\/11\/2016\/07\/reflexiones-palabra-de-dios.jpg?fit=1200%2C630&resize=700%2C400 2x, https:\/\/i0.wp.com\/vincentians.com\/es\/wp-content\/uploads\/sites\/11\/2016\/07\/reflexiones-palabra-de-dios.jpg?fit=1200%2C630&resize=1050%2C600 3x"},"classes":[]},{"id":135767,"url":"http:\/\/vincentians.com\/es\/corpus-christi-reflexion-de-jose-cervantes-gabarron\/","url_meta":{"origin":1747,"position":2},"title":"Corpus Christi (reflexi\u00f3n de Jos\u00e9 Cervantes Gabarr\u00f3n)","author":"Francisco Javier Fern\u00e1ndez Chento","date":"07\/06\/2012","format":false,"excerpt":"Partir el pan, don de Dios para la vida La celebraci\u00f3n del Corpus Christi recapitula en un d\u00eda de fiesta extraordinario la trascendencia de la Eucarist\u00eda en la vida de la Iglesia y el dinamismo del pan partido como sacramento que proclama y exalta la presencia del Se\u00f1or Jes\u00fas, el\u2026","rel":"","context":"En \u00abHomil\u00edas y reflexiones, A\u00f1o B\u00bb","block_context":{"text":"Homil\u00edas y reflexiones, A\u00f1o B","link":"http:\/\/vincentians.com\/es\/category\/homilias-y-reflexiones-a-la-palabra-de-dios\/homilias-y-reflexiones-ano-b\/"},"img":{"alt_text":"","src":"https:\/\/i0.wp.com\/vincentians.com\/es\/wp-content\/uploads\/sites\/11\/2016\/07\/reflexiones-palabra-de-dios.jpg?fit=1200%2C630&resize=350%2C200","width":350,"height":200,"srcset":"https:\/\/i0.wp.com\/vincentians.com\/es\/wp-content\/uploads\/sites\/11\/2016\/07\/reflexiones-palabra-de-dios.jpg?fit=1200%2C630&resize=350%2C200 1x, https:\/\/i0.wp.com\/vincentians.com\/es\/wp-content\/uploads\/sites\/11\/2016\/07\/reflexiones-palabra-de-dios.jpg?fit=1200%2C630&resize=525%2C300 1.5x, https:\/\/i0.wp.com\/vincentians.com\/es\/wp-content\/uploads\/sites\/11\/2016\/07\/reflexiones-palabra-de-dios.jpg?fit=1200%2C630&resize=700%2C400 2x, https:\/\/i0.wp.com\/vincentians.com\/es\/wp-content\/uploads\/sites\/11\/2016\/07\/reflexiones-palabra-de-dios.jpg?fit=1200%2C630&resize=1050%2C600 3x"},"classes":[]},{"id":136145,"url":"http:\/\/vincentians.com\/es\/2o-domingo-de-t-o-reflexion-de-jose-cervantes-gabarron\/","url_meta":{"origin":1747,"position":3},"title":"2\u00ba Domingo de T.O. (reflexi\u00f3n de Jos\u00e9 Cervantes Gabarr\u00f3n)","author":"Francisco Javier Fern\u00e1ndez Chento","date":"17\/01\/2015","format":false,"excerpt":"El encuentro con el Mes\u00edas En la primera lectura de este domingo (1Sm 3,3b-10.19) tenemos un relato formidable de vocaci\u00f3n, la de Samuel, a la vida prof\u00e9tica. En este tipo de relatos de vocaci\u00f3n-testimonio se encuentra tambi\u00e9n el texto evang\u00e9lico (Jn 1,35-42) que revela\u00a0el descubrimiento que hacen los disc\u00edpulos de\u2026","rel":"","context":"En \u00abHomil\u00edas y reflexiones, A\u00f1o B\u00bb","block_context":{"text":"Homil\u00edas y reflexiones, A\u00f1o B","link":"http:\/\/vincentians.com\/es\/category\/homilias-y-reflexiones-a-la-palabra-de-dios\/homilias-y-reflexiones-ano-b\/"},"img":{"alt_text":"","src":"https:\/\/i0.wp.com\/vincentians.com\/es\/wp-content\/uploads\/sites\/11\/2016\/07\/reflexiones-palabra-de-dios.jpg?fit=1200%2C630&resize=350%2C200","width":350,"height":200,"srcset":"https:\/\/i0.wp.com\/vincentians.com\/es\/wp-content\/uploads\/sites\/11\/2016\/07\/reflexiones-palabra-de-dios.jpg?fit=1200%2C630&resize=350%2C200 1x, https:\/\/i0.wp.com\/vincentians.com\/es\/wp-content\/uploads\/sites\/11\/2016\/07\/reflexiones-palabra-de-dios.jpg?fit=1200%2C630&resize=525%2C300 1.5x, https:\/\/i0.wp.com\/vincentians.com\/es\/wp-content\/uploads\/sites\/11\/2016\/07\/reflexiones-palabra-de-dios.jpg?fit=1200%2C630&resize=700%2C400 2x, https:\/\/i0.wp.com\/vincentians.com\/es\/wp-content\/uploads\/sites\/11\/2016\/07\/reflexiones-palabra-de-dios.jpg?fit=1200%2C630&resize=1050%2C600 3x"},"classes":[]},{"id":141030,"url":"http:\/\/vincentians.com\/es\/2o-domingo-de-cuaresma-reflexion-de-jose-cervantes-gabarron-3\/","url_meta":{"origin":1747,"position":4},"title":"2\u00ba Domingo de Cuaresma (reflexi\u00f3n de Jos\u00e9 Cervantes Gabarr\u00f3n)","author":"Francisco Javier Fern\u00e1ndez Chento","date":"28\/02\/2015","format":false,"excerpt":"Transfigurados por la Pasi\u00f3n de Cristo La escena de la\u00a0transfiguraci\u00f3n de Jes\u00fas\u00a0en lo alto de un monte anuncia la gloria final de la cuaresma. Sin embargo,\u00a0el itinerario hasta la Pascua hay que recorrerlo a trav\u00e9s de la Pasi\u00f3n.\u00a0\u00c9ste es el mensaje dominical. En el centro de los evangelios sin\u00f3pticos la\u2026","rel":"","context":"En \u00abHomil\u00edas y reflexiones, A\u00f1o B\u00bb","block_context":{"text":"Homil\u00edas y reflexiones, A\u00f1o B","link":"http:\/\/vincentians.com\/es\/category\/homilias-y-reflexiones-a-la-palabra-de-dios\/homilias-y-reflexiones-ano-b\/"},"img":{"alt_text":"","src":"https:\/\/i0.wp.com\/vincentians.com\/es\/wp-content\/uploads\/sites\/11\/2016\/07\/reflexiones-palabra-de-dios.jpg?fit=1200%2C630&resize=350%2C200","width":350,"height":200,"srcset":"https:\/\/i0.wp.com\/vincentians.com\/es\/wp-content\/uploads\/sites\/11\/2016\/07\/reflexiones-palabra-de-dios.jpg?fit=1200%2C630&resize=350%2C200 1x, https:\/\/i0.wp.com\/vincentians.com\/es\/wp-content\/uploads\/sites\/11\/2016\/07\/reflexiones-palabra-de-dios.jpg?fit=1200%2C630&resize=525%2C300 1.5x, https:\/\/i0.wp.com\/vincentians.com\/es\/wp-content\/uploads\/sites\/11\/2016\/07\/reflexiones-palabra-de-dios.jpg?fit=1200%2C630&resize=700%2C400 2x, https:\/\/i0.wp.com\/vincentians.com\/es\/wp-content\/uploads\/sites\/11\/2016\/07\/reflexiones-palabra-de-dios.jpg?fit=1200%2C630&resize=1050%2C600 3x"},"classes":[]},{"id":139777,"url":"http:\/\/vincentians.com\/es\/6o-domingo-de-t-o-reflexion-de-jose-cervantes-gabarron-2\/","url_meta":{"origin":1747,"position":5},"title":"6\u00ba Domingo de T.O. (reflexi\u00f3n de Jos\u00e9 Cervantes Gabarr\u00f3n)","author":"Francisco Javier Fern\u00e1ndez Chento","date":"14\/02\/2015","format":false,"excerpt":"\u201cMisericordeando\u201d Nos permitimos titular hoy la reflexi\u00f3n con una palabra admirablemente rescatada por el Papa Francisco para mostrar activamente la misericordia de Dios utilizando el verbo\u00a0misericordear.\u00a0La curaci\u00f3n del leproso por parte de Jes\u00fas es un\u00a0signo revelador de la cercan\u00eda del Reino de Dios que \u00e9l ha anunciado e inaugurado (Mc\u2026","rel":"","context":"En \u00abHomil\u00edas y reflexiones, A\u00f1o B\u00bb","block_context":{"text":"Homil\u00edas y reflexiones, A\u00f1o B","link":"http:\/\/vincentians.com\/es\/category\/homilias-y-reflexiones-a-la-palabra-de-dios\/homilias-y-reflexiones-ano-b\/"},"img":{"alt_text":"","src":"https:\/\/i0.wp.com\/vincentians.com\/es\/wp-content\/uploads\/sites\/11\/2016\/07\/reflexiones-palabra-de-dios.jpg?fit=1200%2C630&resize=350%2C200","width":350,"height":200,"srcset":"https:\/\/i0.wp.com\/vincentians.com\/es\/wp-content\/uploads\/sites\/11\/2016\/07\/reflexiones-palabra-de-dios.jpg?fit=1200%2C630&resize=350%2C200 1x, https:\/\/i0.wp.com\/vincentians.com\/es\/wp-content\/uploads\/sites\/11\/2016\/07\/reflexiones-palabra-de-dios.jpg?fit=1200%2C630&resize=525%2C300 1.5x, https:\/\/i0.wp.com\/vincentians.com\/es\/wp-content\/uploads\/sites\/11\/2016\/07\/reflexiones-palabra-de-dios.jpg?fit=1200%2C630&resize=700%2C400 2x, https:\/\/i0.wp.com\/vincentians.com\/es\/wp-content\/uploads\/sites\/11\/2016\/07\/reflexiones-palabra-de-dios.jpg?fit=1200%2C630&resize=1050%2C600 3x"},"classes":[]}],"_links":{"self":[{"href":"http:\/\/vincentians.com\/es\/wp-json\/wp\/v2\/posts\/1747","targetHints":{"allow":["GET"]}}],"collection":[{"href":"http:\/\/vincentians.com\/es\/wp-json\/wp\/v2\/posts"}],"about":[{"href":"http:\/\/vincentians.com\/es\/wp-json\/wp\/v2\/types\/post"}],"author":[{"embeddable":true,"href":"http:\/\/vincentians.com\/es\/wp-json\/wp\/v2\/users\/4"}],"replies":[{"embeddable":true,"href":"http:\/\/vincentians.com\/es\/wp-json\/wp\/v2\/comments?post=1747"}],"version-history":[{"count":0,"href":"http:\/\/vincentians.com\/es\/wp-json\/wp\/v2\/posts\/1747\/revisions"}],"wp:featuredmedia":[{"embeddable":true,"href":"http:\/\/vincentians.com\/es\/wp-json\/wp\/v2\/media\/388408"}],"wp:attachment":[{"href":"http:\/\/vincentians.com\/es\/wp-json\/wp\/v2\/media?parent=1747"}],"wp:term":[{"taxonomy":"category","embeddable":true,"href":"http:\/\/vincentians.com\/es\/wp-json\/wp\/v2\/categories?post=1747"},{"taxonomy":"post_tag","embeddable":true,"href":"http:\/\/vincentians.com\/es\/wp-json\/wp\/v2\/tags?post=1747"}],"curies":[{"name":"wp","href":"https:\/\/api.w.org\/{rel}","templated":true}]}}