{"id":173,"date":"2015-01-13T04:59:53","date_gmt":"2015-01-13T03:59:53","guid":{"rendered":"http:\/\/somos.vicencianos.org\/misionespopulares\/?p=173"},"modified":"2015-01-13T04:59:53","modified_gmt":"2015-01-13T03:59:53","slug":"conceptos-clave-en-misiones-populares-13-encuentro-con-dios","status":"publish","type":"post","link":"http:\/\/vincentians.com\/es\/conceptos-clave-en-misiones-populares-13-encuentro-con-dios\/","title":{"rendered":"Conceptos clave en misiones populares 13: Encuentro con Dios"},"content":{"rendered":"<p style=\"text-align: center\"><a href=\"https:\/\/i0.wp.com\/vicencianos.org\/wp-content\/2015\/01\/encuentro.jpg\"><img data-recalc-dims=\"1\" loading=\"lazy\" decoding=\"async\" class=\"aligncenter size-full wp-image-133380\" src=\"https:\/\/i0.wp.com\/vicencianos.org\/wp-content\/2015\/01\/encuentro.jpg?resize=846%2C275\" alt=\"encuentro\" width=\"846\" height=\"275\" \/><\/a><\/p>\n<p>En la presentaci\u00f3n de los Grupos de Encuentro hacemos ver como esa palabra \u00abencuentro\u00bb significa tambi\u00e9n, o si queremos inicialmente, <b>encuentro con Dios<\/b>. Ya era pues hora de centrarnos en esta realidad clave de todo estilo misionero.<\/p>\n<p>Este encuentro <b>con Dios<\/b> se produce durante la misi\u00f3n de muchas maneras:<\/p>\n<ul>\n<li>En la <i>oraci\u00f3n<\/i>, ejercicio que tiende a llevarnos directamente a la comunicaci\u00f3n con Dios en un ejercicio de <i>soledad acompa\u00f1ada<\/i> que puede provocar la unidad <i>que crea el Esp\u00edritu <\/i>y que nos ayuda a vivir la unidad en una misma Fe y en torno al \u00fanico Padre. Unidad que es obra del Esp\u00edritu mismo de Jes\u00fas. Unidad que nos orienta a la vida trinitaria.<br \/>\nEn la oraci\u00f3n buscamos que se produzca el <b>encuentro<\/b> con el <b>Maestro interior<\/b>. Sin este encuentro toda la obra misionera se vendr\u00e1 abajo.<\/li>\n<li>En el <i>encuentro con las personas<\/i> (\u00abvisitas\u00bb) y, particularmente, <i>con los pobres<\/i>; <b>lugar<\/b> tambi\u00e9n <b>de encuentro <\/b>con Dios porque ha dejado en ellos \u00absu imagen\u00bb. Y como adem\u00e1s el Esp\u00edritu sopla donde quiere tenemos que estar atentos a sus \u00absorpresas\u00bb. Y no olvidamos que a la misi\u00f3n no venimos s\u00f3lo a \u00abense\u00f1ar\u00bb; venimos tambi\u00e9n a \u00abescuchar\u00bb, a \u00abaprender\u00bb, a \u00abser misionados <i>por la misma gente<\/i> y por <i>la comunidad<\/i>\u00ab. Tambi\u00e9n nosotros necesitamos encontrarnos para poder transmitirlo.<br \/>\nEn este \u00abintercambio\u00bb tanto en quienes reciben la visita como en quienes vamos a visitar se puede producir un verdadero encuentro con Cristo evangelizador.<\/li>\n<li>As\u00ed, el encuentro con Dios (vuelvo a resaltarlo) se produce tambi\u00e9n en la escucha de los <b>evangelios vivos<\/b>, tantos y tan hermosos en nuestro pueblo cristiano. Lo repetimos hasta la saciedad y tendremos que aprenderlo siempre: En la misi\u00f3n tenemos que hacer experiencia del Esp\u00edritu que sopla donde quiere y se manifiesta a nosotros, para que, a su vez, volvamos a trasmitirlo <b>a trav\u00e9s de<\/b> <b>las personas<\/b>, ya digan que son creyentes o ya nos trasmitan sus <i>dudas, cr\u00edticas o sospechas<\/i>\u2026 (ver GS n\u00ba 19).<\/li>\n<li>Pero a este encuentro se orientan, de forma extraordinaria, el <b>Anuncio <\/b>(proclamaci\u00f3n irrenunciable)<b> del Mensaje<\/b> (Buena Noticia) y las <b>Celebraciones<\/b>. Es la llamada a la <i>conversi\u00f3n<\/i> y a <i>creer en el evangelio<\/i> (ver Mc 1). Conversi\u00f3n que es en definitiva <b>encuentro con Jes\u00fas y con su Esp\u00edritu<\/b>.<br \/>\nLa misi\u00f3n lo mismo que exige una atenci\u00f3n al Esp\u00edritu que nos habla a trav\u00e9s del pueblo (de la gente), exige una atenci\u00f3n al \u00abEsp\u00edritu dado a los enviados\u00bb: <i>Quien os escucha a vosotros, me escucha a m\u00ed<\/i>. (Esto vale, desde luego, en la misi\u00f3n \u00aben todo momento\u00bb: <i>anuncia con ocasi\u00f3n y sin ella<\/i>).<\/li>\n<li>Otra situaci\u00f3n que no se debe pasar por alto: <i>los encuentros de<\/i> <i>Equipo<\/i>; siempre han de estar abierto a dicho encuentro los momentos de <i>planificaci\u00f3n<\/i> y de <i>revisi\u00f3n,<\/i> as\u00ed como el <i>Anuncio<\/i> continuo, de palabra y con obras, que realizan <i>todos <\/i>los<i> <\/i>miembros del equipo y la gente comprometida y fiel de la parroquia (la obra misionera la realizamos <i>entre todos<\/i>).<br \/>\n[Queremos transmitir la <b>palabra de Dios<\/b>, no nuestra palabra personal; aunque el filtro seamos cada uno, tenemos que estar abiertos a los dem\u00e1s].<\/li>\n<li>Lo hemos se\u00f1alado al comienzo: los <b>Grupos de Encuentro<\/b>, que al fin de cuentas tienen como uno de sus objetivos el <i>encuentro con Dios y con las ra\u00edces de la Fe<\/i>, son un medio estupendo para que se produzca este encuentro con Dios. Frente a tantos mensajes negativos que recibimos diariamente en los \u00abmedios\u00bb y en \u00abtertulias\u00bb y conversaciones organizadas o espor\u00e1dicas, tenemos que promocionar este medio que nos lleva a <i>dar raz\u00f3n de nuestra esperanza<\/i> en Dios salvador.<\/li>\n<\/ul>\n<p><a href=\"https:\/\/i0.wp.com\/vicencianos.org\/wp-content\/2015\/01\/100_2516.jpg\"><img data-recalc-dims=\"1\" loading=\"lazy\" decoding=\"async\" class=\"alignright size-medium wp-image-133409\" src=\"https:\/\/i0.wp.com\/vicencianos.org\/wp-content\/2015\/01\/100_2516-300x225.jpg?resize=300%2C225\" alt=\"100_2516\" width=\"300\" height=\"225\" \/><\/a>En fin, no podemos olvidar lo que dijo con claridad Pablo VI en la <i>Evangelii Nuntiandi<\/i>: La \u00ab<i>fidelidad a un mensaje del que somos servidores, y a las personas a las que hemos de transmitirlo intacto y vivo, es el eje central de la evangelizaci\u00f3n\u00bb<\/i> (EN, 4). La <b>fidelidad<\/b> es cualidad primordial de nuestro Dios. Y por eso, esa fidelidad lo anuncia y puede provocar el encuentro con \u00c9l.<\/p>\n<p>En resumen<i>. \u00abEl Reino de Dios, <\/i>o sea, Jesucristo<i>, est\u00e1 en medio de vosotros\u00bb<\/i> (Lc 17, 21). Un reinado de Dios que <b>ya<\/b> ha comenzado y est\u00e1 vivo entre nosotros es el que da sentido a toda acci\u00f3n misionera. [1] Entrar en el clima de salvaci\u00f3n iniciado por Jes\u00fas que contin\u00faa recorriendo nuestro mundo es lo que debemos ir descubriendo y promocionando. [2] Revivir la confianza en Dios y su fe en los hombres da un car\u00e1cter espec\u00edfico a nuestra Misi\u00f3n.<\/p>\n","protected":false},"excerpt":{"rendered":"<p>En la presentaci\u00f3n de los Grupos de Encuentro hacemos ver como esa palabra \u00abencuentro\u00bb significa tambi\u00e9n, o si queremos inicialmente, encuentro con Dios. Ya era pues hora de centrarnos en esta realidad clave de todo &#8230; <a href=\"http:\/\/vincentians.com\/es\/conceptos-clave-en-misiones-populares-13-encuentro-con-dios\/\" class=\"more-link\">Read More<\/a><\/p>\n","protected":false},"author":4,"featured_media":133409,"comment_status":"open","ping_status":"open","sticky":false,"template":"","format":"standard","meta":{"jetpack_post_was_ever_published":false,"_jetpack_newsletter_access":"","_jetpack_dont_email_post_to_subs":false,"_jetpack_newsletter_tier_id":0,"_jetpack_memberships_contains_paywalled_content":false,"_jetpack_memberships_contains_paid_content":false,"footnotes":"","jetpack_publicize_message":"","jetpack_publicize_feature_enabled":true,"jetpack_social_post_already_shared":true,"jetpack_social_options":{"image_generator_settings":{"template":"highway","default_image_id":0,"font":"","enabled":false},"version":2}},"categories":[328],"tags":[176],"class_list":["post-173","post","type-post","status-publish","format-standard","has-post-thumbnail","hentry","category-misiones-populares-misiones","tag-misiones-populares"],"yoast_head":"<!-- This site is optimized with the Yoast SEO plugin v26.3 - https:\/\/yoast.com\/wordpress\/plugins\/seo\/ -->\n<title>Conceptos clave en misiones populares 13: Encuentro con Dios - Somos Vicencianos<\/title>\n<meta name=\"robots\" content=\"index, follow, max-snippet:-1, max-image-preview:large, max-video-preview:-1\" \/>\n<link rel=\"canonical\" href=\"http:\/\/vincentians.com\/es\/conceptos-clave-en-misiones-populares-13-encuentro-con-dios\/\" \/>\n<meta property=\"og:locale\" content=\"es_ES\" \/>\n<meta property=\"og:type\" content=\"article\" \/>\n<meta property=\"og:title\" content=\"Conceptos clave en misiones populares 13: Encuentro con Dios - Somos Vicencianos\" \/>\n<meta property=\"og:description\" content=\"En la presentaci\u00f3n de los Grupos de Encuentro hacemos ver como esa palabra \u00abencuentro\u00bb significa tambi\u00e9n, o si queremos inicialmente, encuentro con Dios. Ya era pues hora de centrarnos en esta realidad clave de todo ... Read More\" \/>\n<meta property=\"og:url\" content=\"http:\/\/vincentians.com\/es\/conceptos-clave-en-misiones-populares-13-encuentro-con-dios\/\" \/>\n<meta property=\"og:site_name\" content=\"Somos Vicencianos\" \/>\n<meta property=\"article:publisher\" content=\"https:\/\/www.facebook.com\/WeAreVincentians\/\" \/>\n<meta property=\"article:author\" content=\"https:\/\/www.facebook.com\/JavierChento\" \/>\n<meta property=\"article:published_time\" content=\"2015-01-13T03:59:53+00:00\" \/>\n<meta name=\"author\" content=\"Francisco Javier Fern\u00e1ndez Chento\" \/>\n<meta name=\"twitter:card\" content=\"summary_large_image\" \/>\n<meta name=\"twitter:creator\" content=\"@https:\/\/twitter.com\/javierchento\" \/>\n<meta name=\"twitter:site\" content=\"@WeVincentians\" \/>\n<meta name=\"twitter:label1\" content=\"Escrito por\" \/>\n\t<meta name=\"twitter:data1\" content=\"Francisco Javier Fern\u00e1ndez Chento\" \/>\n\t<meta name=\"twitter:label2\" content=\"Tiempo de lectura\" \/>\n\t<meta name=\"twitter:data2\" content=\"4 minutos\" \/>\n<script type=\"application\/ld+json\" class=\"yoast-schema-graph\">{\"@context\":\"https:\/\/schema.org\",\"@graph\":[{\"@type\":\"Article\",\"@id\":\"http:\/\/vincentians.com\/es\/conceptos-clave-en-misiones-populares-13-encuentro-con-dios\/#article\",\"isPartOf\":{\"@id\":\"http:\/\/vincentians.com\/es\/conceptos-clave-en-misiones-populares-13-encuentro-con-dios\/\"},\"author\":{\"name\":\"Francisco Javier Fern\u00e1ndez Chento\",\"@id\":\"http:\/\/vincentians.com\/es\/#\/schema\/person\/9623ef4d9aa3b2dfb8c061f1499288f2\"},\"headline\":\"Conceptos clave en misiones populares 13: Encuentro con Dios\",\"datePublished\":\"2015-01-13T03:59:53+00:00\",\"mainEntityOfPage\":{\"@id\":\"http:\/\/vincentians.com\/es\/conceptos-clave-en-misiones-populares-13-encuentro-con-dios\/\"},\"wordCount\":788,\"commentCount\":0,\"publisher\":{\"@id\":\"http:\/\/vincentians.com\/es\/#organization\"},\"image\":{\"@id\":\"http:\/\/vincentians.com\/es\/conceptos-clave-en-misiones-populares-13-encuentro-con-dios\/#primaryimage\"},\"thumbnailUrl\":\"\",\"keywords\":[\"Misiones Populares\"],\"articleSection\":[\"Misiones populares\"],\"inLanguage\":\"es\",\"potentialAction\":[{\"@type\":\"CommentAction\",\"name\":\"Comment\",\"target\":[\"http:\/\/vincentians.com\/es\/conceptos-clave-en-misiones-populares-13-encuentro-con-dios\/#respond\"]}]},{\"@type\":\"WebPage\",\"@id\":\"http:\/\/vincentians.com\/es\/conceptos-clave-en-misiones-populares-13-encuentro-con-dios\/\",\"url\":\"http:\/\/vincentians.com\/es\/conceptos-clave-en-misiones-populares-13-encuentro-con-dios\/\",\"name\":\"Conceptos clave en misiones populares 13: Encuentro con Dios - Somos Vicencianos\",\"isPartOf\":{\"@id\":\"http:\/\/vincentians.com\/es\/#website\"},\"primaryImageOfPage\":{\"@id\":\"http:\/\/vincentians.com\/es\/conceptos-clave-en-misiones-populares-13-encuentro-con-dios\/#primaryimage\"},\"image\":{\"@id\":\"http:\/\/vincentians.com\/es\/conceptos-clave-en-misiones-populares-13-encuentro-con-dios\/#primaryimage\"},\"thumbnailUrl\":\"\",\"datePublished\":\"2015-01-13T03:59:53+00:00\",\"breadcrumb\":{\"@id\":\"http:\/\/vincentians.com\/es\/conceptos-clave-en-misiones-populares-13-encuentro-con-dios\/#breadcrumb\"},\"inLanguage\":\"es\",\"potentialAction\":[{\"@type\":\"ReadAction\",\"target\":[\"http:\/\/vincentians.com\/es\/conceptos-clave-en-misiones-populares-13-encuentro-con-dios\/\"]}]},{\"@type\":\"ImageObject\",\"inLanguage\":\"es\",\"@id\":\"http:\/\/vincentians.com\/es\/conceptos-clave-en-misiones-populares-13-encuentro-con-dios\/#primaryimage\",\"url\":\"\",\"contentUrl\":\"\"},{\"@type\":\"BreadcrumbList\",\"@id\":\"http:\/\/vincentians.com\/es\/conceptos-clave-en-misiones-populares-13-encuentro-con-dios\/#breadcrumb\",\"itemListElement\":[{\"@type\":\"ListItem\",\"position\":1,\"name\":\"Portada\",\"item\":\"http:\/\/vincentians.com\/es\/\"},{\"@type\":\"ListItem\",\"position\":2,\"name\":\"Conceptos clave en misiones populares 13: Encuentro con Dios\"}]},{\"@type\":\"WebSite\",\"@id\":\"http:\/\/vincentians.com\/es\/#website\",\"url\":\"http:\/\/vincentians.com\/es\/\",\"name\":\"Somos Vicencianos\",\"description\":\"Know more to serve more\",\"publisher\":{\"@id\":\"http:\/\/vincentians.com\/es\/#organization\"},\"potentialAction\":[{\"@type\":\"SearchAction\",\"target\":{\"@type\":\"EntryPoint\",\"urlTemplate\":\"http:\/\/vincentians.com\/es\/?s={search_term_string}\"},\"query-input\":{\"@type\":\"PropertyValueSpecification\",\"valueRequired\":true,\"valueName\":\"search_term_string\"}}],\"inLanguage\":\"es\"},{\"@type\":\"Organization\",\"@id\":\"http:\/\/vincentians.com\/es\/#organization\",\"name\":\"The Vincentian Network\",\"url\":\"http:\/\/vincentians.com\/es\/\",\"logo\":{\"@type\":\"ImageObject\",\"inLanguage\":\"es\",\"@id\":\"http:\/\/vincentians.com\/es\/#\/schema\/logo\/image\/\",\"url\":\"https:\/\/i1.wp.com\/vincentians.com\/es\/wp-content\/uploads\/sites\/11\/2016\/06\/Vincentian-Network-logo-big.png?fit=778%2C778\",\"contentUrl\":\"https:\/\/i1.wp.com\/vincentians.com\/es\/wp-content\/uploads\/sites\/11\/2016\/06\/Vincentian-Network-logo-big.png?fit=778%2C778\",\"width\":778,\"height\":778,\"caption\":\"The Vincentian Network\"},\"image\":{\"@id\":\"http:\/\/vincentians.com\/es\/#\/schema\/logo\/image\/\"},\"sameAs\":[\"https:\/\/www.facebook.com\/WeAreVincentians\/\",\"https:\/\/x.com\/WeVincentians\"]},{\"@type\":\"Person\",\"@id\":\"http:\/\/vincentians.com\/es\/#\/schema\/person\/9623ef4d9aa3b2dfb8c061f1499288f2\",\"name\":\"Francisco Javier Fern\u00e1ndez Chento\",\"image\":{\"@type\":\"ImageObject\",\"inLanguage\":\"es\",\"@id\":\"http:\/\/vincentians.com\/es\/#\/schema\/person\/image\/\",\"url\":\"https:\/\/secure.gravatar.com\/avatar\/497d5cde87b4c3d097d0315953521681ba2cd523ee66e5077c3711f7021e65de?s=96&d=mm&r=g\",\"contentUrl\":\"https:\/\/secure.gravatar.com\/avatar\/497d5cde87b4c3d097d0315953521681ba2cd523ee66e5077c3711f7021e65de?s=96&d=mm&r=g\",\"caption\":\"Francisco Javier Fern\u00e1ndez Chento\"},\"description\":\"Director General y cofundador de La Red de Formaci\u00f3n Vicenciana. Javier es laico vicenciano, afiliado a la Congregaci\u00f3n de la Misi\u00f3n y miembro del Equipo de Misiones Populares de la provincia can\u00f3nica de Zaragoza (Espa\u00f1a) de la Congregaci\u00f3n de la Misi\u00f3n. Graduado en la Universidad Oberta de Catalunya con cuatro grados (Asistente de direcci\u00f3n, Gesti\u00f3n Administrativa, Recursos Humanos y Contabilidad Avanzada). Bil\u00edng\u00fce Espa\u00f1ol\/Ingl\u00e9s. gestiona y mantiene varias p\u00e1ginas web cristianas y vicencianas, incluida including La Red de Formaci\u00f3n Vicenciana, de la que es cofundador. Actualmente es responsable del \u00e1rea de Espa\u00f1ol de .famvin, la Red de Noticias de la Familia Vicenciana. Tambi\u00e9n es m\u00fasico cat\u00f3lico y ha editado varios discos. Es Director General y cofundador de Trovador, una reconocida compa\u00f1\u00eda discogr\u00e1fica critiana de Espa\u00f1a. Trabaja en las Tecnolog\u00edas de la Informaci\u00f3n, ofreciendo servicios de alojamiento, dise\u00f1o y mantenimiento Web, as\u00ed como asesoramiento, formaci\u00f3n y soluciones inform\u00e1ticas, gesti\u00f3n documental y digitalizaci\u00f3n de textos, edici\u00f3n y maquetaci\u00f3n de libros, revistas, flyers, etc.\",\"sameAs\":[\"http:\/\/chento.org\",\"https:\/\/www.facebook.com\/JavierChento\",\"https:\/\/x.com\/https:\/\/twitter.com\/javierchento\"],\"url\":\"http:\/\/vincentians.com\/es\/author\/chento\/\"}]}<\/script>\n<!-- \/ Yoast SEO plugin. -->","yoast_head_json":{"title":"Conceptos clave en misiones populares 13: Encuentro con Dios - Somos Vicencianos","robots":{"index":"index","follow":"follow","max-snippet":"max-snippet:-1","max-image-preview":"max-image-preview:large","max-video-preview":"max-video-preview:-1"},"canonical":"http:\/\/vincentians.com\/es\/conceptos-clave-en-misiones-populares-13-encuentro-con-dios\/","og_locale":"es_ES","og_type":"article","og_title":"Conceptos clave en misiones populares 13: Encuentro con Dios - Somos Vicencianos","og_description":"En la presentaci\u00f3n de los Grupos de Encuentro hacemos ver como esa palabra \u00abencuentro\u00bb significa tambi\u00e9n, o si queremos inicialmente, encuentro con Dios. Ya era pues hora de centrarnos en esta realidad clave de todo ... Read More","og_url":"http:\/\/vincentians.com\/es\/conceptos-clave-en-misiones-populares-13-encuentro-con-dios\/","og_site_name":"Somos Vicencianos","article_publisher":"https:\/\/www.facebook.com\/WeAreVincentians\/","article_author":"https:\/\/www.facebook.com\/JavierChento","article_published_time":"2015-01-13T03:59:53+00:00","author":"Francisco Javier Fern\u00e1ndez Chento","twitter_card":"summary_large_image","twitter_creator":"@https:\/\/twitter.com\/javierchento","twitter_site":"@WeVincentians","twitter_misc":{"Escrito por":"Francisco Javier Fern\u00e1ndez Chento","Tiempo de lectura":"4 minutos"},"schema":{"@context":"https:\/\/schema.org","@graph":[{"@type":"Article","@id":"http:\/\/vincentians.com\/es\/conceptos-clave-en-misiones-populares-13-encuentro-con-dios\/#article","isPartOf":{"@id":"http:\/\/vincentians.com\/es\/conceptos-clave-en-misiones-populares-13-encuentro-con-dios\/"},"author":{"name":"Francisco Javier Fern\u00e1ndez Chento","@id":"http:\/\/vincentians.com\/es\/#\/schema\/person\/9623ef4d9aa3b2dfb8c061f1499288f2"},"headline":"Conceptos clave en misiones populares 13: Encuentro con Dios","datePublished":"2015-01-13T03:59:53+00:00","mainEntityOfPage":{"@id":"http:\/\/vincentians.com\/es\/conceptos-clave-en-misiones-populares-13-encuentro-con-dios\/"},"wordCount":788,"commentCount":0,"publisher":{"@id":"http:\/\/vincentians.com\/es\/#organization"},"image":{"@id":"http:\/\/vincentians.com\/es\/conceptos-clave-en-misiones-populares-13-encuentro-con-dios\/#primaryimage"},"thumbnailUrl":"","keywords":["Misiones Populares"],"articleSection":["Misiones populares"],"inLanguage":"es","potentialAction":[{"@type":"CommentAction","name":"Comment","target":["http:\/\/vincentians.com\/es\/conceptos-clave-en-misiones-populares-13-encuentro-con-dios\/#respond"]}]},{"@type":"WebPage","@id":"http:\/\/vincentians.com\/es\/conceptos-clave-en-misiones-populares-13-encuentro-con-dios\/","url":"http:\/\/vincentians.com\/es\/conceptos-clave-en-misiones-populares-13-encuentro-con-dios\/","name":"Conceptos clave en misiones populares 13: Encuentro con Dios - Somos Vicencianos","isPartOf":{"@id":"http:\/\/vincentians.com\/es\/#website"},"primaryImageOfPage":{"@id":"http:\/\/vincentians.com\/es\/conceptos-clave-en-misiones-populares-13-encuentro-con-dios\/#primaryimage"},"image":{"@id":"http:\/\/vincentians.com\/es\/conceptos-clave-en-misiones-populares-13-encuentro-con-dios\/#primaryimage"},"thumbnailUrl":"","datePublished":"2015-01-13T03:59:53+00:00","breadcrumb":{"@id":"http:\/\/vincentians.com\/es\/conceptos-clave-en-misiones-populares-13-encuentro-con-dios\/#breadcrumb"},"inLanguage":"es","potentialAction":[{"@type":"ReadAction","target":["http:\/\/vincentians.com\/es\/conceptos-clave-en-misiones-populares-13-encuentro-con-dios\/"]}]},{"@type":"ImageObject","inLanguage":"es","@id":"http:\/\/vincentians.com\/es\/conceptos-clave-en-misiones-populares-13-encuentro-con-dios\/#primaryimage","url":"","contentUrl":""},{"@type":"BreadcrumbList","@id":"http:\/\/vincentians.com\/es\/conceptos-clave-en-misiones-populares-13-encuentro-con-dios\/#breadcrumb","itemListElement":[{"@type":"ListItem","position":1,"name":"Portada","item":"http:\/\/vincentians.com\/es\/"},{"@type":"ListItem","position":2,"name":"Conceptos clave en misiones populares 13: Encuentro con Dios"}]},{"@type":"WebSite","@id":"http:\/\/vincentians.com\/es\/#website","url":"http:\/\/vincentians.com\/es\/","name":"Somos Vicencianos","description":"Know more to serve more","publisher":{"@id":"http:\/\/vincentians.com\/es\/#organization"},"potentialAction":[{"@type":"SearchAction","target":{"@type":"EntryPoint","urlTemplate":"http:\/\/vincentians.com\/es\/?s={search_term_string}"},"query-input":{"@type":"PropertyValueSpecification","valueRequired":true,"valueName":"search_term_string"}}],"inLanguage":"es"},{"@type":"Organization","@id":"http:\/\/vincentians.com\/es\/#organization","name":"The Vincentian Network","url":"http:\/\/vincentians.com\/es\/","logo":{"@type":"ImageObject","inLanguage":"es","@id":"http:\/\/vincentians.com\/es\/#\/schema\/logo\/image\/","url":"https:\/\/i1.wp.com\/vincentians.com\/es\/wp-content\/uploads\/sites\/11\/2016\/06\/Vincentian-Network-logo-big.png?fit=778%2C778","contentUrl":"https:\/\/i1.wp.com\/vincentians.com\/es\/wp-content\/uploads\/sites\/11\/2016\/06\/Vincentian-Network-logo-big.png?fit=778%2C778","width":778,"height":778,"caption":"The Vincentian Network"},"image":{"@id":"http:\/\/vincentians.com\/es\/#\/schema\/logo\/image\/"},"sameAs":["https:\/\/www.facebook.com\/WeAreVincentians\/","https:\/\/x.com\/WeVincentians"]},{"@type":"Person","@id":"http:\/\/vincentians.com\/es\/#\/schema\/person\/9623ef4d9aa3b2dfb8c061f1499288f2","name":"Francisco Javier Fern\u00e1ndez Chento","image":{"@type":"ImageObject","inLanguage":"es","@id":"http:\/\/vincentians.com\/es\/#\/schema\/person\/image\/","url":"https:\/\/secure.gravatar.com\/avatar\/497d5cde87b4c3d097d0315953521681ba2cd523ee66e5077c3711f7021e65de?s=96&d=mm&r=g","contentUrl":"https:\/\/secure.gravatar.com\/avatar\/497d5cde87b4c3d097d0315953521681ba2cd523ee66e5077c3711f7021e65de?s=96&d=mm&r=g","caption":"Francisco Javier Fern\u00e1ndez Chento"},"description":"Director General y cofundador de La Red de Formaci\u00f3n Vicenciana. Javier es laico vicenciano, afiliado a la Congregaci\u00f3n de la Misi\u00f3n y miembro del Equipo de Misiones Populares de la provincia can\u00f3nica de Zaragoza (Espa\u00f1a) de la Congregaci\u00f3n de la Misi\u00f3n. Graduado en la Universidad Oberta de Catalunya con cuatro grados (Asistente de direcci\u00f3n, Gesti\u00f3n Administrativa, Recursos Humanos y Contabilidad Avanzada). Bil\u00edng\u00fce Espa\u00f1ol\/Ingl\u00e9s. gestiona y mantiene varias p\u00e1ginas web cristianas y vicencianas, incluida including La Red de Formaci\u00f3n Vicenciana, de la que es cofundador. Actualmente es responsable del \u00e1rea de Espa\u00f1ol de .famvin, la Red de Noticias de la Familia Vicenciana. Tambi\u00e9n es m\u00fasico cat\u00f3lico y ha editado varios discos. Es Director General y cofundador de Trovador, una reconocida compa\u00f1\u00eda discogr\u00e1fica critiana de Espa\u00f1a. Trabaja en las Tecnolog\u00edas de la Informaci\u00f3n, ofreciendo servicios de alojamiento, dise\u00f1o y mantenimiento Web, as\u00ed como asesoramiento, formaci\u00f3n y soluciones inform\u00e1ticas, gesti\u00f3n documental y digitalizaci\u00f3n de textos, edici\u00f3n y maquetaci\u00f3n de libros, revistas, flyers, etc.","sameAs":["http:\/\/chento.org","https:\/\/www.facebook.com\/JavierChento","https:\/\/x.com\/https:\/\/twitter.com\/javierchento"],"url":"http:\/\/vincentians.com\/es\/author\/chento\/"}]}},"jetpack_publicize_connections":[],"jetpack_featured_media_url":"","jetpack_sharing_enabled":true,"jetpack_shortlink":"https:\/\/wp.me\/p7ETMF-2N","jetpack-related-posts":[{"id":140998,"url":"http:\/\/vincentians.com\/es\/unidos-por-la-fuerza-del-espiritu\/","url_meta":{"origin":173,"position":0},"title":"Unidos por la fuerza del Esp\u00edritu","author":"Francisco Javier Fern\u00e1ndez Chento","date":"28\/02\/2015","format":false,"excerpt":"\u00abLa Iglesia se iba construyendo, progresaba en la fidelidad al Se\u00f1or y se multipli\u00adcaba, alentada por el Esp\u00edritu Santo\u00bb. (Hch 9,31).\u00ad \u00abBajo el soplo del Esp\u00edritu Santo construimos la unidad entre nosotros al realizar la misi\u00f3n, a fin de dar un testimonio fehaciente de Cristo Salvador\u00bb. C 20,3). Si Cristo\u2026","rel":"","context":"En \u00abEspiritualidad vicenciana\u00bb","block_context":{"text":"Espiritualidad vicenciana","link":"http:\/\/vincentians.com\/es\/category\/espiritualidad\/espiritualidad-vicenciana\/"},"img":{"alt_text":"asd","src":"https:\/\/i0.wp.com\/vicencianos.org\/wp-content\/2015\/02\/asd7-300x274.jpg?resize=350%2C200","width":350,"height":200},"classes":[]},{"id":141786,"url":"http:\/\/vincentians.com\/es\/unidos-en-la-oracion\/","url_meta":{"origin":173,"position":1},"title":"Unidos en la oraci\u00f3n","author":"Francisco Javier Fern\u00e1ndez Chento","date":"18\/03\/2015","format":false,"excerpt":"\u00abSi aqu\u00ed en la tierra dos de vosotros se ponen de acuerdo, cualquier asunto por el \u00ad que pidan les resultar\u00e1, por obra de mi Padre del cielo, pues donde est\u00e1n dos o tres reunidos apelando a m\u00ed, all\u00ed en medio de ellos estoy yo\u00bb. (Mt 18, 19-20). \u00abLa comunidad\u2026","rel":"","context":"En \u00abEspiritualidad vicenciana\u00bb","block_context":{"text":"Espiritualidad vicenciana","link":"http:\/\/vincentians.com\/es\/category\/espiritualidad\/espiritualidad-vicenciana\/"},"img":{"alt_text":"asd","src":"https:\/\/i0.wp.com\/vicencianos.org\/wp-content\/2015\/03\/asd7-269x300.jpg?resize=350%2C200","width":350,"height":200},"classes":[]},{"id":142311,"url":"http:\/\/vincentians.com\/es\/cristo-nos-ensena-a-orar\/","url_meta":{"origin":173,"position":2},"title":"Cristo nos ense\u00f1a a orar","author":"Francisco Javier Fern\u00e1ndez Chento","date":"12\/04\/2015","format":false,"excerpt":"Una vez estaba \u00e9l orando en cierto lugar; al terminar, uno de sus disc\u00edpulos le pidi\u00f3: Se\u00f1or, ens\u00e9\u00f1anos una oraci\u00f3n, como Juan les ense\u00f1\u00f3 a sus disc\u00edpulos\u00bb. (Lc. 11,1). \u00abCristo el Se\u00f1or permanec\u00eda en \u00edntima uni\u00f3n con el Pa\u00addre, cuya voluntad buscaba en la oraci\u00f3n. Esa voluntad fue la raz\u00f3n\u2026","rel":"","context":"En \u00abEspiritualidad vicenciana\u00bb","block_context":{"text":"Espiritualidad vicenciana","link":"http:\/\/vincentians.com\/es\/category\/espiritualidad\/espiritualidad-vicenciana\/"},"img":{"alt_text":"jesus-orando","src":"https:\/\/i0.wp.com\/vicencianos.org\/wp-content\/2015\/04\/jesus-orando-300x260.jpg?resize=350%2C200","width":350,"height":200},"classes":[]},{"id":387141,"url":"http:\/\/vincentians.com\/es\/el-apostolado-fuente-de-oracion\/","url_meta":{"origin":173,"position":3},"title":"El apostolado fuente de oraci\u00f3n","author":"Mitxel Olabu\u00e9naga","date":"01\/03\/2016","format":false,"excerpt":"\u00abOs lo aseguro: Cada vez que lo hicisteis con un her\u00admano m\u00edo de esos m\u00e1s humil\u00addes, lo hicisteis conmigo\u00bb. (Mt 25,40). \u00abEs necesario que el minis\u00adterio de la palabra, el de los sacramentos y el de la ca\u00adridad, as\u00ed como los aconte\u00adcimientos de la vida, sean para nosotros una particular\u2026","rel":"","context":"En \u00abEspiritualidad\u00bb","block_context":{"text":"Espiritualidad","link":"http:\/\/vincentians.com\/es\/category\/espiritualidad\/"},"img":{"alt_text":"asd","src":"https:\/\/i0.wp.com\/vicencianos.org\/wp-content\/uploads\/2016\/02\/asd-5.jpg?resize=350%2C200","width":350,"height":200},"classes":[]},{"id":122904,"url":"http:\/\/vincentians.com\/es\/bebiendo-de-las-raices-de-nuestra-fe-el-laicado\/","url_meta":{"origin":173,"position":4},"title":"Bebiendo de las ra\u00edces de nuestra Fe: El laicado","author":"Francisco Javier Fern\u00e1ndez Chento","date":"05\/10\/2022","format":false,"excerpt":"\"Para liberar al hombre contempor\u00e1neo del miedo de s\u00ed mismo y de todo s\u00edntoma de miedo servil, es necesario que cultive el verdadero temor de Dios, que es principio de la sabidur\u00eda. Ese temor de Dios es la fuerza del Evangelio. Genera hombres santos, es decir verdaderos cristianos, a quienes\u2026","rel":"","context":"En \u00abFormaci\u00f3n Cristiana\u00bb","block_context":{"text":"Formaci\u00f3n Cristiana","link":"http:\/\/vincentians.com\/es\/category\/formacion-cristiana\/"},"img":{"alt_text":"","src":"https:\/\/i0.wp.com\/vincentians.com\/es\/wp-content\/uploads\/sites\/11\/2013\/04\/Avila.jpg?fit=1200%2C900&resize=350%2C200","width":350,"height":200,"srcset":"https:\/\/i0.wp.com\/vincentians.com\/es\/wp-content\/uploads\/sites\/11\/2013\/04\/Avila.jpg?fit=1200%2C900&resize=350%2C200 1x, https:\/\/i0.wp.com\/vincentians.com\/es\/wp-content\/uploads\/sites\/11\/2013\/04\/Avila.jpg?fit=1200%2C900&resize=525%2C300 1.5x, https:\/\/i0.wp.com\/vincentians.com\/es\/wp-content\/uploads\/sites\/11\/2013\/04\/Avila.jpg?fit=1200%2C900&resize=700%2C400 2x, https:\/\/i0.wp.com\/vincentians.com\/es\/wp-content\/uploads\/sites\/11\/2013\/04\/Avila.jpg?fit=1200%2C900&resize=1050%2C600 3x"},"classes":[]},{"id":141782,"url":"http:\/\/vincentians.com\/es\/la-evangelizacion-centro-de-la-unidad-comunitaria\/","url_meta":{"origin":173,"position":5},"title":"La evangelizaci\u00f3n, centro de la unidad comunitaria","author":"Francisco Javier Fern\u00e1ndez Chento","date":"17\/03\/2015","format":false,"excerpt":"\u00abLos dones son variados, pero el Esp\u00edritu el mismo; las funciones son variadas aunque el Se\u00f1or es el mis\u00admo; las actividades son va\u00adriadas, pero es el mismo Dios quien lo activa todo en to\u00addos\u00bb. (I Cor 12,4-6). \u00abLa comunidad se crea cons\u00adtantemente a s\u00ed misma reno\u00advando, ante todo, los elementos\u2026","rel":"","context":"En \u00abEspiritualidad vicenciana\u00bb","block_context":{"text":"Espiritualidad vicenciana","link":"http:\/\/vincentians.com\/es\/category\/espiritualidad\/espiritualidad-vicenciana\/"},"img":{"alt_text":"compartir_el_regalo_a_toda_la_tierra","src":"https:\/\/i0.wp.com\/vicencianos.org\/wp-content\/2015\/03\/compartir_el_regalo_a_toda_la_tierra-300x183.jpg?resize=350%2C200","width":350,"height":200},"classes":[]}],"_links":{"self":[{"href":"http:\/\/vincentians.com\/es\/wp-json\/wp\/v2\/posts\/173","targetHints":{"allow":["GET"]}}],"collection":[{"href":"http:\/\/vincentians.com\/es\/wp-json\/wp\/v2\/posts"}],"about":[{"href":"http:\/\/vincentians.com\/es\/wp-json\/wp\/v2\/types\/post"}],"author":[{"embeddable":true,"href":"http:\/\/vincentians.com\/es\/wp-json\/wp\/v2\/users\/4"}],"replies":[{"embeddable":true,"href":"http:\/\/vincentians.com\/es\/wp-json\/wp\/v2\/comments?post=173"}],"version-history":[{"count":0,"href":"http:\/\/vincentians.com\/es\/wp-json\/wp\/v2\/posts\/173\/revisions"}],"wp:featuredmedia":[{"embeddable":true,"href":"http:\/\/vincentians.com\/es\/wp-json\/"}],"wp:attachment":[{"href":"http:\/\/vincentians.com\/es\/wp-json\/wp\/v2\/media?parent=173"}],"wp:term":[{"taxonomy":"category","embeddable":true,"href":"http:\/\/vincentians.com\/es\/wp-json\/wp\/v2\/categories?post=173"},{"taxonomy":"post_tag","embeddable":true,"href":"http:\/\/vincentians.com\/es\/wp-json\/wp\/v2\/tags?post=173"}],"curies":[{"name":"wp","href":"https:\/\/api.w.org\/{rel}","templated":true}]}}