{"id":17271,"date":"2018-12-15T08:21:52","date_gmt":"2018-12-15T07:21:52","guid":{"rendered":"http:\/\/somos.vicencianos.org\/blog\/?p=17271"},"modified":"2018-11-30T13:00:00","modified_gmt":"2018-11-30T12:00:00","slug":"santos-beatos-venerables-y-siervos-de-dios-de-la-familia-vicenciana","status":"publish","type":"post","link":"http:\/\/vincentians.com\/es\/santos-beatos-venerables-y-siervos-de-dios-de-la-familia-vicenciana\/","title":{"rendered":"Santos, Beatos y Siervos de Dios Vicencianos"},"content":{"rendered":"<p>En los cuatro siglos de historia del carisma vicenciano han sido muchos los creyentes que, movidos por el esp\u00edritu de servicio a los pobres, han seguido a Jesucristo en los pasos de Vicente de Pa\u00fal. Multitud de Misioneros, Hijas de la Caridad y Seglares vivieron con humildad y sencillez su seguimiento a Jesucristo desde este carisma evangelizador, y su santidad s\u00f3lo Dios la conoce. Pero tambi\u00e9n la Iglesia ha reconocido (mediante un <strong>proceso de canonizaci\u00f3n<\/strong>) las virtudes de algunos de ellos, que son faros que iluminan nuestra Familia Vicenciana y que, en muchos casos, desafortunadamente son muy poco conocidos por nosotros mismos. Sirva este peque\u00f1o art\u00edculo para dar una introducci\u00f3n a \u00e9stos nuestros hermanos, que vivieron con apasionada radicalidad su entrega a Dios desde el carisma vicenciano.<\/p>\n<p style=\"padding-left: 30px\"><em>En esta lista aparecen los santos, beatos, venerables y siervos de Dios de la Familia Vicenciana mundial. Si ves alg\u00fan error u <\/em><em>omisi\u00f3n<\/em><em>, por favor d\u00e9janos un comentario en el art\u00edculo para realizar la oportuna correcci\u00f3n.<\/em><\/p>\n<p style=\"padding-left: 30px\"><em>Aparecen ordenados por la fecha de nacimiento.<br \/>\n<\/em><\/p>\n<h2>Los Santos de la Familia Vicenciana<\/h2>\n<ol>\n<li>San Vicente de Pa\u00fal (1580-1660).<\/li>\n<li>Santa Luisa de Marillac (1591-1660).<\/li>\n<li>San Francisco R\u00e9gis Clet (1748-1820).<\/li>\n<li>Santa Juana Antida Thouret (1765-1826).<\/li>\n<li>Santa Isabel Ana Bayley Seton (1774-1821).<\/li>\n<li>San Justino de Jacobis (1800-1860).<\/li>\n<li>San Juan Gabriel Perboyre (1802-1840).<\/li>\n<li>Santa Catalina Labour\u00e9 (1806-1876).<\/li>\n<li>Santa Agustina Pietrantoni (1864-1894).<\/li>\n<li>San Ricardo Pampuri (1897-1930).<\/li>\n<li>Santa Giana Beretta Molla (1922-1962).<\/li>\n<\/ol>\n<h2>Los Beatos de la Familia Vicenciana<\/h2>\n<ol>\n<li>Beato Juan Carlos Caron (1730-1794).<\/li>\n<li>Beato Nicol\u00e1s Collin (1730-1794).<\/li>\n<li>Beatas Mar\u00eda Ana Vaillot (1734-1794) y Odilia Baumgarten (1750-1794).<\/li>\n<li>Beato Juan Enrique Gruyer (1734-1792).<\/li>\n<li>Beato Luis Jos\u00e9 Fran\u00e7ois (1751-1792).<\/li>\n<li>Beato Pedro Renato Rogue (1758-1796).<\/li>\n<li>Beata Sor Rosal\u00eda Rendu (1786-1856).<\/li>\n<li>Beato Ghebra Miguel (1788-1855).<\/li>\n<li>Beatas Mar\u00eda Magdalena Fontaine y Compa\u00f1eras (M\u00e1rtires De Arras) (+ 1794).<\/li>\n<li>Beato Marco Antonio Durando (1801-1880).<\/li>\n<li>Beato Federico Ozanam (1813-1853).<\/li>\n<li>Beata Julia Nemesia Valle (1847-1916)<\/li>\n<li>Beato Contardo Ferrini (1859-1902)<\/li>\n<li>Beata Josefina Nic\u00f3li (1863-1924).<\/li>\n<li>Beata Marta Mar\u00eda Wiecka (1874-1904).<\/li>\n<li>Beata Lindalva Justo De Oliveira (1953-1993).<\/li>\n<li>Beato Pier Giorgio Frassati (1901-1925).<\/li>\n<\/ol>\n<h2>Los Siervos de Dios y Venerables de la Familia Vicenciana<\/h2>\n<ol>\n<li>Sor Margarita Rutan (1736-1794).<\/li>\n<li>Mons. Buenaventura Codina (1785-1857).<\/li>\n<li>P. Juan Le\u00f3n Le Prevost (1803-1874). (Venerable)<\/li>\n<li>Don Santiago Masarnau Fern\u00e1ndez (1805-1882).<\/li>\n<li>P. Pasquale-Raffaelle D&#8217;addosio (1835-1900).<\/li>\n<li>P. Jules Garrigues (1840-1900).<\/li>\n<li>Mons. Antonio Ferreira Vi\u00e7oso (1844-1875).<\/li>\n<li>P. Juan Bautista Manzella (1855-1937).<\/li>\n<li>P. Salvador Micalizzi (1856-1937). (Venerable)<\/li>\n<li>P. Giuseppe Alloatti (1857-1933)<\/li>\n<li>P. Maurice-Charles-Pascal Dor\u00e9 (1862-1900).<\/li>\n<li>P. Antonio Claudio Chavanne (1862-1900).<\/li>\n<li>Mons. Juan Francisco Gnidovec (1863-1939).<\/li>\n<li>Sor B\u00e1rbara Stanislao Samuloswka (1865-1950).<\/li>\n<li>PP. Claudio Chevrier y Vincentius Ou (+1870).<\/li>\n<li>Sor Mar\u00eda Teresa Marquet y 9 Compa\u00f1eras M\u00e1rtires (+1870).<\/li>\n<li>Mons. Emilio Francisco Trinidad Lisson Chaves (1872-1961).<\/li>\n<li>Sor Justa Dom\u00ednguez De Vidaurreta (1875-1958).<\/li>\n<li>Sor Gabriela Borgarino (1880-1949).<\/li>\n<li>Sor Ana Cantalupo (1888-1983).<\/li>\n<li>Sor Cecilia Charrin (1890-1973).<\/li>\n<li>Sor Clem\u00eancia Oliveira (1896-1966).<\/li>\n<li>P. Fortunato Velasco Tobar y 14 Compa\u00f1eros M\u00e1rtires (1936-1939).<\/li>\n<li>Sor Josefa Mart\u00ednez P\u00e9rez y 12 Compa\u00f1eras M\u00e1rtires (1936-1939).<\/li>\n<li>Sor Melchora Adoraci\u00f3n Cort\u00e9s Bueno y 14 Comp. M\u00e1rtires (1936-1939).<\/li>\n<li>P. Vicente Queralt Lloret y 20 Compa\u00f1eros M\u00e1rtires (1936-1939).<\/li>\n<li>P. Jos\u00e9 Mar\u00eda Fern\u00e1ndez S\u00e1nchez y 38 Compa\u00f1eros M\u00e1rtires (1936-1939).<\/li>\n<li>P. Jos\u00e9 Florko y Diez Compa\u00f1eros M\u00e1rtires (1939-1945).<\/li>\n<\/ol>\n<h2>Causas en preparaci\u00f3n<\/h2>\n<ol>\n<li>P. F\u00e9lix De Andreis (1778-1820).<\/li>\n<li>D. Quinzio Sie`(1780-1857).<\/li>\n<li>Mons. Jos\u00e9 Rosati (1789-1843).<\/li>\n<li>P. Juan Bautista Tornatore (1820-1895).<\/li>\n<li>Mons. Peter Schumacher (1839-1902).<\/li>\n<li>P. Antonio Canduglia (1861-1907).<\/li>\n<li>P. Czeslaw Lewandowski (1864-1934).<\/li>\n<li>P. Nie` Pietro (+ 1870).<\/li>\n<li>P. Jean-Marie Lacruche (1871-1906).<\/li>\n<li>Mons. Francois Xavier Schraven (1873-1937) y 6 Compa\u00f1eros C.M. M\u00e1rtires.<\/li>\n<li>P. Andr\u00e9 Tsu (1876-1903).<\/li>\n<li>P. Giacomo Anselmo (1883-1934).<\/li>\n<li>P. Umberto Verdini (1884-1942).<\/li>\n<li>P. Pani Tchang (1886-1954).<\/li>\n<li>P. Joseph K&#8217;ung (1891-1947).<\/li>\n<li>Mons. Joseph Chow Tsi-Che (1891-1972).<\/li>\n<li>Srta. Josefa Parra Flores (1892-1917).<\/li>\n<li>P. Joseph Lan (1894- ?).<\/li>\n<li>Sor Florina Barbara B\u00f6nighova (1894-1960).<\/li>\n<li>P. William M. Slattery (1895-1982).<\/li>\n<li>Srta. Coleta Menendez De La Torre (1896-1917).<\/li>\n<li>Sor Maria Rodrigues De Alburquerque (1901-1991).<\/li>\n<li>P. Joseph Pierre Kwei (1902-1952).<\/li>\n<li>Sor Valerija Bojc (1904-1951).<\/li>\n<li>P. Pierre Souen (1905-1951).<\/li>\n<li>Sor Maria Wisniewska (1905-1943).<\/li>\n<li>P. Jacques Tchao (1909-1950).<\/li>\n<li>P. Jan Hutyra (1912-1978).<\/li>\n<li>P. Sylvestre Su (1912-1941).<\/li>\n<li>Jan Havlik (1928- ?) (Seminarista).<\/li>\n<li>P. Nicol\u00e1s Van Kleef (Nico) (1937-1989).<\/li>\n<\/ol>\n","protected":false},"excerpt":{"rendered":"<p>En los cuatro siglos de historia del carisma vicenciano han sido muchos los creyentes que, movidos por el esp\u00edritu de servicio a los pobres, han seguido a Jesucristo en los pasos de Vicente de Pa\u00fal. &#8230; <a href=\"http:\/\/vincentians.com\/es\/santos-beatos-venerables-y-siervos-de-dios-de-la-familia-vicenciana\/\" class=\"more-link\">Read More<\/a><\/p>\n","protected":false},"author":4,"featured_media":400011,"comment_status":"open","ping_status":"open","sticky":false,"template":"","format":"standard","meta":{"jetpack_post_was_ever_published":false,"_jetpack_newsletter_access":"","_jetpack_dont_email_post_to_subs":false,"_jetpack_newsletter_tier_id":0,"_jetpack_memberships_contains_paywalled_content":false,"_jetpack_memberships_contains_paid_content":false,"footnotes":"","jetpack_publicize_message":"","jetpack_publicize_feature_enabled":true,"jetpack_social_post_already_shared":true,"jetpack_social_options":{"image_generator_settings":{"template":"highway","default_image_id":0,"font":"","enabled":false},"version":2}},"categories":[242],"tags":[174,196],"class_list":["post-17271","post","type-post","status-publish","format-standard","has-post-thumbnail","hentry","category-familia-vicenciana-sin-categorizar","tag-durando","tag-perboyre"],"yoast_head":"<!-- This site is optimized with the Yoast SEO plugin v26.3 - https:\/\/yoast.com\/wordpress\/plugins\/seo\/ -->\n<title>Santos, Beatos y Siervos de Dios Vicencianos - Somos Vicencianos<\/title>\n<meta name=\"robots\" content=\"index, follow, max-snippet:-1, max-image-preview:large, max-video-preview:-1\" \/>\n<link rel=\"canonical\" href=\"http:\/\/vincentians.com\/es\/santos-beatos-venerables-y-siervos-de-dios-de-la-familia-vicenciana\/\" \/>\n<meta property=\"og:locale\" content=\"es_ES\" \/>\n<meta property=\"og:type\" content=\"article\" \/>\n<meta property=\"og:title\" content=\"Santos, Beatos y Siervos de Dios Vicencianos - Somos Vicencianos\" \/>\n<meta property=\"og:description\" content=\"En los cuatro siglos de historia del carisma vicenciano han sido muchos los creyentes que, movidos por el esp\u00edritu de servicio a los pobres, han seguido a Jesucristo en los pasos de Vicente de Pa\u00fal. ... Read More\" \/>\n<meta property=\"og:url\" content=\"http:\/\/vincentians.com\/es\/santos-beatos-venerables-y-siervos-de-dios-de-la-familia-vicenciana\/\" \/>\n<meta property=\"og:site_name\" content=\"Somos Vicencianos\" \/>\n<meta property=\"article:publisher\" content=\"https:\/\/www.facebook.com\/WeAreVincentians\/\" \/>\n<meta property=\"article:author\" content=\"https:\/\/www.facebook.com\/JavierChento\" \/>\n<meta property=\"article:published_time\" content=\"2018-12-15T07:21:52+00:00\" \/>\n<meta property=\"og:image\" content=\"https:\/\/i0.wp.com\/vincentians.com\/es\/wp-content\/uploads\/sites\/11\/2016\/09\/sencillos-como-palomas.jpg?fit=1200%2C630\" \/>\n\t<meta property=\"og:image:width\" content=\"1200\" \/>\n\t<meta property=\"og:image:height\" content=\"630\" \/>\n\t<meta property=\"og:image:type\" content=\"image\/jpeg\" \/>\n<meta name=\"author\" content=\"Francisco Javier Fern\u00e1ndez Chento\" \/>\n<meta name=\"twitter:card\" content=\"summary_large_image\" \/>\n<meta name=\"twitter:creator\" content=\"@https:\/\/twitter.com\/javierchento\" \/>\n<meta name=\"twitter:site\" content=\"@WeVincentians\" \/>\n<meta name=\"twitter:label1\" content=\"Escrito por\" \/>\n\t<meta name=\"twitter:data1\" content=\"Francisco Javier Fern\u00e1ndez Chento\" \/>\n\t<meta name=\"twitter:label2\" content=\"Tiempo de lectura\" \/>\n\t<meta name=\"twitter:data2\" content=\"3 minutos\" \/>\n<script type=\"application\/ld+json\" class=\"yoast-schema-graph\">{\"@context\":\"https:\/\/schema.org\",\"@graph\":[{\"@type\":\"Article\",\"@id\":\"http:\/\/vincentians.com\/es\/santos-beatos-venerables-y-siervos-de-dios-de-la-familia-vicenciana\/#article\",\"isPartOf\":{\"@id\":\"http:\/\/vincentians.com\/es\/santos-beatos-venerables-y-siervos-de-dios-de-la-familia-vicenciana\/\"},\"author\":{\"name\":\"Francisco Javier Fern\u00e1ndez Chento\",\"@id\":\"http:\/\/vincentians.com\/es\/#\/schema\/person\/9623ef4d9aa3b2dfb8c061f1499288f2\"},\"headline\":\"Santos, Beatos y Siervos de Dios Vicencianos\",\"datePublished\":\"2018-12-15T07:21:52+00:00\",\"mainEntityOfPage\":{\"@id\":\"http:\/\/vincentians.com\/es\/santos-beatos-venerables-y-siervos-de-dios-de-la-familia-vicenciana\/\"},\"wordCount\":702,\"commentCount\":1,\"publisher\":{\"@id\":\"http:\/\/vincentians.com\/es\/#organization\"},\"image\":{\"@id\":\"http:\/\/vincentians.com\/es\/santos-beatos-venerables-y-siervos-de-dios-de-la-familia-vicenciana\/#primaryimage\"},\"thumbnailUrl\":\"https:\/\/i0.wp.com\/vincentians.com\/es\/wp-content\/uploads\/sites\/11\/2016\/09\/sencillos-como-palomas.jpg?fit=1200%2C630\",\"keywords\":[\"Durando\",\"Perboyre\"],\"articleSection\":[\"Familia Vicenciana sin categorizar\"],\"inLanguage\":\"es\",\"potentialAction\":[{\"@type\":\"CommentAction\",\"name\":\"Comment\",\"target\":[\"http:\/\/vincentians.com\/es\/santos-beatos-venerables-y-siervos-de-dios-de-la-familia-vicenciana\/#respond\"]}]},{\"@type\":\"WebPage\",\"@id\":\"http:\/\/vincentians.com\/es\/santos-beatos-venerables-y-siervos-de-dios-de-la-familia-vicenciana\/\",\"url\":\"http:\/\/vincentians.com\/es\/santos-beatos-venerables-y-siervos-de-dios-de-la-familia-vicenciana\/\",\"name\":\"Santos, Beatos y Siervos de Dios Vicencianos - Somos Vicencianos\",\"isPartOf\":{\"@id\":\"http:\/\/vincentians.com\/es\/#website\"},\"primaryImageOfPage\":{\"@id\":\"http:\/\/vincentians.com\/es\/santos-beatos-venerables-y-siervos-de-dios-de-la-familia-vicenciana\/#primaryimage\"},\"image\":{\"@id\":\"http:\/\/vincentians.com\/es\/santos-beatos-venerables-y-siervos-de-dios-de-la-familia-vicenciana\/#primaryimage\"},\"thumbnailUrl\":\"https:\/\/i0.wp.com\/vincentians.com\/es\/wp-content\/uploads\/sites\/11\/2016\/09\/sencillos-como-palomas.jpg?fit=1200%2C630\",\"datePublished\":\"2018-12-15T07:21:52+00:00\",\"breadcrumb\":{\"@id\":\"http:\/\/vincentians.com\/es\/santos-beatos-venerables-y-siervos-de-dios-de-la-familia-vicenciana\/#breadcrumb\"},\"inLanguage\":\"es\",\"potentialAction\":[{\"@type\":\"ReadAction\",\"target\":[\"http:\/\/vincentians.com\/es\/santos-beatos-venerables-y-siervos-de-dios-de-la-familia-vicenciana\/\"]}]},{\"@type\":\"ImageObject\",\"inLanguage\":\"es\",\"@id\":\"http:\/\/vincentians.com\/es\/santos-beatos-venerables-y-siervos-de-dios-de-la-familia-vicenciana\/#primaryimage\",\"url\":\"https:\/\/i0.wp.com\/vincentians.com\/es\/wp-content\/uploads\/sites\/11\/2016\/09\/sencillos-como-palomas.jpg?fit=1200%2C630\",\"contentUrl\":\"https:\/\/i0.wp.com\/vincentians.com\/es\/wp-content\/uploads\/sites\/11\/2016\/09\/sencillos-como-palomas.jpg?fit=1200%2C630\",\"width\":1200,\"height\":630},{\"@type\":\"BreadcrumbList\",\"@id\":\"http:\/\/vincentians.com\/es\/santos-beatos-venerables-y-siervos-de-dios-de-la-familia-vicenciana\/#breadcrumb\",\"itemListElement\":[{\"@type\":\"ListItem\",\"position\":1,\"name\":\"Portada\",\"item\":\"http:\/\/vincentians.com\/es\/\"},{\"@type\":\"ListItem\",\"position\":2,\"name\":\"Santos, Beatos y Siervos de Dios Vicencianos\"}]},{\"@type\":\"WebSite\",\"@id\":\"http:\/\/vincentians.com\/es\/#website\",\"url\":\"http:\/\/vincentians.com\/es\/\",\"name\":\"Somos Vicencianos\",\"description\":\"Know more to serve more\",\"publisher\":{\"@id\":\"http:\/\/vincentians.com\/es\/#organization\"},\"potentialAction\":[{\"@type\":\"SearchAction\",\"target\":{\"@type\":\"EntryPoint\",\"urlTemplate\":\"http:\/\/vincentians.com\/es\/?s={search_term_string}\"},\"query-input\":{\"@type\":\"PropertyValueSpecification\",\"valueRequired\":true,\"valueName\":\"search_term_string\"}}],\"inLanguage\":\"es\"},{\"@type\":\"Organization\",\"@id\":\"http:\/\/vincentians.com\/es\/#organization\",\"name\":\"The Vincentian Network\",\"url\":\"http:\/\/vincentians.com\/es\/\",\"logo\":{\"@type\":\"ImageObject\",\"inLanguage\":\"es\",\"@id\":\"http:\/\/vincentians.com\/es\/#\/schema\/logo\/image\/\",\"url\":\"https:\/\/i1.wp.com\/vincentians.com\/es\/wp-content\/uploads\/sites\/11\/2016\/06\/Vincentian-Network-logo-big.png?fit=778%2C778\",\"contentUrl\":\"https:\/\/i1.wp.com\/vincentians.com\/es\/wp-content\/uploads\/sites\/11\/2016\/06\/Vincentian-Network-logo-big.png?fit=778%2C778\",\"width\":778,\"height\":778,\"caption\":\"The Vincentian Network\"},\"image\":{\"@id\":\"http:\/\/vincentians.com\/es\/#\/schema\/logo\/image\/\"},\"sameAs\":[\"https:\/\/www.facebook.com\/WeAreVincentians\/\",\"https:\/\/x.com\/WeVincentians\"]},{\"@type\":\"Person\",\"@id\":\"http:\/\/vincentians.com\/es\/#\/schema\/person\/9623ef4d9aa3b2dfb8c061f1499288f2\",\"name\":\"Francisco Javier Fern\u00e1ndez Chento\",\"image\":{\"@type\":\"ImageObject\",\"inLanguage\":\"es\",\"@id\":\"http:\/\/vincentians.com\/es\/#\/schema\/person\/image\/\",\"url\":\"https:\/\/secure.gravatar.com\/avatar\/497d5cde87b4c3d097d0315953521681ba2cd523ee66e5077c3711f7021e65de?s=96&d=mm&r=g\",\"contentUrl\":\"https:\/\/secure.gravatar.com\/avatar\/497d5cde87b4c3d097d0315953521681ba2cd523ee66e5077c3711f7021e65de?s=96&d=mm&r=g\",\"caption\":\"Francisco Javier Fern\u00e1ndez Chento\"},\"description\":\"Director General y cofundador de La Red de Formaci\u00f3n Vicenciana. Javier es laico vicenciano, afiliado a la Congregaci\u00f3n de la Misi\u00f3n y miembro del Equipo de Misiones Populares de la provincia can\u00f3nica de Zaragoza (Espa\u00f1a) de la Congregaci\u00f3n de la Misi\u00f3n. Graduado en la Universidad Oberta de Catalunya con cuatro grados (Asistente de direcci\u00f3n, Gesti\u00f3n Administrativa, Recursos Humanos y Contabilidad Avanzada). Bil\u00edng\u00fce Espa\u00f1ol\/Ingl\u00e9s. gestiona y mantiene varias p\u00e1ginas web cristianas y vicencianas, incluida including La Red de Formaci\u00f3n Vicenciana, de la que es cofundador. Actualmente es responsable del \u00e1rea de Espa\u00f1ol de .famvin, la Red de Noticias de la Familia Vicenciana. Tambi\u00e9n es m\u00fasico cat\u00f3lico y ha editado varios discos. Es Director General y cofundador de Trovador, una reconocida compa\u00f1\u00eda discogr\u00e1fica critiana de Espa\u00f1a. Trabaja en las Tecnolog\u00edas de la Informaci\u00f3n, ofreciendo servicios de alojamiento, dise\u00f1o y mantenimiento Web, as\u00ed como asesoramiento, formaci\u00f3n y soluciones inform\u00e1ticas, gesti\u00f3n documental y digitalizaci\u00f3n de textos, edici\u00f3n y maquetaci\u00f3n de libros, revistas, flyers, etc.\",\"sameAs\":[\"http:\/\/chento.org\",\"https:\/\/www.facebook.com\/JavierChento\",\"https:\/\/x.com\/https:\/\/twitter.com\/javierchento\"],\"url\":\"http:\/\/vincentians.com\/es\/author\/chento\/\"}]}<\/script>\n<!-- \/ Yoast SEO plugin. -->","yoast_head_json":{"title":"Santos, Beatos y Siervos de Dios Vicencianos - Somos Vicencianos","robots":{"index":"index","follow":"follow","max-snippet":"max-snippet:-1","max-image-preview":"max-image-preview:large","max-video-preview":"max-video-preview:-1"},"canonical":"http:\/\/vincentians.com\/es\/santos-beatos-venerables-y-siervos-de-dios-de-la-familia-vicenciana\/","og_locale":"es_ES","og_type":"article","og_title":"Santos, Beatos y Siervos de Dios Vicencianos - Somos Vicencianos","og_description":"En los cuatro siglos de historia del carisma vicenciano han sido muchos los creyentes que, movidos por el esp\u00edritu de servicio a los pobres, han seguido a Jesucristo en los pasos de Vicente de Pa\u00fal. ... Read More","og_url":"http:\/\/vincentians.com\/es\/santos-beatos-venerables-y-siervos-de-dios-de-la-familia-vicenciana\/","og_site_name":"Somos Vicencianos","article_publisher":"https:\/\/www.facebook.com\/WeAreVincentians\/","article_author":"https:\/\/www.facebook.com\/JavierChento","article_published_time":"2018-12-15T07:21:52+00:00","og_image":[{"width":1200,"height":630,"url":"https:\/\/i0.wp.com\/vincentians.com\/es\/wp-content\/uploads\/sites\/11\/2016\/09\/sencillos-como-palomas.jpg?fit=1200%2C630","type":"image\/jpeg"}],"author":"Francisco Javier Fern\u00e1ndez Chento","twitter_card":"summary_large_image","twitter_creator":"@https:\/\/twitter.com\/javierchento","twitter_site":"@WeVincentians","twitter_misc":{"Escrito por":"Francisco Javier Fern\u00e1ndez Chento","Tiempo de lectura":"3 minutos"},"schema":{"@context":"https:\/\/schema.org","@graph":[{"@type":"Article","@id":"http:\/\/vincentians.com\/es\/santos-beatos-venerables-y-siervos-de-dios-de-la-familia-vicenciana\/#article","isPartOf":{"@id":"http:\/\/vincentians.com\/es\/santos-beatos-venerables-y-siervos-de-dios-de-la-familia-vicenciana\/"},"author":{"name":"Francisco Javier Fern\u00e1ndez Chento","@id":"http:\/\/vincentians.com\/es\/#\/schema\/person\/9623ef4d9aa3b2dfb8c061f1499288f2"},"headline":"Santos, Beatos y Siervos de Dios Vicencianos","datePublished":"2018-12-15T07:21:52+00:00","mainEntityOfPage":{"@id":"http:\/\/vincentians.com\/es\/santos-beatos-venerables-y-siervos-de-dios-de-la-familia-vicenciana\/"},"wordCount":702,"commentCount":1,"publisher":{"@id":"http:\/\/vincentians.com\/es\/#organization"},"image":{"@id":"http:\/\/vincentians.com\/es\/santos-beatos-venerables-y-siervos-de-dios-de-la-familia-vicenciana\/#primaryimage"},"thumbnailUrl":"https:\/\/i0.wp.com\/vincentians.com\/es\/wp-content\/uploads\/sites\/11\/2016\/09\/sencillos-como-palomas.jpg?fit=1200%2C630","keywords":["Durando","Perboyre"],"articleSection":["Familia Vicenciana sin categorizar"],"inLanguage":"es","potentialAction":[{"@type":"CommentAction","name":"Comment","target":["http:\/\/vincentians.com\/es\/santos-beatos-venerables-y-siervos-de-dios-de-la-familia-vicenciana\/#respond"]}]},{"@type":"WebPage","@id":"http:\/\/vincentians.com\/es\/santos-beatos-venerables-y-siervos-de-dios-de-la-familia-vicenciana\/","url":"http:\/\/vincentians.com\/es\/santos-beatos-venerables-y-siervos-de-dios-de-la-familia-vicenciana\/","name":"Santos, Beatos y Siervos de Dios Vicencianos - Somos Vicencianos","isPartOf":{"@id":"http:\/\/vincentians.com\/es\/#website"},"primaryImageOfPage":{"@id":"http:\/\/vincentians.com\/es\/santos-beatos-venerables-y-siervos-de-dios-de-la-familia-vicenciana\/#primaryimage"},"image":{"@id":"http:\/\/vincentians.com\/es\/santos-beatos-venerables-y-siervos-de-dios-de-la-familia-vicenciana\/#primaryimage"},"thumbnailUrl":"https:\/\/i0.wp.com\/vincentians.com\/es\/wp-content\/uploads\/sites\/11\/2016\/09\/sencillos-como-palomas.jpg?fit=1200%2C630","datePublished":"2018-12-15T07:21:52+00:00","breadcrumb":{"@id":"http:\/\/vincentians.com\/es\/santos-beatos-venerables-y-siervos-de-dios-de-la-familia-vicenciana\/#breadcrumb"},"inLanguage":"es","potentialAction":[{"@type":"ReadAction","target":["http:\/\/vincentians.com\/es\/santos-beatos-venerables-y-siervos-de-dios-de-la-familia-vicenciana\/"]}]},{"@type":"ImageObject","inLanguage":"es","@id":"http:\/\/vincentians.com\/es\/santos-beatos-venerables-y-siervos-de-dios-de-la-familia-vicenciana\/#primaryimage","url":"https:\/\/i0.wp.com\/vincentians.com\/es\/wp-content\/uploads\/sites\/11\/2016\/09\/sencillos-como-palomas.jpg?fit=1200%2C630","contentUrl":"https:\/\/i0.wp.com\/vincentians.com\/es\/wp-content\/uploads\/sites\/11\/2016\/09\/sencillos-como-palomas.jpg?fit=1200%2C630","width":1200,"height":630},{"@type":"BreadcrumbList","@id":"http:\/\/vincentians.com\/es\/santos-beatos-venerables-y-siervos-de-dios-de-la-familia-vicenciana\/#breadcrumb","itemListElement":[{"@type":"ListItem","position":1,"name":"Portada","item":"http:\/\/vincentians.com\/es\/"},{"@type":"ListItem","position":2,"name":"Santos, Beatos y Siervos de Dios Vicencianos"}]},{"@type":"WebSite","@id":"http:\/\/vincentians.com\/es\/#website","url":"http:\/\/vincentians.com\/es\/","name":"Somos Vicencianos","description":"Know more to serve more","publisher":{"@id":"http:\/\/vincentians.com\/es\/#organization"},"potentialAction":[{"@type":"SearchAction","target":{"@type":"EntryPoint","urlTemplate":"http:\/\/vincentians.com\/es\/?s={search_term_string}"},"query-input":{"@type":"PropertyValueSpecification","valueRequired":true,"valueName":"search_term_string"}}],"inLanguage":"es"},{"@type":"Organization","@id":"http:\/\/vincentians.com\/es\/#organization","name":"The Vincentian Network","url":"http:\/\/vincentians.com\/es\/","logo":{"@type":"ImageObject","inLanguage":"es","@id":"http:\/\/vincentians.com\/es\/#\/schema\/logo\/image\/","url":"https:\/\/i1.wp.com\/vincentians.com\/es\/wp-content\/uploads\/sites\/11\/2016\/06\/Vincentian-Network-logo-big.png?fit=778%2C778","contentUrl":"https:\/\/i1.wp.com\/vincentians.com\/es\/wp-content\/uploads\/sites\/11\/2016\/06\/Vincentian-Network-logo-big.png?fit=778%2C778","width":778,"height":778,"caption":"The Vincentian Network"},"image":{"@id":"http:\/\/vincentians.com\/es\/#\/schema\/logo\/image\/"},"sameAs":["https:\/\/www.facebook.com\/WeAreVincentians\/","https:\/\/x.com\/WeVincentians"]},{"@type":"Person","@id":"http:\/\/vincentians.com\/es\/#\/schema\/person\/9623ef4d9aa3b2dfb8c061f1499288f2","name":"Francisco Javier Fern\u00e1ndez Chento","image":{"@type":"ImageObject","inLanguage":"es","@id":"http:\/\/vincentians.com\/es\/#\/schema\/person\/image\/","url":"https:\/\/secure.gravatar.com\/avatar\/497d5cde87b4c3d097d0315953521681ba2cd523ee66e5077c3711f7021e65de?s=96&d=mm&r=g","contentUrl":"https:\/\/secure.gravatar.com\/avatar\/497d5cde87b4c3d097d0315953521681ba2cd523ee66e5077c3711f7021e65de?s=96&d=mm&r=g","caption":"Francisco Javier Fern\u00e1ndez Chento"},"description":"Director General y cofundador de La Red de Formaci\u00f3n Vicenciana. Javier es laico vicenciano, afiliado a la Congregaci\u00f3n de la Misi\u00f3n y miembro del Equipo de Misiones Populares de la provincia can\u00f3nica de Zaragoza (Espa\u00f1a) de la Congregaci\u00f3n de la Misi\u00f3n. Graduado en la Universidad Oberta de Catalunya con cuatro grados (Asistente de direcci\u00f3n, Gesti\u00f3n Administrativa, Recursos Humanos y Contabilidad Avanzada). Bil\u00edng\u00fce Espa\u00f1ol\/Ingl\u00e9s. gestiona y mantiene varias p\u00e1ginas web cristianas y vicencianas, incluida including La Red de Formaci\u00f3n Vicenciana, de la que es cofundador. Actualmente es responsable del \u00e1rea de Espa\u00f1ol de .famvin, la Red de Noticias de la Familia Vicenciana. Tambi\u00e9n es m\u00fasico cat\u00f3lico y ha editado varios discos. Es Director General y cofundador de Trovador, una reconocida compa\u00f1\u00eda discogr\u00e1fica critiana de Espa\u00f1a. Trabaja en las Tecnolog\u00edas de la Informaci\u00f3n, ofreciendo servicios de alojamiento, dise\u00f1o y mantenimiento Web, as\u00ed como asesoramiento, formaci\u00f3n y soluciones inform\u00e1ticas, gesti\u00f3n documental y digitalizaci\u00f3n de textos, edici\u00f3n y maquetaci\u00f3n de libros, revistas, flyers, etc.","sameAs":["http:\/\/chento.org","https:\/\/www.facebook.com\/JavierChento","https:\/\/x.com\/https:\/\/twitter.com\/javierchento"],"url":"http:\/\/vincentians.com\/es\/author\/chento\/"}]}},"jetpack_publicize_connections":[],"jetpack_featured_media_url":"https:\/\/i0.wp.com\/vincentians.com\/es\/wp-content\/uploads\/sites\/11\/2016\/09\/sencillos-como-palomas.jpg?fit=1200%2C630","jetpack_sharing_enabled":true,"jetpack_shortlink":"https:\/\/wp.me\/p7ETMF-4uz","jetpack-related-posts":[{"id":398646,"url":"http:\/\/vincentians.com\/es\/aportacion-del-carisma-vicenciano-la-mision-la-iglesia-10-fin\/","url_meta":{"origin":17271,"position":0},"title":"Aportaci\u00f3n del carisma vicenciano a la Misi\u00f3n de la Iglesia (10 &#8211; Fin)","author":"Francisco Javier Fern\u00e1ndez Chento","date":"13\/08\/2016","format":false,"excerpt":"10.- La circularidad vicenciana: de Cristo a los pobres, de los pobres a Cristo. Para concluir esta reflexi\u00f3n sobre la aportaci\u00f3n del carisma vicenciano a la Misi\u00f3n de la Iglesia, me parece oportuno referirme a la \u201ccircularidad\u201d vicenciana: de Cristo a los pobres, de los pobres a Cristo. \u201cAmemos al\u2026","rel":"","context":"En \u00abFormaci\u00f3n Vicenciana\u00bb","block_context":{"text":"Formaci\u00f3n Vicenciana","link":"http:\/\/vincentians.com\/es\/category\/formacion-vicenciana\/"},"img":{"alt_text":"","src":"https:\/\/i0.wp.com\/vincentians.com\/es\/wp-content\/uploads\/sites\/11\/2016\/06\/contributions-charism.jpg?fit=1200%2C630&resize=350%2C200","width":350,"height":200,"srcset":"https:\/\/i0.wp.com\/vincentians.com\/es\/wp-content\/uploads\/sites\/11\/2016\/06\/contributions-charism.jpg?fit=1200%2C630&resize=350%2C200 1x, https:\/\/i0.wp.com\/vincentians.com\/es\/wp-content\/uploads\/sites\/11\/2016\/06\/contributions-charism.jpg?fit=1200%2C630&resize=525%2C300 1.5x, https:\/\/i0.wp.com\/vincentians.com\/es\/wp-content\/uploads\/sites\/11\/2016\/06\/contributions-charism.jpg?fit=1200%2C630&resize=700%2C400 2x, https:\/\/i0.wp.com\/vincentians.com\/es\/wp-content\/uploads\/sites\/11\/2016\/06\/contributions-charism.jpg?fit=1200%2C630&resize=1050%2C600 3x"},"classes":[]},{"id":128402,"url":"http:\/\/vincentians.com\/es\/aportes-vicencianos-a-la-nueva-evangelizacion\/","url_meta":{"origin":17271,"position":1},"title":"Aportes vicencianos a la nueva evangelizaci\u00f3n","author":"Francisco Javier Fern\u00e1ndez Chento","date":"15\/06\/2024","format":false,"excerpt":"Introducci\u00f3n Desde hace bastante tiempo, estamos oyendo, en la Congregaci\u00f3n de la Misi\u00f3n y en muchos c\u00edrculos de la Familia Vicenciana, dos cuestiones referentes al \"ser\" y al \"quehacer\" vicencianos. Por un lado, todos estamos plenamente de acuerdo en que el carisma, el \"ser\", la identidad, el sello caracter\u00edstico de\u2026","rel":"","context":"En \u00abFormaci\u00f3n Vicenciana\u00bb","block_context":{"text":"Formaci\u00f3n Vicenciana","link":"http:\/\/vincentians.com\/es\/category\/formacion-vicenciana\/"},"img":{"alt_text":"","src":"https:\/\/i0.wp.com\/vincentians.com\/es\/wp-content\/uploads\/sites\/11\/2016\/09\/enviados-evangelizar-pobres.jpg?fit=1200%2C630&resize=350%2C200","width":350,"height":200,"srcset":"https:\/\/i0.wp.com\/vincentians.com\/es\/wp-content\/uploads\/sites\/11\/2016\/09\/enviados-evangelizar-pobres.jpg?fit=1200%2C630&resize=350%2C200 1x, https:\/\/i0.wp.com\/vincentians.com\/es\/wp-content\/uploads\/sites\/11\/2016\/09\/enviados-evangelizar-pobres.jpg?fit=1200%2C630&resize=525%2C300 1.5x, https:\/\/i0.wp.com\/vincentians.com\/es\/wp-content\/uploads\/sites\/11\/2016\/09\/enviados-evangelizar-pobres.jpg?fit=1200%2C630&resize=700%2C400 2x, https:\/\/i0.wp.com\/vincentians.com\/es\/wp-content\/uploads\/sites\/11\/2016\/09\/enviados-evangelizar-pobres.jpg?fit=1200%2C630&resize=1050%2C600 3x"},"classes":[]},{"id":140029,"url":"http:\/\/vincentians.com\/es\/aportes-vicencianos-a-la-nueva-evangelizacion-2\/","url_meta":{"origin":17271,"position":2},"title":"Aportes vicencianos a la Nueva Evangelizaci\u00f3n","author":"Francisco Javier Fern\u00e1ndez Chento","date":"19\/02\/2015","format":false,"excerpt":"Convocados por el Superior General, P. Gregory G. Gay, los misioneros de la Congregaci\u00f3n de la Misi\u00f3n celebrar\u00e1n su 42\u00aa Asamblea General, del 27 de junio al 15 de julio de 2016. El lema de la Asamblea se centra en la entra\u00f1a evangelizadora de nuestro ser y quehacer: \u201cDej\u00e9monos renovar\u2026","rel":"","context":"En \u00abEspiritualidad vicenciana\u00bb","block_context":{"text":"Espiritualidad vicenciana","link":"http:\/\/vincentians.com\/es\/category\/espiritualidad\/espiritualidad-vicenciana\/"},"img":{"alt_text":"OLYMPUS DIGITAL CAMERA","src":"https:\/\/i0.wp.com\/vicencianos.org\/wp-content\/2015\/02\/nueva-evangelizacion1-300x225.jpg?resize=350%2C200","width":350,"height":200},"classes":[]},{"id":399992,"url":"http:\/\/vincentians.com\/es\/carisma-vicenciano-la-nueva-evangelizacion-algunas-claves-vicencianas-la-evangelizacion-actual\/","url_meta":{"origin":17271,"position":3},"title":"El Carisma Vicenciano y la Nueva Evangelizaci\u00f3n: algunas claves vicencianas para la evangelizaci\u00f3n actual","author":"Francisco Javier Fern\u00e1ndez Chento","date":"16\/09\/2016","format":false,"excerpt":"Punto de partida: Confrontaci\u00f3n entre el Ser y el Quehacer Con frecuencia, en nuestros encuentros, convivencias, reuniones, asambleas... nos planteamos dos cuestiones relativas al ser y al quehacer vicencianos. Partimos de dos percepciones: por un lado, todos estamos de acuerdo en que el carisma, el ser, la identidad, el sello\u2026","rel":"","context":"En \u00abFormaci\u00f3n Vicenciana\u00bb","block_context":{"text":"Formaci\u00f3n Vicenciana","link":"http:\/\/vincentians.com\/es\/category\/formacion-vicenciana\/"},"img":{"alt_text":"","src":"https:\/\/i0.wp.com\/vincentians.com\/es\/wp-content\/uploads\/sites\/11\/2016\/09\/enviados-evangelizar-pobres.jpg?fit=1200%2C630&resize=350%2C200","width":350,"height":200,"srcset":"https:\/\/i0.wp.com\/vincentians.com\/es\/wp-content\/uploads\/sites\/11\/2016\/09\/enviados-evangelizar-pobres.jpg?fit=1200%2C630&resize=350%2C200 1x, https:\/\/i0.wp.com\/vincentians.com\/es\/wp-content\/uploads\/sites\/11\/2016\/09\/enviados-evangelizar-pobres.jpg?fit=1200%2C630&resize=525%2C300 1.5x, https:\/\/i0.wp.com\/vincentians.com\/es\/wp-content\/uploads\/sites\/11\/2016\/09\/enviados-evangelizar-pobres.jpg?fit=1200%2C630&resize=700%2C400 2x, https:\/\/i0.wp.com\/vincentians.com\/es\/wp-content\/uploads\/sites\/11\/2016\/09\/enviados-evangelizar-pobres.jpg?fit=1200%2C630&resize=1050%2C600 3x"},"classes":[]},{"id":398640,"url":"http:\/\/vincentians.com\/es\/aportacion-del-carisma-vicenciano-la-mision-la-iglesia-5\/","url_meta":{"origin":17271,"position":4},"title":"Aportaci\u00f3n del carisma vicenciano a la Misi\u00f3n de la Iglesia (5)","author":"Francisco Javier Fern\u00e1ndez Chento","date":"08\/08\/2016","format":false,"excerpt":"5.- El mundo, tal como Dios lo ve y quiere, \u00e1mbito de la Misi\u00f3n de la Iglesia. Para describir la visi\u00f3n vicenciana del mundo y de la historia,\u00a0 el P. Morin ha utilizado el s\u00edmil de la mirada, describiendo la trayectoria espiritual de Vicente de Pa\u00fal como la historia de\u2026","rel":"","context":"En \u00abFormaci\u00f3n Vicenciana\u00bb","block_context":{"text":"Formaci\u00f3n Vicenciana","link":"http:\/\/vincentians.com\/es\/category\/formacion-vicenciana\/"},"img":{"alt_text":"","src":"https:\/\/i0.wp.com\/vincentians.com\/es\/wp-content\/uploads\/sites\/11\/2016\/06\/contributions-charism.jpg?fit=1200%2C630&resize=350%2C200","width":350,"height":200,"srcset":"https:\/\/i0.wp.com\/vincentians.com\/es\/wp-content\/uploads\/sites\/11\/2016\/06\/contributions-charism.jpg?fit=1200%2C630&resize=350%2C200 1x, https:\/\/i0.wp.com\/vincentians.com\/es\/wp-content\/uploads\/sites\/11\/2016\/06\/contributions-charism.jpg?fit=1200%2C630&resize=525%2C300 1.5x, https:\/\/i0.wp.com\/vincentians.com\/es\/wp-content\/uploads\/sites\/11\/2016\/06\/contributions-charism.jpg?fit=1200%2C630&resize=700%2C400 2x, https:\/\/i0.wp.com\/vincentians.com\/es\/wp-content\/uploads\/sites\/11\/2016\/06\/contributions-charism.jpg?fit=1200%2C630&resize=1050%2C600 3x"},"classes":[]},{"id":113192,"url":"http:\/\/vincentians.com\/es\/venid-y-ved-que-bueno-es-estar-juntos-como-familia-vicenciana\/","url_meta":{"origin":17271,"position":5},"title":"Venid y Ved: \u00a1qu\u00e9 bueno es estar juntos como Familia Vicenciana!","author":"Francisco Javier Fern\u00e1ndez Chento","date":"18\/10\/2012","format":false,"excerpt":"I - Analicemos nuestra realidad. \u00a1Bendita es la Iglesia que cree en los j\u00f3venes! Es con esta convicci\u00f3n que iniciamos nuestra preparaci\u00f3n para el Encuentro Internacional de la Juventud Vicenciana. No queremos empezar mirando solamente a los desaf\u00edos y dificultades que la juventud, especialmente aquella que sigue a Cristo, enfrenta\u2026","rel":"","context":"En \u00abFormaci\u00f3n Vicenciana\u00bb","block_context":{"text":"Formaci\u00f3n Vicenciana","link":"http:\/\/vincentians.com\/es\/category\/formacion-vicenciana\/"},"img":{"alt_text":"","src":"https:\/\/i0.wp.com\/vicencianos.org\/wp-content\/2012\/10\/jmj1-300x224.jpg?resize=350%2C200","width":350,"height":200},"classes":[]}],"_links":{"self":[{"href":"http:\/\/vincentians.com\/es\/wp-json\/wp\/v2\/posts\/17271","targetHints":{"allow":["GET"]}}],"collection":[{"href":"http:\/\/vincentians.com\/es\/wp-json\/wp\/v2\/posts"}],"about":[{"href":"http:\/\/vincentians.com\/es\/wp-json\/wp\/v2\/types\/post"}],"author":[{"embeddable":true,"href":"http:\/\/vincentians.com\/es\/wp-json\/wp\/v2\/users\/4"}],"replies":[{"embeddable":true,"href":"http:\/\/vincentians.com\/es\/wp-json\/wp\/v2\/comments?post=17271"}],"version-history":[{"count":1,"href":"http:\/\/vincentians.com\/es\/wp-json\/wp\/v2\/posts\/17271\/revisions"}],"predecessor-version":[{"id":402035,"href":"http:\/\/vincentians.com\/es\/wp-json\/wp\/v2\/posts\/17271\/revisions\/402035"}],"wp:featuredmedia":[{"embeddable":true,"href":"http:\/\/vincentians.com\/es\/wp-json\/wp\/v2\/media\/400011"}],"wp:attachment":[{"href":"http:\/\/vincentians.com\/es\/wp-json\/wp\/v2\/media?parent=17271"}],"wp:term":[{"taxonomy":"category","embeddable":true,"href":"http:\/\/vincentians.com\/es\/wp-json\/wp\/v2\/categories?post=17271"},{"taxonomy":"post_tag","embeddable":true,"href":"http:\/\/vincentians.com\/es\/wp-json\/wp\/v2\/tags?post=17271"}],"curies":[{"name":"wp","href":"https:\/\/api.w.org\/{rel}","templated":true}]}}