{"id":17083,"date":"2010-04-23T00:01:31","date_gmt":"2010-04-22T22:01:31","guid":{"rendered":"http:\/\/somos.vicencianos.org\/escritosdenuestrossantosybeatos\/2010\/04\/23\/pier-giorgio-frassati-15-carta-a-antonio-severi\/"},"modified":"2010-04-23T00:01:31","modified_gmt":"2010-04-22T22:01:31","slug":"pier-giorgio-frassati-15-carta-a-antonio-severi","status":"publish","type":"post","link":"http:\/\/vincentians.com\/es\/pier-giorgio-frassati-15-carta-a-antonio-severi\/","title":{"rendered":"Pier Giorgio Frassati: 15 Carta a Antonio Severi"},"content":{"rendered":"<p><strong>2 de Agosto de 1923<\/strong><\/p>\n<p>\u00abMucho entusiasmo reinaba en los pechos de esos bravos j\u00f3venes    y mas de mil hermanos y hermanas se hab\u00edan acercado aqu\u00ed a Pollone    para hacer honor a la nueva bandera. Creo que en Pollone no se hab\u00eda    visto un entusiasmo as\u00ed en muchos a\u00f1os: ahora los dos c\u00edrculos    est\u00e1n bastante florecientes. Queda mucho por hacer y un arduo trabajo    para poder hacer florecer, junto a estos dos c\u00edrculos, las  organizaciones    hermanas de los hombres y las mujeres cat\u00f3licas; pero no debemos  asustarnos    y tener siempre confianza en la voluntad de Dios, que nos dar\u00e1 la  ayuda    necesaria para poder continuar con estas dos importantes ramas de la  Acci\u00f3n    Cat\u00f3lica.<br \/>\nHe desfilado en el cortejo con tu gorro, que ha sido admirad\u00edsimo y  hemos    sacado tambi\u00e9n la fotograf\u00eda de la bandera junto con la madrina    y el padrino, que apenas la tenga te mandar\u00e9\u00bb.<\/p>\n","protected":false},"excerpt":{"rendered":"<p>2 de Agosto de 1923 \u00abMucho entusiasmo reinaba en los pechos de esos bravos j\u00f3venes y mas de mil hermanos y hermanas se hab\u00edan acercado aqu\u00ed a Pollone para hacer honor a la nueva bandera. &#8230; <a href=\"http:\/\/vincentians.com\/es\/pier-giorgio-frassati-15-carta-a-antonio-severi\/\" class=\"more-link\">Read More<\/a><\/p>\n","protected":false},"author":4,"featured_media":393747,"comment_status":"open","ping_status":"open","sticky":false,"template":"","format":"standard","meta":{"jetpack_post_was_ever_published":false,"_jetpack_newsletter_access":"","_jetpack_dont_email_post_to_subs":false,"_jetpack_newsletter_tier_id":0,"_jetpack_memberships_contains_paywalled_content":false,"_jetpack_memberships_contains_paid_content":false,"footnotes":"","jetpack_publicize_message":"","jetpack_publicize_feature_enabled":true,"jetpack_social_post_already_shared":true,"jetpack_social_options":{"image_generator_settings":{"template":"highway","default_image_id":0,"font":"","enabled":false},"version":2}},"categories":[213],"tags":[],"class_list":["post-17083","post","type-post","status-publish","format-standard","has-post-thumbnail","hentry","category-escritos-de-pier-giorgio-frassati"],"yoast_head":"<!-- This site is optimized with the Yoast SEO plugin v26.3 - https:\/\/yoast.com\/wordpress\/plugins\/seo\/ -->\n<title>Pier Giorgio Frassati: 15 Carta a Antonio Severi - Somos Vicencianos<\/title>\n<meta name=\"robots\" content=\"index, follow, max-snippet:-1, max-image-preview:large, max-video-preview:-1\" \/>\n<link rel=\"canonical\" href=\"http:\/\/vincentians.com\/es\/pier-giorgio-frassati-15-carta-a-antonio-severi\/\" \/>\n<meta property=\"og:locale\" content=\"es_ES\" \/>\n<meta property=\"og:type\" content=\"article\" \/>\n<meta property=\"og:title\" content=\"Pier Giorgio Frassati: 15 Carta a Antonio Severi - Somos Vicencianos\" \/>\n<meta property=\"og:description\" content=\"2 de Agosto de 1923 \u00abMucho entusiasmo reinaba en los pechos de esos bravos j\u00f3venes y mas de mil hermanos y hermanas se hab\u00edan acercado aqu\u00ed a Pollone para hacer honor a la nueva bandera. ... Read More\" \/>\n<meta property=\"og:url\" content=\"http:\/\/vincentians.com\/es\/pier-giorgio-frassati-15-carta-a-antonio-severi\/\" \/>\n<meta property=\"og:site_name\" content=\"Somos Vicencianos\" \/>\n<meta property=\"article:publisher\" content=\"https:\/\/www.facebook.com\/WeAreVincentians\/\" \/>\n<meta property=\"article:author\" content=\"https:\/\/www.facebook.com\/JavierChento\" \/>\n<meta property=\"article:published_time\" content=\"2010-04-22T22:01:31+00:00\" \/>\n<meta property=\"og:image\" content=\"https:\/\/i0.wp.com\/vincentians.com\/es\/wp-content\/uploads\/sites\/11\/2016\/07\/escritos-frassati.jpg?fit=1200%2C630\" \/>\n\t<meta property=\"og:image:width\" content=\"1200\" \/>\n\t<meta property=\"og:image:height\" content=\"630\" \/>\n\t<meta property=\"og:image:type\" content=\"image\/jpeg\" \/>\n<meta name=\"author\" content=\"Francisco Javier Fern\u00e1ndez Chento\" \/>\n<meta name=\"twitter:card\" content=\"summary_large_image\" \/>\n<meta name=\"twitter:creator\" content=\"@https:\/\/twitter.com\/javierchento\" \/>\n<meta name=\"twitter:site\" content=\"@WeVincentians\" \/>\n<meta name=\"twitter:label1\" content=\"Escrito por\" \/>\n\t<meta name=\"twitter:data1\" content=\"Francisco Javier Fern\u00e1ndez Chento\" \/>\n\t<meta name=\"twitter:label2\" content=\"Tiempo de lectura\" \/>\n\t<meta name=\"twitter:data2\" content=\"1 minuto\" \/>\n<script type=\"application\/ld+json\" class=\"yoast-schema-graph\">{\"@context\":\"https:\/\/schema.org\",\"@graph\":[{\"@type\":\"Article\",\"@id\":\"http:\/\/vincentians.com\/es\/pier-giorgio-frassati-15-carta-a-antonio-severi\/#article\",\"isPartOf\":{\"@id\":\"http:\/\/vincentians.com\/es\/pier-giorgio-frassati-15-carta-a-antonio-severi\/\"},\"author\":{\"name\":\"Francisco Javier Fern\u00e1ndez Chento\",\"@id\":\"http:\/\/vincentians.com\/es\/#\/schema\/person\/9623ef4d9aa3b2dfb8c061f1499288f2\"},\"headline\":\"Pier Giorgio Frassati: 15 Carta a Antonio Severi\",\"datePublished\":\"2010-04-22T22:01:31+00:00\",\"mainEntityOfPage\":{\"@id\":\"http:\/\/vincentians.com\/es\/pier-giorgio-frassati-15-carta-a-antonio-severi\/\"},\"wordCount\":166,\"commentCount\":0,\"publisher\":{\"@id\":\"http:\/\/vincentians.com\/es\/#organization\"},\"image\":{\"@id\":\"http:\/\/vincentians.com\/es\/pier-giorgio-frassati-15-carta-a-antonio-severi\/#primaryimage\"},\"thumbnailUrl\":\"https:\/\/i0.wp.com\/vincentians.com\/es\/wp-content\/uploads\/sites\/11\/2016\/07\/escritos-frassati.jpg?fit=1200%2C630\",\"articleSection\":[\"Escritos de Pier Giorgio Frassati\"],\"inLanguage\":\"es\",\"potentialAction\":[{\"@type\":\"CommentAction\",\"name\":\"Comment\",\"target\":[\"http:\/\/vincentians.com\/es\/pier-giorgio-frassati-15-carta-a-antonio-severi\/#respond\"]}]},{\"@type\":\"WebPage\",\"@id\":\"http:\/\/vincentians.com\/es\/pier-giorgio-frassati-15-carta-a-antonio-severi\/\",\"url\":\"http:\/\/vincentians.com\/es\/pier-giorgio-frassati-15-carta-a-antonio-severi\/\",\"name\":\"Pier Giorgio Frassati: 15 Carta a Antonio Severi - Somos Vicencianos\",\"isPartOf\":{\"@id\":\"http:\/\/vincentians.com\/es\/#website\"},\"primaryImageOfPage\":{\"@id\":\"http:\/\/vincentians.com\/es\/pier-giorgio-frassati-15-carta-a-antonio-severi\/#primaryimage\"},\"image\":{\"@id\":\"http:\/\/vincentians.com\/es\/pier-giorgio-frassati-15-carta-a-antonio-severi\/#primaryimage\"},\"thumbnailUrl\":\"https:\/\/i0.wp.com\/vincentians.com\/es\/wp-content\/uploads\/sites\/11\/2016\/07\/escritos-frassati.jpg?fit=1200%2C630\",\"datePublished\":\"2010-04-22T22:01:31+00:00\",\"breadcrumb\":{\"@id\":\"http:\/\/vincentians.com\/es\/pier-giorgio-frassati-15-carta-a-antonio-severi\/#breadcrumb\"},\"inLanguage\":\"es\",\"potentialAction\":[{\"@type\":\"ReadAction\",\"target\":[\"http:\/\/vincentians.com\/es\/pier-giorgio-frassati-15-carta-a-antonio-severi\/\"]}]},{\"@type\":\"ImageObject\",\"inLanguage\":\"es\",\"@id\":\"http:\/\/vincentians.com\/es\/pier-giorgio-frassati-15-carta-a-antonio-severi\/#primaryimage\",\"url\":\"https:\/\/i0.wp.com\/vincentians.com\/es\/wp-content\/uploads\/sites\/11\/2016\/07\/escritos-frassati.jpg?fit=1200%2C630\",\"contentUrl\":\"https:\/\/i0.wp.com\/vincentians.com\/es\/wp-content\/uploads\/sites\/11\/2016\/07\/escritos-frassati.jpg?fit=1200%2C630\",\"width\":1200,\"height\":630},{\"@type\":\"BreadcrumbList\",\"@id\":\"http:\/\/vincentians.com\/es\/pier-giorgio-frassati-15-carta-a-antonio-severi\/#breadcrumb\",\"itemListElement\":[{\"@type\":\"ListItem\",\"position\":1,\"name\":\"Portada\",\"item\":\"http:\/\/vincentians.com\/es\/\"},{\"@type\":\"ListItem\",\"position\":2,\"name\":\"Pier Giorgio Frassati: 15 Carta a Antonio Severi\"}]},{\"@type\":\"WebSite\",\"@id\":\"http:\/\/vincentians.com\/es\/#website\",\"url\":\"http:\/\/vincentians.com\/es\/\",\"name\":\"Somos Vicencianos\",\"description\":\"Know more to serve more\",\"publisher\":{\"@id\":\"http:\/\/vincentians.com\/es\/#organization\"},\"potentialAction\":[{\"@type\":\"SearchAction\",\"target\":{\"@type\":\"EntryPoint\",\"urlTemplate\":\"http:\/\/vincentians.com\/es\/?s={search_term_string}\"},\"query-input\":{\"@type\":\"PropertyValueSpecification\",\"valueRequired\":true,\"valueName\":\"search_term_string\"}}],\"inLanguage\":\"es\"},{\"@type\":\"Organization\",\"@id\":\"http:\/\/vincentians.com\/es\/#organization\",\"name\":\"The Vincentian Network\",\"url\":\"http:\/\/vincentians.com\/es\/\",\"logo\":{\"@type\":\"ImageObject\",\"inLanguage\":\"es\",\"@id\":\"http:\/\/vincentians.com\/es\/#\/schema\/logo\/image\/\",\"url\":\"https:\/\/i1.wp.com\/vincentians.com\/es\/wp-content\/uploads\/sites\/11\/2016\/06\/Vincentian-Network-logo-big.png?fit=778%2C778\",\"contentUrl\":\"https:\/\/i1.wp.com\/vincentians.com\/es\/wp-content\/uploads\/sites\/11\/2016\/06\/Vincentian-Network-logo-big.png?fit=778%2C778\",\"width\":778,\"height\":778,\"caption\":\"The Vincentian Network\"},\"image\":{\"@id\":\"http:\/\/vincentians.com\/es\/#\/schema\/logo\/image\/\"},\"sameAs\":[\"https:\/\/www.facebook.com\/WeAreVincentians\/\",\"https:\/\/x.com\/WeVincentians\"]},{\"@type\":\"Person\",\"@id\":\"http:\/\/vincentians.com\/es\/#\/schema\/person\/9623ef4d9aa3b2dfb8c061f1499288f2\",\"name\":\"Francisco Javier Fern\u00e1ndez Chento\",\"image\":{\"@type\":\"ImageObject\",\"inLanguage\":\"es\",\"@id\":\"http:\/\/vincentians.com\/es\/#\/schema\/person\/image\/\",\"url\":\"https:\/\/secure.gravatar.com\/avatar\/497d5cde87b4c3d097d0315953521681ba2cd523ee66e5077c3711f7021e65de?s=96&d=mm&r=g\",\"contentUrl\":\"https:\/\/secure.gravatar.com\/avatar\/497d5cde87b4c3d097d0315953521681ba2cd523ee66e5077c3711f7021e65de?s=96&d=mm&r=g\",\"caption\":\"Francisco Javier Fern\u00e1ndez Chento\"},\"description\":\"Director General y cofundador de La Red de Formaci\u00f3n Vicenciana. Javier es laico vicenciano, afiliado a la Congregaci\u00f3n de la Misi\u00f3n y miembro del Equipo de Misiones Populares de la provincia can\u00f3nica de Zaragoza (Espa\u00f1a) de la Congregaci\u00f3n de la Misi\u00f3n. Graduado en la Universidad Oberta de Catalunya con cuatro grados (Asistente de direcci\u00f3n, Gesti\u00f3n Administrativa, Recursos Humanos y Contabilidad Avanzada). Bil\u00edng\u00fce Espa\u00f1ol\/Ingl\u00e9s. gestiona y mantiene varias p\u00e1ginas web cristianas y vicencianas, incluida including La Red de Formaci\u00f3n Vicenciana, de la que es cofundador. Actualmente es responsable del \u00e1rea de Espa\u00f1ol de .famvin, la Red de Noticias de la Familia Vicenciana. Tambi\u00e9n es m\u00fasico cat\u00f3lico y ha editado varios discos. Es Director General y cofundador de Trovador, una reconocida compa\u00f1\u00eda discogr\u00e1fica critiana de Espa\u00f1a. Trabaja en las Tecnolog\u00edas de la Informaci\u00f3n, ofreciendo servicios de alojamiento, dise\u00f1o y mantenimiento Web, as\u00ed como asesoramiento, formaci\u00f3n y soluciones inform\u00e1ticas, gesti\u00f3n documental y digitalizaci\u00f3n de textos, edici\u00f3n y maquetaci\u00f3n de libros, revistas, flyers, etc.\",\"sameAs\":[\"http:\/\/chento.org\",\"https:\/\/www.facebook.com\/JavierChento\",\"https:\/\/x.com\/https:\/\/twitter.com\/javierchento\"],\"url\":\"http:\/\/vincentians.com\/es\/author\/chento\/\"}]}<\/script>\n<!-- \/ Yoast SEO plugin. -->","yoast_head_json":{"title":"Pier Giorgio Frassati: 15 Carta a Antonio Severi - Somos Vicencianos","robots":{"index":"index","follow":"follow","max-snippet":"max-snippet:-1","max-image-preview":"max-image-preview:large","max-video-preview":"max-video-preview:-1"},"canonical":"http:\/\/vincentians.com\/es\/pier-giorgio-frassati-15-carta-a-antonio-severi\/","og_locale":"es_ES","og_type":"article","og_title":"Pier Giorgio Frassati: 15 Carta a Antonio Severi - Somos Vicencianos","og_description":"2 de Agosto de 1923 \u00abMucho entusiasmo reinaba en los pechos de esos bravos j\u00f3venes y mas de mil hermanos y hermanas se hab\u00edan acercado aqu\u00ed a Pollone para hacer honor a la nueva bandera. ... Read More","og_url":"http:\/\/vincentians.com\/es\/pier-giorgio-frassati-15-carta-a-antonio-severi\/","og_site_name":"Somos Vicencianos","article_publisher":"https:\/\/www.facebook.com\/WeAreVincentians\/","article_author":"https:\/\/www.facebook.com\/JavierChento","article_published_time":"2010-04-22T22:01:31+00:00","og_image":[{"width":1200,"height":630,"url":"https:\/\/i0.wp.com\/vincentians.com\/es\/wp-content\/uploads\/sites\/11\/2016\/07\/escritos-frassati.jpg?fit=1200%2C630","type":"image\/jpeg"}],"author":"Francisco Javier Fern\u00e1ndez Chento","twitter_card":"summary_large_image","twitter_creator":"@https:\/\/twitter.com\/javierchento","twitter_site":"@WeVincentians","twitter_misc":{"Escrito por":"Francisco Javier Fern\u00e1ndez Chento","Tiempo de lectura":"1 minuto"},"schema":{"@context":"https:\/\/schema.org","@graph":[{"@type":"Article","@id":"http:\/\/vincentians.com\/es\/pier-giorgio-frassati-15-carta-a-antonio-severi\/#article","isPartOf":{"@id":"http:\/\/vincentians.com\/es\/pier-giorgio-frassati-15-carta-a-antonio-severi\/"},"author":{"name":"Francisco Javier Fern\u00e1ndez Chento","@id":"http:\/\/vincentians.com\/es\/#\/schema\/person\/9623ef4d9aa3b2dfb8c061f1499288f2"},"headline":"Pier Giorgio Frassati: 15 Carta a Antonio Severi","datePublished":"2010-04-22T22:01:31+00:00","mainEntityOfPage":{"@id":"http:\/\/vincentians.com\/es\/pier-giorgio-frassati-15-carta-a-antonio-severi\/"},"wordCount":166,"commentCount":0,"publisher":{"@id":"http:\/\/vincentians.com\/es\/#organization"},"image":{"@id":"http:\/\/vincentians.com\/es\/pier-giorgio-frassati-15-carta-a-antonio-severi\/#primaryimage"},"thumbnailUrl":"https:\/\/i0.wp.com\/vincentians.com\/es\/wp-content\/uploads\/sites\/11\/2016\/07\/escritos-frassati.jpg?fit=1200%2C630","articleSection":["Escritos de Pier Giorgio Frassati"],"inLanguage":"es","potentialAction":[{"@type":"CommentAction","name":"Comment","target":["http:\/\/vincentians.com\/es\/pier-giorgio-frassati-15-carta-a-antonio-severi\/#respond"]}]},{"@type":"WebPage","@id":"http:\/\/vincentians.com\/es\/pier-giorgio-frassati-15-carta-a-antonio-severi\/","url":"http:\/\/vincentians.com\/es\/pier-giorgio-frassati-15-carta-a-antonio-severi\/","name":"Pier Giorgio Frassati: 15 Carta a Antonio Severi - Somos Vicencianos","isPartOf":{"@id":"http:\/\/vincentians.com\/es\/#website"},"primaryImageOfPage":{"@id":"http:\/\/vincentians.com\/es\/pier-giorgio-frassati-15-carta-a-antonio-severi\/#primaryimage"},"image":{"@id":"http:\/\/vincentians.com\/es\/pier-giorgio-frassati-15-carta-a-antonio-severi\/#primaryimage"},"thumbnailUrl":"https:\/\/i0.wp.com\/vincentians.com\/es\/wp-content\/uploads\/sites\/11\/2016\/07\/escritos-frassati.jpg?fit=1200%2C630","datePublished":"2010-04-22T22:01:31+00:00","breadcrumb":{"@id":"http:\/\/vincentians.com\/es\/pier-giorgio-frassati-15-carta-a-antonio-severi\/#breadcrumb"},"inLanguage":"es","potentialAction":[{"@type":"ReadAction","target":["http:\/\/vincentians.com\/es\/pier-giorgio-frassati-15-carta-a-antonio-severi\/"]}]},{"@type":"ImageObject","inLanguage":"es","@id":"http:\/\/vincentians.com\/es\/pier-giorgio-frassati-15-carta-a-antonio-severi\/#primaryimage","url":"https:\/\/i0.wp.com\/vincentians.com\/es\/wp-content\/uploads\/sites\/11\/2016\/07\/escritos-frassati.jpg?fit=1200%2C630","contentUrl":"https:\/\/i0.wp.com\/vincentians.com\/es\/wp-content\/uploads\/sites\/11\/2016\/07\/escritos-frassati.jpg?fit=1200%2C630","width":1200,"height":630},{"@type":"BreadcrumbList","@id":"http:\/\/vincentians.com\/es\/pier-giorgio-frassati-15-carta-a-antonio-severi\/#breadcrumb","itemListElement":[{"@type":"ListItem","position":1,"name":"Portada","item":"http:\/\/vincentians.com\/es\/"},{"@type":"ListItem","position":2,"name":"Pier Giorgio Frassati: 15 Carta a Antonio Severi"}]},{"@type":"WebSite","@id":"http:\/\/vincentians.com\/es\/#website","url":"http:\/\/vincentians.com\/es\/","name":"Somos Vicencianos","description":"Know more to serve more","publisher":{"@id":"http:\/\/vincentians.com\/es\/#organization"},"potentialAction":[{"@type":"SearchAction","target":{"@type":"EntryPoint","urlTemplate":"http:\/\/vincentians.com\/es\/?s={search_term_string}"},"query-input":{"@type":"PropertyValueSpecification","valueRequired":true,"valueName":"search_term_string"}}],"inLanguage":"es"},{"@type":"Organization","@id":"http:\/\/vincentians.com\/es\/#organization","name":"The Vincentian Network","url":"http:\/\/vincentians.com\/es\/","logo":{"@type":"ImageObject","inLanguage":"es","@id":"http:\/\/vincentians.com\/es\/#\/schema\/logo\/image\/","url":"https:\/\/i1.wp.com\/vincentians.com\/es\/wp-content\/uploads\/sites\/11\/2016\/06\/Vincentian-Network-logo-big.png?fit=778%2C778","contentUrl":"https:\/\/i1.wp.com\/vincentians.com\/es\/wp-content\/uploads\/sites\/11\/2016\/06\/Vincentian-Network-logo-big.png?fit=778%2C778","width":778,"height":778,"caption":"The Vincentian Network"},"image":{"@id":"http:\/\/vincentians.com\/es\/#\/schema\/logo\/image\/"},"sameAs":["https:\/\/www.facebook.com\/WeAreVincentians\/","https:\/\/x.com\/WeVincentians"]},{"@type":"Person","@id":"http:\/\/vincentians.com\/es\/#\/schema\/person\/9623ef4d9aa3b2dfb8c061f1499288f2","name":"Francisco Javier Fern\u00e1ndez Chento","image":{"@type":"ImageObject","inLanguage":"es","@id":"http:\/\/vincentians.com\/es\/#\/schema\/person\/image\/","url":"https:\/\/secure.gravatar.com\/avatar\/497d5cde87b4c3d097d0315953521681ba2cd523ee66e5077c3711f7021e65de?s=96&d=mm&r=g","contentUrl":"https:\/\/secure.gravatar.com\/avatar\/497d5cde87b4c3d097d0315953521681ba2cd523ee66e5077c3711f7021e65de?s=96&d=mm&r=g","caption":"Francisco Javier Fern\u00e1ndez Chento"},"description":"Director General y cofundador de La Red de Formaci\u00f3n Vicenciana. Javier es laico vicenciano, afiliado a la Congregaci\u00f3n de la Misi\u00f3n y miembro del Equipo de Misiones Populares de la provincia can\u00f3nica de Zaragoza (Espa\u00f1a) de la Congregaci\u00f3n de la Misi\u00f3n. Graduado en la Universidad Oberta de Catalunya con cuatro grados (Asistente de direcci\u00f3n, Gesti\u00f3n Administrativa, Recursos Humanos y Contabilidad Avanzada). Bil\u00edng\u00fce Espa\u00f1ol\/Ingl\u00e9s. gestiona y mantiene varias p\u00e1ginas web cristianas y vicencianas, incluida including La Red de Formaci\u00f3n Vicenciana, de la que es cofundador. Actualmente es responsable del \u00e1rea de Espa\u00f1ol de .famvin, la Red de Noticias de la Familia Vicenciana. Tambi\u00e9n es m\u00fasico cat\u00f3lico y ha editado varios discos. Es Director General y cofundador de Trovador, una reconocida compa\u00f1\u00eda discogr\u00e1fica critiana de Espa\u00f1a. Trabaja en las Tecnolog\u00edas de la Informaci\u00f3n, ofreciendo servicios de alojamiento, dise\u00f1o y mantenimiento Web, as\u00ed como asesoramiento, formaci\u00f3n y soluciones inform\u00e1ticas, gesti\u00f3n documental y digitalizaci\u00f3n de textos, edici\u00f3n y maquetaci\u00f3n de libros, revistas, flyers, etc.","sameAs":["http:\/\/chento.org","https:\/\/www.facebook.com\/JavierChento","https:\/\/x.com\/https:\/\/twitter.com\/javierchento"],"url":"http:\/\/vincentians.com\/es\/author\/chento\/"}]}},"jetpack_publicize_connections":[],"jetpack_featured_media_url":"https:\/\/i0.wp.com\/vincentians.com\/es\/wp-content\/uploads\/sites\/11\/2016\/07\/escritos-frassati.jpg?fit=1200%2C630","jetpack_sharing_enabled":true,"jetpack_shortlink":"https:\/\/wp.me\/p7ETMF-4rx","jetpack-related-posts":[{"id":17055,"url":"http:\/\/vincentians.com\/es\/pier-giorgio-frassati-04-carta-a-la-madre\/","url_meta":{"origin":17083,"position":0},"title":"Pier Giorgio Frassati: 04 Carta a la madre","author":"Francisco Javier Fern\u00e1ndez Chento","date":"11\/04\/2010","format":false,"excerpt":"19 de julio de 1922 Querida mam\u00e1: Me lament\u00e9, o m\u00e1s bien me dio mucha pena que pienses cosas que no son ciertas. Los consejos de la madre son siempre los m\u00e1s sabios y son siempre buenos, incluso cuando uno ya es viejo. Este a\u00f1o has estado muy lejos de\u2026","rel":"","context":"En \u00abEscritos de Pier Giorgio Frassati\u00bb","block_context":{"text":"Escritos de Pier Giorgio Frassati","link":"http:\/\/vincentians.com\/es\/category\/escritos\/escritos-de-pier-giorgio-frassati\/"},"img":{"alt_text":"","src":"https:\/\/i0.wp.com\/vincentians.com\/es\/wp-content\/uploads\/sites\/11\/2016\/07\/escritos-frassati.jpg?fit=1200%2C630&resize=350%2C200","width":350,"height":200,"srcset":"https:\/\/i0.wp.com\/vincentians.com\/es\/wp-content\/uploads\/sites\/11\/2016\/07\/escritos-frassati.jpg?fit=1200%2C630&resize=350%2C200 1x, https:\/\/i0.wp.com\/vincentians.com\/es\/wp-content\/uploads\/sites\/11\/2016\/07\/escritos-frassati.jpg?fit=1200%2C630&resize=525%2C300 1.5x, https:\/\/i0.wp.com\/vincentians.com\/es\/wp-content\/uploads\/sites\/11\/2016\/07\/escritos-frassati.jpg?fit=1200%2C630&resize=700%2C400 2x, https:\/\/i0.wp.com\/vincentians.com\/es\/wp-content\/uploads\/sites\/11\/2016\/07\/escritos-frassati.jpg?fit=1200%2C630&resize=1050%2C600 3x"},"classes":[]},{"id":17040,"url":"http:\/\/vincentians.com\/es\/pier-giorgio-frassati-el-hombre-de-las-bienaventuranzas\/","url_meta":{"origin":17083,"position":1},"title":"Pier Giorgio Frassati, el hombre de las Bienaventuranzas","author":"Francisco Javier Fern\u00e1ndez Chento","date":"04\/07\/2011","format":false,"excerpt":"Pier Giorgio Frassati puede ser considerado como patrono y gu\u00eda espiritual de la juventud acad\u00e9mica, de los j\u00f3venes universitarios de nuestro tiempo. \u00a1Totalmente inmerso en el misterio de Dios y totalmente dedicado al constante servicio del pr\u00f3jimo, as\u00ed podemos resumir su vida terrena! (Juan Pablo II) Cronolog\u00eda 1901: nace el\u2026","rel":"","context":"En \u00abPier Giorgio Frassati\u00bb","block_context":{"text":"Pier Giorgio Frassati","link":"http:\/\/vincentians.com\/es\/category\/la-familia-vicenciana\/la-familia-vicenciana-en-los-altares\/beatos\/pier-giorgio-frassati\/"},"img":{"alt_text":"","src":"https:\/\/i0.wp.com\/vicencianos.org\/wp-content\/2011\/07\/pm_frassati-207x300.jpg?resize=350%2C200","width":350,"height":200},"classes":[]},{"id":17136,"url":"http:\/\/vincentians.com\/es\/beato-pier-giorgio-frassati-3\/","url_meta":{"origin":17083,"position":2},"title":"Beato Pier Giorgio Frassati","author":"Francisco Javier Fern\u00e1ndez Chento","date":"04\/07\/2015","format":false,"excerpt":"Todo se precipit\u00f3 con rapidez. Fue cosa de semanas. Estaba ya por hacer su examen profesional para obtener el doctorado en Ingenier\u00eda, cuando contrajo una poliomielitis fulminante. Luego de seis d\u00edas de sufrimientos terribles, falleci\u00f3 el 4 de julio de 1925. Su ciudad natal \u2014Tur\u00edn\u2014 presenci\u00f3 el funeral y miles\u2026","rel":"","context":"En \u00abPier Giorgio Frassati\u00bb","block_context":{"text":"Pier Giorgio Frassati","link":"http:\/\/vincentians.com\/es\/category\/la-familia-vicenciana\/la-familia-vicenciana-en-los-altares\/beatos\/pier-giorgio-frassati\/"},"img":{"alt_text":"","src":"https:\/\/i0.wp.com\/vicencianos.org\/vicencianos\/files\/2010\/04\/frassati-con-amigos.jpg?resize=350%2C200","width":350,"height":200},"classes":[]},{"id":17091,"url":"http:\/\/vincentians.com\/es\/entrevista-imaginaria-a-pier-giorgio\/","url_meta":{"origin":17083,"position":3},"title":"Entrevista (imaginaria) a Pier Giorgio","author":"Francisco Javier Fern\u00e1ndez Chento","date":"04\/07\/2011","format":false,"excerpt":"Verano 1921. En un domingo agradable de septiembre, fuimos al encuentro de uno de los protagonistas de la cr\u00f3nica de estos d\u00edas. De vuelta de Roma, donde ha participado del Congreso de la Juventud Cat\u00f3lica, disfruta con su familia algunos d\u00edas de descanso, antes de emprender viaja a Alemania para\u2026","rel":"","context":"En \u00abPier Giorgio Frassati\u00bb","block_context":{"text":"Pier Giorgio Frassati","link":"http:\/\/vincentians.com\/es\/category\/la-familia-vicenciana\/la-familia-vicenciana-en-los-altares\/beatos\/pier-giorgio-frassati\/"},"img":{"alt_text":"","src":"https:\/\/i0.wp.com\/vicencianos.org\/wp-content\/2011\/07\/frassati_002-229x300.jpg?resize=350%2C200","width":350,"height":200},"classes":[]},{"id":17082,"url":"http:\/\/vincentians.com\/es\/pier-giorgio-frassati-14-carta-a-guardia-riva-presidente-del-circulo-cesare-balbo-despues-de-la-visita-de-b-mussolini-a-turin\/","url_meta":{"origin":17083,"position":4},"title":"Pier Giorgio Frassati: 14 Carta a Guardia Riva, presidente del C\u00edrculo \u00abCesare Balbo\u00bb, despu\u00e9s de la visita de B. Mussolini a Tur\u00edn","author":"Francisco Javier Fern\u00e1ndez Chento","date":"22\/04\/2010","format":false,"excerpt":"24 de octubre de 1923 \"Estoy verdaderamente indignado porque la Bandera que tantas veces, aunque indigno, he llevado en los cortejos religiosos la has expuesto en el balc\u00f3n como homenaje a aquel que destruye las Obras p\u00edas, que no reprime a los fascistas y deja asesinar a Ministros de Dios,\u2026","rel":"","context":"En \u00abEscritos de Pier Giorgio Frassati\u00bb","block_context":{"text":"Escritos de Pier Giorgio Frassati","link":"http:\/\/vincentians.com\/es\/category\/escritos\/escritos-de-pier-giorgio-frassati\/"},"img":{"alt_text":"","src":"https:\/\/i0.wp.com\/vincentians.com\/es\/wp-content\/uploads\/sites\/11\/2016\/07\/escritos-frassati.jpg?fit=1200%2C630&resize=350%2C200","width":350,"height":200,"srcset":"https:\/\/i0.wp.com\/vincentians.com\/es\/wp-content\/uploads\/sites\/11\/2016\/07\/escritos-frassati.jpg?fit=1200%2C630&resize=350%2C200 1x, https:\/\/i0.wp.com\/vincentians.com\/es\/wp-content\/uploads\/sites\/11\/2016\/07\/escritos-frassati.jpg?fit=1200%2C630&resize=525%2C300 1.5x, https:\/\/i0.wp.com\/vincentians.com\/es\/wp-content\/uploads\/sites\/11\/2016\/07\/escritos-frassati.jpg?fit=1200%2C630&resize=700%2C400 2x, https:\/\/i0.wp.com\/vincentians.com\/es\/wp-content\/uploads\/sites\/11\/2016\/07\/escritos-frassati.jpg?fit=1200%2C630&resize=1050%2C600 3x"},"classes":[]},{"id":17026,"url":"http:\/\/vincentians.com\/es\/semblanza-de-pier-giorgio-frassati\/","url_meta":{"origin":17083,"position":5},"title":"Semblanza de Pier Giorgio Frassati","author":"Francisco Javier Fern\u00e1ndez Chento","date":"04\/07\/2015","format":false,"excerpt":"\"Cada d\u00eda comprendo mejor la gracia de ser cat\u00f3lico. Vivir sin fe, sin un patrimonio que defender, sin mantener una lucha por la Verdad no es vivir, sino ir tirando... Incluso a trav\u00e9s de cada desilusi\u00f3n tenemos que recordar que somos los \u00fanicos que poseemos la verdad\". Quiz\u00e1 sean pocos\u2026","rel":"","context":"En \u00abPier Giorgio Frassati\u00bb","block_context":{"text":"Pier Giorgio Frassati","link":"http:\/\/vincentians.com\/es\/category\/la-familia-vicenciana\/la-familia-vicenciana-en-los-altares\/beatos\/pier-giorgio-frassati\/"},"img":{"alt_text":"","src":"https:\/\/i0.wp.com\/vicencianos.org\/wp-content\/2011\/07\/frassati_003-300x200.jpg?resize=350%2C200","width":350,"height":200},"classes":[]}],"_links":{"self":[{"href":"http:\/\/vincentians.com\/es\/wp-json\/wp\/v2\/posts\/17083","targetHints":{"allow":["GET"]}}],"collection":[{"href":"http:\/\/vincentians.com\/es\/wp-json\/wp\/v2\/posts"}],"about":[{"href":"http:\/\/vincentians.com\/es\/wp-json\/wp\/v2\/types\/post"}],"author":[{"embeddable":true,"href":"http:\/\/vincentians.com\/es\/wp-json\/wp\/v2\/users\/4"}],"replies":[{"embeddable":true,"href":"http:\/\/vincentians.com\/es\/wp-json\/wp\/v2\/comments?post=17083"}],"version-history":[{"count":0,"href":"http:\/\/vincentians.com\/es\/wp-json\/wp\/v2\/posts\/17083\/revisions"}],"wp:featuredmedia":[{"embeddable":true,"href":"http:\/\/vincentians.com\/es\/wp-json\/wp\/v2\/media\/393747"}],"wp:attachment":[{"href":"http:\/\/vincentians.com\/es\/wp-json\/wp\/v2\/media?parent=17083"}],"wp:term":[{"taxonomy":"category","embeddable":true,"href":"http:\/\/vincentians.com\/es\/wp-json\/wp\/v2\/categories?post=17083"},{"taxonomy":"post_tag","embeddable":true,"href":"http:\/\/vincentians.com\/es\/wp-json\/wp\/v2\/tags?post=17083"}],"curies":[{"name":"wp","href":"https:\/\/api.w.org\/{rel}","templated":true}]}}