{"id":17066,"date":"2010-04-17T00:01:07","date_gmt":"2010-04-16T22:01:07","guid":{"rendered":"http:\/\/www.vicencianos.org\/web\/2010\/04\/17\/pier-giorgio-frassati-10-carta-a-antonio-severi\/"},"modified":"2010-04-17T00:01:07","modified_gmt":"2010-04-16T22:01:07","slug":"pier-giorgio-frassati-10-carta-a-antonio-severi","status":"publish","type":"post","link":"http:\/\/vincentians.com\/es\/pier-giorgio-frassati-10-carta-a-antonio-severi\/","title":{"rendered":"Pier Giorgio Frassati: 10 Carta a Antonio Severi"},"content":{"rendered":"<p><strong> 13 de abril de 1925<\/strong><\/p>\n<p>Voy a Tur\u00edn con firmes prop\u00f3sitos de no ver a nadie y estudiar    intensamente en estos \u00faltimos d\u00edas con el fin de llegar a pasar    el examen. Tengo miedo de no poder mantener semejante prop\u00f3sito por  eso    te ruego que reces por m\u00ed, a fin de que Dios me d\u00e9 una f\u00e9rrea    voluntad que no se venza, y no eche a perder sus proyectos.<\/p>\n","protected":false},"excerpt":{"rendered":"<p>13 de abril de 1925 Voy a Tur\u00edn con firmes prop\u00f3sitos de no ver a nadie y estudiar intensamente en estos \u00faltimos d\u00edas con el fin de llegar a pasar el examen. Tengo miedo de &#8230; <a href=\"http:\/\/vincentians.com\/es\/pier-giorgio-frassati-10-carta-a-antonio-severi\/\" class=\"more-link\">Read More<\/a><\/p>\n","protected":false},"author":4,"featured_media":393747,"comment_status":"open","ping_status":"open","sticky":false,"template":"","format":"standard","meta":{"jetpack_post_was_ever_published":false,"_jetpack_newsletter_access":"","_jetpack_dont_email_post_to_subs":false,"_jetpack_newsletter_tier_id":0,"_jetpack_memberships_contains_paywalled_content":false,"_jetpack_memberships_contains_paid_content":false,"footnotes":"","jetpack_publicize_message":"","jetpack_publicize_feature_enabled":true,"jetpack_social_post_already_shared":true,"jetpack_social_options":{"image_generator_settings":{"template":"highway","default_image_id":0,"font":"","enabled":false},"version":2}},"categories":[213],"tags":[],"class_list":["post-17066","post","type-post","status-publish","format-standard","has-post-thumbnail","hentry","category-escritos-de-pier-giorgio-frassati"],"yoast_head":"<!-- This site is optimized with the Yoast SEO plugin v26.3 - https:\/\/yoast.com\/wordpress\/plugins\/seo\/ -->\n<title>Pier Giorgio Frassati: 10 Carta a Antonio Severi - Somos Vicencianos<\/title>\n<meta name=\"robots\" content=\"index, follow, max-snippet:-1, max-image-preview:large, max-video-preview:-1\" \/>\n<link rel=\"canonical\" href=\"http:\/\/vincentians.com\/es\/pier-giorgio-frassati-10-carta-a-antonio-severi\/\" \/>\n<meta property=\"og:locale\" content=\"es_ES\" \/>\n<meta property=\"og:type\" content=\"article\" \/>\n<meta property=\"og:title\" content=\"Pier Giorgio Frassati: 10 Carta a Antonio Severi - Somos Vicencianos\" \/>\n<meta property=\"og:description\" content=\"13 de abril de 1925 Voy a Tur\u00edn con firmes prop\u00f3sitos de no ver a nadie y estudiar intensamente en estos \u00faltimos d\u00edas con el fin de llegar a pasar el examen. Tengo miedo de ... Read More\" \/>\n<meta property=\"og:url\" content=\"http:\/\/vincentians.com\/es\/pier-giorgio-frassati-10-carta-a-antonio-severi\/\" \/>\n<meta property=\"og:site_name\" content=\"Somos Vicencianos\" \/>\n<meta property=\"article:publisher\" content=\"https:\/\/www.facebook.com\/WeAreVincentians\/\" \/>\n<meta property=\"article:author\" content=\"https:\/\/www.facebook.com\/JavierChento\" \/>\n<meta property=\"article:published_time\" content=\"2010-04-16T22:01:07+00:00\" \/>\n<meta property=\"og:image\" content=\"https:\/\/i0.wp.com\/vincentians.com\/es\/wp-content\/uploads\/sites\/11\/2016\/07\/escritos-frassati.jpg?fit=1200%2C630\" \/>\n\t<meta property=\"og:image:width\" content=\"1200\" \/>\n\t<meta property=\"og:image:height\" content=\"630\" \/>\n\t<meta property=\"og:image:type\" content=\"image\/jpeg\" \/>\n<meta name=\"author\" content=\"Francisco Javier Fern\u00e1ndez Chento\" \/>\n<meta name=\"twitter:card\" content=\"summary_large_image\" \/>\n<meta name=\"twitter:creator\" content=\"@https:\/\/twitter.com\/javierchento\" \/>\n<meta name=\"twitter:site\" content=\"@WeVincentians\" \/>\n<meta name=\"twitter:label1\" content=\"Escrito por\" \/>\n\t<meta name=\"twitter:data1\" content=\"Francisco Javier Fern\u00e1ndez Chento\" \/>\n<script type=\"application\/ld+json\" class=\"yoast-schema-graph\">{\"@context\":\"https:\/\/schema.org\",\"@graph\":[{\"@type\":\"Article\",\"@id\":\"http:\/\/vincentians.com\/es\/pier-giorgio-frassati-10-carta-a-antonio-severi\/#article\",\"isPartOf\":{\"@id\":\"http:\/\/vincentians.com\/es\/pier-giorgio-frassati-10-carta-a-antonio-severi\/\"},\"author\":{\"name\":\"Francisco Javier Fern\u00e1ndez Chento\",\"@id\":\"http:\/\/vincentians.com\/es\/#\/schema\/person\/9623ef4d9aa3b2dfb8c061f1499288f2\"},\"headline\":\"Pier Giorgio Frassati: 10 Carta a Antonio Severi\",\"datePublished\":\"2010-04-16T22:01:07+00:00\",\"mainEntityOfPage\":{\"@id\":\"http:\/\/vincentians.com\/es\/pier-giorgio-frassati-10-carta-a-antonio-severi\/\"},\"wordCount\":79,\"commentCount\":0,\"publisher\":{\"@id\":\"http:\/\/vincentians.com\/es\/#organization\"},\"image\":{\"@id\":\"http:\/\/vincentians.com\/es\/pier-giorgio-frassati-10-carta-a-antonio-severi\/#primaryimage\"},\"thumbnailUrl\":\"https:\/\/i0.wp.com\/vincentians.com\/es\/wp-content\/uploads\/sites\/11\/2016\/07\/escritos-frassati.jpg?fit=1200%2C630\",\"articleSection\":[\"Escritos de Pier Giorgio Frassati\"],\"inLanguage\":\"es\",\"potentialAction\":[{\"@type\":\"CommentAction\",\"name\":\"Comment\",\"target\":[\"http:\/\/vincentians.com\/es\/pier-giorgio-frassati-10-carta-a-antonio-severi\/#respond\"]}]},{\"@type\":\"WebPage\",\"@id\":\"http:\/\/vincentians.com\/es\/pier-giorgio-frassati-10-carta-a-antonio-severi\/\",\"url\":\"http:\/\/vincentians.com\/es\/pier-giorgio-frassati-10-carta-a-antonio-severi\/\",\"name\":\"Pier Giorgio Frassati: 10 Carta a Antonio Severi - Somos Vicencianos\",\"isPartOf\":{\"@id\":\"http:\/\/vincentians.com\/es\/#website\"},\"primaryImageOfPage\":{\"@id\":\"http:\/\/vincentians.com\/es\/pier-giorgio-frassati-10-carta-a-antonio-severi\/#primaryimage\"},\"image\":{\"@id\":\"http:\/\/vincentians.com\/es\/pier-giorgio-frassati-10-carta-a-antonio-severi\/#primaryimage\"},\"thumbnailUrl\":\"https:\/\/i0.wp.com\/vincentians.com\/es\/wp-content\/uploads\/sites\/11\/2016\/07\/escritos-frassati.jpg?fit=1200%2C630\",\"datePublished\":\"2010-04-16T22:01:07+00:00\",\"breadcrumb\":{\"@id\":\"http:\/\/vincentians.com\/es\/pier-giorgio-frassati-10-carta-a-antonio-severi\/#breadcrumb\"},\"inLanguage\":\"es\",\"potentialAction\":[{\"@type\":\"ReadAction\",\"target\":[\"http:\/\/vincentians.com\/es\/pier-giorgio-frassati-10-carta-a-antonio-severi\/\"]}]},{\"@type\":\"ImageObject\",\"inLanguage\":\"es\",\"@id\":\"http:\/\/vincentians.com\/es\/pier-giorgio-frassati-10-carta-a-antonio-severi\/#primaryimage\",\"url\":\"https:\/\/i0.wp.com\/vincentians.com\/es\/wp-content\/uploads\/sites\/11\/2016\/07\/escritos-frassati.jpg?fit=1200%2C630\",\"contentUrl\":\"https:\/\/i0.wp.com\/vincentians.com\/es\/wp-content\/uploads\/sites\/11\/2016\/07\/escritos-frassati.jpg?fit=1200%2C630\",\"width\":1200,\"height\":630},{\"@type\":\"BreadcrumbList\",\"@id\":\"http:\/\/vincentians.com\/es\/pier-giorgio-frassati-10-carta-a-antonio-severi\/#breadcrumb\",\"itemListElement\":[{\"@type\":\"ListItem\",\"position\":1,\"name\":\"Portada\",\"item\":\"http:\/\/vincentians.com\/es\/\"},{\"@type\":\"ListItem\",\"position\":2,\"name\":\"Pier Giorgio Frassati: 10 Carta a Antonio Severi\"}]},{\"@type\":\"WebSite\",\"@id\":\"http:\/\/vincentians.com\/es\/#website\",\"url\":\"http:\/\/vincentians.com\/es\/\",\"name\":\"Somos Vicencianos\",\"description\":\"Know more to serve more\",\"publisher\":{\"@id\":\"http:\/\/vincentians.com\/es\/#organization\"},\"potentialAction\":[{\"@type\":\"SearchAction\",\"target\":{\"@type\":\"EntryPoint\",\"urlTemplate\":\"http:\/\/vincentians.com\/es\/?s={search_term_string}\"},\"query-input\":{\"@type\":\"PropertyValueSpecification\",\"valueRequired\":true,\"valueName\":\"search_term_string\"}}],\"inLanguage\":\"es\"},{\"@type\":\"Organization\",\"@id\":\"http:\/\/vincentians.com\/es\/#organization\",\"name\":\"The Vincentian Network\",\"url\":\"http:\/\/vincentians.com\/es\/\",\"logo\":{\"@type\":\"ImageObject\",\"inLanguage\":\"es\",\"@id\":\"http:\/\/vincentians.com\/es\/#\/schema\/logo\/image\/\",\"url\":\"https:\/\/i1.wp.com\/vincentians.com\/es\/wp-content\/uploads\/sites\/11\/2016\/06\/Vincentian-Network-logo-big.png?fit=778%2C778\",\"contentUrl\":\"https:\/\/i1.wp.com\/vincentians.com\/es\/wp-content\/uploads\/sites\/11\/2016\/06\/Vincentian-Network-logo-big.png?fit=778%2C778\",\"width\":778,\"height\":778,\"caption\":\"The Vincentian Network\"},\"image\":{\"@id\":\"http:\/\/vincentians.com\/es\/#\/schema\/logo\/image\/\"},\"sameAs\":[\"https:\/\/www.facebook.com\/WeAreVincentians\/\",\"https:\/\/x.com\/WeVincentians\"]},{\"@type\":\"Person\",\"@id\":\"http:\/\/vincentians.com\/es\/#\/schema\/person\/9623ef4d9aa3b2dfb8c061f1499288f2\",\"name\":\"Francisco Javier Fern\u00e1ndez Chento\",\"image\":{\"@type\":\"ImageObject\",\"inLanguage\":\"es\",\"@id\":\"http:\/\/vincentians.com\/es\/#\/schema\/person\/image\/\",\"url\":\"https:\/\/secure.gravatar.com\/avatar\/497d5cde87b4c3d097d0315953521681ba2cd523ee66e5077c3711f7021e65de?s=96&d=mm&r=g\",\"contentUrl\":\"https:\/\/secure.gravatar.com\/avatar\/497d5cde87b4c3d097d0315953521681ba2cd523ee66e5077c3711f7021e65de?s=96&d=mm&r=g\",\"caption\":\"Francisco Javier Fern\u00e1ndez Chento\"},\"description\":\"Director General y cofundador de La Red de Formaci\u00f3n Vicenciana. Javier es laico vicenciano, afiliado a la Congregaci\u00f3n de la Misi\u00f3n y miembro del Equipo de Misiones Populares de la provincia can\u00f3nica de Zaragoza (Espa\u00f1a) de la Congregaci\u00f3n de la Misi\u00f3n. Graduado en la Universidad Oberta de Catalunya con cuatro grados (Asistente de direcci\u00f3n, Gesti\u00f3n Administrativa, Recursos Humanos y Contabilidad Avanzada). Bil\u00edng\u00fce Espa\u00f1ol\/Ingl\u00e9s. gestiona y mantiene varias p\u00e1ginas web cristianas y vicencianas, incluida including La Red de Formaci\u00f3n Vicenciana, de la que es cofundador. Actualmente es responsable del \u00e1rea de Espa\u00f1ol de .famvin, la Red de Noticias de la Familia Vicenciana. Tambi\u00e9n es m\u00fasico cat\u00f3lico y ha editado varios discos. Es Director General y cofundador de Trovador, una reconocida compa\u00f1\u00eda discogr\u00e1fica critiana de Espa\u00f1a. Trabaja en las Tecnolog\u00edas de la Informaci\u00f3n, ofreciendo servicios de alojamiento, dise\u00f1o y mantenimiento Web, as\u00ed como asesoramiento, formaci\u00f3n y soluciones inform\u00e1ticas, gesti\u00f3n documental y digitalizaci\u00f3n de textos, edici\u00f3n y maquetaci\u00f3n de libros, revistas, flyers, etc.\",\"sameAs\":[\"http:\/\/chento.org\",\"https:\/\/www.facebook.com\/JavierChento\",\"https:\/\/x.com\/https:\/\/twitter.com\/javierchento\"],\"url\":\"http:\/\/vincentians.com\/es\/author\/chento\/\"}]}<\/script>\n<!-- \/ Yoast SEO plugin. -->","yoast_head_json":{"title":"Pier Giorgio Frassati: 10 Carta a Antonio Severi - Somos Vicencianos","robots":{"index":"index","follow":"follow","max-snippet":"max-snippet:-1","max-image-preview":"max-image-preview:large","max-video-preview":"max-video-preview:-1"},"canonical":"http:\/\/vincentians.com\/es\/pier-giorgio-frassati-10-carta-a-antonio-severi\/","og_locale":"es_ES","og_type":"article","og_title":"Pier Giorgio Frassati: 10 Carta a Antonio Severi - Somos Vicencianos","og_description":"13 de abril de 1925 Voy a Tur\u00edn con firmes prop\u00f3sitos de no ver a nadie y estudiar intensamente en estos \u00faltimos d\u00edas con el fin de llegar a pasar el examen. Tengo miedo de ... Read More","og_url":"http:\/\/vincentians.com\/es\/pier-giorgio-frassati-10-carta-a-antonio-severi\/","og_site_name":"Somos Vicencianos","article_publisher":"https:\/\/www.facebook.com\/WeAreVincentians\/","article_author":"https:\/\/www.facebook.com\/JavierChento","article_published_time":"2010-04-16T22:01:07+00:00","og_image":[{"width":1200,"height":630,"url":"https:\/\/i0.wp.com\/vincentians.com\/es\/wp-content\/uploads\/sites\/11\/2016\/07\/escritos-frassati.jpg?fit=1200%2C630","type":"image\/jpeg"}],"author":"Francisco Javier Fern\u00e1ndez Chento","twitter_card":"summary_large_image","twitter_creator":"@https:\/\/twitter.com\/javierchento","twitter_site":"@WeVincentians","twitter_misc":{"Escrito por":"Francisco Javier Fern\u00e1ndez Chento"},"schema":{"@context":"https:\/\/schema.org","@graph":[{"@type":"Article","@id":"http:\/\/vincentians.com\/es\/pier-giorgio-frassati-10-carta-a-antonio-severi\/#article","isPartOf":{"@id":"http:\/\/vincentians.com\/es\/pier-giorgio-frassati-10-carta-a-antonio-severi\/"},"author":{"name":"Francisco Javier Fern\u00e1ndez Chento","@id":"http:\/\/vincentians.com\/es\/#\/schema\/person\/9623ef4d9aa3b2dfb8c061f1499288f2"},"headline":"Pier Giorgio Frassati: 10 Carta a Antonio Severi","datePublished":"2010-04-16T22:01:07+00:00","mainEntityOfPage":{"@id":"http:\/\/vincentians.com\/es\/pier-giorgio-frassati-10-carta-a-antonio-severi\/"},"wordCount":79,"commentCount":0,"publisher":{"@id":"http:\/\/vincentians.com\/es\/#organization"},"image":{"@id":"http:\/\/vincentians.com\/es\/pier-giorgio-frassati-10-carta-a-antonio-severi\/#primaryimage"},"thumbnailUrl":"https:\/\/i0.wp.com\/vincentians.com\/es\/wp-content\/uploads\/sites\/11\/2016\/07\/escritos-frassati.jpg?fit=1200%2C630","articleSection":["Escritos de Pier Giorgio Frassati"],"inLanguage":"es","potentialAction":[{"@type":"CommentAction","name":"Comment","target":["http:\/\/vincentians.com\/es\/pier-giorgio-frassati-10-carta-a-antonio-severi\/#respond"]}]},{"@type":"WebPage","@id":"http:\/\/vincentians.com\/es\/pier-giorgio-frassati-10-carta-a-antonio-severi\/","url":"http:\/\/vincentians.com\/es\/pier-giorgio-frassati-10-carta-a-antonio-severi\/","name":"Pier Giorgio Frassati: 10 Carta a Antonio Severi - Somos Vicencianos","isPartOf":{"@id":"http:\/\/vincentians.com\/es\/#website"},"primaryImageOfPage":{"@id":"http:\/\/vincentians.com\/es\/pier-giorgio-frassati-10-carta-a-antonio-severi\/#primaryimage"},"image":{"@id":"http:\/\/vincentians.com\/es\/pier-giorgio-frassati-10-carta-a-antonio-severi\/#primaryimage"},"thumbnailUrl":"https:\/\/i0.wp.com\/vincentians.com\/es\/wp-content\/uploads\/sites\/11\/2016\/07\/escritos-frassati.jpg?fit=1200%2C630","datePublished":"2010-04-16T22:01:07+00:00","breadcrumb":{"@id":"http:\/\/vincentians.com\/es\/pier-giorgio-frassati-10-carta-a-antonio-severi\/#breadcrumb"},"inLanguage":"es","potentialAction":[{"@type":"ReadAction","target":["http:\/\/vincentians.com\/es\/pier-giorgio-frassati-10-carta-a-antonio-severi\/"]}]},{"@type":"ImageObject","inLanguage":"es","@id":"http:\/\/vincentians.com\/es\/pier-giorgio-frassati-10-carta-a-antonio-severi\/#primaryimage","url":"https:\/\/i0.wp.com\/vincentians.com\/es\/wp-content\/uploads\/sites\/11\/2016\/07\/escritos-frassati.jpg?fit=1200%2C630","contentUrl":"https:\/\/i0.wp.com\/vincentians.com\/es\/wp-content\/uploads\/sites\/11\/2016\/07\/escritos-frassati.jpg?fit=1200%2C630","width":1200,"height":630},{"@type":"BreadcrumbList","@id":"http:\/\/vincentians.com\/es\/pier-giorgio-frassati-10-carta-a-antonio-severi\/#breadcrumb","itemListElement":[{"@type":"ListItem","position":1,"name":"Portada","item":"http:\/\/vincentians.com\/es\/"},{"@type":"ListItem","position":2,"name":"Pier Giorgio Frassati: 10 Carta a Antonio Severi"}]},{"@type":"WebSite","@id":"http:\/\/vincentians.com\/es\/#website","url":"http:\/\/vincentians.com\/es\/","name":"Somos Vicencianos","description":"Know more to serve more","publisher":{"@id":"http:\/\/vincentians.com\/es\/#organization"},"potentialAction":[{"@type":"SearchAction","target":{"@type":"EntryPoint","urlTemplate":"http:\/\/vincentians.com\/es\/?s={search_term_string}"},"query-input":{"@type":"PropertyValueSpecification","valueRequired":true,"valueName":"search_term_string"}}],"inLanguage":"es"},{"@type":"Organization","@id":"http:\/\/vincentians.com\/es\/#organization","name":"The Vincentian Network","url":"http:\/\/vincentians.com\/es\/","logo":{"@type":"ImageObject","inLanguage":"es","@id":"http:\/\/vincentians.com\/es\/#\/schema\/logo\/image\/","url":"https:\/\/i1.wp.com\/vincentians.com\/es\/wp-content\/uploads\/sites\/11\/2016\/06\/Vincentian-Network-logo-big.png?fit=778%2C778","contentUrl":"https:\/\/i1.wp.com\/vincentians.com\/es\/wp-content\/uploads\/sites\/11\/2016\/06\/Vincentian-Network-logo-big.png?fit=778%2C778","width":778,"height":778,"caption":"The Vincentian Network"},"image":{"@id":"http:\/\/vincentians.com\/es\/#\/schema\/logo\/image\/"},"sameAs":["https:\/\/www.facebook.com\/WeAreVincentians\/","https:\/\/x.com\/WeVincentians"]},{"@type":"Person","@id":"http:\/\/vincentians.com\/es\/#\/schema\/person\/9623ef4d9aa3b2dfb8c061f1499288f2","name":"Francisco Javier Fern\u00e1ndez Chento","image":{"@type":"ImageObject","inLanguage":"es","@id":"http:\/\/vincentians.com\/es\/#\/schema\/person\/image\/","url":"https:\/\/secure.gravatar.com\/avatar\/497d5cde87b4c3d097d0315953521681ba2cd523ee66e5077c3711f7021e65de?s=96&d=mm&r=g","contentUrl":"https:\/\/secure.gravatar.com\/avatar\/497d5cde87b4c3d097d0315953521681ba2cd523ee66e5077c3711f7021e65de?s=96&d=mm&r=g","caption":"Francisco Javier Fern\u00e1ndez Chento"},"description":"Director General y cofundador de La Red de Formaci\u00f3n Vicenciana. Javier es laico vicenciano, afiliado a la Congregaci\u00f3n de la Misi\u00f3n y miembro del Equipo de Misiones Populares de la provincia can\u00f3nica de Zaragoza (Espa\u00f1a) de la Congregaci\u00f3n de la Misi\u00f3n. Graduado en la Universidad Oberta de Catalunya con cuatro grados (Asistente de direcci\u00f3n, Gesti\u00f3n Administrativa, Recursos Humanos y Contabilidad Avanzada). Bil\u00edng\u00fce Espa\u00f1ol\/Ingl\u00e9s. gestiona y mantiene varias p\u00e1ginas web cristianas y vicencianas, incluida including La Red de Formaci\u00f3n Vicenciana, de la que es cofundador. Actualmente es responsable del \u00e1rea de Espa\u00f1ol de .famvin, la Red de Noticias de la Familia Vicenciana. Tambi\u00e9n es m\u00fasico cat\u00f3lico y ha editado varios discos. Es Director General y cofundador de Trovador, una reconocida compa\u00f1\u00eda discogr\u00e1fica critiana de Espa\u00f1a. Trabaja en las Tecnolog\u00edas de la Informaci\u00f3n, ofreciendo servicios de alojamiento, dise\u00f1o y mantenimiento Web, as\u00ed como asesoramiento, formaci\u00f3n y soluciones inform\u00e1ticas, gesti\u00f3n documental y digitalizaci\u00f3n de textos, edici\u00f3n y maquetaci\u00f3n de libros, revistas, flyers, etc.","sameAs":["http:\/\/chento.org","https:\/\/www.facebook.com\/JavierChento","https:\/\/x.com\/https:\/\/twitter.com\/javierchento"],"url":"http:\/\/vincentians.com\/es\/author\/chento\/"}]}},"jetpack_publicize_connections":[],"jetpack_featured_media_url":"https:\/\/i0.wp.com\/vincentians.com\/es\/wp-content\/uploads\/sites\/11\/2016\/07\/escritos-frassati.jpg?fit=1200%2C630","jetpack_sharing_enabled":true,"jetpack_shortlink":"https:\/\/wp.me\/p7ETMF-4rg","jetpack-related-posts":[{"id":57345,"url":"http:\/\/vincentians.com\/es\/beato-pier-giorgio-frassati-en-dibujos-animados\/","url_meta":{"origin":17066,"position":0},"title":"Beato Pier Giorgio Frassati en Dibujos Animados","author":"Francisco Javier Fern\u00e1ndez Chento","date":"01\/01\/2012","format":false,"excerpt":"De la serie de dibujos animados \"M\u00ed familia Cat\u00f3lica\", el testimonio del beato Pier Giorgio Frassati explicado para ni\u00f1os. https:\/\/www.youtube.com\/watch?v=u64sZgelkuU","rel":"","context":"En \u00abPier Giorgio Frassati\u00bb","block_context":{"text":"Pier Giorgio Frassati","link":"http:\/\/vincentians.com\/es\/category\/la-familia-vicenciana\/la-familia-vicenciana-en-los-altares\/beatos\/pier-giorgio-frassati\/"},"img":{"alt_text":"","src":"","width":0,"height":0},"classes":[]},{"id":17042,"url":"http:\/\/vincentians.com\/es\/pier-giorgio-frassati-hacia-lo-alto\/","url_meta":{"origin":17066,"position":1},"title":"Pier Giorgio Frassati: Hacia lo alto","author":"Francisco Javier Fern\u00e1ndez Chento","date":"04\/07\/2015","format":false,"excerpt":"La vida de Pier Giorgio plasmada en dos videos realizados por Armando y Virginia, de la Acci\u00f3n Cat\u00f3lica Argentina de Paran\u00e1 Entre R\u00edos, quienes armaron el gui\u00f3n y recopilaron las fotos de este peque\u00f1o documental. Un humilde aporte para que se conozca la vida de este joven que gast\u00f3 su\u2026","rel":"","context":"En \u00abPier Giorgio Frassati\u00bb","block_context":{"text":"Pier Giorgio Frassati","link":"http:\/\/vincentians.com\/es\/category\/la-familia-vicenciana\/la-familia-vicenciana-en-los-altares\/beatos\/pier-giorgio-frassati\/"},"img":{"alt_text":"","src":"https:\/\/i0.wp.com\/img.youtube.com\/vi\/u_ZqJXV4mG4\/0.jpg?resize=350%2C200","width":350,"height":200},"classes":[]},{"id":17056,"url":"http:\/\/vincentians.com\/es\/pier-giorgio-frassati-05-carta-a-isidoro-bonini\/","url_meta":{"origin":17066,"position":2},"title":"Pier Giorgio Frassati: 05 Carta a Isidoro Bonini","author":"Francisco Javier Fern\u00e1ndez Chento","date":"12\/04\/2010","format":false,"excerpt":"15 de enero de 1925 \"Las amistades terrenas producen a nuestro coraz\u00f3n dolor por el alejamiento de aquellos que amamos, pero yo quisiera que nosotros jur\u00e1semos un pacto que no tenga ning\u00fan conf\u00edn terreno ni l\u00edmites temporales: la uni\u00f3n en la oraci\u00f3n\".","rel":"","context":"En \u00abEscritos de Pier Giorgio Frassati\u00bb","block_context":{"text":"Escritos de Pier Giorgio Frassati","link":"http:\/\/vincentians.com\/es\/category\/escritos\/escritos-de-pier-giorgio-frassati\/"},"img":{"alt_text":"","src":"https:\/\/i0.wp.com\/vincentians.com\/es\/wp-content\/uploads\/sites\/11\/2016\/07\/escritos-frassati.jpg?fit=1200%2C630&resize=350%2C200","width":350,"height":200,"srcset":"https:\/\/i0.wp.com\/vincentians.com\/es\/wp-content\/uploads\/sites\/11\/2016\/07\/escritos-frassati.jpg?fit=1200%2C630&resize=350%2C200 1x, https:\/\/i0.wp.com\/vincentians.com\/es\/wp-content\/uploads\/sites\/11\/2016\/07\/escritos-frassati.jpg?fit=1200%2C630&resize=525%2C300 1.5x, https:\/\/i0.wp.com\/vincentians.com\/es\/wp-content\/uploads\/sites\/11\/2016\/07\/escritos-frassati.jpg?fit=1200%2C630&resize=700%2C400 2x, https:\/\/i0.wp.com\/vincentians.com\/es\/wp-content\/uploads\/sites\/11\/2016\/07\/escritos-frassati.jpg?fit=1200%2C630&resize=1050%2C600 3x"},"classes":[]},{"id":17050,"url":"http:\/\/vincentians.com\/es\/pier-giorgio-frassati-01-carta-a-marco-beltramo\/","url_meta":{"origin":17066,"position":3},"title":"Pier Giorgio Frassati: 01 Carta a Marco Beltramo","author":"Francisco Javier Fern\u00e1ndez Chento","date":"08\/04\/2010","format":false,"excerpt":"23 octubre 1924 \"Subir\u00e9 a Oropa y a los pies de la Virgen Morena voy a rezar por ti, aunque valgan poco mis oraciones, y despu\u00e9s...te enviar\u00e9 un recuerdo que nos deber\u00e1 unir siempre con un v\u00ednculo inmaterial: una corona hecha con las semillas del jard\u00edn\"","rel":"","context":"En \u00abEscritos de Pier Giorgio Frassati\u00bb","block_context":{"text":"Escritos de Pier Giorgio Frassati","link":"http:\/\/vincentians.com\/es\/category\/escritos\/escritos-de-pier-giorgio-frassati\/"},"img":{"alt_text":"","src":"https:\/\/i0.wp.com\/vincentians.com\/es\/wp-content\/uploads\/sites\/11\/2016\/07\/escritos-frassati.jpg?fit=1200%2C630&resize=350%2C200","width":350,"height":200,"srcset":"https:\/\/i0.wp.com\/vincentians.com\/es\/wp-content\/uploads\/sites\/11\/2016\/07\/escritos-frassati.jpg?fit=1200%2C630&resize=350%2C200 1x, https:\/\/i0.wp.com\/vincentians.com\/es\/wp-content\/uploads\/sites\/11\/2016\/07\/escritos-frassati.jpg?fit=1200%2C630&resize=525%2C300 1.5x, https:\/\/i0.wp.com\/vincentians.com\/es\/wp-content\/uploads\/sites\/11\/2016\/07\/escritos-frassati.jpg?fit=1200%2C630&resize=700%2C400 2x, https:\/\/i0.wp.com\/vincentians.com\/es\/wp-content\/uploads\/sites\/11\/2016\/07\/escritos-frassati.jpg?fit=1200%2C630&resize=1050%2C600 3x"},"classes":[]},{"id":17054,"url":"http:\/\/vincentians.com\/es\/pier-giorgio-frassati-03-carta-a-marco-beltramo\/","url_meta":{"origin":17066,"position":4},"title":"Pier Giorgio Frassati: 03 Carta a Marco Beltramo","author":"Francisco Javier Fern\u00e1ndez Chento","date":"10\/04\/2010","format":false,"excerpt":"15 de junio de 1925 \"En este mundo que se ha alejado de Dios falta la paz, pero falta tambi\u00e9n la Caridad, o sea el Amor verdadero y perfecto. Quiz\u00e1 si San Pablo fuese escuchado por todos nosotros, las miserias humanas ser\u00edan un poco disminuidas\".","rel":"","context":"En \u00abEscritos de Pier Giorgio Frassati\u00bb","block_context":{"text":"Escritos de Pier Giorgio Frassati","link":"http:\/\/vincentians.com\/es\/category\/escritos\/escritos-de-pier-giorgio-frassati\/"},"img":{"alt_text":"","src":"https:\/\/i0.wp.com\/vincentians.com\/es\/wp-content\/uploads\/sites\/11\/2016\/07\/escritos-frassati.jpg?fit=1200%2C630&resize=350%2C200","width":350,"height":200,"srcset":"https:\/\/i0.wp.com\/vincentians.com\/es\/wp-content\/uploads\/sites\/11\/2016\/07\/escritos-frassati.jpg?fit=1200%2C630&resize=350%2C200 1x, https:\/\/i0.wp.com\/vincentians.com\/es\/wp-content\/uploads\/sites\/11\/2016\/07\/escritos-frassati.jpg?fit=1200%2C630&resize=525%2C300 1.5x, https:\/\/i0.wp.com\/vincentians.com\/es\/wp-content\/uploads\/sites\/11\/2016\/07\/escritos-frassati.jpg?fit=1200%2C630&resize=700%2C400 2x, https:\/\/i0.wp.com\/vincentians.com\/es\/wp-content\/uploads\/sites\/11\/2016\/07\/escritos-frassati.jpg?fit=1200%2C630&resize=1050%2C600 3x"},"classes":[]},{"id":17067,"url":"http:\/\/vincentians.com\/es\/pier-giorgio-frassati-11-carta-a-willibald-leitgebel\/","url_meta":{"origin":17066,"position":5},"title":"Pier Giorgio Frassati: 11 Carta a Willibald Leitgebel","author":"Francisco Javier Fern\u00e1ndez Chento","date":"18\/04\/2010","format":false,"excerpt":"3 de noviembre de 1923 \"En este momento tan duro para tu patria, nosotros los cat\u00f3licos tenemos que rogar mucho a Dios para que devuelva a los hombres la paz verdadera [\u2026]. Hubiera querido hacer mucho m\u00e1s por los alemanes, pero desgraciadamente no puedo hacer nada. Te ruego que aceptes\u2026","rel":"","context":"En \u00abEscritos de Pier Giorgio Frassati\u00bb","block_context":{"text":"Escritos de Pier Giorgio Frassati","link":"http:\/\/vincentians.com\/es\/category\/escritos\/escritos-de-pier-giorgio-frassati\/"},"img":{"alt_text":"","src":"https:\/\/i0.wp.com\/vincentians.com\/es\/wp-content\/uploads\/sites\/11\/2016\/07\/escritos-frassati.jpg?fit=1200%2C630&resize=350%2C200","width":350,"height":200,"srcset":"https:\/\/i0.wp.com\/vincentians.com\/es\/wp-content\/uploads\/sites\/11\/2016\/07\/escritos-frassati.jpg?fit=1200%2C630&resize=350%2C200 1x, https:\/\/i0.wp.com\/vincentians.com\/es\/wp-content\/uploads\/sites\/11\/2016\/07\/escritos-frassati.jpg?fit=1200%2C630&resize=525%2C300 1.5x, https:\/\/i0.wp.com\/vincentians.com\/es\/wp-content\/uploads\/sites\/11\/2016\/07\/escritos-frassati.jpg?fit=1200%2C630&resize=700%2C400 2x, https:\/\/i0.wp.com\/vincentians.com\/es\/wp-content\/uploads\/sites\/11\/2016\/07\/escritos-frassati.jpg?fit=1200%2C630&resize=1050%2C600 3x"},"classes":[]}],"_links":{"self":[{"href":"http:\/\/vincentians.com\/es\/wp-json\/wp\/v2\/posts\/17066","targetHints":{"allow":["GET"]}}],"collection":[{"href":"http:\/\/vincentians.com\/es\/wp-json\/wp\/v2\/posts"}],"about":[{"href":"http:\/\/vincentians.com\/es\/wp-json\/wp\/v2\/types\/post"}],"author":[{"embeddable":true,"href":"http:\/\/vincentians.com\/es\/wp-json\/wp\/v2\/users\/4"}],"replies":[{"embeddable":true,"href":"http:\/\/vincentians.com\/es\/wp-json\/wp\/v2\/comments?post=17066"}],"version-history":[{"count":0,"href":"http:\/\/vincentians.com\/es\/wp-json\/wp\/v2\/posts\/17066\/revisions"}],"wp:featuredmedia":[{"embeddable":true,"href":"http:\/\/vincentians.com\/es\/wp-json\/wp\/v2\/media\/393747"}],"wp:attachment":[{"href":"http:\/\/vincentians.com\/es\/wp-json\/wp\/v2\/media?parent=17066"}],"wp:term":[{"taxonomy":"category","embeddable":true,"href":"http:\/\/vincentians.com\/es\/wp-json\/wp\/v2\/categories?post=17066"},{"taxonomy":"post_tag","embeddable":true,"href":"http:\/\/vincentians.com\/es\/wp-json\/wp\/v2\/tags?post=17066"}],"curies":[{"name":"wp","href":"https:\/\/api.w.org\/{rel}","templated":true}]}}