{"id":17055,"date":"2010-04-11T00:01:53","date_gmt":"2010-04-10T22:01:53","guid":{"rendered":"http:\/\/www.vicencianos.org\/web\/2010\/04\/11\/pier-giorgio-frassati-04-carta-a-la-madre\/"},"modified":"2010-04-11T00:01:53","modified_gmt":"2010-04-10T22:01:53","slug":"pier-giorgio-frassati-04-carta-a-la-madre","status":"publish","type":"post","link":"http:\/\/vincentians.com\/es\/pier-giorgio-frassati-04-carta-a-la-madre\/","title":{"rendered":"Pier Giorgio Frassati: 04 Carta a la madre"},"content":{"rendered":"<p><strong>19 de julio de 1922<\/strong><\/p>\n<p>Querida mam\u00e1:<\/p>\n<p>Me lament\u00e9, o m\u00e1s bien me dio mucha pena que pienses cosas que    no son ciertas. Los consejos de la madre son siempre los m\u00e1s sabios y    son siempre buenos, incluso cuando uno ya es viejo.<\/p>\n<p>Este a\u00f1o has estado muy lejos de m\u00ed y yo he podido apreciar qu\u00e9 quiere  decir no tener    la madre cerca, que nos grita cada tanto, pero que a la noche nos da  un beso    y su bendici\u00f3n, a\u00fan no estando s\u00f3lo, al tener conmigo a    la querida t\u00eda y a la querida nona.<\/p>\n<p>Desgraciadamente, querida mam\u00e1, no puedo estar contigo en Pollone; un  poco es culpa m\u00eda por la desgracia    de estar demasiado lejos, pero un poco es culpa de los estudios tan  exigentes.   El tercer a\u00f1o es muy duro y se necesita hacer muchos sacrificios para    llegar seguro a la meta. Pero no nos lamentemos, porque en esta vida  hay miserias    mayores.<\/p>\n<p>Luciana llegar\u00e1 el s\u00e1bado por la ma\u00f1ana: los Bonzarri partieron    ayer. Hoy en Torino hay un paro general, todo por culpa de los  est\u00fapidos    fascistas.<\/p>\n<p>Vittorio se recibi\u00f3 100\/100 muy bien, especialmente porque debi\u00f3    prepararse r\u00e1pidamente por estar haciendo el servicio militar.<\/p>\n<p>\u00bfDebo     mandarle el tintero o esperar al oto\u00f1o?<\/p>\n<p>Querida mam\u00e1, disculpame todas las peque\u00f1as molestias que te he     dado, pero est\u00e1 segura que, si alguna vez te fall\u00e9, en el futuro    tratar\u00e9 de ser mejor, porque en ti pienso seguido y rezo siempre a  Dios,    para que te d\u00e9 el consuelo que yo por mis defectos no puedo darte, a\u00fan     queri\u00e9ndote mucho.<\/p>\n<p>Besos a ti y a la t\u00eda. Pier Giorgio.<\/p>\n","protected":false},"excerpt":{"rendered":"<p>19 de julio de 1922 Querida mam\u00e1: Me lament\u00e9, o m\u00e1s bien me dio mucha pena que pienses cosas que no son ciertas. Los consejos de la madre son siempre los m\u00e1s sabios y son &#8230; <a href=\"http:\/\/vincentians.com\/es\/pier-giorgio-frassati-04-carta-a-la-madre\/\" class=\"more-link\">Read More<\/a><\/p>\n","protected":false},"author":4,"featured_media":393747,"comment_status":"open","ping_status":"open","sticky":false,"template":"","format":"standard","meta":{"jetpack_post_was_ever_published":false,"_jetpack_newsletter_access":"","_jetpack_dont_email_post_to_subs":false,"_jetpack_newsletter_tier_id":0,"_jetpack_memberships_contains_paywalled_content":false,"_jetpack_memberships_contains_paid_content":false,"footnotes":"","jetpack_publicize_message":"","jetpack_publicize_feature_enabled":true,"jetpack_social_post_already_shared":true,"jetpack_social_options":{"image_generator_settings":{"template":"highway","default_image_id":0,"font":"","enabled":false},"version":2}},"categories":[213],"tags":[],"class_list":["post-17055","post","type-post","status-publish","format-standard","has-post-thumbnail","hentry","category-escritos-de-pier-giorgio-frassati"],"yoast_head":"<!-- This site is optimized with the Yoast SEO plugin v26.3 - https:\/\/yoast.com\/wordpress\/plugins\/seo\/ -->\n<title>Pier Giorgio Frassati: 04 Carta a la madre - Somos Vicencianos<\/title>\n<meta name=\"robots\" content=\"index, follow, max-snippet:-1, max-image-preview:large, max-video-preview:-1\" \/>\n<link rel=\"canonical\" href=\"http:\/\/vincentians.com\/es\/pier-giorgio-frassati-04-carta-a-la-madre\/\" \/>\n<meta property=\"og:locale\" content=\"es_ES\" \/>\n<meta property=\"og:type\" content=\"article\" \/>\n<meta property=\"og:title\" content=\"Pier Giorgio Frassati: 04 Carta a la madre - Somos Vicencianos\" \/>\n<meta property=\"og:description\" content=\"19 de julio de 1922 Querida mam\u00e1: Me lament\u00e9, o m\u00e1s bien me dio mucha pena que pienses cosas que no son ciertas. Los consejos de la madre son siempre los m\u00e1s sabios y son ... Read More\" \/>\n<meta property=\"og:url\" content=\"http:\/\/vincentians.com\/es\/pier-giorgio-frassati-04-carta-a-la-madre\/\" \/>\n<meta property=\"og:site_name\" content=\"Somos Vicencianos\" \/>\n<meta property=\"article:publisher\" content=\"https:\/\/www.facebook.com\/WeAreVincentians\/\" \/>\n<meta property=\"article:author\" content=\"https:\/\/www.facebook.com\/JavierChento\" \/>\n<meta property=\"article:published_time\" content=\"2010-04-10T22:01:53+00:00\" \/>\n<meta property=\"og:image\" content=\"https:\/\/i0.wp.com\/vincentians.com\/es\/wp-content\/uploads\/sites\/11\/2016\/07\/escritos-frassati.jpg?fit=1200%2C630\" \/>\n\t<meta property=\"og:image:width\" content=\"1200\" \/>\n\t<meta property=\"og:image:height\" content=\"630\" \/>\n\t<meta property=\"og:image:type\" content=\"image\/jpeg\" \/>\n<meta name=\"author\" content=\"Francisco Javier Fern\u00e1ndez Chento\" \/>\n<meta name=\"twitter:card\" content=\"summary_large_image\" \/>\n<meta name=\"twitter:creator\" content=\"@https:\/\/twitter.com\/javierchento\" \/>\n<meta name=\"twitter:site\" content=\"@WeVincentians\" \/>\n<meta name=\"twitter:label1\" content=\"Escrito por\" \/>\n\t<meta name=\"twitter:data1\" content=\"Francisco Javier Fern\u00e1ndez Chento\" \/>\n\t<meta name=\"twitter:label2\" content=\"Tiempo de lectura\" \/>\n\t<meta name=\"twitter:data2\" content=\"1 minuto\" \/>\n<script type=\"application\/ld+json\" class=\"yoast-schema-graph\">{\"@context\":\"https:\/\/schema.org\",\"@graph\":[{\"@type\":\"Article\",\"@id\":\"http:\/\/vincentians.com\/es\/pier-giorgio-frassati-04-carta-a-la-madre\/#article\",\"isPartOf\":{\"@id\":\"http:\/\/vincentians.com\/es\/pier-giorgio-frassati-04-carta-a-la-madre\/\"},\"author\":{\"name\":\"Francisco Javier Fern\u00e1ndez Chento\",\"@id\":\"http:\/\/vincentians.com\/es\/#\/schema\/person\/9623ef4d9aa3b2dfb8c061f1499288f2\"},\"headline\":\"Pier Giorgio Frassati: 04 Carta a la madre\",\"datePublished\":\"2010-04-10T22:01:53+00:00\",\"mainEntityOfPage\":{\"@id\":\"http:\/\/vincentians.com\/es\/pier-giorgio-frassati-04-carta-a-la-madre\/\"},\"wordCount\":292,\"commentCount\":0,\"publisher\":{\"@id\":\"http:\/\/vincentians.com\/es\/#organization\"},\"image\":{\"@id\":\"http:\/\/vincentians.com\/es\/pier-giorgio-frassati-04-carta-a-la-madre\/#primaryimage\"},\"thumbnailUrl\":\"https:\/\/i0.wp.com\/vincentians.com\/es\/wp-content\/uploads\/sites\/11\/2016\/07\/escritos-frassati.jpg?fit=1200%2C630\",\"articleSection\":[\"Escritos de Pier Giorgio Frassati\"],\"inLanguage\":\"es\",\"potentialAction\":[{\"@type\":\"CommentAction\",\"name\":\"Comment\",\"target\":[\"http:\/\/vincentians.com\/es\/pier-giorgio-frassati-04-carta-a-la-madre\/#respond\"]}]},{\"@type\":\"WebPage\",\"@id\":\"http:\/\/vincentians.com\/es\/pier-giorgio-frassati-04-carta-a-la-madre\/\",\"url\":\"http:\/\/vincentians.com\/es\/pier-giorgio-frassati-04-carta-a-la-madre\/\",\"name\":\"Pier Giorgio Frassati: 04 Carta a la madre - Somos Vicencianos\",\"isPartOf\":{\"@id\":\"http:\/\/vincentians.com\/es\/#website\"},\"primaryImageOfPage\":{\"@id\":\"http:\/\/vincentians.com\/es\/pier-giorgio-frassati-04-carta-a-la-madre\/#primaryimage\"},\"image\":{\"@id\":\"http:\/\/vincentians.com\/es\/pier-giorgio-frassati-04-carta-a-la-madre\/#primaryimage\"},\"thumbnailUrl\":\"https:\/\/i0.wp.com\/vincentians.com\/es\/wp-content\/uploads\/sites\/11\/2016\/07\/escritos-frassati.jpg?fit=1200%2C630\",\"datePublished\":\"2010-04-10T22:01:53+00:00\",\"breadcrumb\":{\"@id\":\"http:\/\/vincentians.com\/es\/pier-giorgio-frassati-04-carta-a-la-madre\/#breadcrumb\"},\"inLanguage\":\"es\",\"potentialAction\":[{\"@type\":\"ReadAction\",\"target\":[\"http:\/\/vincentians.com\/es\/pier-giorgio-frassati-04-carta-a-la-madre\/\"]}]},{\"@type\":\"ImageObject\",\"inLanguage\":\"es\",\"@id\":\"http:\/\/vincentians.com\/es\/pier-giorgio-frassati-04-carta-a-la-madre\/#primaryimage\",\"url\":\"https:\/\/i0.wp.com\/vincentians.com\/es\/wp-content\/uploads\/sites\/11\/2016\/07\/escritos-frassati.jpg?fit=1200%2C630\",\"contentUrl\":\"https:\/\/i0.wp.com\/vincentians.com\/es\/wp-content\/uploads\/sites\/11\/2016\/07\/escritos-frassati.jpg?fit=1200%2C630\",\"width\":1200,\"height\":630},{\"@type\":\"BreadcrumbList\",\"@id\":\"http:\/\/vincentians.com\/es\/pier-giorgio-frassati-04-carta-a-la-madre\/#breadcrumb\",\"itemListElement\":[{\"@type\":\"ListItem\",\"position\":1,\"name\":\"Portada\",\"item\":\"http:\/\/vincentians.com\/es\/\"},{\"@type\":\"ListItem\",\"position\":2,\"name\":\"Pier Giorgio Frassati: 04 Carta a la madre\"}]},{\"@type\":\"WebSite\",\"@id\":\"http:\/\/vincentians.com\/es\/#website\",\"url\":\"http:\/\/vincentians.com\/es\/\",\"name\":\"Somos Vicencianos\",\"description\":\"Know more to serve more\",\"publisher\":{\"@id\":\"http:\/\/vincentians.com\/es\/#organization\"},\"potentialAction\":[{\"@type\":\"SearchAction\",\"target\":{\"@type\":\"EntryPoint\",\"urlTemplate\":\"http:\/\/vincentians.com\/es\/?s={search_term_string}\"},\"query-input\":{\"@type\":\"PropertyValueSpecification\",\"valueRequired\":true,\"valueName\":\"search_term_string\"}}],\"inLanguage\":\"es\"},{\"@type\":\"Organization\",\"@id\":\"http:\/\/vincentians.com\/es\/#organization\",\"name\":\"The Vincentian Network\",\"url\":\"http:\/\/vincentians.com\/es\/\",\"logo\":{\"@type\":\"ImageObject\",\"inLanguage\":\"es\",\"@id\":\"http:\/\/vincentians.com\/es\/#\/schema\/logo\/image\/\",\"url\":\"https:\/\/i1.wp.com\/vincentians.com\/es\/wp-content\/uploads\/sites\/11\/2016\/06\/Vincentian-Network-logo-big.png?fit=778%2C778\",\"contentUrl\":\"https:\/\/i1.wp.com\/vincentians.com\/es\/wp-content\/uploads\/sites\/11\/2016\/06\/Vincentian-Network-logo-big.png?fit=778%2C778\",\"width\":778,\"height\":778,\"caption\":\"The Vincentian Network\"},\"image\":{\"@id\":\"http:\/\/vincentians.com\/es\/#\/schema\/logo\/image\/\"},\"sameAs\":[\"https:\/\/www.facebook.com\/WeAreVincentians\/\",\"https:\/\/x.com\/WeVincentians\"]},{\"@type\":\"Person\",\"@id\":\"http:\/\/vincentians.com\/es\/#\/schema\/person\/9623ef4d9aa3b2dfb8c061f1499288f2\",\"name\":\"Francisco Javier Fern\u00e1ndez Chento\",\"image\":{\"@type\":\"ImageObject\",\"inLanguage\":\"es\",\"@id\":\"http:\/\/vincentians.com\/es\/#\/schema\/person\/image\/\",\"url\":\"https:\/\/secure.gravatar.com\/avatar\/497d5cde87b4c3d097d0315953521681ba2cd523ee66e5077c3711f7021e65de?s=96&d=mm&r=g\",\"contentUrl\":\"https:\/\/secure.gravatar.com\/avatar\/497d5cde87b4c3d097d0315953521681ba2cd523ee66e5077c3711f7021e65de?s=96&d=mm&r=g\",\"caption\":\"Francisco Javier Fern\u00e1ndez Chento\"},\"description\":\"Director General y cofundador de La Red de Formaci\u00f3n Vicenciana. Javier es laico vicenciano, afiliado a la Congregaci\u00f3n de la Misi\u00f3n y miembro del Equipo de Misiones Populares de la provincia can\u00f3nica de Zaragoza (Espa\u00f1a) de la Congregaci\u00f3n de la Misi\u00f3n. Graduado en la Universidad Oberta de Catalunya con cuatro grados (Asistente de direcci\u00f3n, Gesti\u00f3n Administrativa, Recursos Humanos y Contabilidad Avanzada). Bil\u00edng\u00fce Espa\u00f1ol\/Ingl\u00e9s. gestiona y mantiene varias p\u00e1ginas web cristianas y vicencianas, incluida including La Red de Formaci\u00f3n Vicenciana, de la que es cofundador. Actualmente es responsable del \u00e1rea de Espa\u00f1ol de .famvin, la Red de Noticias de la Familia Vicenciana. Tambi\u00e9n es m\u00fasico cat\u00f3lico y ha editado varios discos. Es Director General y cofundador de Trovador, una reconocida compa\u00f1\u00eda discogr\u00e1fica critiana de Espa\u00f1a. Trabaja en las Tecnolog\u00edas de la Informaci\u00f3n, ofreciendo servicios de alojamiento, dise\u00f1o y mantenimiento Web, as\u00ed como asesoramiento, formaci\u00f3n y soluciones inform\u00e1ticas, gesti\u00f3n documental y digitalizaci\u00f3n de textos, edici\u00f3n y maquetaci\u00f3n de libros, revistas, flyers, etc.\",\"sameAs\":[\"http:\/\/chento.org\",\"https:\/\/www.facebook.com\/JavierChento\",\"https:\/\/x.com\/https:\/\/twitter.com\/javierchento\"],\"url\":\"http:\/\/vincentians.com\/es\/author\/chento\/\"}]}<\/script>\n<!-- \/ Yoast SEO plugin. -->","yoast_head_json":{"title":"Pier Giorgio Frassati: 04 Carta a la madre - Somos Vicencianos","robots":{"index":"index","follow":"follow","max-snippet":"max-snippet:-1","max-image-preview":"max-image-preview:large","max-video-preview":"max-video-preview:-1"},"canonical":"http:\/\/vincentians.com\/es\/pier-giorgio-frassati-04-carta-a-la-madre\/","og_locale":"es_ES","og_type":"article","og_title":"Pier Giorgio Frassati: 04 Carta a la madre - Somos Vicencianos","og_description":"19 de julio de 1922 Querida mam\u00e1: Me lament\u00e9, o m\u00e1s bien me dio mucha pena que pienses cosas que no son ciertas. Los consejos de la madre son siempre los m\u00e1s sabios y son ... Read More","og_url":"http:\/\/vincentians.com\/es\/pier-giorgio-frassati-04-carta-a-la-madre\/","og_site_name":"Somos Vicencianos","article_publisher":"https:\/\/www.facebook.com\/WeAreVincentians\/","article_author":"https:\/\/www.facebook.com\/JavierChento","article_published_time":"2010-04-10T22:01:53+00:00","og_image":[{"width":1200,"height":630,"url":"https:\/\/i0.wp.com\/vincentians.com\/es\/wp-content\/uploads\/sites\/11\/2016\/07\/escritos-frassati.jpg?fit=1200%2C630","type":"image\/jpeg"}],"author":"Francisco Javier Fern\u00e1ndez Chento","twitter_card":"summary_large_image","twitter_creator":"@https:\/\/twitter.com\/javierchento","twitter_site":"@WeVincentians","twitter_misc":{"Escrito por":"Francisco Javier Fern\u00e1ndez Chento","Tiempo de lectura":"1 minuto"},"schema":{"@context":"https:\/\/schema.org","@graph":[{"@type":"Article","@id":"http:\/\/vincentians.com\/es\/pier-giorgio-frassati-04-carta-a-la-madre\/#article","isPartOf":{"@id":"http:\/\/vincentians.com\/es\/pier-giorgio-frassati-04-carta-a-la-madre\/"},"author":{"name":"Francisco Javier Fern\u00e1ndez Chento","@id":"http:\/\/vincentians.com\/es\/#\/schema\/person\/9623ef4d9aa3b2dfb8c061f1499288f2"},"headline":"Pier Giorgio Frassati: 04 Carta a la madre","datePublished":"2010-04-10T22:01:53+00:00","mainEntityOfPage":{"@id":"http:\/\/vincentians.com\/es\/pier-giorgio-frassati-04-carta-a-la-madre\/"},"wordCount":292,"commentCount":0,"publisher":{"@id":"http:\/\/vincentians.com\/es\/#organization"},"image":{"@id":"http:\/\/vincentians.com\/es\/pier-giorgio-frassati-04-carta-a-la-madre\/#primaryimage"},"thumbnailUrl":"https:\/\/i0.wp.com\/vincentians.com\/es\/wp-content\/uploads\/sites\/11\/2016\/07\/escritos-frassati.jpg?fit=1200%2C630","articleSection":["Escritos de Pier Giorgio Frassati"],"inLanguage":"es","potentialAction":[{"@type":"CommentAction","name":"Comment","target":["http:\/\/vincentians.com\/es\/pier-giorgio-frassati-04-carta-a-la-madre\/#respond"]}]},{"@type":"WebPage","@id":"http:\/\/vincentians.com\/es\/pier-giorgio-frassati-04-carta-a-la-madre\/","url":"http:\/\/vincentians.com\/es\/pier-giorgio-frassati-04-carta-a-la-madre\/","name":"Pier Giorgio Frassati: 04 Carta a la madre - Somos Vicencianos","isPartOf":{"@id":"http:\/\/vincentians.com\/es\/#website"},"primaryImageOfPage":{"@id":"http:\/\/vincentians.com\/es\/pier-giorgio-frassati-04-carta-a-la-madre\/#primaryimage"},"image":{"@id":"http:\/\/vincentians.com\/es\/pier-giorgio-frassati-04-carta-a-la-madre\/#primaryimage"},"thumbnailUrl":"https:\/\/i0.wp.com\/vincentians.com\/es\/wp-content\/uploads\/sites\/11\/2016\/07\/escritos-frassati.jpg?fit=1200%2C630","datePublished":"2010-04-10T22:01:53+00:00","breadcrumb":{"@id":"http:\/\/vincentians.com\/es\/pier-giorgio-frassati-04-carta-a-la-madre\/#breadcrumb"},"inLanguage":"es","potentialAction":[{"@type":"ReadAction","target":["http:\/\/vincentians.com\/es\/pier-giorgio-frassati-04-carta-a-la-madre\/"]}]},{"@type":"ImageObject","inLanguage":"es","@id":"http:\/\/vincentians.com\/es\/pier-giorgio-frassati-04-carta-a-la-madre\/#primaryimage","url":"https:\/\/i0.wp.com\/vincentians.com\/es\/wp-content\/uploads\/sites\/11\/2016\/07\/escritos-frassati.jpg?fit=1200%2C630","contentUrl":"https:\/\/i0.wp.com\/vincentians.com\/es\/wp-content\/uploads\/sites\/11\/2016\/07\/escritos-frassati.jpg?fit=1200%2C630","width":1200,"height":630},{"@type":"BreadcrumbList","@id":"http:\/\/vincentians.com\/es\/pier-giorgio-frassati-04-carta-a-la-madre\/#breadcrumb","itemListElement":[{"@type":"ListItem","position":1,"name":"Portada","item":"http:\/\/vincentians.com\/es\/"},{"@type":"ListItem","position":2,"name":"Pier Giorgio Frassati: 04 Carta a la madre"}]},{"@type":"WebSite","@id":"http:\/\/vincentians.com\/es\/#website","url":"http:\/\/vincentians.com\/es\/","name":"Somos Vicencianos","description":"Know more to serve more","publisher":{"@id":"http:\/\/vincentians.com\/es\/#organization"},"potentialAction":[{"@type":"SearchAction","target":{"@type":"EntryPoint","urlTemplate":"http:\/\/vincentians.com\/es\/?s={search_term_string}"},"query-input":{"@type":"PropertyValueSpecification","valueRequired":true,"valueName":"search_term_string"}}],"inLanguage":"es"},{"@type":"Organization","@id":"http:\/\/vincentians.com\/es\/#organization","name":"The Vincentian Network","url":"http:\/\/vincentians.com\/es\/","logo":{"@type":"ImageObject","inLanguage":"es","@id":"http:\/\/vincentians.com\/es\/#\/schema\/logo\/image\/","url":"https:\/\/i1.wp.com\/vincentians.com\/es\/wp-content\/uploads\/sites\/11\/2016\/06\/Vincentian-Network-logo-big.png?fit=778%2C778","contentUrl":"https:\/\/i1.wp.com\/vincentians.com\/es\/wp-content\/uploads\/sites\/11\/2016\/06\/Vincentian-Network-logo-big.png?fit=778%2C778","width":778,"height":778,"caption":"The Vincentian Network"},"image":{"@id":"http:\/\/vincentians.com\/es\/#\/schema\/logo\/image\/"},"sameAs":["https:\/\/www.facebook.com\/WeAreVincentians\/","https:\/\/x.com\/WeVincentians"]},{"@type":"Person","@id":"http:\/\/vincentians.com\/es\/#\/schema\/person\/9623ef4d9aa3b2dfb8c061f1499288f2","name":"Francisco Javier Fern\u00e1ndez Chento","image":{"@type":"ImageObject","inLanguage":"es","@id":"http:\/\/vincentians.com\/es\/#\/schema\/person\/image\/","url":"https:\/\/secure.gravatar.com\/avatar\/497d5cde87b4c3d097d0315953521681ba2cd523ee66e5077c3711f7021e65de?s=96&d=mm&r=g","contentUrl":"https:\/\/secure.gravatar.com\/avatar\/497d5cde87b4c3d097d0315953521681ba2cd523ee66e5077c3711f7021e65de?s=96&d=mm&r=g","caption":"Francisco Javier Fern\u00e1ndez Chento"},"description":"Director General y cofundador de La Red de Formaci\u00f3n Vicenciana. Javier es laico vicenciano, afiliado a la Congregaci\u00f3n de la Misi\u00f3n y miembro del Equipo de Misiones Populares de la provincia can\u00f3nica de Zaragoza (Espa\u00f1a) de la Congregaci\u00f3n de la Misi\u00f3n. Graduado en la Universidad Oberta de Catalunya con cuatro grados (Asistente de direcci\u00f3n, Gesti\u00f3n Administrativa, Recursos Humanos y Contabilidad Avanzada). Bil\u00edng\u00fce Espa\u00f1ol\/Ingl\u00e9s. gestiona y mantiene varias p\u00e1ginas web cristianas y vicencianas, incluida including La Red de Formaci\u00f3n Vicenciana, de la que es cofundador. Actualmente es responsable del \u00e1rea de Espa\u00f1ol de .famvin, la Red de Noticias de la Familia Vicenciana. Tambi\u00e9n es m\u00fasico cat\u00f3lico y ha editado varios discos. Es Director General y cofundador de Trovador, una reconocida compa\u00f1\u00eda discogr\u00e1fica critiana de Espa\u00f1a. Trabaja en las Tecnolog\u00edas de la Informaci\u00f3n, ofreciendo servicios de alojamiento, dise\u00f1o y mantenimiento Web, as\u00ed como asesoramiento, formaci\u00f3n y soluciones inform\u00e1ticas, gesti\u00f3n documental y digitalizaci\u00f3n de textos, edici\u00f3n y maquetaci\u00f3n de libros, revistas, flyers, etc.","sameAs":["http:\/\/chento.org","https:\/\/www.facebook.com\/JavierChento","https:\/\/x.com\/https:\/\/twitter.com\/javierchento"],"url":"http:\/\/vincentians.com\/es\/author\/chento\/"}]}},"jetpack_publicize_connections":[],"jetpack_featured_media_url":"https:\/\/i0.wp.com\/vincentians.com\/es\/wp-content\/uploads\/sites\/11\/2016\/07\/escritos-frassati.jpg?fit=1200%2C630","jetpack_sharing_enabled":true,"jetpack_shortlink":"https:\/\/wp.me\/p7ETMF-4r5","jetpack-related-posts":[{"id":17067,"url":"http:\/\/vincentians.com\/es\/pier-giorgio-frassati-11-carta-a-willibald-leitgebel\/","url_meta":{"origin":17055,"position":0},"title":"Pier Giorgio Frassati: 11 Carta a Willibald Leitgebel","author":"Francisco Javier Fern\u00e1ndez Chento","date":"18\/04\/2010","format":false,"excerpt":"3 de noviembre de 1923 \"En este momento tan duro para tu patria, nosotros los cat\u00f3licos tenemos que rogar mucho a Dios para que devuelva a los hombres la paz verdadera [\u2026]. Hubiera querido hacer mucho m\u00e1s por los alemanes, pero desgraciadamente no puedo hacer nada. Te ruego que aceptes\u2026","rel":"","context":"En \u00abEscritos de Pier Giorgio Frassati\u00bb","block_context":{"text":"Escritos de Pier Giorgio Frassati","link":"http:\/\/vincentians.com\/es\/category\/escritos\/escritos-de-pier-giorgio-frassati\/"},"img":{"alt_text":"","src":"https:\/\/i0.wp.com\/vincentians.com\/es\/wp-content\/uploads\/sites\/11\/2016\/07\/escritos-frassati.jpg?fit=1200%2C630&resize=350%2C200","width":350,"height":200,"srcset":"https:\/\/i0.wp.com\/vincentians.com\/es\/wp-content\/uploads\/sites\/11\/2016\/07\/escritos-frassati.jpg?fit=1200%2C630&resize=350%2C200 1x, https:\/\/i0.wp.com\/vincentians.com\/es\/wp-content\/uploads\/sites\/11\/2016\/07\/escritos-frassati.jpg?fit=1200%2C630&resize=525%2C300 1.5x, https:\/\/i0.wp.com\/vincentians.com\/es\/wp-content\/uploads\/sites\/11\/2016\/07\/escritos-frassati.jpg?fit=1200%2C630&resize=700%2C400 2x, https:\/\/i0.wp.com\/vincentians.com\/es\/wp-content\/uploads\/sites\/11\/2016\/07\/escritos-frassati.jpg?fit=1200%2C630&resize=1050%2C600 3x"},"classes":[]},{"id":17064,"url":"http:\/\/vincentians.com\/es\/pier-giorgio-frassati-08-carta-a-isidoro-bonini\/","url_meta":{"origin":17055,"position":1},"title":"Pier Giorgio Frassati: 08 Carta a Isidoro Bonini","author":"Francisco Javier Fern\u00e1ndez Chento","date":"15\/04\/2010","format":false,"excerpt":"28 de diciembre de 1924 \"Querid\u00edsimo: estoy leyendo el romance de Italo Mario Angeloni \"Am\u00e9 as\u00ed\" donde describe en la primera parte, su amor por una andaluza, y cr\u00e9eme que siento una gran emoci\u00f3n porque parece la historia de mi amor. Tambi\u00e9n yo am\u00e9 as\u00ed: s\u00f3lo que en el romance\u2026","rel":"","context":"En \u00abEscritos de Pier Giorgio Frassati\u00bb","block_context":{"text":"Escritos de Pier Giorgio Frassati","link":"http:\/\/vincentians.com\/es\/category\/escritos\/escritos-de-pier-giorgio-frassati\/"},"img":{"alt_text":"","src":"https:\/\/i0.wp.com\/vincentians.com\/es\/wp-content\/uploads\/sites\/11\/2016\/07\/escritos-frassati.jpg?fit=1200%2C630&resize=350%2C200","width":350,"height":200,"srcset":"https:\/\/i0.wp.com\/vincentians.com\/es\/wp-content\/uploads\/sites\/11\/2016\/07\/escritos-frassati.jpg?fit=1200%2C630&resize=350%2C200 1x, https:\/\/i0.wp.com\/vincentians.com\/es\/wp-content\/uploads\/sites\/11\/2016\/07\/escritos-frassati.jpg?fit=1200%2C630&resize=525%2C300 1.5x, https:\/\/i0.wp.com\/vincentians.com\/es\/wp-content\/uploads\/sites\/11\/2016\/07\/escritos-frassati.jpg?fit=1200%2C630&resize=700%2C400 2x, https:\/\/i0.wp.com\/vincentians.com\/es\/wp-content\/uploads\/sites\/11\/2016\/07\/escritos-frassati.jpg?fit=1200%2C630&resize=1050%2C600 3x"},"classes":[]},{"id":17053,"url":"http:\/\/vincentians.com\/es\/pier-giorgio-frassati-02-carta-a-marco-beltramo\/","url_meta":{"origin":17055,"position":2},"title":"Pier Giorgio Frassati: 02 Carta a Marco Beltramo","author":"Francisco Javier Fern\u00e1ndez Chento","date":"09\/04\/2010","format":false,"excerpt":"10 de abril de 1925 \"En la vida terrena, despu\u00e9s del afecto a los padres y hermanos, uno de los afectos m\u00e1s bellos es el de la amistad: y yo cada d\u00eda deber\u00eda agradecer a Dios porque me dio amigos tan buenos que son para m\u00ed una gu\u00eda preciosa para\u2026","rel":"","context":"En \u00abEscritos de Pier Giorgio Frassati\u00bb","block_context":{"text":"Escritos de Pier Giorgio Frassati","link":"http:\/\/vincentians.com\/es\/category\/escritos\/escritos-de-pier-giorgio-frassati\/"},"img":{"alt_text":"","src":"https:\/\/i0.wp.com\/vincentians.com\/es\/wp-content\/uploads\/sites\/11\/2016\/07\/escritos-frassati.jpg?fit=1200%2C630&resize=350%2C200","width":350,"height":200,"srcset":"https:\/\/i0.wp.com\/vincentians.com\/es\/wp-content\/uploads\/sites\/11\/2016\/07\/escritos-frassati.jpg?fit=1200%2C630&resize=350%2C200 1x, https:\/\/i0.wp.com\/vincentians.com\/es\/wp-content\/uploads\/sites\/11\/2016\/07\/escritos-frassati.jpg?fit=1200%2C630&resize=525%2C300 1.5x, https:\/\/i0.wp.com\/vincentians.com\/es\/wp-content\/uploads\/sites\/11\/2016\/07\/escritos-frassati.jpg?fit=1200%2C630&resize=700%2C400 2x, https:\/\/i0.wp.com\/vincentians.com\/es\/wp-content\/uploads\/sites\/11\/2016\/07\/escritos-frassati.jpg?fit=1200%2C630&resize=1050%2C600 3x"},"classes":[]},{"id":17082,"url":"http:\/\/vincentians.com\/es\/pier-giorgio-frassati-14-carta-a-guardia-riva-presidente-del-circulo-cesare-balbo-despues-de-la-visita-de-b-mussolini-a-turin\/","url_meta":{"origin":17055,"position":3},"title":"Pier Giorgio Frassati: 14 Carta a Guardia Riva, presidente del C\u00edrculo \u00abCesare Balbo\u00bb, despu\u00e9s de la visita de B. Mussolini a Tur\u00edn","author":"Francisco Javier Fern\u00e1ndez Chento","date":"22\/04\/2010","format":false,"excerpt":"24 de octubre de 1923 \"Estoy verdaderamente indignado porque la Bandera que tantas veces, aunque indigno, he llevado en los cortejos religiosos la has expuesto en el balc\u00f3n como homenaje a aquel que destruye las Obras p\u00edas, que no reprime a los fascistas y deja asesinar a Ministros de Dios,\u2026","rel":"","context":"En \u00abEscritos de Pier Giorgio Frassati\u00bb","block_context":{"text":"Escritos de Pier Giorgio Frassati","link":"http:\/\/vincentians.com\/es\/category\/escritos\/escritos-de-pier-giorgio-frassati\/"},"img":{"alt_text":"","src":"https:\/\/i0.wp.com\/vincentians.com\/es\/wp-content\/uploads\/sites\/11\/2016\/07\/escritos-frassati.jpg?fit=1200%2C630&resize=350%2C200","width":350,"height":200,"srcset":"https:\/\/i0.wp.com\/vincentians.com\/es\/wp-content\/uploads\/sites\/11\/2016\/07\/escritos-frassati.jpg?fit=1200%2C630&resize=350%2C200 1x, https:\/\/i0.wp.com\/vincentians.com\/es\/wp-content\/uploads\/sites\/11\/2016\/07\/escritos-frassati.jpg?fit=1200%2C630&resize=525%2C300 1.5x, https:\/\/i0.wp.com\/vincentians.com\/es\/wp-content\/uploads\/sites\/11\/2016\/07\/escritos-frassati.jpg?fit=1200%2C630&resize=700%2C400 2x, https:\/\/i0.wp.com\/vincentians.com\/es\/wp-content\/uploads\/sites\/11\/2016\/07\/escritos-frassati.jpg?fit=1200%2C630&resize=1050%2C600 3x"},"classes":[]},{"id":17079,"url":"http:\/\/vincentians.com\/es\/pier-giorgio-frassati-12-carta-a-marva-schwan\/","url_meta":{"origin":17055,"position":4},"title":"Pier Giorgio Frassati: 12 Carta a Marva Schwan","author":"Francisco Javier Fern\u00e1ndez Chento","date":"19\/04\/2010","format":false,"excerpt":"Enero de 1923 \"Hace dos d\u00edas he recibido una carta de mi buen amigo el Se\u00f1or Domanig, que es el representante de los Estudiantes Austr\u00edacos en PaxRomana. En esta carta se lamenta por la urgente necesidad y miseria que hay en Austria. La Uni\u00f3n de Caridad Cat\u00f3lica (fundada por el\u2026","rel":"","context":"En \u00abEscritos de Pier Giorgio Frassati\u00bb","block_context":{"text":"Escritos de Pier Giorgio Frassati","link":"http:\/\/vincentians.com\/es\/category\/escritos\/escritos-de-pier-giorgio-frassati\/"},"img":{"alt_text":"","src":"https:\/\/i0.wp.com\/vincentians.com\/es\/wp-content\/uploads\/sites\/11\/2016\/07\/escritos-frassati.jpg?fit=1200%2C630&resize=350%2C200","width":350,"height":200,"srcset":"https:\/\/i0.wp.com\/vincentians.com\/es\/wp-content\/uploads\/sites\/11\/2016\/07\/escritos-frassati.jpg?fit=1200%2C630&resize=350%2C200 1x, https:\/\/i0.wp.com\/vincentians.com\/es\/wp-content\/uploads\/sites\/11\/2016\/07\/escritos-frassati.jpg?fit=1200%2C630&resize=525%2C300 1.5x, https:\/\/i0.wp.com\/vincentians.com\/es\/wp-content\/uploads\/sites\/11\/2016\/07\/escritos-frassati.jpg?fit=1200%2C630&resize=700%2C400 2x, https:\/\/i0.wp.com\/vincentians.com\/es\/wp-content\/uploads\/sites\/11\/2016\/07\/escritos-frassati.jpg?fit=1200%2C630&resize=1050%2C600 3x"},"classes":[]},{"id":17050,"url":"http:\/\/vincentians.com\/es\/pier-giorgio-frassati-01-carta-a-marco-beltramo\/","url_meta":{"origin":17055,"position":5},"title":"Pier Giorgio Frassati: 01 Carta a Marco Beltramo","author":"Francisco Javier Fern\u00e1ndez Chento","date":"08\/04\/2010","format":false,"excerpt":"23 octubre 1924 \"Subir\u00e9 a Oropa y a los pies de la Virgen Morena voy a rezar por ti, aunque valgan poco mis oraciones, y despu\u00e9s...te enviar\u00e9 un recuerdo que nos deber\u00e1 unir siempre con un v\u00ednculo inmaterial: una corona hecha con las semillas del jard\u00edn\"","rel":"","context":"En \u00abEscritos de Pier Giorgio Frassati\u00bb","block_context":{"text":"Escritos de Pier Giorgio Frassati","link":"http:\/\/vincentians.com\/es\/category\/escritos\/escritos-de-pier-giorgio-frassati\/"},"img":{"alt_text":"","src":"https:\/\/i0.wp.com\/vincentians.com\/es\/wp-content\/uploads\/sites\/11\/2016\/07\/escritos-frassati.jpg?fit=1200%2C630&resize=350%2C200","width":350,"height":200,"srcset":"https:\/\/i0.wp.com\/vincentians.com\/es\/wp-content\/uploads\/sites\/11\/2016\/07\/escritos-frassati.jpg?fit=1200%2C630&resize=350%2C200 1x, https:\/\/i0.wp.com\/vincentians.com\/es\/wp-content\/uploads\/sites\/11\/2016\/07\/escritos-frassati.jpg?fit=1200%2C630&resize=525%2C300 1.5x, https:\/\/i0.wp.com\/vincentians.com\/es\/wp-content\/uploads\/sites\/11\/2016\/07\/escritos-frassati.jpg?fit=1200%2C630&resize=700%2C400 2x, https:\/\/i0.wp.com\/vincentians.com\/es\/wp-content\/uploads\/sites\/11\/2016\/07\/escritos-frassati.jpg?fit=1200%2C630&resize=1050%2C600 3x"},"classes":[]}],"_links":{"self":[{"href":"http:\/\/vincentians.com\/es\/wp-json\/wp\/v2\/posts\/17055","targetHints":{"allow":["GET"]}}],"collection":[{"href":"http:\/\/vincentians.com\/es\/wp-json\/wp\/v2\/posts"}],"about":[{"href":"http:\/\/vincentians.com\/es\/wp-json\/wp\/v2\/types\/post"}],"author":[{"embeddable":true,"href":"http:\/\/vincentians.com\/es\/wp-json\/wp\/v2\/users\/4"}],"replies":[{"embeddable":true,"href":"http:\/\/vincentians.com\/es\/wp-json\/wp\/v2\/comments?post=17055"}],"version-history":[{"count":0,"href":"http:\/\/vincentians.com\/es\/wp-json\/wp\/v2\/posts\/17055\/revisions"}],"wp:featuredmedia":[{"embeddable":true,"href":"http:\/\/vincentians.com\/es\/wp-json\/wp\/v2\/media\/393747"}],"wp:attachment":[{"href":"http:\/\/vincentians.com\/es\/wp-json\/wp\/v2\/media?parent=17055"}],"wp:term":[{"taxonomy":"category","embeddable":true,"href":"http:\/\/vincentians.com\/es\/wp-json\/wp\/v2\/categories?post=17055"},{"taxonomy":"post_tag","embeddable":true,"href":"http:\/\/vincentians.com\/es\/wp-json\/wp\/v2\/tags?post=17055"}],"curies":[{"name":"wp","href":"https:\/\/api.w.org\/{rel}","templated":true}]}}