{"id":17040,"date":"2011-07-04T05:05:36","date_gmt":"2011-07-04T03:05:36","guid":{"rendered":"http:\/\/somos.vicencianos.org\/blog\/2010\/04\/12\/pier-giorgio-frassati-el-hombre-de-las-bienaventuranzas\/"},"modified":"2011-07-04T05:05:36","modified_gmt":"2011-07-04T03:05:36","slug":"pier-giorgio-frassati-el-hombre-de-las-bienaventuranzas","status":"publish","type":"post","link":"http:\/\/vincentians.com\/es\/pier-giorgio-frassati-el-hombre-de-las-bienaventuranzas\/","title":{"rendered":"Pier Giorgio Frassati, el hombre de las Bienaventuranzas"},"content":{"rendered":"<p style=\"padding-left: 30px\"><em>Pier Giorgio Frassati puede ser considerado como patrono y gu\u00eda espiritual de la juventud acad\u00e9mica, de los j\u00f3venes universitarios de nuestro tiempo. \u00a1Totalmente inmerso en el misterio de Dios y totalmente dedicado al constante servicio del pr\u00f3jimo, as\u00ed podemos resumir su vida terrena!<\/em> (Juan Pablo II)<\/p>\n<h2><strong>Cronolog\u00eda<\/strong><\/h2>\n<ul>\n<li>1901: nace el 6 de Abril en Tur\u00edn. Infancia entre Tur\u00edn y Pollone.<\/li>\n<li>1913: el padre es nombrado senador. Estudio en los jesuitas del Instituto Social. Se inscribe en la Compa\u00f1\u00eda del Sacramento y en el Apostolado de la Oraci\u00f3n.<\/li>\n<li>1918: se inscribe en la Congregaci\u00f3n Mariana y en la Conferencia de San Vicente del Instituto Social.<\/li>\n<li>1919: entra en la Acci\u00f3n Cat\u00f3lica (C\u00edrculo cat\u00f3lico universitario Cesare Balbo). Inicia sus estudios de ingeniero de Minas en el Polit\u00e9cnico de Tur\u00edn.<\/li>\n<li>1920: el padre es nombrado embajador en Berl\u00edn. Pier Giorgio pasa temporadas en Alemania, donde conoce a Karl Sonnenschein y la familia Rahner.<\/li>\n<li>1922: el fascismo llega al poder en Italia. Pier Giorgio participa en la oposici\u00f3n pol\u00edtica y c\u00edvica al nuevo r\u00e9gimen. Cumple 21 a\u00f1os (mayor\u00eda de edad). Terciario dominico.<\/li>\n<li>1923\/24: a\u00f1os de estudios, apostolado y amistad. Renuncia al amor de una chica por no contrariar a sus padres.<\/li>\n<li>1925: A\u00f1o Santo. Boda de su hermana Luciana. Dolor por esta separaci\u00f3n y por la situaci\u00f3n de sus padres. Renuncia a su vocaci\u00f3n de misionero y trabaja en <em>La Stampa<\/em>. Enfermedad de la abuela Linda. Contrae la poliomielitis y muere el 4 de Julio en Tur\u00edn.<\/li>\n<li>1990: es beatificado por Juan Pablo II el 20 de Mayo en Roma.<\/li>\n<\/ul>\n<h2><strong>Una vida corta e intensa<\/strong><\/h2>\n<p><strong><a href=\"https:\/\/i0.wp.com\/vicencianos.org\/wp-content\/2011\/07\/pm_frassati.jpg\"><img data-recalc-dims=\"1\" loading=\"lazy\" decoding=\"async\" class=\"alignright size-medium wp-image-44487\" title=\"Pier Giorgio Frassati: a role model for young Catholics.\" src=\"https:\/\/i0.wp.com\/vicencianos.org\/wp-content\/2011\/07\/pm_frassati-207x300.jpg?resize=207%2C300\" alt=\"\" width=\"207\" height=\"300\" \/><\/a><\/strong>Nace en Tur\u00edn el Domingo de Resurrecci\u00f3n de 1901, hijo de Adelaida Ametis y de Alfredo Frassati, director del conocido peri\u00f3dico <em>La Stampa.<\/em> Es educado en un ambiente familiar severo y liberal, junto con su hermana menor, Luciana. Reciben la Primera Comuni\u00f3n en 1910. En 1913 asiste al colegio de los jesuitas, donde inicia la comuni\u00f3n diaria.<\/p>\n<p>Desde peque\u00f1o destaca por su amor a los pobres y su preocupaci\u00f3n por ayudar a los que lo necesitan. Pese a su buena posici\u00f3n social y econ\u00f3mica nunca fue un \u00abhijo de pap\u00e1\u00bb, renunciaba a todos sus privilegios y llevaba una vida austera, dedicando lo que ahorraba a los pobres que visitaba; a veces incluso ped\u00eda prestado para poder socorrer a los que lo necesitaban.<\/p>\n<p>Los padres no se llevaban bien, pero guardaban las formas exteriormente. Los ni\u00f1os sufr\u00edan estas divisiones y distancias. Pese a la confianza con su hermana menor, Pier Giorgio fue siempre un incomprendido en su familia, donde nadie intu\u00eda siquiera su profundidad espiritual, su hero\u00edsmo y sus sacrificios por los dem\u00e1s y por su propia familia. En numerosas ocasiones Pier Giorgio sacrific\u00f3 sus gustos personales o incluso su vocaci\u00f3n por no crear m\u00e1s tensiones o disgustos a sus padres. Renunci\u00f3 a su gran amor, una chica de su grupo de amigos, porque sab\u00eda que sus padres nunca consentir\u00edan ese matrimonio y que llevarles la contraria pod\u00eda acelerar su separaci\u00f3n. Asimismo, al acabar su carrera de ingeniero, aunque quer\u00eda ser misionero, se pleg\u00f3 a la voluntad de su padre, que le impuso un trabajo en <em>La Stampa<\/em>.<\/p>\n<p>Su intensa vida espiritual, basada en la oraci\u00f3n, la comuni\u00f3n diaria, la adoraci\u00f3n nocturna y las obras de caridad, le llev\u00f3 a plantearse su vocaci\u00f3n sacerdotal. Sab\u00eda que contaba con la oposici\u00f3n de su madre, que se burlaba de los gestos de piedad de su hijo. En su estancia en Alemania, los contactos con los cat\u00f3licos de aquel pa\u00eds, especialmente con el sacerdote Karl Sonnenschein, el \u00abSan Francisco de Berl\u00edn\u00bb, le afianzan en el convencimiento de que su vocaci\u00f3n es la de laico: <em>Yo lo que quiero es ayudar a la gente y eso lo puedo hacer mejor como laico que como sacerdote; porque en mi pa\u00eds los curas no est\u00e1n tan en contacto con el pueblo como en Alemania. Como ingeniero de minas puedo, dando buen ejemplo, actuar de un modo m\u00e1s eficaz.<\/em><\/p>\n<p><em> <\/em><\/p>\n<p>Desde 1919 se incorpor\u00f3 a la Acci\u00f3n Cat\u00f3lica, participando en congresos y numerosas actividades. La situaci\u00f3n pol\u00edtica de Italia en esos a\u00f1os le preocup\u00f3 hondamente; se opuso claramente a la guerra y al fascismo desde sus convicciones cristianas, participando en manifestaciones p\u00fablicas y siendo detenido varias veces.<\/p>\n<p>Fue un gran deportista, amaba profundamente la monta\u00f1a y sab\u00eda hacer part\u00edcipes a sus amigos de este amor por la naturaleza, que de modo espont\u00e1neo le llevaba a la alabanza del Creador. Sus excursiones eran a la vez actividades apost\u00f3licas, en las que se preocupaba por los m\u00e1s d\u00e9biles o menos brillantes y donde destacaba siempre por su alegr\u00eda.<\/p>\n<p>Su capacidad de sacrificio y renuncia se manifest\u00f3 especialmente en su enfermedad. Contrajo la poliomielitis a la cabecera de un enfermo y mantuvo en secreto su estado para no molestar a su familia, preocupada por la penosa agon\u00eda de la abuela. Cuando la abuela muri\u00f3 el 1 de Julio de 1925 era ya demasiado tarde para ayudar a Pier Giorgio, que mor\u00eda tres d\u00edas m\u00e1s tarde. Su entierro fue la primera revelaci\u00f3n para su familia de la grandeza de Pier Giorgio, ante la gran avalancha de personas desconocidas y humildes que se congregaron para rendirle homenaje. Fue casi el inicio de su proceso de canonizaci\u00f3n.<\/p>\n<h2><strong>Juan Pablo II, sobre Pier Giorgio<\/strong><\/h2>\n<p style=\"padding-left: 30px\"><em>Pier Giorgio nos muestra al vivo lo que realmente significa, para un joven laico, dar una respuesta concreta al \u00abVen y s\u00edgueme\u00bb. Basta echar una ojeada sobre su vida, que se consum\u00f3 en apenas 24 a\u00f1os, para entender cu\u00e1l fue la respuesta que Pier Giorgio supo dar a Jesucristo: fue la de un joven \u00abmoderno\u00bb, abierto a los problemas de la cultura, del deporte (un gran alpinista), a las cuestiones sociales, a los aut\u00e9nticos valores de la vida; y, al mismo tiempo, la de un hombre profundamente creyente, compenetrado con el mensaje evang\u00e9lico, solid\u00edsimo en su car\u00e1cter, coherente, apasionado en el servicio a los hermanos y consumado en un ardor de caridad que lo llevaba a acercarse a los pobres y a los enfermos. (1980)<\/em><\/p>\n<p style=\"padding-left: 30px\"><em>Su vocaci\u00f3n de laico cristiano se realizaba en sus m\u00faltiples compromisos asociativos y pol\u00edticos, en una sociedad en fermento, indiferente y tal vez hostil a la Iglesia. Con ese esp\u00edritu Pier Giorgio supo impulsar los diversos movimientos cat\u00f3licos, a los que se adhiri\u00f3 con entusiasmo, pero sobre todo a la Acci\u00f3n Cat\u00f3lica [\u2026] En la Acci\u00f3n Cat\u00f3lica vivi\u00f3 la vocaci\u00f3n cristiana con alegr\u00eda y orgullo, y se afan\u00f3 por amar a Jes\u00fas y descubrir en \u00c9l a los hermanos que encontraba en el camino o buscaba en los lugares de sufrimiento, de marginaci\u00f3n, de abandono, para hacerles sentir el calor de su solidaridad humana y el consuelo sobrenatural de la fe en Cristo. (20 de Mayo de 1990)<\/em><\/p>\n<h2><strong>Palabras y pensamientos<\/strong><\/h2>\n<ul>\n<li><strong>El sacrificio:<\/strong> Nuestra vida, para ser cristiana, tiene que ser una constante renuncia, un continuo sacrificio, que no pesa si se considera qu\u00e9 son estos pocos a\u00f1os pasados en el dolor en comparaci\u00f3n con la eterna felicidad, donde la alegr\u00eda no tendr\u00e1 medida ni fin, donde disfrutaremos de una paz que no se puede imaginar.<\/li>\n<li><strong>La fe: <\/strong> Hay que agarrarse con fuerza a la fe; \u00bfqu\u00e9 ser\u00eda sin ella toda nuestra vida? Nada, pasar\u00eda in\u00fatilmente. La fe que me dio el Bautismo me dice con voz segura: solo no har\u00e1s nada, pero si tienes a Dios por centro de todos tus actos, llegar\u00e1s hasta el final<strong>.<\/strong><\/li>\n<li><strong>La monta\u00f1a: <\/strong> Cuando se hace monta\u00f1ismo hay que ordenar primero la propia conciencia, porque nunca se sabe si se va a volver. Pero todo esto no me asusta y cada vez me gusta m\u00e1s escalar los montes, alcanzar las cimas m\u00e1s dif\u00edciles, sentir esa alegr\u00eda pura que s\u00f3lo se tiene en la monta\u00f1a.<\/li>\n<li><strong>Oposici\u00f3n al fascismo: <\/strong> Estoy verdaderamente indignado porque la bandera que tantas veces, aunque indigno, he llevado en los cortejos religiosos la has sacado t\u00fa al balc\u00f3n para homenajear al que destruye las Obras P\u00edas, al que no pone freno a los fascistas ni impide que se mate a ministros de Dios, etc. y deja que se hagan otras porquer\u00edas, e intenta cubrir estas fechor\u00edas poniendo el crucifijo en las escuelas\u2026 (1923)<\/li>\n<li><strong>La alegr\u00eda: <\/strong> Me preguntas si estoy alegre; \u00bfc\u00f3mo podr\u00eda no estarlo? Mientras la fe me d\u00e9 fuerzas, siempre estar\u00e9 alegre. Un cat\u00f3lico no puede no estar alegre, la tristeza tiene que estar prohibida para las almas de los cat\u00f3licos; el dolor no es la tristeza, que es una enfermedad peor que cualquier otra. Esa enfermedad est\u00e1 casi siempre producida por el ate\u00edsmo, pero el fin para el cual hemos sido creados nos indica el camino, aunque est\u00e9 sembrado de espinas; no es un camino triste, es alegre aun a trav\u00e9s del dolor. (1925)<\/li>\n<li><strong>\u00bfC\u00f3mo va tu vida? L<\/strong>a m\u00eda, como puedes juzgar por la introducci\u00f3n, atraviesa el per\u00edodo tal vez m\u00e1s agudo de una grave crisis, y precisamente en este momento mi hermana est\u00e1 lejos y me tocar\u00e1 a m\u00ed tener que estar alegre en casa y disimular la tristeza que me producen las muchas contrariedades que me rodean. Alegre exteriormente lo estar\u00e9 siempre, aunque s\u00f3lo ser\u00e1 para demostrar a los compa\u00f1eros nuestra convicci\u00f3n de que el ser cat\u00f3licos significa ser j\u00f3venes alegres, pero, cuando est\u00e9 solo, dar\u00e9 rienda suelta a mi tristeza. (1925)<em> <\/em><\/li>\n<li><strong>El dolor: <\/strong> Los dolores humanos nos afectan; pero si se los considera bajo la luz de la religi\u00f3n, y por lo tanto de la resignaci\u00f3n, no son nocivos, sino saludables, porque purifican al alma de las peque\u00f1as, pero inevitables manchas con las que los hombres, por nuestra naturaleza peque\u00f1a, nos ensuciamos.(1925)<\/li>\n<li><strong>Los pobres: <\/strong> Lo importante es que no olvides nunca que, aunque la casa sea s\u00f3rdida, t\u00fa te acercas a Cristo. Recuerda siempre lo que ha dicho el Se\u00f1or: El bien que haces a los pobres es el que me haces a m\u00ed. Alrededor del enfermo, del miserable, alrededor del desgraciado, yo veo una luz especial que nosotros no tenemos.Ver a diario la fe con la que muchas veces las familias soportan los dolores m\u00e1s tremendos, el sacrificio constante que hacen, y que todo esto lo hagan por amor de Dios, nos hace muchas veces plantearnos este pensamiento: Yo, que he recibido tantas cosas de Dios, siempre he sido tan negativo, tan malo, mientras que ellos, que no han sido privilegiados como yo, son infinitamente mejores que yo. Y as\u00ed llegamos a hacer el prop\u00f3sito, en conciencia, de seguir cada vez m\u00e1s el camino de la Cruz, \u00fanico que nos lleva a la Salvaci\u00f3n eterna.<\/li>\n<li><strong>El estudio: <\/strong>Sin una buena preparaci\u00f3n profesional el apostolado no es eficaz.<\/li>\n<li><strong>A los j\u00f3venes: <\/strong>Aprended a ser m\u00e1s fuertes de esp\u00edritu y de m\u00fasculos; si lo sois as\u00ed, ser\u00e9is verdaderos ap\u00f3stoles de la fe de Dios.<\/li>\n<\/ul>\n<h2><strong>\u00bfQu\u00e9 me dice a m\u00ed su vida?<\/strong><\/h2>\n<ol>\n<li>Una vida como la de Pier Giorgio, \u00bfte parece <em>una vida vivida como vocaci\u00f3n<\/em>? Busca en el relato de su vida y en los textos algunos momentos clave en los que se concreta c\u00f3mo busca Pier Giorgio la voluntad de Dios en su vida.<\/li>\n<li>El Papa Juan Pablo II habla de Pier Giorgio como el \u00abhombre de las bienaventuranzas\u00bb. Busca ejemplos en los textos y en el relato de su vida que te indiquen c\u00f3mo Pier Giorgio viv\u00eda las bienaventuranzas.<\/li>\n<li>\u00bfQu\u00e9 te produce alegr\u00eda?\u00bfQu\u00e9 te produce tristeza? Escribe unos cuantos ejemplos.<\/li>\n<li>Lee los textos en los que Pier Giorgio habla de la alegr\u00eda. \u00bfCrees que es posible estar alegre en medio de dificultades y problemas? \u00bfPor qu\u00e9?<\/li>\n<li>\u00bfQu\u00e9 sabemos de la familia de Pier Giorgio? La familia es muy importante en la vida de cada uno, pero Pier Giorgio no contaba en su familia con apoyo y comprensi\u00f3n para sus actividades y para seguir su vocaci\u00f3n, \u00bfCu\u00e1l es tu experiencia?<\/li>\n<\/ol>\n<p>He aqu\u00ed varios elementos fundamentales en la vida de Pier Giorgio:<\/p>\n<ul>\n<li>amigos<\/li>\n<li>compromiso pol\u00edtico<\/li>\n<li>estudios<\/li>\n<li>vida espiritual (Eucarist\u00eda y oraci\u00f3n)<\/li>\n<li>familia<\/li>\n<li>ayuda a los pobres<\/li>\n<li>deportes (alpinismo)<\/li>\n<li>compromiso en grupos de formaci\u00f3n cristiana<\/li>\n<\/ul>\n<p>\u00bfEst\u00e1n todos presentes en mi vida? \u00bfCu\u00e1les s\u00ed y cu\u00e1les no? \u00bfSon todos igualmente importantes?\u00bfForma todo una unidad en mi vida? \u00bfQu\u00e9 compromisos nuevos puedo iniciar a partir de hoy, siguiendo el ejemplo de Pier Giorgio?<\/p>\n<h2><strong>Agradecemos y pedimos a Dios<\/strong><\/h2>\n<p>Demos gracias a Dios por el testimonio admirable de sus santos y por la vida de Pier Giorgio Frassati y pid\u00e1mosle, junto a Mar\u00eda, que nos ayude a ser fieles a la vocaci\u00f3n a la que nos llama.<\/p>\n<p style=\"padding-left: 30px\"><em>Oh Virgen Sant\u00edsima, madre de Cristo y madre de la Iglesia, contigo damos gracias a Dios por la espl\u00e9ndida vocaci\u00f3n y por la multiforme misi\u00f3n confiada a los fieles laicos, por su nombre llamados por Dios a vivir en comuni\u00f3n de amor y de santidad con \u00e9l y a estar fraternalmente unidos en la gran familia de los hijos de Dios, enviados a irradiar la luz de Cristo y a comunicar el fuego del Esp\u00edritu por medio de su vida evang\u00e9lica a todo el mundo.<\/em><\/p>\n<p style=\"padding-left: 30px\"><em>T\u00fa, que junto a los ap\u00f3stoles has estado en oraci\u00f3n en el cen\u00e1culo esperando la venida del esp\u00edritu de Pentecost\u00e9s, invoca su renovada efusi\u00f3n sobre todos los fieles laicos, hombres y mujeres, para que correspondan plenamente a su vocaci\u00f3n y misi\u00f3n, como sarmientos de verdadera vid, llamados a dar mucho fruto para la vida del mundo.<\/em><\/p>\n<p style=\"padding-left: 30px\"><em> <\/em><\/p>\n<p style=\"padding-left: 30px\">(Juan Pablo II, Christifideles Laici 64)<\/p>\n","protected":false},"excerpt":{"rendered":"<p>Pier Giorgio Frassati puede ser considerado como patrono y gu\u00eda espiritual de la juventud acad\u00e9mica, de los j\u00f3venes universitarios de nuestro tiempo. \u00a1Totalmente inmerso en el misterio de Dios y totalmente dedicado al constante servicio &#8230; <a href=\"http:\/\/vincentians.com\/es\/pier-giorgio-frassati-el-hombre-de-las-bienaventuranzas\/\" class=\"more-link\">Read More<\/a><\/p>\n","protected":false},"author":4,"featured_media":44487,"comment_status":"open","ping_status":"open","sticky":false,"template":"","format":"standard","meta":{"jetpack_post_was_ever_published":false,"_jetpack_newsletter_access":"","_jetpack_dont_email_post_to_subs":false,"_jetpack_newsletter_tier_id":0,"_jetpack_memberships_contains_paywalled_content":false,"_jetpack_memberships_contains_paid_content":false,"footnotes":"","jetpack_publicize_message":"","jetpack_publicize_feature_enabled":true,"jetpack_social_post_already_shared":true,"jetpack_social_options":{"image_generator_settings":{"template":"highway","default_image_id":0,"font":"","enabled":false},"version":2}},"categories":[75],"tags":[],"class_list":["post-17040","post","type-post","status-publish","format-standard","has-post-thumbnail","hentry","category-pier-giorgio-frassati"],"yoast_head":"<!-- This site is optimized with the Yoast SEO plugin v26.3 - https:\/\/yoast.com\/wordpress\/plugins\/seo\/ -->\n<title>Pier Giorgio Frassati, el hombre de las Bienaventuranzas - Somos Vicencianos<\/title>\n<meta name=\"robots\" content=\"index, follow, max-snippet:-1, max-image-preview:large, max-video-preview:-1\" \/>\n<link rel=\"canonical\" href=\"http:\/\/vincentians.com\/es\/pier-giorgio-frassati-el-hombre-de-las-bienaventuranzas\/\" \/>\n<meta property=\"og:locale\" content=\"es_ES\" \/>\n<meta property=\"og:type\" content=\"article\" \/>\n<meta property=\"og:title\" content=\"Pier Giorgio Frassati, el hombre de las Bienaventuranzas - Somos Vicencianos\" \/>\n<meta property=\"og:description\" content=\"Pier Giorgio Frassati puede ser considerado como patrono y gu\u00eda espiritual de la juventud acad\u00e9mica, de los j\u00f3venes universitarios de nuestro tiempo. \u00a1Totalmente inmerso en el misterio de Dios y totalmente dedicado al constante servicio ... Read More\" \/>\n<meta property=\"og:url\" content=\"http:\/\/vincentians.com\/es\/pier-giorgio-frassati-el-hombre-de-las-bienaventuranzas\/\" \/>\n<meta property=\"og:site_name\" content=\"Somos Vicencianos\" \/>\n<meta property=\"article:publisher\" content=\"https:\/\/www.facebook.com\/WeAreVincentians\/\" \/>\n<meta property=\"article:author\" content=\"https:\/\/www.facebook.com\/JavierChento\" \/>\n<meta property=\"article:published_time\" content=\"2011-07-04T03:05:36+00:00\" \/>\n<meta name=\"author\" content=\"Francisco Javier Fern\u00e1ndez Chento\" \/>\n<meta name=\"twitter:card\" content=\"summary_large_image\" \/>\n<meta name=\"twitter:creator\" content=\"@https:\/\/twitter.com\/javierchento\" \/>\n<meta name=\"twitter:site\" content=\"@WeVincentians\" \/>\n<meta name=\"twitter:label1\" content=\"Escrito por\" \/>\n\t<meta name=\"twitter:data1\" content=\"Francisco Javier Fern\u00e1ndez Chento\" \/>\n\t<meta name=\"twitter:label2\" content=\"Tiempo de lectura\" \/>\n\t<meta name=\"twitter:data2\" content=\"12 minutos\" \/>\n<script type=\"application\/ld+json\" class=\"yoast-schema-graph\">{\"@context\":\"https:\/\/schema.org\",\"@graph\":[{\"@type\":\"Article\",\"@id\":\"http:\/\/vincentians.com\/es\/pier-giorgio-frassati-el-hombre-de-las-bienaventuranzas\/#article\",\"isPartOf\":{\"@id\":\"http:\/\/vincentians.com\/es\/pier-giorgio-frassati-el-hombre-de-las-bienaventuranzas\/\"},\"author\":{\"name\":\"Francisco Javier Fern\u00e1ndez Chento\",\"@id\":\"http:\/\/vincentians.com\/es\/#\/schema\/person\/9623ef4d9aa3b2dfb8c061f1499288f2\"},\"headline\":\"Pier Giorgio Frassati, el hombre de las Bienaventuranzas\",\"datePublished\":\"2011-07-04T03:05:36+00:00\",\"mainEntityOfPage\":{\"@id\":\"http:\/\/vincentians.com\/es\/pier-giorgio-frassati-el-hombre-de-las-bienaventuranzas\/\"},\"wordCount\":2373,\"commentCount\":2,\"publisher\":{\"@id\":\"http:\/\/vincentians.com\/es\/#organization\"},\"image\":{\"@id\":\"http:\/\/vincentians.com\/es\/pier-giorgio-frassati-el-hombre-de-las-bienaventuranzas\/#primaryimage\"},\"thumbnailUrl\":\"\",\"articleSection\":[\"Pier Giorgio Frassati\"],\"inLanguage\":\"es\",\"potentialAction\":[{\"@type\":\"CommentAction\",\"name\":\"Comment\",\"target\":[\"http:\/\/vincentians.com\/es\/pier-giorgio-frassati-el-hombre-de-las-bienaventuranzas\/#respond\"]}]},{\"@type\":\"WebPage\",\"@id\":\"http:\/\/vincentians.com\/es\/pier-giorgio-frassati-el-hombre-de-las-bienaventuranzas\/\",\"url\":\"http:\/\/vincentians.com\/es\/pier-giorgio-frassati-el-hombre-de-las-bienaventuranzas\/\",\"name\":\"Pier Giorgio Frassati, el hombre de las Bienaventuranzas - Somos Vicencianos\",\"isPartOf\":{\"@id\":\"http:\/\/vincentians.com\/es\/#website\"},\"primaryImageOfPage\":{\"@id\":\"http:\/\/vincentians.com\/es\/pier-giorgio-frassati-el-hombre-de-las-bienaventuranzas\/#primaryimage\"},\"image\":{\"@id\":\"http:\/\/vincentians.com\/es\/pier-giorgio-frassati-el-hombre-de-las-bienaventuranzas\/#primaryimage\"},\"thumbnailUrl\":\"\",\"datePublished\":\"2011-07-04T03:05:36+00:00\",\"breadcrumb\":{\"@id\":\"http:\/\/vincentians.com\/es\/pier-giorgio-frassati-el-hombre-de-las-bienaventuranzas\/#breadcrumb\"},\"inLanguage\":\"es\",\"potentialAction\":[{\"@type\":\"ReadAction\",\"target\":[\"http:\/\/vincentians.com\/es\/pier-giorgio-frassati-el-hombre-de-las-bienaventuranzas\/\"]}]},{\"@type\":\"ImageObject\",\"inLanguage\":\"es\",\"@id\":\"http:\/\/vincentians.com\/es\/pier-giorgio-frassati-el-hombre-de-las-bienaventuranzas\/#primaryimage\",\"url\":\"\",\"contentUrl\":\"\"},{\"@type\":\"BreadcrumbList\",\"@id\":\"http:\/\/vincentians.com\/es\/pier-giorgio-frassati-el-hombre-de-las-bienaventuranzas\/#breadcrumb\",\"itemListElement\":[{\"@type\":\"ListItem\",\"position\":1,\"name\":\"Portada\",\"item\":\"http:\/\/vincentians.com\/es\/\"},{\"@type\":\"ListItem\",\"position\":2,\"name\":\"Pier Giorgio Frassati, el hombre de las Bienaventuranzas\"}]},{\"@type\":\"WebSite\",\"@id\":\"http:\/\/vincentians.com\/es\/#website\",\"url\":\"http:\/\/vincentians.com\/es\/\",\"name\":\"Somos Vicencianos\",\"description\":\"Know more to serve more\",\"publisher\":{\"@id\":\"http:\/\/vincentians.com\/es\/#organization\"},\"potentialAction\":[{\"@type\":\"SearchAction\",\"target\":{\"@type\":\"EntryPoint\",\"urlTemplate\":\"http:\/\/vincentians.com\/es\/?s={search_term_string}\"},\"query-input\":{\"@type\":\"PropertyValueSpecification\",\"valueRequired\":true,\"valueName\":\"search_term_string\"}}],\"inLanguage\":\"es\"},{\"@type\":\"Organization\",\"@id\":\"http:\/\/vincentians.com\/es\/#organization\",\"name\":\"The Vincentian Network\",\"url\":\"http:\/\/vincentians.com\/es\/\",\"logo\":{\"@type\":\"ImageObject\",\"inLanguage\":\"es\",\"@id\":\"http:\/\/vincentians.com\/es\/#\/schema\/logo\/image\/\",\"url\":\"https:\/\/i1.wp.com\/vincentians.com\/es\/wp-content\/uploads\/sites\/11\/2016\/06\/Vincentian-Network-logo-big.png?fit=778%2C778\",\"contentUrl\":\"https:\/\/i1.wp.com\/vincentians.com\/es\/wp-content\/uploads\/sites\/11\/2016\/06\/Vincentian-Network-logo-big.png?fit=778%2C778\",\"width\":778,\"height\":778,\"caption\":\"The Vincentian Network\"},\"image\":{\"@id\":\"http:\/\/vincentians.com\/es\/#\/schema\/logo\/image\/\"},\"sameAs\":[\"https:\/\/www.facebook.com\/WeAreVincentians\/\",\"https:\/\/x.com\/WeVincentians\"]},{\"@type\":\"Person\",\"@id\":\"http:\/\/vincentians.com\/es\/#\/schema\/person\/9623ef4d9aa3b2dfb8c061f1499288f2\",\"name\":\"Francisco Javier Fern\u00e1ndez Chento\",\"image\":{\"@type\":\"ImageObject\",\"inLanguage\":\"es\",\"@id\":\"http:\/\/vincentians.com\/es\/#\/schema\/person\/image\/\",\"url\":\"https:\/\/secure.gravatar.com\/avatar\/497d5cde87b4c3d097d0315953521681ba2cd523ee66e5077c3711f7021e65de?s=96&d=mm&r=g\",\"contentUrl\":\"https:\/\/secure.gravatar.com\/avatar\/497d5cde87b4c3d097d0315953521681ba2cd523ee66e5077c3711f7021e65de?s=96&d=mm&r=g\",\"caption\":\"Francisco Javier Fern\u00e1ndez Chento\"},\"description\":\"Director General y cofundador de La Red de Formaci\u00f3n Vicenciana. Javier es laico vicenciano, afiliado a la Congregaci\u00f3n de la Misi\u00f3n y miembro del Equipo de Misiones Populares de la provincia can\u00f3nica de Zaragoza (Espa\u00f1a) de la Congregaci\u00f3n de la Misi\u00f3n. Graduado en la Universidad Oberta de Catalunya con cuatro grados (Asistente de direcci\u00f3n, Gesti\u00f3n Administrativa, Recursos Humanos y Contabilidad Avanzada). Bil\u00edng\u00fce Espa\u00f1ol\/Ingl\u00e9s. gestiona y mantiene varias p\u00e1ginas web cristianas y vicencianas, incluida including La Red de Formaci\u00f3n Vicenciana, de la que es cofundador. Actualmente es responsable del \u00e1rea de Espa\u00f1ol de .famvin, la Red de Noticias de la Familia Vicenciana. Tambi\u00e9n es m\u00fasico cat\u00f3lico y ha editado varios discos. Es Director General y cofundador de Trovador, una reconocida compa\u00f1\u00eda discogr\u00e1fica critiana de Espa\u00f1a. Trabaja en las Tecnolog\u00edas de la Informaci\u00f3n, ofreciendo servicios de alojamiento, dise\u00f1o y mantenimiento Web, as\u00ed como asesoramiento, formaci\u00f3n y soluciones inform\u00e1ticas, gesti\u00f3n documental y digitalizaci\u00f3n de textos, edici\u00f3n y maquetaci\u00f3n de libros, revistas, flyers, etc.\",\"sameAs\":[\"http:\/\/chento.org\",\"https:\/\/www.facebook.com\/JavierChento\",\"https:\/\/x.com\/https:\/\/twitter.com\/javierchento\"],\"url\":\"http:\/\/vincentians.com\/es\/author\/chento\/\"}]}<\/script>\n<!-- \/ Yoast SEO plugin. -->","yoast_head_json":{"title":"Pier Giorgio Frassati, el hombre de las Bienaventuranzas - Somos Vicencianos","robots":{"index":"index","follow":"follow","max-snippet":"max-snippet:-1","max-image-preview":"max-image-preview:large","max-video-preview":"max-video-preview:-1"},"canonical":"http:\/\/vincentians.com\/es\/pier-giorgio-frassati-el-hombre-de-las-bienaventuranzas\/","og_locale":"es_ES","og_type":"article","og_title":"Pier Giorgio Frassati, el hombre de las Bienaventuranzas - Somos Vicencianos","og_description":"Pier Giorgio Frassati puede ser considerado como patrono y gu\u00eda espiritual de la juventud acad\u00e9mica, de los j\u00f3venes universitarios de nuestro tiempo. \u00a1Totalmente inmerso en el misterio de Dios y totalmente dedicado al constante servicio ... Read More","og_url":"http:\/\/vincentians.com\/es\/pier-giorgio-frassati-el-hombre-de-las-bienaventuranzas\/","og_site_name":"Somos Vicencianos","article_publisher":"https:\/\/www.facebook.com\/WeAreVincentians\/","article_author":"https:\/\/www.facebook.com\/JavierChento","article_published_time":"2011-07-04T03:05:36+00:00","author":"Francisco Javier Fern\u00e1ndez Chento","twitter_card":"summary_large_image","twitter_creator":"@https:\/\/twitter.com\/javierchento","twitter_site":"@WeVincentians","twitter_misc":{"Escrito por":"Francisco Javier Fern\u00e1ndez Chento","Tiempo de lectura":"12 minutos"},"schema":{"@context":"https:\/\/schema.org","@graph":[{"@type":"Article","@id":"http:\/\/vincentians.com\/es\/pier-giorgio-frassati-el-hombre-de-las-bienaventuranzas\/#article","isPartOf":{"@id":"http:\/\/vincentians.com\/es\/pier-giorgio-frassati-el-hombre-de-las-bienaventuranzas\/"},"author":{"name":"Francisco Javier Fern\u00e1ndez Chento","@id":"http:\/\/vincentians.com\/es\/#\/schema\/person\/9623ef4d9aa3b2dfb8c061f1499288f2"},"headline":"Pier Giorgio Frassati, el hombre de las Bienaventuranzas","datePublished":"2011-07-04T03:05:36+00:00","mainEntityOfPage":{"@id":"http:\/\/vincentians.com\/es\/pier-giorgio-frassati-el-hombre-de-las-bienaventuranzas\/"},"wordCount":2373,"commentCount":2,"publisher":{"@id":"http:\/\/vincentians.com\/es\/#organization"},"image":{"@id":"http:\/\/vincentians.com\/es\/pier-giorgio-frassati-el-hombre-de-las-bienaventuranzas\/#primaryimage"},"thumbnailUrl":"","articleSection":["Pier Giorgio Frassati"],"inLanguage":"es","potentialAction":[{"@type":"CommentAction","name":"Comment","target":["http:\/\/vincentians.com\/es\/pier-giorgio-frassati-el-hombre-de-las-bienaventuranzas\/#respond"]}]},{"@type":"WebPage","@id":"http:\/\/vincentians.com\/es\/pier-giorgio-frassati-el-hombre-de-las-bienaventuranzas\/","url":"http:\/\/vincentians.com\/es\/pier-giorgio-frassati-el-hombre-de-las-bienaventuranzas\/","name":"Pier Giorgio Frassati, el hombre de las Bienaventuranzas - Somos Vicencianos","isPartOf":{"@id":"http:\/\/vincentians.com\/es\/#website"},"primaryImageOfPage":{"@id":"http:\/\/vincentians.com\/es\/pier-giorgio-frassati-el-hombre-de-las-bienaventuranzas\/#primaryimage"},"image":{"@id":"http:\/\/vincentians.com\/es\/pier-giorgio-frassati-el-hombre-de-las-bienaventuranzas\/#primaryimage"},"thumbnailUrl":"","datePublished":"2011-07-04T03:05:36+00:00","breadcrumb":{"@id":"http:\/\/vincentians.com\/es\/pier-giorgio-frassati-el-hombre-de-las-bienaventuranzas\/#breadcrumb"},"inLanguage":"es","potentialAction":[{"@type":"ReadAction","target":["http:\/\/vincentians.com\/es\/pier-giorgio-frassati-el-hombre-de-las-bienaventuranzas\/"]}]},{"@type":"ImageObject","inLanguage":"es","@id":"http:\/\/vincentians.com\/es\/pier-giorgio-frassati-el-hombre-de-las-bienaventuranzas\/#primaryimage","url":"","contentUrl":""},{"@type":"BreadcrumbList","@id":"http:\/\/vincentians.com\/es\/pier-giorgio-frassati-el-hombre-de-las-bienaventuranzas\/#breadcrumb","itemListElement":[{"@type":"ListItem","position":1,"name":"Portada","item":"http:\/\/vincentians.com\/es\/"},{"@type":"ListItem","position":2,"name":"Pier Giorgio Frassati, el hombre de las Bienaventuranzas"}]},{"@type":"WebSite","@id":"http:\/\/vincentians.com\/es\/#website","url":"http:\/\/vincentians.com\/es\/","name":"Somos Vicencianos","description":"Know more to serve more","publisher":{"@id":"http:\/\/vincentians.com\/es\/#organization"},"potentialAction":[{"@type":"SearchAction","target":{"@type":"EntryPoint","urlTemplate":"http:\/\/vincentians.com\/es\/?s={search_term_string}"},"query-input":{"@type":"PropertyValueSpecification","valueRequired":true,"valueName":"search_term_string"}}],"inLanguage":"es"},{"@type":"Organization","@id":"http:\/\/vincentians.com\/es\/#organization","name":"The Vincentian Network","url":"http:\/\/vincentians.com\/es\/","logo":{"@type":"ImageObject","inLanguage":"es","@id":"http:\/\/vincentians.com\/es\/#\/schema\/logo\/image\/","url":"https:\/\/i1.wp.com\/vincentians.com\/es\/wp-content\/uploads\/sites\/11\/2016\/06\/Vincentian-Network-logo-big.png?fit=778%2C778","contentUrl":"https:\/\/i1.wp.com\/vincentians.com\/es\/wp-content\/uploads\/sites\/11\/2016\/06\/Vincentian-Network-logo-big.png?fit=778%2C778","width":778,"height":778,"caption":"The Vincentian Network"},"image":{"@id":"http:\/\/vincentians.com\/es\/#\/schema\/logo\/image\/"},"sameAs":["https:\/\/www.facebook.com\/WeAreVincentians\/","https:\/\/x.com\/WeVincentians"]},{"@type":"Person","@id":"http:\/\/vincentians.com\/es\/#\/schema\/person\/9623ef4d9aa3b2dfb8c061f1499288f2","name":"Francisco Javier Fern\u00e1ndez Chento","image":{"@type":"ImageObject","inLanguage":"es","@id":"http:\/\/vincentians.com\/es\/#\/schema\/person\/image\/","url":"https:\/\/secure.gravatar.com\/avatar\/497d5cde87b4c3d097d0315953521681ba2cd523ee66e5077c3711f7021e65de?s=96&d=mm&r=g","contentUrl":"https:\/\/secure.gravatar.com\/avatar\/497d5cde87b4c3d097d0315953521681ba2cd523ee66e5077c3711f7021e65de?s=96&d=mm&r=g","caption":"Francisco Javier Fern\u00e1ndez Chento"},"description":"Director General y cofundador de La Red de Formaci\u00f3n Vicenciana. Javier es laico vicenciano, afiliado a la Congregaci\u00f3n de la Misi\u00f3n y miembro del Equipo de Misiones Populares de la provincia can\u00f3nica de Zaragoza (Espa\u00f1a) de la Congregaci\u00f3n de la Misi\u00f3n. Graduado en la Universidad Oberta de Catalunya con cuatro grados (Asistente de direcci\u00f3n, Gesti\u00f3n Administrativa, Recursos Humanos y Contabilidad Avanzada). Bil\u00edng\u00fce Espa\u00f1ol\/Ingl\u00e9s. gestiona y mantiene varias p\u00e1ginas web cristianas y vicencianas, incluida including La Red de Formaci\u00f3n Vicenciana, de la que es cofundador. Actualmente es responsable del \u00e1rea de Espa\u00f1ol de .famvin, la Red de Noticias de la Familia Vicenciana. Tambi\u00e9n es m\u00fasico cat\u00f3lico y ha editado varios discos. Es Director General y cofundador de Trovador, una reconocida compa\u00f1\u00eda discogr\u00e1fica critiana de Espa\u00f1a. Trabaja en las Tecnolog\u00edas de la Informaci\u00f3n, ofreciendo servicios de alojamiento, dise\u00f1o y mantenimiento Web, as\u00ed como asesoramiento, formaci\u00f3n y soluciones inform\u00e1ticas, gesti\u00f3n documental y digitalizaci\u00f3n de textos, edici\u00f3n y maquetaci\u00f3n de libros, revistas, flyers, etc.","sameAs":["http:\/\/chento.org","https:\/\/www.facebook.com\/JavierChento","https:\/\/x.com\/https:\/\/twitter.com\/javierchento"],"url":"http:\/\/vincentians.com\/es\/author\/chento\/"}]}},"jetpack_publicize_connections":[],"jetpack_featured_media_url":"","jetpack_sharing_enabled":true,"jetpack_shortlink":"https:\/\/wp.me\/p7ETMF-4qQ","jetpack-related-posts":[{"id":17026,"url":"http:\/\/vincentians.com\/es\/semblanza-de-pier-giorgio-frassati\/","url_meta":{"origin":17040,"position":0},"title":"Semblanza de Pier Giorgio Frassati","author":"Francisco Javier Fern\u00e1ndez Chento","date":"04\/07\/2015","format":false,"excerpt":"\"Cada d\u00eda comprendo mejor la gracia de ser cat\u00f3lico. Vivir sin fe, sin un patrimonio que defender, sin mantener una lucha por la Verdad no es vivir, sino ir tirando... Incluso a trav\u00e9s de cada desilusi\u00f3n tenemos que recordar que somos los \u00fanicos que poseemos la verdad\". Quiz\u00e1 sean pocos\u2026","rel":"","context":"En \u00abPier Giorgio Frassati\u00bb","block_context":{"text":"Pier Giorgio Frassati","link":"http:\/\/vincentians.com\/es\/category\/la-familia-vicenciana\/la-familia-vicenciana-en-los-altares\/beatos\/pier-giorgio-frassati\/"},"img":{"alt_text":"","src":"https:\/\/i0.wp.com\/vicencianos.org\/wp-content\/2011\/07\/frassati_003-300x200.jpg?resize=350%2C200","width":350,"height":200},"classes":[]},{"id":17066,"url":"http:\/\/vincentians.com\/es\/pier-giorgio-frassati-10-carta-a-antonio-severi\/","url_meta":{"origin":17040,"position":1},"title":"Pier Giorgio Frassati: 10 Carta a Antonio Severi","author":"Francisco Javier Fern\u00e1ndez Chento","date":"17\/04\/2010","format":false,"excerpt":"13 de abril de 1925 Voy a Tur\u00edn con firmes prop\u00f3sitos de no ver a nadie y estudiar intensamente en estos \u00faltimos d\u00edas con el fin de llegar a pasar el examen. Tengo miedo de no poder mantener semejante prop\u00f3sito por eso te ruego que reces por m\u00ed, a fin\u2026","rel":"","context":"En \u00abEscritos de Pier Giorgio Frassati\u00bb","block_context":{"text":"Escritos de Pier Giorgio Frassati","link":"http:\/\/vincentians.com\/es\/category\/escritos\/escritos-de-pier-giorgio-frassati\/"},"img":{"alt_text":"","src":"https:\/\/i0.wp.com\/vincentians.com\/es\/wp-content\/uploads\/sites\/11\/2016\/07\/escritos-frassati.jpg?fit=1200%2C630&resize=350%2C200","width":350,"height":200,"srcset":"https:\/\/i0.wp.com\/vincentians.com\/es\/wp-content\/uploads\/sites\/11\/2016\/07\/escritos-frassati.jpg?fit=1200%2C630&resize=350%2C200 1x, https:\/\/i0.wp.com\/vincentians.com\/es\/wp-content\/uploads\/sites\/11\/2016\/07\/escritos-frassati.jpg?fit=1200%2C630&resize=525%2C300 1.5x, https:\/\/i0.wp.com\/vincentians.com\/es\/wp-content\/uploads\/sites\/11\/2016\/07\/escritos-frassati.jpg?fit=1200%2C630&resize=700%2C400 2x, https:\/\/i0.wp.com\/vincentians.com\/es\/wp-content\/uploads\/sites\/11\/2016\/07\/escritos-frassati.jpg?fit=1200%2C630&resize=1050%2C600 3x"},"classes":[]},{"id":17082,"url":"http:\/\/vincentians.com\/es\/pier-giorgio-frassati-14-carta-a-guardia-riva-presidente-del-circulo-cesare-balbo-despues-de-la-visita-de-b-mussolini-a-turin\/","url_meta":{"origin":17040,"position":2},"title":"Pier Giorgio Frassati: 14 Carta a Guardia Riva, presidente del C\u00edrculo \u00abCesare Balbo\u00bb, despu\u00e9s de la visita de B. Mussolini a Tur\u00edn","author":"Francisco Javier Fern\u00e1ndez Chento","date":"22\/04\/2010","format":false,"excerpt":"24 de octubre de 1923 \"Estoy verdaderamente indignado porque la Bandera que tantas veces, aunque indigno, he llevado en los cortejos religiosos la has expuesto en el balc\u00f3n como homenaje a aquel que destruye las Obras p\u00edas, que no reprime a los fascistas y deja asesinar a Ministros de Dios,\u2026","rel":"","context":"En \u00abEscritos de Pier Giorgio Frassati\u00bb","block_context":{"text":"Escritos de Pier Giorgio Frassati","link":"http:\/\/vincentians.com\/es\/category\/escritos\/escritos-de-pier-giorgio-frassati\/"},"img":{"alt_text":"","src":"https:\/\/i0.wp.com\/vincentians.com\/es\/wp-content\/uploads\/sites\/11\/2016\/07\/escritos-frassati.jpg?fit=1200%2C630&resize=350%2C200","width":350,"height":200,"srcset":"https:\/\/i0.wp.com\/vincentians.com\/es\/wp-content\/uploads\/sites\/11\/2016\/07\/escritos-frassati.jpg?fit=1200%2C630&resize=350%2C200 1x, https:\/\/i0.wp.com\/vincentians.com\/es\/wp-content\/uploads\/sites\/11\/2016\/07\/escritos-frassati.jpg?fit=1200%2C630&resize=525%2C300 1.5x, https:\/\/i0.wp.com\/vincentians.com\/es\/wp-content\/uploads\/sites\/11\/2016\/07\/escritos-frassati.jpg?fit=1200%2C630&resize=700%2C400 2x, https:\/\/i0.wp.com\/vincentians.com\/es\/wp-content\/uploads\/sites\/11\/2016\/07\/escritos-frassati.jpg?fit=1200%2C630&resize=1050%2C600 3x"},"classes":[]},{"id":17065,"url":"http:\/\/vincentians.com\/es\/pier-giorgio-frassati-09-carta-a-isidoro-bonini\/","url_meta":{"origin":17040,"position":3},"title":"Pier Giorgio Frassati: 09 Carta a Isidoro Bonini","author":"Francisco Javier Fern\u00e1ndez Chento","date":"16\/04\/2010","format":false,"excerpt":"15 de abril de 1925 \"El otro d\u00eda deshojando el almanaque, hice una terrible constataci\u00f3n: que nos acerc\u00e1bamos a la mitad del mes y entonces me dije que era hora de intensificar el estudio, y entonces decid\u00ed que apenas llegado a Tur\u00edn estar\u00e9 como muerto a todo, a excepci\u00f3n de\u2026","rel":"","context":"En \u00abEscritos de Pier Giorgio Frassati\u00bb","block_context":{"text":"Escritos de Pier Giorgio Frassati","link":"http:\/\/vincentians.com\/es\/category\/escritos\/escritos-de-pier-giorgio-frassati\/"},"img":{"alt_text":"","src":"https:\/\/i0.wp.com\/vincentians.com\/es\/wp-content\/uploads\/sites\/11\/2016\/07\/escritos-frassati.jpg?fit=1200%2C630&resize=350%2C200","width":350,"height":200,"srcset":"https:\/\/i0.wp.com\/vincentians.com\/es\/wp-content\/uploads\/sites\/11\/2016\/07\/escritos-frassati.jpg?fit=1200%2C630&resize=350%2C200 1x, https:\/\/i0.wp.com\/vincentians.com\/es\/wp-content\/uploads\/sites\/11\/2016\/07\/escritos-frassati.jpg?fit=1200%2C630&resize=525%2C300 1.5x, https:\/\/i0.wp.com\/vincentians.com\/es\/wp-content\/uploads\/sites\/11\/2016\/07\/escritos-frassati.jpg?fit=1200%2C630&resize=700%2C400 2x, https:\/\/i0.wp.com\/vincentians.com\/es\/wp-content\/uploads\/sites\/11\/2016\/07\/escritos-frassati.jpg?fit=1200%2C630&resize=1050%2C600 3x"},"classes":[]},{"id":17136,"url":"http:\/\/vincentians.com\/es\/beato-pier-giorgio-frassati-3\/","url_meta":{"origin":17040,"position":4},"title":"Beato Pier Giorgio Frassati","author":"Francisco Javier Fern\u00e1ndez Chento","date":"04\/07\/2015","format":false,"excerpt":"Todo se precipit\u00f3 con rapidez. Fue cosa de semanas. Estaba ya por hacer su examen profesional para obtener el doctorado en Ingenier\u00eda, cuando contrajo una poliomielitis fulminante. Luego de seis d\u00edas de sufrimientos terribles, falleci\u00f3 el 4 de julio de 1925. Su ciudad natal \u2014Tur\u00edn\u2014 presenci\u00f3 el funeral y miles\u2026","rel":"","context":"En \u00abPier Giorgio Frassati\u00bb","block_context":{"text":"Pier Giorgio Frassati","link":"http:\/\/vincentians.com\/es\/category\/la-familia-vicenciana\/la-familia-vicenciana-en-los-altares\/beatos\/pier-giorgio-frassati\/"},"img":{"alt_text":"","src":"https:\/\/i0.wp.com\/vicencianos.org\/vicencianos\/files\/2010\/04\/frassati-con-amigos.jpg?resize=350%2C200","width":350,"height":200},"classes":[]},{"id":45499,"url":"http:\/\/vincentians.com\/es\/pier-giorgio-frassati-un-modelo-para-los-jovenes-vicencianos\/","url_meta":{"origin":17040,"position":5},"title":"Pier Giorgio Frassati: un modelo para los j\u00f3venes vicencianos","author":"Francisco Javier Fern\u00e1ndez Chento","date":"10\/03\/2018","format":false,"excerpt":"El lunes 4 de julio celebramos la fiesta del Beato Pier Giorgio Frassati, un joven miembro de la Sociedad de San Vicente de Pa\u00fal de principios del siglo XX en Italia. El beato Pier se uni\u00f3 a la Sociedad de San Vicente de Pa\u00fal cuando ten\u00eda diecisiete a\u00f1os, y sigui\u00f3\u2026","rel":"","context":"En \u00abPier Giorgio Frassati\u00bb","block_context":{"text":"Pier Giorgio Frassati","link":"http:\/\/vincentians.com\/es\/category\/la-familia-vicenciana\/la-familia-vicenciana-en-los-altares\/beatos\/pier-giorgio-frassati\/"},"img":{"alt_text":"","src":"https:\/\/i0.wp.com\/vincentians.com\/es\/wp-content\/uploads\/sites\/11\/2017\/07\/San-Vicente-7.jpg?fit=600%2C416&resize=350%2C200","width":350,"height":200,"srcset":"https:\/\/i0.wp.com\/vincentians.com\/es\/wp-content\/uploads\/sites\/11\/2017\/07\/San-Vicente-7.jpg?fit=600%2C416&resize=350%2C200 1x, https:\/\/i0.wp.com\/vincentians.com\/es\/wp-content\/uploads\/sites\/11\/2017\/07\/San-Vicente-7.jpg?fit=600%2C416&resize=525%2C300 1.5x"},"classes":[]}],"_links":{"self":[{"href":"http:\/\/vincentians.com\/es\/wp-json\/wp\/v2\/posts\/17040","targetHints":{"allow":["GET"]}}],"collection":[{"href":"http:\/\/vincentians.com\/es\/wp-json\/wp\/v2\/posts"}],"about":[{"href":"http:\/\/vincentians.com\/es\/wp-json\/wp\/v2\/types\/post"}],"author":[{"embeddable":true,"href":"http:\/\/vincentians.com\/es\/wp-json\/wp\/v2\/users\/4"}],"replies":[{"embeddable":true,"href":"http:\/\/vincentians.com\/es\/wp-json\/wp\/v2\/comments?post=17040"}],"version-history":[{"count":0,"href":"http:\/\/vincentians.com\/es\/wp-json\/wp\/v2\/posts\/17040\/revisions"}],"wp:featuredmedia":[{"embeddable":true,"href":"http:\/\/vincentians.com\/es\/wp-json\/"}],"wp:attachment":[{"href":"http:\/\/vincentians.com\/es\/wp-json\/wp\/v2\/media?parent=17040"}],"wp:term":[{"taxonomy":"category","embeddable":true,"href":"http:\/\/vincentians.com\/es\/wp-json\/wp\/v2\/categories?post=17040"},{"taxonomy":"post_tag","embeddable":true,"href":"http:\/\/vincentians.com\/es\/wp-json\/wp\/v2\/tags?post=17040"}],"curies":[{"name":"wp","href":"https:\/\/api.w.org\/{rel}","templated":true}]}}