{"id":17020,"date":"2013-11-11T01:26:01","date_gmt":"2013-11-11T00:26:01","guid":{"rendered":"http:\/\/somos.vicencianos.org\/blog\/2010\/04\/12\/giuseppe-alloatti-1857-1933-un-apostol-del-culto-eucaristico\/"},"modified":"2013-11-11T01:26:01","modified_gmt":"2013-11-11T00:26:01","slug":"giuseppe-alloatti-1857-1933-un-apostol-del-culto-eucaristico","status":"publish","type":"post","link":"http:\/\/vincentians.com\/es\/giuseppe-alloatti-1857-1933-un-apostol-del-culto-eucaristico\/","title":{"rendered":"Giuseppe Alloatti (1857-1933), Un ap\u00f3stol del culto eucar\u00edstico"},"content":{"rendered":"<p><a href=\"https:\/\/i0.wp.com\/vicencianos.org\/wp-content\/2010\/04\/alloatti1.jpg\"><img data-recalc-dims=\"1\" loading=\"lazy\" decoding=\"async\" class=\"alignright size-full wp-image-51242\" title=\"alloatti\" alt=\"\" src=\"https:\/\/i0.wp.com\/vicencianos.org\/wp-content\/2010\/04\/alloatti1.jpg?resize=146%2C211\" width=\"146\" height=\"211\" \/><\/a>El Cardenal Angelo Giuseppe Roncalli, despu\u00e9s Papa Juan XXIII, en una conversaci\u00f3n, en el \u00e1mbito de la Semana de la Oraci\u00f3n por la Unidad de los Cristianos, del t\u00edtulo <em>\u00abLa Iglesia Cat\u00f3lica en Bulgaria entre los Eslavos\u00bb <\/em>realizada el 18 de enero de 1954, entre otras cosas dijo: <em>\u00abRecuerdo todav\u00eda las angustias de aquellos diez a\u00f1os (1925\u00ad-1935), en la preocupaci\u00f3n de proveer a aquel grupo fervoroso cat\u00f3lico, \u00faltimos restos de un feliz movimiento por la Uni\u00f3n, la fundaci\u00f3n de un seminario, y los cuidados para el desarrollo de las Hermanas Eucar\u00eds\u00adticas, instituido ya de dos piamonteses, hermano y hermana, el Padre Giusepppe (Lazaristas de rito oriental) y madre Eurosia Alloatti\u00bb. <\/em>En el per\u00edodo en el cual, el futuro Papa Juan hab\u00eda sido Delegado Apost\u00f3\u00adlico en Bulgaria hab\u00eda tenido el modo de apreciar el trabajo desarro\u00adllado en los a\u00f1os precedentes de Giuseppe ed Eurosia Alloatti y se hab\u00eda empe\u00f1ado.<\/p>\n<p>Giuseppe Alloatti naci\u00f3 en Villastellone, localidad a las puertas de Tur\u00edn, el 20 de julio de 1857 de Pietro y Caterina Chicco, primo\u00adg\u00e9nito de seis entre hermanos y hermanas. Era una familia de buena condici\u00f3n social y de s\u00f3lidas tradiciones espirituales, en la cual reci\u00adbi\u00f3 ejemplo de virtudes y una buena educaci\u00f3n cristiana, de hecho tambi\u00e9n el hermano Melchiorre (1860-1914) se convirti\u00f3 sacerdote y misioneros vicentino; la hermana Eurosia fundar\u00e1 las Hermanas Eucar\u00edsticas y la hermana Cristina entrar\u00e1 entre las Sacramentinas de Tur\u00edn. Entre el 1874 y el 1877 fue alumno del Colegio que los misioneros ten\u00edan en Scarna\ufb01gi.<\/p>\n<p>Luego, hizo la petici\u00f3n para entrar en el seminario interno de la Congregaci\u00f3n de la Misi\u00f3n y el 27 de septiembre de 1877 fue recibido por el beato Marco Antonio Duranto, dos a\u00f1os despu\u00e9s, el 29 de octu\u00adbre de 1879 hizo los votos perpetuos.<\/p>\n<p>Despu\u00e9s de haber hecho el curso regular de estudios fue orde\u00adnado sacerdote en Tur\u00edn, el 24 de septiembre de 1882. Durante el estudiantado hab\u00eda deseado partir para China, pero fue enviado a Sal\u00f3 nica entonces bajo la dominaci\u00f3 n turca y de aquel momento consagr\u00f3 toda su vida a la misi\u00f3n b\u00falgaro-cat\u00f3lica, comprometi\u00e9n\u00addose a evangelizar a los b\u00fa lgaros cat\u00f3 licos y ortodoxos, residentes en Macedonia.<\/p>\n<p>Cuando lleg\u00f3 a Sal\u00f3nica, los sacerdotes de la misi\u00f3n eran pre\u00adsentes desde el 1783, el superior de la casa era Augusto Bonetti (1831-1904) que despu\u00e9s se convirti\u00f3 Delegado Apost\u00f3lico en Cons\u00adtantinopla.<\/p>\n<p>El P. Giuseppe vivi\u00f3 con empe\u00f1o y ardor misionero, gast\u00e1ndose totalmente y sin medida para la misi\u00f3n b\u00fa lgara. Escrib\u00eda en una carta al Superior General, Antonio Fiat, tres a\u00f1os despu\u00e9s del inicio de su servicio: <em>\u00abEn materia de sacri\ufb01cios, creo de no haber ahorrado nada para la salvaci\u00f3n de mis queridos b\u00falgaros. Religiosa y material\u00admente me he hecho b\u00fa lgaro y soy, en realidad, hasta la punta de los dedos; Nuestro Se\u00f1or me ha dado la gracia de familiarizarme, por as\u00ed decir, con las incomodidades peque\u00f1as y grandes, en un genero de vida as\u00ed nuevo para m\u00ed\u00bb. <\/em><\/p>\n<p>Primero de todo, se dedic\u00f3 en modo profundo a estudiar la len\u00adgua b\u00falgara, la aprendi\u00f3, en pocos meses, as\u00ed bien que se convirti\u00f3 para \u00e9l como una segunda lengua materna. De hecho la conoc\u00eda \u00abcon todas las particularidades maced\u00f3nicas\u00bb porque se hab\u00eda establecido por un tempo cerca de un Pope en un pueblo, donde no era posible comunicar en otro idioma.<\/p>\n<p>Quer\u00eda conocer usos y tradiciones para estar en grado de acoger la sensibilidad y el sentir de las personas que deb\u00eda encontrar.<\/p>\n<p>Para estar m\u00e1s listo y e\ufb01caz en el desarrollar el ministerio sacer\u00addotal cerca de las poblaciones con\ufb01adas a su cuidado, abraz\u00f3 el rito bizantino, consciente que siendo de rito latino esto pod\u00eda suscitar cualquier descon\ufb01anza y consiguientemente separaci\u00f3n entre \u00e9lysu gente. Aprendi\u00f3 la lengua lit\u00fargica eslava, revisti\u00f3h\u00e1bitos y vestidu\u00adras de los sacerdotes orientales, dej\u00f3 la Misa en rito latino por la Misa eslava. Esto por todo el tiempo que permaneci\u00f3 en las misi\u00f3n b\u00fa lgara.<\/p>\n<p>Tom\u00f3 r\u00e1pido conciencia de la pobreza espiritual y material en la cual se encontraba la gente, sobre todo en los campos de Macedonia. La situaci\u00f3n de las mujeres era todav\u00eda muy precaria bajo todos los puntos de vista, era necesario favorecer en todos los modos la ins\u00adtrucci\u00f3n de los pobres, no s\u00f3lo de los muchachos, sino tambi\u00e9n de las muchachas, ofreciendo una buena formaci\u00f3n de base.<\/p>\n<p>Desde la llegada, los primeros misioneros en Macedonia se die\u00adron cuenta que era necesario ocuparse de este problema. Hab\u00edan abierto escuelas, buscado y preparado maestros que estuvieran en capacidad de ense\u00f1ar, pero mientras algo hab\u00eda sido hecho para los muchachos, nada o casi nada se hab\u00eda hecho para las muchachas.<\/p>\n<p>Otro aspecto que impresion\u00f3 mucho al padre Giuseppe Alloatti fue la falta de decoro en la cual se encontraban muchas iglesias y el modo con el cual ven\u00edan conservadas las especies eucar\u00edsticas, pero sobre todo deseaba fuertemente incrementar la piedad eucar\u00edstica, en el curso de poco tempo madur\u00f3 la idea de fundar una comunidad de Hermanas con un doble \ufb01n: difundir el culto eucar\u00edstico y ade\u00adm\u00e1s dedicarse a la ense\u00f1anza de las muchachas pobres. Fue propio el<\/p>\n<p>P. Bonetti que un d\u00eda entre lo serio y la broma le dice: \u00abUsted deber\u00eda hacer, para Macedonia, algunas Hermanas b\u00fa lgaras, porque tenemos necesidad\u00bb. Inicialmente el P. Giuseppe no le dio mucha importancia a aquellas palabras, pero la idea se hizo camino progresivamente en su coraz\u00f3n.<\/p>\n<p>Se trataba de una impresa heroica: se necesitaban medios eco-n\u00f3micos, personas disponibles, y una colaboradora de primer plano. Alloatti no se desanim\u00f3 e involucr\u00f3 en la obra a la hermana Eurosia (1859-1920) que despu\u00e9s tom\u00f3 el nombre de Sor Cristina de Jes\u00fas, haciendo la cofundadora, animada prof\u00e9ticamente y animada de San Juan Bosco que la hab\u00eda recibido en mayo de 1887, algunos meses antes de que \u00e9ste muriera. El santo le hab\u00eda dicho: \u00abT\u00fa has orado a la Virgen, a \ufb01n de que te dijera, en cualquier modo, cu\u00e1l es tu vocaci\u00f3n. Ahora bien Ella me ha dicho que t\u00fa debes hacer eso que te dice tu hermano misionero, porque esta es la voluntad de Dios\u00bb.<\/p>\n<p>Los dos hermanos desde la infancia, m\u00e1s all\u00e1 del v\u00ednculo de san\u00adgre compart\u00edan, fuertes ideales de vida espiritual y misionera. Fueron capaces de involucrar varias personas en esta aventura misionera comenzando por los otros hermanos y hermanas, el t\u00edo sacerdote Don Francesco Chicco, primos y amigos que contribu\u00edan con dona\u00adtivos y ayudas de varios tipos.<\/p>\n<p>El mismo padre Giuseeppe contaba los inicios en una carta al limosnero de Le\u00f3n XIII, mons. Francesco de Paola Cassetta (1841\u00ad1919) despu\u00e9s cardenal, al cual se dirig\u00eda para obtener alguna ayuda concreta y que fue un aut\u00e9ntico benefactor: <em>\u00abLa Divina Providencia pens\u00f3 a esas (las muchachas)poniendo en el \u00e1nimo de mi hermana la noble vocaci\u00f3n de sacri\ufb01carse por la formaci\u00f3n religiosa y moral de la mujer b\u00fa lgara. Abandonada por lo tanto la patria y cuanto hab\u00eda de m\u00e1s querido, viene, ahora son tres a\u00f1os, a Sal\u00f3nica, donde encontr\u00f3 cuatro compa\u00f1eras que la quer\u00edan seguir en su santo \ufb01n, tom\u00f3 con ellas el rito Oriental y el h\u00e1bito de religiosa b\u00falgara formando as\u00edla peque\u00f1a Comunidad de las Eucar\u00edsticas, que ten\u00eda por \ufb01n hacer cono\u00adcer, amar y servir la Sant\u00edsima Eucarist\u00eda de las muchachas y mujeres b\u00falgaras, por medio de la instrucci\u00f3n de estas y de la manutenci\u00f3n de las iglesias pobres\u00bb. <\/em>Era el a\u00f1o 1888 cuando este camino tuvo inicio en Sal\u00f3nica.<\/p>\n<p>La situaci\u00f3n general era cuanto jam\u00e1s entorpecida, dif\u00edciles las relaciones con las autoridades turcas, delicadas las relaciones con la Iglesia Ortodoxa, era necesario moverse con equilibrio, respeto y sabidur\u00eda.<\/p>\n<p>Los dos hermanos decidieron de poner su patrimonio personal. En agosto de 1893 fue adquirida la aldea-hacienda de Paliortsi al interno de Macedonia para asegurar la existencia de la comunidad naciente y fue all\u00ed que la naciente comunidad vino transportada a Sal\u00f3nica.<\/p>\n<p>La comunidad proced\u00eda a peque\u00f1os pasos, abri\u00f3 muy r\u00e1pido un orfanato, dedicado a San Jos\u00e9, para las hu\u00e9rfanas de Macedonia.<\/p>\n<p>Sor Cristina de Jes\u00fa s revel\u00f3 de ser una mujer inteligente y vir\u00adtuosa que con abnegaci\u00f3n admirable se dedicaba a su misi\u00f3n, pero estando el Pa\u00eds en una situaci\u00f3n de gran pobreza, fue dif\u00edcil dar aquel desarrollo que ella y su hermano hab\u00edan so\u00f1ado. Va dicho adem\u00e1s que el traslado a Paliortsi hizo perder aquel \u00fa til contacto con la ciu\u00addad que aseguraba mayores ocasiones de formaci\u00f3ny\u00fatiles ocasio\u00adnes de conocimientos. Habiendo adquirido los dos hermanos una aldea, del cual de verdad no sacaban nada, todav\u00eda esto induc\u00eda a pensar que fueran ricos por lo cual fueron envidiados y robados.<\/p>\n<p>No faltaron privaciones y sufrimientos, pero tampoco cualquier satisfacci\u00f3n en las conversaciones y en el buen resultado de algunas iniciativas. La con\ufb01anza serena y total en la Divina Providencia ani\u00admaba y sosten\u00eda la obra de los dos hermanos.<\/p>\n<p>El P. Alloatti se afan\u00f3 mucho por esta fundaci\u00f3n <em>\u00abque fue la grande preocupaci\u00f3n de su vida\u00bb, <\/em>y a la cual dedic\u00f3 muchas de sus energ\u00edas f\u00edsicas y espirituales. Giraba por las localidades en las cuales su comunidad era presente, se daba cuenta de las situaciones espiri\u00adtuales y materiales, animaba, exhortaba, confesaba.<\/p>\n<p>Fue una actividad apost\u00f3 lica muy comprometida y fatigosa, se mov\u00eda a pie o con cualquier cabalgadura. Era un misionero simple y austero, por cerca de unos quince a\u00f1os <em>\u00abpara trabajar a la evangeliza\u00adci\u00f3n de Macedonia\u00bb, <\/em>se aplic\u00f3 con atenci\u00f3n a la predicaci\u00f3nyala administraci\u00f3 n de los sacramentos. Acept\u00f3 de servir en pobreza, compartiendo tantas situaciones de extrema incomodidad. El ali\u00admento consist\u00eda en la mayor\u00eda de las veces en un poco de pan y un plato de verduras, ordinariamente frijoles, las habitaciones muy inc\u00f3\u00admodas, la cama era un jerg\u00f3n de paja o una estera extendida sobre la tierra desnuda.<\/p>\n<p>Acercaba los Pope de las aldeas, escuchaba los problemas y bus\u00adcaba de formarles a \u00abuna mayor comprensi\u00f3 n de su ministerio y ense\u00f1ar a administrar los sacramentos\u00bb. Escrib\u00eda el padre Cazot:<\/p>\n<p><em>\u00abCuando hemos fundado unas residencias, en las cuales el misionero habitaba con uno de los j\u00f3venes sacerdotes por nosotros formados, la vida se convirti\u00f3m\u00e1s f\u00e1cil: el misionero pod\u00eda m\u00e1s f\u00e1cilmente volver a ganarse la residencia despu\u00e9s de haber terminado el trabajo. Pero por m\u00e1s de quince a\u00f1os el P. Alloatti vivi\u00f3 la vida de estas aldeas maced\u00f3\u00adnicas y es necesario haber conocido esta existencia para saber lo que esa representa de sufrimiento y de abnegaci\u00f3n.Yo no s\u00e9 si haya estado vida de misionero m\u00e1s heroica de la suya\u00bb. <\/em><\/p>\n<p>Fue un sacerdote de la misi\u00f3 n humilde, simple y morti\ufb01cado, \ufb01el en la observancia de las Reglas, y de las numerosas y rigurosas Cua-resmas que hay en el rito oriental.<\/p>\n<p>El apoyo de esta generosa vida apost\u00f3lica, fue un grande amor a la Eucarist\u00eda, el exordio de muchas de sus cartas era: <em>\u00abEl buen Jes\u00fas Eucar\u00edstico sea siempre con nosotros\u00bb <\/em>y una intensa y vivaz vida de oraci\u00f3n, amaba mucho hacer los ejercicios espirituales, y tambi\u00e9n entretenerse con un peque\u00f1o grupo de personas, a modo de confe\u00adrencia, para hablarles de argumentos de fe, de vida espiritual, de apostolado.<\/p>\n<p>Ten\u00eda, adem\u00e1s, una tierna devoci\u00f3n a la Sant\u00edsima Virgen, la honraba, en particular, con el t\u00edtulo de Inmaculada buscaba transmi\u00adtir este modo suyo de sentir a aquellos que acercaba. Un\u00eda a estas dotes espirituales un car\u00e1cter \u00abbueno y amable\u00bb, gustosa y alegre\u00admente estaba en recreaci\u00f3 n con los cohermanos \u00able gustaban los chistes y los juegos de palabras\u00bb.<\/p>\n<p>Las guerras balc\u00e1nicas de los a\u00f1os de 1912-1913 crearon much\u00ed\u00adsimas di\ufb01cultades a esta peque\u00f1a comunidad, como a toda la misi\u00f3n cat\u00f3lica en Macedonia.<\/p>\n<p>En la primavera de 1916 tuvieron que abandonar Pailortsi con\u00advertido en frente de primera l\u00ednea e irse a Skopje donde permanecie\u00adron hasta julio de 1920 en una situaci\u00f3n de gran precariedad. En tanto, terminada la 1\u00ba. Guerra Mundial se encontraron a enfrentar las autoridades serbas que quer\u00edan embargar todo aquello que pertene\u00adc\u00eda a las comunidades religiosas cat\u00f3licas. Las Hermanas tuvieron que trasladarse a Sof\u00eda en Bulgaria y Sor Cristina Alloatti seria y gravemente enferma regres\u00f3 a Italia en donde muri\u00f3 santamente el 26 de diciembre de 1920 en Tur\u00edn.<\/p>\n<p>Por algunos a\u00f1os, el P. Alloatti hab\u00eda comenzado seriamente a pensar de fundar una comunidad sacerdotal que tomara el nombre de Eucar\u00edsticos, los cuales como los misioneros vicentinos se dedica\u00adran, en aquellas tierras, a la predicaci\u00f3 n de las misiones parroquiales y de los Ejercicios Espirituales. Pens\u00f3 tambi\u00e9n en uno de sus primos sacerdote de la di\u00f3 cesis de Tur\u00edn, como posible rector, pero el pro\u00adyecto por diversos motivos no pudo iniciarse.<\/p>\n<p>Hab\u00eda tenido una buena salud, puesta a dura prueba por muchos sacri\ufb01cios y penurias, tanto que a la larga, ya en los \u00faltimos tiempos de su estancia en Macedonia, result\u00f3 seriamente comprometida. Han escrito de \u00e9l: <em>\u00abAgotado del trabajo intenso y de las tribulaciones, de la vida austera de misionero oriental rigurosamente \ufb01el a las costumbres del rito, incansable predicador, confesor y, sorprendentemente, de escri\u00adtor de varias obras teol\u00f3gicas, pastorales y sentencias, consumado pero no cansado (de trabajar por el Reino de Dios), pod\u00eda retirarse en la propia Congregaci\u00f3n\u00bb. <\/em><\/p>\n<p>Hab\u00eda merecido la invitaci\u00f3 n del Se\u00f1or: <em>\u00abVen siervo bueno y \ufb01el\u00bb. <\/em>Regres\u00f3 en Italia al \ufb01nal de agosto de 1927, transcurri\u00f3 un par de a\u00f1os en la casa provincial de Tur\u00edn y desde julio de 1931 en la Casa de la Paz en Chieri, edi\ufb01cando a todos por su simplicidad y donde muri\u00f3 el 27 de marzo de 1933. Hab\u00eda sido un hombre trabajador y hab\u00eda dejado algunos escritos editados in\u00e9ditos entre los cuales: <em>\u00abPanis vivus. Jes\u00fas v\u00edctima, alimento y vida del alma\u00bb, \u00abEl mes de Mar\u00eda\u00bb <\/em>y las <em>\u00abReglas de las Hermanas Eucar\u00edsticas\u00bb. <\/em><\/p>\n<p>El P. Giuseppe Alloatti es una hermosa \ufb01gura de misionero que, verdaderamente, meritar\u00eda un estudio m\u00e1s profundo que haga resal\u00adtar las virtudes, la previsi\u00f3n y la riqueza de su coraz\u00f3n misionero y vicentino.<\/p>\n","protected":false},"excerpt":{"rendered":"<p>El Cardenal Angelo Giuseppe Roncalli, despu\u00e9s Papa Juan XXIII, en una conversaci\u00f3n, en el \u00e1mbito de la Semana de la Oraci\u00f3n por la Unidad de los Cristianos, del t\u00edtulo \u00abLa Iglesia Cat\u00f3lica en Bulgaria entre &#8230; <a href=\"http:\/\/vincentians.com\/es\/giuseppe-alloatti-1857-1933-un-apostol-del-culto-eucaristico\/\" class=\"more-link\">Read More<\/a><\/p>\n","protected":false},"author":4,"featured_media":51242,"comment_status":"open","ping_status":"open","sticky":false,"template":"","format":"standard","meta":{"jetpack_post_was_ever_published":false,"_jetpack_newsletter_access":"","_jetpack_dont_email_post_to_subs":false,"_jetpack_newsletter_tier_id":0,"_jetpack_memberships_contains_paywalled_content":false,"_jetpack_memberships_contains_paid_content":false,"footnotes":"","jetpack_publicize_message":"","jetpack_publicize_feature_enabled":true,"jetpack_social_post_already_shared":true,"jetpack_social_options":{"image_generator_settings":{"template":"highway","default_image_id":0,"font":"","enabled":false},"version":2}},"categories":[345],"tags":[172],"class_list":["post-17020","post","type-post","status-publish","format-standard","has-post-thumbnail","hentry","category-giuseppe-alloatti","tag-pobreza"],"yoast_head":"<!-- This site is optimized with the Yoast SEO plugin v26.3 - https:\/\/yoast.com\/wordpress\/plugins\/seo\/ -->\n<title>Giuseppe Alloatti (1857-1933), Un ap\u00f3stol del culto eucar\u00edstico - Somos Vicencianos<\/title>\n<meta name=\"robots\" content=\"index, follow, max-snippet:-1, max-image-preview:large, max-video-preview:-1\" \/>\n<link rel=\"canonical\" href=\"http:\/\/vincentians.com\/es\/giuseppe-alloatti-1857-1933-un-apostol-del-culto-eucaristico\/\" \/>\n<meta property=\"og:locale\" content=\"es_ES\" \/>\n<meta property=\"og:type\" content=\"article\" \/>\n<meta property=\"og:title\" content=\"Giuseppe Alloatti (1857-1933), Un ap\u00f3stol del culto eucar\u00edstico - Somos Vicencianos\" \/>\n<meta property=\"og:description\" content=\"El Cardenal Angelo Giuseppe Roncalli, despu\u00e9s Papa Juan XXIII, en una conversaci\u00f3n, en el \u00e1mbito de la Semana de la Oraci\u00f3n por la Unidad de los Cristianos, del t\u00edtulo \u00abLa Iglesia Cat\u00f3lica en Bulgaria entre ... Read More\" \/>\n<meta property=\"og:url\" content=\"http:\/\/vincentians.com\/es\/giuseppe-alloatti-1857-1933-un-apostol-del-culto-eucaristico\/\" \/>\n<meta property=\"og:site_name\" content=\"Somos Vicencianos\" \/>\n<meta property=\"article:publisher\" content=\"https:\/\/www.facebook.com\/WeAreVincentians\/\" \/>\n<meta property=\"article:author\" content=\"https:\/\/www.facebook.com\/JavierChento\" \/>\n<meta property=\"article:published_time\" content=\"2013-11-11T00:26:01+00:00\" \/>\n<meta name=\"author\" content=\"Francisco Javier Fern\u00e1ndez Chento\" \/>\n<meta name=\"twitter:card\" content=\"summary_large_image\" \/>\n<meta name=\"twitter:creator\" content=\"@https:\/\/twitter.com\/javierchento\" \/>\n<meta name=\"twitter:site\" content=\"@WeVincentians\" \/>\n<meta name=\"twitter:label1\" content=\"Escrito por\" \/>\n\t<meta name=\"twitter:data1\" content=\"Francisco Javier Fern\u00e1ndez Chento\" \/>\n\t<meta name=\"twitter:label2\" content=\"Tiempo de lectura\" \/>\n\t<meta name=\"twitter:data2\" content=\"13 minutos\" \/>\n<script type=\"application\/ld+json\" class=\"yoast-schema-graph\">{\"@context\":\"https:\/\/schema.org\",\"@graph\":[{\"@type\":\"Article\",\"@id\":\"http:\/\/vincentians.com\/es\/giuseppe-alloatti-1857-1933-un-apostol-del-culto-eucaristico\/#article\",\"isPartOf\":{\"@id\":\"http:\/\/vincentians.com\/es\/giuseppe-alloatti-1857-1933-un-apostol-del-culto-eucaristico\/\"},\"author\":{\"name\":\"Francisco Javier Fern\u00e1ndez Chento\",\"@id\":\"http:\/\/vincentians.com\/es\/#\/schema\/person\/9623ef4d9aa3b2dfb8c061f1499288f2\"},\"headline\":\"Giuseppe Alloatti (1857-1933), Un ap\u00f3stol del culto eucar\u00edstico\",\"datePublished\":\"2013-11-11T00:26:01+00:00\",\"mainEntityOfPage\":{\"@id\":\"http:\/\/vincentians.com\/es\/giuseppe-alloatti-1857-1933-un-apostol-del-culto-eucaristico\/\"},\"wordCount\":2533,\"commentCount\":0,\"publisher\":{\"@id\":\"http:\/\/vincentians.com\/es\/#organization\"},\"image\":{\"@id\":\"http:\/\/vincentians.com\/es\/giuseppe-alloatti-1857-1933-un-apostol-del-culto-eucaristico\/#primaryimage\"},\"thumbnailUrl\":\"\",\"keywords\":[\"Pobreza\"],\"articleSection\":[\"Giuseppe Alloatti\"],\"inLanguage\":\"es\",\"potentialAction\":[{\"@type\":\"CommentAction\",\"name\":\"Comment\",\"target\":[\"http:\/\/vincentians.com\/es\/giuseppe-alloatti-1857-1933-un-apostol-del-culto-eucaristico\/#respond\"]}]},{\"@type\":\"WebPage\",\"@id\":\"http:\/\/vincentians.com\/es\/giuseppe-alloatti-1857-1933-un-apostol-del-culto-eucaristico\/\",\"url\":\"http:\/\/vincentians.com\/es\/giuseppe-alloatti-1857-1933-un-apostol-del-culto-eucaristico\/\",\"name\":\"Giuseppe Alloatti (1857-1933), Un ap\u00f3stol del culto eucar\u00edstico - Somos Vicencianos\",\"isPartOf\":{\"@id\":\"http:\/\/vincentians.com\/es\/#website\"},\"primaryImageOfPage\":{\"@id\":\"http:\/\/vincentians.com\/es\/giuseppe-alloatti-1857-1933-un-apostol-del-culto-eucaristico\/#primaryimage\"},\"image\":{\"@id\":\"http:\/\/vincentians.com\/es\/giuseppe-alloatti-1857-1933-un-apostol-del-culto-eucaristico\/#primaryimage\"},\"thumbnailUrl\":\"\",\"datePublished\":\"2013-11-11T00:26:01+00:00\",\"breadcrumb\":{\"@id\":\"http:\/\/vincentians.com\/es\/giuseppe-alloatti-1857-1933-un-apostol-del-culto-eucaristico\/#breadcrumb\"},\"inLanguage\":\"es\",\"potentialAction\":[{\"@type\":\"ReadAction\",\"target\":[\"http:\/\/vincentians.com\/es\/giuseppe-alloatti-1857-1933-un-apostol-del-culto-eucaristico\/\"]}]},{\"@type\":\"ImageObject\",\"inLanguage\":\"es\",\"@id\":\"http:\/\/vincentians.com\/es\/giuseppe-alloatti-1857-1933-un-apostol-del-culto-eucaristico\/#primaryimage\",\"url\":\"\",\"contentUrl\":\"\"},{\"@type\":\"BreadcrumbList\",\"@id\":\"http:\/\/vincentians.com\/es\/giuseppe-alloatti-1857-1933-un-apostol-del-culto-eucaristico\/#breadcrumb\",\"itemListElement\":[{\"@type\":\"ListItem\",\"position\":1,\"name\":\"Portada\",\"item\":\"http:\/\/vincentians.com\/es\/\"},{\"@type\":\"ListItem\",\"position\":2,\"name\":\"Giuseppe Alloatti (1857-1933), Un ap\u00f3stol del culto eucar\u00edstico\"}]},{\"@type\":\"WebSite\",\"@id\":\"http:\/\/vincentians.com\/es\/#website\",\"url\":\"http:\/\/vincentians.com\/es\/\",\"name\":\"Somos Vicencianos\",\"description\":\"Know more to serve more\",\"publisher\":{\"@id\":\"http:\/\/vincentians.com\/es\/#organization\"},\"potentialAction\":[{\"@type\":\"SearchAction\",\"target\":{\"@type\":\"EntryPoint\",\"urlTemplate\":\"http:\/\/vincentians.com\/es\/?s={search_term_string}\"},\"query-input\":{\"@type\":\"PropertyValueSpecification\",\"valueRequired\":true,\"valueName\":\"search_term_string\"}}],\"inLanguage\":\"es\"},{\"@type\":\"Organization\",\"@id\":\"http:\/\/vincentians.com\/es\/#organization\",\"name\":\"The Vincentian Network\",\"url\":\"http:\/\/vincentians.com\/es\/\",\"logo\":{\"@type\":\"ImageObject\",\"inLanguage\":\"es\",\"@id\":\"http:\/\/vincentians.com\/es\/#\/schema\/logo\/image\/\",\"url\":\"https:\/\/i1.wp.com\/vincentians.com\/es\/wp-content\/uploads\/sites\/11\/2016\/06\/Vincentian-Network-logo-big.png?fit=778%2C778\",\"contentUrl\":\"https:\/\/i1.wp.com\/vincentians.com\/es\/wp-content\/uploads\/sites\/11\/2016\/06\/Vincentian-Network-logo-big.png?fit=778%2C778\",\"width\":778,\"height\":778,\"caption\":\"The Vincentian Network\"},\"image\":{\"@id\":\"http:\/\/vincentians.com\/es\/#\/schema\/logo\/image\/\"},\"sameAs\":[\"https:\/\/www.facebook.com\/WeAreVincentians\/\",\"https:\/\/x.com\/WeVincentians\"]},{\"@type\":\"Person\",\"@id\":\"http:\/\/vincentians.com\/es\/#\/schema\/person\/9623ef4d9aa3b2dfb8c061f1499288f2\",\"name\":\"Francisco Javier Fern\u00e1ndez Chento\",\"image\":{\"@type\":\"ImageObject\",\"inLanguage\":\"es\",\"@id\":\"http:\/\/vincentians.com\/es\/#\/schema\/person\/image\/\",\"url\":\"https:\/\/secure.gravatar.com\/avatar\/497d5cde87b4c3d097d0315953521681ba2cd523ee66e5077c3711f7021e65de?s=96&d=mm&r=g\",\"contentUrl\":\"https:\/\/secure.gravatar.com\/avatar\/497d5cde87b4c3d097d0315953521681ba2cd523ee66e5077c3711f7021e65de?s=96&d=mm&r=g\",\"caption\":\"Francisco Javier Fern\u00e1ndez Chento\"},\"description\":\"Director General y cofundador de La Red de Formaci\u00f3n Vicenciana. Javier es laico vicenciano, afiliado a la Congregaci\u00f3n de la Misi\u00f3n y miembro del Equipo de Misiones Populares de la provincia can\u00f3nica de Zaragoza (Espa\u00f1a) de la Congregaci\u00f3n de la Misi\u00f3n. Graduado en la Universidad Oberta de Catalunya con cuatro grados (Asistente de direcci\u00f3n, Gesti\u00f3n Administrativa, Recursos Humanos y Contabilidad Avanzada). Bil\u00edng\u00fce Espa\u00f1ol\/Ingl\u00e9s. gestiona y mantiene varias p\u00e1ginas web cristianas y vicencianas, incluida including La Red de Formaci\u00f3n Vicenciana, de la que es cofundador. Actualmente es responsable del \u00e1rea de Espa\u00f1ol de .famvin, la Red de Noticias de la Familia Vicenciana. Tambi\u00e9n es m\u00fasico cat\u00f3lico y ha editado varios discos. Es Director General y cofundador de Trovador, una reconocida compa\u00f1\u00eda discogr\u00e1fica critiana de Espa\u00f1a. Trabaja en las Tecnolog\u00edas de la Informaci\u00f3n, ofreciendo servicios de alojamiento, dise\u00f1o y mantenimiento Web, as\u00ed como asesoramiento, formaci\u00f3n y soluciones inform\u00e1ticas, gesti\u00f3n documental y digitalizaci\u00f3n de textos, edici\u00f3n y maquetaci\u00f3n de libros, revistas, flyers, etc.\",\"sameAs\":[\"http:\/\/chento.org\",\"https:\/\/www.facebook.com\/JavierChento\",\"https:\/\/x.com\/https:\/\/twitter.com\/javierchento\"],\"url\":\"http:\/\/vincentians.com\/es\/author\/chento\/\"}]}<\/script>\n<!-- \/ Yoast SEO plugin. -->","yoast_head_json":{"title":"Giuseppe Alloatti (1857-1933), Un ap\u00f3stol del culto eucar\u00edstico - Somos Vicencianos","robots":{"index":"index","follow":"follow","max-snippet":"max-snippet:-1","max-image-preview":"max-image-preview:large","max-video-preview":"max-video-preview:-1"},"canonical":"http:\/\/vincentians.com\/es\/giuseppe-alloatti-1857-1933-un-apostol-del-culto-eucaristico\/","og_locale":"es_ES","og_type":"article","og_title":"Giuseppe Alloatti (1857-1933), Un ap\u00f3stol del culto eucar\u00edstico - Somos Vicencianos","og_description":"El Cardenal Angelo Giuseppe Roncalli, despu\u00e9s Papa Juan XXIII, en una conversaci\u00f3n, en el \u00e1mbito de la Semana de la Oraci\u00f3n por la Unidad de los Cristianos, del t\u00edtulo \u00abLa Iglesia Cat\u00f3lica en Bulgaria entre ... Read More","og_url":"http:\/\/vincentians.com\/es\/giuseppe-alloatti-1857-1933-un-apostol-del-culto-eucaristico\/","og_site_name":"Somos Vicencianos","article_publisher":"https:\/\/www.facebook.com\/WeAreVincentians\/","article_author":"https:\/\/www.facebook.com\/JavierChento","article_published_time":"2013-11-11T00:26:01+00:00","author":"Francisco Javier Fern\u00e1ndez Chento","twitter_card":"summary_large_image","twitter_creator":"@https:\/\/twitter.com\/javierchento","twitter_site":"@WeVincentians","twitter_misc":{"Escrito por":"Francisco Javier Fern\u00e1ndez Chento","Tiempo de lectura":"13 minutos"},"schema":{"@context":"https:\/\/schema.org","@graph":[{"@type":"Article","@id":"http:\/\/vincentians.com\/es\/giuseppe-alloatti-1857-1933-un-apostol-del-culto-eucaristico\/#article","isPartOf":{"@id":"http:\/\/vincentians.com\/es\/giuseppe-alloatti-1857-1933-un-apostol-del-culto-eucaristico\/"},"author":{"name":"Francisco Javier Fern\u00e1ndez Chento","@id":"http:\/\/vincentians.com\/es\/#\/schema\/person\/9623ef4d9aa3b2dfb8c061f1499288f2"},"headline":"Giuseppe Alloatti (1857-1933), Un ap\u00f3stol del culto eucar\u00edstico","datePublished":"2013-11-11T00:26:01+00:00","mainEntityOfPage":{"@id":"http:\/\/vincentians.com\/es\/giuseppe-alloatti-1857-1933-un-apostol-del-culto-eucaristico\/"},"wordCount":2533,"commentCount":0,"publisher":{"@id":"http:\/\/vincentians.com\/es\/#organization"},"image":{"@id":"http:\/\/vincentians.com\/es\/giuseppe-alloatti-1857-1933-un-apostol-del-culto-eucaristico\/#primaryimage"},"thumbnailUrl":"","keywords":["Pobreza"],"articleSection":["Giuseppe Alloatti"],"inLanguage":"es","potentialAction":[{"@type":"CommentAction","name":"Comment","target":["http:\/\/vincentians.com\/es\/giuseppe-alloatti-1857-1933-un-apostol-del-culto-eucaristico\/#respond"]}]},{"@type":"WebPage","@id":"http:\/\/vincentians.com\/es\/giuseppe-alloatti-1857-1933-un-apostol-del-culto-eucaristico\/","url":"http:\/\/vincentians.com\/es\/giuseppe-alloatti-1857-1933-un-apostol-del-culto-eucaristico\/","name":"Giuseppe Alloatti (1857-1933), Un ap\u00f3stol del culto eucar\u00edstico - Somos Vicencianos","isPartOf":{"@id":"http:\/\/vincentians.com\/es\/#website"},"primaryImageOfPage":{"@id":"http:\/\/vincentians.com\/es\/giuseppe-alloatti-1857-1933-un-apostol-del-culto-eucaristico\/#primaryimage"},"image":{"@id":"http:\/\/vincentians.com\/es\/giuseppe-alloatti-1857-1933-un-apostol-del-culto-eucaristico\/#primaryimage"},"thumbnailUrl":"","datePublished":"2013-11-11T00:26:01+00:00","breadcrumb":{"@id":"http:\/\/vincentians.com\/es\/giuseppe-alloatti-1857-1933-un-apostol-del-culto-eucaristico\/#breadcrumb"},"inLanguage":"es","potentialAction":[{"@type":"ReadAction","target":["http:\/\/vincentians.com\/es\/giuseppe-alloatti-1857-1933-un-apostol-del-culto-eucaristico\/"]}]},{"@type":"ImageObject","inLanguage":"es","@id":"http:\/\/vincentians.com\/es\/giuseppe-alloatti-1857-1933-un-apostol-del-culto-eucaristico\/#primaryimage","url":"","contentUrl":""},{"@type":"BreadcrumbList","@id":"http:\/\/vincentians.com\/es\/giuseppe-alloatti-1857-1933-un-apostol-del-culto-eucaristico\/#breadcrumb","itemListElement":[{"@type":"ListItem","position":1,"name":"Portada","item":"http:\/\/vincentians.com\/es\/"},{"@type":"ListItem","position":2,"name":"Giuseppe Alloatti (1857-1933), Un ap\u00f3stol del culto eucar\u00edstico"}]},{"@type":"WebSite","@id":"http:\/\/vincentians.com\/es\/#website","url":"http:\/\/vincentians.com\/es\/","name":"Somos Vicencianos","description":"Know more to serve more","publisher":{"@id":"http:\/\/vincentians.com\/es\/#organization"},"potentialAction":[{"@type":"SearchAction","target":{"@type":"EntryPoint","urlTemplate":"http:\/\/vincentians.com\/es\/?s={search_term_string}"},"query-input":{"@type":"PropertyValueSpecification","valueRequired":true,"valueName":"search_term_string"}}],"inLanguage":"es"},{"@type":"Organization","@id":"http:\/\/vincentians.com\/es\/#organization","name":"The Vincentian Network","url":"http:\/\/vincentians.com\/es\/","logo":{"@type":"ImageObject","inLanguage":"es","@id":"http:\/\/vincentians.com\/es\/#\/schema\/logo\/image\/","url":"https:\/\/i1.wp.com\/vincentians.com\/es\/wp-content\/uploads\/sites\/11\/2016\/06\/Vincentian-Network-logo-big.png?fit=778%2C778","contentUrl":"https:\/\/i1.wp.com\/vincentians.com\/es\/wp-content\/uploads\/sites\/11\/2016\/06\/Vincentian-Network-logo-big.png?fit=778%2C778","width":778,"height":778,"caption":"The Vincentian Network"},"image":{"@id":"http:\/\/vincentians.com\/es\/#\/schema\/logo\/image\/"},"sameAs":["https:\/\/www.facebook.com\/WeAreVincentians\/","https:\/\/x.com\/WeVincentians"]},{"@type":"Person","@id":"http:\/\/vincentians.com\/es\/#\/schema\/person\/9623ef4d9aa3b2dfb8c061f1499288f2","name":"Francisco Javier Fern\u00e1ndez Chento","image":{"@type":"ImageObject","inLanguage":"es","@id":"http:\/\/vincentians.com\/es\/#\/schema\/person\/image\/","url":"https:\/\/secure.gravatar.com\/avatar\/497d5cde87b4c3d097d0315953521681ba2cd523ee66e5077c3711f7021e65de?s=96&d=mm&r=g","contentUrl":"https:\/\/secure.gravatar.com\/avatar\/497d5cde87b4c3d097d0315953521681ba2cd523ee66e5077c3711f7021e65de?s=96&d=mm&r=g","caption":"Francisco Javier Fern\u00e1ndez Chento"},"description":"Director General y cofundador de La Red de Formaci\u00f3n Vicenciana. Javier es laico vicenciano, afiliado a la Congregaci\u00f3n de la Misi\u00f3n y miembro del Equipo de Misiones Populares de la provincia can\u00f3nica de Zaragoza (Espa\u00f1a) de la Congregaci\u00f3n de la Misi\u00f3n. Graduado en la Universidad Oberta de Catalunya con cuatro grados (Asistente de direcci\u00f3n, Gesti\u00f3n Administrativa, Recursos Humanos y Contabilidad Avanzada). Bil\u00edng\u00fce Espa\u00f1ol\/Ingl\u00e9s. gestiona y mantiene varias p\u00e1ginas web cristianas y vicencianas, incluida including La Red de Formaci\u00f3n Vicenciana, de la que es cofundador. Actualmente es responsable del \u00e1rea de Espa\u00f1ol de .famvin, la Red de Noticias de la Familia Vicenciana. Tambi\u00e9n es m\u00fasico cat\u00f3lico y ha editado varios discos. Es Director General y cofundador de Trovador, una reconocida compa\u00f1\u00eda discogr\u00e1fica critiana de Espa\u00f1a. Trabaja en las Tecnolog\u00edas de la Informaci\u00f3n, ofreciendo servicios de alojamiento, dise\u00f1o y mantenimiento Web, as\u00ed como asesoramiento, formaci\u00f3n y soluciones inform\u00e1ticas, gesti\u00f3n documental y digitalizaci\u00f3n de textos, edici\u00f3n y maquetaci\u00f3n de libros, revistas, flyers, etc.","sameAs":["http:\/\/chento.org","https:\/\/www.facebook.com\/JavierChento","https:\/\/x.com\/https:\/\/twitter.com\/javierchento"],"url":"http:\/\/vincentians.com\/es\/author\/chento\/"}]}},"jetpack_publicize_connections":[],"jetpack_featured_media_url":"","jetpack_sharing_enabled":true,"jetpack_shortlink":"https:\/\/wp.me\/p7ETMF-4qw","jetpack-related-posts":[{"id":119276,"url":"http:\/\/vincentians.com\/es\/historia-de-los-paules-en-cuba-capitulo-vi-b\/","url_meta":{"origin":17020,"position":0},"title":"Historia de los Pa\u00fales en Cuba: Cap\u00edtulo VI (B)","author":"Mitxel Olabu\u00e9naga","date":"17\/04\/2013","format":false,"excerpt":"2. Nacimiento de la Rep\u00fablica y reconstrucci\u00f3n de la Iglesia. Los colegios cat\u00f3licos. El 16 de diciembre de 1898, Su Santidad hab\u00eda designado Delegado Apost\u00f3lico para las Islas de Cuba y Puerto Rico al Arzobispo de Nueva Orleans, Mons. Placide L. Chapelle. Este prelado, que era de origen norteamericano, trabaj\u00f3\u2026","rel":"","context":"En \u00abHistoria de la Congregaci\u00f3n de la Misi\u00f3n\u00bb","block_context":{"text":"Historia de la Congregaci\u00f3n de la Misi\u00f3n","link":"http:\/\/vincentians.com\/es\/category\/historia-de-la-familia-vicenciana\/historia-de-la-congregacion-de-la-mision\/"},"img":{"alt_text":"41747943_95fc4657ec","src":"https:\/\/i0.wp.com\/vicencianos.org\/wp-content\/2013\/02\/41747943_95fc4657ec.jpg?resize=350%2C200","width":350,"height":200},"classes":[]},{"id":117161,"url":"http:\/\/vincentians.com\/es\/unitatis-redintegratio\/","url_meta":{"origin":17020,"position":1},"title":"Unitatis redintegratio","author":"Francisco Javier Fern\u00e1ndez Chento","date":"04\/11\/2018","format":false,"excerpt":"Comentario a \"Unitatis redintegratio\" Autor: Jos\u00e9 Miguel Arr\u00e1iz El documento Unitatis Redintegratio es el decreto del Concilio Vaticano II referente al ecumenismo. Fue promulgado el 20 de noviembre de 1964 con el siguiente resultado: 2054 votos a favor, 64 en contra, 6 votos iuxta modum y 5 votos nulos. Composici\u00f3n\u2026","rel":"","context":"En \u00abConcilio Vaticano II\u00bb","block_context":{"text":"Concilio Vaticano II","link":"http:\/\/vincentians.com\/es\/category\/formacion-cristiana\/concilios-ecumenicos\/concilio-vaticano-ii\/"},"img":{"alt_text":"","src":"","width":0,"height":0},"classes":[]},{"id":142916,"url":"http:\/\/vincentians.com\/es\/2o-domingo-de-pascua-reflexion-de-antonio-elduayen-c-m-3\/","url_meta":{"origin":17020,"position":2},"title":"2\u00ba Domingo de Pascua (reflexi\u00f3n de Antonio Elduayen, C.M.)","author":"Francisco Javier Fern\u00e1ndez Chento","date":"10\/04\/2015","format":false,"excerpt":"Queridos amigos, Este 2\u00ba Domingo de Pascua, por ser la octava de la Resurrecci\u00f3n del Se\u00f1or, fue siempre un D\u00eda Grande. \u201cComo si ahora hubi\u00e9ramos nacido\u2026\u201d (1 Pe 2,2), es la obertura de la liturgia, que hace referencia a cuantos por el bautismo hemos muerto y resucitado con Jesucristo. Por\u2026","rel":"","context":"En \u00abHomil\u00edas y reflexiones, A\u00f1o B\u00bb","block_context":{"text":"Homil\u00edas y reflexiones, A\u00f1o B","link":"http:\/\/vincentians.com\/es\/category\/homilias-y-reflexiones-a-la-palabra-de-dios\/homilias-y-reflexiones-ano-b\/"},"img":{"alt_text":"","src":"https:\/\/i0.wp.com\/vincentians.com\/es\/wp-content\/uploads\/sites\/11\/2016\/07\/reflexiones-palabra-de-dios.jpg?fit=1200%2C630&resize=350%2C200","width":350,"height":200,"srcset":"https:\/\/i0.wp.com\/vincentians.com\/es\/wp-content\/uploads\/sites\/11\/2016\/07\/reflexiones-palabra-de-dios.jpg?fit=1200%2C630&resize=350%2C200 1x, https:\/\/i0.wp.com\/vincentians.com\/es\/wp-content\/uploads\/sites\/11\/2016\/07\/reflexiones-palabra-de-dios.jpg?fit=1200%2C630&resize=525%2C300 1.5x, https:\/\/i0.wp.com\/vincentians.com\/es\/wp-content\/uploads\/sites\/11\/2016\/07\/reflexiones-palabra-de-dios.jpg?fit=1200%2C630&resize=700%2C400 2x, https:\/\/i0.wp.com\/vincentians.com\/es\/wp-content\/uploads\/sites\/11\/2016\/07\/reflexiones-palabra-de-dios.jpg?fit=1200%2C630&resize=1050%2C600 3x"},"classes":[]},{"id":116845,"url":"http:\/\/vincentians.com\/es\/la-congregacion-vicenciana-del-rito-siro-malabar-india\/","url_meta":{"origin":17020,"position":3},"title":"La Congregaci\u00f3n Vicenciana del rito Siro-Malabar (India)","author":"Francisco Javier Fern\u00e1ndez Chento","date":"15\/06\/2016","format":false,"excerpt":"Historia y desarrollo La INDIA es un pa\u00eds extens\u00edsimo y sumamente variado. Hacia el sur de la misma y a lo largo de la estrecha franja de su costa occidental est\u00e1 situada la regi\u00f3n denominada Malabar y tambi\u00e9n Kerala, que, con raz\u00f3n, se considera como \"el Jard\u00edn de la India\".\u2026","rel":"","context":"En \u00abCongregaci\u00f3n Vicenciana del rito Siro-Malabar\u00bb","block_context":{"text":"Congregaci\u00f3n Vicenciana del rito Siro-Malabar","link":"http:\/\/vincentians.com\/es\/category\/la-familia-vicenciana\/ramas\/congregacion-vicenciana-del-rito-siro-malabar\/"},"img":{"alt_text":"asd","src":"https:\/\/i0.wp.com\/vicencianos.org\/wp-content\/uploads\/2013\/01\/asd-3-137x300.jpg?resize=350%2C200","width":350,"height":200},"classes":[]},{"id":127666,"url":"http:\/\/vincentians.com\/es\/el-senor-portal-y-los-suyos-1855-1926-05\/","url_meta":{"origin":17020,"position":4},"title":"El Se\u00f1or Portal y los suyos (1855-1926) (05)","author":"Mitxel Olabu\u00e9naga","date":"23\/08\/2024","format":false,"excerpt":"Cap\u00edtulo II: Fernand Dalbus En la \u00f3rbita de Le\u00f3n XIII Sin contar con Lord Halifax, Portal hab\u00eda publicado un art\u00edculo bajo el seud\u00f3nimo de Amicus, en el Express du Midi del 1 de febrero de 1892. Apelaba a Le\u00f3n XIII y a William Gladstone, jefe del partido liberal ingl\u00e9s, que\u2026","rel":"","context":"En \u00abHistoria de la Congregaci\u00f3n de la Misi\u00f3n\u00bb","block_context":{"text":"Historia de la Congregaci\u00f3n de la Misi\u00f3n","link":"http:\/\/vincentians.com\/es\/category\/historia-de-la-familia-vicenciana\/historia-de-la-congregacion-de-la-mision\/"},"img":{"alt_text":"","src":"https:\/\/i0.wp.com\/vincentians.com\/es\/wp-content\/uploads\/sites\/11\/2013\/04\/f-8-scaled.jpg?fit=1200%2C570&resize=350%2C200","width":350,"height":200,"srcset":"https:\/\/i0.wp.com\/vincentians.com\/es\/wp-content\/uploads\/sites\/11\/2013\/04\/f-8-scaled.jpg?fit=1200%2C570&resize=350%2C200 1x, https:\/\/i0.wp.com\/vincentians.com\/es\/wp-content\/uploads\/sites\/11\/2013\/04\/f-8-scaled.jpg?fit=1200%2C570&resize=525%2C300 1.5x, https:\/\/i0.wp.com\/vincentians.com\/es\/wp-content\/uploads\/sites\/11\/2013\/04\/f-8-scaled.jpg?fit=1200%2C570&resize=700%2C400 2x, https:\/\/i0.wp.com\/vincentians.com\/es\/wp-content\/uploads\/sites\/11\/2013\/04\/f-8-scaled.jpg?fit=1200%2C570&resize=1050%2C600 3x"},"classes":[]},{"id":138493,"url":"http:\/\/vincentians.com\/es\/exhortacion-apostolica-evangelii-nuntiandi\/","url_meta":{"origin":17020,"position":5},"title":"Exhortaci\u00f3n Apost\u00f3lica \u00abEvangelii nuntiandi\u00bb","author":"Francisco Javier Fern\u00e1ndez Chento","date":"06\/02\/2015","format":false,"excerpt":"\u00a0 Descarga la Exhortaci\u00f3n Apost\u00f3lica \"Evangelii nuntiandi\" en formato PDF aqu\u00ed: Formato PDF (pincha en la imagen para descargar)","rel":"","context":"En \u00abDocumentos Pontificios\u00bb","block_context":{"text":"Documentos Pontificios","link":"http:\/\/vincentians.com\/es\/category\/formacion-cristiana\/documentos-pontificios\/"},"img":{"alt_text":"PDF","src":"https:\/\/i0.wp.com\/vicencianos.org\/wp-content\/2015\/02\/evangelii_nuntiandi.jpg?resize=350%2C200","width":350,"height":200},"classes":[]}],"_links":{"self":[{"href":"http:\/\/vincentians.com\/es\/wp-json\/wp\/v2\/posts\/17020","targetHints":{"allow":["GET"]}}],"collection":[{"href":"http:\/\/vincentians.com\/es\/wp-json\/wp\/v2\/posts"}],"about":[{"href":"http:\/\/vincentians.com\/es\/wp-json\/wp\/v2\/types\/post"}],"author":[{"embeddable":true,"href":"http:\/\/vincentians.com\/es\/wp-json\/wp\/v2\/users\/4"}],"replies":[{"embeddable":true,"href":"http:\/\/vincentians.com\/es\/wp-json\/wp\/v2\/comments?post=17020"}],"version-history":[{"count":0,"href":"http:\/\/vincentians.com\/es\/wp-json\/wp\/v2\/posts\/17020\/revisions"}],"wp:featuredmedia":[{"embeddable":true,"href":"http:\/\/vincentians.com\/es\/wp-json\/"}],"wp:attachment":[{"href":"http:\/\/vincentians.com\/es\/wp-json\/wp\/v2\/media?parent=17020"}],"wp:term":[{"taxonomy":"category","embeddable":true,"href":"http:\/\/vincentians.com\/es\/wp-json\/wp\/v2\/categories?post=17020"},{"taxonomy":"post_tag","embeddable":true,"href":"http:\/\/vincentians.com\/es\/wp-json\/wp\/v2\/tags?post=17020"}],"curies":[{"name":"wp","href":"https:\/\/api.w.org\/{rel}","templated":true}]}}