{"id":16985,"date":"2013-11-07T08:51:04","date_gmt":"2013-11-07T07:51:04","guid":{"rendered":"http:\/\/somos.vicencianos.org\/blog\/?p=16985"},"modified":"2016-07-27T12:10:23","modified_gmt":"2016-07-27T10:10:23","slug":"el-hermano-jean-jourdain-1627-1657","status":"publish","type":"post","link":"http:\/\/vincentians.com\/es\/el-hermano-jean-jourdain-1627-1657\/","title":{"rendered":"Jean Jourdain (1627-1657)"},"content":{"rendered":"<p><strong><a href=\"https:\/\/i0.wp.com\/vicencianos.org\/vicencianos\/files\/2010\/04\/Entorno-de-San-Vicente-24-Folleville.jpg\"><img data-recalc-dims=\"1\" loading=\"lazy\" decoding=\"async\" class=\"alignleft size-medium wp-image-16986\" alt=\"\" src=\"https:\/\/i0.wp.com\/vicencianos.org\/vicencianos\/files\/2010\/04\/Entorno-de-San-Vicente-24-Folleville-258x300.jpg?resize=258%2C300\" width=\"258\" height=\"300\" \/><\/a>JEAN JOURDAIN, Hermano coadjutor. <\/strong>1627-1657.<\/p>\n<p>Jean Jourdain hab\u00eda nacido en 1587, en el pueblo de Galny, di\u00f3cesis de Chartres.<\/p>\n<p>Entr\u00f3 en la Compa\u00f1\u00eda el 13 de febrero de 1627, algunos a\u00f1os despu\u00e9s del Sr. Brunet y seis meses antes que el\u00a0 Sr. d\u2019Horgny; fue el primer hermano coadjutor. Falleci\u00f3 el 25 de marzo de 1657.<\/p>\n<p>San Vicente nos proporciona algunos rasgos\u00a0 sobre este buen hermano en las reflexiones que hizo despu\u00e9s de la conferencia de la comunidad el d\u00eda de su entierro.<\/p>\n<p>Fue el 27 de marzo cuando san Vicente habl\u00f3 del hermano Jourdain a la comunidad, como sigue:<\/p>\n<p><em> \u00abDios sea alabado por todo lo que se acaba de decir! Nuestro buen difunto hermano Jourdain era nativo de un lugar que est\u00e1 a diez o doce leguas de aqu\u00ed, de padres campesinos; su primer empleo fue ser maestro de su regi\u00f3n, ense\u00f1ar\u00a0 a los ni\u00f1os desde que fue capaz de ello; luego al cabo de alg\u00fan tiempo, vino a Par\u00eds, all\u00ed encontr\u00f3 el modo de entrar donde la difunta Sra. marquesa de Maignelay, donde ejerc\u00eda dos oficios: el de escudero y de jefe de comedor. Era la \u00e9poca en que todo andaba todav\u00eda con esplendor en la casa de la Sra. de\u00a0 Maignelay; luego se coloc\u00f3 con un buen eclesi\u00e1stico muy rico, quien hab\u00eda recibido la orden del sacerdocio por pura piedad, el cual resid\u00eda cerca de Notre Dame; no s\u00e9 muy bien sin embargo si fue antes de que entrara\u00a0 donde la Sra. de Maignelay o despu\u00e9s. Da igual, all\u00ed donde comenc\u00e9 le conocerle fue en casa de dicha marquesa; de esto hace ya cuarenta a\u00f1os, y recuerdo que \u00e9ramos casi todos de una misma edad. Despu\u00e9s de eso, pidi\u00f3 ser recibido en la Compa\u00f1\u00eda, lo que tuvo lugar cuatro a\u00f1os despu\u00e9s que se comprometiera y reuniera para vivir en comunidad; all\u00ed fue recibido, y se le dedic\u00f3 a la cocina, luego se le llev\u00f3 a misiones; m\u00e1s tarde se el encomend\u00f3 el cargo de la despensa, de comprar todo lo que se necesitaba; y de esta forma se le entregaron todos los cargos\u00a0 convenientes a los hermanos coadjutores: \u00c9l era algo pronto, violento, pero como se ha dicho muy bien, lo reparaba pidiendo perd\u00f3n a aquellos con quienes se hab\u00eda propasado y hab\u00eda ofendido; les daba un abrazo,\u00a0 con gran ternura, pues ten\u00eda eso que se enternec\u00eda\u00a0 f\u00e1cilmente; y como le reprend\u00eda a veces por sus prontos y por ponerse a reprender a los dem\u00e1s y corregirlos, lo que no pod\u00eda hacer sin alguna amargura y contratiempo, yo le impon\u00eda a veces otra penitencia hasta llegar a veces\u00a0 a prohibirle volver a ponerse a reprender y corregir a nadie. Lo recib\u00eda bien; volv\u00eda a caer f\u00e1cilmente en sus mismas faltas, pero recib\u00eda muy bien las advertencias que se le hac\u00edan; y a veces en particular ven\u00eda a verme y me dec\u00eda: \u00abHe, Se\u00f1or, por el amor de Dios, sop\u00f3rteme, sop\u00f3rteme,\u00a0 se lo pido\u00bb. <\/em><\/p>\n<p>Aqu\u00ed el Sr. Vicente exclam\u00f3 y dijo, hablando para s\u00ed: Ay, qu\u00e9 miserable soy, le reprend\u00eda, yo que ten\u00eda tanta necesidad o m\u00e1s que \u00e9l, de ser reprendido! Bueno, que Dios se apiade de m\u00ed, si le agrada! No obstante Dios le ha dado la gracia, a pesar de todo eso, de perseverar hasta el fin en la Compa\u00f1\u00eda.<\/p>\n<p>\u00abLa virtud que hab\u00eda en \u00e9l, como ya se ha dicho,\u00a0 una gran cordialidad para con los de la Compa\u00f1\u00eda a todos, a m\u00ed mismo, al ir a verle el d\u00eda mismo de su muerte, me dijo: He, Se\u00f1or, que le abraca por \u00faltima vez!<\/p>\n<p>\u00abSe ha dicho\u00a0 el mal que tuvo en la pierna y que le ha servido de ejercicio de paciencia; de manera que ah\u00ed lo vemos al t\u00e9rmino de sus d\u00edas sufriendo. Por \u00faltimo, Se\u00f1ores, es el final que corona la obra; y bienaventurado \u00e9l por\u00a0 haber sido de alg\u00fan modo parecido a Nuestro Se\u00f1or Jesucristo que acab\u00f3 la suya sufriendo por todo el mundo en el \u00e1rbol de la cruz. Oh no, Se\u00f1ores y Hermanos m\u00edos, no nos extra\u00f1emos de ver\u00a0 a veces en ciertas personas algunos defectos, porque Dios los permite as\u00ed a veces por fines que no sabemos, pero qu\u00e9 digo yo, incluso pecados, Dios se sirve de ellos para la justificaci\u00f3n de una persona; s\u00ed, los pecados mismos en un sentido entran en el orden de nuestra predestinaci\u00f3n, y Dios saca de ellos actos de penitencia, de humildad, s\u00ed, se\u00f1ores, de humildad, que es la virtud propia de nuestro Se\u00f1or Jesucristo. Y d\u00edganme, las rosas llevan consigo sus espinas, y no hay nunca rosas sin espinas; los defectos que Dios permite estar tambi\u00e9n en algunas personas, en unos m\u00e1s, en otros menos, sirven como de ceniza para ocultar las virtudes que se encuentran en estas personas, y a fin de que, vi\u00e9ndose as\u00ed culpables, se mantengan en la humildad y la abyecci\u00f3n de s\u00ed mismas. \u00bfY qui\u00e9n no est\u00e1 sometido a ning\u00fan defecto, pues los santos mismos han estado sometidos, y no hay m\u00e1s que el Hijo de Dios y la sant\u00edsima Virgen, su madre, que se hayan visto exentos? Los Ap\u00f3stoles que hab\u00edan sido ense\u00f1ados en la escuela de Jesucristo y de su propia boca, sin embargo \u00bfsab\u00e9is lo que pas\u00f3 entre ellos? Peque\u00f1as envidias, faltas de fe; de suerte que en el momento mismo en que el Hijo de Dios subi\u00f3 al cielo, \u00e9l les reproch\u00f3 su incredulidad.<\/p>\n","protected":false},"excerpt":{"rendered":"<p>JEAN JOURDAIN, Hermano coadjutor. 1627-1657. Jean Jourdain hab\u00eda nacido en 1587, en el pueblo de Galny, di\u00f3cesis de Chartres. Entr\u00f3 en la Compa\u00f1\u00eda el 13 de febrero de 1627, algunos a\u00f1os despu\u00e9s del Sr. Brunet &#8230; <a href=\"http:\/\/vincentians.com\/es\/el-hermano-jean-jourdain-1627-1657\/\" class=\"more-link\">Read More<\/a><\/p>\n","protected":false},"author":5,"featured_media":391249,"comment_status":"open","ping_status":"open","sticky":false,"template":"","format":"standard","meta":{"jetpack_post_was_ever_published":false,"_jetpack_newsletter_access":"","_jetpack_dont_email_post_to_subs":false,"_jetpack_newsletter_tier_id":0,"_jetpack_memberships_contains_paywalled_content":false,"_jetpack_memberships_contains_paid_content":false,"footnotes":"","jetpack_publicize_message":"","jetpack_publicize_feature_enabled":true,"jetpack_social_post_already_shared":true,"jetpack_social_options":{"image_generator_settings":{"template":"highway","default_image_id":0,"font":"","enabled":false},"version":2}},"categories":[19],"tags":[175],"class_list":["post-16985","post","type-post","status-publish","format-standard","has-post-thumbnail","hentry","category-biografias-de-misioneros-paules","tag-folleville"],"yoast_head":"<!-- This site is optimized with the Yoast SEO plugin v26.3 - https:\/\/yoast.com\/wordpress\/plugins\/seo\/ -->\n<title>Jean Jourdain (1627-1657) - Somos Vicencianos<\/title>\n<meta name=\"robots\" content=\"index, follow, max-snippet:-1, max-image-preview:large, max-video-preview:-1\" \/>\n<link rel=\"canonical\" href=\"http:\/\/vincentians.com\/es\/el-hermano-jean-jourdain-1627-1657\/\" \/>\n<meta property=\"og:locale\" content=\"es_ES\" \/>\n<meta property=\"og:type\" content=\"article\" \/>\n<meta property=\"og:title\" content=\"Jean Jourdain (1627-1657) - Somos Vicencianos\" \/>\n<meta property=\"og:description\" content=\"JEAN JOURDAIN, Hermano coadjutor. 1627-1657. Jean Jourdain hab\u00eda nacido en 1587, en el pueblo de Galny, di\u00f3cesis de Chartres. Entr\u00f3 en la Compa\u00f1\u00eda el 13 de febrero de 1627, algunos a\u00f1os despu\u00e9s del Sr. Brunet ... Read More\" \/>\n<meta property=\"og:url\" content=\"http:\/\/vincentians.com\/es\/el-hermano-jean-jourdain-1627-1657\/\" \/>\n<meta property=\"og:site_name\" content=\"Somos Vicencianos\" \/>\n<meta property=\"article:publisher\" content=\"https:\/\/www.facebook.com\/WeAreVincentians\/\" \/>\n<meta property=\"article:published_time\" content=\"2013-11-07T07:51:04+00:00\" \/>\n<meta property=\"article:modified_time\" content=\"2016-07-27T10:10:23+00:00\" \/>\n<meta property=\"og:image\" content=\"https:\/\/i0.wp.com\/vincentians.com\/es\/wp-content\/uploads\/sites\/11\/2016\/07\/bio-cm.jpg?fit=1200%2C630\" \/>\n\t<meta property=\"og:image:width\" content=\"1200\" \/>\n\t<meta property=\"og:image:height\" content=\"630\" \/>\n\t<meta property=\"og:image:type\" content=\"image\/jpeg\" \/>\n<meta name=\"author\" content=\"Mitxel Olabu\u00e9naga\" \/>\n<meta name=\"twitter:card\" content=\"summary_large_image\" \/>\n<meta name=\"twitter:creator\" content=\"@WeVincentians\" \/>\n<meta name=\"twitter:site\" content=\"@WeVincentians\" \/>\n<meta name=\"twitter:label1\" content=\"Escrito por\" \/>\n\t<meta name=\"twitter:data1\" content=\"Mitxel Olabu\u00e9naga\" \/>\n\t<meta name=\"twitter:label2\" content=\"Tiempo de lectura\" \/>\n\t<meta name=\"twitter:data2\" content=\"5 minutos\" \/>\n<script type=\"application\/ld+json\" class=\"yoast-schema-graph\">{\"@context\":\"https:\/\/schema.org\",\"@graph\":[{\"@type\":\"Article\",\"@id\":\"http:\/\/vincentians.com\/es\/el-hermano-jean-jourdain-1627-1657\/#article\",\"isPartOf\":{\"@id\":\"http:\/\/vincentians.com\/es\/el-hermano-jean-jourdain-1627-1657\/\"},\"author\":{\"name\":\"Mitxel Olabu\u00e9naga\",\"@id\":\"https:\/\/vincentians.com\/es\/#\/schema\/person\/7c2670b4445a7ca9d164ea6acdb31859\"},\"headline\":\"Jean Jourdain (1627-1657)\",\"datePublished\":\"2013-11-07T07:51:04+00:00\",\"dateModified\":\"2016-07-27T10:10:23+00:00\",\"mainEntityOfPage\":{\"@id\":\"http:\/\/vincentians.com\/es\/el-hermano-jean-jourdain-1627-1657\/\"},\"wordCount\":968,\"commentCount\":0,\"publisher\":{\"@id\":\"https:\/\/vincentians.com\/es\/#organization\"},\"image\":{\"@id\":\"http:\/\/vincentians.com\/es\/el-hermano-jean-jourdain-1627-1657\/#primaryimage\"},\"thumbnailUrl\":\"https:\/\/i0.wp.com\/vincentians.com\/es\/wp-content\/uploads\/sites\/11\/2016\/07\/bio-cm.jpg?fit=1200%2C630\",\"keywords\":[\"Folleville\"],\"articleSection\":[\"Biograf\u00edas de Misioneros Pa\u00fales\"],\"inLanguage\":\"es\",\"potentialAction\":[{\"@type\":\"CommentAction\",\"name\":\"Comment\",\"target\":[\"http:\/\/vincentians.com\/es\/el-hermano-jean-jourdain-1627-1657\/#respond\"]}]},{\"@type\":\"WebPage\",\"@id\":\"http:\/\/vincentians.com\/es\/el-hermano-jean-jourdain-1627-1657\/\",\"url\":\"http:\/\/vincentians.com\/es\/el-hermano-jean-jourdain-1627-1657\/\",\"name\":\"Jean Jourdain (1627-1657) - Somos Vicencianos\",\"isPartOf\":{\"@id\":\"https:\/\/vincentians.com\/es\/#website\"},\"primaryImageOfPage\":{\"@id\":\"http:\/\/vincentians.com\/es\/el-hermano-jean-jourdain-1627-1657\/#primaryimage\"},\"image\":{\"@id\":\"http:\/\/vincentians.com\/es\/el-hermano-jean-jourdain-1627-1657\/#primaryimage\"},\"thumbnailUrl\":\"https:\/\/i0.wp.com\/vincentians.com\/es\/wp-content\/uploads\/sites\/11\/2016\/07\/bio-cm.jpg?fit=1200%2C630\",\"datePublished\":\"2013-11-07T07:51:04+00:00\",\"dateModified\":\"2016-07-27T10:10:23+00:00\",\"breadcrumb\":{\"@id\":\"http:\/\/vincentians.com\/es\/el-hermano-jean-jourdain-1627-1657\/#breadcrumb\"},\"inLanguage\":\"es\",\"potentialAction\":[{\"@type\":\"ReadAction\",\"target\":[\"http:\/\/vincentians.com\/es\/el-hermano-jean-jourdain-1627-1657\/\"]}]},{\"@type\":\"ImageObject\",\"inLanguage\":\"es\",\"@id\":\"http:\/\/vincentians.com\/es\/el-hermano-jean-jourdain-1627-1657\/#primaryimage\",\"url\":\"https:\/\/i0.wp.com\/vincentians.com\/es\/wp-content\/uploads\/sites\/11\/2016\/07\/bio-cm.jpg?fit=1200%2C630\",\"contentUrl\":\"https:\/\/i0.wp.com\/vincentians.com\/es\/wp-content\/uploads\/sites\/11\/2016\/07\/bio-cm.jpg?fit=1200%2C630\",\"width\":1200,\"height\":630},{\"@type\":\"BreadcrumbList\",\"@id\":\"http:\/\/vincentians.com\/es\/el-hermano-jean-jourdain-1627-1657\/#breadcrumb\",\"itemListElement\":[{\"@type\":\"ListItem\",\"position\":1,\"name\":\"Portada\",\"item\":\"https:\/\/vincentians.com\/es\/\"},{\"@type\":\"ListItem\",\"position\":2,\"name\":\"Jean Jourdain (1627-1657)\"}]},{\"@type\":\"WebSite\",\"@id\":\"https:\/\/vincentians.com\/es\/#website\",\"url\":\"https:\/\/vincentians.com\/es\/\",\"name\":\"Somos Vicencianos\",\"description\":\"Know more to serve more\",\"publisher\":{\"@id\":\"https:\/\/vincentians.com\/es\/#organization\"},\"potentialAction\":[{\"@type\":\"SearchAction\",\"target\":{\"@type\":\"EntryPoint\",\"urlTemplate\":\"https:\/\/vincentians.com\/es\/?s={search_term_string}\"},\"query-input\":{\"@type\":\"PropertyValueSpecification\",\"valueRequired\":true,\"valueName\":\"search_term_string\"}}],\"inLanguage\":\"es\"},{\"@type\":\"Organization\",\"@id\":\"https:\/\/vincentians.com\/es\/#organization\",\"name\":\"The Vincentian Network\",\"url\":\"https:\/\/vincentians.com\/es\/\",\"logo\":{\"@type\":\"ImageObject\",\"inLanguage\":\"es\",\"@id\":\"https:\/\/vincentians.com\/es\/#\/schema\/logo\/image\/\",\"url\":\"https:\/\/i1.wp.com\/vincentians.com\/es\/wp-content\/uploads\/sites\/11\/2016\/06\/Vincentian-Network-logo-big.png?fit=778%2C778\",\"contentUrl\":\"https:\/\/i1.wp.com\/vincentians.com\/es\/wp-content\/uploads\/sites\/11\/2016\/06\/Vincentian-Network-logo-big.png?fit=778%2C778\",\"width\":778,\"height\":778,\"caption\":\"The Vincentian Network\"},\"image\":{\"@id\":\"https:\/\/vincentians.com\/es\/#\/schema\/logo\/image\/\"},\"sameAs\":[\"https:\/\/www.facebook.com\/WeAreVincentians\/\",\"https:\/\/x.com\/WeVincentians\"]},{\"@type\":\"Person\",\"@id\":\"https:\/\/vincentians.com\/es\/#\/schema\/person\/7c2670b4445a7ca9d164ea6acdb31859\",\"name\":\"Mitxel Olabu\u00e9naga\",\"image\":{\"@type\":\"ImageObject\",\"inLanguage\":\"es\",\"@id\":\"https:\/\/vincentians.com\/es\/#\/schema\/person\/image\/\",\"url\":\"https:\/\/secure.gravatar.com\/avatar\/34137ec2e2b8939cbbed975731e71f3f4f1defc7266ded337a5ce0f925426877?s=96&d=mm&r=g\",\"contentUrl\":\"https:\/\/secure.gravatar.com\/avatar\/34137ec2e2b8939cbbed975731e71f3f4f1defc7266ded337a5ce0f925426877?s=96&d=mm&r=g\",\"caption\":\"Mitxel Olabu\u00e9naga\"},\"url\":\"http:\/\/vincentians.com\/es\/author\/mitxel\/\"}]}<\/script>\n<!-- \/ Yoast SEO plugin. -->","yoast_head_json":{"title":"Jean Jourdain (1627-1657) - Somos Vicencianos","robots":{"index":"index","follow":"follow","max-snippet":"max-snippet:-1","max-image-preview":"max-image-preview:large","max-video-preview":"max-video-preview:-1"},"canonical":"http:\/\/vincentians.com\/es\/el-hermano-jean-jourdain-1627-1657\/","og_locale":"es_ES","og_type":"article","og_title":"Jean Jourdain (1627-1657) - Somos Vicencianos","og_description":"JEAN JOURDAIN, Hermano coadjutor. 1627-1657. Jean Jourdain hab\u00eda nacido en 1587, en el pueblo de Galny, di\u00f3cesis de Chartres. Entr\u00f3 en la Compa\u00f1\u00eda el 13 de febrero de 1627, algunos a\u00f1os despu\u00e9s del Sr. Brunet ... Read More","og_url":"http:\/\/vincentians.com\/es\/el-hermano-jean-jourdain-1627-1657\/","og_site_name":"Somos Vicencianos","article_publisher":"https:\/\/www.facebook.com\/WeAreVincentians\/","article_published_time":"2013-11-07T07:51:04+00:00","article_modified_time":"2016-07-27T10:10:23+00:00","og_image":[{"width":1200,"height":630,"url":"https:\/\/i0.wp.com\/vincentians.com\/es\/wp-content\/uploads\/sites\/11\/2016\/07\/bio-cm.jpg?fit=1200%2C630","type":"image\/jpeg"}],"author":"Mitxel Olabu\u00e9naga","twitter_card":"summary_large_image","twitter_creator":"@WeVincentians","twitter_site":"@WeVincentians","twitter_misc":{"Escrito por":"Mitxel Olabu\u00e9naga","Tiempo de lectura":"5 minutos"},"schema":{"@context":"https:\/\/schema.org","@graph":[{"@type":"Article","@id":"http:\/\/vincentians.com\/es\/el-hermano-jean-jourdain-1627-1657\/#article","isPartOf":{"@id":"http:\/\/vincentians.com\/es\/el-hermano-jean-jourdain-1627-1657\/"},"author":{"name":"Mitxel Olabu\u00e9naga","@id":"https:\/\/vincentians.com\/es\/#\/schema\/person\/7c2670b4445a7ca9d164ea6acdb31859"},"headline":"Jean Jourdain (1627-1657)","datePublished":"2013-11-07T07:51:04+00:00","dateModified":"2016-07-27T10:10:23+00:00","mainEntityOfPage":{"@id":"http:\/\/vincentians.com\/es\/el-hermano-jean-jourdain-1627-1657\/"},"wordCount":968,"commentCount":0,"publisher":{"@id":"https:\/\/vincentians.com\/es\/#organization"},"image":{"@id":"http:\/\/vincentians.com\/es\/el-hermano-jean-jourdain-1627-1657\/#primaryimage"},"thumbnailUrl":"https:\/\/i0.wp.com\/vincentians.com\/es\/wp-content\/uploads\/sites\/11\/2016\/07\/bio-cm.jpg?fit=1200%2C630","keywords":["Folleville"],"articleSection":["Biograf\u00edas de Misioneros Pa\u00fales"],"inLanguage":"es","potentialAction":[{"@type":"CommentAction","name":"Comment","target":["http:\/\/vincentians.com\/es\/el-hermano-jean-jourdain-1627-1657\/#respond"]}]},{"@type":"WebPage","@id":"http:\/\/vincentians.com\/es\/el-hermano-jean-jourdain-1627-1657\/","url":"http:\/\/vincentians.com\/es\/el-hermano-jean-jourdain-1627-1657\/","name":"Jean Jourdain (1627-1657) - Somos Vicencianos","isPartOf":{"@id":"https:\/\/vincentians.com\/es\/#website"},"primaryImageOfPage":{"@id":"http:\/\/vincentians.com\/es\/el-hermano-jean-jourdain-1627-1657\/#primaryimage"},"image":{"@id":"http:\/\/vincentians.com\/es\/el-hermano-jean-jourdain-1627-1657\/#primaryimage"},"thumbnailUrl":"https:\/\/i0.wp.com\/vincentians.com\/es\/wp-content\/uploads\/sites\/11\/2016\/07\/bio-cm.jpg?fit=1200%2C630","datePublished":"2013-11-07T07:51:04+00:00","dateModified":"2016-07-27T10:10:23+00:00","breadcrumb":{"@id":"http:\/\/vincentians.com\/es\/el-hermano-jean-jourdain-1627-1657\/#breadcrumb"},"inLanguage":"es","potentialAction":[{"@type":"ReadAction","target":["http:\/\/vincentians.com\/es\/el-hermano-jean-jourdain-1627-1657\/"]}]},{"@type":"ImageObject","inLanguage":"es","@id":"http:\/\/vincentians.com\/es\/el-hermano-jean-jourdain-1627-1657\/#primaryimage","url":"https:\/\/i0.wp.com\/vincentians.com\/es\/wp-content\/uploads\/sites\/11\/2016\/07\/bio-cm.jpg?fit=1200%2C630","contentUrl":"https:\/\/i0.wp.com\/vincentians.com\/es\/wp-content\/uploads\/sites\/11\/2016\/07\/bio-cm.jpg?fit=1200%2C630","width":1200,"height":630},{"@type":"BreadcrumbList","@id":"http:\/\/vincentians.com\/es\/el-hermano-jean-jourdain-1627-1657\/#breadcrumb","itemListElement":[{"@type":"ListItem","position":1,"name":"Portada","item":"https:\/\/vincentians.com\/es\/"},{"@type":"ListItem","position":2,"name":"Jean Jourdain (1627-1657)"}]},{"@type":"WebSite","@id":"https:\/\/vincentians.com\/es\/#website","url":"https:\/\/vincentians.com\/es\/","name":"Somos Vicencianos","description":"Know more to serve more","publisher":{"@id":"https:\/\/vincentians.com\/es\/#organization"},"potentialAction":[{"@type":"SearchAction","target":{"@type":"EntryPoint","urlTemplate":"https:\/\/vincentians.com\/es\/?s={search_term_string}"},"query-input":{"@type":"PropertyValueSpecification","valueRequired":true,"valueName":"search_term_string"}}],"inLanguage":"es"},{"@type":"Organization","@id":"https:\/\/vincentians.com\/es\/#organization","name":"The Vincentian Network","url":"https:\/\/vincentians.com\/es\/","logo":{"@type":"ImageObject","inLanguage":"es","@id":"https:\/\/vincentians.com\/es\/#\/schema\/logo\/image\/","url":"https:\/\/i1.wp.com\/vincentians.com\/es\/wp-content\/uploads\/sites\/11\/2016\/06\/Vincentian-Network-logo-big.png?fit=778%2C778","contentUrl":"https:\/\/i1.wp.com\/vincentians.com\/es\/wp-content\/uploads\/sites\/11\/2016\/06\/Vincentian-Network-logo-big.png?fit=778%2C778","width":778,"height":778,"caption":"The Vincentian Network"},"image":{"@id":"https:\/\/vincentians.com\/es\/#\/schema\/logo\/image\/"},"sameAs":["https:\/\/www.facebook.com\/WeAreVincentians\/","https:\/\/x.com\/WeVincentians"]},{"@type":"Person","@id":"https:\/\/vincentians.com\/es\/#\/schema\/person\/7c2670b4445a7ca9d164ea6acdb31859","name":"Mitxel Olabu\u00e9naga","image":{"@type":"ImageObject","inLanguage":"es","@id":"https:\/\/vincentians.com\/es\/#\/schema\/person\/image\/","url":"https:\/\/secure.gravatar.com\/avatar\/34137ec2e2b8939cbbed975731e71f3f4f1defc7266ded337a5ce0f925426877?s=96&d=mm&r=g","contentUrl":"https:\/\/secure.gravatar.com\/avatar\/34137ec2e2b8939cbbed975731e71f3f4f1defc7266ded337a5ce0f925426877?s=96&d=mm&r=g","caption":"Mitxel Olabu\u00e9naga"},"url":"http:\/\/vincentians.com\/es\/author\/mitxel\/"}]}},"jetpack_publicize_connections":[],"jetpack_featured_media_url":"https:\/\/i0.wp.com\/vincentians.com\/es\/wp-content\/uploads\/sites\/11\/2016\/07\/bio-cm.jpg?fit=1200%2C630","jetpack_sharing_enabled":true,"jetpack_shortlink":"https:\/\/wp.me\/p7ETMF-4pX","jetpack-related-posts":[{"id":116931,"url":"http:\/\/vincentians.com\/es\/el-hermano-coadjutor-de-hoy-1969\/","url_meta":{"origin":16985,"position":0},"title":"El Hermano Coadjutor de hoy (1969)","author":"Francisco Javier Fern\u00e1ndez Chento","date":"25\/11\/2018","format":false,"excerpt":"El Concilio Vaticano II sopl\u00f3 aires de renovaci\u00f3n en todos los \u00e1mbitos de la Iglesia. El mundo evolucion\u00f3 con los siglos y la Iglesia de Cristo, divina, pero al mismo tiempo anclada en este mundo, ha de acomodarse al paso de los tiempos. El Decreto \"Perfectae Caritatis\" nos dice qu\u00e9\u2026","rel":"","context":"En \u00abFormaci\u00f3n Vicenciana\u00bb","block_context":{"text":"Formaci\u00f3n Vicenciana","link":"http:\/\/vincentians.com\/es\/category\/formacion-vicenciana\/"},"img":{"alt_text":"","src":"https:\/\/i0.wp.com\/vincentians.com\/es\/wp-content\/uploads\/sites\/11\/2017\/02\/400-aniversario-carisma.jpg?fit=1200%2C630&resize=350%2C200","width":350,"height":200,"srcset":"https:\/\/i0.wp.com\/vincentians.com\/es\/wp-content\/uploads\/sites\/11\/2017\/02\/400-aniversario-carisma.jpg?fit=1200%2C630&resize=350%2C200 1x, https:\/\/i0.wp.com\/vincentians.com\/es\/wp-content\/uploads\/sites\/11\/2017\/02\/400-aniversario-carisma.jpg?fit=1200%2C630&resize=525%2C300 1.5x, https:\/\/i0.wp.com\/vincentians.com\/es\/wp-content\/uploads\/sites\/11\/2017\/02\/400-aniversario-carisma.jpg?fit=1200%2C630&resize=700%2C400 2x, https:\/\/i0.wp.com\/vincentians.com\/es\/wp-content\/uploads\/sites\/11\/2017\/02\/400-aniversario-carisma.jpg?fit=1200%2C630&resize=1050%2C600 3x"},"classes":[]},{"id":16067,"url":"http:\/\/vincentians.com\/es\/tal-dia-como-hoy-27-de-abril\/","url_meta":{"origin":16985,"position":1},"title":"Tal d\u00eda como hoy: 27 de abril","author":"Francisco Javier Fern\u00e1ndez Chento","date":"27\/04\/2017","format":false,"excerpt":"1656. Consejo de la Compa\u00f1\u00eda de las Hijas de la Caridad. Vicente dice que la Compa\u00f1\u00eda debe amar el desprecio. Luisa de Marillac le pide que d\u00e9 medios s\u00f3lidos para adquirir esta virtud. Vicente contesta que no hay otro que el de humillarse: \"El arte de amar a Dios es\u2026","rel":"","context":"En \u00abEfem\u00e9rides Vicencianas\u00bb","block_context":{"text":"Efem\u00e9rides Vicencianas","link":"http:\/\/vincentians.com\/es\/category\/historia-de-la-familia-vicenciana\/efemerides-vicencianas\/"},"img":{"alt_text":"","src":"https:\/\/i0.wp.com\/vincentians.com\/es\/wp-content\/uploads\/sites\/11\/2016\/07\/ephemerides-fb.jpg?fit=1200%2C630&resize=350%2C200","width":350,"height":200,"srcset":"https:\/\/i0.wp.com\/vincentians.com\/es\/wp-content\/uploads\/sites\/11\/2016\/07\/ephemerides-fb.jpg?fit=1200%2C630&resize=350%2C200 1x, https:\/\/i0.wp.com\/vincentians.com\/es\/wp-content\/uploads\/sites\/11\/2016\/07\/ephemerides-fb.jpg?fit=1200%2C630&resize=525%2C300 1.5x, https:\/\/i0.wp.com\/vincentians.com\/es\/wp-content\/uploads\/sites\/11\/2016\/07\/ephemerides-fb.jpg?fit=1200%2C630&resize=700%2C400 2x, https:\/\/i0.wp.com\/vincentians.com\/es\/wp-content\/uploads\/sites\/11\/2016\/07\/ephemerides-fb.jpg?fit=1200%2C630&resize=1050%2C600 3x"},"classes":[]},{"id":13841,"url":"http:\/\/vincentians.com\/es\/tal-dia-como-hoy-25-de-marzo\/","url_meta":{"origin":16985,"position":2},"title":"Tal d\u00eda como hoy: 25 de marzo","author":"Francisco Javier Fern\u00e1ndez Chento","date":"25\/03\/2017","format":false,"excerpt":"1642. Durante la misa de este d\u00eda, fiesta de la Anunciaci\u00f3n, Luisa de Marillac, sor B\u00e1rbara Angiboust y otras tres hermanas emiten votos perpetuos al servicio de los pobres. Son las primeras Hijas de la Caridad que hacen los votos. 1644. En la iglesia de San Nicol\u00e1s del Chardonnet, Luisa\u2026","rel":"","context":"En \u00abEfem\u00e9rides Vicencianas\u00bb","block_context":{"text":"Efem\u00e9rides Vicencianas","link":"http:\/\/vincentians.com\/es\/category\/historia-de-la-familia-vicenciana\/efemerides-vicencianas\/"},"img":{"alt_text":"","src":"https:\/\/i0.wp.com\/vincentians.com\/es\/wp-content\/uploads\/sites\/11\/2016\/07\/ephemerides-fb.jpg?fit=1200%2C630&resize=350%2C200","width":350,"height":200,"srcset":"https:\/\/i0.wp.com\/vincentians.com\/es\/wp-content\/uploads\/sites\/11\/2016\/07\/ephemerides-fb.jpg?fit=1200%2C630&resize=350%2C200 1x, https:\/\/i0.wp.com\/vincentians.com\/es\/wp-content\/uploads\/sites\/11\/2016\/07\/ephemerides-fb.jpg?fit=1200%2C630&resize=525%2C300 1.5x, https:\/\/i0.wp.com\/vincentians.com\/es\/wp-content\/uploads\/sites\/11\/2016\/07\/ephemerides-fb.jpg?fit=1200%2C630&resize=700%2C400 2x, https:\/\/i0.wp.com\/vincentians.com\/es\/wp-content\/uploads\/sites\/11\/2016\/07\/ephemerides-fb.jpg?fit=1200%2C630&resize=1050%2C600 3x"},"classes":[]},{"id":12296,"url":"http:\/\/vincentians.com\/es\/vicente-de-paul-conferencia-089-conferencia-del-27-de-abril-de-1657\/","url_meta":{"origin":16985,"position":3},"title":"Vicente de Pa\u00fal, Conferencia 089: Conferencia Del 27 De Abril De 1657","author":"Francisco Javier Fern\u00e1ndez Chento","date":"27\/08\/2009","format":false,"excerpt":"SOBRE LAS VIRTUDES DEL HERMANO JOURDAIN Vida del hermano Jourdain, su car\u00e1cter y sus virtudes. Pr\u00e1ctica de la humildad y medios para no desanimarse en las tentaciones. La conferencia trataba de la muerte de nuestro difunto hermano Juan Jourdain, el primer hermano coadjutor y el m\u00e1s antiguo de la compa\u00f1\u00eda,\u2026","rel":"","context":"En \u00abEscritos de Vicente de Pa\u00fal\u00bb","block_context":{"text":"Escritos de Vicente de Pa\u00fal","link":"http:\/\/vincentians.com\/es\/category\/escritos\/escritos-de-vicente-de-paul\/"},"img":{"alt_text":"","src":"https:\/\/i0.wp.com\/vincentians.com\/es\/wp-content\/uploads\/sites\/11\/2016\/07\/escritos-vicente-de-paul.jpg?fit=1200%2C630&resize=350%2C200","width":350,"height":200,"srcset":"https:\/\/i0.wp.com\/vincentians.com\/es\/wp-content\/uploads\/sites\/11\/2016\/07\/escritos-vicente-de-paul.jpg?fit=1200%2C630&resize=350%2C200 1x, https:\/\/i0.wp.com\/vincentians.com\/es\/wp-content\/uploads\/sites\/11\/2016\/07\/escritos-vicente-de-paul.jpg?fit=1200%2C630&resize=525%2C300 1.5x, https:\/\/i0.wp.com\/vincentians.com\/es\/wp-content\/uploads\/sites\/11\/2016\/07\/escritos-vicente-de-paul.jpg?fit=1200%2C630&resize=700%2C400 2x, https:\/\/i0.wp.com\/vincentians.com\/es\/wp-content\/uploads\/sites\/11\/2016\/07\/escritos-vicente-de-paul.jpg?fit=1200%2C630&resize=1050%2C600 3x"},"classes":[]},{"id":12902,"url":"http:\/\/vincentians.com\/es\/vicente-de-paul-documento-108-toma-de-posesion-del-colegio-de-bons-enfants-en-nombre-de-la-congregacion-de-la-mision\/","url_meta":{"origin":16985,"position":4},"title":"Vicente de Pa\u00fal, Documento 108: Toma De Posesion Del Colegio De Bons-Enfants En Nombre De La Congregacion De La Mision","author":"Francisco Javier Fern\u00e1ndez Chento","date":"26\/03\/2010","format":false,"excerpt":"15 julio 1627 El d\u00eda 15 de julio de 1627, yo el infrascrito Pedro Legay, notario jurado p\u00fablico de la curia arzobispal de Par\u00eds por autoridad apost\u00f3lica, debidamente matriculado, domiciliado en Paris, en el barrio nuevo de la Virgen Mar\u00eda, en virtud y fuerza de las cartas de colaci\u00f3n, provisi\u00f3n\u2026","rel":"","context":"En \u00abEscritos de Vicente de Pa\u00fal\u00bb","block_context":{"text":"Escritos de Vicente de Pa\u00fal","link":"http:\/\/vincentians.com\/es\/category\/escritos\/escritos-de-vicente-de-paul\/"},"img":{"alt_text":"","src":"https:\/\/i0.wp.com\/vincentians.com\/es\/wp-content\/uploads\/sites\/11\/2016\/07\/escritos-vicente-de-paul.jpg?fit=1200%2C630&resize=350%2C200","width":350,"height":200,"srcset":"https:\/\/i0.wp.com\/vincentians.com\/es\/wp-content\/uploads\/sites\/11\/2016\/07\/escritos-vicente-de-paul.jpg?fit=1200%2C630&resize=350%2C200 1x, https:\/\/i0.wp.com\/vincentians.com\/es\/wp-content\/uploads\/sites\/11\/2016\/07\/escritos-vicente-de-paul.jpg?fit=1200%2C630&resize=525%2C300 1.5x, https:\/\/i0.wp.com\/vincentians.com\/es\/wp-content\/uploads\/sites\/11\/2016\/07\/escritos-vicente-de-paul.jpg?fit=1200%2C630&resize=700%2C400 2x, https:\/\/i0.wp.com\/vincentians.com\/es\/wp-content\/uploads\/sites\/11\/2016\/07\/escritos-vicente-de-paul.jpg?fit=1200%2C630&resize=1050%2C600 3x"},"classes":[]},{"id":30506,"url":"http:\/\/vincentians.com\/es\/vicente-de-paul-carta-0532-a-luisa-de-marillac\/","url_meta":{"origin":16985,"position":5},"title":"Vicente de Pa\u00fal, Carta 0532: A Luisa De Marillac","author":"Francisco Javier Fern\u00e1ndez Chento","date":"14\/03\/2011","format":false,"excerpt":"[8 de febrero de 1641] Se\u00f1orita: \u00a1Bendito sea Dios de que la buena hermana Mar\u00eda haya tomado esa decisi\u00f3n! M\u00e1s vale as\u00ed, ya que usted cree que la de Beauvais tiene las debidas disposiciones para recibir el cargo de Saint-Germain; in nomine Domini, haga usted el favor de enviarla. Se\u2026","rel":"","context":"En \u00abEscritos de Vicente de Pa\u00fal\u00bb","block_context":{"text":"Escritos de Vicente de Pa\u00fal","link":"http:\/\/vincentians.com\/es\/category\/escritos\/escritos-de-vicente-de-paul\/"},"img":{"alt_text":"","src":"https:\/\/i0.wp.com\/vincentians.com\/es\/wp-content\/uploads\/sites\/11\/2016\/07\/escritos-vicente-de-paul.jpg?fit=1200%2C630&resize=350%2C200","width":350,"height":200,"srcset":"https:\/\/i0.wp.com\/vincentians.com\/es\/wp-content\/uploads\/sites\/11\/2016\/07\/escritos-vicente-de-paul.jpg?fit=1200%2C630&resize=350%2C200 1x, https:\/\/i0.wp.com\/vincentians.com\/es\/wp-content\/uploads\/sites\/11\/2016\/07\/escritos-vicente-de-paul.jpg?fit=1200%2C630&resize=525%2C300 1.5x, https:\/\/i0.wp.com\/vincentians.com\/es\/wp-content\/uploads\/sites\/11\/2016\/07\/escritos-vicente-de-paul.jpg?fit=1200%2C630&resize=700%2C400 2x, https:\/\/i0.wp.com\/vincentians.com\/es\/wp-content\/uploads\/sites\/11\/2016\/07\/escritos-vicente-de-paul.jpg?fit=1200%2C630&resize=1050%2C600 3x"},"classes":[]}],"_links":{"self":[{"href":"http:\/\/vincentians.com\/es\/wp-json\/wp\/v2\/posts\/16985","targetHints":{"allow":["GET"]}}],"collection":[{"href":"http:\/\/vincentians.com\/es\/wp-json\/wp\/v2\/posts"}],"about":[{"href":"http:\/\/vincentians.com\/es\/wp-json\/wp\/v2\/types\/post"}],"author":[{"embeddable":true,"href":"http:\/\/vincentians.com\/es\/wp-json\/wp\/v2\/users\/5"}],"replies":[{"embeddable":true,"href":"http:\/\/vincentians.com\/es\/wp-json\/wp\/v2\/comments?post=16985"}],"version-history":[{"count":0,"href":"http:\/\/vincentians.com\/es\/wp-json\/wp\/v2\/posts\/16985\/revisions"}],"wp:featuredmedia":[{"embeddable":true,"href":"http:\/\/vincentians.com\/es\/wp-json\/wp\/v2\/media\/391249"}],"wp:attachment":[{"href":"http:\/\/vincentians.com\/es\/wp-json\/wp\/v2\/media?parent=16985"}],"wp:term":[{"taxonomy":"category","embeddable":true,"href":"http:\/\/vincentians.com\/es\/wp-json\/wp\/v2\/categories?post=16985"},{"taxonomy":"post_tag","embeddable":true,"href":"http:\/\/vincentians.com\/es\/wp-json\/wp\/v2\/tags?post=16985"}],"curies":[{"name":"wp","href":"https:\/\/api.w.org\/{rel}","templated":true}]}}