{"id":16874,"date":"2010-04-15T00:01:27","date_gmt":"2010-04-14T22:01:27","guid":{"rendered":"http:\/\/www.vicencianos.org\/web\/2010\/04\/15\/gianna-beretta-molla-11-dialogo-con-pietro-dias-despues-de-dar-a-luz-a-su-hija-giovanna-emanuela\/"},"modified":"2010-04-15T00:01:27","modified_gmt":"2010-04-14T22:01:27","slug":"gianna-beretta-molla-11-dialogo-con-pietro-dias-despues-de-dar-a-luz-a-su-hija-giovanna-emanuela","status":"publish","type":"post","link":"http:\/\/vincentians.com\/es\/gianna-beretta-molla-11-dialogo-con-pietro-dias-despues-de-dar-a-luz-a-su-hija-giovanna-emanuela\/","title":{"rendered":"Gianna Beretta Molla: 11 Di\u00e1logo con Pietro d\u00edas despu\u00e9s de dar a luz a su hija Giovanna Emanuela"},"content":{"rendered":"<p>Recuerdo cuando me dijiste, el mi\u00e9rcoles por la ma\u00f1ana, con gran solemnidad, que casi parec\u00eda algo fuera de este mundo: \u00abPietro, ya estoy curada. Pietro, ya estaba del otro lado, y si t\u00fa supieras lo que yo vi. Alg\u00fan d\u00eda te dir\u00e9. Pero como est\u00e1bamos tan felices, tan c\u00f3modos con nuestros maravillosos ni\u00f1os, llenos de salud y gracia y de todas las bendiciones celestiales, me enviaron de vuelta a sufrir algo m\u00e1s, porque no est\u00e1 bien presentarnos al Se\u00f1or sin haber sufrido mucho\u00bb. Este fue y sigue siendo para m\u00ed tu testamento de alegr\u00eda y sufrimiento.<span id='easy-footnote-1-16874' class='easy-footnote-margin-adjust'><\/span><span class='easy-footnote'><a href='http:\/\/vincentians.com\/es\/gianna-beretta-molla-11-dialogo-con-pietro-dias-despues-de-dar-a-luz-a-su-hija-giovanna-emanuela\/#easy-footnote-bottom-1-16874' title='Gianna Beretta Molla (1922-1962) fu\u00e9 al hospital en Monza el 20 de Abril de 1962, Viernes Santo. A la ma\u00f1ana siguiente, S\u00e1bado Santo, se le realiz\u00f3 una ces\u00e1rea para el nacimiento de su cuarta hija, Giovanna Emanuela. Despu\u00e9s de la operaci\u00f3n, al acabarse la anetesia, empez\u00f3 a sufrir grandes dolores, que fueron aumentando con los d\u00edas. Pidi\u00f3 volver a Ponte Nuovo para morir en la casa que custodi\u00f3 el sacramento de su amor. Muri\u00f3 en la ma\u00f1ana del S\u00e1bado 28 de Abril, probablemente despu\u00e9s de escuchar las voces de sus hijos que despertaban en la habitaci\u00f3n de al lado.&lt;\/p&gt;\n&lt;p&gt;Las cartas de Gianna ofrecen un testimonio extraordinario de amor, en lo ordinario de la vida, y en los momentos m\u00e1s dif\u00edciles. Gianna, como m\u00e9dico de ni\u00f1os, y despu\u00e9s en la vida del matrimonio y la familia, testimoni\u00f3 gran alegr\u00eda y total don de s\u00ed, y una vida de fe y de servicio a los dem\u00e1s, seg\u00fan el Evangelio. Era cuidadosa en cumplir la voluntad de Dios, y estaba convencida de que \u00ab&lt;em&gt;el amor debe ser total, pleno, completo y regulado por la ley de Dios, y debe durar para siempre en el Cielo&lt;\/em&gt;\u00ab, y que casarse significaba \u00ab&lt;em&gt;recibir el sacramento del amor, para convertirse en colaboradores con Dios, en la creaci\u00f3n; de esta manera le podemos dar hijos que lo amar\u00e1n y servir\u00e1n&lt;\/em&gt;\u00ab. A trav\u00e9s de su maternidad, hizo un aut\u00e9ntico acto de amor y servicio a la humanidad.&lt;\/p&gt;\n&lt;p&gt;Con profundo realismo cristiano acept\u00f3 los sufrimientos de la vida: \u00ab&lt;em&gt;Es verdad, tambi\u00e9n habr\u00e1s penas, pero si nos amamos siempre tanto como nos amamos ahora, con la ayuda de Dios, sabremos como enfrentarlas juntos&lt;\/em&gt;\u00ab; \u00ab&lt;em&gt;querido Pietro, nunca me hubiera imaginado cu\u00e1nto uno debe sufrir para ser madre&lt;\/em&gt;\u00ab.&lt;\/p&gt;\n&lt;p&gt;La fiesta de santa Gianna Beretta Molla, beatificada y canonizada por Juan Pablo II, se celebra el 28 de abril.&lt;\/p&gt;\n&lt;p&gt;Molla, Gianna Beretta, Love Letters  to my Husband,  prefacio, Nota 21, p. 15., Ed. por Elio Guerriero,  Pauline Books and   Media, Boston, 2002,  p. 5. Versi\u00f3n original: Tuo Grande Amore Mi  Aiuter\u00e1 a  Essere Forte.'><sup>1<\/sup><\/a><\/span>\n","protected":false},"excerpt":{"rendered":"<p>Recuerdo cuando me dijiste, el mi\u00e9rcoles por la ma\u00f1ana, con gran solemnidad, que casi parec\u00eda algo fuera de este mundo: \u00abPietro, ya estoy curada. Pietro, ya estaba del otro lado, y si t\u00fa supieras lo &#8230; <a href=\"http:\/\/vincentians.com\/es\/gianna-beretta-molla-11-dialogo-con-pietro-dias-despues-de-dar-a-luz-a-su-hija-giovanna-emanuela\/\" class=\"more-link\">Read More<\/a><\/p>\n","protected":false},"author":4,"featured_media":393748,"comment_status":"open","ping_status":"open","sticky":false,"template":"","format":"standard","meta":{"jetpack_post_was_ever_published":false,"_jetpack_newsletter_access":"","_jetpack_dont_email_post_to_subs":false,"_jetpack_newsletter_tier_id":0,"_jetpack_memberships_contains_paywalled_content":false,"_jetpack_memberships_contains_paid_content":false,"footnotes":"","jetpack_publicize_message":"","jetpack_publicize_feature_enabled":true,"jetpack_social_post_already_shared":true,"jetpack_social_options":{"image_generator_settings":{"template":"highway","default_image_id":0,"font":"","enabled":false},"version":2}},"categories":[212],"tags":[],"class_list":["post-16874","post","type-post","status-publish","format-standard","has-post-thumbnail","hentry","category-escritos-de-gianna-beretta-molla"],"yoast_head":"<!-- This site is optimized with the Yoast SEO plugin v26.3 - https:\/\/yoast.com\/wordpress\/plugins\/seo\/ -->\n<title>Gianna Beretta Molla: 11 Di\u00e1logo con Pietro d\u00edas despu\u00e9s de dar a luz a su hija Giovanna Emanuela - Somos Vicencianos<\/title>\n<meta name=\"robots\" content=\"index, follow, max-snippet:-1, max-image-preview:large, max-video-preview:-1\" \/>\n<link rel=\"canonical\" href=\"http:\/\/vincentians.com\/es\/gianna-beretta-molla-11-dialogo-con-pietro-dias-despues-de-dar-a-luz-a-su-hija-giovanna-emanuela\/\" \/>\n<meta property=\"og:locale\" content=\"es_ES\" \/>\n<meta property=\"og:type\" content=\"article\" \/>\n<meta property=\"og:title\" content=\"Gianna Beretta Molla: 11 Di\u00e1logo con Pietro d\u00edas despu\u00e9s de dar a luz a su hija Giovanna Emanuela - Somos Vicencianos\" \/>\n<meta property=\"og:description\" content=\"Recuerdo cuando me dijiste, el mi\u00e9rcoles por la ma\u00f1ana, con gran solemnidad, que casi parec\u00eda algo fuera de este mundo: \u00abPietro, ya estoy curada. Pietro, ya estaba del otro lado, y si t\u00fa supieras lo ... Read More\" \/>\n<meta property=\"og:url\" content=\"http:\/\/vincentians.com\/es\/gianna-beretta-molla-11-dialogo-con-pietro-dias-despues-de-dar-a-luz-a-su-hija-giovanna-emanuela\/\" \/>\n<meta property=\"og:site_name\" content=\"Somos Vicencianos\" \/>\n<meta property=\"article:publisher\" content=\"https:\/\/www.facebook.com\/WeAreVincentians\/\" \/>\n<meta property=\"article:author\" content=\"https:\/\/www.facebook.com\/JavierChento\" \/>\n<meta property=\"article:published_time\" content=\"2010-04-14T22:01:27+00:00\" \/>\n<meta property=\"og:image\" content=\"https:\/\/i0.wp.com\/vincentians.com\/es\/wp-content\/uploads\/sites\/11\/2016\/07\/escritos-Gianna-Beretta-Molla.jpg?fit=1200%2C630\" \/>\n\t<meta property=\"og:image:width\" content=\"1200\" \/>\n\t<meta property=\"og:image:height\" content=\"630\" \/>\n\t<meta property=\"og:image:type\" content=\"image\/jpeg\" \/>\n<meta name=\"author\" content=\"Francisco Javier Fern\u00e1ndez Chento\" \/>\n<meta name=\"twitter:card\" content=\"summary_large_image\" \/>\n<meta name=\"twitter:creator\" content=\"@https:\/\/twitter.com\/javierchento\" \/>\n<meta name=\"twitter:site\" content=\"@WeVincentians\" \/>\n<meta name=\"twitter:label1\" content=\"Escrito por\" \/>\n\t<meta name=\"twitter:data1\" content=\"Francisco Javier Fern\u00e1ndez Chento\" \/>\n\t<meta name=\"twitter:label2\" content=\"Tiempo de lectura\" \/>\n\t<meta name=\"twitter:data2\" content=\"2 minutos\" \/>\n<script type=\"application\/ld+json\" class=\"yoast-schema-graph\">{\"@context\":\"https:\/\/schema.org\",\"@graph\":[{\"@type\":\"Article\",\"@id\":\"http:\/\/vincentians.com\/es\/gianna-beretta-molla-11-dialogo-con-pietro-dias-despues-de-dar-a-luz-a-su-hija-giovanna-emanuela\/#article\",\"isPartOf\":{\"@id\":\"http:\/\/vincentians.com\/es\/gianna-beretta-molla-11-dialogo-con-pietro-dias-despues-de-dar-a-luz-a-su-hija-giovanna-emanuela\/\"},\"author\":{\"name\":\"Francisco Javier Fern\u00e1ndez Chento\",\"@id\":\"http:\/\/vincentians.com\/es\/#\/schema\/person\/9623ef4d9aa3b2dfb8c061f1499288f2\"},\"headline\":\"Gianna Beretta Molla: 11 Di\u00e1logo con Pietro d\u00edas despu\u00e9s de dar a luz a su hija Giovanna Emanuela\",\"datePublished\":\"2010-04-14T22:01:27+00:00\",\"mainEntityOfPage\":{\"@id\":\"http:\/\/vincentians.com\/es\/gianna-beretta-molla-11-dialogo-con-pietro-dias-despues-de-dar-a-luz-a-su-hija-giovanna-emanuela\/\"},\"wordCount\":489,\"commentCount\":0,\"publisher\":{\"@id\":\"http:\/\/vincentians.com\/es\/#organization\"},\"image\":{\"@id\":\"http:\/\/vincentians.com\/es\/gianna-beretta-molla-11-dialogo-con-pietro-dias-despues-de-dar-a-luz-a-su-hija-giovanna-emanuela\/#primaryimage\"},\"thumbnailUrl\":\"https:\/\/i0.wp.com\/vincentians.com\/es\/wp-content\/uploads\/sites\/11\/2016\/07\/escritos-Gianna-Beretta-Molla.jpg?fit=1200%2C630\",\"articleSection\":[\"Escritos de Gianna Beretta Molla\"],\"inLanguage\":\"es\",\"potentialAction\":[{\"@type\":\"CommentAction\",\"name\":\"Comment\",\"target\":[\"http:\/\/vincentians.com\/es\/gianna-beretta-molla-11-dialogo-con-pietro-dias-despues-de-dar-a-luz-a-su-hija-giovanna-emanuela\/#respond\"]}]},{\"@type\":\"WebPage\",\"@id\":\"http:\/\/vincentians.com\/es\/gianna-beretta-molla-11-dialogo-con-pietro-dias-despues-de-dar-a-luz-a-su-hija-giovanna-emanuela\/\",\"url\":\"http:\/\/vincentians.com\/es\/gianna-beretta-molla-11-dialogo-con-pietro-dias-despues-de-dar-a-luz-a-su-hija-giovanna-emanuela\/\",\"name\":\"Gianna Beretta Molla: 11 Di\u00e1logo con Pietro d\u00edas despu\u00e9s de dar a luz a su hija Giovanna Emanuela - Somos Vicencianos\",\"isPartOf\":{\"@id\":\"http:\/\/vincentians.com\/es\/#website\"},\"primaryImageOfPage\":{\"@id\":\"http:\/\/vincentians.com\/es\/gianna-beretta-molla-11-dialogo-con-pietro-dias-despues-de-dar-a-luz-a-su-hija-giovanna-emanuela\/#primaryimage\"},\"image\":{\"@id\":\"http:\/\/vincentians.com\/es\/gianna-beretta-molla-11-dialogo-con-pietro-dias-despues-de-dar-a-luz-a-su-hija-giovanna-emanuela\/#primaryimage\"},\"thumbnailUrl\":\"https:\/\/i0.wp.com\/vincentians.com\/es\/wp-content\/uploads\/sites\/11\/2016\/07\/escritos-Gianna-Beretta-Molla.jpg?fit=1200%2C630\",\"datePublished\":\"2010-04-14T22:01:27+00:00\",\"breadcrumb\":{\"@id\":\"http:\/\/vincentians.com\/es\/gianna-beretta-molla-11-dialogo-con-pietro-dias-despues-de-dar-a-luz-a-su-hija-giovanna-emanuela\/#breadcrumb\"},\"inLanguage\":\"es\",\"potentialAction\":[{\"@type\":\"ReadAction\",\"target\":[\"http:\/\/vincentians.com\/es\/gianna-beretta-molla-11-dialogo-con-pietro-dias-despues-de-dar-a-luz-a-su-hija-giovanna-emanuela\/\"]}]},{\"@type\":\"ImageObject\",\"inLanguage\":\"es\",\"@id\":\"http:\/\/vincentians.com\/es\/gianna-beretta-molla-11-dialogo-con-pietro-dias-despues-de-dar-a-luz-a-su-hija-giovanna-emanuela\/#primaryimage\",\"url\":\"https:\/\/i0.wp.com\/vincentians.com\/es\/wp-content\/uploads\/sites\/11\/2016\/07\/escritos-Gianna-Beretta-Molla.jpg?fit=1200%2C630\",\"contentUrl\":\"https:\/\/i0.wp.com\/vincentians.com\/es\/wp-content\/uploads\/sites\/11\/2016\/07\/escritos-Gianna-Beretta-Molla.jpg?fit=1200%2C630\",\"width\":1200,\"height\":630},{\"@type\":\"BreadcrumbList\",\"@id\":\"http:\/\/vincentians.com\/es\/gianna-beretta-molla-11-dialogo-con-pietro-dias-despues-de-dar-a-luz-a-su-hija-giovanna-emanuela\/#breadcrumb\",\"itemListElement\":[{\"@type\":\"ListItem\",\"position\":1,\"name\":\"Portada\",\"item\":\"http:\/\/vincentians.com\/es\/\"},{\"@type\":\"ListItem\",\"position\":2,\"name\":\"Gianna Beretta Molla: 11 Di\u00e1logo con Pietro d\u00edas despu\u00e9s de dar a luz a su hija Giovanna Emanuela\"}]},{\"@type\":\"WebSite\",\"@id\":\"http:\/\/vincentians.com\/es\/#website\",\"url\":\"http:\/\/vincentians.com\/es\/\",\"name\":\"Somos Vicencianos\",\"description\":\"Know more to serve more\",\"publisher\":{\"@id\":\"http:\/\/vincentians.com\/es\/#organization\"},\"potentialAction\":[{\"@type\":\"SearchAction\",\"target\":{\"@type\":\"EntryPoint\",\"urlTemplate\":\"http:\/\/vincentians.com\/es\/?s={search_term_string}\"},\"query-input\":{\"@type\":\"PropertyValueSpecification\",\"valueRequired\":true,\"valueName\":\"search_term_string\"}}],\"inLanguage\":\"es\"},{\"@type\":\"Organization\",\"@id\":\"http:\/\/vincentians.com\/es\/#organization\",\"name\":\"The Vincentian Network\",\"url\":\"http:\/\/vincentians.com\/es\/\",\"logo\":{\"@type\":\"ImageObject\",\"inLanguage\":\"es\",\"@id\":\"http:\/\/vincentians.com\/es\/#\/schema\/logo\/image\/\",\"url\":\"https:\/\/i1.wp.com\/vincentians.com\/es\/wp-content\/uploads\/sites\/11\/2016\/06\/Vincentian-Network-logo-big.png?fit=778%2C778\",\"contentUrl\":\"https:\/\/i1.wp.com\/vincentians.com\/es\/wp-content\/uploads\/sites\/11\/2016\/06\/Vincentian-Network-logo-big.png?fit=778%2C778\",\"width\":778,\"height\":778,\"caption\":\"The Vincentian Network\"},\"image\":{\"@id\":\"http:\/\/vincentians.com\/es\/#\/schema\/logo\/image\/\"},\"sameAs\":[\"https:\/\/www.facebook.com\/WeAreVincentians\/\",\"https:\/\/x.com\/WeVincentians\"]},{\"@type\":\"Person\",\"@id\":\"http:\/\/vincentians.com\/es\/#\/schema\/person\/9623ef4d9aa3b2dfb8c061f1499288f2\",\"name\":\"Francisco Javier Fern\u00e1ndez Chento\",\"image\":{\"@type\":\"ImageObject\",\"inLanguage\":\"es\",\"@id\":\"http:\/\/vincentians.com\/es\/#\/schema\/person\/image\/\",\"url\":\"https:\/\/secure.gravatar.com\/avatar\/497d5cde87b4c3d097d0315953521681ba2cd523ee66e5077c3711f7021e65de?s=96&d=mm&r=g\",\"contentUrl\":\"https:\/\/secure.gravatar.com\/avatar\/497d5cde87b4c3d097d0315953521681ba2cd523ee66e5077c3711f7021e65de?s=96&d=mm&r=g\",\"caption\":\"Francisco Javier Fern\u00e1ndez Chento\"},\"description\":\"Director General y cofundador de La Red de Formaci\u00f3n Vicenciana. Javier es laico vicenciano, afiliado a la Congregaci\u00f3n de la Misi\u00f3n y miembro del Equipo de Misiones Populares de la provincia can\u00f3nica de Zaragoza (Espa\u00f1a) de la Congregaci\u00f3n de la Misi\u00f3n. Graduado en la Universidad Oberta de Catalunya con cuatro grados (Asistente de direcci\u00f3n, Gesti\u00f3n Administrativa, Recursos Humanos y Contabilidad Avanzada). Bil\u00edng\u00fce Espa\u00f1ol\/Ingl\u00e9s. gestiona y mantiene varias p\u00e1ginas web cristianas y vicencianas, incluida including La Red de Formaci\u00f3n Vicenciana, de la que es cofundador. Actualmente es responsable del \u00e1rea de Espa\u00f1ol de .famvin, la Red de Noticias de la Familia Vicenciana. Tambi\u00e9n es m\u00fasico cat\u00f3lico y ha editado varios discos. Es Director General y cofundador de Trovador, una reconocida compa\u00f1\u00eda discogr\u00e1fica critiana de Espa\u00f1a. Trabaja en las Tecnolog\u00edas de la Informaci\u00f3n, ofreciendo servicios de alojamiento, dise\u00f1o y mantenimiento Web, as\u00ed como asesoramiento, formaci\u00f3n y soluciones inform\u00e1ticas, gesti\u00f3n documental y digitalizaci\u00f3n de textos, edici\u00f3n y maquetaci\u00f3n de libros, revistas, flyers, etc.\",\"sameAs\":[\"http:\/\/chento.org\",\"https:\/\/www.facebook.com\/JavierChento\",\"https:\/\/x.com\/https:\/\/twitter.com\/javierchento\"],\"url\":\"http:\/\/vincentians.com\/es\/author\/chento\/\"}]}<\/script>\n<!-- \/ Yoast SEO plugin. -->","yoast_head_json":{"title":"Gianna Beretta Molla: 11 Di\u00e1logo con Pietro d\u00edas despu\u00e9s de dar a luz a su hija Giovanna Emanuela - Somos Vicencianos","robots":{"index":"index","follow":"follow","max-snippet":"max-snippet:-1","max-image-preview":"max-image-preview:large","max-video-preview":"max-video-preview:-1"},"canonical":"http:\/\/vincentians.com\/es\/gianna-beretta-molla-11-dialogo-con-pietro-dias-despues-de-dar-a-luz-a-su-hija-giovanna-emanuela\/","og_locale":"es_ES","og_type":"article","og_title":"Gianna Beretta Molla: 11 Di\u00e1logo con Pietro d\u00edas despu\u00e9s de dar a luz a su hija Giovanna Emanuela - Somos Vicencianos","og_description":"Recuerdo cuando me dijiste, el mi\u00e9rcoles por la ma\u00f1ana, con gran solemnidad, que casi parec\u00eda algo fuera de este mundo: \u00abPietro, ya estoy curada. Pietro, ya estaba del otro lado, y si t\u00fa supieras lo ... Read More","og_url":"http:\/\/vincentians.com\/es\/gianna-beretta-molla-11-dialogo-con-pietro-dias-despues-de-dar-a-luz-a-su-hija-giovanna-emanuela\/","og_site_name":"Somos Vicencianos","article_publisher":"https:\/\/www.facebook.com\/WeAreVincentians\/","article_author":"https:\/\/www.facebook.com\/JavierChento","article_published_time":"2010-04-14T22:01:27+00:00","og_image":[{"width":1200,"height":630,"url":"https:\/\/i0.wp.com\/vincentians.com\/es\/wp-content\/uploads\/sites\/11\/2016\/07\/escritos-Gianna-Beretta-Molla.jpg?fit=1200%2C630","type":"image\/jpeg"}],"author":"Francisco Javier Fern\u00e1ndez Chento","twitter_card":"summary_large_image","twitter_creator":"@https:\/\/twitter.com\/javierchento","twitter_site":"@WeVincentians","twitter_misc":{"Escrito por":"Francisco Javier Fern\u00e1ndez Chento","Tiempo de lectura":"2 minutos"},"schema":{"@context":"https:\/\/schema.org","@graph":[{"@type":"Article","@id":"http:\/\/vincentians.com\/es\/gianna-beretta-molla-11-dialogo-con-pietro-dias-despues-de-dar-a-luz-a-su-hija-giovanna-emanuela\/#article","isPartOf":{"@id":"http:\/\/vincentians.com\/es\/gianna-beretta-molla-11-dialogo-con-pietro-dias-despues-de-dar-a-luz-a-su-hija-giovanna-emanuela\/"},"author":{"name":"Francisco Javier Fern\u00e1ndez Chento","@id":"http:\/\/vincentians.com\/es\/#\/schema\/person\/9623ef4d9aa3b2dfb8c061f1499288f2"},"headline":"Gianna Beretta Molla: 11 Di\u00e1logo con Pietro d\u00edas despu\u00e9s de dar a luz a su hija Giovanna Emanuela","datePublished":"2010-04-14T22:01:27+00:00","mainEntityOfPage":{"@id":"http:\/\/vincentians.com\/es\/gianna-beretta-molla-11-dialogo-con-pietro-dias-despues-de-dar-a-luz-a-su-hija-giovanna-emanuela\/"},"wordCount":489,"commentCount":0,"publisher":{"@id":"http:\/\/vincentians.com\/es\/#organization"},"image":{"@id":"http:\/\/vincentians.com\/es\/gianna-beretta-molla-11-dialogo-con-pietro-dias-despues-de-dar-a-luz-a-su-hija-giovanna-emanuela\/#primaryimage"},"thumbnailUrl":"https:\/\/i0.wp.com\/vincentians.com\/es\/wp-content\/uploads\/sites\/11\/2016\/07\/escritos-Gianna-Beretta-Molla.jpg?fit=1200%2C630","articleSection":["Escritos de Gianna Beretta Molla"],"inLanguage":"es","potentialAction":[{"@type":"CommentAction","name":"Comment","target":["http:\/\/vincentians.com\/es\/gianna-beretta-molla-11-dialogo-con-pietro-dias-despues-de-dar-a-luz-a-su-hija-giovanna-emanuela\/#respond"]}]},{"@type":"WebPage","@id":"http:\/\/vincentians.com\/es\/gianna-beretta-molla-11-dialogo-con-pietro-dias-despues-de-dar-a-luz-a-su-hija-giovanna-emanuela\/","url":"http:\/\/vincentians.com\/es\/gianna-beretta-molla-11-dialogo-con-pietro-dias-despues-de-dar-a-luz-a-su-hija-giovanna-emanuela\/","name":"Gianna Beretta Molla: 11 Di\u00e1logo con Pietro d\u00edas despu\u00e9s de dar a luz a su hija Giovanna Emanuela - Somos Vicencianos","isPartOf":{"@id":"http:\/\/vincentians.com\/es\/#website"},"primaryImageOfPage":{"@id":"http:\/\/vincentians.com\/es\/gianna-beretta-molla-11-dialogo-con-pietro-dias-despues-de-dar-a-luz-a-su-hija-giovanna-emanuela\/#primaryimage"},"image":{"@id":"http:\/\/vincentians.com\/es\/gianna-beretta-molla-11-dialogo-con-pietro-dias-despues-de-dar-a-luz-a-su-hija-giovanna-emanuela\/#primaryimage"},"thumbnailUrl":"https:\/\/i0.wp.com\/vincentians.com\/es\/wp-content\/uploads\/sites\/11\/2016\/07\/escritos-Gianna-Beretta-Molla.jpg?fit=1200%2C630","datePublished":"2010-04-14T22:01:27+00:00","breadcrumb":{"@id":"http:\/\/vincentians.com\/es\/gianna-beretta-molla-11-dialogo-con-pietro-dias-despues-de-dar-a-luz-a-su-hija-giovanna-emanuela\/#breadcrumb"},"inLanguage":"es","potentialAction":[{"@type":"ReadAction","target":["http:\/\/vincentians.com\/es\/gianna-beretta-molla-11-dialogo-con-pietro-dias-despues-de-dar-a-luz-a-su-hija-giovanna-emanuela\/"]}]},{"@type":"ImageObject","inLanguage":"es","@id":"http:\/\/vincentians.com\/es\/gianna-beretta-molla-11-dialogo-con-pietro-dias-despues-de-dar-a-luz-a-su-hija-giovanna-emanuela\/#primaryimage","url":"https:\/\/i0.wp.com\/vincentians.com\/es\/wp-content\/uploads\/sites\/11\/2016\/07\/escritos-Gianna-Beretta-Molla.jpg?fit=1200%2C630","contentUrl":"https:\/\/i0.wp.com\/vincentians.com\/es\/wp-content\/uploads\/sites\/11\/2016\/07\/escritos-Gianna-Beretta-Molla.jpg?fit=1200%2C630","width":1200,"height":630},{"@type":"BreadcrumbList","@id":"http:\/\/vincentians.com\/es\/gianna-beretta-molla-11-dialogo-con-pietro-dias-despues-de-dar-a-luz-a-su-hija-giovanna-emanuela\/#breadcrumb","itemListElement":[{"@type":"ListItem","position":1,"name":"Portada","item":"http:\/\/vincentians.com\/es\/"},{"@type":"ListItem","position":2,"name":"Gianna Beretta Molla: 11 Di\u00e1logo con Pietro d\u00edas despu\u00e9s de dar a luz a su hija Giovanna Emanuela"}]},{"@type":"WebSite","@id":"http:\/\/vincentians.com\/es\/#website","url":"http:\/\/vincentians.com\/es\/","name":"Somos Vicencianos","description":"Know more to serve more","publisher":{"@id":"http:\/\/vincentians.com\/es\/#organization"},"potentialAction":[{"@type":"SearchAction","target":{"@type":"EntryPoint","urlTemplate":"http:\/\/vincentians.com\/es\/?s={search_term_string}"},"query-input":{"@type":"PropertyValueSpecification","valueRequired":true,"valueName":"search_term_string"}}],"inLanguage":"es"},{"@type":"Organization","@id":"http:\/\/vincentians.com\/es\/#organization","name":"The Vincentian Network","url":"http:\/\/vincentians.com\/es\/","logo":{"@type":"ImageObject","inLanguage":"es","@id":"http:\/\/vincentians.com\/es\/#\/schema\/logo\/image\/","url":"https:\/\/i1.wp.com\/vincentians.com\/es\/wp-content\/uploads\/sites\/11\/2016\/06\/Vincentian-Network-logo-big.png?fit=778%2C778","contentUrl":"https:\/\/i1.wp.com\/vincentians.com\/es\/wp-content\/uploads\/sites\/11\/2016\/06\/Vincentian-Network-logo-big.png?fit=778%2C778","width":778,"height":778,"caption":"The Vincentian Network"},"image":{"@id":"http:\/\/vincentians.com\/es\/#\/schema\/logo\/image\/"},"sameAs":["https:\/\/www.facebook.com\/WeAreVincentians\/","https:\/\/x.com\/WeVincentians"]},{"@type":"Person","@id":"http:\/\/vincentians.com\/es\/#\/schema\/person\/9623ef4d9aa3b2dfb8c061f1499288f2","name":"Francisco Javier Fern\u00e1ndez Chento","image":{"@type":"ImageObject","inLanguage":"es","@id":"http:\/\/vincentians.com\/es\/#\/schema\/person\/image\/","url":"https:\/\/secure.gravatar.com\/avatar\/497d5cde87b4c3d097d0315953521681ba2cd523ee66e5077c3711f7021e65de?s=96&d=mm&r=g","contentUrl":"https:\/\/secure.gravatar.com\/avatar\/497d5cde87b4c3d097d0315953521681ba2cd523ee66e5077c3711f7021e65de?s=96&d=mm&r=g","caption":"Francisco Javier Fern\u00e1ndez Chento"},"description":"Director General y cofundador de La Red de Formaci\u00f3n Vicenciana. Javier es laico vicenciano, afiliado a la Congregaci\u00f3n de la Misi\u00f3n y miembro del Equipo de Misiones Populares de la provincia can\u00f3nica de Zaragoza (Espa\u00f1a) de la Congregaci\u00f3n de la Misi\u00f3n. Graduado en la Universidad Oberta de Catalunya con cuatro grados (Asistente de direcci\u00f3n, Gesti\u00f3n Administrativa, Recursos Humanos y Contabilidad Avanzada). Bil\u00edng\u00fce Espa\u00f1ol\/Ingl\u00e9s. gestiona y mantiene varias p\u00e1ginas web cristianas y vicencianas, incluida including La Red de Formaci\u00f3n Vicenciana, de la que es cofundador. Actualmente es responsable del \u00e1rea de Espa\u00f1ol de .famvin, la Red de Noticias de la Familia Vicenciana. Tambi\u00e9n es m\u00fasico cat\u00f3lico y ha editado varios discos. Es Director General y cofundador de Trovador, una reconocida compa\u00f1\u00eda discogr\u00e1fica critiana de Espa\u00f1a. Trabaja en las Tecnolog\u00edas de la Informaci\u00f3n, ofreciendo servicios de alojamiento, dise\u00f1o y mantenimiento Web, as\u00ed como asesoramiento, formaci\u00f3n y soluciones inform\u00e1ticas, gesti\u00f3n documental y digitalizaci\u00f3n de textos, edici\u00f3n y maquetaci\u00f3n de libros, revistas, flyers, etc.","sameAs":["http:\/\/chento.org","https:\/\/www.facebook.com\/JavierChento","https:\/\/x.com\/https:\/\/twitter.com\/javierchento"],"url":"http:\/\/vincentians.com\/es\/author\/chento\/"}]}},"jetpack_publicize_connections":[],"jetpack_featured_media_url":"https:\/\/i0.wp.com\/vincentians.com\/es\/wp-content\/uploads\/sites\/11\/2016\/07\/escritos-Gianna-Beretta-Molla.jpg?fit=1200%2C630","jetpack_sharing_enabled":true,"jetpack_shortlink":"https:\/\/wp.me\/p7ETMF-4oa","jetpack-related-posts":[{"id":16767,"url":"http:\/\/vincentians.com\/es\/santa-gianna-beretta-molla\/","url_meta":{"origin":16874,"position":0},"title":"Santa Gianna Beretta Molla","author":"Francisco Javier Fern\u00e1ndez Chento","date":"08\/11\/2013","format":false,"excerpt":"\u00bfQui\u00e9n fue? Gianna fue la d\u00e9cima de trece hijos, de una familia de clase media de Lombard\u00eda (al norte de Italia), estudi\u00f3 medicina y se especializ\u00f3 en pediatr\u00eda, profesi\u00f3n que compagin\u00f3 con su tarea de madre de familia. Quienes la conoc\u00edan dicen que fue una mujer activa y llena de\u2026","rel":"","context":"En \u00abGianna Beretta Molla\u00bb","block_context":{"text":"Gianna Beretta Molla","link":"http:\/\/vincentians.com\/es\/category\/la-familia-vicenciana\/la-familia-vicenciana-en-los-altares\/santos\/gianna-beretta-molla\/"},"img":{"alt_text":"","src":"https:\/\/i0.wp.com\/vicencianos.org\/vicencianos\/files\/2010\/04\/santa-gianna-beretta-molla-2-218x300.jpg?resize=350%2C200","width":350,"height":200},"classes":[]},{"id":16790,"url":"http:\/\/vincentians.com\/es\/gianna-beretta-molla-05-carta-de-pietro\/","url_meta":{"origin":16874,"position":1},"title":"Gianna Beretta Molla: 05 Carta de Pietro","author":"Francisco Javier Fern\u00e1ndez Chento","date":"09\/04\/2010","format":false,"excerpt":"20 de Mayo 1959 De Pietro: Esta ma\u00f1ana particip\u00e9 en la Misa en el altar del Sant\u00edsimo Sacramento en la Catedral\u2026 Esta tarde recit\u00e9 el Rosario a las 9:30pm en el altar de la Inmaculada Concepci\u00f3n en Nueva York\u2026 Me siento tan lejos de ti, y mi amor se va\u2026","rel":"","context":"En \u00abEscritos de Gianna Beretta Molla\u00bb","block_context":{"text":"Escritos de Gianna Beretta Molla","link":"http:\/\/vincentians.com\/es\/category\/escritos\/escritos-de-gianna-beretta-molla\/"},"img":{"alt_text":"","src":"https:\/\/i0.wp.com\/vincentians.com\/es\/wp-content\/uploads\/sites\/11\/2016\/07\/escritos-Gianna-Beretta-Molla.jpg?fit=1200%2C630&resize=350%2C200","width":350,"height":200,"srcset":"https:\/\/i0.wp.com\/vincentians.com\/es\/wp-content\/uploads\/sites\/11\/2016\/07\/escritos-Gianna-Beretta-Molla.jpg?fit=1200%2C630&resize=350%2C200 1x, https:\/\/i0.wp.com\/vincentians.com\/es\/wp-content\/uploads\/sites\/11\/2016\/07\/escritos-Gianna-Beretta-Molla.jpg?fit=1200%2C630&resize=525%2C300 1.5x, https:\/\/i0.wp.com\/vincentians.com\/es\/wp-content\/uploads\/sites\/11\/2016\/07\/escritos-Gianna-Beretta-Molla.jpg?fit=1200%2C630&resize=700%2C400 2x, https:\/\/i0.wp.com\/vincentians.com\/es\/wp-content\/uploads\/sites\/11\/2016\/07\/escritos-Gianna-Beretta-Molla.jpg?fit=1200%2C630&resize=1050%2C600 3x"},"classes":[]},{"id":16787,"url":"http:\/\/vincentians.com\/es\/gianna-beretta-molla-02-carta-de-pietro-molla-desde-stockhard\/","url_meta":{"origin":16874,"position":2},"title":"Gianna Beretta Molla: 02 Carta de Pietro Molla, desde Stockhard","author":"Francisco Javier Fern\u00e1ndez Chento","date":"06\/04\/2010","format":false,"excerpt":"Alemania, Febrero 19, 1959 \u2026\"Siempre me he alegrado de encontrar en ti a la esposa ideal que hab\u00eda so\u00f1ado, y una madre incomparable para nuestros hijos; y con todo, siempre descubro en ti nuevas virtudes de sacrificio, paciencia, comprensi\u00f3n, bondad, y tanto afecto de amor. Y aqu\u00ed, lejos de ti,\u2026","rel":"","context":"En \u00abEscritos de Gianna Beretta Molla\u00bb","block_context":{"text":"Escritos de Gianna Beretta Molla","link":"http:\/\/vincentians.com\/es\/category\/escritos\/escritos-de-gianna-beretta-molla\/"},"img":{"alt_text":"","src":"https:\/\/i0.wp.com\/vincentians.com\/es\/wp-content\/uploads\/sites\/11\/2016\/07\/escritos-Gianna-Beretta-Molla.jpg?fit=1200%2C630&resize=350%2C200","width":350,"height":200,"srcset":"https:\/\/i0.wp.com\/vincentians.com\/es\/wp-content\/uploads\/sites\/11\/2016\/07\/escritos-Gianna-Beretta-Molla.jpg?fit=1200%2C630&resize=350%2C200 1x, https:\/\/i0.wp.com\/vincentians.com\/es\/wp-content\/uploads\/sites\/11\/2016\/07\/escritos-Gianna-Beretta-Molla.jpg?fit=1200%2C630&resize=525%2C300 1.5x, https:\/\/i0.wp.com\/vincentians.com\/es\/wp-content\/uploads\/sites\/11\/2016\/07\/escritos-Gianna-Beretta-Molla.jpg?fit=1200%2C630&resize=700%2C400 2x, https:\/\/i0.wp.com\/vincentians.com\/es\/wp-content\/uploads\/sites\/11\/2016\/07\/escritos-Gianna-Beretta-Molla.jpg?fit=1200%2C630&resize=1050%2C600 3x"},"classes":[]},{"id":16791,"url":"http:\/\/vincentians.com\/es\/gianna-beretta-molla-06-carta-a-pietro\/","url_meta":{"origin":16874,"position":3},"title":"Gianna Beretta Molla: 06 Carta a Pietro","author":"Francisco Javier Fern\u00e1ndez Chento","date":"10\/04\/2010","format":false,"excerpt":"20 de Mayo 1959 Mi querid\u00edsimo Pietro: Gracias, gracias, de parte de tus hijos tambi\u00e9n, por la maravillosa sorpresa. Te puedes imaginar la felicidad de Pierluigi al tener dos grabaciones \"en las que est\u00e1 hablando Papa\". No escuchar\u00eda hoy nada m\u00e1s que tus grabaciones.\u00a0 Cuando Mariolina te oy\u00f3 decir \"un\u2026","rel":"","context":"En \u00abEscritos de Gianna Beretta Molla\u00bb","block_context":{"text":"Escritos de Gianna Beretta Molla","link":"http:\/\/vincentians.com\/es\/category\/escritos\/escritos-de-gianna-beretta-molla\/"},"img":{"alt_text":"","src":"https:\/\/i0.wp.com\/vincentians.com\/es\/wp-content\/uploads\/sites\/11\/2016\/07\/escritos-Gianna-Beretta-Molla.jpg?fit=1200%2C630&resize=350%2C200","width":350,"height":200,"srcset":"https:\/\/i0.wp.com\/vincentians.com\/es\/wp-content\/uploads\/sites\/11\/2016\/07\/escritos-Gianna-Beretta-Molla.jpg?fit=1200%2C630&resize=350%2C200 1x, https:\/\/i0.wp.com\/vincentians.com\/es\/wp-content\/uploads\/sites\/11\/2016\/07\/escritos-Gianna-Beretta-Molla.jpg?fit=1200%2C630&resize=525%2C300 1.5x, https:\/\/i0.wp.com\/vincentians.com\/es\/wp-content\/uploads\/sites\/11\/2016\/07\/escritos-Gianna-Beretta-Molla.jpg?fit=1200%2C630&resize=700%2C400 2x, https:\/\/i0.wp.com\/vincentians.com\/es\/wp-content\/uploads\/sites\/11\/2016\/07\/escritos-Gianna-Beretta-Molla.jpg?fit=1200%2C630&resize=1050%2C600 3x"},"classes":[]},{"id":16870,"url":"http:\/\/vincentians.com\/es\/gianna-beretta-molla-07-carta-de-pietro-desde-el-vuelo-a-los-angeles\/","url_meta":{"origin":16874,"position":4},"title":"Gianna Beretta Molla: 07 Carta de Pietro, desde el vuelo a Los \u00c1ngeles","author":"Francisco Javier Fern\u00e1ndez Chento","date":"11\/04\/2010","format":false,"excerpt":"31 de Mayo 1959 De Pietro: \u2026Jes\u00fas, que me cre\u00f3 y que me sostiene con gracias ilimitadas y bendiciones\u2026.T\u00fa, que me ha dado el inmenso regalo de una esposa de oro, como el m\u00e1s maravilloso amanecer, a la cual uno no puede justamente admirar sino desde arriba, y a dos\u2026","rel":"","context":"En \u00abEscritos de Gianna Beretta Molla\u00bb","block_context":{"text":"Escritos de Gianna Beretta Molla","link":"http:\/\/vincentians.com\/es\/category\/escritos\/escritos-de-gianna-beretta-molla\/"},"img":{"alt_text":"","src":"https:\/\/i0.wp.com\/vincentians.com\/es\/wp-content\/uploads\/sites\/11\/2016\/07\/escritos-Gianna-Beretta-Molla.jpg?fit=1200%2C630&resize=350%2C200","width":350,"height":200,"srcset":"https:\/\/i0.wp.com\/vincentians.com\/es\/wp-content\/uploads\/sites\/11\/2016\/07\/escritos-Gianna-Beretta-Molla.jpg?fit=1200%2C630&resize=350%2C200 1x, https:\/\/i0.wp.com\/vincentians.com\/es\/wp-content\/uploads\/sites\/11\/2016\/07\/escritos-Gianna-Beretta-Molla.jpg?fit=1200%2C630&resize=525%2C300 1.5x, https:\/\/i0.wp.com\/vincentians.com\/es\/wp-content\/uploads\/sites\/11\/2016\/07\/escritos-Gianna-Beretta-Molla.jpg?fit=1200%2C630&resize=700%2C400 2x, https:\/\/i0.wp.com\/vincentians.com\/es\/wp-content\/uploads\/sites\/11\/2016\/07\/escritos-Gianna-Beretta-Molla.jpg?fit=1200%2C630&resize=1050%2C600 3x"},"classes":[]},{"id":16873,"url":"http:\/\/vincentians.com\/es\/gianna-beretta-molla-10-dialogo-con-pietro\/","url_meta":{"origin":16874,"position":5},"title":"Gianna Beretta Molla: 10 Di\u00e1logo con Pietro","author":"Francisco Javier Fern\u00e1ndez Chento","date":"14\/04\/2010","format":false,"excerpt":"\"Esta vez ser\u00e1 un alumbramiento dif\u00edcil, y tendr\u00e1n que salvar a una o al otro \u2013 quiero que salven a mi beb\u00e9\". Gianna","rel":"","context":"En \u00abEscritos de Gianna Beretta Molla\u00bb","block_context":{"text":"Escritos de Gianna Beretta Molla","link":"http:\/\/vincentians.com\/es\/category\/escritos\/escritos-de-gianna-beretta-molla\/"},"img":{"alt_text":"","src":"https:\/\/i0.wp.com\/vincentians.com\/es\/wp-content\/uploads\/sites\/11\/2016\/07\/escritos-Gianna-Beretta-Molla.jpg?fit=1200%2C630&resize=350%2C200","width":350,"height":200,"srcset":"https:\/\/i0.wp.com\/vincentians.com\/es\/wp-content\/uploads\/sites\/11\/2016\/07\/escritos-Gianna-Beretta-Molla.jpg?fit=1200%2C630&resize=350%2C200 1x, https:\/\/i0.wp.com\/vincentians.com\/es\/wp-content\/uploads\/sites\/11\/2016\/07\/escritos-Gianna-Beretta-Molla.jpg?fit=1200%2C630&resize=525%2C300 1.5x, https:\/\/i0.wp.com\/vincentians.com\/es\/wp-content\/uploads\/sites\/11\/2016\/07\/escritos-Gianna-Beretta-Molla.jpg?fit=1200%2C630&resize=700%2C400 2x, https:\/\/i0.wp.com\/vincentians.com\/es\/wp-content\/uploads\/sites\/11\/2016\/07\/escritos-Gianna-Beretta-Molla.jpg?fit=1200%2C630&resize=1050%2C600 3x"},"classes":[]}],"_links":{"self":[{"href":"http:\/\/vincentians.com\/es\/wp-json\/wp\/v2\/posts\/16874","targetHints":{"allow":["GET"]}}],"collection":[{"href":"http:\/\/vincentians.com\/es\/wp-json\/wp\/v2\/posts"}],"about":[{"href":"http:\/\/vincentians.com\/es\/wp-json\/wp\/v2\/types\/post"}],"author":[{"embeddable":true,"href":"http:\/\/vincentians.com\/es\/wp-json\/wp\/v2\/users\/4"}],"replies":[{"embeddable":true,"href":"http:\/\/vincentians.com\/es\/wp-json\/wp\/v2\/comments?post=16874"}],"version-history":[{"count":0,"href":"http:\/\/vincentians.com\/es\/wp-json\/wp\/v2\/posts\/16874\/revisions"}],"wp:featuredmedia":[{"embeddable":true,"href":"http:\/\/vincentians.com\/es\/wp-json\/wp\/v2\/media\/393748"}],"wp:attachment":[{"href":"http:\/\/vincentians.com\/es\/wp-json\/wp\/v2\/media?parent=16874"}],"wp:term":[{"taxonomy":"category","embeddable":true,"href":"http:\/\/vincentians.com\/es\/wp-json\/wp\/v2\/categories?post=16874"},{"taxonomy":"post_tag","embeddable":true,"href":"http:\/\/vincentians.com\/es\/wp-json\/wp\/v2\/tags?post=16874"}],"curies":[{"name":"wp","href":"https:\/\/api.w.org\/{rel}","templated":true}]}}