{"id":16863,"date":"2015-04-28T02:44:42","date_gmt":"2015-04-28T00:44:42","guid":{"rendered":"http:\/\/somos.vicencianos.org\/blog\/?p=16863"},"modified":"2015-04-28T02:44:42","modified_gmt":"2015-04-28T00:44:42","slug":"el-dilema-de-gianna-beretta","status":"publish","type":"post","link":"http:\/\/vincentians.com\/es\/el-dilema-de-gianna-beretta\/","title":{"rendered":"El Dilema De Gianna Beretta"},"content":{"rendered":"<p><em>Todav\u00eda en nuestro siglo XXI hay mujeres para quienes su libertad se limita a aceptar con resignaci\u00f3n la imposici\u00f3n de un embarazo no deseado o a incriminarse amargamente en un aborto.<\/em><\/p>\n<p><a href=\"https:\/\/i0.wp.com\/vicencianos.org\/vicencianos\/files\/2010\/04\/GiannaBerettaMolla3.jpg\"><img data-recalc-dims=\"1\" loading=\"lazy\" decoding=\"async\" class=\"alignright size-full wp-image-16864\" src=\"https:\/\/i0.wp.com\/vicencianos.org\/vicencianos\/files\/2010\/04\/GiannaBerettaMolla3.jpg?resize=309%2C351\" alt=\"\" width=\"309\" height=\"351\" \/><\/a>Gianna Beretta encarna uno de los s\u00edmbolos m\u00e1s excelsos con que la Iglesia Cat\u00f3lica representa el valor de la criatura concebida en el seno materno. Su testimonio se remonta a m\u00e1s de cuarenta a\u00f1os atr\u00e1s, a la Semana Santa de 1962, cuando Gianna Beretta se dispon\u00eda dar a luz a su cuarto hijo. Meses antes, en agosto de 1961, a Gianna se le hab\u00eda detectado una masa de fibroma seroso uterino que complicaba su embarazo y que la enfrent\u00f3 a la m\u00e1s crucial decisi\u00f3n de su vida. En aquel tiempo la medicina le ofrec\u00eda tres alternativas: la extracci\u00f3n del fibroma y del \u00fatero, la extracci\u00f3n del n\u00f3dulo con la posibilidad de concebir nuevos hijos, y la extracci\u00f3n del tumor sin interrupci\u00f3n del embarazo. <em>\u00abSi queremos salvar su vida tenemos que interrumpir el embarazo\u00bb, le dijo entonces el facultativo. La cirujana y pediatra de 39 a\u00f1os, le respondi\u00f3 con firmeza: \u00abProfesor, \u00a1esto no lo permitir\u00e9 nunca! \u00a1Es un pecado matar en el seno materno!\u00bb<\/em>. Y opt\u00f3 por la tercera alternativa, a\u00fan sabiendo que una sutura practicada en los primeros meses de embarazo, provoca con frecuencia una rotura del \u00fatero. Pero, Gianna ejerci\u00f3 el consentimiento informado.<\/p>\n<p>La misma resoluci\u00f3n mostrar\u00eda Gianna a su esposo aquella Semana Santa de 1962 cuando le dijo <em>\u00abPedro&#8230; te ruego&#8230; que si debes decidir entre m\u00ed y el ni\u00f1o, te decidas por el ni\u00f1o. No por m\u00ed \u00a1Te lo ruego!\u00bb<\/em> As\u00ed fue como el 21 de abril de 1962, naci\u00f3 la hoy m\u00e9dico pediatra Gianna Emanuela Molla Beretta. Y as\u00ed tambi\u00e9n fue como el 28 de abril del mismo a\u00f1o, producto de una peritonitis s\u00e9ptica, muri\u00f3 Gianna Beretta entre dolores abdominales que se volvieron cada vez m\u00e1s fuertes e insoportables. Pablo VI describi\u00f3 a Gianna como <em>\u00abuna madre que, para dar a luz a su beb\u00e9, sacrific\u00f3 la suya propia en una inmolaci\u00f3n deliberada\u00bb.<\/em> Gianna dio voluntariamente su vida en provecho de otra persona.<\/p>\n<p>A la luz del testimonio de Gianna Beretta pueden apreciarse las firmes creencias morales, as\u00ed como los profundos sentimientos humanos que se ven comprometidos en situaciones cr\u00edticas, donde no siempre la decisi\u00f3n es f\u00e1cil de tomar, porque a veces las alternativas disponibles entra\u00f1an valores equivalentes.<\/p>\n<p>As\u00ed pues, enfrentada al dilema de elegir entre su vida y la de su hija, Gianna opt\u00f3 por la nueva vida, convirtiendo al suyo en un acto intencionado, altruista y heroico. En contraste, todav\u00eda en nuestro siglo XXI hay mujeres para quienes su libertad se limita a aceptar con resignaci\u00f3n la imposici\u00f3n de un embarazo no deseado o a incriminarse amargamente en un aborto. El resultado es un cuadro social de sufrimiento, frustraci\u00f3n y desamparo. Las estad\u00edsticas son estremecedoras. En Chile cada a\u00f1o se practican unos 170 mil abortos \u2014de los 50 millones que se cometen en el mundo\u2014. Cada a\u00f1o cerca de 24 mil mujeres son v\u00edctimas de un ataque sexual. Casi la mitad de las violaciones se perpetran en los cuerpos de ni\u00f1as de entre 10 y 19 a\u00f1os. Doce de cada cien madres adolescentes han sido violadas. Pero, s\u00f3lo diez de cada cien madres vejadas desea conservar el fruto de la violaci\u00f3n. La sociedad chilena, que por norma constitucional garantiza el derecho a la vida, y que, en consecuencia, penaliza el aborto, no ofrece una soluci\u00f3n al dilema.<\/p>\n<p><strong>Concepci\u00f3n o anidaci\u00f3n <\/strong><\/p>\n<p>En Chile el uso de m\u00e9todos contraceptivos es de larga data y est\u00e1 incorporado a las instituciones y a las pol\u00edticas p\u00fablicas. Por consiguiente, la contracepci\u00f3n no es el tema emergente en el actual debate pol\u00edtico. Tampoco tal debate reivindica una regresi\u00f3n a la legalizaci\u00f3n del aborto, si bien hay minor\u00edas ciudadanas que reclaman su despenalizaci\u00f3n. M\u00e1s bien la pol\u00e9mica versa \u2013a instancias de la biogen\u00e9tica, que duplica sus conocimientos cada dos a\u00f1os\u2013 sobre el l\u00edmite exacto que separa lo contraceptivo de lo abortivo. El problema es inequ\u00edvocamente nuevo y enfrenta a la comunidad cient\u00edfica con la Iglesia Cat\u00f3lica. Esto, en un pa\u00eds como Chile, con una transici\u00f3n demogr\u00e1fica avanzada, y donde siete de cada diez ciudadanos se declara cat\u00f3lico.<\/p>\n<p>La controversia estalla con la aparici\u00f3n de una segunda generaci\u00f3n de medios de control de la fertilidad postcoital. Primero con el Postinol, que en su momento la Corte Suprema consider\u00f3 abortivo. Luego con el Postinor-2, que actualmente se comercializa en el mercado, y comienza a ser distribuido en los servicios p\u00fablicos de salud. Entre los pa\u00edses que lo han autorizado se cuentan Brasil, que lo introdujo en 1996, Estados Unidos, que lo hizo en 1997, Francia, Portugal y Gran Breta\u00f1a, en 1999, Espa\u00f1a en 2001, e Italia en 2003. Los servicios sanitarios de Brasil, Paraguay, Cuba y Uruguay lo entregan gratuitamente a la poblaci\u00f3n. Cuando en Chile el gobierno quiso hacer lo mismo, s\u00f3lo consigui\u00f3 exacerbar los \u00e1nimos. Acaso por la alarma que provoc\u00f3 el equ\u00edvoco anuncio de distribuir 400 mil dosis en lugar de las 35 mil planificadas. Habida cuenta que el f\u00e1rmaco es recomendado como procedimiento de emergencia, no de rutina.<\/p>\n<p>La caracter\u00edstica com\u00fan del Postinol y del Postinor-2, es que ambos contienen Levonorgestrel, LNG, una hormona de s\u00edntesis que opera en el organismo inhibiendo la ovulaci\u00f3n y disminuyendo la capacidad de transporte de los espermios. Hace algunos a\u00f1os, cuando a\u00fan la evidencia cient\u00edfica era precaria, tambi\u00e9n se sosten\u00eda que el LGN imped\u00eda que un huevo fecundado se aferrara a las paredes del \u00fatero, lo que llev\u00f3 a que unos lo consideraran contraceptivo y otros abortivo.<\/p>\n<p>El motivo de esta discrepancia se hallaba en una diferencia doctrinal. Hab\u00eda quienes sosten\u00edan, como la Organizaci\u00f3n Mundial de la Salud, que el embarazo comienza cuando el huevo fecundado, o embri\u00f3n, se implanta en el \u00fatero, lo cual ocurre al menos siete d\u00edas despu\u00e9s de la ovulaci\u00f3n, momento en el cual el LNG pierde toda su eficacia. Quienes rebat\u00edan esta tesis, entre ellos expertos de la Iglesia Cat\u00f3lica, argumentaban que el embarazo empieza desde el instante de la fecundaci\u00f3n, o sea, cuando se fusionan las membranas del \u00f3vulo y del gameto masculino en la trompa de Falopio, caso en el cual el efecto anti-implantatorio del LNG hace imposible la vida al embri\u00f3n.<\/p>\n<p>Los hallazgos sobre el Genoma Humano demuestran que efectivamente la fusi\u00f3n de \u00f3vulo y espermatozoide \u2013cada uno con sus 23 cromosomas\u2013 da origen a un embri\u00f3n \u00fanico e irrepetible. Pero tambi\u00e9n demuestran que dicho embri\u00f3n no sigue la trayectoria continua que pudiera corresponder a una persona humana. La investigaci\u00f3n gen\u00e9tica revela que ello s\u00f3lo ocurre a partir de los elementos de informaci\u00f3n operativa y transformante proporcionados por la mujer al embri\u00f3n una vez que \u00e9ste se ha implantado, los que no son puramente aditivos. Prueba de que s\u00f3lo entonces se inicia la individuaci\u00f3n humana, la aportan los gemelos monocig\u00f3ticos, cuya identidad gen\u00e9tica sucede por la divisi\u00f3n de un embri\u00f3n en dos con posterioridad a la anidaci\u00f3n.<\/p>\n<p>Pero, a mayor abundamiento, para que se d\u00e9 la fertilizaci\u00f3n es preciso que un \u00f3vulo liberado se encuentre con un esperma saludable dentro de las 24 horas siguientes, el tiempo que tarda el \u00f3vulo en recorrer la trompa de Falopio. Lo \u00f3ptimo es que esto ocurra entre 6 y 12 horas despu\u00e9s de la ovulaci\u00f3n. Se sabe que un 25 por ciento de los \u00f3vulos no llega a implantarse y que otro 17 por ciento se pierde tras su implantaci\u00f3n. Se sabe, adem\u00e1s, que un 8 por ciento de los embarazos acaba en un aborto espont\u00e1neo. Por consiguiente, la posibilidad de que el LNG entorpeciera el desarrollo natural de un \u00f3vulo fertilizado era muy baja y, en cualquier caso, una probabilidad estad\u00edstica, no real. Pero fue precisamente esta probabilidad la que hicieron pesar los detractores del LNG sobre el riesgo objetivo que corr\u00eda una mujer con un embarazo no deseado. Por entonces los cient\u00edficos no pudieron sino responder con una duda razonable a la pregunta de si el LNG era o no abortivo.<\/p>\n<p>Hoy la evidencia acumulada confirma que el LNG no es abortivo, sino contraceptivo. Sea que el inicio de la vida humana se sit\u00fae en la concepci\u00f3n, en cuyo caso no impide la anidaci\u00f3n del embri\u00f3n; sea que se sit\u00fae en la instalaci\u00f3n del embri\u00f3n, despu\u00e9s de lo cual el f\u00e1rmaco no act\u00faa. El LNG \u2013subraya el doctor Horacio Croxato, impedido de ejercer la docencia en la Pontificia Universidad Cat\u00f3lica\u2013, no tiene la capacidad de reducir el n\u00famero de embriones que se implantan. S\u00f3lo tiene capacidad para reducir el n\u00famero de embriones que se forman. En conclusi\u00f3n, \u00a1s\u00f3lo previene la fecundaci\u00f3n!<\/p>\n<p><strong><a href=\"https:\/\/i0.wp.com\/vicencianos.org\/vicencianos\/files\/2010\/04\/Gianna-Beretta-Molla.jpg\"><img data-recalc-dims=\"1\" loading=\"lazy\" decoding=\"async\" class=\"alignleft size-full wp-image-16866\" src=\"https:\/\/i0.wp.com\/vicencianos.org\/vicencianos\/files\/2010\/04\/Gianna-Beretta-Molla.jpg?resize=279%2C600\" alt=\"\" width=\"279\" height=\"600\" \/><\/a>El miedo al futuro <\/strong><\/p>\n<p>De este modo, se aten\u00faan las aristas \u00e9ticas y morales levantadas en torno al anticonceptivo de emergencia. Pero la reacci\u00f3n de las autoridades cat\u00f3licas no contemporiza. El sacerdote Fernando Chomal\u00ed, miembro de la Comisi\u00f3n Nacional de Bio\u00e9tica de la Conferencia Episcopal de Chile, ha dicho que <em>\u00aben esta nueva cultura el aborto, que hasta hace poco era considerado un delito, hoy es visto como un derecho\u00bb<\/em>. Monse\u00f1or Guillermo Vera, obispo de Calama, ha declarado que <em>\u00abal legitimar la entrega de la p\u00edldora del d\u00eda despu\u00e9s en caso de violaci\u00f3n, se pretende contrarrestar este mal con otra violaci\u00f3n, esta vez con la de una vida humana\u00bb<\/em>. Cuando se le pregunt\u00f3 al arzobispo de Concepci\u00f3n, monse\u00f1or Antonio Moreno, acerca de la igualdad de condiciones para acceder a la p\u00edldora, respondi\u00f3 que <em>\u00ablas est\u00e1n igualando a matar, y que algunos puedan tenerla no significa que sea el bien de todos\u00bb<\/em>. Tambi\u00e9n dijo que <em>\u00aben una imposici\u00f3n de este tipo se cae en lo que constituye la esencia del totalitarismo\u00bb<\/em>. El obispo de Temuco, Manuel Camilo Vial, consultado acerca de los alcaldes que se opondr\u00e1n a entregar el medicamento en sus consultorios, sostuvo que <em>\u00aba esa persona a lo mejor le va a costar el cargo si no lo va a aplicar, pero si su conciencia le dice que no puede favorecer un medicamento que va a causar el aborto, la muerte de un ser vivo, yo creo que eso se llama consecuencia\u00bb<\/em>.<\/p>\n<p>La manifiesta inquietud espiritual de los obispos puede encontrar explicaci\u00f3n en su leg\u00edtimo temor a que la cultura y los legisladores abran las puertas a la manipulaci\u00f3n de \u00f3vulos fecundados, y al control artificial de la natalidad, mediante el aborto. Incertidumbre que cobra plena justificaci\u00f3n de cara al vertiginoso desarrollo cient\u00edfico y tecnol\u00f3gico y al creciente poder\u00edo que d\u00eda a d\u00eda conquistan las transnacionales de la qu\u00edmica y la biogen\u00e9tica, y los laboratorios farmac\u00e9uticos. Pero ello no se resuelve d\u00e1ndole la espalda a la ciencia, ni abandonando a quienes motivados por una verdadera convicci\u00f3n humanista buscan alternativas t\u00e9cnicas y morales a los problemas del mundo moderno. Ello se resuelve generando instituciones que protejan a la humanidad de su propio desarrollo. Ello se consigue sometiendo a leyes la investigaci\u00f3n cient\u00edfica en seres humanos, en particular, la investigaci\u00f3n gen\u00e9tica, que involucra terapia g\u00e9nica y clonaci\u00f3n humana. Y esto nos recuerda que acaso ya sea hora de desempolvar el proyecto legislativo que desde 1997 reposa en el Congreso mientras se suceden los cambios y las inseguridades que los acompa\u00f1an.<\/p>\n<p>Pero las reacciones no han quedado en el plano moral, sino que han trascendido al constitucional. A la voz de los obispos se ha sumado la de un grupo de abogados, entre los que se cuentan el ex ministro de Justicia Francisco Cumplido, y los profesores Alejandro Silva Bascu\u00f1an y Humberto Nogueira. Han expresado que la distribuci\u00f3n gratuita de la p\u00edldora del d\u00eda despu\u00e9s contraviene seriamente los valores, principios y normas de nuestro ordenamiento constitucional. Apoyados en evidencia y en fallos de hace dos o tres a\u00f1os, los acad\u00e9micos emprenden una exuberante defensa del <em>\u00abderecho a la vida del inocente que est\u00e1 por nacer\u00bb<\/em>, y reafirman la incomprendida tarea de luchar por los derechos humanos. En el texto, empero, no hay una sola palabra que confronte estos derechos \u2014inexistentes si no existe el sujeto\u2014 con los derechos de una mujer que piensa que su vida puede verse afectada al enfrentar un embarazo no deseado. Notable omisi\u00f3n, pues se trata de derechos humanos que no se interrumpen, sino que siguen protegiendo constitucionalmente a la mujer frente a la eventualidad de quedar embarazada sin su consentimiento. Al final, no se advierte simetr\u00eda en el juicio. En su lugar, el dilema se proyecta al infinito.<\/p>\n<p>\u00bfQu\u00e9 se recomienda a las v\u00edctimas de violaci\u00f3n? En su \u00faltima carta a los cat\u00f3licos, el Cardenal Francisco Javier Err\u00e1zuriz escribe: <em>\u00abEs cierto, la persona que sufre tales dilemas necesita mucho apoyo y comprensi\u00f3n; tambi\u00e9n nuestro consejo, porque la decisi\u00f3n de respetar la vida del hijo supone hero\u00edsmo. La pobre criatura en camino, que es inocente, puede despertar el cari\u00f1o de su madre, o al menos la intenci\u00f3n de traerla a este mundo y entregarla a padres adoptivos. A la madre, Dios le recompensar\u00e1 con creces su opci\u00f3n por la vida indefensa que abriga y por la misericordia\u00bb<\/em>.<\/p>\n<p>Quiz\u00e1 tenga raz\u00f3n el Cardenal. Quiz\u00e1 \u00e9ste sea el camino de santidad que genuinos cat\u00f3licos, como Gianna Beretta, deber\u00edan elegir en su libre albedr\u00edo. Mas, es dif\u00edcil que el sufrimiento que entra\u00f1a pueda ser tolerado por todas las mujeres. Y es definitivamente imposible exigirle al Estado que se lo imponga a los ciudadanos.<\/p>\n<p style=\"text-align: right\"><em>Por: <\/em><em>Rodolfo Fortunatti<br \/>\n<\/em><em>Portal del Pluralismo, mi\u00e9rcoles 12 de mayo de 2004. <\/em><\/p>\n<p><em><br \/>\n<\/em><\/p>\n","protected":false},"excerpt":{"rendered":"<p>Todav\u00eda en nuestro siglo XXI hay mujeres para quienes su libertad se limita a aceptar con resignaci\u00f3n la imposici\u00f3n de un embarazo no deseado o a incriminarse amargamente en un aborto. Gianna Beretta encarna uno &#8230; <a href=\"http:\/\/vincentians.com\/es\/el-dilema-de-gianna-beretta\/\" class=\"more-link\">Read More<\/a><\/p>\n","protected":false},"author":4,"featured_media":85105,"comment_status":"open","ping_status":"open","sticky":false,"template":"","format":"standard","meta":{"jetpack_post_was_ever_published":false,"_jetpack_newsletter_access":"","_jetpack_dont_email_post_to_subs":false,"_jetpack_newsletter_tier_id":0,"_jetpack_memberships_contains_paywalled_content":false,"_jetpack_memberships_contains_paid_content":false,"footnotes":"","jetpack_publicize_message":"","jetpack_publicize_feature_enabled":true,"jetpack_social_post_already_shared":true,"jetpack_social_options":{"image_generator_settings":{"template":"highway","default_image_id":0,"font":"","enabled":false},"version":2}},"categories":[344],"tags":[],"class_list":["post-16863","post","type-post","status-publish","format-standard","has-post-thumbnail","hentry","category-gianna-beretta-molla"],"yoast_head":"<!-- This site is optimized with the Yoast SEO plugin v26.3 - https:\/\/yoast.com\/wordpress\/plugins\/seo\/ -->\n<title>El Dilema De Gianna Beretta - Somos Vicencianos<\/title>\n<meta name=\"robots\" content=\"index, follow, max-snippet:-1, max-image-preview:large, max-video-preview:-1\" \/>\n<link rel=\"canonical\" href=\"http:\/\/vincentians.com\/es\/el-dilema-de-gianna-beretta\/\" \/>\n<meta property=\"og:locale\" content=\"es_ES\" \/>\n<meta property=\"og:type\" content=\"article\" \/>\n<meta property=\"og:title\" content=\"El Dilema De Gianna Beretta - Somos Vicencianos\" \/>\n<meta property=\"og:description\" content=\"Todav\u00eda en nuestro siglo XXI hay mujeres para quienes su libertad se limita a aceptar con resignaci\u00f3n la imposici\u00f3n de un embarazo no deseado o a incriminarse amargamente en un aborto. Gianna Beretta encarna uno ... Read More\" \/>\n<meta property=\"og:url\" content=\"http:\/\/vincentians.com\/es\/el-dilema-de-gianna-beretta\/\" \/>\n<meta property=\"og:site_name\" content=\"Somos Vicencianos\" \/>\n<meta property=\"article:publisher\" content=\"https:\/\/www.facebook.com\/WeAreVincentians\/\" \/>\n<meta property=\"article:author\" content=\"https:\/\/www.facebook.com\/JavierChento\" \/>\n<meta property=\"article:published_time\" content=\"2015-04-28T00:44:42+00:00\" \/>\n<meta name=\"author\" content=\"Francisco Javier Fern\u00e1ndez Chento\" \/>\n<meta name=\"twitter:card\" content=\"summary_large_image\" \/>\n<meta name=\"twitter:creator\" content=\"@https:\/\/twitter.com\/javierchento\" \/>\n<meta name=\"twitter:site\" content=\"@WeVincentians\" \/>\n<meta name=\"twitter:label1\" content=\"Escrito por\" \/>\n\t<meta name=\"twitter:data1\" content=\"Francisco Javier Fern\u00e1ndez Chento\" \/>\n\t<meta name=\"twitter:label2\" content=\"Tiempo de lectura\" \/>\n\t<meta name=\"twitter:data2\" content=\"12 minutos\" \/>\n<script type=\"application\/ld+json\" class=\"yoast-schema-graph\">{\"@context\":\"https:\/\/schema.org\",\"@graph\":[{\"@type\":\"Article\",\"@id\":\"http:\/\/vincentians.com\/es\/el-dilema-de-gianna-beretta\/#article\",\"isPartOf\":{\"@id\":\"http:\/\/vincentians.com\/es\/el-dilema-de-gianna-beretta\/\"},\"author\":{\"name\":\"Francisco Javier Fern\u00e1ndez Chento\",\"@id\":\"http:\/\/vincentians.com\/es\/#\/schema\/person\/9623ef4d9aa3b2dfb8c061f1499288f2\"},\"headline\":\"El Dilema De Gianna Beretta\",\"datePublished\":\"2015-04-28T00:44:42+00:00\",\"mainEntityOfPage\":{\"@id\":\"http:\/\/vincentians.com\/es\/el-dilema-de-gianna-beretta\/\"},\"wordCount\":2397,\"commentCount\":0,\"publisher\":{\"@id\":\"http:\/\/vincentians.com\/es\/#organization\"},\"image\":{\"@id\":\"http:\/\/vincentians.com\/es\/el-dilema-de-gianna-beretta\/#primaryimage\"},\"thumbnailUrl\":\"\",\"articleSection\":[\"Gianna Beretta Molla\"],\"inLanguage\":\"es\",\"potentialAction\":[{\"@type\":\"CommentAction\",\"name\":\"Comment\",\"target\":[\"http:\/\/vincentians.com\/es\/el-dilema-de-gianna-beretta\/#respond\"]}]},{\"@type\":\"WebPage\",\"@id\":\"http:\/\/vincentians.com\/es\/el-dilema-de-gianna-beretta\/\",\"url\":\"http:\/\/vincentians.com\/es\/el-dilema-de-gianna-beretta\/\",\"name\":\"El Dilema De Gianna Beretta - Somos Vicencianos\",\"isPartOf\":{\"@id\":\"http:\/\/vincentians.com\/es\/#website\"},\"primaryImageOfPage\":{\"@id\":\"http:\/\/vincentians.com\/es\/el-dilema-de-gianna-beretta\/#primaryimage\"},\"image\":{\"@id\":\"http:\/\/vincentians.com\/es\/el-dilema-de-gianna-beretta\/#primaryimage\"},\"thumbnailUrl\":\"\",\"datePublished\":\"2015-04-28T00:44:42+00:00\",\"breadcrumb\":{\"@id\":\"http:\/\/vincentians.com\/es\/el-dilema-de-gianna-beretta\/#breadcrumb\"},\"inLanguage\":\"es\",\"potentialAction\":[{\"@type\":\"ReadAction\",\"target\":[\"http:\/\/vincentians.com\/es\/el-dilema-de-gianna-beretta\/\"]}]},{\"@type\":\"ImageObject\",\"inLanguage\":\"es\",\"@id\":\"http:\/\/vincentians.com\/es\/el-dilema-de-gianna-beretta\/#primaryimage\",\"url\":\"\",\"contentUrl\":\"\"},{\"@type\":\"BreadcrumbList\",\"@id\":\"http:\/\/vincentians.com\/es\/el-dilema-de-gianna-beretta\/#breadcrumb\",\"itemListElement\":[{\"@type\":\"ListItem\",\"position\":1,\"name\":\"Portada\",\"item\":\"http:\/\/vincentians.com\/es\/\"},{\"@type\":\"ListItem\",\"position\":2,\"name\":\"El Dilema De Gianna Beretta\"}]},{\"@type\":\"WebSite\",\"@id\":\"http:\/\/vincentians.com\/es\/#website\",\"url\":\"http:\/\/vincentians.com\/es\/\",\"name\":\"Somos Vicencianos\",\"description\":\"Know more to serve more\",\"publisher\":{\"@id\":\"http:\/\/vincentians.com\/es\/#organization\"},\"potentialAction\":[{\"@type\":\"SearchAction\",\"target\":{\"@type\":\"EntryPoint\",\"urlTemplate\":\"http:\/\/vincentians.com\/es\/?s={search_term_string}\"},\"query-input\":{\"@type\":\"PropertyValueSpecification\",\"valueRequired\":true,\"valueName\":\"search_term_string\"}}],\"inLanguage\":\"es\"},{\"@type\":\"Organization\",\"@id\":\"http:\/\/vincentians.com\/es\/#organization\",\"name\":\"The Vincentian Network\",\"url\":\"http:\/\/vincentians.com\/es\/\",\"logo\":{\"@type\":\"ImageObject\",\"inLanguage\":\"es\",\"@id\":\"http:\/\/vincentians.com\/es\/#\/schema\/logo\/image\/\",\"url\":\"https:\/\/i1.wp.com\/vincentians.com\/es\/wp-content\/uploads\/sites\/11\/2016\/06\/Vincentian-Network-logo-big.png?fit=778%2C778\",\"contentUrl\":\"https:\/\/i1.wp.com\/vincentians.com\/es\/wp-content\/uploads\/sites\/11\/2016\/06\/Vincentian-Network-logo-big.png?fit=778%2C778\",\"width\":778,\"height\":778,\"caption\":\"The Vincentian Network\"},\"image\":{\"@id\":\"http:\/\/vincentians.com\/es\/#\/schema\/logo\/image\/\"},\"sameAs\":[\"https:\/\/www.facebook.com\/WeAreVincentians\/\",\"https:\/\/x.com\/WeVincentians\"]},{\"@type\":\"Person\",\"@id\":\"http:\/\/vincentians.com\/es\/#\/schema\/person\/9623ef4d9aa3b2dfb8c061f1499288f2\",\"name\":\"Francisco Javier Fern\u00e1ndez Chento\",\"image\":{\"@type\":\"ImageObject\",\"inLanguage\":\"es\",\"@id\":\"http:\/\/vincentians.com\/es\/#\/schema\/person\/image\/\",\"url\":\"https:\/\/secure.gravatar.com\/avatar\/497d5cde87b4c3d097d0315953521681ba2cd523ee66e5077c3711f7021e65de?s=96&d=mm&r=g\",\"contentUrl\":\"https:\/\/secure.gravatar.com\/avatar\/497d5cde87b4c3d097d0315953521681ba2cd523ee66e5077c3711f7021e65de?s=96&d=mm&r=g\",\"caption\":\"Francisco Javier Fern\u00e1ndez Chento\"},\"description\":\"Director General y cofundador de La Red de Formaci\u00f3n Vicenciana. Javier es laico vicenciano, afiliado a la Congregaci\u00f3n de la Misi\u00f3n y miembro del Equipo de Misiones Populares de la provincia can\u00f3nica de Zaragoza (Espa\u00f1a) de la Congregaci\u00f3n de la Misi\u00f3n. Graduado en la Universidad Oberta de Catalunya con cuatro grados (Asistente de direcci\u00f3n, Gesti\u00f3n Administrativa, Recursos Humanos y Contabilidad Avanzada). Bil\u00edng\u00fce Espa\u00f1ol\/Ingl\u00e9s. gestiona y mantiene varias p\u00e1ginas web cristianas y vicencianas, incluida including La Red de Formaci\u00f3n Vicenciana, de la que es cofundador. Actualmente es responsable del \u00e1rea de Espa\u00f1ol de .famvin, la Red de Noticias de la Familia Vicenciana. Tambi\u00e9n es m\u00fasico cat\u00f3lico y ha editado varios discos. Es Director General y cofundador de Trovador, una reconocida compa\u00f1\u00eda discogr\u00e1fica critiana de Espa\u00f1a. Trabaja en las Tecnolog\u00edas de la Informaci\u00f3n, ofreciendo servicios de alojamiento, dise\u00f1o y mantenimiento Web, as\u00ed como asesoramiento, formaci\u00f3n y soluciones inform\u00e1ticas, gesti\u00f3n documental y digitalizaci\u00f3n de textos, edici\u00f3n y maquetaci\u00f3n de libros, revistas, flyers, etc.\",\"sameAs\":[\"http:\/\/chento.org\",\"https:\/\/www.facebook.com\/JavierChento\",\"https:\/\/x.com\/https:\/\/twitter.com\/javierchento\"],\"url\":\"http:\/\/vincentians.com\/es\/author\/chento\/\"}]}<\/script>\n<!-- \/ Yoast SEO plugin. -->","yoast_head_json":{"title":"El Dilema De Gianna Beretta - Somos Vicencianos","robots":{"index":"index","follow":"follow","max-snippet":"max-snippet:-1","max-image-preview":"max-image-preview:large","max-video-preview":"max-video-preview:-1"},"canonical":"http:\/\/vincentians.com\/es\/el-dilema-de-gianna-beretta\/","og_locale":"es_ES","og_type":"article","og_title":"El Dilema De Gianna Beretta - Somos Vicencianos","og_description":"Todav\u00eda en nuestro siglo XXI hay mujeres para quienes su libertad se limita a aceptar con resignaci\u00f3n la imposici\u00f3n de un embarazo no deseado o a incriminarse amargamente en un aborto. Gianna Beretta encarna uno ... Read More","og_url":"http:\/\/vincentians.com\/es\/el-dilema-de-gianna-beretta\/","og_site_name":"Somos Vicencianos","article_publisher":"https:\/\/www.facebook.com\/WeAreVincentians\/","article_author":"https:\/\/www.facebook.com\/JavierChento","article_published_time":"2015-04-28T00:44:42+00:00","author":"Francisco Javier Fern\u00e1ndez Chento","twitter_card":"summary_large_image","twitter_creator":"@https:\/\/twitter.com\/javierchento","twitter_site":"@WeVincentians","twitter_misc":{"Escrito por":"Francisco Javier Fern\u00e1ndez Chento","Tiempo de lectura":"12 minutos"},"schema":{"@context":"https:\/\/schema.org","@graph":[{"@type":"Article","@id":"http:\/\/vincentians.com\/es\/el-dilema-de-gianna-beretta\/#article","isPartOf":{"@id":"http:\/\/vincentians.com\/es\/el-dilema-de-gianna-beretta\/"},"author":{"name":"Francisco Javier Fern\u00e1ndez Chento","@id":"http:\/\/vincentians.com\/es\/#\/schema\/person\/9623ef4d9aa3b2dfb8c061f1499288f2"},"headline":"El Dilema De Gianna Beretta","datePublished":"2015-04-28T00:44:42+00:00","mainEntityOfPage":{"@id":"http:\/\/vincentians.com\/es\/el-dilema-de-gianna-beretta\/"},"wordCount":2397,"commentCount":0,"publisher":{"@id":"http:\/\/vincentians.com\/es\/#organization"},"image":{"@id":"http:\/\/vincentians.com\/es\/el-dilema-de-gianna-beretta\/#primaryimage"},"thumbnailUrl":"","articleSection":["Gianna Beretta Molla"],"inLanguage":"es","potentialAction":[{"@type":"CommentAction","name":"Comment","target":["http:\/\/vincentians.com\/es\/el-dilema-de-gianna-beretta\/#respond"]}]},{"@type":"WebPage","@id":"http:\/\/vincentians.com\/es\/el-dilema-de-gianna-beretta\/","url":"http:\/\/vincentians.com\/es\/el-dilema-de-gianna-beretta\/","name":"El Dilema De Gianna Beretta - Somos Vicencianos","isPartOf":{"@id":"http:\/\/vincentians.com\/es\/#website"},"primaryImageOfPage":{"@id":"http:\/\/vincentians.com\/es\/el-dilema-de-gianna-beretta\/#primaryimage"},"image":{"@id":"http:\/\/vincentians.com\/es\/el-dilema-de-gianna-beretta\/#primaryimage"},"thumbnailUrl":"","datePublished":"2015-04-28T00:44:42+00:00","breadcrumb":{"@id":"http:\/\/vincentians.com\/es\/el-dilema-de-gianna-beretta\/#breadcrumb"},"inLanguage":"es","potentialAction":[{"@type":"ReadAction","target":["http:\/\/vincentians.com\/es\/el-dilema-de-gianna-beretta\/"]}]},{"@type":"ImageObject","inLanguage":"es","@id":"http:\/\/vincentians.com\/es\/el-dilema-de-gianna-beretta\/#primaryimage","url":"","contentUrl":""},{"@type":"BreadcrumbList","@id":"http:\/\/vincentians.com\/es\/el-dilema-de-gianna-beretta\/#breadcrumb","itemListElement":[{"@type":"ListItem","position":1,"name":"Portada","item":"http:\/\/vincentians.com\/es\/"},{"@type":"ListItem","position":2,"name":"El Dilema De Gianna Beretta"}]},{"@type":"WebSite","@id":"http:\/\/vincentians.com\/es\/#website","url":"http:\/\/vincentians.com\/es\/","name":"Somos Vicencianos","description":"Know more to serve more","publisher":{"@id":"http:\/\/vincentians.com\/es\/#organization"},"potentialAction":[{"@type":"SearchAction","target":{"@type":"EntryPoint","urlTemplate":"http:\/\/vincentians.com\/es\/?s={search_term_string}"},"query-input":{"@type":"PropertyValueSpecification","valueRequired":true,"valueName":"search_term_string"}}],"inLanguage":"es"},{"@type":"Organization","@id":"http:\/\/vincentians.com\/es\/#organization","name":"The Vincentian Network","url":"http:\/\/vincentians.com\/es\/","logo":{"@type":"ImageObject","inLanguage":"es","@id":"http:\/\/vincentians.com\/es\/#\/schema\/logo\/image\/","url":"https:\/\/i1.wp.com\/vincentians.com\/es\/wp-content\/uploads\/sites\/11\/2016\/06\/Vincentian-Network-logo-big.png?fit=778%2C778","contentUrl":"https:\/\/i1.wp.com\/vincentians.com\/es\/wp-content\/uploads\/sites\/11\/2016\/06\/Vincentian-Network-logo-big.png?fit=778%2C778","width":778,"height":778,"caption":"The Vincentian Network"},"image":{"@id":"http:\/\/vincentians.com\/es\/#\/schema\/logo\/image\/"},"sameAs":["https:\/\/www.facebook.com\/WeAreVincentians\/","https:\/\/x.com\/WeVincentians"]},{"@type":"Person","@id":"http:\/\/vincentians.com\/es\/#\/schema\/person\/9623ef4d9aa3b2dfb8c061f1499288f2","name":"Francisco Javier Fern\u00e1ndez Chento","image":{"@type":"ImageObject","inLanguage":"es","@id":"http:\/\/vincentians.com\/es\/#\/schema\/person\/image\/","url":"https:\/\/secure.gravatar.com\/avatar\/497d5cde87b4c3d097d0315953521681ba2cd523ee66e5077c3711f7021e65de?s=96&d=mm&r=g","contentUrl":"https:\/\/secure.gravatar.com\/avatar\/497d5cde87b4c3d097d0315953521681ba2cd523ee66e5077c3711f7021e65de?s=96&d=mm&r=g","caption":"Francisco Javier Fern\u00e1ndez Chento"},"description":"Director General y cofundador de La Red de Formaci\u00f3n Vicenciana. Javier es laico vicenciano, afiliado a la Congregaci\u00f3n de la Misi\u00f3n y miembro del Equipo de Misiones Populares de la provincia can\u00f3nica de Zaragoza (Espa\u00f1a) de la Congregaci\u00f3n de la Misi\u00f3n. Graduado en la Universidad Oberta de Catalunya con cuatro grados (Asistente de direcci\u00f3n, Gesti\u00f3n Administrativa, Recursos Humanos y Contabilidad Avanzada). Bil\u00edng\u00fce Espa\u00f1ol\/Ingl\u00e9s. gestiona y mantiene varias p\u00e1ginas web cristianas y vicencianas, incluida including La Red de Formaci\u00f3n Vicenciana, de la que es cofundador. Actualmente es responsable del \u00e1rea de Espa\u00f1ol de .famvin, la Red de Noticias de la Familia Vicenciana. Tambi\u00e9n es m\u00fasico cat\u00f3lico y ha editado varios discos. Es Director General y cofundador de Trovador, una reconocida compa\u00f1\u00eda discogr\u00e1fica critiana de Espa\u00f1a. Trabaja en las Tecnolog\u00edas de la Informaci\u00f3n, ofreciendo servicios de alojamiento, dise\u00f1o y mantenimiento Web, as\u00ed como asesoramiento, formaci\u00f3n y soluciones inform\u00e1ticas, gesti\u00f3n documental y digitalizaci\u00f3n de textos, edici\u00f3n y maquetaci\u00f3n de libros, revistas, flyers, etc.","sameAs":["http:\/\/chento.org","https:\/\/www.facebook.com\/JavierChento","https:\/\/x.com\/https:\/\/twitter.com\/javierchento"],"url":"http:\/\/vincentians.com\/es\/author\/chento\/"}]}},"jetpack_publicize_connections":[],"jetpack_featured_media_url":"","jetpack_sharing_enabled":true,"jetpack_shortlink":"https:\/\/wp.me\/p7ETMF-4nZ","jetpack-related-posts":[{"id":16872,"url":"http:\/\/vincentians.com\/es\/gianna-beretta-molla-09-a-sus-hijos-desde-el-hospital-en-monza\/","url_meta":{"origin":16863,"position":0},"title":"Gianna Beretta Molla: 09 A sus hijos, desde el hospital en Monza","author":"Francisco Javier Fern\u00e1ndez Chento","date":"13\/04\/2010","format":false,"excerpt":"20 de Mayo 1959 Mis querid\u00edsimos tesoros: Papa les traer\u00e1 muchos grandes besos; deseo tanto poder ir a ustedes, pero debo permanecer en cama porque tengo un peque\u00f1o dolor de est\u00f3mago. Sean ni\u00f1os buenos y hagan lo que Mariuccia y Savina les digan\u2026Los abrazo a todos aqu\u00ed en mi coraz\u00f3n\u2026","rel":"","context":"En \u00abEscritos de Gianna Beretta Molla\u00bb","block_context":{"text":"Escritos de Gianna Beretta Molla","link":"http:\/\/vincentians.com\/es\/category\/escritos\/escritos-de-gianna-beretta-molla\/"},"img":{"alt_text":"","src":"https:\/\/i0.wp.com\/vincentians.com\/es\/wp-content\/uploads\/sites\/11\/2016\/07\/escritos-Gianna-Beretta-Molla.jpg?fit=1200%2C630&resize=350%2C200","width":350,"height":200,"srcset":"https:\/\/i0.wp.com\/vincentians.com\/es\/wp-content\/uploads\/sites\/11\/2016\/07\/escritos-Gianna-Beretta-Molla.jpg?fit=1200%2C630&resize=350%2C200 1x, https:\/\/i0.wp.com\/vincentians.com\/es\/wp-content\/uploads\/sites\/11\/2016\/07\/escritos-Gianna-Beretta-Molla.jpg?fit=1200%2C630&resize=525%2C300 1.5x, https:\/\/i0.wp.com\/vincentians.com\/es\/wp-content\/uploads\/sites\/11\/2016\/07\/escritos-Gianna-Beretta-Molla.jpg?fit=1200%2C630&resize=700%2C400 2x, https:\/\/i0.wp.com\/vincentians.com\/es\/wp-content\/uploads\/sites\/11\/2016\/07\/escritos-Gianna-Beretta-Molla.jpg?fit=1200%2C630&resize=1050%2C600 3x"},"classes":[]},{"id":16771,"url":"http:\/\/vincentians.com\/es\/gianna-beretta-molla-y-jose-moscati-dos-medicos-dos-santos\/","url_meta":{"origin":16863,"position":1},"title":"Gianna Beretta Molla y Jos\u00e9 Moscati: dos m\u00e9dicos, dos santos","author":"Francisco Javier Fern\u00e1ndez Chento","date":"24\/04\/2015","format":false,"excerpt":"\"Coronando una existencia ejemplar de estudiante, de mujer enpe\u00f1ada en la comunidad eclesial y de esposa y madre feliz, supo ofrecer en sacrificio su vida para que pudiese vivir la criatura que llevaba en su seno, y que hoy est\u00e1 aqu\u00ed con nosotros. Ella como m\u00e9dico era consciente de lo\u2026","rel":"","context":"En \u00abGianna Beretta Molla\u00bb","block_context":{"text":"Gianna Beretta Molla","link":"http:\/\/vincentians.com\/es\/category\/la-familia-vicenciana\/la-familia-vicenciana-en-los-altares\/santos\/gianna-beretta-molla\/"},"img":{"alt_text":"","src":"https:\/\/i0.wp.com\/vicencianos.org\/vicencianos\/files\/2010\/04\/Gianna-Beretta-Molla.jpg?resize=350%2C200","width":350,"height":200},"classes":[]},{"id":16767,"url":"http:\/\/vincentians.com\/es\/santa-gianna-beretta-molla\/","url_meta":{"origin":16863,"position":2},"title":"Santa Gianna Beretta Molla","author":"Francisco Javier Fern\u00e1ndez Chento","date":"08\/11\/2013","format":false,"excerpt":"\u00bfQui\u00e9n fue? Gianna fue la d\u00e9cima de trece hijos, de una familia de clase media de Lombard\u00eda (al norte de Italia), estudi\u00f3 medicina y se especializ\u00f3 en pediatr\u00eda, profesi\u00f3n que compagin\u00f3 con su tarea de madre de familia. Quienes la conoc\u00edan dicen que fue una mujer activa y llena de\u2026","rel":"","context":"En \u00abGianna Beretta Molla\u00bb","block_context":{"text":"Gianna Beretta Molla","link":"http:\/\/vincentians.com\/es\/category\/la-familia-vicenciana\/la-familia-vicenciana-en-los-altares\/santos\/gianna-beretta-molla\/"},"img":{"alt_text":"","src":"https:\/\/i0.wp.com\/vicencianos.org\/vicencianos\/files\/2010\/04\/santa-gianna-beretta-molla-2-218x300.jpg?resize=350%2C200","width":350,"height":200},"classes":[]},{"id":16873,"url":"http:\/\/vincentians.com\/es\/gianna-beretta-molla-10-dialogo-con-pietro\/","url_meta":{"origin":16863,"position":3},"title":"Gianna Beretta Molla: 10 Di\u00e1logo con Pietro","author":"Francisco Javier Fern\u00e1ndez Chento","date":"14\/04\/2010","format":false,"excerpt":"\"Esta vez ser\u00e1 un alumbramiento dif\u00edcil, y tendr\u00e1n que salvar a una o al otro \u2013 quiero que salven a mi beb\u00e9\". Gianna","rel":"","context":"En \u00abEscritos de Gianna Beretta Molla\u00bb","block_context":{"text":"Escritos de Gianna Beretta Molla","link":"http:\/\/vincentians.com\/es\/category\/escritos\/escritos-de-gianna-beretta-molla\/"},"img":{"alt_text":"","src":"https:\/\/i0.wp.com\/vincentians.com\/es\/wp-content\/uploads\/sites\/11\/2016\/07\/escritos-Gianna-Beretta-Molla.jpg?fit=1200%2C630&resize=350%2C200","width":350,"height":200,"srcset":"https:\/\/i0.wp.com\/vincentians.com\/es\/wp-content\/uploads\/sites\/11\/2016\/07\/escritos-Gianna-Beretta-Molla.jpg?fit=1200%2C630&resize=350%2C200 1x, https:\/\/i0.wp.com\/vincentians.com\/es\/wp-content\/uploads\/sites\/11\/2016\/07\/escritos-Gianna-Beretta-Molla.jpg?fit=1200%2C630&resize=525%2C300 1.5x, https:\/\/i0.wp.com\/vincentians.com\/es\/wp-content\/uploads\/sites\/11\/2016\/07\/escritos-Gianna-Beretta-Molla.jpg?fit=1200%2C630&resize=700%2C400 2x, https:\/\/i0.wp.com\/vincentians.com\/es\/wp-content\/uploads\/sites\/11\/2016\/07\/escritos-Gianna-Beretta-Molla.jpg?fit=1200%2C630&resize=1050%2C600 3x"},"classes":[]},{"id":16780,"url":"http:\/\/vincentians.com\/es\/gianna-beretta-molla-01-el-trabajo-medico\/","url_meta":{"origin":16863,"position":4},"title":"Gianna Beretta Molla: 01 El trabajo m\u00e9dico","author":"Francisco Javier Fern\u00e1ndez Chento","date":"05\/04\/2010","format":false,"excerpt":"Hoy hay mucha superficialidad en nuestro trabajo (m\u00e9dico). Nos ocupamos de cuerpos, y muchas veces incompetentemente\u2026 Debemos hacer bien nuestra parte. Estudiar nuestra ciencia. Debemos ser m\u00e9dicos honestos, llenos de fe. Debemos cuidar de nuestros pacientes con bondad y dulzura, recordando que \u00e9stos son nuestros hermanos y hermanas; tener delicadeza\u2026","rel":"","context":"En \u00abEscritos de Gianna Beretta Molla\u00bb","block_context":{"text":"Escritos de Gianna Beretta Molla","link":"http:\/\/vincentians.com\/es\/category\/escritos\/escritos-de-gianna-beretta-molla\/"},"img":{"alt_text":"","src":"https:\/\/i0.wp.com\/vincentians.com\/es\/wp-content\/uploads\/sites\/11\/2016\/07\/escritos-Gianna-Beretta-Molla.jpg?fit=1200%2C630&resize=350%2C200","width":350,"height":200,"srcset":"https:\/\/i0.wp.com\/vincentians.com\/es\/wp-content\/uploads\/sites\/11\/2016\/07\/escritos-Gianna-Beretta-Molla.jpg?fit=1200%2C630&resize=350%2C200 1x, https:\/\/i0.wp.com\/vincentians.com\/es\/wp-content\/uploads\/sites\/11\/2016\/07\/escritos-Gianna-Beretta-Molla.jpg?fit=1200%2C630&resize=525%2C300 1.5x, https:\/\/i0.wp.com\/vincentians.com\/es\/wp-content\/uploads\/sites\/11\/2016\/07\/escritos-Gianna-Beretta-Molla.jpg?fit=1200%2C630&resize=700%2C400 2x, https:\/\/i0.wp.com\/vincentians.com\/es\/wp-content\/uploads\/sites\/11\/2016\/07\/escritos-Gianna-Beretta-Molla.jpg?fit=1200%2C630&resize=1050%2C600 3x"},"classes":[]},{"id":16790,"url":"http:\/\/vincentians.com\/es\/gianna-beretta-molla-05-carta-de-pietro\/","url_meta":{"origin":16863,"position":5},"title":"Gianna Beretta Molla: 05 Carta de Pietro","author":"Francisco Javier Fern\u00e1ndez Chento","date":"09\/04\/2010","format":false,"excerpt":"20 de Mayo 1959 De Pietro: Esta ma\u00f1ana particip\u00e9 en la Misa en el altar del Sant\u00edsimo Sacramento en la Catedral\u2026 Esta tarde recit\u00e9 el Rosario a las 9:30pm en el altar de la Inmaculada Concepci\u00f3n en Nueva York\u2026 Me siento tan lejos de ti, y mi amor se va\u2026","rel":"","context":"En \u00abEscritos de Gianna Beretta Molla\u00bb","block_context":{"text":"Escritos de Gianna Beretta Molla","link":"http:\/\/vincentians.com\/es\/category\/escritos\/escritos-de-gianna-beretta-molla\/"},"img":{"alt_text":"","src":"https:\/\/i0.wp.com\/vincentians.com\/es\/wp-content\/uploads\/sites\/11\/2016\/07\/escritos-Gianna-Beretta-Molla.jpg?fit=1200%2C630&resize=350%2C200","width":350,"height":200,"srcset":"https:\/\/i0.wp.com\/vincentians.com\/es\/wp-content\/uploads\/sites\/11\/2016\/07\/escritos-Gianna-Beretta-Molla.jpg?fit=1200%2C630&resize=350%2C200 1x, https:\/\/i0.wp.com\/vincentians.com\/es\/wp-content\/uploads\/sites\/11\/2016\/07\/escritos-Gianna-Beretta-Molla.jpg?fit=1200%2C630&resize=525%2C300 1.5x, https:\/\/i0.wp.com\/vincentians.com\/es\/wp-content\/uploads\/sites\/11\/2016\/07\/escritos-Gianna-Beretta-Molla.jpg?fit=1200%2C630&resize=700%2C400 2x, https:\/\/i0.wp.com\/vincentians.com\/es\/wp-content\/uploads\/sites\/11\/2016\/07\/escritos-Gianna-Beretta-Molla.jpg?fit=1200%2C630&resize=1050%2C600 3x"},"classes":[]}],"_links":{"self":[{"href":"http:\/\/vincentians.com\/es\/wp-json\/wp\/v2\/posts\/16863","targetHints":{"allow":["GET"]}}],"collection":[{"href":"http:\/\/vincentians.com\/es\/wp-json\/wp\/v2\/posts"}],"about":[{"href":"http:\/\/vincentians.com\/es\/wp-json\/wp\/v2\/types\/post"}],"author":[{"embeddable":true,"href":"http:\/\/vincentians.com\/es\/wp-json\/wp\/v2\/users\/4"}],"replies":[{"embeddable":true,"href":"http:\/\/vincentians.com\/es\/wp-json\/wp\/v2\/comments?post=16863"}],"version-history":[{"count":0,"href":"http:\/\/vincentians.com\/es\/wp-json\/wp\/v2\/posts\/16863\/revisions"}],"wp:featuredmedia":[{"embeddable":true,"href":"http:\/\/vincentians.com\/es\/wp-json\/"}],"wp:attachment":[{"href":"http:\/\/vincentians.com\/es\/wp-json\/wp\/v2\/media?parent=16863"}],"wp:term":[{"taxonomy":"category","embeddable":true,"href":"http:\/\/vincentians.com\/es\/wp-json\/wp\/v2\/categories?post=16863"},{"taxonomy":"post_tag","embeddable":true,"href":"http:\/\/vincentians.com\/es\/wp-json\/wp\/v2\/tags?post=16863"}],"curies":[{"name":"wp","href":"https:\/\/api.w.org\/{rel}","templated":true}]}}