{"id":16856,"date":"2015-04-24T05:32:53","date_gmt":"2015-04-24T03:32:53","guid":{"rendered":"http:\/\/somos.vicencianos.org\/blog\/?p=16856"},"modified":"2015-04-24T05:32:53","modified_gmt":"2015-04-24T03:32:53","slug":"santa-gianna-el-amor-mas-grande-medico-esposa-madre","status":"publish","type":"post","link":"http:\/\/vincentians.com\/es\/santa-gianna-el-amor-mas-grande-medico-esposa-madre\/","title":{"rendered":"Santa Gianna: El amor m\u00e1s grande. M\u00e9dico, esposa, madre."},"content":{"rendered":"<p style=\"padding-left: 60px\"><em>\u00abMirad a las madres que verdaderamente aman a sus ni\u00f1os. \u00a1Cu\u00e1ntos sacrificios hacen! Para todo est\u00e1n preparadas, incluso para dar la propia sangre para que sus hijos crezcan buenos, sanos y robustos. \u00bfAcaso no ha muerto Jes\u00fas en la cruz por amor a nosotros? Y con la sangre del sacrificio con la que se afirma y se confirma el amor\u00bb.<\/em><\/p>\n<p style=\"padding-left: 60px\"><em>\u00abEra una mujer espl\u00e9ndida, pero absolutamente normal. Era guapa. Inteligente. Buena. Le gustaba sonre\u00edr. Era adem\u00e1s, una mujer moder\u00adna, elegante. Conduc\u00eda su coche. Amaba la monta\u00f1a y esquiaba muy bien. Le gustaban las flores y la m\u00fasica. Le gustaba viajar. Yo ten\u00eda de desplazarme frecuente-mente al extranjero a causa de mi trabajo, y cuando me era posible, la llevaba conmigo. Fuimos a Holanda, a Ale\u00admania, a Suecia. Un poco por todas partes de Europa. Era, sin duda alguna, una mujer normal. Una mujer como tantas otras. Pero ten\u00eda algo singular, quiz\u00e1: una gran religiosidad, una confianza absoluta en la Providencia divina. Y no dej\u00f3 de confiar nunca en ella, ni siquiera en los \u00faltimos meses de vida&#8230; Gianna no era uno de esos tipos m\u00edsti\u00adcos que piensan s\u00f3lo en el Cielo y que viven es esta tierra creyendo que es sobre todo un valle de l\u00e1grimas. Gianna era una mujer que sa\u00adb\u00eda disfrutar, en el buen sentido de la palabra, de las peque\u00f1as y gran\u00addes cosas que Dios nos concede tambi\u00e9n en este mundo. Sin embargo, cuando se dio cuenta de la terrible coincidencia de su embarazo y el desarrollo de un grueso fibroma su primera reacci\u00f3n, razonada, fue la de pedir que el ni\u00f1o que llevaba en el se\u00adno se salvase. No fue un suicidio. Gianna confiaba en la Providencia. La decisi\u00f3n de mi mujer fue el resultado coherente de toda una vida. Una decisi\u00f3n cuyas ra\u00edces se encuentran en los a\u00f1os de infancia. En su familia de origen. En la atm\u00f3sfera profundamente religiosa que le hab\u00edan proporcionado siempre a ella y a sus hermanos. No lo hizo porque esperase nada a cambio, ni \u2018para irse al Cielo\u2019. Lo hizo porque se sab\u00eda madre\u00bb<\/em><\/p>\n<p style=\"padding-left: 60px\">Pietro, su marido<\/p>\n<p><a href=\"https:\/\/i0.wp.com\/vicencianos.org\/vicencianos\/files\/2010\/04\/st-gianna-beretta-molla.jpg\"><img data-recalc-dims=\"1\" loading=\"lazy\" decoding=\"async\" class=\"alignright size-full wp-image-16858\" src=\"https:\/\/i0.wp.com\/vicencianos.org\/vicencianos\/files\/2010\/04\/st-gianna-beretta-molla.jpg?resize=332%2C808\" alt=\"\" width=\"332\" height=\"808\" \/><\/a>Gianna Beretta naci\u00f3 el 4 de octubre de 1922 en Ma\u00adgenta, en el norte de Italia, la d\u00e9cima de las hijas de Alberto Beretta y Mar\u00eda de Michelis. Era una de las t\u00edpicas familias burguesas acomodadas del norte de Italia de esa \u00e9poca, con una caracter\u00edstica importante: era una familia profundamente cristiana.<\/p>\n<p>A pesar de su posici\u00f3n econ\u00f3mica c\u00f3moda, los hijos fueron educados en un clima de sobriedad y despren\u00addimiento. Alberto y Mar\u00eda hab\u00edan ense\u00f1ado a sus hijos a preocuparse por los m\u00e1s necesitados. Gianna comenz\u00f3 en 1929 sus estudios elementales, y en 1933 se matricul\u00f3 en el Liceo Paolo Sarpi. Sus calificacio\u00adnes escolares fueron normales, con abundancia de suficientes y alguna convocatoria para septiembre de italiano y lat\u00edn. Tras la muerte de Amalia, la hermana mayor, a los 26 a\u00f1os, la familia se traslad\u00f3 a G\u00e9nova-Quinto al Mare, en la Rivera italiana de Levante. All\u00ed se ve\u00eda a la familia en Misa de ocho de la ma\u00f1ana, acompa\u00f1ados de algunos de sus hijos. Unos marcha\u00adban luego a la Universidad; otros, como Gianna, al colegio. Era buena deportista, amante de salidas al campo. Alberto y Mar\u00eda murieron en 1942, con 4 me\u00adses de diferencia. La familia se traslad\u00f3 entonces a la casa paterna de Magenta.<\/p>\n<p>Gianna se matricul\u00f3 en 1942 en la Facultad de Medi\u00adcina de Mil\u00e1n. Fueron a\u00f1os los a\u00f1os dif\u00edciles del fas\u00adcismo y de la guerra mundial. En 1945 se traslada a la Universidad de Pav\u00eda. Sus compa\u00f1eros la recuer\u00addan como una chica estudiosa, alegre, serena, amante de la naturaleza, con muchas aficiones: le gustaba pintar, la m\u00fasica, tocaba el piano y disfrutaba subien\u00addo a las monta\u00f1as cantando a pleno pulm\u00f3n. Durante aquellos a\u00f1os no se dedic\u00f3 s\u00f3lo a estudiar.<\/p>\n<p>En 1943 fue nombrada secretaria de un grupo estu\u00addiantil de Acci\u00f3n Cat\u00f3lica. Ocup\u00f3 varios cargos en la Acci\u00f3n Cat\u00f3lica hasta 1956. Daba charlas, asist\u00eda a diversas reuniones de car\u00e1cter apost\u00f3lico. Particip\u00f3 en las Conferencias de San Vicente, y muchos s\u00e1ba\u00addos iba a visitar con algunas amigas familias necesi\u00adtadas. Organiz\u00f3 varias tandas de Ejercicios Espiritua\u00adles para sus amigas. Les insist\u00eda en la necesidad de fomentar las virtudes humanas (para ser personas \u00abde una pieza\u00bb) y las espirituales (las animaba a la pr\u00e1cti\u00adca de la oraci\u00f3n diaria, las alentaba a acudir a la San\u00adta Misa y a la Comuni\u00f3n, a ser posible todos los d\u00edas, y si no, al menos, cada semana). Dec\u00eda: \u00abS\u00f3lo si po\u00adseemos la riqueza de la gracia podremos darla a nues\u00adtro alrededor; porque el que no tiene, no pude dar na\u00adda\u00bb. \u00abMeditaci\u00f3n, al menos diez minutos. Visita al Sant\u00edsimo, Santo Rosario, devoci\u00f3n a la Virgen. Y sobre todo, vida de oraci\u00f3n\u00bb.<\/p>\n<p>El 16 de junio de 1946 su hermano Giuseppe se orde\u00adn\u00f3 sacerdote. El 30 de noviembre de 1949 Gianna obtuvo la licenciatura en Medicina por la universidad de Mil\u00e1n, y el 27 de enero de 1950 le dieron el certi\u00adficado que la habilitaba para ejercer la Medicina en la especialidad de Pediatr\u00eda. Abri\u00f3 un ambulatorio en un pueblo de 2.000 habitantes, Mesero, junto con su hermano Ferdinando. Mientras tanto, otro hermano suyo, Enrico, se hab\u00eda ordenado tambi\u00e9n sacerdote y hab\u00eda marchado a Brasil. Por aquellos a\u00f1os se plante\u00f3 su vocaci\u00f3n. A ella le parec\u00eda que Dios le ped\u00eda ejer\u00adcer su profesi\u00f3n de m\u00e9dico, pero \u00bfd\u00f3nde? Se plante\u00f3 la posibilidad de marchar a Brasil, con su hermano Enrico, a trabajar en su hospital. Pero nunca acababa de tomar la decisi\u00f3n. En 1954 tom\u00f3 la resoluci\u00f3n de ir a Lourdes a pedir luz a Dios. A la vuelta, en Ma\u00adgenta, se encontr\u00f3 la respuesta de Dios en la persona de Pietro Molla, que ser\u00eda su futuro marido. Pietro era hijo de unos vecinos.<\/p>\n<p>Tras varias coincidencias, Pietro la invit\u00f3 a ir a la Scala de Mil\u00e1n en Nochevieja. Gianna acept\u00f3, y al volver, estuvieron celebrando el a\u00f1o nuevo en casa de Pietro. El 20 de febrero de 1955 le propuso que se casara con \u00e9l. Gianna acept\u00f3. Durante su noviazgo, Pietro tuvo que hacer varios viajes profesionales.<\/p>\n<p>Su comunicaci\u00f3n m\u00e1s frecuente fue por carta. En ellas Gianna y Pietro se comunicaban sus sentimien\u00adtos como cualquier pareja de enamorados. Los dos eran personas profundamente religiosas, y prepararon su matrimonio poniendo su futuro a los pies de la Virgen. El 24 de septiembre de 1955 se casaron en la bas\u00edlica de san Mart\u00edn de Magenta. Al poco iniciar su vida matrimonial, volvi\u00f3 a trabajar como especialista en Pediatr\u00eda. En 1956 naci\u00f3 su primer hijo, Pierluigi, y en 1957 Maria Zita. En 1959, despu\u00e9s de un embarazo un poco dif\u00edcil, naci\u00f3 el tercer hijo del matrimonio, Laura. En 1961 esperaban el cuarto hijo. En agosto le escribe a su amiga Mariuccia, que cuidaba a sus hijos en Courmayeur: \u00abTe voy a contar lo que me ha sucedido. El martes, cuando Nando me estaba reconocien\u00addo m\u00e9dicamente, advirti\u00f3 que adem\u00e1s del embarazo hab\u00eda un tumor bastante voluminoso. Pensamos que era un quiste ov\u00e1rico. Fui al profesor Vitali, y aunque \u00e9l nos confirm\u00f3 en nuestras sospechas, nos dijo que era mejor esperar quince d\u00edas (&#8230;) Aquel d\u00eda por la ma\u00f1ana comenc\u00e9 a notar hemorragias. Me acost\u00e9 r\u00e1\u00adpidamente, me pusieron inyecciones, bolsas de hielo y ces\u00f3 la hemorragia (&#8230;) Sin embargo, persist\u00edan los v\u00f3mitos, y aunque el profesor me dijo que pod\u00eda haber sido una amenaza de aborto, prosegu\u00ed embara\u00adzada. Pero, m\u00e1s que esperar; es mejor que me operen enseguida: lo han decidido para la semana que vie\u00adne\u00bb.<\/p>\n<p>Aquello le preocupaba, m\u00e1s que por su vida, por la de su futuro hijo. Y antes de la intervenci\u00f3n le dijo a su marido, al profesor Vitali y a su hermano Ferdinando, su decisi\u00f3n: deseaba, antes que nada, que durante la operaci\u00f3n se protegiera la vida del ni\u00f1o; si era preciso, por encima de la suya. Y le record\u00f3 al cirujano muy cla\u00adramente este deseo suyo antes de la operaci\u00f3n.<\/p>\n<p>Antes de entrar en el quir\u00f3fano quiso confesar y co\u00admulgar. Durante la operaci\u00f3n, el m\u00e9dico encontr\u00f3 una masa de fibroma seroso uterino. Extirp\u00f3 la masa del fibroma, sin da\u00f1ar la cavidad uterina, para hacer posible el embarazo, en contra de la pr\u00e1ctica normal, que procede a la extirpaci\u00f3n total, por los graves ries\u00adgos que reserva a la madre. Gianna sab\u00eda, como buen m\u00e9dico, que una sutura practicada en los primeros meses de embarazo, provoca con frecuencia una rotu\u00adra del \u00fatero, con un peligro mortal inmediato para la paciente en el cuarto y quinto mes de embarazo. Poco despu\u00e9s de la operaci\u00f3n, el doctor le dijo a Gianna: \u00abHemos salvado al ni\u00f1o\u00bb.<\/p>\n<p>Volvi\u00f3 a su casa, y reemprendi\u00f3 la vida habitual, per\u00adfectamente consciente de la gravedad de la situaci\u00f3n en que se encontraba. Sab\u00eda que esa operaci\u00f3n pod\u00eda costarle la vida a medida que fuera avanzando el em\u00adbarazo. Savina, la chica que le ayudaba en las tareas de la casa, comentaba: \u00abEra una gran persona. Siem\u00adpre contenta. A pesar de la confianza que nos ten\u00eda\u00admos, no me quiso decir nada del drama que estaba viviendo. Recuerdo que antes de entrar en la cl\u00ednica puso en orden, de forma meticulosa, todo lo que te\u00adn\u00eda. Orden\u00f3 los cajones de los armarios. Hizo conmi\u00adgo una limpieza general que no estaba prevista. Y yo me preguntaba qu\u00e9 estar\u00eda pensando\u00bb. A mediados de marzo, un d\u00eda en el que Pietro se dirig\u00eda a la f\u00e1brica, Gianna lo retuvo durante unos instantes antes de salir de casa: \u00abParece que la estoy viendo ahora. Estaba apoyada en el mueble del vest\u00edbulo de nuestra casa. Se me acerc\u00f3 y casi me susurr\u00f3: Pedro&#8230; te ruego&#8230; que si debes decidir entre m\u00ed y el ni\u00f1o, que te deci\u00addas por el ni\u00f1o. No por m\u00ed. \u00a1Te lo ruego! As\u00ed. Nada m\u00e1s. Me sent\u00ed incapaz de decirle nada. Conoc\u00eda muy bien a mi mujer; su generosidad, su esp\u00edritu de sacrificio. Me fui de casa sin decir una pala\u00adbra\u00bb. El 21 de abril naci\u00f3 su hija Gianna Emmanuela. \u00abCuando tuvo entre los brazos a nuestra criaturita \u2013recuerda Pietro-, la mir\u00f3 cari\u00f1osamente, con una mirada que muestra su inde\u00adcible sufrimiento por no poder gozar de ella, por no poder abrazarla y verla m\u00e1s\u00bb. Una religiosa del hos\u00adpital la confortaba. Gianna le agradec\u00eda sus palabras, pero le hac\u00eda ver la hondura de su sufrimiento: \u00abEs que usted, hermana, no sabe lo que supone ser ma\u00addre&#8230;\u00bb.<\/p>\n<p>Le diagnosticaron una peritonitis. Intentaron an\u00adtibi\u00f3ticos, drenajes. Todo in\u00fatil. Gianna se en\u00adcontraba cada vez peor, pero no se lamentaba.<\/p>\n<p>Comenzaron los d\u00edas largos de su agon\u00eda. Pietro estaba siempre a su lado. \u00abA mediod\u00eda del Vier\u00adnes Santo \u2013cuenta Pietro- comenz\u00f3 su Calvario y su martirio. El S\u00e1bado Santo tuvo, y todos noso\u00adtros con ella, la alegr\u00eda de una nueva criatura. El d\u00eda de Pascua soport\u00f3 unos sufrimientos terri\u00adbles, al igual que el Lunes y el martes despu\u00e9s de Pascua. La noche del martes fue la de su primera agon\u00eda, que super\u00f3 milagrosamente gracias a los cuidados de Nando y de Sor Virginia\u00bb. Su uni\u00f3n con Dios se iba haciendo m\u00e1s y m\u00e1s intensa. Su gran dolor era dejar hu\u00e9rfanos a sus hijos. Sus familiares decidieron que sus hijos no fueran a verla en ese estado. Adem\u00e1s Gianna reconoci\u00f3: \u00abMe faltan fuerzas y \u00e1nimos para volver a ver\u00adles\u00bb. Los dolores abdominales se volvieron cada vez m\u00e1s fuertes y terribles. Todos los remedios fueron en vano. En un momento sufri\u00f3 un colap\u00adso, que parec\u00eda definitivo. El capell\u00e1n no pudo ir, porque estaba llevando la Comuni\u00f3n a unos en\u00adfermos. Su hermana Virginia le dio a besar un crucifijo. Gianna lo apret\u00f3 entre sus manos y lo bes\u00f3. \u00abEstoy seguro \u2013dice Pietro- que desde ese momento Gianna no interrumpi\u00f3 su coloquio con el Se\u00f1or. Pidi\u00f3 recibir al Se\u00f1or en la Eucarist\u00eda, al menos sobre los labios, incluso el jueves y el viernes, cuando no pod\u00eda tragar la Sagrada for\u00adma. Y repet\u00eda muchas veces: \u00a1Jes\u00fas te amo, Jes\u00fas te amo!\u00bb.<\/p>\n<p>El viernes, despu\u00e9s de una semana debati\u00e9ndose entre la vida y la muerte, entr\u00f3 de nuevo en co\u00adma. Era el final. Decidieron llevarla a su casa el s\u00e1bado a las cuatro de la ma\u00f1ana. En las habita\u00adciones contiguas dorm\u00edan sus hijos: Pierluigi, Mariolina y Laureta. La peque\u00f1a Gianna Emma\u00adnuela permanec\u00eda en la sala de Maternidad del Hospital. Nunca sabremos si, a pesar de su situa\u00adci\u00f3n, Gianna pudo o\u00edr las voces de sus hijos al levantarse y el ruido del motor del coche en el que se los llevaron hasta la casa de unos familia\u00adres. Mientras tanto, Pietro permanec\u00eda a su lado. Falleci\u00f3 sin un gemido. Eran las ocho de la ma\u00ad\u00f1ana del s\u00e1bado 28 de abril de 1962.<\/p>\n<p><strong>El 24 de abril de 1994, el papa Juan Pablo II la beatific\u00f3 y fue canonizada el 16 de mayo de 2004. <\/strong><\/p>\n","protected":false},"excerpt":{"rendered":"<p>\u00abMirad a las madres que verdaderamente aman a sus ni\u00f1os. \u00a1Cu\u00e1ntos sacrificios hacen! Para todo est\u00e1n preparadas, incluso para dar la propia sangre para que sus hijos crezcan buenos, sanos y robustos. \u00bfAcaso no ha &#8230; <a href=\"http:\/\/vincentians.com\/es\/santa-gianna-el-amor-mas-grande-medico-esposa-madre\/\" class=\"more-link\">Read More<\/a><\/p>\n","protected":false},"author":4,"featured_media":143805,"comment_status":"open","ping_status":"open","sticky":false,"template":"","format":"standard","meta":{"jetpack_post_was_ever_published":false,"_jetpack_newsletter_access":"","_jetpack_dont_email_post_to_subs":false,"_jetpack_newsletter_tier_id":0,"_jetpack_memberships_contains_paywalled_content":false,"_jetpack_memberships_contains_paid_content":false,"footnotes":"","jetpack_publicize_message":"","jetpack_publicize_feature_enabled":true,"jetpack_social_post_already_shared":true,"jetpack_social_options":{"image_generator_settings":{"template":"highway","default_image_id":0,"font":"","enabled":false},"version":2}},"categories":[344],"tags":[],"class_list":["post-16856","post","type-post","status-publish","format-standard","has-post-thumbnail","hentry","category-gianna-beretta-molla"],"yoast_head":"<!-- This site is optimized with the Yoast SEO plugin v26.3 - https:\/\/yoast.com\/wordpress\/plugins\/seo\/ -->\n<title>Santa Gianna: El amor m\u00e1s grande. M\u00e9dico, esposa, madre. - Somos Vicencianos<\/title>\n<meta name=\"robots\" content=\"index, follow, max-snippet:-1, max-image-preview:large, max-video-preview:-1\" \/>\n<link rel=\"canonical\" href=\"http:\/\/vincentians.com\/es\/santa-gianna-el-amor-mas-grande-medico-esposa-madre\/\" \/>\n<meta property=\"og:locale\" content=\"es_ES\" \/>\n<meta property=\"og:type\" content=\"article\" \/>\n<meta property=\"og:title\" content=\"Santa Gianna: El amor m\u00e1s grande. M\u00e9dico, esposa, madre. - Somos Vicencianos\" \/>\n<meta property=\"og:description\" content=\"\u00abMirad a las madres que verdaderamente aman a sus ni\u00f1os. \u00a1Cu\u00e1ntos sacrificios hacen! Para todo est\u00e1n preparadas, incluso para dar la propia sangre para que sus hijos crezcan buenos, sanos y robustos. \u00bfAcaso no ha ... Read More\" \/>\n<meta property=\"og:url\" content=\"http:\/\/vincentians.com\/es\/santa-gianna-el-amor-mas-grande-medico-esposa-madre\/\" \/>\n<meta property=\"og:site_name\" content=\"Somos Vicencianos\" \/>\n<meta property=\"article:publisher\" content=\"https:\/\/www.facebook.com\/WeAreVincentians\/\" \/>\n<meta property=\"article:author\" content=\"https:\/\/www.facebook.com\/JavierChento\" \/>\n<meta property=\"article:published_time\" content=\"2015-04-24T03:32:53+00:00\" \/>\n<meta name=\"author\" content=\"Francisco Javier Fern\u00e1ndez Chento\" \/>\n<meta name=\"twitter:card\" content=\"summary_large_image\" \/>\n<meta name=\"twitter:creator\" content=\"@https:\/\/twitter.com\/javierchento\" \/>\n<meta name=\"twitter:site\" content=\"@WeVincentians\" \/>\n<meta name=\"twitter:label1\" content=\"Escrito por\" \/>\n\t<meta name=\"twitter:data1\" content=\"Francisco Javier Fern\u00e1ndez Chento\" \/>\n\t<meta name=\"twitter:label2\" content=\"Tiempo de lectura\" \/>\n\t<meta name=\"twitter:data2\" content=\"12 minutos\" \/>\n<script type=\"application\/ld+json\" class=\"yoast-schema-graph\">{\"@context\":\"https:\/\/schema.org\",\"@graph\":[{\"@type\":\"Article\",\"@id\":\"http:\/\/vincentians.com\/es\/santa-gianna-el-amor-mas-grande-medico-esposa-madre\/#article\",\"isPartOf\":{\"@id\":\"http:\/\/vincentians.com\/es\/santa-gianna-el-amor-mas-grande-medico-esposa-madre\/\"},\"author\":{\"name\":\"Francisco Javier Fern\u00e1ndez Chento\",\"@id\":\"http:\/\/vincentians.com\/es\/#\/schema\/person\/9623ef4d9aa3b2dfb8c061f1499288f2\"},\"headline\":\"Santa Gianna: El amor m\u00e1s grande. M\u00e9dico, esposa, madre.\",\"datePublished\":\"2015-04-24T03:32:53+00:00\",\"mainEntityOfPage\":{\"@id\":\"http:\/\/vincentians.com\/es\/santa-gianna-el-amor-mas-grande-medico-esposa-madre\/\"},\"wordCount\":2330,\"commentCount\":0,\"publisher\":{\"@id\":\"http:\/\/vincentians.com\/es\/#organization\"},\"image\":{\"@id\":\"http:\/\/vincentians.com\/es\/santa-gianna-el-amor-mas-grande-medico-esposa-madre\/#primaryimage\"},\"thumbnailUrl\":\"\",\"articleSection\":[\"Gianna Beretta Molla\"],\"inLanguage\":\"es\",\"potentialAction\":[{\"@type\":\"CommentAction\",\"name\":\"Comment\",\"target\":[\"http:\/\/vincentians.com\/es\/santa-gianna-el-amor-mas-grande-medico-esposa-madre\/#respond\"]}]},{\"@type\":\"WebPage\",\"@id\":\"http:\/\/vincentians.com\/es\/santa-gianna-el-amor-mas-grande-medico-esposa-madre\/\",\"url\":\"http:\/\/vincentians.com\/es\/santa-gianna-el-amor-mas-grande-medico-esposa-madre\/\",\"name\":\"Santa Gianna: El amor m\u00e1s grande. M\u00e9dico, esposa, madre. - Somos Vicencianos\",\"isPartOf\":{\"@id\":\"http:\/\/vincentians.com\/es\/#website\"},\"primaryImageOfPage\":{\"@id\":\"http:\/\/vincentians.com\/es\/santa-gianna-el-amor-mas-grande-medico-esposa-madre\/#primaryimage\"},\"image\":{\"@id\":\"http:\/\/vincentians.com\/es\/santa-gianna-el-amor-mas-grande-medico-esposa-madre\/#primaryimage\"},\"thumbnailUrl\":\"\",\"datePublished\":\"2015-04-24T03:32:53+00:00\",\"breadcrumb\":{\"@id\":\"http:\/\/vincentians.com\/es\/santa-gianna-el-amor-mas-grande-medico-esposa-madre\/#breadcrumb\"},\"inLanguage\":\"es\",\"potentialAction\":[{\"@type\":\"ReadAction\",\"target\":[\"http:\/\/vincentians.com\/es\/santa-gianna-el-amor-mas-grande-medico-esposa-madre\/\"]}]},{\"@type\":\"ImageObject\",\"inLanguage\":\"es\",\"@id\":\"http:\/\/vincentians.com\/es\/santa-gianna-el-amor-mas-grande-medico-esposa-madre\/#primaryimage\",\"url\":\"\",\"contentUrl\":\"\"},{\"@type\":\"BreadcrumbList\",\"@id\":\"http:\/\/vincentians.com\/es\/santa-gianna-el-amor-mas-grande-medico-esposa-madre\/#breadcrumb\",\"itemListElement\":[{\"@type\":\"ListItem\",\"position\":1,\"name\":\"Portada\",\"item\":\"http:\/\/vincentians.com\/es\/\"},{\"@type\":\"ListItem\",\"position\":2,\"name\":\"Santa Gianna: El amor m\u00e1s grande. M\u00e9dico, esposa, madre.\"}]},{\"@type\":\"WebSite\",\"@id\":\"http:\/\/vincentians.com\/es\/#website\",\"url\":\"http:\/\/vincentians.com\/es\/\",\"name\":\"Somos Vicencianos\",\"description\":\"Know more to serve more\",\"publisher\":{\"@id\":\"http:\/\/vincentians.com\/es\/#organization\"},\"potentialAction\":[{\"@type\":\"SearchAction\",\"target\":{\"@type\":\"EntryPoint\",\"urlTemplate\":\"http:\/\/vincentians.com\/es\/?s={search_term_string}\"},\"query-input\":{\"@type\":\"PropertyValueSpecification\",\"valueRequired\":true,\"valueName\":\"search_term_string\"}}],\"inLanguage\":\"es\"},{\"@type\":\"Organization\",\"@id\":\"http:\/\/vincentians.com\/es\/#organization\",\"name\":\"The Vincentian Network\",\"url\":\"http:\/\/vincentians.com\/es\/\",\"logo\":{\"@type\":\"ImageObject\",\"inLanguage\":\"es\",\"@id\":\"http:\/\/vincentians.com\/es\/#\/schema\/logo\/image\/\",\"url\":\"https:\/\/i1.wp.com\/vincentians.com\/es\/wp-content\/uploads\/sites\/11\/2016\/06\/Vincentian-Network-logo-big.png?fit=778%2C778\",\"contentUrl\":\"https:\/\/i1.wp.com\/vincentians.com\/es\/wp-content\/uploads\/sites\/11\/2016\/06\/Vincentian-Network-logo-big.png?fit=778%2C778\",\"width\":778,\"height\":778,\"caption\":\"The Vincentian Network\"},\"image\":{\"@id\":\"http:\/\/vincentians.com\/es\/#\/schema\/logo\/image\/\"},\"sameAs\":[\"https:\/\/www.facebook.com\/WeAreVincentians\/\",\"https:\/\/x.com\/WeVincentians\"]},{\"@type\":\"Person\",\"@id\":\"http:\/\/vincentians.com\/es\/#\/schema\/person\/9623ef4d9aa3b2dfb8c061f1499288f2\",\"name\":\"Francisco Javier Fern\u00e1ndez Chento\",\"image\":{\"@type\":\"ImageObject\",\"inLanguage\":\"es\",\"@id\":\"http:\/\/vincentians.com\/es\/#\/schema\/person\/image\/\",\"url\":\"https:\/\/secure.gravatar.com\/avatar\/497d5cde87b4c3d097d0315953521681ba2cd523ee66e5077c3711f7021e65de?s=96&d=mm&r=g\",\"contentUrl\":\"https:\/\/secure.gravatar.com\/avatar\/497d5cde87b4c3d097d0315953521681ba2cd523ee66e5077c3711f7021e65de?s=96&d=mm&r=g\",\"caption\":\"Francisco Javier Fern\u00e1ndez Chento\"},\"description\":\"Director General y cofundador de La Red de Formaci\u00f3n Vicenciana. Javier es laico vicenciano, afiliado a la Congregaci\u00f3n de la Misi\u00f3n y miembro del Equipo de Misiones Populares de la provincia can\u00f3nica de Zaragoza (Espa\u00f1a) de la Congregaci\u00f3n de la Misi\u00f3n. Graduado en la Universidad Oberta de Catalunya con cuatro grados (Asistente de direcci\u00f3n, Gesti\u00f3n Administrativa, Recursos Humanos y Contabilidad Avanzada). Bil\u00edng\u00fce Espa\u00f1ol\/Ingl\u00e9s. gestiona y mantiene varias p\u00e1ginas web cristianas y vicencianas, incluida including La Red de Formaci\u00f3n Vicenciana, de la que es cofundador. Actualmente es responsable del \u00e1rea de Espa\u00f1ol de .famvin, la Red de Noticias de la Familia Vicenciana. Tambi\u00e9n es m\u00fasico cat\u00f3lico y ha editado varios discos. Es Director General y cofundador de Trovador, una reconocida compa\u00f1\u00eda discogr\u00e1fica critiana de Espa\u00f1a. Trabaja en las Tecnolog\u00edas de la Informaci\u00f3n, ofreciendo servicios de alojamiento, dise\u00f1o y mantenimiento Web, as\u00ed como asesoramiento, formaci\u00f3n y soluciones inform\u00e1ticas, gesti\u00f3n documental y digitalizaci\u00f3n de textos, edici\u00f3n y maquetaci\u00f3n de libros, revistas, flyers, etc.\",\"sameAs\":[\"http:\/\/chento.org\",\"https:\/\/www.facebook.com\/JavierChento\",\"https:\/\/x.com\/https:\/\/twitter.com\/javierchento\"],\"url\":\"http:\/\/vincentians.com\/es\/author\/chento\/\"}]}<\/script>\n<!-- \/ Yoast SEO plugin. -->","yoast_head_json":{"title":"Santa Gianna: El amor m\u00e1s grande. M\u00e9dico, esposa, madre. - Somos Vicencianos","robots":{"index":"index","follow":"follow","max-snippet":"max-snippet:-1","max-image-preview":"max-image-preview:large","max-video-preview":"max-video-preview:-1"},"canonical":"http:\/\/vincentians.com\/es\/santa-gianna-el-amor-mas-grande-medico-esposa-madre\/","og_locale":"es_ES","og_type":"article","og_title":"Santa Gianna: El amor m\u00e1s grande. M\u00e9dico, esposa, madre. - Somos Vicencianos","og_description":"\u00abMirad a las madres que verdaderamente aman a sus ni\u00f1os. \u00a1Cu\u00e1ntos sacrificios hacen! Para todo est\u00e1n preparadas, incluso para dar la propia sangre para que sus hijos crezcan buenos, sanos y robustos. \u00bfAcaso no ha ... Read More","og_url":"http:\/\/vincentians.com\/es\/santa-gianna-el-amor-mas-grande-medico-esposa-madre\/","og_site_name":"Somos Vicencianos","article_publisher":"https:\/\/www.facebook.com\/WeAreVincentians\/","article_author":"https:\/\/www.facebook.com\/JavierChento","article_published_time":"2015-04-24T03:32:53+00:00","author":"Francisco Javier Fern\u00e1ndez Chento","twitter_card":"summary_large_image","twitter_creator":"@https:\/\/twitter.com\/javierchento","twitter_site":"@WeVincentians","twitter_misc":{"Escrito por":"Francisco Javier Fern\u00e1ndez Chento","Tiempo de lectura":"12 minutos"},"schema":{"@context":"https:\/\/schema.org","@graph":[{"@type":"Article","@id":"http:\/\/vincentians.com\/es\/santa-gianna-el-amor-mas-grande-medico-esposa-madre\/#article","isPartOf":{"@id":"http:\/\/vincentians.com\/es\/santa-gianna-el-amor-mas-grande-medico-esposa-madre\/"},"author":{"name":"Francisco Javier Fern\u00e1ndez Chento","@id":"http:\/\/vincentians.com\/es\/#\/schema\/person\/9623ef4d9aa3b2dfb8c061f1499288f2"},"headline":"Santa Gianna: El amor m\u00e1s grande. M\u00e9dico, esposa, madre.","datePublished":"2015-04-24T03:32:53+00:00","mainEntityOfPage":{"@id":"http:\/\/vincentians.com\/es\/santa-gianna-el-amor-mas-grande-medico-esposa-madre\/"},"wordCount":2330,"commentCount":0,"publisher":{"@id":"http:\/\/vincentians.com\/es\/#organization"},"image":{"@id":"http:\/\/vincentians.com\/es\/santa-gianna-el-amor-mas-grande-medico-esposa-madre\/#primaryimage"},"thumbnailUrl":"","articleSection":["Gianna Beretta Molla"],"inLanguage":"es","potentialAction":[{"@type":"CommentAction","name":"Comment","target":["http:\/\/vincentians.com\/es\/santa-gianna-el-amor-mas-grande-medico-esposa-madre\/#respond"]}]},{"@type":"WebPage","@id":"http:\/\/vincentians.com\/es\/santa-gianna-el-amor-mas-grande-medico-esposa-madre\/","url":"http:\/\/vincentians.com\/es\/santa-gianna-el-amor-mas-grande-medico-esposa-madre\/","name":"Santa Gianna: El amor m\u00e1s grande. M\u00e9dico, esposa, madre. - Somos Vicencianos","isPartOf":{"@id":"http:\/\/vincentians.com\/es\/#website"},"primaryImageOfPage":{"@id":"http:\/\/vincentians.com\/es\/santa-gianna-el-amor-mas-grande-medico-esposa-madre\/#primaryimage"},"image":{"@id":"http:\/\/vincentians.com\/es\/santa-gianna-el-amor-mas-grande-medico-esposa-madre\/#primaryimage"},"thumbnailUrl":"","datePublished":"2015-04-24T03:32:53+00:00","breadcrumb":{"@id":"http:\/\/vincentians.com\/es\/santa-gianna-el-amor-mas-grande-medico-esposa-madre\/#breadcrumb"},"inLanguage":"es","potentialAction":[{"@type":"ReadAction","target":["http:\/\/vincentians.com\/es\/santa-gianna-el-amor-mas-grande-medico-esposa-madre\/"]}]},{"@type":"ImageObject","inLanguage":"es","@id":"http:\/\/vincentians.com\/es\/santa-gianna-el-amor-mas-grande-medico-esposa-madre\/#primaryimage","url":"","contentUrl":""},{"@type":"BreadcrumbList","@id":"http:\/\/vincentians.com\/es\/santa-gianna-el-amor-mas-grande-medico-esposa-madre\/#breadcrumb","itemListElement":[{"@type":"ListItem","position":1,"name":"Portada","item":"http:\/\/vincentians.com\/es\/"},{"@type":"ListItem","position":2,"name":"Santa Gianna: El amor m\u00e1s grande. M\u00e9dico, esposa, madre."}]},{"@type":"WebSite","@id":"http:\/\/vincentians.com\/es\/#website","url":"http:\/\/vincentians.com\/es\/","name":"Somos Vicencianos","description":"Know more to serve more","publisher":{"@id":"http:\/\/vincentians.com\/es\/#organization"},"potentialAction":[{"@type":"SearchAction","target":{"@type":"EntryPoint","urlTemplate":"http:\/\/vincentians.com\/es\/?s={search_term_string}"},"query-input":{"@type":"PropertyValueSpecification","valueRequired":true,"valueName":"search_term_string"}}],"inLanguage":"es"},{"@type":"Organization","@id":"http:\/\/vincentians.com\/es\/#organization","name":"The Vincentian Network","url":"http:\/\/vincentians.com\/es\/","logo":{"@type":"ImageObject","inLanguage":"es","@id":"http:\/\/vincentians.com\/es\/#\/schema\/logo\/image\/","url":"https:\/\/i1.wp.com\/vincentians.com\/es\/wp-content\/uploads\/sites\/11\/2016\/06\/Vincentian-Network-logo-big.png?fit=778%2C778","contentUrl":"https:\/\/i1.wp.com\/vincentians.com\/es\/wp-content\/uploads\/sites\/11\/2016\/06\/Vincentian-Network-logo-big.png?fit=778%2C778","width":778,"height":778,"caption":"The Vincentian Network"},"image":{"@id":"http:\/\/vincentians.com\/es\/#\/schema\/logo\/image\/"},"sameAs":["https:\/\/www.facebook.com\/WeAreVincentians\/","https:\/\/x.com\/WeVincentians"]},{"@type":"Person","@id":"http:\/\/vincentians.com\/es\/#\/schema\/person\/9623ef4d9aa3b2dfb8c061f1499288f2","name":"Francisco Javier Fern\u00e1ndez Chento","image":{"@type":"ImageObject","inLanguage":"es","@id":"http:\/\/vincentians.com\/es\/#\/schema\/person\/image\/","url":"https:\/\/secure.gravatar.com\/avatar\/497d5cde87b4c3d097d0315953521681ba2cd523ee66e5077c3711f7021e65de?s=96&d=mm&r=g","contentUrl":"https:\/\/secure.gravatar.com\/avatar\/497d5cde87b4c3d097d0315953521681ba2cd523ee66e5077c3711f7021e65de?s=96&d=mm&r=g","caption":"Francisco Javier Fern\u00e1ndez Chento"},"description":"Director General y cofundador de La Red de Formaci\u00f3n Vicenciana. Javier es laico vicenciano, afiliado a la Congregaci\u00f3n de la Misi\u00f3n y miembro del Equipo de Misiones Populares de la provincia can\u00f3nica de Zaragoza (Espa\u00f1a) de la Congregaci\u00f3n de la Misi\u00f3n. Graduado en la Universidad Oberta de Catalunya con cuatro grados (Asistente de direcci\u00f3n, Gesti\u00f3n Administrativa, Recursos Humanos y Contabilidad Avanzada). Bil\u00edng\u00fce Espa\u00f1ol\/Ingl\u00e9s. gestiona y mantiene varias p\u00e1ginas web cristianas y vicencianas, incluida including La Red de Formaci\u00f3n Vicenciana, de la que es cofundador. Actualmente es responsable del \u00e1rea de Espa\u00f1ol de .famvin, la Red de Noticias de la Familia Vicenciana. Tambi\u00e9n es m\u00fasico cat\u00f3lico y ha editado varios discos. Es Director General y cofundador de Trovador, una reconocida compa\u00f1\u00eda discogr\u00e1fica critiana de Espa\u00f1a. Trabaja en las Tecnolog\u00edas de la Informaci\u00f3n, ofreciendo servicios de alojamiento, dise\u00f1o y mantenimiento Web, as\u00ed como asesoramiento, formaci\u00f3n y soluciones inform\u00e1ticas, gesti\u00f3n documental y digitalizaci\u00f3n de textos, edici\u00f3n y maquetaci\u00f3n de libros, revistas, flyers, etc.","sameAs":["http:\/\/chento.org","https:\/\/www.facebook.com\/JavierChento","https:\/\/x.com\/https:\/\/twitter.com\/javierchento"],"url":"http:\/\/vincentians.com\/es\/author\/chento\/"}]}},"jetpack_publicize_connections":[],"jetpack_featured_media_url":"","jetpack_sharing_enabled":true,"jetpack_shortlink":"https:\/\/wp.me\/p7ETMF-4nS","jetpack-related-posts":[{"id":16774,"url":"http:\/\/vincentians.com\/es\/una-santa-en-busca-de-la-vida\/","url_meta":{"origin":16856,"position":0},"title":"Una santa en busca de la vida","author":"Francisco Javier Fern\u00e1ndez Chento","date":"10\/11\/2013","format":false,"excerpt":"Un canto a la vida en la cultura de la muerte Nuestro tiempo se caracteriza por una generalizada violencia social, distintos estudiosos la han definido como la \u00e9poca m\u00e1s cruel de la historia. Al leer distintos diarios, desde enero hasta ahora, se puede ver que han matado a 69 jubilidados\u2026","rel":"","context":"En \u00abGianna Beretta Molla\u00bb","block_context":{"text":"Gianna Beretta Molla","link":"http:\/\/vincentians.com\/es\/category\/la-familia-vicenciana\/la-familia-vicenciana-en-los-altares\/santos\/gianna-beretta-molla\/"},"img":{"alt_text":"","src":"https:\/\/i0.wp.com\/vicencianos.org\/wp-content\/2010\/04\/Saint-Gianna1-247x300.jpg?resize=350%2C200","width":350,"height":200},"classes":[]},{"id":16765,"url":"http:\/\/vincentians.com\/es\/oracion-a-santa-gianna-beretta-molla\/","url_meta":{"origin":16856,"position":1},"title":"Oraci\u00f3n a santa Gianna Beretta Molla","author":"Francisco Javier Fern\u00e1ndez Chento","date":"28\/04\/2015","format":false,"excerpt":"Dios, Padre nuestro, te alabamos y te bendecimos porque en Santa Gianna Beretta Molla nos has concedido y dado a conocer a una mujer, testigo del Evangelio, como joven, esposa, madre y m\u00e9dico. Te damos gracias tambi\u00e9n porque por medio de la entrega de su vida nos ense\u00f1as a acoger\u2026","rel":"","context":"En \u00abGianna Beretta Molla\u00bb","block_context":{"text":"Gianna Beretta Molla","link":"http:\/\/vincentians.com\/es\/category\/la-familia-vicenciana\/la-familia-vicenciana-en-los-altares\/santos\/gianna-beretta-molla\/"},"img":{"alt_text":"","src":"https:\/\/i0.wp.com\/vicencianos.org\/vicencianos\/files\/2010\/04\/Gianna-Beretta-Molla.jpg?resize=350%2C200","width":350,"height":200},"classes":[]},{"id":16787,"url":"http:\/\/vincentians.com\/es\/gianna-beretta-molla-02-carta-de-pietro-molla-desde-stockhard\/","url_meta":{"origin":16856,"position":2},"title":"Gianna Beretta Molla: 02 Carta de Pietro Molla, desde Stockhard","author":"Francisco Javier Fern\u00e1ndez Chento","date":"06\/04\/2010","format":false,"excerpt":"Alemania, Febrero 19, 1959 \u2026\"Siempre me he alegrado de encontrar en ti a la esposa ideal que hab\u00eda so\u00f1ado, y una madre incomparable para nuestros hijos; y con todo, siempre descubro en ti nuevas virtudes de sacrificio, paciencia, comprensi\u00f3n, bondad, y tanto afecto de amor. Y aqu\u00ed, lejos de ti,\u2026","rel":"","context":"En \u00abEscritos de Gianna Beretta Molla\u00bb","block_context":{"text":"Escritos de Gianna Beretta Molla","link":"http:\/\/vincentians.com\/es\/category\/escritos\/escritos-de-gianna-beretta-molla\/"},"img":{"alt_text":"","src":"https:\/\/i0.wp.com\/vincentians.com\/es\/wp-content\/uploads\/sites\/11\/2016\/07\/escritos-Gianna-Beretta-Molla.jpg?fit=1200%2C630&resize=350%2C200","width":350,"height":200,"srcset":"https:\/\/i0.wp.com\/vincentians.com\/es\/wp-content\/uploads\/sites\/11\/2016\/07\/escritos-Gianna-Beretta-Molla.jpg?fit=1200%2C630&resize=350%2C200 1x, https:\/\/i0.wp.com\/vincentians.com\/es\/wp-content\/uploads\/sites\/11\/2016\/07\/escritos-Gianna-Beretta-Molla.jpg?fit=1200%2C630&resize=525%2C300 1.5x, https:\/\/i0.wp.com\/vincentians.com\/es\/wp-content\/uploads\/sites\/11\/2016\/07\/escritos-Gianna-Beretta-Molla.jpg?fit=1200%2C630&resize=700%2C400 2x, https:\/\/i0.wp.com\/vincentians.com\/es\/wp-content\/uploads\/sites\/11\/2016\/07\/escritos-Gianna-Beretta-Molla.jpg?fit=1200%2C630&resize=1050%2C600 3x"},"classes":[]},{"id":16771,"url":"http:\/\/vincentians.com\/es\/gianna-beretta-molla-y-jose-moscati-dos-medicos-dos-santos\/","url_meta":{"origin":16856,"position":3},"title":"Gianna Beretta Molla y Jos\u00e9 Moscati: dos m\u00e9dicos, dos santos","author":"Francisco Javier Fern\u00e1ndez Chento","date":"24\/04\/2015","format":false,"excerpt":"\"Coronando una existencia ejemplar de estudiante, de mujer enpe\u00f1ada en la comunidad eclesial y de esposa y madre feliz, supo ofrecer en sacrificio su vida para que pudiese vivir la criatura que llevaba en su seno, y que hoy est\u00e1 aqu\u00ed con nosotros. Ella como m\u00e9dico era consciente de lo\u2026","rel":"","context":"En \u00abGianna Beretta Molla\u00bb","block_context":{"text":"Gianna Beretta Molla","link":"http:\/\/vincentians.com\/es\/category\/la-familia-vicenciana\/la-familia-vicenciana-en-los-altares\/santos\/gianna-beretta-molla\/"},"img":{"alt_text":"","src":"https:\/\/i0.wp.com\/vicencianos.org\/vicencianos\/files\/2010\/04\/Gianna-Beretta-Molla.jpg?resize=350%2C200","width":350,"height":200},"classes":[]},{"id":16770,"url":"http:\/\/vincentians.com\/es\/santa-gianna-beretta-molla-ejemplo-de-la-lucha-contra-el-aborto\/","url_meta":{"origin":16856,"position":4},"title":"Santa Gianna Beretta Molla, ejemplo de la lucha contra el aborto","author":"Francisco Javier Fern\u00e1ndez Chento","date":"24\/04\/2015","format":false,"excerpt":"En momentos que en nuestro pa\u00eds arrecia la ofensiva para despenalizar el aborto y abrir las puertas a su pr\u00e1ctica legal, con la presentaci\u00f3n de proyectos en el Senado Nacional y en la Legislatura porte\u00f1a, es oportuno recordar la vida de Santa Gianna Beretta Molla, recientemente canonizada, que prefiri\u00f3 morir\u2026","rel":"","context":"En \u00abGianna Beretta Molla\u00bb","block_context":{"text":"Gianna Beretta Molla","link":"http:\/\/vincentians.com\/es\/category\/la-familia-vicenciana\/la-familia-vicenciana-en-los-altares\/santos\/gianna-beretta-molla\/"},"img":{"alt_text":"","src":"https:\/\/i0.wp.com\/vicencianos.org\/vicencianos\/files\/2010\/04\/Saint-Gianna-247x300.jpg?resize=350%2C200","width":350,"height":200},"classes":[]},{"id":16767,"url":"http:\/\/vincentians.com\/es\/santa-gianna-beretta-molla\/","url_meta":{"origin":16856,"position":5},"title":"Santa Gianna Beretta Molla","author":"Francisco Javier Fern\u00e1ndez Chento","date":"08\/11\/2013","format":false,"excerpt":"\u00bfQui\u00e9n fue? Gianna fue la d\u00e9cima de trece hijos, de una familia de clase media de Lombard\u00eda (al norte de Italia), estudi\u00f3 medicina y se especializ\u00f3 en pediatr\u00eda, profesi\u00f3n que compagin\u00f3 con su tarea de madre de familia. Quienes la conoc\u00edan dicen que fue una mujer activa y llena de\u2026","rel":"","context":"En \u00abGianna Beretta Molla\u00bb","block_context":{"text":"Gianna Beretta Molla","link":"http:\/\/vincentians.com\/es\/category\/la-familia-vicenciana\/la-familia-vicenciana-en-los-altares\/santos\/gianna-beretta-molla\/"},"img":{"alt_text":"","src":"https:\/\/i0.wp.com\/vicencianos.org\/vicencianos\/files\/2010\/04\/santa-gianna-beretta-molla-2-218x300.jpg?resize=350%2C200","width":350,"height":200},"classes":[]}],"_links":{"self":[{"href":"http:\/\/vincentians.com\/es\/wp-json\/wp\/v2\/posts\/16856","targetHints":{"allow":["GET"]}}],"collection":[{"href":"http:\/\/vincentians.com\/es\/wp-json\/wp\/v2\/posts"}],"about":[{"href":"http:\/\/vincentians.com\/es\/wp-json\/wp\/v2\/types\/post"}],"author":[{"embeddable":true,"href":"http:\/\/vincentians.com\/es\/wp-json\/wp\/v2\/users\/4"}],"replies":[{"embeddable":true,"href":"http:\/\/vincentians.com\/es\/wp-json\/wp\/v2\/comments?post=16856"}],"version-history":[{"count":0,"href":"http:\/\/vincentians.com\/es\/wp-json\/wp\/v2\/posts\/16856\/revisions"}],"wp:featuredmedia":[{"embeddable":true,"href":"http:\/\/vincentians.com\/es\/wp-json\/"}],"wp:attachment":[{"href":"http:\/\/vincentians.com\/es\/wp-json\/wp\/v2\/media?parent=16856"}],"wp:term":[{"taxonomy":"category","embeddable":true,"href":"http:\/\/vincentians.com\/es\/wp-json\/wp\/v2\/categories?post=16856"},{"taxonomy":"post_tag","embeddable":true,"href":"http:\/\/vincentians.com\/es\/wp-json\/wp\/v2\/tags?post=16856"}],"curies":[{"name":"wp","href":"https:\/\/api.w.org\/{rel}","templated":true}]}}