{"id":16791,"date":"2010-04-10T00:01:28","date_gmt":"2010-04-09T22:01:28","guid":{"rendered":"http:\/\/www.vicencianos.org\/web\/2010\/04\/10\/gianna-beretta-molla-06-carta-a-pietro\/"},"modified":"2010-04-10T00:01:28","modified_gmt":"2010-04-09T22:01:28","slug":"gianna-beretta-molla-06-carta-a-pietro","status":"publish","type":"post","link":"http:\/\/vincentians.com\/es\/gianna-beretta-molla-06-carta-a-pietro\/","title":{"rendered":"Gianna Beretta Molla: 06 Carta a Pietro"},"content":{"rendered":"<p>20 de Mayo 1959<\/p>\n<p><strong>Mi querid\u00edsimo Pietro: <\/strong><\/p>\n<p>Gracias, gracias, de parte de tus hijos tambi\u00e9n, por la maravillosa sorpresa.<\/p>\n<p>Te puedes imaginar la felicidad de Pierluigi al tener dos grabaciones \u00aben las que est\u00e1 hablando Papa\u00bb. No escuchar\u00eda hoy nada m\u00e1s que tus grabaciones.\u00a0 Cuando Mariolina te oy\u00f3 decir \u00abun beso para Mariolina\u00bb, ella dijo: Papa, Papa\u2026\u00bb \u2013 reconoci\u00f3 tu voz y te envi\u00f3 muchos besos con sus lindos peque\u00f1os labios. \u00a1Los dos son una pareja de tesoros! Y \u00a1c\u00f3mo podr\u00eda tu querida y peque\u00f1a esposa no conmoverse escuchando estas declaraciones tan afectuosas en tu propia voz! Gracias, Pedr\u00edn de oro, \u00a1qu\u00e9 alegr\u00eda y consolaci\u00f3n es para m\u00ed es saber que piensas en m\u00ed y que me amas tanto!<\/p>\n<p>Gianna<span id='easy-footnote-1-16791' class='easy-footnote-margin-adjust'><\/span><span class='easy-footnote'><a href='http:\/\/vincentians.com\/es\/gianna-beretta-molla-06-carta-a-pietro\/#easy-footnote-bottom-1-16791' title='Molla, Gianna Beretta, Love Letters  to my Husband,  p. 117., Ed. por Elio Guerriero,  Pauline Books and   Media, Boston, 2002,  p. 5. Versi\u00f3n original: Tuo Grande Amore Mi  Aiuter\u00e1 a  Essere Forte.'><sup>1<\/sup><\/a><\/span>\n","protected":false},"excerpt":{"rendered":"<p>20 de Mayo 1959 Mi querid\u00edsimo Pietro: Gracias, gracias, de parte de tus hijos tambi\u00e9n, por la maravillosa sorpresa. Te puedes imaginar la felicidad de Pierluigi al tener dos grabaciones \u00aben las que est\u00e1 hablando &#8230; <a href=\"http:\/\/vincentians.com\/es\/gianna-beretta-molla-06-carta-a-pietro\/\" class=\"more-link\">Read More<\/a><\/p>\n","protected":false},"author":4,"featured_media":393748,"comment_status":"open","ping_status":"open","sticky":false,"template":"","format":"standard","meta":{"jetpack_post_was_ever_published":false,"_jetpack_newsletter_access":"","_jetpack_dont_email_post_to_subs":false,"_jetpack_newsletter_tier_id":0,"_jetpack_memberships_contains_paywalled_content":false,"_jetpack_memberships_contains_paid_content":false,"footnotes":"","jetpack_publicize_message":"","jetpack_publicize_feature_enabled":true,"jetpack_social_post_already_shared":true,"jetpack_social_options":{"image_generator_settings":{"template":"highway","default_image_id":0,"font":"","enabled":false},"version":2}},"categories":[212],"tags":[],"class_list":["post-16791","post","type-post","status-publish","format-standard","has-post-thumbnail","hentry","category-escritos-de-gianna-beretta-molla"],"yoast_head":"<!-- This site is optimized with the Yoast SEO plugin v26.3 - https:\/\/yoast.com\/wordpress\/plugins\/seo\/ -->\n<title>Gianna Beretta Molla: 06 Carta a Pietro - Somos Vicencianos<\/title>\n<meta name=\"robots\" content=\"index, follow, max-snippet:-1, max-image-preview:large, max-video-preview:-1\" \/>\n<link rel=\"canonical\" href=\"http:\/\/vincentians.com\/es\/gianna-beretta-molla-06-carta-a-pietro\/\" \/>\n<meta property=\"og:locale\" content=\"es_ES\" \/>\n<meta property=\"og:type\" content=\"article\" \/>\n<meta property=\"og:title\" content=\"Gianna Beretta Molla: 06 Carta a Pietro - Somos Vicencianos\" \/>\n<meta property=\"og:description\" content=\"20 de Mayo 1959 Mi querid\u00edsimo Pietro: Gracias, gracias, de parte de tus hijos tambi\u00e9n, por la maravillosa sorpresa. Te puedes imaginar la felicidad de Pierluigi al tener dos grabaciones \u00aben las que est\u00e1 hablando ... Read More\" \/>\n<meta property=\"og:url\" content=\"http:\/\/vincentians.com\/es\/gianna-beretta-molla-06-carta-a-pietro\/\" \/>\n<meta property=\"og:site_name\" content=\"Somos Vicencianos\" \/>\n<meta property=\"article:publisher\" content=\"https:\/\/www.facebook.com\/WeAreVincentians\/\" \/>\n<meta property=\"article:author\" content=\"https:\/\/www.facebook.com\/JavierChento\" \/>\n<meta property=\"article:published_time\" content=\"2010-04-09T22:01:28+00:00\" \/>\n<meta property=\"og:image\" content=\"https:\/\/i0.wp.com\/vincentians.com\/es\/wp-content\/uploads\/sites\/11\/2016\/07\/escritos-Gianna-Beretta-Molla.jpg?fit=1200%2C630\" \/>\n\t<meta property=\"og:image:width\" content=\"1200\" \/>\n\t<meta property=\"og:image:height\" content=\"630\" \/>\n\t<meta property=\"og:image:type\" content=\"image\/jpeg\" \/>\n<meta name=\"author\" content=\"Francisco Javier Fern\u00e1ndez Chento\" \/>\n<meta name=\"twitter:card\" content=\"summary_large_image\" \/>\n<meta name=\"twitter:creator\" content=\"@https:\/\/twitter.com\/javierchento\" \/>\n<meta name=\"twitter:site\" content=\"@WeVincentians\" \/>\n<meta name=\"twitter:label1\" content=\"Escrito por\" \/>\n\t<meta name=\"twitter:data1\" content=\"Francisco Javier Fern\u00e1ndez Chento\" \/>\n\t<meta name=\"twitter:label2\" content=\"Tiempo de lectura\" \/>\n\t<meta name=\"twitter:data2\" content=\"1 minuto\" \/>\n<script type=\"application\/ld+json\" class=\"yoast-schema-graph\">{\"@context\":\"https:\/\/schema.org\",\"@graph\":[{\"@type\":\"Article\",\"@id\":\"http:\/\/vincentians.com\/es\/gianna-beretta-molla-06-carta-a-pietro\/#article\",\"isPartOf\":{\"@id\":\"http:\/\/vincentians.com\/es\/gianna-beretta-molla-06-carta-a-pietro\/\"},\"author\":{\"name\":\"Francisco Javier Fern\u00e1ndez Chento\",\"@id\":\"http:\/\/vincentians.com\/es\/#\/schema\/person\/9623ef4d9aa3b2dfb8c061f1499288f2\"},\"headline\":\"Gianna Beretta Molla: 06 Carta a Pietro\",\"datePublished\":\"2010-04-09T22:01:28+00:00\",\"mainEntityOfPage\":{\"@id\":\"http:\/\/vincentians.com\/es\/gianna-beretta-molla-06-carta-a-pietro\/\"},\"wordCount\":166,\"commentCount\":0,\"publisher\":{\"@id\":\"http:\/\/vincentians.com\/es\/#organization\"},\"image\":{\"@id\":\"http:\/\/vincentians.com\/es\/gianna-beretta-molla-06-carta-a-pietro\/#primaryimage\"},\"thumbnailUrl\":\"https:\/\/i0.wp.com\/vincentians.com\/es\/wp-content\/uploads\/sites\/11\/2016\/07\/escritos-Gianna-Beretta-Molla.jpg?fit=1200%2C630\",\"articleSection\":[\"Escritos de Gianna Beretta Molla\"],\"inLanguage\":\"es\",\"potentialAction\":[{\"@type\":\"CommentAction\",\"name\":\"Comment\",\"target\":[\"http:\/\/vincentians.com\/es\/gianna-beretta-molla-06-carta-a-pietro\/#respond\"]}]},{\"@type\":\"WebPage\",\"@id\":\"http:\/\/vincentians.com\/es\/gianna-beretta-molla-06-carta-a-pietro\/\",\"url\":\"http:\/\/vincentians.com\/es\/gianna-beretta-molla-06-carta-a-pietro\/\",\"name\":\"Gianna Beretta Molla: 06 Carta a Pietro - Somos Vicencianos\",\"isPartOf\":{\"@id\":\"http:\/\/vincentians.com\/es\/#website\"},\"primaryImageOfPage\":{\"@id\":\"http:\/\/vincentians.com\/es\/gianna-beretta-molla-06-carta-a-pietro\/#primaryimage\"},\"image\":{\"@id\":\"http:\/\/vincentians.com\/es\/gianna-beretta-molla-06-carta-a-pietro\/#primaryimage\"},\"thumbnailUrl\":\"https:\/\/i0.wp.com\/vincentians.com\/es\/wp-content\/uploads\/sites\/11\/2016\/07\/escritos-Gianna-Beretta-Molla.jpg?fit=1200%2C630\",\"datePublished\":\"2010-04-09T22:01:28+00:00\",\"breadcrumb\":{\"@id\":\"http:\/\/vincentians.com\/es\/gianna-beretta-molla-06-carta-a-pietro\/#breadcrumb\"},\"inLanguage\":\"es\",\"potentialAction\":[{\"@type\":\"ReadAction\",\"target\":[\"http:\/\/vincentians.com\/es\/gianna-beretta-molla-06-carta-a-pietro\/\"]}]},{\"@type\":\"ImageObject\",\"inLanguage\":\"es\",\"@id\":\"http:\/\/vincentians.com\/es\/gianna-beretta-molla-06-carta-a-pietro\/#primaryimage\",\"url\":\"https:\/\/i0.wp.com\/vincentians.com\/es\/wp-content\/uploads\/sites\/11\/2016\/07\/escritos-Gianna-Beretta-Molla.jpg?fit=1200%2C630\",\"contentUrl\":\"https:\/\/i0.wp.com\/vincentians.com\/es\/wp-content\/uploads\/sites\/11\/2016\/07\/escritos-Gianna-Beretta-Molla.jpg?fit=1200%2C630\",\"width\":1200,\"height\":630},{\"@type\":\"BreadcrumbList\",\"@id\":\"http:\/\/vincentians.com\/es\/gianna-beretta-molla-06-carta-a-pietro\/#breadcrumb\",\"itemListElement\":[{\"@type\":\"ListItem\",\"position\":1,\"name\":\"Portada\",\"item\":\"http:\/\/vincentians.com\/es\/\"},{\"@type\":\"ListItem\",\"position\":2,\"name\":\"Gianna Beretta Molla: 06 Carta a Pietro\"}]},{\"@type\":\"WebSite\",\"@id\":\"http:\/\/vincentians.com\/es\/#website\",\"url\":\"http:\/\/vincentians.com\/es\/\",\"name\":\"Somos Vicencianos\",\"description\":\"Know more to serve more\",\"publisher\":{\"@id\":\"http:\/\/vincentians.com\/es\/#organization\"},\"potentialAction\":[{\"@type\":\"SearchAction\",\"target\":{\"@type\":\"EntryPoint\",\"urlTemplate\":\"http:\/\/vincentians.com\/es\/?s={search_term_string}\"},\"query-input\":{\"@type\":\"PropertyValueSpecification\",\"valueRequired\":true,\"valueName\":\"search_term_string\"}}],\"inLanguage\":\"es\"},{\"@type\":\"Organization\",\"@id\":\"http:\/\/vincentians.com\/es\/#organization\",\"name\":\"The Vincentian Network\",\"url\":\"http:\/\/vincentians.com\/es\/\",\"logo\":{\"@type\":\"ImageObject\",\"inLanguage\":\"es\",\"@id\":\"http:\/\/vincentians.com\/es\/#\/schema\/logo\/image\/\",\"url\":\"https:\/\/i1.wp.com\/vincentians.com\/es\/wp-content\/uploads\/sites\/11\/2016\/06\/Vincentian-Network-logo-big.png?fit=778%2C778\",\"contentUrl\":\"https:\/\/i1.wp.com\/vincentians.com\/es\/wp-content\/uploads\/sites\/11\/2016\/06\/Vincentian-Network-logo-big.png?fit=778%2C778\",\"width\":778,\"height\":778,\"caption\":\"The Vincentian Network\"},\"image\":{\"@id\":\"http:\/\/vincentians.com\/es\/#\/schema\/logo\/image\/\"},\"sameAs\":[\"https:\/\/www.facebook.com\/WeAreVincentians\/\",\"https:\/\/x.com\/WeVincentians\"]},{\"@type\":\"Person\",\"@id\":\"http:\/\/vincentians.com\/es\/#\/schema\/person\/9623ef4d9aa3b2dfb8c061f1499288f2\",\"name\":\"Francisco Javier Fern\u00e1ndez Chento\",\"image\":{\"@type\":\"ImageObject\",\"inLanguage\":\"es\",\"@id\":\"http:\/\/vincentians.com\/es\/#\/schema\/person\/image\/\",\"url\":\"https:\/\/secure.gravatar.com\/avatar\/497d5cde87b4c3d097d0315953521681ba2cd523ee66e5077c3711f7021e65de?s=96&d=mm&r=g\",\"contentUrl\":\"https:\/\/secure.gravatar.com\/avatar\/497d5cde87b4c3d097d0315953521681ba2cd523ee66e5077c3711f7021e65de?s=96&d=mm&r=g\",\"caption\":\"Francisco Javier Fern\u00e1ndez Chento\"},\"description\":\"Director General y cofundador de La Red de Formaci\u00f3n Vicenciana. Javier es laico vicenciano, afiliado a la Congregaci\u00f3n de la Misi\u00f3n y miembro del Equipo de Misiones Populares de la provincia can\u00f3nica de Zaragoza (Espa\u00f1a) de la Congregaci\u00f3n de la Misi\u00f3n. Graduado en la Universidad Oberta de Catalunya con cuatro grados (Asistente de direcci\u00f3n, Gesti\u00f3n Administrativa, Recursos Humanos y Contabilidad Avanzada). Bil\u00edng\u00fce Espa\u00f1ol\/Ingl\u00e9s. gestiona y mantiene varias p\u00e1ginas web cristianas y vicencianas, incluida including La Red de Formaci\u00f3n Vicenciana, de la que es cofundador. Actualmente es responsable del \u00e1rea de Espa\u00f1ol de .famvin, la Red de Noticias de la Familia Vicenciana. Tambi\u00e9n es m\u00fasico cat\u00f3lico y ha editado varios discos. Es Director General y cofundador de Trovador, una reconocida compa\u00f1\u00eda discogr\u00e1fica critiana de Espa\u00f1a. Trabaja en las Tecnolog\u00edas de la Informaci\u00f3n, ofreciendo servicios de alojamiento, dise\u00f1o y mantenimiento Web, as\u00ed como asesoramiento, formaci\u00f3n y soluciones inform\u00e1ticas, gesti\u00f3n documental y digitalizaci\u00f3n de textos, edici\u00f3n y maquetaci\u00f3n de libros, revistas, flyers, etc.\",\"sameAs\":[\"http:\/\/chento.org\",\"https:\/\/www.facebook.com\/JavierChento\",\"https:\/\/x.com\/https:\/\/twitter.com\/javierchento\"],\"url\":\"http:\/\/vincentians.com\/es\/author\/chento\/\"}]}<\/script>\n<!-- \/ Yoast SEO plugin. -->","yoast_head_json":{"title":"Gianna Beretta Molla: 06 Carta a Pietro - Somos Vicencianos","robots":{"index":"index","follow":"follow","max-snippet":"max-snippet:-1","max-image-preview":"max-image-preview:large","max-video-preview":"max-video-preview:-1"},"canonical":"http:\/\/vincentians.com\/es\/gianna-beretta-molla-06-carta-a-pietro\/","og_locale":"es_ES","og_type":"article","og_title":"Gianna Beretta Molla: 06 Carta a Pietro - Somos Vicencianos","og_description":"20 de Mayo 1959 Mi querid\u00edsimo Pietro: Gracias, gracias, de parte de tus hijos tambi\u00e9n, por la maravillosa sorpresa. Te puedes imaginar la felicidad de Pierluigi al tener dos grabaciones \u00aben las que est\u00e1 hablando ... Read More","og_url":"http:\/\/vincentians.com\/es\/gianna-beretta-molla-06-carta-a-pietro\/","og_site_name":"Somos Vicencianos","article_publisher":"https:\/\/www.facebook.com\/WeAreVincentians\/","article_author":"https:\/\/www.facebook.com\/JavierChento","article_published_time":"2010-04-09T22:01:28+00:00","og_image":[{"width":1200,"height":630,"url":"https:\/\/i0.wp.com\/vincentians.com\/es\/wp-content\/uploads\/sites\/11\/2016\/07\/escritos-Gianna-Beretta-Molla.jpg?fit=1200%2C630","type":"image\/jpeg"}],"author":"Francisco Javier Fern\u00e1ndez Chento","twitter_card":"summary_large_image","twitter_creator":"@https:\/\/twitter.com\/javierchento","twitter_site":"@WeVincentians","twitter_misc":{"Escrito por":"Francisco Javier Fern\u00e1ndez Chento","Tiempo de lectura":"1 minuto"},"schema":{"@context":"https:\/\/schema.org","@graph":[{"@type":"Article","@id":"http:\/\/vincentians.com\/es\/gianna-beretta-molla-06-carta-a-pietro\/#article","isPartOf":{"@id":"http:\/\/vincentians.com\/es\/gianna-beretta-molla-06-carta-a-pietro\/"},"author":{"name":"Francisco Javier Fern\u00e1ndez Chento","@id":"http:\/\/vincentians.com\/es\/#\/schema\/person\/9623ef4d9aa3b2dfb8c061f1499288f2"},"headline":"Gianna Beretta Molla: 06 Carta a Pietro","datePublished":"2010-04-09T22:01:28+00:00","mainEntityOfPage":{"@id":"http:\/\/vincentians.com\/es\/gianna-beretta-molla-06-carta-a-pietro\/"},"wordCount":166,"commentCount":0,"publisher":{"@id":"http:\/\/vincentians.com\/es\/#organization"},"image":{"@id":"http:\/\/vincentians.com\/es\/gianna-beretta-molla-06-carta-a-pietro\/#primaryimage"},"thumbnailUrl":"https:\/\/i0.wp.com\/vincentians.com\/es\/wp-content\/uploads\/sites\/11\/2016\/07\/escritos-Gianna-Beretta-Molla.jpg?fit=1200%2C630","articleSection":["Escritos de Gianna Beretta Molla"],"inLanguage":"es","potentialAction":[{"@type":"CommentAction","name":"Comment","target":["http:\/\/vincentians.com\/es\/gianna-beretta-molla-06-carta-a-pietro\/#respond"]}]},{"@type":"WebPage","@id":"http:\/\/vincentians.com\/es\/gianna-beretta-molla-06-carta-a-pietro\/","url":"http:\/\/vincentians.com\/es\/gianna-beretta-molla-06-carta-a-pietro\/","name":"Gianna Beretta Molla: 06 Carta a Pietro - Somos Vicencianos","isPartOf":{"@id":"http:\/\/vincentians.com\/es\/#website"},"primaryImageOfPage":{"@id":"http:\/\/vincentians.com\/es\/gianna-beretta-molla-06-carta-a-pietro\/#primaryimage"},"image":{"@id":"http:\/\/vincentians.com\/es\/gianna-beretta-molla-06-carta-a-pietro\/#primaryimage"},"thumbnailUrl":"https:\/\/i0.wp.com\/vincentians.com\/es\/wp-content\/uploads\/sites\/11\/2016\/07\/escritos-Gianna-Beretta-Molla.jpg?fit=1200%2C630","datePublished":"2010-04-09T22:01:28+00:00","breadcrumb":{"@id":"http:\/\/vincentians.com\/es\/gianna-beretta-molla-06-carta-a-pietro\/#breadcrumb"},"inLanguage":"es","potentialAction":[{"@type":"ReadAction","target":["http:\/\/vincentians.com\/es\/gianna-beretta-molla-06-carta-a-pietro\/"]}]},{"@type":"ImageObject","inLanguage":"es","@id":"http:\/\/vincentians.com\/es\/gianna-beretta-molla-06-carta-a-pietro\/#primaryimage","url":"https:\/\/i0.wp.com\/vincentians.com\/es\/wp-content\/uploads\/sites\/11\/2016\/07\/escritos-Gianna-Beretta-Molla.jpg?fit=1200%2C630","contentUrl":"https:\/\/i0.wp.com\/vincentians.com\/es\/wp-content\/uploads\/sites\/11\/2016\/07\/escritos-Gianna-Beretta-Molla.jpg?fit=1200%2C630","width":1200,"height":630},{"@type":"BreadcrumbList","@id":"http:\/\/vincentians.com\/es\/gianna-beretta-molla-06-carta-a-pietro\/#breadcrumb","itemListElement":[{"@type":"ListItem","position":1,"name":"Portada","item":"http:\/\/vincentians.com\/es\/"},{"@type":"ListItem","position":2,"name":"Gianna Beretta Molla: 06 Carta a Pietro"}]},{"@type":"WebSite","@id":"http:\/\/vincentians.com\/es\/#website","url":"http:\/\/vincentians.com\/es\/","name":"Somos Vicencianos","description":"Know more to serve more","publisher":{"@id":"http:\/\/vincentians.com\/es\/#organization"},"potentialAction":[{"@type":"SearchAction","target":{"@type":"EntryPoint","urlTemplate":"http:\/\/vincentians.com\/es\/?s={search_term_string}"},"query-input":{"@type":"PropertyValueSpecification","valueRequired":true,"valueName":"search_term_string"}}],"inLanguage":"es"},{"@type":"Organization","@id":"http:\/\/vincentians.com\/es\/#organization","name":"The Vincentian Network","url":"http:\/\/vincentians.com\/es\/","logo":{"@type":"ImageObject","inLanguage":"es","@id":"http:\/\/vincentians.com\/es\/#\/schema\/logo\/image\/","url":"https:\/\/i1.wp.com\/vincentians.com\/es\/wp-content\/uploads\/sites\/11\/2016\/06\/Vincentian-Network-logo-big.png?fit=778%2C778","contentUrl":"https:\/\/i1.wp.com\/vincentians.com\/es\/wp-content\/uploads\/sites\/11\/2016\/06\/Vincentian-Network-logo-big.png?fit=778%2C778","width":778,"height":778,"caption":"The Vincentian Network"},"image":{"@id":"http:\/\/vincentians.com\/es\/#\/schema\/logo\/image\/"},"sameAs":["https:\/\/www.facebook.com\/WeAreVincentians\/","https:\/\/x.com\/WeVincentians"]},{"@type":"Person","@id":"http:\/\/vincentians.com\/es\/#\/schema\/person\/9623ef4d9aa3b2dfb8c061f1499288f2","name":"Francisco Javier Fern\u00e1ndez Chento","image":{"@type":"ImageObject","inLanguage":"es","@id":"http:\/\/vincentians.com\/es\/#\/schema\/person\/image\/","url":"https:\/\/secure.gravatar.com\/avatar\/497d5cde87b4c3d097d0315953521681ba2cd523ee66e5077c3711f7021e65de?s=96&d=mm&r=g","contentUrl":"https:\/\/secure.gravatar.com\/avatar\/497d5cde87b4c3d097d0315953521681ba2cd523ee66e5077c3711f7021e65de?s=96&d=mm&r=g","caption":"Francisco Javier Fern\u00e1ndez Chento"},"description":"Director General y cofundador de La Red de Formaci\u00f3n Vicenciana. Javier es laico vicenciano, afiliado a la Congregaci\u00f3n de la Misi\u00f3n y miembro del Equipo de Misiones Populares de la provincia can\u00f3nica de Zaragoza (Espa\u00f1a) de la Congregaci\u00f3n de la Misi\u00f3n. Graduado en la Universidad Oberta de Catalunya con cuatro grados (Asistente de direcci\u00f3n, Gesti\u00f3n Administrativa, Recursos Humanos y Contabilidad Avanzada). Bil\u00edng\u00fce Espa\u00f1ol\/Ingl\u00e9s. gestiona y mantiene varias p\u00e1ginas web cristianas y vicencianas, incluida including La Red de Formaci\u00f3n Vicenciana, de la que es cofundador. Actualmente es responsable del \u00e1rea de Espa\u00f1ol de .famvin, la Red de Noticias de la Familia Vicenciana. Tambi\u00e9n es m\u00fasico cat\u00f3lico y ha editado varios discos. Es Director General y cofundador de Trovador, una reconocida compa\u00f1\u00eda discogr\u00e1fica critiana de Espa\u00f1a. Trabaja en las Tecnolog\u00edas de la Informaci\u00f3n, ofreciendo servicios de alojamiento, dise\u00f1o y mantenimiento Web, as\u00ed como asesoramiento, formaci\u00f3n y soluciones inform\u00e1ticas, gesti\u00f3n documental y digitalizaci\u00f3n de textos, edici\u00f3n y maquetaci\u00f3n de libros, revistas, flyers, etc.","sameAs":["http:\/\/chento.org","https:\/\/www.facebook.com\/JavierChento","https:\/\/x.com\/https:\/\/twitter.com\/javierchento"],"url":"http:\/\/vincentians.com\/es\/author\/chento\/"}]}},"jetpack_publicize_connections":[],"jetpack_featured_media_url":"https:\/\/i0.wp.com\/vincentians.com\/es\/wp-content\/uploads\/sites\/11\/2016\/07\/escritos-Gianna-Beretta-Molla.jpg?fit=1200%2C630","jetpack_sharing_enabled":true,"jetpack_shortlink":"https:\/\/wp.me\/p7ETMF-4mP","jetpack-related-posts":[{"id":16871,"url":"http:\/\/vincentians.com\/es\/gianna-beretta-molla-08-carta-a-pietro\/","url_meta":{"origin":16791,"position":0},"title":"Gianna Beretta Molla: 08 Carta a Pietro","author":"Francisco Javier Fern\u00e1ndez Chento","date":"12\/04\/2010","format":false,"excerpt":"14 de Mayo 1959 Querid\u00edsimo Pietro: Hoy recib\u00ed tus cartas de Mayo 10 y 11. Muchas gracias. Pierluigi era todo o\u00eddos cuando le le\u00ed tu carta, y cuando vio que me conmov\u00eda, dijo: \"Mama, no llores, Papa vendr\u00e1 pronto.\" Y ayer, mientras lo preparaba para dormir en su cama, dijo:\u2026","rel":"","context":"En \u00abEscritos de Gianna Beretta Molla\u00bb","block_context":{"text":"Escritos de Gianna Beretta Molla","link":"http:\/\/vincentians.com\/es\/category\/escritos\/escritos-de-gianna-beretta-molla\/"},"img":{"alt_text":"","src":"https:\/\/i0.wp.com\/vincentians.com\/es\/wp-content\/uploads\/sites\/11\/2016\/07\/escritos-Gianna-Beretta-Molla.jpg?fit=1200%2C630&resize=350%2C200","width":350,"height":200,"srcset":"https:\/\/i0.wp.com\/vincentians.com\/es\/wp-content\/uploads\/sites\/11\/2016\/07\/escritos-Gianna-Beretta-Molla.jpg?fit=1200%2C630&resize=350%2C200 1x, https:\/\/i0.wp.com\/vincentians.com\/es\/wp-content\/uploads\/sites\/11\/2016\/07\/escritos-Gianna-Beretta-Molla.jpg?fit=1200%2C630&resize=525%2C300 1.5x, https:\/\/i0.wp.com\/vincentians.com\/es\/wp-content\/uploads\/sites\/11\/2016\/07\/escritos-Gianna-Beretta-Molla.jpg?fit=1200%2C630&resize=700%2C400 2x, https:\/\/i0.wp.com\/vincentians.com\/es\/wp-content\/uploads\/sites\/11\/2016\/07\/escritos-Gianna-Beretta-Molla.jpg?fit=1200%2C630&resize=1050%2C600 3x"},"classes":[]},{"id":16789,"url":"http:\/\/vincentians.com\/es\/gianna-beretta-molla-04-carta-a-pietro\/","url_meta":{"origin":16791,"position":1},"title":"Gianna Beretta Molla: 04 Carta a Pietro","author":"Francisco Javier Fern\u00e1ndez Chento","date":"08\/04\/2010","format":false,"excerpt":"12 de Mayo 1959 Mi querid\u00edsimo Pietro: Te env\u00edo tres fotos de nuestra magn\u00edfica Mariolina, esperando que no se estropeen demasiado de aqu\u00ed a que te lleguen. Los ni\u00f1os est\u00e1n bien; Gigetto juega todo el d\u00eda, y cerca de las 8:00 de la noche, apenas se puede mover, y se\u2026","rel":"","context":"En \u00abEscritos de Gianna Beretta Molla\u00bb","block_context":{"text":"Escritos de Gianna Beretta Molla","link":"http:\/\/vincentians.com\/es\/category\/escritos\/escritos-de-gianna-beretta-molla\/"},"img":{"alt_text":"","src":"https:\/\/i0.wp.com\/vincentians.com\/es\/wp-content\/uploads\/sites\/11\/2016\/07\/escritos-Gianna-Beretta-Molla.jpg?fit=1200%2C630&resize=350%2C200","width":350,"height":200,"srcset":"https:\/\/i0.wp.com\/vincentians.com\/es\/wp-content\/uploads\/sites\/11\/2016\/07\/escritos-Gianna-Beretta-Molla.jpg?fit=1200%2C630&resize=350%2C200 1x, https:\/\/i0.wp.com\/vincentians.com\/es\/wp-content\/uploads\/sites\/11\/2016\/07\/escritos-Gianna-Beretta-Molla.jpg?fit=1200%2C630&resize=525%2C300 1.5x, https:\/\/i0.wp.com\/vincentians.com\/es\/wp-content\/uploads\/sites\/11\/2016\/07\/escritos-Gianna-Beretta-Molla.jpg?fit=1200%2C630&resize=700%2C400 2x, https:\/\/i0.wp.com\/vincentians.com\/es\/wp-content\/uploads\/sites\/11\/2016\/07\/escritos-Gianna-Beretta-Molla.jpg?fit=1200%2C630&resize=1050%2C600 3x"},"classes":[]},{"id":16872,"url":"http:\/\/vincentians.com\/es\/gianna-beretta-molla-09-a-sus-hijos-desde-el-hospital-en-monza\/","url_meta":{"origin":16791,"position":2},"title":"Gianna Beretta Molla: 09 A sus hijos, desde el hospital en Monza","author":"Francisco Javier Fern\u00e1ndez Chento","date":"13\/04\/2010","format":false,"excerpt":"20 de Mayo 1959 Mis querid\u00edsimos tesoros: Papa les traer\u00e1 muchos grandes besos; deseo tanto poder ir a ustedes, pero debo permanecer en cama porque tengo un peque\u00f1o dolor de est\u00f3mago. Sean ni\u00f1os buenos y hagan lo que Mariuccia y Savina les digan\u2026Los abrazo a todos aqu\u00ed en mi coraz\u00f3n\u2026","rel":"","context":"En \u00abEscritos de Gianna Beretta Molla\u00bb","block_context":{"text":"Escritos de Gianna Beretta Molla","link":"http:\/\/vincentians.com\/es\/category\/escritos\/escritos-de-gianna-beretta-molla\/"},"img":{"alt_text":"","src":"https:\/\/i0.wp.com\/vincentians.com\/es\/wp-content\/uploads\/sites\/11\/2016\/07\/escritos-Gianna-Beretta-Molla.jpg?fit=1200%2C630&resize=350%2C200","width":350,"height":200,"srcset":"https:\/\/i0.wp.com\/vincentians.com\/es\/wp-content\/uploads\/sites\/11\/2016\/07\/escritos-Gianna-Beretta-Molla.jpg?fit=1200%2C630&resize=350%2C200 1x, https:\/\/i0.wp.com\/vincentians.com\/es\/wp-content\/uploads\/sites\/11\/2016\/07\/escritos-Gianna-Beretta-Molla.jpg?fit=1200%2C630&resize=525%2C300 1.5x, https:\/\/i0.wp.com\/vincentians.com\/es\/wp-content\/uploads\/sites\/11\/2016\/07\/escritos-Gianna-Beretta-Molla.jpg?fit=1200%2C630&resize=700%2C400 2x, https:\/\/i0.wp.com\/vincentians.com\/es\/wp-content\/uploads\/sites\/11\/2016\/07\/escritos-Gianna-Beretta-Molla.jpg?fit=1200%2C630&resize=1050%2C600 3x"},"classes":[]},{"id":16767,"url":"http:\/\/vincentians.com\/es\/santa-gianna-beretta-molla\/","url_meta":{"origin":16791,"position":3},"title":"Santa Gianna Beretta Molla","author":"Francisco Javier Fern\u00e1ndez Chento","date":"08\/11\/2013","format":false,"excerpt":"\u00bfQui\u00e9n fue? Gianna fue la d\u00e9cima de trece hijos, de una familia de clase media de Lombard\u00eda (al norte de Italia), estudi\u00f3 medicina y se especializ\u00f3 en pediatr\u00eda, profesi\u00f3n que compagin\u00f3 con su tarea de madre de familia. Quienes la conoc\u00edan dicen que fue una mujer activa y llena de\u2026","rel":"","context":"En \u00abGianna Beretta Molla\u00bb","block_context":{"text":"Gianna Beretta Molla","link":"http:\/\/vincentians.com\/es\/category\/la-familia-vicenciana\/la-familia-vicenciana-en-los-altares\/santos\/gianna-beretta-molla\/"},"img":{"alt_text":"","src":"https:\/\/i0.wp.com\/vicencianos.org\/vicencianos\/files\/2010\/04\/santa-gianna-beretta-molla-2-218x300.jpg?resize=350%2C200","width":350,"height":200},"classes":[]},{"id":16788,"url":"http:\/\/vincentians.com\/es\/gianna-beretta-molla-03-carta-a-pietro\/","url_meta":{"origin":16791,"position":4},"title":"Gianna Beretta Molla: 03 Carta a Pietro","author":"Francisco Javier Fern\u00e1ndez Chento","date":"07\/04\/2010","format":false,"excerpt":"8 de Mayo 1959 Mi querid\u00edsimo Pietro: Recib\u00ed la larga carta que enviaste desde Nueva York en Mayo 4. Un mill\u00f3n de gracias \u2013 a pesar de que est\u00e1s cansado de trabajar y por el calor, todav\u00eda te las arreglas para encontrar tiempo para mantenerme al d\u00eda con todo lo\u2026","rel":"","context":"En \u00abEscritos de Gianna Beretta Molla\u00bb","block_context":{"text":"Escritos de Gianna Beretta Molla","link":"http:\/\/vincentians.com\/es\/category\/escritos\/escritos-de-gianna-beretta-molla\/"},"img":{"alt_text":"","src":"https:\/\/i0.wp.com\/vincentians.com\/es\/wp-content\/uploads\/sites\/11\/2016\/07\/escritos-Gianna-Beretta-Molla.jpg?fit=1200%2C630&resize=350%2C200","width":350,"height":200,"srcset":"https:\/\/i0.wp.com\/vincentians.com\/es\/wp-content\/uploads\/sites\/11\/2016\/07\/escritos-Gianna-Beretta-Molla.jpg?fit=1200%2C630&resize=350%2C200 1x, https:\/\/i0.wp.com\/vincentians.com\/es\/wp-content\/uploads\/sites\/11\/2016\/07\/escritos-Gianna-Beretta-Molla.jpg?fit=1200%2C630&resize=525%2C300 1.5x, https:\/\/i0.wp.com\/vincentians.com\/es\/wp-content\/uploads\/sites\/11\/2016\/07\/escritos-Gianna-Beretta-Molla.jpg?fit=1200%2C630&resize=700%2C400 2x, https:\/\/i0.wp.com\/vincentians.com\/es\/wp-content\/uploads\/sites\/11\/2016\/07\/escritos-Gianna-Beretta-Molla.jpg?fit=1200%2C630&resize=1050%2C600 3x"},"classes":[]},{"id":16870,"url":"http:\/\/vincentians.com\/es\/gianna-beretta-molla-07-carta-de-pietro-desde-el-vuelo-a-los-angeles\/","url_meta":{"origin":16791,"position":5},"title":"Gianna Beretta Molla: 07 Carta de Pietro, desde el vuelo a Los \u00c1ngeles","author":"Francisco Javier Fern\u00e1ndez Chento","date":"11\/04\/2010","format":false,"excerpt":"31 de Mayo 1959 De Pietro: \u2026Jes\u00fas, que me cre\u00f3 y que me sostiene con gracias ilimitadas y bendiciones\u2026.T\u00fa, que me ha dado el inmenso regalo de una esposa de oro, como el m\u00e1s maravilloso amanecer, a la cual uno no puede justamente admirar sino desde arriba, y a dos\u2026","rel":"","context":"En \u00abEscritos de Gianna Beretta Molla\u00bb","block_context":{"text":"Escritos de Gianna Beretta Molla","link":"http:\/\/vincentians.com\/es\/category\/escritos\/escritos-de-gianna-beretta-molla\/"},"img":{"alt_text":"","src":"https:\/\/i0.wp.com\/vincentians.com\/es\/wp-content\/uploads\/sites\/11\/2016\/07\/escritos-Gianna-Beretta-Molla.jpg?fit=1200%2C630&resize=350%2C200","width":350,"height":200,"srcset":"https:\/\/i0.wp.com\/vincentians.com\/es\/wp-content\/uploads\/sites\/11\/2016\/07\/escritos-Gianna-Beretta-Molla.jpg?fit=1200%2C630&resize=350%2C200 1x, https:\/\/i0.wp.com\/vincentians.com\/es\/wp-content\/uploads\/sites\/11\/2016\/07\/escritos-Gianna-Beretta-Molla.jpg?fit=1200%2C630&resize=525%2C300 1.5x, https:\/\/i0.wp.com\/vincentians.com\/es\/wp-content\/uploads\/sites\/11\/2016\/07\/escritos-Gianna-Beretta-Molla.jpg?fit=1200%2C630&resize=700%2C400 2x, https:\/\/i0.wp.com\/vincentians.com\/es\/wp-content\/uploads\/sites\/11\/2016\/07\/escritos-Gianna-Beretta-Molla.jpg?fit=1200%2C630&resize=1050%2C600 3x"},"classes":[]}],"_links":{"self":[{"href":"http:\/\/vincentians.com\/es\/wp-json\/wp\/v2\/posts\/16791","targetHints":{"allow":["GET"]}}],"collection":[{"href":"http:\/\/vincentians.com\/es\/wp-json\/wp\/v2\/posts"}],"about":[{"href":"http:\/\/vincentians.com\/es\/wp-json\/wp\/v2\/types\/post"}],"author":[{"embeddable":true,"href":"http:\/\/vincentians.com\/es\/wp-json\/wp\/v2\/users\/4"}],"replies":[{"embeddable":true,"href":"http:\/\/vincentians.com\/es\/wp-json\/wp\/v2\/comments?post=16791"}],"version-history":[{"count":0,"href":"http:\/\/vincentians.com\/es\/wp-json\/wp\/v2\/posts\/16791\/revisions"}],"wp:featuredmedia":[{"embeddable":true,"href":"http:\/\/vincentians.com\/es\/wp-json\/wp\/v2\/media\/393748"}],"wp:attachment":[{"href":"http:\/\/vincentians.com\/es\/wp-json\/wp\/v2\/media?parent=16791"}],"wp:term":[{"taxonomy":"category","embeddable":true,"href":"http:\/\/vincentians.com\/es\/wp-json\/wp\/v2\/categories?post=16791"},{"taxonomy":"post_tag","embeddable":true,"href":"http:\/\/vincentians.com\/es\/wp-json\/wp\/v2\/tags?post=16791"}],"curies":[{"name":"wp","href":"https:\/\/api.w.org\/{rel}","templated":true}]}}