{"id":16774,"date":"2013-11-10T08:28:21","date_gmt":"2013-11-10T07:28:21","guid":{"rendered":"http:\/\/somos.vicencianos.org\/blog\/2010\/04\/09\/una-santa-en-busca-de-la-vida\/"},"modified":"2013-11-10T08:28:21","modified_gmt":"2013-11-10T07:28:21","slug":"una-santa-en-busca-de-la-vida","status":"publish","type":"post","link":"http:\/\/vincentians.com\/es\/una-santa-en-busca-de-la-vida\/","title":{"rendered":"Una santa en busca de la vida"},"content":{"rendered":"<h2>Un canto a la vida en la cultura de la muerte<\/h2>\n<p><a href=\"https:\/\/i0.wp.com\/vicencianos.org\/wp-content\/2010\/04\/Saint-Gianna1.jpg\"><img data-recalc-dims=\"1\" loading=\"lazy\" decoding=\"async\" class=\"alignright size-medium wp-image-85105\" title=\"Saint-Gianna\" alt=\"\" src=\"https:\/\/i0.wp.com\/vicencianos.org\/wp-content\/2010\/04\/Saint-Gianna1-247x300.jpg?resize=247%2C300\" width=\"247\" height=\"300\" \/><\/a>Nuestro tiempo se caracteriza por una generalizada violencia social, distintos estudiosos la han definido como la \u00e9poca m\u00e1s cruel de la historia. Al leer distintos diarios, desde enero hasta ahora, se puede ver que han matado a 69 jubilidados para robarles la pensi\u00f3n; y en un documento vaticano se consigna que, en el siglo XX, por la mala conducta en las carreteras, han perdido la vida 35 millones de personas; y, m\u00e1s cerca de nosotros, en 2006, un mill\u00f3n doscientas han corrido la msima suerte; esto sin contar los abortos y las personas eliminadas con la eutanasia. Bienvenidos entonces, esos hombres y esas mujeres que han cre\u00eddo y creen en la vida, han trabajado para afirmarla, mejorar su calidad y la han amado tanto hasta darla gozososamente para que otros vivieran. Tal es el caso de la mujer que recordamos hoy: Gianna Beretta Molla (1922-1962), nuestra contempor\u00e1nea, declarada santa en 2004 por el papa Juan Pablo II.<\/p>\n<h2>Toda una vida para los dem\u00e1s<\/h2>\n<p>Gianna, diminutivo de Giovanna (Juana), nace en 1922, en Magenta (Italia), en una familia numerosa y recorre todo el itinerario de una joven moderna: frecuenta la escuela primaria y la secundaria, milita activamente en la Acci\u00f3n Cat\u00f3lica, en tiempos dif\u00ecciles, se inscribe en la universidad, facultad de medicina y sale de all\u00ed como brillante doctora, y sucesivamente se especializa en pediatr\u00eda. Su deseo es dedicarse a los ninos, a las madres, a los pobres, a los ancianos y a los marginados y lo realiza, al poco de recibirse, abriendo un consultorio con ese fin. Gianna tiene dos hermanos misioneros en el Brasil y, por un cierto tiempo, acaricia la posibilidad de ir a compartir con ellos la vocaci\u00f3n misionera, dedicando su profesi\u00f3n de m\u00e9dico al bienestar de los nativos. Su director espiritual le hace comprender que Dios la llama por otro camino y es as\u00ed como ella descubre su vocaci\u00f3n al matrimonio. Y entra en esa aventura con apasionamiento, pero tambi\u00e9n con toda la lucidez de su esp\u00edrtitu cristiano, como lo revelan sus cartas de noviazgo. En una de ellas, leemos: \u00abQuisiera que nuestra familia fuese un cen\u00e1culo reunido en derredor de Jes\u00fas\u00bb. Y as\u00ed fue, gracias tambi\u00e9n a un esposo que la adoraba y a un manojo de hijos frutos de ese amor sin l\u00edmites que la inspiraba en todo. La palabra de Dios y una constante oraci\u00f3n le ayudan a ejercer su profesi\u00f3n humanitaria como una vocaci\u00f3n de entrega ilimitada a los dem\u00e1s. Lo revela ella misma en estas expresiones: \u00abQuien toca el cuerpo de un paciente toca el cuerpo de Cristo\u00bb; y esta otra: \u00abToda vocaci\u00f3n es vocaci\u00f3n a la maternidad: material, espiritual o moral. Dios ha depositado en nosotros el instinto de la vida\u00bb. Por lo visto, todo la iba preparando a la que el papa Pablo VI llam\u00f3: \u00abuna inmolaci\u00f3n meditada\u00bb.<\/p>\n<h2>Una mujer que am\u00f3 hasta dar la vida<\/h2>\n<p>A este punto nos preguntamos c\u00f3mo era Gianna y nos contesta su mismo esposo Pedro Molla. \u00abGianna era una mujer espl\u00e9ndida, pero absolutamente normal: hermosa, inteligente y buena. Era una mujer moderna y elegante. Manejaba el auto, amaba la monta\u00f1a y esquiaba muy bien, le gustaban las flores, la m\u00fasica y los viajes. Una mujer como tantas, pero con algo m\u00e1s: una gran religiosidad y una indiscutible fe en la Providencia\u00bb. Esa fe y esa religiosidad, la ayudaron a enfrentar el momento de la prueba con heroismo. Gianna hab\u00eda tenido ya tres hijos sin problemas, pero, en en 1962, en su cuarto embarazo, se le presentaron serias complicaciones. Los m\u00e9dicos se lo comunicaron: hab\u00eda que escoger entre la vida de la madre y la vida del hijo que llevaba en el seno. Gianna no vacila un momento y opta por la vida del hijo: que el fruto de su seno viva aunque ella tenga que morir. Estaba convencida de que esa era la voluntad de Dios y as\u00ed la acept\u00f3.<\/p>\n<p>Gianna muere a los 39 a\u00f1os y, de esa muerte, nace Gianna Emanuela. Se realizaba, en palabra de Mons. Carlos Mar\u00eda Martini, entonces arzobispo de la diocesis de Mil\u00e1n a la que pertenec\u00eda Gianna, \u00abel carisma de la simple fidelidad al Evangelio\u00bb. Sin propon\u00e9rselo Gianna ha abierto un nuevo camino de santidad: un camino silencioso, cotidiano, como el de tantas madres de familia, de tantas mujeres profesionales, que entregan su tiempo, sus conocimientos, sus dotes, su amor, su vida al servicio de los dem\u00e1s.<\/p>\n<p>Santa Gianna es una excelente testigo de las palabras de Jes\u00fas: \u00abNadie ama m\u00e1s del que da la vida por sus hermanos\u00bb.<\/p>\n","protected":false},"excerpt":{"rendered":"<p>Un canto a la vida en la cultura de la muerte Nuestro tiempo se caracteriza por una generalizada violencia social, distintos estudiosos la han definido como la \u00e9poca m\u00e1s cruel de la historia. Al leer &#8230; <a href=\"http:\/\/vincentians.com\/es\/una-santa-en-busca-de-la-vida\/\" class=\"more-link\">Read More<\/a><\/p>\n","protected":false},"author":4,"featured_media":85105,"comment_status":"open","ping_status":"open","sticky":false,"template":"","format":"standard","meta":{"jetpack_post_was_ever_published":false,"_jetpack_newsletter_access":"","_jetpack_dont_email_post_to_subs":false,"_jetpack_newsletter_tier_id":0,"_jetpack_memberships_contains_paywalled_content":false,"_jetpack_memberships_contains_paid_content":false,"footnotes":"","jetpack_publicize_message":"","jetpack_publicize_feature_enabled":true,"jetpack_social_post_already_shared":true,"jetpack_social_options":{"image_generator_settings":{"template":"highway","default_image_id":0,"font":"","enabled":false},"version":2}},"categories":[344],"tags":[],"class_list":["post-16774","post","type-post","status-publish","format-standard","has-post-thumbnail","hentry","category-gianna-beretta-molla"],"yoast_head":"<!-- This site is optimized with the Yoast SEO plugin v26.3 - https:\/\/yoast.com\/wordpress\/plugins\/seo\/ -->\n<title>Una santa en busca de la vida - Somos Vicencianos<\/title>\n<meta name=\"robots\" content=\"index, follow, max-snippet:-1, max-image-preview:large, max-video-preview:-1\" \/>\n<link rel=\"canonical\" href=\"http:\/\/vincentians.com\/es\/una-santa-en-busca-de-la-vida\/\" \/>\n<meta property=\"og:locale\" content=\"es_ES\" \/>\n<meta property=\"og:type\" content=\"article\" \/>\n<meta property=\"og:title\" content=\"Una santa en busca de la vida - Somos Vicencianos\" \/>\n<meta property=\"og:description\" content=\"Un canto a la vida en la cultura de la muerte Nuestro tiempo se caracteriza por una generalizada violencia social, distintos estudiosos la han definido como la \u00e9poca m\u00e1s cruel de la historia. Al leer ... Read More\" \/>\n<meta property=\"og:url\" content=\"http:\/\/vincentians.com\/es\/una-santa-en-busca-de-la-vida\/\" \/>\n<meta property=\"og:site_name\" content=\"Somos Vicencianos\" \/>\n<meta property=\"article:publisher\" content=\"https:\/\/www.facebook.com\/WeAreVincentians\/\" \/>\n<meta property=\"article:author\" content=\"https:\/\/www.facebook.com\/JavierChento\" \/>\n<meta property=\"article:published_time\" content=\"2013-11-10T07:28:21+00:00\" \/>\n<meta name=\"author\" content=\"Francisco Javier Fern\u00e1ndez Chento\" \/>\n<meta name=\"twitter:card\" content=\"summary_large_image\" \/>\n<meta name=\"twitter:creator\" content=\"@https:\/\/twitter.com\/javierchento\" \/>\n<meta name=\"twitter:site\" content=\"@WeVincentians\" \/>\n<meta name=\"twitter:label1\" content=\"Escrito por\" \/>\n\t<meta name=\"twitter:data1\" content=\"Francisco Javier Fern\u00e1ndez Chento\" \/>\n\t<meta name=\"twitter:label2\" content=\"Tiempo de lectura\" \/>\n\t<meta name=\"twitter:data2\" content=\"4 minutos\" \/>\n<script type=\"application\/ld+json\" class=\"yoast-schema-graph\">{\"@context\":\"https:\/\/schema.org\",\"@graph\":[{\"@type\":\"Article\",\"@id\":\"http:\/\/vincentians.com\/es\/una-santa-en-busca-de-la-vida\/#article\",\"isPartOf\":{\"@id\":\"http:\/\/vincentians.com\/es\/una-santa-en-busca-de-la-vida\/\"},\"author\":{\"name\":\"Francisco Javier Fern\u00e1ndez Chento\",\"@id\":\"http:\/\/vincentians.com\/es\/#\/schema\/person\/9623ef4d9aa3b2dfb8c061f1499288f2\"},\"headline\":\"Una santa en busca de la vida\",\"datePublished\":\"2013-11-10T07:28:21+00:00\",\"mainEntityOfPage\":{\"@id\":\"http:\/\/vincentians.com\/es\/una-santa-en-busca-de-la-vida\/\"},\"wordCount\":808,\"commentCount\":0,\"publisher\":{\"@id\":\"http:\/\/vincentians.com\/es\/#organization\"},\"image\":{\"@id\":\"http:\/\/vincentians.com\/es\/una-santa-en-busca-de-la-vida\/#primaryimage\"},\"thumbnailUrl\":\"\",\"articleSection\":[\"Gianna Beretta Molla\"],\"inLanguage\":\"es\",\"potentialAction\":[{\"@type\":\"CommentAction\",\"name\":\"Comment\",\"target\":[\"http:\/\/vincentians.com\/es\/una-santa-en-busca-de-la-vida\/#respond\"]}]},{\"@type\":\"WebPage\",\"@id\":\"http:\/\/vincentians.com\/es\/una-santa-en-busca-de-la-vida\/\",\"url\":\"http:\/\/vincentians.com\/es\/una-santa-en-busca-de-la-vida\/\",\"name\":\"Una santa en busca de la vida - Somos Vicencianos\",\"isPartOf\":{\"@id\":\"http:\/\/vincentians.com\/es\/#website\"},\"primaryImageOfPage\":{\"@id\":\"http:\/\/vincentians.com\/es\/una-santa-en-busca-de-la-vida\/#primaryimage\"},\"image\":{\"@id\":\"http:\/\/vincentians.com\/es\/una-santa-en-busca-de-la-vida\/#primaryimage\"},\"thumbnailUrl\":\"\",\"datePublished\":\"2013-11-10T07:28:21+00:00\",\"breadcrumb\":{\"@id\":\"http:\/\/vincentians.com\/es\/una-santa-en-busca-de-la-vida\/#breadcrumb\"},\"inLanguage\":\"es\",\"potentialAction\":[{\"@type\":\"ReadAction\",\"target\":[\"http:\/\/vincentians.com\/es\/una-santa-en-busca-de-la-vida\/\"]}]},{\"@type\":\"ImageObject\",\"inLanguage\":\"es\",\"@id\":\"http:\/\/vincentians.com\/es\/una-santa-en-busca-de-la-vida\/#primaryimage\",\"url\":\"\",\"contentUrl\":\"\"},{\"@type\":\"BreadcrumbList\",\"@id\":\"http:\/\/vincentians.com\/es\/una-santa-en-busca-de-la-vida\/#breadcrumb\",\"itemListElement\":[{\"@type\":\"ListItem\",\"position\":1,\"name\":\"Portada\",\"item\":\"http:\/\/vincentians.com\/es\/\"},{\"@type\":\"ListItem\",\"position\":2,\"name\":\"Una santa en busca de la vida\"}]},{\"@type\":\"WebSite\",\"@id\":\"http:\/\/vincentians.com\/es\/#website\",\"url\":\"http:\/\/vincentians.com\/es\/\",\"name\":\"Somos Vicencianos\",\"description\":\"Know more to serve more\",\"publisher\":{\"@id\":\"http:\/\/vincentians.com\/es\/#organization\"},\"potentialAction\":[{\"@type\":\"SearchAction\",\"target\":{\"@type\":\"EntryPoint\",\"urlTemplate\":\"http:\/\/vincentians.com\/es\/?s={search_term_string}\"},\"query-input\":{\"@type\":\"PropertyValueSpecification\",\"valueRequired\":true,\"valueName\":\"search_term_string\"}}],\"inLanguage\":\"es\"},{\"@type\":\"Organization\",\"@id\":\"http:\/\/vincentians.com\/es\/#organization\",\"name\":\"The Vincentian Network\",\"url\":\"http:\/\/vincentians.com\/es\/\",\"logo\":{\"@type\":\"ImageObject\",\"inLanguage\":\"es\",\"@id\":\"http:\/\/vincentians.com\/es\/#\/schema\/logo\/image\/\",\"url\":\"https:\/\/i1.wp.com\/vincentians.com\/es\/wp-content\/uploads\/sites\/11\/2016\/06\/Vincentian-Network-logo-big.png?fit=778%2C778\",\"contentUrl\":\"https:\/\/i1.wp.com\/vincentians.com\/es\/wp-content\/uploads\/sites\/11\/2016\/06\/Vincentian-Network-logo-big.png?fit=778%2C778\",\"width\":778,\"height\":778,\"caption\":\"The Vincentian Network\"},\"image\":{\"@id\":\"http:\/\/vincentians.com\/es\/#\/schema\/logo\/image\/\"},\"sameAs\":[\"https:\/\/www.facebook.com\/WeAreVincentians\/\",\"https:\/\/x.com\/WeVincentians\"]},{\"@type\":\"Person\",\"@id\":\"http:\/\/vincentians.com\/es\/#\/schema\/person\/9623ef4d9aa3b2dfb8c061f1499288f2\",\"name\":\"Francisco Javier Fern\u00e1ndez Chento\",\"image\":{\"@type\":\"ImageObject\",\"inLanguage\":\"es\",\"@id\":\"http:\/\/vincentians.com\/es\/#\/schema\/person\/image\/\",\"url\":\"https:\/\/secure.gravatar.com\/avatar\/497d5cde87b4c3d097d0315953521681ba2cd523ee66e5077c3711f7021e65de?s=96&d=mm&r=g\",\"contentUrl\":\"https:\/\/secure.gravatar.com\/avatar\/497d5cde87b4c3d097d0315953521681ba2cd523ee66e5077c3711f7021e65de?s=96&d=mm&r=g\",\"caption\":\"Francisco Javier Fern\u00e1ndez Chento\"},\"description\":\"Director General y cofundador de La Red de Formaci\u00f3n Vicenciana. Javier es laico vicenciano, afiliado a la Congregaci\u00f3n de la Misi\u00f3n y miembro del Equipo de Misiones Populares de la provincia can\u00f3nica de Zaragoza (Espa\u00f1a) de la Congregaci\u00f3n de la Misi\u00f3n. Graduado en la Universidad Oberta de Catalunya con cuatro grados (Asistente de direcci\u00f3n, Gesti\u00f3n Administrativa, Recursos Humanos y Contabilidad Avanzada). Bil\u00edng\u00fce Espa\u00f1ol\/Ingl\u00e9s. gestiona y mantiene varias p\u00e1ginas web cristianas y vicencianas, incluida including La Red de Formaci\u00f3n Vicenciana, de la que es cofundador. Actualmente es responsable del \u00e1rea de Espa\u00f1ol de .famvin, la Red de Noticias de la Familia Vicenciana. Tambi\u00e9n es m\u00fasico cat\u00f3lico y ha editado varios discos. Es Director General y cofundador de Trovador, una reconocida compa\u00f1\u00eda discogr\u00e1fica critiana de Espa\u00f1a. Trabaja en las Tecnolog\u00edas de la Informaci\u00f3n, ofreciendo servicios de alojamiento, dise\u00f1o y mantenimiento Web, as\u00ed como asesoramiento, formaci\u00f3n y soluciones inform\u00e1ticas, gesti\u00f3n documental y digitalizaci\u00f3n de textos, edici\u00f3n y maquetaci\u00f3n de libros, revistas, flyers, etc.\",\"sameAs\":[\"http:\/\/chento.org\",\"https:\/\/www.facebook.com\/JavierChento\",\"https:\/\/x.com\/https:\/\/twitter.com\/javierchento\"],\"url\":\"http:\/\/vincentians.com\/es\/author\/chento\/\"}]}<\/script>\n<!-- \/ Yoast SEO plugin. -->","yoast_head_json":{"title":"Una santa en busca de la vida - Somos Vicencianos","robots":{"index":"index","follow":"follow","max-snippet":"max-snippet:-1","max-image-preview":"max-image-preview:large","max-video-preview":"max-video-preview:-1"},"canonical":"http:\/\/vincentians.com\/es\/una-santa-en-busca-de-la-vida\/","og_locale":"es_ES","og_type":"article","og_title":"Una santa en busca de la vida - Somos Vicencianos","og_description":"Un canto a la vida en la cultura de la muerte Nuestro tiempo se caracteriza por una generalizada violencia social, distintos estudiosos la han definido como la \u00e9poca m\u00e1s cruel de la historia. Al leer ... Read More","og_url":"http:\/\/vincentians.com\/es\/una-santa-en-busca-de-la-vida\/","og_site_name":"Somos Vicencianos","article_publisher":"https:\/\/www.facebook.com\/WeAreVincentians\/","article_author":"https:\/\/www.facebook.com\/JavierChento","article_published_time":"2013-11-10T07:28:21+00:00","author":"Francisco Javier Fern\u00e1ndez Chento","twitter_card":"summary_large_image","twitter_creator":"@https:\/\/twitter.com\/javierchento","twitter_site":"@WeVincentians","twitter_misc":{"Escrito por":"Francisco Javier Fern\u00e1ndez Chento","Tiempo de lectura":"4 minutos"},"schema":{"@context":"https:\/\/schema.org","@graph":[{"@type":"Article","@id":"http:\/\/vincentians.com\/es\/una-santa-en-busca-de-la-vida\/#article","isPartOf":{"@id":"http:\/\/vincentians.com\/es\/una-santa-en-busca-de-la-vida\/"},"author":{"name":"Francisco Javier Fern\u00e1ndez Chento","@id":"http:\/\/vincentians.com\/es\/#\/schema\/person\/9623ef4d9aa3b2dfb8c061f1499288f2"},"headline":"Una santa en busca de la vida","datePublished":"2013-11-10T07:28:21+00:00","mainEntityOfPage":{"@id":"http:\/\/vincentians.com\/es\/una-santa-en-busca-de-la-vida\/"},"wordCount":808,"commentCount":0,"publisher":{"@id":"http:\/\/vincentians.com\/es\/#organization"},"image":{"@id":"http:\/\/vincentians.com\/es\/una-santa-en-busca-de-la-vida\/#primaryimage"},"thumbnailUrl":"","articleSection":["Gianna Beretta Molla"],"inLanguage":"es","potentialAction":[{"@type":"CommentAction","name":"Comment","target":["http:\/\/vincentians.com\/es\/una-santa-en-busca-de-la-vida\/#respond"]}]},{"@type":"WebPage","@id":"http:\/\/vincentians.com\/es\/una-santa-en-busca-de-la-vida\/","url":"http:\/\/vincentians.com\/es\/una-santa-en-busca-de-la-vida\/","name":"Una santa en busca de la vida - Somos Vicencianos","isPartOf":{"@id":"http:\/\/vincentians.com\/es\/#website"},"primaryImageOfPage":{"@id":"http:\/\/vincentians.com\/es\/una-santa-en-busca-de-la-vida\/#primaryimage"},"image":{"@id":"http:\/\/vincentians.com\/es\/una-santa-en-busca-de-la-vida\/#primaryimage"},"thumbnailUrl":"","datePublished":"2013-11-10T07:28:21+00:00","breadcrumb":{"@id":"http:\/\/vincentians.com\/es\/una-santa-en-busca-de-la-vida\/#breadcrumb"},"inLanguage":"es","potentialAction":[{"@type":"ReadAction","target":["http:\/\/vincentians.com\/es\/una-santa-en-busca-de-la-vida\/"]}]},{"@type":"ImageObject","inLanguage":"es","@id":"http:\/\/vincentians.com\/es\/una-santa-en-busca-de-la-vida\/#primaryimage","url":"","contentUrl":""},{"@type":"BreadcrumbList","@id":"http:\/\/vincentians.com\/es\/una-santa-en-busca-de-la-vida\/#breadcrumb","itemListElement":[{"@type":"ListItem","position":1,"name":"Portada","item":"http:\/\/vincentians.com\/es\/"},{"@type":"ListItem","position":2,"name":"Una santa en busca de la vida"}]},{"@type":"WebSite","@id":"http:\/\/vincentians.com\/es\/#website","url":"http:\/\/vincentians.com\/es\/","name":"Somos Vicencianos","description":"Know more to serve more","publisher":{"@id":"http:\/\/vincentians.com\/es\/#organization"},"potentialAction":[{"@type":"SearchAction","target":{"@type":"EntryPoint","urlTemplate":"http:\/\/vincentians.com\/es\/?s={search_term_string}"},"query-input":{"@type":"PropertyValueSpecification","valueRequired":true,"valueName":"search_term_string"}}],"inLanguage":"es"},{"@type":"Organization","@id":"http:\/\/vincentians.com\/es\/#organization","name":"The Vincentian Network","url":"http:\/\/vincentians.com\/es\/","logo":{"@type":"ImageObject","inLanguage":"es","@id":"http:\/\/vincentians.com\/es\/#\/schema\/logo\/image\/","url":"https:\/\/i1.wp.com\/vincentians.com\/es\/wp-content\/uploads\/sites\/11\/2016\/06\/Vincentian-Network-logo-big.png?fit=778%2C778","contentUrl":"https:\/\/i1.wp.com\/vincentians.com\/es\/wp-content\/uploads\/sites\/11\/2016\/06\/Vincentian-Network-logo-big.png?fit=778%2C778","width":778,"height":778,"caption":"The Vincentian Network"},"image":{"@id":"http:\/\/vincentians.com\/es\/#\/schema\/logo\/image\/"},"sameAs":["https:\/\/www.facebook.com\/WeAreVincentians\/","https:\/\/x.com\/WeVincentians"]},{"@type":"Person","@id":"http:\/\/vincentians.com\/es\/#\/schema\/person\/9623ef4d9aa3b2dfb8c061f1499288f2","name":"Francisco Javier Fern\u00e1ndez Chento","image":{"@type":"ImageObject","inLanguage":"es","@id":"http:\/\/vincentians.com\/es\/#\/schema\/person\/image\/","url":"https:\/\/secure.gravatar.com\/avatar\/497d5cde87b4c3d097d0315953521681ba2cd523ee66e5077c3711f7021e65de?s=96&d=mm&r=g","contentUrl":"https:\/\/secure.gravatar.com\/avatar\/497d5cde87b4c3d097d0315953521681ba2cd523ee66e5077c3711f7021e65de?s=96&d=mm&r=g","caption":"Francisco Javier Fern\u00e1ndez Chento"},"description":"Director General y cofundador de La Red de Formaci\u00f3n Vicenciana. Javier es laico vicenciano, afiliado a la Congregaci\u00f3n de la Misi\u00f3n y miembro del Equipo de Misiones Populares de la provincia can\u00f3nica de Zaragoza (Espa\u00f1a) de la Congregaci\u00f3n de la Misi\u00f3n. Graduado en la Universidad Oberta de Catalunya con cuatro grados (Asistente de direcci\u00f3n, Gesti\u00f3n Administrativa, Recursos Humanos y Contabilidad Avanzada). Bil\u00edng\u00fce Espa\u00f1ol\/Ingl\u00e9s. gestiona y mantiene varias p\u00e1ginas web cristianas y vicencianas, incluida including La Red de Formaci\u00f3n Vicenciana, de la que es cofundador. Actualmente es responsable del \u00e1rea de Espa\u00f1ol de .famvin, la Red de Noticias de la Familia Vicenciana. Tambi\u00e9n es m\u00fasico cat\u00f3lico y ha editado varios discos. Es Director General y cofundador de Trovador, una reconocida compa\u00f1\u00eda discogr\u00e1fica critiana de Espa\u00f1a. Trabaja en las Tecnolog\u00edas de la Informaci\u00f3n, ofreciendo servicios de alojamiento, dise\u00f1o y mantenimiento Web, as\u00ed como asesoramiento, formaci\u00f3n y soluciones inform\u00e1ticas, gesti\u00f3n documental y digitalizaci\u00f3n de textos, edici\u00f3n y maquetaci\u00f3n de libros, revistas, flyers, etc.","sameAs":["http:\/\/chento.org","https:\/\/www.facebook.com\/JavierChento","https:\/\/x.com\/https:\/\/twitter.com\/javierchento"],"url":"http:\/\/vincentians.com\/es\/author\/chento\/"}]}},"jetpack_publicize_connections":[],"jetpack_featured_media_url":"","jetpack_sharing_enabled":true,"jetpack_shortlink":"https:\/\/wp.me\/p7ETMF-4my","jetpack-related-posts":[{"id":24242,"url":"http:\/\/vincentians.com\/es\/modos-de-vivir-el-carisma-de-san-vicente-y-santa-luisa-en-las-distintas-ramas-de-la-familia-vicenciana\/","url_meta":{"origin":16774,"position":0},"title":"Modos de vivir el carisma de San Vicente y Santa Luisa en las distintas ramas de la Familia Vicenciana","author":"Francisco Javier Fern\u00e1ndez Chento","date":"27\/10\/2022","format":false,"excerpt":"A modo de Introducci\u00f3n Un carisma est\u00e1 vivo y es relevante cuando se acepta y adopta por muchas personas a trav\u00e9s del tiempo. A los 350 a\u00f1os de la muerte de S. Vicente de Pa\u00fal y S. Luisa de Marillac, el \"carisma Vicenciano\" ha demostrado ser este tipo de carisma\u2026","rel":"","context":"En \u00abEspiritualidad vicenciana\u00bb","block_context":{"text":"Espiritualidad vicenciana","link":"http:\/\/vincentians.com\/es\/category\/espiritualidad\/espiritualidad-vicenciana\/"},"img":{"alt_text":"","src":"https:\/\/i0.wp.com\/vincentians.com\/es\/wp-content\/uploads\/sites\/11\/2016\/09\/conversion.jpg?fit=1200%2C630&resize=350%2C200","width":350,"height":200,"srcset":"https:\/\/i0.wp.com\/vincentians.com\/es\/wp-content\/uploads\/sites\/11\/2016\/09\/conversion.jpg?fit=1200%2C630&resize=350%2C200 1x, https:\/\/i0.wp.com\/vincentians.com\/es\/wp-content\/uploads\/sites\/11\/2016\/09\/conversion.jpg?fit=1200%2C630&resize=525%2C300 1.5x, https:\/\/i0.wp.com\/vincentians.com\/es\/wp-content\/uploads\/sites\/11\/2016\/09\/conversion.jpg?fit=1200%2C630&resize=700%2C400 2x, https:\/\/i0.wp.com\/vincentians.com\/es\/wp-content\/uploads\/sites\/11\/2016\/09\/conversion.jpg?fit=1200%2C630&resize=1050%2C600 3x"},"classes":[]},{"id":1625,"url":"http:\/\/vincentians.com\/es\/ciclo-b-la-santisima-trinidad-reflexion-de-pedro-guillen-goni-c-m\/","url_meta":{"origin":16774,"position":1},"title":"Sant\u00edsima Trinidad (reflexi\u00f3n de Pedro Guill\u00e9n Go\u00f1i, C.M.)","author":"Francisco Javier Fern\u00e1ndez Chento","date":"29\/05\/2015","format":false,"excerpt":"La Sant\u00edsima Trinidad es una fiesta transversal, que de una manera u otra est\u00e1 presente en todas nuestras celebraciones. Pero hoy queremos celebrar este misterio de manera espec\u00edfica, fijando nuestra mente y nuestro coraz\u00f3n no aisladamente en el Padre, en el Hijo o en el Esp\u00edritu sino en la comuni\u00f3n\u2026","rel":"","context":"En \u00abHomil\u00edas y reflexiones, A\u00f1o B\u00bb","block_context":{"text":"Homil\u00edas y reflexiones, A\u00f1o B","link":"http:\/\/vincentians.com\/es\/category\/homilias-y-reflexiones-a-la-palabra-de-dios\/homilias-y-reflexiones-ano-b\/"},"img":{"alt_text":"","src":"https:\/\/i0.wp.com\/vincentians.com\/es\/wp-content\/uploads\/sites\/11\/2016\/07\/reflexiones-palabra-de-dios.jpg?fit=1200%2C630&resize=350%2C200","width":350,"height":200,"srcset":"https:\/\/i0.wp.com\/vincentians.com\/es\/wp-content\/uploads\/sites\/11\/2016\/07\/reflexiones-palabra-de-dios.jpg?fit=1200%2C630&resize=350%2C200 1x, https:\/\/i0.wp.com\/vincentians.com\/es\/wp-content\/uploads\/sites\/11\/2016\/07\/reflexiones-palabra-de-dios.jpg?fit=1200%2C630&resize=525%2C300 1.5x, https:\/\/i0.wp.com\/vincentians.com\/es\/wp-content\/uploads\/sites\/11\/2016\/07\/reflexiones-palabra-de-dios.jpg?fit=1200%2C630&resize=700%2C400 2x, https:\/\/i0.wp.com\/vincentians.com\/es\/wp-content\/uploads\/sites\/11\/2016\/07\/reflexiones-palabra-de-dios.jpg?fit=1200%2C630&resize=1050%2C600 3x"},"classes":[]},{"id":39741,"url":"http:\/\/vincentians.com\/es\/repercusiones-de-la-nueva-conciencia-eclesial-en-la-vida-religiosa\/","url_meta":{"origin":16774,"position":2},"title":"Repercusiones de la nueva conciencia eclesial en la vida religiosa","author":"Francisco Javier Fern\u00e1ndez Chento","date":"27\/09\/2014","format":false,"excerpt":"El t\u00edtulo de nuestro trabajo sugiere demasiadas cosas. En la pr\u00e1ctica y en la vida concreta de la Iglesia las reper\u00adcusiones de la nueva conciencia eclesial en la vida religiosa son innumerables y muy dif\u00edciles de reducir a com\u00fan deno\u00adminador. Por eso, debemos advertir desde el principio que nuestro estudio\u2026","rel":"","context":"En \u00abFormaci\u00f3n Cristiana\u00bb","block_context":{"text":"Formaci\u00f3n Cristiana","link":"http:\/\/vincentians.com\/es\/category\/formacion-cristiana\/"},"img":{"alt_text":"","src":"https:\/\/i0.wp.com\/vicencianos.org\/wp-content\/2011\/05\/vida_religiosa-205x300.jpg?resize=350%2C200","width":350,"height":200},"classes":[]},{"id":25129,"url":"http:\/\/vincentians.com\/es\/resucitados-con-cristo\/","url_meta":{"origin":16774,"position":3},"title":"Resucitados con Cristo","author":"Francisco Javier Fern\u00e1ndez Chento","date":"21\/07\/2020","format":false,"excerpt":"\"Ya que hab\u00e9is resucitado con Cristo, buscad los bienes de all\u00e1 arriba, donde est\u00e1 Cristo, sentado a la derecha de Dios; aspirad a los bienes de arriba, no a los de la tierra. Porque hab\u00e9is muerto; y vuestra vida est\u00e1 con Cristo escondida en Dios\" (Col. 3, 1-3). Cada a\u00f1o\u2026","rel":"","context":"En \u00abFormaci\u00f3n Vicenciana\u00bb","block_context":{"text":"Formaci\u00f3n Vicenciana","link":"http:\/\/vincentians.com\/es\/category\/formacion-vicenciana\/"},"img":{"alt_text":"","src":"https:\/\/i0.wp.com\/vincentians.com\/es\/wp-content\/uploads\/sites\/11\/2016\/09\/espiritu-de-jesus.jpg?fit=1200%2C630&resize=350%2C200","width":350,"height":200,"srcset":"https:\/\/i0.wp.com\/vincentians.com\/es\/wp-content\/uploads\/sites\/11\/2016\/09\/espiritu-de-jesus.jpg?fit=1200%2C630&resize=350%2C200 1x, https:\/\/i0.wp.com\/vincentians.com\/es\/wp-content\/uploads\/sites\/11\/2016\/09\/espiritu-de-jesus.jpg?fit=1200%2C630&resize=525%2C300 1.5x, https:\/\/i0.wp.com\/vincentians.com\/es\/wp-content\/uploads\/sites\/11\/2016\/09\/espiritu-de-jesus.jpg?fit=1200%2C630&resize=700%2C400 2x, https:\/\/i0.wp.com\/vincentians.com\/es\/wp-content\/uploads\/sites\/11\/2016\/09\/espiritu-de-jesus.jpg?fit=1200%2C630&resize=1050%2C600 3x"},"classes":[]},{"id":24808,"url":"http:\/\/vincentians.com\/es\/testigos-del-dios-de-la-vida-parte-5\/","url_meta":{"origin":16774,"position":4},"title":"Testigos del Dios de la vida (Parte 5)","author":"Francisco Javier Fern\u00e1ndez Chento","date":"01\/09\/2013","format":false,"excerpt":"5. Testigo de una vida nueva Demos un paso m\u00e1s: \u00bfQu\u00e9 es exactamente lo que transmite el testigo? \u00bfLa experiencia de su encuentro con Dios? No parece posible, al menos directamente, pues todo encuentro interpersonal es en cuanto tal incomunicable, intransmisible. \u00bfC\u00f3mo pueden comunicar dos enamorados su experiencia amorosa a\u2026","rel":"","context":"En \u00abFormaci\u00f3n Cristiana\u00bb","block_context":{"text":"Formaci\u00f3n Cristiana","link":"http:\/\/vincentians.com\/es\/category\/formacion-cristiana\/"},"img":{"alt_text":"","src":"https:\/\/i0.wp.com\/vicencianos.org\/wp-content\/2010\/12\/dios-vida-262x300.jpg?resize=350%2C200","width":350,"height":200},"classes":[]},{"id":1610,"url":"http:\/\/vincentians.com\/es\/pentecostes-reflexion-de-antonio-elduayen-c-m\/","url_meta":{"origin":16774,"position":5},"title":"Pentecost\u00e9s (reflexi\u00f3n de Antonio Elduayen, C.M.)","author":"Francisco Javier Fern\u00e1ndez Chento","date":"20\/05\/2012","format":false,"excerpt":"Queridos amigos Hoy el evangelio (Jn 20, 19-23) me da pie para hablarles de una Persona Maravillosa, as\u00ed con may\u00fasculas, que tiene harto poder e influencia, pero que, por su modestia y discreci\u00f3n, nadie lo creer\u00eda. Es adem\u00e1s superagradable y su trato dignifica y enriquece. Uno quisiera estar siempre a\u2026","rel":"","context":"En \u00abHomil\u00edas y reflexiones, A\u00f1o B\u00bb","block_context":{"text":"Homil\u00edas y reflexiones, A\u00f1o B","link":"http:\/\/vincentians.com\/es\/category\/homilias-y-reflexiones-a-la-palabra-de-dios\/homilias-y-reflexiones-ano-b\/"},"img":{"alt_text":"","src":"https:\/\/i0.wp.com\/vincentians.com\/es\/wp-content\/uploads\/sites\/11\/2016\/07\/reflexiones-palabra-de-dios.jpg?fit=1200%2C630&resize=350%2C200","width":350,"height":200,"srcset":"https:\/\/i0.wp.com\/vincentians.com\/es\/wp-content\/uploads\/sites\/11\/2016\/07\/reflexiones-palabra-de-dios.jpg?fit=1200%2C630&resize=350%2C200 1x, https:\/\/i0.wp.com\/vincentians.com\/es\/wp-content\/uploads\/sites\/11\/2016\/07\/reflexiones-palabra-de-dios.jpg?fit=1200%2C630&resize=525%2C300 1.5x, https:\/\/i0.wp.com\/vincentians.com\/es\/wp-content\/uploads\/sites\/11\/2016\/07\/reflexiones-palabra-de-dios.jpg?fit=1200%2C630&resize=700%2C400 2x, https:\/\/i0.wp.com\/vincentians.com\/es\/wp-content\/uploads\/sites\/11\/2016\/07\/reflexiones-palabra-de-dios.jpg?fit=1200%2C630&resize=1050%2C600 3x"},"classes":[]}],"_links":{"self":[{"href":"http:\/\/vincentians.com\/es\/wp-json\/wp\/v2\/posts\/16774","targetHints":{"allow":["GET"]}}],"collection":[{"href":"http:\/\/vincentians.com\/es\/wp-json\/wp\/v2\/posts"}],"about":[{"href":"http:\/\/vincentians.com\/es\/wp-json\/wp\/v2\/types\/post"}],"author":[{"embeddable":true,"href":"http:\/\/vincentians.com\/es\/wp-json\/wp\/v2\/users\/4"}],"replies":[{"embeddable":true,"href":"http:\/\/vincentians.com\/es\/wp-json\/wp\/v2\/comments?post=16774"}],"version-history":[{"count":0,"href":"http:\/\/vincentians.com\/es\/wp-json\/wp\/v2\/posts\/16774\/revisions"}],"wp:featuredmedia":[{"embeddable":true,"href":"http:\/\/vincentians.com\/es\/wp-json\/"}],"wp:attachment":[{"href":"http:\/\/vincentians.com\/es\/wp-json\/wp\/v2\/media?parent=16774"}],"wp:term":[{"taxonomy":"category","embeddable":true,"href":"http:\/\/vincentians.com\/es\/wp-json\/wp\/v2\/categories?post=16774"},{"taxonomy":"post_tag","embeddable":true,"href":"http:\/\/vincentians.com\/es\/wp-json\/wp\/v2\/tags?post=16774"}],"curies":[{"name":"wp","href":"https:\/\/api.w.org\/{rel}","templated":true}]}}