{"id":16770,"date":"2015-04-24T02:34:27","date_gmt":"2015-04-24T00:34:27","guid":{"rendered":"http:\/\/somos.vicencianos.org\/blog\/?p=16770"},"modified":"2015-04-24T02:34:27","modified_gmt":"2015-04-24T00:34:27","slug":"santa-gianna-beretta-molla-ejemplo-de-la-lucha-contra-el-aborto","status":"publish","type":"post","link":"http:\/\/vincentians.com\/es\/santa-gianna-beretta-molla-ejemplo-de-la-lucha-contra-el-aborto\/","title":{"rendered":"Santa Gianna Beretta Molla, ejemplo de la lucha contra el aborto"},"content":{"rendered":"<p style=\"padding-left: 60px\"><em>En momentos que en nuestro pa\u00eds arrecia la ofensiva para despenalizar el aborto y abrir las puertas a su pr\u00e1ctica legal, con la presentaci\u00f3n de proyectos en el Senado Nacional y en la Legislatura porte\u00f1a, es oportuno recordar la vida de Santa Gianna Beretta Molla, recientemente canonizada, que prefiri\u00f3 morir para salvar la vida de su hija.<\/em><\/p>\n<p><em><a href=\"https:\/\/i0.wp.com\/vicencianos.org\/vicencianos\/files\/2010\/04\/Saint-Gianna.jpg\"><img data-recalc-dims=\"1\" loading=\"lazy\" decoding=\"async\" class=\"alignright size-medium wp-image-16865\" src=\"https:\/\/i0.wp.com\/vicencianos.org\/vicencianos\/files\/2010\/04\/Saint-Gianna-247x300.jpg?resize=247%2C300\" alt=\"\" width=\"247\" height=\"300\" \/><\/a>\u00ab\u00a1Pedro! Si deben decidir entre la criatura y yo, no duden: elijan a la criatura, yo lo exijo, s\u00e1lvenla! Yo hago la voluntad de Dios, y Dios providenciar\u00e1 lo necesario para mis hijos\u00bb.<\/em> Al pronunciar las palabras arriba citadas, Gianna Beretta Molla ten\u00eda 39 a\u00f1os, era madre de tres criaturas de 6, 5 y 3 a\u00f1os, y estaba casada con un ingeniero industrial, director de una empresa y hombre de vida virtuosa. C\u00f3mo m\u00e9dica pediatra, ten\u00eda por delante una excelente carrera profesional.<\/p>\n<p>Dotada de una gran alegr\u00eda de vivir, pasaba sus vacaciones en la bella Italia. Frecuentaba habitualmente el magn\u00edfico Teatro <em>\u00abLa Scala\u00bb<\/em> de Mil\u00e1n. Se distra\u00eda con su pianoforte, pintaba lindas telas al \u00f3leo y se vest\u00eda con elegancia. Nada le faltaba en su vida. \u00bfQue motiv\u00f3 a esta feliz madre de familia y esposa ejemplar, \u2013recientemente canonizada por Juan Pablo II\u2013 a no tener pena de s\u00ed misma sino, por el contrario, a buscar la mayor gloria de Dios?<\/p>\n<h3><strong>Aborto: pecado que mata m\u00e1s que todas las guerras<\/strong><\/h3>\n<p>Hoy se practica con impunidad el mayor genocidio de toda la historia de la humanidad: el aborto, eufem\u00edsticamente llamado interrupci\u00f3n voluntaria del embarazo a trav\u00e9s del cual son legalmente asesinados millones y millones de seres humanos. Aut\u00e9ntica y apocal\u00edptica matanza de inocentes.<\/p>\n<p>S\u00f3lo en los Estados Unidos y Rusia son practicados m\u00e1s de tres millones de abortos. Estamos, pues, ante un flagelo mundial que mata m\u00e1s que todas las guerras y el SIDA. Contra tal clamorosa y suprema violaci\u00f3n del m\u00e1s fundamental de todos los derechos \u2013el derecho a la vida\u2013 se levanta como un testimonio la edificante vida de Gianna Beretta Molla.<\/p>\n<h3><strong>Conf\u00edo en vos, dulce Madre<\/strong><\/h3>\n<p>Gianna naci\u00f3 el 4 de octubre de 1922, en Magenta, ciudad vecina a Mil\u00e1n. Sus padres \u2013rectos, justos y temorosos de Dios\u2013 junto con su hermana Amalia, la formaron espiritualmen te. A partir de su Primera Comuni\u00f3n, en Abril de 1928, Gianna acompa\u00f1aba a su madre a Misa todos los d\u00edas.<\/p>\n<p>De car\u00e1cter ameno y semblante sonriente, su rostro irradiaba equilibrio, amenidad, pureza y un coraz\u00f3n generoso, con una fe contagiante que atra\u00eda a todos a la Iglesia.<\/p>\n<p>A los 15 a\u00f1os particip\u00f3 de un retiro espiritual seg\u00fan el m\u00e9todo de San Ignacio de Loyola, que la llev\u00f3 a hacer un firme prop\u00f3sito: \u00abmil veces morir antes que cometer un pecado mortal\u00bb.<\/p>\n<p>Al fallecer su madre, Gianna se encomend\u00f3 a Mar\u00eda Sant\u00edsima con estas palabras: \u00abConf\u00edo en vos, dulce Madre, y tengo la certeza de que nunca me abandonar\u00e9is\u00bb.<\/p>\n<h3><strong>Misi\u00f3n de m\u00e9dica, salud del cuerpo, salud del alma<\/strong><\/h3>\n<p>En 1942, Gianna se matricul\u00f3 en la Facultad de Medicina. Ten\u00eda un concepto preciso y sublime de esta profesi\u00f3n. M\u00e1s que un trabajo, la medicina era para ella una misi\u00f3n: <em>\u00abNo olvidemos que en el cuerpo de nuestro paciente existe un alma inmortal. Seamos honestos y m\u00e9dicos de fe\u00bb<\/em>.<\/p>\n<p>A sus pacientes, la Dra. Gianna daba no solamente asistencia m\u00e9dica, sino tambi\u00e9n una verdadera ayuda espiritual, y muchas veces les auxiliaba para que recibieran el sacramento de la Confesi\u00f3n.<\/p>\n<p>Alent\u00f3 a muchas madres pr\u00f3ximas al parto transmiti\u00e9ndoles la alegr\u00eda de recibir al hijo como un don de Dios y a rechazar o desistir del aborto.<\/p>\n<h3><strong>Descubriendo la vocaci\u00f3n del matrimonio<\/strong><\/h3>\n<p>Persuadida de la importancia del apostola do, durante algunos a\u00f1os aliment\u00f3 el deseo de ser misionera laica consagr\u00e1ndose a Dios en el servicio de la Evangelizaci\u00f3n.<\/p>\n<p>Vivi\u00f3 un tiempo en la incertidumbre del camino a elegir. Para decidir bien, rezaba mucho, ped\u00eda oraciones y consejos, pero tambi\u00e9n pas\u00f3 por una gran perturbaci\u00f3n interior con respecto a su proyecto de vida.<\/p>\n<p>En vez de ofuscarse, intensific\u00f3 las oraciones para conocer mejor la voluntad del Creador.<\/p>\n<p>Cuando comprendi\u00f3 que la voluntad de Dios era que constituyera una familia, se orient\u00f3 decididamente hacia el matrimonio consciente que \u00abnuestra felicidad terrena y la eterna depende de vivir bien nuestra vocaci\u00f3n\u00bb.<\/p>\n<h3><strong>Un encuentro no casual, bendecido por Dios <\/strong><\/h3>\n<p>En la fiesta de la Inmaculada Concepci\u00f3n de 1954, se celebraba en Mesero la fiesta de la ordenaci\u00f3n sacerdotal de Fray Lino Gara-vaglia, hoy obispo de las di\u00f3cesis de Cesena e Sarsina (Italia).<\/p>\n<p>Tanto Pedro, el futuro novio, como Gianna fueron invitados a la Misa y el almuerzo. Al d\u00eda siguiente, Pedro Molla escrib\u00eda a Gianna <em>\u00abMe acuerdo de ti cuando, con tu sonrisa larga y gentil, saludabas a Fray Lino y a sus parientes. Me acuerdo de ti cuando hac\u00edas devotamente la Se\u00f1al de la Cruz antes del caf\u00e9. Me acuerdo de ti todav\u00eda cuando estabas en oraci\u00f3n durante la bendici\u00f3n del Sant\u00edsimo Sacramento\u00bb<\/em>.<\/p>\n<p>Gianna, que tambi\u00e9n ten\u00eda la certeza de haber tenido ese d\u00eda un <em>\u00ab\u00f3ptimo encuentro\u00bb<\/em>, le respondi\u00f3 <em>\u00abdeseo hacerte feliz y ser la buena esposa que tu deseas: comprensiva y dispuesta a los sacrificios que la vida nos pedir\u00e1. Pienso en darme totalmente para formar una familia verdaderamente cristiana. Es verdad que tendremos que enfrentar dolores y sacrificios, pero si deseamos siempre uno el bien al otro, con la ayuda de Dios venceremos todos los obst\u00e1culos\u00bb.<\/em><\/p>\n<h3><strong>Madre ejemplar y dedicada esposa<\/strong><\/h3>\n<p>Gianna y Pedro recibieron el sacramento del matrimonio el 24 de septiembre de 1955.<\/p>\n<p>El amor rec\u00edproco, basado en la fe y no en el sentimentalismo, proporcion\u00f3 a los j\u00f3venes esposos coraje para enfrentarlo todo serenamente: <em>\u00abCon el auxilio y la bendici\u00f3n de Dios, haremos todo para que nuestra familia sea un peque\u00f1o Cen\u00e1culo, donde Jes\u00fas reine sobre todos nuestros afectos, deseos y acciones\u00bb.<\/em><\/p>\n<p>Gianna no renunci\u00f3 al ejercicio de la medicina y acept\u00f3 los inevitables sacrificios de la vida familiar sin que nunca se apagara su sonrisa de bondad, paciencia y generosidad. Con mucha armon\u00eda y simplicidad, hac\u00eda fructificar al m\u00e1ximo sus dones en el \u00e1mbito dom\u00e9stico, profesional y parroquial.<\/p>\n<p>En menos de cuatro a\u00f1os de matrimonio tuvo tres hijos, todos con un embarazo muy dif\u00edcil.<\/p>\n<p>Pero Gianna vivi\u00f3 su maternidad como una oblaci\u00f3n: el ser madre y el <em>\u00absacrificio\u00bb <\/em>eran dos realidades inseparables. Pero, n\u00f3tese bien, todo vivido con alegr\u00eda, aunque el precio a pagar fuese muy alto.<\/p>\n<h3><strong>Heroico amor maternal por amor de Dios<\/strong><\/h3>\n<p>Despu\u00e9s de tres embarazos dolorosos, al comienzo del cuarto se hizo indispensable una cirug\u00eda debido a un tumor en el \u00fatero. Fidel\u00edsima a sus principios morales y religiosos, decidi\u00f3, sin dudar, que el m\u00e9dico se preocupase, en primer lugar, no en la operaci\u00f3n que salvar\u00eda su vida, sino en la salvaci\u00f3n de la vida de la criatura.<\/p>\n<p>As\u00ed relata su marido esos momentos:<em> \u00abCon una incomparable fuerza de voluntad y con inmutable empe\u00f1o, continu\u00f3 su misi\u00f3n de madre hasta los \u00faltimos d\u00edas de su embarazo. Rezaba o meditaba. La sonrisa y la serenidad que infund\u00edan la belleza, la vivacidad y la salud de sus tres &#8216;tesoros&#8217; eran casi siempre velados con una inquietud interior. Tem\u00eda que su criatura naciese con sufrimientos. Rezaba para que no fuese as\u00ed. Muchas y muchas veces, me ped\u00eda disculpas si me causaba preocupaciones. Me dec\u00eda que nunca hab\u00eda tenido necesidad de tanta amabilidad y comprensi\u00f3n como ahora. Mientras se aproximaba el per\u00edodo del parto, afirm\u00f3 expl\u00edcitamente, con tono firme y al mismo tiempo sereno, con una mirada profunda que jam\u00e1s olvidar\u00e9: \u00abSi deben decidir entre la criatura y yo, no duden: prefieran a la criatura, yo lo exijo, \u00a1s\u00e1lvenla! Yo hago la voluntad de Dios y Dios providenciar\u00e1 lo necesario para mis hijos\u00bb.<\/em><\/p>\n<p>Un Viernes Santo, el 20 abril de 1962, fue internada para el parto. El S\u00e1bado Santo, Gianna y toda la familia tuvieron la indescriptible alegr\u00eda de un don divino: la hija, Gianna Emanuela, nac\u00eda bella y fuerte.<\/p>\n<h3><strong>Entr\u00f3 en la Vida<\/strong><\/h3>\n<p>Todos los esfuerzos m\u00e9dicos para salvar la vida de la madre fueron en vano.<\/p>\n<p>Gianna recibe por \u00faltima vez la Extremaunci\u00f3n y la Santa Comuni\u00f3n. Al ver el crucifijo que pende del cuello de su hermana Virginia, misionera en la India, lo besa y dice: <em>\u00abJes\u00fas, Te amo\u00bb<\/em>.<br \/>\nEra el d\u00eda 28 de abril de 1962 y ser\u00eda apropiado colocar en sus labios las \u00faltimas palabras de Santa Teresita del Ni\u00f1o Jes\u00fas: <em>\u00abYo no muero, entro en la Vida\u00bb.<\/em><\/p>\n<h3>Fuentes de referencia:<\/h3>\n<p>Cfr. \u00abPro-Life\u00bb, Annual Report 2004, Washington; Cfr. \u00abAvvenire\u00bb. Mil\u00e1n. 16-9-03; Cfr. \u00abCorriere della Sera\u00bb, Mil\u00e1n, 8-3-00; Crfr. \u00abII Giornale\u00bb. Mil\u00e1n, 27-3-04; Un inno alla Vita: Gianna Beretta Molla, Suor Hildegard Brem Ocist., Voglio Vivere. 2004, Milano; Il cammino di Santit\u00e1 di Gianna Beretta Molla, Comitato per la Beatificazione, ITL s.p.a. , 1994, Milano.<\/p>\n","protected":false},"excerpt":{"rendered":"<p>En momentos que en nuestro pa\u00eds arrecia la ofensiva para despenalizar el aborto y abrir las puertas a su pr\u00e1ctica legal, con la presentaci\u00f3n de proyectos en el Senado Nacional y en la Legislatura porte\u00f1a, &#8230; <a href=\"http:\/\/vincentians.com\/es\/santa-gianna-beretta-molla-ejemplo-de-la-lucha-contra-el-aborto\/\" class=\"more-link\">Read More<\/a><\/p>\n","protected":false},"author":4,"featured_media":33486,"comment_status":"open","ping_status":"open","sticky":false,"template":"","format":"standard","meta":{"jetpack_post_was_ever_published":false,"_jetpack_newsletter_access":"","_jetpack_dont_email_post_to_subs":false,"_jetpack_newsletter_tier_id":0,"_jetpack_memberships_contains_paywalled_content":false,"_jetpack_memberships_contains_paid_content":false,"footnotes":"","jetpack_publicize_message":"","jetpack_publicize_feature_enabled":true,"jetpack_social_post_already_shared":true,"jetpack_social_options":{"image_generator_settings":{"template":"highway","default_image_id":0,"font":"","enabled":false},"version":2}},"categories":[344],"tags":[],"class_list":["post-16770","post","type-post","status-publish","format-standard","has-post-thumbnail","hentry","category-gianna-beretta-molla"],"yoast_head":"<!-- This site is optimized with the Yoast SEO plugin v26.3 - https:\/\/yoast.com\/wordpress\/plugins\/seo\/ -->\n<title>Santa Gianna Beretta Molla, ejemplo de la lucha contra el aborto - Somos Vicencianos<\/title>\n<meta name=\"robots\" content=\"index, follow, max-snippet:-1, max-image-preview:large, max-video-preview:-1\" \/>\n<link rel=\"canonical\" href=\"http:\/\/vincentians.com\/es\/santa-gianna-beretta-molla-ejemplo-de-la-lucha-contra-el-aborto\/\" \/>\n<meta property=\"og:locale\" content=\"es_ES\" \/>\n<meta property=\"og:type\" content=\"article\" \/>\n<meta property=\"og:title\" content=\"Santa Gianna Beretta Molla, ejemplo de la lucha contra el aborto - Somos Vicencianos\" \/>\n<meta property=\"og:description\" content=\"En momentos que en nuestro pa\u00eds arrecia la ofensiva para despenalizar el aborto y abrir las puertas a su pr\u00e1ctica legal, con la presentaci\u00f3n de proyectos en el Senado Nacional y en la Legislatura porte\u00f1a, ... Read More\" \/>\n<meta property=\"og:url\" content=\"http:\/\/vincentians.com\/es\/santa-gianna-beretta-molla-ejemplo-de-la-lucha-contra-el-aborto\/\" \/>\n<meta property=\"og:site_name\" content=\"Somos Vicencianos\" \/>\n<meta property=\"article:publisher\" content=\"https:\/\/www.facebook.com\/WeAreVincentians\/\" \/>\n<meta property=\"article:author\" content=\"https:\/\/www.facebook.com\/JavierChento\" \/>\n<meta property=\"article:published_time\" content=\"2015-04-24T00:34:27+00:00\" \/>\n<meta name=\"author\" content=\"Francisco Javier Fern\u00e1ndez Chento\" \/>\n<meta name=\"twitter:card\" content=\"summary_large_image\" \/>\n<meta name=\"twitter:creator\" content=\"@https:\/\/twitter.com\/javierchento\" \/>\n<meta name=\"twitter:site\" content=\"@WeVincentians\" \/>\n<meta name=\"twitter:label1\" content=\"Escrito por\" \/>\n\t<meta name=\"twitter:data1\" content=\"Francisco Javier Fern\u00e1ndez Chento\" \/>\n\t<meta name=\"twitter:label2\" content=\"Tiempo de lectura\" \/>\n\t<meta name=\"twitter:data2\" content=\"8 minutos\" \/>\n<script type=\"application\/ld+json\" class=\"yoast-schema-graph\">{\"@context\":\"https:\/\/schema.org\",\"@graph\":[{\"@type\":\"Article\",\"@id\":\"http:\/\/vincentians.com\/es\/santa-gianna-beretta-molla-ejemplo-de-la-lucha-contra-el-aborto\/#article\",\"isPartOf\":{\"@id\":\"http:\/\/vincentians.com\/es\/santa-gianna-beretta-molla-ejemplo-de-la-lucha-contra-el-aborto\/\"},\"author\":{\"name\":\"Francisco Javier Fern\u00e1ndez Chento\",\"@id\":\"http:\/\/vincentians.com\/es\/#\/schema\/person\/9623ef4d9aa3b2dfb8c061f1499288f2\"},\"headline\":\"Santa Gianna Beretta Molla, ejemplo de la lucha contra el aborto\",\"datePublished\":\"2015-04-24T00:34:27+00:00\",\"mainEntityOfPage\":{\"@id\":\"http:\/\/vincentians.com\/es\/santa-gianna-beretta-molla-ejemplo-de-la-lucha-contra-el-aborto\/\"},\"wordCount\":1566,\"commentCount\":0,\"publisher\":{\"@id\":\"http:\/\/vincentians.com\/es\/#organization\"},\"image\":{\"@id\":\"http:\/\/vincentians.com\/es\/santa-gianna-beretta-molla-ejemplo-de-la-lucha-contra-el-aborto\/#primaryimage\"},\"thumbnailUrl\":\"\",\"articleSection\":[\"Gianna Beretta Molla\"],\"inLanguage\":\"es\",\"potentialAction\":[{\"@type\":\"CommentAction\",\"name\":\"Comment\",\"target\":[\"http:\/\/vincentians.com\/es\/santa-gianna-beretta-molla-ejemplo-de-la-lucha-contra-el-aborto\/#respond\"]}]},{\"@type\":\"WebPage\",\"@id\":\"http:\/\/vincentians.com\/es\/santa-gianna-beretta-molla-ejemplo-de-la-lucha-contra-el-aborto\/\",\"url\":\"http:\/\/vincentians.com\/es\/santa-gianna-beretta-molla-ejemplo-de-la-lucha-contra-el-aborto\/\",\"name\":\"Santa Gianna Beretta Molla, ejemplo de la lucha contra el aborto - Somos Vicencianos\",\"isPartOf\":{\"@id\":\"http:\/\/vincentians.com\/es\/#website\"},\"primaryImageOfPage\":{\"@id\":\"http:\/\/vincentians.com\/es\/santa-gianna-beretta-molla-ejemplo-de-la-lucha-contra-el-aborto\/#primaryimage\"},\"image\":{\"@id\":\"http:\/\/vincentians.com\/es\/santa-gianna-beretta-molla-ejemplo-de-la-lucha-contra-el-aborto\/#primaryimage\"},\"thumbnailUrl\":\"\",\"datePublished\":\"2015-04-24T00:34:27+00:00\",\"breadcrumb\":{\"@id\":\"http:\/\/vincentians.com\/es\/santa-gianna-beretta-molla-ejemplo-de-la-lucha-contra-el-aborto\/#breadcrumb\"},\"inLanguage\":\"es\",\"potentialAction\":[{\"@type\":\"ReadAction\",\"target\":[\"http:\/\/vincentians.com\/es\/santa-gianna-beretta-molla-ejemplo-de-la-lucha-contra-el-aborto\/\"]}]},{\"@type\":\"ImageObject\",\"inLanguage\":\"es\",\"@id\":\"http:\/\/vincentians.com\/es\/santa-gianna-beretta-molla-ejemplo-de-la-lucha-contra-el-aborto\/#primaryimage\",\"url\":\"\",\"contentUrl\":\"\"},{\"@type\":\"BreadcrumbList\",\"@id\":\"http:\/\/vincentians.com\/es\/santa-gianna-beretta-molla-ejemplo-de-la-lucha-contra-el-aborto\/#breadcrumb\",\"itemListElement\":[{\"@type\":\"ListItem\",\"position\":1,\"name\":\"Portada\",\"item\":\"http:\/\/vincentians.com\/es\/\"},{\"@type\":\"ListItem\",\"position\":2,\"name\":\"Santa Gianna Beretta Molla, ejemplo de la lucha contra el aborto\"}]},{\"@type\":\"WebSite\",\"@id\":\"http:\/\/vincentians.com\/es\/#website\",\"url\":\"http:\/\/vincentians.com\/es\/\",\"name\":\"Somos Vicencianos\",\"description\":\"Know more to serve more\",\"publisher\":{\"@id\":\"http:\/\/vincentians.com\/es\/#organization\"},\"potentialAction\":[{\"@type\":\"SearchAction\",\"target\":{\"@type\":\"EntryPoint\",\"urlTemplate\":\"http:\/\/vincentians.com\/es\/?s={search_term_string}\"},\"query-input\":{\"@type\":\"PropertyValueSpecification\",\"valueRequired\":true,\"valueName\":\"search_term_string\"}}],\"inLanguage\":\"es\"},{\"@type\":\"Organization\",\"@id\":\"http:\/\/vincentians.com\/es\/#organization\",\"name\":\"The Vincentian Network\",\"url\":\"http:\/\/vincentians.com\/es\/\",\"logo\":{\"@type\":\"ImageObject\",\"inLanguage\":\"es\",\"@id\":\"http:\/\/vincentians.com\/es\/#\/schema\/logo\/image\/\",\"url\":\"https:\/\/i1.wp.com\/vincentians.com\/es\/wp-content\/uploads\/sites\/11\/2016\/06\/Vincentian-Network-logo-big.png?fit=778%2C778\",\"contentUrl\":\"https:\/\/i1.wp.com\/vincentians.com\/es\/wp-content\/uploads\/sites\/11\/2016\/06\/Vincentian-Network-logo-big.png?fit=778%2C778\",\"width\":778,\"height\":778,\"caption\":\"The Vincentian Network\"},\"image\":{\"@id\":\"http:\/\/vincentians.com\/es\/#\/schema\/logo\/image\/\"},\"sameAs\":[\"https:\/\/www.facebook.com\/WeAreVincentians\/\",\"https:\/\/x.com\/WeVincentians\"]},{\"@type\":\"Person\",\"@id\":\"http:\/\/vincentians.com\/es\/#\/schema\/person\/9623ef4d9aa3b2dfb8c061f1499288f2\",\"name\":\"Francisco Javier Fern\u00e1ndez Chento\",\"image\":{\"@type\":\"ImageObject\",\"inLanguage\":\"es\",\"@id\":\"http:\/\/vincentians.com\/es\/#\/schema\/person\/image\/\",\"url\":\"https:\/\/secure.gravatar.com\/avatar\/497d5cde87b4c3d097d0315953521681ba2cd523ee66e5077c3711f7021e65de?s=96&d=mm&r=g\",\"contentUrl\":\"https:\/\/secure.gravatar.com\/avatar\/497d5cde87b4c3d097d0315953521681ba2cd523ee66e5077c3711f7021e65de?s=96&d=mm&r=g\",\"caption\":\"Francisco Javier Fern\u00e1ndez Chento\"},\"description\":\"Director General y cofundador de La Red de Formaci\u00f3n Vicenciana. Javier es laico vicenciano, afiliado a la Congregaci\u00f3n de la Misi\u00f3n y miembro del Equipo de Misiones Populares de la provincia can\u00f3nica de Zaragoza (Espa\u00f1a) de la Congregaci\u00f3n de la Misi\u00f3n. Graduado en la Universidad Oberta de Catalunya con cuatro grados (Asistente de direcci\u00f3n, Gesti\u00f3n Administrativa, Recursos Humanos y Contabilidad Avanzada). Bil\u00edng\u00fce Espa\u00f1ol\/Ingl\u00e9s. gestiona y mantiene varias p\u00e1ginas web cristianas y vicencianas, incluida including La Red de Formaci\u00f3n Vicenciana, de la que es cofundador. Actualmente es responsable del \u00e1rea de Espa\u00f1ol de .famvin, la Red de Noticias de la Familia Vicenciana. Tambi\u00e9n es m\u00fasico cat\u00f3lico y ha editado varios discos. Es Director General y cofundador de Trovador, una reconocida compa\u00f1\u00eda discogr\u00e1fica critiana de Espa\u00f1a. Trabaja en las Tecnolog\u00edas de la Informaci\u00f3n, ofreciendo servicios de alojamiento, dise\u00f1o y mantenimiento Web, as\u00ed como asesoramiento, formaci\u00f3n y soluciones inform\u00e1ticas, gesti\u00f3n documental y digitalizaci\u00f3n de textos, edici\u00f3n y maquetaci\u00f3n de libros, revistas, flyers, etc.\",\"sameAs\":[\"http:\/\/chento.org\",\"https:\/\/www.facebook.com\/JavierChento\",\"https:\/\/x.com\/https:\/\/twitter.com\/javierchento\"],\"url\":\"http:\/\/vincentians.com\/es\/author\/chento\/\"}]}<\/script>\n<!-- \/ Yoast SEO plugin. -->","yoast_head_json":{"title":"Santa Gianna Beretta Molla, ejemplo de la lucha contra el aborto - Somos Vicencianos","robots":{"index":"index","follow":"follow","max-snippet":"max-snippet:-1","max-image-preview":"max-image-preview:large","max-video-preview":"max-video-preview:-1"},"canonical":"http:\/\/vincentians.com\/es\/santa-gianna-beretta-molla-ejemplo-de-la-lucha-contra-el-aborto\/","og_locale":"es_ES","og_type":"article","og_title":"Santa Gianna Beretta Molla, ejemplo de la lucha contra el aborto - Somos Vicencianos","og_description":"En momentos que en nuestro pa\u00eds arrecia la ofensiva para despenalizar el aborto y abrir las puertas a su pr\u00e1ctica legal, con la presentaci\u00f3n de proyectos en el Senado Nacional y en la Legislatura porte\u00f1a, ... Read More","og_url":"http:\/\/vincentians.com\/es\/santa-gianna-beretta-molla-ejemplo-de-la-lucha-contra-el-aborto\/","og_site_name":"Somos Vicencianos","article_publisher":"https:\/\/www.facebook.com\/WeAreVincentians\/","article_author":"https:\/\/www.facebook.com\/JavierChento","article_published_time":"2015-04-24T00:34:27+00:00","author":"Francisco Javier Fern\u00e1ndez Chento","twitter_card":"summary_large_image","twitter_creator":"@https:\/\/twitter.com\/javierchento","twitter_site":"@WeVincentians","twitter_misc":{"Escrito por":"Francisco Javier Fern\u00e1ndez Chento","Tiempo de lectura":"8 minutos"},"schema":{"@context":"https:\/\/schema.org","@graph":[{"@type":"Article","@id":"http:\/\/vincentians.com\/es\/santa-gianna-beretta-molla-ejemplo-de-la-lucha-contra-el-aborto\/#article","isPartOf":{"@id":"http:\/\/vincentians.com\/es\/santa-gianna-beretta-molla-ejemplo-de-la-lucha-contra-el-aborto\/"},"author":{"name":"Francisco Javier Fern\u00e1ndez Chento","@id":"http:\/\/vincentians.com\/es\/#\/schema\/person\/9623ef4d9aa3b2dfb8c061f1499288f2"},"headline":"Santa Gianna Beretta Molla, ejemplo de la lucha contra el aborto","datePublished":"2015-04-24T00:34:27+00:00","mainEntityOfPage":{"@id":"http:\/\/vincentians.com\/es\/santa-gianna-beretta-molla-ejemplo-de-la-lucha-contra-el-aborto\/"},"wordCount":1566,"commentCount":0,"publisher":{"@id":"http:\/\/vincentians.com\/es\/#organization"},"image":{"@id":"http:\/\/vincentians.com\/es\/santa-gianna-beretta-molla-ejemplo-de-la-lucha-contra-el-aborto\/#primaryimage"},"thumbnailUrl":"","articleSection":["Gianna Beretta Molla"],"inLanguage":"es","potentialAction":[{"@type":"CommentAction","name":"Comment","target":["http:\/\/vincentians.com\/es\/santa-gianna-beretta-molla-ejemplo-de-la-lucha-contra-el-aborto\/#respond"]}]},{"@type":"WebPage","@id":"http:\/\/vincentians.com\/es\/santa-gianna-beretta-molla-ejemplo-de-la-lucha-contra-el-aborto\/","url":"http:\/\/vincentians.com\/es\/santa-gianna-beretta-molla-ejemplo-de-la-lucha-contra-el-aborto\/","name":"Santa Gianna Beretta Molla, ejemplo de la lucha contra el aborto - Somos Vicencianos","isPartOf":{"@id":"http:\/\/vincentians.com\/es\/#website"},"primaryImageOfPage":{"@id":"http:\/\/vincentians.com\/es\/santa-gianna-beretta-molla-ejemplo-de-la-lucha-contra-el-aborto\/#primaryimage"},"image":{"@id":"http:\/\/vincentians.com\/es\/santa-gianna-beretta-molla-ejemplo-de-la-lucha-contra-el-aborto\/#primaryimage"},"thumbnailUrl":"","datePublished":"2015-04-24T00:34:27+00:00","breadcrumb":{"@id":"http:\/\/vincentians.com\/es\/santa-gianna-beretta-molla-ejemplo-de-la-lucha-contra-el-aborto\/#breadcrumb"},"inLanguage":"es","potentialAction":[{"@type":"ReadAction","target":["http:\/\/vincentians.com\/es\/santa-gianna-beretta-molla-ejemplo-de-la-lucha-contra-el-aborto\/"]}]},{"@type":"ImageObject","inLanguage":"es","@id":"http:\/\/vincentians.com\/es\/santa-gianna-beretta-molla-ejemplo-de-la-lucha-contra-el-aborto\/#primaryimage","url":"","contentUrl":""},{"@type":"BreadcrumbList","@id":"http:\/\/vincentians.com\/es\/santa-gianna-beretta-molla-ejemplo-de-la-lucha-contra-el-aborto\/#breadcrumb","itemListElement":[{"@type":"ListItem","position":1,"name":"Portada","item":"http:\/\/vincentians.com\/es\/"},{"@type":"ListItem","position":2,"name":"Santa Gianna Beretta Molla, ejemplo de la lucha contra el aborto"}]},{"@type":"WebSite","@id":"http:\/\/vincentians.com\/es\/#website","url":"http:\/\/vincentians.com\/es\/","name":"Somos Vicencianos","description":"Know more to serve more","publisher":{"@id":"http:\/\/vincentians.com\/es\/#organization"},"potentialAction":[{"@type":"SearchAction","target":{"@type":"EntryPoint","urlTemplate":"http:\/\/vincentians.com\/es\/?s={search_term_string}"},"query-input":{"@type":"PropertyValueSpecification","valueRequired":true,"valueName":"search_term_string"}}],"inLanguage":"es"},{"@type":"Organization","@id":"http:\/\/vincentians.com\/es\/#organization","name":"The Vincentian Network","url":"http:\/\/vincentians.com\/es\/","logo":{"@type":"ImageObject","inLanguage":"es","@id":"http:\/\/vincentians.com\/es\/#\/schema\/logo\/image\/","url":"https:\/\/i1.wp.com\/vincentians.com\/es\/wp-content\/uploads\/sites\/11\/2016\/06\/Vincentian-Network-logo-big.png?fit=778%2C778","contentUrl":"https:\/\/i1.wp.com\/vincentians.com\/es\/wp-content\/uploads\/sites\/11\/2016\/06\/Vincentian-Network-logo-big.png?fit=778%2C778","width":778,"height":778,"caption":"The Vincentian Network"},"image":{"@id":"http:\/\/vincentians.com\/es\/#\/schema\/logo\/image\/"},"sameAs":["https:\/\/www.facebook.com\/WeAreVincentians\/","https:\/\/x.com\/WeVincentians"]},{"@type":"Person","@id":"http:\/\/vincentians.com\/es\/#\/schema\/person\/9623ef4d9aa3b2dfb8c061f1499288f2","name":"Francisco Javier Fern\u00e1ndez Chento","image":{"@type":"ImageObject","inLanguage":"es","@id":"http:\/\/vincentians.com\/es\/#\/schema\/person\/image\/","url":"https:\/\/secure.gravatar.com\/avatar\/497d5cde87b4c3d097d0315953521681ba2cd523ee66e5077c3711f7021e65de?s=96&d=mm&r=g","contentUrl":"https:\/\/secure.gravatar.com\/avatar\/497d5cde87b4c3d097d0315953521681ba2cd523ee66e5077c3711f7021e65de?s=96&d=mm&r=g","caption":"Francisco Javier Fern\u00e1ndez Chento"},"description":"Director General y cofundador de La Red de Formaci\u00f3n Vicenciana. Javier es laico vicenciano, afiliado a la Congregaci\u00f3n de la Misi\u00f3n y miembro del Equipo de Misiones Populares de la provincia can\u00f3nica de Zaragoza (Espa\u00f1a) de la Congregaci\u00f3n de la Misi\u00f3n. Graduado en la Universidad Oberta de Catalunya con cuatro grados (Asistente de direcci\u00f3n, Gesti\u00f3n Administrativa, Recursos Humanos y Contabilidad Avanzada). Bil\u00edng\u00fce Espa\u00f1ol\/Ingl\u00e9s. gestiona y mantiene varias p\u00e1ginas web cristianas y vicencianas, incluida including La Red de Formaci\u00f3n Vicenciana, de la que es cofundador. Actualmente es responsable del \u00e1rea de Espa\u00f1ol de .famvin, la Red de Noticias de la Familia Vicenciana. Tambi\u00e9n es m\u00fasico cat\u00f3lico y ha editado varios discos. Es Director General y cofundador de Trovador, una reconocida compa\u00f1\u00eda discogr\u00e1fica critiana de Espa\u00f1a. Trabaja en las Tecnolog\u00edas de la Informaci\u00f3n, ofreciendo servicios de alojamiento, dise\u00f1o y mantenimiento Web, as\u00ed como asesoramiento, formaci\u00f3n y soluciones inform\u00e1ticas, gesti\u00f3n documental y digitalizaci\u00f3n de textos, edici\u00f3n y maquetaci\u00f3n de libros, revistas, flyers, etc.","sameAs":["http:\/\/chento.org","https:\/\/www.facebook.com\/JavierChento","https:\/\/x.com\/https:\/\/twitter.com\/javierchento"],"url":"http:\/\/vincentians.com\/es\/author\/chento\/"}]}},"jetpack_publicize_connections":[],"jetpack_featured_media_url":"","jetpack_sharing_enabled":true,"jetpack_shortlink":"https:\/\/wp.me\/p7ETMF-4mu","jetpack-related-posts":[{"id":16765,"url":"http:\/\/vincentians.com\/es\/oracion-a-santa-gianna-beretta-molla\/","url_meta":{"origin":16770,"position":0},"title":"Oraci\u00f3n a santa Gianna Beretta Molla","author":"Francisco Javier Fern\u00e1ndez Chento","date":"28\/04\/2015","format":false,"excerpt":"Dios, Padre nuestro, te alabamos y te bendecimos porque en Santa Gianna Beretta Molla nos has concedido y dado a conocer a una mujer, testigo del Evangelio, como joven, esposa, madre y m\u00e9dico. Te damos gracias tambi\u00e9n porque por medio de la entrega de su vida nos ense\u00f1as a acoger\u2026","rel":"","context":"En \u00abGianna Beretta Molla\u00bb","block_context":{"text":"Gianna Beretta Molla","link":"http:\/\/vincentians.com\/es\/category\/la-familia-vicenciana\/la-familia-vicenciana-en-los-altares\/santos\/gianna-beretta-molla\/"},"img":{"alt_text":"","src":"https:\/\/i0.wp.com\/vicencianos.org\/vicencianos\/files\/2010\/04\/Gianna-Beretta-Molla.jpg?resize=350%2C200","width":350,"height":200},"classes":[]},{"id":16767,"url":"http:\/\/vincentians.com\/es\/santa-gianna-beretta-molla\/","url_meta":{"origin":16770,"position":1},"title":"Santa Gianna Beretta Molla","author":"Francisco Javier Fern\u00e1ndez Chento","date":"08\/11\/2013","format":false,"excerpt":"\u00bfQui\u00e9n fue? Gianna fue la d\u00e9cima de trece hijos, de una familia de clase media de Lombard\u00eda (al norte de Italia), estudi\u00f3 medicina y se especializ\u00f3 en pediatr\u00eda, profesi\u00f3n que compagin\u00f3 con su tarea de madre de familia. Quienes la conoc\u00edan dicen que fue una mujer activa y llena de\u2026","rel":"","context":"En \u00abGianna Beretta Molla\u00bb","block_context":{"text":"Gianna Beretta Molla","link":"http:\/\/vincentians.com\/es\/category\/la-familia-vicenciana\/la-familia-vicenciana-en-los-altares\/santos\/gianna-beretta-molla\/"},"img":{"alt_text":"","src":"https:\/\/i0.wp.com\/vicencianos.org\/vicencianos\/files\/2010\/04\/santa-gianna-beretta-molla-2-218x300.jpg?resize=350%2C200","width":350,"height":200},"classes":[]},{"id":16872,"url":"http:\/\/vincentians.com\/es\/gianna-beretta-molla-09-a-sus-hijos-desde-el-hospital-en-monza\/","url_meta":{"origin":16770,"position":2},"title":"Gianna Beretta Molla: 09 A sus hijos, desde el hospital en Monza","author":"Francisco Javier Fern\u00e1ndez Chento","date":"13\/04\/2010","format":false,"excerpt":"20 de Mayo 1959 Mis querid\u00edsimos tesoros: Papa les traer\u00e1 muchos grandes besos; deseo tanto poder ir a ustedes, pero debo permanecer en cama porque tengo un peque\u00f1o dolor de est\u00f3mago. Sean ni\u00f1os buenos y hagan lo que Mariuccia y Savina les digan\u2026Los abrazo a todos aqu\u00ed en mi coraz\u00f3n\u2026","rel":"","context":"En \u00abEscritos de Gianna Beretta Molla\u00bb","block_context":{"text":"Escritos de Gianna Beretta Molla","link":"http:\/\/vincentians.com\/es\/category\/escritos\/escritos-de-gianna-beretta-molla\/"},"img":{"alt_text":"","src":"https:\/\/i0.wp.com\/vincentians.com\/es\/wp-content\/uploads\/sites\/11\/2016\/07\/escritos-Gianna-Beretta-Molla.jpg?fit=1200%2C630&resize=350%2C200","width":350,"height":200,"srcset":"https:\/\/i0.wp.com\/vincentians.com\/es\/wp-content\/uploads\/sites\/11\/2016\/07\/escritos-Gianna-Beretta-Molla.jpg?fit=1200%2C630&resize=350%2C200 1x, https:\/\/i0.wp.com\/vincentians.com\/es\/wp-content\/uploads\/sites\/11\/2016\/07\/escritos-Gianna-Beretta-Molla.jpg?fit=1200%2C630&resize=525%2C300 1.5x, https:\/\/i0.wp.com\/vincentians.com\/es\/wp-content\/uploads\/sites\/11\/2016\/07\/escritos-Gianna-Beretta-Molla.jpg?fit=1200%2C630&resize=700%2C400 2x, https:\/\/i0.wp.com\/vincentians.com\/es\/wp-content\/uploads\/sites\/11\/2016\/07\/escritos-Gianna-Beretta-Molla.jpg?fit=1200%2C630&resize=1050%2C600 3x"},"classes":[]},{"id":16771,"url":"http:\/\/vincentians.com\/es\/gianna-beretta-molla-y-jose-moscati-dos-medicos-dos-santos\/","url_meta":{"origin":16770,"position":3},"title":"Gianna Beretta Molla y Jos\u00e9 Moscati: dos m\u00e9dicos, dos santos","author":"Francisco Javier Fern\u00e1ndez Chento","date":"24\/04\/2015","format":false,"excerpt":"\"Coronando una existencia ejemplar de estudiante, de mujer enpe\u00f1ada en la comunidad eclesial y de esposa y madre feliz, supo ofrecer en sacrificio su vida para que pudiese vivir la criatura que llevaba en su seno, y que hoy est\u00e1 aqu\u00ed con nosotros. Ella como m\u00e9dico era consciente de lo\u2026","rel":"","context":"En \u00abGianna Beretta Molla\u00bb","block_context":{"text":"Gianna Beretta Molla","link":"http:\/\/vincentians.com\/es\/category\/la-familia-vicenciana\/la-familia-vicenciana-en-los-altares\/santos\/gianna-beretta-molla\/"},"img":{"alt_text":"","src":"https:\/\/i0.wp.com\/vicencianos.org\/vicencianos\/files\/2010\/04\/Gianna-Beretta-Molla.jpg?resize=350%2C200","width":350,"height":200},"classes":[]},{"id":16874,"url":"http:\/\/vincentians.com\/es\/gianna-beretta-molla-11-dialogo-con-pietro-dias-despues-de-dar-a-luz-a-su-hija-giovanna-emanuela\/","url_meta":{"origin":16770,"position":4},"title":"Gianna Beretta Molla: 11 Di\u00e1logo con Pietro d\u00edas despu\u00e9s de dar a luz a su hija Giovanna Emanuela","author":"Francisco Javier Fern\u00e1ndez Chento","date":"15\/04\/2010","format":false,"excerpt":"Recuerdo cuando me dijiste, el mi\u00e9rcoles por la ma\u00f1ana, con gran solemnidad, que casi parec\u00eda algo fuera de este mundo: \"Pietro, ya estoy curada. Pietro, ya estaba del otro lado, y si t\u00fa supieras lo que yo vi. Alg\u00fan d\u00eda te dir\u00e9. Pero como est\u00e1bamos tan felices, tan c\u00f3modos con\u2026","rel":"","context":"En \u00abEscritos de Gianna Beretta Molla\u00bb","block_context":{"text":"Escritos de Gianna Beretta Molla","link":"http:\/\/vincentians.com\/es\/category\/escritos\/escritos-de-gianna-beretta-molla\/"},"img":{"alt_text":"","src":"https:\/\/i0.wp.com\/vincentians.com\/es\/wp-content\/uploads\/sites\/11\/2016\/07\/escritos-Gianna-Beretta-Molla.jpg?fit=1200%2C630&resize=350%2C200","width":350,"height":200,"srcset":"https:\/\/i0.wp.com\/vincentians.com\/es\/wp-content\/uploads\/sites\/11\/2016\/07\/escritos-Gianna-Beretta-Molla.jpg?fit=1200%2C630&resize=350%2C200 1x, https:\/\/i0.wp.com\/vincentians.com\/es\/wp-content\/uploads\/sites\/11\/2016\/07\/escritos-Gianna-Beretta-Molla.jpg?fit=1200%2C630&resize=525%2C300 1.5x, https:\/\/i0.wp.com\/vincentians.com\/es\/wp-content\/uploads\/sites\/11\/2016\/07\/escritos-Gianna-Beretta-Molla.jpg?fit=1200%2C630&resize=700%2C400 2x, https:\/\/i0.wp.com\/vincentians.com\/es\/wp-content\/uploads\/sites\/11\/2016\/07\/escritos-Gianna-Beretta-Molla.jpg?fit=1200%2C630&resize=1050%2C600 3x"},"classes":[]},{"id":16787,"url":"http:\/\/vincentians.com\/es\/gianna-beretta-molla-02-carta-de-pietro-molla-desde-stockhard\/","url_meta":{"origin":16770,"position":5},"title":"Gianna Beretta Molla: 02 Carta de Pietro Molla, desde Stockhard","author":"Francisco Javier Fern\u00e1ndez Chento","date":"06\/04\/2010","format":false,"excerpt":"Alemania, Febrero 19, 1959 \u2026\"Siempre me he alegrado de encontrar en ti a la esposa ideal que hab\u00eda so\u00f1ado, y una madre incomparable para nuestros hijos; y con todo, siempre descubro en ti nuevas virtudes de sacrificio, paciencia, comprensi\u00f3n, bondad, y tanto afecto de amor. Y aqu\u00ed, lejos de ti,\u2026","rel":"","context":"En \u00abEscritos de Gianna Beretta Molla\u00bb","block_context":{"text":"Escritos de Gianna Beretta Molla","link":"http:\/\/vincentians.com\/es\/category\/escritos\/escritos-de-gianna-beretta-molla\/"},"img":{"alt_text":"","src":"https:\/\/i0.wp.com\/vincentians.com\/es\/wp-content\/uploads\/sites\/11\/2016\/07\/escritos-Gianna-Beretta-Molla.jpg?fit=1200%2C630&resize=350%2C200","width":350,"height":200,"srcset":"https:\/\/i0.wp.com\/vincentians.com\/es\/wp-content\/uploads\/sites\/11\/2016\/07\/escritos-Gianna-Beretta-Molla.jpg?fit=1200%2C630&resize=350%2C200 1x, https:\/\/i0.wp.com\/vincentians.com\/es\/wp-content\/uploads\/sites\/11\/2016\/07\/escritos-Gianna-Beretta-Molla.jpg?fit=1200%2C630&resize=525%2C300 1.5x, https:\/\/i0.wp.com\/vincentians.com\/es\/wp-content\/uploads\/sites\/11\/2016\/07\/escritos-Gianna-Beretta-Molla.jpg?fit=1200%2C630&resize=700%2C400 2x, https:\/\/i0.wp.com\/vincentians.com\/es\/wp-content\/uploads\/sites\/11\/2016\/07\/escritos-Gianna-Beretta-Molla.jpg?fit=1200%2C630&resize=1050%2C600 3x"},"classes":[]}],"_links":{"self":[{"href":"http:\/\/vincentians.com\/es\/wp-json\/wp\/v2\/posts\/16770","targetHints":{"allow":["GET"]}}],"collection":[{"href":"http:\/\/vincentians.com\/es\/wp-json\/wp\/v2\/posts"}],"about":[{"href":"http:\/\/vincentians.com\/es\/wp-json\/wp\/v2\/types\/post"}],"author":[{"embeddable":true,"href":"http:\/\/vincentians.com\/es\/wp-json\/wp\/v2\/users\/4"}],"replies":[{"embeddable":true,"href":"http:\/\/vincentians.com\/es\/wp-json\/wp\/v2\/comments?post=16770"}],"version-history":[{"count":0,"href":"http:\/\/vincentians.com\/es\/wp-json\/wp\/v2\/posts\/16770\/revisions"}],"wp:featuredmedia":[{"embeddable":true,"href":"http:\/\/vincentians.com\/es\/wp-json\/"}],"wp:attachment":[{"href":"http:\/\/vincentians.com\/es\/wp-json\/wp\/v2\/media?parent=16770"}],"wp:term":[{"taxonomy":"category","embeddable":true,"href":"http:\/\/vincentians.com\/es\/wp-json\/wp\/v2\/categories?post=16770"},{"taxonomy":"post_tag","embeddable":true,"href":"http:\/\/vincentians.com\/es\/wp-json\/wp\/v2\/tags?post=16770"}],"curies":[{"name":"wp","href":"https:\/\/api.w.org\/{rel}","templated":true}]}}