{"id":16767,"date":"2013-11-08T08:24:00","date_gmt":"2013-11-08T07:24:00","guid":{"rendered":"http:\/\/somos.vicencianos.org\/blog\/?p=16767"},"modified":"2013-11-08T08:24:00","modified_gmt":"2013-11-08T07:24:00","slug":"santa-gianna-beretta-molla","status":"publish","type":"post","link":"http:\/\/vincentians.com\/es\/santa-gianna-beretta-molla\/","title":{"rendered":"Santa Gianna Beretta Molla"},"content":{"rendered":"<p><strong><a href=\"https:\/\/i0.wp.com\/vicencianos.org\/vicencianos\/files\/2010\/04\/santa-gianna-beretta-molla-2.jpg\"><img data-recalc-dims=\"1\" loading=\"lazy\" decoding=\"async\" class=\"alignright size-medium wp-image-16756\" alt=\"\" src=\"https:\/\/i0.wp.com\/vicencianos.org\/vicencianos\/files\/2010\/04\/santa-gianna-beretta-molla-2-218x300.jpg?resize=218%2C300\" width=\"218\" height=\"300\" \/><\/a>\u00bfQui\u00e9n fue?<\/strong><\/p>\n<p>Gianna fue la d\u00e9cima de trece hijos, de una familia de clase media de Lombard\u00eda (al norte de Italia), estudi\u00f3 medicina y se especializ\u00f3 en pediatr\u00eda, profesi\u00f3n que compagin\u00f3 con su tarea de madre de familia. Quienes la conoc\u00edan dicen que fue una mujer activa y llena de energ\u00eda, que conduc\u00eda su propio veh\u00edculo algo poco com\u00fan en esos d\u00edas, esquiaba, tocaba el piano y disfrutaba yendo con sus esposo a los conciertos en el conservatorio de Mil\u00e1n.<\/p>\n<div>\n<p>El marido de Gianna, el ingeniero Pietro Molla, record\u00f3 hace algunos a\u00f1os a su esposa como una persona completamente normal, pero con una indiscutible confianza en la Providencia.<\/p>\n<\/div>\n<p>Seg\u00fan el ingeniero Molla, el \u00faltimo gesto heroico de Gianna fue una consecuencia coherente de una vida gastada d\u00eda a d\u00eda en la b\u00fasqueda del cumplimiento del Plan de Dios. \u00ab<em>Cuando se dio cuenta de la terrible consecuencia de su gestaci\u00f3n y el crecimiento de un gran fibroma recuerda el esposo de Gianna su primera reacci\u00f3n, razonada, fue pedir que se salvara el ni\u00f1o que ten\u00eda en su seno<\/em>\u00ab.<\/p>\n<p><strong>Su oblaci\u00f3n<\/strong><\/p>\n<p>El ingeniero Molla manifest\u00f3 que \u00ab<em>le hab\u00edan aconsejado una intervenci\u00f3n quir\u00fargica. Esto le habr\u00eda salvado la vida con toda seguridad. El aborto terap\u00e9utico y la extirpaci\u00f3n del fibroma, le habr\u00edan permitido m\u00e1s adelante tener otros ni\u00f1os<\/em>\u00ab. \u00ab<em>Gianna eligi\u00f3 la soluci\u00f3n que era m\u00e1s arriesgada para ella<\/em>\u00ab.<\/p>\n<p>El anciano viudo de la beata se\u00f1al\u00f3 que en aquella \u00e9poca era previsible un parto despu\u00e9s de una operaci\u00f3n que extirpara solo el fibroma, pero ello ser\u00eda muy peligroso para la madre, \u00ab<em>y esto mi esposa como m\u00e9dico lo sab\u00eda muy bien<\/em>\u00ab.<\/p>\n<div>\n<p>Gianna falleci\u00f3 el 28 de abril de 1962, con 39 a\u00f1os de edad, una semana despu\u00e9s de haber dado a luz. El \u00faltimo requisito se cumpli\u00f3 el 21 de diciembre, cuando el Papa aprob\u00f3 un milagro atribuido a la intercesi\u00f3n de Gianna.<\/p>\n<p><strong>El milagro<\/strong><\/p>\n<\/div>\n<p>La protagonista del milagro, ocurrido el 9 de noviembre de 1977 en un hospital brasile\u00f1o, fue una joven parturienta quien se cur\u00f3 de septicemia infecci\u00f3n generalizada del organismo. Las religiosas del hospital hab\u00edan pasado la noche encomendando su curaci\u00f3n a la intercesi\u00f3n de Gianna, cuya figura les era conocida porque el promotor del hospital era un hermano de la beata, m\u00e9dico y misionero capuchino en ese pa\u00eds. El Papa aprob\u00f3 el decreto que reconoc\u00eda sus virtudes heroicas y la beatific\u00f3.<\/p>\n<p>El esposo de Gianna Beretta narra sus experiencias:<\/p>\n<div>\n<p>\u00ab<em>Al buscar entre los recuerdos de Gianna algo para ofrecerle a la priora de las Carmelitas descalzas de Mil\u00e1n<\/em>, recuerda el esposo de la beata Gianna Beretta, <em>encontr\u00e9 en un libro de oraciones una peque\u00f1a imagen en la que, al dorso, Gianna hab\u00eda escrito de su pu\u00f1o y letra estas pocas palabras: &#8216;Se\u00f1or, haz que la luz que se ha encendido en mi alma no se apague jam\u00e1s<\/em>&#8216;\u00bb.<\/p>\n<\/div>\n<p>Con \u00e9sta y otra an\u00e9cdotas, combinadas con emotivas reflexiones, Pietro Molla revel\u00f3 los perfiles desconocidos de su esposa Gianna Beretta, fallecida en 1962 y beatificada el 24 de abril de 1994 por el Papa Juan Pablo II. En una emotiva entrevista concedida a la periodista Giuliana Peluchi, Pietro dibuj\u00f3 un perfil de Gianna que defini\u00f3 con una sola frase: \u00ab<em>Mi esposa era una santa normal<\/em>\u00ab.<\/p>\n<p>Peluchi, autora de un libro sobre la vida de Gianna, recibi\u00f3 una repentina llamada de Pietro Molla, con quien se hab\u00eda reunido en numerosas ocasiones para elaborar la biograf\u00eda de la \u00abmadre coraje\u00bb que prefiri\u00f3 ofrecer su vida antes de aceptar la operaci\u00f3n que le costar\u00eda la vida a la ni\u00f1a que llevaba en su vientre.<\/p>\n<p>\u00ab<em>Van a beatificar a Gianna<\/em>\u00ab, le dijo Pietro, emocionado, por tel\u00e9fono. La periodista, at\u00f3nita, solo atin\u00f3 a pedirle una \u00faltima entrevista, ya no en busca de datos biogr\u00e1ficos, sino para escuchar un testimonio de Pietro sobre la vida de su esposa.<\/p>\n<p><strong>El testimonio<\/strong><\/p>\n<div>\n<p>\u00ab<em>Jam\u00e1s cre\u00ed estar viviendo con una santa. Mi esposa ten\u00eda infinita confianza en la Providencia y era una mujer llena de alegr\u00eda de vivir. Era feliz, amaba a su familia, amaba su profesi\u00f3n de m\u00e9dico, tambi\u00e9n amaba su casa, la m\u00fasica, las monta\u00f1as, las flores y todas las cosas bellas que Dios nos ha donado<\/em>\u00ab, confes\u00f3 a la entrevistadora Pietro Molla, mientras sus ojos brillaban de intensa emoci\u00f3n. \u00ab<em>Siempre me pareci\u00f3 una mujer completamente normal pero, como me dijo Monse\u00f1or Carlo Colombo, la santidad no est\u00e1 solo hecha de signos extraordinarios. Est\u00e1 hecha, sobre todo, de la adhesi\u00f3n cotidiana a los designio inescrutables de Dios<\/em>\u00ab, agreg\u00f3.<\/p>\n<p>Pietro Molla todav\u00eda recuerda cuando Monse\u00f1or Colombo lo llam\u00f3 para pedirle introducir la causa de beatificaci\u00f3n de Gianna. \u00ab<em>Mi respuesta positiva fue muy sufrida. Sentimos que ten\u00edamos que exponer algo muy nuestro. La historia de mi esposa y su figura de mujer fueron cada vez m\u00e1s conocidas\u2026 A nosotros y a la familia de mi esposa nos segu\u00edan llegando numerosas cartas de todas partes del mundo. Nos escrib\u00edan mujeres alemanas y estadounidenses que llamaban a Gianna \u00abmam\u00e1\u00bb; que declaraban que en ella encontraban a una amiga y que afirmaban que se dirig\u00edan a ella cuando ten\u00edan necesidad de ayuda y que la sent\u00edan muy cercana\u2026<\/em>\u00bb<\/p>\n<p>La oraci\u00f3n que Gianna Beretta escribiera en el reverso de aquella imagen pidiendo que la luz de la gracia no se apagase en ella jam\u00e1s, se hizo, seg\u00fan su esposo, realidad: \u00ab<em>ahora veo que esta luz, que ha alegrado durante un tiempo lamentablemente brev\u00edsimo mi vida y la de mis hijos, se difunde como una bendici\u00f3n sobre quien la conoci\u00f3 y la am\u00f3. Sobre quienes le rezan y se encomiendan a su intercesi\u00f3n ante Dios. Y esto me hace revivir, de manera acongojada, el privilegio que el Se\u00f1or me concedi\u00f3 de compartir con Gianna una parte de mi vida<\/em>\u00ab.<\/p>\n<p><strong>Todas las madres<\/strong><\/p>\n<p>La peque\u00f1a Gianna Emanuella, la beb\u00e9 por la que Gianna Beretta dio la vida La Peluchi no puede evitar preguntar a Pietro Molla sobre sus sentimientos respecto de la beatificaci\u00f3n de su difunta esposa.<\/p>\n<p>\u00ab<em>Mis sentimientos<\/em>, responde emocionado, <em>tienen m\u00faltiples matices, de sorpresa, casi de maravilla, de agradecimiento a Dios y de aceptaci\u00f3n jubilosa, ciertamente feliz y singular, de este don de la Divina Providencia, que tambi\u00e9n considero un reconocimiento a todas las innumerables madres desconocidas, heroicas como Gianna, en su amor materno y en su vida<\/em>\u00ab.<\/p>\n<p>Los Molla-Beretta sin embargo, esperan que la beatificaci\u00f3n, que ha convertido a Gianna en un estandarte vivo de la santidad en la vida familiar moderna y de la defensa de la vida del no nacido, no cambie su vida cristiana cotidiana.<\/p>\n<\/div>\n<p>\u00ab<em>Espero, <\/em>dice Pietro, <em>que Gianna pueda descansar en el cementerio de su localidad natal junto a su hija Mariolina y junto a las dem\u00e1s mam\u00e1s que la llamaban con ternura \u00abnuestra doctora\u00bb, Junto a las muchas mujeres que Gianna cur\u00f3 y a las cuales dio, con amor, su tiempo y profesionalidad<\/em>\u00ab.<\/p>\n<p>Los Molla-Beretta seguir\u00e1n viviendo el ejemplo de santidad sencilla en la vida cotidiana que les dej\u00f3 Gianna. \u00ab<em>Para m\u00ed y para mis hijos, Gianna seguir\u00e1 siendo algo muy \u00edntimo. Una espl\u00e9ndida esposa, una tiern\u00edsima madre. Si alguien tiene que hablar, que hable la Iglesia\u2026<\/em>\u00ab.<\/p>\n<p style=\"text-align: right\"><em>Tomado de AciPrensa<\/em><\/p>\n","protected":false},"excerpt":{"rendered":"<p>\u00bfQui\u00e9n fue? Gianna fue la d\u00e9cima de trece hijos, de una familia de clase media de Lombard\u00eda (al norte de Italia), estudi\u00f3 medicina y se especializ\u00f3 en pediatr\u00eda, profesi\u00f3n que compagin\u00f3 con su tarea de &#8230; <a href=\"http:\/\/vincentians.com\/es\/santa-gianna-beretta-molla\/\" class=\"more-link\">Read More<\/a><\/p>\n","protected":false},"author":4,"featured_media":16756,"comment_status":"open","ping_status":"open","sticky":false,"template":"","format":"standard","meta":{"jetpack_post_was_ever_published":false,"_jetpack_newsletter_access":"","_jetpack_dont_email_post_to_subs":false,"_jetpack_newsletter_tier_id":0,"_jetpack_memberships_contains_paywalled_content":false,"_jetpack_memberships_contains_paid_content":false,"footnotes":"","jetpack_publicize_message":"","jetpack_publicize_feature_enabled":true,"jetpack_social_post_already_shared":true,"jetpack_social_options":{"image_generator_settings":{"template":"highway","default_image_id":0,"font":"","enabled":false},"version":2}},"categories":[344],"tags":[],"class_list":["post-16767","post","type-post","status-publish","format-standard","has-post-thumbnail","hentry","category-gianna-beretta-molla"],"yoast_head":"<!-- This site is optimized with the Yoast SEO plugin v26.3 - https:\/\/yoast.com\/wordpress\/plugins\/seo\/ -->\n<title>Santa Gianna Beretta Molla - Somos Vicencianos<\/title>\n<meta name=\"robots\" content=\"index, follow, max-snippet:-1, max-image-preview:large, max-video-preview:-1\" \/>\n<link rel=\"canonical\" href=\"http:\/\/vincentians.com\/es\/santa-gianna-beretta-molla\/\" \/>\n<meta property=\"og:locale\" content=\"es_ES\" \/>\n<meta property=\"og:type\" content=\"article\" \/>\n<meta property=\"og:title\" content=\"Santa Gianna Beretta Molla - Somos Vicencianos\" \/>\n<meta property=\"og:description\" content=\"\u00bfQui\u00e9n fue? Gianna fue la d\u00e9cima de trece hijos, de una familia de clase media de Lombard\u00eda (al norte de Italia), estudi\u00f3 medicina y se especializ\u00f3 en pediatr\u00eda, profesi\u00f3n que compagin\u00f3 con su tarea de ... Read More\" \/>\n<meta property=\"og:url\" content=\"http:\/\/vincentians.com\/es\/santa-gianna-beretta-molla\/\" \/>\n<meta property=\"og:site_name\" content=\"Somos Vicencianos\" \/>\n<meta property=\"article:publisher\" content=\"https:\/\/www.facebook.com\/WeAreVincentians\/\" \/>\n<meta property=\"article:author\" content=\"https:\/\/www.facebook.com\/JavierChento\" \/>\n<meta property=\"article:published_time\" content=\"2013-11-08T07:24:00+00:00\" \/>\n<meta name=\"author\" content=\"Francisco Javier Fern\u00e1ndez Chento\" \/>\n<meta name=\"twitter:card\" content=\"summary_large_image\" \/>\n<meta name=\"twitter:creator\" content=\"@https:\/\/twitter.com\/javierchento\" \/>\n<meta name=\"twitter:site\" content=\"@WeVincentians\" \/>\n<meta name=\"twitter:label1\" content=\"Escrito por\" \/>\n\t<meta name=\"twitter:data1\" content=\"Francisco Javier Fern\u00e1ndez Chento\" \/>\n\t<meta name=\"twitter:label2\" content=\"Tiempo de lectura\" \/>\n\t<meta name=\"twitter:data2\" content=\"6 minutos\" \/>\n<script type=\"application\/ld+json\" class=\"yoast-schema-graph\">{\"@context\":\"https:\/\/schema.org\",\"@graph\":[{\"@type\":\"Article\",\"@id\":\"http:\/\/vincentians.com\/es\/santa-gianna-beretta-molla\/#article\",\"isPartOf\":{\"@id\":\"http:\/\/vincentians.com\/es\/santa-gianna-beretta-molla\/\"},\"author\":{\"name\":\"Francisco Javier Fern\u00e1ndez Chento\",\"@id\":\"http:\/\/vincentians.com\/es\/#\/schema\/person\/9623ef4d9aa3b2dfb8c061f1499288f2\"},\"headline\":\"Santa Gianna Beretta Molla\",\"datePublished\":\"2013-11-08T07:24:00+00:00\",\"mainEntityOfPage\":{\"@id\":\"http:\/\/vincentians.com\/es\/santa-gianna-beretta-molla\/\"},\"wordCount\":1269,\"commentCount\":0,\"publisher\":{\"@id\":\"http:\/\/vincentians.com\/es\/#organization\"},\"image\":{\"@id\":\"http:\/\/vincentians.com\/es\/santa-gianna-beretta-molla\/#primaryimage\"},\"thumbnailUrl\":\"\",\"articleSection\":[\"Gianna Beretta Molla\"],\"inLanguage\":\"es\",\"potentialAction\":[{\"@type\":\"CommentAction\",\"name\":\"Comment\",\"target\":[\"http:\/\/vincentians.com\/es\/santa-gianna-beretta-molla\/#respond\"]}]},{\"@type\":\"WebPage\",\"@id\":\"http:\/\/vincentians.com\/es\/santa-gianna-beretta-molla\/\",\"url\":\"http:\/\/vincentians.com\/es\/santa-gianna-beretta-molla\/\",\"name\":\"Santa Gianna Beretta Molla - Somos Vicencianos\",\"isPartOf\":{\"@id\":\"http:\/\/vincentians.com\/es\/#website\"},\"primaryImageOfPage\":{\"@id\":\"http:\/\/vincentians.com\/es\/santa-gianna-beretta-molla\/#primaryimage\"},\"image\":{\"@id\":\"http:\/\/vincentians.com\/es\/santa-gianna-beretta-molla\/#primaryimage\"},\"thumbnailUrl\":\"\",\"datePublished\":\"2013-11-08T07:24:00+00:00\",\"breadcrumb\":{\"@id\":\"http:\/\/vincentians.com\/es\/santa-gianna-beretta-molla\/#breadcrumb\"},\"inLanguage\":\"es\",\"potentialAction\":[{\"@type\":\"ReadAction\",\"target\":[\"http:\/\/vincentians.com\/es\/santa-gianna-beretta-molla\/\"]}]},{\"@type\":\"ImageObject\",\"inLanguage\":\"es\",\"@id\":\"http:\/\/vincentians.com\/es\/santa-gianna-beretta-molla\/#primaryimage\",\"url\":\"\",\"contentUrl\":\"\"},{\"@type\":\"BreadcrumbList\",\"@id\":\"http:\/\/vincentians.com\/es\/santa-gianna-beretta-molla\/#breadcrumb\",\"itemListElement\":[{\"@type\":\"ListItem\",\"position\":1,\"name\":\"Portada\",\"item\":\"http:\/\/vincentians.com\/es\/\"},{\"@type\":\"ListItem\",\"position\":2,\"name\":\"Santa Gianna Beretta Molla\"}]},{\"@type\":\"WebSite\",\"@id\":\"http:\/\/vincentians.com\/es\/#website\",\"url\":\"http:\/\/vincentians.com\/es\/\",\"name\":\"Somos Vicencianos\",\"description\":\"Know more to serve more\",\"publisher\":{\"@id\":\"http:\/\/vincentians.com\/es\/#organization\"},\"potentialAction\":[{\"@type\":\"SearchAction\",\"target\":{\"@type\":\"EntryPoint\",\"urlTemplate\":\"http:\/\/vincentians.com\/es\/?s={search_term_string}\"},\"query-input\":{\"@type\":\"PropertyValueSpecification\",\"valueRequired\":true,\"valueName\":\"search_term_string\"}}],\"inLanguage\":\"es\"},{\"@type\":\"Organization\",\"@id\":\"http:\/\/vincentians.com\/es\/#organization\",\"name\":\"The Vincentian Network\",\"url\":\"http:\/\/vincentians.com\/es\/\",\"logo\":{\"@type\":\"ImageObject\",\"inLanguage\":\"es\",\"@id\":\"http:\/\/vincentians.com\/es\/#\/schema\/logo\/image\/\",\"url\":\"https:\/\/i1.wp.com\/vincentians.com\/es\/wp-content\/uploads\/sites\/11\/2016\/06\/Vincentian-Network-logo-big.png?fit=778%2C778\",\"contentUrl\":\"https:\/\/i1.wp.com\/vincentians.com\/es\/wp-content\/uploads\/sites\/11\/2016\/06\/Vincentian-Network-logo-big.png?fit=778%2C778\",\"width\":778,\"height\":778,\"caption\":\"The Vincentian Network\"},\"image\":{\"@id\":\"http:\/\/vincentians.com\/es\/#\/schema\/logo\/image\/\"},\"sameAs\":[\"https:\/\/www.facebook.com\/WeAreVincentians\/\",\"https:\/\/x.com\/WeVincentians\"]},{\"@type\":\"Person\",\"@id\":\"http:\/\/vincentians.com\/es\/#\/schema\/person\/9623ef4d9aa3b2dfb8c061f1499288f2\",\"name\":\"Francisco Javier Fern\u00e1ndez Chento\",\"image\":{\"@type\":\"ImageObject\",\"inLanguage\":\"es\",\"@id\":\"http:\/\/vincentians.com\/es\/#\/schema\/person\/image\/\",\"url\":\"https:\/\/secure.gravatar.com\/avatar\/497d5cde87b4c3d097d0315953521681ba2cd523ee66e5077c3711f7021e65de?s=96&d=mm&r=g\",\"contentUrl\":\"https:\/\/secure.gravatar.com\/avatar\/497d5cde87b4c3d097d0315953521681ba2cd523ee66e5077c3711f7021e65de?s=96&d=mm&r=g\",\"caption\":\"Francisco Javier Fern\u00e1ndez Chento\"},\"description\":\"Director General y cofundador de La Red de Formaci\u00f3n Vicenciana. Javier es laico vicenciano, afiliado a la Congregaci\u00f3n de la Misi\u00f3n y miembro del Equipo de Misiones Populares de la provincia can\u00f3nica de Zaragoza (Espa\u00f1a) de la Congregaci\u00f3n de la Misi\u00f3n. Graduado en la Universidad Oberta de Catalunya con cuatro grados (Asistente de direcci\u00f3n, Gesti\u00f3n Administrativa, Recursos Humanos y Contabilidad Avanzada). Bil\u00edng\u00fce Espa\u00f1ol\/Ingl\u00e9s. gestiona y mantiene varias p\u00e1ginas web cristianas y vicencianas, incluida including La Red de Formaci\u00f3n Vicenciana, de la que es cofundador. Actualmente es responsable del \u00e1rea de Espa\u00f1ol de .famvin, la Red de Noticias de la Familia Vicenciana. Tambi\u00e9n es m\u00fasico cat\u00f3lico y ha editado varios discos. Es Director General y cofundador de Trovador, una reconocida compa\u00f1\u00eda discogr\u00e1fica critiana de Espa\u00f1a. Trabaja en las Tecnolog\u00edas de la Informaci\u00f3n, ofreciendo servicios de alojamiento, dise\u00f1o y mantenimiento Web, as\u00ed como asesoramiento, formaci\u00f3n y soluciones inform\u00e1ticas, gesti\u00f3n documental y digitalizaci\u00f3n de textos, edici\u00f3n y maquetaci\u00f3n de libros, revistas, flyers, etc.\",\"sameAs\":[\"http:\/\/chento.org\",\"https:\/\/www.facebook.com\/JavierChento\",\"https:\/\/x.com\/https:\/\/twitter.com\/javierchento\"],\"url\":\"http:\/\/vincentians.com\/es\/author\/chento\/\"}]}<\/script>\n<!-- \/ Yoast SEO plugin. -->","yoast_head_json":{"title":"Santa Gianna Beretta Molla - Somos Vicencianos","robots":{"index":"index","follow":"follow","max-snippet":"max-snippet:-1","max-image-preview":"max-image-preview:large","max-video-preview":"max-video-preview:-1"},"canonical":"http:\/\/vincentians.com\/es\/santa-gianna-beretta-molla\/","og_locale":"es_ES","og_type":"article","og_title":"Santa Gianna Beretta Molla - Somos Vicencianos","og_description":"\u00bfQui\u00e9n fue? Gianna fue la d\u00e9cima de trece hijos, de una familia de clase media de Lombard\u00eda (al norte de Italia), estudi\u00f3 medicina y se especializ\u00f3 en pediatr\u00eda, profesi\u00f3n que compagin\u00f3 con su tarea de ... Read More","og_url":"http:\/\/vincentians.com\/es\/santa-gianna-beretta-molla\/","og_site_name":"Somos Vicencianos","article_publisher":"https:\/\/www.facebook.com\/WeAreVincentians\/","article_author":"https:\/\/www.facebook.com\/JavierChento","article_published_time":"2013-11-08T07:24:00+00:00","author":"Francisco Javier Fern\u00e1ndez Chento","twitter_card":"summary_large_image","twitter_creator":"@https:\/\/twitter.com\/javierchento","twitter_site":"@WeVincentians","twitter_misc":{"Escrito por":"Francisco Javier Fern\u00e1ndez Chento","Tiempo de lectura":"6 minutos"},"schema":{"@context":"https:\/\/schema.org","@graph":[{"@type":"Article","@id":"http:\/\/vincentians.com\/es\/santa-gianna-beretta-molla\/#article","isPartOf":{"@id":"http:\/\/vincentians.com\/es\/santa-gianna-beretta-molla\/"},"author":{"name":"Francisco Javier Fern\u00e1ndez Chento","@id":"http:\/\/vincentians.com\/es\/#\/schema\/person\/9623ef4d9aa3b2dfb8c061f1499288f2"},"headline":"Santa Gianna Beretta Molla","datePublished":"2013-11-08T07:24:00+00:00","mainEntityOfPage":{"@id":"http:\/\/vincentians.com\/es\/santa-gianna-beretta-molla\/"},"wordCount":1269,"commentCount":0,"publisher":{"@id":"http:\/\/vincentians.com\/es\/#organization"},"image":{"@id":"http:\/\/vincentians.com\/es\/santa-gianna-beretta-molla\/#primaryimage"},"thumbnailUrl":"","articleSection":["Gianna Beretta Molla"],"inLanguage":"es","potentialAction":[{"@type":"CommentAction","name":"Comment","target":["http:\/\/vincentians.com\/es\/santa-gianna-beretta-molla\/#respond"]}]},{"@type":"WebPage","@id":"http:\/\/vincentians.com\/es\/santa-gianna-beretta-molla\/","url":"http:\/\/vincentians.com\/es\/santa-gianna-beretta-molla\/","name":"Santa Gianna Beretta Molla - Somos Vicencianos","isPartOf":{"@id":"http:\/\/vincentians.com\/es\/#website"},"primaryImageOfPage":{"@id":"http:\/\/vincentians.com\/es\/santa-gianna-beretta-molla\/#primaryimage"},"image":{"@id":"http:\/\/vincentians.com\/es\/santa-gianna-beretta-molla\/#primaryimage"},"thumbnailUrl":"","datePublished":"2013-11-08T07:24:00+00:00","breadcrumb":{"@id":"http:\/\/vincentians.com\/es\/santa-gianna-beretta-molla\/#breadcrumb"},"inLanguage":"es","potentialAction":[{"@type":"ReadAction","target":["http:\/\/vincentians.com\/es\/santa-gianna-beretta-molla\/"]}]},{"@type":"ImageObject","inLanguage":"es","@id":"http:\/\/vincentians.com\/es\/santa-gianna-beretta-molla\/#primaryimage","url":"","contentUrl":""},{"@type":"BreadcrumbList","@id":"http:\/\/vincentians.com\/es\/santa-gianna-beretta-molla\/#breadcrumb","itemListElement":[{"@type":"ListItem","position":1,"name":"Portada","item":"http:\/\/vincentians.com\/es\/"},{"@type":"ListItem","position":2,"name":"Santa Gianna Beretta Molla"}]},{"@type":"WebSite","@id":"http:\/\/vincentians.com\/es\/#website","url":"http:\/\/vincentians.com\/es\/","name":"Somos Vicencianos","description":"Know more to serve more","publisher":{"@id":"http:\/\/vincentians.com\/es\/#organization"},"potentialAction":[{"@type":"SearchAction","target":{"@type":"EntryPoint","urlTemplate":"http:\/\/vincentians.com\/es\/?s={search_term_string}"},"query-input":{"@type":"PropertyValueSpecification","valueRequired":true,"valueName":"search_term_string"}}],"inLanguage":"es"},{"@type":"Organization","@id":"http:\/\/vincentians.com\/es\/#organization","name":"The Vincentian Network","url":"http:\/\/vincentians.com\/es\/","logo":{"@type":"ImageObject","inLanguage":"es","@id":"http:\/\/vincentians.com\/es\/#\/schema\/logo\/image\/","url":"https:\/\/i1.wp.com\/vincentians.com\/es\/wp-content\/uploads\/sites\/11\/2016\/06\/Vincentian-Network-logo-big.png?fit=778%2C778","contentUrl":"https:\/\/i1.wp.com\/vincentians.com\/es\/wp-content\/uploads\/sites\/11\/2016\/06\/Vincentian-Network-logo-big.png?fit=778%2C778","width":778,"height":778,"caption":"The Vincentian Network"},"image":{"@id":"http:\/\/vincentians.com\/es\/#\/schema\/logo\/image\/"},"sameAs":["https:\/\/www.facebook.com\/WeAreVincentians\/","https:\/\/x.com\/WeVincentians"]},{"@type":"Person","@id":"http:\/\/vincentians.com\/es\/#\/schema\/person\/9623ef4d9aa3b2dfb8c061f1499288f2","name":"Francisco Javier Fern\u00e1ndez Chento","image":{"@type":"ImageObject","inLanguage":"es","@id":"http:\/\/vincentians.com\/es\/#\/schema\/person\/image\/","url":"https:\/\/secure.gravatar.com\/avatar\/497d5cde87b4c3d097d0315953521681ba2cd523ee66e5077c3711f7021e65de?s=96&d=mm&r=g","contentUrl":"https:\/\/secure.gravatar.com\/avatar\/497d5cde87b4c3d097d0315953521681ba2cd523ee66e5077c3711f7021e65de?s=96&d=mm&r=g","caption":"Francisco Javier Fern\u00e1ndez Chento"},"description":"Director General y cofundador de La Red de Formaci\u00f3n Vicenciana. Javier es laico vicenciano, afiliado a la Congregaci\u00f3n de la Misi\u00f3n y miembro del Equipo de Misiones Populares de la provincia can\u00f3nica de Zaragoza (Espa\u00f1a) de la Congregaci\u00f3n de la Misi\u00f3n. Graduado en la Universidad Oberta de Catalunya con cuatro grados (Asistente de direcci\u00f3n, Gesti\u00f3n Administrativa, Recursos Humanos y Contabilidad Avanzada). Bil\u00edng\u00fce Espa\u00f1ol\/Ingl\u00e9s. gestiona y mantiene varias p\u00e1ginas web cristianas y vicencianas, incluida including La Red de Formaci\u00f3n Vicenciana, de la que es cofundador. Actualmente es responsable del \u00e1rea de Espa\u00f1ol de .famvin, la Red de Noticias de la Familia Vicenciana. Tambi\u00e9n es m\u00fasico cat\u00f3lico y ha editado varios discos. Es Director General y cofundador de Trovador, una reconocida compa\u00f1\u00eda discogr\u00e1fica critiana de Espa\u00f1a. Trabaja en las Tecnolog\u00edas de la Informaci\u00f3n, ofreciendo servicios de alojamiento, dise\u00f1o y mantenimiento Web, as\u00ed como asesoramiento, formaci\u00f3n y soluciones inform\u00e1ticas, gesti\u00f3n documental y digitalizaci\u00f3n de textos, edici\u00f3n y maquetaci\u00f3n de libros, revistas, flyers, etc.","sameAs":["http:\/\/chento.org","https:\/\/www.facebook.com\/JavierChento","https:\/\/x.com\/https:\/\/twitter.com\/javierchento"],"url":"http:\/\/vincentians.com\/es\/author\/chento\/"}]}},"jetpack_publicize_connections":[],"jetpack_featured_media_url":"","jetpack_sharing_enabled":true,"jetpack_shortlink":"https:\/\/wp.me\/p7ETMF-4mr","jetpack-related-posts":[{"id":16787,"url":"http:\/\/vincentians.com\/es\/gianna-beretta-molla-02-carta-de-pietro-molla-desde-stockhard\/","url_meta":{"origin":16767,"position":0},"title":"Gianna Beretta Molla: 02 Carta de Pietro Molla, desde Stockhard","author":"Francisco Javier Fern\u00e1ndez Chento","date":"06\/04\/2010","format":false,"excerpt":"Alemania, Febrero 19, 1959 \u2026\"Siempre me he alegrado de encontrar en ti a la esposa ideal que hab\u00eda so\u00f1ado, y una madre incomparable para nuestros hijos; y con todo, siempre descubro en ti nuevas virtudes de sacrificio, paciencia, comprensi\u00f3n, bondad, y tanto afecto de amor. Y aqu\u00ed, lejos de ti,\u2026","rel":"","context":"En \u00abEscritos de Gianna Beretta Molla\u00bb","block_context":{"text":"Escritos de Gianna Beretta Molla","link":"http:\/\/vincentians.com\/es\/category\/escritos\/escritos-de-gianna-beretta-molla\/"},"img":{"alt_text":"","src":"https:\/\/i0.wp.com\/vincentians.com\/es\/wp-content\/uploads\/sites\/11\/2016\/07\/escritos-Gianna-Beretta-Molla.jpg?fit=1200%2C630&resize=350%2C200","width":350,"height":200,"srcset":"https:\/\/i0.wp.com\/vincentians.com\/es\/wp-content\/uploads\/sites\/11\/2016\/07\/escritos-Gianna-Beretta-Molla.jpg?fit=1200%2C630&resize=350%2C200 1x, https:\/\/i0.wp.com\/vincentians.com\/es\/wp-content\/uploads\/sites\/11\/2016\/07\/escritos-Gianna-Beretta-Molla.jpg?fit=1200%2C630&resize=525%2C300 1.5x, https:\/\/i0.wp.com\/vincentians.com\/es\/wp-content\/uploads\/sites\/11\/2016\/07\/escritos-Gianna-Beretta-Molla.jpg?fit=1200%2C630&resize=700%2C400 2x, https:\/\/i0.wp.com\/vincentians.com\/es\/wp-content\/uploads\/sites\/11\/2016\/07\/escritos-Gianna-Beretta-Molla.jpg?fit=1200%2C630&resize=1050%2C600 3x"},"classes":[]},{"id":16765,"url":"http:\/\/vincentians.com\/es\/oracion-a-santa-gianna-beretta-molla\/","url_meta":{"origin":16767,"position":1},"title":"Oraci\u00f3n a santa Gianna Beretta Molla","author":"Francisco Javier Fern\u00e1ndez Chento","date":"28\/04\/2015","format":false,"excerpt":"Dios, Padre nuestro, te alabamos y te bendecimos porque en Santa Gianna Beretta Molla nos has concedido y dado a conocer a una mujer, testigo del Evangelio, como joven, esposa, madre y m\u00e9dico. Te damos gracias tambi\u00e9n porque por medio de la entrega de su vida nos ense\u00f1as a acoger\u2026","rel":"","context":"En \u00abGianna Beretta Molla\u00bb","block_context":{"text":"Gianna Beretta Molla","link":"http:\/\/vincentians.com\/es\/category\/la-familia-vicenciana\/la-familia-vicenciana-en-los-altares\/santos\/gianna-beretta-molla\/"},"img":{"alt_text":"","src":"https:\/\/i0.wp.com\/vicencianos.org\/vicencianos\/files\/2010\/04\/Gianna-Beretta-Molla.jpg?resize=350%2C200","width":350,"height":200},"classes":[]},{"id":16791,"url":"http:\/\/vincentians.com\/es\/gianna-beretta-molla-06-carta-a-pietro\/","url_meta":{"origin":16767,"position":2},"title":"Gianna Beretta Molla: 06 Carta a Pietro","author":"Francisco Javier Fern\u00e1ndez Chento","date":"10\/04\/2010","format":false,"excerpt":"20 de Mayo 1959 Mi querid\u00edsimo Pietro: Gracias, gracias, de parte de tus hijos tambi\u00e9n, por la maravillosa sorpresa. Te puedes imaginar la felicidad de Pierluigi al tener dos grabaciones \"en las que est\u00e1 hablando Papa\". No escuchar\u00eda hoy nada m\u00e1s que tus grabaciones.\u00a0 Cuando Mariolina te oy\u00f3 decir \"un\u2026","rel":"","context":"En \u00abEscritos de Gianna Beretta Molla\u00bb","block_context":{"text":"Escritos de Gianna Beretta Molla","link":"http:\/\/vincentians.com\/es\/category\/escritos\/escritos-de-gianna-beretta-molla\/"},"img":{"alt_text":"","src":"https:\/\/i0.wp.com\/vincentians.com\/es\/wp-content\/uploads\/sites\/11\/2016\/07\/escritos-Gianna-Beretta-Molla.jpg?fit=1200%2C630&resize=350%2C200","width":350,"height":200,"srcset":"https:\/\/i0.wp.com\/vincentians.com\/es\/wp-content\/uploads\/sites\/11\/2016\/07\/escritos-Gianna-Beretta-Molla.jpg?fit=1200%2C630&resize=350%2C200 1x, https:\/\/i0.wp.com\/vincentians.com\/es\/wp-content\/uploads\/sites\/11\/2016\/07\/escritos-Gianna-Beretta-Molla.jpg?fit=1200%2C630&resize=525%2C300 1.5x, https:\/\/i0.wp.com\/vincentians.com\/es\/wp-content\/uploads\/sites\/11\/2016\/07\/escritos-Gianna-Beretta-Molla.jpg?fit=1200%2C630&resize=700%2C400 2x, https:\/\/i0.wp.com\/vincentians.com\/es\/wp-content\/uploads\/sites\/11\/2016\/07\/escritos-Gianna-Beretta-Molla.jpg?fit=1200%2C630&resize=1050%2C600 3x"},"classes":[]},{"id":16870,"url":"http:\/\/vincentians.com\/es\/gianna-beretta-molla-07-carta-de-pietro-desde-el-vuelo-a-los-angeles\/","url_meta":{"origin":16767,"position":3},"title":"Gianna Beretta Molla: 07 Carta de Pietro, desde el vuelo a Los \u00c1ngeles","author":"Francisco Javier Fern\u00e1ndez Chento","date":"11\/04\/2010","format":false,"excerpt":"31 de Mayo 1959 De Pietro: \u2026Jes\u00fas, que me cre\u00f3 y que me sostiene con gracias ilimitadas y bendiciones\u2026.T\u00fa, que me ha dado el inmenso regalo de una esposa de oro, como el m\u00e1s maravilloso amanecer, a la cual uno no puede justamente admirar sino desde arriba, y a dos\u2026","rel":"","context":"En \u00abEscritos de Gianna Beretta Molla\u00bb","block_context":{"text":"Escritos de Gianna Beretta Molla","link":"http:\/\/vincentians.com\/es\/category\/escritos\/escritos-de-gianna-beretta-molla\/"},"img":{"alt_text":"","src":"https:\/\/i0.wp.com\/vincentians.com\/es\/wp-content\/uploads\/sites\/11\/2016\/07\/escritos-Gianna-Beretta-Molla.jpg?fit=1200%2C630&resize=350%2C200","width":350,"height":200,"srcset":"https:\/\/i0.wp.com\/vincentians.com\/es\/wp-content\/uploads\/sites\/11\/2016\/07\/escritos-Gianna-Beretta-Molla.jpg?fit=1200%2C630&resize=350%2C200 1x, https:\/\/i0.wp.com\/vincentians.com\/es\/wp-content\/uploads\/sites\/11\/2016\/07\/escritos-Gianna-Beretta-Molla.jpg?fit=1200%2C630&resize=525%2C300 1.5x, https:\/\/i0.wp.com\/vincentians.com\/es\/wp-content\/uploads\/sites\/11\/2016\/07\/escritos-Gianna-Beretta-Molla.jpg?fit=1200%2C630&resize=700%2C400 2x, https:\/\/i0.wp.com\/vincentians.com\/es\/wp-content\/uploads\/sites\/11\/2016\/07\/escritos-Gianna-Beretta-Molla.jpg?fit=1200%2C630&resize=1050%2C600 3x"},"classes":[]},{"id":16873,"url":"http:\/\/vincentians.com\/es\/gianna-beretta-molla-10-dialogo-con-pietro\/","url_meta":{"origin":16767,"position":4},"title":"Gianna Beretta Molla: 10 Di\u00e1logo con Pietro","author":"Francisco Javier Fern\u00e1ndez Chento","date":"14\/04\/2010","format":false,"excerpt":"\"Esta vez ser\u00e1 un alumbramiento dif\u00edcil, y tendr\u00e1n que salvar a una o al otro \u2013 quiero que salven a mi beb\u00e9\". Gianna","rel":"","context":"En \u00abEscritos de Gianna Beretta Molla\u00bb","block_context":{"text":"Escritos de Gianna Beretta Molla","link":"http:\/\/vincentians.com\/es\/category\/escritos\/escritos-de-gianna-beretta-molla\/"},"img":{"alt_text":"","src":"https:\/\/i0.wp.com\/vincentians.com\/es\/wp-content\/uploads\/sites\/11\/2016\/07\/escritos-Gianna-Beretta-Molla.jpg?fit=1200%2C630&resize=350%2C200","width":350,"height":200,"srcset":"https:\/\/i0.wp.com\/vincentians.com\/es\/wp-content\/uploads\/sites\/11\/2016\/07\/escritos-Gianna-Beretta-Molla.jpg?fit=1200%2C630&resize=350%2C200 1x, https:\/\/i0.wp.com\/vincentians.com\/es\/wp-content\/uploads\/sites\/11\/2016\/07\/escritos-Gianna-Beretta-Molla.jpg?fit=1200%2C630&resize=525%2C300 1.5x, https:\/\/i0.wp.com\/vincentians.com\/es\/wp-content\/uploads\/sites\/11\/2016\/07\/escritos-Gianna-Beretta-Molla.jpg?fit=1200%2C630&resize=700%2C400 2x, https:\/\/i0.wp.com\/vincentians.com\/es\/wp-content\/uploads\/sites\/11\/2016\/07\/escritos-Gianna-Beretta-Molla.jpg?fit=1200%2C630&resize=1050%2C600 3x"},"classes":[]},{"id":16780,"url":"http:\/\/vincentians.com\/es\/gianna-beretta-molla-01-el-trabajo-medico\/","url_meta":{"origin":16767,"position":5},"title":"Gianna Beretta Molla: 01 El trabajo m\u00e9dico","author":"Francisco Javier Fern\u00e1ndez Chento","date":"05\/04\/2010","format":false,"excerpt":"Hoy hay mucha superficialidad en nuestro trabajo (m\u00e9dico). Nos ocupamos de cuerpos, y muchas veces incompetentemente\u2026 Debemos hacer bien nuestra parte. Estudiar nuestra ciencia. Debemos ser m\u00e9dicos honestos, llenos de fe. Debemos cuidar de nuestros pacientes con bondad y dulzura, recordando que \u00e9stos son nuestros hermanos y hermanas; tener delicadeza\u2026","rel":"","context":"En \u00abEscritos de Gianna Beretta Molla\u00bb","block_context":{"text":"Escritos de Gianna Beretta Molla","link":"http:\/\/vincentians.com\/es\/category\/escritos\/escritos-de-gianna-beretta-molla\/"},"img":{"alt_text":"","src":"https:\/\/i0.wp.com\/vincentians.com\/es\/wp-content\/uploads\/sites\/11\/2016\/07\/escritos-Gianna-Beretta-Molla.jpg?fit=1200%2C630&resize=350%2C200","width":350,"height":200,"srcset":"https:\/\/i0.wp.com\/vincentians.com\/es\/wp-content\/uploads\/sites\/11\/2016\/07\/escritos-Gianna-Beretta-Molla.jpg?fit=1200%2C630&resize=350%2C200 1x, https:\/\/i0.wp.com\/vincentians.com\/es\/wp-content\/uploads\/sites\/11\/2016\/07\/escritos-Gianna-Beretta-Molla.jpg?fit=1200%2C630&resize=525%2C300 1.5x, https:\/\/i0.wp.com\/vincentians.com\/es\/wp-content\/uploads\/sites\/11\/2016\/07\/escritos-Gianna-Beretta-Molla.jpg?fit=1200%2C630&resize=700%2C400 2x, https:\/\/i0.wp.com\/vincentians.com\/es\/wp-content\/uploads\/sites\/11\/2016\/07\/escritos-Gianna-Beretta-Molla.jpg?fit=1200%2C630&resize=1050%2C600 3x"},"classes":[]}],"_links":{"self":[{"href":"http:\/\/vincentians.com\/es\/wp-json\/wp\/v2\/posts\/16767","targetHints":{"allow":["GET"]}}],"collection":[{"href":"http:\/\/vincentians.com\/es\/wp-json\/wp\/v2\/posts"}],"about":[{"href":"http:\/\/vincentians.com\/es\/wp-json\/wp\/v2\/types\/post"}],"author":[{"embeddable":true,"href":"http:\/\/vincentians.com\/es\/wp-json\/wp\/v2\/users\/4"}],"replies":[{"embeddable":true,"href":"http:\/\/vincentians.com\/es\/wp-json\/wp\/v2\/comments?post=16767"}],"version-history":[{"count":0,"href":"http:\/\/vincentians.com\/es\/wp-json\/wp\/v2\/posts\/16767\/revisions"}],"wp:featuredmedia":[{"embeddable":true,"href":"http:\/\/vincentians.com\/es\/wp-json\/"}],"wp:attachment":[{"href":"http:\/\/vincentians.com\/es\/wp-json\/wp\/v2\/media?parent=16767"}],"wp:term":[{"taxonomy":"category","embeddable":true,"href":"http:\/\/vincentians.com\/es\/wp-json\/wp\/v2\/categories?post=16767"},{"taxonomy":"post_tag","embeddable":true,"href":"http:\/\/vincentians.com\/es\/wp-json\/wp\/v2\/tags?post=16767"}],"curies":[{"name":"wp","href":"https:\/\/api.w.org\/{rel}","templated":true}]}}