{"id":16647,"date":"2017-05-29T08:07:16","date_gmt":"2017-05-29T06:07:16","guid":{"rendered":"http:\/\/somos.vicencianos.org\/blog\/2010\/04\/05\/vicente-de-paul-y-las-cinco-virtudes-fundamentales\/"},"modified":"2017-04-14T11:01:27","modified_gmt":"2017-04-14T09:01:27","slug":"vicente-de-paul-y-las-cinco-virtudes-fundamentales","status":"publish","type":"post","link":"http:\/\/vincentians.com\/es\/vicente-de-paul-y-las-cinco-virtudes-fundamentales\/","title":{"rendered":"Vicente de Pa\u00fal y las cinco virtudes fundamentales"},"content":{"rendered":"<p><img data-recalc-dims=\"1\" loading=\"lazy\" decoding=\"async\" data-attachment-id=\"399543\" data-permalink=\"http:\/\/vincentians.com\/es\/?attachment_id=399543\" data-orig-file=\"https:\/\/i0.wp.com\/vincentians.com\/es\/wp-content\/uploads\/sites\/11\/2016\/08\/aaron.jpg?fit=560%2C280\" data-orig-size=\"560,280\" data-comments-opened=\"1\" data-image-meta=\"{&quot;aperture&quot;:&quot;0&quot;,&quot;credit&quot;:&quot;&quot;,&quot;camera&quot;:&quot;&quot;,&quot;caption&quot;:&quot;&quot;,&quot;created_timestamp&quot;:&quot;0&quot;,&quot;copyright&quot;:&quot;&quot;,&quot;focal_length&quot;:&quot;0&quot;,&quot;iso&quot;:&quot;0&quot;,&quot;shutter_speed&quot;:&quot;0&quot;,&quot;title&quot;:&quot;&quot;,&quot;orientation&quot;:&quot;0&quot;}\" data-image-title=\"aaron\" data-image-description=\"\" data-image-caption=\"\" data-medium-file=\"https:\/\/i0.wp.com\/vincentians.com\/es\/wp-content\/uploads\/sites\/11\/2016\/08\/aaron.jpg?fit=300%2C150\" data-large-file=\"https:\/\/i0.wp.com\/vincentians.com\/es\/wp-content\/uploads\/sites\/11\/2016\/08\/aaron.jpg?fit=560%2C280\" class=\"alignnone size-medium wp-image-399543 alignleft\" src=\"https:\/\/i0.wp.com\/vincentians.com\/es\/wp-content\/uploads\/sites\/11\/2016\/08\/aaron.jpg?resize=300%2C150\" alt=\"\" width=\"300\" height=\"150\" srcset=\"https:\/\/i0.wp.com\/vincentians.com\/es\/wp-content\/uploads\/sites\/11\/2016\/08\/aaron.jpg?resize=300%2C150 300w, https:\/\/i0.wp.com\/vincentians.com\/es\/wp-content\/uploads\/sites\/11\/2016\/08\/aaron.jpg?resize=100%2C50 100w, https:\/\/i0.wp.com\/vincentians.com\/es\/wp-content\/uploads\/sites\/11\/2016\/08\/aaron.jpg?w=560 560w\" sizes=\"auto, (max-width: 300px) 100vw, 300px\" \/>Es com\u00fan que los especialistas de San Vicente de Pa\u00fal a\ufb01rmen que \u00e9l no escribi\u00f3 nada de manera met\u00f3dica. Y tienen raz\u00f3n. Este santo no sinti\u00f3 la necesidad de la sistematizaci\u00f3n. \u00c9l es m\u00e1s anima\u00addor que catedr\u00e1tico. Su gran libro de cabecera es el de la experiencia. Vive los acontecimientos, observa a las personas, ve las situaciones de desamparo y comparte con sus interlocutores y destinatarios aquello que experimenta y que le impulsa a la acci\u00f3n, pues es ante todo y sobre todo un hombre de acci\u00f3n. <em>\u00abTotus opus nostrum in ope\u00adratione consistit\u00bb <\/em>(XII, 41).<span id='easy-footnote-1-16647' class='easy-footnote-margin-adjust'><\/span><span class='easy-footnote'><a href='http:\/\/vincentians.com\/es\/vicente-de-paul-y-las-cinco-virtudes-fundamentales\/#easy-footnote-bottom-1-16647' title='Para los textos de San Vicente, contamos con 14 vol\u00famenes, 8 cartas (Vol\u00famenes I a VII), 2 Conferencias a las Hijas de la Caridad (Vol\u00famenes IX y X), 2 Conferencias a los misioneros (Vol\u00famenes XI y XII), 1 de Documentos (volumen XIV), compaginado por Pierre COSTE, sacerdote de la Misi\u00f3n, de los a\u00f1os 1920 a 1925 en la editorial Gabalda. En 1960, el padre Andr\u00e9 DODIN divulg\u00f3 un volumen de 144 cartas en un n\u00famero especial de la revista &lt;em&gt;\u00abMis\u00adsion et charit\u00e9\u00bb. &lt;\/em&gt;En este estudio, cada cifra romana indica el volumen y la cifra ar\u00e1biga indica la p\u00e1gina, como es usual. (Hemos a\u00f1adido las referencias en la versi\u00f3n en espa\u00f1ol con ES, nota de traducci\u00f3n).'><sup>1<\/sup><\/a><\/span> No obstante, sabe trasmitir una doctrina y tornarse maestro. S\u00f3lo por los suyos. Debemos prestar mayor aten\u00adci\u00f3n cuando se entrega a esta tarea de ense\u00f1ar. En este sentido, San Vicente habla m\u00e1s que lo que escribe.<\/p>\n<p>Un libro manual (de 10.5 cm. por 5 cm. aproximadamente) es la excepci\u00f3n y propone una mirada m\u00e1s elaborada y organizada: se trata del folleto de las \u00abReglas Comunes de la Congregaci\u00f3n de la Misi\u00f3n\u00bb.<span id='easy-footnote-2-16647' class='easy-footnote-margin-adjust'><\/span><span class='easy-footnote'><a href='http:\/\/vincentians.com\/es\/vicente-de-paul-y-las-cinco-virtudes-fundamentales\/#easy-footnote-bottom-2-16647' title='\u00abRegulae seu constituciones comunes Congregationis Missionis\u00bb, Pari\u00adsiis, 1658, en 24.'><sup>2<\/sup><\/a><\/span> San Vicente las hizo vivir, experimentar durante 33 a\u00f1os antes de escribirlas y de distribuirlas a sus cohermanos el 17 de mayo de 1658, en el transcurso de una memorable conferencia (SV XII, 1-14; ES XI, 321-331), en la que cuenta, por otra parte, la historia de su impresi\u00f3n. Incluso cuando se decide a publicarlas, a plasmar su pensamiento a trav\u00e9s de la imprenta. San Vicente lo hace solamente despu\u00e9s de haberlo veri\ufb01cado en la pr\u00e1ctica. La vida se debe, en suma, con\ufb01rmar lo escrito. Esta es una constante en \u00e9l, una regla de oro. El peque\u00f1o libro de las Reglas ha llegado a convertirse hoy en fuente de las nuevas Constituciones de la Congregaci\u00f3n de la Misi\u00f3n y ofrece un documento de 12 cap\u00edtulos con algunos par\u00e1grafos cada uno.<span id='easy-footnote-3-16647' class='easy-footnote-margin-adjust'><\/span><span class='easy-footnote'><a href='http:\/\/vincentians.com\/es\/vicente-de-paul-y-las-cinco-virtudes-fundamentales\/#easy-footnote-bottom-3-16647' title='Cap\u00edtulo I: \u00abSobre el \ufb01n y la naturaleza de la Congregaci\u00f3n\u00bb -Cap\u00ed\u00adtulo II: \u00abSobre las ense\u00f1anzas evang\u00e9licas\u00bb -Cap\u00edtulo III: \u00abSobre la sobriedad\u00bb -Cap\u00edtulo IV: \u00abSobre la Castidad\u00bb -Cap\u00edtulo V: \u00abSobre la Obediencia\u00bb -Cap\u00ed\u00adtulo VI: \u00abSobre lo que se re\ufb01ere a los enfermos\u00bb -Cap\u00edtulo VII: \u00abSobre la modestia\u00bb -Cap\u00edtulo VIII: \u00abSobre el trato mutuo entre nosotros\u00bb -Cap\u00edtulo IX: \u00abSobre el trato con los externos\u00bb -Cap\u00edtulo X: \u00abSobre las pr\u00e1cticas piadosas de la Congregaci\u00f3n\u00bb -Cap\u00edtulo XI: \u00abSobre las Misiones y dem\u00e1s ministerios de la Congregaci\u00f3n a favor del pr\u00f3jimo\u00bb -Cap\u00edtulo XII: \u00abSobre algunos medios y ayudas necesarias para ejecutar bien y fructuosamente los ministe\u00adrios anteriores\u00bb.'><sup>3<\/sup><\/a><\/span> El cap\u00edtulo II es particularmente importante en lo que se re\ufb01ere a la espiritualidad vicentina. Aborda las m\u00e1ximas evang\u00e9licas, desde las actitudes espirituales hasta las manifestaciones concretas, de las que el disc\u00edpulo se debe revestir para ser verdadero y buen misionero. \u00abLas ense\u00f1anzas de Cristo no pueden enga\u00f1ar nunca, mientras que la doctrina del mundo es siempre falaz\u00bb.<span id='easy-footnote-4-16647' class='easy-footnote-margin-adjust'><\/span><span class='easy-footnote'><a href='http:\/\/vincentians.com\/es\/vicente-de-paul-y-las-cinco-virtudes-fundamentales\/#easy-footnote-bottom-4-16647' title='&lt;em&gt;Reglas Comunes, &lt;\/em&gt;Cap\u00edtulo II, 1.'><sup>4<\/sup><\/a><\/span> San Vicente propone \u00abla b\u00fasqueda del Reino de Dios\u00bb en el culto y la con\ufb01anza a la Providencia, por el cumplimiento en toda ocasi\u00f3n de la \u00abvoluntad de Dios\u00bb, el cultivo de la sencillez y la prudencia, la pr\u00e1ctica de la mansedumbre, la humildad, la morti\ufb01caci\u00f3n de \u00abla propia voluntad; la renuncia a los juicio propios y a todos los sentidos\u00bb, \u00abal afecto des\u00adordenado hacia los parientes\u00bb; el cultivo de la virtud de la indiferen\u00adcia, la b\u00fasqueda de la uni\u00f3n practicando una cierta \u00abuniformidad\u00bb, la realizaci\u00f3n de \u00abactos de caridad\u00bb, la aceptaci\u00f3n gozosa de las calumnias.<\/p>\n<p>En s\u00edntesis, se trata de hacer todo lo posible \u00abpor guardar todas estas m\u00e1ximas evang\u00e9licas, como santas y \u00fatiles, asumiendo de entre ellas aquellas que nos son recomendadas, especialmente <strong>la sencillez, la humildad, la mansedumbre, la morti\ufb01caci\u00f3n y el celo por las almas<\/strong>\u00ab.<span id='easy-footnote-5-16647' class='easy-footnote-margin-adjust'><\/span><span class='easy-footnote'><a href='http:\/\/vincentians.com\/es\/vicente-de-paul-y-las-cinco-virtudes-fundamentales\/#easy-footnote-bottom-5-16647' title='&lt;em&gt;Ibidem, &lt;\/em&gt;Cap\u00edtulo II, 2-14.'><sup>5<\/sup><\/a><\/span>\n<p>He aqu\u00ed las \u00abvirtudes fundamentales\u00bb. San Vicente se\u00f1ala parti\u00adcularmente en este punto que <em>\u00abLa Congregaci\u00f3n ha de empe\u00f1arse muy cuidadosamente en ellas, pues estas cinco virtudes son como las poten\u00adcias del alma de la Congregaci\u00f3n entera, y deben animar las acciones de todos nosotros\u00bb<\/em>.<span id='easy-footnote-6-16647' class='easy-footnote-margin-adjust'><\/span><span class='easy-footnote'><a href='http:\/\/vincentians.com\/es\/vicente-de-paul-y-las-cinco-virtudes-fundamentales\/#easy-footnote-bottom-6-16647' title='&lt;em&gt;Ibidem, &lt;\/em&gt;Cap\u00edtulo II, 14.'><sup>6<\/sup><\/a><\/span>\n<p>Las Constituciones de 1980-1984 resumieron con mucho acierto lo esencial de lo que contiene este Cap\u00edtulo II pero lo condensan en sus fuentes expl\u00edcitas. Tenemos pues all\u00ed lo mejor de la tradici\u00f3n vicentina.<\/p>\n<p>Las cinco virtudes no constituyen todo el esp\u00edritu de la misi\u00f3n pero s\u00ed son la consecuencia directa: de ellas emana el per\ufb01l del misio\u00adnero. Esta observaci\u00f3n es importante. En los textos de sumo valor, en las obras de personalidades importantes, en los compendios intere\u00adsantes, se crey\u00f3 que ten\u00edamos el resumen del esp\u00edritu vicentino. Este planteamiento es falso y tenemos que situar bien estas virtudes den\u00adtro del contexto de una espiritualidad que va m\u00e1s all\u00e1. La tendencia que tenemos de simpli\ufb01car las cosas puede resultar peligrosa con el tiempo. Nos encontramos un ejemplo en el \ufb01n de la Congregaci\u00f3n de la Misi\u00f3n. Se han tenido muchos meses de re\ufb02exi\u00f3n personal y comunitaria, un intenso trabajo durante dos meses de verano en dos a\u00f1os, precedidos de cinco a\u00f1os de idas y venidas entre una Comisi\u00f3n Central y las comunidades hasta llegar al c\u00e9lebre texto del par\u00e1\u00adgrafo 1 de las Constituciones: <em>\u00abEl \ufb01n de la Congregaci\u00f3n de la Misi\u00f3n es seguir a Cristo evangelizador de los pobres. Este \ufb01n se logra cuando sus miembros y comunidades, \ufb01eles a San Vicente: <\/em><\/p>\n<ol>\n<li><em>procuran con todas sus fuerzas a revestirse del esp\u00edritu de Cristo <\/em>(RC I, 3), <em>para adquirir la perfecci\u00f3n correspondiente a su voca\u00adci\u00f3n <\/em>(RC XII, 13);<\/li>\n<li><em>se dedican a evangelizar a los pobres, sobre todo a los m\u00e1s abandonados;<\/em><\/li>\n<li><em>ayudan en su formaci\u00f3n a cl\u00e9rigos y laicos y los llevan a una participaci\u00f3n m\u00e1s plena en la evangelizaci\u00f3n de los pobres\u00bb. <\/em><\/li>\n<\/ol>\n<p>Ahora bien, en la pr\u00e1ctica se entiende que una condensaci\u00f3n abusiva se haya hecho en el transcurso de los a\u00f1os: \u00ab\u00a1La Congrega\u00adci\u00f3n existe para los pobres!\u00bb. Esto es tan verdadero como falso. La Congregaci\u00f3n tiene preferencia por los pobres sin dejar de atender su evangelizaci\u00f3n. Su verdadero \ufb01n se enuncia de otro modo: el \ufb01n de la Congregaci\u00f3n de la Misi\u00f3n es \u00abseguir a Cristo, evangelizador de los pobres\u00bb y toda su vida y la de cada uno de sus miembros implica una imitaci\u00f3n de Cristo. Imitaci\u00f3n al estilo beruliano que supone una con\ufb01guraci\u00f3n incluso en la acci\u00f3n misionera. El P. Bernard Koch nos indica lo esencial de estas a\ufb01rmaciones:<\/p>\n<p>\u00abPara expresar estas dos maneras, B\u00e9rulle utiliza frecuente\u00admente dos palabras que se encuentran algunas veces en la Biblia (en lat\u00edn): \u2018adherir\u2019, en Deut 11,22; 13,4; 30,29; Sal 72(73), 28; 1 Cor 6,17; y el sustantivo \u2018adherencia\u2019 e \u2018imitar\u2019, cuatro veces en San Pablo: 1 Tes 1,6; 2 Tes 3,7; 1 Cor 4,16 y 11,1. Seg\u00fan B\u00e9rulle, \u2018imitar\u2019 e \u2018imitaci\u00f3n\u2019 suelen aparecer fre\u00adcuentemente como \u2018adherir\u2019 y \u2018adherencia\u2019 en los \u00edndices de los diversos vol\u00famenes\u00bb.<span id='easy-footnote-7-16647' class='easy-footnote-margin-adjust'><\/span><span class='easy-footnote'><a href='http:\/\/vincentians.com\/es\/vicente-de-paul-y-las-cinco-virtudes-fundamentales\/#easy-footnote-bottom-7-16647' title='Ver Bernard Loch en FAMVIN, p\u00e1gina Web francesa de la Congrega\u00adci\u00f3n de la Misi\u00f3n: B\u00e9rulle et Saint Vincent N\u00ba 13.'><sup>7<\/sup><\/a><\/span>\n<p>Tenemos que asimilar la realidad exigente de la imitaci\u00f3n de Cristo que nos viene probablemente de Tom\u00e1s de Kempis, el autor del libro la \u00abImitaci\u00f3n\u00bb, que B\u00e9rulle interpone: <em>\u00abSan Vicente cita y recomienda la lectura de la Imitaci\u00f3n de Cristo, pero utiliza tambi\u00e9n \u2018imitar\u2019 e \u2018imitaci\u00f3n\u2019 en el esp\u00edritu de B\u00e9rulle. Todo como \u00e9l, el Sr. Vi\u00adcente contempla la imitaci\u00f3n de Jes\u00fas sobre todo en sus virtudes, en la vida interior y en la renuncia, mucho m\u00e1s que en sus actividades de curaciones y de predicaci\u00f3n, que seguir\u00e1 m\u00e1s f\u00e1cilmente si nosotros nos dejamos llenar del esp\u00edritu, de las disposiciones, de las situaciones (estados de \u00e1nimo) de Jes\u00fas\u00bb<\/em>.<span id='easy-footnote-8-16647' class='easy-footnote-margin-adjust'><\/span><span class='easy-footnote'><a href='http:\/\/vincentians.com\/es\/vicente-de-paul-y-las-cinco-virtudes-fundamentales\/#easy-footnote-bottom-8-16647' title='&lt;em&gt;Ibidem, &lt;\/em&gt;op. cit.'><sup>8<\/sup><\/a><\/span>\n<p>La primera insistencia de la Congregaci\u00f3n es de orden m\u00edstico, en cuanto que cristol\u00f3gica; olvidarlo conlleva el grave peligro de dis\u00adgregaci\u00f3n y de empobrecimiento espiritual. San Vicente lo sab\u00eda muy bien, hasta el punto de combatir cualquier falsi\ufb01caci\u00f3n: <em>\u00abNuestra vocaci\u00f3n es una continuaci\u00f3n de la suya (de Jesucristo), o, al menos, puede relacionarse con ella en sus circunstancias. \u2018\u00a1Qu\u00e9 felicidad, her\u00admanos m\u00edos!\u2019. \u2018Y tambi\u00e9n cu\u00e1nta obligaci\u00f3n de a\ufb01cionarnos a ella\u2019. <\/em><\/p>\n<p><em>Por lo tanto, un gran motivo que tenemos es la grandeza de la cosa: dar a conocer a Dios a los pobres, anunciarles a Jesucristo, decir\u00adles que est\u00e1 cerca el reino de los cielos y que ese reino es para los pobres. \u00a1Qu\u00e9 grande es esto! Y el que hayamos sido llamados para ser compa\u00f1eros y para participar en los planes del hijo de Dios, es algo que supera nuestro entendimiento. \u00a1Qu\u00e9! \u00a1Hacernos&#8230;, no me atrevo a decirlo&#8230; s\u00ed; evangelizar a los pobres es un o\ufb01cio tan alto que es, por excelencia, el o\ufb01cio del Hijo de Dios! Y a nosotros se nos dedica a ello como instrumentos por los que el Hijo de Dios sigue haciendo desde el cielo lo que hizo en la tierra. \u00a1Qu\u00e9 gran motivo para alabar a Dios, hermanos m\u00edos, y agradecerles incesantemente esta gracia!\u00bb <\/em>(Sobre el \ufb01n de la Congregaci\u00f3n de la Misi\u00f3n el 6 de diciembre de 1658. SV XII, 80; ES XI, 387).<\/p>\n<p>Es oportuno recordar esto para poder responder a la amable invitaci\u00f3n del director de Vincentiana, de hablar acera de:<\/p>\n<ol>\n<li>\u00bfCu\u00e1l es el esp\u00edritu de la Misi\u00f3n?<\/li>\n<li>\u00bfCu\u00e1l es el contenido de las cinco virtudes?<\/li>\n<\/ol>\n<p>Estos son dos momentos de este estudio, ambos de suyo son complementarios.<\/p>\n<p>Otros se encargar\u00e1n de decir c\u00f3mo se pueden actualizar y, sobre todo, c\u00f3mo se podr\u00e1n vivir hoy.<\/p>\n<h2><strong>I. EL ESPIRITU DE CRISTO, EL ESPIRITU DE LA MISION <\/strong><\/h2>\n<p>Ya se a\ufb01rm\u00f3 con \u00e9nfasis que no existe en San Vicente la m\u00ednima intenci\u00f3n de elaborar un tratado de espiritualidad. Un lector atento y detallista podr\u00e1 encontrarse con ciertas constantes en la vida de San Vicente, en sus cartas y conferencias. Hay en \u00e9l unas convicciones fuertes que generan un pensamiento, al cual podemos, sin traicio\u00adnarlo, darle organizaci\u00f3n y cuerpo.<\/p>\n<h3><strong><em>a<\/em><\/strong><strong>) Cristo, enviado y servidor del Padre <\/strong><\/h3>\n<p>A partir de la experiencia de Folleville y de Ch\u00e2tillon y de las dos realidades que refuerzan y dan cohesi\u00f3n a su acci\u00f3n, \u00abla Misi\u00f3n y la Caridad\u00bb, San Vicente se vuelve hacia Cristo, Misionero y Servidor. Es Cristo el que est\u00e1 en el centro de su vida. Lo irradia, lo estimula y, sobre todo, lo hace sujeto de imitaci\u00f3n.<\/p>\n<p>San Vicente presenta a Cristo como \u00c9l mismo se presenta en el evangelio: \u00abel evangelizador de los pobres\u00bb, \u00abel Misionero de los pobres\u00bb, \u00abel Enviado del Padre\u00bb. Se trata del texto de Isa\u00edas (61,1) retomado por Lucas (4,18). En los textos poseemos San Vicente recuerda 18 veces este episodio neotestamentario y lo relaciona con la fundaci\u00f3n de la Congregaci\u00f3n de la Misi\u00f3n: \u00abMe ha enviado a evangelizar a los pobres\u00bb (SV XI, 32; ES XI, 725; SV XI, 108; ES XI, 34; SV XI, 135; ES XI, 56; SV XI, 315; ES XI, 209; SV XII, 3; ES XI, 323; SV XII, 79; ES XI, 387; SV XII, 90; ES XI, 395; SV XII, 367; ES XI, 639). El Se\u00f1or ha recibido la misi\u00f3n de llevar la Buena Nueva que libera y, en consecuencia, el misionero hace lo mismo: <em>\u00abNuestra \ufb01nalidad es trabajar por la salvaci\u00f3n (de los pobres), a imitaci\u00f3n de Nuestro Se\u00f1or Jesucristo, quien es el \u00fanico verdadero Redentor y que cumpli\u00f3 perfectamente ese nombre afable de Jes\u00fas, es decir de Salva\u00addor&#8230; Mientras viv\u00eda en la tierra, ten\u00eda todos sus pensamientos hacia la salvaci\u00f3n de los hombres; y contin\u00faa todav\u00eda con los mismos senti\u00admientos, porque es all\u00ed en donde encuentra la voluntad del Padre\u00bb<\/em>.<span id='easy-footnote-9-16647' class='easy-footnote-margin-adjust'><\/span><span class='easy-footnote'><a href='http:\/\/vincentians.com\/es\/vicente-de-paul-y-las-cinco-virtudes-fundamentales\/#easy-footnote-bottom-9-16647' title='L. ABELLY, &lt;em&gt;\u00abLa vie du venerable serviteur de Dieu, Vincent de Paul \u00ab, &lt;\/em&gt;F. Lambert, Paris 1644 (tres tomos en un volumen). Esta obra fundamental y obligatoria ha sido reproducida id\u00e9nticamente en 1891; se puede encontrar en la \u00abProcure de la Congregaci\u00f3n de la Mission\u00bb, 95 rue de S\u00e9vres -75006 PARIS. Las referencias a este libro ser\u00e1n siempre indicadas por el nombre del autor: \u00abAbelly\u00bb seguido del n\u00famero del volumen, del cap\u00edtulo y de la p\u00e1gina: ABELLY I, III, p. 89-90.'><sup>9<\/sup><\/a><\/span>\n<p>La misi\u00f3n de Cristo se inscribe en el coraz\u00f3n de la conciencia de Vicente e impulsa todas sus energ\u00edas. Jes\u00fas es el enviado del Padre; en consecuencia nosotros somos sus nuevos enviados. Seg\u00fan el P. Morin, excelente lector y actualizador de nuestro fundador, Jes\u00fas es el misionero-tipo<span id='easy-footnote-10-16647' class='easy-footnote-margin-adjust'><\/span><span class='easy-footnote'><a href='http:\/\/vincentians.com\/es\/vicente-de-paul-y-las-cinco-virtudes-fundamentales\/#easy-footnote-bottom-10-16647' title='&lt;em&gt;Vicente de Pa\u00fal, su experiencia y la nuestra, &lt;\/em&gt;p. 57.'><sup>10<\/sup><\/a><\/span> que San Vicente encuentra cada d\u00eda en el ejercicio de su ministerio, a quien sigue como el evangelizador de los pobres en el sentido de la \u00absequela Christi\u00bb; de ah\u00ed el maravilloso compendio que supo acu\u00f1ar como contrase\u00f1a a sus misioneros: <em>\u00abJesucristo es la Regla de la Misi\u00f3n\u00bb <\/em>(SV XII, 130; ES XI, 429).<\/p>\n<p>Jesucristo es tambi\u00e9n Servidor. No se limit\u00f3 a predicar a los pobres, sino que tambi\u00e9n los sirvi\u00f3. Esta segunda misi\u00f3n de Cristo se veri\ufb01ca en la escena del lavatorio de los pies. En la cual Jes\u00fas se pone de rodillas delante de sus ap\u00f3stoles y pronuncia el famoso \u00abexem\u00adplum dedi vobis\u00bb (Jn 13,15). Cristo entrega a los misioneros una misi\u00f3n que no es secundaria sino esencial. Se trata de vivir la coti\u00addianidad de Mt 25,31-46, cuyo n\u00facleo se encuentra en el c\u00e9lebre ver\u00ads\u00edculo 40, eminentemente vicentino: \u00abTodo lo que hagan al m\u00e1s peque\u00f1o de entre ustedes, a m\u00ed me lo hacen\u00bb.<\/p>\n<p>San Vicente exhorta vehementemente a los misioneros a trabajar de esta manera en la famosa conferencia del 6 de diciembre de 1658, que bien puede llamarse \u00abConferencia-testamento\u00bb:<\/p>\n<p style=\"padding-left: 30px\"><em>\u00abSi hay algunos entre nosotros que crean que est\u00e1n en la Misi\u00f3n para evangelizar a los pobres y no para cuidarlos, para remediar sus necesidades espirituales y no las temporales, les dir\u00e9 que tenemos que asistirles y hacer que les asistan de todas las maneras, nosotros y los dem\u00e1s&#8230; Hacer esto es evangelizar de palabra y de obra; es lo m\u00e1s perfecto; y es lo que nuestro Se\u00f1or practic\u00f3 y tienen que practicar los que lo representan en la tierra, por su cargo y por su car\u00e1cter, como son los sacer\u00addotes\u00bb <\/em>(SV XII, 87-88; ES XI, 393-394).<\/p>\n<p>A las Hijas de la Caridad, les explica por eso: <em>\u00abLos pobres son nuestros se\u00f1ores. S\u00ed, hermanas m\u00edas, son nuestros amos\u00bb <\/em>(SV IX, 119; ES IX, 125). Retoma la f\u00f3rmula de los Votos de las Hospitalarias de Italia como f\u00f3rmula de referencia, que dice textualmente: <em>\u00abYo hago voto&#8230; de servir a nuestros se\u00f1ores los pobres\u00bb <\/em>(SV IX, 25; ES IX, 42).<\/p>\n<p>Este mismo cariz se encuentra en sus conferencias a los misio\u00adneros, como se puede leer en el siguiente texto signi\ufb01cativo:<\/p>\n<p style=\"padding-left: 30px\"><em>\u00abDadle la vuelta a la medalla y ver\u00e9is con las luces de la fe que son \u00e9sos los que nos representan<span id='easy-footnote-11-16647' class='easy-footnote-margin-adjust'><\/span><span class='easy-footnote'><a href='http:\/\/vincentians.com\/es\/vicente-de-paul-y-las-cinco-virtudes-fundamentales\/#easy-footnote-bottom-11-16647' title='&lt;\/em&gt;Destacamos el pronombre demostrativo \u00abestos pobres\u00bb y no aquellos que podr\u00edamos so\u00f1ar o esperar. Los pobres han sido dados; no los escogemos. Ellos son nuestra herencia.'><sup>11<\/sup><\/a><\/span> <em>al Hijo de Dios, que quiso ser pobre&#8230; \u00a1Dios m\u00edo! \u00a1Qu\u00e9 hermoso ser\u00eda ver a los pobre, consider\u00e1ndolos en Dios y en el aprecio en que los tuvo Jesu\u00adcristo\u00bb <\/em>(SV XI, 32; ES XI, 725).<\/p>\n<p>Su experiencia espiritual recobra sentido y compromiso: Je\u00adsucristo est\u00e1 en el pobre; el pobre es Jesucristo. He aqu\u00ed las dos dimensiones de una identi\ufb01caci\u00f3n querida por el mismo Cristo. Se dir\u00eda hoy, en una teolog\u00eda m\u00e1s abierta: el pobre es el sacramento de Cristo, la presencia real del Cristo pobre. Su m\u00e1s grande indigencia, \u00bfno fue cuando estuvo elevado en la cruz? Parad\u00f3jicamente el cruci\u00ad\ufb01cado es el que atrae a todos los hombres y que reconoce en su acto de amor extremo su divinidad. San Vicente no se equivoca cuando propone este amor perfecto a sus cohermanos:<\/p>\n<p style=\"padding-left: 30px\"><em>\u00abMiremos al Hijo de Dios: \u00a1qu\u00e9 coraz\u00f3n tan caritativo! \u00a1qu\u00e9 llama de amor! Jes\u00fas m\u00edo, dinos, por favor, qu\u00e9 es lo que te ha sacado del cielo para venir a sufrir la maldici\u00f3n de la tierra y todas las persecuciones y tormentos que has recibido. \u00a1Oh Sal\u00advador! \u00a1Fuente de amor humillado hasta nosotros y hasta un suplicio infame! \u00bfQui\u00e9n ha amado en esto al pr\u00f3jimo m\u00e1s que t\u00fa? Viniste a exponerte a todas nuestras miserias, a tomar la forma de pecador, a llevar una vida de sufrimiento y a padecer por nosotros una muerte ignominiosa; \u00bfhay amor semejante? \u00bfQui\u00e9n podr\u00eda amar de una forma tan supereminente? S\u00f3lo nuestro Se\u00f1or ha podido dejarse arrastrar por el amor a las criaturas hasta dejar el trono de su Padre para venir a tomar un cuerpo sujeto a las debilidades. \u00bfY para qu\u00e9? Para estable\u00adcer entre nosotros por su ejemplo y su palabra la caridad con el pr\u00f3jimo. Este amor fue el que lo cruci\ufb01c\u00f3 y el que hizo esta obra admirable de nuestra redenci\u00f3n. Hermanos m\u00edos, si tuvi\u00e9ramos un poco de ese amor, \u00bfnos quedar\u00edamos con los brazos cruzados? \u00bfDejar\u00edamos morir a todos esos que po\u00addr\u00edamos asistir? No, la caridad no puede permanecer ociosa, sino que nos mueve a la salvaci\u00f3n y al consuelo de los dem\u00e1s\u00bb<\/em> (SV XII, 264-265; ES XI, 555).<\/p>\n<p>Jes\u00fas es el divino ejemplo, aquel a quien es preciso contemplar detenidamente para revestirse de sus sentimientos y de su ternura. Sentimientos de compasi\u00f3n y de misericordia, como lo acabamos de a\ufb01rmar. Los misioneros son <em>\u00abEscogidos por Dios como instrumentos de su caridad inmensa y paternal, que desea reinar y ensancharse en las almas \u00bb <\/em>(SV XII, 262; ES XI, 553).<\/p>\n<h3><strong><em>b<\/em><\/strong><strong>) Cristo, homenaje consumado del Padre <\/strong><\/h3>\n<p>San Vicente encuentra tambi\u00e9n a Cristo contempl\u00e1ndolo en su relaci\u00f3n con el Padre y el Esp\u00edritu y, en consecuencia, en la Trinidad. Ella es la fuente y la cumbre de toda la din\u00e1mica espiritual de San Vicente. La Congregaci\u00f3n de la Misi\u00f3n debe honrar <em>\u00abde manera espe\u00adcial los misterios de la Sant\u00edsima Trinidad y de la Encarnaci\u00f3n\u00bb<\/em>.<span id='easy-footnote-12-16647' class='easy-footnote-margin-adjust'><\/span><span class='easy-footnote'><a href='http:\/\/vincentians.com\/es\/vicente-de-paul-y-las-cinco-virtudes-fundamentales\/#easy-footnote-bottom-12-16647' title='&lt;em&gt;Reglas comunes de la Congregaci\u00f3n de la Misi\u00f3n, &lt;\/em&gt;X, 2 que proponen honrarlas: 1\u00ba haciendo a menudo y de coraz\u00f3n actos de fe y de religi\u00f3n acerca de estos misterios; 2\u00ba ofreciendo cada d\u00eda en su honor algunas oraciones y obras buenas y sobretodo celebrando sus \ufb01estas con solemnidad y con la mayor devoci\u00f3n posible; 3\u00ba trabajando con diligencia con la palabra y con el ejemplo por esparcir en las almas de las gentes el conocimiento, el honor y el culto a esos misterios.'><sup>12<\/sup><\/a><\/span>\n<p>San Vicente present\u00f3 a Cristo como <em>\u00abAdorador del Padre\u00bb, <\/em>esta es una inspiraci\u00f3n beruliana. Inspir\u00e1ndose en B\u00e9rulle consider\u00f3 a Jes\u00fas como el primer adorador del Padre, el modelo de los hombres reli\u00adgiosos, pero siempre en conexi\u00f3n con su amor por la humanidad. El texto t\u00edpico y al mismo tiempo el m\u00e1s corto, acerca de la grandeza del ministerio de la formaci\u00f3n de los sacerdotes, del cual hace falta la fecha: <em>\u00abQu\u00e9 feliz es usted, padre, por servir de instrumento en manos de Nuestro Se\u00f1or Jesucristo para formar buenos sacerdotes&#8230; esos se\u00f1ores, llamados al ministerio m\u00e1s alto que existe en la tierra, por el que tienen que ejercer las dos grandes virtudes de Jesucristo, a saber, la religi\u00f3n para con su Padre y la caridad para con los hombres\u00bb <\/em>(SV VI, 393; ES VI, 370).<span id='easy-footnote-13-16647' class='easy-footnote-margin-adjust'><\/span><span class='easy-footnote'><a href='http:\/\/vincentians.com\/es\/vicente-de-paul-y-las-cinco-virtudes-fundamentales\/#easy-footnote-bottom-13-16647' title='BERNARD KOCH, p\u00e1gina Web Famvin, op. cit.'><sup>13<\/sup><\/a><\/span>\n<p>Para \u00e9l, el estado de religi\u00f3n es dependencia respecto del Padre. Cristo es el Hijo que por su naturaleza de Hijo rinde homenaje al Padre. Recibe su vida, su ser de Dios mismo. Por su oraci\u00f3n y su acci\u00f3n, le tributa toda la adoraci\u00f3n y toda alabanza. Nos aproxima\u00admos al Cristo de B\u00e9rulle, presentado con frecuencia de manera redu\u00adcida como Aquel en quien Dios act\u00faa: <em>\u00abSu acci\u00f3n se inserta entre las acciones de los hombres\u00bb<\/em>.<span id='easy-footnote-14-16647' class='easy-footnote-margin-adjust'><\/span><span class='easy-footnote'><a href='http:\/\/vincentians.com\/es\/vicente-de-paul-y-las-cinco-virtudes-fundamentales\/#easy-footnote-bottom-14-16647' title='Cf. REN\u00c9 BOUREAU, &lt;em&gt;\u00abL\u2019Oratoire en France\u00bb, &lt;\/em&gt;Cerf, 1991, pp. 31-35.'><sup>14<\/sup><\/a><\/span>\n<p>Seg\u00fan San Vicente, Jes\u00fas recibe todo del Padre; es totalmente dependiente de \u00c9l. Reconoce que el Padre es el autor y el principio de todo bien que esta en \u00e9l (cf. SV XII, 109; ES XI, 411). Es el enviado del Padre a un precio costoso de amor (cf. SV X, 85; ES IX, 717). Este es pr\u00e1cticamente un acercamiento a la llamada teolog\u00eda contempor\u00e1nea del <em>\u00absufrimiento de Dios\u00bb<\/em>.<span id='easy-footnote-15-16647' class='easy-footnote-margin-adjust'><\/span><span class='easy-footnote'><a href='http:\/\/vincentians.com\/es\/vicente-de-paul-y-las-cinco-virtudes-fundamentales\/#easy-footnote-bottom-15-16647' title='\u00abCreer en un Dios que sufre, es hacer el misterio m\u00e1s misterioso, pero de manera m\u00e1s lumoniso\u00bb, es decir una falsa claridad para sustituirla por res\u00adplandecientes tinieblas (FRAN\u00c7OIS VARILLON. &lt;em&gt;\u00abLa souffrance de Dieu\u00bb, &lt;\/em&gt;El Centu\u00adri\u00f3n, p. 23).'><sup>15<\/sup><\/a><\/span> Jes\u00fas da gracia a su Padre por su obediencia. Porque el Hijo est\u00e1 unido al Padre en una intimi\u00addad perfecta, no solamente en cuanto Verbo sino en cuanto hombre (cf. SV XII, 147-148; ES XI, 442-443). Llegamos de este modo a la relaci\u00f3n de amor de Jes\u00fas con su Padre: el cumplimiento de su voluntad (cf. SV XII, 109; ES XI, 411).<\/p>\n<p>Es evidente que esta relaci\u00f3n privilegiada, prototipo de toda rela\u00adci\u00f3n humana, entre el Padre y el Hijo, se desarrolla en la persona viva del Esp\u00edritu. Vicente contempla a menudo el Esp\u00edritu Santo, uni\u00f3n del Padre y del Hijo, y lo ofrece como modelo a sus comuni\u00addades nacientes.<\/p>\n<h3><strong><em>c<\/em><\/strong><strong>) Cristo, portador del amor del Padre <\/strong><\/h3>\n<p>Jes\u00fas es garante del amor del Padre llevando a cabo su obra. He aqu\u00ed todav\u00eda una idea fuerza en San Vicente, siempre atento al honor de Dios, <em>\u00abDios es Dios\u00bb <\/em>a\ufb01rma B\u00e9rulle. El alma se debe sorprender de su grandeza y alabar, bendecir, admirar e inclinarse delante de El. Vicente, siempre pragm\u00e1tico, tiende a lo m\u00e1s concreto: trabajar por la llegada del Reino a los corazones de los hombres y de los pobres, luchar porque se instaure la justicia es su primera preocupaci\u00f3n. De hecho se trata de dar gloria a Dios: <em>\u00abTodos los d\u00edas pido a Dios, tres o cuatro veces, que nos aniquile si nos somos \u00fatiles para su gloria. Pues, \u00bfqu\u00e9, hermanos m\u00edos? \u00bfNos gustar\u00eda estar en el mundo sin agradar a Dios y sin procurar su mayor gloria?\u00bb <\/em>(SV XI, 2; ES XI, 698). Como ya tuvimos la ocasi\u00f3n de escribir: la \u00faltima referencia de la vocaci\u00f3n misionera reside siempre en una pregunta que es necesario hacerse antes de empezar a hacer algo: <em>\u00abSi se hace esto, \u00bfse dar\u00e1 gloria a Dios?\u00bb <\/em>(SV XIII, 629; ES X, 763). A Bernardo Codoing, responsable de \u00abdiscutir\u00bb la aprobaci\u00f3n de los votos de la Congregaci\u00f3n en Roma, escribe: <em>\u00abBusquemos la gloria de Dios; \u00e9l nos har\u00e1 prosperar en nuestros asuntos\u00bb <\/em>(SV II, 263; ES II, 220).<span id='easy-footnote-16-16647' class='easy-footnote-margin-adjust'><\/span><span class='easy-footnote'><a href='http:\/\/vincentians.com\/es\/vicente-de-paul-y-las-cinco-virtudes-fundamentales\/#easy-footnote-bottom-16-16647' title='COLLECTIF, &lt;em&gt;\u00abMonsieur Vincent, t\u00e9moin de l\u2019Evangile \u00ab, &lt;\/em&gt;Animation Vin\u00adcentienne, 16, Grande Rue St Michael -31400 TOLOSA; J.P. RENOUARD, &lt;em&gt;\u00abLa glorie de Dieu et le R\u00e9gne de J\u00e9sus-Christ \u00ab, &lt;\/em&gt;p. 87-98.'><sup>16<\/sup><\/a><\/span> A menudo San Vicente se referir\u00e1 a <em>\u00abla voluntad arbitraria \u00bb <\/em>de Dios, otra manera de hablar de la voluntad de Dios. Para \u00e9l, esta voluntad divina se realiza de manera eminente en la evangelizaci\u00f3n de los pobres. En este sentido, se ci\u00f1e al evange\u00adlio y renueva la espiritualidad. He aqu\u00ed una muestra, entre otras:<\/p>\n<p><em>\u00ab\u00a1Qu\u00e9 dicha, padres, hacer siempre y en todas las cosas la voluntad de Dios! \u00bfNo es esto hacer lo que el Hijo de Dios vino a hacer en la tierra, como ya hemos dicho? El Hijo de Dios vino a evangelizar a los pobres; y nosotros, padres, \u00bfno hemos sido enviados a lo mismo? S\u00ed, los misioneros han sido enviados a evangelizar a los pobres. \u00a1Qu\u00e9 dicha hacer en la tierra lo mismo que hizo nuestro Se\u00f1or, que es ense\u00f1ar el camino del cielo a los pobres!\u00bb <\/em>(SV XI, 315; ES XI, 209-210).<\/p>\n<h3><strong><em>d<\/em><\/strong><strong>) Cristo, trabajador del Padre <\/strong><\/h3>\n<p>El misionero, seg\u00fan San Vicente, debe continuar la obra de Cristo. \u00c9l es su relevo, su prolongaci\u00f3n. \u00abTrabajar, trabajar, actuar, actuar\u00bb, es su santo y se\u00f1a. San Vicente retoma gustoso su frase lapidaria: <em>\u00abTotus opus nostrum in actione consistit\u00bb <\/em>(SV XI, 41; ES XI, 734); propone una piedad laboriosa, <em>\u00abarremang\u00e1ndose\u00bb<\/em>.<span id='easy-footnote-17-16647' class='easy-footnote-margin-adjust'><\/span><span class='easy-footnote'><a href='http:\/\/vincentians.com\/es\/vicente-de-paul-y-las-cinco-virtudes-fundamentales\/#easy-footnote-bottom-17-16647' title='La expresi\u00f3n es del Padre Jean Morin, C.M., quien ha dejado numero\u00adsas notas manuscritas. Es necesario decir adem\u00e1s, aunque sea imposible de manera completa, que el tema del trabajo, ocupa un enorme lugar en San Vicente. A decir verdad, algunas veces mal comprendido o exageradamente, las Hijas de la Caridad se han consagrado intensamente al trabajo y se han formado para serlo. Los formadores han tomado frecuentemente a la letra y ense\u00f1ado las recomendaciones de su bienaventurado padre: \u00abUna Hija de la Caridad debe estar siempre ocupada\u00bb (SV XI, 7, 117, 221, 496). \u00a1Hoy, el equi\u00adlibrio m\u00e1s \ufb01namente buscado no alcanzar\u00eda!'><sup>17<\/sup><\/a><\/span> Por nuestras obras ponemos de mani\ufb01esto que amamos a Dios. \u00a1Ser\u00eda una ofensa si no le respondemos!<\/p>\n<p>Y es aqu\u00ed donde se insertan las cinco virtudes fundamentales de la Congregaci\u00f3n, que son la concretizaci\u00f3n, la marca visible del esp\u00ed\u00adritu vicentino, el cual intentamos esbozar. San Vicente tiene una palabra maravillosa para motivar a sus misioneros a vivirlas:<\/p>\n<p><em>\u00abEncerr\u00e9monos en estas cinco virtudes, lo mismo que los cara\u00adcoles en sus conchas&#8230; con ellas, iremos a todas partes, lo con\u00adseguiremos todo; sin embargo sin ellas, no seremos m\u00e1s que misioneros en pintura\u00bb <\/em>(SV XII, 322; ES XI, 602).<\/p>\n<p>A partir de all\u00ed, todo se encadena l\u00f3gicamente.<\/p>\n<h2><strong>II. LAS CINCO VIRTUDES FUNDAMENTALES <\/strong><\/h2>\n<p>La ense\u00f1anza de San Vicente acerca de las cinco virtudes en con\u00adjunto, tiene un valor sint\u00e9tico aunque presentemos la nuestra ense\u00adguida de la suya con el cuidado de actualizarla.<\/p>\n<h3><strong>1. Ense\u00f1anza general de San Vicente sobre las cinco virtudes <\/strong><\/h3>\n<p>Como es sabido, el texto m\u00e1s com\u00fan y m\u00e1s oportuno para ha\u00adblar de las cinco virtudes, como me ha pedido el Director de <em>Vin\u00adcentiana, <\/em>es aquel de la conferencia del 22 de agosto de 1659 sobre las cinco virtudes fundamentales que explican las Reglas Comunes, Cap\u00edtulo II, art\u00edculo 14 (XII, 298-311; ES XI, 583-593).<\/p>\n<p>El p\u00e1rrafo referido dice: <em>\u00abAunque hemos de hacer todo lo posible por guardar todas estas m\u00e1ximas evang\u00e9licas, por ser tan santas y \u00fati\u00adles, hay algunas de ellas que son para nosotros m\u00e1s apropiadas que las dem\u00e1s, o sea las que recomiendan especialmente la sencillez, la humil\u00addad, la mansedumbre, la morti\ufb01caci\u00f3n y el celo de las almas; por eso, la congregaci\u00f3n se aplicar\u00e1 a ellas de un modo m\u00e1s especial, de formas de toda la congregaci\u00f3n y las acciones de cada uno de nosotros se vean siempre animadas por ellas\u00bb <\/em>(SV XII, 298; ES XI, 583).<\/p>\n<p>El primer elemento que San Vicente argumenta para haber ele\u00adgido estas cinco virtudes es, como pod\u00eda esperarse, Cristo. Para ha\u00adcer la voluntad de su Padre, anunciar su voluntad y ense\u00f1ar a los hombres, Cristo transmiti\u00f3 <em>\u00abel consejo de la pr\u00e1cticas evang\u00e9licas\u00bb. <\/em>Esta expresi\u00f3n merece atenci\u00f3n, puesto que San Vicente nos indica que estamos aqu\u00ed en el \u00e1mbito de los consejos y que tenemos gran inter\u00e9s espiritual en recibirlos y vivirlos como tales. Invitaci\u00f3n y pro\u00adposici\u00f3n que nos lleva a la perfecci\u00f3n querida ya desde el primer p\u00e1rrafo de las Reglas Comunes.<\/p>\n<p>Adem\u00e1s Cristo practic\u00f3 <em>\u00abestas m\u00e1ximas evang\u00e9licas \u00ab, <\/em>a saber: <em>\u00abLa sencillez, la humildad, la mansedumbre, la morti\ufb01caci\u00f3n y el celo por las almas\u00bb. <\/em>Y San Vicente a\ufb01rm\u00f3 con \u00e9nfasis: <em>\u00abEstas m\u00e1ximas evang\u00e9licas\u00bb <\/em>cuyas son <em>\u00abla simplicidad, la humildad, la mansedumbre, la morti\ufb01caci\u00f3n y el celo por las almas\u00bb. <\/em>Y el padre Vicente a\ufb01rm\u00f3 con fuerza: <em>\u00abEsa fue su \ufb01nalidad, su gloria y su honor; de ah\u00ed hemos de deducir que, como nuestra intenci\u00f3n no debe ser otra m\u00e1s que la de seguir a nuestro Se\u00f1or y conformarnos a \u00e9l\u00bb <\/em>(SV XII, 299; ES XI, 584).<\/p>\n<p>Nosotros ponemos mucho empe\u00f1o en vivirlas para cultivar nues\u00adtra santidad como acabamos de a\ufb01rmarlo. Las virtudes nos sacan de la mediocridad, nos liberan <em>\u00abdel afecto a las cosas terrenas\u00bb <\/em>(SV XII, 300; ES XI, 584) y de <em>\u00abtres enemigos poderosamente morales&#8230; que son el bien, el placer y la libertad\u00bb. <\/em>\u00a1Qu\u00e9 bene\ufb01cio tan grande practicar \u00e9stas m\u00e1ximas evang\u00e9licas! <em>\u00abY ellas son las que le dan la libertad cris\u00adtiana a una persona. Hace alg\u00fan tiempo erais esclavos de las pasiones: el apego a las riquezas, a los placeres y a vuestra propia voluntad os ten\u00eda esclavizados; ahora est\u00e1is ya libres gracias a estas m\u00e1ximas; ni el mundo con sus enga\u00f1os, ni la carne con sus placeres, ni el demonio con sus enga\u00f1os, os pueden tener cautivos, ya que el amor a la pobreza, la morti\ufb01caci\u00f3n de vuestros placeres y la sumisi\u00f3n a la voluntad de Dios os hacen triunfar\u00bb <\/em>(SV XII, 301-302; ES XI, 585-586).<\/p>\n<p>Como hay muchas m\u00e1ximas evang\u00e9licas conviene releer todo el conjunto del Cap\u00edtulo II de las Reglas Comunes; nuestro fundador se concentra e insiste siempre en cinco de entre ellas: <em>\u00abEntre las cuales \u2014 ya que son muchas en n\u00famero \u2014 he escogido las que son propias del misiones; \u00bfcu\u00e1les son? Siempre he cre\u00eddo y he pensado que eran la sencillez, la humildad, la mansedumbre, la morti\ufb01caci\u00f3n y el celo\u00bb <\/em>(SV XII, 302; ES XI, 586).<\/p>\n<p><em>\u00abPrimero es la sencillez, que consiste en hacer todas las cosas por amor de Dios, sin tener otra \ufb01nalidad en todas las acciones m\u00e1s que su gloria. En eso es en lo que consiste propiamente la sencillez. Todos los actos de esta virtud consisten en decir las cosas sencillamente, sin doblez ni arti\ufb01cio; ir derecho a nuestro prop\u00f3sito, sin rodeos ni andar con recovecos. La sencillez consiste, por tanto, en hacerlo todo por amor de Dios, rechazando toda mezcla, ya que la simplicidad es la negaci\u00f3n de toda composici\u00f3n. Por eso, como en Dios no se da com\u00adposici\u00f3n alguna, decimos que es un acto pur\u00edsimo y un ser simplic\u00ed\u00adsimo. Por consiguiente, hay que desterrar cualquier mezcla, para buscar solamente a Dios. Pues bien, hermanos m\u00edos, si hay personas en el mundo que deben tener esta virtud, son los misioneros, ya que nuestra vida se emplea en ejercer actos de caridad para con Dios o para con el pr\u00f3jimo. Y en ambos casos hemos de proceder sencillamente, de forma que, si se trata de cosas que hemos de hacer, que se re\ufb01eren a Dios y dependen de nosotros, hay que huir de los arti\ufb01cios, ya que Dios se complace y comunica sus gracias solamente a las almas sencillas. Y si miramos a nuestro pr\u00f3jimo, como hemos de asistirle corporal y espiri\u00adtualmente, hemos de evitar parecer cautelosos, taimados, astutos, y sobre todo, no decir nunca una palabra de los sencillos. \u00bfQu\u00e9 lejos ha de estar todo eso de los misioneros?\u00bb <\/em>(SV XII, 302; ES XI, 586).<\/p>\n<p>Con sagacidad y con marca mayor, \u00a1la sencillez! En un encuesta hecha en el momento del aggiornamento posconciliar, se revel\u00f3 que lo que m\u00e1s le agradaba a los alumnos de los lazaristas franceses (algo realmente perceptible entonces en el cuerpo de profesores de los seminarios mayores y de las escuelas apost\u00f3licas) era precisamente la sencillez. La pr\u00e1ctica se incorpor\u00f3 al deseo de San Vicente. Me gusta mucho esta carta y la simp\u00e1tica admonici\u00f3n: <em>\u00ab\u00a1Adi\u00f3s la misi\u00f3n, adi\u00f3s su esp\u00edritu, si no tiene sencillez!\u00bb <\/em>(SV XII, 303; ES XI, 587).<\/p>\n<p>Sabemos, por otra parte, que en la conferencia que trata de la sencillez San Vicente testimonia su propia manera de actuar: <em>\u00abEsta es la virtud que m\u00e1s aprecio y en la que pongo m\u00e1s atenci\u00f3n en mi conducta\u00bb <\/em>(SV I, 284; ES I, 310) y a\u00f1ade: <em>\u00abDios me ha dado un apre\u00adcio tan grande a la sencillez, que la llamo mi evangelio\u00bb <\/em>(SV IX, 606; ES IX, 546).<\/p>\n<p>La segunda m\u00e1xima es la humildad: anonadarse delante de Dios, aniquilarse (\u00a1hoy esta expresi\u00f3n no suena bien porque preconiza el aniquilamiento!); sin embargo, se trata de algo muy positivo; lo que se pretende es <em>\u00abagradar a Dios en el coraz\u00f3n\u00bb <\/em>(SV XII, 304; ES XI, 587). Y la raz\u00f3n de este proceso de aniquilaci\u00f3n, que podr\u00eda expre\u00adsarse como k\u00e9nosis, es una raz\u00f3n apost\u00f3lica: <em>\u00abNuestra \ufb01nalidad con los pobres, la gente vulgar del pueblo, si nos acomodamos a ellos, no podremos servirles en nada; el medio para que podamos aprovecharles es la humildad, porque la humildad hace que nos anonademos y nos pongamos en las manos de Dios, soberano ser&#8230; yo dir\u00eda que es \u00e9se estado que conviene a la misi\u00f3n; y entonces hemos de temer que, si no somos as\u00ed, no tenemos el esp\u00edritu de verdaderos misioneros\u00bb <\/em>(SV XII, 305; ES XI, 588). Nos encontramos aqu\u00ed con un argumento muy t\u00edpico en San Vicente: todas las virtudes fundamentales tienen una \ufb01nalidad misionera, revelan nuestra vocaci\u00f3n, son \u00fatiles para nuestro apostolado y nos permiten vivir como testigos.<\/p>\n<p>La tercera m\u00e1xima es, como bien sabemos, de origen muy sale\u00adsiano: la mansedumbre. Tiene el mismo objetivo: soportar a aquellos a quienes evangelizamos, <em>\u00absi groseros, si ignorantes, si tontos, y por no decir, si bestias\u00bb (!). <\/em>Esta virtud permite ce\u00f1irse a la realidad sin ser agresivos, sino permaneciendo en estado de servicio. El testimonio de San Vicente es convincente: <em>\u00abLos mismos condenados a las galeras, con los que estuve alg\u00fan tiempo, se ganan por ese medio, cuando en alguna ocasi\u00f3n les habl\u00e9 secamente, todo se perdi\u00f3; por el contrario, cuando alab\u00e9 su resignaci\u00f3n, cuando me compadec\u00ed de sus sufrimien\u00adtos, cuando les dije que eran felices de poder tener su purgatorio en este mundo, cuando bes\u00e9 sus cadenas, cuando compart\u00ed sus dolores y mos\u00adtr\u00e9 a\ufb02icci\u00f3n por sus desgracias, entonces fue cuando me escucharon, dieron gloria a Dios y se pusieron en estado de salvaci\u00f3n\u00bb <\/em>(SV IV, 53; ES IV, 54-55).<\/p>\n<p>Desde aqu\u00ed se impone este esquema: la sencillez nos hace irra\u00addiar a Dios, la humildad nos reviste de \u00c9l y la mansedumbre nos pone en situaci\u00f3n de siervos. Esto quiere decir que estos tres acentos suponen un medio radical que es la morti\ufb01caci\u00f3n. Para vivir comu\u00adnitariamente<span id='easy-footnote-18-16647' class='easy-footnote-margin-adjust'><\/span><span class='easy-footnote'><a href='http:\/\/vincentians.com\/es\/vicente-de-paul-y-las-cinco-virtudes-fundamentales\/#easy-footnote-bottom-18-16647' title='Leer con inter\u00e9s: FERNANDO QUINTANO, &lt;em&gt;\u00abD\u00e9\ufb01s que la culture actuelle lance \u00e1 la Congr\u00e9gation de la Mission\u00bb, &lt;\/em&gt;en &lt;em&gt;Cahiers St Vincent, &lt;\/em&gt;bulletin des Lazaristes de France, N\u00ba 19, Primavera 2005, pp. 5-19 y sobretodo las p\u00e1ginas 14-17.'><sup>18<\/sup><\/a><\/span> <em>\u00absin rencillas\u00bb <\/em>(SV XII, 307; ES XI, 590) y para evan\u00adgelizar. \u00a1Entonces ser\u00e1 f\u00e1cil ascender al celo! <em>\u00abEl celo&#8230; consiste en un puro deseo de hacerse agradable a Dios y \u00fatil al pr\u00f3jimo. Celo de enten\u00adder el reino de Dios, celo de procurar la salvaci\u00f3n del pr\u00f3jimo. \u00bfHay en el mundo algo m\u00e1s perfecto? Si el amor de Dios es fuego, el celo es la llama; si el amor es un sol, el celo es un rayo. El celo es lo m\u00e1s puro que hay en el amor de Dios\u00bb <\/em>(SV XII, 307-308; ES XI, 590).<\/p>\n<p>En cuanto a la conclusi\u00f3n de San Vicente se re\ufb01ere, \u00e9sta es impe\u00adrativa y nos une m\u00e1s all\u00e1 de los siglos:<\/p>\n<p style=\"padding-left: 30px\"><em>\u00abEs menester que esas cinco virtudes sean como las facultades del alma de toda la congregaci\u00f3n; es menester que as\u00ed como el alma de conoce por el entendimiento, quiere por la voluntad y se acuerda por la memoria, tambi\u00e9n un misionero obre por esas virtudes\u00bb <\/em>(SV XII, 309; ES XI, 591) y m\u00e1s lejos a\u00fan como si martillaba este principio: <em>\u00abProcuremos cada uno encerrarnos en estas cinco virtudes, lo mismo que los caraco\u00adles a sus conchas, y hagamos que nuestras acciones sean expresi\u00f3n de estas virtudes\u00bb <\/em>(SV XII, 310; ES XI, 592).<\/p>\n<h3><strong>2. Ensayo de s\u00edntesis sobre las cinco virtudes <\/strong><\/h3>\n<p>Este art\u00edculo debe dar cuenta del pensamiento vicentino. Para resumir lo fundamental, he aqu\u00ed un intento modesto de s\u00edntesis.<\/p>\n<ol>\n<li>San Vicente nos invita a focalizar nuestra atenci\u00f3n en Cristo. Las virtudes fundamentales son ante todo cristol\u00f3gicas. San Vicente nos pide contemplar a Cristo sencillo (aut\u00e9ntico), humilde (ser\u00advidor), manso (\u00e9l se domina perfectamente), morti\ufb01cado (elige salvar el mundo en la cruz) y celoso, decimos ardiente (el celo de Dios lo devora: \u00abHe venido a traer fuego a la tierra&#8230;\u00bb (Lc 12,49).<\/li>\n<li>Nuestra vocaci\u00f3n nos acerca a los pobres; adoptar el comporta\u00admiento vicentino es revestirse de estas virtudes funcionales, pr\u00e1c\u00adticas. La \ufb01nalidad de las virtudes es fundamentalmente apost\u00f3\u00adlica, pastoral, misionera.<\/li>\n<li>Somos sencillos, humildes, mansos, morti\ufb01cados y celosos entre nosotros para estarlo mejor con aquellos de quienes somos res\u00adponsables. Ellos no comprender\u00edan que nosotros estemos por vocaci\u00f3n hechos en funci\u00f3n de ellos, sino en dependencia de Cristo y sin consecuencia pr\u00e1ctica sobre nuestro comporta\u00admiento con ellos, nuestro car\u00e1cter y nuestra propia psicolog\u00eda, ya que somos modi\ufb01cados por el principio de imitaci\u00f3n puesto en obra para los pobres.<\/li>\n<li>Se deben vivir las cinco virtudes en comunidad para que \u00e9stas sean m\u00e1s evangelizadoras. Nuestro primer compromiso implica el testimonio. La gente comprender\u00e1 mejor que tendemos hacia estas virtudes si comenzamos por vivirlas entre nosotros.<\/li>\n<li>Desde la de\ufb01nici\u00f3n de las virtudes que hemos hecho, vemos apa\u00adrecer unos puntos de insistencia que pueden agruparse en torno a la idea del compromiso, de la energ\u00eda, de la fuerza. Con certeza la actitud vicentina desde las cinco virtudes requiere de nosotros, en primer lugar, la voluntad. Porque como hombre de acci\u00f3n, el vicentino asume los riesgos, se atreve, emprende. Tiene \ufb01rmeza despu\u00e9s de haber tomado la decisi\u00f3n de ser mejor. Tiene esta voluntad porque est\u00e1 inundado por la <em>fuerza del amor. <\/em><\/li>\n<li>Todo esto implica una cierta no-violencia en favor de la verda\u00addera violencia. Hay un desplazamiento de la violencia. Nuestras energ\u00edas se emplean para luchar contra nosotros mismos a \ufb01n de volvernos buenos obreros para evangelizar a los pobres. Es pre\u00adciso hacerse violencia para controlar la c\u00f3lera y aparecer man\u00adsos; es necesario hacerse violencia para ser sencillos en un estilo de vida, en la manera de pensar y de expresarse, pues es m\u00e1s f\u00e1cil aparentar de sabio o importante; es necesario hacerse vio\u00adlencia para ser humildes al nivel de los peque\u00f1os, pues es m\u00e1s grati\ufb01cante vivir con los ricos y tener poder; es necesario hacerse violencia para optar por la cruz de nuestra vida, pues es f\u00e1cil huir del esfuerzo y del sacri\ufb01cio; es necesario, \ufb01nalmente, hacer\u00adse violencia para optar resueltamente por la irrupci\u00f3n del Reino de Dios, pues la pereza o la insensibilidad nos tientan. Este es el \u00fanico sentido aceptable de la morti\ufb01caci\u00f3n.<\/li>\n<li>La pr\u00e1ctica de las virtudes fundamentales no pueden existir sin la Gracia de Dios. S\u00f3lo el Esp\u00edritu da la fuerza para ser sencil\u00adlos, humildes, mansos, morti\ufb01cados y celosos. Para vivir as\u00ed, es necesario actuar en este sentido y orar para alcanzarlo. El hom\u00adbre de oraci\u00f3n es capaz de todo.<\/li>\n<li>Las cinco virtudes nos ponen en el camino de la Bienaventuran\u00adzas. No ser\u00e1 dif\u00edcil encontrar los puntos de convergencia en cada una de las Bienaventuranzas. Las cinco virtudes son un compen\u00addio del evangelio. S\u00ed, San Vicente dec\u00eda: <em>\u00abLa sencillez, he aqu\u00ed mi evangelio\u00bb, <\/em>nosotros podemos decir: <em>\u00abLas cinco virtudes, he aqu\u00ed nuestro evangelio\u00bb. <\/em><\/li>\n<li>Podemos, \ufb01nalmente, a\ufb01rmar que las cinco virtudes son <em>\u00abvirtu\u00addes de equilibrio \u00ab. <\/em>La expresi\u00f3n es del P. Jean Morin, poco tiempo antes de su muerte. Debemos decir que San Vicente es el santo del equilibrio. En \u00e9l, nada es excesivo. Al situarnos en la verdad con respecto a Dios, en la humildad con respecto a nues\u00adtro ser, en la mansedumbre con respecto a los otros y al poner nuestros pasos en aquellos del cruci\ufb01cado (por la morti\ufb01caci\u00f3n bien entendida), nos convertiremos en apasionados por el Reino (estaremos llenos de celo).<\/li>\n<\/ol>\n<h2><strong>Conclusi\u00f3n <\/strong><\/h2>\n<p>Porque San Vicente es un apasionado. Es un meridional que puso toda su energ\u00eda al servicio de Dios en los pobres. \u00c9l est\u00e1 habi\u00adtado por la pasi\u00f3n, por el entusiasmo, el ardor. Me parece que esta pasi\u00f3n por el Reino est\u00e1 muy presente en el texto que puede servir\u00adnos de meditaci\u00f3n \ufb01nal y que tiene un valor testamentario.<\/p>\n<p style=\"padding-left: 30px\">\u00abEn Madagascar los misioneros predican, con\ufb01esan, catequi\u00adzan continuamente desde las cuatro de la ma\u00f1ana hasta las diez, y luego desde las dos de la tarde hasta la noche; el resto del tiempo lo dedican al o\ufb01cio y a visitar a los enfermos. \u00a1Esos s\u00ed que son obreros! \u00a1Esos s\u00ed que son buenos misione\u00adros! \u00a1Quiera la bondad de Dios darnos ese esp\u00edritu, que los anima y un coraz\u00f3n grande, ancho, inmenso! Magni\ufb01cat anima mea Dominum: <em>es preciso que nuestra alma engran\u00addezca y ensalce a Dios, y para ello que Dios ensanche nuestra alma que nos d\u00e9 amplitud de entendimiento para conocer bien la grandeza, la inmensidad del poder y de la bondad de Dios; para conocer hasta d\u00f3nde llega la obligaci\u00f3n que tenemos de servirle, de glori\ufb01carle de todas las formas posibles; anchura de voluntad, para abrazar todas las ocasiones de procurar la glo\u00adria de Dios. Si, la Misi\u00f3n lo puede todo, porque tenemos en nosotros el germen de la omnipotencia de Jesucristo\u00bb <\/em>(24 de julio de 1655. SV XI, 203-204; ES XI, 122-123).<\/p>\n","protected":false},"excerpt":{"rendered":"<p>Es com\u00fan que los especialistas de San Vicente de Pa\u00fal a\ufb01rmen que \u00e9l no escribi\u00f3 nada de manera met\u00f3dica. Y tienen raz\u00f3n. Este santo no sinti\u00f3 la necesidad de la sistematizaci\u00f3n. \u00c9l es m\u00e1s anima\u00addor &#8230; <a href=\"http:\/\/vincentians.com\/es\/vicente-de-paul-y-las-cinco-virtudes-fundamentales\/\" class=\"more-link\">Read More<\/a><\/p>\n","protected":false},"author":4,"featured_media":399543,"comment_status":"open","ping_status":"open","sticky":false,"template":"","format":"standard","meta":{"jetpack_post_was_ever_published":false,"_jetpack_newsletter_access":"","_jetpack_dont_email_post_to_subs":false,"_jetpack_newsletter_tier_id":0,"_jetpack_memberships_contains_paywalled_content":false,"_jetpack_memberships_contains_paid_content":false,"footnotes":"","jetpack_publicize_message":"","jetpack_publicize_feature_enabled":true,"jetpack_social_post_already_shared":true,"jetpack_social_options":{"image_generator_settings":{"template":"highway","default_image_id":0,"font":"","enabled":false},"version":2}},"categories":[226],"tags":[218,175,144],"class_list":["post-16647","post","type-post","status-publish","format-standard","has-post-thumbnail","hentry","category-espiritualidad-vicenciana","tag-abelly","tag-folleville","tag-lambert"],"yoast_head":"<!-- This site is optimized with the Yoast SEO plugin v26.3 - https:\/\/yoast.com\/wordpress\/plugins\/seo\/ -->\n<title>Vicente de Pa\u00fal y las cinco virtudes fundamentales - Somos Vicencianos<\/title>\n<meta name=\"robots\" content=\"index, follow, max-snippet:-1, max-image-preview:large, max-video-preview:-1\" \/>\n<link rel=\"canonical\" href=\"http:\/\/vincentians.com\/es\/vicente-de-paul-y-las-cinco-virtudes-fundamentales\/\" \/>\n<meta property=\"og:locale\" content=\"es_ES\" \/>\n<meta property=\"og:type\" content=\"article\" \/>\n<meta property=\"og:title\" content=\"Vicente de Pa\u00fal y las cinco virtudes fundamentales - Somos Vicencianos\" \/>\n<meta property=\"og:description\" content=\"Es com\u00fan que los especialistas de San Vicente de Pa\u00fal a\ufb01rmen que \u00e9l no escribi\u00f3 nada de manera met\u00f3dica. Y tienen raz\u00f3n. Este santo no sinti\u00f3 la necesidad de la sistematizaci\u00f3n. \u00c9l es m\u00e1s anima\u00addor ... Read More\" \/>\n<meta property=\"og:url\" content=\"http:\/\/vincentians.com\/es\/vicente-de-paul-y-las-cinco-virtudes-fundamentales\/\" \/>\n<meta property=\"og:site_name\" content=\"Somos Vicencianos\" \/>\n<meta property=\"article:publisher\" content=\"https:\/\/www.facebook.com\/WeAreVincentians\/\" \/>\n<meta property=\"article:author\" content=\"https:\/\/www.facebook.com\/JavierChento\" \/>\n<meta property=\"article:published_time\" content=\"2017-05-29T06:07:16+00:00\" \/>\n<meta property=\"og:image\" content=\"https:\/\/i0.wp.com\/vincentians.com\/es\/wp-content\/uploads\/sites\/11\/2016\/08\/aaron.jpg?fit=560%2C280\" \/>\n\t<meta property=\"og:image:width\" content=\"560\" \/>\n\t<meta property=\"og:image:height\" content=\"280\" \/>\n\t<meta property=\"og:image:type\" content=\"image\/jpeg\" \/>\n<meta name=\"author\" content=\"Francisco Javier Fern\u00e1ndez Chento\" \/>\n<meta name=\"twitter:card\" content=\"summary_large_image\" \/>\n<meta name=\"twitter:creator\" content=\"@https:\/\/twitter.com\/javierchento\" \/>\n<meta name=\"twitter:site\" content=\"@WeVincentians\" \/>\n<meta name=\"twitter:label1\" content=\"Escrito por\" \/>\n\t<meta name=\"twitter:data1\" content=\"Francisco Javier Fern\u00e1ndez Chento\" \/>\n\t<meta name=\"twitter:label2\" content=\"Tiempo de lectura\" \/>\n\t<meta name=\"twitter:data2\" content=\"36 minutos\" \/>\n<script type=\"application\/ld+json\" class=\"yoast-schema-graph\">{\"@context\":\"https:\/\/schema.org\",\"@graph\":[{\"@type\":\"Article\",\"@id\":\"http:\/\/vincentians.com\/es\/vicente-de-paul-y-las-cinco-virtudes-fundamentales\/#article\",\"isPartOf\":{\"@id\":\"http:\/\/vincentians.com\/es\/vicente-de-paul-y-las-cinco-virtudes-fundamentales\/\"},\"author\":{\"name\":\"Francisco Javier Fern\u00e1ndez Chento\",\"@id\":\"http:\/\/vincentians.com\/es\/#\/schema\/person\/9623ef4d9aa3b2dfb8c061f1499288f2\"},\"headline\":\"Vicente de Pa\u00fal y las cinco virtudes fundamentales\",\"datePublished\":\"2017-05-29T06:07:16+00:00\",\"mainEntityOfPage\":{\"@id\":\"http:\/\/vincentians.com\/es\/vicente-de-paul-y-las-cinco-virtudes-fundamentales\/\"},\"wordCount\":7295,\"commentCount\":1,\"publisher\":{\"@id\":\"http:\/\/vincentians.com\/es\/#organization\"},\"image\":{\"@id\":\"http:\/\/vincentians.com\/es\/vicente-de-paul-y-las-cinco-virtudes-fundamentales\/#primaryimage\"},\"thumbnailUrl\":\"https:\/\/i0.wp.com\/vincentians.com\/es\/wp-content\/uploads\/sites\/11\/2016\/08\/aaron.jpg?fit=560%2C280\",\"keywords\":[\"Abelly\",\"Folleville\",\"Lambert\"],\"articleSection\":[\"Espiritualidad vicenciana\"],\"inLanguage\":\"es\",\"potentialAction\":[{\"@type\":\"CommentAction\",\"name\":\"Comment\",\"target\":[\"http:\/\/vincentians.com\/es\/vicente-de-paul-y-las-cinco-virtudes-fundamentales\/#respond\"]}]},{\"@type\":\"WebPage\",\"@id\":\"http:\/\/vincentians.com\/es\/vicente-de-paul-y-las-cinco-virtudes-fundamentales\/\",\"url\":\"http:\/\/vincentians.com\/es\/vicente-de-paul-y-las-cinco-virtudes-fundamentales\/\",\"name\":\"Vicente de Pa\u00fal y las cinco virtudes fundamentales - Somos Vicencianos\",\"isPartOf\":{\"@id\":\"http:\/\/vincentians.com\/es\/#website\"},\"primaryImageOfPage\":{\"@id\":\"http:\/\/vincentians.com\/es\/vicente-de-paul-y-las-cinco-virtudes-fundamentales\/#primaryimage\"},\"image\":{\"@id\":\"http:\/\/vincentians.com\/es\/vicente-de-paul-y-las-cinco-virtudes-fundamentales\/#primaryimage\"},\"thumbnailUrl\":\"https:\/\/i0.wp.com\/vincentians.com\/es\/wp-content\/uploads\/sites\/11\/2016\/08\/aaron.jpg?fit=560%2C280\",\"datePublished\":\"2017-05-29T06:07:16+00:00\",\"breadcrumb\":{\"@id\":\"http:\/\/vincentians.com\/es\/vicente-de-paul-y-las-cinco-virtudes-fundamentales\/#breadcrumb\"},\"inLanguage\":\"es\",\"potentialAction\":[{\"@type\":\"ReadAction\",\"target\":[\"http:\/\/vincentians.com\/es\/vicente-de-paul-y-las-cinco-virtudes-fundamentales\/\"]}]},{\"@type\":\"ImageObject\",\"inLanguage\":\"es\",\"@id\":\"http:\/\/vincentians.com\/es\/vicente-de-paul-y-las-cinco-virtudes-fundamentales\/#primaryimage\",\"url\":\"https:\/\/i0.wp.com\/vincentians.com\/es\/wp-content\/uploads\/sites\/11\/2016\/08\/aaron.jpg?fit=560%2C280\",\"contentUrl\":\"https:\/\/i0.wp.com\/vincentians.com\/es\/wp-content\/uploads\/sites\/11\/2016\/08\/aaron.jpg?fit=560%2C280\",\"width\":560,\"height\":280},{\"@type\":\"BreadcrumbList\",\"@id\":\"http:\/\/vincentians.com\/es\/vicente-de-paul-y-las-cinco-virtudes-fundamentales\/#breadcrumb\",\"itemListElement\":[{\"@type\":\"ListItem\",\"position\":1,\"name\":\"Portada\",\"item\":\"http:\/\/vincentians.com\/es\/\"},{\"@type\":\"ListItem\",\"position\":2,\"name\":\"Vicente de Pa\u00fal y las cinco virtudes fundamentales\"}]},{\"@type\":\"WebSite\",\"@id\":\"http:\/\/vincentians.com\/es\/#website\",\"url\":\"http:\/\/vincentians.com\/es\/\",\"name\":\"Somos Vicencianos\",\"description\":\"Know more to serve more\",\"publisher\":{\"@id\":\"http:\/\/vincentians.com\/es\/#organization\"},\"potentialAction\":[{\"@type\":\"SearchAction\",\"target\":{\"@type\":\"EntryPoint\",\"urlTemplate\":\"http:\/\/vincentians.com\/es\/?s={search_term_string}\"},\"query-input\":{\"@type\":\"PropertyValueSpecification\",\"valueRequired\":true,\"valueName\":\"search_term_string\"}}],\"inLanguage\":\"es\"},{\"@type\":\"Organization\",\"@id\":\"http:\/\/vincentians.com\/es\/#organization\",\"name\":\"The Vincentian Network\",\"url\":\"http:\/\/vincentians.com\/es\/\",\"logo\":{\"@type\":\"ImageObject\",\"inLanguage\":\"es\",\"@id\":\"http:\/\/vincentians.com\/es\/#\/schema\/logo\/image\/\",\"url\":\"https:\/\/i1.wp.com\/vincentians.com\/es\/wp-content\/uploads\/sites\/11\/2016\/06\/Vincentian-Network-logo-big.png?fit=778%2C778\",\"contentUrl\":\"https:\/\/i1.wp.com\/vincentians.com\/es\/wp-content\/uploads\/sites\/11\/2016\/06\/Vincentian-Network-logo-big.png?fit=778%2C778\",\"width\":778,\"height\":778,\"caption\":\"The Vincentian Network\"},\"image\":{\"@id\":\"http:\/\/vincentians.com\/es\/#\/schema\/logo\/image\/\"},\"sameAs\":[\"https:\/\/www.facebook.com\/WeAreVincentians\/\",\"https:\/\/x.com\/WeVincentians\"]},{\"@type\":\"Person\",\"@id\":\"http:\/\/vincentians.com\/es\/#\/schema\/person\/9623ef4d9aa3b2dfb8c061f1499288f2\",\"name\":\"Francisco Javier Fern\u00e1ndez Chento\",\"image\":{\"@type\":\"ImageObject\",\"inLanguage\":\"es\",\"@id\":\"http:\/\/vincentians.com\/es\/#\/schema\/person\/image\/\",\"url\":\"https:\/\/secure.gravatar.com\/avatar\/497d5cde87b4c3d097d0315953521681ba2cd523ee66e5077c3711f7021e65de?s=96&d=mm&r=g\",\"contentUrl\":\"https:\/\/secure.gravatar.com\/avatar\/497d5cde87b4c3d097d0315953521681ba2cd523ee66e5077c3711f7021e65de?s=96&d=mm&r=g\",\"caption\":\"Francisco Javier Fern\u00e1ndez Chento\"},\"description\":\"Director General y cofundador de La Red de Formaci\u00f3n Vicenciana. Javier es laico vicenciano, afiliado a la Congregaci\u00f3n de la Misi\u00f3n y miembro del Equipo de Misiones Populares de la provincia can\u00f3nica de Zaragoza (Espa\u00f1a) de la Congregaci\u00f3n de la Misi\u00f3n. Graduado en la Universidad Oberta de Catalunya con cuatro grados (Asistente de direcci\u00f3n, Gesti\u00f3n Administrativa, Recursos Humanos y Contabilidad Avanzada). Bil\u00edng\u00fce Espa\u00f1ol\/Ingl\u00e9s. gestiona y mantiene varias p\u00e1ginas web cristianas y vicencianas, incluida including La Red de Formaci\u00f3n Vicenciana, de la que es cofundador. Actualmente es responsable del \u00e1rea de Espa\u00f1ol de .famvin, la Red de Noticias de la Familia Vicenciana. Tambi\u00e9n es m\u00fasico cat\u00f3lico y ha editado varios discos. Es Director General y cofundador de Trovador, una reconocida compa\u00f1\u00eda discogr\u00e1fica critiana de Espa\u00f1a. Trabaja en las Tecnolog\u00edas de la Informaci\u00f3n, ofreciendo servicios de alojamiento, dise\u00f1o y mantenimiento Web, as\u00ed como asesoramiento, formaci\u00f3n y soluciones inform\u00e1ticas, gesti\u00f3n documental y digitalizaci\u00f3n de textos, edici\u00f3n y maquetaci\u00f3n de libros, revistas, flyers, etc.\",\"sameAs\":[\"http:\/\/chento.org\",\"https:\/\/www.facebook.com\/JavierChento\",\"https:\/\/x.com\/https:\/\/twitter.com\/javierchento\"],\"url\":\"http:\/\/vincentians.com\/es\/author\/chento\/\"}]}<\/script>\n<!-- \/ Yoast SEO plugin. -->","yoast_head_json":{"title":"Vicente de Pa\u00fal y las cinco virtudes fundamentales - Somos Vicencianos","robots":{"index":"index","follow":"follow","max-snippet":"max-snippet:-1","max-image-preview":"max-image-preview:large","max-video-preview":"max-video-preview:-1"},"canonical":"http:\/\/vincentians.com\/es\/vicente-de-paul-y-las-cinco-virtudes-fundamentales\/","og_locale":"es_ES","og_type":"article","og_title":"Vicente de Pa\u00fal y las cinco virtudes fundamentales - Somos Vicencianos","og_description":"Es com\u00fan que los especialistas de San Vicente de Pa\u00fal a\ufb01rmen que \u00e9l no escribi\u00f3 nada de manera met\u00f3dica. Y tienen raz\u00f3n. Este santo no sinti\u00f3 la necesidad de la sistematizaci\u00f3n. \u00c9l es m\u00e1s anima\u00addor ... Read More","og_url":"http:\/\/vincentians.com\/es\/vicente-de-paul-y-las-cinco-virtudes-fundamentales\/","og_site_name":"Somos Vicencianos","article_publisher":"https:\/\/www.facebook.com\/WeAreVincentians\/","article_author":"https:\/\/www.facebook.com\/JavierChento","article_published_time":"2017-05-29T06:07:16+00:00","og_image":[{"width":560,"height":280,"url":"https:\/\/i0.wp.com\/vincentians.com\/es\/wp-content\/uploads\/sites\/11\/2016\/08\/aaron.jpg?fit=560%2C280","type":"image\/jpeg"}],"author":"Francisco Javier Fern\u00e1ndez Chento","twitter_card":"summary_large_image","twitter_creator":"@https:\/\/twitter.com\/javierchento","twitter_site":"@WeVincentians","twitter_misc":{"Escrito por":"Francisco Javier Fern\u00e1ndez Chento","Tiempo de lectura":"36 minutos"},"schema":{"@context":"https:\/\/schema.org","@graph":[{"@type":"Article","@id":"http:\/\/vincentians.com\/es\/vicente-de-paul-y-las-cinco-virtudes-fundamentales\/#article","isPartOf":{"@id":"http:\/\/vincentians.com\/es\/vicente-de-paul-y-las-cinco-virtudes-fundamentales\/"},"author":{"name":"Francisco Javier Fern\u00e1ndez Chento","@id":"http:\/\/vincentians.com\/es\/#\/schema\/person\/9623ef4d9aa3b2dfb8c061f1499288f2"},"headline":"Vicente de Pa\u00fal y las cinco virtudes fundamentales","datePublished":"2017-05-29T06:07:16+00:00","mainEntityOfPage":{"@id":"http:\/\/vincentians.com\/es\/vicente-de-paul-y-las-cinco-virtudes-fundamentales\/"},"wordCount":7295,"commentCount":1,"publisher":{"@id":"http:\/\/vincentians.com\/es\/#organization"},"image":{"@id":"http:\/\/vincentians.com\/es\/vicente-de-paul-y-las-cinco-virtudes-fundamentales\/#primaryimage"},"thumbnailUrl":"https:\/\/i0.wp.com\/vincentians.com\/es\/wp-content\/uploads\/sites\/11\/2016\/08\/aaron.jpg?fit=560%2C280","keywords":["Abelly","Folleville","Lambert"],"articleSection":["Espiritualidad vicenciana"],"inLanguage":"es","potentialAction":[{"@type":"CommentAction","name":"Comment","target":["http:\/\/vincentians.com\/es\/vicente-de-paul-y-las-cinco-virtudes-fundamentales\/#respond"]}]},{"@type":"WebPage","@id":"http:\/\/vincentians.com\/es\/vicente-de-paul-y-las-cinco-virtudes-fundamentales\/","url":"http:\/\/vincentians.com\/es\/vicente-de-paul-y-las-cinco-virtudes-fundamentales\/","name":"Vicente de Pa\u00fal y las cinco virtudes fundamentales - Somos Vicencianos","isPartOf":{"@id":"http:\/\/vincentians.com\/es\/#website"},"primaryImageOfPage":{"@id":"http:\/\/vincentians.com\/es\/vicente-de-paul-y-las-cinco-virtudes-fundamentales\/#primaryimage"},"image":{"@id":"http:\/\/vincentians.com\/es\/vicente-de-paul-y-las-cinco-virtudes-fundamentales\/#primaryimage"},"thumbnailUrl":"https:\/\/i0.wp.com\/vincentians.com\/es\/wp-content\/uploads\/sites\/11\/2016\/08\/aaron.jpg?fit=560%2C280","datePublished":"2017-05-29T06:07:16+00:00","breadcrumb":{"@id":"http:\/\/vincentians.com\/es\/vicente-de-paul-y-las-cinco-virtudes-fundamentales\/#breadcrumb"},"inLanguage":"es","potentialAction":[{"@type":"ReadAction","target":["http:\/\/vincentians.com\/es\/vicente-de-paul-y-las-cinco-virtudes-fundamentales\/"]}]},{"@type":"ImageObject","inLanguage":"es","@id":"http:\/\/vincentians.com\/es\/vicente-de-paul-y-las-cinco-virtudes-fundamentales\/#primaryimage","url":"https:\/\/i0.wp.com\/vincentians.com\/es\/wp-content\/uploads\/sites\/11\/2016\/08\/aaron.jpg?fit=560%2C280","contentUrl":"https:\/\/i0.wp.com\/vincentians.com\/es\/wp-content\/uploads\/sites\/11\/2016\/08\/aaron.jpg?fit=560%2C280","width":560,"height":280},{"@type":"BreadcrumbList","@id":"http:\/\/vincentians.com\/es\/vicente-de-paul-y-las-cinco-virtudes-fundamentales\/#breadcrumb","itemListElement":[{"@type":"ListItem","position":1,"name":"Portada","item":"http:\/\/vincentians.com\/es\/"},{"@type":"ListItem","position":2,"name":"Vicente de Pa\u00fal y las cinco virtudes fundamentales"}]},{"@type":"WebSite","@id":"http:\/\/vincentians.com\/es\/#website","url":"http:\/\/vincentians.com\/es\/","name":"Somos Vicencianos","description":"Know more to serve more","publisher":{"@id":"http:\/\/vincentians.com\/es\/#organization"},"potentialAction":[{"@type":"SearchAction","target":{"@type":"EntryPoint","urlTemplate":"http:\/\/vincentians.com\/es\/?s={search_term_string}"},"query-input":{"@type":"PropertyValueSpecification","valueRequired":true,"valueName":"search_term_string"}}],"inLanguage":"es"},{"@type":"Organization","@id":"http:\/\/vincentians.com\/es\/#organization","name":"The Vincentian Network","url":"http:\/\/vincentians.com\/es\/","logo":{"@type":"ImageObject","inLanguage":"es","@id":"http:\/\/vincentians.com\/es\/#\/schema\/logo\/image\/","url":"https:\/\/i1.wp.com\/vincentians.com\/es\/wp-content\/uploads\/sites\/11\/2016\/06\/Vincentian-Network-logo-big.png?fit=778%2C778","contentUrl":"https:\/\/i1.wp.com\/vincentians.com\/es\/wp-content\/uploads\/sites\/11\/2016\/06\/Vincentian-Network-logo-big.png?fit=778%2C778","width":778,"height":778,"caption":"The Vincentian Network"},"image":{"@id":"http:\/\/vincentians.com\/es\/#\/schema\/logo\/image\/"},"sameAs":["https:\/\/www.facebook.com\/WeAreVincentians\/","https:\/\/x.com\/WeVincentians"]},{"@type":"Person","@id":"http:\/\/vincentians.com\/es\/#\/schema\/person\/9623ef4d9aa3b2dfb8c061f1499288f2","name":"Francisco Javier Fern\u00e1ndez Chento","image":{"@type":"ImageObject","inLanguage":"es","@id":"http:\/\/vincentians.com\/es\/#\/schema\/person\/image\/","url":"https:\/\/secure.gravatar.com\/avatar\/497d5cde87b4c3d097d0315953521681ba2cd523ee66e5077c3711f7021e65de?s=96&d=mm&r=g","contentUrl":"https:\/\/secure.gravatar.com\/avatar\/497d5cde87b4c3d097d0315953521681ba2cd523ee66e5077c3711f7021e65de?s=96&d=mm&r=g","caption":"Francisco Javier Fern\u00e1ndez Chento"},"description":"Director General y cofundador de La Red de Formaci\u00f3n Vicenciana. Javier es laico vicenciano, afiliado a la Congregaci\u00f3n de la Misi\u00f3n y miembro del Equipo de Misiones Populares de la provincia can\u00f3nica de Zaragoza (Espa\u00f1a) de la Congregaci\u00f3n de la Misi\u00f3n. Graduado en la Universidad Oberta de Catalunya con cuatro grados (Asistente de direcci\u00f3n, Gesti\u00f3n Administrativa, Recursos Humanos y Contabilidad Avanzada). Bil\u00edng\u00fce Espa\u00f1ol\/Ingl\u00e9s. gestiona y mantiene varias p\u00e1ginas web cristianas y vicencianas, incluida including La Red de Formaci\u00f3n Vicenciana, de la que es cofundador. Actualmente es responsable del \u00e1rea de Espa\u00f1ol de .famvin, la Red de Noticias de la Familia Vicenciana. Tambi\u00e9n es m\u00fasico cat\u00f3lico y ha editado varios discos. Es Director General y cofundador de Trovador, una reconocida compa\u00f1\u00eda discogr\u00e1fica critiana de Espa\u00f1a. Trabaja en las Tecnolog\u00edas de la Informaci\u00f3n, ofreciendo servicios de alojamiento, dise\u00f1o y mantenimiento Web, as\u00ed como asesoramiento, formaci\u00f3n y soluciones inform\u00e1ticas, gesti\u00f3n documental y digitalizaci\u00f3n de textos, edici\u00f3n y maquetaci\u00f3n de libros, revistas, flyers, etc.","sameAs":["http:\/\/chento.org","https:\/\/www.facebook.com\/JavierChento","https:\/\/x.com\/https:\/\/twitter.com\/javierchento"],"url":"http:\/\/vincentians.com\/es\/author\/chento\/"}]}},"jetpack_publicize_connections":[],"jetpack_featured_media_url":"https:\/\/i0.wp.com\/vincentians.com\/es\/wp-content\/uploads\/sites\/11\/2016\/08\/aaron.jpg?fit=560%2C280","jetpack_sharing_enabled":true,"jetpack_shortlink":"https:\/\/wp.me\/p7ETMF-4kv","jetpack-related-posts":[{"id":101815,"url":"http:\/\/vincentians.com\/es\/vida-del-senor-vicente-de-paul-nota-bibliografica-2\/","url_meta":{"origin":16647,"position":0},"title":"Vida del Se\u00f1or Vicente de Pa\u00fal: Nota bibliogr\u00e1fica","author":"Francisco Javier Fern\u00e1ndez Chento","date":"21\/05\/2015","format":false,"excerpt":"Nota bibliogr\u00e1fica Esta biograf\u00eda de san Vicente de Pa\u00fal se dedica a la memoria de Pierre Coste, C.M. (1873-1935), sin cuyo trabajo previo no hubiera podido ser escrita. Coste recogi\u00f3 pacientemente y public\u00f3 en trece vol\u00famenes pr\u00e1cticamente todos los es\u00adcritos procedentes de Vicente de Pa\u00fal o que se refieren a\u2026","rel":"","context":"En \u00abVicente de Pa\u00fal\u00bb","block_context":{"text":"Vicente de Pa\u00fal","link":"http:\/\/vincentians.com\/es\/category\/la-familia-vicenciana\/fundadores\/vicente-de-paul\/"},"img":{"alt_text":"sanvibiblia","src":"https:\/\/i0.wp.com\/vicencianos.org\/wp-content\/2012\/08\/sanvibiblia-300x300.png?resize=350%2C200","width":350,"height":200},"classes":[]},{"id":119600,"url":"http:\/\/vincentians.com\/es\/san-vicente-y-la-formacion\/","url_meta":{"origin":16647,"position":1},"title":"San Vicente y la formaci\u00f3n","author":"Francisco Javier Fern\u00e1ndez Chento","date":"06\/06\/2015","format":false,"excerpt":"El tema es amplio y sin ninguna duda importante. Ser\u00eda m\u00e1s f\u00e1cil ver a San Vicente destacar en distintos campos concretos: formador de las Damas de la caridad, de los miembros de la Congregaci\u00f3n de la Misi\u00f3n, de las Hijas de la Caridad, de los sacerdotes, de los ni\u00f1os, de\u2026","rel":"","context":"En \u00abFormaci\u00f3n Vicenciana\u00bb","block_context":{"text":"Formaci\u00f3n Vicenciana","link":"http:\/\/vincentians.com\/es\/category\/formacion-vicenciana\/"},"img":{"alt_text":"vicente_dibujo","src":"https:\/\/i0.wp.com\/vicencianos.org\/wp-content\/2011\/09\/vicente_dibujo-234x300.jpg?resize=350%2C200","width":350,"height":200},"classes":[]},{"id":117335,"url":"http:\/\/vincentians.com\/es\/evangelizar-siguiendo-a-san-vicente\/","url_meta":{"origin":16647,"position":2},"title":"Evangelizar siguiendo a san Vicente","author":"Francisco Javier Fern\u00e1ndez Chento","date":"14\/11\/2018","format":false,"excerpt":"Una de las opciones en Misiones Populares, tal y como lo hacemos los vicencianos, es el trabajo en equipo, que se compone de Consagrados (Pa\u00fales, Hijas de la Caridad, sacerdotes diocesanos\u2026) y Seglares Vicencianos. No lo hacemos as\u00ed por \"moda\", sino que es una de las urgencias en nuestra sociedad\u2026","rel":"","context":"En \u00abFormaci\u00f3n Vicenciana\u00bb","block_context":{"text":"Formaci\u00f3n Vicenciana","link":"http:\/\/vincentians.com\/es\/category\/formacion-vicenciana\/"},"img":{"alt_text":"","src":"https:\/\/i0.wp.com\/vincentians.com\/es\/wp-content\/uploads\/sites\/11\/2016\/09\/sencillos-como-palomas.jpg?fit=1200%2C630&resize=350%2C200","width":350,"height":200,"srcset":"https:\/\/i0.wp.com\/vincentians.com\/es\/wp-content\/uploads\/sites\/11\/2016\/09\/sencillos-como-palomas.jpg?fit=1200%2C630&resize=350%2C200 1x, https:\/\/i0.wp.com\/vincentians.com\/es\/wp-content\/uploads\/sites\/11\/2016\/09\/sencillos-como-palomas.jpg?fit=1200%2C630&resize=525%2C300 1.5x, https:\/\/i0.wp.com\/vincentians.com\/es\/wp-content\/uploads\/sites\/11\/2016\/09\/sencillos-como-palomas.jpg?fit=1200%2C630&resize=700%2C400 2x, https:\/\/i0.wp.com\/vincentians.com\/es\/wp-content\/uploads\/sites\/11\/2016\/09\/sencillos-como-palomas.jpg?fit=1200%2C630&resize=1050%2C600 3x"},"classes":[]},{"id":116383,"url":"http:\/\/vincentians.com\/es\/bibliografia-vicenciana-1960-1970-en-torno-a-la-espiritualidad-de-san-vicente\/","url_meta":{"origin":16647,"position":3},"title":"Bibliograf\u00eda Vicenciana 1960-1970 en torno a la espiritualidad de San Vicente","author":"Francisco Javier Fern\u00e1ndez Chento","date":"29\/07\/2021","format":false,"excerpt":"Lo que antes se llamaba Asc\u00e9tica y M\u00edstica, hoy se llama com\u00fanmen\u00adte Espiritualidad. Es una palabra tra\u00edda de Francia, como tantas otras, que tambi\u00e9n han hecho fortuna, m\u00e1s por moda que por convencimiento. As\u00ed se bautizan los tratados de Historia, desde Pourrat (1926) hasta Bouyer-Vandenbroucke (1963). El recomendar tan insistentemente\u2026","rel":"","context":"En \u00abFormaci\u00f3n Vicenciana\u00bb","block_context":{"text":"Formaci\u00f3n Vicenciana","link":"http:\/\/vincentians.com\/es\/category\/formacion-vicenciana\/"},"img":{"alt_text":"","src":"https:\/\/i0.wp.com\/vincentians.com\/es\/wp-content\/uploads\/sites\/11\/2015\/02\/St_Vincent_De_Paul_-bible-1.jpg?fit=1200%2C630&resize=350%2C200","width":350,"height":200,"srcset":"https:\/\/i0.wp.com\/vincentians.com\/es\/wp-content\/uploads\/sites\/11\/2015\/02\/St_Vincent_De_Paul_-bible-1.jpg?fit=1200%2C630&resize=350%2C200 1x, https:\/\/i0.wp.com\/vincentians.com\/es\/wp-content\/uploads\/sites\/11\/2015\/02\/St_Vincent_De_Paul_-bible-1.jpg?fit=1200%2C630&resize=525%2C300 1.5x, https:\/\/i0.wp.com\/vincentians.com\/es\/wp-content\/uploads\/sites\/11\/2015\/02\/St_Vincent_De_Paul_-bible-1.jpg?fit=1200%2C630&resize=700%2C400 2x, https:\/\/i0.wp.com\/vincentians.com\/es\/wp-content\/uploads\/sites\/11\/2015\/02\/St_Vincent_De_Paul_-bible-1.jpg?fit=1200%2C630&resize=1050%2C600 3x"},"classes":[]},{"id":116700,"url":"http:\/\/vincentians.com\/es\/caridad-en-san-vicente-de-paul\/","url_meta":{"origin":16647,"position":4},"title":"Caridad en San Vicente de Pa\u00fal","author":"Francisco Javier Fern\u00e1ndez Chento","date":"26\/10\/2018","format":false,"excerpt":"Introducci\u00f3n Hablar de la caridad en Vicente de Pa\u00fal en esta semana de Estudios Vicencianos significa hacer una \"relectura\" de la misma. Esta relectura implica no una simple exposici\u00f3n de lo que dijo e hizo Vicente de Pa\u00fal referente a la caridad, sino un volver a leer su ense\u00f1anza y\u2026","rel":"","context":"En \u00abFormaci\u00f3n Vicenciana\u00bb","block_context":{"text":"Formaci\u00f3n Vicenciana","link":"http:\/\/vincentians.com\/es\/category\/formacion-vicenciana\/"},"img":{"alt_text":"","src":"https:\/\/i0.wp.com\/vincentians.com\/es\/wp-content\/uploads\/sites\/11\/2017\/07\/San-Vicente-7.jpg?fit=600%2C416&resize=350%2C200","width":350,"height":200,"srcset":"https:\/\/i0.wp.com\/vincentians.com\/es\/wp-content\/uploads\/sites\/11\/2017\/07\/San-Vicente-7.jpg?fit=600%2C416&resize=350%2C200 1x, https:\/\/i0.wp.com\/vincentians.com\/es\/wp-content\/uploads\/sites\/11\/2017\/07\/San-Vicente-7.jpg?fit=600%2C416&resize=525%2C300 1.5x"},"classes":[]},{"id":119323,"url":"http:\/\/vincentians.com\/es\/historia-de-los-paules-en-cuba-capitulo-vii-bb\/","url_meta":{"origin":16647,"position":5},"title":"Historia de los Pa\u00fales en Cuba: Cap\u00edtulo VII (BB)","author":"Mitxel Olabu\u00e9naga","date":"11\/04\/2022","format":false,"excerpt":"El Almanaque de la Caridad En la medida en que se fueron incorporando a la Iglesia de la Merced los Padres Juan \u00c1lvarez, Miguel Guti\u00e9rrez, Ram\u00f3n Gaude, Hilario Chaurrondo e Isidro Navas, el apostolado de los Pa\u00fales se fue enriqueciendo cada vez m\u00e1s. En 1919 el P. Chaurrondo comenz\u00f3 a\u2026","rel":"","context":"En \u00abHistoria de la Congregaci\u00f3n de la Misi\u00f3n\u00bb","block_context":{"text":"Historia de la Congregaci\u00f3n de la Misi\u00f3n","link":"http:\/\/vincentians.com\/es\/category\/historia-de-la-familia-vicenciana\/historia-de-la-congregacion-de-la-mision\/"},"img":{"alt_text":"","src":"https:\/\/i0.wp.com\/vincentians.com\/es\/wp-content\/uploads\/sites\/11\/2013\/04\/Fort-Dauphin-1.jpg?fit=1200%2C791&resize=350%2C200","width":350,"height":200,"srcset":"https:\/\/i0.wp.com\/vincentians.com\/es\/wp-content\/uploads\/sites\/11\/2013\/04\/Fort-Dauphin-1.jpg?fit=1200%2C791&resize=350%2C200 1x, https:\/\/i0.wp.com\/vincentians.com\/es\/wp-content\/uploads\/sites\/11\/2013\/04\/Fort-Dauphin-1.jpg?fit=1200%2C791&resize=525%2C300 1.5x, https:\/\/i0.wp.com\/vincentians.com\/es\/wp-content\/uploads\/sites\/11\/2013\/04\/Fort-Dauphin-1.jpg?fit=1200%2C791&resize=700%2C400 2x, https:\/\/i0.wp.com\/vincentians.com\/es\/wp-content\/uploads\/sites\/11\/2013\/04\/Fort-Dauphin-1.jpg?fit=1200%2C791&resize=1050%2C600 3x"},"classes":[]}],"_links":{"self":[{"href":"http:\/\/vincentians.com\/es\/wp-json\/wp\/v2\/posts\/16647","targetHints":{"allow":["GET"]}}],"collection":[{"href":"http:\/\/vincentians.com\/es\/wp-json\/wp\/v2\/posts"}],"about":[{"href":"http:\/\/vincentians.com\/es\/wp-json\/wp\/v2\/types\/post"}],"author":[{"embeddable":true,"href":"http:\/\/vincentians.com\/es\/wp-json\/wp\/v2\/users\/4"}],"replies":[{"embeddable":true,"href":"http:\/\/vincentians.com\/es\/wp-json\/wp\/v2\/comments?post=16647"}],"version-history":[{"count":2,"href":"http:\/\/vincentians.com\/es\/wp-json\/wp\/v2\/posts\/16647\/revisions"}],"predecessor-version":[{"id":400694,"href":"http:\/\/vincentians.com\/es\/wp-json\/wp\/v2\/posts\/16647\/revisions\/400694"}],"wp:featuredmedia":[{"embeddable":true,"href":"http:\/\/vincentians.com\/es\/wp-json\/wp\/v2\/media\/399543"}],"wp:attachment":[{"href":"http:\/\/vincentians.com\/es\/wp-json\/wp\/v2\/media?parent=16647"}],"wp:term":[{"taxonomy":"category","embeddable":true,"href":"http:\/\/vincentians.com\/es\/wp-json\/wp\/v2\/categories?post=16647"},{"taxonomy":"post_tag","embeddable":true,"href":"http:\/\/vincentians.com\/es\/wp-json\/wp\/v2\/tags?post=16647"}],"curies":[{"name":"wp","href":"https:\/\/api.w.org\/{rel}","templated":true}]}}