{"id":16385,"date":"2022-02-18T08:47:44","date_gmt":"2022-02-18T07:47:44","guid":{"rendered":"http:\/\/somos.vicencianos.org\/blog\/?p=16385"},"modified":"2022-02-18T00:44:33","modified_gmt":"2022-02-17T23:44:33","slug":"francisco-regis-clet","status":"publish","type":"post","link":"http:\/\/vincentians.com\/es\/francisco-regis-clet\/","title":{"rendered":"Francisco R\u00e9gis Clet"},"content":{"rendered":"<p>\u00bfSucedi\u00f3 hace un siglo? \u00bfOcurri\u00f3 quiz\u00e1 ayer por la tarde? \u00bfHa salido en los peri\u00f3dicos de esta ma\u00f1ana la noticia de que un sacerdote franc\u00e9s ha sido asesinado en China? \u00bfO quiz\u00e1 ma\u00f1ana? \u00bfO siempre? Es una vieja historia. Desde el anciano Ignacio, el de Antioqu\u00eda, comido por los leones, hasta el sacerdote que quiz\u00e1s ahora est\u00e1 muriendo en una c\u00e1rcel de cualquier parte, la cadena de sacerdotes pasando de mano en mano la antorcha de la fe, manchada en sangre, no muere nunca, hasta el fin. Francisco R\u00e9gis Clet fue un eslab\u00f3n. Nadie ha dicho que t\u00fa o yo no podamos ser otro.<\/p>\n<p>Francisco Regis Clet fue un pa\u00fal franc\u00e9s. Francisco R\u00e9gis Clet fue durante catorce a\u00f1os profesor de teolog\u00eda de un seminario. Durante un a\u00f1o fue director de novicios. Durante veintisiete a\u00f1os fue misionero en China. Desde hace ciento veintiocho a\u00f1os es un habitante del cielo. No fue obispo. No fue predicador de Notre Dame. No muri\u00f3 joven, ni fue un santo arrollador en los que el brazo de Dios obra a modo de rel\u00e1mpago. Apenas hizo nada que no pueda hacer un profesor de seminario. Pero tuvo el coraje de subir paso a paso hasta la cumbre.<\/p>\n<p>Siempre quiso ser m\u00e1rtir, pero no muri\u00f3 m\u00e1rtir hasta los 72 a\u00f1os. Muri\u00f3 sin prisa, a\u00f1o a a\u00f1o, en Europa y en China, pensando siempre: \u00abPara m\u00ed, vivir es Cristo, y morir, una recompensa\u00bb. Una recompensa cuando Dios quiso, y mientras tanto evit\u00f3 la muerte que dejar\u00eda a muchos cristianos sin sacerdote, huy\u00f3 de las persecuciones chinas, se refugi\u00f3 con sus cristianos en las monta\u00f1as, se escondi\u00f3 en los pozos y en las cuevas, huy\u00f3 de casa en casa.<\/p>\n<p>Una ma\u00f1ana, disfrazado de comerciante, con una vasija de aceite en la mano, R\u00e9gis Clet sal\u00eda de la \u00faltima casa que le hab\u00eda servido de refugio. Aquella noche alguien le llam\u00f3 mientras dorm\u00eda:<\/p>\n<p>\u2014\u00bb\u00a1Francisco, Francisco, que vienen los soldados, lev\u00e1ntate!\u00bb<\/p>\n<p>Francisco sigui\u00f3 dormido. Entonces ese alguien le tir\u00f3 del brazo.<\/p>\n<p>\u2014\u00bbDe: manera que est\u00e1n los perseguidores a la puerta y t\u00fa duermes tan tranquilo.\u00bb<\/p>\n<p>Se levant\u00f3 de la cama. No vio a nadie. (\u00bfSer\u00e1 el \u00e1ngel?) Celebr\u00f3 la misa, se disfraz\u00f3 y abri\u00f3 la puerta para escapar. All\u00ed estaban los soldados. El cristiano renegado que ven\u00eda con ellos dijo:<\/p>\n<p>\u2014\u00bbEse es\u00bb.<\/p>\n<p>Francisco se adelant\u00f3.<\/p>\n<p>\u2014\u00bbAmigo, \u00bfa qu\u00e9 has venido?\u00bb<\/p>\n<p>Sab\u00eda muy bien que ning\u00fan lugar de prendimiento, aunque sea Ho-nan, all\u00e1 en China, est\u00e1 muy lejos de Getseman\u00ed. Ni tampoco est\u00e1 muy lejos del Calvario aquella cruz de Hou-pe donde muri\u00f3 dos a\u00f1os despu\u00e9s.<\/p>\n<p>El 17 de febrero de 1820 los soldados de la prisi\u00f3n de Hou-pe entraron en la celda donde estaba el padre Clet con el sacerdote nativo Chen. Dijeron a Clet:<\/p>\n<p>\u2014\u00bbS\u00edguenos\u00bb.<\/p>\n<p>\u2014\u00bb\u00bfMe volver\u00e9is de nuevo aqu\u00ed?\u00bb, \u2014pregunt\u00f3 Clet.<\/p>\n<p>Los soldados callaron. Entonces el padre Chen les mir\u00f3.<\/p>\n<p>\u2014\u00bbDecid, la verdad. Los europeos no temen la muerte.\u00bb<\/p>\n<p>\u2014\u00bbLa verdad es que no ha de volver.\u00bb<\/p>\n<p>El padre Clet pidi\u00f3 unos momentos para hablar con su compa\u00f1ero del que recibi\u00f3 por \u00faltima vez la absoluci\u00f3n sacramental. Quisieron darle unos vestidos nuevos para ir al suplicio por estar ya viejos los que llevaba. \u00abNo voy al suplicio como un m\u00e1rtir, contest\u00f3, voy como un penitente\u00bb. Antes de salir se volvi\u00f3 hacia los cristianos que lloraban tras \u00e9l, diciendo: \u00abNo abandon\u00e9is jam\u00e1s la fe\u00bb. Y sali\u00f3.<\/p>\n<p>Apenas hab\u00eda amanecido. En Pek\u00edn, a muchas leguas de all\u00ed, tampoco hab\u00eda amanecido ni amanecer\u00eda en todo el d\u00eda, ni al d\u00eda siguiente. Durante tres d\u00edas estuvo la ciudad envuelta en tinieblas cerrad\u00edsimas que muchos atribuyeron a castigo por el asesinato de Clet. En Hou-pe apenas hab\u00eda amanecido. Un grupo de soldados conduc\u00eda hacia las afueras de la ciudad a un viejecito de setenta y dos a\u00f1os, mal vestido, con su barba blanca demasiado larga, encorvado y gastado, pero sonriente. Llegaron al campo de los ajusticiados. Hab\u00eda all\u00ed una cruz, no muy alta. S\u00f3lo lo preciso para que un hombre pudiese morir en ella estrangulado. Clet, despu\u00e9s de haber estado un momento arrodillado junto a ella, levant\u00f3se diciendo: \u00abPod\u00e9is atarme ya\u00bb. Y le amarraron. Con las cuerdas, bajando desde el cuello, le sujetaron las manos a la espalda, y le ataron los pies, uno sobre otro.<\/p>\n<p>Ya no quedaba m\u00e1s que morir. Pero, en China, morir estrangulado es morir tres veces. El verdugo aprieta tres veces el cuello para hacer regustar el tremendo sabor de la muerte. Los cristianos pagaron a los verdugos para evitar que el suplicio fuese tan cruel con este pobre anciano. Pero fue in\u00fatil. El verdugo apret\u00f3 hasta el l\u00edmite de la muerte y solt\u00f3. Un momento m\u00e1s de vida para volver a morir. Un instante m\u00e1s para volver a ver los setenta y dos a\u00f1os de vida que se van.<\/p>\n<p>Dicen que al morir la vida aparece junta y m\u00e1s clara. Toda la vida como es, como un suspiro que dice el salmo. Francisco Regis Clet hab\u00eda reunido ahora, como en un pu\u00f1adico, todo lo que quedaba de su vida, todos los recuerdos. En su prisi\u00f3n, cuando volv\u00eda al calabozo despedazado, hecho polvo despu\u00e9s de las torturas de los interrogatorios, Francisco R\u00e9gis Clet no dorm\u00eda. Rezaba y recordaba durante toda la noche, arrodillado en un banquillo. Una noche el carcelero le vio as\u00ed, s\u00f3lo y despierto y a\u00fan sangrando. \u00ab\u00bfQu\u00e9 prodigio, pregunt\u00f3 a la ma\u00f1ana siguiente, qu\u00e9 prodigio quer\u00eda obtener este anciano que ha pasado de ese modo en vela toda la noche?\u00bb El prodigio de morir por Cristo, de ofrecerle todo lo que hab\u00eda sido su vida. Otro carcelero puso una cadena sobre el banquillo para que no se arrodillase. Pero \u00e9l hizo como si no se diese cuenta y se volvi\u00f3 a arrodillar all\u00ed, rezando Y recordando.<\/p>\n<p>Ahora, desde el umbral de la muerte, lo tiene todo fresco en la memoria, todo junto para ofrec\u00e9rselo a Dios. Desde la soga de estrangulado puede ver all\u00e1 lejos, m\u00e1s all\u00e1 de estas monta\u00f1as de China, mucho m\u00e1s all\u00e1 de lagos y bosques, la dulce Francia, y aquella ciudad de Grenoble, al pie de los Alpes, donde naci\u00f3 el 19 de agosto de 1748. Puede recordar a su padre, comerciante de tejidos, a su madre, Claudina Bourquy. Recordar su despedida para ingresar en el seminario de la Congregaci\u00f3n de la Misi\u00f3n de Lyon. Su ordenaci\u00f3n sacerdotal en 1773, sus a\u00f1os de profesor de teolog\u00eda en Annecy, donde era llamado \u00abbiblioteca ambulante\u00bb. Su marcha a Par\u00eds para la Asamblea General de la Congregaci\u00f3n, y su nombramiento de director de novicios. Y aquella noche del 12 al 13 de julio, cuando las turbas que hicieron la Revoluci\u00f3n Francesa asaltaron la casa de San L\u00e1zaro a las dos de la madrugada. \u00c9l, con los dem\u00e1s sacerdotes se hab\u00eda refugiado en las casas cercanas. Cuando volvieron al d\u00eda siguiente s\u00f3lo encontraron lo que queda despu\u00e9s de una tormenta, un mont\u00f3n de muebles y altares destrozados en medio de unas paredes desnudas. Y muy cerca de all\u00ed un cuerpo en su ata\u00fad. El cuerpo de Vicente de Pa\u00fal. Cuando las turbas, gritando, derrumb\u00e1ndolo todo, se encontraron de repente ante el cuerpo de San Vicente de Pa\u00fal, callaron. All\u00ed estaba el padre de los pobres, el hombre del pueblo, el \u00fanico coraz\u00f3n de Francia que pod\u00eda detener todas las revoluciones del hambre y del odio. Y dejando las hachas y descubriendo las cabezas, cargaron el ata\u00fad y en un silencio de muerte lo transportaron a la pr\u00f3xima iglesia.<\/p>\n<p>Francisco se acuerda de Vicente de Pa\u00fal. Siempre ha vivido bajo su luz. Hace ya veintinueve a\u00f1os, poco despu\u00e9s del asalto a San L\u00e1zaro, bes\u00f3 por \u00faltima vez sus reliquias.<\/p>\n<p>\u00a1Tantas cosas sucedieron hace veintinueve a\u00f1os! \u00a1Qu\u00e9 lejos qued\u00f3 Francia desde entonces! \u00a1Qu\u00e9 lejos su casa, su familia, su hermana Mar\u00eda Teresa! Mar\u00eda Teresa, la hermana mayor, hab\u00eda sido como una madre para los hermanos peque\u00f1os de la familia Clet. Francisco era el d\u00e9cimo de los quince hermanos. Son emocionantes las cartas de despedida entre los dos hermanos, antes de embarcarse Francisco para China. Mar\u00eda le escribi\u00f3 llorando que no les abandonase para siempre. Francisco contest\u00f3: \u00abAprovecho la noche que precede a mi salida para contestar a tu tiern\u00edsima carta. Ya esperaba yo que tu constante y dulce cari\u00f1o hacia m\u00ed no te hab\u00eda de permitir obedecer a la invitaci\u00f3n que te hac\u00eda de que no intentaras quebrantar mi proyecto&#8230; Las cosas han avanzado demasiado y no me arrepiento en modo alguno de mi conducta. No por falta de amor hacia ti, sino porque creo que en esto sigo los designios de la Providencia hacia m\u00ed\u00bb. Todo el cari\u00f1o m\u00e1s puro y m\u00e1s fuerte que puede contener el pecho de un hombre se levant\u00f3 entonces en el coraz\u00f3n de Francisco. Hace falta haber sufrido este g\u00e9nero de pena para comprenderlo. Mar\u00eda Teresa era para \u00e9l el amor de su madre muerta, el amor de la familia, el hogar, toda su infancia personalizada en una persona. Era la parte que en su vida hab\u00eda cabido al amor humano. Pero la voluntad de Dios estaba m\u00e1s all\u00e1 del mar. A pesar de todo, all\u00ed se ir\u00eda, pues. No se vieron al despedirse, no se habr\u00edan de volver a ver en la vida. Pero no importa. Unos momentos antes de embarcarse le escribi\u00f3 de nuevo: \u00bb &#8230; Ruega al Se\u00f1or que me haga cumplir exactamente su obra. Comunica otra vez mis afectos a mis queridos hermanos, as\u00ed como tambi\u00e9n a mi cu\u00f1ado y sobrinillos. Encomi\u00e9ndame a las oraciones de mi t\u00eda, de la carmelita, y persu\u00e1dete de que por muy apartado que de ti me halle, jam\u00e1s te olvidar\u00e9\u00bb. Y cruz\u00f3 el mar, dej\u00e1ndolo todo detr\u00e1s, dejando su tierra que amaba como un franc\u00e9s ama a Francia, dejando cuarenta y tres a\u00f1os, media vida, detr\u00e1s. Ahora estaba en China, ahora iba a morir. Pero, \u00abpor muy apartado que de ti me halle, jam\u00e1s te olvidar\u00e9\u00bb.<\/p>\n<p>Despu\u00e9s de un noviciado de costumbres y usos chinos, march\u00f3 a la misi\u00f3n del Kiang-si. Pero el lenguaje chino no se aprende en un d\u00eda. Francisco necesit\u00f3 toda su paciencia y tes\u00f3n para aprenderlo. Enseguida march\u00f3 al Hou-Kouang, subdividida en las provincias de Hou-pe y Ho-nan, donde hab\u00eda diez mil cristianos diseminados, refugiados en las monta\u00f1as por causa de la persecuci\u00f3n de 1784, y por miedo a los Peisien-kiao, bandas de sublevados contra el emperador. Y para tantos cristianos a veces cinco sacerdotes, a veces tres, a veces s\u00f3lo el padre Clet, caminando de monte en monte, disfrazado. \u00abPara ponernos al abrigo de una sorpresa, escribe, hemos formado, en uni\u00f3n de nuestros cristianos, campos fortificados en las cumbres de los montes\u00bb. Y ni aun esto bastaba, porque los revolucionarios ven\u00edan a cualquier hora quem\u00e1ndolo todo. As\u00ed, escribi\u00f3 Clet: \u00abHan visitado mi casa y se han llevado cuanto han querido; pero no la han incendiado. La casa tiene dos cuartos e invadieron el primero mientras yo me estaba tranquilamente en el segundo. No ten\u00edan m\u00e1s que abrir la puerta y me hubieran prendido. Pero no abrieron, sino que se entretuvieron en beberse el vino que encontraron, y despu\u00e9s se marcharon\u00bb. En medio del peligro sal\u00eda hacia grupos de cristianos que hac\u00eda veinte o treinta a\u00f1os no hab\u00edan visto un sacerdote. Y en los d\u00edas de descanso confesaba durante nueve o diez horas seguidas, y al final todav\u00eda conservaba su buen humor para decir: \u00abAqu\u00ed hay algunos cristianos tibios, pero gracias a Dios no existen fil\u00f3sofos ni mujeres te\u00f3logas\u00bb.<\/p>\n<p>A todos los rincones llegaba la fama de su abnegaci\u00f3n, sabidur\u00eda y santidad, y era considerado como el or\u00e1culo de los misioneros de China, seg\u00fan testimoniaba muchos a\u00f1os m\u00e1s tarde otro m\u00e1rtir de China, el Beato Gabriel Perboyre. Si un d\u00eda libraba del demonio a una mujer con s\u00f3lo tocarle con la estola, otro d\u00eda consegu\u00eda una lluvia torrencial despu\u00e9s de haberse puesto a rezar a petici\u00f3n de los cristianos, y de haberla anunciado. Un d\u00eda, navegando por el r\u00edo, le dijo el barquero: \u00abSi no se levanta un viento favorable que nos aleje de la orilla, le reconocer\u00e1n y prender\u00e1n\u00bb. No hab\u00eda el viento suficiente para hacer temblar la hoja de una flor de loto. Pero, de improviso, mientras rezaba, se levant\u00f3 un viento que alej\u00f3 la barca de la costa&#8230; Volv\u00eda otro d\u00eda a casa y unos paganos le esperaban en un recodo del camino para abalanzarse sobre \u00e9l y despojarle de cuanto llevaba. Pero no pudieron moverse de espanto al verle venir rodeado de luz y avanzando sin pisar el suelo.<\/p>\n<p>Bueno, ya estamos en el fin. Cu\u00e1nto ha tardado en llegar. \u00a1Hacerse viejo en los escondrijos, vivir sabiendo que el mandar\u00edn ha ofrecido tres mil tails y la condecoraci\u00f3n nacional por la cabeza de uno! \u00a1Y todav\u00eda en estas circunstancias tener valor y humor para escribir desde su escondite: \u00abNo deseo de las cosas de aqu\u00ed abajo m\u00e1s que un buen reloj de bolsillo, pues de los que me enviaron hace dos a\u00f1os s\u00f3lo uno est\u00e1 medianillo. Los otros se adelantan una o dos horas al d\u00eda; de pronto fueron asaltados de una calentura intermitente que los condujo a la muerte!\u00bb \u00a1Santo Dios! \u00abNo deseo de las cosas de aqu\u00ed abajo m\u00e1s que un buen reloj de bolsillo\u00bb. A los setenta a\u00f1os, perseguido, a punto de ser capturado y estrangulado tener serenidad y coraje para decir que no desea de las cosas de aqu\u00ed abajo m\u00e1s que un buen reloj de bolsillo. Nunca entenderemos la maravilla de sublimidad y sencillez de que est\u00e1 hecho un santo.<\/p>\n<p>Quiz\u00e1 ahora, ahora que est\u00e1 atado y a punto de ser estrangulado, entre sus pobres ropas, lleva su buen reloj de bolsillo. Desde ahora ya no importar\u00e1 que el reloj se atrase o se adelante, \u00bfverdad? Ya todo es lo mismo, Todo est\u00e1 cumplido. Los veinte meses de prisi\u00f3n tambi\u00e9n. Y todos sus tormentos.<\/p>\n<p>Pero a pesar de todo, a\u00fan se puede sonre\u00edr, a\u00fan est\u00e1 sonriendo, esperando a que el verdugo apriete definitivamente. Siempre ha sonre\u00eddo, pase lo que pase. Hasta entre los tormentos y los interrogatorios, de rodillas ante el tribunal. Mientras el tribunal estaba distra\u00eddo, dijo un d\u00eda el padre Lamiot, que acababa de llegar encadenado, al padre Clet:<\/p>\n<p>\u2014\u00bb\u00a1\u00c1nimo! me encomiendo a vuestras oraciones. \u00bfC\u00f3mo est\u00e1is?<\/p>\n<p>Entonces Clet sonri\u00f3:<\/p>\n<p>\u2014\u00bbYa no s\u00e9 hablar franc\u00e9s, ni lat\u00edn, ni chino\u00bb.<\/p>\n<p>Y, al verles sonre\u00edr, les separaron.<\/p>\n<p><em>C&#8217;est tout<\/em>. Sencillo y emocionante. De tanta sencillez que podr\u00eda hacer llorar. Pero el verdugo no llora; el verdugo aprieta. La pobre garganta ya no resistir\u00e1 m\u00e1s. Es la garganta de un profesor de seminario y la garganta de un ap\u00f3stol y la garganta de un habitante de las catacumbas. Eso, la garganta de un cristiano. Ahora ya no sabe hablar ni el franc\u00e9s del seminario, ni el chino de las misiones, ni el lat\u00edn de las catacumbas. Ahora ya no puede hablar. S\u00f3lo sonr\u00ede.<\/p>\n<p>&#8230; M\u00e1s all\u00e1 de las monta\u00f1as est\u00e1 Francia. M\u00e1s all\u00e1 de las nubes est\u00e1 Dios&#8230;<\/p>\n<p>El mandar\u00edn dio la se\u00f1al. El verdugo le apret\u00f3 por tercera vez la garganta, sin miedo, hasta el fin. Francisco R\u00e9gis Clet sonri\u00f3. Eso es, sonri\u00f3. Y muri\u00f3.<\/p>\n","protected":false},"excerpt":{"rendered":"<p>\u00bfSucedi\u00f3 hace un siglo? \u00bfOcurri\u00f3 quiz\u00e1 ayer por la tarde? \u00bfHa salido en los peri\u00f3dicos de esta ma\u00f1ana la noticia de que un sacerdote franc\u00e9s ha sido asesinado en China? \u00bfO quiz\u00e1 ma\u00f1ana? \u00bfO siempre? &#8230; <a href=\"http:\/\/vincentians.com\/es\/francisco-regis-clet\/\" class=\"more-link\">Read More<\/a><\/p>\n","protected":false},"author":4,"featured_media":399990,"comment_status":"open","ping_status":"open","sticky":false,"template":"","format":"standard","meta":{"jetpack_post_was_ever_published":false,"_jetpack_newsletter_access":"","_jetpack_dont_email_post_to_subs":false,"_jetpack_newsletter_tier_id":0,"_jetpack_memberships_contains_paywalled_content":false,"_jetpack_memberships_contains_paid_content":false,"footnotes":"","jetpack_publicize_message":"","jetpack_publicize_feature_enabled":true,"jetpack_social_post_already_shared":true,"jetpack_social_options":{"image_generator_settings":{"template":"highway","default_image_id":0,"font":"","enabled":false},"version":2}},"categories":[33],"tags":[196,143],"class_list":["post-16385","post","type-post","status-publish","format-standard","has-post-thumbnail","hentry","category-francisco-regis-clet","tag-perboyre","tag-san-lazaro"],"yoast_head":"<!-- This site is optimized with the Yoast SEO plugin v26.3 - https:\/\/yoast.com\/wordpress\/plugins\/seo\/ -->\n<title>Francisco R\u00e9gis Clet - Somos Vicencianos<\/title>\n<meta name=\"robots\" content=\"index, follow, max-snippet:-1, max-image-preview:large, max-video-preview:-1\" \/>\n<link rel=\"canonical\" href=\"http:\/\/vincentians.com\/es\/francisco-regis-clet\/\" \/>\n<meta property=\"og:locale\" content=\"es_ES\" \/>\n<meta property=\"og:type\" content=\"article\" \/>\n<meta property=\"og:title\" content=\"Francisco R\u00e9gis Clet - Somos Vicencianos\" \/>\n<meta property=\"og:description\" content=\"\u00bfSucedi\u00f3 hace un siglo? \u00bfOcurri\u00f3 quiz\u00e1 ayer por la tarde? \u00bfHa salido en los peri\u00f3dicos de esta ma\u00f1ana la noticia de que un sacerdote franc\u00e9s ha sido asesinado en China? \u00bfO quiz\u00e1 ma\u00f1ana? \u00bfO siempre? ... Read More\" \/>\n<meta property=\"og:url\" content=\"http:\/\/vincentians.com\/es\/francisco-regis-clet\/\" \/>\n<meta property=\"og:site_name\" content=\"Somos Vicencianos\" \/>\n<meta property=\"article:publisher\" content=\"https:\/\/www.facebook.com\/WeAreVincentians\/\" \/>\n<meta property=\"article:author\" content=\"https:\/\/www.facebook.com\/JavierChento\" \/>\n<meta property=\"article:published_time\" content=\"2022-02-18T07:47:44+00:00\" \/>\n<meta property=\"og:image\" content=\"https:\/\/i0.wp.com\/vincentians.com\/es\/wp-content\/uploads\/sites\/11\/2016\/09\/espiritu-de-jesus.jpg?fit=1200%2C630\" \/>\n\t<meta property=\"og:image:width\" content=\"1200\" \/>\n\t<meta property=\"og:image:height\" content=\"630\" \/>\n\t<meta property=\"og:image:type\" content=\"image\/jpeg\" \/>\n<meta name=\"author\" content=\"Francisco Javier Fern\u00e1ndez Chento\" \/>\n<meta name=\"twitter:card\" content=\"summary_large_image\" \/>\n<meta name=\"twitter:creator\" content=\"@https:\/\/twitter.com\/javierchento\" \/>\n<meta name=\"twitter:site\" content=\"@WeVincentians\" \/>\n<meta name=\"twitter:label1\" content=\"Escrito por\" \/>\n\t<meta name=\"twitter:data1\" content=\"Francisco Javier Fern\u00e1ndez Chento\" \/>\n\t<meta name=\"twitter:label2\" content=\"Tiempo de lectura\" \/>\n\t<meta name=\"twitter:data2\" content=\"14 minutos\" \/>\n<script type=\"application\/ld+json\" class=\"yoast-schema-graph\">{\"@context\":\"https:\/\/schema.org\",\"@graph\":[{\"@type\":\"Article\",\"@id\":\"http:\/\/vincentians.com\/es\/francisco-regis-clet\/#article\",\"isPartOf\":{\"@id\":\"http:\/\/vincentians.com\/es\/francisco-regis-clet\/\"},\"author\":{\"name\":\"Francisco Javier Fern\u00e1ndez Chento\",\"@id\":\"http:\/\/vincentians.com\/es\/#\/schema\/person\/9623ef4d9aa3b2dfb8c061f1499288f2\"},\"headline\":\"Francisco R\u00e9gis Clet\",\"datePublished\":\"2022-02-18T07:47:44+00:00\",\"mainEntityOfPage\":{\"@id\":\"http:\/\/vincentians.com\/es\/francisco-regis-clet\/\"},\"wordCount\":2712,\"commentCount\":0,\"publisher\":{\"@id\":\"http:\/\/vincentians.com\/es\/#organization\"},\"image\":{\"@id\":\"http:\/\/vincentians.com\/es\/francisco-regis-clet\/#primaryimage\"},\"thumbnailUrl\":\"https:\/\/i0.wp.com\/vincentians.com\/es\/wp-content\/uploads\/sites\/11\/2016\/09\/espiritu-de-jesus.jpg?fit=1200%2C630\",\"keywords\":[\"Perboyre\",\"San L\u00e1zaro\"],\"articleSection\":[\"Francisco R\u00e9gis Clet\"],\"inLanguage\":\"es\",\"potentialAction\":[{\"@type\":\"CommentAction\",\"name\":\"Comment\",\"target\":[\"http:\/\/vincentians.com\/es\/francisco-regis-clet\/#respond\"]}]},{\"@type\":\"WebPage\",\"@id\":\"http:\/\/vincentians.com\/es\/francisco-regis-clet\/\",\"url\":\"http:\/\/vincentians.com\/es\/francisco-regis-clet\/\",\"name\":\"Francisco R\u00e9gis Clet - Somos Vicencianos\",\"isPartOf\":{\"@id\":\"http:\/\/vincentians.com\/es\/#website\"},\"primaryImageOfPage\":{\"@id\":\"http:\/\/vincentians.com\/es\/francisco-regis-clet\/#primaryimage\"},\"image\":{\"@id\":\"http:\/\/vincentians.com\/es\/francisco-regis-clet\/#primaryimage\"},\"thumbnailUrl\":\"https:\/\/i0.wp.com\/vincentians.com\/es\/wp-content\/uploads\/sites\/11\/2016\/09\/espiritu-de-jesus.jpg?fit=1200%2C630\",\"datePublished\":\"2022-02-18T07:47:44+00:00\",\"breadcrumb\":{\"@id\":\"http:\/\/vincentians.com\/es\/francisco-regis-clet\/#breadcrumb\"},\"inLanguage\":\"es\",\"potentialAction\":[{\"@type\":\"ReadAction\",\"target\":[\"http:\/\/vincentians.com\/es\/francisco-regis-clet\/\"]}]},{\"@type\":\"ImageObject\",\"inLanguage\":\"es\",\"@id\":\"http:\/\/vincentians.com\/es\/francisco-regis-clet\/#primaryimage\",\"url\":\"https:\/\/i0.wp.com\/vincentians.com\/es\/wp-content\/uploads\/sites\/11\/2016\/09\/espiritu-de-jesus.jpg?fit=1200%2C630\",\"contentUrl\":\"https:\/\/i0.wp.com\/vincentians.com\/es\/wp-content\/uploads\/sites\/11\/2016\/09\/espiritu-de-jesus.jpg?fit=1200%2C630\",\"width\":1200,\"height\":630},{\"@type\":\"BreadcrumbList\",\"@id\":\"http:\/\/vincentians.com\/es\/francisco-regis-clet\/#breadcrumb\",\"itemListElement\":[{\"@type\":\"ListItem\",\"position\":1,\"name\":\"Portada\",\"item\":\"http:\/\/vincentians.com\/es\/\"},{\"@type\":\"ListItem\",\"position\":2,\"name\":\"Francisco R\u00e9gis Clet\"}]},{\"@type\":\"WebSite\",\"@id\":\"http:\/\/vincentians.com\/es\/#website\",\"url\":\"http:\/\/vincentians.com\/es\/\",\"name\":\"Somos Vicencianos\",\"description\":\"Know more to serve more\",\"publisher\":{\"@id\":\"http:\/\/vincentians.com\/es\/#organization\"},\"potentialAction\":[{\"@type\":\"SearchAction\",\"target\":{\"@type\":\"EntryPoint\",\"urlTemplate\":\"http:\/\/vincentians.com\/es\/?s={search_term_string}\"},\"query-input\":{\"@type\":\"PropertyValueSpecification\",\"valueRequired\":true,\"valueName\":\"search_term_string\"}}],\"inLanguage\":\"es\"},{\"@type\":\"Organization\",\"@id\":\"http:\/\/vincentians.com\/es\/#organization\",\"name\":\"The Vincentian Network\",\"url\":\"http:\/\/vincentians.com\/es\/\",\"logo\":{\"@type\":\"ImageObject\",\"inLanguage\":\"es\",\"@id\":\"http:\/\/vincentians.com\/es\/#\/schema\/logo\/image\/\",\"url\":\"https:\/\/i1.wp.com\/vincentians.com\/es\/wp-content\/uploads\/sites\/11\/2016\/06\/Vincentian-Network-logo-big.png?fit=778%2C778\",\"contentUrl\":\"https:\/\/i1.wp.com\/vincentians.com\/es\/wp-content\/uploads\/sites\/11\/2016\/06\/Vincentian-Network-logo-big.png?fit=778%2C778\",\"width\":778,\"height\":778,\"caption\":\"The Vincentian Network\"},\"image\":{\"@id\":\"http:\/\/vincentians.com\/es\/#\/schema\/logo\/image\/\"},\"sameAs\":[\"https:\/\/www.facebook.com\/WeAreVincentians\/\",\"https:\/\/x.com\/WeVincentians\"]},{\"@type\":\"Person\",\"@id\":\"http:\/\/vincentians.com\/es\/#\/schema\/person\/9623ef4d9aa3b2dfb8c061f1499288f2\",\"name\":\"Francisco Javier Fern\u00e1ndez Chento\",\"image\":{\"@type\":\"ImageObject\",\"inLanguage\":\"es\",\"@id\":\"http:\/\/vincentians.com\/es\/#\/schema\/person\/image\/\",\"url\":\"https:\/\/secure.gravatar.com\/avatar\/497d5cde87b4c3d097d0315953521681ba2cd523ee66e5077c3711f7021e65de?s=96&d=mm&r=g\",\"contentUrl\":\"https:\/\/secure.gravatar.com\/avatar\/497d5cde87b4c3d097d0315953521681ba2cd523ee66e5077c3711f7021e65de?s=96&d=mm&r=g\",\"caption\":\"Francisco Javier Fern\u00e1ndez Chento\"},\"description\":\"Director General y cofundador de La Red de Formaci\u00f3n Vicenciana. Javier es laico vicenciano, afiliado a la Congregaci\u00f3n de la Misi\u00f3n y miembro del Equipo de Misiones Populares de la provincia can\u00f3nica de Zaragoza (Espa\u00f1a) de la Congregaci\u00f3n de la Misi\u00f3n. Graduado en la Universidad Oberta de Catalunya con cuatro grados (Asistente de direcci\u00f3n, Gesti\u00f3n Administrativa, Recursos Humanos y Contabilidad Avanzada). Bil\u00edng\u00fce Espa\u00f1ol\/Ingl\u00e9s. gestiona y mantiene varias p\u00e1ginas web cristianas y vicencianas, incluida including La Red de Formaci\u00f3n Vicenciana, de la que es cofundador. Actualmente es responsable del \u00e1rea de Espa\u00f1ol de .famvin, la Red de Noticias de la Familia Vicenciana. Tambi\u00e9n es m\u00fasico cat\u00f3lico y ha editado varios discos. Es Director General y cofundador de Trovador, una reconocida compa\u00f1\u00eda discogr\u00e1fica critiana de Espa\u00f1a. Trabaja en las Tecnolog\u00edas de la Informaci\u00f3n, ofreciendo servicios de alojamiento, dise\u00f1o y mantenimiento Web, as\u00ed como asesoramiento, formaci\u00f3n y soluciones inform\u00e1ticas, gesti\u00f3n documental y digitalizaci\u00f3n de textos, edici\u00f3n y maquetaci\u00f3n de libros, revistas, flyers, etc.\",\"sameAs\":[\"http:\/\/chento.org\",\"https:\/\/www.facebook.com\/JavierChento\",\"https:\/\/x.com\/https:\/\/twitter.com\/javierchento\"],\"url\":\"http:\/\/vincentians.com\/es\/author\/chento\/\"}]}<\/script>\n<!-- \/ Yoast SEO plugin. -->","yoast_head_json":{"title":"Francisco R\u00e9gis Clet - Somos Vicencianos","robots":{"index":"index","follow":"follow","max-snippet":"max-snippet:-1","max-image-preview":"max-image-preview:large","max-video-preview":"max-video-preview:-1"},"canonical":"http:\/\/vincentians.com\/es\/francisco-regis-clet\/","og_locale":"es_ES","og_type":"article","og_title":"Francisco R\u00e9gis Clet - Somos Vicencianos","og_description":"\u00bfSucedi\u00f3 hace un siglo? \u00bfOcurri\u00f3 quiz\u00e1 ayer por la tarde? \u00bfHa salido en los peri\u00f3dicos de esta ma\u00f1ana la noticia de que un sacerdote franc\u00e9s ha sido asesinado en China? \u00bfO quiz\u00e1 ma\u00f1ana? \u00bfO siempre? ... Read More","og_url":"http:\/\/vincentians.com\/es\/francisco-regis-clet\/","og_site_name":"Somos Vicencianos","article_publisher":"https:\/\/www.facebook.com\/WeAreVincentians\/","article_author":"https:\/\/www.facebook.com\/JavierChento","article_published_time":"2022-02-18T07:47:44+00:00","og_image":[{"width":1200,"height":630,"url":"https:\/\/i0.wp.com\/vincentians.com\/es\/wp-content\/uploads\/sites\/11\/2016\/09\/espiritu-de-jesus.jpg?fit=1200%2C630","type":"image\/jpeg"}],"author":"Francisco Javier Fern\u00e1ndez Chento","twitter_card":"summary_large_image","twitter_creator":"@https:\/\/twitter.com\/javierchento","twitter_site":"@WeVincentians","twitter_misc":{"Escrito por":"Francisco Javier Fern\u00e1ndez Chento","Tiempo de lectura":"14 minutos"},"schema":{"@context":"https:\/\/schema.org","@graph":[{"@type":"Article","@id":"http:\/\/vincentians.com\/es\/francisco-regis-clet\/#article","isPartOf":{"@id":"http:\/\/vincentians.com\/es\/francisco-regis-clet\/"},"author":{"name":"Francisco Javier Fern\u00e1ndez Chento","@id":"http:\/\/vincentians.com\/es\/#\/schema\/person\/9623ef4d9aa3b2dfb8c061f1499288f2"},"headline":"Francisco R\u00e9gis Clet","datePublished":"2022-02-18T07:47:44+00:00","mainEntityOfPage":{"@id":"http:\/\/vincentians.com\/es\/francisco-regis-clet\/"},"wordCount":2712,"commentCount":0,"publisher":{"@id":"http:\/\/vincentians.com\/es\/#organization"},"image":{"@id":"http:\/\/vincentians.com\/es\/francisco-regis-clet\/#primaryimage"},"thumbnailUrl":"https:\/\/i0.wp.com\/vincentians.com\/es\/wp-content\/uploads\/sites\/11\/2016\/09\/espiritu-de-jesus.jpg?fit=1200%2C630","keywords":["Perboyre","San L\u00e1zaro"],"articleSection":["Francisco R\u00e9gis Clet"],"inLanguage":"es","potentialAction":[{"@type":"CommentAction","name":"Comment","target":["http:\/\/vincentians.com\/es\/francisco-regis-clet\/#respond"]}]},{"@type":"WebPage","@id":"http:\/\/vincentians.com\/es\/francisco-regis-clet\/","url":"http:\/\/vincentians.com\/es\/francisco-regis-clet\/","name":"Francisco R\u00e9gis Clet - Somos Vicencianos","isPartOf":{"@id":"http:\/\/vincentians.com\/es\/#website"},"primaryImageOfPage":{"@id":"http:\/\/vincentians.com\/es\/francisco-regis-clet\/#primaryimage"},"image":{"@id":"http:\/\/vincentians.com\/es\/francisco-regis-clet\/#primaryimage"},"thumbnailUrl":"https:\/\/i0.wp.com\/vincentians.com\/es\/wp-content\/uploads\/sites\/11\/2016\/09\/espiritu-de-jesus.jpg?fit=1200%2C630","datePublished":"2022-02-18T07:47:44+00:00","breadcrumb":{"@id":"http:\/\/vincentians.com\/es\/francisco-regis-clet\/#breadcrumb"},"inLanguage":"es","potentialAction":[{"@type":"ReadAction","target":["http:\/\/vincentians.com\/es\/francisco-regis-clet\/"]}]},{"@type":"ImageObject","inLanguage":"es","@id":"http:\/\/vincentians.com\/es\/francisco-regis-clet\/#primaryimage","url":"https:\/\/i0.wp.com\/vincentians.com\/es\/wp-content\/uploads\/sites\/11\/2016\/09\/espiritu-de-jesus.jpg?fit=1200%2C630","contentUrl":"https:\/\/i0.wp.com\/vincentians.com\/es\/wp-content\/uploads\/sites\/11\/2016\/09\/espiritu-de-jesus.jpg?fit=1200%2C630","width":1200,"height":630},{"@type":"BreadcrumbList","@id":"http:\/\/vincentians.com\/es\/francisco-regis-clet\/#breadcrumb","itemListElement":[{"@type":"ListItem","position":1,"name":"Portada","item":"http:\/\/vincentians.com\/es\/"},{"@type":"ListItem","position":2,"name":"Francisco R\u00e9gis Clet"}]},{"@type":"WebSite","@id":"http:\/\/vincentians.com\/es\/#website","url":"http:\/\/vincentians.com\/es\/","name":"Somos Vicencianos","description":"Know more to serve more","publisher":{"@id":"http:\/\/vincentians.com\/es\/#organization"},"potentialAction":[{"@type":"SearchAction","target":{"@type":"EntryPoint","urlTemplate":"http:\/\/vincentians.com\/es\/?s={search_term_string}"},"query-input":{"@type":"PropertyValueSpecification","valueRequired":true,"valueName":"search_term_string"}}],"inLanguage":"es"},{"@type":"Organization","@id":"http:\/\/vincentians.com\/es\/#organization","name":"The Vincentian Network","url":"http:\/\/vincentians.com\/es\/","logo":{"@type":"ImageObject","inLanguage":"es","@id":"http:\/\/vincentians.com\/es\/#\/schema\/logo\/image\/","url":"https:\/\/i1.wp.com\/vincentians.com\/es\/wp-content\/uploads\/sites\/11\/2016\/06\/Vincentian-Network-logo-big.png?fit=778%2C778","contentUrl":"https:\/\/i1.wp.com\/vincentians.com\/es\/wp-content\/uploads\/sites\/11\/2016\/06\/Vincentian-Network-logo-big.png?fit=778%2C778","width":778,"height":778,"caption":"The Vincentian Network"},"image":{"@id":"http:\/\/vincentians.com\/es\/#\/schema\/logo\/image\/"},"sameAs":["https:\/\/www.facebook.com\/WeAreVincentians\/","https:\/\/x.com\/WeVincentians"]},{"@type":"Person","@id":"http:\/\/vincentians.com\/es\/#\/schema\/person\/9623ef4d9aa3b2dfb8c061f1499288f2","name":"Francisco Javier Fern\u00e1ndez Chento","image":{"@type":"ImageObject","inLanguage":"es","@id":"http:\/\/vincentians.com\/es\/#\/schema\/person\/image\/","url":"https:\/\/secure.gravatar.com\/avatar\/497d5cde87b4c3d097d0315953521681ba2cd523ee66e5077c3711f7021e65de?s=96&d=mm&r=g","contentUrl":"https:\/\/secure.gravatar.com\/avatar\/497d5cde87b4c3d097d0315953521681ba2cd523ee66e5077c3711f7021e65de?s=96&d=mm&r=g","caption":"Francisco Javier Fern\u00e1ndez Chento"},"description":"Director General y cofundador de La Red de Formaci\u00f3n Vicenciana. Javier es laico vicenciano, afiliado a la Congregaci\u00f3n de la Misi\u00f3n y miembro del Equipo de Misiones Populares de la provincia can\u00f3nica de Zaragoza (Espa\u00f1a) de la Congregaci\u00f3n de la Misi\u00f3n. Graduado en la Universidad Oberta de Catalunya con cuatro grados (Asistente de direcci\u00f3n, Gesti\u00f3n Administrativa, Recursos Humanos y Contabilidad Avanzada). Bil\u00edng\u00fce Espa\u00f1ol\/Ingl\u00e9s. gestiona y mantiene varias p\u00e1ginas web cristianas y vicencianas, incluida including La Red de Formaci\u00f3n Vicenciana, de la que es cofundador. Actualmente es responsable del \u00e1rea de Espa\u00f1ol de .famvin, la Red de Noticias de la Familia Vicenciana. Tambi\u00e9n es m\u00fasico cat\u00f3lico y ha editado varios discos. Es Director General y cofundador de Trovador, una reconocida compa\u00f1\u00eda discogr\u00e1fica critiana de Espa\u00f1a. Trabaja en las Tecnolog\u00edas de la Informaci\u00f3n, ofreciendo servicios de alojamiento, dise\u00f1o y mantenimiento Web, as\u00ed como asesoramiento, formaci\u00f3n y soluciones inform\u00e1ticas, gesti\u00f3n documental y digitalizaci\u00f3n de textos, edici\u00f3n y maquetaci\u00f3n de libros, revistas, flyers, etc.","sameAs":["http:\/\/chento.org","https:\/\/www.facebook.com\/JavierChento","https:\/\/x.com\/https:\/\/twitter.com\/javierchento"],"url":"http:\/\/vincentians.com\/es\/author\/chento\/"}]}},"jetpack_publicize_connections":[],"jetpack_featured_media_url":"https:\/\/i0.wp.com\/vincentians.com\/es\/wp-content\/uploads\/sites\/11\/2016\/09\/espiritu-de-jesus.jpg?fit=1200%2C630","jetpack_sharing_enabled":true,"jetpack_shortlink":"https:\/\/wp.me\/p7ETMF-4gh","jetpack-related-posts":[{"id":17293,"url":"http:\/\/vincentians.com\/es\/regis-clet-carta-08-a-juan-felix-caylai-superior-general-en-paris\/","url_meta":{"origin":16385,"position":0},"title":"R\u00e9gis Clet, Carta 08: A Juan-F\u00e9lix Caylai, Superior General, en Par\u00eds","author":"Francisco Javier Fern\u00e1ndez Chento","date":"10\/04\/2010","format":false,"excerpt":"CARTA 8: Colecci\u00f3n de la principales Circulares de los Superiores Generales de la Congregaci\u00f3n de la Misi\u00f3n. Par\u00eds. II. p. 257. Hacia 1794 Los Padres Clet, Aubin y Pesn\u00e9 que trabajan en las provincias de este vasto imperio de China, me han consolado mucho con el relato de sus trabajos\u2026","rel":"","context":"En \u00abEscritos de Francisco R\u00e9gis Clet\u00bb","block_context":{"text":"Escritos de Francisco R\u00e9gis Clet","link":"http:\/\/vincentians.com\/es\/category\/escritos\/escritos-de-francisco-regis-clet\/"},"img":{"alt_text":"","src":"https:\/\/i0.wp.com\/vincentians.com\/es\/wp-content\/uploads\/sites\/11\/2016\/07\/escritos-regis-clet.jpg?fit=1200%2C630&resize=350%2C200","width":350,"height":200,"srcset":"https:\/\/i0.wp.com\/vincentians.com\/es\/wp-content\/uploads\/sites\/11\/2016\/07\/escritos-regis-clet.jpg?fit=1200%2C630&resize=350%2C200 1x, https:\/\/i0.wp.com\/vincentians.com\/es\/wp-content\/uploads\/sites\/11\/2016\/07\/escritos-regis-clet.jpg?fit=1200%2C630&resize=525%2C300 1.5x, https:\/\/i0.wp.com\/vincentians.com\/es\/wp-content\/uploads\/sites\/11\/2016\/07\/escritos-regis-clet.jpg?fit=1200%2C630&resize=700%2C400 2x, https:\/\/i0.wp.com\/vincentians.com\/es\/wp-content\/uploads\/sites\/11\/2016\/07\/escritos-regis-clet.jpg?fit=1200%2C630&resize=1050%2C600 3x"},"classes":[]},{"id":11321,"url":"http:\/\/vincentians.com\/es\/francisco-regis-clet-biografia-01\/","url_meta":{"origin":16385,"position":1},"title":"Francisco R\u00e9gis Clet, biograf\u00eda (01)","author":"Francisco Javier Fern\u00e1ndez Chento","date":"09\/02\/2015","format":false,"excerpt":"1. Los or\u00edgenes La regi\u00f3n El car\u00e1cter de un hombre queda marcado por sus or\u00edgenes, su regi\u00f3n, su familia, su primera formaci\u00f3n, su siglo. Tan solo de Mel\u00adquisedec se dice en la Escritura que no ten\u00eda ni padre ni madre ni gene\u00adalog\u00eda (Hb 7. 3). El santo misionero cuya vida\u2026","rel":"","context":"En \u00abFrancisco R\u00e9gis Clet\u00bb","block_context":{"text":"Francisco R\u00e9gis Clet","link":"http:\/\/vincentians.com\/es\/category\/la-familia-vicenciana\/la-familia-vicenciana-en-los-altares\/santos\/francisco-regis-clet\/"},"img":{"alt_text":"","src":"https:\/\/i0.wp.com\/vicencianos.org\/wp-content\/2010\/02\/regis-clet1-300x300.jpg?resize=350%2C200","width":350,"height":200},"classes":[]},{"id":11328,"url":"http:\/\/vincentians.com\/es\/francisco-regis-clet-biografia-04\/","url_meta":{"origin":16385,"position":2},"title":"Francisco R\u00e9gis Clet, biograf\u00eda (04)","author":"Francisco Javier Fern\u00e1ndez Chento","date":"12\/02\/2015","format":false,"excerpt":"4. Los comienzos en China La estancia en Macao Los portugueses hab\u00edan recibido autorizaci\u00f3n para establecerse en la pen\u00ednsula rocosa de Macao, despu\u00e9s que una de sus escuadras limpi\u00f3 en 1557 la costa china de los piratas que la infestaban. Los misio\u00adneros pasaban a China por Macao. En Macao hab\u00eda\u2026","rel":"","context":"En \u00abFrancisco R\u00e9gis Clet\u00bb","block_context":{"text":"Francisco R\u00e9gis Clet","link":"http:\/\/vincentians.com\/es\/category\/la-familia-vicenciana\/la-familia-vicenciana-en-los-altares\/santos\/francisco-regis-clet\/"},"img":{"alt_text":"","src":"https:\/\/i0.wp.com\/vicencianos.org\/wp-content\/2010\/02\/regis-clet1-300x300.jpg?resize=350%2C200","width":350,"height":200},"classes":[]},{"id":36887,"url":"http:\/\/vincentians.com\/es\/regis-clet-carta-61-respuesta-a-una-suplica-del-bienaventurado-clet-del-latin\/","url_meta":{"origin":16385,"position":3},"title":"R\u00e9gis Clet, Carta 61: Respuesta A Una S\u00faplica Del Bienaventurado Clet (Del Lat\u00edn)","author":"Francisco Javier Fern\u00e1ndez Chento","date":"16\/05\/2011","format":false,"excerpt":"De la audiencia concedida por Su Santidad el d\u00eda 26 de abril de 1818. A los muy humildes ruegos del Reverendo Padre Francisco Regis Clet, de la Congregaci\u00f3n de la Misi\u00f3n, activo tiempo ha en la remota provincia de Hu-kuang, de China: Nuestro Sant\u00edsimo Padre P\u00edo, por la Providencia divina\u2026","rel":"","context":"En \u00abEscritos de Francisco R\u00e9gis Clet\u00bb","block_context":{"text":"Escritos de Francisco R\u00e9gis Clet","link":"http:\/\/vincentians.com\/es\/category\/escritos\/escritos-de-francisco-regis-clet\/"},"img":{"alt_text":"","src":"https:\/\/i0.wp.com\/vincentians.com\/es\/wp-content\/uploads\/sites\/11\/2016\/07\/escritos-regis-clet.jpg?fit=1200%2C630&resize=350%2C200","width":350,"height":200,"srcset":"https:\/\/i0.wp.com\/vincentians.com\/es\/wp-content\/uploads\/sites\/11\/2016\/07\/escritos-regis-clet.jpg?fit=1200%2C630&resize=350%2C200 1x, https:\/\/i0.wp.com\/vincentians.com\/es\/wp-content\/uploads\/sites\/11\/2016\/07\/escritos-regis-clet.jpg?fit=1200%2C630&resize=525%2C300 1.5x, https:\/\/i0.wp.com\/vincentians.com\/es\/wp-content\/uploads\/sites\/11\/2016\/07\/escritos-regis-clet.jpg?fit=1200%2C630&resize=700%2C400 2x, https:\/\/i0.wp.com\/vincentians.com\/es\/wp-content\/uploads\/sites\/11\/2016\/07\/escritos-regis-clet.jpg?fit=1200%2C630&resize=1050%2C600 3x"},"classes":[]},{"id":36989,"url":"http:\/\/vincentians.com\/es\/el-amor-hasta-sus-ultimas-consecuencias-francisco-regis-clet-1748-1820\/","url_meta":{"origin":16385,"position":4},"title":"\u201cEl amor hasta sus \u00faltimas consecuencias\u201d: Francisco Regis Clet (1748-1820)","author":"Francisco Javier Fern\u00e1ndez Chento","date":"18\/02\/2022","format":false,"excerpt":"I \u2013 Descubriendo el amor 1. La infancia de una vida Grenoble, \"la rebelde\", cuenta con cerca de 30.000 habitantes en el a\u00f1o de 1748. La familia Clet vive en la calle Porte Traine, en el No. 14, cerca del taller del comerciante de telas, el cual da empleo al\u2026","rel":"","context":"En \u00abFrancisco R\u00e9gis Clet\u00bb","block_context":{"text":"Francisco R\u00e9gis Clet","link":"http:\/\/vincentians.com\/es\/category\/la-familia-vicenciana\/la-familia-vicenciana-en-los-altares\/santos\/francisco-regis-clet\/"},"img":{"alt_text":"","src":"https:\/\/i0.wp.com\/vincentians.com\/es\/wp-content\/uploads\/sites\/11\/2016\/09\/espiritu-de-jesus.jpg?fit=1200%2C630&resize=350%2C200","width":350,"height":200,"srcset":"https:\/\/i0.wp.com\/vincentians.com\/es\/wp-content\/uploads\/sites\/11\/2016\/09\/espiritu-de-jesus.jpg?fit=1200%2C630&resize=350%2C200 1x, https:\/\/i0.wp.com\/vincentians.com\/es\/wp-content\/uploads\/sites\/11\/2016\/09\/espiritu-de-jesus.jpg?fit=1200%2C630&resize=525%2C300 1.5x, https:\/\/i0.wp.com\/vincentians.com\/es\/wp-content\/uploads\/sites\/11\/2016\/09\/espiritu-de-jesus.jpg?fit=1200%2C630&resize=700%2C400 2x, https:\/\/i0.wp.com\/vincentians.com\/es\/wp-content\/uploads\/sites\/11\/2016\/09\/espiritu-de-jesus.jpg?fit=1200%2C630&resize=1050%2C600 3x"},"classes":[]},{"id":17739,"url":"http:\/\/vincentians.com\/es\/regis-clet-carta-11-a-nicolas-raux-en-pekin\/","url_meta":{"origin":16385,"position":5},"title":"R\u00e9gis Clet, Carta 11: A Nicol\u00e1s Raux, En Pek\u00edn","author":"Francisco Javier Fern\u00e1ndez Chento","date":"13\/04\/2010","format":false,"excerpt":"1798? Me escribe (el Padre Clet) que, bien pensado delante de Dios, se mantiene firme e invariable esperando la voluntad de Dios en medio de sus cristianos.","rel":"","context":"En \u00abEscritos de Francisco R\u00e9gis Clet\u00bb","block_context":{"text":"Escritos de Francisco R\u00e9gis Clet","link":"http:\/\/vincentians.com\/es\/category\/escritos\/escritos-de-francisco-regis-clet\/"},"img":{"alt_text":"","src":"https:\/\/i0.wp.com\/vincentians.com\/es\/wp-content\/uploads\/sites\/11\/2016\/07\/escritos-regis-clet.jpg?fit=1200%2C630&resize=350%2C200","width":350,"height":200,"srcset":"https:\/\/i0.wp.com\/vincentians.com\/es\/wp-content\/uploads\/sites\/11\/2016\/07\/escritos-regis-clet.jpg?fit=1200%2C630&resize=350%2C200 1x, https:\/\/i0.wp.com\/vincentians.com\/es\/wp-content\/uploads\/sites\/11\/2016\/07\/escritos-regis-clet.jpg?fit=1200%2C630&resize=525%2C300 1.5x, https:\/\/i0.wp.com\/vincentians.com\/es\/wp-content\/uploads\/sites\/11\/2016\/07\/escritos-regis-clet.jpg?fit=1200%2C630&resize=700%2C400 2x, https:\/\/i0.wp.com\/vincentians.com\/es\/wp-content\/uploads\/sites\/11\/2016\/07\/escritos-regis-clet.jpg?fit=1200%2C630&resize=1050%2C600 3x"},"classes":[]}],"_links":{"self":[{"href":"http:\/\/vincentians.com\/es\/wp-json\/wp\/v2\/posts\/16385","targetHints":{"allow":["GET"]}}],"collection":[{"href":"http:\/\/vincentians.com\/es\/wp-json\/wp\/v2\/posts"}],"about":[{"href":"http:\/\/vincentians.com\/es\/wp-json\/wp\/v2\/types\/post"}],"author":[{"embeddable":true,"href":"http:\/\/vincentians.com\/es\/wp-json\/wp\/v2\/users\/4"}],"replies":[{"embeddable":true,"href":"http:\/\/vincentians.com\/es\/wp-json\/wp\/v2\/comments?post=16385"}],"version-history":[{"count":1,"href":"http:\/\/vincentians.com\/es\/wp-json\/wp\/v2\/posts\/16385\/revisions"}],"predecessor-version":[{"id":402823,"href":"http:\/\/vincentians.com\/es\/wp-json\/wp\/v2\/posts\/16385\/revisions\/402823"}],"wp:featuredmedia":[{"embeddable":true,"href":"http:\/\/vincentians.com\/es\/wp-json\/wp\/v2\/media\/399990"}],"wp:attachment":[{"href":"http:\/\/vincentians.com\/es\/wp-json\/wp\/v2\/media?parent=16385"}],"wp:term":[{"taxonomy":"category","embeddable":true,"href":"http:\/\/vincentians.com\/es\/wp-json\/wp\/v2\/categories?post=16385"},{"taxonomy":"post_tag","embeddable":true,"href":"http:\/\/vincentians.com\/es\/wp-json\/wp\/v2\/tags?post=16385"}],"curies":[{"name":"wp","href":"https:\/\/api.w.org\/{rel}","templated":true}]}}