{"id":16381,"date":"2025-02-18T09:10:42","date_gmt":"2025-02-18T08:10:42","guid":{"rendered":"http:\/\/somos.vicencianos.org\/blog\/?p=16381"},"modified":"2025-02-18T09:05:46","modified_gmt":"2025-02-18T08:05:46","slug":"san-francisco-regis-clet","status":"publish","type":"post","link":"http:\/\/vincentians.com\/es\/san-francisco-regis-clet\/","title":{"rendered":"San Francisco R\u00e9gis Clet"},"content":{"rendered":"<p>Esta biograf\u00eda de San Francisco R\u00e9gis s\u00f3lo presenta algunos de sus acontecimientos m\u00e1s importantes. Es s\u00f3lo una rese\u00f1a breve de su vida, que, por cierto, es muy poco conocida. Son contadas las biograf\u00edas en espa\u00f1ol e incluso en franc\u00e9s de este venerable santo.<\/p>\n<p>La vida de una persona se desarrolla dentro de un tiempo y un lugar en donde se dan acontecimientos sociales. La vida de nuestro santo no es la excepci\u00f3n. Por eso, de manera muy global, veremos el ambiente en el que le toc\u00f3 vivir. Son dos los lugares donde se desenvolvi\u00f3: el primero en su pa\u00eds natal, Francia; y el segundo en el lugar al que am\u00f3 como a su misma tierra, al grado de desgastar su vida en \u00e9l, el pa\u00eds del sol naciente: China.<\/p>\n<p>Francia es el pa\u00eds en donde nace Francisco R\u00e9gis Clet, en Grenoble, peque\u00f1o pueblo cercano a los Alpes. Francisco vio por primera ves la luz del sol un 19 de Agosto de 1748. Su infancia y juventud la pas\u00f3 muy tranquilamente, como cualquier ni\u00f1o o joven franc\u00e9s de su edad, nunca imagin\u00f3 lo que la historia traer\u00eda para su pa\u00eds y para su vida. joven franc\u00e9s de su edad, nunca imagin\u00f3 lo que la historia traer\u00eda para su pa\u00eds y para su vida.<\/p>\n<p>En estos primeros a\u00f1os de vida de Francisco, Francia viv\u00eda en estabilidad, se respiraba una gran tranquilidad, por lo menos dentro del pa\u00eds, ya que fuera perd\u00eda las colonias que ten\u00eda en Canad\u00e1, India y E.U. Esto pas\u00f3 desapercibido para gran parte de los franceses, ya que las noticias tardaban meses en llegar, pues los medios de comunicaci\u00f3n entre un continente y otro eran muy lentos.<\/p>\n<h2><strong><em>La Revoluci\u00f3n Francesa<\/em><\/strong><\/h2>\n<p>Sin embargo, esa paz y tranquilidad cambiar\u00edan dr\u00e1sticamente. En 1774 muere Luis XV y lo sucede en el trono Luis XVI. Con su entronizaci\u00f3n comenzaron a soplar los vientos de \u00ablibertad, igualdad y justicia\u00bb. Luis XVI comenz\u00f3 apoyando incondicionalmente a los rebeldes, nunca imagin\u00f3 que le tocar\u00eda vivir en carne propia un suceso de tal magnitud.<\/p>\n<p>Francia pasar\u00eda los a\u00f1os venideros por acontecimientos que marcar\u00edan su historia y la historia universal: la depresi\u00f3n econ\u00f3mica, la debilidad del poder real, las reformas econ\u00f3micas y sociales, la agitaci\u00f3n del pueblo a partir de las ideas de los enciclopedistas. Par\u00eds entr\u00f3 en el caos revolucionario. Francisco pudo vivirlo y presenciarlo, ya que el hecho que anunci\u00f3 el estallido de la revoluci\u00f3n francesa m\u00e1s que la toma de la Bastilla como se suele escribir, fue el saqueo de la casa madre de los PP. Vicentinos, la casa de San L\u00e1zaro.<\/p>\n<h2><strong><em>Las misiones de China<\/em><\/strong><\/h2>\n<p>\u00bfPero qu\u00e9 pasaba en esos momentos en el gran imperio del sol naciente?<\/p>\n<p>La misi\u00f3n en la que desempe\u00f1ar\u00eda nuestro santo su trabajo apost\u00f3lico se encontraba enmarcada por el Hoang Ho (r\u00edo amarillo), y el Yan-tse-ki-ang (r\u00edo azul). Las carreteras eran rocosas por lo que la mayor\u00eda de las personas se transportaban en balsas a trav\u00e9s de estos grandes r\u00edos.<\/p>\n<p>En cuanto a la religi\u00f3n, en China se profesaban desde hac\u00eda ya muchos siglos el budismo, el confusionismo y el tao\u00edsmo, tan parecidas que muchos los practicaban de manera simultanea.<\/p>\n<p>Un aspecto que no puede pasar desapercibido es el pol\u00edtico, ya que los misioneros llegados a tierras orientales desempe\u00f1aban cargos muy cercanos a los emperadores, relacionados con la ciencia, astronom\u00eda, medicina, relojer\u00eda, m\u00fasica. Este sistema de evangelizaci\u00f3n comenz\u00f3 en el siglo XIV cuando a\u00fan dominaba en el imperio la dinast\u00eda Ming. Fueron los jesuitas quienes implantaron este sistema, muy efectivo, ya que lograron cautivar con su ciencia a los emperadores gan\u00e1ndose su confianza y protecci\u00f3n.<\/p>\n<p>En el siglo XVII se adue\u00f1an del gobierno chino los t\u00e1rtaros de Manchuria, cuya dinast\u00eda dur\u00f3 por muchos a\u00f1os en el poder (1644-1912). Las pol\u00edticas entre los misioneros y emperadores tendr\u00edan un gran cambio. Los problemas surgieron por la controversia de los ritos chinos. Como era de esperarse, los jesuitas tomaron la posici\u00f3n m\u00e1s liberal. Pero en 1742 intervino el Papa Clemente XIV, dando un fallo desfavorable para los ritos chinos. El emperador en turno, Kang-Si, no ocult\u00f3 su ira a pesar de la simpat\u00eda que en su momento llego a tener por los misioneros.<\/p>\n<p>Los siglos venideros ser\u00e1n de persecuciones y sufrimientos para los misioneros cat\u00f3licos.<\/p>\n<p>La Congregaci\u00f3n de la Misi\u00f3n en China tiene una gran tradici\u00f3n misionera, comenzada por dos grandes misioneros italianos, los padres Luis Appiani y Juan M\u00fcllener, seguidos tiempo despu\u00e9s por el padre Teodorico Pedrini. Vinieron m\u00e1s tarde los misioneros franceses con el cometido de reemplazar a los jesuitas que hab\u00edan sido suprimidos. La tarea de estos misioneros no fue nada f\u00e1cil, ya que tuvieron que adoptar las caracter\u00edsticas principales de esta cultura, desde la vestimenta hasta el lenguaje con sus innumerables caracteres. Algunos de los misioneros vicentinos formaron parte de la comitiva del emperador ocupando cargos de astr\u00f3nomos, f\u00edsicos y relojeros.<\/p>\n<p>El sistema pol\u00edtico estaba organizado de la siguiente manera: <strong>el emperador <\/strong>ten\u00eda sus <strong>virreyes, <\/strong>que eran los que ten\u00edan la autoridad despu\u00e9s de \u00e9l, aunque no pod\u00edan ejecutar sentencias de muerte sin el consentimiento del Emperador. Luego estaban los <strong>mandarines <\/strong>que eran funcionarios encargados de gobernar una ciudad o de aplicar la justicia; los mandarines ten\u00edan a su cargo a los <strong>sat\u00e9lites <\/strong>que eran los que aplicaban las ordenes de los mandarines (nosotros los conocemos como polic\u00edas).<\/p>\n<p>Los tiempos tra\u00edan grandes acontecimientos tanto en Francia como en el vasto imperio oriental, y a Francisco le toc\u00f3 vivirlos. No fue un hombre alejado de la realidad, fue un hombre de su tiempo.<\/p>\n<h2><strong><em>La doble Familia<\/em><\/strong><\/h2>\n<p>Francisco R\u00e9gis Clet nace el 19 de agosto de 1748 en un peque\u00f1o pueblo franc\u00e9s llamado Grenoble, el d\u00e9cimo de quince hermanos (8 mujeres y 7 hombres). Sus padres fueron Cesario Clet, y Claudina Bourguy.<\/p>\n<p>La familia Clet era originaria de un poblado vecino a Grenoble: Varces. Cesario Clet era comerciante de lienzos; para buscar una estabilidad econ\u00f3mica decidi\u00f3 marcharse a Grenoble en donde con tes\u00f3n en el trabajo logro salir adelante y situarse como una de las familias m\u00e1s estimadas y con una posici\u00f3n econ\u00f3mica estable.<\/p>\n<p>La educaci\u00f3n que Francisco recibi\u00f3 de sus padres fue una educaci\u00f3n s\u00f3lida en al fe, en el santo temor de Dios, en el amor a la creaci\u00f3n y en la donaci\u00f3n de s\u00ed. No es por ello extra\u00f1o que tres de los quince hermanos consagraron sus vidas a Dios. El primero, llamado Francisco, nacido en 1744, ingres\u00f3 en la cartuja de La Valbonne; y una hermana llamada Ana, profesar\u00eda en el Carmelo de Grenoble. Como vemos nuestro santo se encontraba aclimatado a una atm\u00f3sfera de amor a Dios y as\u00ed transcurrieron sus primeros a\u00f1os. Dios iba se\u00f1alando paso a paso, en un ambiente de alegr\u00eda y piedad, lo que ser\u00eda en un futuro su destino.<\/p>\n<p>Hizo su primera comuni\u00f3n el 20 de marzo de 1760, cuando ten\u00eda cerca de doce a\u00f1os, en la misma parroquia donde fue bautizado un d\u00eda despu\u00e9s de su nacimiento. Y con ello comienza Francisco una etapa de maduraci\u00f3n, que para algunos autores va de los 12 a\u00f1os a los 21. Podemos darnos cuenta de que Francisco no es indiferente al ejemplo de sus hermanos religiosos: el cartujo y la carmelita. Adem\u00e1s de que algunos otros parientes ingresaron a otras ordenes religiosas: agustinos reformados, frailes menores conventuales. Su proceso de maduraci\u00f3n vocacional, por as\u00ed llamarlo, durar\u00eda esos nueve a\u00f1os.<\/p>\n<p>En cuanto a sus estudios no tenemos datos suficientes. Se habla de dos alternativas, situ\u00e1ndonos en el a\u00f1o 1760:<\/p>\n<p>l<sup>a<\/sup>.- Ingresa al Colegio real, el \u00fanico colegio que exist\u00eda en Grenoble, dirigido entonces por los jesuitas. En 1763, por edicto del parlamento de Par\u00eds fueron dispersados los jesuitas y expulsados de todas las casas de Francia. El obispo de Grenoble, ante dicha emergencia, nombra a un grupo de sacerdotes diocesanos que llevar\u00edan la direcci\u00f3n del colegio. 2a.- Existe otra opini\u00f3n que nos dice que Francisco fue un alumno muy brillante en el colegio de los padres del Oratorio fundado por Berulle. Estos padres dirig\u00edan el seminario mayor diocesano de Grenoble, y fuera de la ciudad, en el campo, dirig\u00edan el seminario menor donde se estudiaban las humanidades.<\/p>\n<p>A la edad de 21 a\u00f1os, el 6 de mayo de 1769, despu\u00e9s de haber cursado sus estudios human\u00edsticos, ingresa al seminario interno de la Congregaci\u00f3n de la Misi\u00f3n en Lyon. Fue inscrito como admitido transcurridos los dos a\u00f1os de prueba exigidos por las Constituciones. Pronunci\u00f3 sus votos en la fiesta de San. Gabriel Arc\u00e1ngel el 18 de Marzo de 1771, en presencia del P. Juan Pedro Audiffred, superior de la casa. As\u00ed, a sus veinte y tres a\u00f1os, se incorporaba a la familia de San Vicente de Pa\u00fal. El 4 de Abril de 1772 recibe las \u00f3rdenes menores. El 13 de Junio recibe el subdiaconado. El 19 de Diciembre de 1772 recibe el diaconado. Finalmente el 27 de Marzo de 1773 es ordenado sacerdote.<\/p>\n<p>Poco antes de recibir el diaconado fue nombrado <strong>profesor de teolog\u00eda moral en el seminario mayor <\/strong><strong>de Annecy, <\/strong>en la provincia de Saboya. La historia de este seminario data de los tiempos de San Vicente de Pa\u00fal. Poco a poco se fue consolidando la organizaci\u00f3n del seminario de acuerdo a las normas exigidas por el Concilio de Trento. En esta obra empleo el P. Clet un tiempo de 15 a\u00f1os, siempre con un celo infatigable y dando ejemplo de las virtudes que deben de poseer los hijos de San Vicente de Pa\u00fal. Lo hizo tan bien que alguno de sus superiores lo describe as\u00ed: <em>\u00abSiendo fiel imitador de las virtudes <\/em><em>de San Vicente, esparce por doquier el sello de su <\/em><em>gravedad, de su modestia, de su oposici\u00f3n a toda <\/em><em>clase de vanidad y de esp\u00edritu mundano, y derrama <\/em><em>el buen olor de Jesucristo; de esta suerte sus d\u00edas son llenos de merecimientos, su alma se halla siempre tranquila y una voz secreta le testifica que todo va bien \u00ab.<\/em><\/p>\n<p>Una de sus caracter\u00edsticas muy particulares era la ciencia que pose\u00eda, pero informada de modestia y humildad. Ten\u00eda muy presente la opini\u00f3n de San Vicente de que <em>\u00abla ciencia infla, sobre todo <\/em><em>cuando no se vive con humildad\u00bb. <\/em>Era tal la reputaci\u00f3n que gozaba como sabio te\u00f3logo, que se le conoc\u00eda con el nombre de \u00abbiblioteca ambulante\u00bb.<\/p>\n<p>El P. Clet fue un hombre de gran ejemplo. Como formador en el tiempo que estuvo en el seminario de Annecy, obispos, sacerdotes, estudiantes, todos ten\u00edan un gran respeto y admiraci\u00f3n por \u00e9l.<\/p>\n<p>El trabajo del padre Clet en Annecy fue intenso hasta 1788, cuando por la muerte del padre Jacquier se convoca a asamblea general para la elecci\u00f3n del nuevo sucesor de San Vicente.<\/p>\n<p>El padre Jacquier hab\u00eda llevado a cabo en su generalato una gran obra de bondad y mansedumbre. La Congregaci\u00f3n no s\u00f3lo logr\u00f3 sortear los peligros, sino que tambi\u00e9n conoci\u00f3 d\u00edas pr\u00f3speros en todas las latitudes del globo. Se dio una gran expansi\u00f3n misionera; a las Islas de Argel, las Islas de Borb\u00f3n y Francia, se agregaron las de Levante, la India y China; las obras misioneras prosegu\u00edan su vuelo por las tierras de Polonia, Italia, Espa\u00f1a y Portugal.<\/p>\n<p>Los padres de la comunidad de Annecy nombraron al P. Clet como delegado para asistir a la asamblea en la que se nombrar\u00eda al nuevo padre general. La asamblea comenz\u00f3 el 30 de mayo de 1788 y concluy\u00f3 el 18 de Junio del mismo a\u00f1o, en un ambiente social influenciado por el pensamiento enciclopedista que comenzaba a producir sus frutos.<\/p>\n<p>Los ancianos de la Asamblea preve\u00edan que en un porvenir no muy lejano hab\u00eda de tropezar la Congregaci\u00f3n con graves dificultades en su desenvolvimiento, por lo que deb\u00edan de colocar al frente de la congregaci\u00f3n a un hombre que hiciera frente al futuro venidero. As\u00ed la asamblea nombr\u00f3 como nuevo superior general al padre Cayla de la Garde, hombre de mano fuerte que supo sostener a la Compa\u00f1\u00eda ante las vicisitudes sociales que vendr\u00edan m\u00e1s tarde.<\/p>\n<p>Una vez terminada la asamblea, el padre Clet pretend\u00eda regresar a su a\u00f1orado seminario para continuar sus labores en medio de libros y estudiantes, pero no contaba con que el P. Cayla lo nombrara <strong>director del seminario Interno de la casa Madre de Par\u00eds.<\/strong><\/p>\n<p>La noticia lleg\u00f3 r\u00e1pidamente a Annecy en donde todos, comenzando por el obispo del lugar, se lamentaron profundamente de su ausencia.<\/p>\n<p>Al parecer el P. Cayla sab\u00eda muy bien d\u00f3nde pon\u00eda la mira, sab\u00eda que el P. Clet responder\u00eda a la importante labor de dar a la Congregaci\u00f3n hombres fuertes, valerosos, intr\u00e9pidos. El P. Clet no frustro las esperanzas del P. General. Bajo su direcci\u00f3n firme e inteligente los novicios llegaron a ser la edificaci\u00f3n de la casa, promet\u00edan grandes esperanzas para la Compa\u00f1\u00eda.<\/p>\n<p>As\u00ed transcurri\u00f3 un a\u00f1o en el nuevo cargo que le hab\u00edan asignado, cuando un acontecimiento inesperado vino a interrumpir la paz y quietud de San L\u00e1zaro. La revoluci\u00f3n francesa hab\u00eda estallado.<\/p>\n<p>Y sus primeros golpes los dio en San L\u00e1zaro (casa madre de los Padres Vicentinos) en la noche del 12 de julio de 1789. A las dos de la madrugada la multitud rompe a hachazos las puertas, e invade todo dejando a su paso una destrucci\u00f3n completa. Fueron quince horas de barbarie.<\/p>\n<p>Todos, padres y hermanos, a la orden del P. Cayla, se dispersaron por Par\u00eds, algunos pudieron disfrazarse, otros huyeron semidesnudos. El P. General y sus asistentes pidieron asilo temporal en el seminario de San Ferm\u00edn. Cabe mencionar que a\u00fan aquellos v\u00e1ndalos saqueadores reconocieron la obra del santo de la caridad, pues al llegar ante un relicario de San Vicente, lo transportaron con respeto a la iglesia de San Lorenzo en aquel barrio.<\/p>\n<p>Despu\u00e9s de estos hechos violentos, el P. Cayla, al frente de sus misioneros, comenz\u00f3 la reconstrucci\u00f3n de aquel aposento de caridad, reanudando as\u00ed sus actividades.<\/p>\n<p>Mientras tanto el padre Clet reun\u00eda a sus novicios. En medio de los conflictos ocasionados por la revoluci\u00f3n, el P. Cayla pone su mirada en las misiones extranjeras principalmente en la misi\u00f3n en China. Las noticias que recibe del trabajo de los misioneros en aquellas tierras lo impulsa a mandar una circular en la que apela a la generosidad de los padres para ir a trabajar en aquellas tierras. El P. Clet se siente aludido ante esta llamada, sus deseos por ir a misionar a aquellas tierras son muy grandes. Y los manifiesta al superior general, obteniendo una rotunda negativa, pero la providencia al parecer ya ten\u00eda reservado su sitio en aquellas tierras.<\/p>\n<p>El equipo que participar\u00eda en aquella misi\u00f3n hab\u00eda quedado conformado por un sacerdote y dos di\u00e1conos. Su salida estaba marcada para el 15 de mayo de 1791, pero por inesperados contratiempos el sacerdote que estaba destinado para aquella misi\u00f3n no pudo integrarse al equipo. El P. Clet, ni tardo ni perezoso, <strong>presento por segunda vez su petici\u00f3n al padre general, y su petici\u00f3n fue aceptada, con gran alegr\u00eda por su parte. <\/strong>Quiso compartirla con su familia; sus padres para entonces ya hab\u00edan fallecido, pero le escribe a su hermana mayor Mar\u00eda Teresa, que era como su segunda madre, con ella compartir\u00eda a trav\u00e9s de sus cartas todo lo vivido en aquellas lejanas tierras.<\/p>\n<h2><strong><em>Misionero en China<\/em><\/strong><\/h2>\n<p>El camino emprendido ser\u00e1 largo. Llega primero a Lorient y de este puerto sale con destino al lejano oriente el 10 de abril de 1791. Llega a Macao el 15 de octubre de 1791. Deja su patria envuelta en la revoluci\u00f3n y llega a tierras extra\u00f1as, tierras en las que desgastara su vida, en las que derramara su sangre por amor a la misi\u00f3n, por amor al mensaje evang\u00e9lico de Cristo.<\/p>\n<p>Al llegar a Macao fue recibido por el P. Villa, quien era el procurador de los padres de la Misi\u00f3n en China. La ciudad a la que hab\u00eda hecho arribo era donde la mayor\u00eda de los misioneros se inculturizaban para salir posteriormente a sus lugares de misi\u00f3n. En Macao fue donde el P. Clet se inicio en las costumbres chinas, en el lenguaje, donde adquiri\u00f3 la apariencia china que al cabo de los a\u00f1os no s\u00f3lo ser\u00eda apariencia. Al termino de su inculturaci\u00f3n se preparaban nuestros misioneros para salir a sus lugares de destino. El P. Camiot tomar\u00eda el camino hac\u00eda Pek\u00edn, el P. Pesne ir\u00eda hac\u00eda Hou\u00adkouang y el P. Clet marchar\u00eda a Kiang-Si. Del primer misionero del que se tienen datos registrados de haber trabajado en las tierras del Kiang-Si es el P. Clet. El titulo para este trabajo y en esta zona lo ten\u00eda un padre de la orden de los ermita\u00f1os de San Agust\u00edn, que por diversas circunstancias nunca pudo residir en la misi\u00f3n. La comunidad del Kiang-Si, fue evangelizada por el jesuita P. Yang desde 1787. Pero, al llegar la supresi\u00f3n de los jesuitas, tuvo que trabajar con mucha precauci\u00f3n, a pesar de lo cual fue apresado y enviado a Pek\u00edn envuelto en cadenas. Al llegar a la capital fue liberado por la intercesi\u00f3n de un padre vicentino, el P. Pedrini. As\u00ed que la comunidad con la que se top\u00f3 el P. Clet era una comunidad cristiana s\u00f3lo de palabra, pues mezclaban sus creencias con los ritos cristianos.<\/p>\n<p>El trabajo al que se enfrento el P. Clet no fue nada f\u00e1cil, m\u00e1s dif\u00edcil todav\u00eda con la falta de dominio de la lengua, \u00e9l mismo se lo comenta a su hermano en una carta que le env\u00eda; <em>\u00abMe inclino un <\/em><em>poco a creer que hubiese sido mejor permanecer en <\/em><em>Europa: la \u00fanica ventaja espiritual que puedo encontrar en China es que as\u00ed como en mi patria <\/em><em>pod\u00eda figurarme que val\u00eda para algo bueno, as\u00ed aqu\u00ed <\/em><em>me hallo plenamente convencido de que no valgo <\/em><em>para nada de provecho; la escasez empero de misioneros en este vasto imperio no me permite la inconsciencia de volver a Europa, pues como dice el proverbio: m\u00e1s vale que la tierra sea labrada con amor, que dejarla absolutamente sin cultivo \u00ab.<\/em><\/p>\n<p>Como podemos observar la humildad del P. Clet era mucha y, ante sus dificultades con la lengua,busc\u00f3 otros medios para instruir y cu\u00e1l mejor que el testimonio. Poco a poco fue haci\u00e9ndose chino entre los chinos, pudo mejorar el dominio del lenguaje, y con ello Dios le dio la gracia de convertir y bautizar a un gran n\u00famero y de cimentar las bases de la fe de los cristianos ya bautizados.<\/p>\n<p>El trabajo apost\u00f3lico del P. Clet era sorprendente, pero no era suficiente para atender las necesidades de todos los cristianos: Los superiores deciden enviar al P. Harel; la noticia le caus\u00f3 una gran alegr\u00eda, pero los problemas originados por la revoluci\u00f3n francesa obligaron al P. Cayla, superior general, a ir a Roma, por lo que el P. Hurel no pudo salir de Francia.<\/p>\n<p>El P. Clet prosigui\u00f3 su arduo trabajo apost\u00f3lico \u00e9l s\u00f3lo por alg\u00fan tiempo, ya que m\u00e1s tarde le dar\u00edan la orden de partir a la provincia del Hou-Kouang, donde se encontraban trabajando el P. Aubin y el P. Pesni, Se encontraban gravemente enfermos y no pod\u00edan realizar su trabajo de evangelizaci\u00f3n. As\u00ed fue como el P. Clet llegaba a la provincia del Hou-Kouang, donde desgastar\u00eda los \u00faltimos veinte siete a\u00f1os de su vida.<\/p>\n<p>Francisco siempre busc\u00f3 hacer la voluntad de Dios, por eso se gan\u00f3 la confianza de toda la feligres\u00eda y de sus hermanos de comunidad que eran un poco testarudos, pero su mansedumbre y el tiempo y Dios se encargaron de todo. Su celo apost\u00f3lico fue ejemplar, dio testimonio fiel de Jesucristo evangelizador del pobre, Juan Gabriel Perboyre m\u00e1s tarde seguir\u00e1 su ejemplo y hablara a sus formandos maravillas de Francisco R\u00e9gis Clet. Todo parec\u00eda marchar en buena bonanza hasta que el 14 de mayo de 1818 en Pek\u00edn se suscit\u00f3 un fen\u00f3meno natural atmosf\u00e9rico, en el que el cielo y la tierra se oscurecieron a tal grado que no se pod\u00eda ver a las personas a\u00fan usando l\u00e1mparas. El emperador chino pens\u00f3 que eso era un castigo que ven\u00eda del cielo por lo que inmediatamente mando investigar la causa de tal fen\u00f3meno. Los mandarines inmediatamente encontraron como culpables a los cristianos. En la provincia del Hou-Kouang un chino que odiaba de muerte a un cristiano busc\u00f3 la manera de perjudicarlo a \u00e9l y a todos los cristianos de la regi\u00f3n. Lo primero que se le ocurri\u00f3 fue incendiar el mismo su casa y despu\u00e9s culpar al cristiano frente a los mandarines, pero no se conform\u00f3 s\u00f3lo con eso, sino que implic\u00f3 a un sacerdote europeo como autor intelectual del crimen. As\u00ed provoc\u00f3 una b\u00fasqueda incansable por todo el Hou-Kouang. La recompensa a aquel que diera informaci\u00f3n del paradero del sacerdote ser\u00eda de 7,500 francos. Pasaron cuatro meses en los que los sat\u00e9lites se dedicaron a buscar al sacerdote casa por casa, en las aldeas, en las monta\u00f1as, en las cavernas y bajo las rocas. La providencia acompa\u00f1aba al padre Clet ya que siempre pudo escapar de las garras de los enemigos. Su refugio siempre fueron las monta\u00f1as y las cavernas. Ya cansado de estar huyendo constantemente de los sat\u00e9lites y de no poder desempe\u00f1ar su trabajo apost\u00f3lico, pas\u00f3 de la provincia de Hou-Pe a la de Ho-Nan. Pensaba que en esa provincia ser\u00eda \u00fatil a sus hermanos y que perder\u00edan su huella los sat\u00e9lites que lo persegu\u00edan.<\/p>\n<p>El Padre Clet nunca imagino que en esta nueva provincia encontrar\u00eda a un traidor, quien ya hab\u00eda vendido por una buena cantidad de monedas al padre Chen, lazarista chino y ahora, sabiendo el escondite del padre Clet, se dispuso, a hacer lo mismo. El Padre Clet se encontraba en la casa de unos amigos cerca del Nam-Yang-Fou. El 6 de Junio de 1819, d\u00eda de la Sant\u00edsima Trinidad, al terminar de celebrar la misa, la casa fue invadida por sat\u00e9lites. El padre Clet, al ver la situaci\u00f3n en la que se encontraba y al no poder escapar, se present\u00f3 ante los sat\u00e9lites con una gran tranquilidad. Inmediatamente lo cargaron de cadenas despu\u00e9s de robar y destrozar todo cuanto pudieron.<\/p>\n<p>El Padre Clet fue trasladado al Ho-Nan junto con los dem\u00e1s cristianos, las cadenas que llevaba encima las cargaba con gran alegr\u00eda, pues las llevaba por la causa de Cristo.<\/p>\n<p>Ya en la prisi\u00f3n sufri\u00f3 grandes escarnios, pero su mayor pena fue cuando le dieron la noticia de que tambi\u00e9n tomar\u00edan preso al padre Lamiot, superior de la misi\u00f3n de Pek\u00edn, a causa de tres cartas comprometedoras. Sin embargo, en el tribunal, a la hora de los interrogatorios mostraba una gran tranquilidad y seguridad, buscando no comprometer al padre Lamiot. Los interrogatorios se efectuaban con crueldad; le golpeaban la cara con una plantilla de cuero dejando el rostro desfigurado, le hac\u00edan permanecer de rodillas tres o cuatro horas sobre cadenas de hierro.<\/p>\n<p>En uno de los interrogatorios el Padre Clet levant\u00f3 la cabeza para decir al mandar\u00edn: \u00abHermano, tu me juzgas ahora, pero dentro de poco mi Se\u00f1or te juzgar\u00e1 a ti\u00bb. El castigo fue mayor, le hicieron golpear triple vez con la plantilla en el rostro. El mandar\u00edn recibir\u00eda m\u00e1s tarde su castigo muriendo cruelmente entes de la ejecuci\u00f3n final del padre Clet.<\/p>\n<p>En uno de los interrogatorios el mandar\u00edn descubri\u00f3 que el sacerdote no pertenec\u00eda a su provincia, por lo que tomo la resoluci\u00f3n de mandarlo a Hou-Tchang-Fou. Despu\u00e9s de haber pasado cinco semanas en la c\u00e1rcel de Hou-Nan paso a la c\u00e1rcel de Hou-Pe, el recorrido lo hac\u00eda con cadenas en las manos, los pies y el cuello y s\u00f3lo descansaban en las c\u00e1rceles del recorrido.<\/p>\n<p>Al llegar a Hou-Tchang-Fou quer\u00edan dejarlo en un lugar donde no hubiera cristianos, pero no fue posible ya que como su apariencia era repugnante: flaco, desgarrado, y sin fuerzas, no lo quisieron recibir en la primera c\u00e1rcel y lo mandaron a otra, donde tuvo el gusto de encontrarse con el padre Chen y un peque\u00f1o grupo de cristianos. El propio padre Clet nos describe su estancia en la c\u00e1rcel en carta del 28 de diciembre de 1819:<\/p>\n<p style=\"padding-left: 30px\"><em>\u00abEl lugar desde donde le escribo le indica <\/em><em>con cuanta raz\u00f3n empleo estas palabras de profeta Deus adjutor noster in tribulationibus quae invenerunt nos nimis (Dios es nuestra ayuda permanente en medio de las tribulaciones)&#8230;<\/em><\/p>\n<p style=\"padding-left: 30px\"><em>Hace cinco meses y medio que estoy en esta <\/em><em>prisi\u00f3n a la espera de la decisi\u00f3n del emperador<\/em><\/p>\n<p style=\"padding-left: 30px\"><em>sobre \u00a1ni vida o mi muerte. Si mi destino dependiera <\/em><em>de los mandarines de aqu\u00ed, mi \u00fanico castigo ser\u00eda <\/em><em>ser devuelto a mi patria; pero el Emperador no s\u00e9 <\/em><em>por qu\u00e9, ha decretado pena de muerte contra los <\/em><em>misioneros que entran en su imperio sin su <\/em><em>conocimiento&#8230;<\/em><\/p>\n<p style=\"padding-left: 30px\"><em>Otros tres sacerdotes, m\u00e1s o menos afortunados que yo, han huido, yo no s\u00e9 a donde.<\/em><\/p>\n<p style=\"padding-left: 30px\"><em>En el Hou-Nan hab\u00eda mandarines bastante <\/em><em>duros conmigo, pero los de aqu\u00ed son menos severos, <\/em><em>tienen compasi\u00f3n, nos hacen sentar cuando la audiencia es larga, y tres veces nos dieron de comer habi\u00e9ndose informado por nosotros si hab\u00edamos comido; y una vez nos dieron de comer carne al contestar que no a su pregunta de si era d\u00eda de abstinencia&#8230;<\/em><\/p>\n<p style=\"padding-left: 30px\"><em>Hoy es 26 de enero de 1820. Todav\u00eda estoy <\/em><em>vivo. Ayer, fiesta de la Conversi\u00f3n de San Pablo, d\u00eda memorable por la instituci\u00f3n de nuestra Congregaci\u00f3n, el padre Chen y yo hemos recibido la comuni\u00f3n de las manos del padre Tchang, y a medio d\u00eda hicimos fest\u00edn, \u00e9ramos tres sacerdotes y seis laicos (dos de la prisi\u00f3n y cuatro de fuera). No nos faltaba sino el padre Lamiot, quien pag\u00f3 los gastos, pero que no pod\u00eda acompa\u00f1arnos.<\/em><\/p>\n<p style=\"padding-left: 30px\"><em>El padre Lamiot, el padre Chen y yo fuimos juzgados definitivamente por el gran mandar\u00edn, el primero de enero que fue s\u00e1bado, juntamente con un buen n\u00famero de cristianos.<\/em><\/p>\n<p style=\"padding-left: 30px\"><em>En primer lugar presentaron a los ap\u00f3statas carne de cerdo, y ellos la comieron en se\u00f1al deapostas\u00eda. A rengl\u00f3n seguido los enviaron a sus casas, con una doble apostas\u00eda en el cuerpo.<\/em><\/p>\n<p style=\"padding-left: 30px\"><em>Luego, fueron llamados otros veintitr\u00e9s <\/em><em>cristianos fieles, que perseveraron en la confesi\u00f3n <\/em><em>cristiana, <\/em><em>y <\/em><em>fueron enviados de nuevo a la prisi\u00f3n a <\/em><em>la espera de la decisi\u00f3n del Emperador.<\/em><\/p>\n<p style=\"padding-left: 30px\"><em>Por \u00faltimo nos llamaron al padre Lamiot, al <\/em><em>padre Chen y a mi; despu\u00e9s de interrogarnos dos o <\/em><em>tres veces, el P. Lamiot fue declarado inocente, y le <\/em><em>hicieron ponerse de pie.<\/em><\/p>\n<p style=\"padding-left: 30px\"><em>El P. Chen y yo segu\u00edamos de rodillas. El <\/em><em>mandar\u00edn superior sugiri\u00f3 al padre Chen que apostatara; y como \u00e9l rehus\u00f3, lo considero culpable. En cuanto a <\/em><em>mi, <\/em><em>el mismo mandar\u00edn dijo algo para <\/em><em>excusarme sobre mi estanc\u00eda en China, lo que confirm\u00f3 otro mandar\u00edn inferior.<\/em><\/p>\n<p style=\"padding-left: 30px\"><em>E P. Chen y yo volvimos a la prisi\u00f3n con los <\/em><em>grilletes en los <\/em><em>pies, en las manos y en el cuello, pero al llegar dejamos esos \u00abadornos\u00bb que s\u00f3lo se usan cuando uno va a juicio ante el mandar\u00edn. Ahora estamos a la espera de la decisi\u00f3n del Emperador. Aunque el mandar\u00edn superior escribi\u00f3 algo en <\/em><em>mi <\/em><em>favor, se duda mucho de que el <\/em><em>Emperador consienta en dejarme vivir. Me preparo para la muerte diciendo a menudo con san Pablo:<\/em><\/p>\n<p style=\"padding-left: 30px\"><em>\u00abPara m\u00ed la vida es Cristo y la muerte una <\/em><em>ganancia&#8230; \u00ab<\/em><\/p>\n<h2><strong><em>El martirio<\/em><\/strong><\/h2>\n<p>A pesar de todos los sufrimientos el padre Clet siempre mantuvo la calma, d\u00eda con d\u00eda se fue preparando a la muerte haciendo suyas las palabras de San Pablo antes mencionadas. La oraci\u00f3n era su fuerza en las tribulaciones, el final para el Padre Clet era cada vez m\u00e1s cercano. Con todo su dolor fue dejando huella en el coraz\u00f3n de los cristianos a trav\u00e9s de su testimonio y de sus ense\u00f1anzas, ellos se lamentaban por que nunca m\u00e1s volver\u00edan a ver a aquel hombre que tanto bien les hab\u00eda tra\u00eddo, aquel hombre que desgast\u00f3 su vida hasta el extremo de entregarse por ellos, \u00e9l trataba de animarlos, de alegrarlos, pero todo era in\u00fatil, ellos conoc\u00edan el destino de aquel buen hombre. El padre Clet se confesaba y comulgaba todos los -d\u00edas pues sab\u00eda que hab\u00eda que estar preparado, s\u00f3lo se esperaba la orden del Emperador, el mismo d\u00eda de su muerte el padre tuvo la dicha de recibir la Eucarist\u00eda.<\/p>\n<p>La orden tan esperada por los mandarines lleg\u00f3 al fin. El Emperador ordenaba dar fin al padre Clet por medio de la estrangulaci\u00f3n. Los motivos de su condena eran, entre otros, el haber entrado clandestinamente a China, el haber cambiado de nombre, y el predicar el Evangelio en varias provincias y con esto sublevar a la gente.<\/p>\n<p>El fin no se hizo esperar. Los sat\u00e9lites entraron en la prisi\u00f3n tomando al padre Clet, quien pidi\u00f3 <em>la <\/em>absoluci\u00f3n al padre Chen. Despu\u00e9s se despidi\u00f3 de los cristianos que hab\u00edan sido susompa\u00f1eros de prisi\u00f3n, d\u00e1ndoles unas palabras de aliento, y se dirigi\u00f3 contento al lugar del suplicio.<\/p>\n<p>En China, cuando una persona es condenada a estrangulaci\u00f3n, se le pone antes una cuerda alrededor del cuello; dicha cuerda pasa por un hueco practicado en una plancha de madera y se la aprieta con la ayuda de un trozo de madera con forma de un bast\u00f3n. Cuando el paciente pierde el conocimiento, se afloja la cuerda hasta que lo recobre, operaci\u00f3n que se repite de manera que hace sufrir varias veces el horror de la muerte. Fue as\u00ed como termin\u00f3 la bella vida del Bienaventurado Francisco R\u00e9gis Clet en la noche del 17 al 18 de febrero de 1820&#8230; y as\u00ed gan\u00f3 la palma del martirio por la que hab\u00eda suspirado tantas veces&#8230;<\/p>\n<p>Sus restos fueron enterrados en la colina de la Monta\u00f1a Roja. Veinte a\u00f1os m\u00e1s tarde otro m\u00e1rtir vicentino, san Juan Gabriel Perboyre, ser\u00eda enterrado en el mismo lugar.<\/p>\n<p>Los restos de Francisco R\u00e9gis Clet fueron llevados a Par\u00eds y en el mes de diciembre de 1878 depositados en la capilla de la Casa Madre de los Lazaristas.<\/p>\n<p>Fue declarado Beato <em>el <\/em>27 de mayo de 1900 por Le\u00f3n XIII y canonizado el 1 de Octubre del a\u00f1o 2000 por Juan Pablo II, junto con m\u00e1s de cien m\u00e1rtires de la fe cat\u00f3lica en China.<\/p>\n","protected":false},"excerpt":{"rendered":"<p>Esta biograf\u00eda de San Francisco R\u00e9gis s\u00f3lo presenta algunos de sus acontecimientos m\u00e1s importantes. Es s\u00f3lo una rese\u00f1a breve de su vida, que, por cierto, es muy poco conocida. Son contadas las biograf\u00edas en espa\u00f1ol &#8230; <a href=\"http:\/\/vincentians.com\/es\/san-francisco-regis-clet\/\" class=\"more-link\">Read More<\/a><\/p>\n","protected":false},"author":4,"featured_media":399804,"comment_status":"open","ping_status":"open","sticky":false,"template":"","format":"standard","meta":{"jetpack_post_was_ever_published":false,"_jetpack_newsletter_access":"","_jetpack_dont_email_post_to_subs":false,"_jetpack_newsletter_tier_id":0,"_jetpack_memberships_contains_paywalled_content":false,"_jetpack_memberships_contains_paid_content":false,"footnotes":"","jetpack_publicize_message":"","jetpack_publicize_feature_enabled":true,"jetpack_social_post_already_shared":true,"jetpack_social_options":{"image_generator_settings":{"template":"highway","default_image_id":0,"font":"","enabled":false},"version":2}},"categories":[33],"tags":[168,224,196,143],"class_list":["post-16381","post","type-post","status-publish","format-standard","has-post-thumbnail","hentry","category-francisco-regis-clet","tag-argel","tag-berulle","tag-perboyre","tag-san-lazaro"],"yoast_head":"<!-- This site is optimized with the Yoast SEO plugin v26.3 - https:\/\/yoast.com\/wordpress\/plugins\/seo\/ -->\n<title>San Francisco R\u00e9gis Clet - Somos Vicencianos<\/title>\n<meta name=\"robots\" content=\"index, follow, max-snippet:-1, max-image-preview:large, max-video-preview:-1\" \/>\n<link rel=\"canonical\" href=\"http:\/\/vincentians.com\/es\/san-francisco-regis-clet\/\" \/>\n<meta property=\"og:locale\" content=\"es_ES\" \/>\n<meta property=\"og:type\" content=\"article\" \/>\n<meta property=\"og:title\" content=\"San Francisco R\u00e9gis Clet - Somos Vicencianos\" \/>\n<meta property=\"og:description\" content=\"Esta biograf\u00eda de San Francisco R\u00e9gis s\u00f3lo presenta algunos de sus acontecimientos m\u00e1s importantes. Es s\u00f3lo una rese\u00f1a breve de su vida, que, por cierto, es muy poco conocida. Son contadas las biograf\u00edas en espa\u00f1ol ... Read More\" \/>\n<meta property=\"og:url\" content=\"http:\/\/vincentians.com\/es\/san-francisco-regis-clet\/\" \/>\n<meta property=\"og:site_name\" content=\"Somos Vicencianos\" \/>\n<meta property=\"article:publisher\" content=\"https:\/\/www.facebook.com\/WeAreVincentians\/\" \/>\n<meta property=\"article:author\" content=\"https:\/\/www.facebook.com\/JavierChento\" \/>\n<meta property=\"article:published_time\" content=\"2025-02-18T08:10:42+00:00\" \/>\n<meta property=\"og:image\" content=\"https:\/\/i0.wp.com\/vincentians.com\/es\/wp-content\/uploads\/sites\/11\/2016\/09\/voluntad-del-padre.jpg?fit=1200%2C630\" \/>\n\t<meta property=\"og:image:width\" content=\"1200\" \/>\n\t<meta property=\"og:image:height\" content=\"630\" \/>\n\t<meta property=\"og:image:type\" content=\"image\/jpeg\" \/>\n<meta name=\"author\" content=\"Francisco Javier Fern\u00e1ndez Chento\" \/>\n<meta name=\"twitter:card\" content=\"summary_large_image\" \/>\n<meta name=\"twitter:creator\" content=\"@https:\/\/twitter.com\/javierchento\" \/>\n<meta name=\"twitter:site\" content=\"@WeVincentians\" \/>\n<meta name=\"twitter:label1\" content=\"Escrito por\" \/>\n\t<meta name=\"twitter:data1\" content=\"Francisco Javier Fern\u00e1ndez Chento\" \/>\n\t<meta name=\"twitter:label2\" content=\"Tiempo de lectura\" \/>\n\t<meta name=\"twitter:data2\" content=\"23 minutos\" \/>\n<script type=\"application\/ld+json\" class=\"yoast-schema-graph\">{\"@context\":\"https:\/\/schema.org\",\"@graph\":[{\"@type\":\"Article\",\"@id\":\"http:\/\/vincentians.com\/es\/san-francisco-regis-clet\/#article\",\"isPartOf\":{\"@id\":\"http:\/\/vincentians.com\/es\/san-francisco-regis-clet\/\"},\"author\":{\"name\":\"Francisco Javier Fern\u00e1ndez Chento\",\"@id\":\"https:\/\/vincentians.com\/es\/#\/schema\/person\/9623ef4d9aa3b2dfb8c061f1499288f2\"},\"headline\":\"San Francisco R\u00e9gis Clet\",\"datePublished\":\"2025-02-18T08:10:42+00:00\",\"mainEntityOfPage\":{\"@id\":\"http:\/\/vincentians.com\/es\/san-francisco-regis-clet\/\"},\"wordCount\":5332,\"commentCount\":2,\"publisher\":{\"@id\":\"https:\/\/vincentians.com\/es\/#organization\"},\"image\":{\"@id\":\"http:\/\/vincentians.com\/es\/san-francisco-regis-clet\/#primaryimage\"},\"thumbnailUrl\":\"https:\/\/i0.wp.com\/vincentians.com\/es\/wp-content\/uploads\/sites\/11\/2016\/09\/voluntad-del-padre.jpg?fit=1200%2C630\",\"keywords\":[\"Argel\",\"Berulle\",\"Perboyre\",\"San L\u00e1zaro\"],\"articleSection\":[\"Francisco R\u00e9gis Clet\"],\"inLanguage\":\"es\",\"potentialAction\":[{\"@type\":\"CommentAction\",\"name\":\"Comment\",\"target\":[\"http:\/\/vincentians.com\/es\/san-francisco-regis-clet\/#respond\"]}]},{\"@type\":\"WebPage\",\"@id\":\"http:\/\/vincentians.com\/es\/san-francisco-regis-clet\/\",\"url\":\"http:\/\/vincentians.com\/es\/san-francisco-regis-clet\/\",\"name\":\"San Francisco R\u00e9gis Clet - Somos Vicencianos\",\"isPartOf\":{\"@id\":\"https:\/\/vincentians.com\/es\/#website\"},\"primaryImageOfPage\":{\"@id\":\"http:\/\/vincentians.com\/es\/san-francisco-regis-clet\/#primaryimage\"},\"image\":{\"@id\":\"http:\/\/vincentians.com\/es\/san-francisco-regis-clet\/#primaryimage\"},\"thumbnailUrl\":\"https:\/\/i0.wp.com\/vincentians.com\/es\/wp-content\/uploads\/sites\/11\/2016\/09\/voluntad-del-padre.jpg?fit=1200%2C630\",\"datePublished\":\"2025-02-18T08:10:42+00:00\",\"breadcrumb\":{\"@id\":\"http:\/\/vincentians.com\/es\/san-francisco-regis-clet\/#breadcrumb\"},\"inLanguage\":\"es\",\"potentialAction\":[{\"@type\":\"ReadAction\",\"target\":[\"http:\/\/vincentians.com\/es\/san-francisco-regis-clet\/\"]}]},{\"@type\":\"ImageObject\",\"inLanguage\":\"es\",\"@id\":\"http:\/\/vincentians.com\/es\/san-francisco-regis-clet\/#primaryimage\",\"url\":\"https:\/\/i0.wp.com\/vincentians.com\/es\/wp-content\/uploads\/sites\/11\/2016\/09\/voluntad-del-padre.jpg?fit=1200%2C630\",\"contentUrl\":\"https:\/\/i0.wp.com\/vincentians.com\/es\/wp-content\/uploads\/sites\/11\/2016\/09\/voluntad-del-padre.jpg?fit=1200%2C630\",\"width\":1200,\"height\":630},{\"@type\":\"BreadcrumbList\",\"@id\":\"http:\/\/vincentians.com\/es\/san-francisco-regis-clet\/#breadcrumb\",\"itemListElement\":[{\"@type\":\"ListItem\",\"position\":1,\"name\":\"Portada\",\"item\":\"https:\/\/vincentians.com\/es\/\"},{\"@type\":\"ListItem\",\"position\":2,\"name\":\"San Francisco R\u00e9gis Clet\"}]},{\"@type\":\"WebSite\",\"@id\":\"https:\/\/vincentians.com\/es\/#website\",\"url\":\"https:\/\/vincentians.com\/es\/\",\"name\":\"Somos Vicencianos\",\"description\":\"Know more to serve more\",\"publisher\":{\"@id\":\"https:\/\/vincentians.com\/es\/#organization\"},\"potentialAction\":[{\"@type\":\"SearchAction\",\"target\":{\"@type\":\"EntryPoint\",\"urlTemplate\":\"https:\/\/vincentians.com\/es\/?s={search_term_string}\"},\"query-input\":{\"@type\":\"PropertyValueSpecification\",\"valueRequired\":true,\"valueName\":\"search_term_string\"}}],\"inLanguage\":\"es\"},{\"@type\":\"Organization\",\"@id\":\"https:\/\/vincentians.com\/es\/#organization\",\"name\":\"The Vincentian Network\",\"url\":\"https:\/\/vincentians.com\/es\/\",\"logo\":{\"@type\":\"ImageObject\",\"inLanguage\":\"es\",\"@id\":\"https:\/\/vincentians.com\/es\/#\/schema\/logo\/image\/\",\"url\":\"https:\/\/i1.wp.com\/vincentians.com\/es\/wp-content\/uploads\/sites\/11\/2016\/06\/Vincentian-Network-logo-big.png?fit=778%2C778\",\"contentUrl\":\"https:\/\/i1.wp.com\/vincentians.com\/es\/wp-content\/uploads\/sites\/11\/2016\/06\/Vincentian-Network-logo-big.png?fit=778%2C778\",\"width\":778,\"height\":778,\"caption\":\"The Vincentian Network\"},\"image\":{\"@id\":\"https:\/\/vincentians.com\/es\/#\/schema\/logo\/image\/\"},\"sameAs\":[\"https:\/\/www.facebook.com\/WeAreVincentians\/\",\"https:\/\/x.com\/WeVincentians\"]},{\"@type\":\"Person\",\"@id\":\"https:\/\/vincentians.com\/es\/#\/schema\/person\/9623ef4d9aa3b2dfb8c061f1499288f2\",\"name\":\"Francisco Javier Fern\u00e1ndez Chento\",\"image\":{\"@type\":\"ImageObject\",\"inLanguage\":\"es\",\"@id\":\"https:\/\/vincentians.com\/es\/#\/schema\/person\/image\/\",\"url\":\"https:\/\/secure.gravatar.com\/avatar\/497d5cde87b4c3d097d0315953521681ba2cd523ee66e5077c3711f7021e65de?s=96&d=mm&r=g\",\"contentUrl\":\"https:\/\/secure.gravatar.com\/avatar\/497d5cde87b4c3d097d0315953521681ba2cd523ee66e5077c3711f7021e65de?s=96&d=mm&r=g\",\"caption\":\"Francisco Javier Fern\u00e1ndez Chento\"},\"description\":\"Director General y cofundador de La Red de Formaci\u00f3n Vicenciana. Javier es laico vicenciano, afiliado a la Congregaci\u00f3n de la Misi\u00f3n y miembro del Equipo de Misiones Populares de la provincia can\u00f3nica de Zaragoza (Espa\u00f1a) de la Congregaci\u00f3n de la Misi\u00f3n. Graduado en la Universidad Oberta de Catalunya con cuatro grados (Asistente de direcci\u00f3n, Gesti\u00f3n Administrativa, Recursos Humanos y Contabilidad Avanzada). Bil\u00edng\u00fce Espa\u00f1ol\/Ingl\u00e9s. gestiona y mantiene varias p\u00e1ginas web cristianas y vicencianas, incluida including La Red de Formaci\u00f3n Vicenciana, de la que es cofundador. Actualmente es responsable del \u00e1rea de Espa\u00f1ol de .famvin, la Red de Noticias de la Familia Vicenciana. Tambi\u00e9n es m\u00fasico cat\u00f3lico y ha editado varios discos. Es Director General y cofundador de Trovador, una reconocida compa\u00f1\u00eda discogr\u00e1fica critiana de Espa\u00f1a. Trabaja en las Tecnolog\u00edas de la Informaci\u00f3n, ofreciendo servicios de alojamiento, dise\u00f1o y mantenimiento Web, as\u00ed como asesoramiento, formaci\u00f3n y soluciones inform\u00e1ticas, gesti\u00f3n documental y digitalizaci\u00f3n de textos, edici\u00f3n y maquetaci\u00f3n de libros, revistas, flyers, etc.\",\"sameAs\":[\"http:\/\/chento.org\",\"https:\/\/www.facebook.com\/JavierChento\",\"https:\/\/x.com\/https:\/\/twitter.com\/javierchento\"],\"url\":\"http:\/\/vincentians.com\/es\/author\/chento\/\"}]}<\/script>\n<!-- \/ Yoast SEO plugin. -->","yoast_head_json":{"title":"San Francisco R\u00e9gis Clet - Somos Vicencianos","robots":{"index":"index","follow":"follow","max-snippet":"max-snippet:-1","max-image-preview":"max-image-preview:large","max-video-preview":"max-video-preview:-1"},"canonical":"http:\/\/vincentians.com\/es\/san-francisco-regis-clet\/","og_locale":"es_ES","og_type":"article","og_title":"San Francisco R\u00e9gis Clet - Somos Vicencianos","og_description":"Esta biograf\u00eda de San Francisco R\u00e9gis s\u00f3lo presenta algunos de sus acontecimientos m\u00e1s importantes. Es s\u00f3lo una rese\u00f1a breve de su vida, que, por cierto, es muy poco conocida. Son contadas las biograf\u00edas en espa\u00f1ol ... Read More","og_url":"http:\/\/vincentians.com\/es\/san-francisco-regis-clet\/","og_site_name":"Somos Vicencianos","article_publisher":"https:\/\/www.facebook.com\/WeAreVincentians\/","article_author":"https:\/\/www.facebook.com\/JavierChento","article_published_time":"2025-02-18T08:10:42+00:00","og_image":[{"width":1200,"height":630,"url":"https:\/\/i0.wp.com\/vincentians.com\/es\/wp-content\/uploads\/sites\/11\/2016\/09\/voluntad-del-padre.jpg?fit=1200%2C630","type":"image\/jpeg"}],"author":"Francisco Javier Fern\u00e1ndez Chento","twitter_card":"summary_large_image","twitter_creator":"@https:\/\/twitter.com\/javierchento","twitter_site":"@WeVincentians","twitter_misc":{"Escrito por":"Francisco Javier Fern\u00e1ndez Chento","Tiempo de lectura":"23 minutos"},"schema":{"@context":"https:\/\/schema.org","@graph":[{"@type":"Article","@id":"http:\/\/vincentians.com\/es\/san-francisco-regis-clet\/#article","isPartOf":{"@id":"http:\/\/vincentians.com\/es\/san-francisco-regis-clet\/"},"author":{"name":"Francisco Javier Fern\u00e1ndez Chento","@id":"https:\/\/vincentians.com\/es\/#\/schema\/person\/9623ef4d9aa3b2dfb8c061f1499288f2"},"headline":"San Francisco R\u00e9gis Clet","datePublished":"2025-02-18T08:10:42+00:00","mainEntityOfPage":{"@id":"http:\/\/vincentians.com\/es\/san-francisco-regis-clet\/"},"wordCount":5332,"commentCount":2,"publisher":{"@id":"https:\/\/vincentians.com\/es\/#organization"},"image":{"@id":"http:\/\/vincentians.com\/es\/san-francisco-regis-clet\/#primaryimage"},"thumbnailUrl":"https:\/\/i0.wp.com\/vincentians.com\/es\/wp-content\/uploads\/sites\/11\/2016\/09\/voluntad-del-padre.jpg?fit=1200%2C630","keywords":["Argel","Berulle","Perboyre","San L\u00e1zaro"],"articleSection":["Francisco R\u00e9gis Clet"],"inLanguage":"es","potentialAction":[{"@type":"CommentAction","name":"Comment","target":["http:\/\/vincentians.com\/es\/san-francisco-regis-clet\/#respond"]}]},{"@type":"WebPage","@id":"http:\/\/vincentians.com\/es\/san-francisco-regis-clet\/","url":"http:\/\/vincentians.com\/es\/san-francisco-regis-clet\/","name":"San Francisco R\u00e9gis Clet - Somos Vicencianos","isPartOf":{"@id":"https:\/\/vincentians.com\/es\/#website"},"primaryImageOfPage":{"@id":"http:\/\/vincentians.com\/es\/san-francisco-regis-clet\/#primaryimage"},"image":{"@id":"http:\/\/vincentians.com\/es\/san-francisco-regis-clet\/#primaryimage"},"thumbnailUrl":"https:\/\/i0.wp.com\/vincentians.com\/es\/wp-content\/uploads\/sites\/11\/2016\/09\/voluntad-del-padre.jpg?fit=1200%2C630","datePublished":"2025-02-18T08:10:42+00:00","breadcrumb":{"@id":"http:\/\/vincentians.com\/es\/san-francisco-regis-clet\/#breadcrumb"},"inLanguage":"es","potentialAction":[{"@type":"ReadAction","target":["http:\/\/vincentians.com\/es\/san-francisco-regis-clet\/"]}]},{"@type":"ImageObject","inLanguage":"es","@id":"http:\/\/vincentians.com\/es\/san-francisco-regis-clet\/#primaryimage","url":"https:\/\/i0.wp.com\/vincentians.com\/es\/wp-content\/uploads\/sites\/11\/2016\/09\/voluntad-del-padre.jpg?fit=1200%2C630","contentUrl":"https:\/\/i0.wp.com\/vincentians.com\/es\/wp-content\/uploads\/sites\/11\/2016\/09\/voluntad-del-padre.jpg?fit=1200%2C630","width":1200,"height":630},{"@type":"BreadcrumbList","@id":"http:\/\/vincentians.com\/es\/san-francisco-regis-clet\/#breadcrumb","itemListElement":[{"@type":"ListItem","position":1,"name":"Portada","item":"https:\/\/vincentians.com\/es\/"},{"@type":"ListItem","position":2,"name":"San Francisco R\u00e9gis Clet"}]},{"@type":"WebSite","@id":"https:\/\/vincentians.com\/es\/#website","url":"https:\/\/vincentians.com\/es\/","name":"Somos Vicencianos","description":"Know more to serve more","publisher":{"@id":"https:\/\/vincentians.com\/es\/#organization"},"potentialAction":[{"@type":"SearchAction","target":{"@type":"EntryPoint","urlTemplate":"https:\/\/vincentians.com\/es\/?s={search_term_string}"},"query-input":{"@type":"PropertyValueSpecification","valueRequired":true,"valueName":"search_term_string"}}],"inLanguage":"es"},{"@type":"Organization","@id":"https:\/\/vincentians.com\/es\/#organization","name":"The Vincentian Network","url":"https:\/\/vincentians.com\/es\/","logo":{"@type":"ImageObject","inLanguage":"es","@id":"https:\/\/vincentians.com\/es\/#\/schema\/logo\/image\/","url":"https:\/\/i1.wp.com\/vincentians.com\/es\/wp-content\/uploads\/sites\/11\/2016\/06\/Vincentian-Network-logo-big.png?fit=778%2C778","contentUrl":"https:\/\/i1.wp.com\/vincentians.com\/es\/wp-content\/uploads\/sites\/11\/2016\/06\/Vincentian-Network-logo-big.png?fit=778%2C778","width":778,"height":778,"caption":"The Vincentian Network"},"image":{"@id":"https:\/\/vincentians.com\/es\/#\/schema\/logo\/image\/"},"sameAs":["https:\/\/www.facebook.com\/WeAreVincentians\/","https:\/\/x.com\/WeVincentians"]},{"@type":"Person","@id":"https:\/\/vincentians.com\/es\/#\/schema\/person\/9623ef4d9aa3b2dfb8c061f1499288f2","name":"Francisco Javier Fern\u00e1ndez Chento","image":{"@type":"ImageObject","inLanguage":"es","@id":"https:\/\/vincentians.com\/es\/#\/schema\/person\/image\/","url":"https:\/\/secure.gravatar.com\/avatar\/497d5cde87b4c3d097d0315953521681ba2cd523ee66e5077c3711f7021e65de?s=96&d=mm&r=g","contentUrl":"https:\/\/secure.gravatar.com\/avatar\/497d5cde87b4c3d097d0315953521681ba2cd523ee66e5077c3711f7021e65de?s=96&d=mm&r=g","caption":"Francisco Javier Fern\u00e1ndez Chento"},"description":"Director General y cofundador de La Red de Formaci\u00f3n Vicenciana. Javier es laico vicenciano, afiliado a la Congregaci\u00f3n de la Misi\u00f3n y miembro del Equipo de Misiones Populares de la provincia can\u00f3nica de Zaragoza (Espa\u00f1a) de la Congregaci\u00f3n de la Misi\u00f3n. Graduado en la Universidad Oberta de Catalunya con cuatro grados (Asistente de direcci\u00f3n, Gesti\u00f3n Administrativa, Recursos Humanos y Contabilidad Avanzada). Bil\u00edng\u00fce Espa\u00f1ol\/Ingl\u00e9s. gestiona y mantiene varias p\u00e1ginas web cristianas y vicencianas, incluida including La Red de Formaci\u00f3n Vicenciana, de la que es cofundador. Actualmente es responsable del \u00e1rea de Espa\u00f1ol de .famvin, la Red de Noticias de la Familia Vicenciana. Tambi\u00e9n es m\u00fasico cat\u00f3lico y ha editado varios discos. Es Director General y cofundador de Trovador, una reconocida compa\u00f1\u00eda discogr\u00e1fica critiana de Espa\u00f1a. Trabaja en las Tecnolog\u00edas de la Informaci\u00f3n, ofreciendo servicios de alojamiento, dise\u00f1o y mantenimiento Web, as\u00ed como asesoramiento, formaci\u00f3n y soluciones inform\u00e1ticas, gesti\u00f3n documental y digitalizaci\u00f3n de textos, edici\u00f3n y maquetaci\u00f3n de libros, revistas, flyers, etc.","sameAs":["http:\/\/chento.org","https:\/\/www.facebook.com\/JavierChento","https:\/\/x.com\/https:\/\/twitter.com\/javierchento"],"url":"http:\/\/vincentians.com\/es\/author\/chento\/"}]}},"jetpack_publicize_connections":[],"jetpack_featured_media_url":"https:\/\/i0.wp.com\/vincentians.com\/es\/wp-content\/uploads\/sites\/11\/2016\/09\/voluntad-del-padre.jpg?fit=1200%2C630","jetpack_sharing_enabled":true,"jetpack_shortlink":"https:\/\/wp.me\/p7ETMF-4gd","jetpack-related-posts":[{"id":1180,"url":"http:\/\/vincentians.com\/es\/francisco-regis-clet-biografia-andres-sylvestre\/","url_meta":{"origin":16381,"position":0},"title":"Francisco R\u00e9gis Clet, biograf\u00eda","author":"Francisco Javier Fern\u00e1ndez Chento","date":"18\/02\/2015","format":false,"excerpt":"El car\u00e1cter de un hombre queda marcado por sus or\u00edgenes, su regi\u00f3n, su familia, su primera formaci\u00f3n, su siglo. Tan solo de Melquisedec se dice en la Escritura que no ten\u00eda ni padre ni madre ni genealog\u00eda (Hb 7. 3). El santo misionero cuya vida trataremos de seguir, estaba firmemente\u2026","rel":"","context":"En \u00abFrancisco R\u00e9gis Clet\u00bb","block_context":{"text":"Francisco R\u00e9gis Clet","link":"http:\/\/vincentians.com\/es\/category\/la-familia-vicenciana\/la-familia-vicenciana-en-los-altares\/santos\/francisco-regis-clet\/"},"img":{"alt_text":"OLYMPUS DIGITAL CAMERA","src":"https:\/\/i0.wp.com\/vicencianos.org\/wp-content\/2012\/02\/regis_clet_1-196x300.jpg?resize=350%2C200","width":350,"height":200},"classes":[]},{"id":11321,"url":"http:\/\/vincentians.com\/es\/francisco-regis-clet-biografia-01\/","url_meta":{"origin":16381,"position":1},"title":"Francisco R\u00e9gis Clet, biograf\u00eda (01)","author":"Francisco Javier Fern\u00e1ndez Chento","date":"09\/02\/2015","format":false,"excerpt":"1. Los or\u00edgenes La regi\u00f3n El car\u00e1cter de un hombre queda marcado por sus or\u00edgenes, su regi\u00f3n, su familia, su primera formaci\u00f3n, su siglo. Tan solo de Mel\u00adquisedec se dice en la Escritura que no ten\u00eda ni padre ni madre ni gene\u00adalog\u00eda (Hb 7. 3). El santo misionero cuya vida\u2026","rel":"","context":"En \u00abFrancisco R\u00e9gis Clet\u00bb","block_context":{"text":"Francisco R\u00e9gis Clet","link":"http:\/\/vincentians.com\/es\/category\/la-familia-vicenciana\/la-familia-vicenciana-en-los-altares\/santos\/francisco-regis-clet\/"},"img":{"alt_text":"","src":"https:\/\/i0.wp.com\/vicencianos.org\/wp-content\/2010\/02\/regis-clet1-300x300.jpg?resize=350%2C200","width":350,"height":200},"classes":[]},{"id":11324,"url":"http:\/\/vincentians.com\/es\/francisco-regis-clet-biografia-02\/","url_meta":{"origin":16381,"position":2},"title":"Francisco R\u00e9gis Clet, biograf\u00eda (02)","author":"Francisco Javier Fern\u00e1ndez Chento","date":"10\/02\/2015","format":false,"excerpt":"2. Sacerdote de la Misi\u00f3n y formador de sacerdotes Los a\u00f1os de Annecy Camino de Annecy Los felices d\u00edas que Francisco Regis pas\u00f3 en Valfleury duraron un momento. Regres\u00f3 a la casa de Lyon, donde deb\u00eda llegarle una carta del superior general, en la que le daba un destino: le\u2026","rel":"","context":"En \u00abFrancisco R\u00e9gis Clet\u00bb","block_context":{"text":"Francisco R\u00e9gis Clet","link":"http:\/\/vincentians.com\/es\/category\/la-familia-vicenciana\/la-familia-vicenciana-en-los-altares\/santos\/francisco-regis-clet\/"},"img":{"alt_text":"","src":"https:\/\/i0.wp.com\/vicencianos.org\/wp-content\/2010\/02\/regis-clet1-300x300.jpg?resize=350%2C200","width":350,"height":200},"classes":[]},{"id":36989,"url":"http:\/\/vincentians.com\/es\/el-amor-hasta-sus-ultimas-consecuencias-francisco-regis-clet-1748-1820\/","url_meta":{"origin":16381,"position":3},"title":"\u201cEl amor hasta sus \u00faltimas consecuencias\u201d: Francisco Regis Clet (1748-1820)","author":"Francisco Javier Fern\u00e1ndez Chento","date":"18\/02\/2022","format":false,"excerpt":"I \u2013 Descubriendo el amor 1. La infancia de una vida Grenoble, \"la rebelde\", cuenta con cerca de 30.000 habitantes en el a\u00f1o de 1748. La familia Clet vive en la calle Porte Traine, en el No. 14, cerca del taller del comerciante de telas, el cual da empleo al\u2026","rel":"","context":"En \u00abFrancisco R\u00e9gis Clet\u00bb","block_context":{"text":"Francisco R\u00e9gis Clet","link":"http:\/\/vincentians.com\/es\/category\/la-familia-vicenciana\/la-familia-vicenciana-en-los-altares\/santos\/francisco-regis-clet\/"},"img":{"alt_text":"","src":"https:\/\/i0.wp.com\/vincentians.com\/es\/wp-content\/uploads\/sites\/11\/2016\/09\/espiritu-de-jesus.jpg?fit=1200%2C630&resize=350%2C200","width":350,"height":200,"srcset":"https:\/\/i0.wp.com\/vincentians.com\/es\/wp-content\/uploads\/sites\/11\/2016\/09\/espiritu-de-jesus.jpg?fit=1200%2C630&resize=350%2C200 1x, https:\/\/i0.wp.com\/vincentians.com\/es\/wp-content\/uploads\/sites\/11\/2016\/09\/espiritu-de-jesus.jpg?fit=1200%2C630&resize=525%2C300 1.5x, https:\/\/i0.wp.com\/vincentians.com\/es\/wp-content\/uploads\/sites\/11\/2016\/09\/espiritu-de-jesus.jpg?fit=1200%2C630&resize=700%2C400 2x, https:\/\/i0.wp.com\/vincentians.com\/es\/wp-content\/uploads\/sites\/11\/2016\/09\/espiritu-de-jesus.jpg?fit=1200%2C630&resize=1050%2C600 3x"},"classes":[]},{"id":16385,"url":"http:\/\/vincentians.com\/es\/francisco-regis-clet\/","url_meta":{"origin":16381,"position":4},"title":"Francisco R\u00e9gis Clet","author":"Francisco Javier Fern\u00e1ndez Chento","date":"18\/02\/2022","format":false,"excerpt":"\u00bfSucedi\u00f3 hace un siglo? \u00bfOcurri\u00f3 quiz\u00e1 ayer por la tarde? \u00bfHa salido en los peri\u00f3dicos de esta ma\u00f1ana la noticia de que un sacerdote franc\u00e9s ha sido asesinado en China? \u00bfO quiz\u00e1 ma\u00f1ana? \u00bfO siempre? Es una vieja historia. Desde el anciano Ignacio, el de Antioqu\u00eda, comido por los leones,\u2026","rel":"","context":"En \u00abFrancisco R\u00e9gis Clet\u00bb","block_context":{"text":"Francisco R\u00e9gis Clet","link":"http:\/\/vincentians.com\/es\/category\/la-familia-vicenciana\/la-familia-vicenciana-en-los-altares\/santos\/francisco-regis-clet\/"},"img":{"alt_text":"","src":"https:\/\/i0.wp.com\/vincentians.com\/es\/wp-content\/uploads\/sites\/11\/2016\/09\/espiritu-de-jesus.jpg?fit=1200%2C630&resize=350%2C200","width":350,"height":200,"srcset":"https:\/\/i0.wp.com\/vincentians.com\/es\/wp-content\/uploads\/sites\/11\/2016\/09\/espiritu-de-jesus.jpg?fit=1200%2C630&resize=350%2C200 1x, https:\/\/i0.wp.com\/vincentians.com\/es\/wp-content\/uploads\/sites\/11\/2016\/09\/espiritu-de-jesus.jpg?fit=1200%2C630&resize=525%2C300 1.5x, https:\/\/i0.wp.com\/vincentians.com\/es\/wp-content\/uploads\/sites\/11\/2016\/09\/espiritu-de-jesus.jpg?fit=1200%2C630&resize=700%2C400 2x, https:\/\/i0.wp.com\/vincentians.com\/es\/wp-content\/uploads\/sites\/11\/2016\/09\/espiritu-de-jesus.jpg?fit=1200%2C630&resize=1050%2C600 3x"},"classes":[]},{"id":17293,"url":"http:\/\/vincentians.com\/es\/regis-clet-carta-08-a-juan-felix-caylai-superior-general-en-paris\/","url_meta":{"origin":16381,"position":5},"title":"R\u00e9gis Clet, Carta 08: A Juan-F\u00e9lix Caylai, Superior General, en Par\u00eds","author":"Francisco Javier Fern\u00e1ndez Chento","date":"10\/04\/2010","format":false,"excerpt":"CARTA 8: Colecci\u00f3n de la principales Circulares de los Superiores Generales de la Congregaci\u00f3n de la Misi\u00f3n. Par\u00eds. II. p. 257. Hacia 1794 Los Padres Clet, Aubin y Pesn\u00e9 que trabajan en las provincias de este vasto imperio de China, me han consolado mucho con el relato de sus trabajos\u2026","rel":"","context":"En \u00abEscritos de Francisco R\u00e9gis Clet\u00bb","block_context":{"text":"Escritos de Francisco R\u00e9gis Clet","link":"http:\/\/vincentians.com\/es\/category\/escritos\/escritos-de-francisco-regis-clet\/"},"img":{"alt_text":"","src":"https:\/\/i0.wp.com\/vincentians.com\/es\/wp-content\/uploads\/sites\/11\/2016\/07\/escritos-regis-clet.jpg?fit=1200%2C630&resize=350%2C200","width":350,"height":200,"srcset":"https:\/\/i0.wp.com\/vincentians.com\/es\/wp-content\/uploads\/sites\/11\/2016\/07\/escritos-regis-clet.jpg?fit=1200%2C630&resize=350%2C200 1x, https:\/\/i0.wp.com\/vincentians.com\/es\/wp-content\/uploads\/sites\/11\/2016\/07\/escritos-regis-clet.jpg?fit=1200%2C630&resize=525%2C300 1.5x, https:\/\/i0.wp.com\/vincentians.com\/es\/wp-content\/uploads\/sites\/11\/2016\/07\/escritos-regis-clet.jpg?fit=1200%2C630&resize=700%2C400 2x, https:\/\/i0.wp.com\/vincentians.com\/es\/wp-content\/uploads\/sites\/11\/2016\/07\/escritos-regis-clet.jpg?fit=1200%2C630&resize=1050%2C600 3x"},"classes":[]}],"_links":{"self":[{"href":"http:\/\/vincentians.com\/es\/wp-json\/wp\/v2\/posts\/16381","targetHints":{"allow":["GET"]}}],"collection":[{"href":"http:\/\/vincentians.com\/es\/wp-json\/wp\/v2\/posts"}],"about":[{"href":"http:\/\/vincentians.com\/es\/wp-json\/wp\/v2\/types\/post"}],"author":[{"embeddable":true,"href":"http:\/\/vincentians.com\/es\/wp-json\/wp\/v2\/users\/4"}],"replies":[{"embeddable":true,"href":"http:\/\/vincentians.com\/es\/wp-json\/wp\/v2\/comments?post=16381"}],"version-history":[{"count":3,"href":"http:\/\/vincentians.com\/es\/wp-json\/wp\/v2\/posts\/16381\/revisions"}],"predecessor-version":[{"id":402824,"href":"http:\/\/vincentians.com\/es\/wp-json\/wp\/v2\/posts\/16381\/revisions\/402824"}],"wp:featuredmedia":[{"embeddable":true,"href":"http:\/\/vincentians.com\/es\/wp-json\/wp\/v2\/media\/399804"}],"wp:attachment":[{"href":"http:\/\/vincentians.com\/es\/wp-json\/wp\/v2\/media?parent=16381"}],"wp:term":[{"taxonomy":"category","embeddable":true,"href":"http:\/\/vincentians.com\/es\/wp-json\/wp\/v2\/categories?post=16381"},{"taxonomy":"post_tag","embeddable":true,"href":"http:\/\/vincentians.com\/es\/wp-json\/wp\/v2\/tags?post=16381"}],"curies":[{"name":"wp","href":"https:\/\/api.w.org\/{rel}","templated":true}]}}