{"id":163752,"date":"2015-06-03T19:02:16","date_gmt":"2015-06-03T17:02:16","guid":{"rendered":"http:\/\/somos.vicencianos.org\/?p=163752"},"modified":"2016-07-24T10:28:09","modified_gmt":"2016-07-24T08:28:09","slug":"corpus-christi-reflexion-de-la-s-s-v-p-en-espana","status":"publish","type":"post","link":"http:\/\/vincentians.com\/es\/corpus-christi-reflexion-de-la-s-s-v-p-en-espana\/","title":{"rendered":"Corpus Christi (reflexi\u00f3n de la S.S.V.P. en Espa\u00f1a)"},"content":{"rendered":"<p><em><a href=\"https:\/\/i0.wp.com\/vicencianos.org\/wp-content\/2013\/12\/ssvp.jpg\"><img data-recalc-dims=\"1\" loading=\"lazy\" decoding=\"async\" class=\"alignright size-medium wp-image-133533\" src=\"https:\/\/i0.wp.com\/vicencianos.org\/wp-content\/2013\/12\/ssvp-300x281.jpg?resize=300%2C281\" alt=\"ssvp\" width=\"300\" height=\"281\" \/><\/a>\u201cNo hay vida ni acci\u00f3n sin Cristo.\u201d (SvdeP)<\/em><\/p>\n<p>En esta celebraci\u00f3n se nos pide que reflexionemos sobre el Misterio del Cuerpo y la Sangre de Cristo. Vemos en el Evangelios a Jes\u00fas, ofreciendo la copa de vino a sus disc\u00edpulos, mientras declara: \u201cEsta es mi sangre, sangre de la nueva alianza\u201d. Con estas palabras evocaba el sacrificio de la alianza sellada entre Dios y su pueblo en el Sina\u00ed, como leemos en la primera Lectura, una alianza que prefiguraba el sacrificio de Cristo en la Cruz. Por eso en el Libro de los Hebreos, se nos pide que meditemos sobre el alcance del sacrificio ofrecido por Cristo.<\/p>\n<p>En el \u00c9xodo, Mois\u00e9s ratifica el pacto que Dios ha hecho con su pueblo por medio de la sangre de corderos ofrecida en el altar. Es el Dios de la Alianza, que trata de mantener siempre sinton\u00eda con su pueblo, aunque \u00e9ste se desv\u00ede a veces del camino.<\/p>\n<p>Hoy la Iglesia, celebra la solemnidad del Cuerpo y la Sangre de Cristo. Ese Cuerpo entregado y esa Sangre derramada para sellar la Alianza definitiva entre Dios y su \u201cnuevo pueblo\u201d, la humanidad que acepta la invitaci\u00f3n del Evangelio y asume las consecuencias del seguimiento.<\/p>\n<p>Pablo escribe a los Corintios una dura carta para recordarles, el sentido aut\u00e9ntico de la Eucarist\u00eda. Tambi\u00e9n nosotros hemos perdido el sentido de ella. Reducimos el mandato de Jes\u00fas a decir que \u00c9l nos mand\u00f3 ir a misa y comulgar los domingos. Un rito que no complica ni implica en nada la vida de cada uno de nosotros. Este rito queda totalmente vac\u00edo, si no compartimos la vida, los bienes, los dones, las cualidades con los hermanos, especial y principalmente con los m\u00e1s necesitados.<\/p>\n<p>Debemos recuperar el significado profundo del rito que Jes\u00fas realiza. \u201cLa sangre que se derrama por ustedes\u201d manifiesta la muerte violenta de Jes\u00fas por amor a la humanidad y como consecuencia de su compromiso. \u201cBeber la copa\u201d, implica aceptar la muerte de Jes\u00fas y comprometerse con \u00c9l y como \u00c9l, a dar la vida por los dem\u00e1s si fuese necesario. Aqu\u00ed, est\u00e1 el sentido profundo, existencial e hist\u00f3rico de la Eucarist\u00eda: Es la \u201cNueva Alianza\u201d; un compromiso de amor radical a los dem\u00e1s hasta la muerte. Quien no entiende as\u00ed la Eucarist\u00eda, se ha quedado en un puro rito superficial y sin sentido.<\/p>\n<p>En la Cena, Jes\u00fas ofrece el Pan (\u201ctomen\u201d) y explica que es su cuerpo. Significa que Jes\u00fas entrega toda su persona, todo su ser: su propuesta, su palabra, su pr\u00e1ctica, su presencia. Al invitar a comer el \u201cpan-cuerpo\u201d, Jes\u00fas invita a asimilarse a \u00c9l, es decir, a asumir con convicci\u00f3n y autenticidad su estilo de vida y su compromiso con el Reino. El efecto que produce el pan en la persona humana es el que produce Jes\u00fas en sus disc\u00edpulos.<\/p>\n<p>Al contrario que el pan, Jes\u00fas entrega la copa sin decir nada. El texto dice que \u201ctodos bebieron de ella\u201d. Despu\u00e9s de darla a beber, Jes\u00fas dice: \u201cEsta es la Sangre de la Alianza que se derrama por todos\u201d. La sangre que se derrama significa la muerte violenta, es decir, el sacrificio de la persona que sufre tal suerte. \u201cBeber la copa\u201d, significa aceptar la muerte de Jes\u00fas y comprometerse a no desistir del compromiso por el Reino, aunque cueste la vida.<br \/>\nPor medio del Cuerpo y de la Sangre de Cristo que recibimos en la Comuni\u00f3n, nosotros deber\u00edamos comprometernos a cumplir el nuevo mandamiento de Jesucristo: \u201cLes doy un mandamiento nuevo, que se amen los unos a los otros como yo los he amado; y por este amor reconocer\u00e1n que son mis disc\u00edpulos\u201d. \u201cComo el Padre me ha enviado, as\u00ed tambi\u00e9n los env\u00edo Yo\u201d. \u00bfHaremos todo lo que nos manda Jes\u00fas?<\/p>\n<p>\u201cNo s\u00e9qui\u00e9n es m\u00e1snecesitado: el pobre hombre que pide pan, o elhombre rico que pide amor\u201d (SVdeP)<\/p>\n","protected":false},"excerpt":{"rendered":"<p>\u201cNo hay vida ni acci\u00f3n sin Cristo.\u201d (SvdeP) En esta celebraci\u00f3n se nos pide que reflexionemos sobre el Misterio del Cuerpo y la Sangre de Cristo. Vemos en el Evangelios a Jes\u00fas, ofreciendo la copa &#8230; <a href=\"http:\/\/vincentians.com\/es\/corpus-christi-reflexion-de-la-s-s-v-p-en-espana\/\" class=\"more-link\">Read More<\/a><\/p>\n","protected":false},"author":4,"featured_media":388408,"comment_status":"open","ping_status":"open","sticky":false,"template":"","format":"standard","meta":{"jetpack_post_was_ever_published":false,"_jetpack_newsletter_access":"","_jetpack_dont_email_post_to_subs":false,"_jetpack_newsletter_tier_id":0,"_jetpack_memberships_contains_paywalled_content":false,"_jetpack_memberships_contains_paid_content":false,"footnotes":"","jetpack_publicize_message":"","jetpack_publicize_feature_enabled":true,"jetpack_social_post_already_shared":true,"jetpack_social_options":{"image_generator_settings":{"template":"highway","default_image_id":0,"font":"","enabled":false},"version":2}},"categories":[93],"tags":[],"class_list":["post-163752","post","type-post","status-publish","format-standard","has-post-thumbnail","hentry","category-homilias-y-reflexiones-ano-b"],"yoast_head":"<!-- This site is optimized with the Yoast SEO plugin v26.3 - https:\/\/yoast.com\/wordpress\/plugins\/seo\/ -->\n<title>Corpus Christi (reflexi\u00f3n de la S.S.V.P. en Espa\u00f1a) - Somos Vicencianos<\/title>\n<meta name=\"robots\" content=\"index, follow, max-snippet:-1, max-image-preview:large, max-video-preview:-1\" \/>\n<link rel=\"canonical\" href=\"http:\/\/vincentians.com\/es\/corpus-christi-reflexion-de-la-s-s-v-p-en-espana\/\" \/>\n<meta property=\"og:locale\" content=\"es_ES\" \/>\n<meta property=\"og:type\" content=\"article\" \/>\n<meta property=\"og:title\" content=\"Corpus Christi (reflexi\u00f3n de la S.S.V.P. en Espa\u00f1a) - Somos Vicencianos\" \/>\n<meta property=\"og:description\" content=\"\u201cNo hay vida ni acci\u00f3n sin Cristo.\u201d (SvdeP) En esta celebraci\u00f3n se nos pide que reflexionemos sobre el Misterio del Cuerpo y la Sangre de Cristo. Vemos en el Evangelios a Jes\u00fas, ofreciendo la copa ... Read More\" \/>\n<meta property=\"og:url\" content=\"http:\/\/vincentians.com\/es\/corpus-christi-reflexion-de-la-s-s-v-p-en-espana\/\" \/>\n<meta property=\"og:site_name\" content=\"Somos Vicencianos\" \/>\n<meta property=\"article:publisher\" content=\"https:\/\/www.facebook.com\/WeAreVincentians\/\" \/>\n<meta property=\"article:author\" content=\"https:\/\/www.facebook.com\/JavierChento\" \/>\n<meta property=\"article:published_time\" content=\"2015-06-03T17:02:16+00:00\" \/>\n<meta property=\"article:modified_time\" content=\"2016-07-24T08:28:09+00:00\" \/>\n<meta property=\"og:image\" content=\"https:\/\/i0.wp.com\/vincentians.com\/es\/wp-content\/uploads\/sites\/11\/2016\/07\/reflexiones-palabra-de-dios.jpg?fit=1200%2C630\" \/>\n\t<meta property=\"og:image:width\" content=\"1200\" \/>\n\t<meta property=\"og:image:height\" content=\"630\" \/>\n\t<meta property=\"og:image:type\" content=\"image\/jpeg\" \/>\n<meta name=\"author\" content=\"Francisco Javier Fern\u00e1ndez Chento\" \/>\n<meta name=\"twitter:card\" content=\"summary_large_image\" \/>\n<meta name=\"twitter:creator\" content=\"@https:\/\/twitter.com\/javierchento\" \/>\n<meta name=\"twitter:site\" content=\"@WeVincentians\" \/>\n<meta name=\"twitter:label1\" content=\"Escrito por\" \/>\n\t<meta name=\"twitter:data1\" content=\"Francisco Javier Fern\u00e1ndez Chento\" \/>\n\t<meta name=\"twitter:label2\" content=\"Tiempo de lectura\" \/>\n\t<meta name=\"twitter:data2\" content=\"3 minutos\" \/>\n<script type=\"application\/ld+json\" class=\"yoast-schema-graph\">{\"@context\":\"https:\/\/schema.org\",\"@graph\":[{\"@type\":\"Article\",\"@id\":\"http:\/\/vincentians.com\/es\/corpus-christi-reflexion-de-la-s-s-v-p-en-espana\/#article\",\"isPartOf\":{\"@id\":\"http:\/\/vincentians.com\/es\/corpus-christi-reflexion-de-la-s-s-v-p-en-espana\/\"},\"author\":{\"name\":\"Francisco Javier Fern\u00e1ndez Chento\",\"@id\":\"http:\/\/vincentians.com\/es\/#\/schema\/person\/9623ef4d9aa3b2dfb8c061f1499288f2\"},\"headline\":\"Corpus Christi (reflexi\u00f3n de la S.S.V.P. en Espa\u00f1a)\",\"datePublished\":\"2015-06-03T17:02:16+00:00\",\"dateModified\":\"2016-07-24T08:28:09+00:00\",\"mainEntityOfPage\":{\"@id\":\"http:\/\/vincentians.com\/es\/corpus-christi-reflexion-de-la-s-s-v-p-en-espana\/\"},\"wordCount\":692,\"commentCount\":0,\"publisher\":{\"@id\":\"http:\/\/vincentians.com\/es\/#organization\"},\"image\":{\"@id\":\"http:\/\/vincentians.com\/es\/corpus-christi-reflexion-de-la-s-s-v-p-en-espana\/#primaryimage\"},\"thumbnailUrl\":\"https:\/\/i0.wp.com\/vincentians.com\/es\/wp-content\/uploads\/sites\/11\/2016\/07\/reflexiones-palabra-de-dios.jpg?fit=1200%2C630\",\"articleSection\":[\"Homil\u00edas y reflexiones, A\u00f1o B\"],\"inLanguage\":\"es\",\"potentialAction\":[{\"@type\":\"CommentAction\",\"name\":\"Comment\",\"target\":[\"http:\/\/vincentians.com\/es\/corpus-christi-reflexion-de-la-s-s-v-p-en-espana\/#respond\"]}]},{\"@type\":\"WebPage\",\"@id\":\"http:\/\/vincentians.com\/es\/corpus-christi-reflexion-de-la-s-s-v-p-en-espana\/\",\"url\":\"http:\/\/vincentians.com\/es\/corpus-christi-reflexion-de-la-s-s-v-p-en-espana\/\",\"name\":\"Corpus Christi (reflexi\u00f3n de la S.S.V.P. en Espa\u00f1a) - Somos Vicencianos\",\"isPartOf\":{\"@id\":\"http:\/\/vincentians.com\/es\/#website\"},\"primaryImageOfPage\":{\"@id\":\"http:\/\/vincentians.com\/es\/corpus-christi-reflexion-de-la-s-s-v-p-en-espana\/#primaryimage\"},\"image\":{\"@id\":\"http:\/\/vincentians.com\/es\/corpus-christi-reflexion-de-la-s-s-v-p-en-espana\/#primaryimage\"},\"thumbnailUrl\":\"https:\/\/i0.wp.com\/vincentians.com\/es\/wp-content\/uploads\/sites\/11\/2016\/07\/reflexiones-palabra-de-dios.jpg?fit=1200%2C630\",\"datePublished\":\"2015-06-03T17:02:16+00:00\",\"dateModified\":\"2016-07-24T08:28:09+00:00\",\"breadcrumb\":{\"@id\":\"http:\/\/vincentians.com\/es\/corpus-christi-reflexion-de-la-s-s-v-p-en-espana\/#breadcrumb\"},\"inLanguage\":\"es\",\"potentialAction\":[{\"@type\":\"ReadAction\",\"target\":[\"http:\/\/vincentians.com\/es\/corpus-christi-reflexion-de-la-s-s-v-p-en-espana\/\"]}]},{\"@type\":\"ImageObject\",\"inLanguage\":\"es\",\"@id\":\"http:\/\/vincentians.com\/es\/corpus-christi-reflexion-de-la-s-s-v-p-en-espana\/#primaryimage\",\"url\":\"https:\/\/i0.wp.com\/vincentians.com\/es\/wp-content\/uploads\/sites\/11\/2016\/07\/reflexiones-palabra-de-dios.jpg?fit=1200%2C630\",\"contentUrl\":\"https:\/\/i0.wp.com\/vincentians.com\/es\/wp-content\/uploads\/sites\/11\/2016\/07\/reflexiones-palabra-de-dios.jpg?fit=1200%2C630\",\"width\":1200,\"height\":630},{\"@type\":\"BreadcrumbList\",\"@id\":\"http:\/\/vincentians.com\/es\/corpus-christi-reflexion-de-la-s-s-v-p-en-espana\/#breadcrumb\",\"itemListElement\":[{\"@type\":\"ListItem\",\"position\":1,\"name\":\"Portada\",\"item\":\"http:\/\/vincentians.com\/es\/\"},{\"@type\":\"ListItem\",\"position\":2,\"name\":\"Corpus Christi (reflexi\u00f3n de la S.S.V.P. en Espa\u00f1a)\"}]},{\"@type\":\"WebSite\",\"@id\":\"http:\/\/vincentians.com\/es\/#website\",\"url\":\"http:\/\/vincentians.com\/es\/\",\"name\":\"Somos Vicencianos\",\"description\":\"Know more to serve more\",\"publisher\":{\"@id\":\"http:\/\/vincentians.com\/es\/#organization\"},\"potentialAction\":[{\"@type\":\"SearchAction\",\"target\":{\"@type\":\"EntryPoint\",\"urlTemplate\":\"http:\/\/vincentians.com\/es\/?s={search_term_string}\"},\"query-input\":{\"@type\":\"PropertyValueSpecification\",\"valueRequired\":true,\"valueName\":\"search_term_string\"}}],\"inLanguage\":\"es\"},{\"@type\":\"Organization\",\"@id\":\"http:\/\/vincentians.com\/es\/#organization\",\"name\":\"The Vincentian Network\",\"url\":\"http:\/\/vincentians.com\/es\/\",\"logo\":{\"@type\":\"ImageObject\",\"inLanguage\":\"es\",\"@id\":\"http:\/\/vincentians.com\/es\/#\/schema\/logo\/image\/\",\"url\":\"https:\/\/i1.wp.com\/vincentians.com\/es\/wp-content\/uploads\/sites\/11\/2016\/06\/Vincentian-Network-logo-big.png?fit=778%2C778\",\"contentUrl\":\"https:\/\/i1.wp.com\/vincentians.com\/es\/wp-content\/uploads\/sites\/11\/2016\/06\/Vincentian-Network-logo-big.png?fit=778%2C778\",\"width\":778,\"height\":778,\"caption\":\"The Vincentian Network\"},\"image\":{\"@id\":\"http:\/\/vincentians.com\/es\/#\/schema\/logo\/image\/\"},\"sameAs\":[\"https:\/\/www.facebook.com\/WeAreVincentians\/\",\"https:\/\/x.com\/WeVincentians\"]},{\"@type\":\"Person\",\"@id\":\"http:\/\/vincentians.com\/es\/#\/schema\/person\/9623ef4d9aa3b2dfb8c061f1499288f2\",\"name\":\"Francisco Javier Fern\u00e1ndez Chento\",\"image\":{\"@type\":\"ImageObject\",\"inLanguage\":\"es\",\"@id\":\"http:\/\/vincentians.com\/es\/#\/schema\/person\/image\/\",\"url\":\"https:\/\/secure.gravatar.com\/avatar\/497d5cde87b4c3d097d0315953521681ba2cd523ee66e5077c3711f7021e65de?s=96&d=mm&r=g\",\"contentUrl\":\"https:\/\/secure.gravatar.com\/avatar\/497d5cde87b4c3d097d0315953521681ba2cd523ee66e5077c3711f7021e65de?s=96&d=mm&r=g\",\"caption\":\"Francisco Javier Fern\u00e1ndez Chento\"},\"description\":\"Director General y cofundador de La Red de Formaci\u00f3n Vicenciana. Javier es laico vicenciano, afiliado a la Congregaci\u00f3n de la Misi\u00f3n y miembro del Equipo de Misiones Populares de la provincia can\u00f3nica de Zaragoza (Espa\u00f1a) de la Congregaci\u00f3n de la Misi\u00f3n. Graduado en la Universidad Oberta de Catalunya con cuatro grados (Asistente de direcci\u00f3n, Gesti\u00f3n Administrativa, Recursos Humanos y Contabilidad Avanzada). Bil\u00edng\u00fce Espa\u00f1ol\/Ingl\u00e9s. gestiona y mantiene varias p\u00e1ginas web cristianas y vicencianas, incluida including La Red de Formaci\u00f3n Vicenciana, de la que es cofundador. Actualmente es responsable del \u00e1rea de Espa\u00f1ol de .famvin, la Red de Noticias de la Familia Vicenciana. Tambi\u00e9n es m\u00fasico cat\u00f3lico y ha editado varios discos. Es Director General y cofundador de Trovador, una reconocida compa\u00f1\u00eda discogr\u00e1fica critiana de Espa\u00f1a. Trabaja en las Tecnolog\u00edas de la Informaci\u00f3n, ofreciendo servicios de alojamiento, dise\u00f1o y mantenimiento Web, as\u00ed como asesoramiento, formaci\u00f3n y soluciones inform\u00e1ticas, gesti\u00f3n documental y digitalizaci\u00f3n de textos, edici\u00f3n y maquetaci\u00f3n de libros, revistas, flyers, etc.\",\"sameAs\":[\"http:\/\/chento.org\",\"https:\/\/www.facebook.com\/JavierChento\",\"https:\/\/x.com\/https:\/\/twitter.com\/javierchento\"],\"url\":\"http:\/\/vincentians.com\/es\/author\/chento\/\"}]}<\/script>\n<!-- \/ Yoast SEO plugin. -->","yoast_head_json":{"title":"Corpus Christi (reflexi\u00f3n de la S.S.V.P. en Espa\u00f1a) - Somos Vicencianos","robots":{"index":"index","follow":"follow","max-snippet":"max-snippet:-1","max-image-preview":"max-image-preview:large","max-video-preview":"max-video-preview:-1"},"canonical":"http:\/\/vincentians.com\/es\/corpus-christi-reflexion-de-la-s-s-v-p-en-espana\/","og_locale":"es_ES","og_type":"article","og_title":"Corpus Christi (reflexi\u00f3n de la S.S.V.P. en Espa\u00f1a) - Somos Vicencianos","og_description":"\u201cNo hay vida ni acci\u00f3n sin Cristo.\u201d (SvdeP) En esta celebraci\u00f3n se nos pide que reflexionemos sobre el Misterio del Cuerpo y la Sangre de Cristo. Vemos en el Evangelios a Jes\u00fas, ofreciendo la copa ... Read More","og_url":"http:\/\/vincentians.com\/es\/corpus-christi-reflexion-de-la-s-s-v-p-en-espana\/","og_site_name":"Somos Vicencianos","article_publisher":"https:\/\/www.facebook.com\/WeAreVincentians\/","article_author":"https:\/\/www.facebook.com\/JavierChento","article_published_time":"2015-06-03T17:02:16+00:00","article_modified_time":"2016-07-24T08:28:09+00:00","og_image":[{"width":1200,"height":630,"url":"https:\/\/i0.wp.com\/vincentians.com\/es\/wp-content\/uploads\/sites\/11\/2016\/07\/reflexiones-palabra-de-dios.jpg?fit=1200%2C630","type":"image\/jpeg"}],"author":"Francisco Javier Fern\u00e1ndez Chento","twitter_card":"summary_large_image","twitter_creator":"@https:\/\/twitter.com\/javierchento","twitter_site":"@WeVincentians","twitter_misc":{"Escrito por":"Francisco Javier Fern\u00e1ndez Chento","Tiempo de lectura":"3 minutos"},"schema":{"@context":"https:\/\/schema.org","@graph":[{"@type":"Article","@id":"http:\/\/vincentians.com\/es\/corpus-christi-reflexion-de-la-s-s-v-p-en-espana\/#article","isPartOf":{"@id":"http:\/\/vincentians.com\/es\/corpus-christi-reflexion-de-la-s-s-v-p-en-espana\/"},"author":{"name":"Francisco Javier Fern\u00e1ndez Chento","@id":"http:\/\/vincentians.com\/es\/#\/schema\/person\/9623ef4d9aa3b2dfb8c061f1499288f2"},"headline":"Corpus Christi (reflexi\u00f3n de la S.S.V.P. en Espa\u00f1a)","datePublished":"2015-06-03T17:02:16+00:00","dateModified":"2016-07-24T08:28:09+00:00","mainEntityOfPage":{"@id":"http:\/\/vincentians.com\/es\/corpus-christi-reflexion-de-la-s-s-v-p-en-espana\/"},"wordCount":692,"commentCount":0,"publisher":{"@id":"http:\/\/vincentians.com\/es\/#organization"},"image":{"@id":"http:\/\/vincentians.com\/es\/corpus-christi-reflexion-de-la-s-s-v-p-en-espana\/#primaryimage"},"thumbnailUrl":"https:\/\/i0.wp.com\/vincentians.com\/es\/wp-content\/uploads\/sites\/11\/2016\/07\/reflexiones-palabra-de-dios.jpg?fit=1200%2C630","articleSection":["Homil\u00edas y reflexiones, A\u00f1o B"],"inLanguage":"es","potentialAction":[{"@type":"CommentAction","name":"Comment","target":["http:\/\/vincentians.com\/es\/corpus-christi-reflexion-de-la-s-s-v-p-en-espana\/#respond"]}]},{"@type":"WebPage","@id":"http:\/\/vincentians.com\/es\/corpus-christi-reflexion-de-la-s-s-v-p-en-espana\/","url":"http:\/\/vincentians.com\/es\/corpus-christi-reflexion-de-la-s-s-v-p-en-espana\/","name":"Corpus Christi (reflexi\u00f3n de la S.S.V.P. en Espa\u00f1a) - Somos Vicencianos","isPartOf":{"@id":"http:\/\/vincentians.com\/es\/#website"},"primaryImageOfPage":{"@id":"http:\/\/vincentians.com\/es\/corpus-christi-reflexion-de-la-s-s-v-p-en-espana\/#primaryimage"},"image":{"@id":"http:\/\/vincentians.com\/es\/corpus-christi-reflexion-de-la-s-s-v-p-en-espana\/#primaryimage"},"thumbnailUrl":"https:\/\/i0.wp.com\/vincentians.com\/es\/wp-content\/uploads\/sites\/11\/2016\/07\/reflexiones-palabra-de-dios.jpg?fit=1200%2C630","datePublished":"2015-06-03T17:02:16+00:00","dateModified":"2016-07-24T08:28:09+00:00","breadcrumb":{"@id":"http:\/\/vincentians.com\/es\/corpus-christi-reflexion-de-la-s-s-v-p-en-espana\/#breadcrumb"},"inLanguage":"es","potentialAction":[{"@type":"ReadAction","target":["http:\/\/vincentians.com\/es\/corpus-christi-reflexion-de-la-s-s-v-p-en-espana\/"]}]},{"@type":"ImageObject","inLanguage":"es","@id":"http:\/\/vincentians.com\/es\/corpus-christi-reflexion-de-la-s-s-v-p-en-espana\/#primaryimage","url":"https:\/\/i0.wp.com\/vincentians.com\/es\/wp-content\/uploads\/sites\/11\/2016\/07\/reflexiones-palabra-de-dios.jpg?fit=1200%2C630","contentUrl":"https:\/\/i0.wp.com\/vincentians.com\/es\/wp-content\/uploads\/sites\/11\/2016\/07\/reflexiones-palabra-de-dios.jpg?fit=1200%2C630","width":1200,"height":630},{"@type":"BreadcrumbList","@id":"http:\/\/vincentians.com\/es\/corpus-christi-reflexion-de-la-s-s-v-p-en-espana\/#breadcrumb","itemListElement":[{"@type":"ListItem","position":1,"name":"Portada","item":"http:\/\/vincentians.com\/es\/"},{"@type":"ListItem","position":2,"name":"Corpus Christi (reflexi\u00f3n de la S.S.V.P. en Espa\u00f1a)"}]},{"@type":"WebSite","@id":"http:\/\/vincentians.com\/es\/#website","url":"http:\/\/vincentians.com\/es\/","name":"Somos Vicencianos","description":"Know more to serve more","publisher":{"@id":"http:\/\/vincentians.com\/es\/#organization"},"potentialAction":[{"@type":"SearchAction","target":{"@type":"EntryPoint","urlTemplate":"http:\/\/vincentians.com\/es\/?s={search_term_string}"},"query-input":{"@type":"PropertyValueSpecification","valueRequired":true,"valueName":"search_term_string"}}],"inLanguage":"es"},{"@type":"Organization","@id":"http:\/\/vincentians.com\/es\/#organization","name":"The Vincentian Network","url":"http:\/\/vincentians.com\/es\/","logo":{"@type":"ImageObject","inLanguage":"es","@id":"http:\/\/vincentians.com\/es\/#\/schema\/logo\/image\/","url":"https:\/\/i1.wp.com\/vincentians.com\/es\/wp-content\/uploads\/sites\/11\/2016\/06\/Vincentian-Network-logo-big.png?fit=778%2C778","contentUrl":"https:\/\/i1.wp.com\/vincentians.com\/es\/wp-content\/uploads\/sites\/11\/2016\/06\/Vincentian-Network-logo-big.png?fit=778%2C778","width":778,"height":778,"caption":"The Vincentian Network"},"image":{"@id":"http:\/\/vincentians.com\/es\/#\/schema\/logo\/image\/"},"sameAs":["https:\/\/www.facebook.com\/WeAreVincentians\/","https:\/\/x.com\/WeVincentians"]},{"@type":"Person","@id":"http:\/\/vincentians.com\/es\/#\/schema\/person\/9623ef4d9aa3b2dfb8c061f1499288f2","name":"Francisco Javier Fern\u00e1ndez Chento","image":{"@type":"ImageObject","inLanguage":"es","@id":"http:\/\/vincentians.com\/es\/#\/schema\/person\/image\/","url":"https:\/\/secure.gravatar.com\/avatar\/497d5cde87b4c3d097d0315953521681ba2cd523ee66e5077c3711f7021e65de?s=96&d=mm&r=g","contentUrl":"https:\/\/secure.gravatar.com\/avatar\/497d5cde87b4c3d097d0315953521681ba2cd523ee66e5077c3711f7021e65de?s=96&d=mm&r=g","caption":"Francisco Javier Fern\u00e1ndez Chento"},"description":"Director General y cofundador de La Red de Formaci\u00f3n Vicenciana. Javier es laico vicenciano, afiliado a la Congregaci\u00f3n de la Misi\u00f3n y miembro del Equipo de Misiones Populares de la provincia can\u00f3nica de Zaragoza (Espa\u00f1a) de la Congregaci\u00f3n de la Misi\u00f3n. Graduado en la Universidad Oberta de Catalunya con cuatro grados (Asistente de direcci\u00f3n, Gesti\u00f3n Administrativa, Recursos Humanos y Contabilidad Avanzada). Bil\u00edng\u00fce Espa\u00f1ol\/Ingl\u00e9s. gestiona y mantiene varias p\u00e1ginas web cristianas y vicencianas, incluida including La Red de Formaci\u00f3n Vicenciana, de la que es cofundador. Actualmente es responsable del \u00e1rea de Espa\u00f1ol de .famvin, la Red de Noticias de la Familia Vicenciana. Tambi\u00e9n es m\u00fasico cat\u00f3lico y ha editado varios discos. Es Director General y cofundador de Trovador, una reconocida compa\u00f1\u00eda discogr\u00e1fica critiana de Espa\u00f1a. Trabaja en las Tecnolog\u00edas de la Informaci\u00f3n, ofreciendo servicios de alojamiento, dise\u00f1o y mantenimiento Web, as\u00ed como asesoramiento, formaci\u00f3n y soluciones inform\u00e1ticas, gesti\u00f3n documental y digitalizaci\u00f3n de textos, edici\u00f3n y maquetaci\u00f3n de libros, revistas, flyers, etc.","sameAs":["http:\/\/chento.org","https:\/\/www.facebook.com\/JavierChento","https:\/\/x.com\/https:\/\/twitter.com\/javierchento"],"url":"http:\/\/vincentians.com\/es\/author\/chento\/"}]}},"jetpack_publicize_connections":[],"jetpack_featured_media_url":"https:\/\/i0.wp.com\/vincentians.com\/es\/wp-content\/uploads\/sites\/11\/2016\/07\/reflexiones-palabra-de-dios.jpg?fit=1200%2C630","jetpack_sharing_enabled":true,"jetpack_shortlink":"https:\/\/wp.me\/p7ETMF-GBa","jetpack-related-posts":[{"id":135770,"url":"http:\/\/vincentians.com\/es\/corpus-christi-reflexion-de-julio-cesar-villalobos-c-m\/","url_meta":{"origin":163752,"position":0},"title":"Corpus Christi (reflexi\u00f3n de Julio C\u00e9sar Villalobos, C.M.)","author":"Francisco Javier Fern\u00e1ndez Chento","date":"08\/06\/2012","format":false,"excerpt":"Dios es tan real, que hasta lo podemos tocar y comer Se acerc\u00f3 a la oficina parroquial una pareja de esposos, por la ma\u00f1ana, un d\u00eda ordinario, para hablarme de c\u00f3mo Dios hab\u00eda entrado en sus vidas, de c\u00f3mo Dios hab\u00eda tocado su matrimonio, de c\u00f3mo hab\u00edan vuelto a la\u2026","rel":"","context":"En \u00abHomil\u00edas y reflexiones, A\u00f1o B\u00bb","block_context":{"text":"Homil\u00edas y reflexiones, A\u00f1o B","link":"http:\/\/vincentians.com\/es\/category\/homilias-y-reflexiones-a-la-palabra-de-dios\/homilias-y-reflexiones-ano-b\/"},"img":{"alt_text":"","src":"https:\/\/i0.wp.com\/vincentians.com\/es\/wp-content\/uploads\/sites\/11\/2016\/07\/reflexiones-palabra-de-dios.jpg?fit=1200%2C630&resize=350%2C200","width":350,"height":200,"srcset":"https:\/\/i0.wp.com\/vincentians.com\/es\/wp-content\/uploads\/sites\/11\/2016\/07\/reflexiones-palabra-de-dios.jpg?fit=1200%2C630&resize=350%2C200 1x, https:\/\/i0.wp.com\/vincentians.com\/es\/wp-content\/uploads\/sites\/11\/2016\/07\/reflexiones-palabra-de-dios.jpg?fit=1200%2C630&resize=525%2C300 1.5x, https:\/\/i0.wp.com\/vincentians.com\/es\/wp-content\/uploads\/sites\/11\/2016\/07\/reflexiones-palabra-de-dios.jpg?fit=1200%2C630&resize=700%2C400 2x, https:\/\/i0.wp.com\/vincentians.com\/es\/wp-content\/uploads\/sites\/11\/2016\/07\/reflexiones-palabra-de-dios.jpg?fit=1200%2C630&resize=1050%2C600 3x"},"classes":[]},{"id":142140,"url":"http:\/\/vincentians.com\/es\/5o-domingo-de-cuaresma-reflexion-de-jose-cervantes-gabarron-3\/","url_meta":{"origin":163752,"position":1},"title":"5\u00ba Domingo de Cuaresma (reflexi\u00f3n de Jos\u00e9 Cervantes Gabarr\u00f3n)","author":"Francisco Javier Fern\u00e1ndez Chento","date":"20\/03\/2015","format":false,"excerpt":"La Nueva Alianza en la alegr\u00eda del amor consumado El quinto domingo de la cuaresma es tambi\u00e9n una celebraci\u00f3n anticipada de la alegr\u00eda pascual, pues al contemplar la\u00a0elevaci\u00f3n de la pasi\u00f3n y de la gloria de Cristo\u00a0todos los seres humanos podemos experimentar la enorme atracci\u00f3n del Esp\u00edritu de Cristo que\u2026","rel":"","context":"En \u00abHomil\u00edas y reflexiones, A\u00f1o B\u00bb","block_context":{"text":"Homil\u00edas y reflexiones, A\u00f1o B","link":"http:\/\/vincentians.com\/es\/category\/homilias-y-reflexiones-a-la-palabra-de-dios\/homilias-y-reflexiones-ano-b\/"},"img":{"alt_text":"","src":"https:\/\/i0.wp.com\/vincentians.com\/es\/wp-content\/uploads\/sites\/11\/2016\/07\/reflexiones-palabra-de-dios.jpg?fit=1200%2C630&resize=350%2C200","width":350,"height":200,"srcset":"https:\/\/i0.wp.com\/vincentians.com\/es\/wp-content\/uploads\/sites\/11\/2016\/07\/reflexiones-palabra-de-dios.jpg?fit=1200%2C630&resize=350%2C200 1x, https:\/\/i0.wp.com\/vincentians.com\/es\/wp-content\/uploads\/sites\/11\/2016\/07\/reflexiones-palabra-de-dios.jpg?fit=1200%2C630&resize=525%2C300 1.5x, https:\/\/i0.wp.com\/vincentians.com\/es\/wp-content\/uploads\/sites\/11\/2016\/07\/reflexiones-palabra-de-dios.jpg?fit=1200%2C630&resize=700%2C400 2x, https:\/\/i0.wp.com\/vincentians.com\/es\/wp-content\/uploads\/sites\/11\/2016\/07\/reflexiones-palabra-de-dios.jpg?fit=1200%2C630&resize=1050%2C600 3x"},"classes":[]},{"id":142131,"url":"http:\/\/vincentians.com\/es\/5o-domingo-de-cuaresma-reflexion-de-mario-yepez-c-m-2\/","url_meta":{"origin":163752,"position":2},"title":"5\u00ba Domingo de Cuaresma (reflexi\u00f3n de Mario Y\u00e9pez, C.M.)","author":"Francisco Javier Fern\u00e1ndez Chento","date":"20\/03\/2015","format":false,"excerpt":"Quiero empezar por algo que me llama la atenci\u00f3n en este texto del evangelio. Aquellos griegos, no pertenecientes al pueblo de Israel, quiz\u00e1 de aquellos llamados \u201ctemerosos de Dios\u201d que peregrinaban a Jerusal\u00e9n para las fiestas jud\u00edas al enterarse de que Jes\u00fas estaba por all\u00ed no vieron mejor oportunidad que\u2026","rel":"","context":"En \u00abHomil\u00edas y reflexiones, A\u00f1o B\u00bb","block_context":{"text":"Homil\u00edas y reflexiones, A\u00f1o B","link":"http:\/\/vincentians.com\/es\/category\/homilias-y-reflexiones-a-la-palabra-de-dios\/homilias-y-reflexiones-ano-b\/"},"img":{"alt_text":"","src":"https:\/\/i0.wp.com\/vincentians.com\/es\/wp-content\/uploads\/sites\/11\/2016\/07\/reflexiones-palabra-de-dios.jpg?fit=1200%2C630&resize=350%2C200","width":350,"height":200,"srcset":"https:\/\/i0.wp.com\/vincentians.com\/es\/wp-content\/uploads\/sites\/11\/2016\/07\/reflexiones-palabra-de-dios.jpg?fit=1200%2C630&resize=350%2C200 1x, https:\/\/i0.wp.com\/vincentians.com\/es\/wp-content\/uploads\/sites\/11\/2016\/07\/reflexiones-palabra-de-dios.jpg?fit=1200%2C630&resize=525%2C300 1.5x, https:\/\/i0.wp.com\/vincentians.com\/es\/wp-content\/uploads\/sites\/11\/2016\/07\/reflexiones-palabra-de-dios.jpg?fit=1200%2C630&resize=700%2C400 2x, https:\/\/i0.wp.com\/vincentians.com\/es\/wp-content\/uploads\/sites\/11\/2016\/07\/reflexiones-palabra-de-dios.jpg?fit=1200%2C630&resize=1050%2C600 3x"},"classes":[]},{"id":141747,"url":"http:\/\/vincentians.com\/es\/lectio-para-5o-domingo-de-cuaresma-preparada-por-chuno-chavez-alva-c-m\/","url_meta":{"origin":163752,"position":3},"title":"Lectio para 5\u00ba domingo de Cuaresma (preparada por Chuno Ch\u00e1vez Alva, C.M.)","author":"Francisco Javier Fern\u00e1ndez Chento","date":"16\/03\/2015","format":false,"excerpt":"Si el grano de trigo no cae y muere... LA PALABRA HOY: Jerem\u00edas 31,31-34; Salmo 50; Hebreos 5,7-9; Juan 12, 20-33 Ambientaci\u00f3n: Cruz, espigas, granos de trigo Cantos sugeridos: En mi Getseman\u00ed; Victoria, t\u00fa reinar\u00e1s Ambientaci\u00f3n La Alianza nueva y definitiva es el tema que hoy se nos propone como\u2026","rel":"","context":"En \u00abHomil\u00edas y reflexiones, A\u00f1o B\u00bb","block_context":{"text":"Homil\u00edas y reflexiones, A\u00f1o B","link":"http:\/\/vincentians.com\/es\/category\/homilias-y-reflexiones-a-la-palabra-de-dios\/homilias-y-reflexiones-ano-b\/"},"img":{"alt_text":"","src":"https:\/\/i0.wp.com\/vincentians.com\/es\/wp-content\/uploads\/sites\/11\/2016\/07\/reflexiones-palabra-de-dios.jpg?fit=1200%2C630&resize=350%2C200","width":350,"height":200,"srcset":"https:\/\/i0.wp.com\/vincentians.com\/es\/wp-content\/uploads\/sites\/11\/2016\/07\/reflexiones-palabra-de-dios.jpg?fit=1200%2C630&resize=350%2C200 1x, https:\/\/i0.wp.com\/vincentians.com\/es\/wp-content\/uploads\/sites\/11\/2016\/07\/reflexiones-palabra-de-dios.jpg?fit=1200%2C630&resize=525%2C300 1.5x, https:\/\/i0.wp.com\/vincentians.com\/es\/wp-content\/uploads\/sites\/11\/2016\/07\/reflexiones-palabra-de-dios.jpg?fit=1200%2C630&resize=700%2C400 2x, https:\/\/i0.wp.com\/vincentians.com\/es\/wp-content\/uploads\/sites\/11\/2016\/07\/reflexiones-palabra-de-dios.jpg?fit=1200%2C630&resize=1050%2C600 3x"},"classes":[]},{"id":141183,"url":"http:\/\/vincentians.com\/es\/3o-domingo-de-cuaresma-reflexion-de-javier-balda-c-m\/","url_meta":{"origin":163752,"position":4},"title":"3\u00ba Domingo de Cuaresma (reflexi\u00f3n de Javier Balda, C.M.)","author":"Francisco Javier Fern\u00e1ndez Chento","date":"07\/03\/2015","format":false,"excerpt":"T\u00fa tambi\u00e9n eres templo de Dios Estamos ante un hecho hist\u00f3rico que m\u00e1s tarde se usar\u00e1 como bandera condenatoria contra Jes\u00fas. El templo, centro de la vida religiosa y espiritual del pueblo jud\u00edo, hab\u00eda sido transformado en un mercado y Jes\u00fas, como jud\u00edo, levanta su voz de protesta, se indigna\u2026","rel":"","context":"En \u00abHomil\u00edas y reflexiones, A\u00f1o B\u00bb","block_context":{"text":"Homil\u00edas y reflexiones, A\u00f1o B","link":"http:\/\/vincentians.com\/es\/category\/homilias-y-reflexiones-a-la-palabra-de-dios\/homilias-y-reflexiones-ano-b\/"},"img":{"alt_text":"","src":"https:\/\/i0.wp.com\/vincentians.com\/es\/wp-content\/uploads\/sites\/11\/2016\/07\/reflexiones-palabra-de-dios.jpg?fit=1200%2C630&resize=350%2C200","width":350,"height":200,"srcset":"https:\/\/i0.wp.com\/vincentians.com\/es\/wp-content\/uploads\/sites\/11\/2016\/07\/reflexiones-palabra-de-dios.jpg?fit=1200%2C630&resize=350%2C200 1x, https:\/\/i0.wp.com\/vincentians.com\/es\/wp-content\/uploads\/sites\/11\/2016\/07\/reflexiones-palabra-de-dios.jpg?fit=1200%2C630&resize=525%2C300 1.5x, https:\/\/i0.wp.com\/vincentians.com\/es\/wp-content\/uploads\/sites\/11\/2016\/07\/reflexiones-palabra-de-dios.jpg?fit=1200%2C630&resize=700%2C400 2x, https:\/\/i0.wp.com\/vincentians.com\/es\/wp-content\/uploads\/sites\/11\/2016\/07\/reflexiones-palabra-de-dios.jpg?fit=1200%2C630&resize=1050%2C600 3x"},"classes":[]},{"id":172844,"url":"http:\/\/vincentians.com\/es\/11o-domingo-de-t-o-reflexion-de-javier-balda-c-m\/","url_meta":{"origin":163752,"position":5},"title":"11\u00ba Domingo de T.O. (reflexi\u00f3n de Javier Balda, C.M.)","author":"Francisco Javier Fern\u00e1ndez Chento","date":"11\/06\/2015","format":false,"excerpt":"S\u00e9 sembrador del Reino Fue Cristo quien implant\u00f3 su Reino el d\u00eda de la Encarnaci\u00f3n, el d\u00eda en que Dios hizo su morada en medio de los hombres, pero sobre todo, el d\u00eda en que, con su muerte y resurrecci\u00f3n sell\u00f3 el Nuevo Pacto, firm\u00f3 la Nueva Alianza y se\u2026","rel":"","context":"En \u00abHomil\u00edas y reflexiones, A\u00f1o B\u00bb","block_context":{"text":"Homil\u00edas y reflexiones, A\u00f1o B","link":"http:\/\/vincentians.com\/es\/category\/homilias-y-reflexiones-a-la-palabra-de-dios\/homilias-y-reflexiones-ano-b\/"},"img":{"alt_text":"","src":"https:\/\/i0.wp.com\/vincentians.com\/es\/wp-content\/uploads\/sites\/11\/2016\/07\/reflexiones-palabra-de-dios.jpg?fit=1200%2C630&resize=350%2C200","width":350,"height":200,"srcset":"https:\/\/i0.wp.com\/vincentians.com\/es\/wp-content\/uploads\/sites\/11\/2016\/07\/reflexiones-palabra-de-dios.jpg?fit=1200%2C630&resize=350%2C200 1x, https:\/\/i0.wp.com\/vincentians.com\/es\/wp-content\/uploads\/sites\/11\/2016\/07\/reflexiones-palabra-de-dios.jpg?fit=1200%2C630&resize=525%2C300 1.5x, https:\/\/i0.wp.com\/vincentians.com\/es\/wp-content\/uploads\/sites\/11\/2016\/07\/reflexiones-palabra-de-dios.jpg?fit=1200%2C630&resize=700%2C400 2x, https:\/\/i0.wp.com\/vincentians.com\/es\/wp-content\/uploads\/sites\/11\/2016\/07\/reflexiones-palabra-de-dios.jpg?fit=1200%2C630&resize=1050%2C600 3x"},"classes":[]}],"_links":{"self":[{"href":"http:\/\/vincentians.com\/es\/wp-json\/wp\/v2\/posts\/163752","targetHints":{"allow":["GET"]}}],"collection":[{"href":"http:\/\/vincentians.com\/es\/wp-json\/wp\/v2\/posts"}],"about":[{"href":"http:\/\/vincentians.com\/es\/wp-json\/wp\/v2\/types\/post"}],"author":[{"embeddable":true,"href":"http:\/\/vincentians.com\/es\/wp-json\/wp\/v2\/users\/4"}],"replies":[{"embeddable":true,"href":"http:\/\/vincentians.com\/es\/wp-json\/wp\/v2\/comments?post=163752"}],"version-history":[{"count":0,"href":"http:\/\/vincentians.com\/es\/wp-json\/wp\/v2\/posts\/163752\/revisions"}],"wp:featuredmedia":[{"embeddable":true,"href":"http:\/\/vincentians.com\/es\/wp-json\/wp\/v2\/media\/388408"}],"wp:attachment":[{"href":"http:\/\/vincentians.com\/es\/wp-json\/wp\/v2\/media?parent=163752"}],"wp:term":[{"taxonomy":"category","embeddable":true,"href":"http:\/\/vincentians.com\/es\/wp-json\/wp\/v2\/categories?post=163752"},{"taxonomy":"post_tag","embeddable":true,"href":"http:\/\/vincentians.com\/es\/wp-json\/wp\/v2\/tags?post=163752"}],"curies":[{"name":"wp","href":"https:\/\/api.w.org\/{rel}","templated":true}]}}