{"id":16269,"date":"2023-12-01T08:16:06","date_gmt":"2023-12-01T07:16:06","guid":{"rendered":"http:\/\/somos.vicencianos.org\/blog\/2010\/03\/31\/reparacion\/"},"modified":"2023-08-02T18:23:45","modified_gmt":"2023-08-02T16:23:45","slug":"meditaciones-del-cenaculo-misionero-reparacion","status":"publish","type":"post","link":"http:\/\/vincentians.com\/es\/meditaciones-del-cenaculo-misionero-reparacion\/","title":{"rendered":"Meditaciones del Cen\u00e1culo Misionero: Reparaci\u00f3n"},"content":{"rendered":"<p><em>Mi\u00e9rcoles, Semana Santa<\/em><\/p>\n<p><em>Carta Conferencia a los Siervos Misioneros, 1 JUL. 1922, MF 9500.<\/em><\/p>\n<p>\u00a1Qu\u00e9 vocaci\u00f3n y qu\u00e9 vida la de un misionero! No podemos nunca alabar y dar gracias a Dios lo suficiente por tal gracia. Tal parece que esto se hace m\u00e1s evidente a nosotros en d\u00edas como \u00e9ste. \u00bfPor qu\u00e9 en estos d\u00edas particulares sentimos m\u00e1s amor por nuestra vocaci\u00f3n?; \u00bfPor qu\u00e9 sentimos m\u00e1s deseos de alabar y dar gracias a Dios generosamente por habernos dado esta vocaci\u00f3n?<\/p>\n<p>\u00bfPor qu\u00e9 en estos d\u00edas, en una forma particular nuestra adoraci\u00f3n a Dios se inclina m\u00e1s hacer actos de reparaci\u00f3n? Es porque nuestra vocaci\u00f3n es apost\u00f3lica y por lo tanto, estamos llamados a sufrir, a hacer sacrificios, en una palabra, a hacer reparaci\u00f3n, a ofrecernos como v\u00edctimas del amor divino, a hacer reparaci\u00f3n por el pecado y por la pecadora negligencia y la blasfemia de nuestros d\u00edas.<\/p>\n<p>La reparaci\u00f3n es el m\u00e1s encendido y el m\u00e1s bello fruto de la caridad. Sin duda, un alma que es llamada a practicar la caridad est\u00e1 entre las m\u00e1s favorecidas de las favorecidas. Debemos de rezar ardientemente por adquirir esa virtud. Al rezar puede que nos preguntemos, para despertar el temor de Dios en nuestros corazones, lo que el cielo piensa de esta extendida blasfemia (en el mundo de hoy) de la gran indiferencia hacia las verdades de la religi\u00f3n y las ense\u00f1anzas de nuestro Salvador.<\/p>\n<p>\u00a1Qu\u00e9 ansiosos debemos de estar por hacer reparaci\u00f3n! Esto debe de hacernos sufrir con gozo las cosas adversas de nuestra vida diaria y recibir en un esp\u00edritu, no s\u00f3lo de resignaci\u00f3n, sino tambi\u00e9n de alegr\u00eda, esas cosas dolorosas que la Providencia de Dios permite que sucedan. Pruebas tenemos. Algunas son f\u00edsicas, algunas son mentales, algunas son espirituales, algunas son temporales. \u00bfQui\u00e9n esta exento de pruebas? Nadie. Debe de ser nuestra alegr\u00eda por amor a la Sangre Preciosa, por todo lo que ella significa, hacer reparaci\u00f3n.<\/p>\n<p>Consid\u00e9rate, pues, privilegiado hasta el m\u00e1s alto grado al estar consciente de que Dios pone en tu mente que seas una v\u00edctima del amor divino, por amor a \u00c9l. P\u00eddele que esto sea as\u00ed, aunque sea en un grado m\u00ednimo. Si entiendes esta gracia entender\u00e1s porqu\u00e9 almas santas rezaban: \u00ab\u00a1Oh Se\u00f1or, o sufrir o morir!\u00bb<\/p>\n<p>Que ella, la Reina de los Dolores; que ella, quien vivi\u00f3 las m\u00e1s grandes expiaciones que una criatura puede sufrir; que ella, quien hizo de su vida, especialmente desde el momento de su divina maternidad hasta su muerte, un acto supremo de reparaci\u00f3n, nos ense\u00f1e c\u00f3mo amar y c\u00f3mo sufrir. Que esta gracia se practique en el Cen\u00e1culo, y si hay alguna envidia, que \u00e9sta sea un santo deseo de que por amor a Dios, nos soportemos unos a otros. \u00abOh Sangre Preciosa de Jes\u00fas, fluyendo de todos los poros, te adoro. Haz que te ame cada vez m\u00e1s.\u00bb<\/p>\n<p style=\"text-align: right\"><em>Tom\u00e1s Agust\u00edn Judge C.M., fundador del Cen\u00e1culo Misionero<\/em><\/p>\n","protected":false},"excerpt":{"rendered":"<p>Mi\u00e9rcoles, Semana Santa Carta Conferencia a los Siervos Misioneros, 1 JUL. 1922, MF 9500. \u00a1Qu\u00e9 vocaci\u00f3n y qu\u00e9 vida la de un misionero! No podemos nunca alabar y dar gracias a Dios lo suficiente por &#8230; <a href=\"http:\/\/vincentians.com\/es\/meditaciones-del-cenaculo-misionero-reparacion\/\" class=\"more-link\">Read More<\/a><\/p>\n","protected":false},"author":4,"featured_media":404122,"comment_status":"open","ping_status":"open","sticky":false,"template":"","format":"standard","meta":{"jetpack_post_was_ever_published":false,"_jetpack_newsletter_access":"","_jetpack_dont_email_post_to_subs":false,"_jetpack_newsletter_tier_id":0,"_jetpack_memberships_contains_paywalled_content":false,"_jetpack_memberships_contains_paid_content":false,"footnotes":"","jetpack_publicize_message":"","jetpack_publicize_feature_enabled":true,"jetpack_social_post_already_shared":true,"jetpack_social_options":{"image_generator_settings":{"template":"highway","default_image_id":0,"font":"","enabled":false},"version":2}},"categories":[338],"tags":[],"class_list":["post-16269","post","type-post","status-publish","format-standard","has-post-thumbnail","hentry","category-cenaculo-misionero"],"yoast_head":"<!-- This site is optimized with the Yoast SEO plugin v26.3 - https:\/\/yoast.com\/wordpress\/plugins\/seo\/ -->\n<title>Meditaciones del Cen\u00e1culo Misionero: Reparaci\u00f3n - Somos Vicencianos<\/title>\n<meta name=\"robots\" content=\"index, follow, max-snippet:-1, max-image-preview:large, max-video-preview:-1\" \/>\n<link rel=\"canonical\" href=\"http:\/\/vincentians.com\/es\/meditaciones-del-cenaculo-misionero-reparacion\/\" \/>\n<meta property=\"og:locale\" content=\"es_ES\" \/>\n<meta property=\"og:type\" content=\"article\" \/>\n<meta property=\"og:title\" content=\"Meditaciones del Cen\u00e1culo Misionero: Reparaci\u00f3n - Somos Vicencianos\" \/>\n<meta property=\"og:description\" content=\"Mi\u00e9rcoles, Semana Santa Carta Conferencia a los Siervos Misioneros, 1 JUL. 1922, MF 9500. \u00a1Qu\u00e9 vocaci\u00f3n y qu\u00e9 vida la de un misionero! No podemos nunca alabar y dar gracias a Dios lo suficiente por ... Read More\" \/>\n<meta property=\"og:url\" content=\"http:\/\/vincentians.com\/es\/meditaciones-del-cenaculo-misionero-reparacion\/\" \/>\n<meta property=\"og:site_name\" content=\"Somos Vicencianos\" \/>\n<meta property=\"article:publisher\" content=\"https:\/\/www.facebook.com\/WeAreVincentians\/\" \/>\n<meta property=\"article:author\" content=\"https:\/\/www.facebook.com\/JavierChento\" \/>\n<meta property=\"article:published_time\" content=\"2023-12-01T07:16:06+00:00\" \/>\n<meta property=\"og:image\" content=\"https:\/\/i0.wp.com\/vincentians.com\/es\/wp-content\/uploads\/sites\/11\/2013\/04\/formacion_permanente-1.jpg?fit=303%2C303\" \/>\n\t<meta property=\"og:image:width\" content=\"303\" \/>\n\t<meta property=\"og:image:height\" content=\"303\" \/>\n\t<meta property=\"og:image:type\" content=\"image\/jpeg\" \/>\n<meta name=\"author\" content=\"Francisco Javier Fern\u00e1ndez Chento\" \/>\n<meta name=\"twitter:card\" content=\"summary_large_image\" \/>\n<meta name=\"twitter:creator\" content=\"@https:\/\/twitter.com\/javierchento\" \/>\n<meta name=\"twitter:site\" content=\"@WeVincentians\" \/>\n<meta name=\"twitter:label1\" content=\"Escrito por\" \/>\n\t<meta name=\"twitter:data1\" content=\"Francisco Javier Fern\u00e1ndez Chento\" \/>\n\t<meta name=\"twitter:label2\" content=\"Tiempo de lectura\" \/>\n\t<meta name=\"twitter:data2\" content=\"3 minutos\" \/>\n<script type=\"application\/ld+json\" class=\"yoast-schema-graph\">{\"@context\":\"https:\/\/schema.org\",\"@graph\":[{\"@type\":\"Article\",\"@id\":\"http:\/\/vincentians.com\/es\/meditaciones-del-cenaculo-misionero-reparacion\/#article\",\"isPartOf\":{\"@id\":\"http:\/\/vincentians.com\/es\/meditaciones-del-cenaculo-misionero-reparacion\/\"},\"author\":{\"name\":\"Francisco Javier Fern\u00e1ndez Chento\",\"@id\":\"http:\/\/vincentians.com\/es\/#\/schema\/person\/9623ef4d9aa3b2dfb8c061f1499288f2\"},\"headline\":\"Meditaciones del Cen\u00e1culo Misionero: Reparaci\u00f3n\",\"datePublished\":\"2023-12-01T07:16:06+00:00\",\"mainEntityOfPage\":{\"@id\":\"http:\/\/vincentians.com\/es\/meditaciones-del-cenaculo-misionero-reparacion\/\"},\"wordCount\":539,\"commentCount\":0,\"publisher\":{\"@id\":\"http:\/\/vincentians.com\/es\/#organization\"},\"image\":{\"@id\":\"http:\/\/vincentians.com\/es\/meditaciones-del-cenaculo-misionero-reparacion\/#primaryimage\"},\"thumbnailUrl\":\"https:\/\/i0.wp.com\/vincentians.com\/es\/wp-content\/uploads\/sites\/11\/2013\/04\/formacion_permanente-1.jpg?fit=303%2C303\",\"articleSection\":[\"Cen\u00e1culo Misionero\"],\"inLanguage\":\"es\",\"potentialAction\":[{\"@type\":\"CommentAction\",\"name\":\"Comment\",\"target\":[\"http:\/\/vincentians.com\/es\/meditaciones-del-cenaculo-misionero-reparacion\/#respond\"]}]},{\"@type\":\"WebPage\",\"@id\":\"http:\/\/vincentians.com\/es\/meditaciones-del-cenaculo-misionero-reparacion\/\",\"url\":\"http:\/\/vincentians.com\/es\/meditaciones-del-cenaculo-misionero-reparacion\/\",\"name\":\"Meditaciones del Cen\u00e1culo Misionero: Reparaci\u00f3n - Somos Vicencianos\",\"isPartOf\":{\"@id\":\"http:\/\/vincentians.com\/es\/#website\"},\"primaryImageOfPage\":{\"@id\":\"http:\/\/vincentians.com\/es\/meditaciones-del-cenaculo-misionero-reparacion\/#primaryimage\"},\"image\":{\"@id\":\"http:\/\/vincentians.com\/es\/meditaciones-del-cenaculo-misionero-reparacion\/#primaryimage\"},\"thumbnailUrl\":\"https:\/\/i0.wp.com\/vincentians.com\/es\/wp-content\/uploads\/sites\/11\/2013\/04\/formacion_permanente-1.jpg?fit=303%2C303\",\"datePublished\":\"2023-12-01T07:16:06+00:00\",\"breadcrumb\":{\"@id\":\"http:\/\/vincentians.com\/es\/meditaciones-del-cenaculo-misionero-reparacion\/#breadcrumb\"},\"inLanguage\":\"es\",\"potentialAction\":[{\"@type\":\"ReadAction\",\"target\":[\"http:\/\/vincentians.com\/es\/meditaciones-del-cenaculo-misionero-reparacion\/\"]}]},{\"@type\":\"ImageObject\",\"inLanguage\":\"es\",\"@id\":\"http:\/\/vincentians.com\/es\/meditaciones-del-cenaculo-misionero-reparacion\/#primaryimage\",\"url\":\"https:\/\/i0.wp.com\/vincentians.com\/es\/wp-content\/uploads\/sites\/11\/2013\/04\/formacion_permanente-1.jpg?fit=303%2C303\",\"contentUrl\":\"https:\/\/i0.wp.com\/vincentians.com\/es\/wp-content\/uploads\/sites\/11\/2013\/04\/formacion_permanente-1.jpg?fit=303%2C303\",\"width\":303,\"height\":303},{\"@type\":\"BreadcrumbList\",\"@id\":\"http:\/\/vincentians.com\/es\/meditaciones-del-cenaculo-misionero-reparacion\/#breadcrumb\",\"itemListElement\":[{\"@type\":\"ListItem\",\"position\":1,\"name\":\"Portada\",\"item\":\"http:\/\/vincentians.com\/es\/\"},{\"@type\":\"ListItem\",\"position\":2,\"name\":\"Meditaciones del Cen\u00e1culo Misionero: Reparaci\u00f3n\"}]},{\"@type\":\"WebSite\",\"@id\":\"http:\/\/vincentians.com\/es\/#website\",\"url\":\"http:\/\/vincentians.com\/es\/\",\"name\":\"Somos Vicencianos\",\"description\":\"Know more to serve more\",\"publisher\":{\"@id\":\"http:\/\/vincentians.com\/es\/#organization\"},\"potentialAction\":[{\"@type\":\"SearchAction\",\"target\":{\"@type\":\"EntryPoint\",\"urlTemplate\":\"http:\/\/vincentians.com\/es\/?s={search_term_string}\"},\"query-input\":{\"@type\":\"PropertyValueSpecification\",\"valueRequired\":true,\"valueName\":\"search_term_string\"}}],\"inLanguage\":\"es\"},{\"@type\":\"Organization\",\"@id\":\"http:\/\/vincentians.com\/es\/#organization\",\"name\":\"The Vincentian Network\",\"url\":\"http:\/\/vincentians.com\/es\/\",\"logo\":{\"@type\":\"ImageObject\",\"inLanguage\":\"es\",\"@id\":\"http:\/\/vincentians.com\/es\/#\/schema\/logo\/image\/\",\"url\":\"https:\/\/i1.wp.com\/vincentians.com\/es\/wp-content\/uploads\/sites\/11\/2016\/06\/Vincentian-Network-logo-big.png?fit=778%2C778\",\"contentUrl\":\"https:\/\/i1.wp.com\/vincentians.com\/es\/wp-content\/uploads\/sites\/11\/2016\/06\/Vincentian-Network-logo-big.png?fit=778%2C778\",\"width\":778,\"height\":778,\"caption\":\"The Vincentian Network\"},\"image\":{\"@id\":\"http:\/\/vincentians.com\/es\/#\/schema\/logo\/image\/\"},\"sameAs\":[\"https:\/\/www.facebook.com\/WeAreVincentians\/\",\"https:\/\/x.com\/WeVincentians\"]},{\"@type\":\"Person\",\"@id\":\"http:\/\/vincentians.com\/es\/#\/schema\/person\/9623ef4d9aa3b2dfb8c061f1499288f2\",\"name\":\"Francisco Javier Fern\u00e1ndez Chento\",\"image\":{\"@type\":\"ImageObject\",\"inLanguage\":\"es\",\"@id\":\"http:\/\/vincentians.com\/es\/#\/schema\/person\/image\/\",\"url\":\"https:\/\/secure.gravatar.com\/avatar\/497d5cde87b4c3d097d0315953521681ba2cd523ee66e5077c3711f7021e65de?s=96&d=mm&r=g\",\"contentUrl\":\"https:\/\/secure.gravatar.com\/avatar\/497d5cde87b4c3d097d0315953521681ba2cd523ee66e5077c3711f7021e65de?s=96&d=mm&r=g\",\"caption\":\"Francisco Javier Fern\u00e1ndez Chento\"},\"description\":\"Director General y cofundador de La Red de Formaci\u00f3n Vicenciana. Javier es laico vicenciano, afiliado a la Congregaci\u00f3n de la Misi\u00f3n y miembro del Equipo de Misiones Populares de la provincia can\u00f3nica de Zaragoza (Espa\u00f1a) de la Congregaci\u00f3n de la Misi\u00f3n. Graduado en la Universidad Oberta de Catalunya con cuatro grados (Asistente de direcci\u00f3n, Gesti\u00f3n Administrativa, Recursos Humanos y Contabilidad Avanzada). Bil\u00edng\u00fce Espa\u00f1ol\/Ingl\u00e9s. gestiona y mantiene varias p\u00e1ginas web cristianas y vicencianas, incluida including La Red de Formaci\u00f3n Vicenciana, de la que es cofundador. Actualmente es responsable del \u00e1rea de Espa\u00f1ol de .famvin, la Red de Noticias de la Familia Vicenciana. Tambi\u00e9n es m\u00fasico cat\u00f3lico y ha editado varios discos. Es Director General y cofundador de Trovador, una reconocida compa\u00f1\u00eda discogr\u00e1fica critiana de Espa\u00f1a. Trabaja en las Tecnolog\u00edas de la Informaci\u00f3n, ofreciendo servicios de alojamiento, dise\u00f1o y mantenimiento Web, as\u00ed como asesoramiento, formaci\u00f3n y soluciones inform\u00e1ticas, gesti\u00f3n documental y digitalizaci\u00f3n de textos, edici\u00f3n y maquetaci\u00f3n de libros, revistas, flyers, etc.\",\"sameAs\":[\"http:\/\/chento.org\",\"https:\/\/www.facebook.com\/JavierChento\",\"https:\/\/x.com\/https:\/\/twitter.com\/javierchento\"],\"url\":\"http:\/\/vincentians.com\/es\/author\/chento\/\"}]}<\/script>\n<!-- \/ Yoast SEO plugin. -->","yoast_head_json":{"title":"Meditaciones del Cen\u00e1culo Misionero: Reparaci\u00f3n - Somos Vicencianos","robots":{"index":"index","follow":"follow","max-snippet":"max-snippet:-1","max-image-preview":"max-image-preview:large","max-video-preview":"max-video-preview:-1"},"canonical":"http:\/\/vincentians.com\/es\/meditaciones-del-cenaculo-misionero-reparacion\/","og_locale":"es_ES","og_type":"article","og_title":"Meditaciones del Cen\u00e1culo Misionero: Reparaci\u00f3n - Somos Vicencianos","og_description":"Mi\u00e9rcoles, Semana Santa Carta Conferencia a los Siervos Misioneros, 1 JUL. 1922, MF 9500. \u00a1Qu\u00e9 vocaci\u00f3n y qu\u00e9 vida la de un misionero! No podemos nunca alabar y dar gracias a Dios lo suficiente por ... Read More","og_url":"http:\/\/vincentians.com\/es\/meditaciones-del-cenaculo-misionero-reparacion\/","og_site_name":"Somos Vicencianos","article_publisher":"https:\/\/www.facebook.com\/WeAreVincentians\/","article_author":"https:\/\/www.facebook.com\/JavierChento","article_published_time":"2023-12-01T07:16:06+00:00","og_image":[{"width":303,"height":303,"url":"https:\/\/i0.wp.com\/vincentians.com\/es\/wp-content\/uploads\/sites\/11\/2013\/04\/formacion_permanente-1.jpg?fit=303%2C303","type":"image\/jpeg"}],"author":"Francisco Javier Fern\u00e1ndez Chento","twitter_card":"summary_large_image","twitter_creator":"@https:\/\/twitter.com\/javierchento","twitter_site":"@WeVincentians","twitter_misc":{"Escrito por":"Francisco Javier Fern\u00e1ndez Chento","Tiempo de lectura":"3 minutos"},"schema":{"@context":"https:\/\/schema.org","@graph":[{"@type":"Article","@id":"http:\/\/vincentians.com\/es\/meditaciones-del-cenaculo-misionero-reparacion\/#article","isPartOf":{"@id":"http:\/\/vincentians.com\/es\/meditaciones-del-cenaculo-misionero-reparacion\/"},"author":{"name":"Francisco Javier Fern\u00e1ndez Chento","@id":"http:\/\/vincentians.com\/es\/#\/schema\/person\/9623ef4d9aa3b2dfb8c061f1499288f2"},"headline":"Meditaciones del Cen\u00e1culo Misionero: Reparaci\u00f3n","datePublished":"2023-12-01T07:16:06+00:00","mainEntityOfPage":{"@id":"http:\/\/vincentians.com\/es\/meditaciones-del-cenaculo-misionero-reparacion\/"},"wordCount":539,"commentCount":0,"publisher":{"@id":"http:\/\/vincentians.com\/es\/#organization"},"image":{"@id":"http:\/\/vincentians.com\/es\/meditaciones-del-cenaculo-misionero-reparacion\/#primaryimage"},"thumbnailUrl":"https:\/\/i0.wp.com\/vincentians.com\/es\/wp-content\/uploads\/sites\/11\/2013\/04\/formacion_permanente-1.jpg?fit=303%2C303","articleSection":["Cen\u00e1culo Misionero"],"inLanguage":"es","potentialAction":[{"@type":"CommentAction","name":"Comment","target":["http:\/\/vincentians.com\/es\/meditaciones-del-cenaculo-misionero-reparacion\/#respond"]}]},{"@type":"WebPage","@id":"http:\/\/vincentians.com\/es\/meditaciones-del-cenaculo-misionero-reparacion\/","url":"http:\/\/vincentians.com\/es\/meditaciones-del-cenaculo-misionero-reparacion\/","name":"Meditaciones del Cen\u00e1culo Misionero: Reparaci\u00f3n - Somos Vicencianos","isPartOf":{"@id":"http:\/\/vincentians.com\/es\/#website"},"primaryImageOfPage":{"@id":"http:\/\/vincentians.com\/es\/meditaciones-del-cenaculo-misionero-reparacion\/#primaryimage"},"image":{"@id":"http:\/\/vincentians.com\/es\/meditaciones-del-cenaculo-misionero-reparacion\/#primaryimage"},"thumbnailUrl":"https:\/\/i0.wp.com\/vincentians.com\/es\/wp-content\/uploads\/sites\/11\/2013\/04\/formacion_permanente-1.jpg?fit=303%2C303","datePublished":"2023-12-01T07:16:06+00:00","breadcrumb":{"@id":"http:\/\/vincentians.com\/es\/meditaciones-del-cenaculo-misionero-reparacion\/#breadcrumb"},"inLanguage":"es","potentialAction":[{"@type":"ReadAction","target":["http:\/\/vincentians.com\/es\/meditaciones-del-cenaculo-misionero-reparacion\/"]}]},{"@type":"ImageObject","inLanguage":"es","@id":"http:\/\/vincentians.com\/es\/meditaciones-del-cenaculo-misionero-reparacion\/#primaryimage","url":"https:\/\/i0.wp.com\/vincentians.com\/es\/wp-content\/uploads\/sites\/11\/2013\/04\/formacion_permanente-1.jpg?fit=303%2C303","contentUrl":"https:\/\/i0.wp.com\/vincentians.com\/es\/wp-content\/uploads\/sites\/11\/2013\/04\/formacion_permanente-1.jpg?fit=303%2C303","width":303,"height":303},{"@type":"BreadcrumbList","@id":"http:\/\/vincentians.com\/es\/meditaciones-del-cenaculo-misionero-reparacion\/#breadcrumb","itemListElement":[{"@type":"ListItem","position":1,"name":"Portada","item":"http:\/\/vincentians.com\/es\/"},{"@type":"ListItem","position":2,"name":"Meditaciones del Cen\u00e1culo Misionero: Reparaci\u00f3n"}]},{"@type":"WebSite","@id":"http:\/\/vincentians.com\/es\/#website","url":"http:\/\/vincentians.com\/es\/","name":"Somos Vicencianos","description":"Know more to serve more","publisher":{"@id":"http:\/\/vincentians.com\/es\/#organization"},"potentialAction":[{"@type":"SearchAction","target":{"@type":"EntryPoint","urlTemplate":"http:\/\/vincentians.com\/es\/?s={search_term_string}"},"query-input":{"@type":"PropertyValueSpecification","valueRequired":true,"valueName":"search_term_string"}}],"inLanguage":"es"},{"@type":"Organization","@id":"http:\/\/vincentians.com\/es\/#organization","name":"The Vincentian Network","url":"http:\/\/vincentians.com\/es\/","logo":{"@type":"ImageObject","inLanguage":"es","@id":"http:\/\/vincentians.com\/es\/#\/schema\/logo\/image\/","url":"https:\/\/i1.wp.com\/vincentians.com\/es\/wp-content\/uploads\/sites\/11\/2016\/06\/Vincentian-Network-logo-big.png?fit=778%2C778","contentUrl":"https:\/\/i1.wp.com\/vincentians.com\/es\/wp-content\/uploads\/sites\/11\/2016\/06\/Vincentian-Network-logo-big.png?fit=778%2C778","width":778,"height":778,"caption":"The Vincentian Network"},"image":{"@id":"http:\/\/vincentians.com\/es\/#\/schema\/logo\/image\/"},"sameAs":["https:\/\/www.facebook.com\/WeAreVincentians\/","https:\/\/x.com\/WeVincentians"]},{"@type":"Person","@id":"http:\/\/vincentians.com\/es\/#\/schema\/person\/9623ef4d9aa3b2dfb8c061f1499288f2","name":"Francisco Javier Fern\u00e1ndez Chento","image":{"@type":"ImageObject","inLanguage":"es","@id":"http:\/\/vincentians.com\/es\/#\/schema\/person\/image\/","url":"https:\/\/secure.gravatar.com\/avatar\/497d5cde87b4c3d097d0315953521681ba2cd523ee66e5077c3711f7021e65de?s=96&d=mm&r=g","contentUrl":"https:\/\/secure.gravatar.com\/avatar\/497d5cde87b4c3d097d0315953521681ba2cd523ee66e5077c3711f7021e65de?s=96&d=mm&r=g","caption":"Francisco Javier Fern\u00e1ndez Chento"},"description":"Director General y cofundador de La Red de Formaci\u00f3n Vicenciana. Javier es laico vicenciano, afiliado a la Congregaci\u00f3n de la Misi\u00f3n y miembro del Equipo de Misiones Populares de la provincia can\u00f3nica de Zaragoza (Espa\u00f1a) de la Congregaci\u00f3n de la Misi\u00f3n. Graduado en la Universidad Oberta de Catalunya con cuatro grados (Asistente de direcci\u00f3n, Gesti\u00f3n Administrativa, Recursos Humanos y Contabilidad Avanzada). Bil\u00edng\u00fce Espa\u00f1ol\/Ingl\u00e9s. gestiona y mantiene varias p\u00e1ginas web cristianas y vicencianas, incluida including La Red de Formaci\u00f3n Vicenciana, de la que es cofundador. Actualmente es responsable del \u00e1rea de Espa\u00f1ol de .famvin, la Red de Noticias de la Familia Vicenciana. Tambi\u00e9n es m\u00fasico cat\u00f3lico y ha editado varios discos. Es Director General y cofundador de Trovador, una reconocida compa\u00f1\u00eda discogr\u00e1fica critiana de Espa\u00f1a. Trabaja en las Tecnolog\u00edas de la Informaci\u00f3n, ofreciendo servicios de alojamiento, dise\u00f1o y mantenimiento Web, as\u00ed como asesoramiento, formaci\u00f3n y soluciones inform\u00e1ticas, gesti\u00f3n documental y digitalizaci\u00f3n de textos, edici\u00f3n y maquetaci\u00f3n de libros, revistas, flyers, etc.","sameAs":["http:\/\/chento.org","https:\/\/www.facebook.com\/JavierChento","https:\/\/x.com\/https:\/\/twitter.com\/javierchento"],"url":"http:\/\/vincentians.com\/es\/author\/chento\/"}]}},"jetpack_publicize_connections":[],"jetpack_featured_media_url":"https:\/\/i0.wp.com\/vincentians.com\/es\/wp-content\/uploads\/sites\/11\/2013\/04\/formacion_permanente-1.jpg?fit=303%2C303","jetpack_sharing_enabled":true,"jetpack_shortlink":"https:\/\/wp.me\/p7ETMF-4ep","jetpack-related-posts":[{"id":136778,"url":"http:\/\/vincentians.com\/es\/enviados-ad-gentes\/","url_meta":{"origin":16269,"position":0},"title":"Enviados \u00abAd Gentes\u00bb","author":"Francisco Javier Fern\u00e1ndez Chento","date":"07\/02\/2015","format":false,"excerpt":"\u00abSabed que vamos a dedi\u00adcarnos a los paganos. As\u00ed \u00adnos lo ha mandado el Se\u00f1or: Yo te har\u00e9 luz de las naciones, para que lleves la salvaci\u00f3n hasta el extremo \u00adde la tierra\u00bb. (Hch 13,47). \u00abEntre las obras de apostolado de la Congregaci\u00f3n ocupan un lugar destacado las Misiones \u00abad\u2026","rel":"","context":"En \u00abEspiritualidad vicenciana\u00bb","block_context":{"text":"Espiritualidad vicenciana","link":"http:\/\/vincentians.com\/es\/category\/espiritualidad\/espiritualidad-vicenciana\/"},"img":{"alt_text":"mision_ad_gentes","src":"https:\/\/i0.wp.com\/vicencianos.org\/wp-content\/2013\/05\/mision_ad_gentes-300x225.jpg?resize=350%2C200","width":350,"height":200},"classes":[]},{"id":387097,"url":"http:\/\/vincentians.com\/es\/todos-misioneros\/","url_meta":{"origin":16269,"position":1},"title":"Todos misioneros","author":"Mitxel Olabu\u00e9naga","date":"23\/02\/2016","format":false,"excerpt":"Vivid a la altura de la vocaci\u00f3n que hab\u00e9is recibido; sed humildes y sencillos, sed pacientes y conllevaos unos a otros con amor. Esforzaos por mantener la unidad que crea el Esp\u00edritu, estrech\u00e1ndola con la paz. Hay un solo cuerpo y un solo Esp\u00edritu como una es tambi\u00e9n la esperanza\u2026","rel":"","context":"En \u00abEspiritualidad\u00bb","block_context":{"text":"Espiritualidad","link":"http:\/\/vincentians.com\/es\/category\/espiritualidad\/"},"img":{"alt_text":"asd","src":"https:\/\/i0.wp.com\/vicencianos.org\/wp-content\/uploads\/2016\/02\/asd-2-300x257.jpg?resize=350%2C200","width":350,"height":200},"classes":[]},{"id":16273,"url":"http:\/\/vincentians.com\/es\/meditaciones-del-cenaculo-misionero-el-espiritu-de-nuestros-votos\/","url_meta":{"origin":16269,"position":2},"title":"Meditaciones del Cen\u00e1culo Misionero: El Esp\u00edritu De Nuestros Votos","author":"Francisco Javier Fern\u00e1ndez Chento","date":"07\/12\/2023","format":false,"excerpt":"Viernes Santo Carta a los Siervos Misioneros, 22 MAR. 1923, MF 5329. \u00a1La Pobreza, la Obediencia y la Castidad! \u00a1Qu\u00e9 gloriosas cuentas del rosario son, uniendo nuestros corazones al Sagrado Coraz\u00f3n de Jes\u00fas! Encontramos a nuestro amado Se\u00f1or tal como la Iglesia lo present\u00f3 el domingo pasado, en medio de\u2026","rel":"","context":"En \u00abCen\u00e1culo Misionero\u00bb","block_context":{"text":"Cen\u00e1culo Misionero","link":"http:\/\/vincentians.com\/es\/category\/la-familia-vicenciana\/ramas\/cenaculo-misionero\/"},"img":{"alt_text":"","src":"https:\/\/i0.wp.com\/vincentians.com\/es\/wp-content\/uploads\/sites\/11\/2013\/04\/formacion_permanente-1.jpg?fit=303%2C303&resize=350%2C200","width":350,"height":200},"classes":[]},{"id":133796,"url":"http:\/\/vincentians.com\/es\/amador-saez-2\/","url_meta":{"origin":16269,"position":3},"title":"Amador Sa\u00e9z","author":"Mitxel Olabu\u00e9naga","date":"04\/01\/2015","format":false,"excerpt":"Ayer (10 de noviembre de 2014), el P. Amador, no como un \"Le\u00f3n\" Magno, sino como un dulce corderillo, sin fuerza, mir\u00e1ndonos con dulzura y sin \u00e1nimos para batallar, \u00a1hasta se puede decir que hab\u00eda perdido su energ\u00eda aragonesa, de la que no quer\u00eda desprenderse!, se nos fue al encuentro\u2026","rel":"","context":"En \u00abBiograf\u00edas de Misioneros Pa\u00fales\u00bb","block_context":{"text":"Biograf\u00edas de Misioneros Pa\u00fales","link":"http:\/\/vincentians.com\/es\/category\/la-familia-vicenciana\/biografias-vicencianas\/biografias-de-misioneros-paules\/"},"img":{"alt_text":"","src":"https:\/\/i0.wp.com\/vincentians.com\/es\/wp-content\/uploads\/sites\/11\/2016\/07\/bio-cm.jpg?fit=1200%2C630&resize=350%2C200","width":350,"height":200,"srcset":"https:\/\/i0.wp.com\/vincentians.com\/es\/wp-content\/uploads\/sites\/11\/2016\/07\/bio-cm.jpg?fit=1200%2C630&resize=350%2C200 1x, https:\/\/i0.wp.com\/vincentians.com\/es\/wp-content\/uploads\/sites\/11\/2016\/07\/bio-cm.jpg?fit=1200%2C630&resize=525%2C300 1.5x, https:\/\/i0.wp.com\/vincentians.com\/es\/wp-content\/uploads\/sites\/11\/2016\/07\/bio-cm.jpg?fit=1200%2C630&resize=700%2C400 2x, https:\/\/i0.wp.com\/vincentians.com\/es\/wp-content\/uploads\/sites\/11\/2016\/07\/bio-cm.jpg?fit=1200%2C630&resize=1050%2C600 3x"},"classes":[]},{"id":130767,"url":"http:\/\/vincentians.com\/es\/p-jose-carames-pato\/","url_meta":{"origin":16269,"position":4},"title":"P. Jos\u00e9 Caram\u00e9s Pato","author":"Mitxel Olabu\u00e9naga","date":"16\/07\/2014","format":false,"excerpt":"Muy querido y recordado Padre Caram\u00e9s: Te escribo esta carta, porque me imagino que en el cielo, los \u00c1ngeles tendr\u00e1n organizado un buen servicio de correos. S\u00ed, los \u00c1ngeles; los mismos que en la noche del 24 de diciembre en Bel\u00e9n, comunicaron a los pastores que muy cerca de su\u2026","rel":"","context":"En \u00abBiograf\u00edas de Misioneros Pa\u00fales\u00bb","block_context":{"text":"Biograf\u00edas de Misioneros Pa\u00fales","link":"http:\/\/vincentians.com\/es\/category\/la-familia-vicenciana\/biografias-vicencianas\/biografias-de-misioneros-paules\/"},"img":{"alt_text":"","src":"https:\/\/i0.wp.com\/vincentians.com\/es\/wp-content\/uploads\/sites\/11\/2016\/07\/bio-cm.jpg?fit=1200%2C630&resize=350%2C200","width":350,"height":200,"srcset":"https:\/\/i0.wp.com\/vincentians.com\/es\/wp-content\/uploads\/sites\/11\/2016\/07\/bio-cm.jpg?fit=1200%2C630&resize=350%2C200 1x, https:\/\/i0.wp.com\/vincentians.com\/es\/wp-content\/uploads\/sites\/11\/2016\/07\/bio-cm.jpg?fit=1200%2C630&resize=525%2C300 1.5x, https:\/\/i0.wp.com\/vincentians.com\/es\/wp-content\/uploads\/sites\/11\/2016\/07\/bio-cm.jpg?fit=1200%2C630&resize=700%2C400 2x, https:\/\/i0.wp.com\/vincentians.com\/es\/wp-content\/uploads\/sites\/11\/2016\/07\/bio-cm.jpg?fit=1200%2C630&resize=1050%2C600 3x"},"classes":[]},{"id":387135,"url":"http:\/\/vincentians.com\/es\/contemplativos-en-la-accion\/","url_meta":{"origin":16269,"position":5},"title":"Contemplativos en la acci\u00f3n","author":"Mitxel Olabu\u00e9naga","date":"26\/02\/2016","format":false,"excerpt":"\u00abNo descuides el don que posees... Cuida de esas co\u00adsas y ded\u00edcate a ellas, para que todos vean c\u00f3mo adelantas. Preoc\u00fapate de ti y de la ense\u00f1anza; si lo haces te sal\u00advar\u00e1s a ti y a los que te es\u00adcuchan\u00bb. (I Tim 4,14-16). \u00abLa inserci\u00f3n apost\u00f3lica en el mundo, la\u2026","rel":"","context":"En \u00abEspiritualidad\u00bb","block_context":{"text":"Espiritualidad","link":"http:\/\/vincentians.com\/es\/category\/espiritualidad\/"},"img":{"alt_text":"asd","src":"https:\/\/i0.wp.com\/vicencianos.org\/wp-content\/uploads\/2016\/02\/asd-3-300x214.jpg?resize=350%2C200","width":350,"height":200},"classes":[]}],"_links":{"self":[{"href":"http:\/\/vincentians.com\/es\/wp-json\/wp\/v2\/posts\/16269","targetHints":{"allow":["GET"]}}],"collection":[{"href":"http:\/\/vincentians.com\/es\/wp-json\/wp\/v2\/posts"}],"about":[{"href":"http:\/\/vincentians.com\/es\/wp-json\/wp\/v2\/types\/post"}],"author":[{"embeddable":true,"href":"http:\/\/vincentians.com\/es\/wp-json\/wp\/v2\/users\/4"}],"replies":[{"embeddable":true,"href":"http:\/\/vincentians.com\/es\/wp-json\/wp\/v2\/comments?post=16269"}],"version-history":[{"count":1,"href":"http:\/\/vincentians.com\/es\/wp-json\/wp\/v2\/posts\/16269\/revisions"}],"predecessor-version":[{"id":404901,"href":"http:\/\/vincentians.com\/es\/wp-json\/wp\/v2\/posts\/16269\/revisions\/404901"}],"wp:featuredmedia":[{"embeddable":true,"href":"http:\/\/vincentians.com\/es\/wp-json\/wp\/v2\/media\/404122"}],"wp:attachment":[{"href":"http:\/\/vincentians.com\/es\/wp-json\/wp\/v2\/media?parent=16269"}],"wp:term":[{"taxonomy":"category","embeddable":true,"href":"http:\/\/vincentians.com\/es\/wp-json\/wp\/v2\/categories?post=16269"},{"taxonomy":"post_tag","embeddable":true,"href":"http:\/\/vincentians.com\/es\/wp-json\/wp\/v2\/tags?post=16269"}],"curies":[{"name":"wp","href":"https:\/\/api.w.org\/{rel}","templated":true}]}}