{"id":16268,"date":"2023-11-21T08:15:44","date_gmt":"2023-11-21T07:15:44","guid":{"rendered":"http:\/\/somos.vicencianos.org\/blog\/2010\/03\/30\/practica-los-sufrimientos-mentales-de-cristo\/"},"modified":"2023-08-02T18:18:43","modified_gmt":"2023-08-02T16:18:43","slug":"meditaciones-del-cenaculo-misionero-los-sufrimientos-mentales-de-cristo","status":"publish","type":"post","link":"http:\/\/vincentians.com\/es\/meditaciones-del-cenaculo-misionero-los-sufrimientos-mentales-de-cristo\/","title":{"rendered":"Meditaciones del Cen\u00e1culo Misionero: Los Sufrimientos Mentales De Cristo"},"content":{"rendered":"<p><em>Martes, Semana Santa<\/em><\/p>\n<p>\u00ab\u00bfNo pueden velar una hora conmigo?\u00bb (Mt 26,40). Seguiremos a Jes\u00fas en su camino y en sus sufrimientos. Cada momento que pasa \u00c9l se acerca m\u00e1s al sangriento Jerusal\u00e9n. El Hijo del Hombre va camino a Jerusal\u00e9n a ser crucificado. Llev\u00f3 consigo a tres de sus disc\u00edpulos, pero mientras \u00c9l rezaba en el huerto, ellos dorm\u00edan. Llam\u00f3 a Pedro: \u00ab\u00bfNo puedes velar una hora conmigo?\u00bb. No hab\u00eda nadie que lo consolara. En este huerto las piedras y los \u00e1rboles fueron testigos del sufrimiento m\u00e1s cruento que el mundo jam\u00e1s haya presenciado. Jes\u00fas hundi\u00f3 sus dedos en el polvo de la tierra. El rostro que levant\u00f3 del polvo de la tierra es un rostro desprovisto de toda clase de hermosura. El hombre hab\u00eda pecado. Toda esperanza se hab\u00eda perdido. Pero el amor ingenioso, fecundo del Esp\u00edritu Santo resolvi\u00f3 el problema de la redenci\u00f3n del hombre. Como Dios, \u00c9l pod\u00eda sufrir. Por lo tanto, la Segunda Persona de la Sant\u00edsima Trinidad vino al mundo para sufrir los dolores que iban a desagraviar la justicia divina.<\/p>\n<p>Jes\u00fas hab\u00eda esperado por esta escena en el jard\u00edn. Hab\u00eda que hacer penitencias por todos los pecados para que el hombre pudiera ver a Dios cara a cara. Llev\u00f3 amigos con \u00c9l y \u00e9stos durmieron. \u00c9l ten\u00eda que sufrir solo. No hab\u00eda nadie que lo consolara. En su vida hab\u00eda rezado mucho, pero nunca rez\u00f3 tanto como lo que rez\u00f3 esa noche. Pero el cielo estaba mudo y sordo. Volvi\u00f3 a rezar. Llam\u00f3 a sus ap\u00f3stoles: \u00ab\u00bfNo pueden velar una hora conmigo?\u00bb (Mt 26,40) Empez\u00f3 a sentirse agobiado y sent\u00eda su alma pesada. Rez\u00f3 por tercera vez y vino un \u00e1ngel y le susurr\u00f3 al o\u00eddo. Estaba cubierto de sangre. \u00bfEs alguna maravilla que hubiera sudado sangre? Dios, que odia el pecado, ten\u00eda que identificarse con el pecado. La ira de Dios, el Padre, cay\u00f3 sobre nuestro pobre Salvador por nuestros pecados y nosotros no podemos velar una hora. Los demonios del infierno se burlaron de \u00c9l. Lo tentaron, lo blasfemaron. Fue la venganza de los demonios por no haber tenido \u00e9xito en el desierto.<\/p>\n<p>M\u00e1s tarde su cuerpo va a ser crucificado por sus enemigos, pero somos nosotros, sus amigos, los que crucificamos su alma con nuestros pecados personales y nuestra ingratitud. Si s\u00f3lo hubi\u00e9ramos sido fieles a la gracia, a qu\u00e9 altura hubi\u00e9ramos llegado en la monta\u00f1a. \u00a1Igual que la Sant\u00edsima Madre! \u00bfQu\u00e9 le susurr\u00f3 el \u00e1ngel al o\u00eddo en el huerto? \u00bfLa promesa de t\u00fa velar una hora con \u00c9l? \u00bfLa promesa de t\u00fa encontrarlo en el comulgatorio y consolarlo?<span id='easy-footnote-1-16268' class='easy-footnote-margin-adjust'><\/span><span class='easy-footnote'><a href='http:\/\/vincentians.com\/es\/meditaciones-del-cenaculo-misionero-los-sufrimientos-mentales-de-cristo\/#easy-footnote-bottom-1-16268' title='Retiro Conferencia a los Primeros Miembros del Cen\u00e1culo, 17 AGO. 1913, MF 8324-26.'><sup>1<\/sup><\/a><\/span> Pobre mente atormentada la de Jes\u00fas. Una de nuestras pr\u00e1cticas es adorar los sufrimientos mentales de nuestro amado Cristo. \u00a1C\u00f3mo lo atormentaron y c\u00f3mo sangr\u00f3! Para haber expiaci\u00f3n tiene que haber sufrimiento. Sus amigos defraudaron su confianza. Dejaron solo a Cristo. Los llam\u00f3 tres veces. No es lo que los enemigos hicieran. Es lo que sus amigos har\u00edan. Esa era la hora para sus amigos, crucificarlo o con la indiferencia a sus intereses de aquellos que iban a ser sus amigos; el descuido; la desatenci\u00f3n. No s\u00e9 cu\u00e1nto es responsable el Cen\u00e1culo por aquel sudor de sangre faltando a la comuni\u00f3n, dejando de decir o hacer actos de amor; por la falta de inter\u00e9s, la falta de celo, la falta de caridad en la conducta. Todo esto contribuy\u00f3 al sudor de sangre aquella noche. Ser\u00eda bueno mirar al huerto para ver hasta cu\u00e1nto el Cen\u00e1culo es responsable, hasta cu\u00e1nto somos responsables de nuestros defectos personales. Debemos de conocer las cosas que atormentaban la mente de Jes\u00fas. Cuando pensamos en la Sangre Preciosa derramada, debe de venir de nuestras almas un r\u00e1pido acto de contrici\u00f3n por lo que hemos hecho.<span id='easy-footnote-2-16268' class='easy-footnote-margin-adjust'><\/span><span class='easy-footnote'><a href='http:\/\/vincentians.com\/es\/meditaciones-del-cenaculo-misionero-los-sufrimientos-mentales-de-cristo\/#easy-footnote-bottom-2-16268' title='Conferencia a los Siervos Misioneros, Jul\u00a0 1919, MF 573-574.'><sup>2<\/sup><\/a><\/span>\n<p style=\"text-align: right\"><em>Tom\u00e1s Agust\u00edn Judge C.M., fundador del Cen\u00e1culo Misionero<\/em><\/p>\n","protected":false},"excerpt":{"rendered":"<p>Martes, Semana Santa \u00ab\u00bfNo pueden velar una hora conmigo?\u00bb (Mt 26,40). Seguiremos a Jes\u00fas en su camino y en sus sufrimientos. Cada momento que pasa \u00c9l se acerca m\u00e1s al sangriento Jerusal\u00e9n. El Hijo del &#8230; <a href=\"http:\/\/vincentians.com\/es\/meditaciones-del-cenaculo-misionero-los-sufrimientos-mentales-de-cristo\/\" class=\"more-link\">Read More<\/a><\/p>\n","protected":false},"author":4,"featured_media":404122,"comment_status":"open","ping_status":"open","sticky":false,"template":"","format":"standard","meta":{"jetpack_post_was_ever_published":false,"_jetpack_newsletter_access":"","_jetpack_dont_email_post_to_subs":false,"_jetpack_newsletter_tier_id":0,"_jetpack_memberships_contains_paywalled_content":false,"_jetpack_memberships_contains_paid_content":false,"footnotes":"","jetpack_publicize_message":"","jetpack_publicize_feature_enabled":true,"jetpack_social_post_already_shared":true,"jetpack_social_options":{"image_generator_settings":{"template":"highway","default_image_id":0,"font":"","enabled":false},"version":2}},"categories":[338],"tags":[],"class_list":["post-16268","post","type-post","status-publish","format-standard","has-post-thumbnail","hentry","category-cenaculo-misionero"],"yoast_head":"<!-- This site is optimized with the Yoast SEO plugin v26.3 - https:\/\/yoast.com\/wordpress\/plugins\/seo\/ -->\n<title>Meditaciones del Cen\u00e1culo Misionero: Los Sufrimientos Mentales De Cristo - Somos Vicencianos<\/title>\n<meta name=\"robots\" content=\"index, follow, max-snippet:-1, max-image-preview:large, max-video-preview:-1\" \/>\n<link rel=\"canonical\" href=\"http:\/\/vincentians.com\/es\/meditaciones-del-cenaculo-misionero-los-sufrimientos-mentales-de-cristo\/\" \/>\n<meta property=\"og:locale\" content=\"es_ES\" \/>\n<meta property=\"og:type\" content=\"article\" \/>\n<meta property=\"og:title\" content=\"Meditaciones del Cen\u00e1culo Misionero: Los Sufrimientos Mentales De Cristo - Somos Vicencianos\" \/>\n<meta property=\"og:description\" content=\"Martes, Semana Santa \u00ab\u00bfNo pueden velar una hora conmigo?\u00bb (Mt 26,40). Seguiremos a Jes\u00fas en su camino y en sus sufrimientos. Cada momento que pasa \u00c9l se acerca m\u00e1s al sangriento Jerusal\u00e9n. El Hijo del ... Read More\" \/>\n<meta property=\"og:url\" content=\"http:\/\/vincentians.com\/es\/meditaciones-del-cenaculo-misionero-los-sufrimientos-mentales-de-cristo\/\" \/>\n<meta property=\"og:site_name\" content=\"Somos Vicencianos\" \/>\n<meta property=\"article:publisher\" content=\"https:\/\/www.facebook.com\/WeAreVincentians\/\" \/>\n<meta property=\"article:author\" content=\"https:\/\/www.facebook.com\/JavierChento\" \/>\n<meta property=\"article:published_time\" content=\"2023-11-21T07:15:44+00:00\" \/>\n<meta property=\"og:image\" content=\"https:\/\/i0.wp.com\/vincentians.com\/es\/wp-content\/uploads\/sites\/11\/2013\/04\/formacion_permanente-1.jpg?fit=303%2C303\" \/>\n\t<meta property=\"og:image:width\" content=\"303\" \/>\n\t<meta property=\"og:image:height\" content=\"303\" \/>\n\t<meta property=\"og:image:type\" content=\"image\/jpeg\" \/>\n<meta name=\"author\" content=\"Francisco Javier Fern\u00e1ndez Chento\" \/>\n<meta name=\"twitter:card\" content=\"summary_large_image\" \/>\n<meta name=\"twitter:creator\" content=\"@https:\/\/twitter.com\/javierchento\" \/>\n<meta name=\"twitter:site\" content=\"@WeVincentians\" \/>\n<meta name=\"twitter:label1\" content=\"Escrito por\" \/>\n\t<meta name=\"twitter:data1\" content=\"Francisco Javier Fern\u00e1ndez Chento\" \/>\n\t<meta name=\"twitter:label2\" content=\"Tiempo de lectura\" \/>\n\t<meta name=\"twitter:data2\" content=\"3 minutos\" \/>\n<script type=\"application\/ld+json\" class=\"yoast-schema-graph\">{\"@context\":\"https:\/\/schema.org\",\"@graph\":[{\"@type\":\"Article\",\"@id\":\"http:\/\/vincentians.com\/es\/meditaciones-del-cenaculo-misionero-los-sufrimientos-mentales-de-cristo\/#article\",\"isPartOf\":{\"@id\":\"http:\/\/vincentians.com\/es\/meditaciones-del-cenaculo-misionero-los-sufrimientos-mentales-de-cristo\/\"},\"author\":{\"name\":\"Francisco Javier Fern\u00e1ndez Chento\",\"@id\":\"http:\/\/vincentians.com\/es\/#\/schema\/person\/9623ef4d9aa3b2dfb8c061f1499288f2\"},\"headline\":\"Meditaciones del Cen\u00e1culo Misionero: Los Sufrimientos Mentales De Cristo\",\"datePublished\":\"2023-11-21T07:15:44+00:00\",\"mainEntityOfPage\":{\"@id\":\"http:\/\/vincentians.com\/es\/meditaciones-del-cenaculo-misionero-los-sufrimientos-mentales-de-cristo\/\"},\"wordCount\":714,\"commentCount\":0,\"publisher\":{\"@id\":\"http:\/\/vincentians.com\/es\/#organization\"},\"image\":{\"@id\":\"http:\/\/vincentians.com\/es\/meditaciones-del-cenaculo-misionero-los-sufrimientos-mentales-de-cristo\/#primaryimage\"},\"thumbnailUrl\":\"https:\/\/i0.wp.com\/vincentians.com\/es\/wp-content\/uploads\/sites\/11\/2013\/04\/formacion_permanente-1.jpg?fit=303%2C303\",\"articleSection\":[\"Cen\u00e1culo Misionero\"],\"inLanguage\":\"es\",\"potentialAction\":[{\"@type\":\"CommentAction\",\"name\":\"Comment\",\"target\":[\"http:\/\/vincentians.com\/es\/meditaciones-del-cenaculo-misionero-los-sufrimientos-mentales-de-cristo\/#respond\"]}]},{\"@type\":\"WebPage\",\"@id\":\"http:\/\/vincentians.com\/es\/meditaciones-del-cenaculo-misionero-los-sufrimientos-mentales-de-cristo\/\",\"url\":\"http:\/\/vincentians.com\/es\/meditaciones-del-cenaculo-misionero-los-sufrimientos-mentales-de-cristo\/\",\"name\":\"Meditaciones del Cen\u00e1culo Misionero: Los Sufrimientos Mentales De Cristo - Somos Vicencianos\",\"isPartOf\":{\"@id\":\"http:\/\/vincentians.com\/es\/#website\"},\"primaryImageOfPage\":{\"@id\":\"http:\/\/vincentians.com\/es\/meditaciones-del-cenaculo-misionero-los-sufrimientos-mentales-de-cristo\/#primaryimage\"},\"image\":{\"@id\":\"http:\/\/vincentians.com\/es\/meditaciones-del-cenaculo-misionero-los-sufrimientos-mentales-de-cristo\/#primaryimage\"},\"thumbnailUrl\":\"https:\/\/i0.wp.com\/vincentians.com\/es\/wp-content\/uploads\/sites\/11\/2013\/04\/formacion_permanente-1.jpg?fit=303%2C303\",\"datePublished\":\"2023-11-21T07:15:44+00:00\",\"breadcrumb\":{\"@id\":\"http:\/\/vincentians.com\/es\/meditaciones-del-cenaculo-misionero-los-sufrimientos-mentales-de-cristo\/#breadcrumb\"},\"inLanguage\":\"es\",\"potentialAction\":[{\"@type\":\"ReadAction\",\"target\":[\"http:\/\/vincentians.com\/es\/meditaciones-del-cenaculo-misionero-los-sufrimientos-mentales-de-cristo\/\"]}]},{\"@type\":\"ImageObject\",\"inLanguage\":\"es\",\"@id\":\"http:\/\/vincentians.com\/es\/meditaciones-del-cenaculo-misionero-los-sufrimientos-mentales-de-cristo\/#primaryimage\",\"url\":\"https:\/\/i0.wp.com\/vincentians.com\/es\/wp-content\/uploads\/sites\/11\/2013\/04\/formacion_permanente-1.jpg?fit=303%2C303\",\"contentUrl\":\"https:\/\/i0.wp.com\/vincentians.com\/es\/wp-content\/uploads\/sites\/11\/2013\/04\/formacion_permanente-1.jpg?fit=303%2C303\",\"width\":303,\"height\":303},{\"@type\":\"BreadcrumbList\",\"@id\":\"http:\/\/vincentians.com\/es\/meditaciones-del-cenaculo-misionero-los-sufrimientos-mentales-de-cristo\/#breadcrumb\",\"itemListElement\":[{\"@type\":\"ListItem\",\"position\":1,\"name\":\"Portada\",\"item\":\"http:\/\/vincentians.com\/es\/\"},{\"@type\":\"ListItem\",\"position\":2,\"name\":\"Meditaciones del Cen\u00e1culo Misionero: Los Sufrimientos Mentales De Cristo\"}]},{\"@type\":\"WebSite\",\"@id\":\"http:\/\/vincentians.com\/es\/#website\",\"url\":\"http:\/\/vincentians.com\/es\/\",\"name\":\"Somos Vicencianos\",\"description\":\"Know more to serve more\",\"publisher\":{\"@id\":\"http:\/\/vincentians.com\/es\/#organization\"},\"potentialAction\":[{\"@type\":\"SearchAction\",\"target\":{\"@type\":\"EntryPoint\",\"urlTemplate\":\"http:\/\/vincentians.com\/es\/?s={search_term_string}\"},\"query-input\":{\"@type\":\"PropertyValueSpecification\",\"valueRequired\":true,\"valueName\":\"search_term_string\"}}],\"inLanguage\":\"es\"},{\"@type\":\"Organization\",\"@id\":\"http:\/\/vincentians.com\/es\/#organization\",\"name\":\"The Vincentian Network\",\"url\":\"http:\/\/vincentians.com\/es\/\",\"logo\":{\"@type\":\"ImageObject\",\"inLanguage\":\"es\",\"@id\":\"http:\/\/vincentians.com\/es\/#\/schema\/logo\/image\/\",\"url\":\"https:\/\/i1.wp.com\/vincentians.com\/es\/wp-content\/uploads\/sites\/11\/2016\/06\/Vincentian-Network-logo-big.png?fit=778%2C778\",\"contentUrl\":\"https:\/\/i1.wp.com\/vincentians.com\/es\/wp-content\/uploads\/sites\/11\/2016\/06\/Vincentian-Network-logo-big.png?fit=778%2C778\",\"width\":778,\"height\":778,\"caption\":\"The Vincentian Network\"},\"image\":{\"@id\":\"http:\/\/vincentians.com\/es\/#\/schema\/logo\/image\/\"},\"sameAs\":[\"https:\/\/www.facebook.com\/WeAreVincentians\/\",\"https:\/\/x.com\/WeVincentians\"]},{\"@type\":\"Person\",\"@id\":\"http:\/\/vincentians.com\/es\/#\/schema\/person\/9623ef4d9aa3b2dfb8c061f1499288f2\",\"name\":\"Francisco Javier Fern\u00e1ndez Chento\",\"image\":{\"@type\":\"ImageObject\",\"inLanguage\":\"es\",\"@id\":\"http:\/\/vincentians.com\/es\/#\/schema\/person\/image\/\",\"url\":\"https:\/\/secure.gravatar.com\/avatar\/497d5cde87b4c3d097d0315953521681ba2cd523ee66e5077c3711f7021e65de?s=96&d=mm&r=g\",\"contentUrl\":\"https:\/\/secure.gravatar.com\/avatar\/497d5cde87b4c3d097d0315953521681ba2cd523ee66e5077c3711f7021e65de?s=96&d=mm&r=g\",\"caption\":\"Francisco Javier Fern\u00e1ndez Chento\"},\"description\":\"Director General y cofundador de La Red de Formaci\u00f3n Vicenciana. Javier es laico vicenciano, afiliado a la Congregaci\u00f3n de la Misi\u00f3n y miembro del Equipo de Misiones Populares de la provincia can\u00f3nica de Zaragoza (Espa\u00f1a) de la Congregaci\u00f3n de la Misi\u00f3n. Graduado en la Universidad Oberta de Catalunya con cuatro grados (Asistente de direcci\u00f3n, Gesti\u00f3n Administrativa, Recursos Humanos y Contabilidad Avanzada). Bil\u00edng\u00fce Espa\u00f1ol\/Ingl\u00e9s. gestiona y mantiene varias p\u00e1ginas web cristianas y vicencianas, incluida including La Red de Formaci\u00f3n Vicenciana, de la que es cofundador. Actualmente es responsable del \u00e1rea de Espa\u00f1ol de .famvin, la Red de Noticias de la Familia Vicenciana. Tambi\u00e9n es m\u00fasico cat\u00f3lico y ha editado varios discos. Es Director General y cofundador de Trovador, una reconocida compa\u00f1\u00eda discogr\u00e1fica critiana de Espa\u00f1a. Trabaja en las Tecnolog\u00edas de la Informaci\u00f3n, ofreciendo servicios de alojamiento, dise\u00f1o y mantenimiento Web, as\u00ed como asesoramiento, formaci\u00f3n y soluciones inform\u00e1ticas, gesti\u00f3n documental y digitalizaci\u00f3n de textos, edici\u00f3n y maquetaci\u00f3n de libros, revistas, flyers, etc.\",\"sameAs\":[\"http:\/\/chento.org\",\"https:\/\/www.facebook.com\/JavierChento\",\"https:\/\/x.com\/https:\/\/twitter.com\/javierchento\"],\"url\":\"http:\/\/vincentians.com\/es\/author\/chento\/\"}]}<\/script>\n<!-- \/ Yoast SEO plugin. -->","yoast_head_json":{"title":"Meditaciones del Cen\u00e1culo Misionero: Los Sufrimientos Mentales De Cristo - Somos Vicencianos","robots":{"index":"index","follow":"follow","max-snippet":"max-snippet:-1","max-image-preview":"max-image-preview:large","max-video-preview":"max-video-preview:-1"},"canonical":"http:\/\/vincentians.com\/es\/meditaciones-del-cenaculo-misionero-los-sufrimientos-mentales-de-cristo\/","og_locale":"es_ES","og_type":"article","og_title":"Meditaciones del Cen\u00e1culo Misionero: Los Sufrimientos Mentales De Cristo - Somos Vicencianos","og_description":"Martes, Semana Santa \u00ab\u00bfNo pueden velar una hora conmigo?\u00bb (Mt 26,40). Seguiremos a Jes\u00fas en su camino y en sus sufrimientos. Cada momento que pasa \u00c9l se acerca m\u00e1s al sangriento Jerusal\u00e9n. El Hijo del ... Read More","og_url":"http:\/\/vincentians.com\/es\/meditaciones-del-cenaculo-misionero-los-sufrimientos-mentales-de-cristo\/","og_site_name":"Somos Vicencianos","article_publisher":"https:\/\/www.facebook.com\/WeAreVincentians\/","article_author":"https:\/\/www.facebook.com\/JavierChento","article_published_time":"2023-11-21T07:15:44+00:00","og_image":[{"width":303,"height":303,"url":"https:\/\/i0.wp.com\/vincentians.com\/es\/wp-content\/uploads\/sites\/11\/2013\/04\/formacion_permanente-1.jpg?fit=303%2C303","type":"image\/jpeg"}],"author":"Francisco Javier Fern\u00e1ndez Chento","twitter_card":"summary_large_image","twitter_creator":"@https:\/\/twitter.com\/javierchento","twitter_site":"@WeVincentians","twitter_misc":{"Escrito por":"Francisco Javier Fern\u00e1ndez Chento","Tiempo de lectura":"3 minutos"},"schema":{"@context":"https:\/\/schema.org","@graph":[{"@type":"Article","@id":"http:\/\/vincentians.com\/es\/meditaciones-del-cenaculo-misionero-los-sufrimientos-mentales-de-cristo\/#article","isPartOf":{"@id":"http:\/\/vincentians.com\/es\/meditaciones-del-cenaculo-misionero-los-sufrimientos-mentales-de-cristo\/"},"author":{"name":"Francisco Javier Fern\u00e1ndez Chento","@id":"http:\/\/vincentians.com\/es\/#\/schema\/person\/9623ef4d9aa3b2dfb8c061f1499288f2"},"headline":"Meditaciones del Cen\u00e1culo Misionero: Los Sufrimientos Mentales De Cristo","datePublished":"2023-11-21T07:15:44+00:00","mainEntityOfPage":{"@id":"http:\/\/vincentians.com\/es\/meditaciones-del-cenaculo-misionero-los-sufrimientos-mentales-de-cristo\/"},"wordCount":714,"commentCount":0,"publisher":{"@id":"http:\/\/vincentians.com\/es\/#organization"},"image":{"@id":"http:\/\/vincentians.com\/es\/meditaciones-del-cenaculo-misionero-los-sufrimientos-mentales-de-cristo\/#primaryimage"},"thumbnailUrl":"https:\/\/i0.wp.com\/vincentians.com\/es\/wp-content\/uploads\/sites\/11\/2013\/04\/formacion_permanente-1.jpg?fit=303%2C303","articleSection":["Cen\u00e1culo Misionero"],"inLanguage":"es","potentialAction":[{"@type":"CommentAction","name":"Comment","target":["http:\/\/vincentians.com\/es\/meditaciones-del-cenaculo-misionero-los-sufrimientos-mentales-de-cristo\/#respond"]}]},{"@type":"WebPage","@id":"http:\/\/vincentians.com\/es\/meditaciones-del-cenaculo-misionero-los-sufrimientos-mentales-de-cristo\/","url":"http:\/\/vincentians.com\/es\/meditaciones-del-cenaculo-misionero-los-sufrimientos-mentales-de-cristo\/","name":"Meditaciones del Cen\u00e1culo Misionero: Los Sufrimientos Mentales De Cristo - Somos Vicencianos","isPartOf":{"@id":"http:\/\/vincentians.com\/es\/#website"},"primaryImageOfPage":{"@id":"http:\/\/vincentians.com\/es\/meditaciones-del-cenaculo-misionero-los-sufrimientos-mentales-de-cristo\/#primaryimage"},"image":{"@id":"http:\/\/vincentians.com\/es\/meditaciones-del-cenaculo-misionero-los-sufrimientos-mentales-de-cristo\/#primaryimage"},"thumbnailUrl":"https:\/\/i0.wp.com\/vincentians.com\/es\/wp-content\/uploads\/sites\/11\/2013\/04\/formacion_permanente-1.jpg?fit=303%2C303","datePublished":"2023-11-21T07:15:44+00:00","breadcrumb":{"@id":"http:\/\/vincentians.com\/es\/meditaciones-del-cenaculo-misionero-los-sufrimientos-mentales-de-cristo\/#breadcrumb"},"inLanguage":"es","potentialAction":[{"@type":"ReadAction","target":["http:\/\/vincentians.com\/es\/meditaciones-del-cenaculo-misionero-los-sufrimientos-mentales-de-cristo\/"]}]},{"@type":"ImageObject","inLanguage":"es","@id":"http:\/\/vincentians.com\/es\/meditaciones-del-cenaculo-misionero-los-sufrimientos-mentales-de-cristo\/#primaryimage","url":"https:\/\/i0.wp.com\/vincentians.com\/es\/wp-content\/uploads\/sites\/11\/2013\/04\/formacion_permanente-1.jpg?fit=303%2C303","contentUrl":"https:\/\/i0.wp.com\/vincentians.com\/es\/wp-content\/uploads\/sites\/11\/2013\/04\/formacion_permanente-1.jpg?fit=303%2C303","width":303,"height":303},{"@type":"BreadcrumbList","@id":"http:\/\/vincentians.com\/es\/meditaciones-del-cenaculo-misionero-los-sufrimientos-mentales-de-cristo\/#breadcrumb","itemListElement":[{"@type":"ListItem","position":1,"name":"Portada","item":"http:\/\/vincentians.com\/es\/"},{"@type":"ListItem","position":2,"name":"Meditaciones del Cen\u00e1culo Misionero: Los Sufrimientos Mentales De Cristo"}]},{"@type":"WebSite","@id":"http:\/\/vincentians.com\/es\/#website","url":"http:\/\/vincentians.com\/es\/","name":"Somos Vicencianos","description":"Know more to serve more","publisher":{"@id":"http:\/\/vincentians.com\/es\/#organization"},"potentialAction":[{"@type":"SearchAction","target":{"@type":"EntryPoint","urlTemplate":"http:\/\/vincentians.com\/es\/?s={search_term_string}"},"query-input":{"@type":"PropertyValueSpecification","valueRequired":true,"valueName":"search_term_string"}}],"inLanguage":"es"},{"@type":"Organization","@id":"http:\/\/vincentians.com\/es\/#organization","name":"The Vincentian Network","url":"http:\/\/vincentians.com\/es\/","logo":{"@type":"ImageObject","inLanguage":"es","@id":"http:\/\/vincentians.com\/es\/#\/schema\/logo\/image\/","url":"https:\/\/i1.wp.com\/vincentians.com\/es\/wp-content\/uploads\/sites\/11\/2016\/06\/Vincentian-Network-logo-big.png?fit=778%2C778","contentUrl":"https:\/\/i1.wp.com\/vincentians.com\/es\/wp-content\/uploads\/sites\/11\/2016\/06\/Vincentian-Network-logo-big.png?fit=778%2C778","width":778,"height":778,"caption":"The Vincentian Network"},"image":{"@id":"http:\/\/vincentians.com\/es\/#\/schema\/logo\/image\/"},"sameAs":["https:\/\/www.facebook.com\/WeAreVincentians\/","https:\/\/x.com\/WeVincentians"]},{"@type":"Person","@id":"http:\/\/vincentians.com\/es\/#\/schema\/person\/9623ef4d9aa3b2dfb8c061f1499288f2","name":"Francisco Javier Fern\u00e1ndez Chento","image":{"@type":"ImageObject","inLanguage":"es","@id":"http:\/\/vincentians.com\/es\/#\/schema\/person\/image\/","url":"https:\/\/secure.gravatar.com\/avatar\/497d5cde87b4c3d097d0315953521681ba2cd523ee66e5077c3711f7021e65de?s=96&d=mm&r=g","contentUrl":"https:\/\/secure.gravatar.com\/avatar\/497d5cde87b4c3d097d0315953521681ba2cd523ee66e5077c3711f7021e65de?s=96&d=mm&r=g","caption":"Francisco Javier Fern\u00e1ndez Chento"},"description":"Director General y cofundador de La Red de Formaci\u00f3n Vicenciana. Javier es laico vicenciano, afiliado a la Congregaci\u00f3n de la Misi\u00f3n y miembro del Equipo de Misiones Populares de la provincia can\u00f3nica de Zaragoza (Espa\u00f1a) de la Congregaci\u00f3n de la Misi\u00f3n. Graduado en la Universidad Oberta de Catalunya con cuatro grados (Asistente de direcci\u00f3n, Gesti\u00f3n Administrativa, Recursos Humanos y Contabilidad Avanzada). Bil\u00edng\u00fce Espa\u00f1ol\/Ingl\u00e9s. gestiona y mantiene varias p\u00e1ginas web cristianas y vicencianas, incluida including La Red de Formaci\u00f3n Vicenciana, de la que es cofundador. Actualmente es responsable del \u00e1rea de Espa\u00f1ol de .famvin, la Red de Noticias de la Familia Vicenciana. Tambi\u00e9n es m\u00fasico cat\u00f3lico y ha editado varios discos. Es Director General y cofundador de Trovador, una reconocida compa\u00f1\u00eda discogr\u00e1fica critiana de Espa\u00f1a. Trabaja en las Tecnolog\u00edas de la Informaci\u00f3n, ofreciendo servicios de alojamiento, dise\u00f1o y mantenimiento Web, as\u00ed como asesoramiento, formaci\u00f3n y soluciones inform\u00e1ticas, gesti\u00f3n documental y digitalizaci\u00f3n de textos, edici\u00f3n y maquetaci\u00f3n de libros, revistas, flyers, etc.","sameAs":["http:\/\/chento.org","https:\/\/www.facebook.com\/JavierChento","https:\/\/x.com\/https:\/\/twitter.com\/javierchento"],"url":"http:\/\/vincentians.com\/es\/author\/chento\/"}]}},"jetpack_publicize_connections":[],"jetpack_featured_media_url":"https:\/\/i0.wp.com\/vincentians.com\/es\/wp-content\/uploads\/sites\/11\/2013\/04\/formacion_permanente-1.jpg?fit=303%2C303","jetpack_sharing_enabled":true,"jetpack_shortlink":"https:\/\/wp.me\/p7ETMF-4eo","jetpack-related-posts":[{"id":16270,"url":"http:\/\/vincentians.com\/es\/meditaciones-del-cenaculo-misionero-los-sucesos-del-jueves-santo\/","url_meta":{"origin":16268,"position":0},"title":"Meditaciones del Cen\u00e1culo Misionero: Los Sucesos Del Jueves Santo","author":"Francisco Javier Fern\u00e1ndez Chento","date":"05\/12\/2023","format":false,"excerpt":"Jueves Santo Esta ma\u00f1ana se cant\u00f3 el alegre Gloria y se regaron flores por todo el camino por donde pasaba el Dios Sacramentado. A\u00fan ahora, en medio de la tristeza, hay un rayo de luz. \u00bfQu\u00e9 quiere decir esto?; \u00bfPor qu\u00e9 este terrible contraste de alegr\u00eda y sufrimiento, de regocijo\u2026","rel":"","context":"En \u00abCen\u00e1culo Misionero\u00bb","block_context":{"text":"Cen\u00e1culo Misionero","link":"http:\/\/vincentians.com\/es\/category\/la-familia-vicenciana\/ramas\/cenaculo-misionero\/"},"img":{"alt_text":"","src":"https:\/\/i0.wp.com\/vincentians.com\/es\/wp-content\/uploads\/sites\/11\/2013\/04\/formacion_permanente-1.jpg?fit=303%2C303&resize=350%2C200","width":350,"height":200},"classes":[]},{"id":16274,"url":"http:\/\/vincentians.com\/es\/meditaciones-del-cenaculo-misionero-compadeciendonos-de-nuestro-senor-en-sus-sufrimientos\/","url_meta":{"origin":16268,"position":1},"title":"Meditaciones del Cen\u00e1culo Misionero: Compadeci\u00e9ndonos de Nuestro Se\u00f1or en sus sufrimientos","author":"Francisco Javier Fern\u00e1ndez Chento","date":"26\/11\/2012","format":false,"excerpt":"Lunes, Semana Santa Carta Conferencia a los Primeros Miembros del Cen\u00e1culo, 5 AGO. 1914, MF 296-97. Estamos empezando la semana de semanas, la Semana Santa, y sin duda alguna ning\u00fan tema de meditaci\u00f3n puede ser m\u00e1s provechoso que la consideraci\u00f3n de los temas sagrados que conmemoramos durante estos d\u00edas. La\u2026","rel":"","context":"En \u00abCen\u00e1culo Misionero\u00bb","block_context":{"text":"Cen\u00e1culo Misionero","link":"http:\/\/vincentians.com\/es\/category\/la-familia-vicenciana\/ramas\/cenaculo-misionero\/"},"img":{"alt_text":"dibujo-diaconado","src":"https:\/\/i0.wp.com\/vicencianos.org\/wp-content\/2013\/11\/dibujo-diaconado.jpg?resize=350%2C200","width":350,"height":200},"classes":[]},{"id":16272,"url":"http:\/\/vincentians.com\/es\/meditaciones-del-cenaculo-misionero-el-entierro-de-jesus-el-santo-entierro\/","url_meta":{"origin":16268,"position":2},"title":"Meditaciones del Cen\u00e1culo Misionero: El entierro de Jes\u00fas (El santo entierro)","author":"Francisco Javier Fern\u00e1ndez Chento","date":"11\/12\/2023","format":false,"excerpt":"S\u00e1bado Santo Art\u00edculo en \"THE HOLY GHOST\" Magazine (Revista El Esp\u00edritu Santo), ABR 1926, MF 916-17. Contempla la cruz; el cuerpo que est\u00e1 en ella es el cuerpo de Jesucristo. \u00c9l muri\u00f3 real y verdaderamente. No fue una muerte aparente ni es una muerte imaginada. El cuerpo en la cruz\u2026","rel":"","context":"En \u00abCen\u00e1culo Misionero\u00bb","block_context":{"text":"Cen\u00e1culo Misionero","link":"http:\/\/vincentians.com\/es\/category\/la-familia-vicenciana\/ramas\/cenaculo-misionero\/"},"img":{"alt_text":"","src":"https:\/\/i0.wp.com\/vincentians.com\/es\/wp-content\/uploads\/sites\/11\/2013\/04\/formacion_permanente-1.jpg?fit=303%2C303&resize=350%2C200","width":350,"height":200},"classes":[]},{"id":16273,"url":"http:\/\/vincentians.com\/es\/meditaciones-del-cenaculo-misionero-el-espiritu-de-nuestros-votos\/","url_meta":{"origin":16268,"position":3},"title":"Meditaciones del Cen\u00e1culo Misionero: El Esp\u00edritu De Nuestros Votos","author":"Francisco Javier Fern\u00e1ndez Chento","date":"07\/12\/2023","format":false,"excerpt":"Viernes Santo Carta a los Siervos Misioneros, 22 MAR. 1923, MF 5329. \u00a1La Pobreza, la Obediencia y la Castidad! \u00a1Qu\u00e9 gloriosas cuentas del rosario son, uniendo nuestros corazones al Sagrado Coraz\u00f3n de Jes\u00fas! Encontramos a nuestro amado Se\u00f1or tal como la Iglesia lo present\u00f3 el domingo pasado, en medio de\u2026","rel":"","context":"En \u00abCen\u00e1culo Misionero\u00bb","block_context":{"text":"Cen\u00e1culo Misionero","link":"http:\/\/vincentians.com\/es\/category\/la-familia-vicenciana\/ramas\/cenaculo-misionero\/"},"img":{"alt_text":"","src":"https:\/\/i0.wp.com\/vincentians.com\/es\/wp-content\/uploads\/sites\/11\/2013\/04\/formacion_permanente-1.jpg?fit=303%2C303&resize=350%2C200","width":350,"height":200},"classes":[]},{"id":131677,"url":"http:\/\/vincentians.com\/es\/caridad-compasiva-y-eficaz\/","url_meta":{"origin":16268,"position":4},"title":"Caridad compasiva y eficaz","author":"Francisco Javier Fern\u00e1ndez Chento","date":"12\/11\/2014","format":false,"excerpt":"\"Al salir de Jeric\u00f3 lo sigui\u00f3 mucha gente. Hab\u00eda dos ciegos, sentados a la vera del camino, y al o\u00edr que Jes\u00fas pasaba, se pusieron a gritar: ;Ten compasi\u00f3n de nosotros, Se\u00f1or, Hijo de David! Jes\u00fas se detuvo, los llam\u00f3 y les dijo: \u00bfQu\u00e9 quer\u00e9is que haga por vosotros? Le\u2026","rel":"","context":"En \u00abEspiritualidad vicenciana\u00bb","block_context":{"text":"Espiritualidad vicenciana","link":"http:\/\/vincentians.com\/es\/category\/espiritualidad\/espiritualidad-vicenciana\/"},"img":{"alt_text":"caridad_compasiva","src":"https:\/\/i0.wp.com\/vicencianos.org\/wp-content\/2014\/11\/caridad_compasiva-300x200.jpg?resize=350%2C200","width":350,"height":200},"classes":[]},{"id":143408,"url":"http:\/\/vincentians.com\/es\/3o-domingo-de-pascua-reflexion-de-jose-cervantes-gabarron-4\/","url_meta":{"origin":16268,"position":5},"title":"3\u00ba Domingo de Pascua (reflexi\u00f3n de Jos\u00e9 Cervantes Gabarr\u00f3n)","author":"Francisco Javier Fern\u00e1ndez Chento","date":"19\/04\/2015","format":false,"excerpt":"La misi\u00f3n de dar testimonio del Resucitado Las dos lecturas lucanas de este tercer domingo de Pascua (Hech 3,13-19; Lc\u00a0 24,35-48) permiten profundizar en los hechos acaecidos a Jes\u00fas que le llevaron a su pasi\u00f3n, muerte y resurrecci\u00f3n, para descubrir en ellos la historia de la salvaci\u00f3n seg\u00fan el plan\u2026","rel":"","context":"En \u00abHomil\u00edas y reflexiones, A\u00f1o B\u00bb","block_context":{"text":"Homil\u00edas y reflexiones, A\u00f1o B","link":"http:\/\/vincentians.com\/es\/category\/homilias-y-reflexiones-a-la-palabra-de-dios\/homilias-y-reflexiones-ano-b\/"},"img":{"alt_text":"","src":"https:\/\/i0.wp.com\/vincentians.com\/es\/wp-content\/uploads\/sites\/11\/2016\/07\/reflexiones-palabra-de-dios.jpg?fit=1200%2C630&resize=350%2C200","width":350,"height":200,"srcset":"https:\/\/i0.wp.com\/vincentians.com\/es\/wp-content\/uploads\/sites\/11\/2016\/07\/reflexiones-palabra-de-dios.jpg?fit=1200%2C630&resize=350%2C200 1x, https:\/\/i0.wp.com\/vincentians.com\/es\/wp-content\/uploads\/sites\/11\/2016\/07\/reflexiones-palabra-de-dios.jpg?fit=1200%2C630&resize=525%2C300 1.5x, https:\/\/i0.wp.com\/vincentians.com\/es\/wp-content\/uploads\/sites\/11\/2016\/07\/reflexiones-palabra-de-dios.jpg?fit=1200%2C630&resize=700%2C400 2x, https:\/\/i0.wp.com\/vincentians.com\/es\/wp-content\/uploads\/sites\/11\/2016\/07\/reflexiones-palabra-de-dios.jpg?fit=1200%2C630&resize=1050%2C600 3x"},"classes":[]}],"_links":{"self":[{"href":"http:\/\/vincentians.com\/es\/wp-json\/wp\/v2\/posts\/16268","targetHints":{"allow":["GET"]}}],"collection":[{"href":"http:\/\/vincentians.com\/es\/wp-json\/wp\/v2\/posts"}],"about":[{"href":"http:\/\/vincentians.com\/es\/wp-json\/wp\/v2\/types\/post"}],"author":[{"embeddable":true,"href":"http:\/\/vincentians.com\/es\/wp-json\/wp\/v2\/users\/4"}],"replies":[{"embeddable":true,"href":"http:\/\/vincentians.com\/es\/wp-json\/wp\/v2\/comments?post=16268"}],"version-history":[{"count":1,"href":"http:\/\/vincentians.com\/es\/wp-json\/wp\/v2\/posts\/16268\/revisions"}],"predecessor-version":[{"id":404896,"href":"http:\/\/vincentians.com\/es\/wp-json\/wp\/v2\/posts\/16268\/revisions\/404896"}],"wp:featuredmedia":[{"embeddable":true,"href":"http:\/\/vincentians.com\/es\/wp-json\/wp\/v2\/media\/404122"}],"wp:attachment":[{"href":"http:\/\/vincentians.com\/es\/wp-json\/wp\/v2\/media?parent=16268"}],"wp:term":[{"taxonomy":"category","embeddable":true,"href":"http:\/\/vincentians.com\/es\/wp-json\/wp\/v2\/categories?post=16268"},{"taxonomy":"post_tag","embeddable":true,"href":"http:\/\/vincentians.com\/es\/wp-json\/wp\/v2\/tags?post=16268"}],"curies":[{"name":"wp","href":"https:\/\/api.w.org\/{rel}","templated":true}]}}