{"id":16262,"date":"2010-04-01T06:30:01","date_gmt":"2010-04-01T04:30:01","guid":{"rendered":"http:\/\/somos.vicencianos.org\/blog\/?p=16262"},"modified":"2010-04-01T06:30:01","modified_gmt":"2010-04-01T04:30:01","slug":"la-hermana-veronica-marie-brost-celebra-su-105-cumpleanos","status":"publish","type":"post","link":"http:\/\/vincentians.com\/es\/la-hermana-veronica-marie-brost-celebra-su-105-cumpleanos\/","title":{"rendered":"La Hermana Veronica Marie Brost celebra su 105 cumplea\u00f1os"},"content":{"rendered":"<p style=\"text-align: right\"><em>Leavenworth,  Kansas, EE.UU., a 27 de marzo de 2010.<\/em><\/p>\n<p><a href=\"https:\/\/i0.wp.com\/vicencianos.org\/vicencianos\/files\/2010\/03\/Sor-Veronica-Marie-Brost.jpg\"><img data-recalc-dims=\"1\" loading=\"lazy\" decoding=\"async\" class=\"size-medium wp-image-16263 alignleft\" src=\"https:\/\/i0.wp.com\/vicencianos.org\/vicencianos\/files\/2010\/03\/Sor-Veronica-Marie-Brost-300x200.jpg?resize=300%2C200\" alt=\"\" width=\"300\" height=\"200\" \/><\/a>El 25 de marzo es el d\u00eda durante el cual, tradicionalmente, todas las Hijas de la Caridad de  Leavenworth renuevan sus votos. Pero una de las hermanas de la comunidad tambi\u00e9n fue reconocida por otro motivo en este d\u00eda.<\/p>\n<p>Sor Veronica Marie Brost, Hija de la Caridad de Leavenworth, naci\u00f3 en dicha fecha, en 1905. Celebr\u00f3, pues, su 105\u00ba cumplea\u00f1os el jueves en Ross Hall, centro de  enfermer\u00eda del campus de la Casa Madre de las Hijas de la Caridad de Leavenworth.<\/p>\n<p>Rodeada de sus familiares, miembros de la comunidad de Hijas de la Caridad de Leavenworth y de una de las cosas  que dicen que siempre trae la Hermana Brost a una fiesta (un pastel), la celebraci\u00f3n fue un homenaje a la hermana por convertirse en la Hija de la Caridad de Leavenworth m\u00e1s anciana. Sor  Juana Sue Miller, superiora de la comunidad, dijo que la Hermana Brost  podr\u00eda incluso ser la hermana m\u00e1s longeva de toda la historia de la Compa\u00f1\u00eda.<\/p>\n<p>Durante la celebraci\u00f3n, la Hermana Brost dijo que se sent\u00eda bendecida  por muchas cosas que ha tenido durante su vida, tales como  su familia y el trabajo que ha realizado. Hubo  tambi\u00e9n otra cosa por la que dijo que estaba agradecida.<\/p>\n<p>\u00ab<em>Por haber sido Hija de la  Caridad<\/em>\u00ab, dijo.<\/p>\n<p style=\"text-align: right\"><em>Por: Tim Linn<br \/>\nTraducci\u00f3n: Javier F. Chento<br \/>\nTomado de Lavenworth Times<\/em><\/p>\n","protected":false},"excerpt":{"rendered":"<p>Leavenworth, Kansas, EE.UU., a 27 de marzo de 2010. El 25 de marzo es el d\u00eda durante el cual, tradicionalmente, todas las Hijas de la Caridad de Leavenworth renuevan sus votos. Pero una de las &#8230; <a href=\"http:\/\/vincentians.com\/es\/la-hermana-veronica-marie-brost-celebra-su-105-cumpleanos\/\" class=\"more-link\">Read More<\/a><\/p>\n","protected":false},"author":4,"featured_media":16263,"comment_status":"open","ping_status":"open","sticky":false,"template":"","format":"standard","meta":{"jetpack_post_was_ever_published":false,"_jetpack_newsletter_access":"","_jetpack_dont_email_post_to_subs":false,"_jetpack_newsletter_tier_id":0,"_jetpack_memberships_contains_paywalled_content":false,"_jetpack_memberships_contains_paid_content":false,"footnotes":"","jetpack_publicize_message":"","jetpack_publicize_feature_enabled":true,"jetpack_social_post_already_shared":true,"jetpack_social_options":{"image_generator_settings":{"template":"highway","default_image_id":0,"font":"","enabled":false},"version":2}},"categories":[210],"tags":[],"class_list":["post-16262","post","type-post","status-publish","format-standard","has-post-thumbnail","hentry","category-testigos-vicencianos"],"yoast_head":"<!-- This site is optimized with the Yoast SEO plugin v26.3 - https:\/\/yoast.com\/wordpress\/plugins\/seo\/ -->\n<title>La Hermana Veronica Marie Brost celebra su 105 cumplea\u00f1os - Somos Vicencianos<\/title>\n<meta name=\"robots\" content=\"index, follow, max-snippet:-1, max-image-preview:large, max-video-preview:-1\" \/>\n<link rel=\"canonical\" href=\"https:\/\/vincentians.com\/es\/la-hermana-veronica-marie-brost-celebra-su-105-cumpleanos\/\" \/>\n<meta property=\"og:locale\" content=\"es_ES\" \/>\n<meta property=\"og:type\" content=\"article\" \/>\n<meta property=\"og:title\" content=\"La Hermana Veronica Marie Brost celebra su 105 cumplea\u00f1os - Somos Vicencianos\" \/>\n<meta property=\"og:description\" content=\"Leavenworth, Kansas, EE.UU., a 27 de marzo de 2010. El 25 de marzo es el d\u00eda durante el cual, tradicionalmente, todas las Hijas de la Caridad de Leavenworth renuevan sus votos. Pero una de las ... Read More\" \/>\n<meta property=\"og:url\" content=\"https:\/\/vincentians.com\/es\/la-hermana-veronica-marie-brost-celebra-su-105-cumpleanos\/\" \/>\n<meta property=\"og:site_name\" content=\"Somos Vicencianos\" \/>\n<meta property=\"article:publisher\" content=\"https:\/\/www.facebook.com\/WeAreVincentians\/\" \/>\n<meta property=\"article:author\" content=\"https:\/\/www.facebook.com\/JavierChento\" \/>\n<meta property=\"article:published_time\" content=\"2010-04-01T04:30:01+00:00\" \/>\n<meta name=\"author\" content=\"Francisco Javier Fern\u00e1ndez Chento\" \/>\n<meta name=\"twitter:card\" content=\"summary_large_image\" \/>\n<meta name=\"twitter:creator\" content=\"@https:\/\/twitter.com\/javierchento\" \/>\n<meta name=\"twitter:site\" content=\"@WeVincentians\" \/>\n<meta name=\"twitter:label1\" content=\"Escrito por\" \/>\n\t<meta name=\"twitter:data1\" content=\"Francisco Javier Fern\u00e1ndez Chento\" \/>\n\t<meta name=\"twitter:label2\" content=\"Tiempo de lectura\" \/>\n\t<meta name=\"twitter:data2\" content=\"1 minuto\" \/>\n<script type=\"application\/ld+json\" class=\"yoast-schema-graph\">{\"@context\":\"https:\/\/schema.org\",\"@graph\":[{\"@type\":\"Article\",\"@id\":\"https:\/\/vincentians.com\/es\/la-hermana-veronica-marie-brost-celebra-su-105-cumpleanos\/#article\",\"isPartOf\":{\"@id\":\"https:\/\/vincentians.com\/es\/la-hermana-veronica-marie-brost-celebra-su-105-cumpleanos\/\"},\"author\":{\"name\":\"Francisco Javier Fern\u00e1ndez Chento\",\"@id\":\"http:\/\/vincentians.com\/es\/#\/schema\/person\/9623ef4d9aa3b2dfb8c061f1499288f2\"},\"headline\":\"La Hermana Veronica Marie Brost celebra su 105 cumplea\u00f1os\",\"datePublished\":\"2010-04-01T04:30:01+00:00\",\"mainEntityOfPage\":{\"@id\":\"https:\/\/vincentians.com\/es\/la-hermana-veronica-marie-brost-celebra-su-105-cumpleanos\/\"},\"wordCount\":251,\"commentCount\":0,\"publisher\":{\"@id\":\"http:\/\/vincentians.com\/es\/#organization\"},\"image\":{\"@id\":\"https:\/\/vincentians.com\/es\/la-hermana-veronica-marie-brost-celebra-su-105-cumpleanos\/#primaryimage\"},\"thumbnailUrl\":\"\",\"articleSection\":[\"Testigos vicencianos\"],\"inLanguage\":\"es\",\"potentialAction\":[{\"@type\":\"CommentAction\",\"name\":\"Comment\",\"target\":[\"https:\/\/vincentians.com\/es\/la-hermana-veronica-marie-brost-celebra-su-105-cumpleanos\/#respond\"]}]},{\"@type\":\"WebPage\",\"@id\":\"https:\/\/vincentians.com\/es\/la-hermana-veronica-marie-brost-celebra-su-105-cumpleanos\/\",\"url\":\"https:\/\/vincentians.com\/es\/la-hermana-veronica-marie-brost-celebra-su-105-cumpleanos\/\",\"name\":\"La Hermana Veronica Marie Brost celebra su 105 cumplea\u00f1os - Somos Vicencianos\",\"isPartOf\":{\"@id\":\"http:\/\/vincentians.com\/es\/#website\"},\"primaryImageOfPage\":{\"@id\":\"https:\/\/vincentians.com\/es\/la-hermana-veronica-marie-brost-celebra-su-105-cumpleanos\/#primaryimage\"},\"image\":{\"@id\":\"https:\/\/vincentians.com\/es\/la-hermana-veronica-marie-brost-celebra-su-105-cumpleanos\/#primaryimage\"},\"thumbnailUrl\":\"\",\"datePublished\":\"2010-04-01T04:30:01+00:00\",\"breadcrumb\":{\"@id\":\"https:\/\/vincentians.com\/es\/la-hermana-veronica-marie-brost-celebra-su-105-cumpleanos\/#breadcrumb\"},\"inLanguage\":\"es\",\"potentialAction\":[{\"@type\":\"ReadAction\",\"target\":[\"https:\/\/vincentians.com\/es\/la-hermana-veronica-marie-brost-celebra-su-105-cumpleanos\/\"]}]},{\"@type\":\"ImageObject\",\"inLanguage\":\"es\",\"@id\":\"https:\/\/vincentians.com\/es\/la-hermana-veronica-marie-brost-celebra-su-105-cumpleanos\/#primaryimage\",\"url\":\"\",\"contentUrl\":\"\"},{\"@type\":\"BreadcrumbList\",\"@id\":\"https:\/\/vincentians.com\/es\/la-hermana-veronica-marie-brost-celebra-su-105-cumpleanos\/#breadcrumb\",\"itemListElement\":[{\"@type\":\"ListItem\",\"position\":1,\"name\":\"Portada\",\"item\":\"http:\/\/vincentians.com\/es\/\"},{\"@type\":\"ListItem\",\"position\":2,\"name\":\"La Hermana Veronica Marie Brost celebra su 105 cumplea\u00f1os\"}]},{\"@type\":\"WebSite\",\"@id\":\"http:\/\/vincentians.com\/es\/#website\",\"url\":\"http:\/\/vincentians.com\/es\/\",\"name\":\"Somos Vicencianos\",\"description\":\"Know more to serve more\",\"publisher\":{\"@id\":\"http:\/\/vincentians.com\/es\/#organization\"},\"potentialAction\":[{\"@type\":\"SearchAction\",\"target\":{\"@type\":\"EntryPoint\",\"urlTemplate\":\"http:\/\/vincentians.com\/es\/?s={search_term_string}\"},\"query-input\":{\"@type\":\"PropertyValueSpecification\",\"valueRequired\":true,\"valueName\":\"search_term_string\"}}],\"inLanguage\":\"es\"},{\"@type\":\"Organization\",\"@id\":\"http:\/\/vincentians.com\/es\/#organization\",\"name\":\"The Vincentian Network\",\"url\":\"http:\/\/vincentians.com\/es\/\",\"logo\":{\"@type\":\"ImageObject\",\"inLanguage\":\"es\",\"@id\":\"http:\/\/vincentians.com\/es\/#\/schema\/logo\/image\/\",\"url\":\"https:\/\/i1.wp.com\/vincentians.com\/es\/wp-content\/uploads\/sites\/11\/2016\/06\/Vincentian-Network-logo-big.png?fit=778%2C778\",\"contentUrl\":\"https:\/\/i1.wp.com\/vincentians.com\/es\/wp-content\/uploads\/sites\/11\/2016\/06\/Vincentian-Network-logo-big.png?fit=778%2C778\",\"width\":778,\"height\":778,\"caption\":\"The Vincentian Network\"},\"image\":{\"@id\":\"http:\/\/vincentians.com\/es\/#\/schema\/logo\/image\/\"},\"sameAs\":[\"https:\/\/www.facebook.com\/WeAreVincentians\/\",\"https:\/\/x.com\/WeVincentians\"]},{\"@type\":\"Person\",\"@id\":\"http:\/\/vincentians.com\/es\/#\/schema\/person\/9623ef4d9aa3b2dfb8c061f1499288f2\",\"name\":\"Francisco Javier Fern\u00e1ndez Chento\",\"image\":{\"@type\":\"ImageObject\",\"inLanguage\":\"es\",\"@id\":\"http:\/\/vincentians.com\/es\/#\/schema\/person\/image\/\",\"url\":\"https:\/\/secure.gravatar.com\/avatar\/497d5cde87b4c3d097d0315953521681ba2cd523ee66e5077c3711f7021e65de?s=96&d=mm&r=g\",\"contentUrl\":\"https:\/\/secure.gravatar.com\/avatar\/497d5cde87b4c3d097d0315953521681ba2cd523ee66e5077c3711f7021e65de?s=96&d=mm&r=g\",\"caption\":\"Francisco Javier Fern\u00e1ndez Chento\"},\"description\":\"Director General y cofundador de La Red de Formaci\u00f3n Vicenciana. Javier es laico vicenciano, afiliado a la Congregaci\u00f3n de la Misi\u00f3n y miembro del Equipo de Misiones Populares de la provincia can\u00f3nica de Zaragoza (Espa\u00f1a) de la Congregaci\u00f3n de la Misi\u00f3n. Graduado en la Universidad Oberta de Catalunya con cuatro grados (Asistente de direcci\u00f3n, Gesti\u00f3n Administrativa, Recursos Humanos y Contabilidad Avanzada). Bil\u00edng\u00fce Espa\u00f1ol\/Ingl\u00e9s. gestiona y mantiene varias p\u00e1ginas web cristianas y vicencianas, incluida including La Red de Formaci\u00f3n Vicenciana, de la que es cofundador. Actualmente es responsable del \u00e1rea de Espa\u00f1ol de .famvin, la Red de Noticias de la Familia Vicenciana. Tambi\u00e9n es m\u00fasico cat\u00f3lico y ha editado varios discos. Es Director General y cofundador de Trovador, una reconocida compa\u00f1\u00eda discogr\u00e1fica critiana de Espa\u00f1a. Trabaja en las Tecnolog\u00edas de la Informaci\u00f3n, ofreciendo servicios de alojamiento, dise\u00f1o y mantenimiento Web, as\u00ed como asesoramiento, formaci\u00f3n y soluciones inform\u00e1ticas, gesti\u00f3n documental y digitalizaci\u00f3n de textos, edici\u00f3n y maquetaci\u00f3n de libros, revistas, flyers, etc.\",\"sameAs\":[\"http:\/\/chento.org\",\"https:\/\/www.facebook.com\/JavierChento\",\"https:\/\/x.com\/https:\/\/twitter.com\/javierchento\"],\"url\":\"http:\/\/vincentians.com\/es\/author\/chento\/\"}]}<\/script>\n<!-- \/ Yoast SEO plugin. -->","yoast_head_json":{"title":"La Hermana Veronica Marie Brost celebra su 105 cumplea\u00f1os - Somos Vicencianos","robots":{"index":"index","follow":"follow","max-snippet":"max-snippet:-1","max-image-preview":"max-image-preview:large","max-video-preview":"max-video-preview:-1"},"canonical":"https:\/\/vincentians.com\/es\/la-hermana-veronica-marie-brost-celebra-su-105-cumpleanos\/","og_locale":"es_ES","og_type":"article","og_title":"La Hermana Veronica Marie Brost celebra su 105 cumplea\u00f1os - Somos Vicencianos","og_description":"Leavenworth, Kansas, EE.UU., a 27 de marzo de 2010. El 25 de marzo es el d\u00eda durante el cual, tradicionalmente, todas las Hijas de la Caridad de Leavenworth renuevan sus votos. Pero una de las ... Read More","og_url":"https:\/\/vincentians.com\/es\/la-hermana-veronica-marie-brost-celebra-su-105-cumpleanos\/","og_site_name":"Somos Vicencianos","article_publisher":"https:\/\/www.facebook.com\/WeAreVincentians\/","article_author":"https:\/\/www.facebook.com\/JavierChento","article_published_time":"2010-04-01T04:30:01+00:00","author":"Francisco Javier Fern\u00e1ndez Chento","twitter_card":"summary_large_image","twitter_creator":"@https:\/\/twitter.com\/javierchento","twitter_site":"@WeVincentians","twitter_misc":{"Escrito por":"Francisco Javier Fern\u00e1ndez Chento","Tiempo de lectura":"1 minuto"},"schema":{"@context":"https:\/\/schema.org","@graph":[{"@type":"Article","@id":"https:\/\/vincentians.com\/es\/la-hermana-veronica-marie-brost-celebra-su-105-cumpleanos\/#article","isPartOf":{"@id":"https:\/\/vincentians.com\/es\/la-hermana-veronica-marie-brost-celebra-su-105-cumpleanos\/"},"author":{"name":"Francisco Javier Fern\u00e1ndez Chento","@id":"http:\/\/vincentians.com\/es\/#\/schema\/person\/9623ef4d9aa3b2dfb8c061f1499288f2"},"headline":"La Hermana Veronica Marie Brost celebra su 105 cumplea\u00f1os","datePublished":"2010-04-01T04:30:01+00:00","mainEntityOfPage":{"@id":"https:\/\/vincentians.com\/es\/la-hermana-veronica-marie-brost-celebra-su-105-cumpleanos\/"},"wordCount":251,"commentCount":0,"publisher":{"@id":"http:\/\/vincentians.com\/es\/#organization"},"image":{"@id":"https:\/\/vincentians.com\/es\/la-hermana-veronica-marie-brost-celebra-su-105-cumpleanos\/#primaryimage"},"thumbnailUrl":"","articleSection":["Testigos vicencianos"],"inLanguage":"es","potentialAction":[{"@type":"CommentAction","name":"Comment","target":["https:\/\/vincentians.com\/es\/la-hermana-veronica-marie-brost-celebra-su-105-cumpleanos\/#respond"]}]},{"@type":"WebPage","@id":"https:\/\/vincentians.com\/es\/la-hermana-veronica-marie-brost-celebra-su-105-cumpleanos\/","url":"https:\/\/vincentians.com\/es\/la-hermana-veronica-marie-brost-celebra-su-105-cumpleanos\/","name":"La Hermana Veronica Marie Brost celebra su 105 cumplea\u00f1os - Somos Vicencianos","isPartOf":{"@id":"http:\/\/vincentians.com\/es\/#website"},"primaryImageOfPage":{"@id":"https:\/\/vincentians.com\/es\/la-hermana-veronica-marie-brost-celebra-su-105-cumpleanos\/#primaryimage"},"image":{"@id":"https:\/\/vincentians.com\/es\/la-hermana-veronica-marie-brost-celebra-su-105-cumpleanos\/#primaryimage"},"thumbnailUrl":"","datePublished":"2010-04-01T04:30:01+00:00","breadcrumb":{"@id":"https:\/\/vincentians.com\/es\/la-hermana-veronica-marie-brost-celebra-su-105-cumpleanos\/#breadcrumb"},"inLanguage":"es","potentialAction":[{"@type":"ReadAction","target":["https:\/\/vincentians.com\/es\/la-hermana-veronica-marie-brost-celebra-su-105-cumpleanos\/"]}]},{"@type":"ImageObject","inLanguage":"es","@id":"https:\/\/vincentians.com\/es\/la-hermana-veronica-marie-brost-celebra-su-105-cumpleanos\/#primaryimage","url":"","contentUrl":""},{"@type":"BreadcrumbList","@id":"https:\/\/vincentians.com\/es\/la-hermana-veronica-marie-brost-celebra-su-105-cumpleanos\/#breadcrumb","itemListElement":[{"@type":"ListItem","position":1,"name":"Portada","item":"http:\/\/vincentians.com\/es\/"},{"@type":"ListItem","position":2,"name":"La Hermana Veronica Marie Brost celebra su 105 cumplea\u00f1os"}]},{"@type":"WebSite","@id":"http:\/\/vincentians.com\/es\/#website","url":"http:\/\/vincentians.com\/es\/","name":"Somos Vicencianos","description":"Know more to serve more","publisher":{"@id":"http:\/\/vincentians.com\/es\/#organization"},"potentialAction":[{"@type":"SearchAction","target":{"@type":"EntryPoint","urlTemplate":"http:\/\/vincentians.com\/es\/?s={search_term_string}"},"query-input":{"@type":"PropertyValueSpecification","valueRequired":true,"valueName":"search_term_string"}}],"inLanguage":"es"},{"@type":"Organization","@id":"http:\/\/vincentians.com\/es\/#organization","name":"The Vincentian Network","url":"http:\/\/vincentians.com\/es\/","logo":{"@type":"ImageObject","inLanguage":"es","@id":"http:\/\/vincentians.com\/es\/#\/schema\/logo\/image\/","url":"https:\/\/i1.wp.com\/vincentians.com\/es\/wp-content\/uploads\/sites\/11\/2016\/06\/Vincentian-Network-logo-big.png?fit=778%2C778","contentUrl":"https:\/\/i1.wp.com\/vincentians.com\/es\/wp-content\/uploads\/sites\/11\/2016\/06\/Vincentian-Network-logo-big.png?fit=778%2C778","width":778,"height":778,"caption":"The Vincentian Network"},"image":{"@id":"http:\/\/vincentians.com\/es\/#\/schema\/logo\/image\/"},"sameAs":["https:\/\/www.facebook.com\/WeAreVincentians\/","https:\/\/x.com\/WeVincentians"]},{"@type":"Person","@id":"http:\/\/vincentians.com\/es\/#\/schema\/person\/9623ef4d9aa3b2dfb8c061f1499288f2","name":"Francisco Javier Fern\u00e1ndez Chento","image":{"@type":"ImageObject","inLanguage":"es","@id":"http:\/\/vincentians.com\/es\/#\/schema\/person\/image\/","url":"https:\/\/secure.gravatar.com\/avatar\/497d5cde87b4c3d097d0315953521681ba2cd523ee66e5077c3711f7021e65de?s=96&d=mm&r=g","contentUrl":"https:\/\/secure.gravatar.com\/avatar\/497d5cde87b4c3d097d0315953521681ba2cd523ee66e5077c3711f7021e65de?s=96&d=mm&r=g","caption":"Francisco Javier Fern\u00e1ndez Chento"},"description":"Director General y cofundador de La Red de Formaci\u00f3n Vicenciana. Javier es laico vicenciano, afiliado a la Congregaci\u00f3n de la Misi\u00f3n y miembro del Equipo de Misiones Populares de la provincia can\u00f3nica de Zaragoza (Espa\u00f1a) de la Congregaci\u00f3n de la Misi\u00f3n. Graduado en la Universidad Oberta de Catalunya con cuatro grados (Asistente de direcci\u00f3n, Gesti\u00f3n Administrativa, Recursos Humanos y Contabilidad Avanzada). Bil\u00edng\u00fce Espa\u00f1ol\/Ingl\u00e9s. gestiona y mantiene varias p\u00e1ginas web cristianas y vicencianas, incluida including La Red de Formaci\u00f3n Vicenciana, de la que es cofundador. Actualmente es responsable del \u00e1rea de Espa\u00f1ol de .famvin, la Red de Noticias de la Familia Vicenciana. Tambi\u00e9n es m\u00fasico cat\u00f3lico y ha editado varios discos. Es Director General y cofundador de Trovador, una reconocida compa\u00f1\u00eda discogr\u00e1fica critiana de Espa\u00f1a. Trabaja en las Tecnolog\u00edas de la Informaci\u00f3n, ofreciendo servicios de alojamiento, dise\u00f1o y mantenimiento Web, as\u00ed como asesoramiento, formaci\u00f3n y soluciones inform\u00e1ticas, gesti\u00f3n documental y digitalizaci\u00f3n de textos, edici\u00f3n y maquetaci\u00f3n de libros, revistas, flyers, etc.","sameAs":["http:\/\/chento.org","https:\/\/www.facebook.com\/JavierChento","https:\/\/x.com\/https:\/\/twitter.com\/javierchento"],"url":"http:\/\/vincentians.com\/es\/author\/chento\/"}]}},"jetpack_publicize_connections":[],"jetpack_featured_media_url":"","jetpack_sharing_enabled":true,"jetpack_shortlink":"https:\/\/wp.me\/p7ETMF-4ei","jetpack-related-posts":[{"id":43968,"url":"http:\/\/vincentians.com\/es\/la-federacion-de-las-hermanas-de-la-caridad-y-el-carisma-vicenciano-en-norteamerica\/","url_meta":{"origin":16262,"position":0},"title":"La Federaci\u00f3n de las Hermanas de la Caridad y el Carisma Vicenciano en Norteam\u00e9rica","author":"Francisco Javier Fern\u00e1ndez Chento","date":"30\/06\/2011","format":false,"excerpt":"Primera parte: El Carisma Vicenciano de la Caridad echa ra\u00edces\u00a0en el Nuevo Mundo En las \u00faltimas d\u00e9cadas del siglo XVIII y comienzos del XIX, tuvieron lugar una serie de eventos que cambiar\u00edan dram\u00e1ticamente el curso del Catolicismo en los Estados Unidos y que le permitir\u00edan echar ra\u00edces y florecer. En\u2026","rel":"","context":"En \u00abHijas de la Caridad\u00bb","block_context":{"text":"Hijas de la Caridad","link":"http:\/\/vincentians.com\/es\/category\/la-familia-vicenciana\/ramas\/hijas-de-la-caridad\/"},"img":{"alt_text":"Santa Elizabeth Ana Bayley Seton","src":"https:\/\/i0.wp.com\/vicencianos.org\/wp-content\/2011\/06\/isabel_seton-235x300.jpg?resize=350%2C200","width":350,"height":200},"classes":[]},{"id":21475,"url":"http:\/\/vincentians.com\/es\/la-federacion-de-hermanas-de-la-caridad\/","url_meta":{"origin":16262,"position":1},"title":"La Federaci\u00f3n de Hermanas de la Caridad","author":"Francisco Javier Fern\u00e1ndez Chento","date":"29\/03\/2023","format":false,"excerpt":"Primera parte: El Carisma Vicenciano de la Caridad Echa Ra\u00edces en el Nuevo Mundo En las \u00faltimas d\u00e9cadas del siglo XVIII y comienzos del XIX, tuvieron lugar una serie de eventos que cambiar\u00edan dram\u00e1ticamente el curso del Catolicismo en los Estados Unidos, que le permitieron echar ra\u00edces y florecer. En\u2026","rel":"","context":"En \u00abHijas de la Caridad\u00bb","block_context":{"text":"Hijas de la Caridad","link":"http:\/\/vincentians.com\/es\/category\/la-familia-vicenciana\/ramas\/hijas-de-la-caridad\/"},"img":{"alt_text":"","src":"https:\/\/i0.wp.com\/vincentians.com\/es\/wp-content\/uploads\/sites\/11\/2013\/01\/c.jpg?fit=979%2C739&resize=350%2C200","width":350,"height":200,"srcset":"https:\/\/i0.wp.com\/vincentians.com\/es\/wp-content\/uploads\/sites\/11\/2013\/01\/c.jpg?fit=979%2C739&resize=350%2C200 1x, https:\/\/i0.wp.com\/vincentians.com\/es\/wp-content\/uploads\/sites\/11\/2013\/01\/c.jpg?fit=979%2C739&resize=525%2C300 1.5x, https:\/\/i0.wp.com\/vincentians.com\/es\/wp-content\/uploads\/sites\/11\/2013\/01\/c.jpg?fit=979%2C739&resize=700%2C400 2x"},"classes":[]},{"id":119199,"url":"http:\/\/vincentians.com\/es\/sor-luciana-perez-platero-1873-1963\/","url_meta":{"origin":16262,"position":2},"title":"Sor Luciana P\u00e9rez Platero (1873-1963)","author":"Mitxel Olabu\u00e9naga","date":"17\/04\/2013","format":false,"excerpt":"Burgos ha perdido en una semana, la primera de marzo, dos Hijas de la Caridad, muy amadas en la ciudad y en toda la Provincia Espa\u00f1ola de las Hijas de la Caridad: Sor Lucia\u00adna P\u00e9rez Platero, hermana del excelent\u00edsimo se\u00f1or Arzobis\u00adpo de Burgos, y Sor Vicenta Abu\u00edn, que llevaba sesenta\u2026","rel":"","context":"En \u00abBiograf\u00edas de Hijas de la Caridad\u00bb","block_context":{"text":"Biograf\u00edas de Hijas de la Caridad","link":"http:\/\/vincentians.com\/es\/category\/la-familia-vicenciana\/biografias-vicencianas\/biografias-de-hijas-de-la-caridad\/"},"img":{"alt_text":"","src":"https:\/\/i0.wp.com\/vincentians.com\/es\/wp-content\/uploads\/sites\/11\/2016\/07\/bio-hc.jpg?fit=1200%2C630&resize=350%2C200","width":350,"height":200,"srcset":"https:\/\/i0.wp.com\/vincentians.com\/es\/wp-content\/uploads\/sites\/11\/2016\/07\/bio-hc.jpg?fit=1200%2C630&resize=350%2C200 1x, https:\/\/i0.wp.com\/vincentians.com\/es\/wp-content\/uploads\/sites\/11\/2016\/07\/bio-hc.jpg?fit=1200%2C630&resize=525%2C300 1.5x, https:\/\/i0.wp.com\/vincentians.com\/es\/wp-content\/uploads\/sites\/11\/2016\/07\/bio-hc.jpg?fit=1200%2C630&resize=700%2C400 2x, https:\/\/i0.wp.com\/vincentians.com\/es\/wp-content\/uploads\/sites\/11\/2016\/07\/bio-hc.jpg?fit=1200%2C630&resize=1050%2C600 3x"},"classes":[]},{"id":129805,"url":"http:\/\/vincentians.com\/es\/madurez-de-la-compania\/","url_meta":{"origin":16262,"position":3},"title":"Madurez de la Compa\u00f1\u00eda","author":"Francisco Javier Fern\u00e1ndez Chento","date":"14\/03\/2014","format":false,"excerpt":"Nuevas fundaciones 1654 comienza en la vida de Luisa de Marillac con un grito suave: Necesitamos Her\u00admanas. Se las piden de todas partes y no las tiene. A ra\u00edz de la Fronda, entraban pocas j\u00f3\u00advenes. M\u00e1s triste y doloroso era darse cuenta de que \"despu\u00e9s de haber sido formadas ade\u00adcuadamente\u2026","rel":"","context":"En \u00abFormaci\u00f3n Vicenciana\u00bb","block_context":{"text":"Formaci\u00f3n Vicenciana","link":"http:\/\/vincentians.com\/es\/category\/formacion-vicenciana\/"},"img":{"alt_text":"cartel","src":"https:\/\/i0.wp.com\/vicencianos.org\/wp-content\/2014\/02\/cartel.jpg?resize=350%2C200","width":350,"height":200},"classes":[]},{"id":130097,"url":"http:\/\/vincentians.com\/es\/hijas-de-la-caridad-en-italia-1843\/","url_meta":{"origin":16262,"position":4},"title":"Hijas de la Caridad en Italia (1843)","author":"Mitxel Olabu\u00e9naga","date":"30\/03\/2014","format":false,"excerpt":"I.\u2014PRIMER ESTABLECIMIENTO EN SENA (1843). El Conde de Serristorri, Gobernador de Jena, autorizado por Su Alteza Imperial y Real el Gran Duque de Toscana, manifest\u00f3 a la Compa\u00f1\u00eda de las Hijas de la Caridad el deseo de hacer conocer en Toscana \"lo que puede la Caridad de Jesucristo\": son las\u2026","rel":"","context":"En \u00abHistoria de las Hijas de la Caridad\u00bb","block_context":{"text":"Historia de las Hijas de la Caridad","link":"http:\/\/vincentians.com\/es\/category\/historia-de-la-familia-vicenciana\/historia-de-las-hijas-de-la-caridad\/"},"img":{"alt_text":"Hijas2","src":"https:\/\/i0.wp.com\/vicencianos.org\/wp-content\/2014\/03\/Hijas2.gif?resize=350%2C200","width":350,"height":200},"classes":[]},{"id":387724,"url":"http:\/\/vincentians.com\/es\/la-provincia-espanola-de-las-hijas-de-la-caridad-xxvii\/","url_meta":{"origin":16262,"position":5},"title":"La Provincia espa\u00f1ola de las Hijas de la Caridad (XXVII)","author":"Mitxel Olabu\u00e9naga","date":"13\/07\/2016","format":false,"excerpt":"De la primera fundaci\u00f3n de las Hijas de la Caridad en el Hospital de Bilbao, que se verific\u00f3 en 1824 y dur\u00f3 sin formalizarse hasta 1832, s\u00f3lo hallamos su cita en el antiguo Cat\u00e1logo y el acta de Visita que pas\u00f3 el P. Codina, en 30 de septiembre de 1828.\u2026","rel":"","context":"En \u00abHistoria de las Hijas de la Caridad\u00bb","block_context":{"text":"Historia de las Hijas de la Caridad","link":"http:\/\/vincentians.com\/es\/category\/historia-de-la-familia-vicenciana\/historia-de-las-hijas-de-la-caridad\/"},"img":{"alt_text":"","src":"https:\/\/i0.wp.com\/vincentians.com\/es\/wp-content\/uploads\/sites\/11\/2016\/07\/hijas-caridad-espanya.jpg?fit=1200%2C630&resize=350%2C200","width":350,"height":200,"srcset":"https:\/\/i0.wp.com\/vincentians.com\/es\/wp-content\/uploads\/sites\/11\/2016\/07\/hijas-caridad-espanya.jpg?fit=1200%2C630&resize=350%2C200 1x, https:\/\/i0.wp.com\/vincentians.com\/es\/wp-content\/uploads\/sites\/11\/2016\/07\/hijas-caridad-espanya.jpg?fit=1200%2C630&resize=525%2C300 1.5x, https:\/\/i0.wp.com\/vincentians.com\/es\/wp-content\/uploads\/sites\/11\/2016\/07\/hijas-caridad-espanya.jpg?fit=1200%2C630&resize=700%2C400 2x, https:\/\/i0.wp.com\/vincentians.com\/es\/wp-content\/uploads\/sites\/11\/2016\/07\/hijas-caridad-espanya.jpg?fit=1200%2C630&resize=1050%2C600 3x"},"classes":[]}],"_links":{"self":[{"href":"http:\/\/vincentians.com\/es\/wp-json\/wp\/v2\/posts\/16262","targetHints":{"allow":["GET"]}}],"collection":[{"href":"http:\/\/vincentians.com\/es\/wp-json\/wp\/v2\/posts"}],"about":[{"href":"http:\/\/vincentians.com\/es\/wp-json\/wp\/v2\/types\/post"}],"author":[{"embeddable":true,"href":"http:\/\/vincentians.com\/es\/wp-json\/wp\/v2\/users\/4"}],"replies":[{"embeddable":true,"href":"http:\/\/vincentians.com\/es\/wp-json\/wp\/v2\/comments?post=16262"}],"version-history":[{"count":0,"href":"http:\/\/vincentians.com\/es\/wp-json\/wp\/v2\/posts\/16262\/revisions"}],"wp:featuredmedia":[{"embeddable":true,"href":"http:\/\/vincentians.com\/es\/wp-json\/"}],"wp:attachment":[{"href":"http:\/\/vincentians.com\/es\/wp-json\/wp\/v2\/media?parent=16262"}],"wp:term":[{"taxonomy":"category","embeddable":true,"href":"http:\/\/vincentians.com\/es\/wp-json\/wp\/v2\/categories?post=16262"},{"taxonomy":"post_tag","embeddable":true,"href":"http:\/\/vincentians.com\/es\/wp-json\/wp\/v2\/tags?post=16262"}],"curies":[{"name":"wp","href":"https:\/\/api.w.org\/{rel}","templated":true}]}}