{"id":1617,"date":"2012-05-28T20:24:28","date_gmt":"2012-05-28T18:24:28","guid":{"rendered":"http:\/\/somos.vicencianos.org\/comentarios\/?p=1617"},"modified":"2016-07-24T10:29:53","modified_gmt":"2016-07-24T08:29:53","slug":"ciclo-b-la-santisima-trinidad-reflexion-de-jose-antonio-pagola","status":"publish","type":"post","link":"http:\/\/vincentians.com\/es\/ciclo-b-la-santisima-trinidad-reflexion-de-jose-antonio-pagola\/","title":{"rendered":"Sant\u00edsima Trinidad (reflexi\u00f3n de Jos\u00e9 Antonio Pagola)"},"content":{"rendered":"<h2>El mejor amigo<\/h2>\n<p><a href=\"https:\/\/i0.wp.com\/vicencianos.org\/wp-content\/2010\/12\/jose_antonio_pagola.jpg\"><img data-recalc-dims=\"1\" loading=\"lazy\" decoding=\"async\" class=\"alignright size-full wp-image-86\" src=\"https:\/\/i0.wp.com\/vicencianos.org\/wp-content\/2010\/12\/jose_antonio_pagola.jpg?resize=257%2C264\" alt=\"jose_antonio_pagola\" width=\"257\" height=\"264\" \/><\/a>En el n\u00facleo de la fe cristiana en un Dios trinitario hay una afirmaci\u00f3n esencial. Dios no es un ser tenebroso e impenetrable, encerrado ego\u00edstamente en s\u00ed mismo. Dios es Amor y solo Amor. Los cristianos creemos que en el misterio \u00faltimo de la realidad, dando sentido y consistencia a todo, no hay sino Amor. Jes\u00fas no ha escrito ning\u00fan tratado acerca de Dios. En ning\u00fan momento lo encontramos exponiendo a los campesinos de Galilea doctrina sobre \u00e9l. Para Jes\u00fas, Dios no es un concepto, una bella teor\u00eda, una definici\u00f3n sublime. <strong>Dios es el mejor Amigo del ser humano<\/strong>.<a id=\"more316256\" name=\"more316256\"><\/a><\/p>\n<p>Los investigadores no dudan de un dato que recogen los evangelios. La gente que escuchaba a Jes\u00fas hablar de Dios y le ve\u00eda actuar en su nombre, experimentaba a Dios como una Buena Noticia. Lo que Jes\u00fas dice de Dios les resulta algo nuevo y bueno. <strong>La experiencia que comunica y contagia les parece la mejor noticia que pueden escuchar de Dios<\/strong>. \u00bfPor qu\u00e9?<\/p>\n<p>Tal vez lo primero que captan es que Dios es de todos, no solo de los que se sienten dignos para presentarse ante \u00e9l en el templo.<strong> Dios no est\u00e1 atado a un lugar sagrado. No pertenece a una religi\u00f3n<\/strong>. No es propiedad de los piadosos que peregrinan a Jerusal\u00e9n. Seg\u00fan Jes\u00fas, \u00abhace salir su sol sobre buenos y malos\u00bb. Dios no excluye ni discrimina a nadie. Jes\u00fas invita a todos a confiar en \u00e9l: \u00abCuando or\u00e9is decid: \u00a1Padre!\u00bb.<\/p>\n<p>Con Jes\u00fas van descubriendo que Dios no es solo de los que se acercan a \u00e9l cargados de m\u00e9ritos. Antes que a ellos, escucha a quienes le piden compasi\u00f3n porque se sienten pecadores sin remedio. <strong>Seg\u00fan Jes\u00fas, Dios anda siempre buscando a los que viven perdidos<\/strong>. Por eso se siente tan amigo de pecadores. Por eso les dice que \u00e9l \u00abha venido a buscar y salvar lo que estaba perdido\u00bb.<\/p>\n<p>Tambi\u00e9n se dan cuenta de que Dios no es solo de los sabios y entendidos. Jes\u00fas le da gracias al Padre porque le gusta revelar a los peque\u00f1os cosas que les quedan ocultas a los ilustrados. <strong>Dios tiene menos problemas para entenderse con el pueblo sencillo que con los doctos que creen saberlo todo<\/strong>.<\/p>\n<p>Pero fue, sin duda, la vida de Jes\u00fas, dedicado en nombre de Dios a aliviar el sufrimiento de los enfermos, liberar a pose\u00eddos por esp\u00edritus malignos, rescatar a leprosos de la marginaci\u00f3n, ofrecer el perd\u00f3n a pecadores y prostitutas&#8230;, lo que les convenci\u00f3 que Jes\u00fas experimentaba a Dios como el mejor Amigo del ser humano, que solo busca nuestro bien y solo se opone a lo que nos hace da\u00f1o. <strong>Los seguidores de Jes\u00fas nunca pusieron en duda que el Dios encarnado y revelado en Jes\u00fas es Amor y solo Amor hacia todos<\/strong>.<\/p>\n<p><strong>Jos\u00e9 Antonio Pagola<\/strong><\/p>\n<p>3 de junio de 2012<br \/>\nSant\u00edsima Trinidad (B)<br \/>\nMateo 28, 16-20<\/p>\n","protected":false},"excerpt":{"rendered":"<p>El mejor amigo En el n\u00facleo de la fe cristiana en un Dios trinitario hay una afirmaci\u00f3n esencial. Dios no es un ser tenebroso e impenetrable, encerrado ego\u00edstamente en s\u00ed mismo. Dios es Amor y &#8230; <a href=\"http:\/\/vincentians.com\/es\/ciclo-b-la-santisima-trinidad-reflexion-de-jose-antonio-pagola\/\" class=\"more-link\">Read More<\/a><\/p>\n","protected":false},"author":4,"featured_media":388396,"comment_status":"open","ping_status":"open","sticky":false,"template":"","format":"standard","meta":{"jetpack_post_was_ever_published":false,"_jetpack_newsletter_access":"","_jetpack_dont_email_post_to_subs":false,"_jetpack_newsletter_tier_id":0,"_jetpack_memberships_contains_paywalled_content":false,"_jetpack_memberships_contains_paid_content":false,"footnotes":"","jetpack_publicize_message":"","jetpack_publicize_feature_enabled":true,"jetpack_social_post_already_shared":true,"jetpack_social_options":{"image_generator_settings":{"template":"highway","default_image_id":0,"font":"","enabled":false},"version":2}},"categories":[93],"tags":[],"class_list":["post-1617","post","type-post","status-publish","format-standard","has-post-thumbnail","hentry","category-homilias-y-reflexiones-ano-b"],"yoast_head":"<!-- This site is optimized with the Yoast SEO plugin v26.3 - https:\/\/yoast.com\/wordpress\/plugins\/seo\/ -->\n<title>Sant\u00edsima Trinidad (reflexi\u00f3n de Jos\u00e9 Antonio Pagola) - Somos Vicencianos<\/title>\n<meta name=\"robots\" content=\"index, follow, max-snippet:-1, max-image-preview:large, max-video-preview:-1\" \/>\n<link rel=\"canonical\" href=\"https:\/\/vincentians.com\/es\/ciclo-b-la-santisima-trinidad-reflexion-de-jose-antonio-pagola\/\" \/>\n<meta property=\"og:locale\" content=\"es_ES\" \/>\n<meta property=\"og:type\" content=\"article\" \/>\n<meta property=\"og:title\" content=\"Sant\u00edsima Trinidad (reflexi\u00f3n de Jos\u00e9 Antonio Pagola) - Somos Vicencianos\" \/>\n<meta property=\"og:description\" content=\"El mejor amigo En el n\u00facleo de la fe cristiana en un Dios trinitario hay una afirmaci\u00f3n esencial. Dios no es un ser tenebroso e impenetrable, encerrado ego\u00edstamente en s\u00ed mismo. Dios es Amor y ... Read More\" \/>\n<meta property=\"og:url\" content=\"https:\/\/vincentians.com\/es\/ciclo-b-la-santisima-trinidad-reflexion-de-jose-antonio-pagola\/\" \/>\n<meta property=\"og:site_name\" content=\"Somos Vicencianos\" \/>\n<meta property=\"article:publisher\" content=\"https:\/\/www.facebook.com\/WeAreVincentians\/\" \/>\n<meta property=\"article:author\" content=\"https:\/\/www.facebook.com\/JavierChento\" \/>\n<meta property=\"article:published_time\" content=\"2012-05-28T18:24:28+00:00\" \/>\n<meta property=\"article:modified_time\" content=\"2016-07-24T08:29:53+00:00\" \/>\n<meta property=\"og:image\" content=\"https:\/\/i0.wp.com\/vincentians.com\/es\/wp-content\/uploads\/sites\/11\/2016\/07\/reflexiones-pagola.jpg?fit=1200%2C630&ssl=1\" \/>\n\t<meta property=\"og:image:width\" content=\"1200\" \/>\n\t<meta property=\"og:image:height\" content=\"630\" \/>\n\t<meta property=\"og:image:type\" content=\"image\/jpeg\" \/>\n<meta name=\"author\" content=\"Francisco Javier Fern\u00e1ndez Chento\" \/>\n<meta name=\"twitter:card\" content=\"summary_large_image\" \/>\n<meta name=\"twitter:creator\" content=\"@https:\/\/twitter.com\/javierchento\" \/>\n<meta name=\"twitter:site\" content=\"@WeVincentians\" \/>\n<meta name=\"twitter:label1\" content=\"Escrito por\" \/>\n\t<meta name=\"twitter:data1\" content=\"Francisco Javier Fern\u00e1ndez Chento\" \/>\n\t<meta name=\"twitter:label2\" content=\"Tiempo de lectura\" \/>\n\t<meta name=\"twitter:data2\" content=\"3 minutos\" \/>\n<script type=\"application\/ld+json\" class=\"yoast-schema-graph\">{\"@context\":\"https:\/\/schema.org\",\"@graph\":[{\"@type\":\"Article\",\"@id\":\"https:\/\/vincentians.com\/es\/ciclo-b-la-santisima-trinidad-reflexion-de-jose-antonio-pagola\/#article\",\"isPartOf\":{\"@id\":\"https:\/\/vincentians.com\/es\/ciclo-b-la-santisima-trinidad-reflexion-de-jose-antonio-pagola\/\"},\"author\":{\"name\":\"Francisco Javier Fern\u00e1ndez Chento\",\"@id\":\"http:\/\/vincentians.com\/es\/#\/schema\/person\/9623ef4d9aa3b2dfb8c061f1499288f2\"},\"headline\":\"Sant\u00edsima Trinidad (reflexi\u00f3n de Jos\u00e9 Antonio Pagola)\",\"datePublished\":\"2012-05-28T18:24:28+00:00\",\"dateModified\":\"2016-07-24T08:29:53+00:00\",\"mainEntityOfPage\":{\"@id\":\"https:\/\/vincentians.com\/es\/ciclo-b-la-santisima-trinidad-reflexion-de-jose-antonio-pagola\/\"},\"wordCount\":518,\"commentCount\":0,\"publisher\":{\"@id\":\"http:\/\/vincentians.com\/es\/#organization\"},\"image\":{\"@id\":\"https:\/\/vincentians.com\/es\/ciclo-b-la-santisima-trinidad-reflexion-de-jose-antonio-pagola\/#primaryimage\"},\"thumbnailUrl\":\"https:\/\/i0.wp.com\/vincentians.com\/es\/wp-content\/uploads\/sites\/11\/2016\/07\/reflexiones-pagola.jpg?fit=1200%2C630\",\"articleSection\":[\"Homil\u00edas y reflexiones, A\u00f1o B\"],\"inLanguage\":\"es\",\"potentialAction\":[{\"@type\":\"CommentAction\",\"name\":\"Comment\",\"target\":[\"https:\/\/vincentians.com\/es\/ciclo-b-la-santisima-trinidad-reflexion-de-jose-antonio-pagola\/#respond\"]}]},{\"@type\":\"WebPage\",\"@id\":\"https:\/\/vincentians.com\/es\/ciclo-b-la-santisima-trinidad-reflexion-de-jose-antonio-pagola\/\",\"url\":\"https:\/\/vincentians.com\/es\/ciclo-b-la-santisima-trinidad-reflexion-de-jose-antonio-pagola\/\",\"name\":\"Sant\u00edsima Trinidad (reflexi\u00f3n de Jos\u00e9 Antonio Pagola) - Somos Vicencianos\",\"isPartOf\":{\"@id\":\"http:\/\/vincentians.com\/es\/#website\"},\"primaryImageOfPage\":{\"@id\":\"https:\/\/vincentians.com\/es\/ciclo-b-la-santisima-trinidad-reflexion-de-jose-antonio-pagola\/#primaryimage\"},\"image\":{\"@id\":\"https:\/\/vincentians.com\/es\/ciclo-b-la-santisima-trinidad-reflexion-de-jose-antonio-pagola\/#primaryimage\"},\"thumbnailUrl\":\"https:\/\/i0.wp.com\/vincentians.com\/es\/wp-content\/uploads\/sites\/11\/2016\/07\/reflexiones-pagola.jpg?fit=1200%2C630\",\"datePublished\":\"2012-05-28T18:24:28+00:00\",\"dateModified\":\"2016-07-24T08:29:53+00:00\",\"breadcrumb\":{\"@id\":\"https:\/\/vincentians.com\/es\/ciclo-b-la-santisima-trinidad-reflexion-de-jose-antonio-pagola\/#breadcrumb\"},\"inLanguage\":\"es\",\"potentialAction\":[{\"@type\":\"ReadAction\",\"target\":[\"https:\/\/vincentians.com\/es\/ciclo-b-la-santisima-trinidad-reflexion-de-jose-antonio-pagola\/\"]}]},{\"@type\":\"ImageObject\",\"inLanguage\":\"es\",\"@id\":\"https:\/\/vincentians.com\/es\/ciclo-b-la-santisima-trinidad-reflexion-de-jose-antonio-pagola\/#primaryimage\",\"url\":\"https:\/\/i0.wp.com\/vincentians.com\/es\/wp-content\/uploads\/sites\/11\/2016\/07\/reflexiones-pagola.jpg?fit=1200%2C630\",\"contentUrl\":\"https:\/\/i0.wp.com\/vincentians.com\/es\/wp-content\/uploads\/sites\/11\/2016\/07\/reflexiones-pagola.jpg?fit=1200%2C630\",\"width\":1200,\"height\":630},{\"@type\":\"BreadcrumbList\",\"@id\":\"https:\/\/vincentians.com\/es\/ciclo-b-la-santisima-trinidad-reflexion-de-jose-antonio-pagola\/#breadcrumb\",\"itemListElement\":[{\"@type\":\"ListItem\",\"position\":1,\"name\":\"Portada\",\"item\":\"http:\/\/vincentians.com\/es\/\"},{\"@type\":\"ListItem\",\"position\":2,\"name\":\"Sant\u00edsima Trinidad (reflexi\u00f3n de Jos\u00e9 Antonio Pagola)\"}]},{\"@type\":\"WebSite\",\"@id\":\"http:\/\/vincentians.com\/es\/#website\",\"url\":\"http:\/\/vincentians.com\/es\/\",\"name\":\"Somos Vicencianos\",\"description\":\"Know more to serve more\",\"publisher\":{\"@id\":\"http:\/\/vincentians.com\/es\/#organization\"},\"potentialAction\":[{\"@type\":\"SearchAction\",\"target\":{\"@type\":\"EntryPoint\",\"urlTemplate\":\"http:\/\/vincentians.com\/es\/?s={search_term_string}\"},\"query-input\":{\"@type\":\"PropertyValueSpecification\",\"valueRequired\":true,\"valueName\":\"search_term_string\"}}],\"inLanguage\":\"es\"},{\"@type\":\"Organization\",\"@id\":\"http:\/\/vincentians.com\/es\/#organization\",\"name\":\"The Vincentian Network\",\"url\":\"http:\/\/vincentians.com\/es\/\",\"logo\":{\"@type\":\"ImageObject\",\"inLanguage\":\"es\",\"@id\":\"http:\/\/vincentians.com\/es\/#\/schema\/logo\/image\/\",\"url\":\"https:\/\/i1.wp.com\/vincentians.com\/es\/wp-content\/uploads\/sites\/11\/2016\/06\/Vincentian-Network-logo-big.png?fit=778%2C778\",\"contentUrl\":\"https:\/\/i1.wp.com\/vincentians.com\/es\/wp-content\/uploads\/sites\/11\/2016\/06\/Vincentian-Network-logo-big.png?fit=778%2C778\",\"width\":778,\"height\":778,\"caption\":\"The Vincentian Network\"},\"image\":{\"@id\":\"http:\/\/vincentians.com\/es\/#\/schema\/logo\/image\/\"},\"sameAs\":[\"https:\/\/www.facebook.com\/WeAreVincentians\/\",\"https:\/\/x.com\/WeVincentians\"]},{\"@type\":\"Person\",\"@id\":\"http:\/\/vincentians.com\/es\/#\/schema\/person\/9623ef4d9aa3b2dfb8c061f1499288f2\",\"name\":\"Francisco Javier Fern\u00e1ndez Chento\",\"image\":{\"@type\":\"ImageObject\",\"inLanguage\":\"es\",\"@id\":\"http:\/\/vincentians.com\/es\/#\/schema\/person\/image\/\",\"url\":\"https:\/\/secure.gravatar.com\/avatar\/497d5cde87b4c3d097d0315953521681ba2cd523ee66e5077c3711f7021e65de?s=96&d=mm&r=g\",\"contentUrl\":\"https:\/\/secure.gravatar.com\/avatar\/497d5cde87b4c3d097d0315953521681ba2cd523ee66e5077c3711f7021e65de?s=96&d=mm&r=g\",\"caption\":\"Francisco Javier Fern\u00e1ndez Chento\"},\"description\":\"Director General y cofundador de La Red de Formaci\u00f3n Vicenciana. Javier es laico vicenciano, afiliado a la Congregaci\u00f3n de la Misi\u00f3n y miembro del Equipo de Misiones Populares de la provincia can\u00f3nica de Zaragoza (Espa\u00f1a) de la Congregaci\u00f3n de la Misi\u00f3n. Graduado en la Universidad Oberta de Catalunya con cuatro grados (Asistente de direcci\u00f3n, Gesti\u00f3n Administrativa, Recursos Humanos y Contabilidad Avanzada). Bil\u00edng\u00fce Espa\u00f1ol\/Ingl\u00e9s. gestiona y mantiene varias p\u00e1ginas web cristianas y vicencianas, incluida including La Red de Formaci\u00f3n Vicenciana, de la que es cofundador. Actualmente es responsable del \u00e1rea de Espa\u00f1ol de .famvin, la Red de Noticias de la Familia Vicenciana. Tambi\u00e9n es m\u00fasico cat\u00f3lico y ha editado varios discos. Es Director General y cofundador de Trovador, una reconocida compa\u00f1\u00eda discogr\u00e1fica critiana de Espa\u00f1a. Trabaja en las Tecnolog\u00edas de la Informaci\u00f3n, ofreciendo servicios de alojamiento, dise\u00f1o y mantenimiento Web, as\u00ed como asesoramiento, formaci\u00f3n y soluciones inform\u00e1ticas, gesti\u00f3n documental y digitalizaci\u00f3n de textos, edici\u00f3n y maquetaci\u00f3n de libros, revistas, flyers, etc.\",\"sameAs\":[\"http:\/\/chento.org\",\"https:\/\/www.facebook.com\/JavierChento\",\"https:\/\/x.com\/https:\/\/twitter.com\/javierchento\"],\"url\":\"http:\/\/vincentians.com\/es\/author\/chento\/\"}]}<\/script>\n<!-- \/ Yoast SEO plugin. -->","yoast_head_json":{"title":"Sant\u00edsima Trinidad (reflexi\u00f3n de Jos\u00e9 Antonio Pagola) - Somos Vicencianos","robots":{"index":"index","follow":"follow","max-snippet":"max-snippet:-1","max-image-preview":"max-image-preview:large","max-video-preview":"max-video-preview:-1"},"canonical":"https:\/\/vincentians.com\/es\/ciclo-b-la-santisima-trinidad-reflexion-de-jose-antonio-pagola\/","og_locale":"es_ES","og_type":"article","og_title":"Sant\u00edsima Trinidad (reflexi\u00f3n de Jos\u00e9 Antonio Pagola) - Somos Vicencianos","og_description":"El mejor amigo En el n\u00facleo de la fe cristiana en un Dios trinitario hay una afirmaci\u00f3n esencial. Dios no es un ser tenebroso e impenetrable, encerrado ego\u00edstamente en s\u00ed mismo. Dios es Amor y ... Read More","og_url":"https:\/\/vincentians.com\/es\/ciclo-b-la-santisima-trinidad-reflexion-de-jose-antonio-pagola\/","og_site_name":"Somos Vicencianos","article_publisher":"https:\/\/www.facebook.com\/WeAreVincentians\/","article_author":"https:\/\/www.facebook.com\/JavierChento","article_published_time":"2012-05-28T18:24:28+00:00","article_modified_time":"2016-07-24T08:29:53+00:00","og_image":[{"width":1200,"height":630,"url":"https:\/\/i0.wp.com\/vincentians.com\/es\/wp-content\/uploads\/sites\/11\/2016\/07\/reflexiones-pagola.jpg?fit=1200%2C630&ssl=1","type":"image\/jpeg"}],"author":"Francisco Javier Fern\u00e1ndez Chento","twitter_card":"summary_large_image","twitter_creator":"@https:\/\/twitter.com\/javierchento","twitter_site":"@WeVincentians","twitter_misc":{"Escrito por":"Francisco Javier Fern\u00e1ndez Chento","Tiempo de lectura":"3 minutos"},"schema":{"@context":"https:\/\/schema.org","@graph":[{"@type":"Article","@id":"https:\/\/vincentians.com\/es\/ciclo-b-la-santisima-trinidad-reflexion-de-jose-antonio-pagola\/#article","isPartOf":{"@id":"https:\/\/vincentians.com\/es\/ciclo-b-la-santisima-trinidad-reflexion-de-jose-antonio-pagola\/"},"author":{"name":"Francisco Javier Fern\u00e1ndez Chento","@id":"http:\/\/vincentians.com\/es\/#\/schema\/person\/9623ef4d9aa3b2dfb8c061f1499288f2"},"headline":"Sant\u00edsima Trinidad (reflexi\u00f3n de Jos\u00e9 Antonio Pagola)","datePublished":"2012-05-28T18:24:28+00:00","dateModified":"2016-07-24T08:29:53+00:00","mainEntityOfPage":{"@id":"https:\/\/vincentians.com\/es\/ciclo-b-la-santisima-trinidad-reflexion-de-jose-antonio-pagola\/"},"wordCount":518,"commentCount":0,"publisher":{"@id":"http:\/\/vincentians.com\/es\/#organization"},"image":{"@id":"https:\/\/vincentians.com\/es\/ciclo-b-la-santisima-trinidad-reflexion-de-jose-antonio-pagola\/#primaryimage"},"thumbnailUrl":"https:\/\/i0.wp.com\/vincentians.com\/es\/wp-content\/uploads\/sites\/11\/2016\/07\/reflexiones-pagola.jpg?fit=1200%2C630","articleSection":["Homil\u00edas y reflexiones, A\u00f1o B"],"inLanguage":"es","potentialAction":[{"@type":"CommentAction","name":"Comment","target":["https:\/\/vincentians.com\/es\/ciclo-b-la-santisima-trinidad-reflexion-de-jose-antonio-pagola\/#respond"]}]},{"@type":"WebPage","@id":"https:\/\/vincentians.com\/es\/ciclo-b-la-santisima-trinidad-reflexion-de-jose-antonio-pagola\/","url":"https:\/\/vincentians.com\/es\/ciclo-b-la-santisima-trinidad-reflexion-de-jose-antonio-pagola\/","name":"Sant\u00edsima Trinidad (reflexi\u00f3n de Jos\u00e9 Antonio Pagola) - Somos Vicencianos","isPartOf":{"@id":"http:\/\/vincentians.com\/es\/#website"},"primaryImageOfPage":{"@id":"https:\/\/vincentians.com\/es\/ciclo-b-la-santisima-trinidad-reflexion-de-jose-antonio-pagola\/#primaryimage"},"image":{"@id":"https:\/\/vincentians.com\/es\/ciclo-b-la-santisima-trinidad-reflexion-de-jose-antonio-pagola\/#primaryimage"},"thumbnailUrl":"https:\/\/i0.wp.com\/vincentians.com\/es\/wp-content\/uploads\/sites\/11\/2016\/07\/reflexiones-pagola.jpg?fit=1200%2C630","datePublished":"2012-05-28T18:24:28+00:00","dateModified":"2016-07-24T08:29:53+00:00","breadcrumb":{"@id":"https:\/\/vincentians.com\/es\/ciclo-b-la-santisima-trinidad-reflexion-de-jose-antonio-pagola\/#breadcrumb"},"inLanguage":"es","potentialAction":[{"@type":"ReadAction","target":["https:\/\/vincentians.com\/es\/ciclo-b-la-santisima-trinidad-reflexion-de-jose-antonio-pagola\/"]}]},{"@type":"ImageObject","inLanguage":"es","@id":"https:\/\/vincentians.com\/es\/ciclo-b-la-santisima-trinidad-reflexion-de-jose-antonio-pagola\/#primaryimage","url":"https:\/\/i0.wp.com\/vincentians.com\/es\/wp-content\/uploads\/sites\/11\/2016\/07\/reflexiones-pagola.jpg?fit=1200%2C630","contentUrl":"https:\/\/i0.wp.com\/vincentians.com\/es\/wp-content\/uploads\/sites\/11\/2016\/07\/reflexiones-pagola.jpg?fit=1200%2C630","width":1200,"height":630},{"@type":"BreadcrumbList","@id":"https:\/\/vincentians.com\/es\/ciclo-b-la-santisima-trinidad-reflexion-de-jose-antonio-pagola\/#breadcrumb","itemListElement":[{"@type":"ListItem","position":1,"name":"Portada","item":"http:\/\/vincentians.com\/es\/"},{"@type":"ListItem","position":2,"name":"Sant\u00edsima Trinidad (reflexi\u00f3n de Jos\u00e9 Antonio Pagola)"}]},{"@type":"WebSite","@id":"http:\/\/vincentians.com\/es\/#website","url":"http:\/\/vincentians.com\/es\/","name":"Somos Vicencianos","description":"Know more to serve more","publisher":{"@id":"http:\/\/vincentians.com\/es\/#organization"},"potentialAction":[{"@type":"SearchAction","target":{"@type":"EntryPoint","urlTemplate":"http:\/\/vincentians.com\/es\/?s={search_term_string}"},"query-input":{"@type":"PropertyValueSpecification","valueRequired":true,"valueName":"search_term_string"}}],"inLanguage":"es"},{"@type":"Organization","@id":"http:\/\/vincentians.com\/es\/#organization","name":"The Vincentian Network","url":"http:\/\/vincentians.com\/es\/","logo":{"@type":"ImageObject","inLanguage":"es","@id":"http:\/\/vincentians.com\/es\/#\/schema\/logo\/image\/","url":"https:\/\/i1.wp.com\/vincentians.com\/es\/wp-content\/uploads\/sites\/11\/2016\/06\/Vincentian-Network-logo-big.png?fit=778%2C778","contentUrl":"https:\/\/i1.wp.com\/vincentians.com\/es\/wp-content\/uploads\/sites\/11\/2016\/06\/Vincentian-Network-logo-big.png?fit=778%2C778","width":778,"height":778,"caption":"The Vincentian Network"},"image":{"@id":"http:\/\/vincentians.com\/es\/#\/schema\/logo\/image\/"},"sameAs":["https:\/\/www.facebook.com\/WeAreVincentians\/","https:\/\/x.com\/WeVincentians"]},{"@type":"Person","@id":"http:\/\/vincentians.com\/es\/#\/schema\/person\/9623ef4d9aa3b2dfb8c061f1499288f2","name":"Francisco Javier Fern\u00e1ndez Chento","image":{"@type":"ImageObject","inLanguage":"es","@id":"http:\/\/vincentians.com\/es\/#\/schema\/person\/image\/","url":"https:\/\/secure.gravatar.com\/avatar\/497d5cde87b4c3d097d0315953521681ba2cd523ee66e5077c3711f7021e65de?s=96&d=mm&r=g","contentUrl":"https:\/\/secure.gravatar.com\/avatar\/497d5cde87b4c3d097d0315953521681ba2cd523ee66e5077c3711f7021e65de?s=96&d=mm&r=g","caption":"Francisco Javier Fern\u00e1ndez Chento"},"description":"Director General y cofundador de La Red de Formaci\u00f3n Vicenciana. Javier es laico vicenciano, afiliado a la Congregaci\u00f3n de la Misi\u00f3n y miembro del Equipo de Misiones Populares de la provincia can\u00f3nica de Zaragoza (Espa\u00f1a) de la Congregaci\u00f3n de la Misi\u00f3n. Graduado en la Universidad Oberta de Catalunya con cuatro grados (Asistente de direcci\u00f3n, Gesti\u00f3n Administrativa, Recursos Humanos y Contabilidad Avanzada). Bil\u00edng\u00fce Espa\u00f1ol\/Ingl\u00e9s. gestiona y mantiene varias p\u00e1ginas web cristianas y vicencianas, incluida including La Red de Formaci\u00f3n Vicenciana, de la que es cofundador. Actualmente es responsable del \u00e1rea de Espa\u00f1ol de .famvin, la Red de Noticias de la Familia Vicenciana. Tambi\u00e9n es m\u00fasico cat\u00f3lico y ha editado varios discos. Es Director General y cofundador de Trovador, una reconocida compa\u00f1\u00eda discogr\u00e1fica critiana de Espa\u00f1a. Trabaja en las Tecnolog\u00edas de la Informaci\u00f3n, ofreciendo servicios de alojamiento, dise\u00f1o y mantenimiento Web, as\u00ed como asesoramiento, formaci\u00f3n y soluciones inform\u00e1ticas, gesti\u00f3n documental y digitalizaci\u00f3n de textos, edici\u00f3n y maquetaci\u00f3n de libros, revistas, flyers, etc.","sameAs":["http:\/\/chento.org","https:\/\/www.facebook.com\/JavierChento","https:\/\/x.com\/https:\/\/twitter.com\/javierchento"],"url":"http:\/\/vincentians.com\/es\/author\/chento\/"}]}},"jetpack_publicize_connections":[],"jetpack_featured_media_url":"https:\/\/i0.wp.com\/vincentians.com\/es\/wp-content\/uploads\/sites\/11\/2016\/07\/reflexiones-pagola.jpg?fit=1200%2C630","jetpack_sharing_enabled":true,"jetpack_shortlink":"https:\/\/wp.me\/p7ETMF-q5","jetpack-related-posts":[{"id":144607,"url":"http:\/\/vincentians.com\/es\/6o-domingo-de-pascua-reflexion-de-la-s-s-v-p-en-espana\/","url_meta":{"origin":1617,"position":0},"title":"6\u00ba Domingo de Pascua (reflexi\u00f3n de la S.S.V.P. en Espa\u00f1a)","author":"Francisco Javier Fern\u00e1ndez Chento","date":"08\/05\/2015","format":false,"excerpt":"\u201cSeguir a Jesucristo: Primero como hombres racionales, tratando bien al pr\u00f3jimo y siendo justos con \u00e9l; segundo, como cristianos, practicando las virtudes de que nos ha dado ejemplo Nuestro Se\u00f1or; finalmente, como misioneros, realizando bien las obras que \u00c9l hizo y con su mismo esp\u00edritu, en la medida que lo\u2026","rel":"","context":"En \u00abHomil\u00edas y reflexiones, A\u00f1o B\u00bb","block_context":{"text":"Homil\u00edas y reflexiones, A\u00f1o B","link":"http:\/\/vincentians.com\/es\/category\/homilias-y-reflexiones-a-la-palabra-de-dios\/homilias-y-reflexiones-ano-b\/"},"img":{"alt_text":"","src":"https:\/\/i0.wp.com\/vincentians.com\/es\/wp-content\/uploads\/sites\/11\/2016\/07\/reflexiones-palabra-de-dios.jpg?fit=1200%2C630&resize=350%2C200","width":350,"height":200,"srcset":"https:\/\/i0.wp.com\/vincentians.com\/es\/wp-content\/uploads\/sites\/11\/2016\/07\/reflexiones-palabra-de-dios.jpg?fit=1200%2C630&resize=350%2C200 1x, https:\/\/i0.wp.com\/vincentians.com\/es\/wp-content\/uploads\/sites\/11\/2016\/07\/reflexiones-palabra-de-dios.jpg?fit=1200%2C630&resize=525%2C300 1.5x, https:\/\/i0.wp.com\/vincentians.com\/es\/wp-content\/uploads\/sites\/11\/2016\/07\/reflexiones-palabra-de-dios.jpg?fit=1200%2C630&resize=700%2C400 2x, https:\/\/i0.wp.com\/vincentians.com\/es\/wp-content\/uploads\/sites\/11\/2016\/07\/reflexiones-palabra-de-dios.jpg?fit=1200%2C630&resize=1050%2C600 3x"},"classes":[]},{"id":151844,"url":"http:\/\/vincentians.com\/es\/santisima-trinidad-reflexion-de-jose-antonio-pagola\/","url_meta":{"origin":1617,"position":1},"title":"Sant\u00edsima Trinidad (reflexi\u00f3n de Jos\u00e9 Antonio Pagola)","author":"Francisco Javier Fern\u00e1ndez Chento","date":"25\/05\/2015","format":false,"excerpt":"Lo esencial del Credo A lo largo de los siglos, los te\u00f3logos cristianos han elaborado profundos estudios sobre la Trinidad. Sin embargo, bastantes cristianos de nuestros d\u00edas no logran captar qu\u00e9 tienen que ver con su vida esas admirables doctrinas. Al parecer, hoy necesitamos o\u00edr hablar de Dios con palabras\u2026","rel":"","context":"En \u00abHomil\u00edas y reflexiones, A\u00f1o B\u00bb","block_context":{"text":"Homil\u00edas y reflexiones, A\u00f1o B","link":"http:\/\/vincentians.com\/es\/category\/homilias-y-reflexiones-a-la-palabra-de-dios\/homilias-y-reflexiones-ano-b\/"},"img":{"alt_text":"","src":"https:\/\/i0.wp.com\/vincentians.com\/es\/wp-content\/uploads\/sites\/11\/2016\/07\/reflexiones-pagola.jpg?fit=1200%2C630&resize=350%2C200","width":350,"height":200,"srcset":"https:\/\/i0.wp.com\/vincentians.com\/es\/wp-content\/uploads\/sites\/11\/2016\/07\/reflexiones-pagola.jpg?fit=1200%2C630&resize=350%2C200 1x, https:\/\/i0.wp.com\/vincentians.com\/es\/wp-content\/uploads\/sites\/11\/2016\/07\/reflexiones-pagola.jpg?fit=1200%2C630&resize=525%2C300 1.5x, https:\/\/i0.wp.com\/vincentians.com\/es\/wp-content\/uploads\/sites\/11\/2016\/07\/reflexiones-pagola.jpg?fit=1200%2C630&resize=700%2C400 2x, https:\/\/i0.wp.com\/vincentians.com\/es\/wp-content\/uploads\/sites\/11\/2016\/07\/reflexiones-pagola.jpg?fit=1200%2C630&resize=1050%2C600 3x"},"classes":[]},{"id":132447,"url":"http:\/\/vincentians.com\/es\/6o-domingo-de-pascua-reflexion-de-julio-cesar-villalobos-c-m\/","url_meta":{"origin":1617,"position":2},"title":"6\u00ba Domingo de Pascua (reflexi\u00f3n de Julio C\u00e9sar Villalobos, C.M.)","author":"Francisco Javier Fern\u00e1ndez Chento","date":"11\/05\/2012","format":false,"excerpt":"El pedido de Jes\u00fas: permanecer en su amor \u00bfAlguna vez has recibido un regalo?, \u00bfte recuerdas alg\u00fan regalo especial?, \u00bfquiz\u00e1s algo material?, \u00bfquiz\u00e1s algo que ha marcado para siempre tu vida?, \u00bfaceptaste o no ese regalo que te hicieron?, \u00bfconservas ese regalo hasta hoy?... Hubo una vez una persona joven\u2026","rel":"","context":"En \u00abHomil\u00edas y reflexiones, A\u00f1o B\u00bb","block_context":{"text":"Homil\u00edas y reflexiones, A\u00f1o B","link":"http:\/\/vincentians.com\/es\/category\/homilias-y-reflexiones-a-la-palabra-de-dios\/homilias-y-reflexiones-ano-b\/"},"img":{"alt_text":"","src":"https:\/\/i0.wp.com\/vincentians.com\/es\/wp-content\/uploads\/sites\/11\/2016\/07\/reflexiones-palabra-de-dios.jpg?fit=1200%2C630&resize=350%2C200","width":350,"height":200,"srcset":"https:\/\/i0.wp.com\/vincentians.com\/es\/wp-content\/uploads\/sites\/11\/2016\/07\/reflexiones-palabra-de-dios.jpg?fit=1200%2C630&resize=350%2C200 1x, https:\/\/i0.wp.com\/vincentians.com\/es\/wp-content\/uploads\/sites\/11\/2016\/07\/reflexiones-palabra-de-dios.jpg?fit=1200%2C630&resize=525%2C300 1.5x, https:\/\/i0.wp.com\/vincentians.com\/es\/wp-content\/uploads\/sites\/11\/2016\/07\/reflexiones-palabra-de-dios.jpg?fit=1200%2C630&resize=700%2C400 2x, https:\/\/i0.wp.com\/vincentians.com\/es\/wp-content\/uploads\/sites\/11\/2016\/07\/reflexiones-palabra-de-dios.jpg?fit=1200%2C630&resize=1050%2C600 3x"},"classes":[]},{"id":133592,"url":"http:\/\/vincentians.com\/es\/natividad-del-senor-reflexion-de-jose-antonio-pagola\/","url_meta":{"origin":1617,"position":3},"title":"Natividad del Se\u00f1or (reflexi\u00f3n de Jos\u00e9 Antonio Pagola)","author":"Francisco Javier Fern\u00e1ndez Chento","date":"22\/12\/2014","format":false,"excerpt":"El rostro humano de Dios La Palabra de Dios se ha hecho carne. El cuarto evangelio comienza con un pr\u00f3logo muy especial. Es una especie de himno que, desde los primeros siglos, ayud\u00f3 decisivamente a los cristianos a ahondar en el misterio encerrado en Jes\u00fas. Si lo escuchamos con fe\u2026","rel":"","context":"En \u00abHomil\u00edas y reflexiones, A\u00f1o B\u00bb","block_context":{"text":"Homil\u00edas y reflexiones, A\u00f1o B","link":"http:\/\/vincentians.com\/es\/category\/homilias-y-reflexiones-a-la-palabra-de-dios\/homilias-y-reflexiones-ano-b\/"},"img":{"alt_text":"","src":"https:\/\/i0.wp.com\/vincentians.com\/es\/wp-content\/uploads\/sites\/11\/2016\/07\/reflexiones-pagola.jpg?fit=1200%2C630&resize=350%2C200","width":350,"height":200,"srcset":"https:\/\/i0.wp.com\/vincentians.com\/es\/wp-content\/uploads\/sites\/11\/2016\/07\/reflexiones-pagola.jpg?fit=1200%2C630&resize=350%2C200 1x, https:\/\/i0.wp.com\/vincentians.com\/es\/wp-content\/uploads\/sites\/11\/2016\/07\/reflexiones-pagola.jpg?fit=1200%2C630&resize=525%2C300 1.5x, https:\/\/i0.wp.com\/vincentians.com\/es\/wp-content\/uploads\/sites\/11\/2016\/07\/reflexiones-pagola.jpg?fit=1200%2C630&resize=700%2C400 2x, https:\/\/i0.wp.com\/vincentians.com\/es\/wp-content\/uploads\/sites\/11\/2016\/07\/reflexiones-pagola.jpg?fit=1200%2C630&resize=1050%2C600 3x"},"classes":[]},{"id":143062,"url":"http:\/\/vincentians.com\/es\/2o-domingo-de-pascua-reflexion-de-la-s-s-v-p-en-espana-2\/","url_meta":{"origin":1617,"position":4},"title":"2\u00ba Domingo de Pascua (reflexi\u00f3n de la S.S.V.P. en Espa\u00f1a)","author":"Francisco Javier Fern\u00e1ndez Chento","date":"07\/04\/2015","format":false,"excerpt":"\u201cSus humillaciones no eran m\u00e1s que amor, su trabajo era amor, sus sufrimientos amor, sus oraciones amor, y todos sus ejercicios interiores y exteriores no eran m\u00e1s que actos repetidos de amor. Su amor le dio un gran desprecio del esp\u00edritu del mundo, desprecio de los bienes, desprecio de los\u2026","rel":"","context":"En \u00abHomil\u00edas y reflexiones, A\u00f1o B\u00bb","block_context":{"text":"Homil\u00edas y reflexiones, A\u00f1o B","link":"http:\/\/vincentians.com\/es\/category\/homilias-y-reflexiones-a-la-palabra-de-dios\/homilias-y-reflexiones-ano-b\/"},"img":{"alt_text":"","src":"https:\/\/i0.wp.com\/vincentians.com\/es\/wp-content\/uploads\/sites\/11\/2016\/07\/reflexiones-palabra-de-dios.jpg?fit=1200%2C630&resize=350%2C200","width":350,"height":200,"srcset":"https:\/\/i0.wp.com\/vincentians.com\/es\/wp-content\/uploads\/sites\/11\/2016\/07\/reflexiones-palabra-de-dios.jpg?fit=1200%2C630&resize=350%2C200 1x, https:\/\/i0.wp.com\/vincentians.com\/es\/wp-content\/uploads\/sites\/11\/2016\/07\/reflexiones-palabra-de-dios.jpg?fit=1200%2C630&resize=525%2C300 1.5x, https:\/\/i0.wp.com\/vincentians.com\/es\/wp-content\/uploads\/sites\/11\/2016\/07\/reflexiones-palabra-de-dios.jpg?fit=1200%2C630&resize=700%2C400 2x, https:\/\/i0.wp.com\/vincentians.com\/es\/wp-content\/uploads\/sites\/11\/2016\/07\/reflexiones-palabra-de-dios.jpg?fit=1200%2C630&resize=1050%2C600 3x"},"classes":[]},{"id":136974,"url":"http:\/\/vincentians.com\/es\/ciclo-a-domingo-5%c2%ba-de-pascua-reflexion-de-jose-roman-flecha\/","url_meta":{"origin":1617,"position":5},"title":"Ciclo A, Domingo 5\u00ba de Pascua (reflexi\u00f3n de Jos\u00e9 Rom\u00e1n Flecha)","author":"Francisco Javier Fern\u00e1ndez Chento","date":"18\/05\/2011","format":false,"excerpt":"LA META Y EL CAMINO Domingo 5\u00ba de Pascua 22 de mayo de 2011 El evangelio que se proclama en este domingo quinto de Pascua es muy rico en sugerencias (Jn 14, 1-12). Vemos que, al menos, contiene una promesa, una revelaci\u00f3n y una exhortaci\u00f3n. La promesa forma parte de\u2026","rel":"","context":"En \u00abHomil\u00edas y reflexiones, A\u00f1o A\u00bb","block_context":{"text":"Homil\u00edas y reflexiones, A\u00f1o A","link":"http:\/\/vincentians.com\/es\/category\/homilias-y-reflexiones-a-la-palabra-de-dios\/homilias-y-reflexiones-ano-a\/"},"img":{"alt_text":"","src":"","width":0,"height":0},"classes":[]}],"_links":{"self":[{"href":"http:\/\/vincentians.com\/es\/wp-json\/wp\/v2\/posts\/1617","targetHints":{"allow":["GET"]}}],"collection":[{"href":"http:\/\/vincentians.com\/es\/wp-json\/wp\/v2\/posts"}],"about":[{"href":"http:\/\/vincentians.com\/es\/wp-json\/wp\/v2\/types\/post"}],"author":[{"embeddable":true,"href":"http:\/\/vincentians.com\/es\/wp-json\/wp\/v2\/users\/4"}],"replies":[{"embeddable":true,"href":"http:\/\/vincentians.com\/es\/wp-json\/wp\/v2\/comments?post=1617"}],"version-history":[{"count":0,"href":"http:\/\/vincentians.com\/es\/wp-json\/wp\/v2\/posts\/1617\/revisions"}],"wp:featuredmedia":[{"embeddable":true,"href":"http:\/\/vincentians.com\/es\/wp-json\/wp\/v2\/media\/388396"}],"wp:attachment":[{"href":"http:\/\/vincentians.com\/es\/wp-json\/wp\/v2\/media?parent=1617"}],"wp:term":[{"taxonomy":"category","embeddable":true,"href":"http:\/\/vincentians.com\/es\/wp-json\/wp\/v2\/categories?post=1617"},{"taxonomy":"post_tag","embeddable":true,"href":"http:\/\/vincentians.com\/es\/wp-json\/wp\/v2\/tags?post=1617"}],"curies":[{"name":"wp","href":"https:\/\/api.w.org\/{rel}","templated":true}]}}