{"id":16070,"date":"2017-04-30T00:01:42","date_gmt":"2017-04-29T22:01:42","guid":{"rendered":"http:\/\/somos.vicencianos.org\/blog\/2010\/04\/30\/tal-dia-como-hoy-30-de-abril\/"},"modified":"2016-07-24T08:59:39","modified_gmt":"2016-07-24T06:59:39","slug":"tal-dia-como-hoy-30-de-abril","status":"publish","type":"post","link":"http:\/\/vincentians.com\/es\/tal-dia-como-hoy-30-de-abril\/","title":{"rendered":"Tal d\u00eda como hoy: 30 de abril"},"content":{"rendered":"<p><strong>1655.<\/strong> Conferencia de Vicente de Pa\u00fal a los misioneros pa\u00fales sobre la ofrenda de nuestras acciones a Dios. Al final de la misma  Vicente invita a los misioneros a que a lo largo del d\u00eda ofrezcan a Dios  las principales acciones, aunque por la ma\u00f1ana las hayan ofrecido  todas. \u00ab\u00a1Oh! \u00a1qu\u00e9 dicha la de complacer siempre a Dios, de hacerlo todo  por amor de Dios y para agradarle! D\u00e9monos pues a Dios, Padres, para  hacer en adelante todas nuestras acciones por su amor y para  complacerle; y, por este medio, nos ocurrir\u00e1 que todas nuestras acciones  por peque\u00f1as que sean, tendr\u00e1n un gran m\u00e9rito ante su divina Majestad.  \u00bfNo acabamos de o\u00edr lo que nos acaban de decir, que es esta pureza de  intenci\u00f3n la que convierte a todas las acciones en iguales? \u00a1Dios nos  haga la gracia de aprovecharnos bien de todo ello!<\/p>\n<p><strong>1659.<\/strong> Carta de Luisa de Marillac a la superiora del hospital de Nantes,  sor Nicolasa Haran: \u00ab&#8230;, mis queridas Hermanas, \u00bfque podr\u00edan desear  sobre la tierra para su salvaci\u00f3n que no tengan? Son llamadas por Dios a  emplear todos sus pensamientos, palabras y acciones para su gloria;  para perfeccionarse en la pr\u00e1ctica de sus consejos y no hacer nada  contra sus mandamientos, y as\u00ed, deben sospechar de todos los  pensamientos que tengan de apartarse de las v\u00edas en que la obediencia  las ha puesto, como ser\u00eda, si les viene al esp\u00edritu: \u00a1Oh!, si estuviera  en ese sitio o en tal otro, \u00a1Oh! \u00a1me parece que har\u00eda bien!&#8230; Est\u00e9n  seguras de que es un enga\u00f1o y que har\u00edan m\u00e1s mal. Los esp\u00edritus que  carecen del todo de fortaleza nunca hacen un buen fondo de virtud porque  estas sacudidas les impiden habituarse a la obediencia y a la humildad,  a soportar y la pr\u00e1ctica de sus reglas. El diablo los tiene siempre en  suspenso y estoy tan segura de esto, por tantos ejemplos que he visto en  diversos lugares e incluso en Hermanas nuestras que por este medio han  perdido la vocaci\u00f3n, y otras han permanecido en el embotamiento y la  cobard\u00eda que les ha hecho estancarse en sus malas inclinaciones y  h\u00e1bitos, que si un \u00e1ngel viniera a dec\u00edrmelo desde el cielo no estar\u00eda  m\u00e1s segura\u00bb.<\/p>\n<p><strong>1660.<\/strong> Conferencia de Vicente de Pa\u00fal en San L\u00e1zaro sobre los apegos, en la que se  trata de los motivos para apegarse solo a Dios, de los apegos  perjudiciales para los misioneros y de los medios para desprenderse de  ellos y no apegarse m\u00e1s que a Dios.<\/p>\n<p>&nbsp;<\/p>\n","protected":false},"excerpt":{"rendered":"<p>1655. Conferencia de Vicente de Pa\u00fal a los misioneros pa\u00fales sobre la ofrenda de nuestras acciones a Dios. Al final de la misma Vicente invita a los misioneros a que a lo largo del d\u00eda &#8230; <a href=\"http:\/\/vincentians.com\/es\/tal-dia-como-hoy-30-de-abril\/\" class=\"more-link\">Read More<\/a><\/p>\n","protected":false},"author":4,"featured_media":149897,"comment_status":"open","ping_status":"open","sticky":false,"template":"","format":"standard","meta":{"jetpack_post_was_ever_published":false,"_jetpack_newsletter_access":"","_jetpack_dont_email_post_to_subs":false,"_jetpack_newsletter_tier_id":0,"_jetpack_memberships_contains_paywalled_content":false,"_jetpack_memberships_contains_paid_content":false,"footnotes":"","jetpack_publicize_message":"","jetpack_publicize_feature_enabled":true,"jetpack_social_post_already_shared":true,"jetpack_social_options":{"image_generator_settings":{"template":"highway","default_image_id":0,"font":"","enabled":false},"version":2}},"categories":[60],"tags":[143],"class_list":["post-16070","post","type-post","status-publish","format-standard","has-post-thumbnail","hentry","category-efemerides-vicencianas","tag-san-lazaro"],"yoast_head":"<!-- This site is optimized with the Yoast SEO plugin v26.3 - https:\/\/yoast.com\/wordpress\/plugins\/seo\/ -->\n<title>Tal d\u00eda como hoy: 30 de abril - Somos Vicencianos<\/title>\n<meta name=\"robots\" content=\"index, follow, max-snippet:-1, max-image-preview:large, max-video-preview:-1\" \/>\n<link rel=\"canonical\" href=\"http:\/\/vincentians.com\/es\/tal-dia-como-hoy-30-de-abril\/\" \/>\n<meta property=\"og:locale\" content=\"es_ES\" \/>\n<meta property=\"og:type\" content=\"article\" \/>\n<meta property=\"og:title\" content=\"Tal d\u00eda como hoy: 30 de abril - Somos Vicencianos\" \/>\n<meta property=\"og:description\" content=\"1655. Conferencia de Vicente de Pa\u00fal a los misioneros pa\u00fales sobre la ofrenda de nuestras acciones a Dios. Al final de la misma Vicente invita a los misioneros a que a lo largo del d\u00eda ... Read More\" \/>\n<meta property=\"og:url\" content=\"http:\/\/vincentians.com\/es\/tal-dia-como-hoy-30-de-abril\/\" \/>\n<meta property=\"og:site_name\" content=\"Somos Vicencianos\" \/>\n<meta property=\"article:publisher\" content=\"https:\/\/www.facebook.com\/WeAreVincentians\/\" \/>\n<meta property=\"article:author\" content=\"https:\/\/www.facebook.com\/JavierChento\" \/>\n<meta property=\"article:published_time\" content=\"2017-04-29T22:01:42+00:00\" \/>\n<meta property=\"og:image\" content=\"https:\/\/i0.wp.com\/vincentians.com\/es\/wp-content\/uploads\/sites\/11\/2016\/07\/ephemerides-fb.jpg?fit=1200%2C630\" \/>\n\t<meta property=\"og:image:width\" content=\"1200\" \/>\n\t<meta property=\"og:image:height\" content=\"630\" \/>\n\t<meta property=\"og:image:type\" content=\"image\/jpeg\" \/>\n<meta name=\"author\" content=\"Francisco Javier Fern\u00e1ndez Chento\" \/>\n<meta name=\"twitter:card\" content=\"summary_large_image\" \/>\n<meta name=\"twitter:creator\" content=\"@https:\/\/twitter.com\/javierchento\" \/>\n<meta name=\"twitter:site\" content=\"@WeVincentians\" \/>\n<meta name=\"twitter:label1\" content=\"Escrito por\" \/>\n\t<meta name=\"twitter:data1\" content=\"Francisco Javier Fern\u00e1ndez Chento\" \/>\n\t<meta name=\"twitter:label2\" content=\"Tiempo de lectura\" \/>\n\t<meta name=\"twitter:data2\" content=\"2 minutos\" \/>\n<script type=\"application\/ld+json\" class=\"yoast-schema-graph\">{\"@context\":\"https:\/\/schema.org\",\"@graph\":[{\"@type\":\"Article\",\"@id\":\"http:\/\/vincentians.com\/es\/tal-dia-como-hoy-30-de-abril\/#article\",\"isPartOf\":{\"@id\":\"http:\/\/vincentians.com\/es\/tal-dia-como-hoy-30-de-abril\/\"},\"author\":{\"name\":\"Francisco Javier Fern\u00e1ndez Chento\",\"@id\":\"http:\/\/vincentians.com\/es\/#\/schema\/person\/9623ef4d9aa3b2dfb8c061f1499288f2\"},\"headline\":\"Tal d\u00eda como hoy: 30 de abril\",\"datePublished\":\"2017-04-29T22:01:42+00:00\",\"mainEntityOfPage\":{\"@id\":\"http:\/\/vincentians.com\/es\/tal-dia-como-hoy-30-de-abril\/\"},\"wordCount\":452,\"commentCount\":0,\"publisher\":{\"@id\":\"http:\/\/vincentians.com\/es\/#organization\"},\"image\":{\"@id\":\"http:\/\/vincentians.com\/es\/tal-dia-como-hoy-30-de-abril\/#primaryimage\"},\"thumbnailUrl\":\"https:\/\/i0.wp.com\/vincentians.com\/es\/wp-content\/uploads\/sites\/11\/2016\/07\/ephemerides-fb.jpg?fit=1200%2C630\",\"keywords\":[\"San L\u00e1zaro\"],\"articleSection\":[\"Efem\u00e9rides Vicencianas\"],\"inLanguage\":\"es\",\"potentialAction\":[{\"@type\":\"CommentAction\",\"name\":\"Comment\",\"target\":[\"http:\/\/vincentians.com\/es\/tal-dia-como-hoy-30-de-abril\/#respond\"]}]},{\"@type\":\"WebPage\",\"@id\":\"http:\/\/vincentians.com\/es\/tal-dia-como-hoy-30-de-abril\/\",\"url\":\"http:\/\/vincentians.com\/es\/tal-dia-como-hoy-30-de-abril\/\",\"name\":\"Tal d\u00eda como hoy: 30 de abril - Somos Vicencianos\",\"isPartOf\":{\"@id\":\"http:\/\/vincentians.com\/es\/#website\"},\"primaryImageOfPage\":{\"@id\":\"http:\/\/vincentians.com\/es\/tal-dia-como-hoy-30-de-abril\/#primaryimage\"},\"image\":{\"@id\":\"http:\/\/vincentians.com\/es\/tal-dia-como-hoy-30-de-abril\/#primaryimage\"},\"thumbnailUrl\":\"https:\/\/i0.wp.com\/vincentians.com\/es\/wp-content\/uploads\/sites\/11\/2016\/07\/ephemerides-fb.jpg?fit=1200%2C630\",\"datePublished\":\"2017-04-29T22:01:42+00:00\",\"breadcrumb\":{\"@id\":\"http:\/\/vincentians.com\/es\/tal-dia-como-hoy-30-de-abril\/#breadcrumb\"},\"inLanguage\":\"es\",\"potentialAction\":[{\"@type\":\"ReadAction\",\"target\":[\"http:\/\/vincentians.com\/es\/tal-dia-como-hoy-30-de-abril\/\"]}]},{\"@type\":\"ImageObject\",\"inLanguage\":\"es\",\"@id\":\"http:\/\/vincentians.com\/es\/tal-dia-como-hoy-30-de-abril\/#primaryimage\",\"url\":\"https:\/\/i0.wp.com\/vincentians.com\/es\/wp-content\/uploads\/sites\/11\/2016\/07\/ephemerides-fb.jpg?fit=1200%2C630\",\"contentUrl\":\"https:\/\/i0.wp.com\/vincentians.com\/es\/wp-content\/uploads\/sites\/11\/2016\/07\/ephemerides-fb.jpg?fit=1200%2C630\",\"width\":1200,\"height\":630},{\"@type\":\"BreadcrumbList\",\"@id\":\"http:\/\/vincentians.com\/es\/tal-dia-como-hoy-30-de-abril\/#breadcrumb\",\"itemListElement\":[{\"@type\":\"ListItem\",\"position\":1,\"name\":\"Portada\",\"item\":\"http:\/\/vincentians.com\/es\/\"},{\"@type\":\"ListItem\",\"position\":2,\"name\":\"Tal d\u00eda como hoy: 30 de abril\"}]},{\"@type\":\"WebSite\",\"@id\":\"http:\/\/vincentians.com\/es\/#website\",\"url\":\"http:\/\/vincentians.com\/es\/\",\"name\":\"Somos Vicencianos\",\"description\":\"Know more to serve more\",\"publisher\":{\"@id\":\"http:\/\/vincentians.com\/es\/#organization\"},\"potentialAction\":[{\"@type\":\"SearchAction\",\"target\":{\"@type\":\"EntryPoint\",\"urlTemplate\":\"http:\/\/vincentians.com\/es\/?s={search_term_string}\"},\"query-input\":{\"@type\":\"PropertyValueSpecification\",\"valueRequired\":true,\"valueName\":\"search_term_string\"}}],\"inLanguage\":\"es\"},{\"@type\":\"Organization\",\"@id\":\"http:\/\/vincentians.com\/es\/#organization\",\"name\":\"The Vincentian Network\",\"url\":\"http:\/\/vincentians.com\/es\/\",\"logo\":{\"@type\":\"ImageObject\",\"inLanguage\":\"es\",\"@id\":\"http:\/\/vincentians.com\/es\/#\/schema\/logo\/image\/\",\"url\":\"https:\/\/i1.wp.com\/vincentians.com\/es\/wp-content\/uploads\/sites\/11\/2016\/06\/Vincentian-Network-logo-big.png?fit=778%2C778\",\"contentUrl\":\"https:\/\/i1.wp.com\/vincentians.com\/es\/wp-content\/uploads\/sites\/11\/2016\/06\/Vincentian-Network-logo-big.png?fit=778%2C778\",\"width\":778,\"height\":778,\"caption\":\"The Vincentian Network\"},\"image\":{\"@id\":\"http:\/\/vincentians.com\/es\/#\/schema\/logo\/image\/\"},\"sameAs\":[\"https:\/\/www.facebook.com\/WeAreVincentians\/\",\"https:\/\/x.com\/WeVincentians\"]},{\"@type\":\"Person\",\"@id\":\"http:\/\/vincentians.com\/es\/#\/schema\/person\/9623ef4d9aa3b2dfb8c061f1499288f2\",\"name\":\"Francisco Javier Fern\u00e1ndez Chento\",\"image\":{\"@type\":\"ImageObject\",\"inLanguage\":\"es\",\"@id\":\"http:\/\/vincentians.com\/es\/#\/schema\/person\/image\/\",\"url\":\"https:\/\/secure.gravatar.com\/avatar\/497d5cde87b4c3d097d0315953521681ba2cd523ee66e5077c3711f7021e65de?s=96&d=mm&r=g\",\"contentUrl\":\"https:\/\/secure.gravatar.com\/avatar\/497d5cde87b4c3d097d0315953521681ba2cd523ee66e5077c3711f7021e65de?s=96&d=mm&r=g\",\"caption\":\"Francisco Javier Fern\u00e1ndez Chento\"},\"description\":\"Director General y cofundador de La Red de Formaci\u00f3n Vicenciana. Javier es laico vicenciano, afiliado a la Congregaci\u00f3n de la Misi\u00f3n y miembro del Equipo de Misiones Populares de la provincia can\u00f3nica de Zaragoza (Espa\u00f1a) de la Congregaci\u00f3n de la Misi\u00f3n. Graduado en la Universidad Oberta de Catalunya con cuatro grados (Asistente de direcci\u00f3n, Gesti\u00f3n Administrativa, Recursos Humanos y Contabilidad Avanzada). Bil\u00edng\u00fce Espa\u00f1ol\/Ingl\u00e9s. gestiona y mantiene varias p\u00e1ginas web cristianas y vicencianas, incluida including La Red de Formaci\u00f3n Vicenciana, de la que es cofundador. Actualmente es responsable del \u00e1rea de Espa\u00f1ol de .famvin, la Red de Noticias de la Familia Vicenciana. Tambi\u00e9n es m\u00fasico cat\u00f3lico y ha editado varios discos. Es Director General y cofundador de Trovador, una reconocida compa\u00f1\u00eda discogr\u00e1fica critiana de Espa\u00f1a. Trabaja en las Tecnolog\u00edas de la Informaci\u00f3n, ofreciendo servicios de alojamiento, dise\u00f1o y mantenimiento Web, as\u00ed como asesoramiento, formaci\u00f3n y soluciones inform\u00e1ticas, gesti\u00f3n documental y digitalizaci\u00f3n de textos, edici\u00f3n y maquetaci\u00f3n de libros, revistas, flyers, etc.\",\"sameAs\":[\"http:\/\/chento.org\",\"https:\/\/www.facebook.com\/JavierChento\",\"https:\/\/x.com\/https:\/\/twitter.com\/javierchento\"],\"url\":\"http:\/\/vincentians.com\/es\/author\/chento\/\"}]}<\/script>\n<!-- \/ Yoast SEO plugin. -->","yoast_head_json":{"title":"Tal d\u00eda como hoy: 30 de abril - Somos Vicencianos","robots":{"index":"index","follow":"follow","max-snippet":"max-snippet:-1","max-image-preview":"max-image-preview:large","max-video-preview":"max-video-preview:-1"},"canonical":"http:\/\/vincentians.com\/es\/tal-dia-como-hoy-30-de-abril\/","og_locale":"es_ES","og_type":"article","og_title":"Tal d\u00eda como hoy: 30 de abril - Somos Vicencianos","og_description":"1655. Conferencia de Vicente de Pa\u00fal a los misioneros pa\u00fales sobre la ofrenda de nuestras acciones a Dios. Al final de la misma Vicente invita a los misioneros a que a lo largo del d\u00eda ... Read More","og_url":"http:\/\/vincentians.com\/es\/tal-dia-como-hoy-30-de-abril\/","og_site_name":"Somos Vicencianos","article_publisher":"https:\/\/www.facebook.com\/WeAreVincentians\/","article_author":"https:\/\/www.facebook.com\/JavierChento","article_published_time":"2017-04-29T22:01:42+00:00","og_image":[{"width":1200,"height":630,"url":"https:\/\/i0.wp.com\/vincentians.com\/es\/wp-content\/uploads\/sites\/11\/2016\/07\/ephemerides-fb.jpg?fit=1200%2C630","type":"image\/jpeg"}],"author":"Francisco Javier Fern\u00e1ndez Chento","twitter_card":"summary_large_image","twitter_creator":"@https:\/\/twitter.com\/javierchento","twitter_site":"@WeVincentians","twitter_misc":{"Escrito por":"Francisco Javier Fern\u00e1ndez Chento","Tiempo de lectura":"2 minutos"},"schema":{"@context":"https:\/\/schema.org","@graph":[{"@type":"Article","@id":"http:\/\/vincentians.com\/es\/tal-dia-como-hoy-30-de-abril\/#article","isPartOf":{"@id":"http:\/\/vincentians.com\/es\/tal-dia-como-hoy-30-de-abril\/"},"author":{"name":"Francisco Javier Fern\u00e1ndez Chento","@id":"http:\/\/vincentians.com\/es\/#\/schema\/person\/9623ef4d9aa3b2dfb8c061f1499288f2"},"headline":"Tal d\u00eda como hoy: 30 de abril","datePublished":"2017-04-29T22:01:42+00:00","mainEntityOfPage":{"@id":"http:\/\/vincentians.com\/es\/tal-dia-como-hoy-30-de-abril\/"},"wordCount":452,"commentCount":0,"publisher":{"@id":"http:\/\/vincentians.com\/es\/#organization"},"image":{"@id":"http:\/\/vincentians.com\/es\/tal-dia-como-hoy-30-de-abril\/#primaryimage"},"thumbnailUrl":"https:\/\/i0.wp.com\/vincentians.com\/es\/wp-content\/uploads\/sites\/11\/2016\/07\/ephemerides-fb.jpg?fit=1200%2C630","keywords":["San L\u00e1zaro"],"articleSection":["Efem\u00e9rides Vicencianas"],"inLanguage":"es","potentialAction":[{"@type":"CommentAction","name":"Comment","target":["http:\/\/vincentians.com\/es\/tal-dia-como-hoy-30-de-abril\/#respond"]}]},{"@type":"WebPage","@id":"http:\/\/vincentians.com\/es\/tal-dia-como-hoy-30-de-abril\/","url":"http:\/\/vincentians.com\/es\/tal-dia-como-hoy-30-de-abril\/","name":"Tal d\u00eda como hoy: 30 de abril - Somos Vicencianos","isPartOf":{"@id":"http:\/\/vincentians.com\/es\/#website"},"primaryImageOfPage":{"@id":"http:\/\/vincentians.com\/es\/tal-dia-como-hoy-30-de-abril\/#primaryimage"},"image":{"@id":"http:\/\/vincentians.com\/es\/tal-dia-como-hoy-30-de-abril\/#primaryimage"},"thumbnailUrl":"https:\/\/i0.wp.com\/vincentians.com\/es\/wp-content\/uploads\/sites\/11\/2016\/07\/ephemerides-fb.jpg?fit=1200%2C630","datePublished":"2017-04-29T22:01:42+00:00","breadcrumb":{"@id":"http:\/\/vincentians.com\/es\/tal-dia-como-hoy-30-de-abril\/#breadcrumb"},"inLanguage":"es","potentialAction":[{"@type":"ReadAction","target":["http:\/\/vincentians.com\/es\/tal-dia-como-hoy-30-de-abril\/"]}]},{"@type":"ImageObject","inLanguage":"es","@id":"http:\/\/vincentians.com\/es\/tal-dia-como-hoy-30-de-abril\/#primaryimage","url":"https:\/\/i0.wp.com\/vincentians.com\/es\/wp-content\/uploads\/sites\/11\/2016\/07\/ephemerides-fb.jpg?fit=1200%2C630","contentUrl":"https:\/\/i0.wp.com\/vincentians.com\/es\/wp-content\/uploads\/sites\/11\/2016\/07\/ephemerides-fb.jpg?fit=1200%2C630","width":1200,"height":630},{"@type":"BreadcrumbList","@id":"http:\/\/vincentians.com\/es\/tal-dia-como-hoy-30-de-abril\/#breadcrumb","itemListElement":[{"@type":"ListItem","position":1,"name":"Portada","item":"http:\/\/vincentians.com\/es\/"},{"@type":"ListItem","position":2,"name":"Tal d\u00eda como hoy: 30 de abril"}]},{"@type":"WebSite","@id":"http:\/\/vincentians.com\/es\/#website","url":"http:\/\/vincentians.com\/es\/","name":"Somos Vicencianos","description":"Know more to serve more","publisher":{"@id":"http:\/\/vincentians.com\/es\/#organization"},"potentialAction":[{"@type":"SearchAction","target":{"@type":"EntryPoint","urlTemplate":"http:\/\/vincentians.com\/es\/?s={search_term_string}"},"query-input":{"@type":"PropertyValueSpecification","valueRequired":true,"valueName":"search_term_string"}}],"inLanguage":"es"},{"@type":"Organization","@id":"http:\/\/vincentians.com\/es\/#organization","name":"The Vincentian Network","url":"http:\/\/vincentians.com\/es\/","logo":{"@type":"ImageObject","inLanguage":"es","@id":"http:\/\/vincentians.com\/es\/#\/schema\/logo\/image\/","url":"https:\/\/i1.wp.com\/vincentians.com\/es\/wp-content\/uploads\/sites\/11\/2016\/06\/Vincentian-Network-logo-big.png?fit=778%2C778","contentUrl":"https:\/\/i1.wp.com\/vincentians.com\/es\/wp-content\/uploads\/sites\/11\/2016\/06\/Vincentian-Network-logo-big.png?fit=778%2C778","width":778,"height":778,"caption":"The Vincentian Network"},"image":{"@id":"http:\/\/vincentians.com\/es\/#\/schema\/logo\/image\/"},"sameAs":["https:\/\/www.facebook.com\/WeAreVincentians\/","https:\/\/x.com\/WeVincentians"]},{"@type":"Person","@id":"http:\/\/vincentians.com\/es\/#\/schema\/person\/9623ef4d9aa3b2dfb8c061f1499288f2","name":"Francisco Javier Fern\u00e1ndez Chento","image":{"@type":"ImageObject","inLanguage":"es","@id":"http:\/\/vincentians.com\/es\/#\/schema\/person\/image\/","url":"https:\/\/secure.gravatar.com\/avatar\/497d5cde87b4c3d097d0315953521681ba2cd523ee66e5077c3711f7021e65de?s=96&d=mm&r=g","contentUrl":"https:\/\/secure.gravatar.com\/avatar\/497d5cde87b4c3d097d0315953521681ba2cd523ee66e5077c3711f7021e65de?s=96&d=mm&r=g","caption":"Francisco Javier Fern\u00e1ndez Chento"},"description":"Director General y cofundador de La Red de Formaci\u00f3n Vicenciana. Javier es laico vicenciano, afiliado a la Congregaci\u00f3n de la Misi\u00f3n y miembro del Equipo de Misiones Populares de la provincia can\u00f3nica de Zaragoza (Espa\u00f1a) de la Congregaci\u00f3n de la Misi\u00f3n. Graduado en la Universidad Oberta de Catalunya con cuatro grados (Asistente de direcci\u00f3n, Gesti\u00f3n Administrativa, Recursos Humanos y Contabilidad Avanzada). Bil\u00edng\u00fce Espa\u00f1ol\/Ingl\u00e9s. gestiona y mantiene varias p\u00e1ginas web cristianas y vicencianas, incluida including La Red de Formaci\u00f3n Vicenciana, de la que es cofundador. Actualmente es responsable del \u00e1rea de Espa\u00f1ol de .famvin, la Red de Noticias de la Familia Vicenciana. Tambi\u00e9n es m\u00fasico cat\u00f3lico y ha editado varios discos. Es Director General y cofundador de Trovador, una reconocida compa\u00f1\u00eda discogr\u00e1fica critiana de Espa\u00f1a. Trabaja en las Tecnolog\u00edas de la Informaci\u00f3n, ofreciendo servicios de alojamiento, dise\u00f1o y mantenimiento Web, as\u00ed como asesoramiento, formaci\u00f3n y soluciones inform\u00e1ticas, gesti\u00f3n documental y digitalizaci\u00f3n de textos, edici\u00f3n y maquetaci\u00f3n de libros, revistas, flyers, etc.","sameAs":["http:\/\/chento.org","https:\/\/www.facebook.com\/JavierChento","https:\/\/x.com\/https:\/\/twitter.com\/javierchento"],"url":"http:\/\/vincentians.com\/es\/author\/chento\/"}]}},"jetpack_publicize_connections":[],"jetpack_featured_media_url":"https:\/\/i0.wp.com\/vincentians.com\/es\/wp-content\/uploads\/sites\/11\/2016\/07\/ephemerides-fb.jpg?fit=1200%2C630","jetpack_sharing_enabled":true,"jetpack_shortlink":"https:\/\/wp.me\/p7ETMF-4bc","jetpack-related-posts":[{"id":9908,"url":"http:\/\/vincentians.com\/es\/vicente-de-paul-conferencia-040-sobre-el-ofrecimiento-de-nuestras-acciones-a-dios\/","url_meta":{"origin":16070,"position":0},"title":"Vicente de Pa\u00fal, Conferencia 040: Sobre el ofrecimiento de nuestras acciones a Dios","author":"Francisco Javier Fern\u00e1ndez Chento","date":"10\/07\/2009","format":false,"excerpt":"Conclusi\u00f3n de la conferencia del 30 de abril de 1655 Ofrecer a Dios las principales acciones que hacemos durante el d\u00eda. \u00a1Bien! \u00a1Alabado sea Dios por todo lo que acaba de decirse! Procuremos, padres, sacar provecho de ello; pongamos inter\u00e9s en ofrecer nuestras acciones a Dios, sobre todo las principales;\u2026","rel":"","context":"En \u00abEscritos de Vicente de Pa\u00fal\u00bb","block_context":{"text":"Escritos de Vicente de Pa\u00fal","link":"http:\/\/vincentians.com\/es\/category\/escritos\/escritos-de-vicente-de-paul\/"},"img":{"alt_text":"","src":"https:\/\/i0.wp.com\/vincentians.com\/es\/wp-content\/uploads\/sites\/11\/2016\/07\/escritos-vicente-de-paul.jpg?fit=1200%2C630&resize=350%2C200","width":350,"height":200,"srcset":"https:\/\/i0.wp.com\/vincentians.com\/es\/wp-content\/uploads\/sites\/11\/2016\/07\/escritos-vicente-de-paul.jpg?fit=1200%2C630&resize=350%2C200 1x, https:\/\/i0.wp.com\/vincentians.com\/es\/wp-content\/uploads\/sites\/11\/2016\/07\/escritos-vicente-de-paul.jpg?fit=1200%2C630&resize=525%2C300 1.5x, https:\/\/i0.wp.com\/vincentians.com\/es\/wp-content\/uploads\/sites\/11\/2016\/07\/escritos-vicente-de-paul.jpg?fit=1200%2C630&resize=700%2C400 2x, https:\/\/i0.wp.com\/vincentians.com\/es\/wp-content\/uploads\/sites\/11\/2016\/07\/escritos-vicente-de-paul.jpg?fit=1200%2C630&resize=1050%2C600 3x"},"classes":[]},{"id":133513,"url":"http:\/\/vincentians.com\/es\/lectio-divina-para-la-sagrada-familia-preparada-por-el-p-chuno-c-m-2\/","url_meta":{"origin":16070,"position":1},"title":"Lectio Divina para La Epifan\u00eda del Se\u00f1or (preparada por Chuno Ch\u00e1vez Alva, C.M.)","author":"Francisco Javier Fern\u00e1ndez Chento","date":"02\/01\/2013","format":false,"excerpt":"LA PALABRA HOY: Isa\u00edas 60, 1-6; Salmo 71; Efesios 3, 2-3.5-6; Mateo 2, 1-12 Ambientaci\u00f3n: Imagen del Ni\u00f1o Jes\u00fas, delante cajas envueltas en papel de regalo. Tambi\u00e9n se pueden colocar las im\u00e1genes de los Magos. Cantos sugeridos: Esa estrella que ha nacido; Tres magos llegan de Oriente Ambientaci\u00f3n En la\u2026","rel":"","context":"En \u00abHomil\u00edas y reflexiones, A\u00f1o C\u00bb","block_context":{"text":"Homil\u00edas y reflexiones, A\u00f1o C","link":"http:\/\/vincentians.com\/es\/category\/homilias-y-reflexiones-a-la-palabra-de-dios\/homilias-y-reflexiones-ano-c\/"},"img":{"alt_text":"","src":"https:\/\/i0.wp.com\/vincentians.com\/es\/wp-content\/uploads\/sites\/11\/2016\/07\/reflexiones-palabra-de-dios.jpg?fit=1200%2C630&resize=350%2C200","width":350,"height":200,"srcset":"https:\/\/i0.wp.com\/vincentians.com\/es\/wp-content\/uploads\/sites\/11\/2016\/07\/reflexiones-palabra-de-dios.jpg?fit=1200%2C630&resize=350%2C200 1x, https:\/\/i0.wp.com\/vincentians.com\/es\/wp-content\/uploads\/sites\/11\/2016\/07\/reflexiones-palabra-de-dios.jpg?fit=1200%2C630&resize=525%2C300 1.5x, https:\/\/i0.wp.com\/vincentians.com\/es\/wp-content\/uploads\/sites\/11\/2016\/07\/reflexiones-palabra-de-dios.jpg?fit=1200%2C630&resize=700%2C400 2x, https:\/\/i0.wp.com\/vincentians.com\/es\/wp-content\/uploads\/sites\/11\/2016\/07\/reflexiones-palabra-de-dios.jpg?fit=1200%2C630&resize=1050%2C600 3x"},"classes":[]},{"id":387820,"url":"http:\/\/vincentians.com\/es\/sencillos-como-palomas-y-prudentes-como-serpientes\/","url_meta":{"origin":16070,"position":2},"title":"Sencillos como palomas y prudentes como serpientes","author":"Mitxel Olabu\u00e9naga","date":"17\/09\/2016","format":false,"excerpt":"La virtud amable de la sencillez es la primera biena\u00adventuranza de los seguidores de Jes\u00fas, seg\u00fan el programa \u00abut\u00f3pi\u00adco\u00bb de Vicente de Pa\u00fal. Hacia esta virtud encantadora experimen\u00adta el Santo una atracci\u00f3n y simpat\u00eda admirables. El 6 de noviem\u00adbre de 1634 le comunica a E. du Coudray: \u00abLa sencillez es\u2026","rel":"","context":"En \u00abFormaci\u00f3n Vicenciana sin categorizar\u00bb","block_context":{"text":"Formaci\u00f3n Vicenciana sin categorizar","link":"http:\/\/vincentians.com\/es\/category\/formacion-vicenciana\/formacion-vicenciana-sin-categorizar\/"},"img":{"alt_text":"","src":"https:\/\/i0.wp.com\/vincentians.com\/es\/wp-content\/uploads\/sites\/11\/2016\/09\/sencillos-como-palomas.jpg?fit=1200%2C630&resize=350%2C200","width":350,"height":200,"srcset":"https:\/\/i0.wp.com\/vincentians.com\/es\/wp-content\/uploads\/sites\/11\/2016\/09\/sencillos-como-palomas.jpg?fit=1200%2C630&resize=350%2C200 1x, https:\/\/i0.wp.com\/vincentians.com\/es\/wp-content\/uploads\/sites\/11\/2016\/09\/sencillos-como-palomas.jpg?fit=1200%2C630&resize=525%2C300 1.5x, https:\/\/i0.wp.com\/vincentians.com\/es\/wp-content\/uploads\/sites\/11\/2016\/09\/sencillos-como-palomas.jpg?fit=1200%2C630&resize=700%2C400 2x, https:\/\/i0.wp.com\/vincentians.com\/es\/wp-content\/uploads\/sites\/11\/2016\/09\/sencillos-como-palomas.jpg?fit=1200%2C630&resize=1050%2C600 3x"},"classes":[]},{"id":122934,"url":"http:\/\/vincentians.com\/es\/introduccion-a-la-espiritualidad-vicenciana-laical\/","url_meta":{"origin":16070,"position":3},"title":"Introducci\u00f3n a la espiritualidad vicenciana laical","author":"Francisco Javier Fern\u00e1ndez Chento","date":"24\/06\/2015","format":false,"excerpt":"1. Lo que pretendo De momento, en este trabajo, no pretendo ofre\u00adcer un tratado perfecto y acabado de la espiritua\u00adlidad vicenciana laical, sino m\u00e1s bien asentar unos principios a modo de introducci\u00f3n. El pro\u00adyecto es ofrecer algunos criterios que puedan ayudar al laico vicenciano a vivir su condici\u00f3n de cristiano,\u2026","rel":"","context":"En \u00abEspiritualidad vicenciana\u00bb","block_context":{"text":"Espiritualidad vicenciana","link":"http:\/\/vincentians.com\/es\/category\/espiritualidad\/espiritualidad-vicenciana\/"},"img":{"alt_text":"sanvi_famvi","src":"https:\/\/i0.wp.com\/vicencianos.org\/wp-content\/2010\/12\/sanvi_famvi-300x296.jpg?resize=350%2C200","width":350,"height":200},"classes":[]},{"id":119421,"url":"http:\/\/vincentians.com\/es\/la-espiritualidad-de-san-vicente\/","url_meta":{"origin":16070,"position":4},"title":"La espiritualidad de san Vicente","author":"Francisco Javier Fern\u00e1ndez Chento","date":"25\/02\/2015","format":false,"excerpt":"Introducci\u00f3n En \"San Vicente y la Caridad\", Andr\u00e9 Dodin muestra bien la inutilidad de la empresa, que consistir\u00eda en intentar definir la doctrina espiritual de san Vicente, y demuestra que no pod\u00eda tratarse m\u00e1s que de una doctrina en una vida. Es pues, siguiendo la vida de san Vicente, analizando\u2026","rel":"","context":"En \u00abEspiritualidad vicenciana\u00bb","block_context":{"text":"Espiritualidad vicenciana","link":"http:\/\/vincentians.com\/es\/category\/espiritualidad\/espiritualidad-vicenciana\/"},"img":{"alt_text":"nddm_vincent1","src":"https:\/\/i0.wp.com\/vicencianos.org\/wp-content\/2011\/03\/nddm_vincent1-300x242.jpg?resize=350%2C200","width":350,"height":200},"classes":[]},{"id":118075,"url":"http:\/\/vincentians.com\/es\/anotaciones-al-decreto-conciliar-perfectae-caritatis-iii\/","url_meta":{"origin":16070,"position":5},"title":"Anotaciones al decreto conciliar \u00abPerfectae Caritatis\u00bb (III)","author":"Francisco Javier Fern\u00e1ndez Chento","date":"17\/09\/2021","format":false,"excerpt":"VIII.\u2014Verdadera renovaci\u00f3n en Cristo por la Caridad La vida religiosa est\u00e1 unida al misterio de Cristo y de su Iglesia. El seguimiento, la imitaci\u00f3n de Cristo, mejor a\u00fan, la \"continuidad de Cris\u00adto\", en t\u00e9rminos de San Vicente, es la \"norma \u00faltima\" de la vida re\u00adligiosa, seg\u00fan el decreto conciliar. Seguir\u2026","rel":"","context":"En \u00abFormaci\u00f3n Cristiana\u00bb","block_context":{"text":"Formaci\u00f3n Cristiana","link":"http:\/\/vincentians.com\/es\/category\/formacion-cristiana\/"},"img":{"alt_text":"","src":"https:\/\/i0.wp.com\/vincentians.com\/es\/wp-content\/uploads\/sites\/11\/2016\/09\/identidad.jpg?fit=1200%2C630&resize=350%2C200","width":350,"height":200,"srcset":"https:\/\/i0.wp.com\/vincentians.com\/es\/wp-content\/uploads\/sites\/11\/2016\/09\/identidad.jpg?fit=1200%2C630&resize=350%2C200 1x, https:\/\/i0.wp.com\/vincentians.com\/es\/wp-content\/uploads\/sites\/11\/2016\/09\/identidad.jpg?fit=1200%2C630&resize=525%2C300 1.5x, https:\/\/i0.wp.com\/vincentians.com\/es\/wp-content\/uploads\/sites\/11\/2016\/09\/identidad.jpg?fit=1200%2C630&resize=700%2C400 2x, https:\/\/i0.wp.com\/vincentians.com\/es\/wp-content\/uploads\/sites\/11\/2016\/09\/identidad.jpg?fit=1200%2C630&resize=1050%2C600 3x"},"classes":[]}],"_links":{"self":[{"href":"http:\/\/vincentians.com\/es\/wp-json\/wp\/v2\/posts\/16070","targetHints":{"allow":["GET"]}}],"collection":[{"href":"http:\/\/vincentians.com\/es\/wp-json\/wp\/v2\/posts"}],"about":[{"href":"http:\/\/vincentians.com\/es\/wp-json\/wp\/v2\/types\/post"}],"author":[{"embeddable":true,"href":"http:\/\/vincentians.com\/es\/wp-json\/wp\/v2\/users\/4"}],"replies":[{"embeddable":true,"href":"http:\/\/vincentians.com\/es\/wp-json\/wp\/v2\/comments?post=16070"}],"version-history":[{"count":0,"href":"http:\/\/vincentians.com\/es\/wp-json\/wp\/v2\/posts\/16070\/revisions"}],"wp:featuredmedia":[{"embeddable":true,"href":"http:\/\/vincentians.com\/es\/wp-json\/wp\/v2\/media\/149897"}],"wp:attachment":[{"href":"http:\/\/vincentians.com\/es\/wp-json\/wp\/v2\/media?parent=16070"}],"wp:term":[{"taxonomy":"category","embeddable":true,"href":"http:\/\/vincentians.com\/es\/wp-json\/wp\/v2\/categories?post=16070"},{"taxonomy":"post_tag","embeddable":true,"href":"http:\/\/vincentians.com\/es\/wp-json\/wp\/v2\/tags?post=16070"}],"curies":[{"name":"wp","href":"https:\/\/api.w.org\/{rel}","templated":true}]}}