{"id":16067,"date":"2017-04-27T00:01:37","date_gmt":"2017-04-26T22:01:37","guid":{"rendered":"http:\/\/somos.vicencianos.org\/blog\/2010\/04\/27\/tal-dia-como-hoy-27-de-abril\/"},"modified":"2016-07-24T08:59:12","modified_gmt":"2016-07-24T06:59:12","slug":"tal-dia-como-hoy-27-de-abril","status":"publish","type":"post","link":"http:\/\/vincentians.com\/es\/tal-dia-como-hoy-27-de-abril\/","title":{"rendered":"Tal d\u00eda como hoy: 27 de abril"},"content":{"rendered":"<p><strong>1656.<\/strong> Consejo  de la Compa\u00f1\u00eda de las Hijas de la Caridad. Vicente dice que la  Compa\u00f1\u00eda debe amar el desprecio. Luisa de Marillac le pide que d\u00e9 medios s\u00f3lidos para  adquirir esta virtud. Vicente contesta que no hay otro que el de  humillarse: \u00abEl arte de amar a Dios es amarle; del mismo modo, el arte  de adquirir la humildad, es humillarse ya: y tanto m\u00e1s adelantaremos en  esta pr\u00e1ctica, tanto m\u00e1s nos pareceremos a Nuestro Se\u00f1or. S\u00ed, hermanas  m\u00edas, es seguro que cuanto m\u00e1s seamos despreciados, pobres y humillados,  tanto m\u00e1s nos pareceremos al Hijo de Dios, que tanto am\u00f3 el desprecio y  la pobreza que no ten\u00eda casa para \u00c9l mientras estaba en el mundo. Pero,  si no podemos imitarle en esto, al menos hay que intentar parec\u00e9rsele  no teniendo m\u00e1s que lo necesario\u00bb.<\/p>\n<p><strong>1657.<\/strong> Conferencia de Vicente de Pa\u00fal en San L\u00e1zaro sobre las virtudes del primer  hermano de la Congregaci\u00f3n de la Misi\u00f3n, Juan  Jourdain, fallecido dos d\u00edas antes. Hab\u00eda nacido en Galluis-la-Queue,  departamento de Seine-et-Oise, en 1587, y entr\u00f3 en la Congregaci\u00f3n el 13  de febrero de 1627. Vicente destaca su gran cordialidad para con todos  los de la Congregaci\u00f3n, que le llevaba a abrazar y besar a todos los que  abordaba, habi\u00e9ndole dicho a \u00e9l, el mismo d\u00eda de su muerte, que esa era  la \u00faltima vez que le abrazaba.<\/p>\n<p><strong>1659.<\/strong> Conferencia de Vicente de Pa\u00fal a las Hijas de la Caridad sobre las virtudes  de sor B\u00e1rbara Angiboust, fallecida el 27 de diciembre de 1658 en el  H\u00f4tel-Dieu de Ch\u00e2teaudun, donde serv\u00eda a los enfermos. Fue recibida, con  veintinueve a\u00f1os, en la Compa\u00f1\u00eda por Luisa de Marillac el 1 de julio de 1634. Form\u00f3 parte del  grupo de las primeras que hicieron votos perpetuos en la Compa\u00f1\u00eda, el 25  de marzo de 1642, junto con Luisa de Marillac y otras tres hermanas.  Fue superiora de las casas fundadas en Saint-Germain-en-Laye (1638),  Richelieu (1638), Saint-Denis (1645), Fontainebleau (1646), Brienne  (1652), Bernay (1655) et Ch\u00e2teaudun (1657). En 1641 dirigi\u00f3 a las  hermanas que estaban al servicio de los galeotes. Vicente comienza  preguntando los motivos para hablar de las virtudes de las hermanas  difuntas y tras las respuestas, explica que, lo mismo que viendo un  cuadro se alaba al pintor, viendo las virtudes de una hermana se da  gloria a Dios, pues no son sino las virtudes de Dios en ella, y a\u00f1ade  que otro motivo es que puede servir de est\u00edmulo para practicarlas. Entre  las virtudes que destacan las hermanas, Luisa y Vicente, figuran su  observancia de las reglas, su falta de respecto humano, su capacidad  para soportar a sus compa\u00f1eras, su ejemplo en el trato con los galeotes,  su amor por la Compa\u00f1\u00eda y su trabajo incansable para ser humilde.  Vicente relata como, habiendo pedido la duquesa de Aiguillon una hija de la Caridad a su servicio y habiendo sido enviada  sor B\u00e1rbara, la duquesa la devolvi\u00f3 a los pocos d\u00edas porque, ante la  tristeza que mostraba a su lado, le pregunt\u00f3 y sor B\u00e1rbara le contest\u00f3  que hab\u00eda dejado a sus padres para servir a los pobres y estaba  sirviendo a una gran dama, poderosa y rica, a la que, si hubiera sido  pobre, habr\u00eda servido de todo coraz\u00f3n.<\/p>\n","protected":false},"excerpt":{"rendered":"<p>1656. Consejo de la Compa\u00f1\u00eda de las Hijas de la Caridad. Vicente dice que la Compa\u00f1\u00eda debe amar el desprecio. Luisa de Marillac le pide que d\u00e9 medios s\u00f3lidos para adquirir esta virtud. Vicente contesta &#8230; <a href=\"http:\/\/vincentians.com\/es\/tal-dia-como-hoy-27-de-abril\/\" class=\"more-link\">Read More<\/a><\/p>\n","protected":false},"author":4,"featured_media":149897,"comment_status":"open","ping_status":"open","sticky":false,"template":"","format":"standard","meta":{"jetpack_post_was_ever_published":false,"_jetpack_newsletter_access":"","_jetpack_dont_email_post_to_subs":false,"_jetpack_newsletter_tier_id":0,"_jetpack_memberships_contains_paywalled_content":false,"_jetpack_memberships_contains_paid_content":false,"footnotes":"","jetpack_publicize_message":"","jetpack_publicize_feature_enabled":true,"jetpack_social_post_already_shared":true,"jetpack_social_options":{"image_generator_settings":{"template":"highway","default_image_id":0,"font":"","enabled":false},"version":2}},"categories":[60],"tags":[152,172,143],"class_list":["post-16067","post","type-post","status-publish","format-standard","has-post-thumbnail","hentry","category-efemerides-vicencianas","tag-duquesa-de-aiguillon","tag-pobreza","tag-san-lazaro"],"yoast_head":"<!-- This site is optimized with the Yoast SEO plugin v26.3 - https:\/\/yoast.com\/wordpress\/plugins\/seo\/ -->\n<title>Tal d\u00eda como hoy: 27 de abril - Somos Vicencianos<\/title>\n<meta name=\"robots\" content=\"index, follow, max-snippet:-1, max-image-preview:large, max-video-preview:-1\" \/>\n<link rel=\"canonical\" href=\"http:\/\/vincentians.com\/es\/tal-dia-como-hoy-27-de-abril\/\" \/>\n<meta property=\"og:locale\" content=\"es_ES\" \/>\n<meta property=\"og:type\" content=\"article\" \/>\n<meta property=\"og:title\" content=\"Tal d\u00eda como hoy: 27 de abril - Somos Vicencianos\" \/>\n<meta property=\"og:description\" content=\"1656. Consejo de la Compa\u00f1\u00eda de las Hijas de la Caridad. Vicente dice que la Compa\u00f1\u00eda debe amar el desprecio. Luisa de Marillac le pide que d\u00e9 medios s\u00f3lidos para adquirir esta virtud. Vicente contesta ... Read More\" \/>\n<meta property=\"og:url\" content=\"http:\/\/vincentians.com\/es\/tal-dia-como-hoy-27-de-abril\/\" \/>\n<meta property=\"og:site_name\" content=\"Somos Vicencianos\" \/>\n<meta property=\"article:publisher\" content=\"https:\/\/www.facebook.com\/WeAreVincentians\/\" \/>\n<meta property=\"article:author\" content=\"https:\/\/www.facebook.com\/JavierChento\" \/>\n<meta property=\"article:published_time\" content=\"2017-04-26T22:01:37+00:00\" \/>\n<meta property=\"og:image\" content=\"https:\/\/i0.wp.com\/vincentians.com\/es\/wp-content\/uploads\/sites\/11\/2016\/07\/ephemerides-fb.jpg?fit=1200%2C630\" \/>\n\t<meta property=\"og:image:width\" content=\"1200\" \/>\n\t<meta property=\"og:image:height\" content=\"630\" \/>\n\t<meta property=\"og:image:type\" content=\"image\/jpeg\" \/>\n<meta name=\"author\" content=\"Francisco Javier Fern\u00e1ndez Chento\" \/>\n<meta name=\"twitter:card\" content=\"summary_large_image\" \/>\n<meta name=\"twitter:creator\" content=\"@https:\/\/twitter.com\/javierchento\" \/>\n<meta name=\"twitter:site\" content=\"@WeVincentians\" \/>\n<meta name=\"twitter:label1\" content=\"Escrito por\" \/>\n\t<meta name=\"twitter:data1\" content=\"Francisco Javier Fern\u00e1ndez Chento\" \/>\n\t<meta name=\"twitter:label2\" content=\"Tiempo de lectura\" \/>\n\t<meta name=\"twitter:data2\" content=\"3 minutos\" \/>\n<script type=\"application\/ld+json\" class=\"yoast-schema-graph\">{\"@context\":\"https:\/\/schema.org\",\"@graph\":[{\"@type\":\"Article\",\"@id\":\"http:\/\/vincentians.com\/es\/tal-dia-como-hoy-27-de-abril\/#article\",\"isPartOf\":{\"@id\":\"http:\/\/vincentians.com\/es\/tal-dia-como-hoy-27-de-abril\/\"},\"author\":{\"name\":\"Francisco Javier Fern\u00e1ndez Chento\",\"@id\":\"http:\/\/vincentians.com\/es\/#\/schema\/person\/9623ef4d9aa3b2dfb8c061f1499288f2\"},\"headline\":\"Tal d\u00eda como hoy: 27 de abril\",\"datePublished\":\"2017-04-26T22:01:37+00:00\",\"mainEntityOfPage\":{\"@id\":\"http:\/\/vincentians.com\/es\/tal-dia-como-hoy-27-de-abril\/\"},\"wordCount\":565,\"commentCount\":0,\"publisher\":{\"@id\":\"http:\/\/vincentians.com\/es\/#organization\"},\"image\":{\"@id\":\"http:\/\/vincentians.com\/es\/tal-dia-como-hoy-27-de-abril\/#primaryimage\"},\"thumbnailUrl\":\"https:\/\/i0.wp.com\/vincentians.com\/es\/wp-content\/uploads\/sites\/11\/2016\/07\/ephemerides-fb.jpg?fit=1200%2C630\",\"keywords\":[\"Duquesa de Aiguillon\",\"Pobreza\",\"San L\u00e1zaro\"],\"articleSection\":[\"Efem\u00e9rides Vicencianas\"],\"inLanguage\":\"es\",\"potentialAction\":[{\"@type\":\"CommentAction\",\"name\":\"Comment\",\"target\":[\"http:\/\/vincentians.com\/es\/tal-dia-como-hoy-27-de-abril\/#respond\"]}]},{\"@type\":\"WebPage\",\"@id\":\"http:\/\/vincentians.com\/es\/tal-dia-como-hoy-27-de-abril\/\",\"url\":\"http:\/\/vincentians.com\/es\/tal-dia-como-hoy-27-de-abril\/\",\"name\":\"Tal d\u00eda como hoy: 27 de abril - Somos Vicencianos\",\"isPartOf\":{\"@id\":\"http:\/\/vincentians.com\/es\/#website\"},\"primaryImageOfPage\":{\"@id\":\"http:\/\/vincentians.com\/es\/tal-dia-como-hoy-27-de-abril\/#primaryimage\"},\"image\":{\"@id\":\"http:\/\/vincentians.com\/es\/tal-dia-como-hoy-27-de-abril\/#primaryimage\"},\"thumbnailUrl\":\"https:\/\/i0.wp.com\/vincentians.com\/es\/wp-content\/uploads\/sites\/11\/2016\/07\/ephemerides-fb.jpg?fit=1200%2C630\",\"datePublished\":\"2017-04-26T22:01:37+00:00\",\"breadcrumb\":{\"@id\":\"http:\/\/vincentians.com\/es\/tal-dia-como-hoy-27-de-abril\/#breadcrumb\"},\"inLanguage\":\"es\",\"potentialAction\":[{\"@type\":\"ReadAction\",\"target\":[\"http:\/\/vincentians.com\/es\/tal-dia-como-hoy-27-de-abril\/\"]}]},{\"@type\":\"ImageObject\",\"inLanguage\":\"es\",\"@id\":\"http:\/\/vincentians.com\/es\/tal-dia-como-hoy-27-de-abril\/#primaryimage\",\"url\":\"https:\/\/i0.wp.com\/vincentians.com\/es\/wp-content\/uploads\/sites\/11\/2016\/07\/ephemerides-fb.jpg?fit=1200%2C630\",\"contentUrl\":\"https:\/\/i0.wp.com\/vincentians.com\/es\/wp-content\/uploads\/sites\/11\/2016\/07\/ephemerides-fb.jpg?fit=1200%2C630\",\"width\":1200,\"height\":630},{\"@type\":\"BreadcrumbList\",\"@id\":\"http:\/\/vincentians.com\/es\/tal-dia-como-hoy-27-de-abril\/#breadcrumb\",\"itemListElement\":[{\"@type\":\"ListItem\",\"position\":1,\"name\":\"Portada\",\"item\":\"http:\/\/vincentians.com\/es\/\"},{\"@type\":\"ListItem\",\"position\":2,\"name\":\"Tal d\u00eda como hoy: 27 de abril\"}]},{\"@type\":\"WebSite\",\"@id\":\"http:\/\/vincentians.com\/es\/#website\",\"url\":\"http:\/\/vincentians.com\/es\/\",\"name\":\"Somos Vicencianos\",\"description\":\"Know more to serve more\",\"publisher\":{\"@id\":\"http:\/\/vincentians.com\/es\/#organization\"},\"potentialAction\":[{\"@type\":\"SearchAction\",\"target\":{\"@type\":\"EntryPoint\",\"urlTemplate\":\"http:\/\/vincentians.com\/es\/?s={search_term_string}\"},\"query-input\":{\"@type\":\"PropertyValueSpecification\",\"valueRequired\":true,\"valueName\":\"search_term_string\"}}],\"inLanguage\":\"es\"},{\"@type\":\"Organization\",\"@id\":\"http:\/\/vincentians.com\/es\/#organization\",\"name\":\"The Vincentian Network\",\"url\":\"http:\/\/vincentians.com\/es\/\",\"logo\":{\"@type\":\"ImageObject\",\"inLanguage\":\"es\",\"@id\":\"http:\/\/vincentians.com\/es\/#\/schema\/logo\/image\/\",\"url\":\"https:\/\/i1.wp.com\/vincentians.com\/es\/wp-content\/uploads\/sites\/11\/2016\/06\/Vincentian-Network-logo-big.png?fit=778%2C778\",\"contentUrl\":\"https:\/\/i1.wp.com\/vincentians.com\/es\/wp-content\/uploads\/sites\/11\/2016\/06\/Vincentian-Network-logo-big.png?fit=778%2C778\",\"width\":778,\"height\":778,\"caption\":\"The Vincentian Network\"},\"image\":{\"@id\":\"http:\/\/vincentians.com\/es\/#\/schema\/logo\/image\/\"},\"sameAs\":[\"https:\/\/www.facebook.com\/WeAreVincentians\/\",\"https:\/\/x.com\/WeVincentians\"]},{\"@type\":\"Person\",\"@id\":\"http:\/\/vincentians.com\/es\/#\/schema\/person\/9623ef4d9aa3b2dfb8c061f1499288f2\",\"name\":\"Francisco Javier Fern\u00e1ndez Chento\",\"image\":{\"@type\":\"ImageObject\",\"inLanguage\":\"es\",\"@id\":\"http:\/\/vincentians.com\/es\/#\/schema\/person\/image\/\",\"url\":\"https:\/\/secure.gravatar.com\/avatar\/497d5cde87b4c3d097d0315953521681ba2cd523ee66e5077c3711f7021e65de?s=96&d=mm&r=g\",\"contentUrl\":\"https:\/\/secure.gravatar.com\/avatar\/497d5cde87b4c3d097d0315953521681ba2cd523ee66e5077c3711f7021e65de?s=96&d=mm&r=g\",\"caption\":\"Francisco Javier Fern\u00e1ndez Chento\"},\"description\":\"Director General y cofundador de La Red de Formaci\u00f3n Vicenciana. Javier es laico vicenciano, afiliado a la Congregaci\u00f3n de la Misi\u00f3n y miembro del Equipo de Misiones Populares de la provincia can\u00f3nica de Zaragoza (Espa\u00f1a) de la Congregaci\u00f3n de la Misi\u00f3n. Graduado en la Universidad Oberta de Catalunya con cuatro grados (Asistente de direcci\u00f3n, Gesti\u00f3n Administrativa, Recursos Humanos y Contabilidad Avanzada). Bil\u00edng\u00fce Espa\u00f1ol\/Ingl\u00e9s. gestiona y mantiene varias p\u00e1ginas web cristianas y vicencianas, incluida including La Red de Formaci\u00f3n Vicenciana, de la que es cofundador. Actualmente es responsable del \u00e1rea de Espa\u00f1ol de .famvin, la Red de Noticias de la Familia Vicenciana. Tambi\u00e9n es m\u00fasico cat\u00f3lico y ha editado varios discos. Es Director General y cofundador de Trovador, una reconocida compa\u00f1\u00eda discogr\u00e1fica critiana de Espa\u00f1a. Trabaja en las Tecnolog\u00edas de la Informaci\u00f3n, ofreciendo servicios de alojamiento, dise\u00f1o y mantenimiento Web, as\u00ed como asesoramiento, formaci\u00f3n y soluciones inform\u00e1ticas, gesti\u00f3n documental y digitalizaci\u00f3n de textos, edici\u00f3n y maquetaci\u00f3n de libros, revistas, flyers, etc.\",\"sameAs\":[\"http:\/\/chento.org\",\"https:\/\/www.facebook.com\/JavierChento\",\"https:\/\/x.com\/https:\/\/twitter.com\/javierchento\"],\"url\":\"http:\/\/vincentians.com\/es\/author\/chento\/\"}]}<\/script>\n<!-- \/ Yoast SEO plugin. -->","yoast_head_json":{"title":"Tal d\u00eda como hoy: 27 de abril - Somos Vicencianos","robots":{"index":"index","follow":"follow","max-snippet":"max-snippet:-1","max-image-preview":"max-image-preview:large","max-video-preview":"max-video-preview:-1"},"canonical":"http:\/\/vincentians.com\/es\/tal-dia-como-hoy-27-de-abril\/","og_locale":"es_ES","og_type":"article","og_title":"Tal d\u00eda como hoy: 27 de abril - Somos Vicencianos","og_description":"1656. Consejo de la Compa\u00f1\u00eda de las Hijas de la Caridad. Vicente dice que la Compa\u00f1\u00eda debe amar el desprecio. Luisa de Marillac le pide que d\u00e9 medios s\u00f3lidos para adquirir esta virtud. Vicente contesta ... Read More","og_url":"http:\/\/vincentians.com\/es\/tal-dia-como-hoy-27-de-abril\/","og_site_name":"Somos Vicencianos","article_publisher":"https:\/\/www.facebook.com\/WeAreVincentians\/","article_author":"https:\/\/www.facebook.com\/JavierChento","article_published_time":"2017-04-26T22:01:37+00:00","og_image":[{"width":1200,"height":630,"url":"https:\/\/i0.wp.com\/vincentians.com\/es\/wp-content\/uploads\/sites\/11\/2016\/07\/ephemerides-fb.jpg?fit=1200%2C630","type":"image\/jpeg"}],"author":"Francisco Javier Fern\u00e1ndez Chento","twitter_card":"summary_large_image","twitter_creator":"@https:\/\/twitter.com\/javierchento","twitter_site":"@WeVincentians","twitter_misc":{"Escrito por":"Francisco Javier Fern\u00e1ndez Chento","Tiempo de lectura":"3 minutos"},"schema":{"@context":"https:\/\/schema.org","@graph":[{"@type":"Article","@id":"http:\/\/vincentians.com\/es\/tal-dia-como-hoy-27-de-abril\/#article","isPartOf":{"@id":"http:\/\/vincentians.com\/es\/tal-dia-como-hoy-27-de-abril\/"},"author":{"name":"Francisco Javier Fern\u00e1ndez Chento","@id":"http:\/\/vincentians.com\/es\/#\/schema\/person\/9623ef4d9aa3b2dfb8c061f1499288f2"},"headline":"Tal d\u00eda como hoy: 27 de abril","datePublished":"2017-04-26T22:01:37+00:00","mainEntityOfPage":{"@id":"http:\/\/vincentians.com\/es\/tal-dia-como-hoy-27-de-abril\/"},"wordCount":565,"commentCount":0,"publisher":{"@id":"http:\/\/vincentians.com\/es\/#organization"},"image":{"@id":"http:\/\/vincentians.com\/es\/tal-dia-como-hoy-27-de-abril\/#primaryimage"},"thumbnailUrl":"https:\/\/i0.wp.com\/vincentians.com\/es\/wp-content\/uploads\/sites\/11\/2016\/07\/ephemerides-fb.jpg?fit=1200%2C630","keywords":["Duquesa de Aiguillon","Pobreza","San L\u00e1zaro"],"articleSection":["Efem\u00e9rides Vicencianas"],"inLanguage":"es","potentialAction":[{"@type":"CommentAction","name":"Comment","target":["http:\/\/vincentians.com\/es\/tal-dia-como-hoy-27-de-abril\/#respond"]}]},{"@type":"WebPage","@id":"http:\/\/vincentians.com\/es\/tal-dia-como-hoy-27-de-abril\/","url":"http:\/\/vincentians.com\/es\/tal-dia-como-hoy-27-de-abril\/","name":"Tal d\u00eda como hoy: 27 de abril - Somos Vicencianos","isPartOf":{"@id":"http:\/\/vincentians.com\/es\/#website"},"primaryImageOfPage":{"@id":"http:\/\/vincentians.com\/es\/tal-dia-como-hoy-27-de-abril\/#primaryimage"},"image":{"@id":"http:\/\/vincentians.com\/es\/tal-dia-como-hoy-27-de-abril\/#primaryimage"},"thumbnailUrl":"https:\/\/i0.wp.com\/vincentians.com\/es\/wp-content\/uploads\/sites\/11\/2016\/07\/ephemerides-fb.jpg?fit=1200%2C630","datePublished":"2017-04-26T22:01:37+00:00","breadcrumb":{"@id":"http:\/\/vincentians.com\/es\/tal-dia-como-hoy-27-de-abril\/#breadcrumb"},"inLanguage":"es","potentialAction":[{"@type":"ReadAction","target":["http:\/\/vincentians.com\/es\/tal-dia-como-hoy-27-de-abril\/"]}]},{"@type":"ImageObject","inLanguage":"es","@id":"http:\/\/vincentians.com\/es\/tal-dia-como-hoy-27-de-abril\/#primaryimage","url":"https:\/\/i0.wp.com\/vincentians.com\/es\/wp-content\/uploads\/sites\/11\/2016\/07\/ephemerides-fb.jpg?fit=1200%2C630","contentUrl":"https:\/\/i0.wp.com\/vincentians.com\/es\/wp-content\/uploads\/sites\/11\/2016\/07\/ephemerides-fb.jpg?fit=1200%2C630","width":1200,"height":630},{"@type":"BreadcrumbList","@id":"http:\/\/vincentians.com\/es\/tal-dia-como-hoy-27-de-abril\/#breadcrumb","itemListElement":[{"@type":"ListItem","position":1,"name":"Portada","item":"http:\/\/vincentians.com\/es\/"},{"@type":"ListItem","position":2,"name":"Tal d\u00eda como hoy: 27 de abril"}]},{"@type":"WebSite","@id":"http:\/\/vincentians.com\/es\/#website","url":"http:\/\/vincentians.com\/es\/","name":"Somos Vicencianos","description":"Know more to serve more","publisher":{"@id":"http:\/\/vincentians.com\/es\/#organization"},"potentialAction":[{"@type":"SearchAction","target":{"@type":"EntryPoint","urlTemplate":"http:\/\/vincentians.com\/es\/?s={search_term_string}"},"query-input":{"@type":"PropertyValueSpecification","valueRequired":true,"valueName":"search_term_string"}}],"inLanguage":"es"},{"@type":"Organization","@id":"http:\/\/vincentians.com\/es\/#organization","name":"The Vincentian Network","url":"http:\/\/vincentians.com\/es\/","logo":{"@type":"ImageObject","inLanguage":"es","@id":"http:\/\/vincentians.com\/es\/#\/schema\/logo\/image\/","url":"https:\/\/i1.wp.com\/vincentians.com\/es\/wp-content\/uploads\/sites\/11\/2016\/06\/Vincentian-Network-logo-big.png?fit=778%2C778","contentUrl":"https:\/\/i1.wp.com\/vincentians.com\/es\/wp-content\/uploads\/sites\/11\/2016\/06\/Vincentian-Network-logo-big.png?fit=778%2C778","width":778,"height":778,"caption":"The Vincentian Network"},"image":{"@id":"http:\/\/vincentians.com\/es\/#\/schema\/logo\/image\/"},"sameAs":["https:\/\/www.facebook.com\/WeAreVincentians\/","https:\/\/x.com\/WeVincentians"]},{"@type":"Person","@id":"http:\/\/vincentians.com\/es\/#\/schema\/person\/9623ef4d9aa3b2dfb8c061f1499288f2","name":"Francisco Javier Fern\u00e1ndez Chento","image":{"@type":"ImageObject","inLanguage":"es","@id":"http:\/\/vincentians.com\/es\/#\/schema\/person\/image\/","url":"https:\/\/secure.gravatar.com\/avatar\/497d5cde87b4c3d097d0315953521681ba2cd523ee66e5077c3711f7021e65de?s=96&d=mm&r=g","contentUrl":"https:\/\/secure.gravatar.com\/avatar\/497d5cde87b4c3d097d0315953521681ba2cd523ee66e5077c3711f7021e65de?s=96&d=mm&r=g","caption":"Francisco Javier Fern\u00e1ndez Chento"},"description":"Director General y cofundador de La Red de Formaci\u00f3n Vicenciana. Javier es laico vicenciano, afiliado a la Congregaci\u00f3n de la Misi\u00f3n y miembro del Equipo de Misiones Populares de la provincia can\u00f3nica de Zaragoza (Espa\u00f1a) de la Congregaci\u00f3n de la Misi\u00f3n. Graduado en la Universidad Oberta de Catalunya con cuatro grados (Asistente de direcci\u00f3n, Gesti\u00f3n Administrativa, Recursos Humanos y Contabilidad Avanzada). Bil\u00edng\u00fce Espa\u00f1ol\/Ingl\u00e9s. gestiona y mantiene varias p\u00e1ginas web cristianas y vicencianas, incluida including La Red de Formaci\u00f3n Vicenciana, de la que es cofundador. Actualmente es responsable del \u00e1rea de Espa\u00f1ol de .famvin, la Red de Noticias de la Familia Vicenciana. Tambi\u00e9n es m\u00fasico cat\u00f3lico y ha editado varios discos. Es Director General y cofundador de Trovador, una reconocida compa\u00f1\u00eda discogr\u00e1fica critiana de Espa\u00f1a. Trabaja en las Tecnolog\u00edas de la Informaci\u00f3n, ofreciendo servicios de alojamiento, dise\u00f1o y mantenimiento Web, as\u00ed como asesoramiento, formaci\u00f3n y soluciones inform\u00e1ticas, gesti\u00f3n documental y digitalizaci\u00f3n de textos, edici\u00f3n y maquetaci\u00f3n de libros, revistas, flyers, etc.","sameAs":["http:\/\/chento.org","https:\/\/www.facebook.com\/JavierChento","https:\/\/x.com\/https:\/\/twitter.com\/javierchento"],"url":"http:\/\/vincentians.com\/es\/author\/chento\/"}]}},"jetpack_publicize_connections":[],"jetpack_featured_media_url":"https:\/\/i0.wp.com\/vincentians.com\/es\/wp-content\/uploads\/sites\/11\/2016\/07\/ephemerides-fb.jpg?fit=1200%2C630","jetpack_sharing_enabled":true,"jetpack_shortlink":"https:\/\/wp.me\/p7ETMF-4b9","jetpack-related-posts":[{"id":387706,"url":"http:\/\/vincentians.com\/es\/el-amor-de-jesus-para-con-su-padre-y-con-los-hombres\/","url_meta":{"origin":16067,"position":0},"title":"El amor de Jes\u00fas para con su Padre y con los hombres","author":"Mitxel Olabu\u00e9naga","date":"28\/08\/2016","format":false,"excerpt":"Tornamos de nuevo a Jes\u00fas de Nazaret, centro, raz\u00f3n y vida de los cristianos. Las explicaciones sobre el esp\u00edritu de Jes\u00fas proceden de la visi\u00f3n particular que tiene Vicente de Pa\u00fal de Cristo, el Mes\u00edas, del enviado para evangelizar a los pobres, del Hijo que guarda relaciones profundamente filiales con\u2026","rel":"","context":"En \u00abEspiritualidad\u00bb","block_context":{"text":"Espiritualidad","link":"http:\/\/vincentians.com\/es\/category\/espiritualidad\/"},"img":{"alt_text":"","src":"https:\/\/i0.wp.com\/vincentians.com\/es\/wp-content\/uploads\/sites\/11\/2016\/08\/jesus-ora.jpg?fit=1200%2C630&resize=350%2C200","width":350,"height":200,"srcset":"https:\/\/i0.wp.com\/vincentians.com\/es\/wp-content\/uploads\/sites\/11\/2016\/08\/jesus-ora.jpg?fit=1200%2C630&resize=350%2C200 1x, https:\/\/i0.wp.com\/vincentians.com\/es\/wp-content\/uploads\/sites\/11\/2016\/08\/jesus-ora.jpg?fit=1200%2C630&resize=525%2C300 1.5x, https:\/\/i0.wp.com\/vincentians.com\/es\/wp-content\/uploads\/sites\/11\/2016\/08\/jesus-ora.jpg?fit=1200%2C630&resize=700%2C400 2x, https:\/\/i0.wp.com\/vincentians.com\/es\/wp-content\/uploads\/sites\/11\/2016\/08\/jesus-ora.jpg?fit=1200%2C630&resize=1050%2C600 3x"},"classes":[]},{"id":120299,"url":"http:\/\/vincentians.com\/es\/vicente-de-paul-la-fe-que-dio-sentido-a-su-vida-v-nuestro-senor-mismo-se-hizo-hombre-para-salvar-a-todos-los-hombres\/","url_meta":{"origin":16067,"position":1},"title":"Vicente de Pa\u00fal: la fe que dio sentido a su vida. V. Nuestro Se\u00f1or mismo se hizo hombre para salvar a todos los hombres","author":"Francisco Javier Fern\u00e1ndez Chento","date":"04\/01\/2015","format":false,"excerpt":"V. Nuestro Se\u00f1or mismo se hizo hombre para salvar a todos los hombres Hemos podido comprobar ya reiteradamente que el Se\u00ad\u00f1or Vicente parece emplear casi indistintamente unas mis\u00admas expresiones para hablar de Dios y para hablar de Je\u00adsucristo. As\u00ed es como, cuando recomienda a las Hijas de la Caridad \"dejar\u2026","rel":"","context":"En \u00abEspiritualidad vicenciana\u00bb","block_context":{"text":"Espiritualidad vicenciana","link":"http:\/\/vincentians.com\/es\/category\/espiritualidad\/espiritualidad-vicenciana\/"},"img":{"alt_text":"Vincent-de-Paul-and-bible-alternate","src":"https:\/\/i0.wp.com\/vicencianos.org\/wp-content\/2013\/04\/Vincent-de-Paul-and-bible-alternate-216x300.jpg?resize=350%2C200","width":350,"height":200},"classes":[]},{"id":404602,"url":"http:\/\/vincentians.com\/es\/san-vicente-un-hombre-de-humildad-viii\/","url_meta":{"origin":16067,"position":2},"title":"San Vicente, un hombre de humildad (VIII)","author":"Mitxel Olabu\u00e9naga","date":"10\/03\/2023","format":false,"excerpt":"LA MOTIVACI\u00d3N CRISTOL\u00d3GICA Para quien, como Vicente de Pa\u00fal, se ha propuesto seguir a Jesucristo y ha querido que sea Cristo la Regla de la Misi\u00f3n, la motivaci\u00f3n teol\u00f3gica fundamental para vivir en humildad lb puede ser otra sino la pr\u00e1ctica de Jesucristo: La santa humildad es la virtud propia\u2026","rel":"","context":"En \u00abEspiritualidad vicenciana\u00bb","block_context":{"text":"Espiritualidad vicenciana","link":"http:\/\/vincentians.com\/es\/category\/espiritualidad\/espiritualidad-vicenciana\/"},"img":{"alt_text":"","src":"https:\/\/i0.wp.com\/vincentians.com\/es\/wp-content\/uploads\/sites\/11\/2013\/05\/d.jpg?fit=1200%2C799&resize=350%2C200","width":350,"height":200,"srcset":"https:\/\/i0.wp.com\/vincentians.com\/es\/wp-content\/uploads\/sites\/11\/2013\/05\/d.jpg?fit=1200%2C799&resize=350%2C200 1x, https:\/\/i0.wp.com\/vincentians.com\/es\/wp-content\/uploads\/sites\/11\/2013\/05\/d.jpg?fit=1200%2C799&resize=525%2C300 1.5x, https:\/\/i0.wp.com\/vincentians.com\/es\/wp-content\/uploads\/sites\/11\/2013\/05\/d.jpg?fit=1200%2C799&resize=700%2C400 2x, https:\/\/i0.wp.com\/vincentians.com\/es\/wp-content\/uploads\/sites\/11\/2013\/05\/d.jpg?fit=1200%2C799&resize=1050%2C600 3x"},"classes":[]},{"id":118057,"url":"http:\/\/vincentians.com\/es\/que-la-humildad-sea-nuestra-contrasena\/","url_meta":{"origin":16067,"position":3},"title":"Que la humildad sea nuestra contrase\u00f1a","author":"Francisco Javier Fern\u00e1ndez Chento","date":"25\/05\/2015","format":false,"excerpt":"La humildad cristiana 1) En cierta ocasi\u00f3n, un caballero dijo ante san Vicente que para \u00e9l la humil\u00addad no era sino la forma con que la describen los fil\u00f3sofos: una modestia educa\u00adda, un recato honesto, una deferencia respetuosa, etc\u00e9tera. Pero, se\u00f1or, le dijeron, \u00bfqui\u00e9n conoce mejor la naturaleza de las\u2026","rel":"","context":"En \u00abEspiritualidad vicenciana\u00bb","block_context":{"text":"Espiritualidad vicenciana","link":"http:\/\/vincentians.com\/es\/category\/espiritualidad\/espiritualidad-vicenciana\/"},"img":{"alt_text":"humildad","src":"https:\/\/i0.wp.com\/vicencianos.org\/wp-content\/2013\/02\/humildad-236x300.jpg?resize=350%2C200","width":350,"height":200},"classes":[]},{"id":131917,"url":"http:\/\/vincentians.com\/es\/humildes-de-corazon\/","url_meta":{"origin":16067,"position":4},"title":"Humildes de coraz\u00f3n","author":"Francisco Javier Fern\u00e1ndez Chento","date":"02\/12\/2014","format":false,"excerpt":"\"Acercaos a m\u00ed todos los que est\u00e1is rendidos y abrumados, que yo os dar\u00e9 respiro. Cargad con mi yugo y aprended de m\u00ed, que soy sencillo y humilde: encontra-r\u00e9is vuestro respiro, pues mi yugo es llevadero y mi carga ligera\" (Mt 11,28-30). \"La Congregaci\u00f3n intenta expresar su esp\u00edritu tambi\u00e9n con\u2026","rel":"","context":"En \u00abFormaci\u00f3n Vicenciana\u00bb","block_context":{"text":"Formaci\u00f3n Vicenciana","link":"http:\/\/vincentians.com\/es\/category\/formacion-vicenciana\/"},"img":{"alt_text":"humildad","src":"https:\/\/i0.wp.com\/vicencianos.org\/wp-content\/2014\/12\/humildad-300x300.jpg?resize=350%2C200","width":350,"height":200},"classes":[]},{"id":143062,"url":"http:\/\/vincentians.com\/es\/2o-domingo-de-pascua-reflexion-de-la-s-s-v-p-en-espana-2\/","url_meta":{"origin":16067,"position":5},"title":"2\u00ba Domingo de Pascua (reflexi\u00f3n de la S.S.V.P. en Espa\u00f1a)","author":"Francisco Javier Fern\u00e1ndez Chento","date":"07\/04\/2015","format":false,"excerpt":"\u201cSus humillaciones no eran m\u00e1s que amor, su trabajo era amor, sus sufrimientos amor, sus oraciones amor, y todos sus ejercicios interiores y exteriores no eran m\u00e1s que actos repetidos de amor. Su amor le dio un gran desprecio del esp\u00edritu del mundo, desprecio de los bienes, desprecio de los\u2026","rel":"","context":"En \u00abHomil\u00edas y reflexiones, A\u00f1o B\u00bb","block_context":{"text":"Homil\u00edas y reflexiones, A\u00f1o B","link":"http:\/\/vincentians.com\/es\/category\/homilias-y-reflexiones-a-la-palabra-de-dios\/homilias-y-reflexiones-ano-b\/"},"img":{"alt_text":"","src":"https:\/\/i0.wp.com\/vincentians.com\/es\/wp-content\/uploads\/sites\/11\/2016\/07\/reflexiones-palabra-de-dios.jpg?fit=1200%2C630&resize=350%2C200","width":350,"height":200,"srcset":"https:\/\/i0.wp.com\/vincentians.com\/es\/wp-content\/uploads\/sites\/11\/2016\/07\/reflexiones-palabra-de-dios.jpg?fit=1200%2C630&resize=350%2C200 1x, https:\/\/i0.wp.com\/vincentians.com\/es\/wp-content\/uploads\/sites\/11\/2016\/07\/reflexiones-palabra-de-dios.jpg?fit=1200%2C630&resize=525%2C300 1.5x, https:\/\/i0.wp.com\/vincentians.com\/es\/wp-content\/uploads\/sites\/11\/2016\/07\/reflexiones-palabra-de-dios.jpg?fit=1200%2C630&resize=700%2C400 2x, https:\/\/i0.wp.com\/vincentians.com\/es\/wp-content\/uploads\/sites\/11\/2016\/07\/reflexiones-palabra-de-dios.jpg?fit=1200%2C630&resize=1050%2C600 3x"},"classes":[]}],"_links":{"self":[{"href":"http:\/\/vincentians.com\/es\/wp-json\/wp\/v2\/posts\/16067","targetHints":{"allow":["GET"]}}],"collection":[{"href":"http:\/\/vincentians.com\/es\/wp-json\/wp\/v2\/posts"}],"about":[{"href":"http:\/\/vincentians.com\/es\/wp-json\/wp\/v2\/types\/post"}],"author":[{"embeddable":true,"href":"http:\/\/vincentians.com\/es\/wp-json\/wp\/v2\/users\/4"}],"replies":[{"embeddable":true,"href":"http:\/\/vincentians.com\/es\/wp-json\/wp\/v2\/comments?post=16067"}],"version-history":[{"count":0,"href":"http:\/\/vincentians.com\/es\/wp-json\/wp\/v2\/posts\/16067\/revisions"}],"wp:featuredmedia":[{"embeddable":true,"href":"http:\/\/vincentians.com\/es\/wp-json\/wp\/v2\/media\/149897"}],"wp:attachment":[{"href":"http:\/\/vincentians.com\/es\/wp-json\/wp\/v2\/media?parent=16067"}],"wp:term":[{"taxonomy":"category","embeddable":true,"href":"http:\/\/vincentians.com\/es\/wp-json\/wp\/v2\/categories?post=16067"},{"taxonomy":"post_tag","embeddable":true,"href":"http:\/\/vincentians.com\/es\/wp-json\/wp\/v2\/tags?post=16067"}],"curies":[{"name":"wp","href":"https:\/\/api.w.org\/{rel}","templated":true}]}}