{"id":1590,"date":"2012-05-18T20:55:45","date_gmt":"2012-05-18T18:55:45","guid":{"rendered":"http:\/\/somos.vicencianos.org\/comentarios\/?p=1590"},"modified":"2016-07-24T10:27:13","modified_gmt":"2016-07-24T08:27:13","slug":"la-ascension-del-senor-reflexion-de-alfonso-berrade-c-m","status":"publish","type":"post","link":"http:\/\/vincentians.com\/es\/la-ascension-del-senor-reflexion-de-alfonso-berrade-c-m\/","title":{"rendered":"La Ascensi\u00f3n del Se\u00f1or (reflexi\u00f3n de Alfonso Berrade, C.M.)"},"content":{"rendered":"<h2>La \u00faltima cima<\/h2>\n<p><img data-recalc-dims=\"1\" loading=\"lazy\" decoding=\"async\" class=\"alignright size-full wp-image-79\" title=\"alfonso_berrade\" src=\"https:\/\/i0.wp.com\/vicencianos.org\/wp-content\/2010\/12\/alfonso_berrade.jpg?resize=166%2C225\" alt=\"\" width=\"166\" height=\"225\" \/>Los sacerdotes de la comunidad tenemos, en este momento, un libro de meditaci\u00f3n escrito por un sacerdote que, habiendo acabado de predicar una tanda de Ejercicios espirituales a una comunidad de monjas de clausura, escal\u00f3 como monta\u00f1ero una alta cima. Al bajar una avalancha lo sepult\u00f3 y muri\u00f3. Su muerte conmocion\u00f3 a toda la naci\u00f3n, pero sus reflexiones y escritos siguen tocando el coraz\u00f3n de muchas personas en el caminar al encuentro con Cristo.<\/p>\n<p>Las ascensiones monta\u00f1eras ejercen un atractivo irreprimible para los andinistas o alpinistas. Llegar a la cima es experimentar el dominio que el ser humano tiene sobre las cosas. M\u00e1s dif\u00edcil es la escalada, mayor es el disfrute de la cima. Mirar desde la altura es ampliar el horizonte y la visi\u00f3n hasta l\u00edmites inimaginables desde el pie del monte.<\/p>\n<p>De la cima se baja, es poco lo que se puede hacer en ella. Solo poder decir unos y otros a coro: \u00abTe dominamos, pudimos m\u00e1s que tus dificultades\u00bb. La vida, los entrenamientos, las fortalezas musculares y la vivencia del esp\u00edritu de equipo se van programando y realizando en el llano, en la vida de cada d\u00eda.<\/p>\n<p>Al andinista Jes\u00fas lo vemos hoy triunfante. Pudo sobre las tentaciones, sobre la muerte, sobre el odio de los fariseos y escribas, sobre el demonio: \u00abEl pr\u00edncipe este mundo ha sido vencido\u00bb. Vemos a los disc\u00edpulos en torno a \u00e9l. Les manda a recorrer el mundo. Les mand\u00f3 entonces y nos manda hoy a todos nosotros. Ocurre que muchas veces admiramos a los monta\u00f1eros, pero pensamos que est\u00e1n un poco locos. \u00a1Nosotros somos muy cuerdos, muy normales! Preferimos caminar por los parques y jardines. Preferimos ser cristianos, no s\u00e9 si del mont\u00f3n o amontonados, pero sin ninguna gana de entregar nuestra vida a hacer presente el mensaje de Jes\u00fas en nuestro ambiente. \u00a1Eso que lo hagan los sacerdotes y las monjas! Nosotros callados, sin llamar la atenci\u00f3n, no nos vayan a decir que somos fan\u00e1ticos.<\/p>\n<p>La inquietud por llegar a las alturas llena el coraz\u00f3n del andinista. La sed de eternidad llena nuestro esp\u00edritu. Abrir nuestro coraz\u00f3n a los hermanos. Dedicar lo mejor de nosotros a ellos. Dar raz\u00f3n de nuestra esperanza a todos los que nos conocen. Confiar plenamente en Cristo que camina con nosotros, que no nos abandona \u00abestar\u00e9 con ustedes hasta el final de los tiempos\u00bb. Tener como programa de vida trabajar por la construcci\u00f3n del reino de Dios en la tierra. Y lanzarnos hacia la altura, hasta el monte de Dios, hasta la entrega de la propia vida por amor. Todo eso es la raz\u00f3n de ser de toda nuestra vida.<\/p>\n<p>Ser andinista, monta\u00f1ero, es mantenerse joven. Cada d\u00eda se tiene menos miedo a las dificultades. Uno va adquiriendo experiencia sobre c\u00f3mo enfrentar las dificultades y los riesgos. La vida cristiana ha sido considerada a trav\u00e9s de la historia como un ejercicio de monta\u00f1ismo. Recuerdo un libro impresionante \u00abLa Monta\u00f1a de los siete c\u00edrculos\u00bb del Monje americano Thomas Merton. El lleg\u00f3 a la gran cima, muri\u00f3 m\u00e1rtir, muri\u00f3 amando la vida y d\u00e1ndola como expresi\u00f3n de fe y esperanza, despu\u00e9s de haber dado todo lo que \u00e9l sab\u00eda.<\/p>\n<p>D\u00eda de la Ascensi\u00f3n! D\u00eda de la plenitud de nuestra uni\u00f3n en Cristo que muri\u00f3, resucit\u00f3, subi\u00f3 al cielo y nos enviar\u00e1 el Esp\u00edritu del amor y la verdad. D\u00eda de nuestro s\u00ed a Dios. \u00a1D\u00eda de nuestra \u00faltima cima!<\/p>\n","protected":false},"excerpt":{"rendered":"<p>La \u00faltima cima Los sacerdotes de la comunidad tenemos, en este momento, un libro de meditaci\u00f3n escrito por un sacerdote que, habiendo acabado de predicar una tanda de Ejercicios espirituales a una comunidad de monjas &#8230; <a href=\"http:\/\/vincentians.com\/es\/la-ascension-del-senor-reflexion-de-alfonso-berrade-c-m\/\" class=\"more-link\">Read More<\/a><\/p>\n","protected":false},"author":4,"featured_media":388408,"comment_status":"open","ping_status":"open","sticky":false,"template":"","format":"standard","meta":{"jetpack_post_was_ever_published":false,"_jetpack_newsletter_access":"","_jetpack_dont_email_post_to_subs":false,"_jetpack_newsletter_tier_id":0,"_jetpack_memberships_contains_paywalled_content":false,"_jetpack_memberships_contains_paid_content":false,"footnotes":"","jetpack_publicize_message":"","jetpack_publicize_feature_enabled":true,"jetpack_social_post_already_shared":true,"jetpack_social_options":{"image_generator_settings":{"template":"highway","default_image_id":0,"font":"","enabled":false},"version":2}},"categories":[93],"tags":[],"class_list":["post-1590","post","type-post","status-publish","format-standard","has-post-thumbnail","hentry","category-homilias-y-reflexiones-ano-b"],"yoast_head":"<!-- This site is optimized with the Yoast SEO plugin v26.3 - https:\/\/yoast.com\/wordpress\/plugins\/seo\/ -->\n<title>La Ascensi\u00f3n del Se\u00f1or (reflexi\u00f3n de Alfonso Berrade, C.M.) - Somos Vicencianos<\/title>\n<meta name=\"robots\" content=\"index, follow, max-snippet:-1, max-image-preview:large, max-video-preview:-1\" \/>\n<link rel=\"canonical\" href=\"http:\/\/vincentians.com\/es\/la-ascension-del-senor-reflexion-de-alfonso-berrade-c-m\/\" \/>\n<meta property=\"og:locale\" content=\"es_ES\" \/>\n<meta property=\"og:type\" content=\"article\" \/>\n<meta property=\"og:title\" content=\"La Ascensi\u00f3n del Se\u00f1or (reflexi\u00f3n de Alfonso Berrade, C.M.) - Somos Vicencianos\" \/>\n<meta property=\"og:description\" content=\"La \u00faltima cima Los sacerdotes de la comunidad tenemos, en este momento, un libro de meditaci\u00f3n escrito por un sacerdote que, habiendo acabado de predicar una tanda de Ejercicios espirituales a una comunidad de monjas ... Read More\" \/>\n<meta property=\"og:url\" content=\"http:\/\/vincentians.com\/es\/la-ascension-del-senor-reflexion-de-alfonso-berrade-c-m\/\" \/>\n<meta property=\"og:site_name\" content=\"Somos Vicencianos\" \/>\n<meta property=\"article:publisher\" content=\"https:\/\/www.facebook.com\/WeAreVincentians\/\" \/>\n<meta property=\"article:author\" content=\"https:\/\/www.facebook.com\/JavierChento\" \/>\n<meta property=\"article:published_time\" content=\"2012-05-18T18:55:45+00:00\" \/>\n<meta property=\"article:modified_time\" content=\"2016-07-24T08:27:13+00:00\" \/>\n<meta property=\"og:image\" content=\"https:\/\/i0.wp.com\/vincentians.com\/es\/wp-content\/uploads\/sites\/11\/2016\/07\/reflexiones-palabra-de-dios.jpg?fit=1200%2C630\" \/>\n\t<meta property=\"og:image:width\" content=\"1200\" \/>\n\t<meta property=\"og:image:height\" content=\"630\" \/>\n\t<meta property=\"og:image:type\" content=\"image\/jpeg\" \/>\n<meta name=\"author\" content=\"Francisco Javier Fern\u00e1ndez Chento\" \/>\n<meta name=\"twitter:card\" content=\"summary_large_image\" \/>\n<meta name=\"twitter:creator\" content=\"@https:\/\/twitter.com\/javierchento\" \/>\n<meta name=\"twitter:site\" content=\"@WeVincentians\" \/>\n<meta name=\"twitter:label1\" content=\"Escrito por\" \/>\n\t<meta name=\"twitter:data1\" content=\"Francisco Javier Fern\u00e1ndez Chento\" \/>\n\t<meta name=\"twitter:label2\" content=\"Tiempo de lectura\" \/>\n\t<meta name=\"twitter:data2\" content=\"3 minutos\" \/>\n<script type=\"application\/ld+json\" class=\"yoast-schema-graph\">{\"@context\":\"https:\/\/schema.org\",\"@graph\":[{\"@type\":\"Article\",\"@id\":\"http:\/\/vincentians.com\/es\/la-ascension-del-senor-reflexion-de-alfonso-berrade-c-m\/#article\",\"isPartOf\":{\"@id\":\"http:\/\/vincentians.com\/es\/la-ascension-del-senor-reflexion-de-alfonso-berrade-c-m\/\"},\"author\":{\"name\":\"Francisco Javier Fern\u00e1ndez Chento\",\"@id\":\"http:\/\/vincentians.com\/es\/#\/schema\/person\/9623ef4d9aa3b2dfb8c061f1499288f2\"},\"headline\":\"La Ascensi\u00f3n del Se\u00f1or (reflexi\u00f3n de Alfonso Berrade, C.M.)\",\"datePublished\":\"2012-05-18T18:55:45+00:00\",\"dateModified\":\"2016-07-24T08:27:13+00:00\",\"mainEntityOfPage\":{\"@id\":\"http:\/\/vincentians.com\/es\/la-ascension-del-senor-reflexion-de-alfonso-berrade-c-m\/\"},\"wordCount\":624,\"commentCount\":0,\"publisher\":{\"@id\":\"http:\/\/vincentians.com\/es\/#organization\"},\"image\":{\"@id\":\"http:\/\/vincentians.com\/es\/la-ascension-del-senor-reflexion-de-alfonso-berrade-c-m\/#primaryimage\"},\"thumbnailUrl\":\"https:\/\/i0.wp.com\/vincentians.com\/es\/wp-content\/uploads\/sites\/11\/2016\/07\/reflexiones-palabra-de-dios.jpg?fit=1200%2C630\",\"articleSection\":[\"Homil\u00edas y reflexiones, A\u00f1o B\"],\"inLanguage\":\"es\",\"potentialAction\":[{\"@type\":\"CommentAction\",\"name\":\"Comment\",\"target\":[\"http:\/\/vincentians.com\/es\/la-ascension-del-senor-reflexion-de-alfonso-berrade-c-m\/#respond\"]}]},{\"@type\":\"WebPage\",\"@id\":\"http:\/\/vincentians.com\/es\/la-ascension-del-senor-reflexion-de-alfonso-berrade-c-m\/\",\"url\":\"http:\/\/vincentians.com\/es\/la-ascension-del-senor-reflexion-de-alfonso-berrade-c-m\/\",\"name\":\"La Ascensi\u00f3n del Se\u00f1or (reflexi\u00f3n de Alfonso Berrade, C.M.) - Somos Vicencianos\",\"isPartOf\":{\"@id\":\"http:\/\/vincentians.com\/es\/#website\"},\"primaryImageOfPage\":{\"@id\":\"http:\/\/vincentians.com\/es\/la-ascension-del-senor-reflexion-de-alfonso-berrade-c-m\/#primaryimage\"},\"image\":{\"@id\":\"http:\/\/vincentians.com\/es\/la-ascension-del-senor-reflexion-de-alfonso-berrade-c-m\/#primaryimage\"},\"thumbnailUrl\":\"https:\/\/i0.wp.com\/vincentians.com\/es\/wp-content\/uploads\/sites\/11\/2016\/07\/reflexiones-palabra-de-dios.jpg?fit=1200%2C630\",\"datePublished\":\"2012-05-18T18:55:45+00:00\",\"dateModified\":\"2016-07-24T08:27:13+00:00\",\"breadcrumb\":{\"@id\":\"http:\/\/vincentians.com\/es\/la-ascension-del-senor-reflexion-de-alfonso-berrade-c-m\/#breadcrumb\"},\"inLanguage\":\"es\",\"potentialAction\":[{\"@type\":\"ReadAction\",\"target\":[\"http:\/\/vincentians.com\/es\/la-ascension-del-senor-reflexion-de-alfonso-berrade-c-m\/\"]}]},{\"@type\":\"ImageObject\",\"inLanguage\":\"es\",\"@id\":\"http:\/\/vincentians.com\/es\/la-ascension-del-senor-reflexion-de-alfonso-berrade-c-m\/#primaryimage\",\"url\":\"https:\/\/i0.wp.com\/vincentians.com\/es\/wp-content\/uploads\/sites\/11\/2016\/07\/reflexiones-palabra-de-dios.jpg?fit=1200%2C630\",\"contentUrl\":\"https:\/\/i0.wp.com\/vincentians.com\/es\/wp-content\/uploads\/sites\/11\/2016\/07\/reflexiones-palabra-de-dios.jpg?fit=1200%2C630\",\"width\":1200,\"height\":630},{\"@type\":\"BreadcrumbList\",\"@id\":\"http:\/\/vincentians.com\/es\/la-ascension-del-senor-reflexion-de-alfonso-berrade-c-m\/#breadcrumb\",\"itemListElement\":[{\"@type\":\"ListItem\",\"position\":1,\"name\":\"Portada\",\"item\":\"http:\/\/vincentians.com\/es\/\"},{\"@type\":\"ListItem\",\"position\":2,\"name\":\"La Ascensi\u00f3n del Se\u00f1or (reflexi\u00f3n de Alfonso Berrade, C.M.)\"}]},{\"@type\":\"WebSite\",\"@id\":\"http:\/\/vincentians.com\/es\/#website\",\"url\":\"http:\/\/vincentians.com\/es\/\",\"name\":\"Somos Vicencianos\",\"description\":\"Know more to serve more\",\"publisher\":{\"@id\":\"http:\/\/vincentians.com\/es\/#organization\"},\"potentialAction\":[{\"@type\":\"SearchAction\",\"target\":{\"@type\":\"EntryPoint\",\"urlTemplate\":\"http:\/\/vincentians.com\/es\/?s={search_term_string}\"},\"query-input\":{\"@type\":\"PropertyValueSpecification\",\"valueRequired\":true,\"valueName\":\"search_term_string\"}}],\"inLanguage\":\"es\"},{\"@type\":\"Organization\",\"@id\":\"http:\/\/vincentians.com\/es\/#organization\",\"name\":\"The Vincentian Network\",\"url\":\"http:\/\/vincentians.com\/es\/\",\"logo\":{\"@type\":\"ImageObject\",\"inLanguage\":\"es\",\"@id\":\"http:\/\/vincentians.com\/es\/#\/schema\/logo\/image\/\",\"url\":\"https:\/\/i1.wp.com\/vincentians.com\/es\/wp-content\/uploads\/sites\/11\/2016\/06\/Vincentian-Network-logo-big.png?fit=778%2C778\",\"contentUrl\":\"https:\/\/i1.wp.com\/vincentians.com\/es\/wp-content\/uploads\/sites\/11\/2016\/06\/Vincentian-Network-logo-big.png?fit=778%2C778\",\"width\":778,\"height\":778,\"caption\":\"The Vincentian Network\"},\"image\":{\"@id\":\"http:\/\/vincentians.com\/es\/#\/schema\/logo\/image\/\"},\"sameAs\":[\"https:\/\/www.facebook.com\/WeAreVincentians\/\",\"https:\/\/x.com\/WeVincentians\"]},{\"@type\":\"Person\",\"@id\":\"http:\/\/vincentians.com\/es\/#\/schema\/person\/9623ef4d9aa3b2dfb8c061f1499288f2\",\"name\":\"Francisco Javier Fern\u00e1ndez Chento\",\"image\":{\"@type\":\"ImageObject\",\"inLanguage\":\"es\",\"@id\":\"http:\/\/vincentians.com\/es\/#\/schema\/person\/image\/\",\"url\":\"https:\/\/secure.gravatar.com\/avatar\/497d5cde87b4c3d097d0315953521681ba2cd523ee66e5077c3711f7021e65de?s=96&d=mm&r=g\",\"contentUrl\":\"https:\/\/secure.gravatar.com\/avatar\/497d5cde87b4c3d097d0315953521681ba2cd523ee66e5077c3711f7021e65de?s=96&d=mm&r=g\",\"caption\":\"Francisco Javier Fern\u00e1ndez Chento\"},\"description\":\"Director General y cofundador de La Red de Formaci\u00f3n Vicenciana. Javier es laico vicenciano, afiliado a la Congregaci\u00f3n de la Misi\u00f3n y miembro del Equipo de Misiones Populares de la provincia can\u00f3nica de Zaragoza (Espa\u00f1a) de la Congregaci\u00f3n de la Misi\u00f3n. Graduado en la Universidad Oberta de Catalunya con cuatro grados (Asistente de direcci\u00f3n, Gesti\u00f3n Administrativa, Recursos Humanos y Contabilidad Avanzada). Bil\u00edng\u00fce Espa\u00f1ol\/Ingl\u00e9s. gestiona y mantiene varias p\u00e1ginas web cristianas y vicencianas, incluida including La Red de Formaci\u00f3n Vicenciana, de la que es cofundador. Actualmente es responsable del \u00e1rea de Espa\u00f1ol de .famvin, la Red de Noticias de la Familia Vicenciana. Tambi\u00e9n es m\u00fasico cat\u00f3lico y ha editado varios discos. Es Director General y cofundador de Trovador, una reconocida compa\u00f1\u00eda discogr\u00e1fica critiana de Espa\u00f1a. Trabaja en las Tecnolog\u00edas de la Informaci\u00f3n, ofreciendo servicios de alojamiento, dise\u00f1o y mantenimiento Web, as\u00ed como asesoramiento, formaci\u00f3n y soluciones inform\u00e1ticas, gesti\u00f3n documental y digitalizaci\u00f3n de textos, edici\u00f3n y maquetaci\u00f3n de libros, revistas, flyers, etc.\",\"sameAs\":[\"http:\/\/chento.org\",\"https:\/\/www.facebook.com\/JavierChento\",\"https:\/\/x.com\/https:\/\/twitter.com\/javierchento\"],\"url\":\"http:\/\/vincentians.com\/es\/author\/chento\/\"}]}<\/script>\n<!-- \/ Yoast SEO plugin. -->","yoast_head_json":{"title":"La Ascensi\u00f3n del Se\u00f1or (reflexi\u00f3n de Alfonso Berrade, C.M.) - Somos Vicencianos","robots":{"index":"index","follow":"follow","max-snippet":"max-snippet:-1","max-image-preview":"max-image-preview:large","max-video-preview":"max-video-preview:-1"},"canonical":"http:\/\/vincentians.com\/es\/la-ascension-del-senor-reflexion-de-alfonso-berrade-c-m\/","og_locale":"es_ES","og_type":"article","og_title":"La Ascensi\u00f3n del Se\u00f1or (reflexi\u00f3n de Alfonso Berrade, C.M.) - Somos Vicencianos","og_description":"La \u00faltima cima Los sacerdotes de la comunidad tenemos, en este momento, un libro de meditaci\u00f3n escrito por un sacerdote que, habiendo acabado de predicar una tanda de Ejercicios espirituales a una comunidad de monjas ... Read More","og_url":"http:\/\/vincentians.com\/es\/la-ascension-del-senor-reflexion-de-alfonso-berrade-c-m\/","og_site_name":"Somos Vicencianos","article_publisher":"https:\/\/www.facebook.com\/WeAreVincentians\/","article_author":"https:\/\/www.facebook.com\/JavierChento","article_published_time":"2012-05-18T18:55:45+00:00","article_modified_time":"2016-07-24T08:27:13+00:00","og_image":[{"width":1200,"height":630,"url":"https:\/\/i0.wp.com\/vincentians.com\/es\/wp-content\/uploads\/sites\/11\/2016\/07\/reflexiones-palabra-de-dios.jpg?fit=1200%2C630","type":"image\/jpeg"}],"author":"Francisco Javier Fern\u00e1ndez Chento","twitter_card":"summary_large_image","twitter_creator":"@https:\/\/twitter.com\/javierchento","twitter_site":"@WeVincentians","twitter_misc":{"Escrito por":"Francisco Javier Fern\u00e1ndez Chento","Tiempo de lectura":"3 minutos"},"schema":{"@context":"https:\/\/schema.org","@graph":[{"@type":"Article","@id":"http:\/\/vincentians.com\/es\/la-ascension-del-senor-reflexion-de-alfonso-berrade-c-m\/#article","isPartOf":{"@id":"http:\/\/vincentians.com\/es\/la-ascension-del-senor-reflexion-de-alfonso-berrade-c-m\/"},"author":{"name":"Francisco Javier Fern\u00e1ndez Chento","@id":"http:\/\/vincentians.com\/es\/#\/schema\/person\/9623ef4d9aa3b2dfb8c061f1499288f2"},"headline":"La Ascensi\u00f3n del Se\u00f1or (reflexi\u00f3n de Alfonso Berrade, C.M.)","datePublished":"2012-05-18T18:55:45+00:00","dateModified":"2016-07-24T08:27:13+00:00","mainEntityOfPage":{"@id":"http:\/\/vincentians.com\/es\/la-ascension-del-senor-reflexion-de-alfonso-berrade-c-m\/"},"wordCount":624,"commentCount":0,"publisher":{"@id":"http:\/\/vincentians.com\/es\/#organization"},"image":{"@id":"http:\/\/vincentians.com\/es\/la-ascension-del-senor-reflexion-de-alfonso-berrade-c-m\/#primaryimage"},"thumbnailUrl":"https:\/\/i0.wp.com\/vincentians.com\/es\/wp-content\/uploads\/sites\/11\/2016\/07\/reflexiones-palabra-de-dios.jpg?fit=1200%2C630","articleSection":["Homil\u00edas y reflexiones, A\u00f1o B"],"inLanguage":"es","potentialAction":[{"@type":"CommentAction","name":"Comment","target":["http:\/\/vincentians.com\/es\/la-ascension-del-senor-reflexion-de-alfonso-berrade-c-m\/#respond"]}]},{"@type":"WebPage","@id":"http:\/\/vincentians.com\/es\/la-ascension-del-senor-reflexion-de-alfonso-berrade-c-m\/","url":"http:\/\/vincentians.com\/es\/la-ascension-del-senor-reflexion-de-alfonso-berrade-c-m\/","name":"La Ascensi\u00f3n del Se\u00f1or (reflexi\u00f3n de Alfonso Berrade, C.M.) - Somos Vicencianos","isPartOf":{"@id":"http:\/\/vincentians.com\/es\/#website"},"primaryImageOfPage":{"@id":"http:\/\/vincentians.com\/es\/la-ascension-del-senor-reflexion-de-alfonso-berrade-c-m\/#primaryimage"},"image":{"@id":"http:\/\/vincentians.com\/es\/la-ascension-del-senor-reflexion-de-alfonso-berrade-c-m\/#primaryimage"},"thumbnailUrl":"https:\/\/i0.wp.com\/vincentians.com\/es\/wp-content\/uploads\/sites\/11\/2016\/07\/reflexiones-palabra-de-dios.jpg?fit=1200%2C630","datePublished":"2012-05-18T18:55:45+00:00","dateModified":"2016-07-24T08:27:13+00:00","breadcrumb":{"@id":"http:\/\/vincentians.com\/es\/la-ascension-del-senor-reflexion-de-alfonso-berrade-c-m\/#breadcrumb"},"inLanguage":"es","potentialAction":[{"@type":"ReadAction","target":["http:\/\/vincentians.com\/es\/la-ascension-del-senor-reflexion-de-alfonso-berrade-c-m\/"]}]},{"@type":"ImageObject","inLanguage":"es","@id":"http:\/\/vincentians.com\/es\/la-ascension-del-senor-reflexion-de-alfonso-berrade-c-m\/#primaryimage","url":"https:\/\/i0.wp.com\/vincentians.com\/es\/wp-content\/uploads\/sites\/11\/2016\/07\/reflexiones-palabra-de-dios.jpg?fit=1200%2C630","contentUrl":"https:\/\/i0.wp.com\/vincentians.com\/es\/wp-content\/uploads\/sites\/11\/2016\/07\/reflexiones-palabra-de-dios.jpg?fit=1200%2C630","width":1200,"height":630},{"@type":"BreadcrumbList","@id":"http:\/\/vincentians.com\/es\/la-ascension-del-senor-reflexion-de-alfonso-berrade-c-m\/#breadcrumb","itemListElement":[{"@type":"ListItem","position":1,"name":"Portada","item":"http:\/\/vincentians.com\/es\/"},{"@type":"ListItem","position":2,"name":"La Ascensi\u00f3n del Se\u00f1or (reflexi\u00f3n de Alfonso Berrade, C.M.)"}]},{"@type":"WebSite","@id":"http:\/\/vincentians.com\/es\/#website","url":"http:\/\/vincentians.com\/es\/","name":"Somos Vicencianos","description":"Know more to serve more","publisher":{"@id":"http:\/\/vincentians.com\/es\/#organization"},"potentialAction":[{"@type":"SearchAction","target":{"@type":"EntryPoint","urlTemplate":"http:\/\/vincentians.com\/es\/?s={search_term_string}"},"query-input":{"@type":"PropertyValueSpecification","valueRequired":true,"valueName":"search_term_string"}}],"inLanguage":"es"},{"@type":"Organization","@id":"http:\/\/vincentians.com\/es\/#organization","name":"The Vincentian Network","url":"http:\/\/vincentians.com\/es\/","logo":{"@type":"ImageObject","inLanguage":"es","@id":"http:\/\/vincentians.com\/es\/#\/schema\/logo\/image\/","url":"https:\/\/i1.wp.com\/vincentians.com\/es\/wp-content\/uploads\/sites\/11\/2016\/06\/Vincentian-Network-logo-big.png?fit=778%2C778","contentUrl":"https:\/\/i1.wp.com\/vincentians.com\/es\/wp-content\/uploads\/sites\/11\/2016\/06\/Vincentian-Network-logo-big.png?fit=778%2C778","width":778,"height":778,"caption":"The Vincentian Network"},"image":{"@id":"http:\/\/vincentians.com\/es\/#\/schema\/logo\/image\/"},"sameAs":["https:\/\/www.facebook.com\/WeAreVincentians\/","https:\/\/x.com\/WeVincentians"]},{"@type":"Person","@id":"http:\/\/vincentians.com\/es\/#\/schema\/person\/9623ef4d9aa3b2dfb8c061f1499288f2","name":"Francisco Javier Fern\u00e1ndez Chento","image":{"@type":"ImageObject","inLanguage":"es","@id":"http:\/\/vincentians.com\/es\/#\/schema\/person\/image\/","url":"https:\/\/secure.gravatar.com\/avatar\/497d5cde87b4c3d097d0315953521681ba2cd523ee66e5077c3711f7021e65de?s=96&d=mm&r=g","contentUrl":"https:\/\/secure.gravatar.com\/avatar\/497d5cde87b4c3d097d0315953521681ba2cd523ee66e5077c3711f7021e65de?s=96&d=mm&r=g","caption":"Francisco Javier Fern\u00e1ndez Chento"},"description":"Director General y cofundador de La Red de Formaci\u00f3n Vicenciana. Javier es laico vicenciano, afiliado a la Congregaci\u00f3n de la Misi\u00f3n y miembro del Equipo de Misiones Populares de la provincia can\u00f3nica de Zaragoza (Espa\u00f1a) de la Congregaci\u00f3n de la Misi\u00f3n. Graduado en la Universidad Oberta de Catalunya con cuatro grados (Asistente de direcci\u00f3n, Gesti\u00f3n Administrativa, Recursos Humanos y Contabilidad Avanzada). Bil\u00edng\u00fce Espa\u00f1ol\/Ingl\u00e9s. gestiona y mantiene varias p\u00e1ginas web cristianas y vicencianas, incluida including La Red de Formaci\u00f3n Vicenciana, de la que es cofundador. Actualmente es responsable del \u00e1rea de Espa\u00f1ol de .famvin, la Red de Noticias de la Familia Vicenciana. Tambi\u00e9n es m\u00fasico cat\u00f3lico y ha editado varios discos. Es Director General y cofundador de Trovador, una reconocida compa\u00f1\u00eda discogr\u00e1fica critiana de Espa\u00f1a. Trabaja en las Tecnolog\u00edas de la Informaci\u00f3n, ofreciendo servicios de alojamiento, dise\u00f1o y mantenimiento Web, as\u00ed como asesoramiento, formaci\u00f3n y soluciones inform\u00e1ticas, gesti\u00f3n documental y digitalizaci\u00f3n de textos, edici\u00f3n y maquetaci\u00f3n de libros, revistas, flyers, etc.","sameAs":["http:\/\/chento.org","https:\/\/www.facebook.com\/JavierChento","https:\/\/x.com\/https:\/\/twitter.com\/javierchento"],"url":"http:\/\/vincentians.com\/es\/author\/chento\/"}]}},"jetpack_publicize_connections":[],"jetpack_featured_media_url":"https:\/\/i0.wp.com\/vincentians.com\/es\/wp-content\/uploads\/sites\/11\/2016\/07\/reflexiones-palabra-de-dios.jpg?fit=1200%2C630","jetpack_sharing_enabled":true,"jetpack_shortlink":"https:\/\/wp.me\/p7ETMF-pE","jetpack-related-posts":[{"id":145277,"url":"http:\/\/vincentians.com\/es\/la-ascension-del-senor-reflexion-de-jose-cervantes-gabarron\/","url_meta":{"origin":1590,"position":0},"title":"La Ascensi\u00f3n del Se\u00f1or (reflexi\u00f3n de Jos\u00e9 Cervantes Gabarr\u00f3n)","author":"Francisco Javier Fern\u00e1ndez Chento","date":"16\/05\/2015","format":false,"excerpt":"Testigos de la Ascensi\u00f3n y Misioneros del Evangelio En el d\u00eda de la Ascensi\u00f3n celebramos a\u00a0Jes\u00fas, el crucificado y resucitado, ascendido al cielo, como Hijo de Dios y Se\u00f1or de toda la tierra.\u00a0Esta fiesta es la misma que la de la resurrecci\u00f3n de Jesucristo pero ha quedado plasmada en categor\u00edas\u2026","rel":"","context":"En \u00abHomil\u00edas y reflexiones, A\u00f1o B\u00bb","block_context":{"text":"Homil\u00edas y reflexiones, A\u00f1o B","link":"http:\/\/vincentians.com\/es\/category\/homilias-y-reflexiones-a-la-palabra-de-dios\/homilias-y-reflexiones-ano-b\/"},"img":{"alt_text":"","src":"https:\/\/i0.wp.com\/vincentians.com\/es\/wp-content\/uploads\/sites\/11\/2016\/07\/reflexiones-palabra-de-dios.jpg?fit=1200%2C630&resize=350%2C200","width":350,"height":200,"srcset":"https:\/\/i0.wp.com\/vincentians.com\/es\/wp-content\/uploads\/sites\/11\/2016\/07\/reflexiones-palabra-de-dios.jpg?fit=1200%2C630&resize=350%2C200 1x, https:\/\/i0.wp.com\/vincentians.com\/es\/wp-content\/uploads\/sites\/11\/2016\/07\/reflexiones-palabra-de-dios.jpg?fit=1200%2C630&resize=525%2C300 1.5x, https:\/\/i0.wp.com\/vincentians.com\/es\/wp-content\/uploads\/sites\/11\/2016\/07\/reflexiones-palabra-de-dios.jpg?fit=1200%2C630&resize=700%2C400 2x, https:\/\/i0.wp.com\/vincentians.com\/es\/wp-content\/uploads\/sites\/11\/2016\/07\/reflexiones-palabra-de-dios.jpg?fit=1200%2C630&resize=1050%2C600 3x"},"classes":[]},{"id":136987,"url":"http:\/\/vincentians.com\/es\/ascension-del-senor-reflexion-de-antonio-elduayen-c-m\/","url_meta":{"origin":1590,"position":1},"title":"Ascensi\u00f3n del Se\u00f1or (reflexi\u00f3n de Antonio Elduayen, C.M.)","author":"Francisco Javier Fern\u00e1ndez Chento","date":"30\/05\/2014","format":false,"excerpt":"Queridos amigos y amigas, La Ascensi\u00f3n del Se\u00f1or es la otra cara de la Resurrecci\u00f3n. Ciertamente es grande, lo m\u00e1ximo, haber vencido a la muerte (y al pecado causante de la misma). \u201cHa comenzado el reino de la vida y se ha disuelto el imperio de la muerte, nos dir\u00e1\u2026","rel":"","context":"En \u00abHomil\u00edas y reflexiones, A\u00f1o A\u00bb","block_context":{"text":"Homil\u00edas y reflexiones, A\u00f1o A","link":"http:\/\/vincentians.com\/es\/category\/homilias-y-reflexiones-a-la-palabra-de-dios\/homilias-y-reflexiones-ano-a\/"},"img":{"alt_text":"","src":"https:\/\/i0.wp.com\/vincentians.com\/es\/wp-content\/uploads\/sites\/11\/2016\/07\/reflexiones-palabra-de-dios.jpg?fit=1200%2C630&resize=350%2C200","width":350,"height":200,"srcset":"https:\/\/i0.wp.com\/vincentians.com\/es\/wp-content\/uploads\/sites\/11\/2016\/07\/reflexiones-palabra-de-dios.jpg?fit=1200%2C630&resize=350%2C200 1x, https:\/\/i0.wp.com\/vincentians.com\/es\/wp-content\/uploads\/sites\/11\/2016\/07\/reflexiones-palabra-de-dios.jpg?fit=1200%2C630&resize=525%2C300 1.5x, https:\/\/i0.wp.com\/vincentians.com\/es\/wp-content\/uploads\/sites\/11\/2016\/07\/reflexiones-palabra-de-dios.jpg?fit=1200%2C630&resize=700%2C400 2x, https:\/\/i0.wp.com\/vincentians.com\/es\/wp-content\/uploads\/sites\/11\/2016\/07\/reflexiones-palabra-de-dios.jpg?fit=1200%2C630&resize=1050%2C600 3x"},"classes":[]},{"id":136982,"url":"http:\/\/vincentians.com\/es\/ciclo-a-la-ascension-del-senor-reflexion-de-antonio-elduayen-c-m\/","url_meta":{"origin":1590,"position":2},"title":"Ciclo A, La Ascensi\u00f3n del Se\u00f1or (reflexi\u00f3n de Antonio Elduayen, C.M.)","author":"Francisco Javier Fern\u00e1ndez Chento","date":"03\/06\/2011","format":false,"excerpt":"Queridos amigos La Ascensi\u00f3n del Se\u00f1or es la otra cara de la Resurrecci\u00f3n. Ciertamente es grande, lo m\u00e1ximo, haber vencido a la muerte (y al pecado causante de la misma). Y es grande e in\u00e9dito haber estrenado un nuevo cuerpo, espiritual, lo llama S. Pablo (1 Cor 15,44) y una\u2026","rel":"","context":"En \u00abHomil\u00edas y reflexiones, A\u00f1o A\u00bb","block_context":{"text":"Homil\u00edas y reflexiones, A\u00f1o A","link":"http:\/\/vincentians.com\/es\/category\/homilias-y-reflexiones-a-la-palabra-de-dios\/homilias-y-reflexiones-ano-a\/"},"img":{"alt_text":"","src":"https:\/\/i0.wp.com\/vincentians.com\/es\/wp-content\/uploads\/sites\/11\/2016\/07\/reflexiones-palabra-de-dios.jpg?fit=1200%2C630&resize=350%2C200","width":350,"height":200,"srcset":"https:\/\/i0.wp.com\/vincentians.com\/es\/wp-content\/uploads\/sites\/11\/2016\/07\/reflexiones-palabra-de-dios.jpg?fit=1200%2C630&resize=350%2C200 1x, https:\/\/i0.wp.com\/vincentians.com\/es\/wp-content\/uploads\/sites\/11\/2016\/07\/reflexiones-palabra-de-dios.jpg?fit=1200%2C630&resize=525%2C300 1.5x, https:\/\/i0.wp.com\/vincentians.com\/es\/wp-content\/uploads\/sites\/11\/2016\/07\/reflexiones-palabra-de-dios.jpg?fit=1200%2C630&resize=700%2C400 2x, https:\/\/i0.wp.com\/vincentians.com\/es\/wp-content\/uploads\/sites\/11\/2016\/07\/reflexiones-palabra-de-dios.jpg?fit=1200%2C630&resize=1050%2C600 3x"},"classes":[]},{"id":135791,"url":"http:\/\/vincentians.com\/es\/17o-domingo-de-tiempo-ordinario-reflexion-de-alfonso-berrade-c-m\/","url_meta":{"origin":1590,"position":3},"title":"17\u00ba Domingo de T.O. (reflexi\u00f3n de Alfonso Berrade, C.M.)","author":"Francisco Javier Fern\u00e1ndez Chento","date":"28\/07\/2012","format":false,"excerpt":"Hay que reponer las fuerzas para el camino No s\u00e9 si has escuchado hablar a los campesinos o a los monta\u00f1eros antes de iniciar una jornada. Hablan de la fuerza que necesitan para el d\u00eda, y esa fuerza se adquiere con la alimentaci\u00f3n. Van al campo o la escalada con\u2026","rel":"","context":"En \u00abHomil\u00edas y reflexiones, A\u00f1o B\u00bb","block_context":{"text":"Homil\u00edas y reflexiones, A\u00f1o B","link":"http:\/\/vincentians.com\/es\/category\/homilias-y-reflexiones-a-la-palabra-de-dios\/homilias-y-reflexiones-ano-b\/"},"img":{"alt_text":"","src":"https:\/\/i0.wp.com\/vincentians.com\/es\/wp-content\/uploads\/sites\/11\/2016\/07\/reflexiones-palabra-de-dios.jpg?fit=1200%2C630&resize=350%2C200","width":350,"height":200,"srcset":"https:\/\/i0.wp.com\/vincentians.com\/es\/wp-content\/uploads\/sites\/11\/2016\/07\/reflexiones-palabra-de-dios.jpg?fit=1200%2C630&resize=350%2C200 1x, https:\/\/i0.wp.com\/vincentians.com\/es\/wp-content\/uploads\/sites\/11\/2016\/07\/reflexiones-palabra-de-dios.jpg?fit=1200%2C630&resize=525%2C300 1.5x, https:\/\/i0.wp.com\/vincentians.com\/es\/wp-content\/uploads\/sites\/11\/2016\/07\/reflexiones-palabra-de-dios.jpg?fit=1200%2C630&resize=700%2C400 2x, https:\/\/i0.wp.com\/vincentians.com\/es\/wp-content\/uploads\/sites\/11\/2016\/07\/reflexiones-palabra-de-dios.jpg?fit=1200%2C630&resize=1050%2C600 3x"},"classes":[]},{"id":145075,"url":"http:\/\/vincentians.com\/es\/la-ascension-del-senor-reflexion-de-la-s-s-v-p-en-espana\/","url_meta":{"origin":1590,"position":4},"title":"La Ascensi\u00f3n del Se\u00f1or (reflexi\u00f3n de la S.S.V.P. en Espa\u00f1a)","author":"Francisco Javier Fern\u00e1ndez Chento","date":"13\/05\/2015","format":false,"excerpt":"\u201cSe\u00f1or, si t\u00fa estuvieras en mi lugar, \u00bfqu\u00e9 har\u00edas en esta ocasi\u00f3n?\u201d. (SvdeP) Al principio del Libro de los Hechos de los Ap\u00f3stoles, se describe la Ascensi\u00f3n del Se\u00f1or al cielo, mientras que San Marcos nos habla de las \u00faltimas palabras e instrucciones que Jes\u00fas Resucitado dio a sus disc\u00edpulos\u2026","rel":"","context":"En \u00abHomil\u00edas y reflexiones, A\u00f1o B\u00bb","block_context":{"text":"Homil\u00edas y reflexiones, A\u00f1o B","link":"http:\/\/vincentians.com\/es\/category\/homilias-y-reflexiones-a-la-palabra-de-dios\/homilias-y-reflexiones-ano-b\/"},"img":{"alt_text":"","src":"https:\/\/i0.wp.com\/vincentians.com\/es\/wp-content\/uploads\/sites\/11\/2016\/07\/reflexiones-palabra-de-dios.jpg?fit=1200%2C630&resize=350%2C200","width":350,"height":200,"srcset":"https:\/\/i0.wp.com\/vincentians.com\/es\/wp-content\/uploads\/sites\/11\/2016\/07\/reflexiones-palabra-de-dios.jpg?fit=1200%2C630&resize=350%2C200 1x, https:\/\/i0.wp.com\/vincentians.com\/es\/wp-content\/uploads\/sites\/11\/2016\/07\/reflexiones-palabra-de-dios.jpg?fit=1200%2C630&resize=525%2C300 1.5x, https:\/\/i0.wp.com\/vincentians.com\/es\/wp-content\/uploads\/sites\/11\/2016\/07\/reflexiones-palabra-de-dios.jpg?fit=1200%2C630&resize=700%2C400 2x, https:\/\/i0.wp.com\/vincentians.com\/es\/wp-content\/uploads\/sites\/11\/2016\/07\/reflexiones-palabra-de-dios.jpg?fit=1200%2C630&resize=1050%2C600 3x"},"classes":[]},{"id":144956,"url":"http:\/\/vincentians.com\/es\/la-ascension-del-senor-reflexion-de-jose-roman-flecha-2\/","url_meta":{"origin":1590,"position":5},"title":"La Ascensi\u00f3n del Se\u00f1or (reflexi\u00f3n de Jos\u00e9 Rom\u00e1n Flecha)","author":"Francisco Javier Fern\u00e1ndez Chento","date":"12\/05\/2015","format":false,"excerpt":"LA LLAMA DEL DESEO Solemnidad de la Ascensi\u00f3n del Se\u00f1or. B. 17 de mayo de 2015 \u201cGalileos, \u00bfqu\u00e9 hac\u00e9is ah\u00ed plantados mirando al cielo? El mismo Jes\u00fas que os ha dejado para subir al cielo, volver\u00e1 como le hab\u00e9is visto marcharse\u201d. Los ap\u00f3stoles contemplaban a su Maestro irse hacia los\u2026","rel":"","context":"En \u00abHomil\u00edas y reflexiones, A\u00f1o B\u00bb","block_context":{"text":"Homil\u00edas y reflexiones, A\u00f1o B","link":"http:\/\/vincentians.com\/es\/category\/homilias-y-reflexiones-a-la-palabra-de-dios\/homilias-y-reflexiones-ano-b\/"},"img":{"alt_text":"","src":"https:\/\/i0.wp.com\/vincentians.com\/es\/wp-content\/uploads\/sites\/11\/2016\/07\/reflexiones-palabra-de-dios.jpg?fit=1200%2C630&resize=350%2C200","width":350,"height":200,"srcset":"https:\/\/i0.wp.com\/vincentians.com\/es\/wp-content\/uploads\/sites\/11\/2016\/07\/reflexiones-palabra-de-dios.jpg?fit=1200%2C630&resize=350%2C200 1x, https:\/\/i0.wp.com\/vincentians.com\/es\/wp-content\/uploads\/sites\/11\/2016\/07\/reflexiones-palabra-de-dios.jpg?fit=1200%2C630&resize=525%2C300 1.5x, https:\/\/i0.wp.com\/vincentians.com\/es\/wp-content\/uploads\/sites\/11\/2016\/07\/reflexiones-palabra-de-dios.jpg?fit=1200%2C630&resize=700%2C400 2x, https:\/\/i0.wp.com\/vincentians.com\/es\/wp-content\/uploads\/sites\/11\/2016\/07\/reflexiones-palabra-de-dios.jpg?fit=1200%2C630&resize=1050%2C600 3x"},"classes":[]}],"_links":{"self":[{"href":"http:\/\/vincentians.com\/es\/wp-json\/wp\/v2\/posts\/1590","targetHints":{"allow":["GET"]}}],"collection":[{"href":"http:\/\/vincentians.com\/es\/wp-json\/wp\/v2\/posts"}],"about":[{"href":"http:\/\/vincentians.com\/es\/wp-json\/wp\/v2\/types\/post"}],"author":[{"embeddable":true,"href":"http:\/\/vincentians.com\/es\/wp-json\/wp\/v2\/users\/4"}],"replies":[{"embeddable":true,"href":"http:\/\/vincentians.com\/es\/wp-json\/wp\/v2\/comments?post=1590"}],"version-history":[{"count":0,"href":"http:\/\/vincentians.com\/es\/wp-json\/wp\/v2\/posts\/1590\/revisions"}],"wp:featuredmedia":[{"embeddable":true,"href":"http:\/\/vincentians.com\/es\/wp-json\/wp\/v2\/media\/388408"}],"wp:attachment":[{"href":"http:\/\/vincentians.com\/es\/wp-json\/wp\/v2\/media?parent=1590"}],"wp:term":[{"taxonomy":"category","embeddable":true,"href":"http:\/\/vincentians.com\/es\/wp-json\/wp\/v2\/categories?post=1590"},{"taxonomy":"post_tag","embeddable":true,"href":"http:\/\/vincentians.com\/es\/wp-json\/wp\/v2\/tags?post=1590"}],"curies":[{"name":"wp","href":"https:\/\/api.w.org\/{rel}","templated":true}]}}