{"id":156,"date":"2015-01-11T00:20:52","date_gmt":"2015-01-10T23:20:52","guid":{"rendered":"http:\/\/somos.vicencianos.org\/misionespopulares\/?p=156"},"modified":"2015-01-11T00:20:52","modified_gmt":"2015-01-10T23:20:52","slug":"conceptos-clave-en-misiones-populares-11-importancia-de-todos","status":"publish","type":"post","link":"http:\/\/vincentians.com\/es\/conceptos-clave-en-misiones-populares-11-importancia-de-todos\/","title":{"rendered":"Conceptos clave en misiones populares 11: Importancia de todos"},"content":{"rendered":"<p style=\"padding-left: 30px\">&#8211; \u00bfPara qui\u00e9n es la Misi\u00f3n? \u00bfA qu\u00e9 tipo de personas se dirige?<\/p>\n<p style=\"padding-left: 30px\">&#8211; A todas.<\/p>\n<p>Como el Sembrador de la par\u00e1bola, nosotros debemos poner a prueba todos los terrenos; tenemos que <b>arriesgar el Mensaje<\/b> hasta en aquellos lugares que menos receptivos parecen. El mensaje sembrado en el camino, en el pedregal y entre zarzas\u2026 nos dice que no podemos renunciar a ofrecer el tesoro de la Fe que se nos ha confiado a nadie, por alejado o fr\u00edo que nos parezca. Porque, adem\u00e1s, la crisis de fe no es s\u00f3lo fen\u00f3meno actual. Seres humanos <b>poco creyentes ha habido siempre<\/b>.<\/p>\n<p>Y hay algo que no podemos olvidar: el hombre de hoy, igual que el de ayer, es hombre. Hombre con unas necesidades b\u00e1sicas y unas insatisfacciones que no acaba de llenar. Creo que <b>Jes\u00fas<\/b> nos muestra un camino que debemos explorar nuevamente: El <b>s\u00e9 hizo hombre<\/b> y con su vida nos est\u00e1 ense\u00f1ando a evangelizar <b>desde el hombre<\/b>, desde esa realidad que es la realidad humana de siempre. No es extra\u00f1o que Juan Pablo II repitiera con frecuencia que debemos ser \u00ab<i>expertos en humanidad<\/i>\u00bb<\/p>\n<p>Nadie puede quedar por nuestra parte excluido o al margen. Para nosotros, y comenzamos por ellos, <b>los ni\u00f1os<\/b> son importantes. Y no como un medio, sino como un <b>fin<\/b>. Y no como meros aprendices de adultos, sino como germen de hombres y de cristianos aut\u00e9nticos.<\/p>\n<p>En nuestra sociedad, por una parte se valora (quiz\u00e1 excesivamente) a los ni\u00f1os. Sin embargo por otra, se les tiene muy poco en cuenta. M\u00e1s todav\u00eda, tanto social como eclesialmente corremos el riesgo de hacerlos consumistas pasajeros.<\/p>\n<p>Hay otro sector de edad importante porque quiz\u00e1 es otro sector marginado, a pesar de que llenen nuestras iglesias o las familias los necesiten. Es <b>el sector \u00abmayores\u00bb<\/b>. \u00bfNo son los mayores de alguna manera \u00abun grupo marginado\u00bb, o si quer\u00e9is m\u00e1s, social, pol\u00edtica y familiarmente muchas veces \u00abutilizado\u00bb?<\/p>\n<p>Estos dos sectores de edad vienen a tener un lugar especial; tan es as\u00ed, que les dedicamos una celebraci\u00f3n especial en los domingos centrales.<\/p>\n\n<p>Pero hay algo m\u00e1s, como otro dato social a tener en cuenta. Hay una edad a la que le ha tocado sufrir las principales crisis: es esa edad de <b>matrimonios m\u00e1s bien j\u00f3venes<\/b> que por distintas razones, (urgencias laborales, la evoluci\u00f3n acelerada de la sociedad, los cambios culturales, la promoci\u00f3n de la mujer, la falta de formaci\u00f3n adecuada, la soledad ciudadana, etc.) se han quedado sin un cultivo adecuado Fe\u2026 \u00bfY no son tantas veces y en tantos sitios los abuelos quienes est\u00e1n trasmitiendo hoy esa fe que ellos mamaron y que pobremente sienten la necesidad de entregar?<\/p>\n<p>\u00bfY <b>los j\u00f3venes<\/b>? No hay que tener miedo. En todos los procesos de preparaci\u00f3n saldr\u00e1n como objetivo principal. \u00bfUn objetivo <i>un tanto idol\u00e1trico<\/i>?<\/p>\n<p>\u00bfQue se me olvida algo? No. <b>Destinatarios especial\u00edsimos<\/b> deben ser <b>los pobres<\/b>. De ellos se est\u00e1 hablando mucho hoy. Pero no es lo mismo hablar que hacer. San Vicente es claro e insistente en este punto. Pod\u00edamos aqu\u00ed multiplicar los textos. Permitidme fijarme s\u00f3lo en uno, quiz\u00e1 por sentirme ante \u00e9l pecador: <i>\u00abEn esta vocaci\u00f3n vivimos de modo muy conforme a nuestro Se\u00f1or Jesucristo que, al parecer, cuando vino a este mundo, escogi\u00f3 como principal tarea la de asistir y cuidar a los pobres. &#8216;Misit me evangelizare pauperibus&#8217;. Y si se le pregunta a nuestro Se\u00f1or: &#8216;\u00bfQu\u00e9 es lo que has venido a hacer en la tierra&#8217; <b>A asistir a los pobres<\/b>. &#8216;\u00bfA algo m\u00e1s?&#8217; <b>A asistir a los pobres<\/b>. En su compa\u00f1\u00eda no ten\u00eda m\u00e1s que pobres, y se deten\u00eda poco en las ciudades, conversando casi siempre con los aldeanos e instruy\u00e9ndolos\u2026 <\/i>\u00bb [XI, 33s].<\/p>\n<p>Por lo dem\u00e1s, el texto evang\u00e9lico base de san Vicente que ha quedado como lema de la CM es Lucas 4, 14ss.: <i>El Se\u00f1or me ha enviado a evangelizar a los pobres<\/i>.<\/p>\n<p>Eso s\u00ed, tambi\u00e9n por fidelidad al estilo general de toda misi\u00f3n queremos desarrollar unas actitudes: la <b>b\u00fasqueda<\/b> (<i>buscar, buscar, buscar<\/i>), el <b>encuentro<\/b>, el <b>acompa\u00f1amiento<\/b>. Y somos conscientes que la labor no es nada sencilla. Pero, como dijo el profeta, <i>si les ten\u00e9is miedo, yo os meter\u00e9 miedo<\/i>.<\/p>\n","protected":false},"excerpt":{"rendered":"<p>&#8211; \u00bfPara qui\u00e9n es la Misi\u00f3n? \u00bfA qu\u00e9 tipo de personas se dirige? &#8211; A todas. Como el Sembrador de la par\u00e1bola, nosotros debemos poner a prueba todos los terrenos; tenemos que arriesgar el Mensaje &#8230; <a href=\"http:\/\/vincentians.com\/es\/conceptos-clave-en-misiones-populares-11-importancia-de-todos\/\" class=\"more-link\">Read More<\/a><\/p>\n","protected":false},"author":4,"featured_media":133405,"comment_status":"open","ping_status":"open","sticky":false,"template":"","format":"standard","meta":{"jetpack_post_was_ever_published":false,"_jetpack_newsletter_access":"","_jetpack_dont_email_post_to_subs":false,"_jetpack_newsletter_tier_id":0,"_jetpack_memberships_contains_paywalled_content":false,"_jetpack_memberships_contains_paid_content":false,"footnotes":"","jetpack_publicize_message":"","jetpack_publicize_feature_enabled":true,"jetpack_social_post_already_shared":true,"jetpack_social_options":{"image_generator_settings":{"template":"highway","default_image_id":0,"font":"","enabled":false},"version":2}},"categories":[328],"tags":[176],"class_list":["post-156","post","type-post","status-publish","format-standard","has-post-thumbnail","hentry","category-misiones-populares-misiones","tag-misiones-populares"],"yoast_head":"<!-- This site is optimized with the Yoast SEO plugin v26.3 - https:\/\/yoast.com\/wordpress\/plugins\/seo\/ -->\n<title>Conceptos clave en misiones populares 11: Importancia de todos - Somos Vicencianos<\/title>\n<meta name=\"robots\" content=\"index, follow, max-snippet:-1, max-image-preview:large, max-video-preview:-1\" \/>\n<link rel=\"canonical\" href=\"http:\/\/vincentians.com\/es\/conceptos-clave-en-misiones-populares-11-importancia-de-todos\/\" \/>\n<meta property=\"og:locale\" content=\"es_ES\" \/>\n<meta property=\"og:type\" content=\"article\" \/>\n<meta property=\"og:title\" content=\"Conceptos clave en misiones populares 11: Importancia de todos - Somos Vicencianos\" \/>\n<meta property=\"og:description\" content=\"&#8211; \u00bfPara qui\u00e9n es la Misi\u00f3n? \u00bfA qu\u00e9 tipo de personas se dirige? &#8211; A todas. Como el Sembrador de la par\u00e1bola, nosotros debemos poner a prueba todos los terrenos; tenemos que arriesgar el Mensaje ... Read More\" \/>\n<meta property=\"og:url\" content=\"http:\/\/vincentians.com\/es\/conceptos-clave-en-misiones-populares-11-importancia-de-todos\/\" \/>\n<meta property=\"og:site_name\" content=\"Somos Vicencianos\" \/>\n<meta property=\"article:publisher\" content=\"https:\/\/www.facebook.com\/WeAreVincentians\/\" \/>\n<meta property=\"article:author\" content=\"https:\/\/www.facebook.com\/JavierChento\" \/>\n<meta property=\"article:published_time\" content=\"2015-01-10T23:20:52+00:00\" \/>\n<meta name=\"author\" content=\"Francisco Javier Fern\u00e1ndez Chento\" \/>\n<meta name=\"twitter:card\" content=\"summary_large_image\" \/>\n<meta name=\"twitter:creator\" content=\"@https:\/\/twitter.com\/javierchento\" \/>\n<meta name=\"twitter:site\" content=\"@WeVincentians\" \/>\n<meta name=\"twitter:label1\" content=\"Escrito por\" \/>\n\t<meta name=\"twitter:data1\" content=\"Francisco Javier Fern\u00e1ndez Chento\" \/>\n\t<meta name=\"twitter:label2\" content=\"Tiempo de lectura\" \/>\n\t<meta name=\"twitter:data2\" content=\"4 minutos\" \/>\n<script type=\"application\/ld+json\" class=\"yoast-schema-graph\">{\"@context\":\"https:\/\/schema.org\",\"@graph\":[{\"@type\":\"Article\",\"@id\":\"http:\/\/vincentians.com\/es\/conceptos-clave-en-misiones-populares-11-importancia-de-todos\/#article\",\"isPartOf\":{\"@id\":\"http:\/\/vincentians.com\/es\/conceptos-clave-en-misiones-populares-11-importancia-de-todos\/\"},\"author\":{\"name\":\"Francisco Javier Fern\u00e1ndez Chento\",\"@id\":\"http:\/\/vincentians.com\/es\/#\/schema\/person\/9623ef4d9aa3b2dfb8c061f1499288f2\"},\"headline\":\"Conceptos clave en misiones populares 11: Importancia de todos\",\"datePublished\":\"2015-01-10T23:20:52+00:00\",\"mainEntityOfPage\":{\"@id\":\"http:\/\/vincentians.com\/es\/conceptos-clave-en-misiones-populares-11-importancia-de-todos\/\"},\"wordCount\":749,\"commentCount\":0,\"publisher\":{\"@id\":\"http:\/\/vincentians.com\/es\/#organization\"},\"image\":{\"@id\":\"http:\/\/vincentians.com\/es\/conceptos-clave-en-misiones-populares-11-importancia-de-todos\/#primaryimage\"},\"thumbnailUrl\":\"\",\"keywords\":[\"Misiones Populares\"],\"articleSection\":[\"Misiones populares\"],\"inLanguage\":\"es\",\"potentialAction\":[{\"@type\":\"CommentAction\",\"name\":\"Comment\",\"target\":[\"http:\/\/vincentians.com\/es\/conceptos-clave-en-misiones-populares-11-importancia-de-todos\/#respond\"]}]},{\"@type\":\"WebPage\",\"@id\":\"http:\/\/vincentians.com\/es\/conceptos-clave-en-misiones-populares-11-importancia-de-todos\/\",\"url\":\"http:\/\/vincentians.com\/es\/conceptos-clave-en-misiones-populares-11-importancia-de-todos\/\",\"name\":\"Conceptos clave en misiones populares 11: Importancia de todos - Somos Vicencianos\",\"isPartOf\":{\"@id\":\"http:\/\/vincentians.com\/es\/#website\"},\"primaryImageOfPage\":{\"@id\":\"http:\/\/vincentians.com\/es\/conceptos-clave-en-misiones-populares-11-importancia-de-todos\/#primaryimage\"},\"image\":{\"@id\":\"http:\/\/vincentians.com\/es\/conceptos-clave-en-misiones-populares-11-importancia-de-todos\/#primaryimage\"},\"thumbnailUrl\":\"\",\"datePublished\":\"2015-01-10T23:20:52+00:00\",\"breadcrumb\":{\"@id\":\"http:\/\/vincentians.com\/es\/conceptos-clave-en-misiones-populares-11-importancia-de-todos\/#breadcrumb\"},\"inLanguage\":\"es\",\"potentialAction\":[{\"@type\":\"ReadAction\",\"target\":[\"http:\/\/vincentians.com\/es\/conceptos-clave-en-misiones-populares-11-importancia-de-todos\/\"]}]},{\"@type\":\"ImageObject\",\"inLanguage\":\"es\",\"@id\":\"http:\/\/vincentians.com\/es\/conceptos-clave-en-misiones-populares-11-importancia-de-todos\/#primaryimage\",\"url\":\"\",\"contentUrl\":\"\"},{\"@type\":\"BreadcrumbList\",\"@id\":\"http:\/\/vincentians.com\/es\/conceptos-clave-en-misiones-populares-11-importancia-de-todos\/#breadcrumb\",\"itemListElement\":[{\"@type\":\"ListItem\",\"position\":1,\"name\":\"Portada\",\"item\":\"http:\/\/vincentians.com\/es\/\"},{\"@type\":\"ListItem\",\"position\":2,\"name\":\"Conceptos clave en misiones populares 11: Importancia de todos\"}]},{\"@type\":\"WebSite\",\"@id\":\"http:\/\/vincentians.com\/es\/#website\",\"url\":\"http:\/\/vincentians.com\/es\/\",\"name\":\"Somos Vicencianos\",\"description\":\"Know more to serve more\",\"publisher\":{\"@id\":\"http:\/\/vincentians.com\/es\/#organization\"},\"potentialAction\":[{\"@type\":\"SearchAction\",\"target\":{\"@type\":\"EntryPoint\",\"urlTemplate\":\"http:\/\/vincentians.com\/es\/?s={search_term_string}\"},\"query-input\":{\"@type\":\"PropertyValueSpecification\",\"valueRequired\":true,\"valueName\":\"search_term_string\"}}],\"inLanguage\":\"es\"},{\"@type\":\"Organization\",\"@id\":\"http:\/\/vincentians.com\/es\/#organization\",\"name\":\"The Vincentian Network\",\"url\":\"http:\/\/vincentians.com\/es\/\",\"logo\":{\"@type\":\"ImageObject\",\"inLanguage\":\"es\",\"@id\":\"http:\/\/vincentians.com\/es\/#\/schema\/logo\/image\/\",\"url\":\"https:\/\/i1.wp.com\/vincentians.com\/es\/wp-content\/uploads\/sites\/11\/2016\/06\/Vincentian-Network-logo-big.png?fit=778%2C778\",\"contentUrl\":\"https:\/\/i1.wp.com\/vincentians.com\/es\/wp-content\/uploads\/sites\/11\/2016\/06\/Vincentian-Network-logo-big.png?fit=778%2C778\",\"width\":778,\"height\":778,\"caption\":\"The Vincentian Network\"},\"image\":{\"@id\":\"http:\/\/vincentians.com\/es\/#\/schema\/logo\/image\/\"},\"sameAs\":[\"https:\/\/www.facebook.com\/WeAreVincentians\/\",\"https:\/\/x.com\/WeVincentians\"]},{\"@type\":\"Person\",\"@id\":\"http:\/\/vincentians.com\/es\/#\/schema\/person\/9623ef4d9aa3b2dfb8c061f1499288f2\",\"name\":\"Francisco Javier Fern\u00e1ndez Chento\",\"image\":{\"@type\":\"ImageObject\",\"inLanguage\":\"es\",\"@id\":\"http:\/\/vincentians.com\/es\/#\/schema\/person\/image\/\",\"url\":\"https:\/\/secure.gravatar.com\/avatar\/497d5cde87b4c3d097d0315953521681ba2cd523ee66e5077c3711f7021e65de?s=96&d=mm&r=g\",\"contentUrl\":\"https:\/\/secure.gravatar.com\/avatar\/497d5cde87b4c3d097d0315953521681ba2cd523ee66e5077c3711f7021e65de?s=96&d=mm&r=g\",\"caption\":\"Francisco Javier Fern\u00e1ndez Chento\"},\"description\":\"Director General y cofundador de La Red de Formaci\u00f3n Vicenciana. Javier es laico vicenciano, afiliado a la Congregaci\u00f3n de la Misi\u00f3n y miembro del Equipo de Misiones Populares de la provincia can\u00f3nica de Zaragoza (Espa\u00f1a) de la Congregaci\u00f3n de la Misi\u00f3n. Graduado en la Universidad Oberta de Catalunya con cuatro grados (Asistente de direcci\u00f3n, Gesti\u00f3n Administrativa, Recursos Humanos y Contabilidad Avanzada). Bil\u00edng\u00fce Espa\u00f1ol\/Ingl\u00e9s. gestiona y mantiene varias p\u00e1ginas web cristianas y vicencianas, incluida including La Red de Formaci\u00f3n Vicenciana, de la que es cofundador. Actualmente es responsable del \u00e1rea de Espa\u00f1ol de .famvin, la Red de Noticias de la Familia Vicenciana. Tambi\u00e9n es m\u00fasico cat\u00f3lico y ha editado varios discos. Es Director General y cofundador de Trovador, una reconocida compa\u00f1\u00eda discogr\u00e1fica critiana de Espa\u00f1a. Trabaja en las Tecnolog\u00edas de la Informaci\u00f3n, ofreciendo servicios de alojamiento, dise\u00f1o y mantenimiento Web, as\u00ed como asesoramiento, formaci\u00f3n y soluciones inform\u00e1ticas, gesti\u00f3n documental y digitalizaci\u00f3n de textos, edici\u00f3n y maquetaci\u00f3n de libros, revistas, flyers, etc.\",\"sameAs\":[\"http:\/\/chento.org\",\"https:\/\/www.facebook.com\/JavierChento\",\"https:\/\/x.com\/https:\/\/twitter.com\/javierchento\"],\"url\":\"http:\/\/vincentians.com\/es\/author\/chento\/\"}]}<\/script>\n<!-- \/ Yoast SEO plugin. -->","yoast_head_json":{"title":"Conceptos clave en misiones populares 11: Importancia de todos - Somos Vicencianos","robots":{"index":"index","follow":"follow","max-snippet":"max-snippet:-1","max-image-preview":"max-image-preview:large","max-video-preview":"max-video-preview:-1"},"canonical":"http:\/\/vincentians.com\/es\/conceptos-clave-en-misiones-populares-11-importancia-de-todos\/","og_locale":"es_ES","og_type":"article","og_title":"Conceptos clave en misiones populares 11: Importancia de todos - Somos Vicencianos","og_description":"&#8211; \u00bfPara qui\u00e9n es la Misi\u00f3n? \u00bfA qu\u00e9 tipo de personas se dirige? &#8211; A todas. Como el Sembrador de la par\u00e1bola, nosotros debemos poner a prueba todos los terrenos; tenemos que arriesgar el Mensaje ... Read More","og_url":"http:\/\/vincentians.com\/es\/conceptos-clave-en-misiones-populares-11-importancia-de-todos\/","og_site_name":"Somos Vicencianos","article_publisher":"https:\/\/www.facebook.com\/WeAreVincentians\/","article_author":"https:\/\/www.facebook.com\/JavierChento","article_published_time":"2015-01-10T23:20:52+00:00","author":"Francisco Javier Fern\u00e1ndez Chento","twitter_card":"summary_large_image","twitter_creator":"@https:\/\/twitter.com\/javierchento","twitter_site":"@WeVincentians","twitter_misc":{"Escrito por":"Francisco Javier Fern\u00e1ndez Chento","Tiempo de lectura":"4 minutos"},"schema":{"@context":"https:\/\/schema.org","@graph":[{"@type":"Article","@id":"http:\/\/vincentians.com\/es\/conceptos-clave-en-misiones-populares-11-importancia-de-todos\/#article","isPartOf":{"@id":"http:\/\/vincentians.com\/es\/conceptos-clave-en-misiones-populares-11-importancia-de-todos\/"},"author":{"name":"Francisco Javier Fern\u00e1ndez Chento","@id":"http:\/\/vincentians.com\/es\/#\/schema\/person\/9623ef4d9aa3b2dfb8c061f1499288f2"},"headline":"Conceptos clave en misiones populares 11: Importancia de todos","datePublished":"2015-01-10T23:20:52+00:00","mainEntityOfPage":{"@id":"http:\/\/vincentians.com\/es\/conceptos-clave-en-misiones-populares-11-importancia-de-todos\/"},"wordCount":749,"commentCount":0,"publisher":{"@id":"http:\/\/vincentians.com\/es\/#organization"},"image":{"@id":"http:\/\/vincentians.com\/es\/conceptos-clave-en-misiones-populares-11-importancia-de-todos\/#primaryimage"},"thumbnailUrl":"","keywords":["Misiones Populares"],"articleSection":["Misiones populares"],"inLanguage":"es","potentialAction":[{"@type":"CommentAction","name":"Comment","target":["http:\/\/vincentians.com\/es\/conceptos-clave-en-misiones-populares-11-importancia-de-todos\/#respond"]}]},{"@type":"WebPage","@id":"http:\/\/vincentians.com\/es\/conceptos-clave-en-misiones-populares-11-importancia-de-todos\/","url":"http:\/\/vincentians.com\/es\/conceptos-clave-en-misiones-populares-11-importancia-de-todos\/","name":"Conceptos clave en misiones populares 11: Importancia de todos - Somos Vicencianos","isPartOf":{"@id":"http:\/\/vincentians.com\/es\/#website"},"primaryImageOfPage":{"@id":"http:\/\/vincentians.com\/es\/conceptos-clave-en-misiones-populares-11-importancia-de-todos\/#primaryimage"},"image":{"@id":"http:\/\/vincentians.com\/es\/conceptos-clave-en-misiones-populares-11-importancia-de-todos\/#primaryimage"},"thumbnailUrl":"","datePublished":"2015-01-10T23:20:52+00:00","breadcrumb":{"@id":"http:\/\/vincentians.com\/es\/conceptos-clave-en-misiones-populares-11-importancia-de-todos\/#breadcrumb"},"inLanguage":"es","potentialAction":[{"@type":"ReadAction","target":["http:\/\/vincentians.com\/es\/conceptos-clave-en-misiones-populares-11-importancia-de-todos\/"]}]},{"@type":"ImageObject","inLanguage":"es","@id":"http:\/\/vincentians.com\/es\/conceptos-clave-en-misiones-populares-11-importancia-de-todos\/#primaryimage","url":"","contentUrl":""},{"@type":"BreadcrumbList","@id":"http:\/\/vincentians.com\/es\/conceptos-clave-en-misiones-populares-11-importancia-de-todos\/#breadcrumb","itemListElement":[{"@type":"ListItem","position":1,"name":"Portada","item":"http:\/\/vincentians.com\/es\/"},{"@type":"ListItem","position":2,"name":"Conceptos clave en misiones populares 11: Importancia de todos"}]},{"@type":"WebSite","@id":"http:\/\/vincentians.com\/es\/#website","url":"http:\/\/vincentians.com\/es\/","name":"Somos Vicencianos","description":"Know more to serve more","publisher":{"@id":"http:\/\/vincentians.com\/es\/#organization"},"potentialAction":[{"@type":"SearchAction","target":{"@type":"EntryPoint","urlTemplate":"http:\/\/vincentians.com\/es\/?s={search_term_string}"},"query-input":{"@type":"PropertyValueSpecification","valueRequired":true,"valueName":"search_term_string"}}],"inLanguage":"es"},{"@type":"Organization","@id":"http:\/\/vincentians.com\/es\/#organization","name":"The Vincentian Network","url":"http:\/\/vincentians.com\/es\/","logo":{"@type":"ImageObject","inLanguage":"es","@id":"http:\/\/vincentians.com\/es\/#\/schema\/logo\/image\/","url":"https:\/\/i1.wp.com\/vincentians.com\/es\/wp-content\/uploads\/sites\/11\/2016\/06\/Vincentian-Network-logo-big.png?fit=778%2C778","contentUrl":"https:\/\/i1.wp.com\/vincentians.com\/es\/wp-content\/uploads\/sites\/11\/2016\/06\/Vincentian-Network-logo-big.png?fit=778%2C778","width":778,"height":778,"caption":"The Vincentian Network"},"image":{"@id":"http:\/\/vincentians.com\/es\/#\/schema\/logo\/image\/"},"sameAs":["https:\/\/www.facebook.com\/WeAreVincentians\/","https:\/\/x.com\/WeVincentians"]},{"@type":"Person","@id":"http:\/\/vincentians.com\/es\/#\/schema\/person\/9623ef4d9aa3b2dfb8c061f1499288f2","name":"Francisco Javier Fern\u00e1ndez Chento","image":{"@type":"ImageObject","inLanguage":"es","@id":"http:\/\/vincentians.com\/es\/#\/schema\/person\/image\/","url":"https:\/\/secure.gravatar.com\/avatar\/497d5cde87b4c3d097d0315953521681ba2cd523ee66e5077c3711f7021e65de?s=96&d=mm&r=g","contentUrl":"https:\/\/secure.gravatar.com\/avatar\/497d5cde87b4c3d097d0315953521681ba2cd523ee66e5077c3711f7021e65de?s=96&d=mm&r=g","caption":"Francisco Javier Fern\u00e1ndez Chento"},"description":"Director General y cofundador de La Red de Formaci\u00f3n Vicenciana. Javier es laico vicenciano, afiliado a la Congregaci\u00f3n de la Misi\u00f3n y miembro del Equipo de Misiones Populares de la provincia can\u00f3nica de Zaragoza (Espa\u00f1a) de la Congregaci\u00f3n de la Misi\u00f3n. Graduado en la Universidad Oberta de Catalunya con cuatro grados (Asistente de direcci\u00f3n, Gesti\u00f3n Administrativa, Recursos Humanos y Contabilidad Avanzada). Bil\u00edng\u00fce Espa\u00f1ol\/Ingl\u00e9s. gestiona y mantiene varias p\u00e1ginas web cristianas y vicencianas, incluida including La Red de Formaci\u00f3n Vicenciana, de la que es cofundador. Actualmente es responsable del \u00e1rea de Espa\u00f1ol de .famvin, la Red de Noticias de la Familia Vicenciana. Tambi\u00e9n es m\u00fasico cat\u00f3lico y ha editado varios discos. Es Director General y cofundador de Trovador, una reconocida compa\u00f1\u00eda discogr\u00e1fica critiana de Espa\u00f1a. Trabaja en las Tecnolog\u00edas de la Informaci\u00f3n, ofreciendo servicios de alojamiento, dise\u00f1o y mantenimiento Web, as\u00ed como asesoramiento, formaci\u00f3n y soluciones inform\u00e1ticas, gesti\u00f3n documental y digitalizaci\u00f3n de textos, edici\u00f3n y maquetaci\u00f3n de libros, revistas, flyers, etc.","sameAs":["http:\/\/chento.org","https:\/\/www.facebook.com\/JavierChento","https:\/\/x.com\/https:\/\/twitter.com\/javierchento"],"url":"http:\/\/vincentians.com\/es\/author\/chento\/"}]}},"jetpack_publicize_connections":[],"jetpack_featured_media_url":"","jetpack_sharing_enabled":true,"jetpack_shortlink":"https:\/\/wp.me\/p7ETMF-2w","jetpack-related-posts":[{"id":122904,"url":"http:\/\/vincentians.com\/es\/bebiendo-de-las-raices-de-nuestra-fe-el-laicado\/","url_meta":{"origin":156,"position":0},"title":"Bebiendo de las ra\u00edces de nuestra Fe: El laicado","author":"Francisco Javier Fern\u00e1ndez Chento","date":"05\/10\/2022","format":false,"excerpt":"\"Para liberar al hombre contempor\u00e1neo del miedo de s\u00ed mismo y de todo s\u00edntoma de miedo servil, es necesario que cultive el verdadero temor de Dios, que es principio de la sabidur\u00eda. Ese temor de Dios es la fuerza del Evangelio. Genera hombres santos, es decir verdaderos cristianos, a quienes\u2026","rel":"","context":"En \u00abFormaci\u00f3n Cristiana\u00bb","block_context":{"text":"Formaci\u00f3n Cristiana","link":"http:\/\/vincentians.com\/es\/category\/formacion-cristiana\/"},"img":{"alt_text":"","src":"https:\/\/i0.wp.com\/vincentians.com\/es\/wp-content\/uploads\/sites\/11\/2013\/04\/Avila.jpg?fit=1200%2C900&resize=350%2C200","width":350,"height":200,"srcset":"https:\/\/i0.wp.com\/vincentians.com\/es\/wp-content\/uploads\/sites\/11\/2013\/04\/Avila.jpg?fit=1200%2C900&resize=350%2C200 1x, https:\/\/i0.wp.com\/vincentians.com\/es\/wp-content\/uploads\/sites\/11\/2013\/04\/Avila.jpg?fit=1200%2C900&resize=525%2C300 1.5x, https:\/\/i0.wp.com\/vincentians.com\/es\/wp-content\/uploads\/sites\/11\/2013\/04\/Avila.jpg?fit=1200%2C900&resize=700%2C400 2x, https:\/\/i0.wp.com\/vincentians.com\/es\/wp-content\/uploads\/sites\/11\/2013\/04\/Avila.jpg?fit=1200%2C900&resize=1050%2C600 3x"},"classes":[]},{"id":131322,"url":"http:\/\/vincentians.com\/es\/iluminados-por-el-evangelio\/","url_meta":{"origin":156,"position":1},"title":"Iluminados por el Evangelio","author":"Francisco Javier Fern\u00e1ndez Chento","date":"21\/09\/2014","format":false,"excerpt":"\"Yo soy la luz del mundo, el que me sigue no andar\u00e1 en tinieblas, tendr\u00e1 la luz de la vida\". (Jn 8,12) \"Supuesto este fin, la Congregaci\u00f3n de la Misi\u00f3n atendiendo siempre al Evangelio, a los signos de los tiempos y a las peticiones m\u00e1s urgentes de la Iglesia, procurar\u00e1\u2026","rel":"","context":"En \u00abEspiritualidad vicenciana\u00bb","block_context":{"text":"Espiritualidad vicenciana","link":"http:\/\/vincentians.com\/es\/category\/espiritualidad\/espiritualidad-vicenciana\/"},"img":{"alt_text":"evangelio","src":"https:\/\/i0.wp.com\/vicencianos.org\/wp-content\/2014\/09\/evangelio-300x225.jpg?resize=350%2C200","width":350,"height":200},"classes":[]},{"id":119438,"url":"http:\/\/vincentians.com\/es\/anunciar-a-jesucristo-hoy\/","url_meta":{"origin":156,"position":2},"title":"Anunciar a Jesucristo, hoy","author":"Francisco Javier Fern\u00e1ndez Chento","date":"10\/04\/2013","format":false,"excerpt":"I - Un nuevo escenario cultural Vivimos un momento de cambios y transformaciones importantes en todos los \u00e1mbitos de la existencia humana; \"una acelerada transformaci\u00f3n\" de la sociedad ha generado un nuevo escenario cultural caracterizado por la p\u00e9rdida de la consistencia ontol\u00f3gica del alma, una crisis de verdad, una perversi\u00f3n\u2026","rel":"","context":"En \u00abFormaci\u00f3n Cristiana\u00bb","block_context":{"text":"Formaci\u00f3n Cristiana","link":"http:\/\/vincentians.com\/es\/category\/formacion-cristiana\/"},"img":{"alt_text":"anunciar","src":"https:\/\/i0.wp.com\/vicencianos.org\/wp-content\/2013\/04\/anunciar-211x300.jpg?resize=350%2C200","width":350,"height":200},"classes":[]},{"id":131324,"url":"http:\/\/vincentians.com\/es\/atentos-a-los-signos-de-los-tiempos\/","url_meta":{"origin":156,"position":3},"title":"Atentos a los signos de los tiempos","author":"Francisco Javier Fern\u00e1ndez Chento","date":"25\/05\/2015","format":false,"excerpt":"\"Al caer de la tarde dec\u00eds: Est\u00e1 el cielo colorado, va a hacer bueno. Por la ma\u00f1ana dec\u00eds: Est\u00e1 el cielo de color triste, hoy va a haber tormenta. El aspecto del cielo sab\u00e9is interpretarlo, \u00bfy las se\u00f1ales de cada momento no sois capaces?\".(Mt 16,2-3). \"Supuesto este fin, la Congregaci\u00f3n\u2026","rel":"","context":"En \u00abEspiritualidad vicenciana\u00bb","block_context":{"text":"Espiritualidad vicenciana","link":"http:\/\/vincentians.com\/es\/category\/espiritualidad\/espiritualidad-vicenciana\/"},"img":{"alt_text":"piedad","src":"https:\/\/i0.wp.com\/vicencianos.org\/wp-content\/2014\/09\/piedad-300x198.jpg?resize=350%2C200","width":350,"height":200},"classes":[]},{"id":120365,"url":"http:\/\/vincentians.com\/es\/dinamica-y-contenidos-de-la-mision-popular\/","url_meta":{"origin":156,"position":4},"title":"Din\u00e1mica y contenidos de la misi\u00f3n popular","author":"Francisco Javier Fern\u00e1ndez Chento","date":"10\/05\/2013","format":false,"excerpt":"Abordar la din\u00e1mica y contenidos de la misi\u00f3n popular es arriesgado, por lo mucho vivido y por lo poco sistematizado en publicaciones. Estas p\u00e1ginas van a correr, pues, un riesgo. Salen alentadas por el deseo de contribuci\u00f3n a la s\u00edntesis de una riqueza pastoral escondida en la historia, y a\u2026","rel":"","context":"En \u00abMisiones \u00abAd gentes\u00bb\u00bb","block_context":{"text":"Misiones \u00abAd gentes\u00bb","link":"http:\/\/vincentians.com\/es\/category\/servicios-y-ministerios\/misiones-ad-gentes\/"},"img":{"alt_text":"granados","src":"https:\/\/i0.wp.com\/vicencianos.org\/wp-content\/2013\/04\/granados-300x186.jpg?resize=350%2C200","width":350,"height":200},"classes":[]},{"id":94,"url":"http:\/\/vincentians.com\/es\/conceptos-clave-en-misiones-populares-02-renovacion\/","url_meta":{"origin":156,"position":5},"title":"Conceptos clave en misiones populares 02: Renovaci\u00f3n","author":"Francisco Javier Fern\u00e1ndez Chento","date":"02\/01\/2015","format":false,"excerpt":"Hoy se emplea con frecuencia una expresi\u00f3n en la propaganda misionera: \"misiones renovadas\". Pero, tenemos que preguntarnos, \u00bfes as\u00ed? Porque da la sensaci\u00f3n que, empezando por los responsables de las comunidades, hay quien no cree que se pueda renovar una comunidad con una misi\u00f3n. Por eso, debemos preguntarnos, \"cu\u00e1ndo\", \"bajo\u2026","rel":"","context":"En \u00abMisiones populares\u00bb","block_context":{"text":"Misiones populares","link":"http:\/\/vincentians.com\/es\/category\/servicios-y-ministerios\/misiones-populares-misiones\/"},"img":{"alt_text":"Reuni\u00f3n de formaci\u00f3n de misioneros pa\u00fales y seglares. Zaragoza, Diciembre de 2010.","src":"https:\/\/i0.wp.com\/vicencianos.org\/wp-content\/2015\/01\/reunion_formacion-300x225.jpg?resize=350%2C200","width":350,"height":200},"classes":[]}],"_links":{"self":[{"href":"http:\/\/vincentians.com\/es\/wp-json\/wp\/v2\/posts\/156","targetHints":{"allow":["GET"]}}],"collection":[{"href":"http:\/\/vincentians.com\/es\/wp-json\/wp\/v2\/posts"}],"about":[{"href":"http:\/\/vincentians.com\/es\/wp-json\/wp\/v2\/types\/post"}],"author":[{"embeddable":true,"href":"http:\/\/vincentians.com\/es\/wp-json\/wp\/v2\/users\/4"}],"replies":[{"embeddable":true,"href":"http:\/\/vincentians.com\/es\/wp-json\/wp\/v2\/comments?post=156"}],"version-history":[{"count":0,"href":"http:\/\/vincentians.com\/es\/wp-json\/wp\/v2\/posts\/156\/revisions"}],"wp:featuredmedia":[{"embeddable":true,"href":"http:\/\/vincentians.com\/es\/wp-json\/"}],"wp:attachment":[{"href":"http:\/\/vincentians.com\/es\/wp-json\/wp\/v2\/media?parent=156"}],"wp:term":[{"taxonomy":"category","embeddable":true,"href":"http:\/\/vincentians.com\/es\/wp-json\/wp\/v2\/categories?post=156"},{"taxonomy":"post_tag","embeddable":true,"href":"http:\/\/vincentians.com\/es\/wp-json\/wp\/v2\/tags?post=156"}],"curies":[{"name":"wp","href":"https:\/\/api.w.org\/{rel}","templated":true}]}}