{"id":15441,"date":"2010-04-17T00:01:07","date_gmt":"2010-04-16T22:01:07","guid":{"rendered":"http:\/\/www.vicencianos.org\/web\/2010\/04\/17\/vicente-de-paul-documento-130-contrato-de-renta-entre-los-sacerdotes-de-la-mision-luisa-de-marillac-y-el-senor-gilles-guerin\/"},"modified":"2016-07-26T19:51:01","modified_gmt":"2016-07-26T17:51:01","slug":"vicente-de-paul-documento-130-contrato-de-renta-entre-los-sacerdotes-de-la-mision-luisa-de-marillac-y-el-senor-gilles-guerin","status":"publish","type":"post","link":"http:\/\/vincentians.com\/es\/vicente-de-paul-documento-130-contrato-de-renta-entre-los-sacerdotes-de-la-mision-luisa-de-marillac-y-el-senor-gilles-guerin\/","title":{"rendered":"Vicente de Pa\u00fal, Documento 130: Contrato De Renta Entre Los Sacerdotes De La Misi\u00f3n, Luisa De Marillac Y El Se\u00f1or Gilles Guerin"},"content":{"rendered":"<p>26 agosto 1631<\/p>\n<p>Estuvieron presentes los Srs. Vicens Depaul, sacerdote, licenciado en derecho can\u00f3nico y superior de la Congregaci\u00f3n de sacerdotes de la Misi\u00f3n, Anthoine Portail, Jehan de la Salle, Jehan B\u00e9cu, procurador de la Congregaci\u00f3n, Jehan Dehorgny, sacerdotes todos ellos de dicha Congregaci\u00f3n, con residencia en el colegio Bons-Enfants, establecido en rue Saint-Victor y que en el momento actual forman y representan la parte mejor y mayor de dichos sacerdotes de la Misi\u00f3n. Reunidos \u00e9stos en la sala de dicho colegio para aconsejarse y tratar los asuntos de dicha Congregaci\u00f3n, reconocen, confiesan y declaran que, aunque la se\u00f1orita Luisa Marillac, viuda del difunto noble Se\u00f1or Anthoine le Gras, en vida secretario de la Reina Madre, de consuno y solidariamente con ellos haya vendido y constituido ciento sesenta y ocho libras con quince sueldos en moneda turonesa de renta sobre las herencias y bienes, as\u00ed en especial como en general, por dicho contrato y dicha constituci\u00f3n, que en este d\u00eda de hoy se pasa ante los notarios abajo firmantes a favor del noble Se\u00f1or Gu\u00e9rin, consejero del Rey y corrector de sus cuentas, por la suma de dos mil setecientas libras turonesas, que ellos habr\u00edan conjuntamente reconocido y confesado recibidas del susodicho Se\u00f1or Gu\u00e9rin en especies, con la facultad de amortizarla, seg\u00fan se contiene m\u00e1s extensamente en este contrato. Sin embargo, la verdad ser\u00eda y es, que lo que dicha se\u00f1orita hizo, entrando con ellos en dicha constituci\u00f3n, no fue m\u00e1s que para complacerles y facilitar la recuperaci\u00f3n de dicha suma de dos mil setecientas libras, para la que ella se constituy\u00f3, y de la que no ha obtenido provecho alguno, por haber ido a aprovechar a los dichos superior y sacerdotes de la Misi\u00f3n, quienes, pasado dicho contrato de constituci\u00f3n, al instante la habr\u00edan percibido y retenido, al objeto de que se emplease en el provecho particular de dichos sacerdotes de la Misi\u00f3n. Por esta causa, prometen y se comprometen en la calidad dicha los que aqu\u00ed comparecen y en presencia de esta se\u00f1orita Luisa de Marillac, que lo acepta, absolver, garantizar, indemnizar y compensar a ella, a sus bienes y persona, por el derecho que dicha renta de CLVIII libras XV sueldos tiene; as\u00ed en cuanto a la sustancia de esa suma como en cuanto a los gastos y costos legales, se la pagar\u00e1n y continuar\u00e1n pagando anualmente los cuatro trimestres en que es pagadera, y le presentar\u00e1n recibos que la descarguen, absolvi\u00e9ndola asimismo de las p\u00e9rdidas, gastos, perjuicios e intereses en que pudiese caer e incurrir por esta causa, y har\u00e1n de manera que en modo alguno pueda ser por ellos demandada y procesada por raz\u00f3n alguna, bajo pena de entregarle y pagarle todo lo que se haya gastado y desembolsado o aquello cuyo pago se decrete y el cual se fuerce, tanto si ellos lo ignoran como si lo desean, por id\u00e9nticas v\u00edas y penas a como ella podr\u00eda ser demandada y procesada, y que adem\u00e1s reembolsen y amorticen dicha renta dentro de los cuatro a\u00f1os que vienen, y ocho d\u00edas despu\u00e9s, que le lleven recibo de dicha amortizaci\u00f3n a expensas propias, extendi\u00e9ndole una copia cotejada con el original por dos notarios del dicho Chastelet, lo mismo que de todos los documentos y contratos aqu\u00ed mencionados, si a ella bien pareciere. Y para la ejecuci\u00f3n de la presente y sus consecuencias, dichos se\u00f1ores que aqu\u00ed comparecen eligieron y eligen domicilio irrevocable y perpetuo en dicho colegio Bons-Enfants, donde viven dichos padres de la Misi\u00f3n y donde quieren, consiente y otorgan que todas las actas y capitulaciones que all\u00ed contra ellos se ejecuten por raz\u00f3n de lo contenido en las presente sea de tal efecto, fuerza y virtud, como si se pronunciasen en su propia persona y verdadero domicilio. Con las obligaciones&#8230; renuncias&#8230;<\/p>\n<p>Dado y pasado en la sala de dicho colegio la tarde del d\u00eda veintis\u00e9is de agosto, mil seiscientos treinta y uno. Y han firmado:<\/p>\n<p>VINCENS DEPAUL, A. PORTAIL, J. DE LA SALLE, J. B\u00c9CU, J. DEHORGNY. LOUISE DE MARILLAC. CAPITAIN. CHARLES<\/p>\n","protected":false},"excerpt":{"rendered":"<p>26 agosto 1631 Estuvieron presentes los Srs. Vicens Depaul, sacerdote, licenciado en derecho can\u00f3nico y superior de la Congregaci\u00f3n de sacerdotes de la Misi\u00f3n, Anthoine Portail, Jehan de la Salle, Jehan B\u00e9cu, procurador de la &#8230; <a href=\"http:\/\/vincentians.com\/es\/vicente-de-paul-documento-130-contrato-de-renta-entre-los-sacerdotes-de-la-mision-luisa-de-marillac-y-el-senor-gilles-guerin\/\" class=\"more-link\">Read More<\/a><\/p>\n","protected":false},"author":4,"featured_media":393753,"comment_status":"open","ping_status":"open","sticky":false,"template":"","format":"standard","meta":{"jetpack_post_was_ever_published":false,"_jetpack_newsletter_access":"","_jetpack_dont_email_post_to_subs":false,"_jetpack_newsletter_tier_id":0,"_jetpack_memberships_contains_paywalled_content":false,"_jetpack_memberships_contains_paid_content":false,"footnotes":"","jetpack_publicize_message":"","jetpack_publicize_feature_enabled":true,"jetpack_social_post_already_shared":true,"jetpack_social_options":{"image_generator_settings":{"template":"highway","default_image_id":0,"font":"","enabled":false},"version":2}},"categories":[65],"tags":[126,127],"class_list":["post-15441","post","type-post","status-publish","format-standard","has-post-thumbnail","hentry","category-escritos-de-vicente-de-paul","tag-dehorgny","tag-portail"],"yoast_head":"<!-- This site is optimized with the Yoast SEO plugin v26.3 - https:\/\/yoast.com\/wordpress\/plugins\/seo\/ -->\n<title>Vicente de Pa\u00fal, Documento 130: Contrato De Renta Entre Los Sacerdotes De La Misi\u00f3n, Luisa De Marillac Y El Se\u00f1or Gilles Guerin - Somos Vicencianos<\/title>\n<meta name=\"robots\" content=\"index, follow, max-snippet:-1, max-image-preview:large, max-video-preview:-1\" \/>\n<link rel=\"canonical\" href=\"http:\/\/vincentians.com\/es\/vicente-de-paul-documento-130-contrato-de-renta-entre-los-sacerdotes-de-la-mision-luisa-de-marillac-y-el-senor-gilles-guerin\/\" \/>\n<meta property=\"og:locale\" content=\"es_ES\" \/>\n<meta property=\"og:type\" content=\"article\" \/>\n<meta property=\"og:title\" content=\"Vicente de Pa\u00fal, Documento 130: Contrato De Renta Entre Los Sacerdotes De La Misi\u00f3n, Luisa De Marillac Y El Se\u00f1or Gilles Guerin - Somos Vicencianos\" \/>\n<meta property=\"og:description\" content=\"26 agosto 1631 Estuvieron presentes los Srs. Vicens Depaul, sacerdote, licenciado en derecho can\u00f3nico y superior de la Congregaci\u00f3n de sacerdotes de la Misi\u00f3n, Anthoine Portail, Jehan de la Salle, Jehan B\u00e9cu, procurador de la ... Read More\" \/>\n<meta property=\"og:url\" content=\"http:\/\/vincentians.com\/es\/vicente-de-paul-documento-130-contrato-de-renta-entre-los-sacerdotes-de-la-mision-luisa-de-marillac-y-el-senor-gilles-guerin\/\" \/>\n<meta property=\"og:site_name\" content=\"Somos Vicencianos\" \/>\n<meta property=\"article:publisher\" content=\"https:\/\/www.facebook.com\/WeAreVincentians\/\" \/>\n<meta property=\"article:author\" content=\"https:\/\/www.facebook.com\/JavierChento\" \/>\n<meta property=\"article:published_time\" content=\"2010-04-16T22:01:07+00:00\" \/>\n<meta property=\"article:modified_time\" content=\"2016-07-26T17:51:01+00:00\" \/>\n<meta property=\"og:image\" content=\"https:\/\/i0.wp.com\/vincentians.com\/es\/wp-content\/uploads\/sites\/11\/2016\/07\/escritos-vicente-de-paul.jpg?fit=1200%2C630\" \/>\n\t<meta property=\"og:image:width\" content=\"1200\" \/>\n\t<meta property=\"og:image:height\" content=\"630\" \/>\n\t<meta property=\"og:image:type\" content=\"image\/jpeg\" \/>\n<meta name=\"author\" content=\"Francisco Javier Fern\u00e1ndez Chento\" \/>\n<meta name=\"twitter:card\" content=\"summary_large_image\" \/>\n<meta name=\"twitter:creator\" content=\"@https:\/\/twitter.com\/javierchento\" \/>\n<meta name=\"twitter:site\" content=\"@WeVincentians\" \/>\n<meta name=\"twitter:label1\" content=\"Escrito por\" \/>\n\t<meta name=\"twitter:data1\" content=\"Francisco Javier Fern\u00e1ndez Chento\" \/>\n\t<meta name=\"twitter:label2\" content=\"Tiempo de lectura\" \/>\n\t<meta name=\"twitter:data2\" content=\"4 minutos\" \/>\n<script type=\"application\/ld+json\" class=\"yoast-schema-graph\">{\"@context\":\"https:\/\/schema.org\",\"@graph\":[{\"@type\":\"Article\",\"@id\":\"http:\/\/vincentians.com\/es\/vicente-de-paul-documento-130-contrato-de-renta-entre-los-sacerdotes-de-la-mision-luisa-de-marillac-y-el-senor-gilles-guerin\/#article\",\"isPartOf\":{\"@id\":\"http:\/\/vincentians.com\/es\/vicente-de-paul-documento-130-contrato-de-renta-entre-los-sacerdotes-de-la-mision-luisa-de-marillac-y-el-senor-gilles-guerin\/\"},\"author\":{\"name\":\"Francisco Javier Fern\u00e1ndez Chento\",\"@id\":\"https:\/\/vincentians.com\/es\/#\/schema\/person\/9623ef4d9aa3b2dfb8c061f1499288f2\"},\"headline\":\"Vicente de Pa\u00fal, Documento 130: Contrato De Renta Entre Los Sacerdotes De La Misi\u00f3n, Luisa De Marillac Y El Se\u00f1or Gilles Guerin\",\"datePublished\":\"2010-04-16T22:01:07+00:00\",\"dateModified\":\"2016-07-26T17:51:01+00:00\",\"mainEntityOfPage\":{\"@id\":\"http:\/\/vincentians.com\/es\/vicente-de-paul-documento-130-contrato-de-renta-entre-los-sacerdotes-de-la-mision-luisa-de-marillac-y-el-senor-gilles-guerin\/\"},\"wordCount\":741,\"commentCount\":0,\"publisher\":{\"@id\":\"https:\/\/vincentians.com\/es\/#organization\"},\"image\":{\"@id\":\"http:\/\/vincentians.com\/es\/vicente-de-paul-documento-130-contrato-de-renta-entre-los-sacerdotes-de-la-mision-luisa-de-marillac-y-el-senor-gilles-guerin\/#primaryimage\"},\"thumbnailUrl\":\"https:\/\/i0.wp.com\/vincentians.com\/es\/wp-content\/uploads\/sites\/11\/2016\/07\/escritos-vicente-de-paul.jpg?fit=1200%2C630\",\"keywords\":[\"Dehorgny\",\"Portail\"],\"articleSection\":[\"Escritos de Vicente de Pa\u00fal\"],\"inLanguage\":\"es\",\"potentialAction\":[{\"@type\":\"CommentAction\",\"name\":\"Comment\",\"target\":[\"http:\/\/vincentians.com\/es\/vicente-de-paul-documento-130-contrato-de-renta-entre-los-sacerdotes-de-la-mision-luisa-de-marillac-y-el-senor-gilles-guerin\/#respond\"]}]},{\"@type\":\"WebPage\",\"@id\":\"http:\/\/vincentians.com\/es\/vicente-de-paul-documento-130-contrato-de-renta-entre-los-sacerdotes-de-la-mision-luisa-de-marillac-y-el-senor-gilles-guerin\/\",\"url\":\"http:\/\/vincentians.com\/es\/vicente-de-paul-documento-130-contrato-de-renta-entre-los-sacerdotes-de-la-mision-luisa-de-marillac-y-el-senor-gilles-guerin\/\",\"name\":\"Vicente de Pa\u00fal, Documento 130: Contrato De Renta Entre Los Sacerdotes De La Misi\u00f3n, Luisa De Marillac Y El Se\u00f1or Gilles Guerin - Somos Vicencianos\",\"isPartOf\":{\"@id\":\"https:\/\/vincentians.com\/es\/#website\"},\"primaryImageOfPage\":{\"@id\":\"http:\/\/vincentians.com\/es\/vicente-de-paul-documento-130-contrato-de-renta-entre-los-sacerdotes-de-la-mision-luisa-de-marillac-y-el-senor-gilles-guerin\/#primaryimage\"},\"image\":{\"@id\":\"http:\/\/vincentians.com\/es\/vicente-de-paul-documento-130-contrato-de-renta-entre-los-sacerdotes-de-la-mision-luisa-de-marillac-y-el-senor-gilles-guerin\/#primaryimage\"},\"thumbnailUrl\":\"https:\/\/i0.wp.com\/vincentians.com\/es\/wp-content\/uploads\/sites\/11\/2016\/07\/escritos-vicente-de-paul.jpg?fit=1200%2C630\",\"datePublished\":\"2010-04-16T22:01:07+00:00\",\"dateModified\":\"2016-07-26T17:51:01+00:00\",\"breadcrumb\":{\"@id\":\"http:\/\/vincentians.com\/es\/vicente-de-paul-documento-130-contrato-de-renta-entre-los-sacerdotes-de-la-mision-luisa-de-marillac-y-el-senor-gilles-guerin\/#breadcrumb\"},\"inLanguage\":\"es\",\"potentialAction\":[{\"@type\":\"ReadAction\",\"target\":[\"http:\/\/vincentians.com\/es\/vicente-de-paul-documento-130-contrato-de-renta-entre-los-sacerdotes-de-la-mision-luisa-de-marillac-y-el-senor-gilles-guerin\/\"]}]},{\"@type\":\"ImageObject\",\"inLanguage\":\"es\",\"@id\":\"http:\/\/vincentians.com\/es\/vicente-de-paul-documento-130-contrato-de-renta-entre-los-sacerdotes-de-la-mision-luisa-de-marillac-y-el-senor-gilles-guerin\/#primaryimage\",\"url\":\"https:\/\/i0.wp.com\/vincentians.com\/es\/wp-content\/uploads\/sites\/11\/2016\/07\/escritos-vicente-de-paul.jpg?fit=1200%2C630\",\"contentUrl\":\"https:\/\/i0.wp.com\/vincentians.com\/es\/wp-content\/uploads\/sites\/11\/2016\/07\/escritos-vicente-de-paul.jpg?fit=1200%2C630\",\"width\":1200,\"height\":630},{\"@type\":\"BreadcrumbList\",\"@id\":\"http:\/\/vincentians.com\/es\/vicente-de-paul-documento-130-contrato-de-renta-entre-los-sacerdotes-de-la-mision-luisa-de-marillac-y-el-senor-gilles-guerin\/#breadcrumb\",\"itemListElement\":[{\"@type\":\"ListItem\",\"position\":1,\"name\":\"Portada\",\"item\":\"https:\/\/vincentians.com\/es\/\"},{\"@type\":\"ListItem\",\"position\":2,\"name\":\"Vicente de Pa\u00fal, Documento 130: Contrato De Renta Entre Los Sacerdotes De La Misi\u00f3n, Luisa De Marillac Y El Se\u00f1or Gilles Guerin\"}]},{\"@type\":\"WebSite\",\"@id\":\"https:\/\/vincentians.com\/es\/#website\",\"url\":\"https:\/\/vincentians.com\/es\/\",\"name\":\"Somos Vicencianos\",\"description\":\"Know more to serve more\",\"publisher\":{\"@id\":\"https:\/\/vincentians.com\/es\/#organization\"},\"potentialAction\":[{\"@type\":\"SearchAction\",\"target\":{\"@type\":\"EntryPoint\",\"urlTemplate\":\"https:\/\/vincentians.com\/es\/?s={search_term_string}\"},\"query-input\":{\"@type\":\"PropertyValueSpecification\",\"valueRequired\":true,\"valueName\":\"search_term_string\"}}],\"inLanguage\":\"es\"},{\"@type\":\"Organization\",\"@id\":\"https:\/\/vincentians.com\/es\/#organization\",\"name\":\"The Vincentian Network\",\"url\":\"https:\/\/vincentians.com\/es\/\",\"logo\":{\"@type\":\"ImageObject\",\"inLanguage\":\"es\",\"@id\":\"https:\/\/vincentians.com\/es\/#\/schema\/logo\/image\/\",\"url\":\"https:\/\/i1.wp.com\/vincentians.com\/es\/wp-content\/uploads\/sites\/11\/2016\/06\/Vincentian-Network-logo-big.png?fit=778%2C778\",\"contentUrl\":\"https:\/\/i1.wp.com\/vincentians.com\/es\/wp-content\/uploads\/sites\/11\/2016\/06\/Vincentian-Network-logo-big.png?fit=778%2C778\",\"width\":778,\"height\":778,\"caption\":\"The Vincentian Network\"},\"image\":{\"@id\":\"https:\/\/vincentians.com\/es\/#\/schema\/logo\/image\/\"},\"sameAs\":[\"https:\/\/www.facebook.com\/WeAreVincentians\/\",\"https:\/\/x.com\/WeVincentians\"]},{\"@type\":\"Person\",\"@id\":\"https:\/\/vincentians.com\/es\/#\/schema\/person\/9623ef4d9aa3b2dfb8c061f1499288f2\",\"name\":\"Francisco Javier Fern\u00e1ndez Chento\",\"image\":{\"@type\":\"ImageObject\",\"inLanguage\":\"es\",\"@id\":\"https:\/\/vincentians.com\/es\/#\/schema\/person\/image\/\",\"url\":\"https:\/\/secure.gravatar.com\/avatar\/497d5cde87b4c3d097d0315953521681ba2cd523ee66e5077c3711f7021e65de?s=96&d=mm&r=g\",\"contentUrl\":\"https:\/\/secure.gravatar.com\/avatar\/497d5cde87b4c3d097d0315953521681ba2cd523ee66e5077c3711f7021e65de?s=96&d=mm&r=g\",\"caption\":\"Francisco Javier Fern\u00e1ndez Chento\"},\"description\":\"Director General y cofundador de La Red de Formaci\u00f3n Vicenciana. Javier es laico vicenciano, afiliado a la Congregaci\u00f3n de la Misi\u00f3n y miembro del Equipo de Misiones Populares de la provincia can\u00f3nica de Zaragoza (Espa\u00f1a) de la Congregaci\u00f3n de la Misi\u00f3n. Graduado en la Universidad Oberta de Catalunya con cuatro grados (Asistente de direcci\u00f3n, Gesti\u00f3n Administrativa, Recursos Humanos y Contabilidad Avanzada). Bil\u00edng\u00fce Espa\u00f1ol\/Ingl\u00e9s. gestiona y mantiene varias p\u00e1ginas web cristianas y vicencianas, incluida including La Red de Formaci\u00f3n Vicenciana, de la que es cofundador. Actualmente es responsable del \u00e1rea de Espa\u00f1ol de .famvin, la Red de Noticias de la Familia Vicenciana. Tambi\u00e9n es m\u00fasico cat\u00f3lico y ha editado varios discos. Es Director General y cofundador de Trovador, una reconocida compa\u00f1\u00eda discogr\u00e1fica critiana de Espa\u00f1a. Trabaja en las Tecnolog\u00edas de la Informaci\u00f3n, ofreciendo servicios de alojamiento, dise\u00f1o y mantenimiento Web, as\u00ed como asesoramiento, formaci\u00f3n y soluciones inform\u00e1ticas, gesti\u00f3n documental y digitalizaci\u00f3n de textos, edici\u00f3n y maquetaci\u00f3n de libros, revistas, flyers, etc.\",\"sameAs\":[\"http:\/\/chento.org\",\"https:\/\/www.facebook.com\/JavierChento\",\"https:\/\/x.com\/https:\/\/twitter.com\/javierchento\"],\"url\":\"http:\/\/vincentians.com\/es\/author\/chento\/\"}]}<\/script>\n<!-- \/ Yoast SEO plugin. -->","yoast_head_json":{"title":"Vicente de Pa\u00fal, Documento 130: Contrato De Renta Entre Los Sacerdotes De La Misi\u00f3n, Luisa De Marillac Y El Se\u00f1or Gilles Guerin - Somos Vicencianos","robots":{"index":"index","follow":"follow","max-snippet":"max-snippet:-1","max-image-preview":"max-image-preview:large","max-video-preview":"max-video-preview:-1"},"canonical":"http:\/\/vincentians.com\/es\/vicente-de-paul-documento-130-contrato-de-renta-entre-los-sacerdotes-de-la-mision-luisa-de-marillac-y-el-senor-gilles-guerin\/","og_locale":"es_ES","og_type":"article","og_title":"Vicente de Pa\u00fal, Documento 130: Contrato De Renta Entre Los Sacerdotes De La Misi\u00f3n, Luisa De Marillac Y El Se\u00f1or Gilles Guerin - Somos Vicencianos","og_description":"26 agosto 1631 Estuvieron presentes los Srs. Vicens Depaul, sacerdote, licenciado en derecho can\u00f3nico y superior de la Congregaci\u00f3n de sacerdotes de la Misi\u00f3n, Anthoine Portail, Jehan de la Salle, Jehan B\u00e9cu, procurador de la ... Read More","og_url":"http:\/\/vincentians.com\/es\/vicente-de-paul-documento-130-contrato-de-renta-entre-los-sacerdotes-de-la-mision-luisa-de-marillac-y-el-senor-gilles-guerin\/","og_site_name":"Somos Vicencianos","article_publisher":"https:\/\/www.facebook.com\/WeAreVincentians\/","article_author":"https:\/\/www.facebook.com\/JavierChento","article_published_time":"2010-04-16T22:01:07+00:00","article_modified_time":"2016-07-26T17:51:01+00:00","og_image":[{"width":1200,"height":630,"url":"https:\/\/i0.wp.com\/vincentians.com\/es\/wp-content\/uploads\/sites\/11\/2016\/07\/escritos-vicente-de-paul.jpg?fit=1200%2C630","type":"image\/jpeg"}],"author":"Francisco Javier Fern\u00e1ndez Chento","twitter_card":"summary_large_image","twitter_creator":"@https:\/\/twitter.com\/javierchento","twitter_site":"@WeVincentians","twitter_misc":{"Escrito por":"Francisco Javier Fern\u00e1ndez Chento","Tiempo de lectura":"4 minutos"},"schema":{"@context":"https:\/\/schema.org","@graph":[{"@type":"Article","@id":"http:\/\/vincentians.com\/es\/vicente-de-paul-documento-130-contrato-de-renta-entre-los-sacerdotes-de-la-mision-luisa-de-marillac-y-el-senor-gilles-guerin\/#article","isPartOf":{"@id":"http:\/\/vincentians.com\/es\/vicente-de-paul-documento-130-contrato-de-renta-entre-los-sacerdotes-de-la-mision-luisa-de-marillac-y-el-senor-gilles-guerin\/"},"author":{"name":"Francisco Javier Fern\u00e1ndez Chento","@id":"https:\/\/vincentians.com\/es\/#\/schema\/person\/9623ef4d9aa3b2dfb8c061f1499288f2"},"headline":"Vicente de Pa\u00fal, Documento 130: Contrato De Renta Entre Los Sacerdotes De La Misi\u00f3n, Luisa De Marillac Y El Se\u00f1or Gilles Guerin","datePublished":"2010-04-16T22:01:07+00:00","dateModified":"2016-07-26T17:51:01+00:00","mainEntityOfPage":{"@id":"http:\/\/vincentians.com\/es\/vicente-de-paul-documento-130-contrato-de-renta-entre-los-sacerdotes-de-la-mision-luisa-de-marillac-y-el-senor-gilles-guerin\/"},"wordCount":741,"commentCount":0,"publisher":{"@id":"https:\/\/vincentians.com\/es\/#organization"},"image":{"@id":"http:\/\/vincentians.com\/es\/vicente-de-paul-documento-130-contrato-de-renta-entre-los-sacerdotes-de-la-mision-luisa-de-marillac-y-el-senor-gilles-guerin\/#primaryimage"},"thumbnailUrl":"https:\/\/i0.wp.com\/vincentians.com\/es\/wp-content\/uploads\/sites\/11\/2016\/07\/escritos-vicente-de-paul.jpg?fit=1200%2C630","keywords":["Dehorgny","Portail"],"articleSection":["Escritos de Vicente de Pa\u00fal"],"inLanguage":"es","potentialAction":[{"@type":"CommentAction","name":"Comment","target":["http:\/\/vincentians.com\/es\/vicente-de-paul-documento-130-contrato-de-renta-entre-los-sacerdotes-de-la-mision-luisa-de-marillac-y-el-senor-gilles-guerin\/#respond"]}]},{"@type":"WebPage","@id":"http:\/\/vincentians.com\/es\/vicente-de-paul-documento-130-contrato-de-renta-entre-los-sacerdotes-de-la-mision-luisa-de-marillac-y-el-senor-gilles-guerin\/","url":"http:\/\/vincentians.com\/es\/vicente-de-paul-documento-130-contrato-de-renta-entre-los-sacerdotes-de-la-mision-luisa-de-marillac-y-el-senor-gilles-guerin\/","name":"Vicente de Pa\u00fal, Documento 130: Contrato De Renta Entre Los Sacerdotes De La Misi\u00f3n, Luisa De Marillac Y El Se\u00f1or Gilles Guerin - Somos Vicencianos","isPartOf":{"@id":"https:\/\/vincentians.com\/es\/#website"},"primaryImageOfPage":{"@id":"http:\/\/vincentians.com\/es\/vicente-de-paul-documento-130-contrato-de-renta-entre-los-sacerdotes-de-la-mision-luisa-de-marillac-y-el-senor-gilles-guerin\/#primaryimage"},"image":{"@id":"http:\/\/vincentians.com\/es\/vicente-de-paul-documento-130-contrato-de-renta-entre-los-sacerdotes-de-la-mision-luisa-de-marillac-y-el-senor-gilles-guerin\/#primaryimage"},"thumbnailUrl":"https:\/\/i0.wp.com\/vincentians.com\/es\/wp-content\/uploads\/sites\/11\/2016\/07\/escritos-vicente-de-paul.jpg?fit=1200%2C630","datePublished":"2010-04-16T22:01:07+00:00","dateModified":"2016-07-26T17:51:01+00:00","breadcrumb":{"@id":"http:\/\/vincentians.com\/es\/vicente-de-paul-documento-130-contrato-de-renta-entre-los-sacerdotes-de-la-mision-luisa-de-marillac-y-el-senor-gilles-guerin\/#breadcrumb"},"inLanguage":"es","potentialAction":[{"@type":"ReadAction","target":["http:\/\/vincentians.com\/es\/vicente-de-paul-documento-130-contrato-de-renta-entre-los-sacerdotes-de-la-mision-luisa-de-marillac-y-el-senor-gilles-guerin\/"]}]},{"@type":"ImageObject","inLanguage":"es","@id":"http:\/\/vincentians.com\/es\/vicente-de-paul-documento-130-contrato-de-renta-entre-los-sacerdotes-de-la-mision-luisa-de-marillac-y-el-senor-gilles-guerin\/#primaryimage","url":"https:\/\/i0.wp.com\/vincentians.com\/es\/wp-content\/uploads\/sites\/11\/2016\/07\/escritos-vicente-de-paul.jpg?fit=1200%2C630","contentUrl":"https:\/\/i0.wp.com\/vincentians.com\/es\/wp-content\/uploads\/sites\/11\/2016\/07\/escritos-vicente-de-paul.jpg?fit=1200%2C630","width":1200,"height":630},{"@type":"BreadcrumbList","@id":"http:\/\/vincentians.com\/es\/vicente-de-paul-documento-130-contrato-de-renta-entre-los-sacerdotes-de-la-mision-luisa-de-marillac-y-el-senor-gilles-guerin\/#breadcrumb","itemListElement":[{"@type":"ListItem","position":1,"name":"Portada","item":"https:\/\/vincentians.com\/es\/"},{"@type":"ListItem","position":2,"name":"Vicente de Pa\u00fal, Documento 130: Contrato De Renta Entre Los Sacerdotes De La Misi\u00f3n, Luisa De Marillac Y El Se\u00f1or Gilles Guerin"}]},{"@type":"WebSite","@id":"https:\/\/vincentians.com\/es\/#website","url":"https:\/\/vincentians.com\/es\/","name":"Somos Vicencianos","description":"Know more to serve more","publisher":{"@id":"https:\/\/vincentians.com\/es\/#organization"},"potentialAction":[{"@type":"SearchAction","target":{"@type":"EntryPoint","urlTemplate":"https:\/\/vincentians.com\/es\/?s={search_term_string}"},"query-input":{"@type":"PropertyValueSpecification","valueRequired":true,"valueName":"search_term_string"}}],"inLanguage":"es"},{"@type":"Organization","@id":"https:\/\/vincentians.com\/es\/#organization","name":"The Vincentian Network","url":"https:\/\/vincentians.com\/es\/","logo":{"@type":"ImageObject","inLanguage":"es","@id":"https:\/\/vincentians.com\/es\/#\/schema\/logo\/image\/","url":"https:\/\/i1.wp.com\/vincentians.com\/es\/wp-content\/uploads\/sites\/11\/2016\/06\/Vincentian-Network-logo-big.png?fit=778%2C778","contentUrl":"https:\/\/i1.wp.com\/vincentians.com\/es\/wp-content\/uploads\/sites\/11\/2016\/06\/Vincentian-Network-logo-big.png?fit=778%2C778","width":778,"height":778,"caption":"The Vincentian Network"},"image":{"@id":"https:\/\/vincentians.com\/es\/#\/schema\/logo\/image\/"},"sameAs":["https:\/\/www.facebook.com\/WeAreVincentians\/","https:\/\/x.com\/WeVincentians"]},{"@type":"Person","@id":"https:\/\/vincentians.com\/es\/#\/schema\/person\/9623ef4d9aa3b2dfb8c061f1499288f2","name":"Francisco Javier Fern\u00e1ndez Chento","image":{"@type":"ImageObject","inLanguage":"es","@id":"https:\/\/vincentians.com\/es\/#\/schema\/person\/image\/","url":"https:\/\/secure.gravatar.com\/avatar\/497d5cde87b4c3d097d0315953521681ba2cd523ee66e5077c3711f7021e65de?s=96&d=mm&r=g","contentUrl":"https:\/\/secure.gravatar.com\/avatar\/497d5cde87b4c3d097d0315953521681ba2cd523ee66e5077c3711f7021e65de?s=96&d=mm&r=g","caption":"Francisco Javier Fern\u00e1ndez Chento"},"description":"Director General y cofundador de La Red de Formaci\u00f3n Vicenciana. Javier es laico vicenciano, afiliado a la Congregaci\u00f3n de la Misi\u00f3n y miembro del Equipo de Misiones Populares de la provincia can\u00f3nica de Zaragoza (Espa\u00f1a) de la Congregaci\u00f3n de la Misi\u00f3n. Graduado en la Universidad Oberta de Catalunya con cuatro grados (Asistente de direcci\u00f3n, Gesti\u00f3n Administrativa, Recursos Humanos y Contabilidad Avanzada). Bil\u00edng\u00fce Espa\u00f1ol\/Ingl\u00e9s. gestiona y mantiene varias p\u00e1ginas web cristianas y vicencianas, incluida including La Red de Formaci\u00f3n Vicenciana, de la que es cofundador. Actualmente es responsable del \u00e1rea de Espa\u00f1ol de .famvin, la Red de Noticias de la Familia Vicenciana. Tambi\u00e9n es m\u00fasico cat\u00f3lico y ha editado varios discos. Es Director General y cofundador de Trovador, una reconocida compa\u00f1\u00eda discogr\u00e1fica critiana de Espa\u00f1a. Trabaja en las Tecnolog\u00edas de la Informaci\u00f3n, ofreciendo servicios de alojamiento, dise\u00f1o y mantenimiento Web, as\u00ed como asesoramiento, formaci\u00f3n y soluciones inform\u00e1ticas, gesti\u00f3n documental y digitalizaci\u00f3n de textos, edici\u00f3n y maquetaci\u00f3n de libros, revistas, flyers, etc.","sameAs":["http:\/\/chento.org","https:\/\/www.facebook.com\/JavierChento","https:\/\/x.com\/https:\/\/twitter.com\/javierchento"],"url":"http:\/\/vincentians.com\/es\/author\/chento\/"}]}},"jetpack_publicize_connections":[],"jetpack_featured_media_url":"https:\/\/i0.wp.com\/vincentians.com\/es\/wp-content\/uploads\/sites\/11\/2016\/07\/escritos-vicente-de-paul.jpg?fit=1200%2C630","jetpack_sharing_enabled":true,"jetpack_shortlink":"https:\/\/wp.me\/p7ETMF-413","jetpack-related-posts":[{"id":125987,"url":"http:\/\/vincentians.com\/es\/un-documento-importante-al-papa-urbano-viii-1628\/","url_meta":{"origin":15441,"position":0},"title":"Un Documento importante: al Papa Urbano VIII (1628)","author":"Francisco Javier Fern\u00e1ndez Chento","date":"02\/12\/2013","format":false,"excerpt":"Vicente de Pa\u00fal, Superior de los Sacerdotes de la Misi\u00f3n fundada en Par\u00eds, Maestro Louis Callon, Doctor de la Sorbona, Antoine Portail, Fran\u00e7ois du Coudray, Jean de la Salle, Jean B\u00e9cu, Antoine Lucas, Joseph Brunet, y Jean Dehorgny de la di\u00f3cesis de Dax, Rouen, Arles, Amiens, Par\u00eds, Clermont, y Noyon\u2026","rel":"","context":"En \u00abDocumentos de la Congregaci\u00f3n de la Misi\u00f3n\u00bb","block_context":{"text":"Documentos de la Congregaci\u00f3n de la Misi\u00f3n","link":"http:\/\/vincentians.com\/es\/category\/formacion-vicenciana\/documentos-oficiales-de-la-familia-vicenciana\/documentos-de-la-congregacion-de-la-mision\/"},"img":{"alt_text":"ESCUDOCM","src":"https:\/\/i0.wp.com\/vicencianos.org\/wp-content\/2013\/09\/ESCUDOCM.jpg?resize=350%2C200","width":350,"height":200},"classes":[]},{"id":115258,"url":"http:\/\/vincentians.com\/es\/casas-de-la-congregacion-de-la-mision-en-paris-en-tiempos-de-san-vicente-i\/","url_meta":{"origin":15441,"position":1},"title":"Casas de la Congregaci\u00f3n de la Misi\u00f3n en Par\u00eds en tiempos de San Vicente (I)","author":"Francisco Javier Fern\u00e1ndez Chento","date":"04\/10\/2018","format":false,"excerpt":"Bons-Enfants (En la calle des Ecoles n2 2-4) Hacia 1250 ya exist\u00eda la casa con el nombre de Colegio de Bons-Enfants. Era un Colegio Menor fundado por el Rey San Luis que le dej\u00f3 unas \u00f3n0 libras de renta. La finca ten\u00eda unos 4.000 m 2 y los edificios ocupaban\u2026","rel":"","context":"En \u00abEn tiempos de Vicente de Pa\u00fal\u00bb","block_context":{"text":"En tiempos de Vicente de Pa\u00fal","link":"http:\/\/vincentians.com\/es\/category\/historia-de-la-familia-vicenciana\/en-tiempos-de-vicente-de-paul\/"},"img":{"alt_text":"","src":"https:\/\/i0.wp.com\/vincentians.com\/es\/wp-content\/uploads\/sites\/11\/2015\/04\/tres-descubrimientos-de-Vicente-de-Paul.jpg?fit=1200%2C630&resize=350%2C200","width":350,"height":200,"srcset":"https:\/\/i0.wp.com\/vincentians.com\/es\/wp-content\/uploads\/sites\/11\/2015\/04\/tres-descubrimientos-de-Vicente-de-Paul.jpg?fit=1200%2C630&resize=350%2C200 1x, https:\/\/i0.wp.com\/vincentians.com\/es\/wp-content\/uploads\/sites\/11\/2015\/04\/tres-descubrimientos-de-Vicente-de-Paul.jpg?fit=1200%2C630&resize=525%2C300 1.5x, https:\/\/i0.wp.com\/vincentians.com\/es\/wp-content\/uploads\/sites\/11\/2015\/04\/tres-descubrimientos-de-Vicente-de-Paul.jpg?fit=1200%2C630&resize=700%2C400 2x, https:\/\/i0.wp.com\/vincentians.com\/es\/wp-content\/uploads\/sites\/11\/2015\/04\/tres-descubrimientos-de-Vicente-de-Paul.jpg?fit=1200%2C630&resize=1050%2C600 3x"},"classes":[]},{"id":23627,"url":"http:\/\/vincentians.com\/es\/vicente-de-paul-documento-144-contrato-de-renta-entre-los-sacerdotes-de-la-mision-luisa-de-marillac-y-el-senor-gilles-guerin\/","url_meta":{"origin":15441,"position":2},"title":"Vicente de Pa\u00fal, Documento 144: Contrato De Renta Entre Los Sacerdotes De La Mision Luisa De Marillac Y El Se\u00f1or Gilles Guerin","author":"Francisco Javier Fern\u00e1ndez Chento","date":"01\/05\/2010","format":false,"excerpt":"26 agosto 1639 Estuvieron presentes los Srs. Vicente de Pa\u00fal, sacerdote, licenciado en derecho can\u00f3nico y superior de la Congregaci\u00f3n de los sacerdotes de la Misi\u00f3n, Anthoine Portail, Jehan de la Salle, Jehan B\u00e9cu, procurador de la Congregaci\u00f3n, residentes en el colegio Bons-Enfants, establecido en rue Saint-V\u00edctor ellos forman y\u2026","rel":"","context":"En \u00abEscritos de Vicente de Pa\u00fal\u00bb","block_context":{"text":"Escritos de Vicente de Pa\u00fal","link":"http:\/\/vincentians.com\/es\/category\/escritos\/escritos-de-vicente-de-paul\/"},"img":{"alt_text":"","src":"https:\/\/i0.wp.com\/vincentians.com\/es\/wp-content\/uploads\/sites\/11\/2016\/07\/escritos-vicente-de-paul.jpg?fit=1200%2C630&resize=350%2C200","width":350,"height":200,"srcset":"https:\/\/i0.wp.com\/vincentians.com\/es\/wp-content\/uploads\/sites\/11\/2016\/07\/escritos-vicente-de-paul.jpg?fit=1200%2C630&resize=350%2C200 1x, https:\/\/i0.wp.com\/vincentians.com\/es\/wp-content\/uploads\/sites\/11\/2016\/07\/escritos-vicente-de-paul.jpg?fit=1200%2C630&resize=525%2C300 1.5x, https:\/\/i0.wp.com\/vincentians.com\/es\/wp-content\/uploads\/sites\/11\/2016\/07\/escritos-vicente-de-paul.jpg?fit=1200%2C630&resize=700%2C400 2x, https:\/\/i0.wp.com\/vincentians.com\/es\/wp-content\/uploads\/sites\/11\/2016\/07\/escritos-vicente-de-paul.jpg?fit=1200%2C630&resize=1050%2C600 3x"},"classes":[]},{"id":115679,"url":"http:\/\/vincentians.com\/es\/vicente-de-paul-carta-1028-a-antonio-portail-sacerdote-de-la-mision-en-roma\/","url_meta":{"origin":15441,"position":3},"title":"Vicente de Pa\u00fal, Carta 1028: A Antonio Portail, Sacerdote de La Misi\u00f3n, en Roma","author":"Francisco Javier Fern\u00e1ndez Chento","date":"19\/12\/2012","format":false,"excerpt":"20 septiembre 1647. Le ruego, padre, que salga de San Salvador y que no emplee en Roma m\u00e1s de seis d\u00edas para acabar la visita, Ya es bastante, tanto porque tendr\u00e1 menos faena cuanto m\u00e1s abrevie, como porque tenemos aqu\u00ed necesidad de su presencia. Estoy yo solo para llevar la\u2026","rel":"","context":"En \u00abEscritos de Vicente de Pa\u00fal\u00bb","block_context":{"text":"Escritos de Vicente de Pa\u00fal","link":"http:\/\/vincentians.com\/es\/category\/escritos\/escritos-de-vicente-de-paul\/"},"img":{"alt_text":"","src":"https:\/\/i0.wp.com\/vincentians.com\/es\/wp-content\/uploads\/sites\/11\/2016\/07\/escritos-vicente-de-paul.jpg?fit=1200%2C630&resize=350%2C200","width":350,"height":200,"srcset":"https:\/\/i0.wp.com\/vincentians.com\/es\/wp-content\/uploads\/sites\/11\/2016\/07\/escritos-vicente-de-paul.jpg?fit=1200%2C630&resize=350%2C200 1x, https:\/\/i0.wp.com\/vincentians.com\/es\/wp-content\/uploads\/sites\/11\/2016\/07\/escritos-vicente-de-paul.jpg?fit=1200%2C630&resize=525%2C300 1.5x, https:\/\/i0.wp.com\/vincentians.com\/es\/wp-content\/uploads\/sites\/11\/2016\/07\/escritos-vicente-de-paul.jpg?fit=1200%2C630&resize=700%2C400 2x, https:\/\/i0.wp.com\/vincentians.com\/es\/wp-content\/uploads\/sites\/11\/2016\/07\/escritos-vicente-de-paul.jpg?fit=1200%2C630&resize=1050%2C600 3x"},"classes":[]},{"id":124208,"url":"http:\/\/vincentians.com\/es\/vicente-de-paul-el-ocaso\/","url_meta":{"origin":15441,"position":4},"title":"Vicente de Pa\u00fal: El ocaso","author":"Francisco Javier Fern\u00e1ndez Chento","date":"27\/03\/2023","format":false,"excerpt":"As\u00ed como la misi\u00f3n de Madagascar fue el calvario para la Congregaci\u00f3n de la Misi\u00f3n, el calvario personal del P. Vicente comenz\u00f3 un poco m\u00e1s tarde. Desde el a\u00f1o 1656 estuvo enfermo sin recuperarse del todo ya nunca m\u00e1s. En 1658 sufri\u00f3 un accidente de carroza recibiendo una herida en\u2026","rel":"","context":"En \u00abVicente de Pa\u00fal\u00bb","block_context":{"text":"Vicente de Pa\u00fal","link":"http:\/\/vincentians.com\/es\/category\/la-familia-vicenciana\/fundadores\/vicente-de-paul\/"},"img":{"alt_text":"","src":"https:\/\/i0.wp.com\/vincentians.com\/es\/wp-content\/uploads\/sites\/11\/2013\/04\/e-3.jpg?fit=976%2C570&resize=350%2C200","width":350,"height":200,"srcset":"https:\/\/i0.wp.com\/vincentians.com\/es\/wp-content\/uploads\/sites\/11\/2013\/04\/e-3.jpg?fit=976%2C570&resize=350%2C200 1x, https:\/\/i0.wp.com\/vincentians.com\/es\/wp-content\/uploads\/sites\/11\/2013\/04\/e-3.jpg?fit=976%2C570&resize=525%2C300 1.5x, https:\/\/i0.wp.com\/vincentians.com\/es\/wp-content\/uploads\/sites\/11\/2013\/04\/e-3.jpg?fit=976%2C570&resize=700%2C400 2x"},"classes":[]},{"id":124197,"url":"http:\/\/vincentians.com\/es\/vicente-de-paul-el-fundador\/","url_meta":{"origin":15441,"position":5},"title":"Vicente de Pa\u00fal: El fundador","author":"Francisco Javier Fern\u00e1ndez Chento","date":"03\/03\/2023","format":false,"excerpt":"Por a\u00f1os, Vicente hab\u00eda compartido con sacerdotes y seglares su atenci\u00f3n a los pobres. Ahora empieza por reunir a estos compa\u00f1eros en una comunidad permanente. Es decir, como Jesucristo, o el ap\u00f3stol Pablo, empieza a juntar sacerdotes y ayudantes para que compartan no s\u00f3lo sus deberes sino tambi\u00e9n toda su\u2026","rel":"","context":"En \u00abVicente de Pa\u00fal\u00bb","block_context":{"text":"Vicente de Pa\u00fal","link":"http:\/\/vincentians.com\/es\/category\/la-familia-vicenciana\/fundadores\/vicente-de-paul\/"},"img":{"alt_text":"","src":"https:\/\/i0.wp.com\/vincentians.com\/es\/wp-content\/uploads\/sites\/11\/2013\/04\/d.jpg?fit=1200%2C799&resize=350%2C200","width":350,"height":200,"srcset":"https:\/\/i0.wp.com\/vincentians.com\/es\/wp-content\/uploads\/sites\/11\/2013\/04\/d.jpg?fit=1200%2C799&resize=350%2C200 1x, https:\/\/i0.wp.com\/vincentians.com\/es\/wp-content\/uploads\/sites\/11\/2013\/04\/d.jpg?fit=1200%2C799&resize=525%2C300 1.5x, https:\/\/i0.wp.com\/vincentians.com\/es\/wp-content\/uploads\/sites\/11\/2013\/04\/d.jpg?fit=1200%2C799&resize=700%2C400 2x, https:\/\/i0.wp.com\/vincentians.com\/es\/wp-content\/uploads\/sites\/11\/2013\/04\/d.jpg?fit=1200%2C799&resize=1050%2C600 3x"},"classes":[]}],"_links":{"self":[{"href":"http:\/\/vincentians.com\/es\/wp-json\/wp\/v2\/posts\/15441","targetHints":{"allow":["GET"]}}],"collection":[{"href":"http:\/\/vincentians.com\/es\/wp-json\/wp\/v2\/posts"}],"about":[{"href":"http:\/\/vincentians.com\/es\/wp-json\/wp\/v2\/types\/post"}],"author":[{"embeddable":true,"href":"http:\/\/vincentians.com\/es\/wp-json\/wp\/v2\/users\/4"}],"replies":[{"embeddable":true,"href":"http:\/\/vincentians.com\/es\/wp-json\/wp\/v2\/comments?post=15441"}],"version-history":[{"count":0,"href":"http:\/\/vincentians.com\/es\/wp-json\/wp\/v2\/posts\/15441\/revisions"}],"wp:featuredmedia":[{"embeddable":true,"href":"http:\/\/vincentians.com\/es\/wp-json\/wp\/v2\/media\/393753"}],"wp:attachment":[{"href":"http:\/\/vincentians.com\/es\/wp-json\/wp\/v2\/media?parent=15441"}],"wp:term":[{"taxonomy":"category","embeddable":true,"href":"http:\/\/vincentians.com\/es\/wp-json\/wp\/v2\/categories?post=15441"},{"taxonomy":"post_tag","embeddable":true,"href":"http:\/\/vincentians.com\/es\/wp-json\/wp\/v2\/tags?post=15441"}],"curies":[{"name":"wp","href":"https:\/\/api.w.org\/{rel}","templated":true}]}}