{"id":153770,"date":"2010-12-11T07:17:06","date_gmt":"2010-12-11T06:17:06","guid":{"rendered":"http:\/\/somos.vicencianos.org\/comentarios\/2010\/12\/11\/ciclo-a-domingo-3%c2%ba-de-adviento-reflexion-de-miguel-flamarique-valerdi\/"},"modified":"2016-07-24T10:22:20","modified_gmt":"2016-07-24T08:22:20","slug":"ciclo-a-domingo-3%c2%ba-de-adviento-reflexion-de-miguel-flamarique-valerdi","status":"publish","type":"post","link":"http:\/\/vincentians.com\/es\/ciclo-a-domingo-3%c2%ba-de-adviento-reflexion-de-miguel-flamarique-valerdi\/","title":{"rendered":"Ciclo A, Domingo 3\u00ba de Adviento (reflexi\u00f3n de Miguel Flamarique Valerdi)"},"content":{"rendered":"<p>\u00ab\u00bfEres  t\u00fa el que ha de venir, o hemos de esperar a otro? Con psicosis  mesi\u00e1nica en aquellos d\u00edas de Israel, era necesario el discernimiento.  El mismo Juan suscitaba sospechas sobre si era o no era el Mes\u00edas. Y por  el Libro de los Hechos sabemos de un tal Teudas, y de Judas el Galileo,  presuntos salvadores de Israel, que tambi\u00e9n arrastraron masas. Tal vez  Juan no acababa de ver claro el mesianismo de Jes\u00fas: pod\u00eda  desconcertarle su estilo de vida, asistiendo a banquetes, mientras \u00e9l se  alimentaba de saltamontes; o no acertaba a encajar el Mes\u00edas anunciado  por \u00e9l, que \u00abYa tiene el hacha amenazando a la ra\u00edz, y el fuego a los  \u00e1rboles que no dan fruto\u00bb, en la figura de un Jes\u00fas rodeado de pecadores  y misericordioso con ellos. O tal vez le costaba traspasar su fe en  Jes\u00fas a los propios disc\u00edpulos. Sea lo que fuere, es el caso que Juan  env\u00eda desde la c\u00e1rcel a unos disc\u00edpulos con la pregunta: \u00abEres t\u00fa el que  ha de venir, o hemos de esperar a otro?\u00bb.<\/p>\n<p>-\u00abId  y anunciad a Juan lo que hab\u00e9is visto y o\u00eddo\u00bb. Jes\u00fas apela a los  profetas que hablaron del Mes\u00edas: Restaurador de la vida y pregonero de  una Buena Noticia para los pobres. Con esta alusi\u00f3n a los or\u00e1culos de  Isa\u00edas, est\u00e1 diciendo que sus obras inauguran ciertamente los tiempos  mesi\u00e1nicos; pero con modos de bondad y salvaci\u00f3n, no de violencia y  castigo. El Evangelio de este domingo, en pleno Adviento, nos hace  presente al mundo de hoy que busca remedio a sus males: \u00ab\u00bfEres t\u00fa el que  ha de venir o hemos de esperar a otro?\u00bb, parece preguntar -si todav\u00eda  le quedan ganas- el hombre de hoy a su Partido, su Sindicato, su Banca,  su Raza, su Lengua, su Ideolog\u00eda, su Escuela.<\/p>\n<p>Es  curioso ver c\u00f3mo se suceden modas y generaciones. Apenas se pone en  boga un movimiento juvenil presuntamente renovador, ilusi\u00f3n de las  nuevas generaciones; apenas nos hemos acostumbrado a su vestimenta y  cabellera, ya nos hablan las revistas de c\u00f3mo, m\u00e1s all\u00e1 de nuestras  fronteras, hace furor en la juventud otra filosof\u00eda, otra vestimenta,  otro peinado desconcertante&#8230; \u00ab\u00bfEres t\u00fa el que ha de venir?\u00bb&#8230; Y  generaci\u00f3n tras generaci\u00f3n, vuelven sus ojos desencantados al Adversario  m\u00e1s poderoso del Dios de Jesucristo: el becerro de oro. Olvidados sus  sue\u00f1os redentores, son atrapados por la sociedad del bienestar: la  generadora del tr\u00e1fico de armas, del emporio de la droga, del hambre en  el Tercer Mundo. !Dulce morfina anestesiante! \u00abLa sociedad es as\u00ed, y no  podemos salir de ella\u00bb. Es como proclamar: \u00ab\u00a1No existe salvaci\u00f3n!\u00bb.<\/p>\n<p>-\u00bfEs la Iglesia la que hace presente hoy la salvaci\u00f3n de Jes\u00fas?, se preguntan muchos desencantados del momento.<\/p>\n<p>-Pues  mira: hemos hecho un templo nuevo, tenemos un 5% de asistencia, grupos  de esto y de lo otro, un curso de Teolog\u00eda y un plantel de catequistas.<\/p>\n<p>Pobre  respuesta. Mejor fuera testificar: aqu\u00ed se curan la avaricia, la  lujuria y la ira; entran en comuni\u00f3n los matrimonios; se borra de  nuestro diccionario la palabra \u00abenemigo\u00bb; se cargan de esperanza los  j\u00f3venes; se restauran personas rotas por el alcohol o la droga; se  celebra la reconciliaci\u00f3n y el perd\u00f3n de los pecados; entran los hombres  en di\u00e1logo con Dios; vienen a la puerta, buscando la salvaci\u00f3n del  Evangelio, los maltrechos de la sociedad; los pobres son de la familia a  todos los efectos. Aqu\u00ed encuentran redenci\u00f3n los marginados modernos:  prostitutas, desintegrados, homosexuales, expresidiarios&#8230;<\/p>\n<p>\u00a1Dichoso quien no se sienta defraudado por la Iglesia!. Encontr\u00f3 en ella lo que necesitaba: respuesta a su vida.<\/p>\n","protected":false},"excerpt":{"rendered":"<p>\u00ab\u00bfEres t\u00fa el que ha de venir, o hemos de esperar a otro? Con psicosis mesi\u00e1nica en aquellos d\u00edas de Israel, era necesario el discernimiento. El mismo Juan suscitaba sospechas sobre si era o no &#8230; <a href=\"http:\/\/vincentians.com\/es\/ciclo-a-domingo-3%c2%ba-de-adviento-reflexion-de-miguel-flamarique-valerdi\/\" class=\"more-link\">Read More<\/a><\/p>\n","protected":false},"author":4,"featured_media":5,"comment_status":"open","ping_status":"open","sticky":false,"template":"","format":"standard","meta":{"jetpack_post_was_ever_published":false,"_jetpack_newsletter_access":"","_jetpack_dont_email_post_to_subs":false,"_jetpack_newsletter_tier_id":0,"_jetpack_memberships_contains_paywalled_content":false,"_jetpack_memberships_contains_paid_content":false,"footnotes":"","jetpack_publicize_message":"","jetpack_publicize_feature_enabled":true,"jetpack_social_post_already_shared":true,"jetpack_social_options":{"image_generator_settings":{"template":"highway","default_image_id":0,"font":"","enabled":false},"version":2}},"categories":[95],"tags":[],"class_list":["post-153770","post","type-post","status-publish","format-standard","has-post-thumbnail","hentry","category-homilias-y-reflexiones-ano-a"],"yoast_head":"<!-- This site is optimized with the Yoast SEO plugin v26.3 - https:\/\/yoast.com\/wordpress\/plugins\/seo\/ -->\n<title>Ciclo A, Domingo 3\u00ba de Adviento (reflexi\u00f3n de Miguel Flamarique Valerdi) - Somos Vicencianos<\/title>\n<meta name=\"robots\" content=\"index, follow, max-snippet:-1, max-image-preview:large, max-video-preview:-1\" \/>\n<link rel=\"canonical\" href=\"http:\/\/vincentians.com\/es\/ciclo-a-domingo-3\u00ba-de-adviento-reflexion-de-miguel-flamarique-valerdi\/\" \/>\n<meta property=\"og:locale\" content=\"es_ES\" \/>\n<meta property=\"og:type\" content=\"article\" \/>\n<meta property=\"og:title\" content=\"Ciclo A, Domingo 3\u00ba de Adviento (reflexi\u00f3n de Miguel Flamarique Valerdi) - Somos Vicencianos\" \/>\n<meta property=\"og:description\" content=\"\u00ab\u00bfEres t\u00fa el que ha de venir, o hemos de esperar a otro? Con psicosis mesi\u00e1nica en aquellos d\u00edas de Israel, era necesario el discernimiento. El mismo Juan suscitaba sospechas sobre si era o no ... Read More\" \/>\n<meta property=\"og:url\" content=\"http:\/\/vincentians.com\/es\/ciclo-a-domingo-3\u00ba-de-adviento-reflexion-de-miguel-flamarique-valerdi\/\" \/>\n<meta property=\"og:site_name\" content=\"Somos Vicencianos\" \/>\n<meta property=\"article:publisher\" content=\"https:\/\/www.facebook.com\/WeAreVincentians\/\" \/>\n<meta property=\"article:author\" content=\"https:\/\/www.facebook.com\/JavierChento\" \/>\n<meta property=\"article:published_time\" content=\"2010-12-11T06:17:06+00:00\" \/>\n<meta property=\"article:modified_time\" content=\"2016-07-24T08:22:20+00:00\" \/>\n<meta property=\"og:image\" content=\"https:\/\/i0.wp.com\/vincentians.com\/es\/wp-content\/uploads\/sites\/11\/2016\/06\/president-signature.png?fit=236%2C64\" \/>\n\t<meta property=\"og:image:width\" content=\"236\" \/>\n\t<meta property=\"og:image:height\" content=\"64\" \/>\n\t<meta property=\"og:image:type\" content=\"image\/png\" \/>\n<meta name=\"author\" content=\"Francisco Javier Fern\u00e1ndez Chento\" \/>\n<meta name=\"twitter:card\" content=\"summary_large_image\" \/>\n<meta name=\"twitter:creator\" content=\"@https:\/\/twitter.com\/javierchento\" \/>\n<meta name=\"twitter:site\" content=\"@WeVincentians\" \/>\n<meta name=\"twitter:label1\" content=\"Escrito por\" \/>\n\t<meta name=\"twitter:data1\" content=\"Francisco Javier Fern\u00e1ndez Chento\" \/>\n\t<meta name=\"twitter:label2\" content=\"Tiempo de lectura\" \/>\n\t<meta name=\"twitter:data2\" content=\"3 minutos\" \/>\n<script type=\"application\/ld+json\" class=\"yoast-schema-graph\">{\"@context\":\"https:\/\/schema.org\",\"@graph\":[{\"@type\":\"Article\",\"@id\":\"http:\/\/vincentians.com\/es\/ciclo-a-domingo-3%c2%ba-de-adviento-reflexion-de-miguel-flamarique-valerdi\/#article\",\"isPartOf\":{\"@id\":\"http:\/\/vincentians.com\/es\/ciclo-a-domingo-3%c2%ba-de-adviento-reflexion-de-miguel-flamarique-valerdi\/\"},\"author\":{\"name\":\"Francisco Javier Fern\u00e1ndez Chento\",\"@id\":\"http:\/\/vincentians.com\/es\/#\/schema\/person\/9623ef4d9aa3b2dfb8c061f1499288f2\"},\"headline\":\"Ciclo A, Domingo 3\u00ba de Adviento (reflexi\u00f3n de Miguel Flamarique Valerdi)\",\"datePublished\":\"2010-12-11T06:17:06+00:00\",\"dateModified\":\"2016-07-24T08:22:20+00:00\",\"mainEntityOfPage\":{\"@id\":\"http:\/\/vincentians.com\/es\/ciclo-a-domingo-3%c2%ba-de-adviento-reflexion-de-miguel-flamarique-valerdi\/\"},\"wordCount\":650,\"commentCount\":0,\"publisher\":{\"@id\":\"http:\/\/vincentians.com\/es\/#organization\"},\"image\":{\"@id\":\"http:\/\/vincentians.com\/es\/ciclo-a-domingo-3%c2%ba-de-adviento-reflexion-de-miguel-flamarique-valerdi\/#primaryimage\"},\"thumbnailUrl\":\"https:\/\/i0.wp.com\/vincentians.com\/es\/wp-content\/uploads\/sites\/11\/2016\/06\/president-signature.png?fit=236%2C64\",\"articleSection\":[\"Homil\u00edas y reflexiones, A\u00f1o A\"],\"inLanguage\":\"es\",\"potentialAction\":[{\"@type\":\"CommentAction\",\"name\":\"Comment\",\"target\":[\"http:\/\/vincentians.com\/es\/ciclo-a-domingo-3%c2%ba-de-adviento-reflexion-de-miguel-flamarique-valerdi\/#respond\"]}]},{\"@type\":\"WebPage\",\"@id\":\"http:\/\/vincentians.com\/es\/ciclo-a-domingo-3%c2%ba-de-adviento-reflexion-de-miguel-flamarique-valerdi\/\",\"url\":\"http:\/\/vincentians.com\/es\/ciclo-a-domingo-3%c2%ba-de-adviento-reflexion-de-miguel-flamarique-valerdi\/\",\"name\":\"Ciclo A, Domingo 3\u00ba de Adviento (reflexi\u00f3n de Miguel Flamarique Valerdi) - Somos Vicencianos\",\"isPartOf\":{\"@id\":\"http:\/\/vincentians.com\/es\/#website\"},\"primaryImageOfPage\":{\"@id\":\"http:\/\/vincentians.com\/es\/ciclo-a-domingo-3%c2%ba-de-adviento-reflexion-de-miguel-flamarique-valerdi\/#primaryimage\"},\"image\":{\"@id\":\"http:\/\/vincentians.com\/es\/ciclo-a-domingo-3%c2%ba-de-adviento-reflexion-de-miguel-flamarique-valerdi\/#primaryimage\"},\"thumbnailUrl\":\"https:\/\/i0.wp.com\/vincentians.com\/es\/wp-content\/uploads\/sites\/11\/2016\/06\/president-signature.png?fit=236%2C64\",\"datePublished\":\"2010-12-11T06:17:06+00:00\",\"dateModified\":\"2016-07-24T08:22:20+00:00\",\"breadcrumb\":{\"@id\":\"http:\/\/vincentians.com\/es\/ciclo-a-domingo-3%c2%ba-de-adviento-reflexion-de-miguel-flamarique-valerdi\/#breadcrumb\"},\"inLanguage\":\"es\",\"potentialAction\":[{\"@type\":\"ReadAction\",\"target\":[\"http:\/\/vincentians.com\/es\/ciclo-a-domingo-3%c2%ba-de-adviento-reflexion-de-miguel-flamarique-valerdi\/\"]}]},{\"@type\":\"ImageObject\",\"inLanguage\":\"es\",\"@id\":\"http:\/\/vincentians.com\/es\/ciclo-a-domingo-3%c2%ba-de-adviento-reflexion-de-miguel-flamarique-valerdi\/#primaryimage\",\"url\":\"https:\/\/i0.wp.com\/vincentians.com\/es\/wp-content\/uploads\/sites\/11\/2016\/06\/president-signature.png?fit=236%2C64\",\"contentUrl\":\"https:\/\/i0.wp.com\/vincentians.com\/es\/wp-content\/uploads\/sites\/11\/2016\/06\/president-signature.png?fit=236%2C64\",\"width\":236,\"height\":64},{\"@type\":\"BreadcrumbList\",\"@id\":\"http:\/\/vincentians.com\/es\/ciclo-a-domingo-3%c2%ba-de-adviento-reflexion-de-miguel-flamarique-valerdi\/#breadcrumb\",\"itemListElement\":[{\"@type\":\"ListItem\",\"position\":1,\"name\":\"Portada\",\"item\":\"http:\/\/vincentians.com\/es\/\"},{\"@type\":\"ListItem\",\"position\":2,\"name\":\"Ciclo A, Domingo 3\u00ba de Adviento (reflexi\u00f3n de Miguel Flamarique Valerdi)\"}]},{\"@type\":\"WebSite\",\"@id\":\"http:\/\/vincentians.com\/es\/#website\",\"url\":\"http:\/\/vincentians.com\/es\/\",\"name\":\"Somos Vicencianos\",\"description\":\"Know more to serve more\",\"publisher\":{\"@id\":\"http:\/\/vincentians.com\/es\/#organization\"},\"potentialAction\":[{\"@type\":\"SearchAction\",\"target\":{\"@type\":\"EntryPoint\",\"urlTemplate\":\"http:\/\/vincentians.com\/es\/?s={search_term_string}\"},\"query-input\":{\"@type\":\"PropertyValueSpecification\",\"valueRequired\":true,\"valueName\":\"search_term_string\"}}],\"inLanguage\":\"es\"},{\"@type\":\"Organization\",\"@id\":\"http:\/\/vincentians.com\/es\/#organization\",\"name\":\"The Vincentian Network\",\"url\":\"http:\/\/vincentians.com\/es\/\",\"logo\":{\"@type\":\"ImageObject\",\"inLanguage\":\"es\",\"@id\":\"http:\/\/vincentians.com\/es\/#\/schema\/logo\/image\/\",\"url\":\"https:\/\/i1.wp.com\/vincentians.com\/es\/wp-content\/uploads\/sites\/11\/2016\/06\/Vincentian-Network-logo-big.png?fit=778%2C778\",\"contentUrl\":\"https:\/\/i1.wp.com\/vincentians.com\/es\/wp-content\/uploads\/sites\/11\/2016\/06\/Vincentian-Network-logo-big.png?fit=778%2C778\",\"width\":778,\"height\":778,\"caption\":\"The Vincentian Network\"},\"image\":{\"@id\":\"http:\/\/vincentians.com\/es\/#\/schema\/logo\/image\/\"},\"sameAs\":[\"https:\/\/www.facebook.com\/WeAreVincentians\/\",\"https:\/\/x.com\/WeVincentians\"]},{\"@type\":\"Person\",\"@id\":\"http:\/\/vincentians.com\/es\/#\/schema\/person\/9623ef4d9aa3b2dfb8c061f1499288f2\",\"name\":\"Francisco Javier Fern\u00e1ndez Chento\",\"image\":{\"@type\":\"ImageObject\",\"inLanguage\":\"es\",\"@id\":\"http:\/\/vincentians.com\/es\/#\/schema\/person\/image\/\",\"url\":\"https:\/\/secure.gravatar.com\/avatar\/497d5cde87b4c3d097d0315953521681ba2cd523ee66e5077c3711f7021e65de?s=96&d=mm&r=g\",\"contentUrl\":\"https:\/\/secure.gravatar.com\/avatar\/497d5cde87b4c3d097d0315953521681ba2cd523ee66e5077c3711f7021e65de?s=96&d=mm&r=g\",\"caption\":\"Francisco Javier Fern\u00e1ndez Chento\"},\"description\":\"Director General y cofundador de La Red de Formaci\u00f3n Vicenciana. Javier es laico vicenciano, afiliado a la Congregaci\u00f3n de la Misi\u00f3n y miembro del Equipo de Misiones Populares de la provincia can\u00f3nica de Zaragoza (Espa\u00f1a) de la Congregaci\u00f3n de la Misi\u00f3n. Graduado en la Universidad Oberta de Catalunya con cuatro grados (Asistente de direcci\u00f3n, Gesti\u00f3n Administrativa, Recursos Humanos y Contabilidad Avanzada). Bil\u00edng\u00fce Espa\u00f1ol\/Ingl\u00e9s. gestiona y mantiene varias p\u00e1ginas web cristianas y vicencianas, incluida including La Red de Formaci\u00f3n Vicenciana, de la que es cofundador. Actualmente es responsable del \u00e1rea de Espa\u00f1ol de .famvin, la Red de Noticias de la Familia Vicenciana. Tambi\u00e9n es m\u00fasico cat\u00f3lico y ha editado varios discos. Es Director General y cofundador de Trovador, una reconocida compa\u00f1\u00eda discogr\u00e1fica critiana de Espa\u00f1a. Trabaja en las Tecnolog\u00edas de la Informaci\u00f3n, ofreciendo servicios de alojamiento, dise\u00f1o y mantenimiento Web, as\u00ed como asesoramiento, formaci\u00f3n y soluciones inform\u00e1ticas, gesti\u00f3n documental y digitalizaci\u00f3n de textos, edici\u00f3n y maquetaci\u00f3n de libros, revistas, flyers, etc.\",\"sameAs\":[\"http:\/\/chento.org\",\"https:\/\/www.facebook.com\/JavierChento\",\"https:\/\/x.com\/https:\/\/twitter.com\/javierchento\"],\"url\":\"http:\/\/vincentians.com\/es\/author\/chento\/\"}]}<\/script>\n<!-- \/ Yoast SEO plugin. -->","yoast_head_json":{"title":"Ciclo A, Domingo 3\u00ba de Adviento (reflexi\u00f3n de Miguel Flamarique Valerdi) - Somos Vicencianos","robots":{"index":"index","follow":"follow","max-snippet":"max-snippet:-1","max-image-preview":"max-image-preview:large","max-video-preview":"max-video-preview:-1"},"canonical":"http:\/\/vincentians.com\/es\/ciclo-a-domingo-3\u00ba-de-adviento-reflexion-de-miguel-flamarique-valerdi\/","og_locale":"es_ES","og_type":"article","og_title":"Ciclo A, Domingo 3\u00ba de Adviento (reflexi\u00f3n de Miguel Flamarique Valerdi) - Somos Vicencianos","og_description":"\u00ab\u00bfEres t\u00fa el que ha de venir, o hemos de esperar a otro? Con psicosis mesi\u00e1nica en aquellos d\u00edas de Israel, era necesario el discernimiento. El mismo Juan suscitaba sospechas sobre si era o no ... Read More","og_url":"http:\/\/vincentians.com\/es\/ciclo-a-domingo-3\u00ba-de-adviento-reflexion-de-miguel-flamarique-valerdi\/","og_site_name":"Somos Vicencianos","article_publisher":"https:\/\/www.facebook.com\/WeAreVincentians\/","article_author":"https:\/\/www.facebook.com\/JavierChento","article_published_time":"2010-12-11T06:17:06+00:00","article_modified_time":"2016-07-24T08:22:20+00:00","og_image":[{"width":236,"height":64,"url":"https:\/\/i0.wp.com\/vincentians.com\/es\/wp-content\/uploads\/sites\/11\/2016\/06\/president-signature.png?fit=236%2C64","type":"image\/png"}],"author":"Francisco Javier Fern\u00e1ndez Chento","twitter_card":"summary_large_image","twitter_creator":"@https:\/\/twitter.com\/javierchento","twitter_site":"@WeVincentians","twitter_misc":{"Escrito por":"Francisco Javier Fern\u00e1ndez Chento","Tiempo de lectura":"3 minutos"},"schema":{"@context":"https:\/\/schema.org","@graph":[{"@type":"Article","@id":"http:\/\/vincentians.com\/es\/ciclo-a-domingo-3%c2%ba-de-adviento-reflexion-de-miguel-flamarique-valerdi\/#article","isPartOf":{"@id":"http:\/\/vincentians.com\/es\/ciclo-a-domingo-3%c2%ba-de-adviento-reflexion-de-miguel-flamarique-valerdi\/"},"author":{"name":"Francisco Javier Fern\u00e1ndez Chento","@id":"http:\/\/vincentians.com\/es\/#\/schema\/person\/9623ef4d9aa3b2dfb8c061f1499288f2"},"headline":"Ciclo A, Domingo 3\u00ba de Adviento (reflexi\u00f3n de Miguel Flamarique Valerdi)","datePublished":"2010-12-11T06:17:06+00:00","dateModified":"2016-07-24T08:22:20+00:00","mainEntityOfPage":{"@id":"http:\/\/vincentians.com\/es\/ciclo-a-domingo-3%c2%ba-de-adviento-reflexion-de-miguel-flamarique-valerdi\/"},"wordCount":650,"commentCount":0,"publisher":{"@id":"http:\/\/vincentians.com\/es\/#organization"},"image":{"@id":"http:\/\/vincentians.com\/es\/ciclo-a-domingo-3%c2%ba-de-adviento-reflexion-de-miguel-flamarique-valerdi\/#primaryimage"},"thumbnailUrl":"https:\/\/i0.wp.com\/vincentians.com\/es\/wp-content\/uploads\/sites\/11\/2016\/06\/president-signature.png?fit=236%2C64","articleSection":["Homil\u00edas y reflexiones, A\u00f1o A"],"inLanguage":"es","potentialAction":[{"@type":"CommentAction","name":"Comment","target":["http:\/\/vincentians.com\/es\/ciclo-a-domingo-3%c2%ba-de-adviento-reflexion-de-miguel-flamarique-valerdi\/#respond"]}]},{"@type":"WebPage","@id":"http:\/\/vincentians.com\/es\/ciclo-a-domingo-3%c2%ba-de-adviento-reflexion-de-miguel-flamarique-valerdi\/","url":"http:\/\/vincentians.com\/es\/ciclo-a-domingo-3%c2%ba-de-adviento-reflexion-de-miguel-flamarique-valerdi\/","name":"Ciclo A, Domingo 3\u00ba de Adviento (reflexi\u00f3n de Miguel Flamarique Valerdi) - Somos Vicencianos","isPartOf":{"@id":"http:\/\/vincentians.com\/es\/#website"},"primaryImageOfPage":{"@id":"http:\/\/vincentians.com\/es\/ciclo-a-domingo-3%c2%ba-de-adviento-reflexion-de-miguel-flamarique-valerdi\/#primaryimage"},"image":{"@id":"http:\/\/vincentians.com\/es\/ciclo-a-domingo-3%c2%ba-de-adviento-reflexion-de-miguel-flamarique-valerdi\/#primaryimage"},"thumbnailUrl":"https:\/\/i0.wp.com\/vincentians.com\/es\/wp-content\/uploads\/sites\/11\/2016\/06\/president-signature.png?fit=236%2C64","datePublished":"2010-12-11T06:17:06+00:00","dateModified":"2016-07-24T08:22:20+00:00","breadcrumb":{"@id":"http:\/\/vincentians.com\/es\/ciclo-a-domingo-3%c2%ba-de-adviento-reflexion-de-miguel-flamarique-valerdi\/#breadcrumb"},"inLanguage":"es","potentialAction":[{"@type":"ReadAction","target":["http:\/\/vincentians.com\/es\/ciclo-a-domingo-3%c2%ba-de-adviento-reflexion-de-miguel-flamarique-valerdi\/"]}]},{"@type":"ImageObject","inLanguage":"es","@id":"http:\/\/vincentians.com\/es\/ciclo-a-domingo-3%c2%ba-de-adviento-reflexion-de-miguel-flamarique-valerdi\/#primaryimage","url":"https:\/\/i0.wp.com\/vincentians.com\/es\/wp-content\/uploads\/sites\/11\/2016\/06\/president-signature.png?fit=236%2C64","contentUrl":"https:\/\/i0.wp.com\/vincentians.com\/es\/wp-content\/uploads\/sites\/11\/2016\/06\/president-signature.png?fit=236%2C64","width":236,"height":64},{"@type":"BreadcrumbList","@id":"http:\/\/vincentians.com\/es\/ciclo-a-domingo-3%c2%ba-de-adviento-reflexion-de-miguel-flamarique-valerdi\/#breadcrumb","itemListElement":[{"@type":"ListItem","position":1,"name":"Portada","item":"http:\/\/vincentians.com\/es\/"},{"@type":"ListItem","position":2,"name":"Ciclo A, Domingo 3\u00ba de Adviento (reflexi\u00f3n de Miguel Flamarique Valerdi)"}]},{"@type":"WebSite","@id":"http:\/\/vincentians.com\/es\/#website","url":"http:\/\/vincentians.com\/es\/","name":"Somos Vicencianos","description":"Know more to serve more","publisher":{"@id":"http:\/\/vincentians.com\/es\/#organization"},"potentialAction":[{"@type":"SearchAction","target":{"@type":"EntryPoint","urlTemplate":"http:\/\/vincentians.com\/es\/?s={search_term_string}"},"query-input":{"@type":"PropertyValueSpecification","valueRequired":true,"valueName":"search_term_string"}}],"inLanguage":"es"},{"@type":"Organization","@id":"http:\/\/vincentians.com\/es\/#organization","name":"The Vincentian Network","url":"http:\/\/vincentians.com\/es\/","logo":{"@type":"ImageObject","inLanguage":"es","@id":"http:\/\/vincentians.com\/es\/#\/schema\/logo\/image\/","url":"https:\/\/i1.wp.com\/vincentians.com\/es\/wp-content\/uploads\/sites\/11\/2016\/06\/Vincentian-Network-logo-big.png?fit=778%2C778","contentUrl":"https:\/\/i1.wp.com\/vincentians.com\/es\/wp-content\/uploads\/sites\/11\/2016\/06\/Vincentian-Network-logo-big.png?fit=778%2C778","width":778,"height":778,"caption":"The Vincentian Network"},"image":{"@id":"http:\/\/vincentians.com\/es\/#\/schema\/logo\/image\/"},"sameAs":["https:\/\/www.facebook.com\/WeAreVincentians\/","https:\/\/x.com\/WeVincentians"]},{"@type":"Person","@id":"http:\/\/vincentians.com\/es\/#\/schema\/person\/9623ef4d9aa3b2dfb8c061f1499288f2","name":"Francisco Javier Fern\u00e1ndez Chento","image":{"@type":"ImageObject","inLanguage":"es","@id":"http:\/\/vincentians.com\/es\/#\/schema\/person\/image\/","url":"https:\/\/secure.gravatar.com\/avatar\/497d5cde87b4c3d097d0315953521681ba2cd523ee66e5077c3711f7021e65de?s=96&d=mm&r=g","contentUrl":"https:\/\/secure.gravatar.com\/avatar\/497d5cde87b4c3d097d0315953521681ba2cd523ee66e5077c3711f7021e65de?s=96&d=mm&r=g","caption":"Francisco Javier Fern\u00e1ndez Chento"},"description":"Director General y cofundador de La Red de Formaci\u00f3n Vicenciana. Javier es laico vicenciano, afiliado a la Congregaci\u00f3n de la Misi\u00f3n y miembro del Equipo de Misiones Populares de la provincia can\u00f3nica de Zaragoza (Espa\u00f1a) de la Congregaci\u00f3n de la Misi\u00f3n. Graduado en la Universidad Oberta de Catalunya con cuatro grados (Asistente de direcci\u00f3n, Gesti\u00f3n Administrativa, Recursos Humanos y Contabilidad Avanzada). Bil\u00edng\u00fce Espa\u00f1ol\/Ingl\u00e9s. gestiona y mantiene varias p\u00e1ginas web cristianas y vicencianas, incluida including La Red de Formaci\u00f3n Vicenciana, de la que es cofundador. Actualmente es responsable del \u00e1rea de Espa\u00f1ol de .famvin, la Red de Noticias de la Familia Vicenciana. Tambi\u00e9n es m\u00fasico cat\u00f3lico y ha editado varios discos. Es Director General y cofundador de Trovador, una reconocida compa\u00f1\u00eda discogr\u00e1fica critiana de Espa\u00f1a. Trabaja en las Tecnolog\u00edas de la Informaci\u00f3n, ofreciendo servicios de alojamiento, dise\u00f1o y mantenimiento Web, as\u00ed como asesoramiento, formaci\u00f3n y soluciones inform\u00e1ticas, gesti\u00f3n documental y digitalizaci\u00f3n de textos, edici\u00f3n y maquetaci\u00f3n de libros, revistas, flyers, etc.","sameAs":["http:\/\/chento.org","https:\/\/www.facebook.com\/JavierChento","https:\/\/x.com\/https:\/\/twitter.com\/javierchento"],"url":"http:\/\/vincentians.com\/es\/author\/chento\/"}]}},"jetpack_publicize_connections":[],"jetpack_featured_media_url":"https:\/\/i0.wp.com\/vincentians.com\/es\/wp-content\/uploads\/sites\/11\/2016\/06\/president-signature.png?fit=236%2C64","jetpack_sharing_enabled":true,"jetpack_shortlink":"https:\/\/wp.me\/p7ETMF-E0a","jetpack-related-posts":[{"id":142577,"url":"http:\/\/vincentians.com\/es\/domingo-de-ramos-reflexion-de-jose-cervantes-gabarron-3\/","url_meta":{"origin":153770,"position":0},"title":"Domingo de Ramos (reflexi\u00f3n de Jos\u00e9 Cervantes Gabarr\u00f3n)","author":"Francisco Javier Fern\u00e1ndez Chento","date":"28\/03\/2015","format":false,"excerpt":"Jes\u00fas, reducido a la nada de la cruz, es el Hijo de Dios El Domingo de Ramos al comienzo de la semana Santa ofrece dos motivos fundamentales para la celebraci\u00f3n de la comunidad cristiana: la manifestaci\u00f3n mesi\u00e1nica de Jes\u00fas en las inmediaciones de Jerusal\u00e9n (Mc 11,1-11) y el gran relato\u2026","rel":"","context":"En \u00abHomil\u00edas y reflexiones, A\u00f1o B\u00bb","block_context":{"text":"Homil\u00edas y reflexiones, A\u00f1o B","link":"http:\/\/vincentians.com\/es\/category\/homilias-y-reflexiones-a-la-palabra-de-dios\/homilias-y-reflexiones-ano-b\/"},"img":{"alt_text":"","src":"https:\/\/i0.wp.com\/vincentians.com\/es\/wp-content\/uploads\/sites\/11\/2016\/07\/reflexiones-palabra-de-dios.jpg?fit=1200%2C630&resize=350%2C200","width":350,"height":200,"srcset":"https:\/\/i0.wp.com\/vincentians.com\/es\/wp-content\/uploads\/sites\/11\/2016\/07\/reflexiones-palabra-de-dios.jpg?fit=1200%2C630&resize=350%2C200 1x, https:\/\/i0.wp.com\/vincentians.com\/es\/wp-content\/uploads\/sites\/11\/2016\/07\/reflexiones-palabra-de-dios.jpg?fit=1200%2C630&resize=525%2C300 1.5x, https:\/\/i0.wp.com\/vincentians.com\/es\/wp-content\/uploads\/sites\/11\/2016\/07\/reflexiones-palabra-de-dios.jpg?fit=1200%2C630&resize=700%2C400 2x, https:\/\/i0.wp.com\/vincentians.com\/es\/wp-content\/uploads\/sites\/11\/2016\/07\/reflexiones-palabra-de-dios.jpg?fit=1200%2C630&resize=1050%2C600 3x"},"classes":[]},{"id":153771,"url":"http:\/\/vincentians.com\/es\/ciclo-a-domingo-3%c2%ba-de-adviento-reflexion-de-francisco-bartolome-gonzalez\/","url_meta":{"origin":153770,"position":1},"title":"Ciclo A, Domingo 3\u00ba de Adviento (reflexi\u00f3n de Francisco Bartolom\u00e9 Gonz\u00e1lez)","author":"Francisco Javier Fern\u00e1ndez Chento","date":"11\/12\/2010","format":false,"excerpt":"1. Reaparece la figura de Juan Bautista Herodes lo ten\u00eda preso en la temible fortaleza de Maqueronte, en pleno desierto de Jud\u00e1, en la Transjordania, por echarle en cara sus maldades y por miedo a que las multitudes que arrastraba con sus palabras pusieran en peligro su trono. Los poderosos,\u2026","rel":"","context":"En \u00abHomil\u00edas y reflexiones, A\u00f1o A\u00bb","block_context":{"text":"Homil\u00edas y reflexiones, A\u00f1o A","link":"http:\/\/vincentians.com\/es\/category\/homilias-y-reflexiones-a-la-palabra-de-dios\/homilias-y-reflexiones-ano-a\/"},"img":{"alt_text":"","src":"","width":0,"height":0},"classes":[]},{"id":132359,"url":"http:\/\/vincentians.com\/es\/domingo-2o-de-adviento-reflexion-de-jose-cervantes-gabarron-3\/","url_meta":{"origin":153770,"position":2},"title":"Domingo 2\u00ba de Adviento (reflexi\u00f3n de Jos\u00e9 Cervantes Gabarr\u00f3n)","author":"Francisco Javier Fern\u00e1ndez Chento","date":"04\/12\/2011","format":false,"excerpt":"La palabra de la esperanza Con la presentaci\u00f3n de Isa\u00edas y de Juan Bautista este domingo de Adviento proclama la esperanza mesi\u00e1nica cristiana haciendo una llamada a la conversi\u00f3n y transmitiendo un impulso espiritual orientado a apresurar el d\u00eda de un cielo nuevo y una tierra nueva en los que\u2026","rel":"","context":"En \u00abHomil\u00edas y reflexiones, A\u00f1o B\u00bb","block_context":{"text":"Homil\u00edas y reflexiones, A\u00f1o B","link":"http:\/\/vincentians.com\/es\/category\/homilias-y-reflexiones-a-la-palabra-de-dios\/homilias-y-reflexiones-ano-b\/"},"img":{"alt_text":"","src":"https:\/\/i0.wp.com\/vincentians.com\/es\/wp-content\/uploads\/sites\/11\/2016\/07\/reflexiones-palabra-de-dios.jpg?fit=1200%2C630&resize=350%2C200","width":350,"height":200,"srcset":"https:\/\/i0.wp.com\/vincentians.com\/es\/wp-content\/uploads\/sites\/11\/2016\/07\/reflexiones-palabra-de-dios.jpg?fit=1200%2C630&resize=350%2C200 1x, https:\/\/i0.wp.com\/vincentians.com\/es\/wp-content\/uploads\/sites\/11\/2016\/07\/reflexiones-palabra-de-dios.jpg?fit=1200%2C630&resize=525%2C300 1.5x, https:\/\/i0.wp.com\/vincentians.com\/es\/wp-content\/uploads\/sites\/11\/2016\/07\/reflexiones-palabra-de-dios.jpg?fit=1200%2C630&resize=700%2C400 2x, https:\/\/i0.wp.com\/vincentians.com\/es\/wp-content\/uploads\/sites\/11\/2016\/07\/reflexiones-palabra-de-dios.jpg?fit=1200%2C630&resize=1050%2C600 3x"},"classes":[]},{"id":135845,"url":"http:\/\/vincentians.com\/es\/domingo-de-ramos-reflexion-de-jose-cervantes-gabarron\/","url_meta":{"origin":153770,"position":3},"title":"Domingo de Ramos (reflexi\u00f3n de Jos\u00e9 Cervantes Gabarr\u00f3n)","author":"Francisco Javier Fern\u00e1ndez Chento","date":"22\/03\/2013","format":false,"excerpt":"El Se\u00f1or Jes\u00fas, justo e inocente Jos\u00e9 Cervantes Gabarr\u00f3n, sacerdote misionero y profesor de Sagrada Escritura.El mundo ha quedado sorprendido otra vez por la decisi\u00f3n del papa Francisco de celebrar la misa de la Cena del Se\u00f1or del pr\u00f3ximo Jueves santo en la Instituci\u00f3n Penal para Menores de Casal del\u2026","rel":"","context":"En \u00abHomil\u00edas y reflexiones, A\u00f1o C\u00bb","block_context":{"text":"Homil\u00edas y reflexiones, A\u00f1o C","link":"http:\/\/vincentians.com\/es\/category\/homilias-y-reflexiones-a-la-palabra-de-dios\/homilias-y-reflexiones-ano-c\/"},"img":{"alt_text":"","src":"https:\/\/i0.wp.com\/vincentians.com\/es\/wp-content\/uploads\/sites\/11\/2016\/07\/reflexiones-palabra-de-dios.jpg?fit=1200%2C630&resize=350%2C200","width":350,"height":200,"srcset":"https:\/\/i0.wp.com\/vincentians.com\/es\/wp-content\/uploads\/sites\/11\/2016\/07\/reflexiones-palabra-de-dios.jpg?fit=1200%2C630&resize=350%2C200 1x, https:\/\/i0.wp.com\/vincentians.com\/es\/wp-content\/uploads\/sites\/11\/2016\/07\/reflexiones-palabra-de-dios.jpg?fit=1200%2C630&resize=525%2C300 1.5x, https:\/\/i0.wp.com\/vincentians.com\/es\/wp-content\/uploads\/sites\/11\/2016\/07\/reflexiones-palabra-de-dios.jpg?fit=1200%2C630&resize=700%2C400 2x, https:\/\/i0.wp.com\/vincentians.com\/es\/wp-content\/uploads\/sites\/11\/2016\/07\/reflexiones-palabra-de-dios.jpg?fit=1200%2C630&resize=1050%2C600 3x"},"classes":[]},{"id":132610,"url":"http:\/\/vincentians.com\/es\/domingo-2o-de-adviento-reflexion-de-jose-cervantes-gabarron-2\/","url_meta":{"origin":153770,"position":4},"title":"Domingo 3\u00ba de Adviento (reflexi\u00f3n de Jos\u00e9 Cervantes Gabarr\u00f3n)","author":"Francisco Javier Fern\u00e1ndez Chento","date":"12\/12\/2014","format":false,"excerpt":"La alegr\u00eda del Evangelio de Jesucristo \"La alegr\u00eda del Evangelio\u00a0llena el coraz\u00f3n y la vida entera de los que se encuentran con Jes\u00fas. Quienes se dejan salvar por \u00c9l son liberados del pecado, de la tristeza, del vac\u00edo interior, del aislamiento.\u00a0Con Jesucristo siempre nace y renace la alegr\u00eda\" (EG 1).\u2026","rel":"","context":"En \u00abHomil\u00edas y reflexiones, A\u00f1o B\u00bb","block_context":{"text":"Homil\u00edas y reflexiones, A\u00f1o B","link":"http:\/\/vincentians.com\/es\/category\/homilias-y-reflexiones-a-la-palabra-de-dios\/homilias-y-reflexiones-ano-b\/"},"img":{"alt_text":"","src":"https:\/\/i0.wp.com\/vincentians.com\/es\/wp-content\/uploads\/sites\/11\/2016\/07\/reflexiones-palabra-de-dios.jpg?fit=1200%2C630&resize=350%2C200","width":350,"height":200,"srcset":"https:\/\/i0.wp.com\/vincentians.com\/es\/wp-content\/uploads\/sites\/11\/2016\/07\/reflexiones-palabra-de-dios.jpg?fit=1200%2C630&resize=350%2C200 1x, https:\/\/i0.wp.com\/vincentians.com\/es\/wp-content\/uploads\/sites\/11\/2016\/07\/reflexiones-palabra-de-dios.jpg?fit=1200%2C630&resize=525%2C300 1.5x, https:\/\/i0.wp.com\/vincentians.com\/es\/wp-content\/uploads\/sites\/11\/2016\/07\/reflexiones-palabra-de-dios.jpg?fit=1200%2C630&resize=700%2C400 2x, https:\/\/i0.wp.com\/vincentians.com\/es\/wp-content\/uploads\/sites\/11\/2016\/07\/reflexiones-palabra-de-dios.jpg?fit=1200%2C630&resize=1050%2C600 3x"},"classes":[]},{"id":135443,"url":"http:\/\/vincentians.com\/es\/bautismo-del-senor-reflexion-de-mario-yepez-c-m\/","url_meta":{"origin":153770,"position":5},"title":"Bautismo del Se\u00f1or (reflexi\u00f3n de Mario Y\u00e9pez, C.M.)","author":"Francisco Javier Fern\u00e1ndez Chento","date":"10\/01\/2015","format":false,"excerpt":"Celebramos en este domingo la Fiesta del Bautismo del Se\u00f1or, presentado en los evangelios como la teofan\u00eda de la presentaci\u00f3n del Enviado del Padre a los hombres. Queda as\u00ed completada la epifan\u00eda (manifestaci\u00f3n) de quien viene a salvar a la humanidad del poder del pecado. La figura de un \u201cElegido\u201d\u2026","rel":"","context":"En \u00abHomil\u00edas y reflexiones, A\u00f1o B\u00bb","block_context":{"text":"Homil\u00edas y reflexiones, A\u00f1o B","link":"http:\/\/vincentians.com\/es\/category\/homilias-y-reflexiones-a-la-palabra-de-dios\/homilias-y-reflexiones-ano-b\/"},"img":{"alt_text":"","src":"https:\/\/i0.wp.com\/vincentians.com\/es\/wp-content\/uploads\/sites\/11\/2016\/07\/reflexiones-palabra-de-dios.jpg?fit=1200%2C630&resize=350%2C200","width":350,"height":200,"srcset":"https:\/\/i0.wp.com\/vincentians.com\/es\/wp-content\/uploads\/sites\/11\/2016\/07\/reflexiones-palabra-de-dios.jpg?fit=1200%2C630&resize=350%2C200 1x, https:\/\/i0.wp.com\/vincentians.com\/es\/wp-content\/uploads\/sites\/11\/2016\/07\/reflexiones-palabra-de-dios.jpg?fit=1200%2C630&resize=525%2C300 1.5x, https:\/\/i0.wp.com\/vincentians.com\/es\/wp-content\/uploads\/sites\/11\/2016\/07\/reflexiones-palabra-de-dios.jpg?fit=1200%2C630&resize=700%2C400 2x, https:\/\/i0.wp.com\/vincentians.com\/es\/wp-content\/uploads\/sites\/11\/2016\/07\/reflexiones-palabra-de-dios.jpg?fit=1200%2C630&resize=1050%2C600 3x"},"classes":[]}],"_links":{"self":[{"href":"http:\/\/vincentians.com\/es\/wp-json\/wp\/v2\/posts\/153770","targetHints":{"allow":["GET"]}}],"collection":[{"href":"http:\/\/vincentians.com\/es\/wp-json\/wp\/v2\/posts"}],"about":[{"href":"http:\/\/vincentians.com\/es\/wp-json\/wp\/v2\/types\/post"}],"author":[{"embeddable":true,"href":"http:\/\/vincentians.com\/es\/wp-json\/wp\/v2\/users\/4"}],"replies":[{"embeddable":true,"href":"http:\/\/vincentians.com\/es\/wp-json\/wp\/v2\/comments?post=153770"}],"version-history":[{"count":0,"href":"http:\/\/vincentians.com\/es\/wp-json\/wp\/v2\/posts\/153770\/revisions"}],"wp:featuredmedia":[{"embeddable":true,"href":"http:\/\/vincentians.com\/es\/wp-json\/wp\/v2\/media\/5"}],"wp:attachment":[{"href":"http:\/\/vincentians.com\/es\/wp-json\/wp\/v2\/media?parent=153770"}],"wp:term":[{"taxonomy":"category","embeddable":true,"href":"http:\/\/vincentians.com\/es\/wp-json\/wp\/v2\/categories?post=153770"},{"taxonomy":"post_tag","embeddable":true,"href":"http:\/\/vincentians.com\/es\/wp-json\/wp\/v2\/tags?post=153770"}],"curies":[{"name":"wp","href":"https:\/\/api.w.org\/{rel}","templated":true}]}}