{"id":15225,"date":"2024-10-11T08:37:07","date_gmt":"2024-10-11T06:37:07","guid":{"rendered":"http:\/\/somos.vicencianos.org\/blog\/2010\/04\/01\/el-senor-vicente-visto-por-su-secretario-luis-robineau-articulo-006\/"},"modified":"2024-08-16T16:12:05","modified_gmt":"2024-08-16T14:12:05","slug":"el-senor-vicente-visto-por-su-secretario-luis-robineau-articulos-006-al-010","status":"publish","type":"post","link":"http:\/\/vincentians.com\/es\/el-senor-vicente-visto-por-su-secretario-luis-robineau-articulos-006-al-010\/","title":{"rendered":"El se\u00f1or Vicente visto por su secretario, Luis Robineau. Art\u00edculos 006 al 010"},"content":{"rendered":"<h2><em>006. Mantiene oculto el t\u00edtulo de Bachiller en Teolog\u00eda.<\/em><\/h2>\n<p>Suprimi\u00f3 tambi\u00e9n de sus cualidades la de \u00abBachiller en Teolog\u00eda\u00bb, que nosotros no hemos visto, que lo haya conseguido despu\u00e9s de fundar la Compa\u00f1\u00eda, y que lo descubrimos, cuando el difunto Se\u00f1or Obispo de Par\u00eds le encarg\u00f3 que siguiera con el mando y la direcci\u00f3n de las Hijas de Santa Mar\u00eda, siguiendo los deseos del Bienaventurado Obispo de Ginebra, y para ello lo nombr\u00f3 con el acta de poder, que hizo expedir: \u00abBachiller en Teolog\u00eda\u00bb; y esa acta es del 9 de Mayo de 1628, como hemos hecho notar en el Cuaderno de la virtud de la Prudencia (f\u00ba 9,v\u00ba).<span id='easy-footnote-1-15225' class='easy-footnote-margin-adjust'><\/span><span class='easy-footnote'><a href='http:\/\/vincentians.com\/es\/el-senor-vicente-visto-por-su-secretario-luis-robineau-articulos-006-al-010\/#easy-footnote-bottom-1-15225' title='&lt;strong&gt;Robineau, &lt;\/strong&gt;como L. Abelly (III.19), ignoraba que, antes del 9 de mayo de 1628, fecha de la renovaci\u00f3n del cargo de Director de la Visitaci\u00f3n de Santa Mar\u00eda (XIII.84\/X.96), Vicente de Pa\u00fal hab\u00eda mencionado en las actas oficiales su t\u00edtulo de Bachiller en teolog\u00eda. As\u00ed, el 10 de junio de 1610 (Abad\u00eda de San Leonardo de Chaumes); el 2 de mayo de 1612 (Toma de posesi\u00f3n del curato de Clichy); el 27 de mayo de 1615 (XIII.20\/X.30), Canong\u00eda de \u00c9couis; el 29 de julio de 1617 (XIII.41\/X.47). Resignaci\u00f3n del curato de Ch\u00e1tillon-les-Dombes, el 1 de agosto de 1617; el 8 de febrero de 1919 (XIII.55\/X.59). Nom\u00adbramiento de Capell\u00e1n general de las Galeras. Ni L. Robineau, ni L. Abelly se\u00f1alan que Vicente de Pa\u00fal se declara Licenciado en Dere\u00adcho desde el 4 de marzo de 1624 (XIII.60\/X.74). En el proceso de Beatificaci\u00f3n el Hermano Chollier present\u00f3 las Letras por las que la Universidad de Par\u00eds nombraba a Vicente de Pa\u00fal Licenciado en de\u00adrecho. La primera utilizaci\u00f3n de este t\u00edtulo se halla en el acta del 2 de marzo de 1624 (A.N.M.105). Un poco m\u00e1s adelante encontramos, 20 de octubre de 1625, la menci\u00f3n del t\u00edtulo (XIII.60\/X.76), recibido por una suma de dinero.&lt;\/p&gt;\n&lt;p&gt;Carlos de La Saussaye, p\u00e1rroco de Santiago de la Boucherie, hab\u00eda sido el primer superior de la Visitaci\u00f3n de Santa Mar\u00eda (Cf. Sieur de la Saussaye, &lt;strong&gt;Abr\u00e9g\u00e9 de la vie et de mort de M. Charles de la Saussaye, cur\u00e9 de Saint-Jacques de la Boucherie, &lt;\/strong&gt;Par\u00eds , 1622, in 89. Pero Carlos de la Saussaye muri\u00f3 el II de diciembre del mismo a\u00f1o. Es pues veros\u00edmilmente entre esas dos fechas, cuando Vicente de Pa\u00fal fue solicitado oficiosamente por Francisco de Sales y nom\u00adbrado oficialmente. Seis veces Vicente de Pa\u00fal afirma que lleg\u00f3 a ser Superior de la Visitaci\u00f3n por ped\u00edrselo Francisco de Sales (IV.287\/ 277, 20 de diciembre de 1651). \u00abLlevaba en ese cargo dos a\u00f1os antes de que Dios hiciera nacer a nuestra peque\u00f1a Compa\u00f1\u00eda\u00bb, (IV.316\/ 302, 6 de febrero de 1652: V.603\/571, 23 de abril de 1656; VII.200\/ 176, 7 de julio de 1656; XI.167\/92: E.122, 13 de noviembre de 1654; XII.422\/XI.685 = E.844, 12 de diciembre de 1659).&lt;\/p&gt;\n&lt;p&gt;Pero hay que hacer notar que desde el 26 de febrero de 1620 Fran\u00adcisco de Sales escrib\u00eda a la Madre Juana de Chantal: \u00abEl Se\u00f1or Vi\u00adcente le aconseja bien\u00bb. &lt;strong&gt;(Oeuvres, &lt;\/strong&gt;Editions d&amp;#8217;Annecy, XIX.155).&lt;\/p&gt;\n&lt;p&gt;&lt;strong&gt;a) Grado de Bachiller en teolog\u00eda. &lt;\/strong&gt;El Hermano L. Robineau ignora la presencia en la habitaci\u00f3n del Se\u00f1or Vicente de las tres letras fechadas el 12 de octubre de 1604 procedentes de la Universi\u00addad de Toulouse.&lt;\/p&gt;\n&lt;p&gt;1.\u00a0 Certificado de estudios, firmado por Esp\u00edritu Jarran, agustino, regente de teolog\u00eda de la Universidad de Toulouse, y Assolans, secre\u00adtario.&lt;\/p&gt;\n&lt;p&gt;2.\u00a0 T\u00edtulo de Bachiller, firmado por Gallus, Doctor regente, Rector de la Universidad, y Assolans.&lt;\/p&gt;\n&lt;p&gt;3.\u00a0 Autorizaci\u00f3n para explicar el \u00abMaestro de las sentencias\u00bb, fir\u00admada por P. Jarran, de Coelmez, Canciller de la Universidad, y Safforez, tesorero.&lt;\/p&gt;\n&lt;p&gt;&lt;strong&gt;N.B. La Gallia Christiana, &lt;\/strong&gt;nueva edici\u00f3n, t.11, p.I403, como lo hab\u00eda indicado el P. Collet, se\u00f1ala sin raz\u00f3n que Vicente de Pa\u00fal fue el 28\u00ba de San Leonardo de Chaume. Doctor en teolog\u00eda entre 1612 y 1615. En realidad, Vicente recibi\u00f3 el t\u00edtulo de Abad de San Leonardo de Chaume el 17 de mayo de 1610 (XIII.8,13\/X. 17,21). El benepl\u00e1ci\u00adto del Rey, firmado por el Secretario de Estado, Brulart de Sillery, est\u00e1 fechado el 10 de junio de 1610 (XIII.13\/X.21). Vicente de Pa\u00fal no era Doctor en teolog\u00eda, ni Licenciado en teolog\u00eda, como afirma Abelly (III.199). La resignaci\u00f3n por Vicente de Pa\u00fal de la abad\u00eda de San Leonardo de Chaume en favor de Francisco de Lanson tiene la fecha del 29 de octubre de 1616 (XIII.37-39\/X.45; A.N.Y.157, P383), no la del 4 &lt;em&gt;de &lt;\/em&gt;noviembre de 1616, como escribe el P. Collet, &lt;strong&gt;La vie (t.I,11, &lt;\/strong&gt;n&lt;sup&gt;2&lt;\/sup&gt;6).&lt;\/p&gt;\n&lt;p&gt;&lt;strong&gt;b) Grado de Licenciado en Derecho Can\u00f3nigo. &lt;\/strong&gt;Collet (La vie, t. &lt;strong&gt;I, &lt;\/strong&gt;p.113) escribe que Vicente de Pa\u00fal recibi\u00f3 el \u00abLicenciado en Derecho Can\u00f3nigo\u00bb algo antes del 1 de marzo de 1624.&lt;\/p&gt;\n&lt;p&gt;L. Robineau, igual que Abelly, no menciona ese grado. P. Coste &lt;strong&gt;(M. Vincent, I, &lt;\/strong&gt;171), en nota, indica que \u00abel primer documento que menciona ese t\u00edtulo est\u00e1 fechado en ese d\u00eda, o quiz\u00e1s el d\u00eda siguiente. Los certificados de licencia estaban conservados en San L\u00e1zaro des\u00adpu\u00e9s de la muerte del Santo. Fueron presentados en el Proceso de beatificaci\u00f3n &lt;strong&gt;(Summarium ex processu ne pereant probationes, &lt;\/strong&gt;p.5). En la misma p\u00e1gina Pedro Coste en el texto escribe: \u00abEl Diplo\u00adma de Licenciado en Derecho can\u00f3nigo que la Universidad de Par\u00eds le entreg\u00f3 hacia el a\u00f1o 1623\u00bb.'><sup>1<\/sup><\/a><\/span>\n<h2><em>007. El orgullo y la sensualidad, causa de la p\u00e9rdida de la vocaci\u00f3n.<\/em><\/h2>\n<p>Sol\u00eda decir algunas veces: \u00abSolamente el orgullo y la sensualidad son las que hacen perder la vocaci\u00f3n a un misionero\u00bb.<span id='easy-footnote-2-15225' class='easy-footnote-margin-adjust'><\/span><span class='easy-footnote'><a href='http:\/\/vincentians.com\/es\/el-senor-vicente-visto-por-su-secretario-luis-robineau-articulos-006-al-010\/#easy-footnote-bottom-2-15225' title='Esta nota no ha sido recogida por Abelly (1644). I\u00aa edici\u00f3n de Abelly de 1891 por J.B. Pemertin ha reproducido esta observaci\u00f3n en nota (III.311, nota 2).'><sup>2<\/sup><\/a><\/span>\n<h2><em>008. La humildad, guardiana de la caridad.<\/em><\/h2>\n<p>\u00abHace 67 a\u00f1os -nos dec\u00eda un d\u00eda- que Dios me sufre en este mundo, pero, despu\u00e9s de haber pensado y vuelto a pensar varias veces con el fin de hallar un medio para adquirir y mantener la uni\u00f3n y la caridad con Dios y con el pr\u00f3jimo, no he encontrado otro que la santa humildad, ni m\u00e1s a prop\u00f3sito. Es el primero, el segundo, tercero, cuar\u00adto&#8230; y, en fin, el \u00faltimo. En cuanto a m\u00ed, no conozco otro que el de rebajarse por debajo de todo el mundo, no considerar a nadie m\u00e1s malo y m\u00e1s digno de l\u00e1stima que uno mismo, porque, miren, Herma\u00adnos, el amor propio le ciega a uno mucho: su hermano lee bien, pero usted oye mal; \u00e9l explica bien, y usted no entiende. El le\u00f3n, por muy feroz que sea, si ve a una persona que se humilla ante \u00e9l y que se arrodilla, no le har\u00e1 ning\u00fan da\u00f1o\u00bb.<\/p>\n<p><em>Al margen: esto est\u00e1 en el segundo Cuaderno grande in fol.Cf,SV, citando a Robineau E &#8211; 94-95, n\u00ba 25.<\/em><span id='easy-footnote-3-15225' class='easy-footnote-margin-adjust'><\/span><span class='easy-footnote'><a href='http:\/\/vincentians.com\/es\/el-senor-vicente-visto-por-su-secretario-luis-robineau-articulos-006-al-010\/#easy-footnote-bottom-3-15225' title='Menci\u00f3n en los &lt;strong&gt;Entretiens aux missionnaires, (XI.132,153\/&lt;\/strong&gt;&lt;strong&gt;291,294; E.94.95).&lt;\/strong&gt;'><sup>3<\/sup><\/a><\/span>\n<h2><em>009. Esp\u00edritu de humildad, necesario para la Obra de los Ordenandos.<\/em><\/h2>\n<p>\u00abMientras nos mantengamos en el esp\u00edritu de humildad, tenemos motivos para pensar que Dios nos seguir\u00e1 confiando la direcci\u00f3n de los Sres. Ordenandos, pero si llegamos a actuar con ellos en plan de maestro y disc\u00edpulo, sin esp\u00edritu de humildad, se acabaron esas activi\u00addades: se las ofrecer\u00e1n a otros. Ocurrir\u00e1 que en lugar de dirigir a otros, no podremos dirigirnos ni a nosotros mismos. Ya s\u00e9 que algu\u00adnos tienen sus razones para actuar con m\u00e1s autoridad, pero para la Misi\u00f3n no creo, ni pienso que sea \u00e9se el esp\u00edritu con el que deba actuar, ni que as\u00ed se logre m\u00e1s fruto. Y si alguno de los Sres. Ordenandos llegare a cometer alguna falta, es cuesti\u00f3n de atribu\u00edrse\u00adla a uno mismo\u00bb.<span id='easy-footnote-4-15225' class='easy-footnote-margin-adjust'><\/span><span class='easy-footnote'><a href='http:\/\/vincentians.com\/es\/el-senor-vicente-visto-por-su-secretario-luis-robineau-articulos-006-al-010\/#easy-footnote-bottom-4-15225' title='&lt;strong&gt;Cf. XI.152-153\/294; &lt;\/strong&gt;(E.94.95).'><sup>4<\/sup><\/a><\/span>\n<h2><em>010. El Se\u00f1or Vicente se declara culpable.<\/em><\/h2>\n<p>Le he visto varias veces usar ese recurso, atribuy\u00e9ndose a s\u00ed mismo las faltas del pr\u00f3jimo, y hasta le he sorprendido en diversas ocasiones al contar ante personas externas o de la Compa\u00f1\u00eda cosas referentes a algun asunto temporal relacionado con la Casa, decir las palabras siguientes: \u00abSe\u00f1or, o Se\u00f1ores: es culpa m\u00eda; les pido perd\u00f3n, es que no me he explicado bien\u00bb. O tambi\u00e9n: \u00abSoy un necio, un igno\u00adrante; no tengo talento para darme a entender, como conviene\u00bb. Y esto incluso aunque no hubiera habido ning\u00fan fallo por su parte, por\u00adque es bien sabido que explicaba maravillosamente bien los asuntos, llegando hasta su meollo perfectamente, y sacando a\u00fan mejor las conclusiones.<span id='easy-footnote-5-15225' class='easy-footnote-margin-adjust'><\/span><span class='easy-footnote'><a href='http:\/\/vincentians.com\/es\/el-senor-vicente-visto-por-su-secretario-luis-robineau-articulos-006-al-010\/#easy-footnote-bottom-5-15225' title='Esta nota no ha sido recogida por Abelly, 1664.'><sup>5<\/sup><\/a><\/span>\n","protected":false},"excerpt":{"rendered":"<p>006. Mantiene oculto el t\u00edtulo de Bachiller en Teolog\u00eda. Suprimi\u00f3 tambi\u00e9n de sus cualidades la de \u00abBachiller en Teolog\u00eda\u00bb, que nosotros no hemos visto, que lo haya conseguido despu\u00e9s de fundar la Compa\u00f1\u00eda, y que &#8230; <a href=\"http:\/\/vincentians.com\/es\/el-senor-vicente-visto-por-su-secretario-luis-robineau-articulos-006-al-010\/\" class=\"more-link\">Read More<\/a><\/p>\n","protected":false},"author":4,"featured_media":404146,"comment_status":"open","ping_status":"open","sticky":false,"template":"","format":"standard","meta":{"jetpack_post_was_ever_published":false,"_jetpack_newsletter_access":"","_jetpack_dont_email_post_to_subs":false,"_jetpack_newsletter_tier_id":0,"_jetpack_memberships_contains_paywalled_content":false,"_jetpack_memberships_contains_paid_content":false,"footnotes":"","jetpack_publicize_message":"","jetpack_publicize_feature_enabled":true,"jetpack_social_post_already_shared":true,"jetpack_social_options":{"image_generator_settings":{"template":"highway","default_image_id":0,"font":"","enabled":false},"version":2}},"categories":[311],"tags":[186,218,173,148,142,194,166,143,188],"class_list":["post-15225","post","type-post","status-publish","format-standard","has-post-thumbnail","hentry","category-escritos-de-luis-robineau","tag-abadia-de-san-leonardo","tag-abelly","tag-chatillon-les-dombes","tag-clichy","tag-collet","tag-ecouis","tag-robineau","tag-san-lazaro","tag-san-leonardo"],"yoast_head":"<!-- This site is optimized with the Yoast SEO plugin v26.3 - https:\/\/yoast.com\/wordpress\/plugins\/seo\/ -->\n<title>El se\u00f1or Vicente visto por su secretario, Luis Robineau. Art\u00edculos 006 al 010 - Somos Vicencianos<\/title>\n<meta name=\"robots\" content=\"index, follow, max-snippet:-1, max-image-preview:large, max-video-preview:-1\" \/>\n<link rel=\"canonical\" href=\"https:\/\/vincentians.com\/es\/el-senor-vicente-visto-por-su-secretario-luis-robineau-articulos-006-al-010\/\" \/>\n<meta property=\"og:locale\" content=\"es_ES\" \/>\n<meta property=\"og:type\" content=\"article\" \/>\n<meta property=\"og:title\" content=\"El se\u00f1or Vicente visto por su secretario, Luis Robineau. Art\u00edculos 006 al 010 - Somos Vicencianos\" \/>\n<meta property=\"og:description\" content=\"006. Mantiene oculto el t\u00edtulo de Bachiller en Teolog\u00eda. Suprimi\u00f3 tambi\u00e9n de sus cualidades la de \u00abBachiller en Teolog\u00eda\u00bb, que nosotros no hemos visto, que lo haya conseguido despu\u00e9s de fundar la Compa\u00f1\u00eda, y que ... Read More\" \/>\n<meta property=\"og:url\" content=\"https:\/\/vincentians.com\/es\/el-senor-vicente-visto-por-su-secretario-luis-robineau-articulos-006-al-010\/\" \/>\n<meta property=\"og:site_name\" content=\"Somos Vicencianos\" \/>\n<meta property=\"article:publisher\" content=\"https:\/\/www.facebook.com\/WeAreVincentians\/\" \/>\n<meta property=\"article:author\" content=\"https:\/\/www.facebook.com\/JavierChento\" \/>\n<meta property=\"article:published_time\" content=\"2024-10-11T06:37:07+00:00\" \/>\n<meta property=\"og:image\" content=\"https:\/\/i0.wp.com\/vincentians.com\/es\/wp-content\/uploads\/sites\/11\/2013\/04\/f-8-scaled.jpg?fit=2560%2C1216&ssl=1\" \/>\n\t<meta property=\"og:image:width\" content=\"2560\" \/>\n\t<meta property=\"og:image:height\" content=\"1216\" \/>\n\t<meta property=\"og:image:type\" content=\"image\/jpeg\" \/>\n<meta name=\"author\" content=\"Francisco Javier Fern\u00e1ndez Chento\" \/>\n<meta name=\"twitter:card\" content=\"summary_large_image\" \/>\n<meta name=\"twitter:creator\" content=\"@https:\/\/twitter.com\/javierchento\" \/>\n<meta name=\"twitter:site\" content=\"@WeVincentians\" \/>\n<meta name=\"twitter:label1\" content=\"Escrito por\" \/>\n\t<meta name=\"twitter:data1\" content=\"Francisco Javier Fern\u00e1ndez Chento\" \/>\n\t<meta name=\"twitter:label2\" content=\"Tiempo de lectura\" \/>\n\t<meta name=\"twitter:data2\" content=\"7 minutos\" \/>\n<script type=\"application\/ld+json\" class=\"yoast-schema-graph\">{\"@context\":\"https:\/\/schema.org\",\"@graph\":[{\"@type\":\"Article\",\"@id\":\"https:\/\/vincentians.com\/es\/el-senor-vicente-visto-por-su-secretario-luis-robineau-articulos-006-al-010\/#article\",\"isPartOf\":{\"@id\":\"https:\/\/vincentians.com\/es\/el-senor-vicente-visto-por-su-secretario-luis-robineau-articulos-006-al-010\/\"},\"author\":{\"name\":\"Francisco Javier Fern\u00e1ndez Chento\",\"@id\":\"http:\/\/vincentians.com\/es\/#\/schema\/person\/9623ef4d9aa3b2dfb8c061f1499288f2\"},\"headline\":\"El se\u00f1or Vicente visto por su secretario, Luis Robineau. Art\u00edculos 006 al 010\",\"datePublished\":\"2024-10-11T06:37:07+00:00\",\"mainEntityOfPage\":{\"@id\":\"https:\/\/vincentians.com\/es\/el-senor-vicente-visto-por-su-secretario-luis-robineau-articulos-006-al-010\/\"},\"wordCount\":1496,\"commentCount\":0,\"publisher\":{\"@id\":\"http:\/\/vincentians.com\/es\/#organization\"},\"image\":{\"@id\":\"https:\/\/vincentians.com\/es\/el-senor-vicente-visto-por-su-secretario-luis-robineau-articulos-006-al-010\/#primaryimage\"},\"thumbnailUrl\":\"https:\/\/i0.wp.com\/vincentians.com\/es\/wp-content\/uploads\/sites\/11\/2013\/04\/f-8-scaled.jpg?fit=2560%2C1216\",\"keywords\":[\"Abad\u00eda de San Leonardo\",\"Abelly\",\"Chatillon\",\"Clichy\",\"Collet\",\"Ecouis\",\"Robineau\",\"San L\u00e1zaro\",\"San Leonardo\"],\"articleSection\":[\"Escritos de Luis Robineau\"],\"inLanguage\":\"es\",\"potentialAction\":[{\"@type\":\"CommentAction\",\"name\":\"Comment\",\"target\":[\"https:\/\/vincentians.com\/es\/el-senor-vicente-visto-por-su-secretario-luis-robineau-articulos-006-al-010\/#respond\"]}]},{\"@type\":\"WebPage\",\"@id\":\"https:\/\/vincentians.com\/es\/el-senor-vicente-visto-por-su-secretario-luis-robineau-articulos-006-al-010\/\",\"url\":\"https:\/\/vincentians.com\/es\/el-senor-vicente-visto-por-su-secretario-luis-robineau-articulos-006-al-010\/\",\"name\":\"El se\u00f1or Vicente visto por su secretario, Luis Robineau. Art\u00edculos 006 al 010 - Somos Vicencianos\",\"isPartOf\":{\"@id\":\"http:\/\/vincentians.com\/es\/#website\"},\"primaryImageOfPage\":{\"@id\":\"https:\/\/vincentians.com\/es\/el-senor-vicente-visto-por-su-secretario-luis-robineau-articulos-006-al-010\/#primaryimage\"},\"image\":{\"@id\":\"https:\/\/vincentians.com\/es\/el-senor-vicente-visto-por-su-secretario-luis-robineau-articulos-006-al-010\/#primaryimage\"},\"thumbnailUrl\":\"https:\/\/i0.wp.com\/vincentians.com\/es\/wp-content\/uploads\/sites\/11\/2013\/04\/f-8-scaled.jpg?fit=2560%2C1216\",\"datePublished\":\"2024-10-11T06:37:07+00:00\",\"breadcrumb\":{\"@id\":\"https:\/\/vincentians.com\/es\/el-senor-vicente-visto-por-su-secretario-luis-robineau-articulos-006-al-010\/#breadcrumb\"},\"inLanguage\":\"es\",\"potentialAction\":[{\"@type\":\"ReadAction\",\"target\":[\"https:\/\/vincentians.com\/es\/el-senor-vicente-visto-por-su-secretario-luis-robineau-articulos-006-al-010\/\"]}]},{\"@type\":\"ImageObject\",\"inLanguage\":\"es\",\"@id\":\"https:\/\/vincentians.com\/es\/el-senor-vicente-visto-por-su-secretario-luis-robineau-articulos-006-al-010\/#primaryimage\",\"url\":\"https:\/\/i0.wp.com\/vincentians.com\/es\/wp-content\/uploads\/sites\/11\/2013\/04\/f-8-scaled.jpg?fit=2560%2C1216\",\"contentUrl\":\"https:\/\/i0.wp.com\/vincentians.com\/es\/wp-content\/uploads\/sites\/11\/2013\/04\/f-8-scaled.jpg?fit=2560%2C1216\",\"width\":2560,\"height\":1216},{\"@type\":\"BreadcrumbList\",\"@id\":\"https:\/\/vincentians.com\/es\/el-senor-vicente-visto-por-su-secretario-luis-robineau-articulos-006-al-010\/#breadcrumb\",\"itemListElement\":[{\"@type\":\"ListItem\",\"position\":1,\"name\":\"Portada\",\"item\":\"http:\/\/vincentians.com\/es\/\"},{\"@type\":\"ListItem\",\"position\":2,\"name\":\"El se\u00f1or Vicente visto por su secretario, Luis Robineau. Art\u00edculos 006 al 010\"}]},{\"@type\":\"WebSite\",\"@id\":\"http:\/\/vincentians.com\/es\/#website\",\"url\":\"http:\/\/vincentians.com\/es\/\",\"name\":\"Somos Vicencianos\",\"description\":\"Know more to serve more\",\"publisher\":{\"@id\":\"http:\/\/vincentians.com\/es\/#organization\"},\"potentialAction\":[{\"@type\":\"SearchAction\",\"target\":{\"@type\":\"EntryPoint\",\"urlTemplate\":\"http:\/\/vincentians.com\/es\/?s={search_term_string}\"},\"query-input\":{\"@type\":\"PropertyValueSpecification\",\"valueRequired\":true,\"valueName\":\"search_term_string\"}}],\"inLanguage\":\"es\"},{\"@type\":\"Organization\",\"@id\":\"http:\/\/vincentians.com\/es\/#organization\",\"name\":\"The Vincentian Network\",\"url\":\"http:\/\/vincentians.com\/es\/\",\"logo\":{\"@type\":\"ImageObject\",\"inLanguage\":\"es\",\"@id\":\"http:\/\/vincentians.com\/es\/#\/schema\/logo\/image\/\",\"url\":\"https:\/\/i1.wp.com\/vincentians.com\/es\/wp-content\/uploads\/sites\/11\/2016\/06\/Vincentian-Network-logo-big.png?fit=778%2C778\",\"contentUrl\":\"https:\/\/i1.wp.com\/vincentians.com\/es\/wp-content\/uploads\/sites\/11\/2016\/06\/Vincentian-Network-logo-big.png?fit=778%2C778\",\"width\":778,\"height\":778,\"caption\":\"The Vincentian Network\"},\"image\":{\"@id\":\"http:\/\/vincentians.com\/es\/#\/schema\/logo\/image\/\"},\"sameAs\":[\"https:\/\/www.facebook.com\/WeAreVincentians\/\",\"https:\/\/x.com\/WeVincentians\"]},{\"@type\":\"Person\",\"@id\":\"http:\/\/vincentians.com\/es\/#\/schema\/person\/9623ef4d9aa3b2dfb8c061f1499288f2\",\"name\":\"Francisco Javier Fern\u00e1ndez Chento\",\"image\":{\"@type\":\"ImageObject\",\"inLanguage\":\"es\",\"@id\":\"http:\/\/vincentians.com\/es\/#\/schema\/person\/image\/\",\"url\":\"https:\/\/secure.gravatar.com\/avatar\/497d5cde87b4c3d097d0315953521681ba2cd523ee66e5077c3711f7021e65de?s=96&d=mm&r=g\",\"contentUrl\":\"https:\/\/secure.gravatar.com\/avatar\/497d5cde87b4c3d097d0315953521681ba2cd523ee66e5077c3711f7021e65de?s=96&d=mm&r=g\",\"caption\":\"Francisco Javier Fern\u00e1ndez Chento\"},\"description\":\"Director General y cofundador de La Red de Formaci\u00f3n Vicenciana. Javier es laico vicenciano, afiliado a la Congregaci\u00f3n de la Misi\u00f3n y miembro del Equipo de Misiones Populares de la provincia can\u00f3nica de Zaragoza (Espa\u00f1a) de la Congregaci\u00f3n de la Misi\u00f3n. Graduado en la Universidad Oberta de Catalunya con cuatro grados (Asistente de direcci\u00f3n, Gesti\u00f3n Administrativa, Recursos Humanos y Contabilidad Avanzada). Bil\u00edng\u00fce Espa\u00f1ol\/Ingl\u00e9s. gestiona y mantiene varias p\u00e1ginas web cristianas y vicencianas, incluida including La Red de Formaci\u00f3n Vicenciana, de la que es cofundador. Actualmente es responsable del \u00e1rea de Espa\u00f1ol de .famvin, la Red de Noticias de la Familia Vicenciana. Tambi\u00e9n es m\u00fasico cat\u00f3lico y ha editado varios discos. Es Director General y cofundador de Trovador, una reconocida compa\u00f1\u00eda discogr\u00e1fica critiana de Espa\u00f1a. Trabaja en las Tecnolog\u00edas de la Informaci\u00f3n, ofreciendo servicios de alojamiento, dise\u00f1o y mantenimiento Web, as\u00ed como asesoramiento, formaci\u00f3n y soluciones inform\u00e1ticas, gesti\u00f3n documental y digitalizaci\u00f3n de textos, edici\u00f3n y maquetaci\u00f3n de libros, revistas, flyers, etc.\",\"sameAs\":[\"http:\/\/chento.org\",\"https:\/\/www.facebook.com\/JavierChento\",\"https:\/\/x.com\/https:\/\/twitter.com\/javierchento\"],\"url\":\"http:\/\/vincentians.com\/es\/author\/chento\/\"}]}<\/script>\n<!-- \/ Yoast SEO plugin. -->","yoast_head_json":{"title":"El se\u00f1or Vicente visto por su secretario, Luis Robineau. Art\u00edculos 006 al 010 - Somos Vicencianos","robots":{"index":"index","follow":"follow","max-snippet":"max-snippet:-1","max-image-preview":"max-image-preview:large","max-video-preview":"max-video-preview:-1"},"canonical":"https:\/\/vincentians.com\/es\/el-senor-vicente-visto-por-su-secretario-luis-robineau-articulos-006-al-010\/","og_locale":"es_ES","og_type":"article","og_title":"El se\u00f1or Vicente visto por su secretario, Luis Robineau. Art\u00edculos 006 al 010 - Somos Vicencianos","og_description":"006. Mantiene oculto el t\u00edtulo de Bachiller en Teolog\u00eda. Suprimi\u00f3 tambi\u00e9n de sus cualidades la de \u00abBachiller en Teolog\u00eda\u00bb, que nosotros no hemos visto, que lo haya conseguido despu\u00e9s de fundar la Compa\u00f1\u00eda, y que ... Read More","og_url":"https:\/\/vincentians.com\/es\/el-senor-vicente-visto-por-su-secretario-luis-robineau-articulos-006-al-010\/","og_site_name":"Somos Vicencianos","article_publisher":"https:\/\/www.facebook.com\/WeAreVincentians\/","article_author":"https:\/\/www.facebook.com\/JavierChento","article_published_time":"2024-10-11T06:37:07+00:00","og_image":[{"width":2560,"height":1216,"url":"https:\/\/i0.wp.com\/vincentians.com\/es\/wp-content\/uploads\/sites\/11\/2013\/04\/f-8-scaled.jpg?fit=2560%2C1216&ssl=1","type":"image\/jpeg"}],"author":"Francisco Javier Fern\u00e1ndez Chento","twitter_card":"summary_large_image","twitter_creator":"@https:\/\/twitter.com\/javierchento","twitter_site":"@WeVincentians","twitter_misc":{"Escrito por":"Francisco Javier Fern\u00e1ndez Chento","Tiempo de lectura":"7 minutos"},"schema":{"@context":"https:\/\/schema.org","@graph":[{"@type":"Article","@id":"https:\/\/vincentians.com\/es\/el-senor-vicente-visto-por-su-secretario-luis-robineau-articulos-006-al-010\/#article","isPartOf":{"@id":"https:\/\/vincentians.com\/es\/el-senor-vicente-visto-por-su-secretario-luis-robineau-articulos-006-al-010\/"},"author":{"name":"Francisco Javier Fern\u00e1ndez Chento","@id":"http:\/\/vincentians.com\/es\/#\/schema\/person\/9623ef4d9aa3b2dfb8c061f1499288f2"},"headline":"El se\u00f1or Vicente visto por su secretario, Luis Robineau. Art\u00edculos 006 al 010","datePublished":"2024-10-11T06:37:07+00:00","mainEntityOfPage":{"@id":"https:\/\/vincentians.com\/es\/el-senor-vicente-visto-por-su-secretario-luis-robineau-articulos-006-al-010\/"},"wordCount":1496,"commentCount":0,"publisher":{"@id":"http:\/\/vincentians.com\/es\/#organization"},"image":{"@id":"https:\/\/vincentians.com\/es\/el-senor-vicente-visto-por-su-secretario-luis-robineau-articulos-006-al-010\/#primaryimage"},"thumbnailUrl":"https:\/\/i0.wp.com\/vincentians.com\/es\/wp-content\/uploads\/sites\/11\/2013\/04\/f-8-scaled.jpg?fit=2560%2C1216","keywords":["Abad\u00eda de San Leonardo","Abelly","Chatillon","Clichy","Collet","Ecouis","Robineau","San L\u00e1zaro","San Leonardo"],"articleSection":["Escritos de Luis Robineau"],"inLanguage":"es","potentialAction":[{"@type":"CommentAction","name":"Comment","target":["https:\/\/vincentians.com\/es\/el-senor-vicente-visto-por-su-secretario-luis-robineau-articulos-006-al-010\/#respond"]}]},{"@type":"WebPage","@id":"https:\/\/vincentians.com\/es\/el-senor-vicente-visto-por-su-secretario-luis-robineau-articulos-006-al-010\/","url":"https:\/\/vincentians.com\/es\/el-senor-vicente-visto-por-su-secretario-luis-robineau-articulos-006-al-010\/","name":"El se\u00f1or Vicente visto por su secretario, Luis Robineau. Art\u00edculos 006 al 010 - Somos Vicencianos","isPartOf":{"@id":"http:\/\/vincentians.com\/es\/#website"},"primaryImageOfPage":{"@id":"https:\/\/vincentians.com\/es\/el-senor-vicente-visto-por-su-secretario-luis-robineau-articulos-006-al-010\/#primaryimage"},"image":{"@id":"https:\/\/vincentians.com\/es\/el-senor-vicente-visto-por-su-secretario-luis-robineau-articulos-006-al-010\/#primaryimage"},"thumbnailUrl":"https:\/\/i0.wp.com\/vincentians.com\/es\/wp-content\/uploads\/sites\/11\/2013\/04\/f-8-scaled.jpg?fit=2560%2C1216","datePublished":"2024-10-11T06:37:07+00:00","breadcrumb":{"@id":"https:\/\/vincentians.com\/es\/el-senor-vicente-visto-por-su-secretario-luis-robineau-articulos-006-al-010\/#breadcrumb"},"inLanguage":"es","potentialAction":[{"@type":"ReadAction","target":["https:\/\/vincentians.com\/es\/el-senor-vicente-visto-por-su-secretario-luis-robineau-articulos-006-al-010\/"]}]},{"@type":"ImageObject","inLanguage":"es","@id":"https:\/\/vincentians.com\/es\/el-senor-vicente-visto-por-su-secretario-luis-robineau-articulos-006-al-010\/#primaryimage","url":"https:\/\/i0.wp.com\/vincentians.com\/es\/wp-content\/uploads\/sites\/11\/2013\/04\/f-8-scaled.jpg?fit=2560%2C1216","contentUrl":"https:\/\/i0.wp.com\/vincentians.com\/es\/wp-content\/uploads\/sites\/11\/2013\/04\/f-8-scaled.jpg?fit=2560%2C1216","width":2560,"height":1216},{"@type":"BreadcrumbList","@id":"https:\/\/vincentians.com\/es\/el-senor-vicente-visto-por-su-secretario-luis-robineau-articulos-006-al-010\/#breadcrumb","itemListElement":[{"@type":"ListItem","position":1,"name":"Portada","item":"http:\/\/vincentians.com\/es\/"},{"@type":"ListItem","position":2,"name":"El se\u00f1or Vicente visto por su secretario, Luis Robineau. Art\u00edculos 006 al 010"}]},{"@type":"WebSite","@id":"http:\/\/vincentians.com\/es\/#website","url":"http:\/\/vincentians.com\/es\/","name":"Somos Vicencianos","description":"Know more to serve more","publisher":{"@id":"http:\/\/vincentians.com\/es\/#organization"},"potentialAction":[{"@type":"SearchAction","target":{"@type":"EntryPoint","urlTemplate":"http:\/\/vincentians.com\/es\/?s={search_term_string}"},"query-input":{"@type":"PropertyValueSpecification","valueRequired":true,"valueName":"search_term_string"}}],"inLanguage":"es"},{"@type":"Organization","@id":"http:\/\/vincentians.com\/es\/#organization","name":"The Vincentian Network","url":"http:\/\/vincentians.com\/es\/","logo":{"@type":"ImageObject","inLanguage":"es","@id":"http:\/\/vincentians.com\/es\/#\/schema\/logo\/image\/","url":"https:\/\/i1.wp.com\/vincentians.com\/es\/wp-content\/uploads\/sites\/11\/2016\/06\/Vincentian-Network-logo-big.png?fit=778%2C778","contentUrl":"https:\/\/i1.wp.com\/vincentians.com\/es\/wp-content\/uploads\/sites\/11\/2016\/06\/Vincentian-Network-logo-big.png?fit=778%2C778","width":778,"height":778,"caption":"The Vincentian Network"},"image":{"@id":"http:\/\/vincentians.com\/es\/#\/schema\/logo\/image\/"},"sameAs":["https:\/\/www.facebook.com\/WeAreVincentians\/","https:\/\/x.com\/WeVincentians"]},{"@type":"Person","@id":"http:\/\/vincentians.com\/es\/#\/schema\/person\/9623ef4d9aa3b2dfb8c061f1499288f2","name":"Francisco Javier Fern\u00e1ndez Chento","image":{"@type":"ImageObject","inLanguage":"es","@id":"http:\/\/vincentians.com\/es\/#\/schema\/person\/image\/","url":"https:\/\/secure.gravatar.com\/avatar\/497d5cde87b4c3d097d0315953521681ba2cd523ee66e5077c3711f7021e65de?s=96&d=mm&r=g","contentUrl":"https:\/\/secure.gravatar.com\/avatar\/497d5cde87b4c3d097d0315953521681ba2cd523ee66e5077c3711f7021e65de?s=96&d=mm&r=g","caption":"Francisco Javier Fern\u00e1ndez Chento"},"description":"Director General y cofundador de La Red de Formaci\u00f3n Vicenciana. Javier es laico vicenciano, afiliado a la Congregaci\u00f3n de la Misi\u00f3n y miembro del Equipo de Misiones Populares de la provincia can\u00f3nica de Zaragoza (Espa\u00f1a) de la Congregaci\u00f3n de la Misi\u00f3n. Graduado en la Universidad Oberta de Catalunya con cuatro grados (Asistente de direcci\u00f3n, Gesti\u00f3n Administrativa, Recursos Humanos y Contabilidad Avanzada). Bil\u00edng\u00fce Espa\u00f1ol\/Ingl\u00e9s. gestiona y mantiene varias p\u00e1ginas web cristianas y vicencianas, incluida including La Red de Formaci\u00f3n Vicenciana, de la que es cofundador. Actualmente es responsable del \u00e1rea de Espa\u00f1ol de .famvin, la Red de Noticias de la Familia Vicenciana. Tambi\u00e9n es m\u00fasico cat\u00f3lico y ha editado varios discos. Es Director General y cofundador de Trovador, una reconocida compa\u00f1\u00eda discogr\u00e1fica critiana de Espa\u00f1a. Trabaja en las Tecnolog\u00edas de la Informaci\u00f3n, ofreciendo servicios de alojamiento, dise\u00f1o y mantenimiento Web, as\u00ed como asesoramiento, formaci\u00f3n y soluciones inform\u00e1ticas, gesti\u00f3n documental y digitalizaci\u00f3n de textos, edici\u00f3n y maquetaci\u00f3n de libros, revistas, flyers, etc.","sameAs":["http:\/\/chento.org","https:\/\/www.facebook.com\/JavierChento","https:\/\/x.com\/https:\/\/twitter.com\/javierchento"],"url":"http:\/\/vincentians.com\/es\/author\/chento\/"}]}},"jetpack_publicize_connections":[],"jetpack_featured_media_url":"https:\/\/i0.wp.com\/vincentians.com\/es\/wp-content\/uploads\/sites\/11\/2013\/04\/f-8-scaled.jpg?fit=2560%2C1216","jetpack_sharing_enabled":true,"jetpack_shortlink":"https:\/\/wp.me\/p7ETMF-3Xz","jetpack-related-posts":[{"id":34574,"url":"http:\/\/vincentians.com\/es\/el-senor-vicente-visto-por-su-secretario-luis-robineau-articulos-121-al-125\/","url_meta":{"origin":15225,"position":0},"title":"El se\u00f1or Vicente visto por su secretario, Luis Robineau. Art\u00edculos 121 al 125","author":"Francisco Javier Fern\u00e1ndez Chento","date":"07\/05\/2025","format":false,"excerpt":"121. Conducta prudente, como la de la serpiente. Finalmente, podemos decir que el Se\u00f1or Vicente ha tenido la pru\u00addencia de la serpiente, porque, como la serpiente expone su cuerpo para salvar la cabeza, el Se\u00f1or Vicente ha expuesto su salud y tam\u00adbi\u00e9n su vida en el trabajo de las misiones\u2026","rel":"","context":"En \u00abEscritos de Luis Robineau\u00bb","block_context":{"text":"Escritos de Luis Robineau","link":"http:\/\/vincentians.com\/es\/category\/escritos\/escritos-de-luis-robineau\/"},"img":{"alt_text":"","src":"https:\/\/i0.wp.com\/vincentians.com\/es\/wp-content\/uploads\/sites\/11\/2013\/04\/g-5.jpg?fit=1170%2C692&resize=350%2C200","width":350,"height":200,"srcset":"https:\/\/i0.wp.com\/vincentians.com\/es\/wp-content\/uploads\/sites\/11\/2013\/04\/g-5.jpg?fit=1170%2C692&resize=350%2C200 1x, https:\/\/i0.wp.com\/vincentians.com\/es\/wp-content\/uploads\/sites\/11\/2013\/04\/g-5.jpg?fit=1170%2C692&resize=525%2C300 1.5x, https:\/\/i0.wp.com\/vincentians.com\/es\/wp-content\/uploads\/sites\/11\/2013\/04\/g-5.jpg?fit=1170%2C692&resize=700%2C400 2x, https:\/\/i0.wp.com\/vincentians.com\/es\/wp-content\/uploads\/sites\/11\/2013\/04\/g-5.jpg?fit=1170%2C692&resize=1050%2C600 3x"},"classes":[]},{"id":119697,"url":"http:\/\/vincentians.com\/es\/el-senor-vicente-relee-su-vida-influencias\/","url_meta":{"origin":15225,"position":1},"title":"El Se\u00f1or Vicente relee su vida: Influencias","author":"Francisco Javier Fern\u00e1ndez Chento","date":"09\/02\/2022","format":false,"excerpt":"Podr\u00eda tratar de deciros un poco lo que esto me ha supuesto. Hab\u00e9is podido advertir que desde mis comienzos en el mundo he conocido m\u00e1s sinsabores que \u00e9xitos en mis empresas\u2026 Hab\u00eda que tomar conciencia, pero yo mezclaba las vistas insondables de la Providencia de las que habla San Pablo\u2026","rel":"","context":"En \u00abVicente de Pa\u00fal\u00bb","block_context":{"text":"Vicente de Pa\u00fal","link":"http:\/\/vincentians.com\/es\/category\/la-familia-vicenciana\/fundadores\/vicente-de-paul\/"},"img":{"alt_text":"","src":"https:\/\/i0.wp.com\/vincentians.com\/es\/wp-content\/uploads\/sites\/11\/2013\/04\/f-2-scaled.jpg?fit=1200%2C570&resize=350%2C200","width":350,"height":200,"srcset":"https:\/\/i0.wp.com\/vincentians.com\/es\/wp-content\/uploads\/sites\/11\/2013\/04\/f-2-scaled.jpg?fit=1200%2C570&resize=350%2C200 1x, https:\/\/i0.wp.com\/vincentians.com\/es\/wp-content\/uploads\/sites\/11\/2013\/04\/f-2-scaled.jpg?fit=1200%2C570&resize=525%2C300 1.5x, https:\/\/i0.wp.com\/vincentians.com\/es\/wp-content\/uploads\/sites\/11\/2013\/04\/f-2-scaled.jpg?fit=1200%2C570&resize=700%2C400 2x, https:\/\/i0.wp.com\/vincentians.com\/es\/wp-content\/uploads\/sites\/11\/2013\/04\/f-2-scaled.jpg?fit=1200%2C570&resize=1050%2C600 3x"},"classes":[]},{"id":41987,"url":"http:\/\/vincentians.com\/es\/el-senor-vicente-visto-por-su-secretario-luis-robineau-articulos-246-al-250\/","url_meta":{"origin":15225,"position":2},"title":"El se\u00f1or Vicente visto por su secretario, Luis Robineau. Art\u00edculos 246 al 250","author":"Francisco Javier Fern\u00e1ndez Chento","date":"20\/03\/2014","format":false,"excerpt":"246. El verdadero misionero debe arriesgarse. Eso es tambi\u00e9n lo que le hac\u00eda decir que no seremos verdaderos cristianos hasta que no estemos dispuestos a perder todo por el amor de Dios, y a dar nuestras vidas por Jesucristo. Notas del P. Dodin: Sentencia omitida por L. Abelly. 247. El\u2026","rel":"","context":"En \u00abEscritos de Luis Robineau\u00bb","block_context":{"text":"Escritos de Luis Robineau","link":"http:\/\/vincentians.com\/es\/category\/escritos\/escritos-de-luis-robineau\/"},"img":{"alt_text":"","src":"","width":0,"height":0},"classes":[]},{"id":17945,"url":"http:\/\/vincentians.com\/es\/el-senor-vicente-visto-por-su-secretario-luis-robineau-articulo-021\/","url_meta":{"origin":15225,"position":3},"title":"El se\u00f1or Vicente visto por su secretario, Luis Robineau. Art\u00edculos 021 al 025","author":"Francisco Javier Fern\u00e1ndez Chento","date":"21\/11\/2024","format":false,"excerpt":"021. Pide permiso para hacerme una advertencia. En cierta ocasi\u00f3n, como tuviera que darme un aviso, me hizo el honor de preguntarme previamente, \"si es que yo lo ten\u00eda a bien\", forma de hablar que demuestra una vez m\u00e1s su humildad, \"tanto m\u00e1s cuanto que soy para mi mayor confusi\u00f3n\u2026","rel":"","context":"En \u00abEscritos de Luis Robineau\u00bb","block_context":{"text":"Escritos de Luis Robineau","link":"http:\/\/vincentians.com\/es\/category\/escritos\/escritos-de-luis-robineau\/"},"img":{"alt_text":"","src":"https:\/\/i0.wp.com\/vincentians.com\/es\/wp-content\/uploads\/sites\/11\/2013\/04\/f-8-scaled.jpg?fit=1200%2C570&resize=350%2C200","width":350,"height":200,"srcset":"https:\/\/i0.wp.com\/vincentians.com\/es\/wp-content\/uploads\/sites\/11\/2013\/04\/f-8-scaled.jpg?fit=1200%2C570&resize=350%2C200 1x, https:\/\/i0.wp.com\/vincentians.com\/es\/wp-content\/uploads\/sites\/11\/2013\/04\/f-8-scaled.jpg?fit=1200%2C570&resize=525%2C300 1.5x, https:\/\/i0.wp.com\/vincentians.com\/es\/wp-content\/uploads\/sites\/11\/2013\/04\/f-8-scaled.jpg?fit=1200%2C570&resize=700%2C400 2x, https:\/\/i0.wp.com\/vincentians.com\/es\/wp-content\/uploads\/sites\/11\/2013\/04\/f-8-scaled.jpg?fit=1200%2C570&resize=1050%2C600 3x"},"classes":[]},{"id":42239,"url":"http:\/\/vincentians.com\/es\/el-senor-vicente-visto-por-su-secretario-luis-robineau-articulos-251-al-255\/","url_meta":{"origin":15225,"position":4},"title":"El se\u00f1or Vicente visto por su secretario, Luis Robineau. Art\u00edculos 251 al 255","author":"Francisco Javier Fern\u00e1ndez Chento","date":"21\/03\/2014","format":false,"excerpt":"251. Dos contrariedades del Se\u00f1or Vicente: las faltas de la Compa\u00f1\u00eda, la insuficiencia de socorros. Dos cosas, nos dec\u00eda, le causaban pena a causa del cargo, que ten\u00eda en la Compa\u00f1\u00eda y del que deb\u00eda dar cuenta a Dios, a saber: las faltas, primero, que se han deslizado dentro de\u2026","rel":"","context":"En \u00abEscritos de Luis Robineau\u00bb","block_context":{"text":"Escritos de Luis Robineau","link":"http:\/\/vincentians.com\/es\/category\/escritos\/escritos-de-luis-robineau\/"},"img":{"alt_text":"","src":"","width":0,"height":0},"classes":[]},{"id":121299,"url":"http:\/\/vincentians.com\/es\/san-vicente-de-paul-nacio-en-francia-ii-estudios\/","url_meta":{"origin":15225,"position":5},"title":"San Vicente de Pa\u00fal naci\u00f3 en Francia. II. Estudios","author":"Francisco Javier Fern\u00e1ndez Chento","date":"27\/04\/2015","format":false,"excerpt":"II. Estudios En lo concerniente a los estudios teol\u00f3gicos de Vicente de Pa\u00fal, los detalles no ser\u00e1n abundantes, dado el cuidado del Santo por hacerse pasar por un estudiante de cuarto a\u00f1o. Sin embargo. despu\u00e9s de su muerte, se encuentran tres documentos, cuya existencia no se sospechaba, y que arrojan\u2026","rel":"","context":"En \u00abVicente de Pa\u00fal\u00bb","block_context":{"text":"Vicente de Pa\u00fal","link":"http:\/\/vincentians.com\/es\/category\/la-familia-vicenciana\/fundadores\/vicente-de-paul\/"},"img":{"alt_text":"","src":"","width":0,"height":0},"classes":[]}],"_links":{"self":[{"href":"http:\/\/vincentians.com\/es\/wp-json\/wp\/v2\/posts\/15225","targetHints":{"allow":["GET"]}}],"collection":[{"href":"http:\/\/vincentians.com\/es\/wp-json\/wp\/v2\/posts"}],"about":[{"href":"http:\/\/vincentians.com\/es\/wp-json\/wp\/v2\/types\/post"}],"author":[{"embeddable":true,"href":"http:\/\/vincentians.com\/es\/wp-json\/wp\/v2\/users\/4"}],"replies":[{"embeddable":true,"href":"http:\/\/vincentians.com\/es\/wp-json\/wp\/v2\/comments?post=15225"}],"version-history":[{"count":1,"href":"http:\/\/vincentians.com\/es\/wp-json\/wp\/v2\/posts\/15225\/revisions"}],"predecessor-version":[{"id":405518,"href":"http:\/\/vincentians.com\/es\/wp-json\/wp\/v2\/posts\/15225\/revisions\/405518"}],"wp:featuredmedia":[{"embeddable":true,"href":"http:\/\/vincentians.com\/es\/wp-json\/wp\/v2\/media\/404146"}],"wp:attachment":[{"href":"http:\/\/vincentians.com\/es\/wp-json\/wp\/v2\/media?parent=15225"}],"wp:term":[{"taxonomy":"category","embeddable":true,"href":"http:\/\/vincentians.com\/es\/wp-json\/wp\/v2\/categories?post=15225"},{"taxonomy":"post_tag","embeddable":true,"href":"http:\/\/vincentians.com\/es\/wp-json\/wp\/v2\/tags?post=15225"}],"curies":[{"name":"wp","href":"https:\/\/api.w.org\/{rel}","templated":true}]}}