{"id":1519,"date":"2012-05-01T17:52:21","date_gmt":"2012-05-01T15:52:21","guid":{"rendered":"http:\/\/somos.vicencianos.org\/comentarios\/?p=1486"},"modified":"2016-07-24T10:27:15","modified_gmt":"2016-07-24T08:27:15","slug":"5o-domingo-de-pascua-reflexion-de-jose-roman-flecha-3","status":"publish","type":"post","link":"http:\/\/vincentians.com\/es\/5o-domingo-de-pascua-reflexion-de-jose-roman-flecha-3\/","title":{"rendered":"5\u00ba Domingo de Pascua (reflexi\u00f3n de Jos\u00e9 Rom\u00e1n Flecha)"},"content":{"rendered":"<p align=\"center\"><strong>LA VID Y LOS SARMIENTOS<\/strong><br \/>\nDomingo 5\u00ba del tiempo Pascual. B<br \/>\n6 de mayo de 2012<\/p>\n<p>Vivimos aparentando seguridad y caminamos por el mundo simulando una firmeza que no tenemos. Tal vez por eso huimos de la soledad, que nos devuelve, como un espejo, la verdadera imagen de nosotros mismos.<\/p>\n<p>En realidad, somos presa de un temor y de\u00a0 una tentaci\u00f3n Tenemos\u00a0 miedo a la esterilidad. Nos horroriza la infecundidad: pasar por la vida sin dejar fruto.<\/p>\n<p>En consecuencia, nuestra tentaci\u00f3n m\u00e1s inmediata y recurrente es la de dar fruto a cualquier precio. Buscamos la eficacia f\u00e1cil, aunque sea ef\u00edmera.<\/p>\n<p>La consecuencia es siempre esa mezcla de autonom\u00eda, con la que tomamos nuestras ego\u00edstas e inmaduras decisiones y de vanagloria, con la que nos apresuramos a atribuirnos el feliz resultado de las mismas. Siempre tenemos una corona preparada para premiar nuestros triunfos.<\/p>\n<p><strong>LA FUENTE DE LA VIDA<\/strong><\/p>\n<p>El evangelio seg\u00fan San Juan (Jn 15, 1-8), que se proclama en este domingo quinto de Pascua, parece responder a esa situaci\u00f3n. Nos invita a reconocer la honda verdad de nuestra existencia. Podemos superar nuestra infecundidad, pero no del modo como nosotros imaginamos. Nuestra fuerza\u00a0 no puede nacer de nosotros mismos.<\/p>\n<p>As\u00ed lo dice Jes\u00fas: \u00abYo soy la vid, vosotros los sarmientos; el que permanece en m\u00ed y yo en \u00e9l, \u00e9se da fruto abundante; porque sin m\u00ed no pod\u00e9is hacer nada\u00bb.<\/p>\n<ul>\n<li>Jes\u00fas es la fuente y nosotros los canales. Sin \u00e9l no podemos saciar nuestra sed. Ni pasar el agua a nuestros hermanos. \u00c9l es la vid. Nosotros somos los sarmientos. Si no estamos unidos a \u00c9l no recibimos la sabia de la vida.<\/li>\n<li>Jes\u00fas es por tanto la fuente de nuestra existencia cristiana. Y de la vida que, gracias a \u00e9l, podemos aportar a los dem\u00e1s. Si no permanecemos unidos a \u00e9l, pereceremos en nuestra esterilidad.<\/li>\n<li>Jes\u00fas es quien da nacimiento, continuaci\u00f3n y culminaci\u00f3n a la misi\u00f3n que nos ha sido confiada. Si no permanecemos unidos a \u00e9l, nuestra actividad no tendr\u00e1 sentido. Nos moveremos en el vac\u00edo<\/li>\n<\/ul>\n<p><strong>EL HIJO DEL PADRE<\/strong><\/p>\n<p>No deber\u00edamos leer este pasaje evang\u00e9lico dejando de lado la primera afirmaci\u00f3n de Jes\u00fas: \u00abYo soy la verdadera vid y mi Padre es el labrador\u00bb. El evangelio de Juan parece reiterativo. Sus frases se parecen a las olas del mar. Parecen todas iguales, pero cada una a\u00f1ade algo a la anterior.<\/p>\n<p>\u2022 \u00abYo soy la verdadera vid\u00bb. Jes\u00fas se revela como el camino, la verdad y la vida. Dos hermosas alegor\u00edas lo presentan como el Buen Pastor y como la Vid verdadera. En esta \u00faltima, recoge una larga tradici\u00f3n de su pueblo. Seg\u00fan Isa\u00edas, Israel es la vi\u00f1a de Dios (Is 5). Ahora Jes\u00fas se nos muestra como el definitivo Israel de Dios.<\/p>\n<p>\u2022 \u00abMi Padre es el labrador\u00bb. En su par\u00e1bola, tambi\u00e9n Isa\u00edas se refer\u00eda a Dios como el vi\u00f1ador que planta y cuida su vi\u00f1a. Ahora Jes\u00fas reconoce a Dios como Padre. Jes\u00fas nos revela el cuidado del Padre. Se sit\u00faa entre Dios y nosotros. Nosotros gozamos de la atenci\u00f3n que Dios nos demuestra a trav\u00e9s de Jes\u00fas.<\/p>\n<p><em>Se\u00f1or Jes\u00fas, te reconocemos como la verdadera vid. T\u00fa puedes y quieres librarnos de nuestra esterilidad y nuestro orgullo. Ay\u00fadanos a mantenernos unidos a ti, para que podamos dar fruto abundante para la vida del mundo. Am\u00e9n.<\/em><\/p>\n","protected":false},"excerpt":{"rendered":"<p>LA VID Y LOS SARMIENTOS Domingo 5\u00ba del tiempo Pascual. B 6 de mayo de 2012 Vivimos aparentando seguridad y caminamos por el mundo simulando una firmeza que no tenemos. Tal vez por eso huimos &#8230; <a href=\"http:\/\/vincentians.com\/es\/5o-domingo-de-pascua-reflexion-de-jose-roman-flecha-3\/\" class=\"more-link\">Read More<\/a><\/p>\n","protected":false},"author":4,"featured_media":388408,"comment_status":"open","ping_status":"open","sticky":false,"template":"","format":"standard","meta":{"jetpack_post_was_ever_published":false,"_jetpack_newsletter_access":"","_jetpack_dont_email_post_to_subs":false,"_jetpack_newsletter_tier_id":0,"_jetpack_memberships_contains_paywalled_content":false,"_jetpack_memberships_contains_paid_content":false,"footnotes":"","jetpack_publicize_message":"","jetpack_publicize_feature_enabled":true,"jetpack_social_post_already_shared":true,"jetpack_social_options":{"image_generator_settings":{"template":"highway","default_image_id":0,"font":"","enabled":false},"version":2}},"categories":[93],"tags":[],"class_list":["post-1519","post","type-post","status-publish","format-standard","has-post-thumbnail","hentry","category-homilias-y-reflexiones-ano-b"],"yoast_head":"<!-- This site is optimized with the Yoast SEO plugin v26.3 - https:\/\/yoast.com\/wordpress\/plugins\/seo\/ -->\n<title>5\u00ba Domingo de Pascua (reflexi\u00f3n de Jos\u00e9 Rom\u00e1n Flecha) - Somos Vicencianos<\/title>\n<meta name=\"robots\" content=\"index, follow, max-snippet:-1, max-image-preview:large, max-video-preview:-1\" \/>\n<link rel=\"canonical\" href=\"http:\/\/vincentians.com\/es\/5o-domingo-de-pascua-reflexion-de-jose-roman-flecha-3\/\" \/>\n<meta property=\"og:locale\" content=\"es_ES\" \/>\n<meta property=\"og:type\" content=\"article\" \/>\n<meta property=\"og:title\" content=\"5\u00ba Domingo de Pascua (reflexi\u00f3n de Jos\u00e9 Rom\u00e1n Flecha) - Somos Vicencianos\" \/>\n<meta property=\"og:description\" content=\"LA VID Y LOS SARMIENTOS Domingo 5\u00ba del tiempo Pascual. B 6 de mayo de 2012 Vivimos aparentando seguridad y caminamos por el mundo simulando una firmeza que no tenemos. Tal vez por eso huimos ... Read More\" \/>\n<meta property=\"og:url\" content=\"http:\/\/vincentians.com\/es\/5o-domingo-de-pascua-reflexion-de-jose-roman-flecha-3\/\" \/>\n<meta property=\"og:site_name\" content=\"Somos Vicencianos\" \/>\n<meta property=\"article:publisher\" content=\"https:\/\/www.facebook.com\/WeAreVincentians\/\" \/>\n<meta property=\"article:author\" content=\"https:\/\/www.facebook.com\/JavierChento\" \/>\n<meta property=\"article:published_time\" content=\"2012-05-01T15:52:21+00:00\" \/>\n<meta property=\"article:modified_time\" content=\"2016-07-24T08:27:15+00:00\" \/>\n<meta property=\"og:image\" content=\"https:\/\/i0.wp.com\/vincentians.com\/es\/wp-content\/uploads\/sites\/11\/2016\/07\/reflexiones-palabra-de-dios.jpg?fit=1200%2C630\" \/>\n\t<meta property=\"og:image:width\" content=\"1200\" \/>\n\t<meta property=\"og:image:height\" content=\"630\" \/>\n\t<meta property=\"og:image:type\" content=\"image\/jpeg\" \/>\n<meta name=\"author\" content=\"Francisco Javier Fern\u00e1ndez Chento\" \/>\n<meta name=\"twitter:card\" content=\"summary_large_image\" \/>\n<meta name=\"twitter:creator\" content=\"@https:\/\/twitter.com\/javierchento\" \/>\n<meta name=\"twitter:site\" content=\"@WeVincentians\" \/>\n<meta name=\"twitter:label1\" content=\"Escrito por\" \/>\n\t<meta name=\"twitter:data1\" content=\"Francisco Javier Fern\u00e1ndez Chento\" \/>\n\t<meta name=\"twitter:label2\" content=\"Tiempo de lectura\" \/>\n\t<meta name=\"twitter:data2\" content=\"3 minutos\" \/>\n<script type=\"application\/ld+json\" class=\"yoast-schema-graph\">{\"@context\":\"https:\/\/schema.org\",\"@graph\":[{\"@type\":\"Article\",\"@id\":\"http:\/\/vincentians.com\/es\/5o-domingo-de-pascua-reflexion-de-jose-roman-flecha-3\/#article\",\"isPartOf\":{\"@id\":\"http:\/\/vincentians.com\/es\/5o-domingo-de-pascua-reflexion-de-jose-roman-flecha-3\/\"},\"author\":{\"name\":\"Francisco Javier Fern\u00e1ndez Chento\",\"@id\":\"https:\/\/vincentians.com\/es\/#\/schema\/person\/9623ef4d9aa3b2dfb8c061f1499288f2\"},\"headline\":\"5\u00ba Domingo de Pascua (reflexi\u00f3n de Jos\u00e9 Rom\u00e1n Flecha)\",\"datePublished\":\"2012-05-01T15:52:21+00:00\",\"dateModified\":\"2016-07-24T08:27:15+00:00\",\"mainEntityOfPage\":{\"@id\":\"http:\/\/vincentians.com\/es\/5o-domingo-de-pascua-reflexion-de-jose-roman-flecha-3\/\"},\"wordCount\":598,\"commentCount\":0,\"publisher\":{\"@id\":\"https:\/\/vincentians.com\/es\/#organization\"},\"image\":{\"@id\":\"http:\/\/vincentians.com\/es\/5o-domingo-de-pascua-reflexion-de-jose-roman-flecha-3\/#primaryimage\"},\"thumbnailUrl\":\"https:\/\/i0.wp.com\/vincentians.com\/es\/wp-content\/uploads\/sites\/11\/2016\/07\/reflexiones-palabra-de-dios.jpg?fit=1200%2C630\",\"articleSection\":[\"Homil\u00edas y reflexiones, A\u00f1o B\"],\"inLanguage\":\"es\",\"potentialAction\":[{\"@type\":\"CommentAction\",\"name\":\"Comment\",\"target\":[\"http:\/\/vincentians.com\/es\/5o-domingo-de-pascua-reflexion-de-jose-roman-flecha-3\/#respond\"]}]},{\"@type\":\"WebPage\",\"@id\":\"http:\/\/vincentians.com\/es\/5o-domingo-de-pascua-reflexion-de-jose-roman-flecha-3\/\",\"url\":\"http:\/\/vincentians.com\/es\/5o-domingo-de-pascua-reflexion-de-jose-roman-flecha-3\/\",\"name\":\"5\u00ba Domingo de Pascua (reflexi\u00f3n de Jos\u00e9 Rom\u00e1n Flecha) - Somos Vicencianos\",\"isPartOf\":{\"@id\":\"https:\/\/vincentians.com\/es\/#website\"},\"primaryImageOfPage\":{\"@id\":\"http:\/\/vincentians.com\/es\/5o-domingo-de-pascua-reflexion-de-jose-roman-flecha-3\/#primaryimage\"},\"image\":{\"@id\":\"http:\/\/vincentians.com\/es\/5o-domingo-de-pascua-reflexion-de-jose-roman-flecha-3\/#primaryimage\"},\"thumbnailUrl\":\"https:\/\/i0.wp.com\/vincentians.com\/es\/wp-content\/uploads\/sites\/11\/2016\/07\/reflexiones-palabra-de-dios.jpg?fit=1200%2C630\",\"datePublished\":\"2012-05-01T15:52:21+00:00\",\"dateModified\":\"2016-07-24T08:27:15+00:00\",\"breadcrumb\":{\"@id\":\"http:\/\/vincentians.com\/es\/5o-domingo-de-pascua-reflexion-de-jose-roman-flecha-3\/#breadcrumb\"},\"inLanguage\":\"es\",\"potentialAction\":[{\"@type\":\"ReadAction\",\"target\":[\"http:\/\/vincentians.com\/es\/5o-domingo-de-pascua-reflexion-de-jose-roman-flecha-3\/\"]}]},{\"@type\":\"ImageObject\",\"inLanguage\":\"es\",\"@id\":\"http:\/\/vincentians.com\/es\/5o-domingo-de-pascua-reflexion-de-jose-roman-flecha-3\/#primaryimage\",\"url\":\"https:\/\/i0.wp.com\/vincentians.com\/es\/wp-content\/uploads\/sites\/11\/2016\/07\/reflexiones-palabra-de-dios.jpg?fit=1200%2C630\",\"contentUrl\":\"https:\/\/i0.wp.com\/vincentians.com\/es\/wp-content\/uploads\/sites\/11\/2016\/07\/reflexiones-palabra-de-dios.jpg?fit=1200%2C630\",\"width\":1200,\"height\":630},{\"@type\":\"BreadcrumbList\",\"@id\":\"http:\/\/vincentians.com\/es\/5o-domingo-de-pascua-reflexion-de-jose-roman-flecha-3\/#breadcrumb\",\"itemListElement\":[{\"@type\":\"ListItem\",\"position\":1,\"name\":\"Portada\",\"item\":\"https:\/\/vincentians.com\/es\/\"},{\"@type\":\"ListItem\",\"position\":2,\"name\":\"5\u00ba Domingo de Pascua (reflexi\u00f3n de Jos\u00e9 Rom\u00e1n Flecha)\"}]},{\"@type\":\"WebSite\",\"@id\":\"https:\/\/vincentians.com\/es\/#website\",\"url\":\"https:\/\/vincentians.com\/es\/\",\"name\":\"Somos Vicencianos\",\"description\":\"Know more to serve more\",\"publisher\":{\"@id\":\"https:\/\/vincentians.com\/es\/#organization\"},\"potentialAction\":[{\"@type\":\"SearchAction\",\"target\":{\"@type\":\"EntryPoint\",\"urlTemplate\":\"https:\/\/vincentians.com\/es\/?s={search_term_string}\"},\"query-input\":{\"@type\":\"PropertyValueSpecification\",\"valueRequired\":true,\"valueName\":\"search_term_string\"}}],\"inLanguage\":\"es\"},{\"@type\":\"Organization\",\"@id\":\"https:\/\/vincentians.com\/es\/#organization\",\"name\":\"The Vincentian Network\",\"url\":\"https:\/\/vincentians.com\/es\/\",\"logo\":{\"@type\":\"ImageObject\",\"inLanguage\":\"es\",\"@id\":\"https:\/\/vincentians.com\/es\/#\/schema\/logo\/image\/\",\"url\":\"https:\/\/i1.wp.com\/vincentians.com\/es\/wp-content\/uploads\/sites\/11\/2016\/06\/Vincentian-Network-logo-big.png?fit=778%2C778\",\"contentUrl\":\"https:\/\/i1.wp.com\/vincentians.com\/es\/wp-content\/uploads\/sites\/11\/2016\/06\/Vincentian-Network-logo-big.png?fit=778%2C778\",\"width\":778,\"height\":778,\"caption\":\"The Vincentian Network\"},\"image\":{\"@id\":\"https:\/\/vincentians.com\/es\/#\/schema\/logo\/image\/\"},\"sameAs\":[\"https:\/\/www.facebook.com\/WeAreVincentians\/\",\"https:\/\/x.com\/WeVincentians\"]},{\"@type\":\"Person\",\"@id\":\"https:\/\/vincentians.com\/es\/#\/schema\/person\/9623ef4d9aa3b2dfb8c061f1499288f2\",\"name\":\"Francisco Javier Fern\u00e1ndez Chento\",\"image\":{\"@type\":\"ImageObject\",\"inLanguage\":\"es\",\"@id\":\"https:\/\/vincentians.com\/es\/#\/schema\/person\/image\/\",\"url\":\"https:\/\/secure.gravatar.com\/avatar\/497d5cde87b4c3d097d0315953521681ba2cd523ee66e5077c3711f7021e65de?s=96&d=mm&r=g\",\"contentUrl\":\"https:\/\/secure.gravatar.com\/avatar\/497d5cde87b4c3d097d0315953521681ba2cd523ee66e5077c3711f7021e65de?s=96&d=mm&r=g\",\"caption\":\"Francisco Javier Fern\u00e1ndez Chento\"},\"description\":\"Director General y cofundador de La Red de Formaci\u00f3n Vicenciana. Javier es laico vicenciano, afiliado a la Congregaci\u00f3n de la Misi\u00f3n y miembro del Equipo de Misiones Populares de la provincia can\u00f3nica de Zaragoza (Espa\u00f1a) de la Congregaci\u00f3n de la Misi\u00f3n. Graduado en la Universidad Oberta de Catalunya con cuatro grados (Asistente de direcci\u00f3n, Gesti\u00f3n Administrativa, Recursos Humanos y Contabilidad Avanzada). Bil\u00edng\u00fce Espa\u00f1ol\/Ingl\u00e9s. gestiona y mantiene varias p\u00e1ginas web cristianas y vicencianas, incluida including La Red de Formaci\u00f3n Vicenciana, de la que es cofundador. Actualmente es responsable del \u00e1rea de Espa\u00f1ol de .famvin, la Red de Noticias de la Familia Vicenciana. Tambi\u00e9n es m\u00fasico cat\u00f3lico y ha editado varios discos. Es Director General y cofundador de Trovador, una reconocida compa\u00f1\u00eda discogr\u00e1fica critiana de Espa\u00f1a. Trabaja en las Tecnolog\u00edas de la Informaci\u00f3n, ofreciendo servicios de alojamiento, dise\u00f1o y mantenimiento Web, as\u00ed como asesoramiento, formaci\u00f3n y soluciones inform\u00e1ticas, gesti\u00f3n documental y digitalizaci\u00f3n de textos, edici\u00f3n y maquetaci\u00f3n de libros, revistas, flyers, etc.\",\"sameAs\":[\"http:\/\/chento.org\",\"https:\/\/www.facebook.com\/JavierChento\",\"https:\/\/x.com\/https:\/\/twitter.com\/javierchento\"],\"url\":\"http:\/\/vincentians.com\/es\/author\/chento\/\"}]}<\/script>\n<!-- \/ Yoast SEO plugin. -->","yoast_head_json":{"title":"5\u00ba Domingo de Pascua (reflexi\u00f3n de Jos\u00e9 Rom\u00e1n Flecha) - Somos Vicencianos","robots":{"index":"index","follow":"follow","max-snippet":"max-snippet:-1","max-image-preview":"max-image-preview:large","max-video-preview":"max-video-preview:-1"},"canonical":"http:\/\/vincentians.com\/es\/5o-domingo-de-pascua-reflexion-de-jose-roman-flecha-3\/","og_locale":"es_ES","og_type":"article","og_title":"5\u00ba Domingo de Pascua (reflexi\u00f3n de Jos\u00e9 Rom\u00e1n Flecha) - Somos Vicencianos","og_description":"LA VID Y LOS SARMIENTOS Domingo 5\u00ba del tiempo Pascual. B 6 de mayo de 2012 Vivimos aparentando seguridad y caminamos por el mundo simulando una firmeza que no tenemos. Tal vez por eso huimos ... Read More","og_url":"http:\/\/vincentians.com\/es\/5o-domingo-de-pascua-reflexion-de-jose-roman-flecha-3\/","og_site_name":"Somos Vicencianos","article_publisher":"https:\/\/www.facebook.com\/WeAreVincentians\/","article_author":"https:\/\/www.facebook.com\/JavierChento","article_published_time":"2012-05-01T15:52:21+00:00","article_modified_time":"2016-07-24T08:27:15+00:00","og_image":[{"width":1200,"height":630,"url":"https:\/\/i0.wp.com\/vincentians.com\/es\/wp-content\/uploads\/sites\/11\/2016\/07\/reflexiones-palabra-de-dios.jpg?fit=1200%2C630","type":"image\/jpeg"}],"author":"Francisco Javier Fern\u00e1ndez Chento","twitter_card":"summary_large_image","twitter_creator":"@https:\/\/twitter.com\/javierchento","twitter_site":"@WeVincentians","twitter_misc":{"Escrito por":"Francisco Javier Fern\u00e1ndez Chento","Tiempo de lectura":"3 minutos"},"schema":{"@context":"https:\/\/schema.org","@graph":[{"@type":"Article","@id":"http:\/\/vincentians.com\/es\/5o-domingo-de-pascua-reflexion-de-jose-roman-flecha-3\/#article","isPartOf":{"@id":"http:\/\/vincentians.com\/es\/5o-domingo-de-pascua-reflexion-de-jose-roman-flecha-3\/"},"author":{"name":"Francisco Javier Fern\u00e1ndez Chento","@id":"https:\/\/vincentians.com\/es\/#\/schema\/person\/9623ef4d9aa3b2dfb8c061f1499288f2"},"headline":"5\u00ba Domingo de Pascua (reflexi\u00f3n de Jos\u00e9 Rom\u00e1n Flecha)","datePublished":"2012-05-01T15:52:21+00:00","dateModified":"2016-07-24T08:27:15+00:00","mainEntityOfPage":{"@id":"http:\/\/vincentians.com\/es\/5o-domingo-de-pascua-reflexion-de-jose-roman-flecha-3\/"},"wordCount":598,"commentCount":0,"publisher":{"@id":"https:\/\/vincentians.com\/es\/#organization"},"image":{"@id":"http:\/\/vincentians.com\/es\/5o-domingo-de-pascua-reflexion-de-jose-roman-flecha-3\/#primaryimage"},"thumbnailUrl":"https:\/\/i0.wp.com\/vincentians.com\/es\/wp-content\/uploads\/sites\/11\/2016\/07\/reflexiones-palabra-de-dios.jpg?fit=1200%2C630","articleSection":["Homil\u00edas y reflexiones, A\u00f1o B"],"inLanguage":"es","potentialAction":[{"@type":"CommentAction","name":"Comment","target":["http:\/\/vincentians.com\/es\/5o-domingo-de-pascua-reflexion-de-jose-roman-flecha-3\/#respond"]}]},{"@type":"WebPage","@id":"http:\/\/vincentians.com\/es\/5o-domingo-de-pascua-reflexion-de-jose-roman-flecha-3\/","url":"http:\/\/vincentians.com\/es\/5o-domingo-de-pascua-reflexion-de-jose-roman-flecha-3\/","name":"5\u00ba Domingo de Pascua (reflexi\u00f3n de Jos\u00e9 Rom\u00e1n Flecha) - Somos Vicencianos","isPartOf":{"@id":"https:\/\/vincentians.com\/es\/#website"},"primaryImageOfPage":{"@id":"http:\/\/vincentians.com\/es\/5o-domingo-de-pascua-reflexion-de-jose-roman-flecha-3\/#primaryimage"},"image":{"@id":"http:\/\/vincentians.com\/es\/5o-domingo-de-pascua-reflexion-de-jose-roman-flecha-3\/#primaryimage"},"thumbnailUrl":"https:\/\/i0.wp.com\/vincentians.com\/es\/wp-content\/uploads\/sites\/11\/2016\/07\/reflexiones-palabra-de-dios.jpg?fit=1200%2C630","datePublished":"2012-05-01T15:52:21+00:00","dateModified":"2016-07-24T08:27:15+00:00","breadcrumb":{"@id":"http:\/\/vincentians.com\/es\/5o-domingo-de-pascua-reflexion-de-jose-roman-flecha-3\/#breadcrumb"},"inLanguage":"es","potentialAction":[{"@type":"ReadAction","target":["http:\/\/vincentians.com\/es\/5o-domingo-de-pascua-reflexion-de-jose-roman-flecha-3\/"]}]},{"@type":"ImageObject","inLanguage":"es","@id":"http:\/\/vincentians.com\/es\/5o-domingo-de-pascua-reflexion-de-jose-roman-flecha-3\/#primaryimage","url":"https:\/\/i0.wp.com\/vincentians.com\/es\/wp-content\/uploads\/sites\/11\/2016\/07\/reflexiones-palabra-de-dios.jpg?fit=1200%2C630","contentUrl":"https:\/\/i0.wp.com\/vincentians.com\/es\/wp-content\/uploads\/sites\/11\/2016\/07\/reflexiones-palabra-de-dios.jpg?fit=1200%2C630","width":1200,"height":630},{"@type":"BreadcrumbList","@id":"http:\/\/vincentians.com\/es\/5o-domingo-de-pascua-reflexion-de-jose-roman-flecha-3\/#breadcrumb","itemListElement":[{"@type":"ListItem","position":1,"name":"Portada","item":"https:\/\/vincentians.com\/es\/"},{"@type":"ListItem","position":2,"name":"5\u00ba Domingo de Pascua (reflexi\u00f3n de Jos\u00e9 Rom\u00e1n Flecha)"}]},{"@type":"WebSite","@id":"https:\/\/vincentians.com\/es\/#website","url":"https:\/\/vincentians.com\/es\/","name":"Somos Vicencianos","description":"Know more to serve more","publisher":{"@id":"https:\/\/vincentians.com\/es\/#organization"},"potentialAction":[{"@type":"SearchAction","target":{"@type":"EntryPoint","urlTemplate":"https:\/\/vincentians.com\/es\/?s={search_term_string}"},"query-input":{"@type":"PropertyValueSpecification","valueRequired":true,"valueName":"search_term_string"}}],"inLanguage":"es"},{"@type":"Organization","@id":"https:\/\/vincentians.com\/es\/#organization","name":"The Vincentian Network","url":"https:\/\/vincentians.com\/es\/","logo":{"@type":"ImageObject","inLanguage":"es","@id":"https:\/\/vincentians.com\/es\/#\/schema\/logo\/image\/","url":"https:\/\/i1.wp.com\/vincentians.com\/es\/wp-content\/uploads\/sites\/11\/2016\/06\/Vincentian-Network-logo-big.png?fit=778%2C778","contentUrl":"https:\/\/i1.wp.com\/vincentians.com\/es\/wp-content\/uploads\/sites\/11\/2016\/06\/Vincentian-Network-logo-big.png?fit=778%2C778","width":778,"height":778,"caption":"The Vincentian Network"},"image":{"@id":"https:\/\/vincentians.com\/es\/#\/schema\/logo\/image\/"},"sameAs":["https:\/\/www.facebook.com\/WeAreVincentians\/","https:\/\/x.com\/WeVincentians"]},{"@type":"Person","@id":"https:\/\/vincentians.com\/es\/#\/schema\/person\/9623ef4d9aa3b2dfb8c061f1499288f2","name":"Francisco Javier Fern\u00e1ndez Chento","image":{"@type":"ImageObject","inLanguage":"es","@id":"https:\/\/vincentians.com\/es\/#\/schema\/person\/image\/","url":"https:\/\/secure.gravatar.com\/avatar\/497d5cde87b4c3d097d0315953521681ba2cd523ee66e5077c3711f7021e65de?s=96&d=mm&r=g","contentUrl":"https:\/\/secure.gravatar.com\/avatar\/497d5cde87b4c3d097d0315953521681ba2cd523ee66e5077c3711f7021e65de?s=96&d=mm&r=g","caption":"Francisco Javier Fern\u00e1ndez Chento"},"description":"Director General y cofundador de La Red de Formaci\u00f3n Vicenciana. Javier es laico vicenciano, afiliado a la Congregaci\u00f3n de la Misi\u00f3n y miembro del Equipo de Misiones Populares de la provincia can\u00f3nica de Zaragoza (Espa\u00f1a) de la Congregaci\u00f3n de la Misi\u00f3n. Graduado en la Universidad Oberta de Catalunya con cuatro grados (Asistente de direcci\u00f3n, Gesti\u00f3n Administrativa, Recursos Humanos y Contabilidad Avanzada). Bil\u00edng\u00fce Espa\u00f1ol\/Ingl\u00e9s. gestiona y mantiene varias p\u00e1ginas web cristianas y vicencianas, incluida including La Red de Formaci\u00f3n Vicenciana, de la que es cofundador. Actualmente es responsable del \u00e1rea de Espa\u00f1ol de .famvin, la Red de Noticias de la Familia Vicenciana. Tambi\u00e9n es m\u00fasico cat\u00f3lico y ha editado varios discos. Es Director General y cofundador de Trovador, una reconocida compa\u00f1\u00eda discogr\u00e1fica critiana de Espa\u00f1a. Trabaja en las Tecnolog\u00edas de la Informaci\u00f3n, ofreciendo servicios de alojamiento, dise\u00f1o y mantenimiento Web, as\u00ed como asesoramiento, formaci\u00f3n y soluciones inform\u00e1ticas, gesti\u00f3n documental y digitalizaci\u00f3n de textos, edici\u00f3n y maquetaci\u00f3n de libros, revistas, flyers, etc.","sameAs":["http:\/\/chento.org","https:\/\/www.facebook.com\/JavierChento","https:\/\/x.com\/https:\/\/twitter.com\/javierchento"],"url":"http:\/\/vincentians.com\/es\/author\/chento\/"}]}},"jetpack_publicize_connections":[],"jetpack_featured_media_url":"https:\/\/i0.wp.com\/vincentians.com\/es\/wp-content\/uploads\/sites\/11\/2016\/07\/reflexiones-palabra-de-dios.jpg?fit=1200%2C630","jetpack_sharing_enabled":true,"jetpack_shortlink":"https:\/\/wp.me\/p7ETMF-ov","jetpack-related-posts":[{"id":141929,"url":"http:\/\/vincentians.com\/es\/5o-domingo-de-cuaresma-reflexion-de-jose-roman-flecha-3\/","url_meta":{"origin":1519,"position":0},"title":"5\u00ba domingo de Cuaresma (reflexi\u00f3n de Jos\u00e9 Rom\u00e1n Flecha)","author":"Francisco Javier Fern\u00e1ndez Chento","date":"17\/03\/2015","format":false,"excerpt":"EL GRANO DE TRIGO Domingo 5\u00ba de Cuaresma. B. 22 de marzo de 2015 \u201cMeter\u00e9 mi ley en su pecho, la escribir\u00e9 en sus corazones; yo ser\u00e9 su Dios y ellos ser\u00e1n mi pueblo\u2026 Todos me conocer\u00e1n, desde el peque\u00f1o al grande, cuando perdone sus cr\u00edmenes y no recuerde sus\u2026","rel":"","context":"En \u00abHomil\u00edas y reflexiones, A\u00f1o B\u00bb","block_context":{"text":"Homil\u00edas y reflexiones, A\u00f1o B","link":"http:\/\/vincentians.com\/es\/category\/homilias-y-reflexiones-a-la-palabra-de-dios\/homilias-y-reflexiones-ano-b\/"},"img":{"alt_text":"","src":"https:\/\/i0.wp.com\/vincentians.com\/es\/wp-content\/uploads\/sites\/11\/2016\/07\/reflexiones-palabra-de-dios.jpg?fit=1200%2C630&resize=350%2C200","width":350,"height":200,"srcset":"https:\/\/i0.wp.com\/vincentians.com\/es\/wp-content\/uploads\/sites\/11\/2016\/07\/reflexiones-palabra-de-dios.jpg?fit=1200%2C630&resize=350%2C200 1x, https:\/\/i0.wp.com\/vincentians.com\/es\/wp-content\/uploads\/sites\/11\/2016\/07\/reflexiones-palabra-de-dios.jpg?fit=1200%2C630&resize=525%2C300 1.5x, https:\/\/i0.wp.com\/vincentians.com\/es\/wp-content\/uploads\/sites\/11\/2016\/07\/reflexiones-palabra-de-dios.jpg?fit=1200%2C630&resize=700%2C400 2x, https:\/\/i0.wp.com\/vincentians.com\/es\/wp-content\/uploads\/sites\/11\/2016\/07\/reflexiones-palabra-de-dios.jpg?fit=1200%2C630&resize=1050%2C600 3x"},"classes":[]},{"id":144007,"url":"http:\/\/vincentians.com\/es\/5o-domingo-de-pascua-reflexion-de-jose-roman-flecha-4\/","url_meta":{"origin":1519,"position":1},"title":"5\u00ba Domingo de Pascua (reflexi\u00f3n de Jos\u00e9 Rom\u00e1n Flecha)","author":"Francisco Javier Fern\u00e1ndez Chento","date":"27\/04\/2015","format":false,"excerpt":"LA VID Y LOS SARMIENTOS Domingo 5\u00ba de Pascua. B. 3 de mayo de 2015 \u201cLa Iglesia gozaba de paz en toda Judea, Galilea y Samar\u00eda. Se iba construyendo y progresaba en la fidelidad del Se\u00f1or y se multiplicaba animada por el Esp\u00edritu Santo\u201d. As\u00ed se refiere en uno de\u2026","rel":"","context":"En \u00abHomil\u00edas y reflexiones, A\u00f1o B\u00bb","block_context":{"text":"Homil\u00edas y reflexiones, A\u00f1o B","link":"http:\/\/vincentians.com\/es\/category\/homilias-y-reflexiones-a-la-palabra-de-dios\/homilias-y-reflexiones-ano-b\/"},"img":{"alt_text":"","src":"https:\/\/i0.wp.com\/vincentians.com\/es\/wp-content\/uploads\/sites\/11\/2016\/07\/reflexiones-palabra-de-dios.jpg?fit=1200%2C630&resize=350%2C200","width":350,"height":200,"srcset":"https:\/\/i0.wp.com\/vincentians.com\/es\/wp-content\/uploads\/sites\/11\/2016\/07\/reflexiones-palabra-de-dios.jpg?fit=1200%2C630&resize=350%2C200 1x, https:\/\/i0.wp.com\/vincentians.com\/es\/wp-content\/uploads\/sites\/11\/2016\/07\/reflexiones-palabra-de-dios.jpg?fit=1200%2C630&resize=525%2C300 1.5x, https:\/\/i0.wp.com\/vincentians.com\/es\/wp-content\/uploads\/sites\/11\/2016\/07\/reflexiones-palabra-de-dios.jpg?fit=1200%2C630&resize=700%2C400 2x, https:\/\/i0.wp.com\/vincentians.com\/es\/wp-content\/uploads\/sites\/11\/2016\/07\/reflexiones-palabra-de-dios.jpg?fit=1200%2C630&resize=1050%2C600 3x"},"classes":[]},{"id":140401,"url":"http:\/\/vincentians.com\/es\/1o-domingo-de-cuaresma-reflexion-de-la-s-s-v-p-en-espana\/","url_meta":{"origin":1519,"position":2},"title":"1\u00ba Domingo de Cuaresma (reflexi\u00f3n de la S.S.V.P. en Espa\u00f1a)","author":"Francisco Javier Fern\u00e1ndez Chento","date":"19\/02\/2015","format":false,"excerpt":"\u00abDios permiti\u00f3 que esa misma tentaci\u00f3n pasara al esp\u00edritu del Sr. Vicente, quien desde entonces se hall\u00f3 vivamente atacado. Us\u00f3 de oraciones y mortificaciones para verse libre, y no tuvieron otro efecto que hacerle sufrir los humos del infierno con paciencia y resignaci\u00f3n, sin perder, con todo, la esperanza de\u2026","rel":"","context":"En \u00abHomil\u00edas y reflexiones, A\u00f1o B\u00bb","block_context":{"text":"Homil\u00edas y reflexiones, A\u00f1o B","link":"http:\/\/vincentians.com\/es\/category\/homilias-y-reflexiones-a-la-palabra-de-dios\/homilias-y-reflexiones-ano-b\/"},"img":{"alt_text":"","src":"https:\/\/i0.wp.com\/vincentians.com\/es\/wp-content\/uploads\/sites\/11\/2016\/07\/reflexiones-palabra-de-dios.jpg?fit=1200%2C630&resize=350%2C200","width":350,"height":200,"srcset":"https:\/\/i0.wp.com\/vincentians.com\/es\/wp-content\/uploads\/sites\/11\/2016\/07\/reflexiones-palabra-de-dios.jpg?fit=1200%2C630&resize=350%2C200 1x, https:\/\/i0.wp.com\/vincentians.com\/es\/wp-content\/uploads\/sites\/11\/2016\/07\/reflexiones-palabra-de-dios.jpg?fit=1200%2C630&resize=525%2C300 1.5x, https:\/\/i0.wp.com\/vincentians.com\/es\/wp-content\/uploads\/sites\/11\/2016\/07\/reflexiones-palabra-de-dios.jpg?fit=1200%2C630&resize=700%2C400 2x, https:\/\/i0.wp.com\/vincentians.com\/es\/wp-content\/uploads\/sites\/11\/2016\/07\/reflexiones-palabra-de-dios.jpg?fit=1200%2C630&resize=1050%2C600 3x"},"classes":[]},{"id":135481,"url":"http:\/\/vincentians.com\/es\/5o-domingo-de-cuaresma-reflexion-de-honorio-lopez-c-m\/","url_meta":{"origin":1519,"position":3},"title":"5\u00ba domingo de Cuaresma (reflexi\u00f3n de Honorio L\u00f3pez, C.M.)","author":"Francisco Javier Fern\u00e1ndez Chento","date":"16\/03\/2015","format":false,"excerpt":"Jer 31, 31-34; Sal 50, 3-4. 12-15; Heb 5, 7-9; Jn 12, 20-33. \u201cSi el grano de trigo no cae en tierra y muere, queda \u00e9l solo; pero si muere, da mucho fruto\u201d \u00a1Qu\u00e9 hermosas las verdes milpas, los trigales en flor, las tierras salpicadas de frondosos \u00e1rboles frutales! Pero,\u2026","rel":"","context":"En \u00abHomil\u00edas y reflexiones, A\u00f1o B\u00bb","block_context":{"text":"Homil\u00edas y reflexiones, A\u00f1o B","link":"http:\/\/vincentians.com\/es\/category\/homilias-y-reflexiones-a-la-palabra-de-dios\/homilias-y-reflexiones-ano-b\/"},"img":{"alt_text":"","src":"https:\/\/i0.wp.com\/vincentians.com\/es\/wp-content\/uploads\/sites\/11\/2016\/07\/reflexiones-palabra-de-dios.jpg?fit=1200%2C630&resize=350%2C200","width":350,"height":200,"srcset":"https:\/\/i0.wp.com\/vincentians.com\/es\/wp-content\/uploads\/sites\/11\/2016\/07\/reflexiones-palabra-de-dios.jpg?fit=1200%2C630&resize=350%2C200 1x, https:\/\/i0.wp.com\/vincentians.com\/es\/wp-content\/uploads\/sites\/11\/2016\/07\/reflexiones-palabra-de-dios.jpg?fit=1200%2C630&resize=525%2C300 1.5x, https:\/\/i0.wp.com\/vincentians.com\/es\/wp-content\/uploads\/sites\/11\/2016\/07\/reflexiones-palabra-de-dios.jpg?fit=1200%2C630&resize=700%2C400 2x, https:\/\/i0.wp.com\/vincentians.com\/es\/wp-content\/uploads\/sites\/11\/2016\/07\/reflexiones-palabra-de-dios.jpg?fit=1200%2C630&resize=1050%2C600 3x"},"classes":[]},{"id":143996,"url":"http:\/\/vincentians.com\/es\/lectio-para-5o-domingo-de-pascua-preparada-por-chuno-chavez-alva-c-m-2\/","url_meta":{"origin":1519,"position":4},"title":"Lectio para 5\u00ba Domingo de Pascua (preparada por Chuno Ch\u00e1vez Alva, C.M.)","author":"Francisco Javier Fern\u00e1ndez Chento","date":"27\/04\/2015","format":false,"excerpt":"La vi\u00f1a que no defrauda LA PALABRA HOY: Hechos Ap\u00f3stoles 9,26-31; Salmo 21; 1 Juan 3,18-24; Juan 15,1-8 Ambientaci\u00f3n: Al centro un racimo de uvas, alrededor algunos sarmientos o ramitas de \u00e1rbol sobre los que colocamos los nombres de los participantes. Cantos sugeridos: Jes\u00fas est\u00e1 entre nosotros; Juntos cantando la\u2026","rel":"","context":"En \u00abHomil\u00edas y reflexiones, A\u00f1o B\u00bb","block_context":{"text":"Homil\u00edas y reflexiones, A\u00f1o B","link":"http:\/\/vincentians.com\/es\/category\/homilias-y-reflexiones-a-la-palabra-de-dios\/homilias-y-reflexiones-ano-b\/"},"img":{"alt_text":"","src":"https:\/\/i0.wp.com\/vincentians.com\/es\/wp-content\/uploads\/sites\/11\/2016\/07\/reflexiones-palabra-de-dios.jpg?fit=1200%2C630&resize=350%2C200","width":350,"height":200,"srcset":"https:\/\/i0.wp.com\/vincentians.com\/es\/wp-content\/uploads\/sites\/11\/2016\/07\/reflexiones-palabra-de-dios.jpg?fit=1200%2C630&resize=350%2C200 1x, https:\/\/i0.wp.com\/vincentians.com\/es\/wp-content\/uploads\/sites\/11\/2016\/07\/reflexiones-palabra-de-dios.jpg?fit=1200%2C630&resize=525%2C300 1.5x, https:\/\/i0.wp.com\/vincentians.com\/es\/wp-content\/uploads\/sites\/11\/2016\/07\/reflexiones-palabra-de-dios.jpg?fit=1200%2C630&resize=700%2C400 2x, https:\/\/i0.wp.com\/vincentians.com\/es\/wp-content\/uploads\/sites\/11\/2016\/07\/reflexiones-palabra-de-dios.jpg?fit=1200%2C630&resize=1050%2C600 3x"},"classes":[]},{"id":132439,"url":"http:\/\/vincentians.com\/es\/5o-domingo-de-pascua-reflexion-de-pedro-guillen-goni-c-m-3\/","url_meta":{"origin":1519,"position":5},"title":"5\u00ba Domingo de Pascua (reflexi\u00f3n de Pedro Guill\u00e9n Go\u00f1i, C.M.)","author":"Francisco Javier Fern\u00e1ndez Chento","date":"30\/04\/2015","format":false,"excerpt":"Con frecuencia el Se\u00f1or nos presenta su evangelio utilizando comparaciones, par\u00e1bolas, alegor\u00edas para hacer m\u00e1s comprensible a la gente sencilla lo que \u00c9l deseaba manifestar. Hoy nos habla de la \u201cvid y los sarmientos\u201d para expresarnos la relaci\u00f3n vital y espiritual existente entre Jes\u00fas y el creyente, entre su Palabra\u2026","rel":"","context":"En \u00abHomil\u00edas y reflexiones, A\u00f1o B\u00bb","block_context":{"text":"Homil\u00edas y reflexiones, A\u00f1o B","link":"http:\/\/vincentians.com\/es\/category\/homilias-y-reflexiones-a-la-palabra-de-dios\/homilias-y-reflexiones-ano-b\/"},"img":{"alt_text":"","src":"https:\/\/i0.wp.com\/vincentians.com\/es\/wp-content\/uploads\/sites\/11\/2016\/07\/reflexiones-palabra-de-dios.jpg?fit=1200%2C630&resize=350%2C200","width":350,"height":200,"srcset":"https:\/\/i0.wp.com\/vincentians.com\/es\/wp-content\/uploads\/sites\/11\/2016\/07\/reflexiones-palabra-de-dios.jpg?fit=1200%2C630&resize=350%2C200 1x, https:\/\/i0.wp.com\/vincentians.com\/es\/wp-content\/uploads\/sites\/11\/2016\/07\/reflexiones-palabra-de-dios.jpg?fit=1200%2C630&resize=525%2C300 1.5x, https:\/\/i0.wp.com\/vincentians.com\/es\/wp-content\/uploads\/sites\/11\/2016\/07\/reflexiones-palabra-de-dios.jpg?fit=1200%2C630&resize=700%2C400 2x, https:\/\/i0.wp.com\/vincentians.com\/es\/wp-content\/uploads\/sites\/11\/2016\/07\/reflexiones-palabra-de-dios.jpg?fit=1200%2C630&resize=1050%2C600 3x"},"classes":[]}],"_links":{"self":[{"href":"http:\/\/vincentians.com\/es\/wp-json\/wp\/v2\/posts\/1519","targetHints":{"allow":["GET"]}}],"collection":[{"href":"http:\/\/vincentians.com\/es\/wp-json\/wp\/v2\/posts"}],"about":[{"href":"http:\/\/vincentians.com\/es\/wp-json\/wp\/v2\/types\/post"}],"author":[{"embeddable":true,"href":"http:\/\/vincentians.com\/es\/wp-json\/wp\/v2\/users\/4"}],"replies":[{"embeddable":true,"href":"http:\/\/vincentians.com\/es\/wp-json\/wp\/v2\/comments?post=1519"}],"version-history":[{"count":0,"href":"http:\/\/vincentians.com\/es\/wp-json\/wp\/v2\/posts\/1519\/revisions"}],"wp:featuredmedia":[{"embeddable":true,"href":"http:\/\/vincentians.com\/es\/wp-json\/wp\/v2\/media\/388408"}],"wp:attachment":[{"href":"http:\/\/vincentians.com\/es\/wp-json\/wp\/v2\/media?parent=1519"}],"wp:term":[{"taxonomy":"category","embeddable":true,"href":"http:\/\/vincentians.com\/es\/wp-json\/wp\/v2\/categories?post=1519"},{"taxonomy":"post_tag","embeddable":true,"href":"http:\/\/vincentians.com\/es\/wp-json\/wp\/v2\/tags?post=1519"}],"curies":[{"name":"wp","href":"https:\/\/api.w.org\/{rel}","templated":true}]}}