{"id":15132,"date":"2013-06-25T19:15:22","date_gmt":"2013-06-25T17:15:22","guid":{"rendered":"http:\/\/somos.vicencianos.org\/blog\/?p=15132"},"modified":"2016-07-26T09:44:41","modified_gmt":"2016-07-26T07:44:41","slug":"centenario-de-la-congregacion-de-la-mision-en-la-costa-norte-de-honduras-1910-2010","status":"publish","type":"post","link":"http:\/\/vincentians.com\/es\/centenario-de-la-congregacion-de-la-mision-en-la-costa-norte-de-honduras-1910-2010\/","title":{"rendered":"Centenario de la Congregaci\u00f3n de la Misi\u00f3n en la costa norte de Honduras 1910\u20132010"},"content":{"rendered":"<p><em><a href=\"https:\/\/i0.wp.com\/vicencianos.org\/vicencianos\/files\/2010\/03\/centenario-honduras.jpg\"><img data-recalc-dims=\"1\" loading=\"lazy\" decoding=\"async\" class=\"alignright size-medium wp-image-15135\" alt=\"\" src=\"https:\/\/i0.wp.com\/vicencianos.org\/vicencianos\/files\/2010\/03\/centenario-honduras-199x300.jpg?resize=199%2C300\" width=\"199\" height=\"300\" \/><\/a>Durante 57 a\u00f1os (1910-1967) los Padres Pa\u00fales, procedentes de la Provincia can\u00f3nica de Barcelona-Espa\u00f1a, han sido los creadores y animadores del Pueblo de Dios de toda la Costa Norte de Honduras. De norte a sur, por monta\u00f1as y valles, d\u00eda y noche, a ricos y a pobres, justos y pecadores&#8230; -los cinco Departamentos de Cort\u00e9s y Atl\u00e1ntida, Col\u00f3n con Gracias a Dios e Islas de la Bah\u00eda\u2026 -todas las parroquias e iglesias de la Misi\u00f3n 1910-1916,\u00a0 luego Vicariato Apost\u00f3lico 1916-1963, hasta la misma Di\u00f3cesis 1963\u2026:Trujillo, La Moskitia, La Ceiba, Tela, las Islas, Puerto Cort\u00e9s, La Lima, Choloma, Santa Cruz de Yojoa, Villanueva\u2026hasta San Pedro Sula; -desde el primer Vicario Apost\u00f3lico Mons. Juan Sastre 1921\u00ad1949, y Mons. Antonio Capdevila 1950-1962, a los obispos diocesanos Mons. Jos\u00e9 Garc\u00eda 1963-1965 y Mons. Jaime Bruf\u00e1u 1966-92. Ellos, los 120 Misioneros Vicentinos continuaron la obra Apost\u00f3lica de los\u00a0 primeros evangelizadores, ininterrumpi\u00addamente, interes\u00e1ndose por la gran Comunidad cristiana norte\u00f1a. M\u00e1s tarde lograron mayor colaboraci\u00f3n sacerdotal, y a partir de 1967 vinieron otros ap\u00f3stoles, incluso de nuestra familia vicentina, d\u00e1ndose la mano, para colaborar en esa gesta evangelizadora. Y durante cien a\u00f1os, contin\u00faan colaborando, siempre dispuestos, al servicio de la Iglesia Cat\u00f3lica, anunciando a Cristo Salvador. Dir\u00eda que la Provincia CM de Barcelona ha sido misionera en extremo. Es el mejor t\u00edtulo que se le puede aplicar <\/em><\/p>\n<p>Esta conferencia est\u00e1 tomada, en su 1\u00aa\u00a0 parte, despu\u00e9s de la Introducci\u00f3n, de documentos de la Santa Sede, unos 26, y\u00a0 28 cartas del P. Antonio Casulleras, la 2\u00aa de la revista Germanor y Anales CMB. Son la mejor fuente. De todos ellos hay copia en el Archivo Provincial. Os invito a escucharla en perspectiva evang\u00e9lica para dar gracias a Dios por y en este centenario.<\/p>\n<h3>INTRODUCCI\u00d3N: <span style=\"text-decoration: underline\">Realidad social religiosa (1850-1950): <\/span><\/h3>\n<p>1-<em>La expropiaci\u00f3n de los bienes de la Iglesia<\/em> por los gobiernos europeos, y leyes posteriores, con robos, fraudes, incluso asesinatos\u2026:\u00adDespojo de la Iglesia francesa\u20261905; -Espa\u00f1a, 1832; 1868; 1873 \u2026\u00adP\u00e9rdida de los Estados Pontificios, 1870\u2026 Este general secuestro de los bienes eclesi\u00e1sticos engendr\u00f3 gran pobreza en la Iglesia europea\u2026pero providencialmente ocasion\u00f3 muchas vocaciones misioneras: Es el \u00abSiglo de las Misiones\u00bb: Nace la festividad <em>de la Santa Infancia (1843)<\/em>, del <em>Domund (1943), <\/em>aparecen nuevos Institutos misioneros<em> (PP. Blancos, Escuelas Cristianas, Claretianos\u2026)<\/em>, y otros existentes se lanzan hacia las misiones extranjeras: (Pa\u00fales a China (1783; 1839; 1902 seg\u00fan cat\u00e1logo CM); los alemanes en Costa Rica, Seminario de San Jos\u00e9 en 1892, Vicariato de Lim\u00f3n en 1894, los italianos 1839 Etiop\u00eda (Justino de Jacobis)\u2026los espa\u00f1oles en Cuktak, 1914, los Padres Blancos en \u00c1frica\u2026<\/p>\n<p>2-<em>Los gobiernos latinoamericanos<\/em>, asumen esas nuevas ideas revolucionarias europeas e imitan similar actitud de apropiaci\u00f3n de los bienes eclesiales: En Honduras el presidente Marco Aurelio Soto (1876\u00ad1883)<em>\u00abconsolid\u00f3 la deuda del Estado, suprimiendo los diezmos \u2013 <\/em>eclesiales<em>&#8211; lo mismo que las llamadas Cofrad\u00edas, y dispuso que los bienes que pose\u00edan pasaran a poder del Fisco\u2026\u00bb<\/em> Con ello logr\u00f3 cierta beneficencia p\u00fablica pero ocasion\u00f3 gran pobreza eclesial, sobre todo afectando a las vocaciones sacerdotales. Ello daba pr\u00e1cticamente la muerte al Seminario tridentino de Comayagua, donde se formaban todos los sacerdotes de Honduras, por falta de medios econ\u00f3micos (pago de profesores, alimentaci\u00f3n de alumnos, compra de material did\u00e1ctico\u2026) Hubo algunos intentos favorables de reorganizaci\u00f3n por el celoso obispo Francisco V\u00e9lez (1888-1901), \u00abpero el Seminario sigui\u00f3 en su postraci\u00f3n casi completa\u00bb.<\/p>\n<p>El Presidente Miguel R. D\u00e1vila, desde Tegucigalpa, donde se hab\u00eda trasladado la Capital, y amigo del obispo Mons. Mart\u00ednez y Caba\u00f1as (1902-1921), le insist\u00eda a que se trasladase a la nueva Capital. El obispo le replicaba: \u00abY \u00bfd\u00f3nde est\u00e1 el palacio? d\u00f3nde situar el Seminario?\u00bb<\/p>\n<p>Adem\u00e1s con motivo de la Independencia, cesaron las dotaciones de Espa\u00f1a, sin que fueran repuestas por los nuevos gobiernos; algunos sacerdotes espa\u00f1oles vi\u00e9ronse obligados regresar a su patria; hubo sede vacante cerca de 30 a\u00f1os (1820-44); parte del \u00abalto clero\u00bb hondure\u00f1o eran m\u00e1s bien pol\u00edticos\u2026<\/p>\n<h3>I-<span style=\"text-decoration: underline\">Preocupaci\u00f3n de la Santa Sede por el cristianismo de Am\u00e9rica Latina <\/span><\/h3>\n<p>1-a: En este siglo XIX-XX, aparece una gran inquietud en la Curia romana, animada por P\u00edo X (1903-1914) que abri\u00f3 el siglo de las Misiones y culmin\u00f3 con su sucesor P\u00edo XI\u2026\u00bbSe propuso como objetivo supremo de acci\u00f3n apost\u00f3lica, infundir nuevo vigor al esp\u00edritu cristiano, contra el influjo de malsanas doctrinas modernistas\u00bb. Y a trav\u00e9s del nuevo Derecho can\u00f3nico vino una actual organizaci\u00f3n y activaci\u00f3n de la Curia romana animada por el Cardenal Merry del Val, Secretario de Estado del Vaticano, con su habilidad diplom\u00e1tica.<\/p>\n<p>b-Se enviaron Legados Pontificios para examinar la realidad cristiana cat\u00f3lica de Am\u00e9rica. En Centro Am\u00e9rica llega Juan Cagliero (1908-1915) el cual realiza varios viajes por todas la rep\u00fablicas, comprobando la triste realidad: la grande y general ignorancia religiosa, la escasez de sacerdotes\u2026, y env\u00eda un cuidadoso y sombr\u00edo informe\u00a0 a Roma.<\/p>\n<p>c-Incluso los mismos nativos se lamentan: El obispo Mart\u00ednez y Caba\u00f1as, reconoce <em>Not\u00e1ndose una verdadera necesidad en toda la Costa Norte para difundir la verdad evang\u00e9lica\u2026y no habiendo sacerdotes suficientes\u2026Nos procuraremos a todo trance poner todos los medios posibles para remediar tanta necesidad. (Escrito de 1899) <\/em>El P. Recarte, que cuida la Costa Norte desde Sta. B\u00e1rbara, se lamenta: <em>Tengo 61 a\u00f1os\u2026soy un hospital de enfermedades\u2026necesitamos de misioneros he dicho y repetido; sin ese poderoso auxilio no podemos adelantar. (14-julio-1904). <\/em>El Can\u00f3nigo Bruno Padilla, en 1929 deplora: <em>Desde la administraci\u00f3n del Dr. Soto\u2026el sacerdocio empez\u00f3 a verse menospreciado, deprimido y reducido a penuria tal que algunos con 20 a\u00f1os de ministerio y m\u00e1s no pueden tener una humilde casa para los tristes d\u00edas de su vejez y morir\u2026 (CELAJES, a\u00f1o V, n\u00ba 29,1929, p.954) <\/em><\/p>\n<p>d- Y Cagliero, amigo de Juan Bosco comienza con su propia Congregaci\u00f3n, abriendo algunos colegios (Colegio San Miguel; escuela para ni\u00f1as en Tegucigalpa)\u2026con los Padres Pa\u00fales alemanes en Costa Rica\u2026<\/p>\n<p>2- En ese ambiente social, pol\u00edtico y religioso, en agosto de 1902, aparece <em>la Provincia can\u00f3nica CM. de Barcelona<\/em>, al dividirse Espa\u00f1a en dos grupos o Provincias can\u00f3nicas. La forman 22 sacerdotes y 10 Hnos. Coadjutores, de los 150 que hay en Espa\u00f1a, con unos 30 j\u00f3venes Estudiantes, y 1880 miembros en toda la Compa\u00f1\u00eda, seg\u00fan Cat\u00e1logo CM 1903. Y naturalmente Barcelona, vive la misma realidad eclesial hispana: pobreza, con vocaciones, como la iglesia europea\u2026<\/p>\n<p>Ello invita a los nuevos Superiores, a levantar sus ojos m\u00e1s all\u00e1 de las peque\u00f1as fronteras provinciales. Gran parte del mundo est\u00e1 por evangelizar&#8230;<em>La mies es mucha\u2026<\/em>Am\u00e9rica latina lo favorece por el mismo idioma. Era una llamada a una pronta y generosa decisi\u00f3n apost\u00f3lica m\u00e1s all\u00e1 de sus cuatro casas. No recibe terreno ni bienes materiales en Espa\u00f1a, pero el Esp\u00edritu le invita a abrirse al amplio mundo de Am\u00e9rica, sin fronteras, sin condiciones, sin l\u00edmites. Dios act\u00faa de formas insospechadas, pero hay que descubrirlas y aceptarlas\u2026 para enriquecerse de los dones del Se\u00f1or.<\/p>\n<h3>II.- UN LARGO CAMINAR:<\/h3>\n<p>Posiblemente fue as\u00ed: Encontramos tres centros: Roma, Par\u00eds y Barcelona, con alguna personas providenciales. Atenci\u00f3n a las fechas que marcan el proceso.<\/p>\n<p><em>1- Barcelona-Filadelfia: <\/em><strong>El 29 de noviembre de 1908<\/strong> el Visitador de Barcelona Jaime Gelabert (1907-1912), escrib\u00eda al Consejo General de Par\u00eds comunic\u00e1ndole que <em>el Visitador de Am\u00e9rica del Norte en Filadelfia ofrece un lugar para un misionero de nuestra Provincia en\u00a0 ese pa\u00eds, para trabajar con la Colonia espa\u00f1ola\u2026(Curia general CM Roma) <\/em><\/p>\n<p>El escogido fue el P. Antonio Casulleras (1876-1919) que ha trabajado en M\u00e9jico desde 1900 y pasa a Barcelona en 1906. En <strong>enero de 1909<\/strong> es enviado, por el Consejo provincial, a Filadelfia, pues conoce a Sor \u00c1gueda Quintana, Hija de la Caridad, de origen espa\u00f1ol, y es la m\u00e1s interesada en apoyar y ayudar en esa obra apost\u00f3lica. Atenci\u00f3n a esta circunstancia providencial; a trav\u00e9s de una humilde HC se abre la Provincia al exterior apost\u00f3lico americano. (Breve resumen hist\u00f3rico de la Prov. de Bna, 1902-1982).<\/p>\n<p>b- Por otro lado el Delegado Apost\u00f3lico desde su sede de S.\u00a0 Jos\u00e9 de Costa Rica se decide visitar las Rep\u00fablicas centroamericanas para conocerlas mejor y acertar en sus decisiones. <strong>El 19 de marzo de 1909<\/strong>, llega a Tegucigalpa; se informa, comprueba la pobreza, no solo material sino tambi\u00e9n sacerdotal y toma una firme decisi\u00f3n que tambi\u00e9n la anhela\u00adba el obispo Mart\u00ednez: la ayuda\u2026para solucionar tantas necesidades espirituales diocesanas. Y en junio env\u00eda a Tegucigalpa al P. Jos\u00e9 Nieborowsky, joven misionero alem\u00e1n, culto e inteligente, activo y pr\u00e1ctico, para <em>organizar el Seminario diocesano como rector y preparar una Misi\u00f3n en la Costa Norte, con personal extranjero por falta de sacerdotes aut\u00f3ctonos<\/em>.(La formaci\u00f3n sacerdotal en Honduras, Jaime Bruf\u00e1u, 1959, p.18)<\/p>\n<p>Las impresiones que recibi\u00f3 del Seminario fueron\u00a0 muy desagradables: las condiciones del lugar p\u00e9simas, la alimentaci\u00f3n escasa, el material escolar pobre e insuficiente\u2026y en <strong>abril de 1910 <\/strong>decide realizar un viaje por Estados Unidos y Europa, para solicitar ayudas\u2026<\/p>\n<p>En su viaje pasa por Filadelfia &#8211;<strong>Septiembre <\/strong>de <strong>1910-<\/strong>y casualmente-yo dir\u00eda providencialmente- se encuentra con Casulleras. Nueva llamada de lo Alto. Se alojar\u00edan en el Seminario vicenciano de Germantown, fundado en 1851, hablar\u00edan sobre los asuntos que los motivaban\u2026De Sor \u00c1gueda y los inmigrantes, deseos de fundaci\u00f3n en Am\u00e9rica latina\u2026del Seminario, la pobreza, la falta de sacerdotes en Honduras\u2026 \u00bfQu\u00e9 sali\u00f3 de ese importante encuentro?. Nieborowski sigue su ruta y misi\u00f3n: llega a Europa, visita su provincial alem\u00e1n, al P. General de Par\u00eds, pasa por Barcelona, luego\u00a0 Roma, dialoga con el organismo de Propaganda Fide y es recibido por P\u00edo X.<\/p>\n<p>Y el<strong> 19 del mismo mes, sept. 1910<\/strong> Casulleras, desde Filadelfia, anuncia a Gelabert, que se le ofrecen tres fundaciones: <em>No hay que pensar en el Ecuador por lo dilatado y costoso del viaje\u2026el Presidente es anticat\u00f3lico furibundo\u2026En Le\u00f3n-Nicaragua- una parroquia\u2026la ciudad tiene siete parroquias bien constituidas\u2026pero no evitaremos la malquerencia del clero\u2026 queda Honduras con sus dos partes, la Prefectura (Apost\u00f3lica) y las misiones (populares, que se han ofrecido tambi\u00e9n a los PP. Capuchinos). No puedo entender\u00a0 a qu\u00e9 vienen esas dilaciones en aceptar la Prefectura; el Delegado Apost\u00f3lico lo pide, la Santa Sede lo tiene determinado y nos lo ha ofrecido, \u00bfqu\u00e9 raz\u00f3n puede haber por no aceptarla?&#8230;no puedo a\u00f1adir nada que ya no tengan escrito y expuesto el Sr. Delegado y el P. Nieborowski\u2026 <\/em><\/p>\n<p>El <strong>10 de octubre <\/strong>del mismo a\u00f1o Gelabert comunica al Superior General <em>que el Consejo\u00a0 provincial ha tomado la determinaci\u00f3n de aceptar la Prefectura \u00aberigenda\u00bb de Honduras\u2026 <\/em>Y el<strong> 22<\/strong> Fiat recibe del Secretario de Estado: <em>El Santo Padre a quien se le ha dado la relaci\u00f3n de la apreciada carta de su Revcia\u2026me ha expresado su m\u00e1s vivo deseo de que la Provincia de BCN\u2026est\u00e9 dispuesta a tomar la direcci\u00f3n de la Prefectura A.\u00a0 a erigir en la Costa Septentrional de Honduras\u2026comunico a su Revcia. una copia del \u00abinforme\u00bb\u00a0 que el P. J. Nieborowski ha realizado al respecto\u2026 Inmediatamente le sea posible me notificar\u00e1 su definitiva aceptaci\u00f3n\u2026a fin de que la S. C. Consistorial pueda dar las \u00f3rdenes oportunas para la erecci\u00f3n de la mencionada Prefectura\u2026Merry del Val. <\/em><strong>El 25<\/strong> Fiat se lo comunica a Gelabert y le urge: <em>\u2026os ruego de ocuparos en seguida de la selecci\u00f3n del personal\u2026Os felicito por esta Misi\u00f3n que la Providencia os conf\u00eda. <\/em><\/p>\n<p><strong>El 27 de octubre de 1910 <\/strong>Casulleras escribe a Gelabert desde Guatemala adonde ha llegado, camino de Honduras. Le ofrecen otra fundaci\u00f3n, pero el Delegado Apost\u00f3lico acaba de salir para San Jos\u00e9 y Casulleras decide llegarse hasta Costa Rica, <em>pues nada puedo hacer sin ponerme de acuerdo con \u00e9l. <\/em><\/p>\n<p>En esta misiva Casulleras ofrece unas recomendaciones para los misioneros que lleguen a Honduras, muy actuales. Recog\u00eda dos: <em>para comenzar, enviar unos dos misioneros\u2026bien instruidos en la pr\u00e1ctica parroquial y la administraci\u00f3n \u2026y que participen del car\u00e1cter yankee y latino; aqu\u00ed hay muchos cat\u00f3licos americanos como ovejas sin pastor, en cambio los protestantes tiene ya dos iglesias. Dentro de poco cuando se abra el canal de Panam\u00e1 y los yanquees puedan recorrer toda la Am\u00e9rica en ferrocarril no habr\u00e1 m\u00e1s fronteras\u2026el ingl\u00e9s y espa\u00f1ol se oir\u00e1n por doquiera, y el bien que har\u00e1n esos sacerdotes biling\u00fces ser\u00e1 incalculable\u2026(p. 19-<\/em>y a\u00fan m\u00e1s<em>\u2026) <\/em><\/p>\n<p><em>2.- San Jos\u00e9 de Costa Rica-Trujillo: <\/em>Casulleras llega a S. Jos\u00e9 de C.R. el d\u00eda de Todos los Santos. El 6 escribe a Gelabert algo significativo:<em> le dir\u00e9 que la opini\u00f3n de los Padres<\/em> \u2013alemanes del Seminario- <em>y del Sr. Delegado es que aceptemos la Prefectura\u2026, y el punto elegido por residencia S. Pedro Sula es la \u00fanica ciudad verdaderamente importante\u2026-<\/em>tendr\u00eda a lo m\u00e1s unos 7000 habitantes-<em>en toda la Prefectura solo hay dos sacerdotes\u2026ser\u00eda necesario no tener alma para no corresponder. (APCMB) <\/em><\/p>\n<p>Y queda decidido. <strong>El 18 de nov<\/strong>. el Delegado Apost\u00f3lico comunica tal decisi\u00f3n a las autoridades de Honduras: al Obispo Mons. Jos\u00e9 M\u00aa Mart\u00ednez y Caba\u00f1as: <em>\u2026la Santa Sede le env\u00eda un mensajero en la persona del R. P. Comisionado de los paulinos de la Prov. de BCN\u2026El viene para entenderse con S. S. pues el Em. Sr. C. Secretario de Estado ha suplicado a los R. Paulinos de BCN que vayan a la Costa Atl\u00e1ntida hondurense\u2026<\/em><strong> el 19<\/strong> al Presidente de la Rep\u00fablica Miguel Rafael D\u00e1vila, elogiando a los misioneros <em>celos\u00edsimos, virtuosos y progresistas\u2026 (APCMB) <\/em><strong>y el 30<\/strong> del mismo mes Gelabert al P. Fiat: <em>Por el momento no podemos enviar m\u00e1s que tres sacerdotes y un Hermano\u2026 proponemos al P. Casulleras como Prefecto Apost\u00f3lico. <\/em><\/p>\n<p>Luego de dialogar largamente con el Delegado Apost\u00f3lico, con cartas de recomendaci\u00f3n y lleno de optimismo, Casulleras sale del puerto de Puntarenas por el Pac\u00edfico, entrando en Honduras por Amapala. <em>Por fin llegu\u00e9 a \u00e9sta \u2013<\/em>Tegucigalpa<em>&#8211; ayer tarde d\u00eda 12 <\/em>\u00adDiciembre- <em>empleo el d\u00eda de hoy en descansar y enterarme bien de la situaci\u00f3n, hablando con nuestro cohermanos <\/em>(PP. Alemanes del Semi\u00adnario),<em> dos Padres salesianos y el C\u00f3nsul de Espa\u00f1a. Me entreg\u00f3 sus tres cartas\u2026Desde el puerto de Amapala hasta esta ciudad \u2013Tega- no se encuentra ni un solo sacerdote por los diversos pueblos que se pasan\u2026 <\/em>Acompa\u00f1ado del P. Nieborowski visita varias veces al obispo Mons. Mart\u00ednez, el cual les dice que <em>Roma le da la raz\u00f3n al oponerse a la erecci\u00f3n de un Vicariato\u2026<\/em>Tema fruto de graves litigios.<\/p>\n<p><em>Esta tarde fui recibido por el Sr. Presidente. Es de unos 50 a\u00f1os, m\u00e9dico y general y director hace a\u00f1os de una escuela superior\u2026est\u00e1 muy bien dispuesto\u2026nada ped\u00ed pero el me ofreci\u00f3 cooperar en todos los sentidos\u2026Es una l\u00e1stima que Vd. no tenga Hermanas \u2013Hijas de la Cari\u00addad que poder mandar a estos pa\u00edses; de todas partes las piden\u2026aqu\u00ed han hecho lo indecible para conseguirlas para el hospital; el Presidente paga el viaje y acepta las condiciones que le impongan. <\/em>De nuevo la voz providencial: apostolado fraternal entre CM e HC. Algo digno de no olvidar\u00a0 nunca\u2026<\/p>\n<p>Llegamos al momento decisivo: <strong>El 15 de diciembre de 1910 <\/strong>la mano del Pastor diocesano firmaba el documento que abr\u00eda las puertas de la iglesia hondure\u00f1a a la familia vicenciana de BCN. <em>Nos, Mons. Mart\u00ednez y Caba\u00f1as, obispo de Comayagua en Honduras\u2026teniendo conocimiento del referido R.P. Casulleras..le nombramos Cura interino de <\/em><\/p>\n<p><em>Trujillo, d\u00e1ndole todas las facultades para administrar todos los Sacramentos \u2026le damos nuestra bendici\u00f3n episcopal, En Tegucigalpa el 15 de dic. de 1910. <\/em>Y al p\u00e1rroco saliente P. Barud: <em>Con el referido cura se entender\u00e1 Vd\u2026 pues es p\u00e1rroco hasta Cabo Gracias a Dios, en donde examinar\u00e1 la Costa para una Misi\u00f3n y tal vez para Prefectura o Vicariato Apost\u00f3lico que administrar\u00e1n los Padres Lazaristas. <\/em><\/p>\n<p>La grave enfermedad atrasa el viaje del P. Casulleras un mes, gastando otros dos en su viaje, <em>salvando dificultades, atravesando monta\u00f1as selv\u00e1ticas y bogando m\u00e1s de una vez en cayuco, <\/em>dice el obispo. El domingo, abril 16,\u00a0 pascua de Res. tomaba posesi\u00f3n de la parroquia.<\/p>\n<p><em>3.- Nuevos refuerzos<\/em>: La brevedad se impone. Casulleras organiza la parroquia y visita los pueblos\u2026<\/p>\n<p><strong>El 9 de julio de 1911<\/strong> el Delegado A. Juan Cagliero escribe a Casulleras: <em>est\u00e1n muy adelantados en Roma los trabajos para la constituci\u00f3n de la Prefrectura\u2026<\/em>Pero la realidad es que no acaba de aclararse. <strong>El 7 de agosto -1911<\/strong>&#8211; el Cardenal Merry del Val, quiere asegurarse y escribe al Visitador: <em>El P. Nieborwski en connivencia con Mons. Juan Cagliero ha comunicado a la Santa Sede que la Provincia de Lazaristas de Barcelona est\u00e1 dispuesta a aceptar el gobierno de una Prefectura Apost\u00f3lica \u00aberigenda\u00bb en aquella Rep\u00fablica\u2026Tenga la bondad de informarme directamente si la Provincia est\u00e1 dispuesta a asumir tal compromiso; la cual cosa ser\u00e1 muy del agrado del Santo Padre. (AGCMR) <\/em>Cinco d\u00edas despu\u00e9s -12 agosto-Gelabert comunica al Superior General<\/p>\n<p>P. A. Fiat: <em>El Consejo Provincial ha aceptado tal ofrecimiento\u2026(AGCMR) <\/em>Pero no solo una parroquia; hay que asegurar la Prefectura y Gelabert viaja a Roma el <strong>20 de noviembre de 1911<\/strong>. Merry del Val se lo confirma y P\u00edo X le concede audiencia particular con una bendici\u00f3n particular para la Misi\u00f3n.<\/p>\n<p>El 19 de enero de 1912 el Delegado escribe al Visitador <em>que ha recibido su informe\u00a0 sobre el resultado satisfactorio de sus gestiones en Roma para la erecci\u00f3n de la Prefectura Apost\u00f3lica en Honduras, como tambi\u00e9n las del E. Sr. Card. Secretario de Estado, lo cual me persuade que finalmente han desaparecido todos los tropiezos que durante tres a\u00f1os han obstaculizado su realizaci\u00f3n\u2026 <\/em><\/p>\n<p>La Misi\u00f3n se abre paso y en Mayo de 1912\u00a0 llegaban tres misioneros m\u00e1s. Los PP. Jaime Gelabert, Manuel Nadal y el H\u00ba. Dami\u00e1n Garc\u00edas. Pasados un par de meses, Nadal se queda de p\u00e1rroco en Trujillo, Casulleras enfermo pasa a La Ceiba, y Gelabert con el Hermano viajan a Tegucigalpa para entrevistarse con el obispo, el cual lo nombra p\u00e1rroco de San Pedro y Vicario for\u00e1neo de la Costa Norte.<\/p>\n<p>En enero de 1913 llega el P. Antonio Gisbert desde M\u00e9jico y en mayo de 1914 P. Antonio Soler suple en La Ceiba al P. Casulleras que enfermo regresa a Espa\u00f1a en octubre.<\/p>\n<p><em>4-Dos duros golpes<\/em>: Todo iba viento en popa; hab\u00eda verdaderamente misioneros entregados a la causa ap\u00f3st\u00f3lica, el cuidado espiritual de la ciudad, la visita a pueblos y aldeas, administrando sacramentos\u2026<em>la gente es muy respetuosa\u2026con mucha frecuencia salimos a los pueblos\u2026\u00bfc\u00f3mo referirles sus bellezas?&#8230;y el gran calor \u00bfc\u00f3mo lo sofocar\u00e9?&#8230;(P.Soler) <\/em><\/p>\n<p>Parece que no hab\u00eda mucha connivencia entre el Visitador de Barcelona\u00a0 P. Vilanova y Gelabert. \u00c9ste muy entregado a la Misi\u00f3n y a la construcci\u00f3n de la Iglesia de San Pedro se olvid\u00f3 de la situaci\u00f3n econ\u00f3mica precaria que hab\u00eda sufrido Espa\u00f1a en su tiempo y que segu\u00eda. En 1914 llega a Barcelona el obispo de Puno-Per\u00fa\u00a0 Mons. Ampuero y ofrece la soluci\u00f3n con tal que le env\u00eden misioneros. Gisbert y Soler fueron algunos de ellos, y la Misi\u00f3n de Honduras qued\u00f3 muy depauperada con solo dos misioneros.<\/p>\n<p>Peor a\u00fan: el 2 de febrero\u00a0 de 1916 la Santa Sede publicaba la Bula \u00ab<em>Quae rei sacrae<\/em>\u00bb por la que se divid\u00eda la di\u00f3cesis de Comayagua en tres: la archidi\u00f3cesis de Tegucigalpa, la di\u00f3cesis de Santa Rosa de Cop\u00e1n y el Vicariato apost\u00f3lico de San Pedro Sula.<\/p>\n<p>Esta determinaci\u00f3n disgust\u00f3 mucho al anciano prelado hondure\u00f1o; sentimiento que comunic\u00f3 al Gobierno, y \u00e9ste sin m\u00e1s, fustigado por la prensa mas\u00f3nica, dio decreto de expulsi\u00f3n para los que el obispo consideraba m\u00e1s responsables, entre ellos los PP. Nieborowski, Gelabert\u2026 Despu\u00e9s de tanta generosa entrega, Gelabert, con gran pesar tiene que salir de Honduras, donde le espera un m\u00e1s triste y doloroso breve porvenir: unos a\u00f1os despu\u00e9s muri\u00f3 de c\u00e1ncer, s\u00f3lo, en un hospital de Nueva Orle\u00e1ns, a los 49 a\u00f1os de edad\u2026<\/p>\n<p><em>Insistencia provechosa: <\/em>La Santa Sede no par\u00f3 el asunto. El mismo 1916, septiembre, envi\u00f3 al obispo de San Miguel- El Salvador- para dialogar con el obispo y Gobierno, y en 1918 se firmaba un convenio: <em>1\u00ba-El gobierno de Honduras da su asentimiento para que se cumpla la Bula.-2\u00ba-Los nombramientos de Arzobispo, Obispo, Vicario Apost\u00f3lico \u2026se har\u00e1n de acuerdo con el gobierno de Honduras, y las personas nombradas deber\u00e1n ser hondure\u00f1os de origen o nacionalizadas con diez a\u00f1os de residencia en el pa\u00eds, a no ser que el gobierno tuviere a bien dispensar esta condici\u00f3n. <\/em><\/p>\n<p>Otra insistencia no menos \u00fatil fue la que actu\u00f3 la Santa Sede con Barcelona. La Costa norte est\u00e1 casi toda abandonada espiritualmente, sin sacerdotes. Pero encontramos constantes cartas e informes en los que el Vaticano urge a la Provincia, y al Consejo General, asumir la responsabilidad anterior apost\u00f3lica. En enero de 1920 llegaba a Barcelona el P. Mc Hale para apremiar al Consejo provincial el env\u00edo de personal y organizar el Vicariato. Nombrado en 1920 nuevo Visitador de Barcelona el P. Eugenio Comellas, en diciembre se dirige a Honduras. Ah\u00ed van llegando siete misioneros\u2026Se tiene una reuni\u00f3n misionera en Trujillo, y el P. Sastre asume la direcci\u00f3n de la Misi\u00f3n en calidad de regente del Vicariato, el cual en 1923 ser\u00e1 nombrado Administrador Apost\u00f3lico del Vicariato, y el 15 de abril de 1924 obispo titular de Germaniciana y Vicario Apost\u00f3lico de San Pedro Sula.<\/p>\n<h2>II\u00aa PARTE:<\/h2>\n<p>Para ser breve, divid\u00eda la obra apost\u00f3lica vicenciana desarrollada en la Misi\u00f3n, con las Comunidades cristianas, en tres partes: <strong>Esta gesta apost\u00f3lica, evangelizadora, vicentina y centenaria, la resum\u00eda en tres ideas; es <\/strong><\/p>\n<ul>\n<li><strong>UN MONUMENTO DE FE CRISTIANA,<\/strong><\/li>\n<li><strong>UNA VIVENCIA Y EXPRESI\u00d3N DE CARIDAD, <\/strong><\/li>\n<li><strong>Y UN TESTIMONIO DE ESPERANZA<\/strong><\/li>\n<\/ul>\n<h3>MONUMENTO DE FE CRISTIANA<\/h3>\n<p><strong>Frutos de la Fe apost\u00f3lica <\/strong><\/p>\n<p>La Misi\u00f3n nace y se desarrolla\u00a0 en aquella pobreza evang\u00e9lica de la Provincia y de la Iglesia hondure\u00f1a. Los Padres Vicentinos no plantaron la primera semilla de fe y de amor en el Dios \u00fanico y verdadero, Padre, Hijo y Esp\u00edritu Santo. Ello\u00a0 es obra ben\u00e9fica, sacrificada y misteriosa, de los Primeros Evangelizadores de los siglos XVI\u2026<\/p>\n<p>Pero como hemos se\u00f1alado al disminuir notablemente los sacerdotes en los a\u00f1os de la independencia\u2026la Providencia abri\u00f3 esta misi\u00f3n apost\u00f3lica a nuestra peque\u00f1a Provincia. Por voluntad de lo Alto, Dios providente, le ofreci\u00f3 esa nueva realidad.<\/p>\n<p>Y leyendo los numerosos informes de estos cien a\u00f1os, uno queda admirado, impresionado\u2026y siente necesidad de alabar al Se\u00f1or y darle sentidas gracias.<\/p>\n<p>Los misioneros anotan los comienzos: -1911: Trujillo <em>2000 habitantes, divisiones, apat\u00eda\u2026 <\/em>-1912: en San Pedro Sula<em> 25 personas asisten a la misa<\/em>. -La Ceiba: iglesia peque\u00f1a de madera; llega el P. Mor,<em> el d\u00eda 27-1920- dije misa sin ning\u00fan fiel, el domingo con 12 personas. <\/em><\/p>\n<p>-y no hablemos de P. Cort\u00e9s, Tela\u2026sin atenci\u00f3n espiritual alguna \u2026<\/p>\n<p>&#8211; en el a\u00f1o 1910 hay 4 iglesias: en Trujillo, Sta. Cruz de Yojoa; Ceiba y S. Pedro no terminada.<\/p>\n<p>Regresados los misioneros en 1920, resume as\u00ed el Administrador Ap. Mons. Sastre, el a\u00f1o 1922: <em>He visitado a todos los pueblos, a excepci\u00f3n de seis que pronto visitar\u00e9\u2026El bien espiritual m\u00e1s sobresaliente que recogimos fue: administraci\u00f3n de bautizos 2,481, autorizamos a 110 matrimonios; tuvimos unas 5.000 confesiones y 7.000 comuniones, de las cuales 2.300 fueron Primeras; 239 administraciones a los enfermos; el sacramento de la Confirmaci\u00f3n a 3.800 personas. Durante este a\u00f1o se convirtieron siete personas,\u00a0 hemos edificado dos iglesia\u2026 Actualmente somos ocho sacerdotes y un Hermano Vicentinos y dos seculares <\/em><\/p>\n<p>Otro de los frutos de aquellas nuevas Comunidades cristianas fue siempre el gran inter\u00e9s por tener su Iglesia; unas humildes de madera, otras de cemento, algunas esbeltas como la Catedral de San Pedro Sula, Trujillo, la Ceiba\u2026<\/p>\n<p>En 1936 hay 41 Capillas; en 1949: 30 Iglesias con 47 Capillas; en 1954: 92 Iglesias y 2 Capillas; en 1921 siete con 101.764 habits.; en 1930 catorce con 129.242 habits; en 1950: veintid\u00f3s con 260.113 habits; en 1960: 30 misioneros, seis Hnos. de la Salle y 30 Religiosas. Y\u00a0 hay que recordar a los antiguos y serviciales mayordomos, a las sacrificadas catequistas, a los fieles Delegados de la Palabra, maestros y transmisores de la fe, don del Se\u00f1or.<\/p>\n<p>Van llegando misioneros: son 10-20-36\u2026hasta los 120. La gran mayor\u00eda son j\u00f3venes de 25 a 30 a\u00f1os\u2026P\u00e1rrocos entregados en organizar la comunidad\u2026Vicarios ilusionados y dedicados a proclamar el evangelio entre las aldeas y morenales\u2026con catequesis teniendo en cuenta la realidad sencilla del pueblo humilde.<\/p>\n<p>En 1916 est\u00e1n 5 PP. Vicentinos con 60.000 habitantes.\u00a0 En 1930\u2026 14 Misioneros con 129.242 habitantes.\u00a0 En 1940\u2026 17 \u00ab\u00bb En 1950\u2026 22 misioneros con\u00a0 260.113\u00a0 habitantes En 1960\u202630 \u00ab\u00bb con 352.479 \u00ab\u00bb<\/p>\n<p>Se van abriendo parroquias: Trujillo 1910 a1979; -La Ceiba 1912\u00ad1967; -Tela 1921-1967; San Pedro Ap\u00f3stol (SPS) 1912-1995; San Jos\u00e9-Medina (SPS) 1912-2005; San Vicente de Pa\u00fal (SPS) 1960\u2026;Puerto Cort\u00e9s 1912-1989; La Lima 1938-1979; R\u00edo Lindo 1921-1972; Choloma 1912-1976; Villanueva 1912-1992; Cofrad\u00eda 1912-1984; Tegucigalpa 1953\u2026La Moskitia: Barra del Patuca y Puerto Lempira\u00a0 en 1935\u2026<\/p>\n<p><em>La llegada de los Padres Paulinos en la costa norte de Honduras marc\u00f3 un camino y una direcci\u00f3n. Ellos han sido los art\u00edfices de la fe\u00a0 de todos nosotros. <\/em><\/p>\n<p>Lic. Eliseo Fajardo Director del Archivo hist\u00f3rico de San Pedro Sula-2010 Palabras, no de un obispo, o de un cura sino de un culto escritor hondure\u00f1o actual<\/p>\n<h3><strong>EXPRESI\u00d3N DE CARIDAD CRISTIANA<\/strong><\/h3>\n<p><strong>Frutos\u00a0 del amor\u00a0 creyente <\/strong><\/p>\n<p>No hay fe verdadera sin amor. Los misioneros vinieron con las inquietudes de su tiempo, y 1910 no es 2010. Pero muy pronto comenzaron en organizar la ayuda caritativa, una forma que no puede desaparecer nunca, aunque puede y debe ser superada de la mejor forma posible.<\/p>\n<p>El P. Gelabert llegado en 1912 a San Pedro Sula organiza las <span style=\"text-decoration: underline\">Damas de la Caridad,<\/span> dedicadas a asistir a enfermos, visitar el hospital \u2026Son 16 socias. Aumenta su n\u00famero y asistencia con ayuda de alimentos, ropa \u2026y mejora su servicio a los pobres. Luego el obispo organiza Caritas diocesana contando con las Damas de la Caridad. Atienden a 400 familias en S. Pedro, 250 en Medina, 150 en Lima Vieja, 50 en Chamelec\u00f3n&#8230; con un surtido dispensario. Siempre animadas por el sacerdote, montan\u00a0 una Escuela de oficios dom\u00e9sticos reconocida por el Gobierno. En Puerto Cort\u00e9s, las Damas dirigidas por el p\u00e1rroco organizan un rograma de ense\u00f1anza de oficios dom\u00e9sticos, y\u00a0 abren varios centros Comunales en los barrios. Algo similar realizan en R\u00edo Lindo.\u00a0 La historia de las Damas de la Caridad en la Costa Norte es un glorioso cap\u00edtulo de fraternidad a\u00fan por estudiar.<\/p>\n<p>En el B\u00ba Medina abren las Hijas de la Caridad un dispensario m\u00e9dico infantil, 1945, y atienden a una residencia de ancianos. En Trujillo el P. Nadal\u00a0 organiza un peque\u00f1o centro asistencial en 1912.<\/p>\n<p>Mons. Sastre fue uno de los pioneros en promover la beneficencia, hasta lograr Hijas de la Caridad para el Hospital Leonardo Mart\u00ednez en 1932. Jam\u00e1s la Costa Norte hab\u00eda gozado de unas religiosas para estos servicios. En 1962 son 6 Hijas de la Caridad. Se monta un centro de formaci\u00f3n, se atienden 300 enfermos internos, adem\u00e1s de miles de c\u00f3nsultas\u2026<\/p>\n<p>En La Ceiba, en 1936 est\u00e1n las Hijas de la Caridad sirviendo en el Hospital\u2026 En 1959 llegan a La Ceiba siete Hermanas de la Merced, cuatro para fundar la Escuela de enfermer\u00eda profesional y tres un Colegio de Se\u00f1oritas. Tambi\u00e9n se hacen presentes las Damas de la Caridad. En 1966 idearon un Comedor infantil San Vicente con asistencia de 40 ni\u00f1os.<\/p>\n<p>En Trujillo y Sab\u00e1 las Hijas de la Caridad, con su escuela, la catequesis, la visita constante a la prisi\u00f3n y a las aldeas, su atenci\u00f3n a la juventud femenina, su ayuda y orientaci\u00f3n a las madres\u2026<\/p>\n<p>Si pasamos a la regi\u00f3n m\u00e1s pobre de la Rep\u00fablica, la Moskitia, vemos que los \u00fanicos y \u00fanicas que se han acercado a aquellos hermanos necesitados, han sido los PP. Vicentinos y las Hijas de la Caridad. Ellos de forma estable les sirven desde 1935 con la ense\u00f1anza cristiana y dos dispensarios m\u00e9dicos en Patuca y Sangrelaya. Llegan la Hermanas y asu-men todos los dispensarios. Y hoy Puerto Lempira, Patuca, Sangrelaya y Wampusirpi gozan de ese amor de la Hija de la Caridad, hecho servicio.<\/p>\n<p>Recordemos la parroquia de la Milagrosa -Tegucigalpa- donde los Misioneros y Hermanas, desde hace a\u00f1os, tienen organizada la agrupaci\u00f3n Luisas de Marillac con el mismo ideal de atenci\u00f3n gratuita a los pobres y enfermos.\u00a0 Y la actual y extraordinaria obra social y cristiana OSOVI del P. A. Quetglas, que en S. Pedro comprende: atenci\u00f3n m\u00e9dica a personas de escasos recursos, medicinas a bajos precios y odontolog\u00eda; albergue a personas con enfermedades terminales; rehabilitaci\u00f3n alcoh\u00f3lica; un modulo para ancianos y varios centros juveniles. Y en Tegucigalpa un programa de formaci\u00f3n de valores humanos y prevenci\u00f3n contra la droga\u2026Como la extraordinaria labor social de la Parroquia San Vicente de Pa\u00fal. \u00ab<em>Amigos para siempre\u00bb <\/em>prevenci\u00f3n contra la droga, prostituci\u00f3n y delinquencia; \u00ab<em>Puerta abierta<\/em>\u00bb promoci\u00f3n educativa integral, familiar contra el Sida, la bebida alcoh\u00f3lica\u2026<\/p>\n<p>Y \u00bfquien promueve,\u00a0 anima y compromete tanta generosidad y caridad, desde hace a\u00f1os sino el obispo y los sacerdotes con la colaboraci\u00f3n de religiosas y seglares? \u00abDonde brota la fe, florece la caridad, la bondad hacia los dem\u00e1s, la atenci\u00f3n sol\u00edcita a los d\u00e9biles y los que sufren\u00bb. (Benedicto XVI)<\/p>\n<h3><strong>TESTIMONIO DE ESPERANZA CRISTIANA<\/strong><\/h3>\n<p><strong>La esperanza fruto del que cree y ama<\/strong><\/p>\n<p>Desde los primeros a\u00f1os de su llegada a esta Costa Norte los PP. Vicentinos, sin apenas medios suficientes, estuvieron muy interesados en este aspecto intelectual y cristiano de formar a las personas. Parece una obsesi\u00f3n el gran inter\u00e9s que se toman al respecto, mientras los Vicarios se pasan los seis d\u00edas de la semana visitando y adoctrinando los cristianos de las aldeas\u2026 Llegado el primer misionero a la parroquia de La Ceiba en 1912\u00a0 escribe a los Hnos. de la Salle de Cambrils-Espa\u00f1a:<em>\u2026el punto m\u00e1s importante es el estar firmemente persuadido que mientras no se establezcan escuelas cristianas estamos trabajando sin fundamento\u2026con qu\u00e9 condiciones podr\u00edan venir tres Hermanos \u2026<\/em>Y pensando en buenas maestras exclama: <em>Es una l\u00e1stima que no tenga Hermanas de la Caridad; de todas partes las piden\u2026para escuelas y hospitales. <\/em><\/p>\n<p>En 1923 escribe el obispo Juan Sastre al Internuncio: <em>Dentro de un mes llegar\u00e1n unos dos Padres m\u00e1s; quiz\u00e1s los emplearemos para el colegio que pienso el pr\u00f3ximo a\u00f1o\u2026<\/em>En enero de 1925 se anunciaba: <em>Se inaugurar\u00e1 el pr\u00f3ximo febrero un nuevo centro de s\u00f3lida ense\u00f1anza y educaci\u00f3n, bajo la direcci\u00f3n de los Padres Figarola y Cayetano\u2026para alumnos de 2\u00ba, 3\u00ba y 4\u00ba grado.<\/em> Se abr\u00eda con 27 alumnos. Al a\u00f1o siguiente la matr\u00edcula era de 87 alumnos, y abren otro <em>Colegio Santa Teresita <\/em>para ni\u00f1as. El de varones seguir\u00e1 hasta el presente con numerosa matr\u00edcula hasta 340 alumnos\u2026\u00a0 Para el de ni\u00f1as Mons. Sastre logra la incorporaci\u00f3n de las Religiosas de Mar\u00eda Auxiliadora, y escribe: <em>Las primeras Hermanas Salesianas llegaron el d\u00eda 23 de marzo de 1939\u2026lo abrieron el 1\u00ba de mayo empezado con cinco Hermanas y la superiora\u2026 Instalaci\u00f3n 60,00 $, colegio y profeso\u00adrado 1.035,00 $. <\/em>En 1944 el Gobierno autorizaba ser elevado a la categor\u00eda de Iinstituto Normal.<\/p>\n<p>En 1949 se abr\u00eda el Instituto Departamental S. Vicente de Pa\u00fal con las secciones de Comercio y Bachillerato bajo la direcci\u00f3n de los Padres de la Parroquia de la Catedral, en S. Pedro Sula, con m\u00e1s de cien alumnos. En 1952 llegan los Hermanos de la Salle y toman la direcci\u00f3n del Colegio, totalmente obsequiado, sin condici\u00f3n alguna\u2026<\/p>\n<p>En 1953 nac\u00eda otro Instituto Departamental S. Vicente de Pa\u00fal para Se\u00f1oritas, fruto tambi\u00e9n de los esfuerzos de los Obispos y Vicentinos. Fue encomendado a un grupo de maestras profesionales con el P. Manuel Cavero de asesor religioso. Se cursa Magisterio, Secretariado, Bachillerato y Comercio. En 1958 Mons. Capdevila\u00a0 logra un extenso terreno y construyen edificio propio.\u00a0 En Medina las Hijas de la Caridad abren una escuela Primaria con todos los grados. Mientras las Damas de la Caridad abren una Escuela Vocacional para chicas con gran provecho para ellas, sus\u00a0 familias y la sociedad.<\/p>\n<p>En La Lima el Instituto Guadalupano parroquial desde 1962, comienza con mucho alumnado que educa, anima y orienta a centenares de j\u00f3venes. En 1966 son 700 los alumnos con el Plan b\u00e1sico, Ciclo diversificado con las cuatro secciones de bachillerato, magisterio y secretariado. Al a\u00f1o siguiente el p\u00e1rroco pone sus ojos en Lima Vieja y abre junto a la iglesia un kinder con un primer grado, hasta implantar todos los grados del 1\u00ba al 6\u00ba. Es la escuela parroquial Sta. Rosa de Lima.<\/p>\n<p>En Puerto Cort\u00e9s el p\u00e1rroco comienza con un parvulario, luego se a\u00f1ade la Primaria con labores manuales. Fue en 1950. Con la colaboraci\u00f3n de un grupo de padres de familia se levanta un edificio con todos los cursos de Secundaria. En 1960 el Colegio reun\u00eda a 160 muchachas de Secundaria, con 200 ni\u00f1os en Primaria.<\/p>\n<p>En Tela en 1955 el p\u00e1rroco, despu\u00e9s de 21 a\u00f1os de trabajo apost\u00f3lico en Honduras, logra organizar una Escuela parroquial primaria.<\/p>\n<p>En La Ceiba en marzo de 1926 los Padres Vicentinos abren una Escuelita con un grupo de abnegados seglares, en los bajos de la misma Casa cural. Luego viene la escuela nocturna gratuita para adultos comenzando con 30 alumnos; va creciendo hasta abarcar todos los cursos. En 1937 aparece la Escuela San Isidro, alcanzando los 300 alumnos en 1945. Se abre el Instituto mixto San Jos\u00e9 de Segunda ense\u00f1anza. En 1960 las Hermanas de la Merced abren el Instituto Maria Regina con capacidad para 300 alumnas, y un kinder que solicitan los padres cat\u00f3licos de la parroquia.<\/p>\n<p>Y entrando en el Dep. Col\u00f3n, aparece en Trujillo ya en 1927 la Escuela La Milagrosa, cediendo los Padres Vicentinos la Casa cural, siendo la incansable directora la Sta. Claudina Aguilar, modelo de entrega educativa.<\/p>\n<p>Y no podemos dejar de insinuar siquiera la primera escuelita de la Moskitia abierta en\u00a0 Barra del Patuca por el P. Francisco Barriach en 1936. Y la Escuela de Capacitaci\u00f3n en la parroquia La Milagrosa de Tegucigalpa.<\/p>\n<p>Esta obra educativa tan seria e importante de los Vicentinos no puede olvidarse. Quien olvida tantos esfuerzos para lograr una realidad educativa brevemente anotada, no conoce la importancia de la formaci\u00f3n humana, no aprecia el esfuerzo de tantos educadores seglares que con ayudas de cristianos han logrado esa rica realidad.<\/p>\n<p>Y a\u00fan resta anotar otra clase de formaci\u00f3n realizada en la Moskitia, Los misioneros crean Cooperativas para la formaci\u00f3n de los adultos del pueblo. La Cooperativa agr\u00edcola en 1955, la Cooperativa de Consumo y Pesca en 1971, las dos en Patuca. El cuidado en enviar j\u00f3venes de Sangrelaya becadas en los Colegios de San Vicente y Mar\u00eda Auxiliadora<\/p>\n<p>Y el incansable ap\u00f3stol del Dep. Col\u00f3n,\u00a0 P. Jaime Pratdesaba, afirma con toda honradez: <em>me jugu\u00e9 seriamente la vida en defensa de la Cooperativa de los campesinos de Salam\u00e1 y\u00a0 \u00abcampos\u00bb de Col\u00f3n,\u00a0 por los a\u00f1os 1970-1975<\/em>. Patrocina, anima y colabora directamente defendiendo a los laboriosos campesinos.<\/p>\n<p>Y de forma m\u00e1s directamente cristiana recordemos el Centro de Capacitaci\u00f3n de San Pero Sula, dedicado a seria formaci\u00f3n cristiana, y luego apareciendo otros: Trujillo&#8230;<\/p>\n<p>S\u00ed, desde aquel 1923 toda la Costa Norte fue enriqueci\u00e9ndose con centros de educaci\u00f3n para que hubiera una juventud sana de cuerpo y alma; ciudadanos honrados, honestos\u2026y creyentes de verdad. La educaci\u00f3n cristiana engendra seguridad en Dios y amor al hombre.<\/p>\n<h2><em><span style=\"text-decoration: underline\">Proclamaci\u00f3n de la fe cristiana, Vivencia de la fraternidad, Afianzamiento de la esperanza\u2026 <\/span><\/em><\/h2>\n<p>Esta ha sido la obra evang\u00e9lica de 120 misioneros; gloria apost\u00f3lica de la Provincia C.M. de Barcelona. Con \u00e9xitos y fracasos, en debilidad y con esfuerzo, iluminados por San Vicente, mirando siempre al Evangelizador de los pobres.<\/p>\n<p>Cierre esta pobre informaci\u00f3n centenaria, las siempre actuales palabras, en sus dos mil a\u00f1os escritas, del poeta vidente:<\/p>\n<p><strong>\u00a1\u00a1\u00a1<em>Qu\u00e9 hermosos son sobre los montes , los pies del mensajero que anuncia la paz<\/em>!!! (Is 52,7) Gracias. <\/strong><\/p>\n<p style=\"text-align: right\"><em>Jos\u00e9 Barcel\u00f3 M.,CM. <\/em><\/p>\n","protected":false},"excerpt":{"rendered":"<p>Durante 57 a\u00f1os (1910-1967) los Padres Pa\u00fales, procedentes de la Provincia can\u00f3nica de Barcelona-Espa\u00f1a, han sido los creadores y animadores del Pueblo de Dios de toda la Costa Norte de Honduras. De norte a sur, &#8230; <a href=\"http:\/\/vincentians.com\/es\/centenario-de-la-congregacion-de-la-mision-en-la-costa-norte-de-honduras-1910-2010\/\" class=\"more-link\">Read More<\/a><\/p>\n","protected":false},"author":4,"featured_media":15135,"comment_status":"open","ping_status":"open","sticky":false,"template":"","format":"standard","meta":{"jetpack_post_was_ever_published":false,"_jetpack_newsletter_access":"","_jetpack_dont_email_post_to_subs":false,"_jetpack_newsletter_tier_id":0,"_jetpack_memberships_contains_paywalled_content":false,"_jetpack_memberships_contains_paid_content":false,"footnotes":"","jetpack_publicize_message":"","jetpack_publicize_feature_enabled":true,"jetpack_social_post_already_shared":true,"jetpack_social_options":{"image_generator_settings":{"template":"highway","default_image_id":0,"font":"","enabled":false},"version":2}},"categories":[16],"tags":[172],"class_list":["post-15132","post","type-post","status-publish","format-standard","has-post-thumbnail","hentry","category-congregacion-de-la-mision","tag-pobreza"],"yoast_head":"<!-- This site is optimized with the Yoast SEO plugin v26.3 - https:\/\/yoast.com\/wordpress\/plugins\/seo\/ -->\n<title>Centenario de la Congregaci\u00f3n de la Misi\u00f3n en la costa norte de Honduras 1910\u20132010 - Somos Vicencianos<\/title>\n<meta name=\"robots\" content=\"index, follow, max-snippet:-1, max-image-preview:large, max-video-preview:-1\" \/>\n<link rel=\"canonical\" href=\"https:\/\/vincentians.com\/es\/centenario-de-la-congregacion-de-la-mision-en-la-costa-norte-de-honduras-1910-2010\/\" \/>\n<meta property=\"og:locale\" content=\"es_ES\" \/>\n<meta property=\"og:type\" content=\"article\" \/>\n<meta property=\"og:title\" content=\"Centenario de la Congregaci\u00f3n de la Misi\u00f3n en la costa norte de Honduras 1910\u20132010 - Somos Vicencianos\" \/>\n<meta property=\"og:description\" content=\"Durante 57 a\u00f1os (1910-1967) los Padres Pa\u00fales, procedentes de la Provincia can\u00f3nica de Barcelona-Espa\u00f1a, han sido los creadores y animadores del Pueblo de Dios de toda la Costa Norte de Honduras. De norte a sur, ... Read More\" \/>\n<meta property=\"og:url\" content=\"https:\/\/vincentians.com\/es\/centenario-de-la-congregacion-de-la-mision-en-la-costa-norte-de-honduras-1910-2010\/\" \/>\n<meta property=\"og:site_name\" content=\"Somos Vicencianos\" \/>\n<meta property=\"article:publisher\" content=\"https:\/\/www.facebook.com\/WeAreVincentians\/\" \/>\n<meta property=\"article:author\" content=\"https:\/\/www.facebook.com\/JavierChento\" \/>\n<meta property=\"article:published_time\" content=\"2013-06-25T17:15:22+00:00\" \/>\n<meta property=\"article:modified_time\" content=\"2016-07-26T07:44:41+00:00\" \/>\n<meta name=\"author\" content=\"Francisco Javier Fern\u00e1ndez Chento\" \/>\n<meta name=\"twitter:card\" content=\"summary_large_image\" \/>\n<meta name=\"twitter:creator\" content=\"@https:\/\/twitter.com\/javierchento\" \/>\n<meta name=\"twitter:site\" content=\"@WeVincentians\" \/>\n<meta name=\"twitter:label1\" content=\"Escrito por\" \/>\n\t<meta name=\"twitter:data1\" content=\"Francisco Javier Fern\u00e1ndez Chento\" \/>\n\t<meta name=\"twitter:label2\" content=\"Tiempo de lectura\" \/>\n\t<meta name=\"twitter:data2\" content=\"31 minutos\" \/>\n<script type=\"application\/ld+json\" class=\"yoast-schema-graph\">{\"@context\":\"https:\/\/schema.org\",\"@graph\":[{\"@type\":\"Article\",\"@id\":\"https:\/\/vincentians.com\/es\/centenario-de-la-congregacion-de-la-mision-en-la-costa-norte-de-honduras-1910-2010\/#article\",\"isPartOf\":{\"@id\":\"https:\/\/vincentians.com\/es\/centenario-de-la-congregacion-de-la-mision-en-la-costa-norte-de-honduras-1910-2010\/\"},\"author\":{\"name\":\"Francisco Javier Fern\u00e1ndez Chento\",\"@id\":\"http:\/\/vincentians.com\/es\/#\/schema\/person\/9623ef4d9aa3b2dfb8c061f1499288f2\"},\"headline\":\"Centenario de la Congregaci\u00f3n de la Misi\u00f3n en la costa norte de Honduras 1910\u20132010\",\"datePublished\":\"2013-06-25T17:15:22+00:00\",\"dateModified\":\"2016-07-26T07:44:41+00:00\",\"mainEntityOfPage\":{\"@id\":\"https:\/\/vincentians.com\/es\/centenario-de-la-congregacion-de-la-mision-en-la-costa-norte-de-honduras-1910-2010\/\"},\"wordCount\":6223,\"commentCount\":0,\"publisher\":{\"@id\":\"http:\/\/vincentians.com\/es\/#organization\"},\"image\":{\"@id\":\"https:\/\/vincentians.com\/es\/centenario-de-la-congregacion-de-la-mision-en-la-costa-norte-de-honduras-1910-2010\/#primaryimage\"},\"thumbnailUrl\":\"\",\"keywords\":[\"Pobreza\"],\"articleSection\":[\"Congregaci\u00f3n de la Misi\u00f3n\"],\"inLanguage\":\"es\",\"potentialAction\":[{\"@type\":\"CommentAction\",\"name\":\"Comment\",\"target\":[\"https:\/\/vincentians.com\/es\/centenario-de-la-congregacion-de-la-mision-en-la-costa-norte-de-honduras-1910-2010\/#respond\"]}]},{\"@type\":\"WebPage\",\"@id\":\"https:\/\/vincentians.com\/es\/centenario-de-la-congregacion-de-la-mision-en-la-costa-norte-de-honduras-1910-2010\/\",\"url\":\"https:\/\/vincentians.com\/es\/centenario-de-la-congregacion-de-la-mision-en-la-costa-norte-de-honduras-1910-2010\/\",\"name\":\"Centenario de la Congregaci\u00f3n de la Misi\u00f3n en la costa norte de Honduras 1910\u20132010 - Somos Vicencianos\",\"isPartOf\":{\"@id\":\"http:\/\/vincentians.com\/es\/#website\"},\"primaryImageOfPage\":{\"@id\":\"https:\/\/vincentians.com\/es\/centenario-de-la-congregacion-de-la-mision-en-la-costa-norte-de-honduras-1910-2010\/#primaryimage\"},\"image\":{\"@id\":\"https:\/\/vincentians.com\/es\/centenario-de-la-congregacion-de-la-mision-en-la-costa-norte-de-honduras-1910-2010\/#primaryimage\"},\"thumbnailUrl\":\"\",\"datePublished\":\"2013-06-25T17:15:22+00:00\",\"dateModified\":\"2016-07-26T07:44:41+00:00\",\"breadcrumb\":{\"@id\":\"https:\/\/vincentians.com\/es\/centenario-de-la-congregacion-de-la-mision-en-la-costa-norte-de-honduras-1910-2010\/#breadcrumb\"},\"inLanguage\":\"es\",\"potentialAction\":[{\"@type\":\"ReadAction\",\"target\":[\"https:\/\/vincentians.com\/es\/centenario-de-la-congregacion-de-la-mision-en-la-costa-norte-de-honduras-1910-2010\/\"]}]},{\"@type\":\"ImageObject\",\"inLanguage\":\"es\",\"@id\":\"https:\/\/vincentians.com\/es\/centenario-de-la-congregacion-de-la-mision-en-la-costa-norte-de-honduras-1910-2010\/#primaryimage\",\"url\":\"\",\"contentUrl\":\"\"},{\"@type\":\"BreadcrumbList\",\"@id\":\"https:\/\/vincentians.com\/es\/centenario-de-la-congregacion-de-la-mision-en-la-costa-norte-de-honduras-1910-2010\/#breadcrumb\",\"itemListElement\":[{\"@type\":\"ListItem\",\"position\":1,\"name\":\"Portada\",\"item\":\"http:\/\/vincentians.com\/es\/\"},{\"@type\":\"ListItem\",\"position\":2,\"name\":\"Centenario de la Congregaci\u00f3n de la Misi\u00f3n en la costa norte de Honduras 1910\u20132010\"}]},{\"@type\":\"WebSite\",\"@id\":\"http:\/\/vincentians.com\/es\/#website\",\"url\":\"http:\/\/vincentians.com\/es\/\",\"name\":\"Somos Vicencianos\",\"description\":\"Know more to serve more\",\"publisher\":{\"@id\":\"http:\/\/vincentians.com\/es\/#organization\"},\"potentialAction\":[{\"@type\":\"SearchAction\",\"target\":{\"@type\":\"EntryPoint\",\"urlTemplate\":\"http:\/\/vincentians.com\/es\/?s={search_term_string}\"},\"query-input\":{\"@type\":\"PropertyValueSpecification\",\"valueRequired\":true,\"valueName\":\"search_term_string\"}}],\"inLanguage\":\"es\"},{\"@type\":\"Organization\",\"@id\":\"http:\/\/vincentians.com\/es\/#organization\",\"name\":\"The Vincentian Network\",\"url\":\"http:\/\/vincentians.com\/es\/\",\"logo\":{\"@type\":\"ImageObject\",\"inLanguage\":\"es\",\"@id\":\"http:\/\/vincentians.com\/es\/#\/schema\/logo\/image\/\",\"url\":\"https:\/\/i1.wp.com\/vincentians.com\/es\/wp-content\/uploads\/sites\/11\/2016\/06\/Vincentian-Network-logo-big.png?fit=778%2C778\",\"contentUrl\":\"https:\/\/i1.wp.com\/vincentians.com\/es\/wp-content\/uploads\/sites\/11\/2016\/06\/Vincentian-Network-logo-big.png?fit=778%2C778\",\"width\":778,\"height\":778,\"caption\":\"The Vincentian Network\"},\"image\":{\"@id\":\"http:\/\/vincentians.com\/es\/#\/schema\/logo\/image\/\"},\"sameAs\":[\"https:\/\/www.facebook.com\/WeAreVincentians\/\",\"https:\/\/x.com\/WeVincentians\"]},{\"@type\":\"Person\",\"@id\":\"http:\/\/vincentians.com\/es\/#\/schema\/person\/9623ef4d9aa3b2dfb8c061f1499288f2\",\"name\":\"Francisco Javier Fern\u00e1ndez Chento\",\"image\":{\"@type\":\"ImageObject\",\"inLanguage\":\"es\",\"@id\":\"http:\/\/vincentians.com\/es\/#\/schema\/person\/image\/\",\"url\":\"https:\/\/secure.gravatar.com\/avatar\/497d5cde87b4c3d097d0315953521681ba2cd523ee66e5077c3711f7021e65de?s=96&d=mm&r=g\",\"contentUrl\":\"https:\/\/secure.gravatar.com\/avatar\/497d5cde87b4c3d097d0315953521681ba2cd523ee66e5077c3711f7021e65de?s=96&d=mm&r=g\",\"caption\":\"Francisco Javier Fern\u00e1ndez Chento\"},\"description\":\"Director General y cofundador de La Red de Formaci\u00f3n Vicenciana. Javier es laico vicenciano, afiliado a la Congregaci\u00f3n de la Misi\u00f3n y miembro del Equipo de Misiones Populares de la provincia can\u00f3nica de Zaragoza (Espa\u00f1a) de la Congregaci\u00f3n de la Misi\u00f3n. Graduado en la Universidad Oberta de Catalunya con cuatro grados (Asistente de direcci\u00f3n, Gesti\u00f3n Administrativa, Recursos Humanos y Contabilidad Avanzada). Bil\u00edng\u00fce Espa\u00f1ol\/Ingl\u00e9s. gestiona y mantiene varias p\u00e1ginas web cristianas y vicencianas, incluida including La Red de Formaci\u00f3n Vicenciana, de la que es cofundador. Actualmente es responsable del \u00e1rea de Espa\u00f1ol de .famvin, la Red de Noticias de la Familia Vicenciana. Tambi\u00e9n es m\u00fasico cat\u00f3lico y ha editado varios discos. Es Director General y cofundador de Trovador, una reconocida compa\u00f1\u00eda discogr\u00e1fica critiana de Espa\u00f1a. Trabaja en las Tecnolog\u00edas de la Informaci\u00f3n, ofreciendo servicios de alojamiento, dise\u00f1o y mantenimiento Web, as\u00ed como asesoramiento, formaci\u00f3n y soluciones inform\u00e1ticas, gesti\u00f3n documental y digitalizaci\u00f3n de textos, edici\u00f3n y maquetaci\u00f3n de libros, revistas, flyers, etc.\",\"sameAs\":[\"http:\/\/chento.org\",\"https:\/\/www.facebook.com\/JavierChento\",\"https:\/\/x.com\/https:\/\/twitter.com\/javierchento\"],\"url\":\"http:\/\/vincentians.com\/es\/author\/chento\/\"}]}<\/script>\n<!-- \/ Yoast SEO plugin. -->","yoast_head_json":{"title":"Centenario de la Congregaci\u00f3n de la Misi\u00f3n en la costa norte de Honduras 1910\u20132010 - Somos Vicencianos","robots":{"index":"index","follow":"follow","max-snippet":"max-snippet:-1","max-image-preview":"max-image-preview:large","max-video-preview":"max-video-preview:-1"},"canonical":"https:\/\/vincentians.com\/es\/centenario-de-la-congregacion-de-la-mision-en-la-costa-norte-de-honduras-1910-2010\/","og_locale":"es_ES","og_type":"article","og_title":"Centenario de la Congregaci\u00f3n de la Misi\u00f3n en la costa norte de Honduras 1910\u20132010 - Somos Vicencianos","og_description":"Durante 57 a\u00f1os (1910-1967) los Padres Pa\u00fales, procedentes de la Provincia can\u00f3nica de Barcelona-Espa\u00f1a, han sido los creadores y animadores del Pueblo de Dios de toda la Costa Norte de Honduras. De norte a sur, ... Read More","og_url":"https:\/\/vincentians.com\/es\/centenario-de-la-congregacion-de-la-mision-en-la-costa-norte-de-honduras-1910-2010\/","og_site_name":"Somos Vicencianos","article_publisher":"https:\/\/www.facebook.com\/WeAreVincentians\/","article_author":"https:\/\/www.facebook.com\/JavierChento","article_published_time":"2013-06-25T17:15:22+00:00","article_modified_time":"2016-07-26T07:44:41+00:00","author":"Francisco Javier Fern\u00e1ndez Chento","twitter_card":"summary_large_image","twitter_creator":"@https:\/\/twitter.com\/javierchento","twitter_site":"@WeVincentians","twitter_misc":{"Escrito por":"Francisco Javier Fern\u00e1ndez Chento","Tiempo de lectura":"31 minutos"},"schema":{"@context":"https:\/\/schema.org","@graph":[{"@type":"Article","@id":"https:\/\/vincentians.com\/es\/centenario-de-la-congregacion-de-la-mision-en-la-costa-norte-de-honduras-1910-2010\/#article","isPartOf":{"@id":"https:\/\/vincentians.com\/es\/centenario-de-la-congregacion-de-la-mision-en-la-costa-norte-de-honduras-1910-2010\/"},"author":{"name":"Francisco Javier Fern\u00e1ndez Chento","@id":"http:\/\/vincentians.com\/es\/#\/schema\/person\/9623ef4d9aa3b2dfb8c061f1499288f2"},"headline":"Centenario de la Congregaci\u00f3n de la Misi\u00f3n en la costa norte de Honduras 1910\u20132010","datePublished":"2013-06-25T17:15:22+00:00","dateModified":"2016-07-26T07:44:41+00:00","mainEntityOfPage":{"@id":"https:\/\/vincentians.com\/es\/centenario-de-la-congregacion-de-la-mision-en-la-costa-norte-de-honduras-1910-2010\/"},"wordCount":6223,"commentCount":0,"publisher":{"@id":"http:\/\/vincentians.com\/es\/#organization"},"image":{"@id":"https:\/\/vincentians.com\/es\/centenario-de-la-congregacion-de-la-mision-en-la-costa-norte-de-honduras-1910-2010\/#primaryimage"},"thumbnailUrl":"","keywords":["Pobreza"],"articleSection":["Congregaci\u00f3n de la Misi\u00f3n"],"inLanguage":"es","potentialAction":[{"@type":"CommentAction","name":"Comment","target":["https:\/\/vincentians.com\/es\/centenario-de-la-congregacion-de-la-mision-en-la-costa-norte-de-honduras-1910-2010\/#respond"]}]},{"@type":"WebPage","@id":"https:\/\/vincentians.com\/es\/centenario-de-la-congregacion-de-la-mision-en-la-costa-norte-de-honduras-1910-2010\/","url":"https:\/\/vincentians.com\/es\/centenario-de-la-congregacion-de-la-mision-en-la-costa-norte-de-honduras-1910-2010\/","name":"Centenario de la Congregaci\u00f3n de la Misi\u00f3n en la costa norte de Honduras 1910\u20132010 - Somos Vicencianos","isPartOf":{"@id":"http:\/\/vincentians.com\/es\/#website"},"primaryImageOfPage":{"@id":"https:\/\/vincentians.com\/es\/centenario-de-la-congregacion-de-la-mision-en-la-costa-norte-de-honduras-1910-2010\/#primaryimage"},"image":{"@id":"https:\/\/vincentians.com\/es\/centenario-de-la-congregacion-de-la-mision-en-la-costa-norte-de-honduras-1910-2010\/#primaryimage"},"thumbnailUrl":"","datePublished":"2013-06-25T17:15:22+00:00","dateModified":"2016-07-26T07:44:41+00:00","breadcrumb":{"@id":"https:\/\/vincentians.com\/es\/centenario-de-la-congregacion-de-la-mision-en-la-costa-norte-de-honduras-1910-2010\/#breadcrumb"},"inLanguage":"es","potentialAction":[{"@type":"ReadAction","target":["https:\/\/vincentians.com\/es\/centenario-de-la-congregacion-de-la-mision-en-la-costa-norte-de-honduras-1910-2010\/"]}]},{"@type":"ImageObject","inLanguage":"es","@id":"https:\/\/vincentians.com\/es\/centenario-de-la-congregacion-de-la-mision-en-la-costa-norte-de-honduras-1910-2010\/#primaryimage","url":"","contentUrl":""},{"@type":"BreadcrumbList","@id":"https:\/\/vincentians.com\/es\/centenario-de-la-congregacion-de-la-mision-en-la-costa-norte-de-honduras-1910-2010\/#breadcrumb","itemListElement":[{"@type":"ListItem","position":1,"name":"Portada","item":"http:\/\/vincentians.com\/es\/"},{"@type":"ListItem","position":2,"name":"Centenario de la Congregaci\u00f3n de la Misi\u00f3n en la costa norte de Honduras 1910\u20132010"}]},{"@type":"WebSite","@id":"http:\/\/vincentians.com\/es\/#website","url":"http:\/\/vincentians.com\/es\/","name":"Somos Vicencianos","description":"Know more to serve more","publisher":{"@id":"http:\/\/vincentians.com\/es\/#organization"},"potentialAction":[{"@type":"SearchAction","target":{"@type":"EntryPoint","urlTemplate":"http:\/\/vincentians.com\/es\/?s={search_term_string}"},"query-input":{"@type":"PropertyValueSpecification","valueRequired":true,"valueName":"search_term_string"}}],"inLanguage":"es"},{"@type":"Organization","@id":"http:\/\/vincentians.com\/es\/#organization","name":"The Vincentian Network","url":"http:\/\/vincentians.com\/es\/","logo":{"@type":"ImageObject","inLanguage":"es","@id":"http:\/\/vincentians.com\/es\/#\/schema\/logo\/image\/","url":"https:\/\/i1.wp.com\/vincentians.com\/es\/wp-content\/uploads\/sites\/11\/2016\/06\/Vincentian-Network-logo-big.png?fit=778%2C778","contentUrl":"https:\/\/i1.wp.com\/vincentians.com\/es\/wp-content\/uploads\/sites\/11\/2016\/06\/Vincentian-Network-logo-big.png?fit=778%2C778","width":778,"height":778,"caption":"The Vincentian Network"},"image":{"@id":"http:\/\/vincentians.com\/es\/#\/schema\/logo\/image\/"},"sameAs":["https:\/\/www.facebook.com\/WeAreVincentians\/","https:\/\/x.com\/WeVincentians"]},{"@type":"Person","@id":"http:\/\/vincentians.com\/es\/#\/schema\/person\/9623ef4d9aa3b2dfb8c061f1499288f2","name":"Francisco Javier Fern\u00e1ndez Chento","image":{"@type":"ImageObject","inLanguage":"es","@id":"http:\/\/vincentians.com\/es\/#\/schema\/person\/image\/","url":"https:\/\/secure.gravatar.com\/avatar\/497d5cde87b4c3d097d0315953521681ba2cd523ee66e5077c3711f7021e65de?s=96&d=mm&r=g","contentUrl":"https:\/\/secure.gravatar.com\/avatar\/497d5cde87b4c3d097d0315953521681ba2cd523ee66e5077c3711f7021e65de?s=96&d=mm&r=g","caption":"Francisco Javier Fern\u00e1ndez Chento"},"description":"Director General y cofundador de La Red de Formaci\u00f3n Vicenciana. Javier es laico vicenciano, afiliado a la Congregaci\u00f3n de la Misi\u00f3n y miembro del Equipo de Misiones Populares de la provincia can\u00f3nica de Zaragoza (Espa\u00f1a) de la Congregaci\u00f3n de la Misi\u00f3n. Graduado en la Universidad Oberta de Catalunya con cuatro grados (Asistente de direcci\u00f3n, Gesti\u00f3n Administrativa, Recursos Humanos y Contabilidad Avanzada). Bil\u00edng\u00fce Espa\u00f1ol\/Ingl\u00e9s. gestiona y mantiene varias p\u00e1ginas web cristianas y vicencianas, incluida including La Red de Formaci\u00f3n Vicenciana, de la que es cofundador. Actualmente es responsable del \u00e1rea de Espa\u00f1ol de .famvin, la Red de Noticias de la Familia Vicenciana. Tambi\u00e9n es m\u00fasico cat\u00f3lico y ha editado varios discos. Es Director General y cofundador de Trovador, una reconocida compa\u00f1\u00eda discogr\u00e1fica critiana de Espa\u00f1a. Trabaja en las Tecnolog\u00edas de la Informaci\u00f3n, ofreciendo servicios de alojamiento, dise\u00f1o y mantenimiento Web, as\u00ed como asesoramiento, formaci\u00f3n y soluciones inform\u00e1ticas, gesti\u00f3n documental y digitalizaci\u00f3n de textos, edici\u00f3n y maquetaci\u00f3n de libros, revistas, flyers, etc.","sameAs":["http:\/\/chento.org","https:\/\/www.facebook.com\/JavierChento","https:\/\/x.com\/https:\/\/twitter.com\/javierchento"],"url":"http:\/\/vincentians.com\/es\/author\/chento\/"}]}},"jetpack_publicize_connections":[],"jetpack_featured_media_url":"","jetpack_sharing_enabled":true,"jetpack_shortlink":"https:\/\/wp.me\/p7ETMF-3W4","jetpack-related-posts":[{"id":56592,"url":"http:\/\/vincentians.com\/es\/comienzo-de-la-provincia-de-barcelona-de-la-c-m-en-la-costa-norte-de-honduras\/","url_meta":{"origin":15132,"position":0},"title":"Comienzo de la provincia de Barcelona de la C.M. en la costa norte de Honduras","author":"Francisco Javier Fern\u00e1ndez Chento","date":"15\/11\/2016","format":false,"excerpt":"Visi\u00f3n hist\u00f3rica providencial Durante 57 a\u00f1os (1910-1967) los Padres Pa\u00fales, procedentes de la Provincia can\u00f3nica de Barcelona-Espa\u00f1a, han sido los creadores y animadores del Pueblo de Dios de toda la Costa Norte de Honduras. De norte a sur, por valles y monta\u00f1as, d\u00eda y noche, a ricos y a pobres,\u2026","rel":"","context":"En \u00abCongregaci\u00f3n de la Misi\u00f3n\u00bb","block_context":{"text":"Congregaci\u00f3n de la Misi\u00f3n","link":"http:\/\/vincentians.com\/es\/category\/la-familia-vicenciana\/ramas\/congregacion-de-la-mision\/"},"img":{"alt_text":"logo-cm-ii","src":"https:\/\/i0.wp.com\/vincentians.com\/es\/wp-content\/uploads\/sites\/11\/2011\/11\/Logo-CM-II-248x300.jpg?resize=350%2C200","width":350,"height":200},"classes":[]},{"id":83241,"url":"http:\/\/vincentians.com\/es\/los-paules-de-barcelona-en-honduras\/","url_meta":{"origin":15132,"position":1},"title":"Los Pa\u00fales de Barcelona en Honduras","author":"Mitxel Olabu\u00e9naga","date":"15\/11\/2017","format":false,"excerpt":"Hacer una breve exposici\u00f3n del trabajo de los Padres Pa\u00fales de la Provincia de Barcelona en Honduras es una empresa de romanos, porque es resumir en pocos minutos una labor de casi un siglo y m\u00e1s de un centenar de varones verdaderamente apost\u00f3licos que pasaron por nuestra patria haciendo el\u2026","rel":"","context":"En \u00abHistoria de la Congregaci\u00f3n de la Misi\u00f3n\u00bb","block_context":{"text":"Historia de la Congregaci\u00f3n de la Misi\u00f3n","link":"http:\/\/vincentians.com\/es\/category\/historia-de-la-familia-vicenciana\/historia-de-la-congregacion-de-la-mision\/"},"img":{"alt_text":"","src":"https:\/\/i0.wp.com\/vincentians.com\/es\/wp-content\/uploads\/sites\/11\/2016\/09\/enviados-evangelizar-pobres.jpg?fit=1200%2C630&resize=350%2C200","width":350,"height":200,"srcset":"https:\/\/i0.wp.com\/vincentians.com\/es\/wp-content\/uploads\/sites\/11\/2016\/09\/enviados-evangelizar-pobres.jpg?fit=1200%2C630&resize=350%2C200 1x, https:\/\/i0.wp.com\/vincentians.com\/es\/wp-content\/uploads\/sites\/11\/2016\/09\/enviados-evangelizar-pobres.jpg?fit=1200%2C630&resize=525%2C300 1.5x, https:\/\/i0.wp.com\/vincentians.com\/es\/wp-content\/uploads\/sites\/11\/2016\/09\/enviados-evangelizar-pobres.jpg?fit=1200%2C630&resize=700%2C400 2x, https:\/\/i0.wp.com\/vincentians.com\/es\/wp-content\/uploads\/sites\/11\/2016\/09\/enviados-evangelizar-pobres.jpg?fit=1200%2C630&resize=1050%2C600 3x"},"classes":[]},{"id":130660,"url":"http:\/\/vincentians.com\/es\/el-vicariato-apostolico-de-san-pedro-sula-honduras-1911-1945-iii\/","url_meta":{"origin":15132,"position":2},"title":"El Vicariato Apost\u00f3lico de San Pedro Sula (Honduras) 1911-1945 (III)","author":"Mitxel Olabu\u00e9naga","date":"06\/06\/2014","format":false,"excerpt":"III. \u2014 HIJOS DE SAN VICENTE EN EL VICARIATO Buscando obreros evang\u00e9licos. El P. Nieborowski, Pa\u00fal alem\u00e1n y Superior del Seminario de Tegucigalpa, de acuerdo con el delegado de la S. Sede en la Am\u00e9rica Central, M. Juan Cagliero, compadecido del abandono espiritual en que se hallaban los habitantes de\u2026","rel":"","context":"En \u00abHistoria de la Congregaci\u00f3n de la Misi\u00f3n en Espa\u00f1a\u00bb","block_context":{"text":"Historia de la Congregaci\u00f3n de la Misi\u00f3n en Espa\u00f1a","link":"http:\/\/vincentians.com\/es\/category\/historia-de-la-familia-vicenciana\/historia-de-la-congregacion-de-la-mision-en-espana\/"},"img":{"alt_text":"La Ceiba","src":"https:\/\/i0.wp.com\/vicencianos.org\/wp-content\/2014\/06\/La-Ceiba.jpg?resize=350%2C200","width":350,"height":200},"classes":[]},{"id":22982,"url":"http:\/\/vincentians.com\/es\/tal-dia-como-hoy-5-de-noviembre\/","url_meta":{"origin":15132,"position":3},"title":"Tal d\u00eda como hoy: 5 de noviembre","author":"Francisco Javier Fern\u00e1ndez Chento","date":"05\/11\/2016","format":false,"excerpt":"1627. En Roma, la Sagrada Congregaci\u00f3n de Propaganda Fide, en respuesta a la primera s\u00faplica para que se les conceda patente de misioneros, hecha en nombre de Vicente de Pa\u00fal por el P. Blas Fer\u00f3n, aprueba la obra como \"Misi\u00f3n\", debi\u00e9ndose pedir licencia y consentimiento al ordinario del lugar antes\u2026","rel":"","context":"En \u00abEfem\u00e9rides Vicencianas\u00bb","block_context":{"text":"Efem\u00e9rides Vicencianas","link":"http:\/\/vincentians.com\/es\/category\/historia-de-la-familia-vicenciana\/efemerides-vicencianas\/"},"img":{"alt_text":"","src":"https:\/\/i0.wp.com\/vincentians.com\/es\/wp-content\/uploads\/sites\/11\/2016\/07\/ephemerides-fb.jpg?fit=1200%2C630&resize=350%2C200","width":350,"height":200,"srcset":"https:\/\/i0.wp.com\/vincentians.com\/es\/wp-content\/uploads\/sites\/11\/2016\/07\/ephemerides-fb.jpg?fit=1200%2C630&resize=350%2C200 1x, https:\/\/i0.wp.com\/vincentians.com\/es\/wp-content\/uploads\/sites\/11\/2016\/07\/ephemerides-fb.jpg?fit=1200%2C630&resize=525%2C300 1.5x, https:\/\/i0.wp.com\/vincentians.com\/es\/wp-content\/uploads\/sites\/11\/2016\/07\/ephemerides-fb.jpg?fit=1200%2C630&resize=700%2C400 2x, https:\/\/i0.wp.com\/vincentians.com\/es\/wp-content\/uploads\/sites\/11\/2016\/07\/ephemerides-fb.jpg?fit=1200%2C630&resize=1050%2C600 3x"},"classes":[]},{"id":118001,"url":"http:\/\/vincentians.com\/es\/mons-jose-garcia-villas-primer-obispo-de-san-pedro-de-sula\/","url_meta":{"origin":15132,"position":4},"title":"Mons .Jos\u00e9 Garc\u00eda Villas, primer obispo de San Pedro de Sula","author":"Mitxel Olabu\u00e9naga","date":"04\/03\/2013","format":false,"excerpt":"Mi hermano, Rvdo. P. Miguel Piquer, me pide que mande para los Anales de la Provincia de Madrid unas breves notas sobre la muerte tr\u00e1gica y rasgos m\u00e1s salientes de Monse\u00f1or Jos\u00e9 Garc\u00eda Vi\u00adllas, C. M., primer Obispo de la nueva di\u00f3cesis de San Pedro Sula.. Pude convivir con Monse\u00f1or\u2026","rel":"","context":"En \u00abBiograf\u00edas de Misioneros Pa\u00fales\u00bb","block_context":{"text":"Biograf\u00edas de Misioneros Pa\u00fales","link":"http:\/\/vincentians.com\/es\/category\/la-familia-vicenciana\/biografias-vicencianas\/biografias-de-misioneros-paules\/"},"img":{"alt_text":"","src":"https:\/\/i0.wp.com\/vincentians.com\/es\/wp-content\/uploads\/sites\/11\/2016\/07\/bio-cm.jpg?fit=1200%2C630&resize=350%2C200","width":350,"height":200,"srcset":"https:\/\/i0.wp.com\/vincentians.com\/es\/wp-content\/uploads\/sites\/11\/2016\/07\/bio-cm.jpg?fit=1200%2C630&resize=350%2C200 1x, https:\/\/i0.wp.com\/vincentians.com\/es\/wp-content\/uploads\/sites\/11\/2016\/07\/bio-cm.jpg?fit=1200%2C630&resize=525%2C300 1.5x, https:\/\/i0.wp.com\/vincentians.com\/es\/wp-content\/uploads\/sites\/11\/2016\/07\/bio-cm.jpg?fit=1200%2C630&resize=700%2C400 2x, https:\/\/i0.wp.com\/vincentians.com\/es\/wp-content\/uploads\/sites\/11\/2016\/07\/bio-cm.jpg?fit=1200%2C630&resize=1050%2C600 3x"},"classes":[]},{"id":119147,"url":"http:\/\/vincentians.com\/es\/una-figura-discutida-el-p-vicente-lebbe-ii\/","url_meta":{"origin":15132,"position":5},"title":"Una figura discutida: el P. Vicente Lebbe, C.M. (II)","author":"Francisco Javier Fern\u00e1ndez Chento","date":"18\/04\/2013","format":false,"excerpt":"Hemos le\u00eddo la correspondencia en Mons.Jarl\u00edn y nuestro misionero. Sin duda alguna que el P. Lebbe se guardaba bien de revelarla a sus compa\u00f1eros. Mons. Jarlin no estaba informado de todo. Si hubiese sabido que el Padre Lebbe hab\u00eda inaugurado salas de conferencia des\u00adde 1910 y estuviese al tanto de\u2026","rel":"","context":"En \u00abFormaci\u00f3n Vicenciana\u00bb","block_context":{"text":"Formaci\u00f3n Vicenciana","link":"http:\/\/vincentians.com\/es\/category\/formacion-vicenciana\/"},"img":{"alt_text":"vincentlebbe","src":"https:\/\/i0.wp.com\/vicencianos.org\/wp-content\/2013\/03\/vincentlebbe.jpg?resize=350%2C200","width":350,"height":200},"classes":[]}],"_links":{"self":[{"href":"http:\/\/vincentians.com\/es\/wp-json\/wp\/v2\/posts\/15132","targetHints":{"allow":["GET"]}}],"collection":[{"href":"http:\/\/vincentians.com\/es\/wp-json\/wp\/v2\/posts"}],"about":[{"href":"http:\/\/vincentians.com\/es\/wp-json\/wp\/v2\/types\/post"}],"author":[{"embeddable":true,"href":"http:\/\/vincentians.com\/es\/wp-json\/wp\/v2\/users\/4"}],"replies":[{"embeddable":true,"href":"http:\/\/vincentians.com\/es\/wp-json\/wp\/v2\/comments?post=15132"}],"version-history":[{"count":0,"href":"http:\/\/vincentians.com\/es\/wp-json\/wp\/v2\/posts\/15132\/revisions"}],"wp:featuredmedia":[{"embeddable":true,"href":"http:\/\/vincentians.com\/es\/wp-json\/"}],"wp:attachment":[{"href":"http:\/\/vincentians.com\/es\/wp-json\/wp\/v2\/media?parent=15132"}],"wp:term":[{"taxonomy":"category","embeddable":true,"href":"http:\/\/vincentians.com\/es\/wp-json\/wp\/v2\/categories?post=15132"},{"taxonomy":"post_tag","embeddable":true,"href":"http:\/\/vincentians.com\/es\/wp-json\/wp\/v2\/tags?post=15132"}],"curies":[{"name":"wp","href":"https:\/\/api.w.org\/{rel}","templated":true}]}}