{"id":1486,"date":"2012-04-17T11:40:27","date_gmt":"2012-04-17T09:40:27","guid":{"rendered":"http:\/\/somos.vicencianos.org\/comentarios\/?p=1486"},"modified":"2016-07-24T10:27:17","modified_gmt":"2016-07-24T08:27:17","slug":"3o-domingo-de-pascua-reflexion-de-jose-roman-flecha-2","status":"publish","type":"post","link":"http:\/\/vincentians.com\/es\/3o-domingo-de-pascua-reflexion-de-jose-roman-flecha-2\/","title":{"rendered":"3\u00ba Domingo de Pascua (reflexi\u00f3n de Jos\u00e9 Rom\u00e1n Flecha)"},"content":{"rendered":"<p align=\"center\">\u00a0<strong>LOS SENTIMIENTOS Y EL ENV\u00cdO<\/strong><br \/>\nDomingo 3\u00ba de Pascua. B.<br \/>\n22 de abril de 2012<\/p>\n<p>Con frecuencia nos vemos encarados con una contraposici\u00f3n que nos hace dif\u00edcil la armon\u00eda personal. Es la que enfrenta la raz\u00f3n a los sentimientos. Es interesante ver c\u00f3mo presumimos de nuestro pretendido control sobre la una y sobre los otros. Nos pasamos la vida tratando de razonar con madurez y de sentir con una cierta coherencia.<\/p>\n<p>En el evangelio que se proclama en este tercer domingo de Pascua (Lc 24, 35-48) se evoca de nuevo el primer d\u00eda de la semana: aquel en el que dos disc\u00edpulos caminaban desconcertados cuando fueron alcanzados por un peregrino. En la aldea de Ema\u00fas reconocieron en \u00e9l a Jes\u00fas y regresaron a toda prisa para dar cuenta de ello a los dem\u00e1s disc\u00edpulos.<\/p>\n<p>Si ellos estaban agitados por una tormenta de sentimientos encontrados, tambi\u00e9n lo estaban sus compa\u00f1eros. El texto evang\u00e9lico nos dice que se ve\u00edan zarandeados entre\u00a0 el miedo y la duda, entre la alegr\u00eda y el estupor. Seguramente \u00e9se es y ser\u00e1 siempre el clima de la comunidad cristiana. Y no habr\u00e1 que alarmarse por ello.<\/p>\n<p><strong>CREYENTES<\/strong><\/p>\n<p>El relato evang\u00e9lico es de un realismo casi escandaloso. Se podr\u00eda pensar que, atenazados por el miedo y la nostalgia, los ap\u00f3stoles caer\u00edan con facilidad en alucinaciones. Pero no. No estaban preparados para imaginar la resurrecci\u00f3n de su Maestro. El texto acumula verbos como \u00abver y escuchar, tocar y comer\u00bb. Es claro que los ap\u00f3stoles necesitaban\u00a0 pruebas.<\/p>\n<p>Efectivamente,\u00a0 el Se\u00f1or resucitado\u00a0 no rehuye las pruebas que atestiguan su triunfo sobre la muerte. Con todo, el tono del relato nos remite a la experiencia cristiana de todos los creyentes, de todos los siglos. Dos importantes indicaciones de Jes\u00fas marcan el itinerario de nuestra fe y el estilo de la misi\u00f3n de la Iglesia.<\/p>\n<p>&#8211; \u00abMirad mis manos y mis pies\u00bb. Nosotros pensamos que se nos reconoce por nuestro rostro. Sin embargo, los primeros disc\u00edpulos no reconocen a Jes\u00fas por su rostro. Al mostrarles sus manos y sus pies, Jes\u00fas les presenta sus llagas, es decir su carne humana herida. Y les recuerda el\u00a0 servicio y el cansancio que lo habr\u00edan de definir para siempre.<\/p>\n<p>&#8211; \u00abAs\u00ed estaba escrito\u00bb.\u00a0 El Se\u00f1or sabe que sus gestos no ser\u00e1n comprendidos si los disc\u00edpulos no recuerdan las Escrituras. Tambi\u00e9n la Iglesia ha de saber que sus acciones y pasiones, sus logros y sus heridas no suscitan la fe hasta que las gentes se acerquen humildemente a la Escritura.\u00a0 En ella se hace viva y audible la Palabra del Se\u00f1or.<\/p>\n<p><strong>TESTIGOS<\/strong><\/p>\n<p>A\u00fan queda una frase final que resume el mensaje de Jes\u00fas. Esa es la advertencia definitiva del Maestro a los disc\u00edpulos que se bandean entre la duda y la fe.<\/p>\n<p>\u2022 \u00abVosotros sois testigos de esto\u00bb. Los disc\u00edpulos de la primera hora estaban llamados a extender por todo el mundo la ense\u00f1anza recibida. Pero, sobre todo, eran enviados como testigos de una vida entregada por amor.<\/p>\n<p>\u2022 \u00abVosotros sois testigos de esto\u00bb. Ya el papa Pablo VI nos dec\u00eda que el mundo de hoy no necesita tanto de maestros como de testigos. Las doctrinas se valoran y se aceptan cuando van acompa\u00f1adas por el compromiso concreto de quien las profesa.<\/p>\n<p>\u2022 \u00abVosotros sois testigos de esto\u00bb. Se dice que para ser testigos hace falta \u00abestar\u00a0 ah\u00ed y ser diferentes\u00bb. Si nos alejamos de la sociedad no podremos ofrecerle una verdad que libera. Pero si no somos diferentes, el mensaje que anunciamos no ser\u00e1 interpelante ni cre\u00edble.<\/p>\n<p>&#8211; <em>Se\u00f1or Jes\u00fas, muerto por nosotros y resucitado para nuestra salvaci\u00f3n, t\u00fa conoces nuestras dudas, pero tambi\u00e9n nuestro deseo de hacerte presente en nuestro mundo. Ay\u00fadanos a reconocerte cada d\u00eda y a darte a conocer a nuestros hermanos. Am\u00e9n. Aleluya.<\/em><\/p>\n","protected":false},"excerpt":{"rendered":"<p>\u00a0LOS SENTIMIENTOS Y EL ENV\u00cdO Domingo 3\u00ba de Pascua. B. 22 de abril de 2012 Con frecuencia nos vemos encarados con una contraposici\u00f3n que nos hace dif\u00edcil la armon\u00eda personal. Es la que enfrenta la &#8230; <a href=\"http:\/\/vincentians.com\/es\/3o-domingo-de-pascua-reflexion-de-jose-roman-flecha-2\/\" class=\"more-link\">Read More<\/a><\/p>\n","protected":false},"author":4,"featured_media":388408,"comment_status":"open","ping_status":"open","sticky":false,"template":"","format":"standard","meta":{"jetpack_post_was_ever_published":false,"_jetpack_newsletter_access":"","_jetpack_dont_email_post_to_subs":false,"_jetpack_newsletter_tier_id":0,"_jetpack_memberships_contains_paywalled_content":false,"_jetpack_memberships_contains_paid_content":false,"footnotes":"","jetpack_publicize_message":"","jetpack_publicize_feature_enabled":true,"jetpack_social_post_already_shared":true,"jetpack_social_options":{"image_generator_settings":{"template":"highway","default_image_id":0,"font":"","enabled":false},"version":2}},"categories":[93],"tags":[],"class_list":["post-1486","post","type-post","status-publish","format-standard","has-post-thumbnail","hentry","category-homilias-y-reflexiones-ano-b"],"yoast_head":"<!-- This site is optimized with the Yoast SEO plugin v26.3 - https:\/\/yoast.com\/wordpress\/plugins\/seo\/ -->\n<title>3\u00ba Domingo de Pascua (reflexi\u00f3n de Jos\u00e9 Rom\u00e1n Flecha) - Somos Vicencianos<\/title>\n<meta name=\"robots\" content=\"index, follow, max-snippet:-1, max-image-preview:large, max-video-preview:-1\" \/>\n<link rel=\"canonical\" href=\"http:\/\/vincentians.com\/es\/3o-domingo-de-pascua-reflexion-de-jose-roman-flecha-2\/\" \/>\n<meta property=\"og:locale\" content=\"es_ES\" \/>\n<meta property=\"og:type\" content=\"article\" \/>\n<meta property=\"og:title\" content=\"3\u00ba Domingo de Pascua (reflexi\u00f3n de Jos\u00e9 Rom\u00e1n Flecha) - Somos Vicencianos\" \/>\n<meta property=\"og:description\" content=\"\u00a0LOS SENTIMIENTOS Y EL ENV\u00cdO Domingo 3\u00ba de Pascua. B. 22 de abril de 2012 Con frecuencia nos vemos encarados con una contraposici\u00f3n que nos hace dif\u00edcil la armon\u00eda personal. Es la que enfrenta la ... Read More\" \/>\n<meta property=\"og:url\" content=\"http:\/\/vincentians.com\/es\/3o-domingo-de-pascua-reflexion-de-jose-roman-flecha-2\/\" \/>\n<meta property=\"og:site_name\" content=\"Somos Vicencianos\" \/>\n<meta property=\"article:publisher\" content=\"https:\/\/www.facebook.com\/WeAreVincentians\/\" \/>\n<meta property=\"article:author\" content=\"https:\/\/www.facebook.com\/JavierChento\" \/>\n<meta property=\"article:published_time\" content=\"2012-04-17T09:40:27+00:00\" \/>\n<meta property=\"article:modified_time\" content=\"2016-07-24T08:27:17+00:00\" \/>\n<meta property=\"og:image\" content=\"https:\/\/i0.wp.com\/vincentians.com\/es\/wp-content\/uploads\/sites\/11\/2016\/07\/reflexiones-palabra-de-dios.jpg?fit=1200%2C630\" \/>\n\t<meta property=\"og:image:width\" content=\"1200\" \/>\n\t<meta property=\"og:image:height\" content=\"630\" \/>\n\t<meta property=\"og:image:type\" content=\"image\/jpeg\" \/>\n<meta name=\"author\" content=\"Francisco Javier Fern\u00e1ndez Chento\" \/>\n<meta name=\"twitter:card\" content=\"summary_large_image\" \/>\n<meta name=\"twitter:creator\" content=\"@https:\/\/twitter.com\/javierchento\" \/>\n<meta name=\"twitter:site\" content=\"@WeVincentians\" \/>\n<meta name=\"twitter:label1\" content=\"Escrito por\" \/>\n\t<meta name=\"twitter:data1\" content=\"Francisco Javier Fern\u00e1ndez Chento\" \/>\n\t<meta name=\"twitter:label2\" content=\"Tiempo de lectura\" \/>\n\t<meta name=\"twitter:data2\" content=\"3 minutos\" \/>\n<script type=\"application\/ld+json\" class=\"yoast-schema-graph\">{\"@context\":\"https:\/\/schema.org\",\"@graph\":[{\"@type\":\"Article\",\"@id\":\"http:\/\/vincentians.com\/es\/3o-domingo-de-pascua-reflexion-de-jose-roman-flecha-2\/#article\",\"isPartOf\":{\"@id\":\"http:\/\/vincentians.com\/es\/3o-domingo-de-pascua-reflexion-de-jose-roman-flecha-2\/\"},\"author\":{\"name\":\"Francisco Javier Fern\u00e1ndez Chento\",\"@id\":\"https:\/\/vincentians.com\/es\/#\/schema\/person\/9623ef4d9aa3b2dfb8c061f1499288f2\"},\"headline\":\"3\u00ba Domingo de Pascua (reflexi\u00f3n de Jos\u00e9 Rom\u00e1n Flecha)\",\"datePublished\":\"2012-04-17T09:40:27+00:00\",\"dateModified\":\"2016-07-24T08:27:17+00:00\",\"mainEntityOfPage\":{\"@id\":\"http:\/\/vincentians.com\/es\/3o-domingo-de-pascua-reflexion-de-jose-roman-flecha-2\/\"},\"wordCount\":674,\"commentCount\":0,\"publisher\":{\"@id\":\"https:\/\/vincentians.com\/es\/#organization\"},\"image\":{\"@id\":\"http:\/\/vincentians.com\/es\/3o-domingo-de-pascua-reflexion-de-jose-roman-flecha-2\/#primaryimage\"},\"thumbnailUrl\":\"https:\/\/i0.wp.com\/vincentians.com\/es\/wp-content\/uploads\/sites\/11\/2016\/07\/reflexiones-palabra-de-dios.jpg?fit=1200%2C630\",\"articleSection\":[\"Homil\u00edas y reflexiones, A\u00f1o B\"],\"inLanguage\":\"es\",\"potentialAction\":[{\"@type\":\"CommentAction\",\"name\":\"Comment\",\"target\":[\"http:\/\/vincentians.com\/es\/3o-domingo-de-pascua-reflexion-de-jose-roman-flecha-2\/#respond\"]}]},{\"@type\":\"WebPage\",\"@id\":\"http:\/\/vincentians.com\/es\/3o-domingo-de-pascua-reflexion-de-jose-roman-flecha-2\/\",\"url\":\"http:\/\/vincentians.com\/es\/3o-domingo-de-pascua-reflexion-de-jose-roman-flecha-2\/\",\"name\":\"3\u00ba Domingo de Pascua (reflexi\u00f3n de Jos\u00e9 Rom\u00e1n Flecha) - Somos Vicencianos\",\"isPartOf\":{\"@id\":\"https:\/\/vincentians.com\/es\/#website\"},\"primaryImageOfPage\":{\"@id\":\"http:\/\/vincentians.com\/es\/3o-domingo-de-pascua-reflexion-de-jose-roman-flecha-2\/#primaryimage\"},\"image\":{\"@id\":\"http:\/\/vincentians.com\/es\/3o-domingo-de-pascua-reflexion-de-jose-roman-flecha-2\/#primaryimage\"},\"thumbnailUrl\":\"https:\/\/i0.wp.com\/vincentians.com\/es\/wp-content\/uploads\/sites\/11\/2016\/07\/reflexiones-palabra-de-dios.jpg?fit=1200%2C630\",\"datePublished\":\"2012-04-17T09:40:27+00:00\",\"dateModified\":\"2016-07-24T08:27:17+00:00\",\"breadcrumb\":{\"@id\":\"http:\/\/vincentians.com\/es\/3o-domingo-de-pascua-reflexion-de-jose-roman-flecha-2\/#breadcrumb\"},\"inLanguage\":\"es\",\"potentialAction\":[{\"@type\":\"ReadAction\",\"target\":[\"http:\/\/vincentians.com\/es\/3o-domingo-de-pascua-reflexion-de-jose-roman-flecha-2\/\"]}]},{\"@type\":\"ImageObject\",\"inLanguage\":\"es\",\"@id\":\"http:\/\/vincentians.com\/es\/3o-domingo-de-pascua-reflexion-de-jose-roman-flecha-2\/#primaryimage\",\"url\":\"https:\/\/i0.wp.com\/vincentians.com\/es\/wp-content\/uploads\/sites\/11\/2016\/07\/reflexiones-palabra-de-dios.jpg?fit=1200%2C630\",\"contentUrl\":\"https:\/\/i0.wp.com\/vincentians.com\/es\/wp-content\/uploads\/sites\/11\/2016\/07\/reflexiones-palabra-de-dios.jpg?fit=1200%2C630\",\"width\":1200,\"height\":630},{\"@type\":\"BreadcrumbList\",\"@id\":\"http:\/\/vincentians.com\/es\/3o-domingo-de-pascua-reflexion-de-jose-roman-flecha-2\/#breadcrumb\",\"itemListElement\":[{\"@type\":\"ListItem\",\"position\":1,\"name\":\"Portada\",\"item\":\"https:\/\/vincentians.com\/es\/\"},{\"@type\":\"ListItem\",\"position\":2,\"name\":\"3\u00ba Domingo de Pascua (reflexi\u00f3n de Jos\u00e9 Rom\u00e1n Flecha)\"}]},{\"@type\":\"WebSite\",\"@id\":\"https:\/\/vincentians.com\/es\/#website\",\"url\":\"https:\/\/vincentians.com\/es\/\",\"name\":\"Somos Vicencianos\",\"description\":\"Know more to serve more\",\"publisher\":{\"@id\":\"https:\/\/vincentians.com\/es\/#organization\"},\"potentialAction\":[{\"@type\":\"SearchAction\",\"target\":{\"@type\":\"EntryPoint\",\"urlTemplate\":\"https:\/\/vincentians.com\/es\/?s={search_term_string}\"},\"query-input\":{\"@type\":\"PropertyValueSpecification\",\"valueRequired\":true,\"valueName\":\"search_term_string\"}}],\"inLanguage\":\"es\"},{\"@type\":\"Organization\",\"@id\":\"https:\/\/vincentians.com\/es\/#organization\",\"name\":\"The Vincentian Network\",\"url\":\"https:\/\/vincentians.com\/es\/\",\"logo\":{\"@type\":\"ImageObject\",\"inLanguage\":\"es\",\"@id\":\"https:\/\/vincentians.com\/es\/#\/schema\/logo\/image\/\",\"url\":\"https:\/\/i1.wp.com\/vincentians.com\/es\/wp-content\/uploads\/sites\/11\/2016\/06\/Vincentian-Network-logo-big.png?fit=778%2C778\",\"contentUrl\":\"https:\/\/i1.wp.com\/vincentians.com\/es\/wp-content\/uploads\/sites\/11\/2016\/06\/Vincentian-Network-logo-big.png?fit=778%2C778\",\"width\":778,\"height\":778,\"caption\":\"The Vincentian Network\"},\"image\":{\"@id\":\"https:\/\/vincentians.com\/es\/#\/schema\/logo\/image\/\"},\"sameAs\":[\"https:\/\/www.facebook.com\/WeAreVincentians\/\",\"https:\/\/x.com\/WeVincentians\"]},{\"@type\":\"Person\",\"@id\":\"https:\/\/vincentians.com\/es\/#\/schema\/person\/9623ef4d9aa3b2dfb8c061f1499288f2\",\"name\":\"Francisco Javier Fern\u00e1ndez Chento\",\"image\":{\"@type\":\"ImageObject\",\"inLanguage\":\"es\",\"@id\":\"https:\/\/vincentians.com\/es\/#\/schema\/person\/image\/\",\"url\":\"https:\/\/secure.gravatar.com\/avatar\/497d5cde87b4c3d097d0315953521681ba2cd523ee66e5077c3711f7021e65de?s=96&d=mm&r=g\",\"contentUrl\":\"https:\/\/secure.gravatar.com\/avatar\/497d5cde87b4c3d097d0315953521681ba2cd523ee66e5077c3711f7021e65de?s=96&d=mm&r=g\",\"caption\":\"Francisco Javier Fern\u00e1ndez Chento\"},\"description\":\"Director General y cofundador de La Red de Formaci\u00f3n Vicenciana. Javier es laico vicenciano, afiliado a la Congregaci\u00f3n de la Misi\u00f3n y miembro del Equipo de Misiones Populares de la provincia can\u00f3nica de Zaragoza (Espa\u00f1a) de la Congregaci\u00f3n de la Misi\u00f3n. Graduado en la Universidad Oberta de Catalunya con cuatro grados (Asistente de direcci\u00f3n, Gesti\u00f3n Administrativa, Recursos Humanos y Contabilidad Avanzada). Bil\u00edng\u00fce Espa\u00f1ol\/Ingl\u00e9s. gestiona y mantiene varias p\u00e1ginas web cristianas y vicencianas, incluida including La Red de Formaci\u00f3n Vicenciana, de la que es cofundador. Actualmente es responsable del \u00e1rea de Espa\u00f1ol de .famvin, la Red de Noticias de la Familia Vicenciana. Tambi\u00e9n es m\u00fasico cat\u00f3lico y ha editado varios discos. Es Director General y cofundador de Trovador, una reconocida compa\u00f1\u00eda discogr\u00e1fica critiana de Espa\u00f1a. Trabaja en las Tecnolog\u00edas de la Informaci\u00f3n, ofreciendo servicios de alojamiento, dise\u00f1o y mantenimiento Web, as\u00ed como asesoramiento, formaci\u00f3n y soluciones inform\u00e1ticas, gesti\u00f3n documental y digitalizaci\u00f3n de textos, edici\u00f3n y maquetaci\u00f3n de libros, revistas, flyers, etc.\",\"sameAs\":[\"http:\/\/chento.org\",\"https:\/\/www.facebook.com\/JavierChento\",\"https:\/\/x.com\/https:\/\/twitter.com\/javierchento\"],\"url\":\"http:\/\/vincentians.com\/es\/author\/chento\/\"}]}<\/script>\n<!-- \/ Yoast SEO plugin. -->","yoast_head_json":{"title":"3\u00ba Domingo de Pascua (reflexi\u00f3n de Jos\u00e9 Rom\u00e1n Flecha) - Somos Vicencianos","robots":{"index":"index","follow":"follow","max-snippet":"max-snippet:-1","max-image-preview":"max-image-preview:large","max-video-preview":"max-video-preview:-1"},"canonical":"http:\/\/vincentians.com\/es\/3o-domingo-de-pascua-reflexion-de-jose-roman-flecha-2\/","og_locale":"es_ES","og_type":"article","og_title":"3\u00ba Domingo de Pascua (reflexi\u00f3n de Jos\u00e9 Rom\u00e1n Flecha) - Somos Vicencianos","og_description":"\u00a0LOS SENTIMIENTOS Y EL ENV\u00cdO Domingo 3\u00ba de Pascua. B. 22 de abril de 2012 Con frecuencia nos vemos encarados con una contraposici\u00f3n que nos hace dif\u00edcil la armon\u00eda personal. Es la que enfrenta la ... Read More","og_url":"http:\/\/vincentians.com\/es\/3o-domingo-de-pascua-reflexion-de-jose-roman-flecha-2\/","og_site_name":"Somos Vicencianos","article_publisher":"https:\/\/www.facebook.com\/WeAreVincentians\/","article_author":"https:\/\/www.facebook.com\/JavierChento","article_published_time":"2012-04-17T09:40:27+00:00","article_modified_time":"2016-07-24T08:27:17+00:00","og_image":[{"width":1200,"height":630,"url":"https:\/\/i0.wp.com\/vincentians.com\/es\/wp-content\/uploads\/sites\/11\/2016\/07\/reflexiones-palabra-de-dios.jpg?fit=1200%2C630","type":"image\/jpeg"}],"author":"Francisco Javier Fern\u00e1ndez Chento","twitter_card":"summary_large_image","twitter_creator":"@https:\/\/twitter.com\/javierchento","twitter_site":"@WeVincentians","twitter_misc":{"Escrito por":"Francisco Javier Fern\u00e1ndez Chento","Tiempo de lectura":"3 minutos"},"schema":{"@context":"https:\/\/schema.org","@graph":[{"@type":"Article","@id":"http:\/\/vincentians.com\/es\/3o-domingo-de-pascua-reflexion-de-jose-roman-flecha-2\/#article","isPartOf":{"@id":"http:\/\/vincentians.com\/es\/3o-domingo-de-pascua-reflexion-de-jose-roman-flecha-2\/"},"author":{"name":"Francisco Javier Fern\u00e1ndez Chento","@id":"https:\/\/vincentians.com\/es\/#\/schema\/person\/9623ef4d9aa3b2dfb8c061f1499288f2"},"headline":"3\u00ba Domingo de Pascua (reflexi\u00f3n de Jos\u00e9 Rom\u00e1n Flecha)","datePublished":"2012-04-17T09:40:27+00:00","dateModified":"2016-07-24T08:27:17+00:00","mainEntityOfPage":{"@id":"http:\/\/vincentians.com\/es\/3o-domingo-de-pascua-reflexion-de-jose-roman-flecha-2\/"},"wordCount":674,"commentCount":0,"publisher":{"@id":"https:\/\/vincentians.com\/es\/#organization"},"image":{"@id":"http:\/\/vincentians.com\/es\/3o-domingo-de-pascua-reflexion-de-jose-roman-flecha-2\/#primaryimage"},"thumbnailUrl":"https:\/\/i0.wp.com\/vincentians.com\/es\/wp-content\/uploads\/sites\/11\/2016\/07\/reflexiones-palabra-de-dios.jpg?fit=1200%2C630","articleSection":["Homil\u00edas y reflexiones, A\u00f1o B"],"inLanguage":"es","potentialAction":[{"@type":"CommentAction","name":"Comment","target":["http:\/\/vincentians.com\/es\/3o-domingo-de-pascua-reflexion-de-jose-roman-flecha-2\/#respond"]}]},{"@type":"WebPage","@id":"http:\/\/vincentians.com\/es\/3o-domingo-de-pascua-reflexion-de-jose-roman-flecha-2\/","url":"http:\/\/vincentians.com\/es\/3o-domingo-de-pascua-reflexion-de-jose-roman-flecha-2\/","name":"3\u00ba Domingo de Pascua (reflexi\u00f3n de Jos\u00e9 Rom\u00e1n Flecha) - Somos Vicencianos","isPartOf":{"@id":"https:\/\/vincentians.com\/es\/#website"},"primaryImageOfPage":{"@id":"http:\/\/vincentians.com\/es\/3o-domingo-de-pascua-reflexion-de-jose-roman-flecha-2\/#primaryimage"},"image":{"@id":"http:\/\/vincentians.com\/es\/3o-domingo-de-pascua-reflexion-de-jose-roman-flecha-2\/#primaryimage"},"thumbnailUrl":"https:\/\/i0.wp.com\/vincentians.com\/es\/wp-content\/uploads\/sites\/11\/2016\/07\/reflexiones-palabra-de-dios.jpg?fit=1200%2C630","datePublished":"2012-04-17T09:40:27+00:00","dateModified":"2016-07-24T08:27:17+00:00","breadcrumb":{"@id":"http:\/\/vincentians.com\/es\/3o-domingo-de-pascua-reflexion-de-jose-roman-flecha-2\/#breadcrumb"},"inLanguage":"es","potentialAction":[{"@type":"ReadAction","target":["http:\/\/vincentians.com\/es\/3o-domingo-de-pascua-reflexion-de-jose-roman-flecha-2\/"]}]},{"@type":"ImageObject","inLanguage":"es","@id":"http:\/\/vincentians.com\/es\/3o-domingo-de-pascua-reflexion-de-jose-roman-flecha-2\/#primaryimage","url":"https:\/\/i0.wp.com\/vincentians.com\/es\/wp-content\/uploads\/sites\/11\/2016\/07\/reflexiones-palabra-de-dios.jpg?fit=1200%2C630","contentUrl":"https:\/\/i0.wp.com\/vincentians.com\/es\/wp-content\/uploads\/sites\/11\/2016\/07\/reflexiones-palabra-de-dios.jpg?fit=1200%2C630","width":1200,"height":630},{"@type":"BreadcrumbList","@id":"http:\/\/vincentians.com\/es\/3o-domingo-de-pascua-reflexion-de-jose-roman-flecha-2\/#breadcrumb","itemListElement":[{"@type":"ListItem","position":1,"name":"Portada","item":"https:\/\/vincentians.com\/es\/"},{"@type":"ListItem","position":2,"name":"3\u00ba Domingo de Pascua (reflexi\u00f3n de Jos\u00e9 Rom\u00e1n Flecha)"}]},{"@type":"WebSite","@id":"https:\/\/vincentians.com\/es\/#website","url":"https:\/\/vincentians.com\/es\/","name":"Somos Vicencianos","description":"Know more to serve more","publisher":{"@id":"https:\/\/vincentians.com\/es\/#organization"},"potentialAction":[{"@type":"SearchAction","target":{"@type":"EntryPoint","urlTemplate":"https:\/\/vincentians.com\/es\/?s={search_term_string}"},"query-input":{"@type":"PropertyValueSpecification","valueRequired":true,"valueName":"search_term_string"}}],"inLanguage":"es"},{"@type":"Organization","@id":"https:\/\/vincentians.com\/es\/#organization","name":"The Vincentian Network","url":"https:\/\/vincentians.com\/es\/","logo":{"@type":"ImageObject","inLanguage":"es","@id":"https:\/\/vincentians.com\/es\/#\/schema\/logo\/image\/","url":"https:\/\/i1.wp.com\/vincentians.com\/es\/wp-content\/uploads\/sites\/11\/2016\/06\/Vincentian-Network-logo-big.png?fit=778%2C778","contentUrl":"https:\/\/i1.wp.com\/vincentians.com\/es\/wp-content\/uploads\/sites\/11\/2016\/06\/Vincentian-Network-logo-big.png?fit=778%2C778","width":778,"height":778,"caption":"The Vincentian Network"},"image":{"@id":"https:\/\/vincentians.com\/es\/#\/schema\/logo\/image\/"},"sameAs":["https:\/\/www.facebook.com\/WeAreVincentians\/","https:\/\/x.com\/WeVincentians"]},{"@type":"Person","@id":"https:\/\/vincentians.com\/es\/#\/schema\/person\/9623ef4d9aa3b2dfb8c061f1499288f2","name":"Francisco Javier Fern\u00e1ndez Chento","image":{"@type":"ImageObject","inLanguage":"es","@id":"https:\/\/vincentians.com\/es\/#\/schema\/person\/image\/","url":"https:\/\/secure.gravatar.com\/avatar\/497d5cde87b4c3d097d0315953521681ba2cd523ee66e5077c3711f7021e65de?s=96&d=mm&r=g","contentUrl":"https:\/\/secure.gravatar.com\/avatar\/497d5cde87b4c3d097d0315953521681ba2cd523ee66e5077c3711f7021e65de?s=96&d=mm&r=g","caption":"Francisco Javier Fern\u00e1ndez Chento"},"description":"Director General y cofundador de La Red de Formaci\u00f3n Vicenciana. Javier es laico vicenciano, afiliado a la Congregaci\u00f3n de la Misi\u00f3n y miembro del Equipo de Misiones Populares de la provincia can\u00f3nica de Zaragoza (Espa\u00f1a) de la Congregaci\u00f3n de la Misi\u00f3n. Graduado en la Universidad Oberta de Catalunya con cuatro grados (Asistente de direcci\u00f3n, Gesti\u00f3n Administrativa, Recursos Humanos y Contabilidad Avanzada). Bil\u00edng\u00fce Espa\u00f1ol\/Ingl\u00e9s. gestiona y mantiene varias p\u00e1ginas web cristianas y vicencianas, incluida including La Red de Formaci\u00f3n Vicenciana, de la que es cofundador. Actualmente es responsable del \u00e1rea de Espa\u00f1ol de .famvin, la Red de Noticias de la Familia Vicenciana. Tambi\u00e9n es m\u00fasico cat\u00f3lico y ha editado varios discos. Es Director General y cofundador de Trovador, una reconocida compa\u00f1\u00eda discogr\u00e1fica critiana de Espa\u00f1a. Trabaja en las Tecnolog\u00edas de la Informaci\u00f3n, ofreciendo servicios de alojamiento, dise\u00f1o y mantenimiento Web, as\u00ed como asesoramiento, formaci\u00f3n y soluciones inform\u00e1ticas, gesti\u00f3n documental y digitalizaci\u00f3n de textos, edici\u00f3n y maquetaci\u00f3n de libros, revistas, flyers, etc.","sameAs":["http:\/\/chento.org","https:\/\/www.facebook.com\/JavierChento","https:\/\/x.com\/https:\/\/twitter.com\/javierchento"],"url":"http:\/\/vincentians.com\/es\/author\/chento\/"}]}},"jetpack_publicize_connections":[],"jetpack_featured_media_url":"https:\/\/i0.wp.com\/vincentians.com\/es\/wp-content\/uploads\/sites\/11\/2016\/07\/reflexiones-palabra-de-dios.jpg?fit=1200%2C630","jetpack_sharing_enabled":true,"jetpack_shortlink":"https:\/\/wp.me\/p7ETMF-nY","jetpack-related-posts":[{"id":142910,"url":"http:\/\/vincentians.com\/es\/2o-domingo-de-pascua-reflexion-de-jose-roman-flecha-4\/","url_meta":{"origin":1486,"position":0},"title":"2\u00ba Domingo de Pascua (reflexi\u00f3n de Jos\u00e9 Rom\u00e1n Flecha)","author":"Francisco Javier Fern\u00e1ndez Chento","date":"09\/04\/2015","format":false,"excerpt":"EL D\u00cdA DE LA COMUNIDAD Domingo de la Divina Misericordia. B. 12 de abril de 2015 \u201cEn el grupo de los creyentes todos pensaban y sent\u00edan lo mismo: lo pose\u00edan todo en com\u00fan y nadie llamada suyo propio nada de lo que ten\u00edan\u201d. Siempre nos impresiona volver a leer estas\u2026","rel":"","context":"En \u00abHomil\u00edas y reflexiones, A\u00f1o B\u00bb","block_context":{"text":"Homil\u00edas y reflexiones, A\u00f1o B","link":"http:\/\/vincentians.com\/es\/category\/homilias-y-reflexiones-a-la-palabra-de-dios\/homilias-y-reflexiones-ano-b\/"},"img":{"alt_text":"","src":"https:\/\/i0.wp.com\/vincentians.com\/es\/wp-content\/uploads\/sites\/11\/2016\/07\/reflexiones-palabra-de-dios.jpg?fit=1200%2C630&resize=350%2C200","width":350,"height":200,"srcset":"https:\/\/i0.wp.com\/vincentians.com\/es\/wp-content\/uploads\/sites\/11\/2016\/07\/reflexiones-palabra-de-dios.jpg?fit=1200%2C630&resize=350%2C200 1x, https:\/\/i0.wp.com\/vincentians.com\/es\/wp-content\/uploads\/sites\/11\/2016\/07\/reflexiones-palabra-de-dios.jpg?fit=1200%2C630&resize=525%2C300 1.5x, https:\/\/i0.wp.com\/vincentians.com\/es\/wp-content\/uploads\/sites\/11\/2016\/07\/reflexiones-palabra-de-dios.jpg?fit=1200%2C630&resize=700%2C400 2x, https:\/\/i0.wp.com\/vincentians.com\/es\/wp-content\/uploads\/sites\/11\/2016\/07\/reflexiones-palabra-de-dios.jpg?fit=1200%2C630&resize=1050%2C600 3x"},"classes":[]},{"id":142991,"url":"http:\/\/vincentians.com\/es\/3o-domingo-de-pascua-reflexion-de-jose-roman-flecha-3\/","url_meta":{"origin":1486,"position":1},"title":"3\u00ba Domingo de Pascua (reflexi\u00f3n de Jos\u00e9 Rom\u00e1n Flecha)","author":"Francisco Javier Fern\u00e1ndez Chento","date":"13\/04\/2015","format":false,"excerpt":"EL D\u00cdA DEL PERD\u00d3N Domingo 3\u00ba de Pascua. B. 19 de abril de 2015 \u201cArrepent\u00edos y convert\u00edos para que se borren vuestros pecados\u201d. Con esas palabras se cierra el discurso que Pedro dirige a las gentes de Jerusal\u00e9n seg\u00fan el texto de los Hechos de los Ap\u00f3stoles que hoy se\u2026","rel":"","context":"En \u00abHomil\u00edas y reflexiones, A\u00f1o B\u00bb","block_context":{"text":"Homil\u00edas y reflexiones, A\u00f1o B","link":"http:\/\/vincentians.com\/es\/category\/homilias-y-reflexiones-a-la-palabra-de-dios\/homilias-y-reflexiones-ano-b\/"},"img":{"alt_text":"","src":"https:\/\/i0.wp.com\/vincentians.com\/es\/wp-content\/uploads\/sites\/11\/2016\/07\/reflexiones-palabra-de-dios.jpg?fit=1200%2C630&resize=350%2C200","width":350,"height":200,"srcset":"https:\/\/i0.wp.com\/vincentians.com\/es\/wp-content\/uploads\/sites\/11\/2016\/07\/reflexiones-palabra-de-dios.jpg?fit=1200%2C630&resize=350%2C200 1x, https:\/\/i0.wp.com\/vincentians.com\/es\/wp-content\/uploads\/sites\/11\/2016\/07\/reflexiones-palabra-de-dios.jpg?fit=1200%2C630&resize=525%2C300 1.5x, https:\/\/i0.wp.com\/vincentians.com\/es\/wp-content\/uploads\/sites\/11\/2016\/07\/reflexiones-palabra-de-dios.jpg?fit=1200%2C630&resize=700%2C400 2x, https:\/\/i0.wp.com\/vincentians.com\/es\/wp-content\/uploads\/sites\/11\/2016\/07\/reflexiones-palabra-de-dios.jpg?fit=1200%2C630&resize=1050%2C600 3x"},"classes":[]},{"id":136981,"url":"http:\/\/vincentians.com\/es\/ciclo-a-6%c2%ba-domingo-de-pascua-reflexion-de-pedro-guillen-goni-c-m\/","url_meta":{"origin":1486,"position":2},"title":"Ciclo A, 6\u00ba Domingo de Pascua (reflexi\u00f3n de Pedro Guill\u00e9n Go\u00f1i, C.M.)","author":"Francisco Javier Fern\u00e1ndez Chento","date":"27\/05\/2011","format":false,"excerpt":"El desarrollo tem\u00e1tico del evangelio del d\u00eda de hoy guarda relaci\u00f3n con el domingo anterior. Jes\u00fas presiente que llega su hora y, a modo de testamento, como si fueran sus palabras m\u00e1s urgentes y definitivas, quiere inculcar a sus disc\u00edpulos la fe ante el desaliento de la vida, la esperanza\u2026","rel":"","context":"En \u00abHomil\u00edas y reflexiones, A\u00f1o A\u00bb","block_context":{"text":"Homil\u00edas y reflexiones, A\u00f1o A","link":"http:\/\/vincentians.com\/es\/category\/homilias-y-reflexiones-a-la-palabra-de-dios\/homilias-y-reflexiones-ano-a\/"},"img":{"alt_text":"","src":"https:\/\/i0.wp.com\/vincentians.com\/es\/wp-content\/uploads\/sites\/11\/2016\/07\/reflexiones-palabra-de-dios.jpg?fit=1200%2C630&resize=350%2C200","width":350,"height":200,"srcset":"https:\/\/i0.wp.com\/vincentians.com\/es\/wp-content\/uploads\/sites\/11\/2016\/07\/reflexiones-palabra-de-dios.jpg?fit=1200%2C630&resize=350%2C200 1x, https:\/\/i0.wp.com\/vincentians.com\/es\/wp-content\/uploads\/sites\/11\/2016\/07\/reflexiones-palabra-de-dios.jpg?fit=1200%2C630&resize=525%2C300 1.5x, https:\/\/i0.wp.com\/vincentians.com\/es\/wp-content\/uploads\/sites\/11\/2016\/07\/reflexiones-palabra-de-dios.jpg?fit=1200%2C630&resize=700%2C400 2x, https:\/\/i0.wp.com\/vincentians.com\/es\/wp-content\/uploads\/sites\/11\/2016\/07\/reflexiones-palabra-de-dios.jpg?fit=1200%2C630&resize=1050%2C600 3x"},"classes":[]},{"id":144462,"url":"http:\/\/vincentians.com\/es\/6o-domingo-de-pascua-reflexion-de-jose-roman-flecha-3\/","url_meta":{"origin":1486,"position":3},"title":"6\u00ba Domingo de Pascua (reflexi\u00f3n de Jos\u00e9 Rom\u00e1n Flecha)","author":"Francisco Javier Fern\u00e1ndez Chento","date":"04\/05\/2015","format":false,"excerpt":"EL AMOR Y LA ALEGR\u00cdA Domingo 6\u00ba de Pascua. B. 10 de mayo de 2015 \u201cEst\u00e1 claro que Dios no hace distinciones: acepta al que lo teme y practica la justicia, sea de la naci\u00f3n que sea\u201d. Con esas palabras se presenta Pedro ante el centuri\u00f3n Cornelio, seg\u00fan se nos\u2026","rel":"","context":"En \u00abHomil\u00edas y reflexiones, A\u00f1o B\u00bb","block_context":{"text":"Homil\u00edas y reflexiones, A\u00f1o B","link":"http:\/\/vincentians.com\/es\/category\/homilias-y-reflexiones-a-la-palabra-de-dios\/homilias-y-reflexiones-ano-b\/"},"img":{"alt_text":"","src":"https:\/\/i0.wp.com\/vincentians.com\/es\/wp-content\/uploads\/sites\/11\/2016\/07\/reflexiones-palabra-de-dios.jpg?fit=1200%2C630&resize=350%2C200","width":350,"height":200,"srcset":"https:\/\/i0.wp.com\/vincentians.com\/es\/wp-content\/uploads\/sites\/11\/2016\/07\/reflexiones-palabra-de-dios.jpg?fit=1200%2C630&resize=350%2C200 1x, https:\/\/i0.wp.com\/vincentians.com\/es\/wp-content\/uploads\/sites\/11\/2016\/07\/reflexiones-palabra-de-dios.jpg?fit=1200%2C630&resize=525%2C300 1.5x, https:\/\/i0.wp.com\/vincentians.com\/es\/wp-content\/uploads\/sites\/11\/2016\/07\/reflexiones-palabra-de-dios.jpg?fit=1200%2C630&resize=700%2C400 2x, https:\/\/i0.wp.com\/vincentians.com\/es\/wp-content\/uploads\/sites\/11\/2016\/07\/reflexiones-palabra-de-dios.jpg?fit=1200%2C630&resize=1050%2C600 3x"},"classes":[]},{"id":136976,"url":"http:\/\/vincentians.com\/es\/ciclo-a-domingo-5%c2%ba-de-pascua-reflexion-de-antonio-elduayen-c-m\/","url_meta":{"origin":1486,"position":4},"title":"Ciclo A, Domingo 5\u00ba de Pascua (reflexi\u00f3n de Antonio Elduayen, C.M.)","author":"Francisco Javier Fern\u00e1ndez Chento","date":"20\/05\/2011","format":false,"excerpt":"Queridos amigos Jes\u00fas acaba de decir a los ap\u00f3stoles que se va y que se quedar\u00e1n solos (Jn 14,33), y esto les ha dejado preocupados y hasta angustiados. Dir\u00edamos que su reacci\u00f3n es la normal y que lo mismo nos hubiera pasado a nosotros, y nos pasa cuando alguien a\u2026","rel":"","context":"En \u00abHomil\u00edas y reflexiones, A\u00f1o A\u00bb","block_context":{"text":"Homil\u00edas y reflexiones, A\u00f1o A","link":"http:\/\/vincentians.com\/es\/category\/homilias-y-reflexiones-a-la-palabra-de-dios\/homilias-y-reflexiones-ano-a\/"},"img":{"alt_text":"","src":"https:\/\/i0.wp.com\/vincentians.com\/es\/wp-content\/uploads\/sites\/11\/2016\/07\/reflexiones-palabra-de-dios.jpg?fit=1200%2C630&resize=350%2C200","width":350,"height":200,"srcset":"https:\/\/i0.wp.com\/vincentians.com\/es\/wp-content\/uploads\/sites\/11\/2016\/07\/reflexiones-palabra-de-dios.jpg?fit=1200%2C630&resize=350%2C200 1x, https:\/\/i0.wp.com\/vincentians.com\/es\/wp-content\/uploads\/sites\/11\/2016\/07\/reflexiones-palabra-de-dios.jpg?fit=1200%2C630&resize=525%2C300 1.5x, https:\/\/i0.wp.com\/vincentians.com\/es\/wp-content\/uploads\/sites\/11\/2016\/07\/reflexiones-palabra-de-dios.jpg?fit=1200%2C630&resize=700%2C400 2x, https:\/\/i0.wp.com\/vincentians.com\/es\/wp-content\/uploads\/sites\/11\/2016\/07\/reflexiones-palabra-de-dios.jpg?fit=1200%2C630&resize=1050%2C600 3x"},"classes":[]},{"id":144007,"url":"http:\/\/vincentians.com\/es\/5o-domingo-de-pascua-reflexion-de-jose-roman-flecha-4\/","url_meta":{"origin":1486,"position":5},"title":"5\u00ba Domingo de Pascua (reflexi\u00f3n de Jos\u00e9 Rom\u00e1n Flecha)","author":"Francisco Javier Fern\u00e1ndez Chento","date":"27\/04\/2015","format":false,"excerpt":"LA VID Y LOS SARMIENTOS Domingo 5\u00ba de Pascua. B. 3 de mayo de 2015 \u201cLa Iglesia gozaba de paz en toda Judea, Galilea y Samar\u00eda. Se iba construyendo y progresaba en la fidelidad del Se\u00f1or y se multiplicaba animada por el Esp\u00edritu Santo\u201d. As\u00ed se refiere en uno de\u2026","rel":"","context":"En \u00abHomil\u00edas y reflexiones, A\u00f1o B\u00bb","block_context":{"text":"Homil\u00edas y reflexiones, A\u00f1o B","link":"http:\/\/vincentians.com\/es\/category\/homilias-y-reflexiones-a-la-palabra-de-dios\/homilias-y-reflexiones-ano-b\/"},"img":{"alt_text":"","src":"https:\/\/i0.wp.com\/vincentians.com\/es\/wp-content\/uploads\/sites\/11\/2016\/07\/reflexiones-palabra-de-dios.jpg?fit=1200%2C630&resize=350%2C200","width":350,"height":200,"srcset":"https:\/\/i0.wp.com\/vincentians.com\/es\/wp-content\/uploads\/sites\/11\/2016\/07\/reflexiones-palabra-de-dios.jpg?fit=1200%2C630&resize=350%2C200 1x, https:\/\/i0.wp.com\/vincentians.com\/es\/wp-content\/uploads\/sites\/11\/2016\/07\/reflexiones-palabra-de-dios.jpg?fit=1200%2C630&resize=525%2C300 1.5x, https:\/\/i0.wp.com\/vincentians.com\/es\/wp-content\/uploads\/sites\/11\/2016\/07\/reflexiones-palabra-de-dios.jpg?fit=1200%2C630&resize=700%2C400 2x, https:\/\/i0.wp.com\/vincentians.com\/es\/wp-content\/uploads\/sites\/11\/2016\/07\/reflexiones-palabra-de-dios.jpg?fit=1200%2C630&resize=1050%2C600 3x"},"classes":[]}],"_links":{"self":[{"href":"http:\/\/vincentians.com\/es\/wp-json\/wp\/v2\/posts\/1486","targetHints":{"allow":["GET"]}}],"collection":[{"href":"http:\/\/vincentians.com\/es\/wp-json\/wp\/v2\/posts"}],"about":[{"href":"http:\/\/vincentians.com\/es\/wp-json\/wp\/v2\/types\/post"}],"author":[{"embeddable":true,"href":"http:\/\/vincentians.com\/es\/wp-json\/wp\/v2\/users\/4"}],"replies":[{"embeddable":true,"href":"http:\/\/vincentians.com\/es\/wp-json\/wp\/v2\/comments?post=1486"}],"version-history":[{"count":0,"href":"http:\/\/vincentians.com\/es\/wp-json\/wp\/v2\/posts\/1486\/revisions"}],"wp:featuredmedia":[{"embeddable":true,"href":"http:\/\/vincentians.com\/es\/wp-json\/wp\/v2\/media\/388408"}],"wp:attachment":[{"href":"http:\/\/vincentians.com\/es\/wp-json\/wp\/v2\/media?parent=1486"}],"wp:term":[{"taxonomy":"category","embeddable":true,"href":"http:\/\/vincentians.com\/es\/wp-json\/wp\/v2\/categories?post=1486"},{"taxonomy":"post_tag","embeddable":true,"href":"http:\/\/vincentians.com\/es\/wp-json\/wp\/v2\/tags?post=1486"}],"curies":[{"name":"wp","href":"https:\/\/api.w.org\/{rel}","templated":true}]}}