{"id":1477,"date":"2012-04-13T06:37:45","date_gmt":"2012-04-13T04:37:45","guid":{"rendered":"http:\/\/somos.vicencianos.org\/comentarios\/?p=1477"},"modified":"2016-07-24T10:27:17","modified_gmt":"2016-07-24T08:27:17","slug":"2o-domingo-de-pascua-reflexion-de-julio-suescun-c-m","status":"publish","type":"post","link":"http:\/\/vincentians.com\/es\/2o-domingo-de-pascua-reflexion-de-julio-suescun-c-m\/","title":{"rendered":"2\u00ba Domingo de Pascua (reflexi\u00f3n de Julio Suescun, C.M.)"},"content":{"rendered":"<h2><strong>No seas incr\u00e9dulo, sino creyente (Jn. 20,19-31)<\/strong><\/h2>\n<p><a href=\"https:\/\/i0.wp.com\/vicencianos.org\/wp-content\/2012\/06\/julio_suescun.jpg\"><img data-recalc-dims=\"1\" loading=\"lazy\" decoding=\"async\" class=\"alignright size-medium wp-image-89344\" src=\"https:\/\/i0.wp.com\/vicencianos.org\/wp-content\/2012\/06\/julio_suescun-300x225.jpg?resize=300%2C225\" alt=\"julio_suescun\" width=\"300\" height=\"225\" \/><\/a>La octava de Pascua que hoy termina, es como un gran d\u00eda que se prolonga desde el amanecer del d\u00eda de la Resurrecci\u00f3n del Se\u00f1or hasta el encuentro con Jes\u00fas\u00a0 vivo, al caer de la tarde. En ella se nos invita a recorrer el camino que media entre la incredulidad y la fe.<\/p>\n<p>Aquel primer d\u00eda de la semana parece que hist\u00f3ricamente fue muy ajetreado. Comenz\u00f3 con el sobresalto por los sucesos acaecidos en torno al sepulcro: El cad\u00e1ver de Jes\u00fas no se encontraba all\u00ed, pero todo estaba en orden; las mujeres hablaban de visiones de \u00e1ngeles que dec\u00edan que Jes\u00fas estaba vivo, que era in\u00fatil buscarle entre los muertos, pero que a \u00e9l no lo hab\u00edan visto; la Magdalena, que se hab\u00eda quedado llorando junto al sepulcro, viene diciendo que ha visto al Se\u00f1or que llam\u00e1ndole\u00a0 por su nombre le ha dado un encargo para los disc\u00edpulos; algunos, no haciendo caso de las mujeres, se hab\u00edan marchado desconsolados a la finca de Ema\u00fas.\u00a0 Ahora, al atardecer, est\u00e1n casi todos en casa, con las puertas bien cerradas por miedo a los jud\u00edos. No fueran a hacer con ellos lo que acababan de hacer con Jes\u00fas. Pedro ya hab\u00eda experimentado este miedo, cuando \u00a0calent\u00e1ndose al fuego en el atrio de la casa del Sumo Sacerdote, neg\u00f3 a Jes\u00fas ante la acusaci\u00f3n de una criada. Parece que a pesar de haber transcurrido casi completamente el d\u00eda, todav\u00eda no se ha hecho claridad en los corazones de los disc\u00edpulos. Algunos no creen en la resurrecci\u00f3n de Jes\u00fas. Han de recorrer el camino desde la incredulidad a la fe.<\/p>\n<p>De repente entra Jes\u00fas y puesto en medio, les tranquiliza dese\u00e1ndoles la paz;\u00a0 les muestra sus manos y el costado; efectivamente se trata del crucificado, que ahora est\u00e1 delante de ellos, vivo. Se llenaron de alegr\u00eda al ver al Se\u00f1or. Por fin todo estaba claro, se hab\u00edan disipado las tinieblas de la duda y de la incredulidad. Ahora Jes\u00fas contin\u00faa en ellos la misi\u00f3n de perd\u00f3n y salvaci\u00f3n que el Padre le confiara: <em>Como me envi\u00f3 el Padre, as\u00ed os env\u00edo yo<\/em>. Y soplando sobre ellos, les comunic\u00f3 el Esp\u00edritu para el perd\u00f3n de los pecados. Aquel poder, que los fariseos reconoc\u00edan propio y exclusivo de Dios, y que Jes\u00fas demostr\u00f3 que le pertenec\u00eda por naturaleza, lo comparte ahora con los suyos.<\/p>\n<p>Uno de los que permanec\u00edan todav\u00eda en la noche, era Tom\u00e1s. No estaba con todos cuando vino Jes\u00fas. El todav\u00eda no lo ha visto. Por eso cuando llega a casa y encuentra el gozoso alboroto de los que dicen que han visto al Se\u00f1or, reclama: A mi, que me lo demuestren, que me dejen meter mi dedo en el agujero de sus clavos y mi mano en su costado para ver si de verdad se trata de Jes\u00fas a quien yo vi clavado en la cruz.\u00a0 Jes\u00fas accede a la exigencia de Tomas. A los ocho d\u00edas, estando Tom\u00e1s en la reuni\u00f3n con todos, Jes\u00fas vuelve a presentarse de la misma manera e invita a Tom\u00e1s a tocar su cuerpo. Pero ya no hace falta tocar nada. Ante Jes\u00fas vivo, Tom\u00e1s hace su profesi\u00f3n de fe: <em>Se\u00f1or m\u00edo y Dios m\u00edo<\/em>. Tom\u00e1s est\u00e1 viendo al crucificado, pero su fe le est\u00e1 descubriendo en \u00e9l a su Dios y Se\u00f1or. Y es que la visi\u00f3n de la fe alcanza una realidad que no pueden alcanzar los sentidos.<\/p>\n<p>Las palabras que dirige Jes\u00fas a Tom\u00e1s nos consuelan a los creyentes de todos los tiempos: <em>Dichosos los que crean sin haber visto<\/em>. No es necesario ver con los ojos de la cara para creer en Cristo Resucitado. La fe nos conduce hasta \u00e9l desde los signos sacramentales de su presencia. <em>Est\u00e1 presente en el sacrificio de la Misa, sea en la persona del ministro, \u00abofreci\u00e9ndose ahora por ministerio de los sacerdotes el mismo que entonces se ofreci\u00f3 en la cruz\u00bb, sea sobre todo bajo las especies eucar\u00edsticas. Est\u00e1 presente con su fuerza en los Sacramentos, de modo que, cuando alguien bautiza, es Cristo quien bautiza. Est\u00e1 presente en su palabra, pues cuando se lee en la Iglesia la Sagrada Escritura, es El quien habla. Est\u00e1 presente, por \u00faltimo, cuando la Iglesia suplica y canta salmos, el mismo que prometi\u00f3: \u00abDonde est\u00e1n dos o tres congregados en mi nombre, all\u00ed estoy Yo en medio de ellos\u00bb.<\/em>\u00a0 (Vaticano II,SC.) Y no podemos olvidar el encuentro con \u00e9l en la persona de los peque\u00f1os, de los necesitados, pues <em>cada vez que lo hicisteis con estos mis hermanos m\u00e1s peque\u00f1os, conmigo lo hicisteis<\/em> (Mt.25,40). Y as\u00ed, por la pr\u00e1ctica del culto cristiano y el ejercicio de la caridad, podemos pasar de la incredulidad a la fe. El olvido de estas mismas pr\u00e1cticas nos mantiene en la incredulidad o nos lleva a ella.<\/p>\n","protected":false},"excerpt":{"rendered":"<p>No seas incr\u00e9dulo, sino creyente (Jn. 20,19-31) La octava de Pascua que hoy termina, es como un gran d\u00eda que se prolonga desde el amanecer del d\u00eda de la Resurrecci\u00f3n del Se\u00f1or hasta el encuentro &#8230; <a href=\"http:\/\/vincentians.com\/es\/2o-domingo-de-pascua-reflexion-de-julio-suescun-c-m\/\" class=\"more-link\">Read More<\/a><\/p>\n","protected":false},"author":4,"featured_media":388408,"comment_status":"open","ping_status":"open","sticky":false,"template":"","format":"standard","meta":{"jetpack_post_was_ever_published":false,"_jetpack_newsletter_access":"","_jetpack_dont_email_post_to_subs":false,"_jetpack_newsletter_tier_id":0,"_jetpack_memberships_contains_paywalled_content":false,"_jetpack_memberships_contains_paid_content":false,"footnotes":"","jetpack_publicize_message":"","jetpack_publicize_feature_enabled":true,"jetpack_social_post_already_shared":true,"jetpack_social_options":{"image_generator_settings":{"template":"highway","default_image_id":0,"font":"","enabled":false},"version":2}},"categories":[93],"tags":[],"class_list":["post-1477","post","type-post","status-publish","format-standard","has-post-thumbnail","hentry","category-homilias-y-reflexiones-ano-b"],"yoast_head":"<!-- This site is optimized with the Yoast SEO plugin v26.3 - https:\/\/yoast.com\/wordpress\/plugins\/seo\/ -->\n<title>2\u00ba Domingo de Pascua (reflexi\u00f3n de Julio Suescun, C.M.) - Somos Vicencianos<\/title>\n<meta name=\"robots\" content=\"index, follow, max-snippet:-1, max-image-preview:large, max-video-preview:-1\" \/>\n<link rel=\"canonical\" href=\"http:\/\/vincentians.com\/es\/2o-domingo-de-pascua-reflexion-de-julio-suescun-c-m\/\" \/>\n<meta property=\"og:locale\" content=\"es_ES\" \/>\n<meta property=\"og:type\" content=\"article\" \/>\n<meta property=\"og:title\" content=\"2\u00ba Domingo de Pascua (reflexi\u00f3n de Julio Suescun, C.M.) - Somos Vicencianos\" \/>\n<meta property=\"og:description\" content=\"No seas incr\u00e9dulo, sino creyente (Jn. 20,19-31) La octava de Pascua que hoy termina, es como un gran d\u00eda que se prolonga desde el amanecer del d\u00eda de la Resurrecci\u00f3n del Se\u00f1or hasta el encuentro ... Read More\" \/>\n<meta property=\"og:url\" content=\"http:\/\/vincentians.com\/es\/2o-domingo-de-pascua-reflexion-de-julio-suescun-c-m\/\" \/>\n<meta property=\"og:site_name\" content=\"Somos Vicencianos\" \/>\n<meta property=\"article:publisher\" content=\"https:\/\/www.facebook.com\/WeAreVincentians\/\" \/>\n<meta property=\"article:author\" content=\"https:\/\/www.facebook.com\/JavierChento\" \/>\n<meta property=\"article:published_time\" content=\"2012-04-13T04:37:45+00:00\" \/>\n<meta property=\"article:modified_time\" content=\"2016-07-24T08:27:17+00:00\" \/>\n<meta property=\"og:image\" content=\"https:\/\/i0.wp.com\/vincentians.com\/es\/wp-content\/uploads\/sites\/11\/2016\/07\/reflexiones-palabra-de-dios.jpg?fit=1200%2C630\" \/>\n\t<meta property=\"og:image:width\" content=\"1200\" \/>\n\t<meta property=\"og:image:height\" content=\"630\" \/>\n\t<meta property=\"og:image:type\" content=\"image\/jpeg\" \/>\n<meta name=\"author\" content=\"Francisco Javier Fern\u00e1ndez Chento\" \/>\n<meta name=\"twitter:card\" content=\"summary_large_image\" \/>\n<meta name=\"twitter:creator\" content=\"@https:\/\/twitter.com\/javierchento\" \/>\n<meta name=\"twitter:site\" content=\"@WeVincentians\" \/>\n<meta name=\"twitter:label1\" content=\"Escrito por\" \/>\n\t<meta name=\"twitter:data1\" content=\"Francisco Javier Fern\u00e1ndez Chento\" \/>\n\t<meta name=\"twitter:label2\" content=\"Tiempo de lectura\" \/>\n\t<meta name=\"twitter:data2\" content=\"4 minutos\" \/>\n<script type=\"application\/ld+json\" class=\"yoast-schema-graph\">{\"@context\":\"https:\/\/schema.org\",\"@graph\":[{\"@type\":\"Article\",\"@id\":\"http:\/\/vincentians.com\/es\/2o-domingo-de-pascua-reflexion-de-julio-suescun-c-m\/#article\",\"isPartOf\":{\"@id\":\"http:\/\/vincentians.com\/es\/2o-domingo-de-pascua-reflexion-de-julio-suescun-c-m\/\"},\"author\":{\"name\":\"Francisco Javier Fern\u00e1ndez Chento\",\"@id\":\"https:\/\/vincentians.com\/es\/#\/schema\/person\/9623ef4d9aa3b2dfb8c061f1499288f2\"},\"headline\":\"2\u00ba Domingo de Pascua (reflexi\u00f3n de Julio Suescun, C.M.)\",\"datePublished\":\"2012-04-13T04:37:45+00:00\",\"dateModified\":\"2016-07-24T08:27:17+00:00\",\"mainEntityOfPage\":{\"@id\":\"http:\/\/vincentians.com\/es\/2o-domingo-de-pascua-reflexion-de-julio-suescun-c-m\/\"},\"wordCount\":890,\"commentCount\":0,\"publisher\":{\"@id\":\"https:\/\/vincentians.com\/es\/#organization\"},\"image\":{\"@id\":\"http:\/\/vincentians.com\/es\/2o-domingo-de-pascua-reflexion-de-julio-suescun-c-m\/#primaryimage\"},\"thumbnailUrl\":\"https:\/\/i0.wp.com\/vincentians.com\/es\/wp-content\/uploads\/sites\/11\/2016\/07\/reflexiones-palabra-de-dios.jpg?fit=1200%2C630\",\"articleSection\":[\"Homil\u00edas y reflexiones, A\u00f1o B\"],\"inLanguage\":\"es\",\"potentialAction\":[{\"@type\":\"CommentAction\",\"name\":\"Comment\",\"target\":[\"http:\/\/vincentians.com\/es\/2o-domingo-de-pascua-reflexion-de-julio-suescun-c-m\/#respond\"]}]},{\"@type\":\"WebPage\",\"@id\":\"http:\/\/vincentians.com\/es\/2o-domingo-de-pascua-reflexion-de-julio-suescun-c-m\/\",\"url\":\"http:\/\/vincentians.com\/es\/2o-domingo-de-pascua-reflexion-de-julio-suescun-c-m\/\",\"name\":\"2\u00ba Domingo de Pascua (reflexi\u00f3n de Julio Suescun, C.M.) - Somos Vicencianos\",\"isPartOf\":{\"@id\":\"https:\/\/vincentians.com\/es\/#website\"},\"primaryImageOfPage\":{\"@id\":\"http:\/\/vincentians.com\/es\/2o-domingo-de-pascua-reflexion-de-julio-suescun-c-m\/#primaryimage\"},\"image\":{\"@id\":\"http:\/\/vincentians.com\/es\/2o-domingo-de-pascua-reflexion-de-julio-suescun-c-m\/#primaryimage\"},\"thumbnailUrl\":\"https:\/\/i0.wp.com\/vincentians.com\/es\/wp-content\/uploads\/sites\/11\/2016\/07\/reflexiones-palabra-de-dios.jpg?fit=1200%2C630\",\"datePublished\":\"2012-04-13T04:37:45+00:00\",\"dateModified\":\"2016-07-24T08:27:17+00:00\",\"breadcrumb\":{\"@id\":\"http:\/\/vincentians.com\/es\/2o-domingo-de-pascua-reflexion-de-julio-suescun-c-m\/#breadcrumb\"},\"inLanguage\":\"es\",\"potentialAction\":[{\"@type\":\"ReadAction\",\"target\":[\"http:\/\/vincentians.com\/es\/2o-domingo-de-pascua-reflexion-de-julio-suescun-c-m\/\"]}]},{\"@type\":\"ImageObject\",\"inLanguage\":\"es\",\"@id\":\"http:\/\/vincentians.com\/es\/2o-domingo-de-pascua-reflexion-de-julio-suescun-c-m\/#primaryimage\",\"url\":\"https:\/\/i0.wp.com\/vincentians.com\/es\/wp-content\/uploads\/sites\/11\/2016\/07\/reflexiones-palabra-de-dios.jpg?fit=1200%2C630\",\"contentUrl\":\"https:\/\/i0.wp.com\/vincentians.com\/es\/wp-content\/uploads\/sites\/11\/2016\/07\/reflexiones-palabra-de-dios.jpg?fit=1200%2C630\",\"width\":1200,\"height\":630},{\"@type\":\"BreadcrumbList\",\"@id\":\"http:\/\/vincentians.com\/es\/2o-domingo-de-pascua-reflexion-de-julio-suescun-c-m\/#breadcrumb\",\"itemListElement\":[{\"@type\":\"ListItem\",\"position\":1,\"name\":\"Portada\",\"item\":\"https:\/\/vincentians.com\/es\/\"},{\"@type\":\"ListItem\",\"position\":2,\"name\":\"2\u00ba Domingo de Pascua (reflexi\u00f3n de Julio Suescun, C.M.)\"}]},{\"@type\":\"WebSite\",\"@id\":\"https:\/\/vincentians.com\/es\/#website\",\"url\":\"https:\/\/vincentians.com\/es\/\",\"name\":\"Somos Vicencianos\",\"description\":\"Know more to serve more\",\"publisher\":{\"@id\":\"https:\/\/vincentians.com\/es\/#organization\"},\"potentialAction\":[{\"@type\":\"SearchAction\",\"target\":{\"@type\":\"EntryPoint\",\"urlTemplate\":\"https:\/\/vincentians.com\/es\/?s={search_term_string}\"},\"query-input\":{\"@type\":\"PropertyValueSpecification\",\"valueRequired\":true,\"valueName\":\"search_term_string\"}}],\"inLanguage\":\"es\"},{\"@type\":\"Organization\",\"@id\":\"https:\/\/vincentians.com\/es\/#organization\",\"name\":\"The Vincentian Network\",\"url\":\"https:\/\/vincentians.com\/es\/\",\"logo\":{\"@type\":\"ImageObject\",\"inLanguage\":\"es\",\"@id\":\"https:\/\/vincentians.com\/es\/#\/schema\/logo\/image\/\",\"url\":\"https:\/\/i1.wp.com\/vincentians.com\/es\/wp-content\/uploads\/sites\/11\/2016\/06\/Vincentian-Network-logo-big.png?fit=778%2C778\",\"contentUrl\":\"https:\/\/i1.wp.com\/vincentians.com\/es\/wp-content\/uploads\/sites\/11\/2016\/06\/Vincentian-Network-logo-big.png?fit=778%2C778\",\"width\":778,\"height\":778,\"caption\":\"The Vincentian Network\"},\"image\":{\"@id\":\"https:\/\/vincentians.com\/es\/#\/schema\/logo\/image\/\"},\"sameAs\":[\"https:\/\/www.facebook.com\/WeAreVincentians\/\",\"https:\/\/x.com\/WeVincentians\"]},{\"@type\":\"Person\",\"@id\":\"https:\/\/vincentians.com\/es\/#\/schema\/person\/9623ef4d9aa3b2dfb8c061f1499288f2\",\"name\":\"Francisco Javier Fern\u00e1ndez Chento\",\"image\":{\"@type\":\"ImageObject\",\"inLanguage\":\"es\",\"@id\":\"https:\/\/vincentians.com\/es\/#\/schema\/person\/image\/\",\"url\":\"https:\/\/secure.gravatar.com\/avatar\/497d5cde87b4c3d097d0315953521681ba2cd523ee66e5077c3711f7021e65de?s=96&d=mm&r=g\",\"contentUrl\":\"https:\/\/secure.gravatar.com\/avatar\/497d5cde87b4c3d097d0315953521681ba2cd523ee66e5077c3711f7021e65de?s=96&d=mm&r=g\",\"caption\":\"Francisco Javier Fern\u00e1ndez Chento\"},\"description\":\"Director General y cofundador de La Red de Formaci\u00f3n Vicenciana. Javier es laico vicenciano, afiliado a la Congregaci\u00f3n de la Misi\u00f3n y miembro del Equipo de Misiones Populares de la provincia can\u00f3nica de Zaragoza (Espa\u00f1a) de la Congregaci\u00f3n de la Misi\u00f3n. Graduado en la Universidad Oberta de Catalunya con cuatro grados (Asistente de direcci\u00f3n, Gesti\u00f3n Administrativa, Recursos Humanos y Contabilidad Avanzada). Bil\u00edng\u00fce Espa\u00f1ol\/Ingl\u00e9s. gestiona y mantiene varias p\u00e1ginas web cristianas y vicencianas, incluida including La Red de Formaci\u00f3n Vicenciana, de la que es cofundador. Actualmente es responsable del \u00e1rea de Espa\u00f1ol de .famvin, la Red de Noticias de la Familia Vicenciana. Tambi\u00e9n es m\u00fasico cat\u00f3lico y ha editado varios discos. Es Director General y cofundador de Trovador, una reconocida compa\u00f1\u00eda discogr\u00e1fica critiana de Espa\u00f1a. Trabaja en las Tecnolog\u00edas de la Informaci\u00f3n, ofreciendo servicios de alojamiento, dise\u00f1o y mantenimiento Web, as\u00ed como asesoramiento, formaci\u00f3n y soluciones inform\u00e1ticas, gesti\u00f3n documental y digitalizaci\u00f3n de textos, edici\u00f3n y maquetaci\u00f3n de libros, revistas, flyers, etc.\",\"sameAs\":[\"http:\/\/chento.org\",\"https:\/\/www.facebook.com\/JavierChento\",\"https:\/\/x.com\/https:\/\/twitter.com\/javierchento\"],\"url\":\"http:\/\/vincentians.com\/es\/author\/chento\/\"}]}<\/script>\n<!-- \/ Yoast SEO plugin. -->","yoast_head_json":{"title":"2\u00ba Domingo de Pascua (reflexi\u00f3n de Julio Suescun, C.M.) - Somos Vicencianos","robots":{"index":"index","follow":"follow","max-snippet":"max-snippet:-1","max-image-preview":"max-image-preview:large","max-video-preview":"max-video-preview:-1"},"canonical":"http:\/\/vincentians.com\/es\/2o-domingo-de-pascua-reflexion-de-julio-suescun-c-m\/","og_locale":"es_ES","og_type":"article","og_title":"2\u00ba Domingo de Pascua (reflexi\u00f3n de Julio Suescun, C.M.) - Somos Vicencianos","og_description":"No seas incr\u00e9dulo, sino creyente (Jn. 20,19-31) La octava de Pascua que hoy termina, es como un gran d\u00eda que se prolonga desde el amanecer del d\u00eda de la Resurrecci\u00f3n del Se\u00f1or hasta el encuentro ... Read More","og_url":"http:\/\/vincentians.com\/es\/2o-domingo-de-pascua-reflexion-de-julio-suescun-c-m\/","og_site_name":"Somos Vicencianos","article_publisher":"https:\/\/www.facebook.com\/WeAreVincentians\/","article_author":"https:\/\/www.facebook.com\/JavierChento","article_published_time":"2012-04-13T04:37:45+00:00","article_modified_time":"2016-07-24T08:27:17+00:00","og_image":[{"width":1200,"height":630,"url":"https:\/\/i0.wp.com\/vincentians.com\/es\/wp-content\/uploads\/sites\/11\/2016\/07\/reflexiones-palabra-de-dios.jpg?fit=1200%2C630","type":"image\/jpeg"}],"author":"Francisco Javier Fern\u00e1ndez Chento","twitter_card":"summary_large_image","twitter_creator":"@https:\/\/twitter.com\/javierchento","twitter_site":"@WeVincentians","twitter_misc":{"Escrito por":"Francisco Javier Fern\u00e1ndez Chento","Tiempo de lectura":"4 minutos"},"schema":{"@context":"https:\/\/schema.org","@graph":[{"@type":"Article","@id":"http:\/\/vincentians.com\/es\/2o-domingo-de-pascua-reflexion-de-julio-suescun-c-m\/#article","isPartOf":{"@id":"http:\/\/vincentians.com\/es\/2o-domingo-de-pascua-reflexion-de-julio-suescun-c-m\/"},"author":{"name":"Francisco Javier Fern\u00e1ndez Chento","@id":"https:\/\/vincentians.com\/es\/#\/schema\/person\/9623ef4d9aa3b2dfb8c061f1499288f2"},"headline":"2\u00ba Domingo de Pascua (reflexi\u00f3n de Julio Suescun, C.M.)","datePublished":"2012-04-13T04:37:45+00:00","dateModified":"2016-07-24T08:27:17+00:00","mainEntityOfPage":{"@id":"http:\/\/vincentians.com\/es\/2o-domingo-de-pascua-reflexion-de-julio-suescun-c-m\/"},"wordCount":890,"commentCount":0,"publisher":{"@id":"https:\/\/vincentians.com\/es\/#organization"},"image":{"@id":"http:\/\/vincentians.com\/es\/2o-domingo-de-pascua-reflexion-de-julio-suescun-c-m\/#primaryimage"},"thumbnailUrl":"https:\/\/i0.wp.com\/vincentians.com\/es\/wp-content\/uploads\/sites\/11\/2016\/07\/reflexiones-palabra-de-dios.jpg?fit=1200%2C630","articleSection":["Homil\u00edas y reflexiones, A\u00f1o B"],"inLanguage":"es","potentialAction":[{"@type":"CommentAction","name":"Comment","target":["http:\/\/vincentians.com\/es\/2o-domingo-de-pascua-reflexion-de-julio-suescun-c-m\/#respond"]}]},{"@type":"WebPage","@id":"http:\/\/vincentians.com\/es\/2o-domingo-de-pascua-reflexion-de-julio-suescun-c-m\/","url":"http:\/\/vincentians.com\/es\/2o-domingo-de-pascua-reflexion-de-julio-suescun-c-m\/","name":"2\u00ba Domingo de Pascua (reflexi\u00f3n de Julio Suescun, C.M.) - Somos Vicencianos","isPartOf":{"@id":"https:\/\/vincentians.com\/es\/#website"},"primaryImageOfPage":{"@id":"http:\/\/vincentians.com\/es\/2o-domingo-de-pascua-reflexion-de-julio-suescun-c-m\/#primaryimage"},"image":{"@id":"http:\/\/vincentians.com\/es\/2o-domingo-de-pascua-reflexion-de-julio-suescun-c-m\/#primaryimage"},"thumbnailUrl":"https:\/\/i0.wp.com\/vincentians.com\/es\/wp-content\/uploads\/sites\/11\/2016\/07\/reflexiones-palabra-de-dios.jpg?fit=1200%2C630","datePublished":"2012-04-13T04:37:45+00:00","dateModified":"2016-07-24T08:27:17+00:00","breadcrumb":{"@id":"http:\/\/vincentians.com\/es\/2o-domingo-de-pascua-reflexion-de-julio-suescun-c-m\/#breadcrumb"},"inLanguage":"es","potentialAction":[{"@type":"ReadAction","target":["http:\/\/vincentians.com\/es\/2o-domingo-de-pascua-reflexion-de-julio-suescun-c-m\/"]}]},{"@type":"ImageObject","inLanguage":"es","@id":"http:\/\/vincentians.com\/es\/2o-domingo-de-pascua-reflexion-de-julio-suescun-c-m\/#primaryimage","url":"https:\/\/i0.wp.com\/vincentians.com\/es\/wp-content\/uploads\/sites\/11\/2016\/07\/reflexiones-palabra-de-dios.jpg?fit=1200%2C630","contentUrl":"https:\/\/i0.wp.com\/vincentians.com\/es\/wp-content\/uploads\/sites\/11\/2016\/07\/reflexiones-palabra-de-dios.jpg?fit=1200%2C630","width":1200,"height":630},{"@type":"BreadcrumbList","@id":"http:\/\/vincentians.com\/es\/2o-domingo-de-pascua-reflexion-de-julio-suescun-c-m\/#breadcrumb","itemListElement":[{"@type":"ListItem","position":1,"name":"Portada","item":"https:\/\/vincentians.com\/es\/"},{"@type":"ListItem","position":2,"name":"2\u00ba Domingo de Pascua (reflexi\u00f3n de Julio Suescun, C.M.)"}]},{"@type":"WebSite","@id":"https:\/\/vincentians.com\/es\/#website","url":"https:\/\/vincentians.com\/es\/","name":"Somos Vicencianos","description":"Know more to serve more","publisher":{"@id":"https:\/\/vincentians.com\/es\/#organization"},"potentialAction":[{"@type":"SearchAction","target":{"@type":"EntryPoint","urlTemplate":"https:\/\/vincentians.com\/es\/?s={search_term_string}"},"query-input":{"@type":"PropertyValueSpecification","valueRequired":true,"valueName":"search_term_string"}}],"inLanguage":"es"},{"@type":"Organization","@id":"https:\/\/vincentians.com\/es\/#organization","name":"The Vincentian Network","url":"https:\/\/vincentians.com\/es\/","logo":{"@type":"ImageObject","inLanguage":"es","@id":"https:\/\/vincentians.com\/es\/#\/schema\/logo\/image\/","url":"https:\/\/i1.wp.com\/vincentians.com\/es\/wp-content\/uploads\/sites\/11\/2016\/06\/Vincentian-Network-logo-big.png?fit=778%2C778","contentUrl":"https:\/\/i1.wp.com\/vincentians.com\/es\/wp-content\/uploads\/sites\/11\/2016\/06\/Vincentian-Network-logo-big.png?fit=778%2C778","width":778,"height":778,"caption":"The Vincentian Network"},"image":{"@id":"https:\/\/vincentians.com\/es\/#\/schema\/logo\/image\/"},"sameAs":["https:\/\/www.facebook.com\/WeAreVincentians\/","https:\/\/x.com\/WeVincentians"]},{"@type":"Person","@id":"https:\/\/vincentians.com\/es\/#\/schema\/person\/9623ef4d9aa3b2dfb8c061f1499288f2","name":"Francisco Javier Fern\u00e1ndez Chento","image":{"@type":"ImageObject","inLanguage":"es","@id":"https:\/\/vincentians.com\/es\/#\/schema\/person\/image\/","url":"https:\/\/secure.gravatar.com\/avatar\/497d5cde87b4c3d097d0315953521681ba2cd523ee66e5077c3711f7021e65de?s=96&d=mm&r=g","contentUrl":"https:\/\/secure.gravatar.com\/avatar\/497d5cde87b4c3d097d0315953521681ba2cd523ee66e5077c3711f7021e65de?s=96&d=mm&r=g","caption":"Francisco Javier Fern\u00e1ndez Chento"},"description":"Director General y cofundador de La Red de Formaci\u00f3n Vicenciana. Javier es laico vicenciano, afiliado a la Congregaci\u00f3n de la Misi\u00f3n y miembro del Equipo de Misiones Populares de la provincia can\u00f3nica de Zaragoza (Espa\u00f1a) de la Congregaci\u00f3n de la Misi\u00f3n. Graduado en la Universidad Oberta de Catalunya con cuatro grados (Asistente de direcci\u00f3n, Gesti\u00f3n Administrativa, Recursos Humanos y Contabilidad Avanzada). Bil\u00edng\u00fce Espa\u00f1ol\/Ingl\u00e9s. gestiona y mantiene varias p\u00e1ginas web cristianas y vicencianas, incluida including La Red de Formaci\u00f3n Vicenciana, de la que es cofundador. Actualmente es responsable del \u00e1rea de Espa\u00f1ol de .famvin, la Red de Noticias de la Familia Vicenciana. Tambi\u00e9n es m\u00fasico cat\u00f3lico y ha editado varios discos. Es Director General y cofundador de Trovador, una reconocida compa\u00f1\u00eda discogr\u00e1fica critiana de Espa\u00f1a. Trabaja en las Tecnolog\u00edas de la Informaci\u00f3n, ofreciendo servicios de alojamiento, dise\u00f1o y mantenimiento Web, as\u00ed como asesoramiento, formaci\u00f3n y soluciones inform\u00e1ticas, gesti\u00f3n documental y digitalizaci\u00f3n de textos, edici\u00f3n y maquetaci\u00f3n de libros, revistas, flyers, etc.","sameAs":["http:\/\/chento.org","https:\/\/www.facebook.com\/JavierChento","https:\/\/x.com\/https:\/\/twitter.com\/javierchento"],"url":"http:\/\/vincentians.com\/es\/author\/chento\/"}]}},"jetpack_publicize_connections":[],"jetpack_featured_media_url":"https:\/\/i0.wp.com\/vincentians.com\/es\/wp-content\/uploads\/sites\/11\/2016\/07\/reflexiones-palabra-de-dios.jpg?fit=1200%2C630","jetpack_sharing_enabled":true,"jetpack_shortlink":"https:\/\/wp.me\/p7ETMF-nP","jetpack-related-posts":[{"id":136984,"url":"http:\/\/vincentians.com\/es\/domingo-de-resurreccion-reflexion-de-jose-roman-flecha-2\/","url_meta":{"origin":1477,"position":0},"title":"Domingo de Resurrecci\u00f3n (reflexi\u00f3n de Jos\u00e9 Rom\u00e1n Flecha)","author":"Francisco Javier Fern\u00e1ndez Chento","date":"16\/04\/2014","format":false,"excerpt":"FIESTA DE LA LUZ Solemnidad de la Pascua. A 20 de abril de 2014 \u201cHay cristianos cuya opci\u00f3n parece ser la de una cuaresma sin Pascua\u201d. As\u00ed ha escrito el Papa Francisco en su exhortaci\u00f3n La Alegr\u00eda del Evangelio (n.6). La Cuaresma nos ha ido preparando para aceptar la cruz\u2026","rel":"","context":"En \u00abHomil\u00edas y reflexiones, A\u00f1o A\u00bb","block_context":{"text":"Homil\u00edas y reflexiones, A\u00f1o A","link":"http:\/\/vincentians.com\/es\/category\/homilias-y-reflexiones-a-la-palabra-de-dios\/homilias-y-reflexiones-ano-a\/"},"img":{"alt_text":"","src":"https:\/\/i0.wp.com\/vincentians.com\/es\/wp-content\/uploads\/sites\/11\/2016\/07\/reflexiones-palabra-de-dios.jpg?fit=1200%2C630&resize=350%2C200","width":350,"height":200,"srcset":"https:\/\/i0.wp.com\/vincentians.com\/es\/wp-content\/uploads\/sites\/11\/2016\/07\/reflexiones-palabra-de-dios.jpg?fit=1200%2C630&resize=350%2C200 1x, https:\/\/i0.wp.com\/vincentians.com\/es\/wp-content\/uploads\/sites\/11\/2016\/07\/reflexiones-palabra-de-dios.jpg?fit=1200%2C630&resize=525%2C300 1.5x, https:\/\/i0.wp.com\/vincentians.com\/es\/wp-content\/uploads\/sites\/11\/2016\/07\/reflexiones-palabra-de-dios.jpg?fit=1200%2C630&resize=700%2C400 2x, https:\/\/i0.wp.com\/vincentians.com\/es\/wp-content\/uploads\/sites\/11\/2016\/07\/reflexiones-palabra-de-dios.jpg?fit=1200%2C630&resize=1050%2C600 3x"},"classes":[]},{"id":135844,"url":"http:\/\/vincentians.com\/es\/domingo-de-resurreccion-reflexion-de-jose-roman-flecha\/","url_meta":{"origin":1477,"position":1},"title":"Domingo de Resurrecci\u00f3n (reflexi\u00f3n de Jos\u00e9 Rom\u00e1n Flecha)","author":"Francisco Javier Fern\u00e1ndez Chento","date":"25\/03\/2013","format":false,"excerpt":"LA GLORIA DE LA PASCUA Domingo de Pascua de la Resurrecci\u00f3n del Se\u00f1or 31 de marzo de 2013 \u201c\u00bfQu\u00e9 has visto de camino, Mar\u00eda, en la ma\u00f1ana?\u201d\u00a0 Esa es la pregunta que la comunidad de los cristianos dirige en este d\u00eda de Pascua a Mar\u00eda Magdalena. Nosotros somos los que\u2026","rel":"","context":"En \u00abHomil\u00edas y reflexiones, A\u00f1o C\u00bb","block_context":{"text":"Homil\u00edas y reflexiones, A\u00f1o C","link":"http:\/\/vincentians.com\/es\/category\/homilias-y-reflexiones-a-la-palabra-de-dios\/homilias-y-reflexiones-ano-c\/"},"img":{"alt_text":"","src":"https:\/\/i0.wp.com\/vincentians.com\/es\/wp-content\/uploads\/sites\/11\/2016\/07\/reflexiones-palabra-de-dios.jpg?fit=1200%2C630&resize=350%2C200","width":350,"height":200,"srcset":"https:\/\/i0.wp.com\/vincentians.com\/es\/wp-content\/uploads\/sites\/11\/2016\/07\/reflexiones-palabra-de-dios.jpg?fit=1200%2C630&resize=350%2C200 1x, https:\/\/i0.wp.com\/vincentians.com\/es\/wp-content\/uploads\/sites\/11\/2016\/07\/reflexiones-palabra-de-dios.jpg?fit=1200%2C630&resize=525%2C300 1.5x, https:\/\/i0.wp.com\/vincentians.com\/es\/wp-content\/uploads\/sites\/11\/2016\/07\/reflexiones-palabra-de-dios.jpg?fit=1200%2C630&resize=700%2C400 2x, https:\/\/i0.wp.com\/vincentians.com\/es\/wp-content\/uploads\/sites\/11\/2016\/07\/reflexiones-palabra-de-dios.jpg?fit=1200%2C630&resize=1050%2C600 3x"},"classes":[]},{"id":142760,"url":"http:\/\/vincentians.com\/es\/domingo-de-resurreccion-reflexion-de-jose-roman-flecha-3\/","url_meta":{"origin":1477,"position":2},"title":"Domingo de Resurrecci\u00f3n (reflexi\u00f3n de Jos\u00e9 Rom\u00e1n Flecha)","author":"Francisco Javier Fern\u00e1ndez Chento","date":"31\/03\/2015","format":false,"excerpt":"EL D\u00cdA DEL TESTIMONIO Domingo de Pascua de la Resurrecci\u00f3n del Se\u00f1or. B. 5 de abril de 2015 \u201cDios lo resucit\u00f3 al tercer d\u00eda y nos lo hizo ver, no a todo el pueblo sino a los testigos que \u00e9l hab\u00eda designado: a nosotros que hemos comido y bebido con\u2026","rel":"","context":"En \u00abHomil\u00edas y reflexiones, A\u00f1o B\u00bb","block_context":{"text":"Homil\u00edas y reflexiones, A\u00f1o B","link":"http:\/\/vincentians.com\/es\/category\/homilias-y-reflexiones-a-la-palabra-de-dios\/homilias-y-reflexiones-ano-b\/"},"img":{"alt_text":"","src":"https:\/\/i0.wp.com\/vincentians.com\/es\/wp-content\/uploads\/sites\/11\/2016\/07\/reflexiones-palabra-de-dios.jpg?fit=1200%2C630&resize=350%2C200","width":350,"height":200,"srcset":"https:\/\/i0.wp.com\/vincentians.com\/es\/wp-content\/uploads\/sites\/11\/2016\/07\/reflexiones-palabra-de-dios.jpg?fit=1200%2C630&resize=350%2C200 1x, https:\/\/i0.wp.com\/vincentians.com\/es\/wp-content\/uploads\/sites\/11\/2016\/07\/reflexiones-palabra-de-dios.jpg?fit=1200%2C630&resize=525%2C300 1.5x, https:\/\/i0.wp.com\/vincentians.com\/es\/wp-content\/uploads\/sites\/11\/2016\/07\/reflexiones-palabra-de-dios.jpg?fit=1200%2C630&resize=700%2C400 2x, https:\/\/i0.wp.com\/vincentians.com\/es\/wp-content\/uploads\/sites\/11\/2016\/07\/reflexiones-palabra-de-dios.jpg?fit=1200%2C630&resize=1050%2C600 3x"},"classes":[]},{"id":135849,"url":"http:\/\/vincentians.com\/es\/2o-domingo-de-pascua-reflexion-de-jose-roman-flecha\/","url_meta":{"origin":1477,"position":3},"title":"2\u00ba Domingo de Pascua (reflexi\u00f3n de Jos\u00e9 Rom\u00e1n Flecha)","author":"Francisco Javier Fern\u00e1ndez Chento","date":"01\/04\/2013","format":false,"excerpt":"TOM\u00c1S Y LA COMUNIDAD Domingo 2\u00aa de Pascua. C 7 de abril de 2013 \u201cLos hermanos eran constantes en escuchar la ense\u00f1anza de los ap\u00f3stoles, en la vida com\u00fan, en la fracci\u00f3n del pan y en las oraciones\u201d. Este texto (Hech 2, 42) suele ser conocido como uno de los\u2026","rel":"","context":"En \u00abHomil\u00edas y reflexiones, A\u00f1o C\u00bb","block_context":{"text":"Homil\u00edas y reflexiones, A\u00f1o C","link":"http:\/\/vincentians.com\/es\/category\/homilias-y-reflexiones-a-la-palabra-de-dios\/homilias-y-reflexiones-ano-c\/"},"img":{"alt_text":"","src":"https:\/\/i0.wp.com\/vincentians.com\/es\/wp-content\/uploads\/sites\/11\/2016\/07\/reflexiones-palabra-de-dios.jpg?fit=1200%2C630&resize=350%2C200","width":350,"height":200,"srcset":"https:\/\/i0.wp.com\/vincentians.com\/es\/wp-content\/uploads\/sites\/11\/2016\/07\/reflexiones-palabra-de-dios.jpg?fit=1200%2C630&resize=350%2C200 1x, https:\/\/i0.wp.com\/vincentians.com\/es\/wp-content\/uploads\/sites\/11\/2016\/07\/reflexiones-palabra-de-dios.jpg?fit=1200%2C630&resize=525%2C300 1.5x, https:\/\/i0.wp.com\/vincentians.com\/es\/wp-content\/uploads\/sites\/11\/2016\/07\/reflexiones-palabra-de-dios.jpg?fit=1200%2C630&resize=700%2C400 2x, https:\/\/i0.wp.com\/vincentians.com\/es\/wp-content\/uploads\/sites\/11\/2016\/07\/reflexiones-palabra-de-dios.jpg?fit=1200%2C630&resize=1050%2C600 3x"},"classes":[]},{"id":135854,"url":"http:\/\/vincentians.com\/es\/2o-domingo-de-pascua-reflexion-de-jose-cervantes-gabarron\/","url_meta":{"origin":1477,"position":4},"title":"2\u00ba Domingo de Pascua (reflexi\u00f3n de Jos\u00e9 Cervantes Gabarr\u00f3n)","author":"Francisco Javier Fern\u00e1ndez Chento","date":"06\/04\/2013","format":false,"excerpt":"El Esp\u00edritu del Crucificado en el Resucitado Jos\u00e9 Cervantes Gabarr\u00f3n, sacerdote misionero y profesor de Sagrada Escritura.El primer domingo de pascua nos brindaba el relato del sepulcro abierto sin el cuerpo de Jes\u00fas y con el mensaje pascual que anunciaba el acontecimiento de que la resurrecci\u00f3n de Cristo ya ha\u2026","rel":"","context":"En \u00abHomil\u00edas y reflexiones, A\u00f1o C\u00bb","block_context":{"text":"Homil\u00edas y reflexiones, A\u00f1o C","link":"http:\/\/vincentians.com\/es\/category\/homilias-y-reflexiones-a-la-palabra-de-dios\/homilias-y-reflexiones-ano-c\/"},"img":{"alt_text":"","src":"https:\/\/i0.wp.com\/vincentians.com\/es\/wp-content\/uploads\/sites\/11\/2016\/07\/reflexiones-palabra-de-dios.jpg?fit=1200%2C630&resize=350%2C200","width":350,"height":200,"srcset":"https:\/\/i0.wp.com\/vincentians.com\/es\/wp-content\/uploads\/sites\/11\/2016\/07\/reflexiones-palabra-de-dios.jpg?fit=1200%2C630&resize=350%2C200 1x, https:\/\/i0.wp.com\/vincentians.com\/es\/wp-content\/uploads\/sites\/11\/2016\/07\/reflexiones-palabra-de-dios.jpg?fit=1200%2C630&resize=525%2C300 1.5x, https:\/\/i0.wp.com\/vincentians.com\/es\/wp-content\/uploads\/sites\/11\/2016\/07\/reflexiones-palabra-de-dios.jpg?fit=1200%2C630&resize=700%2C400 2x, https:\/\/i0.wp.com\/vincentians.com\/es\/wp-content\/uploads\/sites\/11\/2016\/07\/reflexiones-palabra-de-dios.jpg?fit=1200%2C630&resize=1050%2C600 3x"},"classes":[]},{"id":493,"url":"http:\/\/vincentians.com\/es\/ciclo-a-domingo-2%c2%ba-de-pascua-reflexion-de-jose-roman-flecha\/","url_meta":{"origin":1477,"position":5},"title":"Ciclo A, Domingo 2\u00ba de Pascua (reflexi\u00f3n de Jos\u00e9 Rom\u00e1n Flecha)","author":"Francisco Javier Fern\u00e1ndez Chento","date":"26\/04\/2011","format":false,"excerpt":"UNA IGLESIA RESUCITADA Domingo 2\u00ba de Pascua 1 de mayo de 2011 La muerte nos acosa cada d\u00eda desde el exterior. Quienes rechazaron al Mensajero no aceptan f\u00e1cilmente su mensaje. Es evidente que muchos cristianos son martirizados a lo largo y ancho del mundo. No podemos olvidar que los seguidores\u2026","rel":"","context":"En \u00abHomil\u00edas y reflexiones, A\u00f1o A\u00bb","block_context":{"text":"Homil\u00edas y reflexiones, A\u00f1o A","link":"http:\/\/vincentians.com\/es\/category\/homilias-y-reflexiones-a-la-palabra-de-dios\/homilias-y-reflexiones-ano-a\/"},"img":{"alt_text":"","src":"","width":0,"height":0},"classes":[]}],"_links":{"self":[{"href":"http:\/\/vincentians.com\/es\/wp-json\/wp\/v2\/posts\/1477","targetHints":{"allow":["GET"]}}],"collection":[{"href":"http:\/\/vincentians.com\/es\/wp-json\/wp\/v2\/posts"}],"about":[{"href":"http:\/\/vincentians.com\/es\/wp-json\/wp\/v2\/types\/post"}],"author":[{"embeddable":true,"href":"http:\/\/vincentians.com\/es\/wp-json\/wp\/v2\/users\/4"}],"replies":[{"embeddable":true,"href":"http:\/\/vincentians.com\/es\/wp-json\/wp\/v2\/comments?post=1477"}],"version-history":[{"count":0,"href":"http:\/\/vincentians.com\/es\/wp-json\/wp\/v2\/posts\/1477\/revisions"}],"wp:featuredmedia":[{"embeddable":true,"href":"http:\/\/vincentians.com\/es\/wp-json\/wp\/v2\/media\/388408"}],"wp:attachment":[{"href":"http:\/\/vincentians.com\/es\/wp-json\/wp\/v2\/media?parent=1477"}],"wp:term":[{"taxonomy":"category","embeddable":true,"href":"http:\/\/vincentians.com\/es\/wp-json\/wp\/v2\/categories?post=1477"},{"taxonomy":"post_tag","embeddable":true,"href":"http:\/\/vincentians.com\/es\/wp-json\/wp\/v2\/tags?post=1477"}],"curies":[{"name":"wp","href":"https:\/\/api.w.org\/{rel}","templated":true}]}}