{"id":144390,"date":"2015-05-04T13:50:16","date_gmt":"2015-05-04T11:50:16","guid":{"rendered":"http:\/\/somos.vicencianos.org\/?p=144390"},"modified":"2016-07-24T10:27:05","modified_gmt":"2016-07-24T08:27:05","slug":"6o-domingo-de-pascua-reflexion-de-jose-antonio-pagola-3","status":"publish","type":"post","link":"http:\/\/vincentians.com\/es\/6o-domingo-de-pascua-reflexion-de-jose-antonio-pagola-3\/","title":{"rendered":"6\u00ba Domingo de Pascua (reflexi\u00f3n de Jos\u00e9 Antonio Pagola)"},"content":{"rendered":"<h2>No desviarnos del amor<\/h2>\n<p><a href=\"https:\/\/i0.wp.com\/vicencianos.org\/wp-content\/2014\/12\/pagola.jpg\"><img data-recalc-dims=\"1\" loading=\"lazy\" decoding=\"async\" class=\"alignright size-medium wp-image-132660\" src=\"https:\/\/i0.wp.com\/vicencianos.org\/wp-content\/2014\/12\/pagola-300x231.jpg?resize=300%2C231\" alt=\"pagola\" width=\"300\" height=\"231\" \/><\/a>El evangelista Juan pone en boca de Jes\u00fas un largo discurso de despedida en el que se recogen, con una intensidad especial, algunos rasgos fundamentales que han de recordar sus disc\u00edpulos a lo largo de los tiempos para ser fieles a su persona y a su proyecto. Tambi\u00e9n en nuestros d\u00edas.<\/p>\n<p>\u00ab<em>Permaneced en mi amor<\/em>\u00bb. Es lo primero. No se trata solo de vivir en una religi\u00f3n, sino de vivir en el amor con que nos ama Jes\u00fas, el amor que recibe del Padre. Ser cristiano no es en primer lugar un asunto doctrinal, sino una cuesti\u00f3n de amor. A lo largo de los siglos, los disc\u00edpulos conocer\u00e1n incertidumbres, conflictos y dificultades de todo orden. Lo importante ser\u00e1 siempre no desviarse del amor.<\/p>\n<p>Permanecer en el amor de Jes\u00fas no es algo te\u00f3rico ni vac\u00edo de contenido. Consiste en \u00ab<em>guardar sus mandamientos<\/em>\u00bb, que \u00e9l mismo resume enseguida en el mandato del amor fraterno: \u00ab<em>Este es mi mandamiento; que os am\u00e9is unos a otros como yo os he amado<\/em>\u00bb. El cristiano encuentra en su religi\u00f3n muchos mandamientos. Su origen, su naturaleza y su importancia son diversos y desiguales. Con el paso del tiempo, las normas se multiplican. Solo del mandato del amor dice Jes\u00fas: \u00ab<em>Este mandato es el m\u00edo<\/em>\u00bb. En cualquier \u00e9poca y situaci\u00f3n, lo decisivo para el cristianismo es no salirse del amor fraterno.<\/p>\n<p>Jes\u00fas no presenta este mandato del amor como una ley que ha de regir nuestra vida haci\u00e9ndola m\u00e1s dura y pesada, sino como una fuente de alegr\u00eda: \u00ab<em>Os hablo de esto para que mi alegr\u00eda est\u00e9 en vosotros y vuestra alegr\u00eda llegue a plenitud<\/em>\u00bb. Cuando entre nosotros falta verdadero amor, se crea un vac\u00edo que nada ni nadie puede llenar de alegr\u00eda.<\/p>\n<p>Sin amor no es posible dar pasos hacia un cristianismo m\u00e1s abierto, cordial, alegre, sencillo y amable donde podamos vivir como \u00ab<em>amigos<\/em>\u00bb de Jes\u00fas, seg\u00fan la expresi\u00f3n evang\u00e9lica. No sabremos c\u00f3mo generar alegr\u00eda. A\u00fan sin quererlo, seguiremos cultivando un cristianismo triste, lleno de quejas, resentimientos, lamentos y desaz\u00f3n.<\/p>\n<p>A nuestro cristianismo le falta, con frecuencia, la alegr\u00eda de lo que se hace y se vive con amor. A nuestro seguimiento a Jesucristo le falta el entusiasmo de la innovaci\u00f3n, y le sobra la tristeza de lo que se repite sin la convicci\u00f3n de estar reproduciendo lo que Jes\u00fas quer\u00eda de nosotros.<\/p>\n","protected":false},"excerpt":{"rendered":"<p>No desviarnos del amor El evangelista Juan pone en boca de Jes\u00fas un largo discurso de despedida en el que se recogen, con una intensidad especial, algunos rasgos fundamentales que han de recordar sus disc\u00edpulos &#8230; <a href=\"http:\/\/vincentians.com\/es\/6o-domingo-de-pascua-reflexion-de-jose-antonio-pagola-3\/\" class=\"more-link\">Read More<\/a><\/p>\n","protected":false},"author":4,"featured_media":388396,"comment_status":"open","ping_status":"open","sticky":false,"template":"","format":"standard","meta":{"jetpack_post_was_ever_published":false,"_jetpack_newsletter_access":"","_jetpack_dont_email_post_to_subs":false,"_jetpack_newsletter_tier_id":0,"_jetpack_memberships_contains_paywalled_content":false,"_jetpack_memberships_contains_paid_content":false,"footnotes":"","jetpack_publicize_message":"","jetpack_publicize_feature_enabled":true,"jetpack_social_post_already_shared":true,"jetpack_social_options":{"image_generator_settings":{"template":"highway","default_image_id":0,"font":"","enabled":false},"version":2}},"categories":[93],"tags":[],"class_list":["post-144390","post","type-post","status-publish","format-standard","has-post-thumbnail","hentry","category-homilias-y-reflexiones-ano-b"],"yoast_head":"<!-- This site is optimized with the Yoast SEO plugin v26.3 - https:\/\/yoast.com\/wordpress\/plugins\/seo\/ -->\n<title>6\u00ba Domingo de Pascua (reflexi\u00f3n de Jos\u00e9 Antonio Pagola) - Somos Vicencianos<\/title>\n<meta name=\"robots\" content=\"index, follow, max-snippet:-1, max-image-preview:large, max-video-preview:-1\" \/>\n<link rel=\"canonical\" href=\"http:\/\/vincentians.com\/es\/6o-domingo-de-pascua-reflexion-de-jose-antonio-pagola-3\/\" \/>\n<meta property=\"og:locale\" content=\"es_ES\" \/>\n<meta property=\"og:type\" content=\"article\" \/>\n<meta property=\"og:title\" content=\"6\u00ba Domingo de Pascua (reflexi\u00f3n de Jos\u00e9 Antonio Pagola) - Somos Vicencianos\" \/>\n<meta property=\"og:description\" content=\"No desviarnos del amor El evangelista Juan pone en boca de Jes\u00fas un largo discurso de despedida en el que se recogen, con una intensidad especial, algunos rasgos fundamentales que han de recordar sus disc\u00edpulos ... Read More\" \/>\n<meta property=\"og:url\" content=\"http:\/\/vincentians.com\/es\/6o-domingo-de-pascua-reflexion-de-jose-antonio-pagola-3\/\" \/>\n<meta property=\"og:site_name\" content=\"Somos Vicencianos\" \/>\n<meta property=\"article:publisher\" content=\"https:\/\/www.facebook.com\/WeAreVincentians\/\" \/>\n<meta property=\"article:author\" content=\"https:\/\/www.facebook.com\/JavierChento\" \/>\n<meta property=\"article:published_time\" content=\"2015-05-04T11:50:16+00:00\" \/>\n<meta property=\"article:modified_time\" content=\"2016-07-24T08:27:05+00:00\" \/>\n<meta property=\"og:image\" content=\"https:\/\/i0.wp.com\/vincentians.com\/es\/wp-content\/uploads\/sites\/11\/2016\/07\/reflexiones-pagola.jpg?fit=1200%2C630\" \/>\n\t<meta property=\"og:image:width\" content=\"1200\" \/>\n\t<meta property=\"og:image:height\" content=\"630\" \/>\n\t<meta property=\"og:image:type\" content=\"image\/jpeg\" \/>\n<meta name=\"author\" content=\"Francisco Javier Fern\u00e1ndez Chento\" \/>\n<meta name=\"twitter:card\" content=\"summary_large_image\" \/>\n<meta name=\"twitter:creator\" content=\"@https:\/\/twitter.com\/javierchento\" \/>\n<meta name=\"twitter:site\" content=\"@WeVincentians\" \/>\n<meta name=\"twitter:label1\" content=\"Escrito por\" \/>\n\t<meta name=\"twitter:data1\" content=\"Francisco Javier Fern\u00e1ndez Chento\" \/>\n\t<meta name=\"twitter:label2\" content=\"Tiempo de lectura\" \/>\n\t<meta name=\"twitter:data2\" content=\"2 minutos\" \/>\n<script type=\"application\/ld+json\" class=\"yoast-schema-graph\">{\"@context\":\"https:\/\/schema.org\",\"@graph\":[{\"@type\":\"Article\",\"@id\":\"http:\/\/vincentians.com\/es\/6o-domingo-de-pascua-reflexion-de-jose-antonio-pagola-3\/#article\",\"isPartOf\":{\"@id\":\"http:\/\/vincentians.com\/es\/6o-domingo-de-pascua-reflexion-de-jose-antonio-pagola-3\/\"},\"author\":{\"name\":\"Francisco Javier Fern\u00e1ndez Chento\",\"@id\":\"http:\/\/vincentians.com\/es\/#\/schema\/person\/9623ef4d9aa3b2dfb8c061f1499288f2\"},\"headline\":\"6\u00ba Domingo de Pascua (reflexi\u00f3n de Jos\u00e9 Antonio Pagola)\",\"datePublished\":\"2015-05-04T11:50:16+00:00\",\"dateModified\":\"2016-07-24T08:27:05+00:00\",\"mainEntityOfPage\":{\"@id\":\"http:\/\/vincentians.com\/es\/6o-domingo-de-pascua-reflexion-de-jose-antonio-pagola-3\/\"},\"wordCount\":439,\"commentCount\":0,\"publisher\":{\"@id\":\"http:\/\/vincentians.com\/es\/#organization\"},\"image\":{\"@id\":\"http:\/\/vincentians.com\/es\/6o-domingo-de-pascua-reflexion-de-jose-antonio-pagola-3\/#primaryimage\"},\"thumbnailUrl\":\"https:\/\/i0.wp.com\/vincentians.com\/es\/wp-content\/uploads\/sites\/11\/2016\/07\/reflexiones-pagola.jpg?fit=1200%2C630\",\"articleSection\":[\"Homil\u00edas y reflexiones, A\u00f1o B\"],\"inLanguage\":\"es\",\"potentialAction\":[{\"@type\":\"CommentAction\",\"name\":\"Comment\",\"target\":[\"http:\/\/vincentians.com\/es\/6o-domingo-de-pascua-reflexion-de-jose-antonio-pagola-3\/#respond\"]}]},{\"@type\":\"WebPage\",\"@id\":\"http:\/\/vincentians.com\/es\/6o-domingo-de-pascua-reflexion-de-jose-antonio-pagola-3\/\",\"url\":\"http:\/\/vincentians.com\/es\/6o-domingo-de-pascua-reflexion-de-jose-antonio-pagola-3\/\",\"name\":\"6\u00ba Domingo de Pascua (reflexi\u00f3n de Jos\u00e9 Antonio Pagola) - Somos Vicencianos\",\"isPartOf\":{\"@id\":\"http:\/\/vincentians.com\/es\/#website\"},\"primaryImageOfPage\":{\"@id\":\"http:\/\/vincentians.com\/es\/6o-domingo-de-pascua-reflexion-de-jose-antonio-pagola-3\/#primaryimage\"},\"image\":{\"@id\":\"http:\/\/vincentians.com\/es\/6o-domingo-de-pascua-reflexion-de-jose-antonio-pagola-3\/#primaryimage\"},\"thumbnailUrl\":\"https:\/\/i0.wp.com\/vincentians.com\/es\/wp-content\/uploads\/sites\/11\/2016\/07\/reflexiones-pagola.jpg?fit=1200%2C630\",\"datePublished\":\"2015-05-04T11:50:16+00:00\",\"dateModified\":\"2016-07-24T08:27:05+00:00\",\"breadcrumb\":{\"@id\":\"http:\/\/vincentians.com\/es\/6o-domingo-de-pascua-reflexion-de-jose-antonio-pagola-3\/#breadcrumb\"},\"inLanguage\":\"es\",\"potentialAction\":[{\"@type\":\"ReadAction\",\"target\":[\"http:\/\/vincentians.com\/es\/6o-domingo-de-pascua-reflexion-de-jose-antonio-pagola-3\/\"]}]},{\"@type\":\"ImageObject\",\"inLanguage\":\"es\",\"@id\":\"http:\/\/vincentians.com\/es\/6o-domingo-de-pascua-reflexion-de-jose-antonio-pagola-3\/#primaryimage\",\"url\":\"https:\/\/i0.wp.com\/vincentians.com\/es\/wp-content\/uploads\/sites\/11\/2016\/07\/reflexiones-pagola.jpg?fit=1200%2C630\",\"contentUrl\":\"https:\/\/i0.wp.com\/vincentians.com\/es\/wp-content\/uploads\/sites\/11\/2016\/07\/reflexiones-pagola.jpg?fit=1200%2C630\",\"width\":1200,\"height\":630},{\"@type\":\"BreadcrumbList\",\"@id\":\"http:\/\/vincentians.com\/es\/6o-domingo-de-pascua-reflexion-de-jose-antonio-pagola-3\/#breadcrumb\",\"itemListElement\":[{\"@type\":\"ListItem\",\"position\":1,\"name\":\"Portada\",\"item\":\"http:\/\/vincentians.com\/es\/\"},{\"@type\":\"ListItem\",\"position\":2,\"name\":\"6\u00ba Domingo de Pascua (reflexi\u00f3n de Jos\u00e9 Antonio Pagola)\"}]},{\"@type\":\"WebSite\",\"@id\":\"http:\/\/vincentians.com\/es\/#website\",\"url\":\"http:\/\/vincentians.com\/es\/\",\"name\":\"Somos Vicencianos\",\"description\":\"Know more to serve more\",\"publisher\":{\"@id\":\"http:\/\/vincentians.com\/es\/#organization\"},\"potentialAction\":[{\"@type\":\"SearchAction\",\"target\":{\"@type\":\"EntryPoint\",\"urlTemplate\":\"http:\/\/vincentians.com\/es\/?s={search_term_string}\"},\"query-input\":{\"@type\":\"PropertyValueSpecification\",\"valueRequired\":true,\"valueName\":\"search_term_string\"}}],\"inLanguage\":\"es\"},{\"@type\":\"Organization\",\"@id\":\"http:\/\/vincentians.com\/es\/#organization\",\"name\":\"The Vincentian Network\",\"url\":\"http:\/\/vincentians.com\/es\/\",\"logo\":{\"@type\":\"ImageObject\",\"inLanguage\":\"es\",\"@id\":\"http:\/\/vincentians.com\/es\/#\/schema\/logo\/image\/\",\"url\":\"https:\/\/i1.wp.com\/vincentians.com\/es\/wp-content\/uploads\/sites\/11\/2016\/06\/Vincentian-Network-logo-big.png?fit=778%2C778\",\"contentUrl\":\"https:\/\/i1.wp.com\/vincentians.com\/es\/wp-content\/uploads\/sites\/11\/2016\/06\/Vincentian-Network-logo-big.png?fit=778%2C778\",\"width\":778,\"height\":778,\"caption\":\"The Vincentian Network\"},\"image\":{\"@id\":\"http:\/\/vincentians.com\/es\/#\/schema\/logo\/image\/\"},\"sameAs\":[\"https:\/\/www.facebook.com\/WeAreVincentians\/\",\"https:\/\/x.com\/WeVincentians\"]},{\"@type\":\"Person\",\"@id\":\"http:\/\/vincentians.com\/es\/#\/schema\/person\/9623ef4d9aa3b2dfb8c061f1499288f2\",\"name\":\"Francisco Javier Fern\u00e1ndez Chento\",\"image\":{\"@type\":\"ImageObject\",\"inLanguage\":\"es\",\"@id\":\"http:\/\/vincentians.com\/es\/#\/schema\/person\/image\/\",\"url\":\"https:\/\/secure.gravatar.com\/avatar\/497d5cde87b4c3d097d0315953521681ba2cd523ee66e5077c3711f7021e65de?s=96&d=mm&r=g\",\"contentUrl\":\"https:\/\/secure.gravatar.com\/avatar\/497d5cde87b4c3d097d0315953521681ba2cd523ee66e5077c3711f7021e65de?s=96&d=mm&r=g\",\"caption\":\"Francisco Javier Fern\u00e1ndez Chento\"},\"description\":\"Director General y cofundador de La Red de Formaci\u00f3n Vicenciana. Javier es laico vicenciano, afiliado a la Congregaci\u00f3n de la Misi\u00f3n y miembro del Equipo de Misiones Populares de la provincia can\u00f3nica de Zaragoza (Espa\u00f1a) de la Congregaci\u00f3n de la Misi\u00f3n. Graduado en la Universidad Oberta de Catalunya con cuatro grados (Asistente de direcci\u00f3n, Gesti\u00f3n Administrativa, Recursos Humanos y Contabilidad Avanzada). Bil\u00edng\u00fce Espa\u00f1ol\/Ingl\u00e9s. gestiona y mantiene varias p\u00e1ginas web cristianas y vicencianas, incluida including La Red de Formaci\u00f3n Vicenciana, de la que es cofundador. Actualmente es responsable del \u00e1rea de Espa\u00f1ol de .famvin, la Red de Noticias de la Familia Vicenciana. Tambi\u00e9n es m\u00fasico cat\u00f3lico y ha editado varios discos. Es Director General y cofundador de Trovador, una reconocida compa\u00f1\u00eda discogr\u00e1fica critiana de Espa\u00f1a. Trabaja en las Tecnolog\u00edas de la Informaci\u00f3n, ofreciendo servicios de alojamiento, dise\u00f1o y mantenimiento Web, as\u00ed como asesoramiento, formaci\u00f3n y soluciones inform\u00e1ticas, gesti\u00f3n documental y digitalizaci\u00f3n de textos, edici\u00f3n y maquetaci\u00f3n de libros, revistas, flyers, etc.\",\"sameAs\":[\"http:\/\/chento.org\",\"https:\/\/www.facebook.com\/JavierChento\",\"https:\/\/x.com\/https:\/\/twitter.com\/javierchento\"],\"url\":\"http:\/\/vincentians.com\/es\/author\/chento\/\"}]}<\/script>\n<!-- \/ Yoast SEO plugin. -->","yoast_head_json":{"title":"6\u00ba Domingo de Pascua (reflexi\u00f3n de Jos\u00e9 Antonio Pagola) - Somos Vicencianos","robots":{"index":"index","follow":"follow","max-snippet":"max-snippet:-1","max-image-preview":"max-image-preview:large","max-video-preview":"max-video-preview:-1"},"canonical":"http:\/\/vincentians.com\/es\/6o-domingo-de-pascua-reflexion-de-jose-antonio-pagola-3\/","og_locale":"es_ES","og_type":"article","og_title":"6\u00ba Domingo de Pascua (reflexi\u00f3n de Jos\u00e9 Antonio Pagola) - Somos Vicencianos","og_description":"No desviarnos del amor El evangelista Juan pone en boca de Jes\u00fas un largo discurso de despedida en el que se recogen, con una intensidad especial, algunos rasgos fundamentales que han de recordar sus disc\u00edpulos ... Read More","og_url":"http:\/\/vincentians.com\/es\/6o-domingo-de-pascua-reflexion-de-jose-antonio-pagola-3\/","og_site_name":"Somos Vicencianos","article_publisher":"https:\/\/www.facebook.com\/WeAreVincentians\/","article_author":"https:\/\/www.facebook.com\/JavierChento","article_published_time":"2015-05-04T11:50:16+00:00","article_modified_time":"2016-07-24T08:27:05+00:00","og_image":[{"width":1200,"height":630,"url":"https:\/\/i0.wp.com\/vincentians.com\/es\/wp-content\/uploads\/sites\/11\/2016\/07\/reflexiones-pagola.jpg?fit=1200%2C630","type":"image\/jpeg"}],"author":"Francisco Javier Fern\u00e1ndez Chento","twitter_card":"summary_large_image","twitter_creator":"@https:\/\/twitter.com\/javierchento","twitter_site":"@WeVincentians","twitter_misc":{"Escrito por":"Francisco Javier Fern\u00e1ndez Chento","Tiempo de lectura":"2 minutos"},"schema":{"@context":"https:\/\/schema.org","@graph":[{"@type":"Article","@id":"http:\/\/vincentians.com\/es\/6o-domingo-de-pascua-reflexion-de-jose-antonio-pagola-3\/#article","isPartOf":{"@id":"http:\/\/vincentians.com\/es\/6o-domingo-de-pascua-reflexion-de-jose-antonio-pagola-3\/"},"author":{"name":"Francisco Javier Fern\u00e1ndez Chento","@id":"http:\/\/vincentians.com\/es\/#\/schema\/person\/9623ef4d9aa3b2dfb8c061f1499288f2"},"headline":"6\u00ba Domingo de Pascua (reflexi\u00f3n de Jos\u00e9 Antonio Pagola)","datePublished":"2015-05-04T11:50:16+00:00","dateModified":"2016-07-24T08:27:05+00:00","mainEntityOfPage":{"@id":"http:\/\/vincentians.com\/es\/6o-domingo-de-pascua-reflexion-de-jose-antonio-pagola-3\/"},"wordCount":439,"commentCount":0,"publisher":{"@id":"http:\/\/vincentians.com\/es\/#organization"},"image":{"@id":"http:\/\/vincentians.com\/es\/6o-domingo-de-pascua-reflexion-de-jose-antonio-pagola-3\/#primaryimage"},"thumbnailUrl":"https:\/\/i0.wp.com\/vincentians.com\/es\/wp-content\/uploads\/sites\/11\/2016\/07\/reflexiones-pagola.jpg?fit=1200%2C630","articleSection":["Homil\u00edas y reflexiones, A\u00f1o B"],"inLanguage":"es","potentialAction":[{"@type":"CommentAction","name":"Comment","target":["http:\/\/vincentians.com\/es\/6o-domingo-de-pascua-reflexion-de-jose-antonio-pagola-3\/#respond"]}]},{"@type":"WebPage","@id":"http:\/\/vincentians.com\/es\/6o-domingo-de-pascua-reflexion-de-jose-antonio-pagola-3\/","url":"http:\/\/vincentians.com\/es\/6o-domingo-de-pascua-reflexion-de-jose-antonio-pagola-3\/","name":"6\u00ba Domingo de Pascua (reflexi\u00f3n de Jos\u00e9 Antonio Pagola) - Somos Vicencianos","isPartOf":{"@id":"http:\/\/vincentians.com\/es\/#website"},"primaryImageOfPage":{"@id":"http:\/\/vincentians.com\/es\/6o-domingo-de-pascua-reflexion-de-jose-antonio-pagola-3\/#primaryimage"},"image":{"@id":"http:\/\/vincentians.com\/es\/6o-domingo-de-pascua-reflexion-de-jose-antonio-pagola-3\/#primaryimage"},"thumbnailUrl":"https:\/\/i0.wp.com\/vincentians.com\/es\/wp-content\/uploads\/sites\/11\/2016\/07\/reflexiones-pagola.jpg?fit=1200%2C630","datePublished":"2015-05-04T11:50:16+00:00","dateModified":"2016-07-24T08:27:05+00:00","breadcrumb":{"@id":"http:\/\/vincentians.com\/es\/6o-domingo-de-pascua-reflexion-de-jose-antonio-pagola-3\/#breadcrumb"},"inLanguage":"es","potentialAction":[{"@type":"ReadAction","target":["http:\/\/vincentians.com\/es\/6o-domingo-de-pascua-reflexion-de-jose-antonio-pagola-3\/"]}]},{"@type":"ImageObject","inLanguage":"es","@id":"http:\/\/vincentians.com\/es\/6o-domingo-de-pascua-reflexion-de-jose-antonio-pagola-3\/#primaryimage","url":"https:\/\/i0.wp.com\/vincentians.com\/es\/wp-content\/uploads\/sites\/11\/2016\/07\/reflexiones-pagola.jpg?fit=1200%2C630","contentUrl":"https:\/\/i0.wp.com\/vincentians.com\/es\/wp-content\/uploads\/sites\/11\/2016\/07\/reflexiones-pagola.jpg?fit=1200%2C630","width":1200,"height":630},{"@type":"BreadcrumbList","@id":"http:\/\/vincentians.com\/es\/6o-domingo-de-pascua-reflexion-de-jose-antonio-pagola-3\/#breadcrumb","itemListElement":[{"@type":"ListItem","position":1,"name":"Portada","item":"http:\/\/vincentians.com\/es\/"},{"@type":"ListItem","position":2,"name":"6\u00ba Domingo de Pascua (reflexi\u00f3n de Jos\u00e9 Antonio Pagola)"}]},{"@type":"WebSite","@id":"http:\/\/vincentians.com\/es\/#website","url":"http:\/\/vincentians.com\/es\/","name":"Somos Vicencianos","description":"Know more to serve more","publisher":{"@id":"http:\/\/vincentians.com\/es\/#organization"},"potentialAction":[{"@type":"SearchAction","target":{"@type":"EntryPoint","urlTemplate":"http:\/\/vincentians.com\/es\/?s={search_term_string}"},"query-input":{"@type":"PropertyValueSpecification","valueRequired":true,"valueName":"search_term_string"}}],"inLanguage":"es"},{"@type":"Organization","@id":"http:\/\/vincentians.com\/es\/#organization","name":"The Vincentian Network","url":"http:\/\/vincentians.com\/es\/","logo":{"@type":"ImageObject","inLanguage":"es","@id":"http:\/\/vincentians.com\/es\/#\/schema\/logo\/image\/","url":"https:\/\/i1.wp.com\/vincentians.com\/es\/wp-content\/uploads\/sites\/11\/2016\/06\/Vincentian-Network-logo-big.png?fit=778%2C778","contentUrl":"https:\/\/i1.wp.com\/vincentians.com\/es\/wp-content\/uploads\/sites\/11\/2016\/06\/Vincentian-Network-logo-big.png?fit=778%2C778","width":778,"height":778,"caption":"The Vincentian Network"},"image":{"@id":"http:\/\/vincentians.com\/es\/#\/schema\/logo\/image\/"},"sameAs":["https:\/\/www.facebook.com\/WeAreVincentians\/","https:\/\/x.com\/WeVincentians"]},{"@type":"Person","@id":"http:\/\/vincentians.com\/es\/#\/schema\/person\/9623ef4d9aa3b2dfb8c061f1499288f2","name":"Francisco Javier Fern\u00e1ndez Chento","image":{"@type":"ImageObject","inLanguage":"es","@id":"http:\/\/vincentians.com\/es\/#\/schema\/person\/image\/","url":"https:\/\/secure.gravatar.com\/avatar\/497d5cde87b4c3d097d0315953521681ba2cd523ee66e5077c3711f7021e65de?s=96&d=mm&r=g","contentUrl":"https:\/\/secure.gravatar.com\/avatar\/497d5cde87b4c3d097d0315953521681ba2cd523ee66e5077c3711f7021e65de?s=96&d=mm&r=g","caption":"Francisco Javier Fern\u00e1ndez Chento"},"description":"Director General y cofundador de La Red de Formaci\u00f3n Vicenciana. Javier es laico vicenciano, afiliado a la Congregaci\u00f3n de la Misi\u00f3n y miembro del Equipo de Misiones Populares de la provincia can\u00f3nica de Zaragoza (Espa\u00f1a) de la Congregaci\u00f3n de la Misi\u00f3n. Graduado en la Universidad Oberta de Catalunya con cuatro grados (Asistente de direcci\u00f3n, Gesti\u00f3n Administrativa, Recursos Humanos y Contabilidad Avanzada). Bil\u00edng\u00fce Espa\u00f1ol\/Ingl\u00e9s. gestiona y mantiene varias p\u00e1ginas web cristianas y vicencianas, incluida including La Red de Formaci\u00f3n Vicenciana, de la que es cofundador. Actualmente es responsable del \u00e1rea de Espa\u00f1ol de .famvin, la Red de Noticias de la Familia Vicenciana. Tambi\u00e9n es m\u00fasico cat\u00f3lico y ha editado varios discos. Es Director General y cofundador de Trovador, una reconocida compa\u00f1\u00eda discogr\u00e1fica critiana de Espa\u00f1a. Trabaja en las Tecnolog\u00edas de la Informaci\u00f3n, ofreciendo servicios de alojamiento, dise\u00f1o y mantenimiento Web, as\u00ed como asesoramiento, formaci\u00f3n y soluciones inform\u00e1ticas, gesti\u00f3n documental y digitalizaci\u00f3n de textos, edici\u00f3n y maquetaci\u00f3n de libros, revistas, flyers, etc.","sameAs":["http:\/\/chento.org","https:\/\/www.facebook.com\/JavierChento","https:\/\/x.com\/https:\/\/twitter.com\/javierchento"],"url":"http:\/\/vincentians.com\/es\/author\/chento\/"}]}},"jetpack_publicize_connections":[],"jetpack_featured_media_url":"https:\/\/i0.wp.com\/vincentians.com\/es\/wp-content\/uploads\/sites\/11\/2016\/07\/reflexiones-pagola.jpg?fit=1200%2C630","jetpack_sharing_enabled":true,"jetpack_shortlink":"https:\/\/wp.me\/p7ETMF-ByS","jetpack-related-posts":[{"id":144747,"url":"http:\/\/vincentians.com\/es\/6o-domingo-de-pascua-reflexion-de-jose-cervantes-gabarron-2\/","url_meta":{"origin":144390,"position":0},"title":"6\u00ba Domingo de Pascua (reflexi\u00f3n de Jos\u00e9 Cervantes Gabarr\u00f3n)","author":"Francisco Javier Fern\u00e1ndez Chento","date":"09\/05\/2015","format":false,"excerpt":"La gran alegr\u00eda de la amistad La palabra de Dios en el sexto domingo de Pascua nos brinda uno de los mensajes entra\u00f1ables y trascendentales de Jes\u00fas:\u00a0el amor de Dios a trav\u00e9s de su amistad con los disc\u00edpulos. Los textos jo\u00e1nicos (1 Jn 4,7-10; Jn 15, 9-17) son prolijos en\u2026","rel":"","context":"En \u00abHomil\u00edas y reflexiones, A\u00f1o B\u00bb","block_context":{"text":"Homil\u00edas y reflexiones, A\u00f1o B","link":"http:\/\/vincentians.com\/es\/category\/homilias-y-reflexiones-a-la-palabra-de-dios\/homilias-y-reflexiones-ano-b\/"},"img":{"alt_text":"","src":"https:\/\/i0.wp.com\/vincentians.com\/es\/wp-content\/uploads\/sites\/11\/2016\/07\/reflexiones-palabra-de-dios.jpg?fit=1200%2C630&resize=350%2C200","width":350,"height":200,"srcset":"https:\/\/i0.wp.com\/vincentians.com\/es\/wp-content\/uploads\/sites\/11\/2016\/07\/reflexiones-palabra-de-dios.jpg?fit=1200%2C630&resize=350%2C200 1x, https:\/\/i0.wp.com\/vincentians.com\/es\/wp-content\/uploads\/sites\/11\/2016\/07\/reflexiones-palabra-de-dios.jpg?fit=1200%2C630&resize=525%2C300 1.5x, https:\/\/i0.wp.com\/vincentians.com\/es\/wp-content\/uploads\/sites\/11\/2016\/07\/reflexiones-palabra-de-dios.jpg?fit=1200%2C630&resize=700%2C400 2x, https:\/\/i0.wp.com\/vincentians.com\/es\/wp-content\/uploads\/sites\/11\/2016\/07\/reflexiones-palabra-de-dios.jpg?fit=1200%2C630&resize=1050%2C600 3x"},"classes":[]},{"id":144391,"url":"http:\/\/vincentians.com\/es\/lectio-para-6o-domingo-de-pascua-preparada-por-chuno-chavez-alva-c-m-2\/","url_meta":{"origin":144390,"position":1},"title":"Lectio para 6\u00ba Domingo de Pascua (preparada por Chuno Ch\u00e1vez Alva, C.M.)","author":"Francisco Javier Fern\u00e1ndez Chento","date":"04\/05\/2015","format":false,"excerpt":"Siempre se puede comenzar... LA PALABRA HOY: Hechos Ap\u00f3stoles 10,25-26.34-35.44-48; Salmo 97; 1 Juan 4,7-10; Juan 15,9-17 Ambientaci\u00f3n: Al centro un coraz\u00f3n grande de cartulina con los nombres de los participantes. Frase: ustedes son mis amigos. Cantos sugeridos: Como el Padre me am\u00f3; No me eligieron ustedes Ambientaci\u00f3n Nos acercamos\u2026","rel":"","context":"En \u00abHomil\u00edas y reflexiones, A\u00f1o B\u00bb","block_context":{"text":"Homil\u00edas y reflexiones, A\u00f1o B","link":"http:\/\/vincentians.com\/es\/category\/homilias-y-reflexiones-a-la-palabra-de-dios\/homilias-y-reflexiones-ano-b\/"},"img":{"alt_text":"","src":"https:\/\/i0.wp.com\/vincentians.com\/es\/wp-content\/uploads\/sites\/11\/2016\/07\/reflexiones-palabra-de-dios.jpg?fit=1200%2C630&resize=350%2C200","width":350,"height":200,"srcset":"https:\/\/i0.wp.com\/vincentians.com\/es\/wp-content\/uploads\/sites\/11\/2016\/07\/reflexiones-palabra-de-dios.jpg?fit=1200%2C630&resize=350%2C200 1x, https:\/\/i0.wp.com\/vincentians.com\/es\/wp-content\/uploads\/sites\/11\/2016\/07\/reflexiones-palabra-de-dios.jpg?fit=1200%2C630&resize=525%2C300 1.5x, https:\/\/i0.wp.com\/vincentians.com\/es\/wp-content\/uploads\/sites\/11\/2016\/07\/reflexiones-palabra-de-dios.jpg?fit=1200%2C630&resize=700%2C400 2x, https:\/\/i0.wp.com\/vincentians.com\/es\/wp-content\/uploads\/sites\/11\/2016\/07\/reflexiones-palabra-de-dios.jpg?fit=1200%2C630&resize=1050%2C600 3x"},"classes":[]},{"id":159125,"url":"http:\/\/vincentians.com\/es\/santisima-trinidad-reflexion-de-jose-cervantes-gabarron\/","url_meta":{"origin":144390,"position":2},"title":"Sant\u00edsima Trinidad (reflexi\u00f3n de Jos\u00e9 Cervantes Gabarr\u00f3n)","author":"Francisco Javier Fern\u00e1ndez Chento","date":"31\/05\/2015","format":false,"excerpt":"Dios es amor trinitario La Iglesia celebra la fiesta de la Sant\u00edsima Trinidad, dogma fundamental del cristianismo, que proclama la unidad en el amor de las tres personas que son un solo Dios, vivo y verdadero, el Dios cristiano: el Padre, el Hijo Jesucristo y el Esp\u00edritu Santo. Dios es\u2026","rel":"","context":"En \u00abHomil\u00edas y reflexiones, A\u00f1o B\u00bb","block_context":{"text":"Homil\u00edas y reflexiones, A\u00f1o B","link":"http:\/\/vincentians.com\/es\/category\/homilias-y-reflexiones-a-la-palabra-de-dios\/homilias-y-reflexiones-ano-b\/"},"img":{"alt_text":"","src":"https:\/\/i0.wp.com\/vincentians.com\/es\/wp-content\/uploads\/sites\/11\/2016\/07\/reflexiones-palabra-de-dios.jpg?fit=1200%2C630&resize=350%2C200","width":350,"height":200,"srcset":"https:\/\/i0.wp.com\/vincentians.com\/es\/wp-content\/uploads\/sites\/11\/2016\/07\/reflexiones-palabra-de-dios.jpg?fit=1200%2C630&resize=350%2C200 1x, https:\/\/i0.wp.com\/vincentians.com\/es\/wp-content\/uploads\/sites\/11\/2016\/07\/reflexiones-palabra-de-dios.jpg?fit=1200%2C630&resize=525%2C300 1.5x, https:\/\/i0.wp.com\/vincentians.com\/es\/wp-content\/uploads\/sites\/11\/2016\/07\/reflexiones-palabra-de-dios.jpg?fit=1200%2C630&resize=700%2C400 2x, https:\/\/i0.wp.com\/vincentians.com\/es\/wp-content\/uploads\/sites\/11\/2016\/07\/reflexiones-palabra-de-dios.jpg?fit=1200%2C630&resize=1050%2C600 3x"},"classes":[]},{"id":136978,"url":"http:\/\/vincentians.com\/es\/ciclo-a-domingo-6%c2%ba-de-pascua-reflexion-de-jose-roman-flecha\/","url_meta":{"origin":144390,"position":3},"title":"Ciclo A, Domingo 6\u00ba de Pascua (reflexi\u00f3n de Jos\u00e9 Rom\u00e1n Flecha)","author":"Francisco Javier Fern\u00e1ndez Chento","date":"24\/05\/2011","format":false,"excerpt":"DESPEDIDA Y PROMESAS Domingo 6\u00ba de Pascua 29 de mayo de 2011 El evangelio que se lee en\u00a0 este domingo 6\u00ba de Pascua (Jn 14, 15-21) contin\u00faa el que se proclamaba el domingo pasado. Ambos textos\u00a0 nos sit\u00faan en el marco de la \u00faltima cena que Jes\u00fas celebr\u00f3 con sus\u2026","rel":"","context":"En \u00abHomil\u00edas y reflexiones, A\u00f1o A\u00bb","block_context":{"text":"Homil\u00edas y reflexiones, A\u00f1o A","link":"http:\/\/vincentians.com\/es\/category\/homilias-y-reflexiones-a-la-palabra-de-dios\/homilias-y-reflexiones-ano-a\/"},"img":{"alt_text":"","src":"","width":0,"height":0},"classes":[]},{"id":135665,"url":"http:\/\/vincentians.com\/es\/2o-domingo-de-tiempo-ordinario-reflexion-de-jose-cervantes-gabarron\/","url_meta":{"origin":144390,"position":4},"title":"2\u00ba Domingo de T.O. (reflexi\u00f3n de Jos\u00e9 Cervantes Gabarr\u00f3n)","author":"Francisco Javier Fern\u00e1ndez Chento","date":"13\/01\/2012","format":false,"excerpt":"Hemos encontrado al Mes\u00edas Antes de reanudar la lectura continua del evangelio de Marcos durante los domingos este a\u00f1o, la liturgia cat\u00f3lica nos ofrece un relato de encuentro de los disc\u00edpulos con el Se\u00f1or, tomado del comienzo del evangelio de Juan, que anticipa en cierto modo todo lo que a\u2026","rel":"","context":"En \u00abHomil\u00edas y reflexiones, A\u00f1o B\u00bb","block_context":{"text":"Homil\u00edas y reflexiones, A\u00f1o B","link":"http:\/\/vincentians.com\/es\/category\/homilias-y-reflexiones-a-la-palabra-de-dios\/homilias-y-reflexiones-ano-b\/"},"img":{"alt_text":"","src":"https:\/\/i0.wp.com\/vincentians.com\/es\/wp-content\/uploads\/sites\/11\/2016\/07\/reflexiones-palabra-de-dios.jpg?fit=1200%2C630&resize=350%2C200","width":350,"height":200,"srcset":"https:\/\/i0.wp.com\/vincentians.com\/es\/wp-content\/uploads\/sites\/11\/2016\/07\/reflexiones-palabra-de-dios.jpg?fit=1200%2C630&resize=350%2C200 1x, https:\/\/i0.wp.com\/vincentians.com\/es\/wp-content\/uploads\/sites\/11\/2016\/07\/reflexiones-palabra-de-dios.jpg?fit=1200%2C630&resize=525%2C300 1.5x, https:\/\/i0.wp.com\/vincentians.com\/es\/wp-content\/uploads\/sites\/11\/2016\/07\/reflexiones-palabra-de-dios.jpg?fit=1200%2C630&resize=700%2C400 2x, https:\/\/i0.wp.com\/vincentians.com\/es\/wp-content\/uploads\/sites\/11\/2016\/07\/reflexiones-palabra-de-dios.jpg?fit=1200%2C630&resize=1050%2C600 3x"},"classes":[]},{"id":144462,"url":"http:\/\/vincentians.com\/es\/6o-domingo-de-pascua-reflexion-de-jose-roman-flecha-3\/","url_meta":{"origin":144390,"position":5},"title":"6\u00ba Domingo de Pascua (reflexi\u00f3n de Jos\u00e9 Rom\u00e1n Flecha)","author":"Francisco Javier Fern\u00e1ndez Chento","date":"04\/05\/2015","format":false,"excerpt":"EL AMOR Y LA ALEGR\u00cdA Domingo 6\u00ba de Pascua. B. 10 de mayo de 2015 \u201cEst\u00e1 claro que Dios no hace distinciones: acepta al que lo teme y practica la justicia, sea de la naci\u00f3n que sea\u201d. Con esas palabras se presenta Pedro ante el centuri\u00f3n Cornelio, seg\u00fan se nos\u2026","rel":"","context":"En \u00abHomil\u00edas y reflexiones, A\u00f1o B\u00bb","block_context":{"text":"Homil\u00edas y reflexiones, A\u00f1o B","link":"http:\/\/vincentians.com\/es\/category\/homilias-y-reflexiones-a-la-palabra-de-dios\/homilias-y-reflexiones-ano-b\/"},"img":{"alt_text":"","src":"https:\/\/i0.wp.com\/vincentians.com\/es\/wp-content\/uploads\/sites\/11\/2016\/07\/reflexiones-palabra-de-dios.jpg?fit=1200%2C630&resize=350%2C200","width":350,"height":200,"srcset":"https:\/\/i0.wp.com\/vincentians.com\/es\/wp-content\/uploads\/sites\/11\/2016\/07\/reflexiones-palabra-de-dios.jpg?fit=1200%2C630&resize=350%2C200 1x, https:\/\/i0.wp.com\/vincentians.com\/es\/wp-content\/uploads\/sites\/11\/2016\/07\/reflexiones-palabra-de-dios.jpg?fit=1200%2C630&resize=525%2C300 1.5x, https:\/\/i0.wp.com\/vincentians.com\/es\/wp-content\/uploads\/sites\/11\/2016\/07\/reflexiones-palabra-de-dios.jpg?fit=1200%2C630&resize=700%2C400 2x, https:\/\/i0.wp.com\/vincentians.com\/es\/wp-content\/uploads\/sites\/11\/2016\/07\/reflexiones-palabra-de-dios.jpg?fit=1200%2C630&resize=1050%2C600 3x"},"classes":[]}],"_links":{"self":[{"href":"http:\/\/vincentians.com\/es\/wp-json\/wp\/v2\/posts\/144390","targetHints":{"allow":["GET"]}}],"collection":[{"href":"http:\/\/vincentians.com\/es\/wp-json\/wp\/v2\/posts"}],"about":[{"href":"http:\/\/vincentians.com\/es\/wp-json\/wp\/v2\/types\/post"}],"author":[{"embeddable":true,"href":"http:\/\/vincentians.com\/es\/wp-json\/wp\/v2\/users\/4"}],"replies":[{"embeddable":true,"href":"http:\/\/vincentians.com\/es\/wp-json\/wp\/v2\/comments?post=144390"}],"version-history":[{"count":0,"href":"http:\/\/vincentians.com\/es\/wp-json\/wp\/v2\/posts\/144390\/revisions"}],"wp:featuredmedia":[{"embeddable":true,"href":"http:\/\/vincentians.com\/es\/wp-json\/wp\/v2\/media\/388396"}],"wp:attachment":[{"href":"http:\/\/vincentians.com\/es\/wp-json\/wp\/v2\/media?parent=144390"}],"wp:term":[{"taxonomy":"category","embeddable":true,"href":"http:\/\/vincentians.com\/es\/wp-json\/wp\/v2\/categories?post=144390"},{"taxonomy":"post_tag","embeddable":true,"href":"http:\/\/vincentians.com\/es\/wp-json\/wp\/v2\/tags?post=144390"}],"curies":[{"name":"wp","href":"https:\/\/api.w.org\/{rel}","templated":true}]}}