{"id":143999,"date":"2015-04-27T13:50:16","date_gmt":"2015-04-27T11:50:16","guid":{"rendered":"http:\/\/somos.vicencianos.org\/?p=143999"},"modified":"2016-07-24T10:27:08","modified_gmt":"2016-07-24T08:27:08","slug":"5o-domingo-de-pascua-reflexion-de-jose-antonio-pagola-4","status":"publish","type":"post","link":"http:\/\/vincentians.com\/es\/5o-domingo-de-pascua-reflexion-de-jose-antonio-pagola-4\/","title":{"rendered":"5\u00ba Domingo de Pascua (reflexi\u00f3n de Jos\u00e9 Antonio Pagola)"},"content":{"rendered":"<h2>No desviarnos de Jes\u00fas<\/h2>\n<p><a href=\"https:\/\/i0.wp.com\/vicencianos.org\/wp-content\/2014\/12\/pagola.jpg\"><img data-recalc-dims=\"1\" loading=\"lazy\" decoding=\"async\" class=\"alignright size-medium wp-image-132660\" src=\"https:\/\/i0.wp.com\/vicencianos.org\/wp-content\/2014\/12\/pagola-300x231.jpg?resize=300%2C231\" alt=\"pagola\" width=\"300\" height=\"231\" \/><\/a>La imagen es sencilla y de gran fuerza expresiva. Jes\u00fas es la \u00ab<em>vid verdadera<\/em>\u00bb, llena de vida; los disc\u00edpulos son \u00ab<em>sarmientos<\/em>\u00bb que viven de la savia que les llega de Jes\u00fas; el Padre es el \u00ab<em>vi\u00f1ador<\/em>\u00bb que cuida personalmente la vi\u00f1a para que d\u00e9 fruto abundante. Lo \u00fanico importante es que se vaya haciendo realidad su proyecto de un mundo m\u00e1s humano y feliz para todos.<\/p>\n<p>La imagen pone de relieve d\u00f3nde est\u00e1 el problema. Hay sarmientos secos por los que no circula la savia de Jes\u00fas. Disc\u00edpulos que no dan frutos porque no corre por sus venas el Esp\u00edritu del Resucitado. Comunidades cristianas que languidecen desconectadas de su persona.<\/p>\n<p>Por eso se hace una afirmaci\u00f3n cargada de intensidad: \u00ab<em>el sarmiento no puede dar fruto si no permanece en la vid<\/em>\u00bb: la vida de los disc\u00edpulos es est\u00e9ril \u00ab<em>si no permanecen<\/em>\u00bb en Jes\u00fas. Sus palabras son categ\u00f3ricas: \u00ab<em>Sin m\u00ed no pod\u00e9is hacer nada<\/em>\u00bb. \u00bfNo se nos est\u00e1 desvelando aqu\u00ed la verdadera ra\u00edz de la crisis de nuestro cristianismo, el factor interno que resquebraja sus cimientos como ning\u00fan otro?<\/p>\n<p>La forma en que viven su religi\u00f3n muchos cristianos, sin una uni\u00f3n vital con Jesucristo, no subsistir\u00e1 por mucho tiempo: quedar\u00e1 reducida a \u00abfolklore\u00bb anacr\u00f3nico que no aportar\u00e1 a nadie la Buena Noticia del Evangelio. La Iglesia no podr\u00e1 llevar a cabo su misi\u00f3n en el mundo contempor\u00e1neo, si los que nos decimos \u00abcristianos\u00bb no nos convertimos en disc\u00edpulos de Jes\u00fas, animados por su esp\u00edritu y su pasi\u00f3n por un mundo m\u00e1s humano.<\/p>\n<p>Ser cristiano exige hoy una experiencia vital de Jesucristo, un conocimiento interior de su persona y una pasi\u00f3n por su proyecto, que no se requer\u00edan para ser practicante dentro de una sociedad de cristiandad. Si no aprendemos a vivir de un contacto m\u00e1s inmediato y apasionado con Jes\u00fas, la decadencia de nuestro cristianismo se puede convertir en una enfermedad mortal.<\/p>\n<p>Los cristianos vivimos hoy preocupados y distra\u00eddos por muchas cuestiones. No puede ser de otra manera. Pero no hemos de olvidar lo esencial. Todos somos \u00ab<em>sarmientos<\/em>\u00bb. Solo Jes\u00fas es \u00ab<em>la verdadera vid<\/em>\u00bb. Lo decisivo en estos momentos es \u00ab<em>permanecer en \u00e9l<\/em>\u00bb: aplicar toda nuestra atenci\u00f3n al Evangelio; alimentar en nuestros grupos, redes, comunidades y parroquias el contacto vivo con \u00e9l; no desviarnos de su proyecto.<\/p>\n","protected":false},"excerpt":{"rendered":"<p>No desviarnos de Jes\u00fas La imagen es sencilla y de gran fuerza expresiva. Jes\u00fas es la \u00abvid verdadera\u00bb, llena de vida; los disc\u00edpulos son \u00absarmientos\u00bb que viven de la savia que les llega de Jes\u00fas; &#8230; <a href=\"http:\/\/vincentians.com\/es\/5o-domingo-de-pascua-reflexion-de-jose-antonio-pagola-4\/\" class=\"more-link\">Read More<\/a><\/p>\n","protected":false},"author":4,"featured_media":388396,"comment_status":"open","ping_status":"open","sticky":false,"template":"","format":"standard","meta":{"jetpack_post_was_ever_published":false,"_jetpack_newsletter_access":"","_jetpack_dont_email_post_to_subs":false,"_jetpack_newsletter_tier_id":0,"_jetpack_memberships_contains_paywalled_content":false,"_jetpack_memberships_contains_paid_content":false,"footnotes":"","jetpack_publicize_message":"","jetpack_publicize_feature_enabled":true,"jetpack_social_post_already_shared":true,"jetpack_social_options":{"image_generator_settings":{"template":"highway","default_image_id":0,"font":"","enabled":false},"version":2}},"categories":[93],"tags":[],"class_list":["post-143999","post","type-post","status-publish","format-standard","has-post-thumbnail","hentry","category-homilias-y-reflexiones-ano-b"],"yoast_head":"<!-- This site is optimized with the Yoast SEO plugin v26.3 - https:\/\/yoast.com\/wordpress\/plugins\/seo\/ -->\n<title>5\u00ba Domingo de Pascua (reflexi\u00f3n de Jos\u00e9 Antonio Pagola) - Somos Vicencianos<\/title>\n<meta name=\"robots\" content=\"index, follow, max-snippet:-1, max-image-preview:large, max-video-preview:-1\" \/>\n<link rel=\"canonical\" href=\"http:\/\/vincentians.com\/es\/5o-domingo-de-pascua-reflexion-de-jose-antonio-pagola-4\/\" \/>\n<meta property=\"og:locale\" content=\"es_ES\" \/>\n<meta property=\"og:type\" content=\"article\" \/>\n<meta property=\"og:title\" content=\"5\u00ba Domingo de Pascua (reflexi\u00f3n de Jos\u00e9 Antonio Pagola) - Somos Vicencianos\" \/>\n<meta property=\"og:description\" content=\"No desviarnos de Jes\u00fas La imagen es sencilla y de gran fuerza expresiva. Jes\u00fas es la \u00abvid verdadera\u00bb, llena de vida; los disc\u00edpulos son \u00absarmientos\u00bb que viven de la savia que les llega de Jes\u00fas; ... Read More\" \/>\n<meta property=\"og:url\" content=\"http:\/\/vincentians.com\/es\/5o-domingo-de-pascua-reflexion-de-jose-antonio-pagola-4\/\" \/>\n<meta property=\"og:site_name\" content=\"Somos Vicencianos\" \/>\n<meta property=\"article:publisher\" content=\"https:\/\/www.facebook.com\/WeAreVincentians\/\" \/>\n<meta property=\"article:author\" content=\"https:\/\/www.facebook.com\/JavierChento\" \/>\n<meta property=\"article:published_time\" content=\"2015-04-27T11:50:16+00:00\" \/>\n<meta property=\"article:modified_time\" content=\"2016-07-24T08:27:08+00:00\" \/>\n<meta property=\"og:image\" content=\"https:\/\/i0.wp.com\/vincentians.com\/es\/wp-content\/uploads\/sites\/11\/2016\/07\/reflexiones-pagola.jpg?fit=1200%2C630\" \/>\n\t<meta property=\"og:image:width\" content=\"1200\" \/>\n\t<meta property=\"og:image:height\" content=\"630\" \/>\n\t<meta property=\"og:image:type\" content=\"image\/jpeg\" \/>\n<meta name=\"author\" content=\"Francisco Javier Fern\u00e1ndez Chento\" \/>\n<meta name=\"twitter:card\" content=\"summary_large_image\" \/>\n<meta name=\"twitter:creator\" content=\"@https:\/\/twitter.com\/javierchento\" \/>\n<meta name=\"twitter:site\" content=\"@WeVincentians\" \/>\n<meta name=\"twitter:label1\" content=\"Escrito por\" \/>\n\t<meta name=\"twitter:data1\" content=\"Francisco Javier Fern\u00e1ndez Chento\" \/>\n\t<meta name=\"twitter:label2\" content=\"Tiempo de lectura\" \/>\n\t<meta name=\"twitter:data2\" content=\"2 minutos\" \/>\n<script type=\"application\/ld+json\" class=\"yoast-schema-graph\">{\"@context\":\"https:\/\/schema.org\",\"@graph\":[{\"@type\":\"Article\",\"@id\":\"http:\/\/vincentians.com\/es\/5o-domingo-de-pascua-reflexion-de-jose-antonio-pagola-4\/#article\",\"isPartOf\":{\"@id\":\"http:\/\/vincentians.com\/es\/5o-domingo-de-pascua-reflexion-de-jose-antonio-pagola-4\/\"},\"author\":{\"name\":\"Francisco Javier Fern\u00e1ndez Chento\",\"@id\":\"https:\/\/vincentians.com\/es\/#\/schema\/person\/9623ef4d9aa3b2dfb8c061f1499288f2\"},\"headline\":\"5\u00ba Domingo de Pascua (reflexi\u00f3n de Jos\u00e9 Antonio Pagola)\",\"datePublished\":\"2015-04-27T11:50:16+00:00\",\"dateModified\":\"2016-07-24T08:27:08+00:00\",\"mainEntityOfPage\":{\"@id\":\"http:\/\/vincentians.com\/es\/5o-domingo-de-pascua-reflexion-de-jose-antonio-pagola-4\/\"},\"wordCount\":425,\"commentCount\":0,\"publisher\":{\"@id\":\"https:\/\/vincentians.com\/es\/#organization\"},\"image\":{\"@id\":\"http:\/\/vincentians.com\/es\/5o-domingo-de-pascua-reflexion-de-jose-antonio-pagola-4\/#primaryimage\"},\"thumbnailUrl\":\"https:\/\/i0.wp.com\/vincentians.com\/es\/wp-content\/uploads\/sites\/11\/2016\/07\/reflexiones-pagola.jpg?fit=1200%2C630\",\"articleSection\":[\"Homil\u00edas y reflexiones, A\u00f1o B\"],\"inLanguage\":\"es\",\"potentialAction\":[{\"@type\":\"CommentAction\",\"name\":\"Comment\",\"target\":[\"http:\/\/vincentians.com\/es\/5o-domingo-de-pascua-reflexion-de-jose-antonio-pagola-4\/#respond\"]}]},{\"@type\":\"WebPage\",\"@id\":\"http:\/\/vincentians.com\/es\/5o-domingo-de-pascua-reflexion-de-jose-antonio-pagola-4\/\",\"url\":\"http:\/\/vincentians.com\/es\/5o-domingo-de-pascua-reflexion-de-jose-antonio-pagola-4\/\",\"name\":\"5\u00ba Domingo de Pascua (reflexi\u00f3n de Jos\u00e9 Antonio Pagola) - Somos Vicencianos\",\"isPartOf\":{\"@id\":\"https:\/\/vincentians.com\/es\/#website\"},\"primaryImageOfPage\":{\"@id\":\"http:\/\/vincentians.com\/es\/5o-domingo-de-pascua-reflexion-de-jose-antonio-pagola-4\/#primaryimage\"},\"image\":{\"@id\":\"http:\/\/vincentians.com\/es\/5o-domingo-de-pascua-reflexion-de-jose-antonio-pagola-4\/#primaryimage\"},\"thumbnailUrl\":\"https:\/\/i0.wp.com\/vincentians.com\/es\/wp-content\/uploads\/sites\/11\/2016\/07\/reflexiones-pagola.jpg?fit=1200%2C630\",\"datePublished\":\"2015-04-27T11:50:16+00:00\",\"dateModified\":\"2016-07-24T08:27:08+00:00\",\"breadcrumb\":{\"@id\":\"http:\/\/vincentians.com\/es\/5o-domingo-de-pascua-reflexion-de-jose-antonio-pagola-4\/#breadcrumb\"},\"inLanguage\":\"es\",\"potentialAction\":[{\"@type\":\"ReadAction\",\"target\":[\"http:\/\/vincentians.com\/es\/5o-domingo-de-pascua-reflexion-de-jose-antonio-pagola-4\/\"]}]},{\"@type\":\"ImageObject\",\"inLanguage\":\"es\",\"@id\":\"http:\/\/vincentians.com\/es\/5o-domingo-de-pascua-reflexion-de-jose-antonio-pagola-4\/#primaryimage\",\"url\":\"https:\/\/i0.wp.com\/vincentians.com\/es\/wp-content\/uploads\/sites\/11\/2016\/07\/reflexiones-pagola.jpg?fit=1200%2C630\",\"contentUrl\":\"https:\/\/i0.wp.com\/vincentians.com\/es\/wp-content\/uploads\/sites\/11\/2016\/07\/reflexiones-pagola.jpg?fit=1200%2C630\",\"width\":1200,\"height\":630},{\"@type\":\"BreadcrumbList\",\"@id\":\"http:\/\/vincentians.com\/es\/5o-domingo-de-pascua-reflexion-de-jose-antonio-pagola-4\/#breadcrumb\",\"itemListElement\":[{\"@type\":\"ListItem\",\"position\":1,\"name\":\"Portada\",\"item\":\"https:\/\/vincentians.com\/es\/\"},{\"@type\":\"ListItem\",\"position\":2,\"name\":\"5\u00ba Domingo de Pascua (reflexi\u00f3n de Jos\u00e9 Antonio Pagola)\"}]},{\"@type\":\"WebSite\",\"@id\":\"https:\/\/vincentians.com\/es\/#website\",\"url\":\"https:\/\/vincentians.com\/es\/\",\"name\":\"Somos Vicencianos\",\"description\":\"Know more to serve more\",\"publisher\":{\"@id\":\"https:\/\/vincentians.com\/es\/#organization\"},\"potentialAction\":[{\"@type\":\"SearchAction\",\"target\":{\"@type\":\"EntryPoint\",\"urlTemplate\":\"https:\/\/vincentians.com\/es\/?s={search_term_string}\"},\"query-input\":{\"@type\":\"PropertyValueSpecification\",\"valueRequired\":true,\"valueName\":\"search_term_string\"}}],\"inLanguage\":\"es\"},{\"@type\":\"Organization\",\"@id\":\"https:\/\/vincentians.com\/es\/#organization\",\"name\":\"The Vincentian Network\",\"url\":\"https:\/\/vincentians.com\/es\/\",\"logo\":{\"@type\":\"ImageObject\",\"inLanguage\":\"es\",\"@id\":\"https:\/\/vincentians.com\/es\/#\/schema\/logo\/image\/\",\"url\":\"https:\/\/i1.wp.com\/vincentians.com\/es\/wp-content\/uploads\/sites\/11\/2016\/06\/Vincentian-Network-logo-big.png?fit=778%2C778\",\"contentUrl\":\"https:\/\/i1.wp.com\/vincentians.com\/es\/wp-content\/uploads\/sites\/11\/2016\/06\/Vincentian-Network-logo-big.png?fit=778%2C778\",\"width\":778,\"height\":778,\"caption\":\"The Vincentian Network\"},\"image\":{\"@id\":\"https:\/\/vincentians.com\/es\/#\/schema\/logo\/image\/\"},\"sameAs\":[\"https:\/\/www.facebook.com\/WeAreVincentians\/\",\"https:\/\/x.com\/WeVincentians\"]},{\"@type\":\"Person\",\"@id\":\"https:\/\/vincentians.com\/es\/#\/schema\/person\/9623ef4d9aa3b2dfb8c061f1499288f2\",\"name\":\"Francisco Javier Fern\u00e1ndez Chento\",\"image\":{\"@type\":\"ImageObject\",\"inLanguage\":\"es\",\"@id\":\"https:\/\/vincentians.com\/es\/#\/schema\/person\/image\/\",\"url\":\"https:\/\/secure.gravatar.com\/avatar\/497d5cde87b4c3d097d0315953521681ba2cd523ee66e5077c3711f7021e65de?s=96&d=mm&r=g\",\"contentUrl\":\"https:\/\/secure.gravatar.com\/avatar\/497d5cde87b4c3d097d0315953521681ba2cd523ee66e5077c3711f7021e65de?s=96&d=mm&r=g\",\"caption\":\"Francisco Javier Fern\u00e1ndez Chento\"},\"description\":\"Director General y cofundador de La Red de Formaci\u00f3n Vicenciana. Javier es laico vicenciano, afiliado a la Congregaci\u00f3n de la Misi\u00f3n y miembro del Equipo de Misiones Populares de la provincia can\u00f3nica de Zaragoza (Espa\u00f1a) de la Congregaci\u00f3n de la Misi\u00f3n. Graduado en la Universidad Oberta de Catalunya con cuatro grados (Asistente de direcci\u00f3n, Gesti\u00f3n Administrativa, Recursos Humanos y Contabilidad Avanzada). Bil\u00edng\u00fce Espa\u00f1ol\/Ingl\u00e9s. gestiona y mantiene varias p\u00e1ginas web cristianas y vicencianas, incluida including La Red de Formaci\u00f3n Vicenciana, de la que es cofundador. Actualmente es responsable del \u00e1rea de Espa\u00f1ol de .famvin, la Red de Noticias de la Familia Vicenciana. Tambi\u00e9n es m\u00fasico cat\u00f3lico y ha editado varios discos. Es Director General y cofundador de Trovador, una reconocida compa\u00f1\u00eda discogr\u00e1fica critiana de Espa\u00f1a. Trabaja en las Tecnolog\u00edas de la Informaci\u00f3n, ofreciendo servicios de alojamiento, dise\u00f1o y mantenimiento Web, as\u00ed como asesoramiento, formaci\u00f3n y soluciones inform\u00e1ticas, gesti\u00f3n documental y digitalizaci\u00f3n de textos, edici\u00f3n y maquetaci\u00f3n de libros, revistas, flyers, etc.\",\"sameAs\":[\"http:\/\/chento.org\",\"https:\/\/www.facebook.com\/JavierChento\",\"https:\/\/x.com\/https:\/\/twitter.com\/javierchento\"],\"url\":\"http:\/\/vincentians.com\/es\/author\/chento\/\"}]}<\/script>\n<!-- \/ Yoast SEO plugin. -->","yoast_head_json":{"title":"5\u00ba Domingo de Pascua (reflexi\u00f3n de Jos\u00e9 Antonio Pagola) - Somos Vicencianos","robots":{"index":"index","follow":"follow","max-snippet":"max-snippet:-1","max-image-preview":"max-image-preview:large","max-video-preview":"max-video-preview:-1"},"canonical":"http:\/\/vincentians.com\/es\/5o-domingo-de-pascua-reflexion-de-jose-antonio-pagola-4\/","og_locale":"es_ES","og_type":"article","og_title":"5\u00ba Domingo de Pascua (reflexi\u00f3n de Jos\u00e9 Antonio Pagola) - Somos Vicencianos","og_description":"No desviarnos de Jes\u00fas La imagen es sencilla y de gran fuerza expresiva. Jes\u00fas es la \u00abvid verdadera\u00bb, llena de vida; los disc\u00edpulos son \u00absarmientos\u00bb que viven de la savia que les llega de Jes\u00fas; ... Read More","og_url":"http:\/\/vincentians.com\/es\/5o-domingo-de-pascua-reflexion-de-jose-antonio-pagola-4\/","og_site_name":"Somos Vicencianos","article_publisher":"https:\/\/www.facebook.com\/WeAreVincentians\/","article_author":"https:\/\/www.facebook.com\/JavierChento","article_published_time":"2015-04-27T11:50:16+00:00","article_modified_time":"2016-07-24T08:27:08+00:00","og_image":[{"width":1200,"height":630,"url":"https:\/\/i0.wp.com\/vincentians.com\/es\/wp-content\/uploads\/sites\/11\/2016\/07\/reflexiones-pagola.jpg?fit=1200%2C630","type":"image\/jpeg"}],"author":"Francisco Javier Fern\u00e1ndez Chento","twitter_card":"summary_large_image","twitter_creator":"@https:\/\/twitter.com\/javierchento","twitter_site":"@WeVincentians","twitter_misc":{"Escrito por":"Francisco Javier Fern\u00e1ndez Chento","Tiempo de lectura":"2 minutos"},"schema":{"@context":"https:\/\/schema.org","@graph":[{"@type":"Article","@id":"http:\/\/vincentians.com\/es\/5o-domingo-de-pascua-reflexion-de-jose-antonio-pagola-4\/#article","isPartOf":{"@id":"http:\/\/vincentians.com\/es\/5o-domingo-de-pascua-reflexion-de-jose-antonio-pagola-4\/"},"author":{"name":"Francisco Javier Fern\u00e1ndez Chento","@id":"https:\/\/vincentians.com\/es\/#\/schema\/person\/9623ef4d9aa3b2dfb8c061f1499288f2"},"headline":"5\u00ba Domingo de Pascua (reflexi\u00f3n de Jos\u00e9 Antonio Pagola)","datePublished":"2015-04-27T11:50:16+00:00","dateModified":"2016-07-24T08:27:08+00:00","mainEntityOfPage":{"@id":"http:\/\/vincentians.com\/es\/5o-domingo-de-pascua-reflexion-de-jose-antonio-pagola-4\/"},"wordCount":425,"commentCount":0,"publisher":{"@id":"https:\/\/vincentians.com\/es\/#organization"},"image":{"@id":"http:\/\/vincentians.com\/es\/5o-domingo-de-pascua-reflexion-de-jose-antonio-pagola-4\/#primaryimage"},"thumbnailUrl":"https:\/\/i0.wp.com\/vincentians.com\/es\/wp-content\/uploads\/sites\/11\/2016\/07\/reflexiones-pagola.jpg?fit=1200%2C630","articleSection":["Homil\u00edas y reflexiones, A\u00f1o B"],"inLanguage":"es","potentialAction":[{"@type":"CommentAction","name":"Comment","target":["http:\/\/vincentians.com\/es\/5o-domingo-de-pascua-reflexion-de-jose-antonio-pagola-4\/#respond"]}]},{"@type":"WebPage","@id":"http:\/\/vincentians.com\/es\/5o-domingo-de-pascua-reflexion-de-jose-antonio-pagola-4\/","url":"http:\/\/vincentians.com\/es\/5o-domingo-de-pascua-reflexion-de-jose-antonio-pagola-4\/","name":"5\u00ba Domingo de Pascua (reflexi\u00f3n de Jos\u00e9 Antonio Pagola) - Somos Vicencianos","isPartOf":{"@id":"https:\/\/vincentians.com\/es\/#website"},"primaryImageOfPage":{"@id":"http:\/\/vincentians.com\/es\/5o-domingo-de-pascua-reflexion-de-jose-antonio-pagola-4\/#primaryimage"},"image":{"@id":"http:\/\/vincentians.com\/es\/5o-domingo-de-pascua-reflexion-de-jose-antonio-pagola-4\/#primaryimage"},"thumbnailUrl":"https:\/\/i0.wp.com\/vincentians.com\/es\/wp-content\/uploads\/sites\/11\/2016\/07\/reflexiones-pagola.jpg?fit=1200%2C630","datePublished":"2015-04-27T11:50:16+00:00","dateModified":"2016-07-24T08:27:08+00:00","breadcrumb":{"@id":"http:\/\/vincentians.com\/es\/5o-domingo-de-pascua-reflexion-de-jose-antonio-pagola-4\/#breadcrumb"},"inLanguage":"es","potentialAction":[{"@type":"ReadAction","target":["http:\/\/vincentians.com\/es\/5o-domingo-de-pascua-reflexion-de-jose-antonio-pagola-4\/"]}]},{"@type":"ImageObject","inLanguage":"es","@id":"http:\/\/vincentians.com\/es\/5o-domingo-de-pascua-reflexion-de-jose-antonio-pagola-4\/#primaryimage","url":"https:\/\/i0.wp.com\/vincentians.com\/es\/wp-content\/uploads\/sites\/11\/2016\/07\/reflexiones-pagola.jpg?fit=1200%2C630","contentUrl":"https:\/\/i0.wp.com\/vincentians.com\/es\/wp-content\/uploads\/sites\/11\/2016\/07\/reflexiones-pagola.jpg?fit=1200%2C630","width":1200,"height":630},{"@type":"BreadcrumbList","@id":"http:\/\/vincentians.com\/es\/5o-domingo-de-pascua-reflexion-de-jose-antonio-pagola-4\/#breadcrumb","itemListElement":[{"@type":"ListItem","position":1,"name":"Portada","item":"https:\/\/vincentians.com\/es\/"},{"@type":"ListItem","position":2,"name":"5\u00ba Domingo de Pascua (reflexi\u00f3n de Jos\u00e9 Antonio Pagola)"}]},{"@type":"WebSite","@id":"https:\/\/vincentians.com\/es\/#website","url":"https:\/\/vincentians.com\/es\/","name":"Somos Vicencianos","description":"Know more to serve more","publisher":{"@id":"https:\/\/vincentians.com\/es\/#organization"},"potentialAction":[{"@type":"SearchAction","target":{"@type":"EntryPoint","urlTemplate":"https:\/\/vincentians.com\/es\/?s={search_term_string}"},"query-input":{"@type":"PropertyValueSpecification","valueRequired":true,"valueName":"search_term_string"}}],"inLanguage":"es"},{"@type":"Organization","@id":"https:\/\/vincentians.com\/es\/#organization","name":"The Vincentian Network","url":"https:\/\/vincentians.com\/es\/","logo":{"@type":"ImageObject","inLanguage":"es","@id":"https:\/\/vincentians.com\/es\/#\/schema\/logo\/image\/","url":"https:\/\/i1.wp.com\/vincentians.com\/es\/wp-content\/uploads\/sites\/11\/2016\/06\/Vincentian-Network-logo-big.png?fit=778%2C778","contentUrl":"https:\/\/i1.wp.com\/vincentians.com\/es\/wp-content\/uploads\/sites\/11\/2016\/06\/Vincentian-Network-logo-big.png?fit=778%2C778","width":778,"height":778,"caption":"The Vincentian Network"},"image":{"@id":"https:\/\/vincentians.com\/es\/#\/schema\/logo\/image\/"},"sameAs":["https:\/\/www.facebook.com\/WeAreVincentians\/","https:\/\/x.com\/WeVincentians"]},{"@type":"Person","@id":"https:\/\/vincentians.com\/es\/#\/schema\/person\/9623ef4d9aa3b2dfb8c061f1499288f2","name":"Francisco Javier Fern\u00e1ndez Chento","image":{"@type":"ImageObject","inLanguage":"es","@id":"https:\/\/vincentians.com\/es\/#\/schema\/person\/image\/","url":"https:\/\/secure.gravatar.com\/avatar\/497d5cde87b4c3d097d0315953521681ba2cd523ee66e5077c3711f7021e65de?s=96&d=mm&r=g","contentUrl":"https:\/\/secure.gravatar.com\/avatar\/497d5cde87b4c3d097d0315953521681ba2cd523ee66e5077c3711f7021e65de?s=96&d=mm&r=g","caption":"Francisco Javier Fern\u00e1ndez Chento"},"description":"Director General y cofundador de La Red de Formaci\u00f3n Vicenciana. Javier es laico vicenciano, afiliado a la Congregaci\u00f3n de la Misi\u00f3n y miembro del Equipo de Misiones Populares de la provincia can\u00f3nica de Zaragoza (Espa\u00f1a) de la Congregaci\u00f3n de la Misi\u00f3n. Graduado en la Universidad Oberta de Catalunya con cuatro grados (Asistente de direcci\u00f3n, Gesti\u00f3n Administrativa, Recursos Humanos y Contabilidad Avanzada). Bil\u00edng\u00fce Espa\u00f1ol\/Ingl\u00e9s. gestiona y mantiene varias p\u00e1ginas web cristianas y vicencianas, incluida including La Red de Formaci\u00f3n Vicenciana, de la que es cofundador. Actualmente es responsable del \u00e1rea de Espa\u00f1ol de .famvin, la Red de Noticias de la Familia Vicenciana. Tambi\u00e9n es m\u00fasico cat\u00f3lico y ha editado varios discos. Es Director General y cofundador de Trovador, una reconocida compa\u00f1\u00eda discogr\u00e1fica critiana de Espa\u00f1a. Trabaja en las Tecnolog\u00edas de la Informaci\u00f3n, ofreciendo servicios de alojamiento, dise\u00f1o y mantenimiento Web, as\u00ed como asesoramiento, formaci\u00f3n y soluciones inform\u00e1ticas, gesti\u00f3n documental y digitalizaci\u00f3n de textos, edici\u00f3n y maquetaci\u00f3n de libros, revistas, flyers, etc.","sameAs":["http:\/\/chento.org","https:\/\/www.facebook.com\/JavierChento","https:\/\/x.com\/https:\/\/twitter.com\/javierchento"],"url":"http:\/\/vincentians.com\/es\/author\/chento\/"}]}},"jetpack_publicize_connections":[],"jetpack_featured_media_url":"https:\/\/i0.wp.com\/vincentians.com\/es\/wp-content\/uploads\/sites\/11\/2016\/07\/reflexiones-pagola.jpg?fit=1200%2C630","jetpack_sharing_enabled":true,"jetpack_shortlink":"https:\/\/wp.me\/p7ETMF-Bsz","jetpack-related-posts":[{"id":143996,"url":"http:\/\/vincentians.com\/es\/lectio-para-5o-domingo-de-pascua-preparada-por-chuno-chavez-alva-c-m-2\/","url_meta":{"origin":143999,"position":0},"title":"Lectio para 5\u00ba Domingo de Pascua (preparada por Chuno Ch\u00e1vez Alva, C.M.)","author":"Francisco Javier Fern\u00e1ndez Chento","date":"27\/04\/2015","format":false,"excerpt":"La vi\u00f1a que no defrauda LA PALABRA HOY: Hechos Ap\u00f3stoles 9,26-31; Salmo 21; 1 Juan 3,18-24; Juan 15,1-8 Ambientaci\u00f3n: Al centro un racimo de uvas, alrededor algunos sarmientos o ramitas de \u00e1rbol sobre los que colocamos los nombres de los participantes. Cantos sugeridos: Jes\u00fas est\u00e1 entre nosotros; Juntos cantando la\u2026","rel":"","context":"En \u00abHomil\u00edas y reflexiones, A\u00f1o B\u00bb","block_context":{"text":"Homil\u00edas y reflexiones, A\u00f1o B","link":"http:\/\/vincentians.com\/es\/category\/homilias-y-reflexiones-a-la-palabra-de-dios\/homilias-y-reflexiones-ano-b\/"},"img":{"alt_text":"","src":"https:\/\/i0.wp.com\/vincentians.com\/es\/wp-content\/uploads\/sites\/11\/2016\/07\/reflexiones-palabra-de-dios.jpg?fit=1200%2C630&resize=350%2C200","width":350,"height":200,"srcset":"https:\/\/i0.wp.com\/vincentians.com\/es\/wp-content\/uploads\/sites\/11\/2016\/07\/reflexiones-palabra-de-dios.jpg?fit=1200%2C630&resize=350%2C200 1x, https:\/\/i0.wp.com\/vincentians.com\/es\/wp-content\/uploads\/sites\/11\/2016\/07\/reflexiones-palabra-de-dios.jpg?fit=1200%2C630&resize=525%2C300 1.5x, https:\/\/i0.wp.com\/vincentians.com\/es\/wp-content\/uploads\/sites\/11\/2016\/07\/reflexiones-palabra-de-dios.jpg?fit=1200%2C630&resize=700%2C400 2x, https:\/\/i0.wp.com\/vincentians.com\/es\/wp-content\/uploads\/sites\/11\/2016\/07\/reflexiones-palabra-de-dios.jpg?fit=1200%2C630&resize=1050%2C600 3x"},"classes":[]},{"id":144007,"url":"http:\/\/vincentians.com\/es\/5o-domingo-de-pascua-reflexion-de-jose-roman-flecha-4\/","url_meta":{"origin":143999,"position":1},"title":"5\u00ba Domingo de Pascua (reflexi\u00f3n de Jos\u00e9 Rom\u00e1n Flecha)","author":"Francisco Javier Fern\u00e1ndez Chento","date":"27\/04\/2015","format":false,"excerpt":"LA VID Y LOS SARMIENTOS Domingo 5\u00ba de Pascua. B. 3 de mayo de 2015 \u201cLa Iglesia gozaba de paz en toda Judea, Galilea y Samar\u00eda. Se iba construyendo y progresaba en la fidelidad del Se\u00f1or y se multiplicaba animada por el Esp\u00edritu Santo\u201d. As\u00ed se refiere en uno de\u2026","rel":"","context":"En \u00abHomil\u00edas y reflexiones, A\u00f1o B\u00bb","block_context":{"text":"Homil\u00edas y reflexiones, A\u00f1o B","link":"http:\/\/vincentians.com\/es\/category\/homilias-y-reflexiones-a-la-palabra-de-dios\/homilias-y-reflexiones-ano-b\/"},"img":{"alt_text":"","src":"https:\/\/i0.wp.com\/vincentians.com\/es\/wp-content\/uploads\/sites\/11\/2016\/07\/reflexiones-palabra-de-dios.jpg?fit=1200%2C630&resize=350%2C200","width":350,"height":200,"srcset":"https:\/\/i0.wp.com\/vincentians.com\/es\/wp-content\/uploads\/sites\/11\/2016\/07\/reflexiones-palabra-de-dios.jpg?fit=1200%2C630&resize=350%2C200 1x, https:\/\/i0.wp.com\/vincentians.com\/es\/wp-content\/uploads\/sites\/11\/2016\/07\/reflexiones-palabra-de-dios.jpg?fit=1200%2C630&resize=525%2C300 1.5x, https:\/\/i0.wp.com\/vincentians.com\/es\/wp-content\/uploads\/sites\/11\/2016\/07\/reflexiones-palabra-de-dios.jpg?fit=1200%2C630&resize=700%2C400 2x, https:\/\/i0.wp.com\/vincentians.com\/es\/wp-content\/uploads\/sites\/11\/2016\/07\/reflexiones-palabra-de-dios.jpg?fit=1200%2C630&resize=1050%2C600 3x"},"classes":[]},{"id":132443,"url":"http:\/\/vincentians.com\/es\/5o-domingo-de-pascua-reflexion-de-mario-yepez-c-m-2\/","url_meta":{"origin":143999,"position":2},"title":"5\u00ba Domingo de Pascua (reflexi\u00f3n de Mario Y\u00e9pez, C.M.)","author":"Francisco Javier Fern\u00e1ndez Chento","date":"01\/05\/2015","format":false,"excerpt":"Releer las Escrituras y ser testigos de Cristo Hay una constante en este pasaje del evangelio de Juan y es que si no estamos unidos en Cristo como los sarmientos a la vid no podremos dar \u201cmucho fruto\u201d. Es realmente muy ilustrativa esta imagen del campo tantas veces vista por\u2026","rel":"","context":"En \u00abHomil\u00edas y reflexiones, A\u00f1o B\u00bb","block_context":{"text":"Homil\u00edas y reflexiones, A\u00f1o B","link":"http:\/\/vincentians.com\/es\/category\/homilias-y-reflexiones-a-la-palabra-de-dios\/homilias-y-reflexiones-ano-b\/"},"img":{"alt_text":"","src":"https:\/\/i0.wp.com\/vincentians.com\/es\/wp-content\/uploads\/sites\/11\/2016\/07\/reflexiones-palabra-de-dios.jpg?fit=1200%2C630&resize=350%2C200","width":350,"height":200,"srcset":"https:\/\/i0.wp.com\/vincentians.com\/es\/wp-content\/uploads\/sites\/11\/2016\/07\/reflexiones-palabra-de-dios.jpg?fit=1200%2C630&resize=350%2C200 1x, https:\/\/i0.wp.com\/vincentians.com\/es\/wp-content\/uploads\/sites\/11\/2016\/07\/reflexiones-palabra-de-dios.jpg?fit=1200%2C630&resize=525%2C300 1.5x, https:\/\/i0.wp.com\/vincentians.com\/es\/wp-content\/uploads\/sites\/11\/2016\/07\/reflexiones-palabra-de-dios.jpg?fit=1200%2C630&resize=700%2C400 2x, https:\/\/i0.wp.com\/vincentians.com\/es\/wp-content\/uploads\/sites\/11\/2016\/07\/reflexiones-palabra-de-dios.jpg?fit=1200%2C630&resize=1050%2C600 3x"},"classes":[]},{"id":1535,"url":"http:\/\/vincentians.com\/es\/5o-domingo-de-pascua-reflexion-de-jose-antonio-pagola-3\/","url_meta":{"origin":143999,"position":3},"title":"5\u00ba Domingo de Pascua (reflexi\u00f3n de Jos\u00e9 Antonio Pagola)","author":"Francisco Javier Fern\u00e1ndez Chento","date":"02\/05\/2012","format":false,"excerpt":"Contacto personal Seg\u00fan el relato evang\u00e9lico de Juan, en v\u00edsperas de su muerte, Jes\u00fas revela a sus disc\u00edpulos su deseo m\u00e1s profundo: \"Permaneced en m\u00ed\". Conoce su cobard\u00eda y mediocridad. En muchas ocasiones les ha recriminado su poca fe. Si no se mantienen vitalmente unidos a \u00e9l no podr\u00e1n subsistir.\u2026","rel":"","context":"En \u00abHomil\u00edas y reflexiones, A\u00f1o B\u00bb","block_context":{"text":"Homil\u00edas y reflexiones, A\u00f1o B","link":"http:\/\/vincentians.com\/es\/category\/homilias-y-reflexiones-a-la-palabra-de-dios\/homilias-y-reflexiones-ano-b\/"},"img":{"alt_text":"","src":"https:\/\/i0.wp.com\/vincentians.com\/es\/wp-content\/uploads\/sites\/11\/2016\/07\/reflexiones-pagola.jpg?fit=1200%2C630&resize=350%2C200","width":350,"height":200,"srcset":"https:\/\/i0.wp.com\/vincentians.com\/es\/wp-content\/uploads\/sites\/11\/2016\/07\/reflexiones-pagola.jpg?fit=1200%2C630&resize=350%2C200 1x, https:\/\/i0.wp.com\/vincentians.com\/es\/wp-content\/uploads\/sites\/11\/2016\/07\/reflexiones-pagola.jpg?fit=1200%2C630&resize=525%2C300 1.5x, https:\/\/i0.wp.com\/vincentians.com\/es\/wp-content\/uploads\/sites\/11\/2016\/07\/reflexiones-pagola.jpg?fit=1200%2C630&resize=700%2C400 2x, https:\/\/i0.wp.com\/vincentians.com\/es\/wp-content\/uploads\/sites\/11\/2016\/07\/reflexiones-pagola.jpg?fit=1200%2C630&resize=1050%2C600 3x"},"classes":[]},{"id":144180,"url":"http:\/\/vincentians.com\/es\/5o-domingo-de-pascua-reflexion-de-la-s-s-v-p-en-espana\/","url_meta":{"origin":143999,"position":4},"title":"5\u00ba Domingo de Pascua (reflexi\u00f3n de la S.S.V.P. en Espa\u00f1a)","author":"Francisco Javier Fern\u00e1ndez Chento","date":"01\/05\/2015","format":false,"excerpt":"\u201cNo basta con amar a Dios, si mi pr\u00f3jimo no le ama\u201d. (SvdeP) Despu\u00e9s de su conversi\u00f3n en el camino de Damasco, San Pablo se presenta a los Ap\u00f3stoles para que su misi\u00f3n fuera aut\u00e9ntica en el seno de la Iglesia, seg\u00fan nos refiere la primera Lectura. En la Carta\u2026","rel":"","context":"En \u00abHomil\u00edas y reflexiones, A\u00f1o B\u00bb","block_context":{"text":"Homil\u00edas y reflexiones, A\u00f1o B","link":"http:\/\/vincentians.com\/es\/category\/homilias-y-reflexiones-a-la-palabra-de-dios\/homilias-y-reflexiones-ano-b\/"},"img":{"alt_text":"","src":"https:\/\/i0.wp.com\/vincentians.com\/es\/wp-content\/uploads\/sites\/11\/2016\/07\/reflexiones-palabra-de-dios.jpg?fit=1200%2C630&resize=350%2C200","width":350,"height":200,"srcset":"https:\/\/i0.wp.com\/vincentians.com\/es\/wp-content\/uploads\/sites\/11\/2016\/07\/reflexiones-palabra-de-dios.jpg?fit=1200%2C630&resize=350%2C200 1x, https:\/\/i0.wp.com\/vincentians.com\/es\/wp-content\/uploads\/sites\/11\/2016\/07\/reflexiones-palabra-de-dios.jpg?fit=1200%2C630&resize=525%2C300 1.5x, https:\/\/i0.wp.com\/vincentians.com\/es\/wp-content\/uploads\/sites\/11\/2016\/07\/reflexiones-palabra-de-dios.jpg?fit=1200%2C630&resize=700%2C400 2x, https:\/\/i0.wp.com\/vincentians.com\/es\/wp-content\/uploads\/sites\/11\/2016\/07\/reflexiones-palabra-de-dios.jpg?fit=1200%2C630&resize=1050%2C600 3x"},"classes":[]},{"id":132441,"url":"http:\/\/vincentians.com\/es\/5o-domingo-de-pascua-reflexion-de-antonio-elduayen-c-m-3\/","url_meta":{"origin":143999,"position":5},"title":"5\u00ba Domingo de Pascua (reflexi\u00f3n de Antonio Elduayen, C.M.)","author":"Francisco Javier Fern\u00e1ndez Chento","date":"30\/04\/2015","format":false,"excerpt":"Queridos amigos La par\u00e1bola de \u201cla vid y los sarmientos\u201d (Jn 15,1-8) es muy rica en contenido y en ense\u00f1anzas. En varios aspectos, bastante m\u00e1s rica que la comparaci\u00f3n paulina del cuerpo (1 Cor 12, 1-31). En especial, en lo que se refiere a la igualdad esencial de sus miembros,\u2026","rel":"","context":"En \u00abHomil\u00edas y reflexiones, A\u00f1o B\u00bb","block_context":{"text":"Homil\u00edas y reflexiones, A\u00f1o B","link":"http:\/\/vincentians.com\/es\/category\/homilias-y-reflexiones-a-la-palabra-de-dios\/homilias-y-reflexiones-ano-b\/"},"img":{"alt_text":"","src":"https:\/\/i0.wp.com\/vincentians.com\/es\/wp-content\/uploads\/sites\/11\/2016\/07\/reflexiones-palabra-de-dios.jpg?fit=1200%2C630&resize=350%2C200","width":350,"height":200,"srcset":"https:\/\/i0.wp.com\/vincentians.com\/es\/wp-content\/uploads\/sites\/11\/2016\/07\/reflexiones-palabra-de-dios.jpg?fit=1200%2C630&resize=350%2C200 1x, https:\/\/i0.wp.com\/vincentians.com\/es\/wp-content\/uploads\/sites\/11\/2016\/07\/reflexiones-palabra-de-dios.jpg?fit=1200%2C630&resize=525%2C300 1.5x, https:\/\/i0.wp.com\/vincentians.com\/es\/wp-content\/uploads\/sites\/11\/2016\/07\/reflexiones-palabra-de-dios.jpg?fit=1200%2C630&resize=700%2C400 2x, https:\/\/i0.wp.com\/vincentians.com\/es\/wp-content\/uploads\/sites\/11\/2016\/07\/reflexiones-palabra-de-dios.jpg?fit=1200%2C630&resize=1050%2C600 3x"},"classes":[]}],"_links":{"self":[{"href":"http:\/\/vincentians.com\/es\/wp-json\/wp\/v2\/posts\/143999","targetHints":{"allow":["GET"]}}],"collection":[{"href":"http:\/\/vincentians.com\/es\/wp-json\/wp\/v2\/posts"}],"about":[{"href":"http:\/\/vincentians.com\/es\/wp-json\/wp\/v2\/types\/post"}],"author":[{"embeddable":true,"href":"http:\/\/vincentians.com\/es\/wp-json\/wp\/v2\/users\/4"}],"replies":[{"embeddable":true,"href":"http:\/\/vincentians.com\/es\/wp-json\/wp\/v2\/comments?post=143999"}],"version-history":[{"count":0,"href":"http:\/\/vincentians.com\/es\/wp-json\/wp\/v2\/posts\/143999\/revisions"}],"wp:featuredmedia":[{"embeddable":true,"href":"http:\/\/vincentians.com\/es\/wp-json\/wp\/v2\/media\/388396"}],"wp:attachment":[{"href":"http:\/\/vincentians.com\/es\/wp-json\/wp\/v2\/media?parent=143999"}],"wp:term":[{"taxonomy":"category","embeddable":true,"href":"http:\/\/vincentians.com\/es\/wp-json\/wp\/v2\/categories?post=143999"},{"taxonomy":"post_tag","embeddable":true,"href":"http:\/\/vincentians.com\/es\/wp-json\/wp\/v2\/tags?post=143999"}],"curies":[{"name":"wp","href":"https:\/\/api.w.org\/{rel}","templated":true}]}}