{"id":143996,"date":"2015-04-27T19:00:32","date_gmt":"2015-04-27T17:00:32","guid":{"rendered":"http:\/\/somos.vicencianos.org\/?p=143996"},"modified":"2016-07-24T10:27:08","modified_gmt":"2016-07-24T08:27:08","slug":"lectio-para-5o-domingo-de-pascua-preparada-por-chuno-chavez-alva-c-m-2","status":"publish","type":"post","link":"http:\/\/vincentians.com\/es\/lectio-para-5o-domingo-de-pascua-preparada-por-chuno-chavez-alva-c-m-2\/","title":{"rendered":"Lectio para 5\u00ba Domingo de Pascua (preparada por Chuno Ch\u00e1vez Alva, C.M.)"},"content":{"rendered":"<h2 style=\"text-align: center\"><b>La vi\u00f1a que no defrauda<\/b><\/h2>\n<p><strong>LA PALABRA HOY<\/strong><strong>: <\/strong>Hechos Ap\u00f3stoles 9,26-31; Salmo 21; 1 Juan 3,18-24; Juan 15,1-8<\/p>\n<p><strong>Ambientaci\u00f3n: <\/strong>Al centro un racimo de uvas, alrededor algunos sarmientos o ramitas de \u00e1rbol sobre los que colocamos los nombres de los participantes.<\/p>\n<p><strong>Cantos sugeridos: <\/strong>Jes\u00fas est\u00e1 entre nosotros; Juntos cantando la alegr\u00eda<\/p>\n<h2>Ambientaci\u00f3n<\/h2>\n<p><em>Todos los que creemos en Cristo Resucitado estamos llamados a vivir una existencia gloriosa, transformada, absolutamente nueva. Los disc\u00edpulos pasamos de la esterilidad a una vida fecunda, permaneciendo en Jes\u00fas y dando as\u00ed frutos de amor.<\/em><\/p>\n<h2>Oraci\u00f3n inicial<\/h2>\n<p>\u00a1Se\u00f1or, T\u00fa eres! Y esto nos basta para vivir,<br \/>\npara continuar esperando cada d\u00eda,<br \/>\npara caminar en este mundo,<br \/>\npara no escoger el camino errado<br \/>\ndel aislamiento y de la soledad.<br \/>\nS\u00ed, T\u00fa eres por siempre y desde siempre;<br \/>\neres y permaneces, \u00a1oh Jes\u00fas!<br \/>\nY tu ser es un don continuo tambi\u00e9n para nosotros,<br \/>\nes fruto siempre maduro, porque nos alimentamos<br \/>\ny nos hacemos fuertes por Ti, de tu Presencia.<br \/>\nSe\u00f1or, abre nuestro coraz\u00f3n,<br \/>\nabre nuestro ser a tu ser,<br \/>\n\u00e1brenos a la Vida con el poder misterioso de tu Palabra.<br \/>\nHaznos escuchar, haznos comer y gustar<br \/>\neste alimento del alma.<br \/>\nEnv\u00eda, ahora, el buen fruto de tu Esp\u00edritu<br \/>\npara que realice en nosotros lo que leamos<br \/>\ny meditemos sobre Ti.<br \/>\nAMEN.<\/p>\n<h2>I. Lectio: \u00bfQu\u00e9 dice el texto? \u2013 Juan 15, 1-8<b><br \/>\n<\/b><\/h2>\n<p><strong><em>Motivaci\u00f3n:<\/em><\/strong> <em>La alegor\u00eda de la vid y los sarmientos est\u00e1 cargada de resonancias b\u00edblicas. Con ella, la comunidad de Juan expres\u00f3 la relaci\u00f3n cercana y personal que debe establecerse entre Jes\u00fas Resucitado y el aut\u00e9ntico disc\u00edpulo. Escuchemos.<\/em><\/p>\n<p><strong>Forma de leerlo:<\/strong><\/p>\n<ol>\n<li>Proclamar el texto en voz alta (todos de pie).<\/li>\n<li>Cada uno puede leer en voz alta el vers\u00edculo que m\u00e1s le llam\u00f3 la atenci\u00f3n (sentados).<\/li>\n<\/ol>\n<p><strong>Preguntas para la lectura:<\/strong><\/p>\n<ul>\n<li><strong> 1-5:<\/strong> La imagen de la \u201cVid verdadera\u201d, \u00bfqu\u00e9 dice de Jes\u00fas y de su relaci\u00f3n con el Padre? \u00bfy de la relaci\u00f3n entre Jes\u00fas y el disc\u00edpulo?<\/li>\n<li>\u00bfQu\u00e9 consecuencias tiene permanecer unido a Jes\u00fas?<\/li>\n<li>\u00bfCu\u00e1l es la consecuencia del sarmiento separado de la vid?<\/li>\n<li>\u00bfQu\u00e9 significa dar frutos?<\/li>\n<li>\u00bfDe qu\u00e9 manera Dios es glorificado?<\/li>\n<\/ul>\n<p><strong>Otros textos b\u00edblicos para confrontar: Isa\u00edas 5,1-7; Ezequiel17,1-10; Mateo 20,1-8<\/strong>.<\/p>\n<h2>II. Meditatio: \u00bfQu\u00e9 me dice? \u00bfQu\u00e9 nos dice el Texto?<\/h2>\n<p><strong><em>Motivaci\u00f3n: <\/em><\/strong><em>El pasaje sobre la vid, los sarmientos y los frutos, nos habla del Padre, de Jes\u00fas y de cada uno de nosotros, sus disc\u00edpulos. Es una hermosa alegor\u00eda que hoy se nos ofrece como Palabra de Dios para hablar y hacer fructificar nuestras vidas.<\/em><\/p>\n<ul>\n<li><em>Para ser disc\u00edpulo de Jes\u00fas es necesario permanecer en \u00c9l. <\/em>\u00bfQu\u00e9 dificultades encuentro para estar unido a \u00e9l?<\/li>\n<li>\u00bfC\u00f3mo se alimenta mi vida, de d\u00f3nde recibo la savia que necesito para ser un sarmiento \u00edntimamente unido a Cristo?<\/li>\n<li><em>Mi Padre recibe gloria&#8230; cuando se manifiestan como disc\u00edpulos m\u00edos. <\/em>\u00bfQu\u00e9 invitaciones concretas me ofrece este texto para mantenerme y manifestarme como disc\u00edpulo de Jes\u00fas?<\/li>\n<li>\u00bfActuamos comprometidamente por lo que agrada a Dios?<\/li>\n<li>\u00bfQu\u00e9 frutos me siento llamado a dar en este momento de mi vida?<\/li>\n<\/ul>\n<p><em>Luego de un tiempo de meditaci\u00f3n personal, compartimos con sencillez nuestra reflexi\u00f3n, lo que el texto ME dice a mi propia realidad y situaci\u00f3n personal.<\/em><\/p>\n<h2>III. Oratio: \u00bfQu\u00e9 le digo al Se\u00f1or motivado por su Palabra?<\/h2>\n<p><strong><em>Motivaci\u00f3n: <\/em><\/strong><em>Dice Jes\u00fas que unidos a \u00c9l obtendremos lo que pidamos, porque s\u00f3lo as\u00ed sintonizaremos con la voluntad del Padre. Confiados en estas palabras, le presentamos todo lo que el pasaje del Evangelio nos haya sugerido.<\/em><\/p>\n<ul>\n<li>Luego de un tiempo de oraci\u00f3n personal, podemos compartir en voz alta nuestra oraci\u00f3n, siempre dirigi\u00e9ndonos a Dios mediante la alabanza, la acci\u00f3n de gracias o la s\u00faplica confiada.<\/li>\n<li>Se puede, tambi\u00e9n, recitar el salmo responsorial que corresponde a este domingo (Salmo 21)<em>.<\/em><\/li>\n<\/ul>\n<h2>IV. Contemplatio: \u00bfQu\u00e9 me lleva a hacer el texto?<\/h2>\n<p><strong><em>Motivaci\u00f3n: <\/em><\/strong><em>Es conocido el cristocentrismo de san Vicente: Cristo el centro de todo, la regla de la misi\u00f3n, la fuente de todas sus obras:<\/em><\/p>\n<p>\u201cAcu\u00e9rdese, padre, de que vivimos en Jesucristo por la muerte en Jesucristo, y que hemos de morir en Jesucristo por la vida de Jesucristo, y que nuestra vida tiene que estar oculta en Jesucristo y llena de Jesucristo, y que, para morir como Jesucristo, hay que vivir como Jesucristo. (I, 320)\u201d<\/p>\n<p>Por tanto, tienen que estar unidos entre ustedes en Jesucristo, por Jesucristo y para Jesucristo.<\/p>\n<p>El Esp\u00edritu de Cristo es un esp\u00edritu de uni\u00f3n y de paz; \u00bfc\u00f3mo podr\u00edan atraer a las almas a Jesucristo si no estuviesen unidos entre ustedes y con \u00e9l mismo? De ninguna manera. Por tanto, no tengan m\u00e1s que un mismo sentimiento y una misma voluntad; si no, ser\u00edan como los caballos que, atados a un mismo carro, se pusieran a tirar los unos de un lado, los otros de otro, y acabar\u00edan por estropearlo y destrozarlo todo.<\/p>\n<p>Dios nos llama para que trabajemos en su vi\u00f1a. Vayan, pues, como si no tuvieran en \u00e9l m\u00e1s que un solo coraz\u00f3n y una misma intenci\u00f3n; de esta manera es como producir\u00e1n fruto.\u201d (XI,71)<\/p>\n<ul>\n<li><strong>Compromiso personal:<\/strong> hacer una revisi\u00f3n profunda de los medios que empleamos para vivir unidos a Cristo nuestra vida comunitaria, personal, familiar.<\/li>\n<li><strong>Comunitario: <\/strong>Hacer m\u00e1s viva su presencia mediante nuestro testimonio.<\/li>\n<\/ul>\n<h2>Oraci\u00f3n final<\/h2>\n<p>Tus brazos extendidos en la cruz<br \/>\nson el \u00e1rbol de la vida eterna,<br \/>\n\u00a1Oh Cristo, vid verdadera,<br \/>\nque unes al Padre!<br \/>\nContinua ofreci\u00e9ndote a quien cree,<br \/>\nya que sin Ti nada podemos,<br \/>\ny sana con la savia de tu sangre<br \/>\nlas heridas de nuestros pecados.<br \/>\nMant\u00e9n unidos a Ti, a aquellos que llamas por el bautismo para ser tu presencia en el mundo,<br \/>\n\u00e1rbol que unes cielo y tierra en tu pasi\u00f3n.<br \/>\nY que por Ti, cual sarmientos,<br \/>\nalcancemos hoy y siempre:<br \/>\nla Verdad que hace libres; la paz que une como hermanos;<br \/>\nel amor hacia todos,fruto de nuestra permanencia en Ti.<br \/>\n\u00a1Oh Cristo, vid verdadera para la vida del mundo!<\/p>\n","protected":false},"excerpt":{"rendered":"<p>La vi\u00f1a que no defrauda LA PALABRA HOY: Hechos Ap\u00f3stoles 9,26-31; Salmo 21; 1 Juan 3,18-24; Juan 15,1-8 Ambientaci\u00f3n: Al centro un racimo de uvas, alrededor algunos sarmientos o ramitas de \u00e1rbol sobre los que &#8230; <a href=\"http:\/\/vincentians.com\/es\/lectio-para-5o-domingo-de-pascua-preparada-por-chuno-chavez-alva-c-m-2\/\" class=\"more-link\">Read More<\/a><\/p>\n","protected":false},"author":4,"featured_media":388408,"comment_status":"open","ping_status":"open","sticky":false,"template":"","format":"standard","meta":{"jetpack_post_was_ever_published":false,"_jetpack_newsletter_access":"","_jetpack_dont_email_post_to_subs":false,"_jetpack_newsletter_tier_id":0,"_jetpack_memberships_contains_paywalled_content":false,"_jetpack_memberships_contains_paid_content":false,"footnotes":"","jetpack_publicize_message":"","jetpack_publicize_feature_enabled":true,"jetpack_social_post_already_shared":true,"jetpack_social_options":{"image_generator_settings":{"template":"highway","default_image_id":0,"font":"","enabled":false},"version":2}},"categories":[93],"tags":[],"class_list":["post-143996","post","type-post","status-publish","format-standard","has-post-thumbnail","hentry","category-homilias-y-reflexiones-ano-b"],"yoast_head":"<!-- This site is optimized with the Yoast SEO plugin v26.3 - https:\/\/yoast.com\/wordpress\/plugins\/seo\/ -->\n<title>Lectio para 5\u00ba Domingo de Pascua (preparada por Chuno Ch\u00e1vez Alva, C.M.) - Somos Vicencianos<\/title>\n<meta name=\"robots\" content=\"index, follow, max-snippet:-1, max-image-preview:large, max-video-preview:-1\" \/>\n<link rel=\"canonical\" href=\"http:\/\/vincentians.com\/es\/lectio-para-5o-domingo-de-pascua-preparada-por-chuno-chavez-alva-c-m-2\/\" \/>\n<meta property=\"og:locale\" content=\"es_ES\" \/>\n<meta property=\"og:type\" content=\"article\" \/>\n<meta property=\"og:title\" content=\"Lectio para 5\u00ba Domingo de Pascua (preparada por Chuno Ch\u00e1vez Alva, C.M.) - Somos Vicencianos\" \/>\n<meta property=\"og:description\" content=\"La vi\u00f1a que no defrauda LA PALABRA HOY: Hechos Ap\u00f3stoles 9,26-31; Salmo 21; 1 Juan 3,18-24; Juan 15,1-8 Ambientaci\u00f3n: Al centro un racimo de uvas, alrededor algunos sarmientos o ramitas de \u00e1rbol sobre los que ... Read More\" \/>\n<meta property=\"og:url\" content=\"http:\/\/vincentians.com\/es\/lectio-para-5o-domingo-de-pascua-preparada-por-chuno-chavez-alva-c-m-2\/\" \/>\n<meta property=\"og:site_name\" content=\"Somos Vicencianos\" \/>\n<meta property=\"article:publisher\" content=\"https:\/\/www.facebook.com\/WeAreVincentians\/\" \/>\n<meta property=\"article:author\" content=\"https:\/\/www.facebook.com\/JavierChento\" \/>\n<meta property=\"article:published_time\" content=\"2015-04-27T17:00:32+00:00\" \/>\n<meta property=\"article:modified_time\" content=\"2016-07-24T08:27:08+00:00\" \/>\n<meta property=\"og:image\" content=\"https:\/\/i0.wp.com\/vincentians.com\/es\/wp-content\/uploads\/sites\/11\/2016\/07\/reflexiones-palabra-de-dios.jpg?fit=1200%2C630\" \/>\n\t<meta property=\"og:image:width\" content=\"1200\" \/>\n\t<meta property=\"og:image:height\" content=\"630\" \/>\n\t<meta property=\"og:image:type\" content=\"image\/jpeg\" \/>\n<meta name=\"author\" content=\"Francisco Javier Fern\u00e1ndez Chento\" \/>\n<meta name=\"twitter:card\" content=\"summary_large_image\" \/>\n<meta name=\"twitter:creator\" content=\"@https:\/\/twitter.com\/javierchento\" \/>\n<meta name=\"twitter:site\" content=\"@WeVincentians\" \/>\n<meta name=\"twitter:label1\" content=\"Escrito por\" \/>\n\t<meta name=\"twitter:data1\" content=\"Francisco Javier Fern\u00e1ndez Chento\" \/>\n\t<meta name=\"twitter:label2\" content=\"Tiempo de lectura\" \/>\n\t<meta name=\"twitter:data2\" content=\"5 minutos\" \/>\n<script type=\"application\/ld+json\" class=\"yoast-schema-graph\">{\"@context\":\"https:\/\/schema.org\",\"@graph\":[{\"@type\":\"Article\",\"@id\":\"http:\/\/vincentians.com\/es\/lectio-para-5o-domingo-de-pascua-preparada-por-chuno-chavez-alva-c-m-2\/#article\",\"isPartOf\":{\"@id\":\"http:\/\/vincentians.com\/es\/lectio-para-5o-domingo-de-pascua-preparada-por-chuno-chavez-alva-c-m-2\/\"},\"author\":{\"name\":\"Francisco Javier Fern\u00e1ndez Chento\",\"@id\":\"https:\/\/vincentians.com\/es\/#\/schema\/person\/9623ef4d9aa3b2dfb8c061f1499288f2\"},\"headline\":\"Lectio para 5\u00ba Domingo de Pascua (preparada por Chuno Ch\u00e1vez Alva, C.M.)\",\"datePublished\":\"2015-04-27T17:00:32+00:00\",\"dateModified\":\"2016-07-24T08:27:08+00:00\",\"mainEntityOfPage\":{\"@id\":\"http:\/\/vincentians.com\/es\/lectio-para-5o-domingo-de-pascua-preparada-por-chuno-chavez-alva-c-m-2\/\"},\"wordCount\":1055,\"commentCount\":0,\"publisher\":{\"@id\":\"https:\/\/vincentians.com\/es\/#organization\"},\"image\":{\"@id\":\"http:\/\/vincentians.com\/es\/lectio-para-5o-domingo-de-pascua-preparada-por-chuno-chavez-alva-c-m-2\/#primaryimage\"},\"thumbnailUrl\":\"https:\/\/i0.wp.com\/vincentians.com\/es\/wp-content\/uploads\/sites\/11\/2016\/07\/reflexiones-palabra-de-dios.jpg?fit=1200%2C630\",\"articleSection\":[\"Homil\u00edas y reflexiones, A\u00f1o B\"],\"inLanguage\":\"es\",\"potentialAction\":[{\"@type\":\"CommentAction\",\"name\":\"Comment\",\"target\":[\"http:\/\/vincentians.com\/es\/lectio-para-5o-domingo-de-pascua-preparada-por-chuno-chavez-alva-c-m-2\/#respond\"]}]},{\"@type\":\"WebPage\",\"@id\":\"http:\/\/vincentians.com\/es\/lectio-para-5o-domingo-de-pascua-preparada-por-chuno-chavez-alva-c-m-2\/\",\"url\":\"http:\/\/vincentians.com\/es\/lectio-para-5o-domingo-de-pascua-preparada-por-chuno-chavez-alva-c-m-2\/\",\"name\":\"Lectio para 5\u00ba Domingo de Pascua (preparada por Chuno Ch\u00e1vez Alva, C.M.) - Somos Vicencianos\",\"isPartOf\":{\"@id\":\"https:\/\/vincentians.com\/es\/#website\"},\"primaryImageOfPage\":{\"@id\":\"http:\/\/vincentians.com\/es\/lectio-para-5o-domingo-de-pascua-preparada-por-chuno-chavez-alva-c-m-2\/#primaryimage\"},\"image\":{\"@id\":\"http:\/\/vincentians.com\/es\/lectio-para-5o-domingo-de-pascua-preparada-por-chuno-chavez-alva-c-m-2\/#primaryimage\"},\"thumbnailUrl\":\"https:\/\/i0.wp.com\/vincentians.com\/es\/wp-content\/uploads\/sites\/11\/2016\/07\/reflexiones-palabra-de-dios.jpg?fit=1200%2C630\",\"datePublished\":\"2015-04-27T17:00:32+00:00\",\"dateModified\":\"2016-07-24T08:27:08+00:00\",\"breadcrumb\":{\"@id\":\"http:\/\/vincentians.com\/es\/lectio-para-5o-domingo-de-pascua-preparada-por-chuno-chavez-alva-c-m-2\/#breadcrumb\"},\"inLanguage\":\"es\",\"potentialAction\":[{\"@type\":\"ReadAction\",\"target\":[\"http:\/\/vincentians.com\/es\/lectio-para-5o-domingo-de-pascua-preparada-por-chuno-chavez-alva-c-m-2\/\"]}]},{\"@type\":\"ImageObject\",\"inLanguage\":\"es\",\"@id\":\"http:\/\/vincentians.com\/es\/lectio-para-5o-domingo-de-pascua-preparada-por-chuno-chavez-alva-c-m-2\/#primaryimage\",\"url\":\"https:\/\/i0.wp.com\/vincentians.com\/es\/wp-content\/uploads\/sites\/11\/2016\/07\/reflexiones-palabra-de-dios.jpg?fit=1200%2C630\",\"contentUrl\":\"https:\/\/i0.wp.com\/vincentians.com\/es\/wp-content\/uploads\/sites\/11\/2016\/07\/reflexiones-palabra-de-dios.jpg?fit=1200%2C630\",\"width\":1200,\"height\":630},{\"@type\":\"BreadcrumbList\",\"@id\":\"http:\/\/vincentians.com\/es\/lectio-para-5o-domingo-de-pascua-preparada-por-chuno-chavez-alva-c-m-2\/#breadcrumb\",\"itemListElement\":[{\"@type\":\"ListItem\",\"position\":1,\"name\":\"Portada\",\"item\":\"https:\/\/vincentians.com\/es\/\"},{\"@type\":\"ListItem\",\"position\":2,\"name\":\"Lectio para 5\u00ba Domingo de Pascua (preparada por Chuno Ch\u00e1vez Alva, C.M.)\"}]},{\"@type\":\"WebSite\",\"@id\":\"https:\/\/vincentians.com\/es\/#website\",\"url\":\"https:\/\/vincentians.com\/es\/\",\"name\":\"Somos Vicencianos\",\"description\":\"Know more to serve more\",\"publisher\":{\"@id\":\"https:\/\/vincentians.com\/es\/#organization\"},\"potentialAction\":[{\"@type\":\"SearchAction\",\"target\":{\"@type\":\"EntryPoint\",\"urlTemplate\":\"https:\/\/vincentians.com\/es\/?s={search_term_string}\"},\"query-input\":{\"@type\":\"PropertyValueSpecification\",\"valueRequired\":true,\"valueName\":\"search_term_string\"}}],\"inLanguage\":\"es\"},{\"@type\":\"Organization\",\"@id\":\"https:\/\/vincentians.com\/es\/#organization\",\"name\":\"The Vincentian Network\",\"url\":\"https:\/\/vincentians.com\/es\/\",\"logo\":{\"@type\":\"ImageObject\",\"inLanguage\":\"es\",\"@id\":\"https:\/\/vincentians.com\/es\/#\/schema\/logo\/image\/\",\"url\":\"https:\/\/i1.wp.com\/vincentians.com\/es\/wp-content\/uploads\/sites\/11\/2016\/06\/Vincentian-Network-logo-big.png?fit=778%2C778\",\"contentUrl\":\"https:\/\/i1.wp.com\/vincentians.com\/es\/wp-content\/uploads\/sites\/11\/2016\/06\/Vincentian-Network-logo-big.png?fit=778%2C778\",\"width\":778,\"height\":778,\"caption\":\"The Vincentian Network\"},\"image\":{\"@id\":\"https:\/\/vincentians.com\/es\/#\/schema\/logo\/image\/\"},\"sameAs\":[\"https:\/\/www.facebook.com\/WeAreVincentians\/\",\"https:\/\/x.com\/WeVincentians\"]},{\"@type\":\"Person\",\"@id\":\"https:\/\/vincentians.com\/es\/#\/schema\/person\/9623ef4d9aa3b2dfb8c061f1499288f2\",\"name\":\"Francisco Javier Fern\u00e1ndez Chento\",\"image\":{\"@type\":\"ImageObject\",\"inLanguage\":\"es\",\"@id\":\"https:\/\/vincentians.com\/es\/#\/schema\/person\/image\/\",\"url\":\"https:\/\/secure.gravatar.com\/avatar\/497d5cde87b4c3d097d0315953521681ba2cd523ee66e5077c3711f7021e65de?s=96&d=mm&r=g\",\"contentUrl\":\"https:\/\/secure.gravatar.com\/avatar\/497d5cde87b4c3d097d0315953521681ba2cd523ee66e5077c3711f7021e65de?s=96&d=mm&r=g\",\"caption\":\"Francisco Javier Fern\u00e1ndez Chento\"},\"description\":\"Director General y cofundador de La Red de Formaci\u00f3n Vicenciana. Javier es laico vicenciano, afiliado a la Congregaci\u00f3n de la Misi\u00f3n y miembro del Equipo de Misiones Populares de la provincia can\u00f3nica de Zaragoza (Espa\u00f1a) de la Congregaci\u00f3n de la Misi\u00f3n. Graduado en la Universidad Oberta de Catalunya con cuatro grados (Asistente de direcci\u00f3n, Gesti\u00f3n Administrativa, Recursos Humanos y Contabilidad Avanzada). Bil\u00edng\u00fce Espa\u00f1ol\/Ingl\u00e9s. gestiona y mantiene varias p\u00e1ginas web cristianas y vicencianas, incluida including La Red de Formaci\u00f3n Vicenciana, de la que es cofundador. Actualmente es responsable del \u00e1rea de Espa\u00f1ol de .famvin, la Red de Noticias de la Familia Vicenciana. Tambi\u00e9n es m\u00fasico cat\u00f3lico y ha editado varios discos. Es Director General y cofundador de Trovador, una reconocida compa\u00f1\u00eda discogr\u00e1fica critiana de Espa\u00f1a. Trabaja en las Tecnolog\u00edas de la Informaci\u00f3n, ofreciendo servicios de alojamiento, dise\u00f1o y mantenimiento Web, as\u00ed como asesoramiento, formaci\u00f3n y soluciones inform\u00e1ticas, gesti\u00f3n documental y digitalizaci\u00f3n de textos, edici\u00f3n y maquetaci\u00f3n de libros, revistas, flyers, etc.\",\"sameAs\":[\"http:\/\/chento.org\",\"https:\/\/www.facebook.com\/JavierChento\",\"https:\/\/x.com\/https:\/\/twitter.com\/javierchento\"],\"url\":\"http:\/\/vincentians.com\/es\/author\/chento\/\"}]}<\/script>\n<!-- \/ Yoast SEO plugin. -->","yoast_head_json":{"title":"Lectio para 5\u00ba Domingo de Pascua (preparada por Chuno Ch\u00e1vez Alva, C.M.) - Somos Vicencianos","robots":{"index":"index","follow":"follow","max-snippet":"max-snippet:-1","max-image-preview":"max-image-preview:large","max-video-preview":"max-video-preview:-1"},"canonical":"http:\/\/vincentians.com\/es\/lectio-para-5o-domingo-de-pascua-preparada-por-chuno-chavez-alva-c-m-2\/","og_locale":"es_ES","og_type":"article","og_title":"Lectio para 5\u00ba Domingo de Pascua (preparada por Chuno Ch\u00e1vez Alva, C.M.) - Somos Vicencianos","og_description":"La vi\u00f1a que no defrauda LA PALABRA HOY: Hechos Ap\u00f3stoles 9,26-31; Salmo 21; 1 Juan 3,18-24; Juan 15,1-8 Ambientaci\u00f3n: Al centro un racimo de uvas, alrededor algunos sarmientos o ramitas de \u00e1rbol sobre los que ... Read More","og_url":"http:\/\/vincentians.com\/es\/lectio-para-5o-domingo-de-pascua-preparada-por-chuno-chavez-alva-c-m-2\/","og_site_name":"Somos Vicencianos","article_publisher":"https:\/\/www.facebook.com\/WeAreVincentians\/","article_author":"https:\/\/www.facebook.com\/JavierChento","article_published_time":"2015-04-27T17:00:32+00:00","article_modified_time":"2016-07-24T08:27:08+00:00","og_image":[{"width":1200,"height":630,"url":"https:\/\/i0.wp.com\/vincentians.com\/es\/wp-content\/uploads\/sites\/11\/2016\/07\/reflexiones-palabra-de-dios.jpg?fit=1200%2C630","type":"image\/jpeg"}],"author":"Francisco Javier Fern\u00e1ndez Chento","twitter_card":"summary_large_image","twitter_creator":"@https:\/\/twitter.com\/javierchento","twitter_site":"@WeVincentians","twitter_misc":{"Escrito por":"Francisco Javier Fern\u00e1ndez Chento","Tiempo de lectura":"5 minutos"},"schema":{"@context":"https:\/\/schema.org","@graph":[{"@type":"Article","@id":"http:\/\/vincentians.com\/es\/lectio-para-5o-domingo-de-pascua-preparada-por-chuno-chavez-alva-c-m-2\/#article","isPartOf":{"@id":"http:\/\/vincentians.com\/es\/lectio-para-5o-domingo-de-pascua-preparada-por-chuno-chavez-alva-c-m-2\/"},"author":{"name":"Francisco Javier Fern\u00e1ndez Chento","@id":"https:\/\/vincentians.com\/es\/#\/schema\/person\/9623ef4d9aa3b2dfb8c061f1499288f2"},"headline":"Lectio para 5\u00ba Domingo de Pascua (preparada por Chuno Ch\u00e1vez Alva, C.M.)","datePublished":"2015-04-27T17:00:32+00:00","dateModified":"2016-07-24T08:27:08+00:00","mainEntityOfPage":{"@id":"http:\/\/vincentians.com\/es\/lectio-para-5o-domingo-de-pascua-preparada-por-chuno-chavez-alva-c-m-2\/"},"wordCount":1055,"commentCount":0,"publisher":{"@id":"https:\/\/vincentians.com\/es\/#organization"},"image":{"@id":"http:\/\/vincentians.com\/es\/lectio-para-5o-domingo-de-pascua-preparada-por-chuno-chavez-alva-c-m-2\/#primaryimage"},"thumbnailUrl":"https:\/\/i0.wp.com\/vincentians.com\/es\/wp-content\/uploads\/sites\/11\/2016\/07\/reflexiones-palabra-de-dios.jpg?fit=1200%2C630","articleSection":["Homil\u00edas y reflexiones, A\u00f1o B"],"inLanguage":"es","potentialAction":[{"@type":"CommentAction","name":"Comment","target":["http:\/\/vincentians.com\/es\/lectio-para-5o-domingo-de-pascua-preparada-por-chuno-chavez-alva-c-m-2\/#respond"]}]},{"@type":"WebPage","@id":"http:\/\/vincentians.com\/es\/lectio-para-5o-domingo-de-pascua-preparada-por-chuno-chavez-alva-c-m-2\/","url":"http:\/\/vincentians.com\/es\/lectio-para-5o-domingo-de-pascua-preparada-por-chuno-chavez-alva-c-m-2\/","name":"Lectio para 5\u00ba Domingo de Pascua (preparada por Chuno Ch\u00e1vez Alva, C.M.) - Somos Vicencianos","isPartOf":{"@id":"https:\/\/vincentians.com\/es\/#website"},"primaryImageOfPage":{"@id":"http:\/\/vincentians.com\/es\/lectio-para-5o-domingo-de-pascua-preparada-por-chuno-chavez-alva-c-m-2\/#primaryimage"},"image":{"@id":"http:\/\/vincentians.com\/es\/lectio-para-5o-domingo-de-pascua-preparada-por-chuno-chavez-alva-c-m-2\/#primaryimage"},"thumbnailUrl":"https:\/\/i0.wp.com\/vincentians.com\/es\/wp-content\/uploads\/sites\/11\/2016\/07\/reflexiones-palabra-de-dios.jpg?fit=1200%2C630","datePublished":"2015-04-27T17:00:32+00:00","dateModified":"2016-07-24T08:27:08+00:00","breadcrumb":{"@id":"http:\/\/vincentians.com\/es\/lectio-para-5o-domingo-de-pascua-preparada-por-chuno-chavez-alva-c-m-2\/#breadcrumb"},"inLanguage":"es","potentialAction":[{"@type":"ReadAction","target":["http:\/\/vincentians.com\/es\/lectio-para-5o-domingo-de-pascua-preparada-por-chuno-chavez-alva-c-m-2\/"]}]},{"@type":"ImageObject","inLanguage":"es","@id":"http:\/\/vincentians.com\/es\/lectio-para-5o-domingo-de-pascua-preparada-por-chuno-chavez-alva-c-m-2\/#primaryimage","url":"https:\/\/i0.wp.com\/vincentians.com\/es\/wp-content\/uploads\/sites\/11\/2016\/07\/reflexiones-palabra-de-dios.jpg?fit=1200%2C630","contentUrl":"https:\/\/i0.wp.com\/vincentians.com\/es\/wp-content\/uploads\/sites\/11\/2016\/07\/reflexiones-palabra-de-dios.jpg?fit=1200%2C630","width":1200,"height":630},{"@type":"BreadcrumbList","@id":"http:\/\/vincentians.com\/es\/lectio-para-5o-domingo-de-pascua-preparada-por-chuno-chavez-alva-c-m-2\/#breadcrumb","itemListElement":[{"@type":"ListItem","position":1,"name":"Portada","item":"https:\/\/vincentians.com\/es\/"},{"@type":"ListItem","position":2,"name":"Lectio para 5\u00ba Domingo de Pascua (preparada por Chuno Ch\u00e1vez Alva, C.M.)"}]},{"@type":"WebSite","@id":"https:\/\/vincentians.com\/es\/#website","url":"https:\/\/vincentians.com\/es\/","name":"Somos Vicencianos","description":"Know more to serve more","publisher":{"@id":"https:\/\/vincentians.com\/es\/#organization"},"potentialAction":[{"@type":"SearchAction","target":{"@type":"EntryPoint","urlTemplate":"https:\/\/vincentians.com\/es\/?s={search_term_string}"},"query-input":{"@type":"PropertyValueSpecification","valueRequired":true,"valueName":"search_term_string"}}],"inLanguage":"es"},{"@type":"Organization","@id":"https:\/\/vincentians.com\/es\/#organization","name":"The Vincentian Network","url":"https:\/\/vincentians.com\/es\/","logo":{"@type":"ImageObject","inLanguage":"es","@id":"https:\/\/vincentians.com\/es\/#\/schema\/logo\/image\/","url":"https:\/\/i1.wp.com\/vincentians.com\/es\/wp-content\/uploads\/sites\/11\/2016\/06\/Vincentian-Network-logo-big.png?fit=778%2C778","contentUrl":"https:\/\/i1.wp.com\/vincentians.com\/es\/wp-content\/uploads\/sites\/11\/2016\/06\/Vincentian-Network-logo-big.png?fit=778%2C778","width":778,"height":778,"caption":"The Vincentian Network"},"image":{"@id":"https:\/\/vincentians.com\/es\/#\/schema\/logo\/image\/"},"sameAs":["https:\/\/www.facebook.com\/WeAreVincentians\/","https:\/\/x.com\/WeVincentians"]},{"@type":"Person","@id":"https:\/\/vincentians.com\/es\/#\/schema\/person\/9623ef4d9aa3b2dfb8c061f1499288f2","name":"Francisco Javier Fern\u00e1ndez Chento","image":{"@type":"ImageObject","inLanguage":"es","@id":"https:\/\/vincentians.com\/es\/#\/schema\/person\/image\/","url":"https:\/\/secure.gravatar.com\/avatar\/497d5cde87b4c3d097d0315953521681ba2cd523ee66e5077c3711f7021e65de?s=96&d=mm&r=g","contentUrl":"https:\/\/secure.gravatar.com\/avatar\/497d5cde87b4c3d097d0315953521681ba2cd523ee66e5077c3711f7021e65de?s=96&d=mm&r=g","caption":"Francisco Javier Fern\u00e1ndez Chento"},"description":"Director General y cofundador de La Red de Formaci\u00f3n Vicenciana. Javier es laico vicenciano, afiliado a la Congregaci\u00f3n de la Misi\u00f3n y miembro del Equipo de Misiones Populares de la provincia can\u00f3nica de Zaragoza (Espa\u00f1a) de la Congregaci\u00f3n de la Misi\u00f3n. Graduado en la Universidad Oberta de Catalunya con cuatro grados (Asistente de direcci\u00f3n, Gesti\u00f3n Administrativa, Recursos Humanos y Contabilidad Avanzada). Bil\u00edng\u00fce Espa\u00f1ol\/Ingl\u00e9s. gestiona y mantiene varias p\u00e1ginas web cristianas y vicencianas, incluida including La Red de Formaci\u00f3n Vicenciana, de la que es cofundador. Actualmente es responsable del \u00e1rea de Espa\u00f1ol de .famvin, la Red de Noticias de la Familia Vicenciana. Tambi\u00e9n es m\u00fasico cat\u00f3lico y ha editado varios discos. Es Director General y cofundador de Trovador, una reconocida compa\u00f1\u00eda discogr\u00e1fica critiana de Espa\u00f1a. Trabaja en las Tecnolog\u00edas de la Informaci\u00f3n, ofreciendo servicios de alojamiento, dise\u00f1o y mantenimiento Web, as\u00ed como asesoramiento, formaci\u00f3n y soluciones inform\u00e1ticas, gesti\u00f3n documental y digitalizaci\u00f3n de textos, edici\u00f3n y maquetaci\u00f3n de libros, revistas, flyers, etc.","sameAs":["http:\/\/chento.org","https:\/\/www.facebook.com\/JavierChento","https:\/\/x.com\/https:\/\/twitter.com\/javierchento"],"url":"http:\/\/vincentians.com\/es\/author\/chento\/"}]}},"jetpack_publicize_connections":[],"jetpack_featured_media_url":"https:\/\/i0.wp.com\/vincentians.com\/es\/wp-content\/uploads\/sites\/11\/2016\/07\/reflexiones-palabra-de-dios.jpg?fit=1200%2C630","jetpack_sharing_enabled":true,"jetpack_shortlink":"https:\/\/wp.me\/p7ETMF-Bsw","jetpack-related-posts":[{"id":141269,"url":"http:\/\/vincentians.com\/es\/lectio-para-3o-domingo-de-cuaresma-preparada-por-chuno-chavez-alva-c-m\/","url_meta":{"origin":143996,"position":0},"title":"Lectio para 3\u00ba domingo de Cuaresma (preparada por Chuno Ch\u00e1vez Alva, C.M.)","author":"Francisco Javier Fern\u00e1ndez Chento","date":"06\/03\/2015","format":false,"excerpt":"Una alianza liberadora LA PALABRA HOY: \u00c9xodo 20,1-17; Salmo 18; 1 Corintios 1,22-25; Juan 2,13-25 Ambientaci\u00f3n: Cruz, velas de diferentes tama\u00f1os, algunas apagadas, otras encendidas; ladrillos de cartulina con los nombres de los participantes. Cantos sugeridos: Juntos cantando la alegr\u00eda, Iglesia soy Ambientaci\u00f3n Frente a un legalismo est\u00e9ril e inhumano,\u2026","rel":"","context":"En \u00abHomil\u00edas y reflexiones, A\u00f1o B\u00bb","block_context":{"text":"Homil\u00edas y reflexiones, A\u00f1o B","link":"http:\/\/vincentians.com\/es\/category\/homilias-y-reflexiones-a-la-palabra-de-dios\/homilias-y-reflexiones-ano-b\/"},"img":{"alt_text":"","src":"https:\/\/i0.wp.com\/vincentians.com\/es\/wp-content\/uploads\/sites\/11\/2016\/07\/reflexiones-palabra-de-dios.jpg?fit=1200%2C630&resize=350%2C200","width":350,"height":200,"srcset":"https:\/\/i0.wp.com\/vincentians.com\/es\/wp-content\/uploads\/sites\/11\/2016\/07\/reflexiones-palabra-de-dios.jpg?fit=1200%2C630&resize=350%2C200 1x, https:\/\/i0.wp.com\/vincentians.com\/es\/wp-content\/uploads\/sites\/11\/2016\/07\/reflexiones-palabra-de-dios.jpg?fit=1200%2C630&resize=525%2C300 1.5x, https:\/\/i0.wp.com\/vincentians.com\/es\/wp-content\/uploads\/sites\/11\/2016\/07\/reflexiones-palabra-de-dios.jpg?fit=1200%2C630&resize=700%2C400 2x, https:\/\/i0.wp.com\/vincentians.com\/es\/wp-content\/uploads\/sites\/11\/2016\/07\/reflexiones-palabra-de-dios.jpg?fit=1200%2C630&resize=1050%2C600 3x"},"classes":[]},{"id":141401,"url":"http:\/\/vincentians.com\/es\/lectio-para-4o-domingo-de-cuaresma-preparada-por-chuno-chavez-alva-c-m-2\/","url_meta":{"origin":143996,"position":1},"title":"Lectio para 4\u00ba domingo de Cuaresma (preparada por Chuno Ch\u00e1vez Alva, C.M.)","author":"Francisco Javier Fern\u00e1ndez Chento","date":"10\/03\/2015","format":false,"excerpt":"Tanto am\u00f3 Dios al mundo... LA PALABRA HOY: 2 Cr\u00f3nicas 36, 14-16.19-23; Salmo 136; Efesios 2,4-10; Juan 3,14-21 Ambientaci\u00f3n: Cruz, una vela grande adornada con flores, una vela por participante (si es posible, con su nombre). Cantos sugeridos: Jes\u00fas est\u00e1 entre nosotros; Danos tu luz Ambientaci\u00f3n Dios crea al ser\u2026","rel":"","context":"En \u00abHomil\u00edas y reflexiones, A\u00f1o B\u00bb","block_context":{"text":"Homil\u00edas y reflexiones, A\u00f1o B","link":"http:\/\/vincentians.com\/es\/category\/homilias-y-reflexiones-a-la-palabra-de-dios\/homilias-y-reflexiones-ano-b\/"},"img":{"alt_text":"","src":"https:\/\/i0.wp.com\/vincentians.com\/es\/wp-content\/uploads\/sites\/11\/2016\/07\/reflexiones-palabra-de-dios.jpg?fit=1200%2C630&resize=350%2C200","width":350,"height":200,"srcset":"https:\/\/i0.wp.com\/vincentians.com\/es\/wp-content\/uploads\/sites\/11\/2016\/07\/reflexiones-palabra-de-dios.jpg?fit=1200%2C630&resize=350%2C200 1x, https:\/\/i0.wp.com\/vincentians.com\/es\/wp-content\/uploads\/sites\/11\/2016\/07\/reflexiones-palabra-de-dios.jpg?fit=1200%2C630&resize=525%2C300 1.5x, https:\/\/i0.wp.com\/vincentians.com\/es\/wp-content\/uploads\/sites\/11\/2016\/07\/reflexiones-palabra-de-dios.jpg?fit=1200%2C630&resize=700%2C400 2x, https:\/\/i0.wp.com\/vincentians.com\/es\/wp-content\/uploads\/sites\/11\/2016\/07\/reflexiones-palabra-de-dios.jpg?fit=1200%2C630&resize=1050%2C600 3x"},"classes":[]},{"id":143671,"url":"http:\/\/vincentians.com\/es\/lectio-para-4o-domingo-de-pascua-preparada-por-chuno-chavez-alva-c-m-2\/","url_meta":{"origin":143996,"position":2},"title":"Lectio para 4\u00ba Domingo de Pascua (preparada por Chuno Ch\u00e1vez Alva, C.M.)","author":"Francisco Javier Fern\u00e1ndez Chento","date":"20\/04\/2015","format":false,"excerpt":"Yo soy el buen Pastor LA PALABRA HOY: Hechos Ap\u00f3stoles 4,8-12; Salmo 117; 1 Juan 3,1-2; Juan 10,11-18 Ambientaci\u00f3n: Un cayado de pastor; fotograf\u00edas de personas que han encarnado las actitudes del Buen Pastor. Cantos sugeridos: El Se\u00f1or es mi Pastor, nada me falta Ambientaci\u00f3n En esta Pascua que continuamos\u2026","rel":"","context":"En \u00abHomil\u00edas y reflexiones, A\u00f1o B\u00bb","block_context":{"text":"Homil\u00edas y reflexiones, A\u00f1o B","link":"http:\/\/vincentians.com\/es\/category\/homilias-y-reflexiones-a-la-palabra-de-dios\/homilias-y-reflexiones-ano-b\/"},"img":{"alt_text":"","src":"https:\/\/i0.wp.com\/vincentians.com\/es\/wp-content\/uploads\/sites\/11\/2016\/07\/reflexiones-palabra-de-dios.jpg?fit=1200%2C630&resize=350%2C200","width":350,"height":200,"srcset":"https:\/\/i0.wp.com\/vincentians.com\/es\/wp-content\/uploads\/sites\/11\/2016\/07\/reflexiones-palabra-de-dios.jpg?fit=1200%2C630&resize=350%2C200 1x, https:\/\/i0.wp.com\/vincentians.com\/es\/wp-content\/uploads\/sites\/11\/2016\/07\/reflexiones-palabra-de-dios.jpg?fit=1200%2C630&resize=525%2C300 1.5x, https:\/\/i0.wp.com\/vincentians.com\/es\/wp-content\/uploads\/sites\/11\/2016\/07\/reflexiones-palabra-de-dios.jpg?fit=1200%2C630&resize=700%2C400 2x, https:\/\/i0.wp.com\/vincentians.com\/es\/wp-content\/uploads\/sites\/11\/2016\/07\/reflexiones-palabra-de-dios.jpg?fit=1200%2C630&resize=1050%2C600 3x"},"classes":[]},{"id":141747,"url":"http:\/\/vincentians.com\/es\/lectio-para-5o-domingo-de-cuaresma-preparada-por-chuno-chavez-alva-c-m\/","url_meta":{"origin":143996,"position":3},"title":"Lectio para 5\u00ba domingo de Cuaresma (preparada por Chuno Ch\u00e1vez Alva, C.M.)","author":"Francisco Javier Fern\u00e1ndez Chento","date":"16\/03\/2015","format":false,"excerpt":"Si el grano de trigo no cae y muere... LA PALABRA HOY: Jerem\u00edas 31,31-34; Salmo 50; Hebreos 5,7-9; Juan 12, 20-33 Ambientaci\u00f3n: Cruz, espigas, granos de trigo Cantos sugeridos: En mi Getseman\u00ed; Victoria, t\u00fa reinar\u00e1s Ambientaci\u00f3n La Alianza nueva y definitiva es el tema que hoy se nos propone como\u2026","rel":"","context":"En \u00abHomil\u00edas y reflexiones, A\u00f1o B\u00bb","block_context":{"text":"Homil\u00edas y reflexiones, A\u00f1o B","link":"http:\/\/vincentians.com\/es\/category\/homilias-y-reflexiones-a-la-palabra-de-dios\/homilias-y-reflexiones-ano-b\/"},"img":{"alt_text":"","src":"https:\/\/i0.wp.com\/vincentians.com\/es\/wp-content\/uploads\/sites\/11\/2016\/07\/reflexiones-palabra-de-dios.jpg?fit=1200%2C630&resize=350%2C200","width":350,"height":200,"srcset":"https:\/\/i0.wp.com\/vincentians.com\/es\/wp-content\/uploads\/sites\/11\/2016\/07\/reflexiones-palabra-de-dios.jpg?fit=1200%2C630&resize=350%2C200 1x, https:\/\/i0.wp.com\/vincentians.com\/es\/wp-content\/uploads\/sites\/11\/2016\/07\/reflexiones-palabra-de-dios.jpg?fit=1200%2C630&resize=525%2C300 1.5x, https:\/\/i0.wp.com\/vincentians.com\/es\/wp-content\/uploads\/sites\/11\/2016\/07\/reflexiones-palabra-de-dios.jpg?fit=1200%2C630&resize=700%2C400 2x, https:\/\/i0.wp.com\/vincentians.com\/es\/wp-content\/uploads\/sites\/11\/2016\/07\/reflexiones-palabra-de-dios.jpg?fit=1200%2C630&resize=1050%2C600 3x"},"classes":[]},{"id":135705,"url":"http:\/\/vincentians.com\/es\/lectio-para-2o-domingo-de-tiempo-ordinario-preparada-por-chuno-chavez-alva-c-m\/","url_meta":{"origin":143996,"position":4},"title":"Lectio para 2\u00ba domingo de T.O. (preparada por Chuno Ch\u00e1vez Alva, C.M.)","author":"Francisco Javier Fern\u00e1ndez Chento","date":"12\/01\/2015","format":false,"excerpt":"Vengan y lo ver\u00e1n LA PALABRA HOY: 1 Samuel 3, 3-10.19; Salmo 39; 1 Corintios 6,13-15.17-20; Juan 1, 35-42 Ambientaci\u00f3n: Imagen de Jes\u00fas, alrededor en trozos de cartulina los nombres de los participantes. Un cirio y varias velas peque\u00f1as. Cantos sugeridos: Jes\u00fas te seguir\u00e9; Canci\u00f3n del testigo. Ambientaci\u00f3n Jes\u00fas nos\u2026","rel":"","context":"En \u00abHomil\u00edas y reflexiones, A\u00f1o B\u00bb","block_context":{"text":"Homil\u00edas y reflexiones, A\u00f1o B","link":"http:\/\/vincentians.com\/es\/category\/homilias-y-reflexiones-a-la-palabra-de-dios\/homilias-y-reflexiones-ano-b\/"},"img":{"alt_text":"","src":"https:\/\/i0.wp.com\/vincentians.com\/es\/wp-content\/uploads\/sites\/11\/2016\/07\/reflexiones-palabra-de-dios.jpg?fit=1200%2C630&resize=350%2C200","width":350,"height":200,"srcset":"https:\/\/i0.wp.com\/vincentians.com\/es\/wp-content\/uploads\/sites\/11\/2016\/07\/reflexiones-palabra-de-dios.jpg?fit=1200%2C630&resize=350%2C200 1x, https:\/\/i0.wp.com\/vincentians.com\/es\/wp-content\/uploads\/sites\/11\/2016\/07\/reflexiones-palabra-de-dios.jpg?fit=1200%2C630&resize=525%2C300 1.5x, https:\/\/i0.wp.com\/vincentians.com\/es\/wp-content\/uploads\/sites\/11\/2016\/07\/reflexiones-palabra-de-dios.jpg?fit=1200%2C630&resize=700%2C400 2x, https:\/\/i0.wp.com\/vincentians.com\/es\/wp-content\/uploads\/sites\/11\/2016\/07\/reflexiones-palabra-de-dios.jpg?fit=1200%2C630&resize=1050%2C600 3x"},"classes":[]},{"id":134989,"url":"http:\/\/vincentians.com\/es\/lectio-para-bautismo-del-senor-preparada-por-chuno-chavez-alva-c-m-2\/","url_meta":{"origin":143996,"position":5},"title":"Lectio para Bautismo del Se\u00f1or (preparada por Chuno Ch\u00e1vez Alva, C.M.)","author":"Francisco Javier Fern\u00e1ndez Chento","date":"05\/01\/2015","format":false,"excerpt":"El Hijo, el predilecto, el amado LA PALABRA HOY: Isa\u00edas 55, 1-11; Salmo: Isa\u00edas 12, 2-6; 1 Juan 5, 1-9; Marcos 1, 6-11 Ambientaci\u00f3n: Recipiente con agua bendita, cirio, vestidura blanca Cantos sugeridos: Pueblo de Reyes, Iglesia Soy Ambientaci\u00f3n Como un eco de la Epifan\u00eda, celebramos hoy el bautismo del\u2026","rel":"","context":"En \u00abHomil\u00edas y reflexiones, A\u00f1o B\u00bb","block_context":{"text":"Homil\u00edas y reflexiones, A\u00f1o B","link":"http:\/\/vincentians.com\/es\/category\/homilias-y-reflexiones-a-la-palabra-de-dios\/homilias-y-reflexiones-ano-b\/"},"img":{"alt_text":"","src":"https:\/\/i0.wp.com\/vincentians.com\/es\/wp-content\/uploads\/sites\/11\/2016\/07\/reflexiones-palabra-de-dios.jpg?fit=1200%2C630&resize=350%2C200","width":350,"height":200,"srcset":"https:\/\/i0.wp.com\/vincentians.com\/es\/wp-content\/uploads\/sites\/11\/2016\/07\/reflexiones-palabra-de-dios.jpg?fit=1200%2C630&resize=350%2C200 1x, https:\/\/i0.wp.com\/vincentians.com\/es\/wp-content\/uploads\/sites\/11\/2016\/07\/reflexiones-palabra-de-dios.jpg?fit=1200%2C630&resize=525%2C300 1.5x, https:\/\/i0.wp.com\/vincentians.com\/es\/wp-content\/uploads\/sites\/11\/2016\/07\/reflexiones-palabra-de-dios.jpg?fit=1200%2C630&resize=700%2C400 2x, https:\/\/i0.wp.com\/vincentians.com\/es\/wp-content\/uploads\/sites\/11\/2016\/07\/reflexiones-palabra-de-dios.jpg?fit=1200%2C630&resize=1050%2C600 3x"},"classes":[]}],"_links":{"self":[{"href":"http:\/\/vincentians.com\/es\/wp-json\/wp\/v2\/posts\/143996","targetHints":{"allow":["GET"]}}],"collection":[{"href":"http:\/\/vincentians.com\/es\/wp-json\/wp\/v2\/posts"}],"about":[{"href":"http:\/\/vincentians.com\/es\/wp-json\/wp\/v2\/types\/post"}],"author":[{"embeddable":true,"href":"http:\/\/vincentians.com\/es\/wp-json\/wp\/v2\/users\/4"}],"replies":[{"embeddable":true,"href":"http:\/\/vincentians.com\/es\/wp-json\/wp\/v2\/comments?post=143996"}],"version-history":[{"count":0,"href":"http:\/\/vincentians.com\/es\/wp-json\/wp\/v2\/posts\/143996\/revisions"}],"wp:featuredmedia":[{"embeddable":true,"href":"http:\/\/vincentians.com\/es\/wp-json\/wp\/v2\/media\/388408"}],"wp:attachment":[{"href":"http:\/\/vincentians.com\/es\/wp-json\/wp\/v2\/media?parent=143996"}],"wp:term":[{"taxonomy":"category","embeddable":true,"href":"http:\/\/vincentians.com\/es\/wp-json\/wp\/v2\/categories?post=143996"},{"taxonomy":"post_tag","embeddable":true,"href":"http:\/\/vincentians.com\/es\/wp-json\/wp\/v2\/tags?post=143996"}],"curies":[{"name":"wp","href":"https:\/\/api.w.org\/{rel}","templated":true}]}}