{"id":143675,"date":"2015-04-20T19:50:20","date_gmt":"2015-04-20T17:50:20","guid":{"rendered":"http:\/\/somos.vicencianos.org\/?p=143675"},"modified":"2016-07-24T10:27:09","modified_gmt":"2016-07-24T08:27:09","slug":"4o-domingo-de-pascua-reflexion-de-jose-roman-flecha-2","status":"publish","type":"post","link":"http:\/\/vincentians.com\/es\/4o-domingo-de-pascua-reflexion-de-jose-roman-flecha-2\/","title":{"rendered":"4\u00ba Domingo de Pascua (reflexi\u00f3n de Jos\u00e9 Rom\u00e1n Flecha)"},"content":{"rendered":"<p><a href=\"https:\/\/i0.wp.com\/vicencianos.org\/wp-content\/2014\/12\/jose_roman_flecha.jpg\"><img data-recalc-dims=\"1\" loading=\"lazy\" decoding=\"async\" class=\"alignright size-medium wp-image-132397\" src=\"https:\/\/i0.wp.com\/vicencianos.org\/wp-content\/2014\/12\/jose_roman_flecha-216x300.jpg?resize=216%2C300\" alt=\"jose_roman_flecha\" width=\"216\" height=\"300\" \/><\/a><strong>LA PIEDRA Y EL PASTOR<\/strong><br \/>\nDomingo 4\u00ba de Pascua. B.<br \/>\n26 de abril de 2015<\/p>\n<p>\u201cJes\u00fas es la piedra que desechasteis vosotros, los arquitectos, y que se ha convertido en piedra angular. Ning\u00fan otro puede salvar y, bajo el cielo, no se nos ha dado otro nombre que pueda salvarnos\u201d As\u00ed interpela Pedro a los jefes del pueblo y a sus senadores (Hech 4,11-12).<\/p>\n<p>Pedro y Juan han sido llevados ante el Sanedr\u00edn no por haber curado al tullido que ped\u00eda limosna a la puerta del Templo de Jerusal\u00e9n, sino por haberlo curado en el nombre del Mes\u00edas de Nazaret. Eso es lo que realmente molestaba a las autoridades del pueblo.<\/p>\n<p>Pero Pedro inicia su discurso con las palabras de un salmo (118,22). No se trata de un alegato para defenderse a s\u00ed mismo, sino del anuncio de su evangelio. Era importante afirmar que la piedra despreciada se hab\u00eda convertido en el fundamento de la vida y de la salvaci\u00f3n.<\/p>\n<p>O dicho m\u00e1s claramente, Jes\u00fas, crucificado por instigaci\u00f3n de aquellos jefes del pueblo, ha sido convertido por Dios en el salvador de ese pueblo tan manipulado por sus jefes. Esa es la gran paradoja. Y ese es el n\u00facleo del mensaje que ha de recorrer el mundo.<\/p>\n<p><strong>LA CONTRAPOSICI\u00d3N<\/strong><\/p>\n<p>El evangelio de este cuarto domingo de Pascua (Jn 10,11-18) nos recuerda todos los a\u00f1os la figura de Jes\u00fas como el Pastor bueno y responsable.<\/p>\n<ul>\n<li>Hay algunas notas que establecen una notable diferencia entre el pastoreo de Jes\u00fas y la actuaci\u00f3n del asalariado. Jes\u00fas da la vida por sus ovejas. Pero el asalariado no es pastor ni due\u00f1o de las ovejas. Es evidente que s\u00f3lo le preocupa su inter\u00e9s personal. No ama a sus ovejas. No est\u00e1 dispuesto a dar la vida por ellas. Por eso las abandona cuando ve llegar al lobo.<\/li>\n<li>El texto que se proclama en este d\u00eda nos ofrece otra contraposici\u00f3n muy importante. Pedro acusaba a los jefes del pueblo de haber crucificado a Jes\u00fas. Pero el evangelio repite una y otra vez que Jes\u00fas entrega espont\u00e1neamente la vida por sus ovejas: \u201cNadie me la quita, sino que yo la entrego libremente\u201d.<\/li>\n<li>En este texto evang\u00e9lico hay una tercera contraposici\u00f3n: la que va de entregar la vida a recuperarla. Nosotros entregamos o perdemos la vida, pero nada indica que podamos recuperarla. Una y otra vez se repite que Jes\u00fas entrega su vida por las ovejas. Pero por dos veces nos dice \u00e9l mismo que tiene poder para recuperarla.<\/li>\n<\/ul>\n<p><strong>JES\u00daS Y EL PADRE<\/strong><\/p>\n<p>No deber\u00edamos olvidar esa palabra de Jes\u00fas. S\u00f3lo \u00e9l tiene poder para recuperar la vida que entrega por los suyos. Ese es el mensaje de la Pascua. Pero todav\u00eda nos llaman la atenci\u00f3n las referencias de Jes\u00fas a su Padre:<\/p>\n<ul>\n<li>\u201cEl Padre me conoce y yo conozco al Padre\u201d. Esa relaci\u00f3n de mutuo conocimiento entre Jes\u00fas y su Padre indica su origen eterno, revela el estilo de su vida y nos ofrece la raz\u00f3n por la que ha podido revelarnos a su Padre.<\/li>\n<li>\u201cEl Padre me ama porque yo entrego mi vida\u201d. La generosidad de Jes\u00fas es fruto del amor que le une al Padre, pero, al mismo tiempo la entrega de Jes\u00fas a los hombres le hace merecedor del amor del Padre.<\/li>\n<li>\u201cEste mandato he recibido de mi Padre\u201d. Una y otra vez Jes\u00fas hab\u00eda manifestado que hab\u00eda venido al mundo para cumplir la voluntad del Padre. Ahora nos manifiesta que la voluntad del Padre es que el Hijo entregue su vida por sus ovejas.<\/li>\n<\/ul>\n<p><em>&#8211; Se\u00f1or Jes\u00fas, te reconocemos como la Piedra angular del edificio de nuestra fe y como el Pastor bueno que entrega su vida por sus ovejas. Te alabamos por ello y te damos gracias. Am\u00e9n. Aleluya<\/em><\/p>\n","protected":false},"excerpt":{"rendered":"<p>LA PIEDRA Y EL PASTOR Domingo 4\u00ba de Pascua. B. 26 de abril de 2015 \u201cJes\u00fas es la piedra que desechasteis vosotros, los arquitectos, y que se ha convertido en piedra angular. Ning\u00fan otro puede &#8230; <a href=\"http:\/\/vincentians.com\/es\/4o-domingo-de-pascua-reflexion-de-jose-roman-flecha-2\/\" class=\"more-link\">Read More<\/a><\/p>\n","protected":false},"author":4,"featured_media":388408,"comment_status":"open","ping_status":"open","sticky":false,"template":"","format":"standard","meta":{"jetpack_post_was_ever_published":false,"_jetpack_newsletter_access":"","_jetpack_dont_email_post_to_subs":false,"_jetpack_newsletter_tier_id":0,"_jetpack_memberships_contains_paywalled_content":false,"_jetpack_memberships_contains_paid_content":false,"footnotes":"","jetpack_publicize_message":"","jetpack_publicize_feature_enabled":true,"jetpack_social_post_already_shared":true,"jetpack_social_options":{"image_generator_settings":{"template":"highway","default_image_id":0,"font":"","enabled":false},"version":2}},"categories":[93],"tags":[],"class_list":["post-143675","post","type-post","status-publish","format-standard","has-post-thumbnail","hentry","category-homilias-y-reflexiones-ano-b"],"yoast_head":"<!-- This site is optimized with the Yoast SEO plugin v26.3 - https:\/\/yoast.com\/wordpress\/plugins\/seo\/ -->\n<title>4\u00ba Domingo de Pascua (reflexi\u00f3n de Jos\u00e9 Rom\u00e1n Flecha) - Somos Vicencianos<\/title>\n<meta name=\"robots\" content=\"index, follow, max-snippet:-1, max-image-preview:large, max-video-preview:-1\" \/>\n<link rel=\"canonical\" href=\"http:\/\/vincentians.com\/es\/4o-domingo-de-pascua-reflexion-de-jose-roman-flecha-2\/\" \/>\n<meta property=\"og:locale\" content=\"es_ES\" \/>\n<meta property=\"og:type\" content=\"article\" \/>\n<meta property=\"og:title\" content=\"4\u00ba Domingo de Pascua (reflexi\u00f3n de Jos\u00e9 Rom\u00e1n Flecha) - Somos Vicencianos\" \/>\n<meta property=\"og:description\" content=\"LA PIEDRA Y EL PASTOR Domingo 4\u00ba de Pascua. B. 26 de abril de 2015 \u201cJes\u00fas es la piedra que desechasteis vosotros, los arquitectos, y que se ha convertido en piedra angular. Ning\u00fan otro puede ... Read More\" \/>\n<meta property=\"og:url\" content=\"http:\/\/vincentians.com\/es\/4o-domingo-de-pascua-reflexion-de-jose-roman-flecha-2\/\" \/>\n<meta property=\"og:site_name\" content=\"Somos Vicencianos\" \/>\n<meta property=\"article:publisher\" content=\"https:\/\/www.facebook.com\/WeAreVincentians\/\" \/>\n<meta property=\"article:author\" content=\"https:\/\/www.facebook.com\/JavierChento\" \/>\n<meta property=\"article:published_time\" content=\"2015-04-20T17:50:20+00:00\" \/>\n<meta property=\"article:modified_time\" content=\"2016-07-24T08:27:09+00:00\" \/>\n<meta property=\"og:image\" content=\"https:\/\/i0.wp.com\/vincentians.com\/es\/wp-content\/uploads\/sites\/11\/2016\/07\/reflexiones-palabra-de-dios.jpg?fit=1200%2C630\" \/>\n\t<meta property=\"og:image:width\" content=\"1200\" \/>\n\t<meta property=\"og:image:height\" content=\"630\" \/>\n\t<meta property=\"og:image:type\" content=\"image\/jpeg\" \/>\n<meta name=\"author\" content=\"Francisco Javier Fern\u00e1ndez Chento\" \/>\n<meta name=\"twitter:card\" content=\"summary_large_image\" \/>\n<meta name=\"twitter:creator\" content=\"@https:\/\/twitter.com\/javierchento\" \/>\n<meta name=\"twitter:site\" content=\"@WeVincentians\" \/>\n<meta name=\"twitter:label1\" content=\"Escrito por\" \/>\n\t<meta name=\"twitter:data1\" content=\"Francisco Javier Fern\u00e1ndez Chento\" \/>\n\t<meta name=\"twitter:label2\" content=\"Tiempo de lectura\" \/>\n\t<meta name=\"twitter:data2\" content=\"3 minutos\" \/>\n<script type=\"application\/ld+json\" class=\"yoast-schema-graph\">{\"@context\":\"https:\/\/schema.org\",\"@graph\":[{\"@type\":\"Article\",\"@id\":\"http:\/\/vincentians.com\/es\/4o-domingo-de-pascua-reflexion-de-jose-roman-flecha-2\/#article\",\"isPartOf\":{\"@id\":\"http:\/\/vincentians.com\/es\/4o-domingo-de-pascua-reflexion-de-jose-roman-flecha-2\/\"},\"author\":{\"name\":\"Francisco Javier Fern\u00e1ndez Chento\",\"@id\":\"http:\/\/vincentians.com\/es\/#\/schema\/person\/9623ef4d9aa3b2dfb8c061f1499288f2\"},\"headline\":\"4\u00ba Domingo de Pascua (reflexi\u00f3n de Jos\u00e9 Rom\u00e1n Flecha)\",\"datePublished\":\"2015-04-20T17:50:20+00:00\",\"dateModified\":\"2016-07-24T08:27:09+00:00\",\"mainEntityOfPage\":{\"@id\":\"http:\/\/vincentians.com\/es\/4o-domingo-de-pascua-reflexion-de-jose-roman-flecha-2\/\"},\"wordCount\":670,\"commentCount\":0,\"publisher\":{\"@id\":\"http:\/\/vincentians.com\/es\/#organization\"},\"image\":{\"@id\":\"http:\/\/vincentians.com\/es\/4o-domingo-de-pascua-reflexion-de-jose-roman-flecha-2\/#primaryimage\"},\"thumbnailUrl\":\"https:\/\/i0.wp.com\/vincentians.com\/es\/wp-content\/uploads\/sites\/11\/2016\/07\/reflexiones-palabra-de-dios.jpg?fit=1200%2C630\",\"articleSection\":[\"Homil\u00edas y reflexiones, A\u00f1o B\"],\"inLanguage\":\"es\",\"potentialAction\":[{\"@type\":\"CommentAction\",\"name\":\"Comment\",\"target\":[\"http:\/\/vincentians.com\/es\/4o-domingo-de-pascua-reflexion-de-jose-roman-flecha-2\/#respond\"]}]},{\"@type\":\"WebPage\",\"@id\":\"http:\/\/vincentians.com\/es\/4o-domingo-de-pascua-reflexion-de-jose-roman-flecha-2\/\",\"url\":\"http:\/\/vincentians.com\/es\/4o-domingo-de-pascua-reflexion-de-jose-roman-flecha-2\/\",\"name\":\"4\u00ba Domingo de Pascua (reflexi\u00f3n de Jos\u00e9 Rom\u00e1n Flecha) - Somos Vicencianos\",\"isPartOf\":{\"@id\":\"http:\/\/vincentians.com\/es\/#website\"},\"primaryImageOfPage\":{\"@id\":\"http:\/\/vincentians.com\/es\/4o-domingo-de-pascua-reflexion-de-jose-roman-flecha-2\/#primaryimage\"},\"image\":{\"@id\":\"http:\/\/vincentians.com\/es\/4o-domingo-de-pascua-reflexion-de-jose-roman-flecha-2\/#primaryimage\"},\"thumbnailUrl\":\"https:\/\/i0.wp.com\/vincentians.com\/es\/wp-content\/uploads\/sites\/11\/2016\/07\/reflexiones-palabra-de-dios.jpg?fit=1200%2C630\",\"datePublished\":\"2015-04-20T17:50:20+00:00\",\"dateModified\":\"2016-07-24T08:27:09+00:00\",\"breadcrumb\":{\"@id\":\"http:\/\/vincentians.com\/es\/4o-domingo-de-pascua-reflexion-de-jose-roman-flecha-2\/#breadcrumb\"},\"inLanguage\":\"es\",\"potentialAction\":[{\"@type\":\"ReadAction\",\"target\":[\"http:\/\/vincentians.com\/es\/4o-domingo-de-pascua-reflexion-de-jose-roman-flecha-2\/\"]}]},{\"@type\":\"ImageObject\",\"inLanguage\":\"es\",\"@id\":\"http:\/\/vincentians.com\/es\/4o-domingo-de-pascua-reflexion-de-jose-roman-flecha-2\/#primaryimage\",\"url\":\"https:\/\/i0.wp.com\/vincentians.com\/es\/wp-content\/uploads\/sites\/11\/2016\/07\/reflexiones-palabra-de-dios.jpg?fit=1200%2C630\",\"contentUrl\":\"https:\/\/i0.wp.com\/vincentians.com\/es\/wp-content\/uploads\/sites\/11\/2016\/07\/reflexiones-palabra-de-dios.jpg?fit=1200%2C630\",\"width\":1200,\"height\":630},{\"@type\":\"BreadcrumbList\",\"@id\":\"http:\/\/vincentians.com\/es\/4o-domingo-de-pascua-reflexion-de-jose-roman-flecha-2\/#breadcrumb\",\"itemListElement\":[{\"@type\":\"ListItem\",\"position\":1,\"name\":\"Portada\",\"item\":\"http:\/\/vincentians.com\/es\/\"},{\"@type\":\"ListItem\",\"position\":2,\"name\":\"4\u00ba Domingo de Pascua (reflexi\u00f3n de Jos\u00e9 Rom\u00e1n Flecha)\"}]},{\"@type\":\"WebSite\",\"@id\":\"http:\/\/vincentians.com\/es\/#website\",\"url\":\"http:\/\/vincentians.com\/es\/\",\"name\":\"Somos Vicencianos\",\"description\":\"Know more to serve more\",\"publisher\":{\"@id\":\"http:\/\/vincentians.com\/es\/#organization\"},\"potentialAction\":[{\"@type\":\"SearchAction\",\"target\":{\"@type\":\"EntryPoint\",\"urlTemplate\":\"http:\/\/vincentians.com\/es\/?s={search_term_string}\"},\"query-input\":{\"@type\":\"PropertyValueSpecification\",\"valueRequired\":true,\"valueName\":\"search_term_string\"}}],\"inLanguage\":\"es\"},{\"@type\":\"Organization\",\"@id\":\"http:\/\/vincentians.com\/es\/#organization\",\"name\":\"The Vincentian Network\",\"url\":\"http:\/\/vincentians.com\/es\/\",\"logo\":{\"@type\":\"ImageObject\",\"inLanguage\":\"es\",\"@id\":\"http:\/\/vincentians.com\/es\/#\/schema\/logo\/image\/\",\"url\":\"https:\/\/i1.wp.com\/vincentians.com\/es\/wp-content\/uploads\/sites\/11\/2016\/06\/Vincentian-Network-logo-big.png?fit=778%2C778\",\"contentUrl\":\"https:\/\/i1.wp.com\/vincentians.com\/es\/wp-content\/uploads\/sites\/11\/2016\/06\/Vincentian-Network-logo-big.png?fit=778%2C778\",\"width\":778,\"height\":778,\"caption\":\"The Vincentian Network\"},\"image\":{\"@id\":\"http:\/\/vincentians.com\/es\/#\/schema\/logo\/image\/\"},\"sameAs\":[\"https:\/\/www.facebook.com\/WeAreVincentians\/\",\"https:\/\/x.com\/WeVincentians\"]},{\"@type\":\"Person\",\"@id\":\"http:\/\/vincentians.com\/es\/#\/schema\/person\/9623ef4d9aa3b2dfb8c061f1499288f2\",\"name\":\"Francisco Javier Fern\u00e1ndez Chento\",\"image\":{\"@type\":\"ImageObject\",\"inLanguage\":\"es\",\"@id\":\"http:\/\/vincentians.com\/es\/#\/schema\/person\/image\/\",\"url\":\"https:\/\/secure.gravatar.com\/avatar\/497d5cde87b4c3d097d0315953521681ba2cd523ee66e5077c3711f7021e65de?s=96&d=mm&r=g\",\"contentUrl\":\"https:\/\/secure.gravatar.com\/avatar\/497d5cde87b4c3d097d0315953521681ba2cd523ee66e5077c3711f7021e65de?s=96&d=mm&r=g\",\"caption\":\"Francisco Javier Fern\u00e1ndez Chento\"},\"description\":\"Director General y cofundador de La Red de Formaci\u00f3n Vicenciana. Javier es laico vicenciano, afiliado a la Congregaci\u00f3n de la Misi\u00f3n y miembro del Equipo de Misiones Populares de la provincia can\u00f3nica de Zaragoza (Espa\u00f1a) de la Congregaci\u00f3n de la Misi\u00f3n. Graduado en la Universidad Oberta de Catalunya con cuatro grados (Asistente de direcci\u00f3n, Gesti\u00f3n Administrativa, Recursos Humanos y Contabilidad Avanzada). Bil\u00edng\u00fce Espa\u00f1ol\/Ingl\u00e9s. gestiona y mantiene varias p\u00e1ginas web cristianas y vicencianas, incluida including La Red de Formaci\u00f3n Vicenciana, de la que es cofundador. Actualmente es responsable del \u00e1rea de Espa\u00f1ol de .famvin, la Red de Noticias de la Familia Vicenciana. Tambi\u00e9n es m\u00fasico cat\u00f3lico y ha editado varios discos. Es Director General y cofundador de Trovador, una reconocida compa\u00f1\u00eda discogr\u00e1fica critiana de Espa\u00f1a. Trabaja en las Tecnolog\u00edas de la Informaci\u00f3n, ofreciendo servicios de alojamiento, dise\u00f1o y mantenimiento Web, as\u00ed como asesoramiento, formaci\u00f3n y soluciones inform\u00e1ticas, gesti\u00f3n documental y digitalizaci\u00f3n de textos, edici\u00f3n y maquetaci\u00f3n de libros, revistas, flyers, etc.\",\"sameAs\":[\"http:\/\/chento.org\",\"https:\/\/www.facebook.com\/JavierChento\",\"https:\/\/x.com\/https:\/\/twitter.com\/javierchento\"],\"url\":\"http:\/\/vincentians.com\/es\/author\/chento\/\"}]}<\/script>\n<!-- \/ Yoast SEO plugin. -->","yoast_head_json":{"title":"4\u00ba Domingo de Pascua (reflexi\u00f3n de Jos\u00e9 Rom\u00e1n Flecha) - Somos Vicencianos","robots":{"index":"index","follow":"follow","max-snippet":"max-snippet:-1","max-image-preview":"max-image-preview:large","max-video-preview":"max-video-preview:-1"},"canonical":"http:\/\/vincentians.com\/es\/4o-domingo-de-pascua-reflexion-de-jose-roman-flecha-2\/","og_locale":"es_ES","og_type":"article","og_title":"4\u00ba Domingo de Pascua (reflexi\u00f3n de Jos\u00e9 Rom\u00e1n Flecha) - Somos Vicencianos","og_description":"LA PIEDRA Y EL PASTOR Domingo 4\u00ba de Pascua. B. 26 de abril de 2015 \u201cJes\u00fas es la piedra que desechasteis vosotros, los arquitectos, y que se ha convertido en piedra angular. Ning\u00fan otro puede ... Read More","og_url":"http:\/\/vincentians.com\/es\/4o-domingo-de-pascua-reflexion-de-jose-roman-flecha-2\/","og_site_name":"Somos Vicencianos","article_publisher":"https:\/\/www.facebook.com\/WeAreVincentians\/","article_author":"https:\/\/www.facebook.com\/JavierChento","article_published_time":"2015-04-20T17:50:20+00:00","article_modified_time":"2016-07-24T08:27:09+00:00","og_image":[{"width":1200,"height":630,"url":"https:\/\/i0.wp.com\/vincentians.com\/es\/wp-content\/uploads\/sites\/11\/2016\/07\/reflexiones-palabra-de-dios.jpg?fit=1200%2C630","type":"image\/jpeg"}],"author":"Francisco Javier Fern\u00e1ndez Chento","twitter_card":"summary_large_image","twitter_creator":"@https:\/\/twitter.com\/javierchento","twitter_site":"@WeVincentians","twitter_misc":{"Escrito por":"Francisco Javier Fern\u00e1ndez Chento","Tiempo de lectura":"3 minutos"},"schema":{"@context":"https:\/\/schema.org","@graph":[{"@type":"Article","@id":"http:\/\/vincentians.com\/es\/4o-domingo-de-pascua-reflexion-de-jose-roman-flecha-2\/#article","isPartOf":{"@id":"http:\/\/vincentians.com\/es\/4o-domingo-de-pascua-reflexion-de-jose-roman-flecha-2\/"},"author":{"name":"Francisco Javier Fern\u00e1ndez Chento","@id":"http:\/\/vincentians.com\/es\/#\/schema\/person\/9623ef4d9aa3b2dfb8c061f1499288f2"},"headline":"4\u00ba Domingo de Pascua (reflexi\u00f3n de Jos\u00e9 Rom\u00e1n Flecha)","datePublished":"2015-04-20T17:50:20+00:00","dateModified":"2016-07-24T08:27:09+00:00","mainEntityOfPage":{"@id":"http:\/\/vincentians.com\/es\/4o-domingo-de-pascua-reflexion-de-jose-roman-flecha-2\/"},"wordCount":670,"commentCount":0,"publisher":{"@id":"http:\/\/vincentians.com\/es\/#organization"},"image":{"@id":"http:\/\/vincentians.com\/es\/4o-domingo-de-pascua-reflexion-de-jose-roman-flecha-2\/#primaryimage"},"thumbnailUrl":"https:\/\/i0.wp.com\/vincentians.com\/es\/wp-content\/uploads\/sites\/11\/2016\/07\/reflexiones-palabra-de-dios.jpg?fit=1200%2C630","articleSection":["Homil\u00edas y reflexiones, A\u00f1o B"],"inLanguage":"es","potentialAction":[{"@type":"CommentAction","name":"Comment","target":["http:\/\/vincentians.com\/es\/4o-domingo-de-pascua-reflexion-de-jose-roman-flecha-2\/#respond"]}]},{"@type":"WebPage","@id":"http:\/\/vincentians.com\/es\/4o-domingo-de-pascua-reflexion-de-jose-roman-flecha-2\/","url":"http:\/\/vincentians.com\/es\/4o-domingo-de-pascua-reflexion-de-jose-roman-flecha-2\/","name":"4\u00ba Domingo de Pascua (reflexi\u00f3n de Jos\u00e9 Rom\u00e1n Flecha) - Somos Vicencianos","isPartOf":{"@id":"http:\/\/vincentians.com\/es\/#website"},"primaryImageOfPage":{"@id":"http:\/\/vincentians.com\/es\/4o-domingo-de-pascua-reflexion-de-jose-roman-flecha-2\/#primaryimage"},"image":{"@id":"http:\/\/vincentians.com\/es\/4o-domingo-de-pascua-reflexion-de-jose-roman-flecha-2\/#primaryimage"},"thumbnailUrl":"https:\/\/i0.wp.com\/vincentians.com\/es\/wp-content\/uploads\/sites\/11\/2016\/07\/reflexiones-palabra-de-dios.jpg?fit=1200%2C630","datePublished":"2015-04-20T17:50:20+00:00","dateModified":"2016-07-24T08:27:09+00:00","breadcrumb":{"@id":"http:\/\/vincentians.com\/es\/4o-domingo-de-pascua-reflexion-de-jose-roman-flecha-2\/#breadcrumb"},"inLanguage":"es","potentialAction":[{"@type":"ReadAction","target":["http:\/\/vincentians.com\/es\/4o-domingo-de-pascua-reflexion-de-jose-roman-flecha-2\/"]}]},{"@type":"ImageObject","inLanguage":"es","@id":"http:\/\/vincentians.com\/es\/4o-domingo-de-pascua-reflexion-de-jose-roman-flecha-2\/#primaryimage","url":"https:\/\/i0.wp.com\/vincentians.com\/es\/wp-content\/uploads\/sites\/11\/2016\/07\/reflexiones-palabra-de-dios.jpg?fit=1200%2C630","contentUrl":"https:\/\/i0.wp.com\/vincentians.com\/es\/wp-content\/uploads\/sites\/11\/2016\/07\/reflexiones-palabra-de-dios.jpg?fit=1200%2C630","width":1200,"height":630},{"@type":"BreadcrumbList","@id":"http:\/\/vincentians.com\/es\/4o-domingo-de-pascua-reflexion-de-jose-roman-flecha-2\/#breadcrumb","itemListElement":[{"@type":"ListItem","position":1,"name":"Portada","item":"http:\/\/vincentians.com\/es\/"},{"@type":"ListItem","position":2,"name":"4\u00ba Domingo de Pascua (reflexi\u00f3n de Jos\u00e9 Rom\u00e1n Flecha)"}]},{"@type":"WebSite","@id":"http:\/\/vincentians.com\/es\/#website","url":"http:\/\/vincentians.com\/es\/","name":"Somos Vicencianos","description":"Know more to serve more","publisher":{"@id":"http:\/\/vincentians.com\/es\/#organization"},"potentialAction":[{"@type":"SearchAction","target":{"@type":"EntryPoint","urlTemplate":"http:\/\/vincentians.com\/es\/?s={search_term_string}"},"query-input":{"@type":"PropertyValueSpecification","valueRequired":true,"valueName":"search_term_string"}}],"inLanguage":"es"},{"@type":"Organization","@id":"http:\/\/vincentians.com\/es\/#organization","name":"The Vincentian Network","url":"http:\/\/vincentians.com\/es\/","logo":{"@type":"ImageObject","inLanguage":"es","@id":"http:\/\/vincentians.com\/es\/#\/schema\/logo\/image\/","url":"https:\/\/i1.wp.com\/vincentians.com\/es\/wp-content\/uploads\/sites\/11\/2016\/06\/Vincentian-Network-logo-big.png?fit=778%2C778","contentUrl":"https:\/\/i1.wp.com\/vincentians.com\/es\/wp-content\/uploads\/sites\/11\/2016\/06\/Vincentian-Network-logo-big.png?fit=778%2C778","width":778,"height":778,"caption":"The Vincentian Network"},"image":{"@id":"http:\/\/vincentians.com\/es\/#\/schema\/logo\/image\/"},"sameAs":["https:\/\/www.facebook.com\/WeAreVincentians\/","https:\/\/x.com\/WeVincentians"]},{"@type":"Person","@id":"http:\/\/vincentians.com\/es\/#\/schema\/person\/9623ef4d9aa3b2dfb8c061f1499288f2","name":"Francisco Javier Fern\u00e1ndez Chento","image":{"@type":"ImageObject","inLanguage":"es","@id":"http:\/\/vincentians.com\/es\/#\/schema\/person\/image\/","url":"https:\/\/secure.gravatar.com\/avatar\/497d5cde87b4c3d097d0315953521681ba2cd523ee66e5077c3711f7021e65de?s=96&d=mm&r=g","contentUrl":"https:\/\/secure.gravatar.com\/avatar\/497d5cde87b4c3d097d0315953521681ba2cd523ee66e5077c3711f7021e65de?s=96&d=mm&r=g","caption":"Francisco Javier Fern\u00e1ndez Chento"},"description":"Director General y cofundador de La Red de Formaci\u00f3n Vicenciana. Javier es laico vicenciano, afiliado a la Congregaci\u00f3n de la Misi\u00f3n y miembro del Equipo de Misiones Populares de la provincia can\u00f3nica de Zaragoza (Espa\u00f1a) de la Congregaci\u00f3n de la Misi\u00f3n. Graduado en la Universidad Oberta de Catalunya con cuatro grados (Asistente de direcci\u00f3n, Gesti\u00f3n Administrativa, Recursos Humanos y Contabilidad Avanzada). Bil\u00edng\u00fce Espa\u00f1ol\/Ingl\u00e9s. gestiona y mantiene varias p\u00e1ginas web cristianas y vicencianas, incluida including La Red de Formaci\u00f3n Vicenciana, de la que es cofundador. Actualmente es responsable del \u00e1rea de Espa\u00f1ol de .famvin, la Red de Noticias de la Familia Vicenciana. Tambi\u00e9n es m\u00fasico cat\u00f3lico y ha editado varios discos. Es Director General y cofundador de Trovador, una reconocida compa\u00f1\u00eda discogr\u00e1fica critiana de Espa\u00f1a. Trabaja en las Tecnolog\u00edas de la Informaci\u00f3n, ofreciendo servicios de alojamiento, dise\u00f1o y mantenimiento Web, as\u00ed como asesoramiento, formaci\u00f3n y soluciones inform\u00e1ticas, gesti\u00f3n documental y digitalizaci\u00f3n de textos, edici\u00f3n y maquetaci\u00f3n de libros, revistas, flyers, etc.","sameAs":["http:\/\/chento.org","https:\/\/www.facebook.com\/JavierChento","https:\/\/x.com\/https:\/\/twitter.com\/javierchento"],"url":"http:\/\/vincentians.com\/es\/author\/chento\/"}]}},"jetpack_publicize_connections":[],"jetpack_featured_media_url":"https:\/\/i0.wp.com\/vincentians.com\/es\/wp-content\/uploads\/sites\/11\/2016\/07\/reflexiones-palabra-de-dios.jpg?fit=1200%2C630","jetpack_sharing_enabled":true,"jetpack_shortlink":"https:\/\/wp.me\/p7ETMF-Bnl","jetpack-related-posts":[{"id":144462,"url":"http:\/\/vincentians.com\/es\/6o-domingo-de-pascua-reflexion-de-jose-roman-flecha-3\/","url_meta":{"origin":143675,"position":0},"title":"6\u00ba Domingo de Pascua (reflexi\u00f3n de Jos\u00e9 Rom\u00e1n Flecha)","author":"Francisco Javier Fern\u00e1ndez Chento","date":"04\/05\/2015","format":false,"excerpt":"EL AMOR Y LA ALEGR\u00cdA Domingo 6\u00ba de Pascua. B. 10 de mayo de 2015 \u201cEst\u00e1 claro que Dios no hace distinciones: acepta al que lo teme y practica la justicia, sea de la naci\u00f3n que sea\u201d. Con esas palabras se presenta Pedro ante el centuri\u00f3n Cornelio, seg\u00fan se nos\u2026","rel":"","context":"En \u00abHomil\u00edas y reflexiones, A\u00f1o B\u00bb","block_context":{"text":"Homil\u00edas y reflexiones, A\u00f1o B","link":"http:\/\/vincentians.com\/es\/category\/homilias-y-reflexiones-a-la-palabra-de-dios\/homilias-y-reflexiones-ano-b\/"},"img":{"alt_text":"","src":"https:\/\/i0.wp.com\/vincentians.com\/es\/wp-content\/uploads\/sites\/11\/2016\/07\/reflexiones-palabra-de-dios.jpg?fit=1200%2C630&resize=350%2C200","width":350,"height":200,"srcset":"https:\/\/i0.wp.com\/vincentians.com\/es\/wp-content\/uploads\/sites\/11\/2016\/07\/reflexiones-palabra-de-dios.jpg?fit=1200%2C630&resize=350%2C200 1x, https:\/\/i0.wp.com\/vincentians.com\/es\/wp-content\/uploads\/sites\/11\/2016\/07\/reflexiones-palabra-de-dios.jpg?fit=1200%2C630&resize=525%2C300 1.5x, https:\/\/i0.wp.com\/vincentians.com\/es\/wp-content\/uploads\/sites\/11\/2016\/07\/reflexiones-palabra-de-dios.jpg?fit=1200%2C630&resize=700%2C400 2x, https:\/\/i0.wp.com\/vincentians.com\/es\/wp-content\/uploads\/sites\/11\/2016\/07\/reflexiones-palabra-de-dios.jpg?fit=1200%2C630&resize=1050%2C600 3x"},"classes":[]},{"id":143891,"url":"http:\/\/vincentians.com\/es\/4o-domingo-de-pascua-reflexion-de-jose-cervantes-gabarron-4\/","url_meta":{"origin":143675,"position":1},"title":"4\u00ba Domingo de Pascua (reflexi\u00f3n de Jos\u00e9 Cervantes Gabarr\u00f3n)","author":"Francisco Javier Fern\u00e1ndez Chento","date":"26\/04\/2015","format":false,"excerpt":"El domingo del buen Pastor Este\u00a0domingo pascual del Buen Pastor\u00a0est\u00e1 dedicado en la Iglesia Cat\u00f3lica a la oraci\u00f3n por las vocaciones a la vida consagrada para que, en la misi\u00f3n evangelizadora, surjan hombres y mujeres que sigan las huellas del \u00fanico Pastor. Seguir las huellas de Jesucristo en su camino\u2026","rel":"","context":"En \u00abHomil\u00edas y reflexiones, A\u00f1o B\u00bb","block_context":{"text":"Homil\u00edas y reflexiones, A\u00f1o B","link":"http:\/\/vincentians.com\/es\/category\/homilias-y-reflexiones-a-la-palabra-de-dios\/homilias-y-reflexiones-ano-b\/"},"img":{"alt_text":"","src":"https:\/\/i0.wp.com\/vincentians.com\/es\/wp-content\/uploads\/sites\/11\/2016\/07\/reflexiones-palabra-de-dios.jpg?fit=1200%2C630&resize=350%2C200","width":350,"height":200,"srcset":"https:\/\/i0.wp.com\/vincentians.com\/es\/wp-content\/uploads\/sites\/11\/2016\/07\/reflexiones-palabra-de-dios.jpg?fit=1200%2C630&resize=350%2C200 1x, https:\/\/i0.wp.com\/vincentians.com\/es\/wp-content\/uploads\/sites\/11\/2016\/07\/reflexiones-palabra-de-dios.jpg?fit=1200%2C630&resize=525%2C300 1.5x, https:\/\/i0.wp.com\/vincentians.com\/es\/wp-content\/uploads\/sites\/11\/2016\/07\/reflexiones-palabra-de-dios.jpg?fit=1200%2C630&resize=700%2C400 2x, https:\/\/i0.wp.com\/vincentians.com\/es\/wp-content\/uploads\/sites\/11\/2016\/07\/reflexiones-palabra-de-dios.jpg?fit=1200%2C630&resize=1050%2C600 3x"},"classes":[]},{"id":142760,"url":"http:\/\/vincentians.com\/es\/domingo-de-resurreccion-reflexion-de-jose-roman-flecha-3\/","url_meta":{"origin":143675,"position":2},"title":"Domingo de Resurrecci\u00f3n (reflexi\u00f3n de Jos\u00e9 Rom\u00e1n Flecha)","author":"Francisco Javier Fern\u00e1ndez Chento","date":"31\/03\/2015","format":false,"excerpt":"EL D\u00cdA DEL TESTIMONIO Domingo de Pascua de la Resurrecci\u00f3n del Se\u00f1or. B. 5 de abril de 2015 \u201cDios lo resucit\u00f3 al tercer d\u00eda y nos lo hizo ver, no a todo el pueblo sino a los testigos que \u00e9l hab\u00eda designado: a nosotros que hemos comido y bebido con\u2026","rel":"","context":"En \u00abHomil\u00edas y reflexiones, A\u00f1o B\u00bb","block_context":{"text":"Homil\u00edas y reflexiones, A\u00f1o B","link":"http:\/\/vincentians.com\/es\/category\/homilias-y-reflexiones-a-la-palabra-de-dios\/homilias-y-reflexiones-ano-b\/"},"img":{"alt_text":"","src":"https:\/\/i0.wp.com\/vincentians.com\/es\/wp-content\/uploads\/sites\/11\/2016\/07\/reflexiones-palabra-de-dios.jpg?fit=1200%2C630&resize=350%2C200","width":350,"height":200,"srcset":"https:\/\/i0.wp.com\/vincentians.com\/es\/wp-content\/uploads\/sites\/11\/2016\/07\/reflexiones-palabra-de-dios.jpg?fit=1200%2C630&resize=350%2C200 1x, https:\/\/i0.wp.com\/vincentians.com\/es\/wp-content\/uploads\/sites\/11\/2016\/07\/reflexiones-palabra-de-dios.jpg?fit=1200%2C630&resize=525%2C300 1.5x, https:\/\/i0.wp.com\/vincentians.com\/es\/wp-content\/uploads\/sites\/11\/2016\/07\/reflexiones-palabra-de-dios.jpg?fit=1200%2C630&resize=700%2C400 2x, https:\/\/i0.wp.com\/vincentians.com\/es\/wp-content\/uploads\/sites\/11\/2016\/07\/reflexiones-palabra-de-dios.jpg?fit=1200%2C630&resize=1050%2C600 3x"},"classes":[]},{"id":566,"url":"http:\/\/vincentians.com\/es\/ciclo-a-5%c2%ba-domingo-de-pascua-reflexion-de-mario-yepez-c-m\/","url_meta":{"origin":143675,"position":3},"title":"Ciclo A, 5\u00ba domingo de Pascua (reflexi\u00f3n de Mario Y\u00e9pez, C.M.)","author":"Francisco Javier Fern\u00e1ndez Chento","date":"20\/05\/2011","format":false,"excerpt":"Somos piedras vivas; nos recuerda Pedro en su carta y, lo somos de verdad, porque tambi\u00e9n se nos ha revelado el rostro de Dios en Jesucristo nuestro Salvador. \u00a1Cu\u00e1ntas veces hemos visto la mano de Dios en nuestra vida y seguimos diciendo como Felipe: \u201cmu\u00e9stranos al Padre y eso nos\u2026","rel":"","context":"En \u00abHomil\u00edas y reflexiones, A\u00f1o A\u00bb","block_context":{"text":"Homil\u00edas y reflexiones, A\u00f1o A","link":"http:\/\/vincentians.com\/es\/category\/homilias-y-reflexiones-a-la-palabra-de-dios\/homilias-y-reflexiones-ano-a\/"},"img":{"alt_text":"","src":"https:\/\/i0.wp.com\/vincentians.com\/es\/wp-content\/uploads\/sites\/11\/2016\/07\/reflexiones-palabra-de-dios.jpg?fit=1200%2C630&resize=350%2C200","width":350,"height":200,"srcset":"https:\/\/i0.wp.com\/vincentians.com\/es\/wp-content\/uploads\/sites\/11\/2016\/07\/reflexiones-palabra-de-dios.jpg?fit=1200%2C630&resize=350%2C200 1x, https:\/\/i0.wp.com\/vincentians.com\/es\/wp-content\/uploads\/sites\/11\/2016\/07\/reflexiones-palabra-de-dios.jpg?fit=1200%2C630&resize=525%2C300 1.5x, https:\/\/i0.wp.com\/vincentians.com\/es\/wp-content\/uploads\/sites\/11\/2016\/07\/reflexiones-palabra-de-dios.jpg?fit=1200%2C630&resize=700%2C400 2x, https:\/\/i0.wp.com\/vincentians.com\/es\/wp-content\/uploads\/sites\/11\/2016\/07\/reflexiones-palabra-de-dios.jpg?fit=1200%2C630&resize=1050%2C600 3x"},"classes":[]},{"id":142992,"url":"http:\/\/vincentians.com\/es\/3o-domingo-de-pascua-reflexion-de-jose-antonio-pagola-4\/","url_meta":{"origin":143675,"position":4},"title":"3\u00ba Domingo de Pascua (reflexi\u00f3n de Jos\u00e9 Antonio Pagola)","author":"Francisco Javier Fern\u00e1ndez Chento","date":"13\/04\/2015","format":false,"excerpt":"Creer por experiencia propia No es f\u00e1cil creer en Jes\u00fas resucitado. En \u00faltima instancia es algo que solo puede ser captado y comprendido desde la fe que el mismo Jes\u00fas despierta en nosotros. Si no experimentamos nunca \u00abpor dentro\u00bb la paz y la alegr\u00eda que Jes\u00fas infunde, es dif\u00edcil que\u2026","rel":"","context":"En \u00abHomil\u00edas y reflexiones, A\u00f1o B\u00bb","block_context":{"text":"Homil\u00edas y reflexiones, A\u00f1o B","link":"http:\/\/vincentians.com\/es\/category\/homilias-y-reflexiones-a-la-palabra-de-dios\/homilias-y-reflexiones-ano-b\/"},"img":{"alt_text":"","src":"https:\/\/i0.wp.com\/vincentians.com\/es\/wp-content\/uploads\/sites\/11\/2016\/07\/reflexiones-pagola.jpg?fit=1200%2C630&resize=350%2C200","width":350,"height":200,"srcset":"https:\/\/i0.wp.com\/vincentians.com\/es\/wp-content\/uploads\/sites\/11\/2016\/07\/reflexiones-pagola.jpg?fit=1200%2C630&resize=350%2C200 1x, https:\/\/i0.wp.com\/vincentians.com\/es\/wp-content\/uploads\/sites\/11\/2016\/07\/reflexiones-pagola.jpg?fit=1200%2C630&resize=525%2C300 1.5x, https:\/\/i0.wp.com\/vincentians.com\/es\/wp-content\/uploads\/sites\/11\/2016\/07\/reflexiones-pagola.jpg?fit=1200%2C630&resize=700%2C400 2x, https:\/\/i0.wp.com\/vincentians.com\/es\/wp-content\/uploads\/sites\/11\/2016\/07\/reflexiones-pagola.jpg?fit=1200%2C630&resize=1050%2C600 3x"},"classes":[]},{"id":132434,"url":"http:\/\/vincentians.com\/es\/ciclo-b-5o-domingo-de-cuaresma-reflexion-de-julio-suescun-c-m\/","url_meta":{"origin":143675,"position":5},"title":"5\u00ba Domingo de Cuaresma (reflexi\u00f3n de Julio Suescun, C.M.)","author":"Francisco Javier Fern\u00e1ndez Chento","date":"20\/03\/2012","format":false,"excerpt":"Queremos ver a Jes\u00fas Jerem\u00edas es testigo personal de la postraci\u00f3n en que ha ca\u00eddo el pueblo por haber olvidado la Alianza sellada en el Sina\u00ed. En el destierro, el pueblo ha perdido pr\u00e1cticamente su identidad. Sin templo, sin sacerdotes, sin profetas, se ha identificado con los paganos y se\u2026","rel":"","context":"En \u00abHomil\u00edas y reflexiones, A\u00f1o B\u00bb","block_context":{"text":"Homil\u00edas y reflexiones, A\u00f1o B","link":"http:\/\/vincentians.com\/es\/category\/homilias-y-reflexiones-a-la-palabra-de-dios\/homilias-y-reflexiones-ano-b\/"},"img":{"alt_text":"","src":"https:\/\/i0.wp.com\/vincentians.com\/es\/wp-content\/uploads\/sites\/11\/2016\/07\/reflexiones-palabra-de-dios.jpg?fit=1200%2C630&resize=350%2C200","width":350,"height":200,"srcset":"https:\/\/i0.wp.com\/vincentians.com\/es\/wp-content\/uploads\/sites\/11\/2016\/07\/reflexiones-palabra-de-dios.jpg?fit=1200%2C630&resize=350%2C200 1x, https:\/\/i0.wp.com\/vincentians.com\/es\/wp-content\/uploads\/sites\/11\/2016\/07\/reflexiones-palabra-de-dios.jpg?fit=1200%2C630&resize=525%2C300 1.5x, https:\/\/i0.wp.com\/vincentians.com\/es\/wp-content\/uploads\/sites\/11\/2016\/07\/reflexiones-palabra-de-dios.jpg?fit=1200%2C630&resize=700%2C400 2x, https:\/\/i0.wp.com\/vincentians.com\/es\/wp-content\/uploads\/sites\/11\/2016\/07\/reflexiones-palabra-de-dios.jpg?fit=1200%2C630&resize=1050%2C600 3x"},"classes":[]}],"_links":{"self":[{"href":"http:\/\/vincentians.com\/es\/wp-json\/wp\/v2\/posts\/143675","targetHints":{"allow":["GET"]}}],"collection":[{"href":"http:\/\/vincentians.com\/es\/wp-json\/wp\/v2\/posts"}],"about":[{"href":"http:\/\/vincentians.com\/es\/wp-json\/wp\/v2\/types\/post"}],"author":[{"embeddable":true,"href":"http:\/\/vincentians.com\/es\/wp-json\/wp\/v2\/users\/4"}],"replies":[{"embeddable":true,"href":"http:\/\/vincentians.com\/es\/wp-json\/wp\/v2\/comments?post=143675"}],"version-history":[{"count":0,"href":"http:\/\/vincentians.com\/es\/wp-json\/wp\/v2\/posts\/143675\/revisions"}],"wp:featuredmedia":[{"embeddable":true,"href":"http:\/\/vincentians.com\/es\/wp-json\/wp\/v2\/media\/388408"}],"wp:attachment":[{"href":"http:\/\/vincentians.com\/es\/wp-json\/wp\/v2\/media?parent=143675"}],"wp:term":[{"taxonomy":"category","embeddable":true,"href":"http:\/\/vincentians.com\/es\/wp-json\/wp\/v2\/categories?post=143675"},{"taxonomy":"post_tag","embeddable":true,"href":"http:\/\/vincentians.com\/es\/wp-json\/wp\/v2\/tags?post=143675"}],"curies":[{"name":"wp","href":"https:\/\/api.w.org\/{rel}","templated":true}]}}