{"id":142996,"date":"2015-04-13T16:00:32","date_gmt":"2015-04-13T14:00:32","guid":{"rendered":"http:\/\/somos.vicencianos.org\/?p=142996"},"modified":"2016-07-24T10:27:10","modified_gmt":"2016-07-24T08:27:10","slug":"lectio-para-3o-domingo-de-pascua-preparada-por-chuno-chavez-alva-c-m-2","status":"publish","type":"post","link":"http:\/\/vincentians.com\/es\/lectio-para-3o-domingo-de-pascua-preparada-por-chuno-chavez-alva-c-m-2\/","title":{"rendered":"Lectio para 3\u00ba Domingo de Pascua (preparada por Chuno Ch\u00e1vez Alva, C.M.)"},"content":{"rendered":"<h2 style=\"text-align: center\"><b>Ustedes son testigo de estas cosas<br \/>\n<\/b><\/h2>\n<p><strong>LA PALABRA HOY: <\/strong>Hechos Ap\u00f3stoles 3,13-15.17-19; Salmo 4; 1 Juan 2,1-5; Lucas 24, 35-38<\/p>\n<p><strong>Ambientaci\u00f3n: <\/strong>Cirio pascual, biblia grande, imagen del resucitado<\/p>\n<p><strong>Cantos sugeridos: <\/strong>Cristo es nuestra paz; Te conocimos, Se\u00f1or<\/p>\n<h2>Ambientaci\u00f3n<\/h2>\n<p><em>Los textos de hoy establecen una estrecha relaci\u00f3n entre la experiencia pascual y la necesidad de dar testimonio de ella. \u00bfNuestra fe nos impulsa a ser testigos del Se\u00f1or en medio de este mundo? Abramos, una vez m\u00e1s, los ojos de la fe para reconocer la presencia activa de Cristo Resucitado, que arranca nuestros miedos y nos convierte en testigos de su esperanza.<\/em><\/p>\n<h2>Oraci\u00f3n inicial<\/h2>\n<p>Se\u00f1or Jes\u00fas<br \/>\nT\u00fa que hab\u00edas sido colgado en la cruz<br \/>\ny que te hab\u00edan puesto en un t\u00famulo,<br \/>\nahora te apareces y saludas a tus disc\u00edpulos,<br \/>\ndici\u00e9ndoles: LA PAZ EST\u00c9 CON USTEDES.<br \/>\nTe pedimos que nos ayudes a comprender<br \/>\ntodo el misterio de tu resurrecci\u00f3n y<br \/>\nas\u00ed valorar el hecho de que T\u00fa<br \/>\nque venciste la muerte, ahora est\u00e1s vivo<br \/>\ny est\u00e1s a nuestro lado.<br \/>\nDerrama en nosotros tu Esp\u00edritu Santo<br \/>\npara que sepamos reconocerte en nuestra vida<br \/>\ny tener la certeza y la seguridad<br \/>\nde que est\u00e1s vivo y que est\u00e1s a nuestro lado,<br \/>\nporque has resucitado<br \/>\ny que nos implicas y comprometes en tu misi\u00f3n.<br \/>\nQue as\u00ed sea<\/p>\n<h2>I. Lectio: \u00bfQu\u00e9 dice el texto? \u2013 Lucas 24, 35-38<b><br \/>\n<\/b><\/h2>\n<p><em>Motivaci\u00f3n: Los ap\u00f3stoles iniciaron con ilusi\u00f3n y alegr\u00eda la tarea de proclamar a los cuatro vientos la Buena Noticia de Jes\u00fas. Hoy nos toca a nosotros continuar ese proceso de anuncio y evangelizaci\u00f3n. <\/em><\/p>\n<p><em>Pero para poder hacerlo de manera cre\u00edble y esperanzada, antes hay que vivir una experiencia de encuentro gozoso con Jes\u00fas Resucitado, que haga posible superar las dudas y los miedos que tantas veces nos paralizan. <\/em><\/p>\n<p><strong>Forma de leerlo:<\/strong><\/p>\n<ol>\n<li>Proclamar el texto en voz alta (todos de pie).<\/li>\n<li>Cada uno puede leer en voz alta el vers\u00edculo que m\u00e1s le llam\u00f3 la atenci\u00f3n (sentados).<\/li>\n<\/ol>\n<p><strong>Preguntas para la lectura:<\/strong><\/p>\n<ul>\n<li>\u00bfC\u00f3mo reaccionan los disc\u00edpulos ante la aparici\u00f3n del Resucitado?<\/li>\n<li>\u00bfA trav\u00e9s de qu\u00e9 signos se da Jes\u00fas a conocer a sus disc\u00edpulos?<\/li>\n<li>\u00bfSeg\u00fan la Biblia qu\u00e9 le ten\u00eda que pasar al Mes\u00edas?<\/li>\n<li>\u00bfCon qu\u00e9 palabras se alude a la misi\u00f3n que tendr\u00e1n que realizar los disc\u00edpulos despu\u00e9s de la Pascua?<\/li>\n<\/ul>\n<p><strong>Otros textos b\u00edblicos para confrontar: Lc 24,13-34 , Jn 21,9-10; Jn 14,27<\/strong>.<\/p>\n<h2>II. Meditatio: \u00bfQu\u00e9 me dice? \u00bfQu\u00e9 nos dice el Texto?<\/h2>\n<p><strong><em>Motivaci\u00f3n: <\/em><\/strong><em>Reconocer al Resucitado en nuestras vidas no siempre es tan f\u00e1cil ni inmediato. A veces necesitamos de un largo proceso, en el que vamos captando poco a poco los signos de esta su presencia entre nosotros. Este encuentro conlleva una misi\u00f3n: dar testimonio de \u00c9l y de su proyecto reconciliador ante todas las personas.<\/em><\/p>\n<ul>\n<li>\u00bfD\u00f3nde y c\u00f3mo reconoces los signos de la presencia del Resucitado en tu vida y en los acontecimientos de cada d\u00eda?<\/li>\n<li><em>Jes\u00fas resucitado no es un fantasma, sino aquel que vive y est\u00e1 presente en nuestras vidas. <\/em>\u00bfEst\u00e1s convencido de ello? \u00bfDe qu\u00e9 \u201cfantasmas\u201d tendr\u00edamos que liberarnos para vivir a fondo el mensaje de esperanza de la Pascua?<\/li>\n<li><em>En su nombre se anunciar\u00e1\u2026 la conversi\u00f3n y el perd\u00f3n de los pecados. <\/em>\u00bfC\u00f3mo deber\u00edamos traducir hoy esta misi\u00f3n reconciliadora que nace de la Pascua?<\/li>\n<li><em>No estamos solos en tarea de construir el Reino. Contamos con la fuerza del Esp\u00edritu de Dios. <\/em>\u00bfSientes esta presencia? \u00bfDe qu\u00e9 modo te anima a seguir adelante?<\/li>\n<\/ul>\n<p><em>Luego de un tiempo de meditaci\u00f3n personal, compartimos con sencillez nuestra reflexi\u00f3n, lo que el texto ME dice a mi propia realidad y situaci\u00f3n personal.<\/em><\/p>\n<h2>III. Oratio: \u00bfQu\u00e9 le digo al Se\u00f1or motivado por su Palabra?<\/h2>\n<p><strong><em>Motivaci\u00f3n: <\/em><\/strong><em>El Se\u00f1or est\u00e1 en medio de nosotros y nos comunica su paz. Eso nos libera de nuestros fantasmas y de nuestros miedos. Oremos confiadamente, sabiendo que su Esp\u00edritu nos fortalece para dar testimonio.<\/em><\/p>\n<ul>\n<li>Luego de un tiempo de oraci\u00f3n personal, podemos compartir en voz alta nuestra oraci\u00f3n, siempre dirigi\u00e9ndonos a Dios mediante la alabanza, la acci\u00f3n de gracias o la s\u00faplica confiada.<\/li>\n<li>Se puede, tambi\u00e9n, recitar el salmo responsorial que corresponde a este domingo <em>(Salmo 4).<\/em><\/li>\n<\/ul>\n<h2>IV. Contemplatio: \u00bfQu\u00e9 me lleva a hacer el texto?<\/h2>\n<p><strong><em>Motivaci\u00f3n: <\/em><\/strong>En la Eucarist\u00eda, podemos reconocer y adorar al Resucitado. En ella, el disc\u00edpulo encuentra la fuerza para su labor misionera. San Vicente exhortaba a vivirla, interiorizarla y celebrarla intensamente. En una conferencia a las Hijas de la Caridad les dice:<\/p>\n<p><em>\u201cHermanas m\u00edas, la Hija de la Caridad que ha comulgado bien no har\u00e1 nada que no sea agradable a Dios; porque har\u00e1 las acciones del mismo Dios\u2026 As\u00ed pues, cuando vean a una Hija de la Caridad servir a los pobres con amor, con mansedumbre, con desvelo, pueden decir sin reparo alguno: Esta hermana ha comulgado bien\u201d (SV IX, 331-333)<\/em><\/p>\n<ul>\n<li><strong>Compromiso personal:<\/strong> Convertir mis temores en <em>opci\u00f3n <\/em>por llevar la presencia del Resucitado a quienes no conocen el poder de su Resurrecci\u00f3n y su paz.<\/li>\n<li><em>La paz comienza con una sonrisa (Madre Teresa de Calcuta). <\/em>Compartir el don de la paz del Resucitado con las personas que est\u00e1n a mi alrededor.<\/li>\n<\/ul>\n<h2>Oraci\u00f3n final<\/h2>\n<p>Te damos gracias,<br \/>\nOh Cristo resucitado, vida y paz nuestra.<br \/>\nHoy en tu visita gloriosa,<br \/>\nhas atravesado las puertas de nuestro ego\u00edsmo<br \/>\ny las murallas de nuestros temores.<br \/>\nHas sido T\u00fa quien nos has enviado,<br \/>\na entrar en toda casa donde se vive en temor<br \/>\ny donde no se conoce el perd\u00f3n de Dios.<br \/>\nT\u00fa eres nuestra paz<br \/>\n\u00a1Oh Cristo que nos visitas!<br \/>\nReina sobre nosotros,<br \/>\ny ens\u00e9\u00f1anos a devolver perd\u00f3n por odio,<br \/>\nreconciliaci\u00f3n por ofensa recibida.<br \/>\nPara que tu luz sea recibida abundantemente,<br \/>\nen nuestra tierra que la desea,<br \/>\ncomo te desea a Ti mismo,<br \/>\noh Cristo resucitado, nuestra paz verdadera.<br \/>\nAm\u00e9n.<\/p>\n","protected":false},"excerpt":{"rendered":"<p>Ustedes son testigo de estas cosas LA PALABRA HOY: Hechos Ap\u00f3stoles 3,13-15.17-19; Salmo 4; 1 Juan 2,1-5; Lucas 24, 35-38 Ambientaci\u00f3n: Cirio pascual, biblia grande, imagen del resucitado Cantos sugeridos: Cristo es nuestra paz; Te &#8230; <a href=\"http:\/\/vincentians.com\/es\/lectio-para-3o-domingo-de-pascua-preparada-por-chuno-chavez-alva-c-m-2\/\" class=\"more-link\">Read More<\/a><\/p>\n","protected":false},"author":4,"featured_media":388408,"comment_status":"open","ping_status":"open","sticky":false,"template":"","format":"standard","meta":{"jetpack_post_was_ever_published":false,"_jetpack_newsletter_access":"","_jetpack_dont_email_post_to_subs":false,"_jetpack_newsletter_tier_id":0,"_jetpack_memberships_contains_paywalled_content":false,"_jetpack_memberships_contains_paid_content":false,"footnotes":"","jetpack_publicize_message":"","jetpack_publicize_feature_enabled":true,"jetpack_social_post_already_shared":true,"jetpack_social_options":{"image_generator_settings":{"template":"highway","default_image_id":0,"font":"","enabled":false},"version":2}},"categories":[93],"tags":[],"class_list":["post-142996","post","type-post","status-publish","format-standard","has-post-thumbnail","hentry","category-homilias-y-reflexiones-ano-b"],"yoast_head":"<!-- This site is optimized with the Yoast SEO plugin v26.3 - https:\/\/yoast.com\/wordpress\/plugins\/seo\/ -->\n<title>Lectio para 3\u00ba Domingo de Pascua (preparada por Chuno Ch\u00e1vez Alva, C.M.) - Somos Vicencianos<\/title>\n<meta name=\"robots\" content=\"index, follow, max-snippet:-1, max-image-preview:large, max-video-preview:-1\" \/>\n<link rel=\"canonical\" href=\"http:\/\/vincentians.com\/es\/lectio-para-3o-domingo-de-pascua-preparada-por-chuno-chavez-alva-c-m-2\/\" \/>\n<meta property=\"og:locale\" content=\"es_ES\" \/>\n<meta property=\"og:type\" content=\"article\" \/>\n<meta property=\"og:title\" content=\"Lectio para 3\u00ba Domingo de Pascua (preparada por Chuno Ch\u00e1vez Alva, C.M.) - Somos Vicencianos\" \/>\n<meta property=\"og:description\" content=\"Ustedes son testigo de estas cosas LA PALABRA HOY: Hechos Ap\u00f3stoles 3,13-15.17-19; Salmo 4; 1 Juan 2,1-5; Lucas 24, 35-38 Ambientaci\u00f3n: Cirio pascual, biblia grande, imagen del resucitado Cantos sugeridos: Cristo es nuestra paz; Te ... Read More\" \/>\n<meta property=\"og:url\" content=\"http:\/\/vincentians.com\/es\/lectio-para-3o-domingo-de-pascua-preparada-por-chuno-chavez-alva-c-m-2\/\" \/>\n<meta property=\"og:site_name\" content=\"Somos Vicencianos\" \/>\n<meta property=\"article:publisher\" content=\"https:\/\/www.facebook.com\/WeAreVincentians\/\" \/>\n<meta property=\"article:author\" content=\"https:\/\/www.facebook.com\/JavierChento\" \/>\n<meta property=\"article:published_time\" content=\"2015-04-13T14:00:32+00:00\" \/>\n<meta property=\"article:modified_time\" content=\"2016-07-24T08:27:10+00:00\" \/>\n<meta property=\"og:image\" content=\"https:\/\/i0.wp.com\/vincentians.com\/es\/wp-content\/uploads\/sites\/11\/2016\/07\/reflexiones-palabra-de-dios.jpg?fit=1200%2C630\" \/>\n\t<meta property=\"og:image:width\" content=\"1200\" \/>\n\t<meta property=\"og:image:height\" content=\"630\" \/>\n\t<meta property=\"og:image:type\" content=\"image\/jpeg\" \/>\n<meta name=\"author\" content=\"Francisco Javier Fern\u00e1ndez Chento\" \/>\n<meta name=\"twitter:card\" content=\"summary_large_image\" \/>\n<meta name=\"twitter:creator\" content=\"@https:\/\/twitter.com\/javierchento\" \/>\n<meta name=\"twitter:site\" content=\"@WeVincentians\" \/>\n<meta name=\"twitter:label1\" content=\"Escrito por\" \/>\n\t<meta name=\"twitter:data1\" content=\"Francisco Javier Fern\u00e1ndez Chento\" \/>\n\t<meta name=\"twitter:label2\" content=\"Tiempo de lectura\" \/>\n\t<meta name=\"twitter:data2\" content=\"5 minutos\" \/>\n<script type=\"application\/ld+json\" class=\"yoast-schema-graph\">{\"@context\":\"https:\/\/schema.org\",\"@graph\":[{\"@type\":\"Article\",\"@id\":\"http:\/\/vincentians.com\/es\/lectio-para-3o-domingo-de-pascua-preparada-por-chuno-chavez-alva-c-m-2\/#article\",\"isPartOf\":{\"@id\":\"http:\/\/vincentians.com\/es\/lectio-para-3o-domingo-de-pascua-preparada-por-chuno-chavez-alva-c-m-2\/\"},\"author\":{\"name\":\"Francisco Javier Fern\u00e1ndez Chento\",\"@id\":\"http:\/\/vincentians.com\/es\/#\/schema\/person\/9623ef4d9aa3b2dfb8c061f1499288f2\"},\"headline\":\"Lectio para 3\u00ba Domingo de Pascua (preparada por Chuno Ch\u00e1vez Alva, C.M.)\",\"datePublished\":\"2015-04-13T14:00:32+00:00\",\"dateModified\":\"2016-07-24T08:27:10+00:00\",\"mainEntityOfPage\":{\"@id\":\"http:\/\/vincentians.com\/es\/lectio-para-3o-domingo-de-pascua-preparada-por-chuno-chavez-alva-c-m-2\/\"},\"wordCount\":1035,\"commentCount\":0,\"publisher\":{\"@id\":\"http:\/\/vincentians.com\/es\/#organization\"},\"image\":{\"@id\":\"http:\/\/vincentians.com\/es\/lectio-para-3o-domingo-de-pascua-preparada-por-chuno-chavez-alva-c-m-2\/#primaryimage\"},\"thumbnailUrl\":\"https:\/\/i0.wp.com\/vincentians.com\/es\/wp-content\/uploads\/sites\/11\/2016\/07\/reflexiones-palabra-de-dios.jpg?fit=1200%2C630\",\"articleSection\":[\"Homil\u00edas y reflexiones, A\u00f1o B\"],\"inLanguage\":\"es\",\"potentialAction\":[{\"@type\":\"CommentAction\",\"name\":\"Comment\",\"target\":[\"http:\/\/vincentians.com\/es\/lectio-para-3o-domingo-de-pascua-preparada-por-chuno-chavez-alva-c-m-2\/#respond\"]}]},{\"@type\":\"WebPage\",\"@id\":\"http:\/\/vincentians.com\/es\/lectio-para-3o-domingo-de-pascua-preparada-por-chuno-chavez-alva-c-m-2\/\",\"url\":\"http:\/\/vincentians.com\/es\/lectio-para-3o-domingo-de-pascua-preparada-por-chuno-chavez-alva-c-m-2\/\",\"name\":\"Lectio para 3\u00ba Domingo de Pascua (preparada por Chuno Ch\u00e1vez Alva, C.M.) - Somos Vicencianos\",\"isPartOf\":{\"@id\":\"http:\/\/vincentians.com\/es\/#website\"},\"primaryImageOfPage\":{\"@id\":\"http:\/\/vincentians.com\/es\/lectio-para-3o-domingo-de-pascua-preparada-por-chuno-chavez-alva-c-m-2\/#primaryimage\"},\"image\":{\"@id\":\"http:\/\/vincentians.com\/es\/lectio-para-3o-domingo-de-pascua-preparada-por-chuno-chavez-alva-c-m-2\/#primaryimage\"},\"thumbnailUrl\":\"https:\/\/i0.wp.com\/vincentians.com\/es\/wp-content\/uploads\/sites\/11\/2016\/07\/reflexiones-palabra-de-dios.jpg?fit=1200%2C630\",\"datePublished\":\"2015-04-13T14:00:32+00:00\",\"dateModified\":\"2016-07-24T08:27:10+00:00\",\"breadcrumb\":{\"@id\":\"http:\/\/vincentians.com\/es\/lectio-para-3o-domingo-de-pascua-preparada-por-chuno-chavez-alva-c-m-2\/#breadcrumb\"},\"inLanguage\":\"es\",\"potentialAction\":[{\"@type\":\"ReadAction\",\"target\":[\"http:\/\/vincentians.com\/es\/lectio-para-3o-domingo-de-pascua-preparada-por-chuno-chavez-alva-c-m-2\/\"]}]},{\"@type\":\"ImageObject\",\"inLanguage\":\"es\",\"@id\":\"http:\/\/vincentians.com\/es\/lectio-para-3o-domingo-de-pascua-preparada-por-chuno-chavez-alva-c-m-2\/#primaryimage\",\"url\":\"https:\/\/i0.wp.com\/vincentians.com\/es\/wp-content\/uploads\/sites\/11\/2016\/07\/reflexiones-palabra-de-dios.jpg?fit=1200%2C630\",\"contentUrl\":\"https:\/\/i0.wp.com\/vincentians.com\/es\/wp-content\/uploads\/sites\/11\/2016\/07\/reflexiones-palabra-de-dios.jpg?fit=1200%2C630\",\"width\":1200,\"height\":630},{\"@type\":\"BreadcrumbList\",\"@id\":\"http:\/\/vincentians.com\/es\/lectio-para-3o-domingo-de-pascua-preparada-por-chuno-chavez-alva-c-m-2\/#breadcrumb\",\"itemListElement\":[{\"@type\":\"ListItem\",\"position\":1,\"name\":\"Portada\",\"item\":\"http:\/\/vincentians.com\/es\/\"},{\"@type\":\"ListItem\",\"position\":2,\"name\":\"Lectio para 3\u00ba Domingo de Pascua (preparada por Chuno Ch\u00e1vez Alva, C.M.)\"}]},{\"@type\":\"WebSite\",\"@id\":\"http:\/\/vincentians.com\/es\/#website\",\"url\":\"http:\/\/vincentians.com\/es\/\",\"name\":\"Somos Vicencianos\",\"description\":\"Know more to serve more\",\"publisher\":{\"@id\":\"http:\/\/vincentians.com\/es\/#organization\"},\"potentialAction\":[{\"@type\":\"SearchAction\",\"target\":{\"@type\":\"EntryPoint\",\"urlTemplate\":\"http:\/\/vincentians.com\/es\/?s={search_term_string}\"},\"query-input\":{\"@type\":\"PropertyValueSpecification\",\"valueRequired\":true,\"valueName\":\"search_term_string\"}}],\"inLanguage\":\"es\"},{\"@type\":\"Organization\",\"@id\":\"http:\/\/vincentians.com\/es\/#organization\",\"name\":\"The Vincentian Network\",\"url\":\"http:\/\/vincentians.com\/es\/\",\"logo\":{\"@type\":\"ImageObject\",\"inLanguage\":\"es\",\"@id\":\"http:\/\/vincentians.com\/es\/#\/schema\/logo\/image\/\",\"url\":\"https:\/\/i1.wp.com\/vincentians.com\/es\/wp-content\/uploads\/sites\/11\/2016\/06\/Vincentian-Network-logo-big.png?fit=778%2C778\",\"contentUrl\":\"https:\/\/i1.wp.com\/vincentians.com\/es\/wp-content\/uploads\/sites\/11\/2016\/06\/Vincentian-Network-logo-big.png?fit=778%2C778\",\"width\":778,\"height\":778,\"caption\":\"The Vincentian Network\"},\"image\":{\"@id\":\"http:\/\/vincentians.com\/es\/#\/schema\/logo\/image\/\"},\"sameAs\":[\"https:\/\/www.facebook.com\/WeAreVincentians\/\",\"https:\/\/x.com\/WeVincentians\"]},{\"@type\":\"Person\",\"@id\":\"http:\/\/vincentians.com\/es\/#\/schema\/person\/9623ef4d9aa3b2dfb8c061f1499288f2\",\"name\":\"Francisco Javier Fern\u00e1ndez Chento\",\"image\":{\"@type\":\"ImageObject\",\"inLanguage\":\"es\",\"@id\":\"http:\/\/vincentians.com\/es\/#\/schema\/person\/image\/\",\"url\":\"https:\/\/secure.gravatar.com\/avatar\/497d5cde87b4c3d097d0315953521681ba2cd523ee66e5077c3711f7021e65de?s=96&d=mm&r=g\",\"contentUrl\":\"https:\/\/secure.gravatar.com\/avatar\/497d5cde87b4c3d097d0315953521681ba2cd523ee66e5077c3711f7021e65de?s=96&d=mm&r=g\",\"caption\":\"Francisco Javier Fern\u00e1ndez Chento\"},\"description\":\"Director General y cofundador de La Red de Formaci\u00f3n Vicenciana. Javier es laico vicenciano, afiliado a la Congregaci\u00f3n de la Misi\u00f3n y miembro del Equipo de Misiones Populares de la provincia can\u00f3nica de Zaragoza (Espa\u00f1a) de la Congregaci\u00f3n de la Misi\u00f3n. Graduado en la Universidad Oberta de Catalunya con cuatro grados (Asistente de direcci\u00f3n, Gesti\u00f3n Administrativa, Recursos Humanos y Contabilidad Avanzada). Bil\u00edng\u00fce Espa\u00f1ol\/Ingl\u00e9s. gestiona y mantiene varias p\u00e1ginas web cristianas y vicencianas, incluida including La Red de Formaci\u00f3n Vicenciana, de la que es cofundador. Actualmente es responsable del \u00e1rea de Espa\u00f1ol de .famvin, la Red de Noticias de la Familia Vicenciana. Tambi\u00e9n es m\u00fasico cat\u00f3lico y ha editado varios discos. Es Director General y cofundador de Trovador, una reconocida compa\u00f1\u00eda discogr\u00e1fica critiana de Espa\u00f1a. Trabaja en las Tecnolog\u00edas de la Informaci\u00f3n, ofreciendo servicios de alojamiento, dise\u00f1o y mantenimiento Web, as\u00ed como asesoramiento, formaci\u00f3n y soluciones inform\u00e1ticas, gesti\u00f3n documental y digitalizaci\u00f3n de textos, edici\u00f3n y maquetaci\u00f3n de libros, revistas, flyers, etc.\",\"sameAs\":[\"http:\/\/chento.org\",\"https:\/\/www.facebook.com\/JavierChento\",\"https:\/\/x.com\/https:\/\/twitter.com\/javierchento\"],\"url\":\"http:\/\/vincentians.com\/es\/author\/chento\/\"}]}<\/script>\n<!-- \/ Yoast SEO plugin. -->","yoast_head_json":{"title":"Lectio para 3\u00ba Domingo de Pascua (preparada por Chuno Ch\u00e1vez Alva, C.M.) - Somos Vicencianos","robots":{"index":"index","follow":"follow","max-snippet":"max-snippet:-1","max-image-preview":"max-image-preview:large","max-video-preview":"max-video-preview:-1"},"canonical":"http:\/\/vincentians.com\/es\/lectio-para-3o-domingo-de-pascua-preparada-por-chuno-chavez-alva-c-m-2\/","og_locale":"es_ES","og_type":"article","og_title":"Lectio para 3\u00ba Domingo de Pascua (preparada por Chuno Ch\u00e1vez Alva, C.M.) - Somos Vicencianos","og_description":"Ustedes son testigo de estas cosas LA PALABRA HOY: Hechos Ap\u00f3stoles 3,13-15.17-19; Salmo 4; 1 Juan 2,1-5; Lucas 24, 35-38 Ambientaci\u00f3n: Cirio pascual, biblia grande, imagen del resucitado Cantos sugeridos: Cristo es nuestra paz; Te ... Read More","og_url":"http:\/\/vincentians.com\/es\/lectio-para-3o-domingo-de-pascua-preparada-por-chuno-chavez-alva-c-m-2\/","og_site_name":"Somos Vicencianos","article_publisher":"https:\/\/www.facebook.com\/WeAreVincentians\/","article_author":"https:\/\/www.facebook.com\/JavierChento","article_published_time":"2015-04-13T14:00:32+00:00","article_modified_time":"2016-07-24T08:27:10+00:00","og_image":[{"width":1200,"height":630,"url":"https:\/\/i0.wp.com\/vincentians.com\/es\/wp-content\/uploads\/sites\/11\/2016\/07\/reflexiones-palabra-de-dios.jpg?fit=1200%2C630","type":"image\/jpeg"}],"author":"Francisco Javier Fern\u00e1ndez Chento","twitter_card":"summary_large_image","twitter_creator":"@https:\/\/twitter.com\/javierchento","twitter_site":"@WeVincentians","twitter_misc":{"Escrito por":"Francisco Javier Fern\u00e1ndez Chento","Tiempo de lectura":"5 minutos"},"schema":{"@context":"https:\/\/schema.org","@graph":[{"@type":"Article","@id":"http:\/\/vincentians.com\/es\/lectio-para-3o-domingo-de-pascua-preparada-por-chuno-chavez-alva-c-m-2\/#article","isPartOf":{"@id":"http:\/\/vincentians.com\/es\/lectio-para-3o-domingo-de-pascua-preparada-por-chuno-chavez-alva-c-m-2\/"},"author":{"name":"Francisco Javier Fern\u00e1ndez Chento","@id":"http:\/\/vincentians.com\/es\/#\/schema\/person\/9623ef4d9aa3b2dfb8c061f1499288f2"},"headline":"Lectio para 3\u00ba Domingo de Pascua (preparada por Chuno Ch\u00e1vez Alva, C.M.)","datePublished":"2015-04-13T14:00:32+00:00","dateModified":"2016-07-24T08:27:10+00:00","mainEntityOfPage":{"@id":"http:\/\/vincentians.com\/es\/lectio-para-3o-domingo-de-pascua-preparada-por-chuno-chavez-alva-c-m-2\/"},"wordCount":1035,"commentCount":0,"publisher":{"@id":"http:\/\/vincentians.com\/es\/#organization"},"image":{"@id":"http:\/\/vincentians.com\/es\/lectio-para-3o-domingo-de-pascua-preparada-por-chuno-chavez-alva-c-m-2\/#primaryimage"},"thumbnailUrl":"https:\/\/i0.wp.com\/vincentians.com\/es\/wp-content\/uploads\/sites\/11\/2016\/07\/reflexiones-palabra-de-dios.jpg?fit=1200%2C630","articleSection":["Homil\u00edas y reflexiones, A\u00f1o B"],"inLanguage":"es","potentialAction":[{"@type":"CommentAction","name":"Comment","target":["http:\/\/vincentians.com\/es\/lectio-para-3o-domingo-de-pascua-preparada-por-chuno-chavez-alva-c-m-2\/#respond"]}]},{"@type":"WebPage","@id":"http:\/\/vincentians.com\/es\/lectio-para-3o-domingo-de-pascua-preparada-por-chuno-chavez-alva-c-m-2\/","url":"http:\/\/vincentians.com\/es\/lectio-para-3o-domingo-de-pascua-preparada-por-chuno-chavez-alva-c-m-2\/","name":"Lectio para 3\u00ba Domingo de Pascua (preparada por Chuno Ch\u00e1vez Alva, C.M.) - Somos Vicencianos","isPartOf":{"@id":"http:\/\/vincentians.com\/es\/#website"},"primaryImageOfPage":{"@id":"http:\/\/vincentians.com\/es\/lectio-para-3o-domingo-de-pascua-preparada-por-chuno-chavez-alva-c-m-2\/#primaryimage"},"image":{"@id":"http:\/\/vincentians.com\/es\/lectio-para-3o-domingo-de-pascua-preparada-por-chuno-chavez-alva-c-m-2\/#primaryimage"},"thumbnailUrl":"https:\/\/i0.wp.com\/vincentians.com\/es\/wp-content\/uploads\/sites\/11\/2016\/07\/reflexiones-palabra-de-dios.jpg?fit=1200%2C630","datePublished":"2015-04-13T14:00:32+00:00","dateModified":"2016-07-24T08:27:10+00:00","breadcrumb":{"@id":"http:\/\/vincentians.com\/es\/lectio-para-3o-domingo-de-pascua-preparada-por-chuno-chavez-alva-c-m-2\/#breadcrumb"},"inLanguage":"es","potentialAction":[{"@type":"ReadAction","target":["http:\/\/vincentians.com\/es\/lectio-para-3o-domingo-de-pascua-preparada-por-chuno-chavez-alva-c-m-2\/"]}]},{"@type":"ImageObject","inLanguage":"es","@id":"http:\/\/vincentians.com\/es\/lectio-para-3o-domingo-de-pascua-preparada-por-chuno-chavez-alva-c-m-2\/#primaryimage","url":"https:\/\/i0.wp.com\/vincentians.com\/es\/wp-content\/uploads\/sites\/11\/2016\/07\/reflexiones-palabra-de-dios.jpg?fit=1200%2C630","contentUrl":"https:\/\/i0.wp.com\/vincentians.com\/es\/wp-content\/uploads\/sites\/11\/2016\/07\/reflexiones-palabra-de-dios.jpg?fit=1200%2C630","width":1200,"height":630},{"@type":"BreadcrumbList","@id":"http:\/\/vincentians.com\/es\/lectio-para-3o-domingo-de-pascua-preparada-por-chuno-chavez-alva-c-m-2\/#breadcrumb","itemListElement":[{"@type":"ListItem","position":1,"name":"Portada","item":"http:\/\/vincentians.com\/es\/"},{"@type":"ListItem","position":2,"name":"Lectio para 3\u00ba Domingo de Pascua (preparada por Chuno Ch\u00e1vez Alva, C.M.)"}]},{"@type":"WebSite","@id":"http:\/\/vincentians.com\/es\/#website","url":"http:\/\/vincentians.com\/es\/","name":"Somos Vicencianos","description":"Know more to serve more","publisher":{"@id":"http:\/\/vincentians.com\/es\/#organization"},"potentialAction":[{"@type":"SearchAction","target":{"@type":"EntryPoint","urlTemplate":"http:\/\/vincentians.com\/es\/?s={search_term_string}"},"query-input":{"@type":"PropertyValueSpecification","valueRequired":true,"valueName":"search_term_string"}}],"inLanguage":"es"},{"@type":"Organization","@id":"http:\/\/vincentians.com\/es\/#organization","name":"The Vincentian Network","url":"http:\/\/vincentians.com\/es\/","logo":{"@type":"ImageObject","inLanguage":"es","@id":"http:\/\/vincentians.com\/es\/#\/schema\/logo\/image\/","url":"https:\/\/i1.wp.com\/vincentians.com\/es\/wp-content\/uploads\/sites\/11\/2016\/06\/Vincentian-Network-logo-big.png?fit=778%2C778","contentUrl":"https:\/\/i1.wp.com\/vincentians.com\/es\/wp-content\/uploads\/sites\/11\/2016\/06\/Vincentian-Network-logo-big.png?fit=778%2C778","width":778,"height":778,"caption":"The Vincentian Network"},"image":{"@id":"http:\/\/vincentians.com\/es\/#\/schema\/logo\/image\/"},"sameAs":["https:\/\/www.facebook.com\/WeAreVincentians\/","https:\/\/x.com\/WeVincentians"]},{"@type":"Person","@id":"http:\/\/vincentians.com\/es\/#\/schema\/person\/9623ef4d9aa3b2dfb8c061f1499288f2","name":"Francisco Javier Fern\u00e1ndez Chento","image":{"@type":"ImageObject","inLanguage":"es","@id":"http:\/\/vincentians.com\/es\/#\/schema\/person\/image\/","url":"https:\/\/secure.gravatar.com\/avatar\/497d5cde87b4c3d097d0315953521681ba2cd523ee66e5077c3711f7021e65de?s=96&d=mm&r=g","contentUrl":"https:\/\/secure.gravatar.com\/avatar\/497d5cde87b4c3d097d0315953521681ba2cd523ee66e5077c3711f7021e65de?s=96&d=mm&r=g","caption":"Francisco Javier Fern\u00e1ndez Chento"},"description":"Director General y cofundador de La Red de Formaci\u00f3n Vicenciana. Javier es laico vicenciano, afiliado a la Congregaci\u00f3n de la Misi\u00f3n y miembro del Equipo de Misiones Populares de la provincia can\u00f3nica de Zaragoza (Espa\u00f1a) de la Congregaci\u00f3n de la Misi\u00f3n. Graduado en la Universidad Oberta de Catalunya con cuatro grados (Asistente de direcci\u00f3n, Gesti\u00f3n Administrativa, Recursos Humanos y Contabilidad Avanzada). Bil\u00edng\u00fce Espa\u00f1ol\/Ingl\u00e9s. gestiona y mantiene varias p\u00e1ginas web cristianas y vicencianas, incluida including La Red de Formaci\u00f3n Vicenciana, de la que es cofundador. Actualmente es responsable del \u00e1rea de Espa\u00f1ol de .famvin, la Red de Noticias de la Familia Vicenciana. Tambi\u00e9n es m\u00fasico cat\u00f3lico y ha editado varios discos. Es Director General y cofundador de Trovador, una reconocida compa\u00f1\u00eda discogr\u00e1fica critiana de Espa\u00f1a. Trabaja en las Tecnolog\u00edas de la Informaci\u00f3n, ofreciendo servicios de alojamiento, dise\u00f1o y mantenimiento Web, as\u00ed como asesoramiento, formaci\u00f3n y soluciones inform\u00e1ticas, gesti\u00f3n documental y digitalizaci\u00f3n de textos, edici\u00f3n y maquetaci\u00f3n de libros, revistas, flyers, etc.","sameAs":["http:\/\/chento.org","https:\/\/www.facebook.com\/JavierChento","https:\/\/x.com\/https:\/\/twitter.com\/javierchento"],"url":"http:\/\/vincentians.com\/es\/author\/chento\/"}]}},"jetpack_publicize_connections":[],"jetpack_featured_media_url":"https:\/\/i0.wp.com\/vincentians.com\/es\/wp-content\/uploads\/sites\/11\/2016\/07\/reflexiones-palabra-de-dios.jpg?fit=1200%2C630","jetpack_sharing_enabled":true,"jetpack_shortlink":"https:\/\/wp.me\/p7ETMF-Bco","jetpack-related-posts":[{"id":142757,"url":"http:\/\/vincentians.com\/es\/lectio-para-domingo-de-resurreccion-preparada-por-chuno-chavez-alva-c-m-2\/","url_meta":{"origin":142996,"position":0},"title":"Lectio para Domingo de Resurrecci\u00f3n (preparada por Chuno Ch\u00e1vez Alva, C.M.)","author":"Francisco Javier Fern\u00e1ndez Chento","date":"31\/03\/2015","format":false,"excerpt":"No est\u00e1 aqu\u00ed, ha resucitado LA PALABRA HOY: Hechos Ap\u00f3stoles 10, 34a.37-43; Salmo 117; Colosenses 3,1-4; Juan 20, 1-9. Ambientaci\u00f3n: Un cirio, rodeado de flores, imagen del Resucitado, frase: \u201c\u00a1Ha resucitado!\u201d. Una vela por participante Cantos sugeridos: Alegre la ma\u00f1ana; Resucit\u00f3; Haces nuevas todas las cosas Ambientaci\u00f3n Hoy, celebramos la\u2026","rel":"","context":"En \u00abHomil\u00edas y reflexiones, A\u00f1o B\u00bb","block_context":{"text":"Homil\u00edas y reflexiones, A\u00f1o B","link":"http:\/\/vincentians.com\/es\/category\/homilias-y-reflexiones-a-la-palabra-de-dios\/homilias-y-reflexiones-ano-b\/"},"img":{"alt_text":"","src":"https:\/\/i0.wp.com\/vincentians.com\/es\/wp-content\/uploads\/sites\/11\/2016\/07\/reflexiones-palabra-de-dios.jpg?fit=1200%2C630&resize=350%2C200","width":350,"height":200,"srcset":"https:\/\/i0.wp.com\/vincentians.com\/es\/wp-content\/uploads\/sites\/11\/2016\/07\/reflexiones-palabra-de-dios.jpg?fit=1200%2C630&resize=350%2C200 1x, https:\/\/i0.wp.com\/vincentians.com\/es\/wp-content\/uploads\/sites\/11\/2016\/07\/reflexiones-palabra-de-dios.jpg?fit=1200%2C630&resize=525%2C300 1.5x, https:\/\/i0.wp.com\/vincentians.com\/es\/wp-content\/uploads\/sites\/11\/2016\/07\/reflexiones-palabra-de-dios.jpg?fit=1200%2C630&resize=700%2C400 2x, https:\/\/i0.wp.com\/vincentians.com\/es\/wp-content\/uploads\/sites\/11\/2016\/07\/reflexiones-palabra-de-dios.jpg?fit=1200%2C630&resize=1050%2C600 3x"},"classes":[]},{"id":135848,"url":"http:\/\/vincentians.com\/es\/domingo-de-resurreccion-reflexion-de-pedro-guillen-goni-c-m\/","url_meta":{"origin":142996,"position":1},"title":"Domingo de Resurrecci\u00f3n (reflexi\u00f3n de Pedro Guill\u00e9n Go\u00f1i, C.M.)","author":"Francisco Javier Fern\u00e1ndez Chento","date":"28\/03\/2013","format":false,"excerpt":"Iniciamos, con este domingo, el tiempo pascual, un periodo lit\u00fargico que centra nuestro itinerario espiritual en la resurrecci\u00f3n del Se\u00f1or, acontecimiento esencial, \u00fanico, en nuestra vida de fe. Gracias a la resurrecci\u00f3n del Se\u00f1or nuestra fe tiene sentido. Con la resurrecci\u00f3n de Jes\u00fas los disc\u00edpulos creen firmemente en \u00c9l y\u2026","rel":"","context":"En \u00abHomil\u00edas y reflexiones, A\u00f1o C\u00bb","block_context":{"text":"Homil\u00edas y reflexiones, A\u00f1o C","link":"http:\/\/vincentians.com\/es\/category\/homilias-y-reflexiones-a-la-palabra-de-dios\/homilias-y-reflexiones-ano-c\/"},"img":{"alt_text":"","src":"https:\/\/i0.wp.com\/vincentians.com\/es\/wp-content\/uploads\/sites\/11\/2016\/07\/reflexiones-palabra-de-dios.jpg?fit=1200%2C630&resize=350%2C200","width":350,"height":200,"srcset":"https:\/\/i0.wp.com\/vincentians.com\/es\/wp-content\/uploads\/sites\/11\/2016\/07\/reflexiones-palabra-de-dios.jpg?fit=1200%2C630&resize=350%2C200 1x, https:\/\/i0.wp.com\/vincentians.com\/es\/wp-content\/uploads\/sites\/11\/2016\/07\/reflexiones-palabra-de-dios.jpg?fit=1200%2C630&resize=525%2C300 1.5x, https:\/\/i0.wp.com\/vincentians.com\/es\/wp-content\/uploads\/sites\/11\/2016\/07\/reflexiones-palabra-de-dios.jpg?fit=1200%2C630&resize=700%2C400 2x, https:\/\/i0.wp.com\/vincentians.com\/es\/wp-content\/uploads\/sites\/11\/2016\/07\/reflexiones-palabra-de-dios.jpg?fit=1200%2C630&resize=1050%2C600 3x"},"classes":[]},{"id":142785,"url":"http:\/\/vincentians.com\/es\/domingo-de-resurreccion-reflexion-de-pedro-guillen-goni-c-m-3\/","url_meta":{"origin":142996,"position":2},"title":"Domingo de Resurrecci\u00f3n (reflexi\u00f3n de Pedro Guill\u00e9n Go\u00f1i, C.M.)","author":"Francisco Javier Fern\u00e1ndez Chento","date":"02\/04\/2015","format":false,"excerpt":"Iniciamos, con este domingo, el tiempo pascual, un periodo lit\u00fargico que centra nuestro itinerario espiritual en la resurrecci\u00f3n del Se\u00f1or, acontecimiento esencial, \u00fanico y prioritario, en nuestra vida de fe. \u201cSi Cristo no hubiera resucitado vana ser\u00eda nuestra fe\u201d (1 Cor 15,14). La instauraci\u00f3n del Reino de Dios, el anuncio\u2026","rel":"","context":"En \u00abHomil\u00edas y reflexiones, A\u00f1o B\u00bb","block_context":{"text":"Homil\u00edas y reflexiones, A\u00f1o B","link":"http:\/\/vincentians.com\/es\/category\/homilias-y-reflexiones-a-la-palabra-de-dios\/homilias-y-reflexiones-ano-b\/"},"img":{"alt_text":"","src":"https:\/\/i0.wp.com\/vincentians.com\/es\/wp-content\/uploads\/sites\/11\/2016\/07\/reflexiones-palabra-de-dios.jpg?fit=1200%2C630&resize=350%2C200","width":350,"height":200,"srcset":"https:\/\/i0.wp.com\/vincentians.com\/es\/wp-content\/uploads\/sites\/11\/2016\/07\/reflexiones-palabra-de-dios.jpg?fit=1200%2C630&resize=350%2C200 1x, https:\/\/i0.wp.com\/vincentians.com\/es\/wp-content\/uploads\/sites\/11\/2016\/07\/reflexiones-palabra-de-dios.jpg?fit=1200%2C630&resize=525%2C300 1.5x, https:\/\/i0.wp.com\/vincentians.com\/es\/wp-content\/uploads\/sites\/11\/2016\/07\/reflexiones-palabra-de-dios.jpg?fit=1200%2C630&resize=700%2C400 2x, https:\/\/i0.wp.com\/vincentians.com\/es\/wp-content\/uploads\/sites\/11\/2016\/07\/reflexiones-palabra-de-dios.jpg?fit=1200%2C630&resize=1050%2C600 3x"},"classes":[]},{"id":142995,"url":"http:\/\/vincentians.com\/es\/lectio-para-2o-domingo-de-pascua-preparada-por-chuno-chavez-alva-c-m-2\/","url_meta":{"origin":142996,"position":3},"title":"Lectio para 2\u00ba Domingo de Pascua (preparada por Chuno Ch\u00e1vez Alva, C.M.)","author":"Francisco Javier Fern\u00e1ndez Chento","date":"06\/04\/2015","format":false,"excerpt":"Dichosos los que creen sin haber visto LA PALABRA HOY: Hechos Ap\u00f3stoles 4,32-35; Salmo 117; 1 Juan 5,1-6; Juan 20,19-31 Ambientaci\u00f3n: Un cirio, rodeado de flores, imagen del Resucitado, frase: \u201cHemos visto al Se\u00f1or\u201d Cantos sugeridos: Haces nuevas todas las cosas; El Se\u00f1or resucit\u00f3 Ambientaci\u00f3n Las lecturas de hoy nos\u2026","rel":"","context":"En \u00abHomil\u00edas y reflexiones, A\u00f1o B\u00bb","block_context":{"text":"Homil\u00edas y reflexiones, A\u00f1o B","link":"http:\/\/vincentians.com\/es\/category\/homilias-y-reflexiones-a-la-palabra-de-dios\/homilias-y-reflexiones-ano-b\/"},"img":{"alt_text":"","src":"https:\/\/i0.wp.com\/vincentians.com\/es\/wp-content\/uploads\/sites\/11\/2016\/07\/reflexiones-palabra-de-dios.jpg?fit=1200%2C630&resize=350%2C200","width":350,"height":200,"srcset":"https:\/\/i0.wp.com\/vincentians.com\/es\/wp-content\/uploads\/sites\/11\/2016\/07\/reflexiones-palabra-de-dios.jpg?fit=1200%2C630&resize=350%2C200 1x, https:\/\/i0.wp.com\/vincentians.com\/es\/wp-content\/uploads\/sites\/11\/2016\/07\/reflexiones-palabra-de-dios.jpg?fit=1200%2C630&resize=525%2C300 1.5x, https:\/\/i0.wp.com\/vincentians.com\/es\/wp-content\/uploads\/sites\/11\/2016\/07\/reflexiones-palabra-de-dios.jpg?fit=1200%2C630&resize=700%2C400 2x, https:\/\/i0.wp.com\/vincentians.com\/es\/wp-content\/uploads\/sites\/11\/2016\/07\/reflexiones-palabra-de-dios.jpg?fit=1200%2C630&resize=1050%2C600 3x"},"classes":[]},{"id":135847,"url":"http:\/\/vincentians.com\/es\/lectio-divina-para-domingo-de-resurreccion-preparada-por-chuno-chavez-alva-c-m\/","url_meta":{"origin":142996,"position":4},"title":"Lectio Divina para Domingo de Resurrecci\u00f3n (preparada por Chuno Ch\u00e1vez Alva, C.M.)","author":"Francisco Javier Fern\u00e1ndez Chento","date":"25\/03\/2013","format":false,"excerpt":"LA PALABRA HOY: Hechos Ap\u00f3stoles 10, 34a.37-43; Salmo 117; Colosenses 3,1-4; Juan 20, 1-9. Ambientaci\u00f3n: Un cirio, rodeado de flores, imagen del Resucitado, frase: \u201c\u00a1Ha resucitado!\u201d. Una vela por participante Cantos sugeridos: Alegre la ma\u00f1ana; Resucit\u00f3; Haces nuevas todas las cosas Ambientaci\u00f3n Todas las lecturas de hoy se hacen eco\u2026","rel":"","context":"En \u00abHomil\u00edas y reflexiones, A\u00f1o C\u00bb","block_context":{"text":"Homil\u00edas y reflexiones, A\u00f1o C","link":"http:\/\/vincentians.com\/es\/category\/homilias-y-reflexiones-a-la-palabra-de-dios\/homilias-y-reflexiones-ano-c\/"},"img":{"alt_text":"","src":"https:\/\/i0.wp.com\/vincentians.com\/es\/wp-content\/uploads\/sites\/11\/2016\/07\/reflexiones-palabra-de-dios.jpg?fit=1200%2C630&resize=350%2C200","width":350,"height":200,"srcset":"https:\/\/i0.wp.com\/vincentians.com\/es\/wp-content\/uploads\/sites\/11\/2016\/07\/reflexiones-palabra-de-dios.jpg?fit=1200%2C630&resize=350%2C200 1x, https:\/\/i0.wp.com\/vincentians.com\/es\/wp-content\/uploads\/sites\/11\/2016\/07\/reflexiones-palabra-de-dios.jpg?fit=1200%2C630&resize=525%2C300 1.5x, https:\/\/i0.wp.com\/vincentians.com\/es\/wp-content\/uploads\/sites\/11\/2016\/07\/reflexiones-palabra-de-dios.jpg?fit=1200%2C630&resize=700%2C400 2x, https:\/\/i0.wp.com\/vincentians.com\/es\/wp-content\/uploads\/sites\/11\/2016\/07\/reflexiones-palabra-de-dios.jpg?fit=1200%2C630&resize=1050%2C600 3x"},"classes":[]},{"id":136970,"url":"http:\/\/vincentians.com\/es\/ciclo-a-domingo-de-resurreccion-reflexion-de-antonio-elduayen-c-m\/","url_meta":{"origin":142996,"position":5},"title":"Ciclo A, Domingo de Resurrecci\u00f3n (reflexi\u00f3n de Antonio Elduayen, C.M.)","author":"Francisco Javier Fern\u00e1ndez Chento","date":"22\/04\/2011","format":false,"excerpt":"Queridos amigos En esta noche\u00a0\u00a1JESUCRISTO RESUCITO\u2026! Muchos de nosotros le hemos acompa\u00f1ado en Vigilia Pascual, en vigilante espera, hasta que de repente se hizo la luz y todo fue alegr\u00eda, canto, palmas, abrazos\u2026\u00a0\u00a1ALELUYA!, es la palabra que m\u00e1s hemos repetido. En hebreo quiere decir \u00a1Alaben a Yav\u00e9!, y es como\u2026","rel":"","context":"En \u00abHomil\u00edas y reflexiones, A\u00f1o A\u00bb","block_context":{"text":"Homil\u00edas y reflexiones, A\u00f1o A","link":"http:\/\/vincentians.com\/es\/category\/homilias-y-reflexiones-a-la-palabra-de-dios\/homilias-y-reflexiones-ano-a\/"},"img":{"alt_text":"","src":"https:\/\/i0.wp.com\/vincentians.com\/es\/wp-content\/uploads\/sites\/11\/2016\/07\/reflexiones-palabra-de-dios.jpg?fit=1200%2C630&resize=350%2C200","width":350,"height":200,"srcset":"https:\/\/i0.wp.com\/vincentians.com\/es\/wp-content\/uploads\/sites\/11\/2016\/07\/reflexiones-palabra-de-dios.jpg?fit=1200%2C630&resize=350%2C200 1x, https:\/\/i0.wp.com\/vincentians.com\/es\/wp-content\/uploads\/sites\/11\/2016\/07\/reflexiones-palabra-de-dios.jpg?fit=1200%2C630&resize=525%2C300 1.5x, https:\/\/i0.wp.com\/vincentians.com\/es\/wp-content\/uploads\/sites\/11\/2016\/07\/reflexiones-palabra-de-dios.jpg?fit=1200%2C630&resize=700%2C400 2x, https:\/\/i0.wp.com\/vincentians.com\/es\/wp-content\/uploads\/sites\/11\/2016\/07\/reflexiones-palabra-de-dios.jpg?fit=1200%2C630&resize=1050%2C600 3x"},"classes":[]}],"_links":{"self":[{"href":"http:\/\/vincentians.com\/es\/wp-json\/wp\/v2\/posts\/142996","targetHints":{"allow":["GET"]}}],"collection":[{"href":"http:\/\/vincentians.com\/es\/wp-json\/wp\/v2\/posts"}],"about":[{"href":"http:\/\/vincentians.com\/es\/wp-json\/wp\/v2\/types\/post"}],"author":[{"embeddable":true,"href":"http:\/\/vincentians.com\/es\/wp-json\/wp\/v2\/users\/4"}],"replies":[{"embeddable":true,"href":"http:\/\/vincentians.com\/es\/wp-json\/wp\/v2\/comments?post=142996"}],"version-history":[{"count":0,"href":"http:\/\/vincentians.com\/es\/wp-json\/wp\/v2\/posts\/142996\/revisions"}],"wp:featuredmedia":[{"embeddable":true,"href":"http:\/\/vincentians.com\/es\/wp-json\/wp\/v2\/media\/388408"}],"wp:attachment":[{"href":"http:\/\/vincentians.com\/es\/wp-json\/wp\/v2\/media?parent=142996"}],"wp:term":[{"taxonomy":"category","embeddable":true,"href":"http:\/\/vincentians.com\/es\/wp-json\/wp\/v2\/categories?post=142996"},{"taxonomy":"post_tag","embeddable":true,"href":"http:\/\/vincentians.com\/es\/wp-json\/wp\/v2\/tags?post=142996"}],"curies":[{"name":"wp","href":"https:\/\/api.w.org\/{rel}","templated":true}]}}