{"id":142786,"date":"2015-04-02T01:50:50","date_gmt":"2015-04-01T23:50:50","guid":{"rendered":"http:\/\/somos.vicencianos.org\/?p=142786"},"modified":"2016-07-24T10:27:11","modified_gmt":"2016-07-24T08:27:11","slug":"domingo-de-resurreccion-reflexion-de-antonio-elduayen-c-m-3","status":"publish","type":"post","link":"http:\/\/vincentians.com\/es\/domingo-de-resurreccion-reflexion-de-antonio-elduayen-c-m-3\/","title":{"rendered":"Domingo de Resurrecci\u00f3n (reflexi\u00f3n de Antonio Elduayen, C.M.)"},"content":{"rendered":"<p><img data-recalc-dims=\"1\" loading=\"lazy\" decoding=\"async\" class=\"alignright size-full wp-image-74\" title=\"antonio_elduayen\" src=\"https:\/\/i0.wp.com\/vicencianos.org\/wp-content\/2010\/12\/antonio_elduayen.jpg?resize=204%2C225\" alt=\"\" width=\"204\" height=\"225\" \/><\/p>\n<p>Queridos amigos,<\/p>\n<p>Estamos en el d\u00eda m\u00e1s importante del a\u00f1o: Pascua de Resurrecci\u00f3n. Y \u00a1<strong>aleluya!<\/strong>, palabra hebrea que significa Gloria a Dios, es el grito de j\u00fabilo que nos sale incesante del coraz\u00f3n. Porque <strong>Jes\u00fas ha resucitado. <\/strong>Alguien que estaba muerto\u00a0 -\u00a1y qu\u00e9 muerte!- y enterrado de tres d\u00edas, resucit\u00f3. Es la noticia m\u00e1s grande e impactante de la historia: <strong>un hombre, llamado Jes\u00fas, resucit\u00f3 por s\u00ed mismo de entre los muertos\u2026<\/strong><\/p>\n<p>El suceso y la noticia son tan grandes e impresionantes, que nos cuesta creerlas, pero ah\u00ed est\u00e1n, como un <strong>hecho hist\u00f3rico comprobable y comprobado<\/strong>. Nos lo cuentan los cuatro evangelistas (<strong>Mt<\/strong>, cc 26,27 y 28; <strong>Mc<\/strong> cc. 14, 15 y 16; <strong>Lc<\/strong> cc. 22,23 y 24; y <strong>Jn<\/strong> 17,18,19,20 y 21), que hacen de la muerte y resurrecci\u00f3n del Se\u00f1or el <strong>n\u00facleo principal y culminante<\/strong> de sus relatos. Y nos lo cuenta el <em>kerigma<\/em> o predicaci\u00f3n de los ap\u00f3stoles (He 2,14-35; He 3,12-25; He 10,34-43\u2026), centrada en que Jes\u00fas a quien mataron, resucit\u00f3.<\/p>\n<p>La Resurrecci\u00f3n del Se\u00f1or es, sin duda, el acontecimiento m\u00e1s grande de la historia y de la naturaleza, que se supera a s\u00ed misma en la evoluci\u00f3n de la especie. Es tambi\u00e9n el misterio central de la Iglesia y del cristiano, que hacen girar su existencia en torno a la Resurrecci\u00f3n, misterio pascual, que celebramos comunitariamente todos los domingos del a\u00f1o.<br \/>\nPara nosotros, la Resurrecci\u00f3n del Se\u00f1or es ciertamente lo que <strong>da sentido y validez a nuestra fe, <\/strong>pues ser\u00edamos los hombres m\u00e1s infelices si Cristo no hubiese resucitado, como observa S. Pablo (1 Cor 15, 19). Es tambi\u00e9n lo que anima y empuja nuestro empe\u00f1o de hacer realidad en esta vida, <strong>aqu\u00ed abajo y ahora, <\/strong>lo que esperamos obtener <strong>en el m\u00e1s all\u00e1: paz, felicidad, libertad, amor\u2026<\/strong> Lo lograremos, supuesta la gracia de Dios, en la medida de nuestro empe\u00f1o y sacrificio, pues no hay resurrecci\u00f3n sin muerte ni victoria sin lucha.<\/p>\n<p>Que existe un m\u00e1s all\u00e1 es otra de las cosas que se desprenden del hecho de la Resurrecci\u00f3n del Se\u00f1or. La muerte no es nuestro destino final, pues hay un m\u00e1s all\u00e1, otra forma de vida, que un d\u00eda se nos ha de dar como ya se dio en Jesucristo (y en la Virgen de la Asunci\u00f3n). \u00a1\u00bfC\u00f3mo no exultar de gozo ante tan inimaginable acontecimiento, que nos llena de esperanza?! \u00a1\u00bfY c\u00f3mo no felicitarnos y, ante todo, felicitar a Jes\u00fas por su triunfo?!<\/p>\n<p>Por mi parte, al felicitarles a ustedes por la Resurrecci\u00f3n del Se\u00f1or, que es garant\u00eda y anticipo de la nuestra, les invito a vivir un vida renovada, llena de <strong>optimismo, con la mirada puesta en los valores del evangelio y \u201cde arriba\u201d<\/strong> (Col 3,1-4), y con el <strong>compromiso de trasformarnos y cambiar el mundo.\u00a0 \u00a1El Se\u00f1or ha resucitado, aleluya!<\/strong><\/p>\n","protected":false},"excerpt":{"rendered":"<p>Queridos amigos, Estamos en el d\u00eda m\u00e1s importante del a\u00f1o: Pascua de Resurrecci\u00f3n. Y \u00a1aleluya!, palabra hebrea que significa Gloria a Dios, es el grito de j\u00fabilo que nos sale incesante del coraz\u00f3n. Porque Jes\u00fas &#8230; <a href=\"http:\/\/vincentians.com\/es\/domingo-de-resurreccion-reflexion-de-antonio-elduayen-c-m-3\/\" class=\"more-link\">Read More<\/a><\/p>\n","protected":false},"author":4,"featured_media":388408,"comment_status":"open","ping_status":"open","sticky":false,"template":"","format":"standard","meta":{"jetpack_post_was_ever_published":false,"_jetpack_newsletter_access":"","_jetpack_dont_email_post_to_subs":false,"_jetpack_newsletter_tier_id":0,"_jetpack_memberships_contains_paywalled_content":false,"_jetpack_memberships_contains_paid_content":false,"footnotes":"","jetpack_publicize_message":"","jetpack_publicize_feature_enabled":true,"jetpack_social_post_already_shared":true,"jetpack_social_options":{"image_generator_settings":{"template":"highway","default_image_id":0,"font":"","enabled":false},"version":2}},"categories":[93],"tags":[],"class_list":["post-142786","post","type-post","status-publish","format-standard","has-post-thumbnail","hentry","category-homilias-y-reflexiones-ano-b"],"yoast_head":"<!-- This site is optimized with the Yoast SEO plugin v26.3 - https:\/\/yoast.com\/wordpress\/plugins\/seo\/ -->\n<title>Domingo de Resurrecci\u00f3n (reflexi\u00f3n de Antonio Elduayen, C.M.) - Somos Vicencianos<\/title>\n<meta name=\"robots\" content=\"index, follow, max-snippet:-1, max-image-preview:large, max-video-preview:-1\" \/>\n<link rel=\"canonical\" href=\"http:\/\/vincentians.com\/es\/domingo-de-resurreccion-reflexion-de-antonio-elduayen-c-m-3\/\" \/>\n<meta property=\"og:locale\" content=\"es_ES\" \/>\n<meta property=\"og:type\" content=\"article\" \/>\n<meta property=\"og:title\" content=\"Domingo de Resurrecci\u00f3n (reflexi\u00f3n de Antonio Elduayen, C.M.) - Somos Vicencianos\" \/>\n<meta property=\"og:description\" content=\"Queridos amigos, Estamos en el d\u00eda m\u00e1s importante del a\u00f1o: Pascua de Resurrecci\u00f3n. Y \u00a1aleluya!, palabra hebrea que significa Gloria a Dios, es el grito de j\u00fabilo que nos sale incesante del coraz\u00f3n. Porque Jes\u00fas ... Read More\" \/>\n<meta property=\"og:url\" content=\"http:\/\/vincentians.com\/es\/domingo-de-resurreccion-reflexion-de-antonio-elduayen-c-m-3\/\" \/>\n<meta property=\"og:site_name\" content=\"Somos Vicencianos\" \/>\n<meta property=\"article:publisher\" content=\"https:\/\/www.facebook.com\/WeAreVincentians\/\" \/>\n<meta property=\"article:author\" content=\"https:\/\/www.facebook.com\/JavierChento\" \/>\n<meta property=\"article:published_time\" content=\"2015-04-01T23:50:50+00:00\" \/>\n<meta property=\"article:modified_time\" content=\"2016-07-24T08:27:11+00:00\" \/>\n<meta property=\"og:image\" content=\"https:\/\/i0.wp.com\/vincentians.com\/es\/wp-content\/uploads\/sites\/11\/2016\/07\/reflexiones-palabra-de-dios.jpg?fit=1200%2C630\" \/>\n\t<meta property=\"og:image:width\" content=\"1200\" \/>\n\t<meta property=\"og:image:height\" content=\"630\" \/>\n\t<meta property=\"og:image:type\" content=\"image\/jpeg\" \/>\n<meta name=\"author\" content=\"Francisco Javier Fern\u00e1ndez Chento\" \/>\n<meta name=\"twitter:card\" content=\"summary_large_image\" \/>\n<meta name=\"twitter:creator\" content=\"@https:\/\/twitter.com\/javierchento\" \/>\n<meta name=\"twitter:site\" content=\"@WeVincentians\" \/>\n<meta name=\"twitter:label1\" content=\"Escrito por\" \/>\n\t<meta name=\"twitter:data1\" content=\"Francisco Javier Fern\u00e1ndez Chento\" \/>\n\t<meta name=\"twitter:label2\" content=\"Tiempo de lectura\" \/>\n\t<meta name=\"twitter:data2\" content=\"2 minutos\" \/>\n<script type=\"application\/ld+json\" class=\"yoast-schema-graph\">{\"@context\":\"https:\/\/schema.org\",\"@graph\":[{\"@type\":\"Article\",\"@id\":\"http:\/\/vincentians.com\/es\/domingo-de-resurreccion-reflexion-de-antonio-elduayen-c-m-3\/#article\",\"isPartOf\":{\"@id\":\"http:\/\/vincentians.com\/es\/domingo-de-resurreccion-reflexion-de-antonio-elduayen-c-m-3\/\"},\"author\":{\"name\":\"Francisco Javier Fern\u00e1ndez Chento\",\"@id\":\"http:\/\/vincentians.com\/es\/#\/schema\/person\/9623ef4d9aa3b2dfb8c061f1499288f2\"},\"headline\":\"Domingo de Resurrecci\u00f3n (reflexi\u00f3n de Antonio Elduayen, C.M.)\",\"datePublished\":\"2015-04-01T23:50:50+00:00\",\"dateModified\":\"2016-07-24T08:27:11+00:00\",\"mainEntityOfPage\":{\"@id\":\"http:\/\/vincentians.com\/es\/domingo-de-resurreccion-reflexion-de-antonio-elduayen-c-m-3\/\"},\"wordCount\":509,\"commentCount\":0,\"publisher\":{\"@id\":\"http:\/\/vincentians.com\/es\/#organization\"},\"image\":{\"@id\":\"http:\/\/vincentians.com\/es\/domingo-de-resurreccion-reflexion-de-antonio-elduayen-c-m-3\/#primaryimage\"},\"thumbnailUrl\":\"https:\/\/i0.wp.com\/vincentians.com\/es\/wp-content\/uploads\/sites\/11\/2016\/07\/reflexiones-palabra-de-dios.jpg?fit=1200%2C630\",\"articleSection\":[\"Homil\u00edas y reflexiones, A\u00f1o B\"],\"inLanguage\":\"es\",\"potentialAction\":[{\"@type\":\"CommentAction\",\"name\":\"Comment\",\"target\":[\"http:\/\/vincentians.com\/es\/domingo-de-resurreccion-reflexion-de-antonio-elduayen-c-m-3\/#respond\"]}]},{\"@type\":\"WebPage\",\"@id\":\"http:\/\/vincentians.com\/es\/domingo-de-resurreccion-reflexion-de-antonio-elduayen-c-m-3\/\",\"url\":\"http:\/\/vincentians.com\/es\/domingo-de-resurreccion-reflexion-de-antonio-elduayen-c-m-3\/\",\"name\":\"Domingo de Resurrecci\u00f3n (reflexi\u00f3n de Antonio Elduayen, C.M.) - Somos Vicencianos\",\"isPartOf\":{\"@id\":\"http:\/\/vincentians.com\/es\/#website\"},\"primaryImageOfPage\":{\"@id\":\"http:\/\/vincentians.com\/es\/domingo-de-resurreccion-reflexion-de-antonio-elduayen-c-m-3\/#primaryimage\"},\"image\":{\"@id\":\"http:\/\/vincentians.com\/es\/domingo-de-resurreccion-reflexion-de-antonio-elduayen-c-m-3\/#primaryimage\"},\"thumbnailUrl\":\"https:\/\/i0.wp.com\/vincentians.com\/es\/wp-content\/uploads\/sites\/11\/2016\/07\/reflexiones-palabra-de-dios.jpg?fit=1200%2C630\",\"datePublished\":\"2015-04-01T23:50:50+00:00\",\"dateModified\":\"2016-07-24T08:27:11+00:00\",\"breadcrumb\":{\"@id\":\"http:\/\/vincentians.com\/es\/domingo-de-resurreccion-reflexion-de-antonio-elduayen-c-m-3\/#breadcrumb\"},\"inLanguage\":\"es\",\"potentialAction\":[{\"@type\":\"ReadAction\",\"target\":[\"http:\/\/vincentians.com\/es\/domingo-de-resurreccion-reflexion-de-antonio-elduayen-c-m-3\/\"]}]},{\"@type\":\"ImageObject\",\"inLanguage\":\"es\",\"@id\":\"http:\/\/vincentians.com\/es\/domingo-de-resurreccion-reflexion-de-antonio-elduayen-c-m-3\/#primaryimage\",\"url\":\"https:\/\/i0.wp.com\/vincentians.com\/es\/wp-content\/uploads\/sites\/11\/2016\/07\/reflexiones-palabra-de-dios.jpg?fit=1200%2C630\",\"contentUrl\":\"https:\/\/i0.wp.com\/vincentians.com\/es\/wp-content\/uploads\/sites\/11\/2016\/07\/reflexiones-palabra-de-dios.jpg?fit=1200%2C630\",\"width\":1200,\"height\":630},{\"@type\":\"BreadcrumbList\",\"@id\":\"http:\/\/vincentians.com\/es\/domingo-de-resurreccion-reflexion-de-antonio-elduayen-c-m-3\/#breadcrumb\",\"itemListElement\":[{\"@type\":\"ListItem\",\"position\":1,\"name\":\"Portada\",\"item\":\"http:\/\/vincentians.com\/es\/\"},{\"@type\":\"ListItem\",\"position\":2,\"name\":\"Domingo de Resurrecci\u00f3n (reflexi\u00f3n de Antonio Elduayen, C.M.)\"}]},{\"@type\":\"WebSite\",\"@id\":\"http:\/\/vincentians.com\/es\/#website\",\"url\":\"http:\/\/vincentians.com\/es\/\",\"name\":\"Somos Vicencianos\",\"description\":\"Know more to serve more\",\"publisher\":{\"@id\":\"http:\/\/vincentians.com\/es\/#organization\"},\"potentialAction\":[{\"@type\":\"SearchAction\",\"target\":{\"@type\":\"EntryPoint\",\"urlTemplate\":\"http:\/\/vincentians.com\/es\/?s={search_term_string}\"},\"query-input\":{\"@type\":\"PropertyValueSpecification\",\"valueRequired\":true,\"valueName\":\"search_term_string\"}}],\"inLanguage\":\"es\"},{\"@type\":\"Organization\",\"@id\":\"http:\/\/vincentians.com\/es\/#organization\",\"name\":\"The Vincentian Network\",\"url\":\"http:\/\/vincentians.com\/es\/\",\"logo\":{\"@type\":\"ImageObject\",\"inLanguage\":\"es\",\"@id\":\"http:\/\/vincentians.com\/es\/#\/schema\/logo\/image\/\",\"url\":\"https:\/\/i1.wp.com\/vincentians.com\/es\/wp-content\/uploads\/sites\/11\/2016\/06\/Vincentian-Network-logo-big.png?fit=778%2C778\",\"contentUrl\":\"https:\/\/i1.wp.com\/vincentians.com\/es\/wp-content\/uploads\/sites\/11\/2016\/06\/Vincentian-Network-logo-big.png?fit=778%2C778\",\"width\":778,\"height\":778,\"caption\":\"The Vincentian Network\"},\"image\":{\"@id\":\"http:\/\/vincentians.com\/es\/#\/schema\/logo\/image\/\"},\"sameAs\":[\"https:\/\/www.facebook.com\/WeAreVincentians\/\",\"https:\/\/x.com\/WeVincentians\"]},{\"@type\":\"Person\",\"@id\":\"http:\/\/vincentians.com\/es\/#\/schema\/person\/9623ef4d9aa3b2dfb8c061f1499288f2\",\"name\":\"Francisco Javier Fern\u00e1ndez Chento\",\"image\":{\"@type\":\"ImageObject\",\"inLanguage\":\"es\",\"@id\":\"http:\/\/vincentians.com\/es\/#\/schema\/person\/image\/\",\"url\":\"https:\/\/secure.gravatar.com\/avatar\/497d5cde87b4c3d097d0315953521681ba2cd523ee66e5077c3711f7021e65de?s=96&d=mm&r=g\",\"contentUrl\":\"https:\/\/secure.gravatar.com\/avatar\/497d5cde87b4c3d097d0315953521681ba2cd523ee66e5077c3711f7021e65de?s=96&d=mm&r=g\",\"caption\":\"Francisco Javier Fern\u00e1ndez Chento\"},\"description\":\"Director General y cofundador de La Red de Formaci\u00f3n Vicenciana. Javier es laico vicenciano, afiliado a la Congregaci\u00f3n de la Misi\u00f3n y miembro del Equipo de Misiones Populares de la provincia can\u00f3nica de Zaragoza (Espa\u00f1a) de la Congregaci\u00f3n de la Misi\u00f3n. Graduado en la Universidad Oberta de Catalunya con cuatro grados (Asistente de direcci\u00f3n, Gesti\u00f3n Administrativa, Recursos Humanos y Contabilidad Avanzada). Bil\u00edng\u00fce Espa\u00f1ol\/Ingl\u00e9s. gestiona y mantiene varias p\u00e1ginas web cristianas y vicencianas, incluida including La Red de Formaci\u00f3n Vicenciana, de la que es cofundador. Actualmente es responsable del \u00e1rea de Espa\u00f1ol de .famvin, la Red de Noticias de la Familia Vicenciana. Tambi\u00e9n es m\u00fasico cat\u00f3lico y ha editado varios discos. Es Director General y cofundador de Trovador, una reconocida compa\u00f1\u00eda discogr\u00e1fica critiana de Espa\u00f1a. Trabaja en las Tecnolog\u00edas de la Informaci\u00f3n, ofreciendo servicios de alojamiento, dise\u00f1o y mantenimiento Web, as\u00ed como asesoramiento, formaci\u00f3n y soluciones inform\u00e1ticas, gesti\u00f3n documental y digitalizaci\u00f3n de textos, edici\u00f3n y maquetaci\u00f3n de libros, revistas, flyers, etc.\",\"sameAs\":[\"http:\/\/chento.org\",\"https:\/\/www.facebook.com\/JavierChento\",\"https:\/\/x.com\/https:\/\/twitter.com\/javierchento\"],\"url\":\"http:\/\/vincentians.com\/es\/author\/chento\/\"}]}<\/script>\n<!-- \/ Yoast SEO plugin. -->","yoast_head_json":{"title":"Domingo de Resurrecci\u00f3n (reflexi\u00f3n de Antonio Elduayen, C.M.) - Somos Vicencianos","robots":{"index":"index","follow":"follow","max-snippet":"max-snippet:-1","max-image-preview":"max-image-preview:large","max-video-preview":"max-video-preview:-1"},"canonical":"http:\/\/vincentians.com\/es\/domingo-de-resurreccion-reflexion-de-antonio-elduayen-c-m-3\/","og_locale":"es_ES","og_type":"article","og_title":"Domingo de Resurrecci\u00f3n (reflexi\u00f3n de Antonio Elduayen, C.M.) - Somos Vicencianos","og_description":"Queridos amigos, Estamos en el d\u00eda m\u00e1s importante del a\u00f1o: Pascua de Resurrecci\u00f3n. Y \u00a1aleluya!, palabra hebrea que significa Gloria a Dios, es el grito de j\u00fabilo que nos sale incesante del coraz\u00f3n. Porque Jes\u00fas ... Read More","og_url":"http:\/\/vincentians.com\/es\/domingo-de-resurreccion-reflexion-de-antonio-elduayen-c-m-3\/","og_site_name":"Somos Vicencianos","article_publisher":"https:\/\/www.facebook.com\/WeAreVincentians\/","article_author":"https:\/\/www.facebook.com\/JavierChento","article_published_time":"2015-04-01T23:50:50+00:00","article_modified_time":"2016-07-24T08:27:11+00:00","og_image":[{"width":1200,"height":630,"url":"https:\/\/i0.wp.com\/vincentians.com\/es\/wp-content\/uploads\/sites\/11\/2016\/07\/reflexiones-palabra-de-dios.jpg?fit=1200%2C630","type":"image\/jpeg"}],"author":"Francisco Javier Fern\u00e1ndez Chento","twitter_card":"summary_large_image","twitter_creator":"@https:\/\/twitter.com\/javierchento","twitter_site":"@WeVincentians","twitter_misc":{"Escrito por":"Francisco Javier Fern\u00e1ndez Chento","Tiempo de lectura":"2 minutos"},"schema":{"@context":"https:\/\/schema.org","@graph":[{"@type":"Article","@id":"http:\/\/vincentians.com\/es\/domingo-de-resurreccion-reflexion-de-antonio-elduayen-c-m-3\/#article","isPartOf":{"@id":"http:\/\/vincentians.com\/es\/domingo-de-resurreccion-reflexion-de-antonio-elduayen-c-m-3\/"},"author":{"name":"Francisco Javier Fern\u00e1ndez Chento","@id":"http:\/\/vincentians.com\/es\/#\/schema\/person\/9623ef4d9aa3b2dfb8c061f1499288f2"},"headline":"Domingo de Resurrecci\u00f3n (reflexi\u00f3n de Antonio Elduayen, C.M.)","datePublished":"2015-04-01T23:50:50+00:00","dateModified":"2016-07-24T08:27:11+00:00","mainEntityOfPage":{"@id":"http:\/\/vincentians.com\/es\/domingo-de-resurreccion-reflexion-de-antonio-elduayen-c-m-3\/"},"wordCount":509,"commentCount":0,"publisher":{"@id":"http:\/\/vincentians.com\/es\/#organization"},"image":{"@id":"http:\/\/vincentians.com\/es\/domingo-de-resurreccion-reflexion-de-antonio-elduayen-c-m-3\/#primaryimage"},"thumbnailUrl":"https:\/\/i0.wp.com\/vincentians.com\/es\/wp-content\/uploads\/sites\/11\/2016\/07\/reflexiones-palabra-de-dios.jpg?fit=1200%2C630","articleSection":["Homil\u00edas y reflexiones, A\u00f1o B"],"inLanguage":"es","potentialAction":[{"@type":"CommentAction","name":"Comment","target":["http:\/\/vincentians.com\/es\/domingo-de-resurreccion-reflexion-de-antonio-elduayen-c-m-3\/#respond"]}]},{"@type":"WebPage","@id":"http:\/\/vincentians.com\/es\/domingo-de-resurreccion-reflexion-de-antonio-elduayen-c-m-3\/","url":"http:\/\/vincentians.com\/es\/domingo-de-resurreccion-reflexion-de-antonio-elduayen-c-m-3\/","name":"Domingo de Resurrecci\u00f3n (reflexi\u00f3n de Antonio Elduayen, C.M.) - Somos Vicencianos","isPartOf":{"@id":"http:\/\/vincentians.com\/es\/#website"},"primaryImageOfPage":{"@id":"http:\/\/vincentians.com\/es\/domingo-de-resurreccion-reflexion-de-antonio-elduayen-c-m-3\/#primaryimage"},"image":{"@id":"http:\/\/vincentians.com\/es\/domingo-de-resurreccion-reflexion-de-antonio-elduayen-c-m-3\/#primaryimage"},"thumbnailUrl":"https:\/\/i0.wp.com\/vincentians.com\/es\/wp-content\/uploads\/sites\/11\/2016\/07\/reflexiones-palabra-de-dios.jpg?fit=1200%2C630","datePublished":"2015-04-01T23:50:50+00:00","dateModified":"2016-07-24T08:27:11+00:00","breadcrumb":{"@id":"http:\/\/vincentians.com\/es\/domingo-de-resurreccion-reflexion-de-antonio-elduayen-c-m-3\/#breadcrumb"},"inLanguage":"es","potentialAction":[{"@type":"ReadAction","target":["http:\/\/vincentians.com\/es\/domingo-de-resurreccion-reflexion-de-antonio-elduayen-c-m-3\/"]}]},{"@type":"ImageObject","inLanguage":"es","@id":"http:\/\/vincentians.com\/es\/domingo-de-resurreccion-reflexion-de-antonio-elduayen-c-m-3\/#primaryimage","url":"https:\/\/i0.wp.com\/vincentians.com\/es\/wp-content\/uploads\/sites\/11\/2016\/07\/reflexiones-palabra-de-dios.jpg?fit=1200%2C630","contentUrl":"https:\/\/i0.wp.com\/vincentians.com\/es\/wp-content\/uploads\/sites\/11\/2016\/07\/reflexiones-palabra-de-dios.jpg?fit=1200%2C630","width":1200,"height":630},{"@type":"BreadcrumbList","@id":"http:\/\/vincentians.com\/es\/domingo-de-resurreccion-reflexion-de-antonio-elduayen-c-m-3\/#breadcrumb","itemListElement":[{"@type":"ListItem","position":1,"name":"Portada","item":"http:\/\/vincentians.com\/es\/"},{"@type":"ListItem","position":2,"name":"Domingo de Resurrecci\u00f3n (reflexi\u00f3n de Antonio Elduayen, C.M.)"}]},{"@type":"WebSite","@id":"http:\/\/vincentians.com\/es\/#website","url":"http:\/\/vincentians.com\/es\/","name":"Somos Vicencianos","description":"Know more to serve more","publisher":{"@id":"http:\/\/vincentians.com\/es\/#organization"},"potentialAction":[{"@type":"SearchAction","target":{"@type":"EntryPoint","urlTemplate":"http:\/\/vincentians.com\/es\/?s={search_term_string}"},"query-input":{"@type":"PropertyValueSpecification","valueRequired":true,"valueName":"search_term_string"}}],"inLanguage":"es"},{"@type":"Organization","@id":"http:\/\/vincentians.com\/es\/#organization","name":"The Vincentian Network","url":"http:\/\/vincentians.com\/es\/","logo":{"@type":"ImageObject","inLanguage":"es","@id":"http:\/\/vincentians.com\/es\/#\/schema\/logo\/image\/","url":"https:\/\/i1.wp.com\/vincentians.com\/es\/wp-content\/uploads\/sites\/11\/2016\/06\/Vincentian-Network-logo-big.png?fit=778%2C778","contentUrl":"https:\/\/i1.wp.com\/vincentians.com\/es\/wp-content\/uploads\/sites\/11\/2016\/06\/Vincentian-Network-logo-big.png?fit=778%2C778","width":778,"height":778,"caption":"The Vincentian Network"},"image":{"@id":"http:\/\/vincentians.com\/es\/#\/schema\/logo\/image\/"},"sameAs":["https:\/\/www.facebook.com\/WeAreVincentians\/","https:\/\/x.com\/WeVincentians"]},{"@type":"Person","@id":"http:\/\/vincentians.com\/es\/#\/schema\/person\/9623ef4d9aa3b2dfb8c061f1499288f2","name":"Francisco Javier Fern\u00e1ndez Chento","image":{"@type":"ImageObject","inLanguage":"es","@id":"http:\/\/vincentians.com\/es\/#\/schema\/person\/image\/","url":"https:\/\/secure.gravatar.com\/avatar\/497d5cde87b4c3d097d0315953521681ba2cd523ee66e5077c3711f7021e65de?s=96&d=mm&r=g","contentUrl":"https:\/\/secure.gravatar.com\/avatar\/497d5cde87b4c3d097d0315953521681ba2cd523ee66e5077c3711f7021e65de?s=96&d=mm&r=g","caption":"Francisco Javier Fern\u00e1ndez Chento"},"description":"Director General y cofundador de La Red de Formaci\u00f3n Vicenciana. Javier es laico vicenciano, afiliado a la Congregaci\u00f3n de la Misi\u00f3n y miembro del Equipo de Misiones Populares de la provincia can\u00f3nica de Zaragoza (Espa\u00f1a) de la Congregaci\u00f3n de la Misi\u00f3n. Graduado en la Universidad Oberta de Catalunya con cuatro grados (Asistente de direcci\u00f3n, Gesti\u00f3n Administrativa, Recursos Humanos y Contabilidad Avanzada). Bil\u00edng\u00fce Espa\u00f1ol\/Ingl\u00e9s. gestiona y mantiene varias p\u00e1ginas web cristianas y vicencianas, incluida including La Red de Formaci\u00f3n Vicenciana, de la que es cofundador. Actualmente es responsable del \u00e1rea de Espa\u00f1ol de .famvin, la Red de Noticias de la Familia Vicenciana. Tambi\u00e9n es m\u00fasico cat\u00f3lico y ha editado varios discos. Es Director General y cofundador de Trovador, una reconocida compa\u00f1\u00eda discogr\u00e1fica critiana de Espa\u00f1a. Trabaja en las Tecnolog\u00edas de la Informaci\u00f3n, ofreciendo servicios de alojamiento, dise\u00f1o y mantenimiento Web, as\u00ed como asesoramiento, formaci\u00f3n y soluciones inform\u00e1ticas, gesti\u00f3n documental y digitalizaci\u00f3n de textos, edici\u00f3n y maquetaci\u00f3n de libros, revistas, flyers, etc.","sameAs":["http:\/\/chento.org","https:\/\/www.facebook.com\/JavierChento","https:\/\/x.com\/https:\/\/twitter.com\/javierchento"],"url":"http:\/\/vincentians.com\/es\/author\/chento\/"}]}},"jetpack_publicize_connections":[],"jetpack_featured_media_url":"https:\/\/i0.wp.com\/vincentians.com\/es\/wp-content\/uploads\/sites\/11\/2016\/07\/reflexiones-palabra-de-dios.jpg?fit=1200%2C630","jetpack_sharing_enabled":true,"jetpack_shortlink":"https:\/\/wp.me\/p7ETMF-B90","jetpack-related-posts":[{"id":136970,"url":"http:\/\/vincentians.com\/es\/ciclo-a-domingo-de-resurreccion-reflexion-de-antonio-elduayen-c-m\/","url_meta":{"origin":142786,"position":0},"title":"Ciclo A, Domingo de Resurrecci\u00f3n (reflexi\u00f3n de Antonio Elduayen, C.M.)","author":"Francisco Javier Fern\u00e1ndez Chento","date":"22\/04\/2011","format":false,"excerpt":"Queridos amigos En esta noche\u00a0\u00a1JESUCRISTO RESUCITO\u2026! Muchos de nosotros le hemos acompa\u00f1ado en Vigilia Pascual, en vigilante espera, hasta que de repente se hizo la luz y todo fue alegr\u00eda, canto, palmas, abrazos\u2026\u00a0\u00a1ALELUYA!, es la palabra que m\u00e1s hemos repetido. En hebreo quiere decir \u00a1Alaben a Yav\u00e9!, y es como\u2026","rel":"","context":"En \u00abHomil\u00edas y reflexiones, A\u00f1o A\u00bb","block_context":{"text":"Homil\u00edas y reflexiones, A\u00f1o A","link":"http:\/\/vincentians.com\/es\/category\/homilias-y-reflexiones-a-la-palabra-de-dios\/homilias-y-reflexiones-ano-a\/"},"img":{"alt_text":"","src":"https:\/\/i0.wp.com\/vincentians.com\/es\/wp-content\/uploads\/sites\/11\/2016\/07\/reflexiones-palabra-de-dios.jpg?fit=1200%2C630&resize=350%2C200","width":350,"height":200,"srcset":"https:\/\/i0.wp.com\/vincentians.com\/es\/wp-content\/uploads\/sites\/11\/2016\/07\/reflexiones-palabra-de-dios.jpg?fit=1200%2C630&resize=350%2C200 1x, https:\/\/i0.wp.com\/vincentians.com\/es\/wp-content\/uploads\/sites\/11\/2016\/07\/reflexiones-palabra-de-dios.jpg?fit=1200%2C630&resize=525%2C300 1.5x, https:\/\/i0.wp.com\/vincentians.com\/es\/wp-content\/uploads\/sites\/11\/2016\/07\/reflexiones-palabra-de-dios.jpg?fit=1200%2C630&resize=700%2C400 2x, https:\/\/i0.wp.com\/vincentians.com\/es\/wp-content\/uploads\/sites\/11\/2016\/07\/reflexiones-palabra-de-dios.jpg?fit=1200%2C630&resize=1050%2C600 3x"},"classes":[]},{"id":135850,"url":"http:\/\/vincentians.com\/es\/domingo-de-resurreccion-reflexion-de-antonio-elduayen-c-m\/","url_meta":{"origin":142786,"position":1},"title":"Domingo de Resurrecci\u00f3n (reflexi\u00f3n de Antonio Elduayen, C.M.)","author":"Francisco Javier Fern\u00e1ndez Chento","date":"30\/03\/2013","format":false,"excerpt":"Queridos amigos Estamos en el d\u00eda m\u00e1s importante del a\u00f1o, Pascua de Resurrecci\u00f3n. Y \u00a1aleluya!, palabra hebrea que significa Gloria a Dios, es el grito de j\u00fabilo que nos sale incesante del coraz\u00f3n, porque Jes\u00fas ha resucitado. Alguien que estaba muerto -\u00a1y qu\u00e9 muerte!- y enterrado de tres d\u00edas, resucit\u00f3.\u2026","rel":"","context":"En \u00abHomil\u00edas y reflexiones, A\u00f1o C\u00bb","block_context":{"text":"Homil\u00edas y reflexiones, A\u00f1o C","link":"http:\/\/vincentians.com\/es\/category\/homilias-y-reflexiones-a-la-palabra-de-dios\/homilias-y-reflexiones-ano-c\/"},"img":{"alt_text":"","src":"https:\/\/i0.wp.com\/vincentians.com\/es\/wp-content\/uploads\/sites\/11\/2016\/07\/reflexiones-palabra-de-dios.jpg?fit=1200%2C630&resize=350%2C200","width":350,"height":200,"srcset":"https:\/\/i0.wp.com\/vincentians.com\/es\/wp-content\/uploads\/sites\/11\/2016\/07\/reflexiones-palabra-de-dios.jpg?fit=1200%2C630&resize=350%2C200 1x, https:\/\/i0.wp.com\/vincentians.com\/es\/wp-content\/uploads\/sites\/11\/2016\/07\/reflexiones-palabra-de-dios.jpg?fit=1200%2C630&resize=525%2C300 1.5x, https:\/\/i0.wp.com\/vincentians.com\/es\/wp-content\/uploads\/sites\/11\/2016\/07\/reflexiones-palabra-de-dios.jpg?fit=1200%2C630&resize=700%2C400 2x, https:\/\/i0.wp.com\/vincentians.com\/es\/wp-content\/uploads\/sites\/11\/2016\/07\/reflexiones-palabra-de-dios.jpg?fit=1200%2C630&resize=1050%2C600 3x"},"classes":[]},{"id":135851,"url":"http:\/\/vincentians.com\/es\/domingo-de-resurreccion-reflexion-de-jose-cervantes-gabarron\/","url_meta":{"origin":142786,"position":2},"title":"Domingo de Resurrecci\u00f3n (reflexi\u00f3n de Jos\u00e9 Cervantes Gabarr\u00f3n)","author":"Francisco Javier Fern\u00e1ndez Chento","date":"30\/03\/2013","format":false,"excerpt":"Exulten por el Resucitado Jos\u00e9 Cervantes Gabarr\u00f3n, sacerdote misionero y profesor de Sagrada Escritura.En el preg\u00f3n pascual resuena como una aut\u00e9ntica explosi\u00f3n de alegr\u00eda y j\u00fabilo su primera palabra: \u201cExulten\u201d. Con ella el pregonero de las fiestas de Pascua marca la actitud fundamental que debe llenar el coraz\u00f3n de los\u2026","rel":"","context":"En \u00abHomil\u00edas y reflexiones, A\u00f1o C\u00bb","block_context":{"text":"Homil\u00edas y reflexiones, A\u00f1o C","link":"http:\/\/vincentians.com\/es\/category\/homilias-y-reflexiones-a-la-palabra-de-dios\/homilias-y-reflexiones-ano-c\/"},"img":{"alt_text":"","src":"https:\/\/i0.wp.com\/vincentians.com\/es\/wp-content\/uploads\/sites\/11\/2016\/07\/reflexiones-palabra-de-dios.jpg?fit=1200%2C630&resize=350%2C200","width":350,"height":200,"srcset":"https:\/\/i0.wp.com\/vincentians.com\/es\/wp-content\/uploads\/sites\/11\/2016\/07\/reflexiones-palabra-de-dios.jpg?fit=1200%2C630&resize=350%2C200 1x, https:\/\/i0.wp.com\/vincentians.com\/es\/wp-content\/uploads\/sites\/11\/2016\/07\/reflexiones-palabra-de-dios.jpg?fit=1200%2C630&resize=525%2C300 1.5x, https:\/\/i0.wp.com\/vincentians.com\/es\/wp-content\/uploads\/sites\/11\/2016\/07\/reflexiones-palabra-de-dios.jpg?fit=1200%2C630&resize=700%2C400 2x, https:\/\/i0.wp.com\/vincentians.com\/es\/wp-content\/uploads\/sites\/11\/2016\/07\/reflexiones-palabra-de-dios.jpg?fit=1200%2C630&resize=1050%2C600 3x"},"classes":[]},{"id":136984,"url":"http:\/\/vincentians.com\/es\/domingo-de-resurreccion-reflexion-de-jose-roman-flecha-2\/","url_meta":{"origin":142786,"position":3},"title":"Domingo de Resurrecci\u00f3n (reflexi\u00f3n de Jos\u00e9 Rom\u00e1n Flecha)","author":"Francisco Javier Fern\u00e1ndez Chento","date":"16\/04\/2014","format":false,"excerpt":"FIESTA DE LA LUZ Solemnidad de la Pascua. A 20 de abril de 2014 \u201cHay cristianos cuya opci\u00f3n parece ser la de una cuaresma sin Pascua\u201d. As\u00ed ha escrito el Papa Francisco en su exhortaci\u00f3n La Alegr\u00eda del Evangelio (n.6). La Cuaresma nos ha ido preparando para aceptar la cruz\u2026","rel":"","context":"En \u00abHomil\u00edas y reflexiones, A\u00f1o A\u00bb","block_context":{"text":"Homil\u00edas y reflexiones, A\u00f1o A","link":"http:\/\/vincentians.com\/es\/category\/homilias-y-reflexiones-a-la-palabra-de-dios\/homilias-y-reflexiones-ano-a\/"},"img":{"alt_text":"","src":"https:\/\/i0.wp.com\/vincentians.com\/es\/wp-content\/uploads\/sites\/11\/2016\/07\/reflexiones-palabra-de-dios.jpg?fit=1200%2C630&resize=350%2C200","width":350,"height":200,"srcset":"https:\/\/i0.wp.com\/vincentians.com\/es\/wp-content\/uploads\/sites\/11\/2016\/07\/reflexiones-palabra-de-dios.jpg?fit=1200%2C630&resize=350%2C200 1x, https:\/\/i0.wp.com\/vincentians.com\/es\/wp-content\/uploads\/sites\/11\/2016\/07\/reflexiones-palabra-de-dios.jpg?fit=1200%2C630&resize=525%2C300 1.5x, https:\/\/i0.wp.com\/vincentians.com\/es\/wp-content\/uploads\/sites\/11\/2016\/07\/reflexiones-palabra-de-dios.jpg?fit=1200%2C630&resize=700%2C400 2x, https:\/\/i0.wp.com\/vincentians.com\/es\/wp-content\/uploads\/sites\/11\/2016\/07\/reflexiones-palabra-de-dios.jpg?fit=1200%2C630&resize=1050%2C600 3x"},"classes":[]},{"id":142737,"url":"http:\/\/vincentians.com\/es\/domingo-de-resurreccion-reflexion-de-jose-antonio-pagola-4\/","url_meta":{"origin":142786,"position":4},"title":"Domingo de Resurrecci\u00f3n (reflexi\u00f3n de Jos\u00e9 Antonio Pagola)","author":"Francisco Javier Fern\u00e1ndez Chento","date":"30\/03\/2015","format":false,"excerpt":"Id a Galilea. All\u00ed lo ver\u00e9is El relato evang\u00e9lico que se lee en la noche pascual es de una importancia excepcional. No solo se anuncia la gran noticia de que el crucificado ha sido resucitado por Dios. Se nos indica, adem\u00e1s, el camino que hemos de recorrer para verlo y\u2026","rel":"","context":"En \u00abHomil\u00edas y reflexiones, A\u00f1o B\u00bb","block_context":{"text":"Homil\u00edas y reflexiones, A\u00f1o B","link":"http:\/\/vincentians.com\/es\/category\/homilias-y-reflexiones-a-la-palabra-de-dios\/homilias-y-reflexiones-ano-b\/"},"img":{"alt_text":"","src":"https:\/\/i0.wp.com\/vincentians.com\/es\/wp-content\/uploads\/sites\/11\/2016\/07\/reflexiones-pagola.jpg?fit=1200%2C630&resize=350%2C200","width":350,"height":200,"srcset":"https:\/\/i0.wp.com\/vincentians.com\/es\/wp-content\/uploads\/sites\/11\/2016\/07\/reflexiones-pagola.jpg?fit=1200%2C630&resize=350%2C200 1x, https:\/\/i0.wp.com\/vincentians.com\/es\/wp-content\/uploads\/sites\/11\/2016\/07\/reflexiones-pagola.jpg?fit=1200%2C630&resize=525%2C300 1.5x, https:\/\/i0.wp.com\/vincentians.com\/es\/wp-content\/uploads\/sites\/11\/2016\/07\/reflexiones-pagola.jpg?fit=1200%2C630&resize=700%2C400 2x, https:\/\/i0.wp.com\/vincentians.com\/es\/wp-content\/uploads\/sites\/11\/2016\/07\/reflexiones-pagola.jpg?fit=1200%2C630&resize=1050%2C600 3x"},"classes":[]},{"id":135847,"url":"http:\/\/vincentians.com\/es\/lectio-divina-para-domingo-de-resurreccion-preparada-por-chuno-chavez-alva-c-m\/","url_meta":{"origin":142786,"position":5},"title":"Lectio Divina para Domingo de Resurrecci\u00f3n (preparada por Chuno Ch\u00e1vez Alva, C.M.)","author":"Francisco Javier Fern\u00e1ndez Chento","date":"25\/03\/2013","format":false,"excerpt":"LA PALABRA HOY: Hechos Ap\u00f3stoles 10, 34a.37-43; Salmo 117; Colosenses 3,1-4; Juan 20, 1-9. Ambientaci\u00f3n: Un cirio, rodeado de flores, imagen del Resucitado, frase: \u201c\u00a1Ha resucitado!\u201d. Una vela por participante Cantos sugeridos: Alegre la ma\u00f1ana; Resucit\u00f3; Haces nuevas todas las cosas Ambientaci\u00f3n Todas las lecturas de hoy se hacen eco\u2026","rel":"","context":"En \u00abHomil\u00edas y reflexiones, A\u00f1o C\u00bb","block_context":{"text":"Homil\u00edas y reflexiones, A\u00f1o C","link":"http:\/\/vincentians.com\/es\/category\/homilias-y-reflexiones-a-la-palabra-de-dios\/homilias-y-reflexiones-ano-c\/"},"img":{"alt_text":"","src":"https:\/\/i0.wp.com\/vincentians.com\/es\/wp-content\/uploads\/sites\/11\/2016\/07\/reflexiones-palabra-de-dios.jpg?fit=1200%2C630&resize=350%2C200","width":350,"height":200,"srcset":"https:\/\/i0.wp.com\/vincentians.com\/es\/wp-content\/uploads\/sites\/11\/2016\/07\/reflexiones-palabra-de-dios.jpg?fit=1200%2C630&resize=350%2C200 1x, https:\/\/i0.wp.com\/vincentians.com\/es\/wp-content\/uploads\/sites\/11\/2016\/07\/reflexiones-palabra-de-dios.jpg?fit=1200%2C630&resize=525%2C300 1.5x, https:\/\/i0.wp.com\/vincentians.com\/es\/wp-content\/uploads\/sites\/11\/2016\/07\/reflexiones-palabra-de-dios.jpg?fit=1200%2C630&resize=700%2C400 2x, https:\/\/i0.wp.com\/vincentians.com\/es\/wp-content\/uploads\/sites\/11\/2016\/07\/reflexiones-palabra-de-dios.jpg?fit=1200%2C630&resize=1050%2C600 3x"},"classes":[]}],"_links":{"self":[{"href":"http:\/\/vincentians.com\/es\/wp-json\/wp\/v2\/posts\/142786","targetHints":{"allow":["GET"]}}],"collection":[{"href":"http:\/\/vincentians.com\/es\/wp-json\/wp\/v2\/posts"}],"about":[{"href":"http:\/\/vincentians.com\/es\/wp-json\/wp\/v2\/types\/post"}],"author":[{"embeddable":true,"href":"http:\/\/vincentians.com\/es\/wp-json\/wp\/v2\/users\/4"}],"replies":[{"embeddable":true,"href":"http:\/\/vincentians.com\/es\/wp-json\/wp\/v2\/comments?post=142786"}],"version-history":[{"count":0,"href":"http:\/\/vincentians.com\/es\/wp-json\/wp\/v2\/posts\/142786\/revisions"}],"wp:featuredmedia":[{"embeddable":true,"href":"http:\/\/vincentians.com\/es\/wp-json\/wp\/v2\/media\/388408"}],"wp:attachment":[{"href":"http:\/\/vincentians.com\/es\/wp-json\/wp\/v2\/media?parent=142786"}],"wp:term":[{"taxonomy":"category","embeddable":true,"href":"http:\/\/vincentians.com\/es\/wp-json\/wp\/v2\/categories?post=142786"},{"taxonomy":"post_tag","embeddable":true,"href":"http:\/\/vincentians.com\/es\/wp-json\/wp\/v2\/tags?post=142786"}],"curies":[{"name":"wp","href":"https:\/\/api.w.org\/{rel}","templated":true}]}}